{"id":95413,"date":"2024-06-25T13:57:54","date_gmt":"2024-06-25T15:57:54","guid":{"rendered":"http:\/\/pre.boxrepsol.com\/sin-categorizar\/horarios-y-como-ver-el-motogp-de-holanda\/"},"modified":"2025-06-25T07:57:47","modified_gmt":"2025-06-25T09:57:47","slug":"horarios-y-como-ver-el-motogp-de-holanda","status":"publish","type":"post","link":"https:\/\/www.boxrepsol.com\/es\/motogp\/horarios-y-como-ver-el-motogp-de-holanda\/","title":{"rendered":"MotoGP Pa\u00edses Bajos 2024: horarios, c\u00f3mo d\u00f3nde ver las carreras de MotoGP"},"content":{"rendered":"<figure class=\"wp-block-post-featured-image\"><img loading=\"lazy\" decoding=\"async\" width=\"1280\" height=\"650\" src=\"https:\/\/bxrepsol.s3.eu-west-1.amazonaws.com\/static\/2023\/06\/25135742\/portada.png\" class=\"attachment-post-thumbnail size-post-thumbnail wp-post-image\" alt=\"\" style=\"object-fit:cover;\" srcset=\"https:\/\/bxrepsol.s3.eu-west-1.amazonaws.com\/static\/2023\/06\/25135742\/portada.png 1280w, https:\/\/bxrepsol.s3.eu-west-1.amazonaws.com\/static\/2023\/06\/25135742\/portada-300x152.png 300w, https:\/\/bxrepsol.s3.eu-west-1.amazonaws.com\/static\/2023\/06\/25135742\/portada-1024x520.png 1024w, https:\/\/bxrepsol.s3.eu-west-1.amazonaws.com\/static\/2023\/06\/25135742\/portada-768x390.png 768w\" sizes=\"auto, (max-width: 1280px) 100vw, 1280px\" \/><\/figure>\n\n\n<p><\/p>\n\n\n\n<h2 class=\"wp-block-heading\"><strong>Sigue el Gran Premio de los Pa\u00edses Bajos de MotoGP en DAZN<\/strong><\/h2>\n\n\n\n<p>La plataforma en streaming m\u00e1s conocida de los \u00faltimos tiempos para seguir todas las retransmisiones de motor emite en directo toda la acci\u00f3n de MotoGP. <a href=\"http:\/\/www.dazn.com\/\">DAZN<\/a> tiene bajo su posesi\u00f3n los derechos de emisi\u00f3n del campeonato y, adem\u00e1s, ofrece una <strong>gran cantidad de contenido exclusivo<\/strong> para consumir d\u00f3nde y cu\u00e1ndo quieras desde cualquier dispositivo, ya sea desde tu m\u00f3vil, tablet u ordenador: entrevistas exclusivas, carreras anteriores, reportajes hist\u00f3ricos, im\u00e1genes in\u00e9ditas\u2026<\/p>\n\n\n\n<p>Para poder disfrutar de DAZN, todos los suscriptores tienen a su disposici\u00f3n <strong>distintos planes a elegir seg\u00fan sus necesidades.<\/strong> La primera opci\u00f3n es DAZN Total, desde 29\u201999\u20ac al mes con pago fraccionado anual, y con acceso a todas las competiciones de la plataforma. La segunda, DAZN Esencial, tiene un coste de 19\u201999\u20ac al mes con el pago fraccionado anual. Con este pack <strong>podr\u00e1s disfrutar de MotoGP, adem\u00e1s de F1, la Premier League<\/strong> y el contenido del otro plan de DAZN, DAZN Victoria. Hay que mencionar que, si decides no disfrutar del pago fraccionado anual y, por el contrario, prefieres pagarlo mensualmente, el coste se eleva 10\u20ac en ambos planes.<\/p>\n\n\n\n<h3 class=\"wp-block-heading\"><strong><strong>D\u00f3nde ver el GP de los Pa\u00edses Bajos de MotoGP en Movistar+ y otras plataformas<\/strong><\/strong><\/h3>\n\n\n\n<p>DAZN no es la \u00fanica plataforma con la que podr\u00e1s disfrutar de <strong>toda<\/strong> <strong>la acci\u00f3n en pista del GP de Assen de MotoGP,<\/strong> ya que hay otras v\u00edas. <strong>Movistar+<\/strong> es una de las alternativas m\u00e1s recurrentes, ya que lleg\u00f3 a un acuerdo con DAZN para emitir sus retransmisiones para aquellos usuarios que contraten el paquete Movistar Motor o Movistar Deportes Total.<\/p>\n\n\n\n<p>Aun as\u00ed, DAZN tambi\u00e9n lleg\u00f3 a acuerdos de retransmisi\u00f3n con otras plataformas, como son <strong>Amazon Prime Video, Orange TV, Yoigo, M\u00e1sm\u00f3vil, Virgin Telco o Telecable<\/strong>. Todas ellas disponen, a su vez, de planes espec\u00edficos para que los usuarios elijan la opci\u00f3n que se ajuste m\u00e1s a sus intereses.<\/p>\n\n\n\n<h3 class=\"wp-block-heading\"><strong>Disfruta del MotoGP Assen 2024 online desde MotoGP.com<\/strong><\/h3>\n\n\n\n<p>DORNA, la empresa que gestiona <strong>el Mundial de MotoGP<\/strong> tambi\u00e9n ofrece una alternativa para disfrutar de un fin de semana de carreras en el TT de Assen. Desde su p\u00e1gina web (<a href=\"http:\/\/www.motogp.com\">motogp.com<\/a>) puedes seguir tanto la acci\u00f3n en pista, como acceder a contenido exclusivo de las \u00faltimas d\u00e9cadas. Eso s\u00ed, <strong>solamente est\u00e1 disponible en ingl\u00e9s.<\/strong><\/p>\n\n\n\n<p>Para disponer de todas sus ventajas, el canal ofrece dos planes de pago a elegir entre sus usuarios: <strong>MotoGP 2024 VideoPass Season y MotoGP 2024 VideoPass + TimingPass. <\/strong>El primer plan te permite seguir toda la acci\u00f3n en pista en directo, adem\u00e1s de poder acceder a un archivo de m\u00e1s de 45.000 v\u00eddeos in\u00e9ditos del campeonato del mundo. El coste de este contenido es de 139\u201999\u20ac. El segundo plan que ofrece la plataforma tiene un coste un poco m\u00e1s elevado, 148\u201999\u20ac, pero adem\u00e1s del contenido exclusivo, tambi\u00e9n podr\u00e1s acceder al cronometraje en directo de todas las sesiones de todas las categor\u00edas.<\/p>\n\n\n\n<h3 class=\"wp-block-heading\"><strong>Sigue el GP de Assen 2024 desde la APP y las RRSS de Box Repsol<\/strong><\/h3>\n\n\n\n<p>Si ninguna de las opciones anteriores te ha convencido, o bien quieres disfrutar de una vista panor\u00e1mica y enterarte de todo en el mismo instante en el que ocurra, desde Box Repsol te ofrecemos otra plataforma. En esta <a href=\"https:\/\/www.boxrepsol.com\/es\/app-box-repsol\/\">aplicaci\u00f3n m\u00f3vil<\/a> puedes <strong>seguir el \u2018vuelta a vuelta\u2019 de las dos carreras del fin de semana <\/strong>(sprint del s\u00e1bado y carrera larga del domingo), as\u00ed como tener en la palma de tu mano toda la informaci\u00f3n, resultados y clasificaciones de las sesiones.<\/p>\n\n\n\n<p>Tambi\u00e9n puedes enterarte de todo desde nuestras redes sociales. Puedes <strong>seguirnos en X, en <\/strong><a href=\"https:\/\/x.com\/box_repsol\"><strong>@Box_Repsol<\/strong><\/a><strong>,<\/strong> y seguir los avances de nuestros pilotos Repsol Honda, Joan Mir y Luca Marini.<\/p>\n\n\n\n<h2 class=\"wp-block-heading\"><strong>Horarios del GP Pa\u00edses Bajos en 2024 [Hora CEST]<\/strong><\/h2>\n\n\n\n<p>Tras un mes de junio bastante descafeinado en cuanto a competici\u00f3n mundialista se refiere, <a href=\"https:\/\/www.boxrepsol.com\/es\/motogp\/la-historia-del-gp-mas-historia\/\">el TT de Assen<\/a> sale a la palestra como pen\u00faltima cita antes del par\u00f3n veraniego (Alemania ser\u00e1 la \u00faltima). Por lo que, si tu pregunta es: \u00bfa qu\u00e9 hora es el mundial de MotoGP? <strong>\u00a1Ap\u00fantate todos los horarios del GP de Pa\u00edses Bajos para no perderte nada!<\/strong><\/p>\n\n\n\n<p>El s\u00e1bado tendr\u00e1 lugar la primera carrera de MotoE (12:15h), la Sprint de MotoGP (15h) y la segunda carrera de MotoE (16.10h), adem\u00e1s de las sesiones clasificatorias de Moto3, Moto2 y MotoGP. Por lo que se refiere a las carreras del domingo, empezar\u00e1n a las 11h con Moto3, dando paso a Moto2 a partir de las 12.15h y a la categor\u00eda reina, a las 14h.<\/p>\n\n\n\n<p>Por lo que se refiere a las carreras del domingo, empezar\u00e1n a las 11h con Moto3, dando paso a Moto2 a partir de las 12.15h <strong>y a<\/strong> <strong>la categor\u00eda reina, a las 14h.<\/strong><\/p>\n\n\n\n<p><strong>VIERNES 28 DE JUNIO<\/strong><\/p>\n\n\n\n<p>08:30-08:45 P1 MotoE<\/p>\n\n\n\n<p>09:00-09:35 FP Moto3<\/p>\n\n\n\n<p>09:50-10:30 FP Moto2<\/p>\n\n\n\n<p>10:45-11:30 FP1 MotoGP<\/p>\n\n\n\n<p>12:25-12:40 P2 MotoE<\/p>\n\n\n\n<p>13:15-13:50 P1 Moto3<\/p>\n\n\n\n<p>14:05-14:45 P1 Moto2<\/p>\n\n\n\n<p>15:00-16:00 Practice MotoGP<\/p>\n\n\n\n<p>17:05-17:15 Q1 MotoE<\/p>\n\n\n\n<p>17:25-17:35 Q2 MotoE<\/p>\n\n\n\n<p><strong>S\u00c1BADO 29 DE JUNIO<\/strong><\/p>\n\n\n\n<p>08:40-09:10 P2 Moto3<\/p>\n\n\n\n<p>09:25-09:55 P2 Moto2<\/p>\n\n\n\n<p>10:10-10:40 FP2 MotoGP<\/p>\n\n\n\n<p>10:50-11:05 Q1 MotoGP<\/p>\n\n\n\n<p>11:15-11:30 Q2 MotoGP<\/p>\n\n\n\n<p>12:15 Race 1 MotoE (7 vueltas)<\/p>\n\n\n\n<p>12:50-13:05 Q1 Moto3<\/p>\n\n\n\n<p>13:15-13:30 Q2 Moto3<\/p>\n\n\n\n<p>13:45-14:00 Q1 Moto2<\/p>\n\n\n\n<p>14:10-14:25 Q2 Moto2<\/p>\n\n\n\n<p>15:00 Sprint Race MotoGP (13 vueltas)<\/p>\n\n\n\n<p>16:10 Race 2 MotoE (7 vueltas)<\/p>\n\n\n\n<p><strong>DOMINGO 30 DE JUNIO<\/strong><\/p>\n\n\n\n<p>09:40-09:50 Warm Up MotoGP<\/p>\n\n\n\n<p>11:00 Race Moto3 (20 vueltas)<\/p>\n\n\n\n<p>12:15 Race Moto2 (22vueltas)<\/p>\n\n\n\n<p>14:00 Race MotoGP (26 vueltas)<\/p>\n\n\n\n<p><strong>HORARIOS MOTOGP CARRERAS COLOMBIA<\/strong><\/p>\n\n\n\n<p><strong>S\u00c1BADO<\/strong><\/p>\n\n\n\n<p>05:15 Race 1 MotoE<\/p>\n\n\n\n<p>08:00 Sprint Race MotoGP<\/p>\n\n\n\n<p>09:10 Race&nbsp; 2 MotoE<\/p>\n\n\n\n<p><strong>DOMINGO<\/strong><\/p>\n\n\n\n<p>04:00 Race&nbsp; Moto3<\/p>\n\n\n\n<p>05:15 Race&nbsp; Moto2<\/p>\n\n\n\n<p>07:00 Race&nbsp; MotoGP<\/p>\n\n\n\n<p><strong>HORARIOS MOTOGP CARRERAS M\u00c9XICO<\/strong><\/p>\n\n\n\n<p><strong>S\u00c1BADO<\/strong><\/p>\n\n\n\n<p>04:15 Race 1 MotoE<\/p>\n\n\n\n<p>07:00 Sprint Race&nbsp; MotoGP<\/p>\n\n\n\n<p>08:10 Race 2 MotoE<\/p>\n\n\n\n<p><strong>DOMINGO<\/strong><\/p>\n\n\n\n<p>03:00 Race Moto3<\/p>\n\n\n\n<p>04:15 Race Moto2<\/p>\n\n\n\n<p>06:00 Race MotoGP<\/p>\n\n\n\n<p><strong>HORARIOS MOTOGP CARRERAS CHILE<\/strong><\/p>\n\n\n\n<p><strong>S\u00c1BADO<\/strong><\/p>\n\n\n\n<p>06:15 Race 1 MotoE<\/p>\n\n\n\n<p>09:00 Sprint Race MotoGP<\/p>\n\n\n\n<p>10:10 Race 2 MotoE<\/p>\n\n\n\n<p><strong>DOMINGO<\/strong><\/p>\n\n\n\n<p>05:00 Race Moto3<\/p>\n\n\n\n<p>06:15 Race Moto2<\/p>\n\n\n\n<p>08:00 Race MotoGP<\/p>\n\n\n\n<p><strong>HORARIO MOTOGP CARRERAS ARGENTINA Y URUGUAY<\/strong><\/p>\n\n\n\n<p><strong>S\u00c1BADO<\/strong><\/p>\n\n\n\n<p>07:15 Race 1 MotoE<\/p>\n\n\n\n<p>10:00 Sprint Race MotoGP<\/p>\n\n\n\n<p>11:10 Race 2 MotoE<\/p>\n\n\n\n<p><strong>DOMINGO<\/strong><\/p>\n\n\n\n<p>06:00 Race Moto3<\/p>\n\n\n\n<p>07:15 Race Moto2<\/p>\n\n\n\n<p>09:00 Race MotoGP<\/p>\n\n\n\n<h2 class=\"wp-block-heading\"><strong>El Repsol Honda, convencido de poder hacer un buen papel en La Catedral<\/strong><\/h2>\n\n\n\n<p>Tras un fin de semana algo complicado en el <a href=\"https:\/\/www.boxrepsol.com\/es\/motogp\/los-secretos-mugello-oasis-del-motor-la-toscana\/\">Aut\u00f3dromo Internacional del Mugello,<\/a> los pilotos del Repsol Honda llegan al <strong>Gran Premio de los Pa\u00edses Bajos de MotoGP <\/strong>con la convicci\u00f3n de seguir dando pasos firmes en el camino correcto. El circuito neerland\u00e9s acoger\u00e1 la octava cita del Mundial de MotoGP. As\u00ed pues, este trazado, <strong>el m\u00e1s antiguo y m\u00edtico dentro del calendario mundialista<\/strong> (1949), vuelve al ruedo una temporada m\u00e1s.<\/p>\n\n\n\n<p>En clave actualidad, una de cal y una de arena para los pilotos del Repsol Honda. Por un lado, el mallorqu\u00edn <strong>Joan Mir<\/strong>, necesita recuperar las sensaciones diluidas durante las dos carreras de Mugello. Aunque el bicampe\u00f3n del mundo consiguiese<strong> pelear en ambas mangas por sumar varios puntos<\/strong>, acab\u00f3 por los suelos en las dos ocasiones.<\/p>\n\n\n\n<p>Y por el otro lado, <strong>Luca Marini<\/strong>, qui\u00e9n tuvo uno de los fines de semana m\u00e1s positivos de lo que llevamos de temporada. El italiano, que corr\u00eda frente a su afici\u00f3n, acab\u00f3 las dos carreras, consiguiendo el domingo acabar muy cerca de algunos rivales directos y, en consecuencia, de las posiciones de podio.<\/p>\n\n\n\n<p>Tras un circuito algo m\u00e1s favorable que el de Mugello para la <strong>Honda RC213V<\/strong>, el TT de Assen se presenta como una buena oportunidad para que ambos pilotos consigan ser competitivos a lo largo de todo el fin de semana. En clave antecedentes, <strong>Joan no corri\u00f3 en 2023 <\/strong>en la Catedral del Motociclismo por lesi\u00f3n, aunque en el resto de Grandes Premios que ha disputado en Assen ha finalizado en el Top10, incluyendo <strong>una P3 en 2021<\/strong>, ya como piloto de MotoGP. Por su parte, Luca tambi\u00e9n tiene buenas actuaciones en el trazado de los Pa\u00edses Bajos, llegando a conseguir <strong>una P3 en 2019<\/strong> cuando era piloto de Moto2. El a\u00f1o pasado, en MotoGP, consigui\u00f3 dos s\u00f3lidos resultados: P10 en la carrera al esprint y una P7 en la carrera larga del domingo.<\/p>\n","protected":false},"excerpt":{"rendered":"<p>Cuatro semanas despu\u00e9s de la disputa del Gran Premio de Italia, MotoGP vuelve al ruedo en uno de los trazados con m\u00e1s historia del campeonato mundial. Consulta aqu\u00ed todos los horarios del GP de Pa\u00edses Bajos para seguir toda la acci\u00f3n en pista en directo y online.<\/p>\n","protected":false},"author":43146,"featured_media":117364,"comment_status":"open","ping_status":"open","sticky":false,"template":"","format":"standard","meta":{"footnotes":""},"categories":[4],"tags":[333,483,271,422,434],"class_list":["post-95413","post","type-post","status-publish","format-standard","hentry","category-motogp","tag-competicion","tag-gp-paises-bajos","tag-joan-mir","tag-luca-marini","tag-motogp-2024"],"yoast_head":"<!-- This site is optimized with the Yoast SEO plugin v27.3 - https:\/\/yoast.com\/product\/yoast-seo-wordpress\/ -->\n<title>Horarios del GP de Pa\u00edses Bajos MotoGP 2024: c\u00f3mo y d\u00f3nde verlo por TV y online - Box Repsol<\/title>\n<meta name=\"description\" content=\"Mantente informado sobre los horarios y las opciones para ver en vivo el emocionante MotoGP de Holanda. Descubre c\u00f3mo seguir toda la acci\u00f3n.\" \/>\n<link rel=\"canonical\" href=\"https:\/\/www.boxrepsol.com\/es\/motogp\/horarios-y-como-ver-el-motogp-de-holanda\/\" \/>\n<meta property=\"og:locale\" content=\"es_ES\" \/>\n<meta property=\"og:type\" content=\"article\" \/>\n<meta property=\"og:title\" content=\"Horarios del GP de Pa\u00edses Bajos MotoGP 2024: c\u00f3mo y d\u00f3nde verlo por TV y online - Box Repsol\" \/>\n<meta property=\"og:description\" content=\"Mantente informado sobre los horarios y las opciones para ver en vivo el emocionante MotoGP de Holanda. Descubre c\u00f3mo seguir toda la acci\u00f3n.\" \/>\n<meta property=\"og:url\" content=\"https:\/\/www.boxrepsol.com\/es\/motogp\/horarios-y-como-ver-el-motogp-de-holanda\/\" \/>\n<meta property=\"og:site_name\" content=\"Box Repsol\" \/>\n<meta property=\"article:publisher\" content=\"https:\/\/www.facebook.com\/BoxRepsol\" \/>\n<meta property=\"article:author\" content=\"https:\/\/www.facebook.com\/BoxRepsol\/\" \/>\n<meta property=\"article:published_time\" content=\"2024-06-25T15:57:54+00:00\" \/>\n<meta property=\"article:modified_time\" content=\"2025-06-25T09:57:47+00:00\" \/>\n<meta property=\"og:image\" content=\"https:\/\/bxrepsol.s3.eu-west-1.amazonaws.com\/static\/2023\/06\/25135742\/portada.png\" \/>\n\t<meta property=\"og:image:width\" content=\"1280\" \/>\n\t<meta property=\"og:image:height\" content=\"650\" \/>\n\t<meta property=\"og:image:type\" content=\"image\/png\" \/>\n<meta name=\"author\" content=\"Redacci\u00f3n Box Repsol\" \/>\n<meta name=\"twitter:card\" content=\"summary_large_image\" \/>\n<meta name=\"twitter:creator\" content=\"@https:\/\/twitter.com\/box_repsol\" \/>\n<meta name=\"twitter:site\" content=\"@box_repsol\" \/>\n<meta name=\"twitter:label1\" content=\"Written by\" \/>\n\t<meta name=\"twitter:data1\" content=\"Redacci\u00f3n Box Repsol\" \/>\n\t<meta name=\"twitter:label2\" content=\"Est. reading time\" \/>\n\t<meta name=\"twitter:data2\" content=\"7 minutos\" \/>\n<script type=\"application\/ld+json\" class=\"yoast-schema-graph\">{\"@context\":\"https:\\\/\\\/schema.org\",\"@graph\":[{\"@type\":\"Article\",\"@id\":\"https:\\\/\\\/www.boxrepsol.com\\\/es\\\/motogp\\\/horarios-y-como-ver-el-motogp-de-holanda\\\/#article\",\"isPartOf\":{\"@id\":\"https:\\\/\\\/www.boxrepsol.com\\\/es\\\/motogp\\\/horarios-y-como-ver-el-motogp-de-holanda\\\/\"},\"author\":{\"name\":\"Redacci\u00f3n Box Repsol\",\"@id\":\"https:\\\/\\\/www.boxrepsol.com\\\/es\\\/#\\\/schema\\\/person\\\/c5c2138f2cca251b0ad92b7086bb60b7\"},\"headline\":\"MotoGP Pa\u00edses Bajos 2024: horarios, c\u00f3mo d\u00f3nde ver las carreras de MotoGP\",\"datePublished\":\"2024-06-25T15:57:54+00:00\",\"dateModified\":\"2025-06-25T09:57:47+00:00\",\"mainEntityOfPage\":{\"@id\":\"https:\\\/\\\/www.boxrepsol.com\\\/es\\\/motogp\\\/horarios-y-como-ver-el-motogp-de-holanda\\\/\"},\"wordCount\":1359,\"commentCount\":0,\"publisher\":{\"@id\":\"https:\\\/\\\/www.boxrepsol.com\\\/es\\\/#organization\"},\"image\":{\"@id\":\"https:\\\/\\\/www.boxrepsol.com\\\/es\\\/motogp\\\/horarios-y-como-ver-el-motogp-de-holanda\\\/#primaryimage\"},\"thumbnailUrl\":\"https:\\\/\\\/bxrepsol.s3.eu-west-1.amazonaws.com\\\/static\\\/2023\\\/06\\\/25135742\\\/portada.png\",\"keywords\":[\"Competici\u00f3n\",\"GP Pa\u00edses Bajos\",\"Joan Mir\",\"Luca Marini\",\"MotoGP 2024\"],\"articleSection\":[\"MotoGP\"],\"inLanguage\":\"es\",\"potentialAction\":[{\"@type\":\"CommentAction\",\"name\":\"Comment\",\"target\":[\"https:\\\/\\\/www.boxrepsol.com\\\/es\\\/motogp\\\/horarios-y-como-ver-el-motogp-de-holanda\\\/#respond\"]}]},{\"@type\":\"WebPage\",\"@id\":\"https:\\\/\\\/www.boxrepsol.com\\\/es\\\/motogp\\\/horarios-y-como-ver-el-motogp-de-holanda\\\/\",\"url\":\"https:\\\/\\\/www.boxrepsol.com\\\/es\\\/motogp\\\/horarios-y-como-ver-el-motogp-de-holanda\\\/\",\"name\":\"Horarios del GP de Pa\u00edses Bajos MotoGP 2024: c\u00f3mo y d\u00f3nde verlo por TV y online - Box Repsol\",\"isPartOf\":{\"@id\":\"https:\\\/\\\/www.boxrepsol.com\\\/es\\\/#website\"},\"primaryImageOfPage\":{\"@id\":\"https:\\\/\\\/www.boxrepsol.com\\\/es\\\/motogp\\\/horarios-y-como-ver-el-motogp-de-holanda\\\/#primaryimage\"},\"image\":{\"@id\":\"https:\\\/\\\/www.boxrepsol.com\\\/es\\\/motogp\\\/horarios-y-como-ver-el-motogp-de-holanda\\\/#primaryimage\"},\"thumbnailUrl\":\"https:\\\/\\\/bxrepsol.s3.eu-west-1.amazonaws.com\\\/static\\\/2023\\\/06\\\/25135742\\\/portada.png\",\"datePublished\":\"2024-06-25T15:57:54+00:00\",\"dateModified\":\"2025-06-25T09:57:47+00:00\",\"description\":\"Mantente informado sobre los horarios y las opciones para ver en vivo el emocionante MotoGP de Holanda. Descubre c\u00f3mo seguir toda la acci\u00f3n.\",\"breadcrumb\":{\"@id\":\"https:\\\/\\\/www.boxrepsol.com\\\/es\\\/motogp\\\/horarios-y-como-ver-el-motogp-de-holanda\\\/#breadcrumb\"},\"inLanguage\":\"es\",\"potentialAction\":[{\"@type\":\"ReadAction\",\"target\":[\"https:\\\/\\\/www.boxrepsol.com\\\/es\\\/motogp\\\/horarios-y-como-ver-el-motogp-de-holanda\\\/\"]}]},{\"@type\":\"ImageObject\",\"inLanguage\":\"es\",\"@id\":\"https:\\\/\\\/www.boxrepsol.com\\\/es\\\/motogp\\\/horarios-y-como-ver-el-motogp-de-holanda\\\/#primaryimage\",\"url\":\"https:\\\/\\\/bxrepsol.s3.eu-west-1.amazonaws.com\\\/static\\\/2023\\\/06\\\/25135742\\\/portada.png\",\"contentUrl\":\"https:\\\/\\\/bxrepsol.s3.eu-west-1.amazonaws.com\\\/static\\\/2023\\\/06\\\/25135742\\\/portada.png\",\"width\":1280,\"height\":650},{\"@type\":\"BreadcrumbList\",\"@id\":\"https:\\\/\\\/www.boxrepsol.com\\\/es\\\/motogp\\\/horarios-y-como-ver-el-motogp-de-holanda\\\/#breadcrumb\",\"itemListElement\":[{\"@type\":\"ListItem\",\"position\":1,\"name\":\"Home\",\"item\":\"https:\\\/\\\/www.boxrepsol.com\\\/es\\\/\"},{\"@type\":\"ListItem\",\"position\":2,\"name\":\"MotoGP Pa\u00edses Bajos 2024: horarios, c\u00f3mo d\u00f3nde ver las carreras de MotoGP\"}]},{\"@type\":\"WebSite\",\"@id\":\"https:\\\/\\\/www.boxrepsol.com\\\/es\\\/#website\",\"url\":\"https:\\\/\\\/www.boxrepsol.com\\\/es\\\/\",\"name\":\"Box Repsol\",\"description\":\"Box Repsol Site\",\"publisher\":{\"@id\":\"https:\\\/\\\/www.boxrepsol.com\\\/es\\\/#organization\"},\"potentialAction\":[{\"@type\":\"SearchAction\",\"target\":{\"@type\":\"EntryPoint\",\"urlTemplate\":\"https:\\\/\\\/www.boxrepsol.com\\\/es\\\/?s={search_term_string}\"},\"query-input\":{\"@type\":\"PropertyValueSpecification\",\"valueRequired\":true,\"valueName\":\"search_term_string\"}}],\"inLanguage\":\"es\"},{\"@type\":\"Organization\",\"@id\":\"https:\\\/\\\/www.boxrepsol.com\\\/es\\\/#organization\",\"name\":\"Box Repsol\",\"url\":\"https:\\\/\\\/www.boxrepsol.com\\\/es\\\/\",\"logo\":{\"@type\":\"ImageObject\",\"inLanguage\":\"es\",\"@id\":\"https:\\\/\\\/www.boxrepsol.com\\\/es\\\/#\\\/schema\\\/logo\\\/image\\\/\",\"url\":\"https:\\\/\\\/bxrepsol.s3.eu-west-1.amazonaws.com\\\/static\\\/2025\\\/07\\\/30083337\\\/favicon-96x96-1.png\",\"contentUrl\":\"https:\\\/\\\/bxrepsol.s3.eu-west-1.amazonaws.com\\\/static\\\/2025\\\/07\\\/30083337\\\/favicon-96x96-1.png\",\"width\":96,\"height\":96,\"caption\":\"Box Repsol\"},\"image\":{\"@id\":\"https:\\\/\\\/www.boxrepsol.com\\\/es\\\/#\\\/schema\\\/logo\\\/image\\\/\"},\"sameAs\":[\"https:\\\/\\\/www.facebook.com\\\/BoxRepsol\",\"https:\\\/\\\/x.com\\\/box_repsol\",\"http:\\\/\\\/instagram.com\\\/box_repsol\",\"https:\\\/\\\/www.youtube.com\\\/user\\\/RepsolCompeticion\",\"https:\\\/\\\/www.flickr.com\\\/photos\\\/box_repsol\\\/\"]},{\"@type\":\"Person\",\"@id\":\"https:\\\/\\\/www.boxrepsol.com\\\/es\\\/#\\\/schema\\\/person\\\/c5c2138f2cca251b0ad92b7086bb60b7\",\"name\":\"Redacci\u00f3n Box Repsol\",\"image\":{\"@type\":\"ImageObject\",\"inLanguage\":\"es\",\"@id\":\"https:\\\/\\\/secure.gravatar.com\\\/avatar\\\/adf7b77e38b4419baf32c7e9c21dde01f4e40df611f0978e3006fc4ba0aaab7e?s=96&d=mm&r=g\",\"url\":\"https:\\\/\\\/secure.gravatar.com\\\/avatar\\\/adf7b77e38b4419baf32c7e9c21dde01f4e40df611f0978e3006fc4ba0aaab7e?s=96&d=mm&r=g\",\"contentUrl\":\"https:\\\/\\\/secure.gravatar.com\\\/avatar\\\/adf7b77e38b4419baf32c7e9c21dde01f4e40df611f0978e3006fc4ba0aaab7e?s=96&d=mm&r=g\",\"caption\":\"Redacci\u00f3n Box Repsol\"},\"description\":\"Box Repsol lo forma un equipo de periodistas, community managers, dise\u00f1adores y fot\u00f3grafos con m\u00e1s de 20 a\u00f1os de experiencia en el mundo del motorsport. Hemos vivido el primer mundial de un espa\u00f1ol en la categor\u00eda reina de motociclismo con \u00c1lex Crivill\u00e9, estuvimos en las victorias de Pedrosa y los t\u00edtulos de M\u00e1rquez, acompa\u00f1amos en \u00c1frica a Nani Roma y Marc Coma en sus conquistas del Dakar y hemos vibrado con los t\u00edtulos de Toni Bou en Trial. Adem\u00e1s, en nuestro equipo contamos con expertos en el mundo de las dos y cuatro ruedas tanto de la calle y las carreteras, como de los circuitos. Periodistas que han trabajado en revistas y publicaciones para hacerte llegar desde rutas y consejos de mantenimiento, a curiosidades y trucos de pilotaje.\",\"sameAs\":[\"https:\\\/\\\/www.facebook.com\\\/BoxRepsol\\\/\",\"https:\\\/\\\/www.instagram.com\\\/box_repsol\\\/\",\"https:\\\/\\\/x.com\\\/https:\\\/\\\/twitter.com\\\/box_repsol\",\"https:\\\/\\\/www.youtube.com\\\/@Boxrepsol\"],\"url\":\"https:\\\/\\\/www.boxrepsol.com\\\/es\\\/author\\\/redaccion-box-repsol\\\/\"}]}<\/script>\n<!-- \/ Yoast SEO plugin. -->","yoast_head_json":{"title":"Horarios del GP de Pa\u00edses Bajos MotoGP 2024: c\u00f3mo y d\u00f3nde verlo por TV y online - Box Repsol","description":"Mantente informado sobre los horarios y las opciones para ver en vivo el emocionante MotoGP de Holanda. Descubre c\u00f3mo seguir toda la acci\u00f3n.","canonical":"https:\/\/www.boxrepsol.com\/es\/motogp\/horarios-y-como-ver-el-motogp-de-holanda\/","og_locale":"es_ES","og_type":"article","og_title":"Horarios del GP de Pa\u00edses Bajos MotoGP 2024: c\u00f3mo y d\u00f3nde verlo por TV y online - Box Repsol","og_description":"Mantente informado sobre los horarios y las opciones para ver en vivo el emocionante MotoGP de Holanda. Descubre c\u00f3mo seguir toda la acci\u00f3n.","og_url":"https:\/\/www.boxrepsol.com\/es\/motogp\/horarios-y-como-ver-el-motogp-de-holanda\/","og_site_name":"Box Repsol","article_publisher":"https:\/\/www.facebook.com\/BoxRepsol","article_author":"https:\/\/www.facebook.com\/BoxRepsol\/","article_published_time":"2024-06-25T15:57:54+00:00","article_modified_time":"2025-06-25T09:57:47+00:00","og_image":[{"width":1280,"height":650,"url":"https:\/\/bxrepsol.s3.eu-west-1.amazonaws.com\/static\/2023\/06\/25135742\/portada.png","type":"image\/png"}],"author":"Redacci\u00f3n Box Repsol","twitter_card":"summary_large_image","twitter_creator":"@https:\/\/twitter.com\/box_repsol","twitter_site":"@box_repsol","twitter_misc":{"Written by":"Redacci\u00f3n Box Repsol","Est. reading time":"7 minutos"},"schema":{"@context":"https:\/\/schema.org","@graph":[{"@type":"Article","@id":"https:\/\/www.boxrepsol.com\/es\/motogp\/horarios-y-como-ver-el-motogp-de-holanda\/#article","isPartOf":{"@id":"https:\/\/www.boxrepsol.com\/es\/motogp\/horarios-y-como-ver-el-motogp-de-holanda\/"},"author":{"name":"Redacci\u00f3n Box Repsol","@id":"https:\/\/www.boxrepsol.com\/es\/#\/schema\/person\/c5c2138f2cca251b0ad92b7086bb60b7"},"headline":"MotoGP Pa\u00edses Bajos 2024: horarios, c\u00f3mo d\u00f3nde ver las carreras de MotoGP","datePublished":"2024-06-25T15:57:54+00:00","dateModified":"2025-06-25T09:57:47+00:00","mainEntityOfPage":{"@id":"https:\/\/www.boxrepsol.com\/es\/motogp\/horarios-y-como-ver-el-motogp-de-holanda\/"},"wordCount":1359,"commentCount":0,"publisher":{"@id":"https:\/\/www.boxrepsol.com\/es\/#organization"},"image":{"@id":"https:\/\/www.boxrepsol.com\/es\/motogp\/horarios-y-como-ver-el-motogp-de-holanda\/#primaryimage"},"thumbnailUrl":"https:\/\/bxrepsol.s3.eu-west-1.amazonaws.com\/static\/2023\/06\/25135742\/portada.png","keywords":["Competici\u00f3n","GP Pa\u00edses Bajos","Joan Mir","Luca Marini","MotoGP 2024"],"articleSection":["MotoGP"],"inLanguage":"es","potentialAction":[{"@type":"CommentAction","name":"Comment","target":["https:\/\/www.boxrepsol.com\/es\/motogp\/horarios-y-como-ver-el-motogp-de-holanda\/#respond"]}]},{"@type":"WebPage","@id":"https:\/\/www.boxrepsol.com\/es\/motogp\/horarios-y-como-ver-el-motogp-de-holanda\/","url":"https:\/\/www.boxrepsol.com\/es\/motogp\/horarios-y-como-ver-el-motogp-de-holanda\/","name":"Horarios del GP de Pa\u00edses Bajos MotoGP 2024: c\u00f3mo y d\u00f3nde verlo por TV y online - Box Repsol","isPartOf":{"@id":"https:\/\/www.boxrepsol.com\/es\/#website"},"primaryImageOfPage":{"@id":"https:\/\/www.boxrepsol.com\/es\/motogp\/horarios-y-como-ver-el-motogp-de-holanda\/#primaryimage"},"image":{"@id":"https:\/\/www.boxrepsol.com\/es\/motogp\/horarios-y-como-ver-el-motogp-de-holanda\/#primaryimage"},"thumbnailUrl":"https:\/\/bxrepsol.s3.eu-west-1.amazonaws.com\/static\/2023\/06\/25135742\/portada.png","datePublished":"2024-06-25T15:57:54+00:00","dateModified":"2025-06-25T09:57:47+00:00","description":"Mantente informado sobre los horarios y las opciones para ver en vivo el emocionante MotoGP de Holanda. Descubre c\u00f3mo seguir toda la acci\u00f3n.","breadcrumb":{"@id":"https:\/\/www.boxrepsol.com\/es\/motogp\/horarios-y-como-ver-el-motogp-de-holanda\/#breadcrumb"},"inLanguage":"es","potentialAction":[{"@type":"ReadAction","target":["https:\/\/www.boxrepsol.com\/es\/motogp\/horarios-y-como-ver-el-motogp-de-holanda\/"]}]},{"@type":"ImageObject","inLanguage":"es","@id":"https:\/\/www.boxrepsol.com\/es\/motogp\/horarios-y-como-ver-el-motogp-de-holanda\/#primaryimage","url":"https:\/\/bxrepsol.s3.eu-west-1.amazonaws.com\/static\/2023\/06\/25135742\/portada.png","contentUrl":"https:\/\/bxrepsol.s3.eu-west-1.amazonaws.com\/static\/2023\/06\/25135742\/portada.png","width":1280,"height":650},{"@type":"BreadcrumbList","@id":"https:\/\/www.boxrepsol.com\/es\/motogp\/horarios-y-como-ver-el-motogp-de-holanda\/#breadcrumb","itemListElement":[{"@type":"ListItem","position":1,"name":"Home","item":"https:\/\/www.boxrepsol.com\/es\/"},{"@type":"ListItem","position":2,"name":"MotoGP Pa\u00edses Bajos 2024: horarios, c\u00f3mo d\u00f3nde ver las carreras de MotoGP"}]},{"@type":"WebSite","@id":"https:\/\/www.boxrepsol.com\/es\/#website","url":"https:\/\/www.boxrepsol.com\/es\/","name":"Box Repsol","description":"Box Repsol Site","publisher":{"@id":"https:\/\/www.boxrepsol.com\/es\/#organization"},"potentialAction":[{"@type":"SearchAction","target":{"@type":"EntryPoint","urlTemplate":"https:\/\/www.boxrepsol.com\/es\/?s={search_term_string}"},"query-input":{"@type":"PropertyValueSpecification","valueRequired":true,"valueName":"search_term_string"}}],"inLanguage":"es"},{"@type":"Organization","@id":"https:\/\/www.boxrepsol.com\/es\/#organization","name":"Box Repsol","url":"https:\/\/www.boxrepsol.com\/es\/","logo":{"@type":"ImageObject","inLanguage":"es","@id":"https:\/\/www.boxrepsol.com\/es\/#\/schema\/logo\/image\/","url":"https:\/\/bxrepsol.s3.eu-west-1.amazonaws.com\/static\/2025\/07\/30083337\/favicon-96x96-1.png","contentUrl":"https:\/\/bxrepsol.s3.eu-west-1.amazonaws.com\/static\/2025\/07\/30083337\/favicon-96x96-1.png","width":96,"height":96,"caption":"Box Repsol"},"image":{"@id":"https:\/\/www.boxrepsol.com\/es\/#\/schema\/logo\/image\/"},"sameAs":["https:\/\/www.facebook.com\/BoxRepsol","https:\/\/x.com\/box_repsol","http:\/\/instagram.com\/box_repsol","https:\/\/www.youtube.com\/user\/RepsolCompeticion","https:\/\/www.flickr.com\/photos\/box_repsol\/"]},{"@type":"Person","@id":"https:\/\/www.boxrepsol.com\/es\/#\/schema\/person\/c5c2138f2cca251b0ad92b7086bb60b7","name":"Redacci\u00f3n Box Repsol","image":{"@type":"ImageObject","inLanguage":"es","@id":"https:\/\/secure.gravatar.com\/avatar\/adf7b77e38b4419baf32c7e9c21dde01f4e40df611f0978e3006fc4ba0aaab7e?s=96&d=mm&r=g","url":"https:\/\/secure.gravatar.com\/avatar\/adf7b77e38b4419baf32c7e9c21dde01f4e40df611f0978e3006fc4ba0aaab7e?s=96&d=mm&r=g","contentUrl":"https:\/\/secure.gravatar.com\/avatar\/adf7b77e38b4419baf32c7e9c21dde01f4e40df611f0978e3006fc4ba0aaab7e?s=96&d=mm&r=g","caption":"Redacci\u00f3n Box Repsol"},"description":"Box Repsol lo forma un equipo de periodistas, community managers, dise\u00f1adores y fot\u00f3grafos con m\u00e1s de 20 a\u00f1os de experiencia en el mundo del motorsport. Hemos vivido el primer mundial de un espa\u00f1ol en la categor\u00eda reina de motociclismo con \u00c1lex Crivill\u00e9, estuvimos en las victorias de Pedrosa y los t\u00edtulos de M\u00e1rquez, acompa\u00f1amos en \u00c1frica a Nani Roma y Marc Coma en sus conquistas del Dakar y hemos vibrado con los t\u00edtulos de Toni Bou en Trial. Adem\u00e1s, en nuestro equipo contamos con expertos en el mundo de las dos y cuatro ruedas tanto de la calle y las carreteras, como de los circuitos. Periodistas que han trabajado en revistas y publicaciones para hacerte llegar desde rutas y consejos de mantenimiento, a curiosidades y trucos de pilotaje.","sameAs":["https:\/\/www.facebook.com\/BoxRepsol\/","https:\/\/www.instagram.com\/box_repsol\/","https:\/\/x.com\/https:\/\/twitter.com\/box_repsol","https:\/\/www.youtube.com\/@Boxrepsol"],"url":"https:\/\/www.boxrepsol.com\/es\/author\/redaccion-box-repsol\/"}]}},"_links":{"self":[{"href":"https:\/\/www.boxrepsol.com\/es\/wp-json\/wp\/v2\/posts\/95413","targetHints":{"allow":["GET"]}}],"collection":[{"href":"https:\/\/www.boxrepsol.com\/es\/wp-json\/wp\/v2\/posts"}],"about":[{"href":"https:\/\/www.boxrepsol.com\/es\/wp-json\/wp\/v2\/types\/post"}],"author":[{"embeddable":true,"href":"https:\/\/www.boxrepsol.com\/es\/wp-json\/wp\/v2\/users\/43146"}],"replies":[{"embeddable":true,"href":"https:\/\/www.boxrepsol.com\/es\/wp-json\/wp\/v2\/comments?post=95413"}],"version-history":[{"count":10,"href":"https:\/\/www.boxrepsol.com\/es\/wp-json\/wp\/v2\/posts\/95413\/revisions"}],"predecessor-version":[{"id":117370,"href":"https:\/\/www.boxrepsol.com\/es\/wp-json\/wp\/v2\/posts\/95413\/revisions\/117370"}],"wp:featuredmedia":[{"embeddable":true,"href":"https:\/\/www.boxrepsol.com\/es\/wp-json\/wp\/v2\/media\/117364"}],"wp:attachment":[{"href":"https:\/\/www.boxrepsol.com\/es\/wp-json\/wp\/v2\/media?parent=95413"}],"wp:term":[{"taxonomy":"category","embeddable":true,"href":"https:\/\/www.boxrepsol.com\/es\/wp-json\/wp\/v2\/categories?post=95413"},{"taxonomy":"post_tag","embeddable":true,"href":"https:\/\/www.boxrepsol.com\/es\/wp-json\/wp\/v2\/tags?post=95413"}],"curies":[{"name":"wp","href":"https:\/\/api.w.org\/{rel}","templated":true}]}}