{"id":95405,"date":"2022-06-19T00:00:00","date_gmt":"2022-06-19T02:00:00","guid":{"rendered":"http:\/\/pre.boxrepsol.com\/sin-categorizar\/toni-bou-se-hace-con-su-victoria-numero-200\/"},"modified":"2024-04-09T06:44:17","modified_gmt":"2024-04-09T08:44:17","slug":"toni-bou-se-hace-con-su-victoria-numero-200","status":"publish","type":"post","link":"https:\/\/www.boxrepsol.com\/es\/trial\/toni-bou-se-hace-con-su-victoria-numero-200\/","title":{"rendered":"Toni Bou se hace con su victoria n\u00famero 200"},"content":{"rendered":"<p><strong>Toni Bou<\/strong> logra la <strong>victoria 200<\/strong> de su carrera deportiva en el <strong>TrialGP<\/strong> de <strong>Andorra.<\/strong> Tras subirse al segundo escal\u00f3n del podio en la jornada de ayer, el piloto del equipo <strong>Repsol Honda<\/strong> ha conseguido imponerse hoy al resto de competidores. <strong>Gabriel Marcelli<\/strong> roz\u00f3 las posiciones de honor el primer d\u00eda &#8211; acabando quinto finalmente -, mientras que en la segunda prueba del fin de semana ha sido s\u00e9ptimo.<u><\/u><u><\/u><\/p>\n<p>Con unas zonas complejas y marcadas por la falta de agarre, Bou se mantuvo luchando por la primera posici\u00f3n hasta los \u00faltimos instantes, sin embargo, varios errores acumulados en la primera vuelta se lo impidieron. Hoy, que se celebraba la cuarta cita del Mundial al aire libre, s\u00ed que ha logrado dominar desde el principio, ampliando as\u00ed su liderato en la general.<u><\/u><u><\/u><\/p>\n<p>Su compa\u00f1ero de equipo, <strong>Marcelli,<\/strong> se mostr\u00f3 competitivo en la jornada de ayer, llegando a posicionarse en puestos de podio. La m\u00e1xima igualdad entre el resto de los participantes y las exigentes zonas de r\u00edo le llevaron a cometer varios fallos que lo relegaron hasta la quinta posici\u00f3n. En esta cuarta prueba, con unas condiciones similares a las del d\u00eda anterior, al piloto gallego del equipo <strong>Repsol Honda<\/strong> se le ha complicado m\u00e1s su particular lucha por los puestos de honor y ha zanjado la jornada en s\u00e9ptimo lugar.<u><\/u><u><\/u><\/p>\n<p>Tras cuatro citas del TrialGP disputadas, Toni Bou es l\u00edder del Mundial con 74 puntos y Gabriel Marcelli es 7\u00ba con 41. El siguiente encuentro es en <strong>Neunkirchen (Alemania),<\/strong> que acoge otra doble prueba los d\u00edas <strong>9 y 10 de julio<\/strong>.<\/p>\n<p><a href=\"https:\/\/bxrepsol.s3.eu-west-1.amazonaws.com\/static\/2022\/08\/05100734\/http___repsolmedia.com_repsolmedia_wp-content_uploads_2022_06_RHT22_TrialGP_r3_BOU_3179_ps-scaled-1.jpg\" data-index=\"0\"><br \/>\n<img decoding=\"async\" src=\"https:\/\/bxrepsol.s3.eu-west-1.amazonaws.com\/static\/2022\/08\/05100734\/http___repsolmedia.com_repsolmedia_wp-content_uploads_2022_06_RHT22_TrialGP_r3_BOU_3179_ps-scaled-1.jpg\" srcset=\"https:\/\/bxrepsol.s3.eu-west-1.amazonaws.com\/static\/2022\/08\/05100734\/http___repsolmedia.com_repsolmedia_wp-content_uploads_2022_06_RHT22_TrialGP_r3_BOU_3179_ps-scaled-1.jpg 2560w, https:\/\/bxrepsol.s3.eu-west-1.amazonaws.com\/static\/2022\/08\/05100734\/http___repsolmedia.com_repsolmedia_wp-content_uploads_2022_06_RHT22_TrialGP_r3_BOU_3179_ps-scaled-1.jpg 1280w, https:\/\/bxrepsol.s3.eu-west-1.amazonaws.com\/static\/2022\/08\/05100734\/http___repsolmedia.com_repsolmedia_wp-content_uploads_2022_06_RHT22_TrialGP_r3_BOU_3179_ps-scaled-1.jpg 900w, https:\/\/bxrepsol.s3.eu-west-1.amazonaws.com\/static\/2022\/08\/05100734\/http___repsolmedia.com_repsolmedia_wp-content_uploads_2022_06_RHT22_TrialGP_r3_BOU_3179_ps-scaled-1.jpg 600w, https:\/\/bxrepsol.s3.eu-west-1.amazonaws.com\/static\/2022\/08\/05100734\/http___repsolmedia.com_repsolmedia_wp-content_uploads_2022_06_RHT22_TrialGP_r3_BOU_3179_ps-scaled-1.jpg 480w, https:\/\/bxrepsol.s3.eu-west-1.amazonaws.com\/static\/2022\/08\/05100734\/http___repsolmedia.com_repsolmedia_wp-content_uploads_2022_06_RHT22_TrialGP_r3_BOU_3179_ps-scaled-1.jpg 32w\" title=\"http___repsolmedia.com_repsolmedia_wp-content_uploads_2022_06_RHT22_TrialGP_r3_BOU_3179_ps-scaled\" alt=\"\" data-title=\"\"><br \/>\n<\/a><br \/>\n<a href=\"https:\/\/bxrepsol.s3.eu-west-1.amazonaws.com\/static\/2022\/08\/05100737\/http___repsolmedia.com_repsolmedia_wp-content_uploads_2022_06_RHT22_TrialGP_r4_PODIUM_3914_ps-scaled-1.jpg\" data-index=\"1\"><br \/>\n<img decoding=\"async\" src=\"https:\/\/bxrepsol.s3.eu-west-1.amazonaws.com\/static\/2022\/08\/05100737\/http___repsolmedia.com_repsolmedia_wp-content_uploads_2022_06_RHT22_TrialGP_r4_PODIUM_3914_ps-scaled-1.jpg\" srcset=\"https:\/\/bxrepsol.s3.eu-west-1.amazonaws.com\/static\/2022\/08\/05100737\/http___repsolmedia.com_repsolmedia_wp-content_uploads_2022_06_RHT22_TrialGP_r4_PODIUM_3914_ps-scaled-1.jpg 2560w, https:\/\/bxrepsol.s3.eu-west-1.amazonaws.com\/static\/2022\/08\/05100737\/http___repsolmedia.com_repsolmedia_wp-content_uploads_2022_06_RHT22_TrialGP_r4_PODIUM_3914_ps-scaled-1.jpg 1280w, https:\/\/bxrepsol.s3.eu-west-1.amazonaws.com\/static\/2022\/08\/05100737\/http___repsolmedia.com_repsolmedia_wp-content_uploads_2022_06_RHT22_TrialGP_r4_PODIUM_3914_ps-scaled-1.jpg 900w, https:\/\/bxrepsol.s3.eu-west-1.amazonaws.com\/static\/2022\/08\/05100737\/http___repsolmedia.com_repsolmedia_wp-content_uploads_2022_06_RHT22_TrialGP_r4_PODIUM_3914_ps-scaled-1.jpg 600w, https:\/\/bxrepsol.s3.eu-west-1.amazonaws.com\/static\/2022\/08\/05100737\/http___repsolmedia.com_repsolmedia_wp-content_uploads_2022_06_RHT22_TrialGP_r4_PODIUM_3914_ps-scaled-1.jpg 480w, https:\/\/bxrepsol.s3.eu-west-1.amazonaws.com\/static\/2022\/08\/05100737\/http___repsolmedia.com_repsolmedia_wp-content_uploads_2022_06_RHT22_TrialGP_r4_PODIUM_3914_ps-scaled-1.jpg 32w\" title=\"http___repsolmedia.com_repsolmedia_wp-content_uploads_2022_06_RHT22_TrialGP_r4_PODIUM_3914_ps-scaled\" alt=\"\" data-title=\"\"><br \/>\n<\/a><br \/>\n<a href=\"https:\/\/bxrepsol.s3.eu-west-1.amazonaws.com\/static\/2022\/08\/05100739\/http___repsolmedia.com_repsolmedia_wp-content_uploads_2022_06_RHT22_TrialGP_r4_MARCELLI_5156_ps-scaled-1.jpg\" data-index=\"2\"><br \/>\n<img decoding=\"async\" src=\"https:\/\/bxrepsol.s3.eu-west-1.amazonaws.com\/static\/2022\/08\/05100739\/http___repsolmedia.com_repsolmedia_wp-content_uploads_2022_06_RHT22_TrialGP_r4_MARCELLI_5156_ps-scaled-1.jpg\" srcset=\"https:\/\/bxrepsol.s3.eu-west-1.amazonaws.com\/static\/2022\/08\/05100739\/http___repsolmedia.com_repsolmedia_wp-content_uploads_2022_06_RHT22_TrialGP_r4_MARCELLI_5156_ps-scaled-1.jpg 2560w, https:\/\/bxrepsol.s3.eu-west-1.amazonaws.com\/static\/2022\/08\/05100739\/http___repsolmedia.com_repsolmedia_wp-content_uploads_2022_06_RHT22_TrialGP_r4_MARCELLI_5156_ps-scaled-1.jpg 1280w, https:\/\/bxrepsol.s3.eu-west-1.amazonaws.com\/static\/2022\/08\/05100739\/http___repsolmedia.com_repsolmedia_wp-content_uploads_2022_06_RHT22_TrialGP_r4_MARCELLI_5156_ps-scaled-1.jpg 900w, https:\/\/bxrepsol.s3.eu-west-1.amazonaws.com\/static\/2022\/08\/05100739\/http___repsolmedia.com_repsolmedia_wp-content_uploads_2022_06_RHT22_TrialGP_r4_MARCELLI_5156_ps-scaled-1.jpg 600w, https:\/\/bxrepsol.s3.eu-west-1.amazonaws.com\/static\/2022\/08\/05100739\/http___repsolmedia.com_repsolmedia_wp-content_uploads_2022_06_RHT22_TrialGP_r4_MARCELLI_5156_ps-scaled-1.jpg 480w, https:\/\/bxrepsol.s3.eu-west-1.amazonaws.com\/static\/2022\/08\/05100739\/http___repsolmedia.com_repsolmedia_wp-content_uploads_2022_06_RHT22_TrialGP_r4_MARCELLI_5156_ps-scaled-1.jpg 32w\" title=\"http___repsolmedia.com_repsolmedia_wp-content_uploads_2022_06_RHT22_TrialGP_r4_MARCELLI_5156_ps-scaled\" alt=\"\" data-title=\"\"><br \/>\n<\/a><br \/>\n<a href=\"https:\/\/bxrepsol.s3.eu-west-1.amazonaws.com\/static\/2022\/08\/05100743\/http___repsolmedia.com_repsolmedia_wp-content_uploads_2022_06_RHT22_TrialGP_r4_PODIUM_3947_ps-scaled-1.jpg\" data-index=\"3\"><br \/>\n<img decoding=\"async\" src=\"https:\/\/bxrepsol.s3.eu-west-1.amazonaws.com\/static\/2022\/08\/05100743\/http___repsolmedia.com_repsolmedia_wp-content_uploads_2022_06_RHT22_TrialGP_r4_PODIUM_3947_ps-scaled-1.jpg\" srcset=\"https:\/\/bxrepsol.s3.eu-west-1.amazonaws.com\/static\/2022\/08\/05100743\/http___repsolmedia.com_repsolmedia_wp-content_uploads_2022_06_RHT22_TrialGP_r4_PODIUM_3947_ps-scaled-1.jpg 2560w, https:\/\/bxrepsol.s3.eu-west-1.amazonaws.com\/static\/2022\/08\/05100743\/http___repsolmedia.com_repsolmedia_wp-content_uploads_2022_06_RHT22_TrialGP_r4_PODIUM_3947_ps-scaled-1.jpg 1280w, https:\/\/bxrepsol.s3.eu-west-1.amazonaws.com\/static\/2022\/08\/05100743\/http___repsolmedia.com_repsolmedia_wp-content_uploads_2022_06_RHT22_TrialGP_r4_PODIUM_3947_ps-scaled-1.jpg 900w, https:\/\/bxrepsol.s3.eu-west-1.amazonaws.com\/static\/2022\/08\/05100743\/http___repsolmedia.com_repsolmedia_wp-content_uploads_2022_06_RHT22_TrialGP_r4_PODIUM_3947_ps-scaled-1.jpg 600w, https:\/\/bxrepsol.s3.eu-west-1.amazonaws.com\/static\/2022\/08\/05100743\/http___repsolmedia.com_repsolmedia_wp-content_uploads_2022_06_RHT22_TrialGP_r4_PODIUM_3947_ps-scaled-1.jpg 480w, https:\/\/bxrepsol.s3.eu-west-1.amazonaws.com\/static\/2022\/08\/05100743\/http___repsolmedia.com_repsolmedia_wp-content_uploads_2022_06_RHT22_TrialGP_r4_PODIUM_3947_ps-scaled-1.jpg 32w\" title=\"http___repsolmedia.com_repsolmedia_wp-content_uploads_2022_06_RHT22_TrialGP_r4_PODIUM_3947_ps-scaled\" alt=\"\" data-title=\"\"><br \/>\n<\/a><br \/>\n<a href=\"https:\/\/bxrepsol.s3.eu-west-1.amazonaws.com\/static\/2022\/08\/05100746\/http___repsolmedia.com_repsolmedia_wp-content_uploads_2022_06_RHT22_TrialGP_r4_MARCELLI_3542_ps-scaled-1.jpg\" data-index=\"4\"><br \/>\n<img decoding=\"async\" src=\"https:\/\/bxrepsol.s3.eu-west-1.amazonaws.com\/static\/2022\/08\/05100746\/http___repsolmedia.com_repsolmedia_wp-content_uploads_2022_06_RHT22_TrialGP_r4_MARCELLI_3542_ps-scaled-1.jpg\" srcset=\"https:\/\/bxrepsol.s3.eu-west-1.amazonaws.com\/static\/2022\/08\/05100746\/http___repsolmedia.com_repsolmedia_wp-content_uploads_2022_06_RHT22_TrialGP_r4_MARCELLI_3542_ps-scaled-1.jpg 2560w, https:\/\/bxrepsol.s3.eu-west-1.amazonaws.com\/static\/2022\/08\/05100746\/http___repsolmedia.com_repsolmedia_wp-content_uploads_2022_06_RHT22_TrialGP_r4_MARCELLI_3542_ps-scaled-1.jpg 1280w, https:\/\/bxrepsol.s3.eu-west-1.amazonaws.com\/static\/2022\/08\/05100746\/http___repsolmedia.com_repsolmedia_wp-content_uploads_2022_06_RHT22_TrialGP_r4_MARCELLI_3542_ps-scaled-1.jpg 900w, https:\/\/bxrepsol.s3.eu-west-1.amazonaws.com\/static\/2022\/08\/05100746\/http___repsolmedia.com_repsolmedia_wp-content_uploads_2022_06_RHT22_TrialGP_r4_MARCELLI_3542_ps-scaled-1.jpg 600w, https:\/\/bxrepsol.s3.eu-west-1.amazonaws.com\/static\/2022\/08\/05100746\/http___repsolmedia.com_repsolmedia_wp-content_uploads_2022_06_RHT22_TrialGP_r4_MARCELLI_3542_ps-scaled-1.jpg 480w, https:\/\/bxrepsol.s3.eu-west-1.amazonaws.com\/static\/2022\/08\/05100746\/http___repsolmedia.com_repsolmedia_wp-content_uploads_2022_06_RHT22_TrialGP_r4_MARCELLI_3542_ps-scaled-1.jpg 32w\" title=\"http___repsolmedia.com_repsolmedia_wp-content_uploads_2022_06_RHT22_TrialGP_r4_MARCELLI_3542_ps-scaled\" alt=\"\" data-title=\"\"><br \/>\n<\/a><br \/>\n<button data-glide-dir=\"<\"><br \/>\n<svg role=\"img\" viewBox=\"0 0 256 512\">\n                <path fill=\"currentColor\" d=\"M238.475 475.535l7.071-7.07c4.686-4.686 4.686-12.284 0-16.971L50.053 256 245.546 60.506c4.686-4.686 4.686-12.284 0-16.971l-7.071-7.07c-4.686-4.686-12.284-4.686-16.97 0L10.454 247.515c-4.686 4.686-4.686 12.284 0 16.971l211.051 211.05c4.686 4.686 12.284 4.686 16.97-.001z\"><\/path>\n            <\/svg><br \/>\n<\/button><br \/>\n<button data-glide-dir=\">\u00ab><br \/>\n<svg role=\"img\" viewBox=\"0 0 256 512\">\n                <path fill=\"currentColor\" d=\"M17.525 36.465l-7.071 7.07c-4.686 4.686-4.686 12.284 0 16.971L205.947 256 10.454 451.494c-4.686 4.686-4.686 12.284 0 16.971l7.071 7.07c4.686 4.686 12.284 4.686 16.97 0l211.051-211.05c4.686-4.686 4.686-12.284 0-16.971L34.495 36.465c-4.686-4.687-12.284-4.687-16.97 0z\"><\/path>\n            <\/svg><br \/>\n<\/button><\/p>\n<p><strong>Declaraciones de los pilotos<\/strong><\/p>\n<p><strong>Toni Bou<\/strong><\/p>\n<p>\u00abEstoy muy contento por c\u00f3mo ha ido el d\u00eda. Ayer fue un d\u00eda duro pero hoy tambi\u00e9n y hemos podido lograr una victoria muy importante de cara al campeonato. Adem\u00e1s, lograr aqu\u00ed en Andorra mi victoria Mundial n\u00famero 200, entre &#8216;indoor&#8217; y &#8216;outdoor&#8217;, me hace a\u00fan m\u00e1s ilusi\u00f3n. Debemos ser realistas, lograr una primera y una segunda posici\u00f3n en un fin de semana de Campeonato del Mundo es positivo, como tambi\u00e9n lo fue en l\u2019Hospitalet de l\u2019Infant. Creo que mis n\u00fameros son muy buenos, estamos muy mal acostumbrados, y cuando logro una segunda plaza parece un desastre, pero no lo es. Siempre digo que es importante estar con los pies en el suelo, porque llegar aqu\u00ed empatado con el primero y salir de Andorra con 11 puntos de ventaja sobre el segundo es muy positivo. Me habr\u00eda gustado ganar ayer, pero siendo realistas, comet\u00ed varios errores, igual que hoy tambi\u00e9n los hemos cometido, aunque hemos sabido solucionarlos y estoy contento con el fin de semana\u00bb.<\/p>\n<p><b>Gabriel Marcelli<\/b><\/p>\n<p>\u00abEn la primera vuelta no he pilotado todo lo bien que podr\u00eda haber pilotado. He cometido demasiados fallos y he acumulado bastantes puntos. Afortunadamente, en la segunda vuelta he pilotado bastante mejor y he vuelto a ser yo, aunque el resto de pilotos tambi\u00e9n han pilotado muy bien y han recortado distancias. A pesar de que yo me he encontrado bien encima de la moto, cuando he llegado al paddock y he visto los resultados me he dado cuenta que no hab\u00eda podido ganar tantas posiciones como esperaba. Este a\u00f1o hay mucha rivalidad, todos los pilotos est\u00e1n muy fuertes y habr\u00e1 que dar m\u00e1s gas para la siguiente\u00bb.<\/p>\n","protected":false},"excerpt":{"rendered":"<p>El piloto del equipo Repsol Honda ampl\u00eda su liderato en la doble cita del TrialGP de Andorra con una victoria y un segundo puesto. Gabriel Marcelli acaricia el podio y suma nuevos puntos en la general, con una 5\u00aa y una 7\u00aa posici\u00f3n.<\/p>\n","protected":false},"author":43146,"featured_media":46444,"comment_status":"open","ping_status":"open","sticky":false,"template":"","format":"standard","meta":{"footnotes":""},"categories":[23],"tags":[120,203,130,21],"class_list":["post-95405","post","type-post","status-publish","format-standard","hentry","category-trial","tag-120","tag-gabri-marcelli","tag-otros-eventos-y-competiciones","tag-toni-bou"],"yoast_head":"<!-- This site is optimized with the Yoast SEO plugin v27.3 - https:\/\/yoast.com\/product\/yoast-seo-wordpress\/ -->\n<title>Toni Bou se hace con su victoria n\u00famero 200 - Box Repsol<\/title>\n<meta name=\"description\" content=\"Descubre c\u00f3mo el legendario piloto Toni Bou logra un hito hist\u00f3rico con su victoria n\u00famero 200 en el deporte del trial.\" \/>\n<link rel=\"canonical\" href=\"https:\/\/www.boxrepsol.com\/es\/trial\/toni-bou-se-hace-con-su-victoria-numero-200\/\" \/>\n<meta property=\"og:locale\" content=\"es_ES\" \/>\n<meta property=\"og:type\" content=\"article\" \/>\n<meta property=\"og:title\" content=\"Toni Bou se hace con su victoria n\u00famero 200 - Box Repsol\" \/>\n<meta property=\"og:description\" content=\"Descubre c\u00f3mo el legendario piloto Toni Bou logra un hito hist\u00f3rico con su victoria n\u00famero 200 en el deporte del trial.\" \/>\n<meta property=\"og:url\" content=\"https:\/\/www.boxrepsol.com\/es\/trial\/toni-bou-se-hace-con-su-victoria-numero-200\/\" \/>\n<meta property=\"og:site_name\" content=\"Box Repsol\" \/>\n<meta property=\"article:publisher\" content=\"https:\/\/www.facebook.com\/BoxRepsol\" \/>\n<meta property=\"article:author\" content=\"https:\/\/www.facebook.com\/BoxRepsol\/\" \/>\n<meta property=\"article:published_time\" content=\"2022-06-19T02:00:00+00:00\" \/>\n<meta property=\"article:modified_time\" content=\"2024-04-09T08:44:17+00:00\" \/>\n<meta property=\"og:image\" content=\"https:\/\/bxrepsol.s3.eu-west-1.amazonaws.com\/static\/2022\/08\/10043333\/http___repsolmedia.com_repsolmedia_wp-content_uploads_2022_06_RHT22_TrialGP_r4_PODIUM_5546_ps-scaled-1.jpg\" \/>\n\t<meta property=\"og:image:width\" content=\"1280\" \/>\n\t<meta property=\"og:image:height\" content=\"600\" \/>\n\t<meta property=\"og:image:type\" content=\"image\/jpeg\" \/>\n<meta name=\"author\" content=\"Redacci\u00f3n Box Repsol\" \/>\n<meta name=\"twitter:card\" content=\"summary_large_image\" \/>\n<meta name=\"twitter:creator\" content=\"@https:\/\/twitter.com\/box_repsol\" \/>\n<meta name=\"twitter:site\" content=\"@box_repsol\" \/>\n<meta name=\"twitter:label1\" content=\"Written by\" \/>\n\t<meta name=\"twitter:data1\" content=\"Redacci\u00f3n Box Repsol\" \/>\n\t<meta name=\"twitter:label2\" content=\"Est. reading time\" \/>\n\t<meta name=\"twitter:data2\" content=\"3 minutos\" \/>\n<script type=\"application\/ld+json\" class=\"yoast-schema-graph\">{\"@context\":\"https:\\\/\\\/schema.org\",\"@graph\":[{\"@type\":\"Article\",\"@id\":\"https:\\\/\\\/www.boxrepsol.com\\\/es\\\/trial\\\/toni-bou-se-hace-con-su-victoria-numero-200\\\/#article\",\"isPartOf\":{\"@id\":\"https:\\\/\\\/www.boxrepsol.com\\\/es\\\/trial\\\/toni-bou-se-hace-con-su-victoria-numero-200\\\/\"},\"author\":{\"name\":\"Redacci\u00f3n Box Repsol\",\"@id\":\"https:\\\/\\\/www.boxrepsol.com\\\/es\\\/#\\\/schema\\\/person\\\/c5c2138f2cca251b0ad92b7086bb60b7\"},\"headline\":\"Toni Bou se hace con su victoria n\u00famero 200\",\"datePublished\":\"2022-06-19T02:00:00+00:00\",\"dateModified\":\"2024-04-09T08:44:17+00:00\",\"mainEntityOfPage\":{\"@id\":\"https:\\\/\\\/www.boxrepsol.com\\\/es\\\/trial\\\/toni-bou-se-hace-con-su-victoria-numero-200\\\/\"},\"wordCount\":578,\"commentCount\":0,\"publisher\":{\"@id\":\"https:\\\/\\\/www.boxrepsol.com\\\/es\\\/#organization\"},\"image\":{\"@id\":\"https:\\\/\\\/www.boxrepsol.com\\\/es\\\/trial\\\/toni-bou-se-hace-con-su-victoria-numero-200\\\/#primaryimage\"},\"thumbnailUrl\":\"https:\\\/\\\/bxrepsol.s3.eu-west-1.amazonaws.com\\\/static\\\/2022\\\/08\\\/10043333\\\/http___repsolmedia.com_repsolmedia_wp-content_uploads_2022_06_RHT22_TrialGP_r4_PODIUM_5546_ps-scaled-1.jpg\",\"keywords\":[\"2022\",\"Gabri Marcelli\",\"otros eventos y competiciones\",\"Toni Bou\"],\"articleSection\":[\"Trial\"],\"inLanguage\":\"es\",\"potentialAction\":[{\"@type\":\"CommentAction\",\"name\":\"Comment\",\"target\":[\"https:\\\/\\\/www.boxrepsol.com\\\/es\\\/trial\\\/toni-bou-se-hace-con-su-victoria-numero-200\\\/#respond\"]}]},{\"@type\":\"WebPage\",\"@id\":\"https:\\\/\\\/www.boxrepsol.com\\\/es\\\/trial\\\/toni-bou-se-hace-con-su-victoria-numero-200\\\/\",\"url\":\"https:\\\/\\\/www.boxrepsol.com\\\/es\\\/trial\\\/toni-bou-se-hace-con-su-victoria-numero-200\\\/\",\"name\":\"Toni Bou se hace con su victoria n\u00famero 200 - Box Repsol\",\"isPartOf\":{\"@id\":\"https:\\\/\\\/www.boxrepsol.com\\\/es\\\/#website\"},\"primaryImageOfPage\":{\"@id\":\"https:\\\/\\\/www.boxrepsol.com\\\/es\\\/trial\\\/toni-bou-se-hace-con-su-victoria-numero-200\\\/#primaryimage\"},\"image\":{\"@id\":\"https:\\\/\\\/www.boxrepsol.com\\\/es\\\/trial\\\/toni-bou-se-hace-con-su-victoria-numero-200\\\/#primaryimage\"},\"thumbnailUrl\":\"https:\\\/\\\/bxrepsol.s3.eu-west-1.amazonaws.com\\\/static\\\/2022\\\/08\\\/10043333\\\/http___repsolmedia.com_repsolmedia_wp-content_uploads_2022_06_RHT22_TrialGP_r4_PODIUM_5546_ps-scaled-1.jpg\",\"datePublished\":\"2022-06-19T02:00:00+00:00\",\"dateModified\":\"2024-04-09T08:44:17+00:00\",\"description\":\"Descubre c\u00f3mo el legendario piloto Toni Bou logra un hito hist\u00f3rico con su victoria n\u00famero 200 en el deporte del trial.\",\"breadcrumb\":{\"@id\":\"https:\\\/\\\/www.boxrepsol.com\\\/es\\\/trial\\\/toni-bou-se-hace-con-su-victoria-numero-200\\\/#breadcrumb\"},\"inLanguage\":\"es\",\"potentialAction\":[{\"@type\":\"ReadAction\",\"target\":[\"https:\\\/\\\/www.boxrepsol.com\\\/es\\\/trial\\\/toni-bou-se-hace-con-su-victoria-numero-200\\\/\"]}]},{\"@type\":\"ImageObject\",\"inLanguage\":\"es\",\"@id\":\"https:\\\/\\\/www.boxrepsol.com\\\/es\\\/trial\\\/toni-bou-se-hace-con-su-victoria-numero-200\\\/#primaryimage\",\"url\":\"https:\\\/\\\/bxrepsol.s3.eu-west-1.amazonaws.com\\\/static\\\/2022\\\/08\\\/10043333\\\/http___repsolmedia.com_repsolmedia_wp-content_uploads_2022_06_RHT22_TrialGP_r4_PODIUM_5546_ps-scaled-1.jpg\",\"contentUrl\":\"https:\\\/\\\/bxrepsol.s3.eu-west-1.amazonaws.com\\\/static\\\/2022\\\/08\\\/10043333\\\/http___repsolmedia.com_repsolmedia_wp-content_uploads_2022_06_RHT22_TrialGP_r4_PODIUM_5546_ps-scaled-1.jpg\",\"width\":1280,\"height\":600},{\"@type\":\"BreadcrumbList\",\"@id\":\"https:\\\/\\\/www.boxrepsol.com\\\/es\\\/trial\\\/toni-bou-se-hace-con-su-victoria-numero-200\\\/#breadcrumb\",\"itemListElement\":[{\"@type\":\"ListItem\",\"position\":1,\"name\":\"Home\",\"item\":\"https:\\\/\\\/www.boxrepsol.com\\\/es\\\/\"},{\"@type\":\"ListItem\",\"position\":2,\"name\":\"Toni Bou se hace con su victoria n\u00famero 200\"}]},{\"@type\":\"WebSite\",\"@id\":\"https:\\\/\\\/www.boxrepsol.com\\\/es\\\/#website\",\"url\":\"https:\\\/\\\/www.boxrepsol.com\\\/es\\\/\",\"name\":\"Box Repsol\",\"description\":\"Box Repsol Site\",\"publisher\":{\"@id\":\"https:\\\/\\\/www.boxrepsol.com\\\/es\\\/#organization\"},\"potentialAction\":[{\"@type\":\"SearchAction\",\"target\":{\"@type\":\"EntryPoint\",\"urlTemplate\":\"https:\\\/\\\/www.boxrepsol.com\\\/es\\\/?s={search_term_string}\"},\"query-input\":{\"@type\":\"PropertyValueSpecification\",\"valueRequired\":true,\"valueName\":\"search_term_string\"}}],\"inLanguage\":\"es\"},{\"@type\":\"Organization\",\"@id\":\"https:\\\/\\\/www.boxrepsol.com\\\/es\\\/#organization\",\"name\":\"Box Repsol\",\"url\":\"https:\\\/\\\/www.boxrepsol.com\\\/es\\\/\",\"logo\":{\"@type\":\"ImageObject\",\"inLanguage\":\"es\",\"@id\":\"https:\\\/\\\/www.boxrepsol.com\\\/es\\\/#\\\/schema\\\/logo\\\/image\\\/\",\"url\":\"https:\\\/\\\/bxrepsol.s3.eu-west-1.amazonaws.com\\\/static\\\/2025\\\/07\\\/30083337\\\/favicon-96x96-1.png\",\"contentUrl\":\"https:\\\/\\\/bxrepsol.s3.eu-west-1.amazonaws.com\\\/static\\\/2025\\\/07\\\/30083337\\\/favicon-96x96-1.png\",\"width\":96,\"height\":96,\"caption\":\"Box Repsol\"},\"image\":{\"@id\":\"https:\\\/\\\/www.boxrepsol.com\\\/es\\\/#\\\/schema\\\/logo\\\/image\\\/\"},\"sameAs\":[\"https:\\\/\\\/www.facebook.com\\\/BoxRepsol\",\"https:\\\/\\\/x.com\\\/box_repsol\",\"http:\\\/\\\/instagram.com\\\/box_repsol\",\"https:\\\/\\\/www.youtube.com\\\/user\\\/RepsolCompeticion\",\"https:\\\/\\\/www.flickr.com\\\/photos\\\/box_repsol\\\/\"]},{\"@type\":\"Person\",\"@id\":\"https:\\\/\\\/www.boxrepsol.com\\\/es\\\/#\\\/schema\\\/person\\\/c5c2138f2cca251b0ad92b7086bb60b7\",\"name\":\"Redacci\u00f3n Box Repsol\",\"image\":{\"@type\":\"ImageObject\",\"inLanguage\":\"es\",\"@id\":\"https:\\\/\\\/secure.gravatar.com\\\/avatar\\\/adf7b77e38b4419baf32c7e9c21dde01f4e40df611f0978e3006fc4ba0aaab7e?s=96&d=mm&r=g\",\"url\":\"https:\\\/\\\/secure.gravatar.com\\\/avatar\\\/adf7b77e38b4419baf32c7e9c21dde01f4e40df611f0978e3006fc4ba0aaab7e?s=96&d=mm&r=g\",\"contentUrl\":\"https:\\\/\\\/secure.gravatar.com\\\/avatar\\\/adf7b77e38b4419baf32c7e9c21dde01f4e40df611f0978e3006fc4ba0aaab7e?s=96&d=mm&r=g\",\"caption\":\"Redacci\u00f3n Box Repsol\"},\"description\":\"Box Repsol lo forma un equipo de periodistas, community managers, dise\u00f1adores y fot\u00f3grafos con m\u00e1s de 20 a\u00f1os de experiencia en el mundo del motorsport. Hemos vivido el primer mundial de un espa\u00f1ol en la categor\u00eda reina de motociclismo con \u00c1lex Crivill\u00e9, estuvimos en las victorias de Pedrosa y los t\u00edtulos de M\u00e1rquez, acompa\u00f1amos en \u00c1frica a Nani Roma y Marc Coma en sus conquistas del Dakar y hemos vibrado con los t\u00edtulos de Toni Bou en Trial. Adem\u00e1s, en nuestro equipo contamos con expertos en el mundo de las dos y cuatro ruedas tanto de la calle y las carreteras, como de los circuitos. Periodistas que han trabajado en revistas y publicaciones para hacerte llegar desde rutas y consejos de mantenimiento, a curiosidades y trucos de pilotaje.\",\"sameAs\":[\"https:\\\/\\\/www.facebook.com\\\/BoxRepsol\\\/\",\"https:\\\/\\\/www.instagram.com\\\/box_repsol\\\/\",\"https:\\\/\\\/x.com\\\/https:\\\/\\\/twitter.com\\\/box_repsol\",\"https:\\\/\\\/www.youtube.com\\\/@Boxrepsol\"],\"url\":\"https:\\\/\\\/www.boxrepsol.com\\\/es\\\/author\\\/redaccion-box-repsol\\\/\"}]}<\/script>\n<!-- \/ Yoast SEO plugin. -->","yoast_head_json":{"title":"Toni Bou se hace con su victoria n\u00famero 200 - Box Repsol","description":"Descubre c\u00f3mo el legendario piloto Toni Bou logra un hito hist\u00f3rico con su victoria n\u00famero 200 en el deporte del trial.","canonical":"https:\/\/www.boxrepsol.com\/es\/trial\/toni-bou-se-hace-con-su-victoria-numero-200\/","og_locale":"es_ES","og_type":"article","og_title":"Toni Bou se hace con su victoria n\u00famero 200 - Box Repsol","og_description":"Descubre c\u00f3mo el legendario piloto Toni Bou logra un hito hist\u00f3rico con su victoria n\u00famero 200 en el deporte del trial.","og_url":"https:\/\/www.boxrepsol.com\/es\/trial\/toni-bou-se-hace-con-su-victoria-numero-200\/","og_site_name":"Box Repsol","article_publisher":"https:\/\/www.facebook.com\/BoxRepsol","article_author":"https:\/\/www.facebook.com\/BoxRepsol\/","article_published_time":"2022-06-19T02:00:00+00:00","article_modified_time":"2024-04-09T08:44:17+00:00","og_image":[{"width":1280,"height":600,"url":"https:\/\/bxrepsol.s3.eu-west-1.amazonaws.com\/static\/2022\/08\/10043333\/http___repsolmedia.com_repsolmedia_wp-content_uploads_2022_06_RHT22_TrialGP_r4_PODIUM_5546_ps-scaled-1.jpg","type":"image\/jpeg"}],"author":"Redacci\u00f3n Box Repsol","twitter_card":"summary_large_image","twitter_creator":"@https:\/\/twitter.com\/box_repsol","twitter_site":"@box_repsol","twitter_misc":{"Written by":"Redacci\u00f3n Box Repsol","Est. reading time":"3 minutos"},"schema":{"@context":"https:\/\/schema.org","@graph":[{"@type":"Article","@id":"https:\/\/www.boxrepsol.com\/es\/trial\/toni-bou-se-hace-con-su-victoria-numero-200\/#article","isPartOf":{"@id":"https:\/\/www.boxrepsol.com\/es\/trial\/toni-bou-se-hace-con-su-victoria-numero-200\/"},"author":{"name":"Redacci\u00f3n Box Repsol","@id":"https:\/\/www.boxrepsol.com\/es\/#\/schema\/person\/c5c2138f2cca251b0ad92b7086bb60b7"},"headline":"Toni Bou se hace con su victoria n\u00famero 200","datePublished":"2022-06-19T02:00:00+00:00","dateModified":"2024-04-09T08:44:17+00:00","mainEntityOfPage":{"@id":"https:\/\/www.boxrepsol.com\/es\/trial\/toni-bou-se-hace-con-su-victoria-numero-200\/"},"wordCount":578,"commentCount":0,"publisher":{"@id":"https:\/\/www.boxrepsol.com\/es\/#organization"},"image":{"@id":"https:\/\/www.boxrepsol.com\/es\/trial\/toni-bou-se-hace-con-su-victoria-numero-200\/#primaryimage"},"thumbnailUrl":"https:\/\/bxrepsol.s3.eu-west-1.amazonaws.com\/static\/2022\/08\/10043333\/http___repsolmedia.com_repsolmedia_wp-content_uploads_2022_06_RHT22_TrialGP_r4_PODIUM_5546_ps-scaled-1.jpg","keywords":["2022","Gabri Marcelli","otros eventos y competiciones","Toni Bou"],"articleSection":["Trial"],"inLanguage":"es","potentialAction":[{"@type":"CommentAction","name":"Comment","target":["https:\/\/www.boxrepsol.com\/es\/trial\/toni-bou-se-hace-con-su-victoria-numero-200\/#respond"]}]},{"@type":"WebPage","@id":"https:\/\/www.boxrepsol.com\/es\/trial\/toni-bou-se-hace-con-su-victoria-numero-200\/","url":"https:\/\/www.boxrepsol.com\/es\/trial\/toni-bou-se-hace-con-su-victoria-numero-200\/","name":"Toni Bou se hace con su victoria n\u00famero 200 - Box Repsol","isPartOf":{"@id":"https:\/\/www.boxrepsol.com\/es\/#website"},"primaryImageOfPage":{"@id":"https:\/\/www.boxrepsol.com\/es\/trial\/toni-bou-se-hace-con-su-victoria-numero-200\/#primaryimage"},"image":{"@id":"https:\/\/www.boxrepsol.com\/es\/trial\/toni-bou-se-hace-con-su-victoria-numero-200\/#primaryimage"},"thumbnailUrl":"https:\/\/bxrepsol.s3.eu-west-1.amazonaws.com\/static\/2022\/08\/10043333\/http___repsolmedia.com_repsolmedia_wp-content_uploads_2022_06_RHT22_TrialGP_r4_PODIUM_5546_ps-scaled-1.jpg","datePublished":"2022-06-19T02:00:00+00:00","dateModified":"2024-04-09T08:44:17+00:00","description":"Descubre c\u00f3mo el legendario piloto Toni Bou logra un hito hist\u00f3rico con su victoria n\u00famero 200 en el deporte del trial.","breadcrumb":{"@id":"https:\/\/www.boxrepsol.com\/es\/trial\/toni-bou-se-hace-con-su-victoria-numero-200\/#breadcrumb"},"inLanguage":"es","potentialAction":[{"@type":"ReadAction","target":["https:\/\/www.boxrepsol.com\/es\/trial\/toni-bou-se-hace-con-su-victoria-numero-200\/"]}]},{"@type":"ImageObject","inLanguage":"es","@id":"https:\/\/www.boxrepsol.com\/es\/trial\/toni-bou-se-hace-con-su-victoria-numero-200\/#primaryimage","url":"https:\/\/bxrepsol.s3.eu-west-1.amazonaws.com\/static\/2022\/08\/10043333\/http___repsolmedia.com_repsolmedia_wp-content_uploads_2022_06_RHT22_TrialGP_r4_PODIUM_5546_ps-scaled-1.jpg","contentUrl":"https:\/\/bxrepsol.s3.eu-west-1.amazonaws.com\/static\/2022\/08\/10043333\/http___repsolmedia.com_repsolmedia_wp-content_uploads_2022_06_RHT22_TrialGP_r4_PODIUM_5546_ps-scaled-1.jpg","width":1280,"height":600},{"@type":"BreadcrumbList","@id":"https:\/\/www.boxrepsol.com\/es\/trial\/toni-bou-se-hace-con-su-victoria-numero-200\/#breadcrumb","itemListElement":[{"@type":"ListItem","position":1,"name":"Home","item":"https:\/\/www.boxrepsol.com\/es\/"},{"@type":"ListItem","position":2,"name":"Toni Bou se hace con su victoria n\u00famero 200"}]},{"@type":"WebSite","@id":"https:\/\/www.boxrepsol.com\/es\/#website","url":"https:\/\/www.boxrepsol.com\/es\/","name":"Box Repsol","description":"Box Repsol Site","publisher":{"@id":"https:\/\/www.boxrepsol.com\/es\/#organization"},"potentialAction":[{"@type":"SearchAction","target":{"@type":"EntryPoint","urlTemplate":"https:\/\/www.boxrepsol.com\/es\/?s={search_term_string}"},"query-input":{"@type":"PropertyValueSpecification","valueRequired":true,"valueName":"search_term_string"}}],"inLanguage":"es"},{"@type":"Organization","@id":"https:\/\/www.boxrepsol.com\/es\/#organization","name":"Box Repsol","url":"https:\/\/www.boxrepsol.com\/es\/","logo":{"@type":"ImageObject","inLanguage":"es","@id":"https:\/\/www.boxrepsol.com\/es\/#\/schema\/logo\/image\/","url":"https:\/\/bxrepsol.s3.eu-west-1.amazonaws.com\/static\/2025\/07\/30083337\/favicon-96x96-1.png","contentUrl":"https:\/\/bxrepsol.s3.eu-west-1.amazonaws.com\/static\/2025\/07\/30083337\/favicon-96x96-1.png","width":96,"height":96,"caption":"Box Repsol"},"image":{"@id":"https:\/\/www.boxrepsol.com\/es\/#\/schema\/logo\/image\/"},"sameAs":["https:\/\/www.facebook.com\/BoxRepsol","https:\/\/x.com\/box_repsol","http:\/\/instagram.com\/box_repsol","https:\/\/www.youtube.com\/user\/RepsolCompeticion","https:\/\/www.flickr.com\/photos\/box_repsol\/"]},{"@type":"Person","@id":"https:\/\/www.boxrepsol.com\/es\/#\/schema\/person\/c5c2138f2cca251b0ad92b7086bb60b7","name":"Redacci\u00f3n Box Repsol","image":{"@type":"ImageObject","inLanguage":"es","@id":"https:\/\/secure.gravatar.com\/avatar\/adf7b77e38b4419baf32c7e9c21dde01f4e40df611f0978e3006fc4ba0aaab7e?s=96&d=mm&r=g","url":"https:\/\/secure.gravatar.com\/avatar\/adf7b77e38b4419baf32c7e9c21dde01f4e40df611f0978e3006fc4ba0aaab7e?s=96&d=mm&r=g","contentUrl":"https:\/\/secure.gravatar.com\/avatar\/adf7b77e38b4419baf32c7e9c21dde01f4e40df611f0978e3006fc4ba0aaab7e?s=96&d=mm&r=g","caption":"Redacci\u00f3n Box Repsol"},"description":"Box Repsol lo forma un equipo de periodistas, community managers, dise\u00f1adores y fot\u00f3grafos con m\u00e1s de 20 a\u00f1os de experiencia en el mundo del motorsport. Hemos vivido el primer mundial de un espa\u00f1ol en la categor\u00eda reina de motociclismo con \u00c1lex Crivill\u00e9, estuvimos en las victorias de Pedrosa y los t\u00edtulos de M\u00e1rquez, acompa\u00f1amos en \u00c1frica a Nani Roma y Marc Coma en sus conquistas del Dakar y hemos vibrado con los t\u00edtulos de Toni Bou en Trial. Adem\u00e1s, en nuestro equipo contamos con expertos en el mundo de las dos y cuatro ruedas tanto de la calle y las carreteras, como de los circuitos. Periodistas que han trabajado en revistas y publicaciones para hacerte llegar desde rutas y consejos de mantenimiento, a curiosidades y trucos de pilotaje.","sameAs":["https:\/\/www.facebook.com\/BoxRepsol\/","https:\/\/www.instagram.com\/box_repsol\/","https:\/\/x.com\/https:\/\/twitter.com\/box_repsol","https:\/\/www.youtube.com\/@Boxrepsol"],"url":"https:\/\/www.boxrepsol.com\/es\/author\/redaccion-box-repsol\/"}]}},"_links":{"self":[{"href":"https:\/\/www.boxrepsol.com\/es\/wp-json\/wp\/v2\/posts\/95405","targetHints":{"allow":["GET"]}}],"collection":[{"href":"https:\/\/www.boxrepsol.com\/es\/wp-json\/wp\/v2\/posts"}],"about":[{"href":"https:\/\/www.boxrepsol.com\/es\/wp-json\/wp\/v2\/types\/post"}],"author":[{"embeddable":true,"href":"https:\/\/www.boxrepsol.com\/es\/wp-json\/wp\/v2\/users\/43146"}],"replies":[{"embeddable":true,"href":"https:\/\/www.boxrepsol.com\/es\/wp-json\/wp\/v2\/comments?post=95405"}],"version-history":[{"count":2,"href":"https:\/\/www.boxrepsol.com\/es\/wp-json\/wp\/v2\/posts\/95405\/revisions"}],"predecessor-version":[{"id":109202,"href":"https:\/\/www.boxrepsol.com\/es\/wp-json\/wp\/v2\/posts\/95405\/revisions\/109202"}],"wp:featuredmedia":[{"embeddable":true,"href":"https:\/\/www.boxrepsol.com\/es\/wp-json\/wp\/v2\/media\/46444"}],"wp:attachment":[{"href":"https:\/\/www.boxrepsol.com\/es\/wp-json\/wp\/v2\/media?parent=95405"}],"wp:term":[{"taxonomy":"category","embeddable":true,"href":"https:\/\/www.boxrepsol.com\/es\/wp-json\/wp\/v2\/categories?post=95405"},{"taxonomy":"post_tag","embeddable":true,"href":"https:\/\/www.boxrepsol.com\/es\/wp-json\/wp\/v2\/tags?post=95405"}],"curies":[{"name":"wp","href":"https:\/\/api.w.org\/{rel}","templated":true}]}}