{"id":95400,"date":"2022-06-18T00:00:00","date_gmt":"2022-06-18T02:00:00","guid":{"rendered":"http:\/\/pre.boxrepsol.com\/sin-categorizar\/quinta-linea-de-la-parrilla-de-salida-para-pol-espargaro\/"},"modified":"2024-04-09T06:47:57","modified_gmt":"2024-04-09T08:47:57","slug":"quinta-linea-de-la-parrilla-de-salida-para-pol-espargaro","status":"publish","type":"post","link":"https:\/\/www.boxrepsol.com\/es\/motogp\/quinta-linea-de-la-parrilla-de-salida-para-pol-espargaro\/","title":{"rendered":"Quinta l\u00ednea de la parrilla de salida para Pol Espargar\u00f3"},"content":{"rendered":"<p>La temperatura ha aumentado claramente hoy en el trazado alem\u00e1n de <strong>Sachsenring.<\/strong> Con la pista alcanzando los 50\u00baC, los term\u00f3metros han ido a m\u00e1s en una jornada complicado para el equipo <strong>Repsol Honda.<\/strong><\/p>\n<p>Por la ma\u00f1ana, en el primer entrenamiento del d\u00eda, <strong>Pol Espargar\u00f3<\/strong> no ha podido certificar su pase directo a la Q2. Bastante dolorido todav\u00eda por el \u201c<em>highside<\/em>\u201d que sufri\u00f3 ayer en la curva uno, el piloto del equipo <strong>Repsol Honda<\/strong> se ha quedado a tan s\u00f3lo cuatro d\u00e9cimas de pasar a la sesi\u00f3n clasificatoria que ha definido &nbsp;la \u201cpole position\u201d para ma\u00f1ana.<\/p>\n<p>Con un mejor tiempo de 1 minuto, 20 segundos y 604 mil\u00e9simas, Espargar\u00f3 saldr\u00e1 ma\u00f1ana decimotercero desde la quinta l\u00ednea en la parrilla.<\/p>\n<p><strong>Stefan Bradl<\/strong> tampoco ha podido clasificarse directamente para la Q2. En el primer entrenamiento clasificatorio de la jornada, el piloto alem\u00e1n ha conseguido un mejor tiempo de 1 minuto, 20 segundos y 908 mil\u00e9simas, registro que le sit\u00faa ma\u00f1ana en la decimoctava posici\u00f3n, sexta l\u00ednea de la parrilla.<\/p>\n<p><a href=\"https:\/\/bxrepsol.s3.eu-west-1.amazonaws.com\/static\/2022\/08\/05100621\/http___repsolmedia.com_repsolmedia_wp-content_uploads_2022_06_JRB3035-scaled-1.jpg\" data-index=\"0\"><br \/>\n<img decoding=\"async\" src=\"https:\/\/bxrepsol.s3.eu-west-1.amazonaws.com\/static\/2022\/08\/05100621\/http___repsolmedia.com_repsolmedia_wp-content_uploads_2022_06_JRB3035-scaled-1.jpg\" srcset=\"https:\/\/bxrepsol.s3.eu-west-1.amazonaws.com\/static\/2022\/08\/05100621\/http___repsolmedia.com_repsolmedia_wp-content_uploads_2022_06_JRB3035-scaled-1.jpg 2560w, https:\/\/bxrepsol.s3.eu-west-1.amazonaws.com\/static\/2022\/08\/05100621\/http___repsolmedia.com_repsolmedia_wp-content_uploads_2022_06_JRB3035-scaled-1.jpg 1280w, https:\/\/bxrepsol.s3.eu-west-1.amazonaws.com\/static\/2022\/08\/05100621\/http___repsolmedia.com_repsolmedia_wp-content_uploads_2022_06_JRB3035-scaled-1.jpg 900w, https:\/\/bxrepsol.s3.eu-west-1.amazonaws.com\/static\/2022\/08\/05100621\/http___repsolmedia.com_repsolmedia_wp-content_uploads_2022_06_JRB3035-scaled-1.jpg 600w, https:\/\/bxrepsol.s3.eu-west-1.amazonaws.com\/static\/2022\/08\/05100621\/http___repsolmedia.com_repsolmedia_wp-content_uploads_2022_06_JRB3035-scaled-1.jpg 480w, https:\/\/bxrepsol.s3.eu-west-1.amazonaws.com\/static\/2022\/08\/05100621\/http___repsolmedia.com_repsolmedia_wp-content_uploads_2022_06_JRB3035-scaled-1.jpg 32w\" title=\"http___repsolmedia.com_repsolmedia_wp-content_uploads_2022_06_JRB3035-scaled\" alt=\"\" data-title=\"\"><br \/>\n<\/a><br \/>\n<a href=\"https:\/\/bxrepsol.s3.eu-west-1.amazonaws.com\/static\/2022\/08\/05100624\/http___repsolmedia.com_repsolmedia_wp-content_uploads_2022_06_JRB5267-scaled-1.jpg\" data-index=\"1\"><br \/>\n<img decoding=\"async\" src=\"https:\/\/bxrepsol.s3.eu-west-1.amazonaws.com\/static\/2022\/08\/05100624\/http___repsolmedia.com_repsolmedia_wp-content_uploads_2022_06_JRB5267-scaled-1.jpg\" srcset=\"https:\/\/bxrepsol.s3.eu-west-1.amazonaws.com\/static\/2022\/08\/05100624\/http___repsolmedia.com_repsolmedia_wp-content_uploads_2022_06_JRB5267-scaled-1.jpg 2560w, https:\/\/bxrepsol.s3.eu-west-1.amazonaws.com\/static\/2022\/08\/05100624\/http___repsolmedia.com_repsolmedia_wp-content_uploads_2022_06_JRB5267-scaled-1.jpg 1280w, https:\/\/bxrepsol.s3.eu-west-1.amazonaws.com\/static\/2022\/08\/05100624\/http___repsolmedia.com_repsolmedia_wp-content_uploads_2022_06_JRB5267-scaled-1.jpg 900w, https:\/\/bxrepsol.s3.eu-west-1.amazonaws.com\/static\/2022\/08\/05100624\/http___repsolmedia.com_repsolmedia_wp-content_uploads_2022_06_JRB5267-scaled-1.jpg 600w, https:\/\/bxrepsol.s3.eu-west-1.amazonaws.com\/static\/2022\/08\/05100624\/http___repsolmedia.com_repsolmedia_wp-content_uploads_2022_06_JRB5267-scaled-1.jpg 480w, https:\/\/bxrepsol.s3.eu-west-1.amazonaws.com\/static\/2022\/08\/05100624\/http___repsolmedia.com_repsolmedia_wp-content_uploads_2022_06_JRB5267-scaled-1.jpg 32w\" title=\"http___repsolmedia.com_repsolmedia_wp-content_uploads_2022_06_JRB5267-scaled\" alt=\"\" data-title=\"\"><br \/>\n<\/a><br \/>\n<a href=\"https:\/\/bxrepsol.s3.eu-west-1.amazonaws.com\/static\/2022\/08\/05100627\/http___repsolmedia.com_repsolmedia_wp-content_uploads_2022_06_JRB2695-scaled-1.jpg\" data-index=\"2\"><br \/>\n<img decoding=\"async\" src=\"https:\/\/bxrepsol.s3.eu-west-1.amazonaws.com\/static\/2022\/08\/05100627\/http___repsolmedia.com_repsolmedia_wp-content_uploads_2022_06_JRB2695-scaled-1.jpg\" srcset=\"https:\/\/bxrepsol.s3.eu-west-1.amazonaws.com\/static\/2022\/08\/05100627\/http___repsolmedia.com_repsolmedia_wp-content_uploads_2022_06_JRB2695-scaled-1.jpg 2560w, https:\/\/bxrepsol.s3.eu-west-1.amazonaws.com\/static\/2022\/08\/05100627\/http___repsolmedia.com_repsolmedia_wp-content_uploads_2022_06_JRB2695-scaled-1.jpg 1280w, https:\/\/bxrepsol.s3.eu-west-1.amazonaws.com\/static\/2022\/08\/05100627\/http___repsolmedia.com_repsolmedia_wp-content_uploads_2022_06_JRB2695-scaled-1.jpg 900w, https:\/\/bxrepsol.s3.eu-west-1.amazonaws.com\/static\/2022\/08\/05100627\/http___repsolmedia.com_repsolmedia_wp-content_uploads_2022_06_JRB2695-scaled-1.jpg 600w, https:\/\/bxrepsol.s3.eu-west-1.amazonaws.com\/static\/2022\/08\/05100627\/http___repsolmedia.com_repsolmedia_wp-content_uploads_2022_06_JRB2695-scaled-1.jpg 480w, https:\/\/bxrepsol.s3.eu-west-1.amazonaws.com\/static\/2022\/08\/05100627\/http___repsolmedia.com_repsolmedia_wp-content_uploads_2022_06_JRB2695-scaled-1.jpg 32w\" title=\"http___repsolmedia.com_repsolmedia_wp-content_uploads_2022_06_JRB2695-scaled\" alt=\"\" data-title=\"\"><br \/>\n<\/a><br \/>\n<a href=\"https:\/\/bxrepsol.s3.eu-west-1.amazonaws.com\/static\/2022\/08\/05100630\/http___repsolmedia.com_repsolmedia_wp-content_uploads_2022_06_JRB4915-scaled-1.jpg\" data-index=\"3\"><br \/>\n<img decoding=\"async\" src=\"https:\/\/bxrepsol.s3.eu-west-1.amazonaws.com\/static\/2022\/08\/05100630\/http___repsolmedia.com_repsolmedia_wp-content_uploads_2022_06_JRB4915-scaled-1.jpg\" srcset=\"https:\/\/bxrepsol.s3.eu-west-1.amazonaws.com\/static\/2022\/08\/05100630\/http___repsolmedia.com_repsolmedia_wp-content_uploads_2022_06_JRB4915-scaled-1.jpg 2560w, https:\/\/bxrepsol.s3.eu-west-1.amazonaws.com\/static\/2022\/08\/05100630\/http___repsolmedia.com_repsolmedia_wp-content_uploads_2022_06_JRB4915-scaled-1.jpg 1280w, https:\/\/bxrepsol.s3.eu-west-1.amazonaws.com\/static\/2022\/08\/05100630\/http___repsolmedia.com_repsolmedia_wp-content_uploads_2022_06_JRB4915-scaled-1.jpg 900w, https:\/\/bxrepsol.s3.eu-west-1.amazonaws.com\/static\/2022\/08\/05100630\/http___repsolmedia.com_repsolmedia_wp-content_uploads_2022_06_JRB4915-scaled-1.jpg 600w, https:\/\/bxrepsol.s3.eu-west-1.amazonaws.com\/static\/2022\/08\/05100630\/http___repsolmedia.com_repsolmedia_wp-content_uploads_2022_06_JRB4915-scaled-1.jpg 480w, https:\/\/bxrepsol.s3.eu-west-1.amazonaws.com\/static\/2022\/08\/05100630\/http___repsolmedia.com_repsolmedia_wp-content_uploads_2022_06_JRB4915-scaled-1.jpg 32w\" title=\"http___repsolmedia.com_repsolmedia_wp-content_uploads_2022_06_JRB4915-scaled\" alt=\"\" data-title=\"\"><br \/>\n<\/a><br \/>\n<a href=\"https:\/\/bxrepsol.s3.eu-west-1.amazonaws.com\/static\/2022\/08\/05100633\/http___repsolmedia.com_repsolmedia_wp-content_uploads_2022_06_JRB1507-scaled-1.jpg\" data-index=\"4\"><br \/>\n<img decoding=\"async\" src=\"https:\/\/bxrepsol.s3.eu-west-1.amazonaws.com\/static\/2022\/08\/05100633\/http___repsolmedia.com_repsolmedia_wp-content_uploads_2022_06_JRB1507-scaled-1.jpg\" srcset=\"https:\/\/bxrepsol.s3.eu-west-1.amazonaws.com\/static\/2022\/08\/05100633\/http___repsolmedia.com_repsolmedia_wp-content_uploads_2022_06_JRB1507-scaled-1.jpg 2560w, https:\/\/bxrepsol.s3.eu-west-1.amazonaws.com\/static\/2022\/08\/05100633\/http___repsolmedia.com_repsolmedia_wp-content_uploads_2022_06_JRB1507-scaled-1.jpg 1280w, https:\/\/bxrepsol.s3.eu-west-1.amazonaws.com\/static\/2022\/08\/05100633\/http___repsolmedia.com_repsolmedia_wp-content_uploads_2022_06_JRB1507-scaled-1.jpg 900w, https:\/\/bxrepsol.s3.eu-west-1.amazonaws.com\/static\/2022\/08\/05100633\/http___repsolmedia.com_repsolmedia_wp-content_uploads_2022_06_JRB1507-scaled-1.jpg 600w, https:\/\/bxrepsol.s3.eu-west-1.amazonaws.com\/static\/2022\/08\/05100633\/http___repsolmedia.com_repsolmedia_wp-content_uploads_2022_06_JRB1507-scaled-1.jpg 480w, https:\/\/bxrepsol.s3.eu-west-1.amazonaws.com\/static\/2022\/08\/05100633\/http___repsolmedia.com_repsolmedia_wp-content_uploads_2022_06_JRB1507-scaled-1.jpg 32w\" title=\"http___repsolmedia.com_repsolmedia_wp-content_uploads_2022_06_JRB1507-scaled\" alt=\"\" data-title=\"\"><br \/>\n<\/a><br \/>\n<button data-glide-dir=\"<\"><br \/>\n<svg role=\"img\" viewBox=\"0 0 256 512\">\n                <path fill=\"currentColor\" d=\"M238.475 475.535l7.071-7.07c4.686-4.686 4.686-12.284 0-16.971L50.053 256 245.546 60.506c4.686-4.686 4.686-12.284 0-16.971l-7.071-7.07c-4.686-4.686-12.284-4.686-16.97 0L10.454 247.515c-4.686 4.686-4.686 12.284 0 16.971l211.051 211.05c4.686 4.686 12.284 4.686 16.97-.001z\"><\/path>\n            <\/svg><br \/>\n<\/button><br \/>\n<button data-glide-dir=\">\u00ab><br \/>\n<svg role=\"img\" viewBox=\"0 0 256 512\">\n                <path fill=\"currentColor\" d=\"M17.525 36.465l-7.071 7.07c-4.686 4.686-4.686 12.284 0 16.971L205.947 256 10.454 451.494c-4.686 4.686-4.686 12.284 0 16.971l7.071 7.07c4.686 4.686 12.284 4.686 16.97 0l211.051-211.05c4.686-4.686 4.686-12.284 0-16.971L34.495 36.465c-4.686-4.687-12.284-4.687-16.97 0z\"><\/path>\n            <\/svg><br \/>\n<\/button><\/p>\n<p><strong>Declaraciones de los pilotos<\/strong><\/p>\n<p><a href=\"https:\/\/twitter.com\/hashtag\/POL44?src=hashtag_click\">#POL44<\/a><\/p>\n<p>\u00abHoy ha sido un d\u00eda muy dif\u00edcil, sinceramente, el dolor de mis costillas ha sido enorme, me cuesta respirar cuando estoy sobre la moto. El dolor en el lado izquierdo en Sachsenring dificulta todo el fin de semana con todas las curvas a la izquierda. Hoy he estado al l\u00edmite, no he podido forzar al m\u00e1ximo por el dolor. Es una verdadera l\u00e1stima y perder el pase a la Q2 por un margen tan peque\u00f1o ha sido decepcionante. Deber\u00edamos ser mucho m\u00e1s r\u00e1pidos de lo que somos, pero \u00e9sta es la situaci\u00f3n y ma\u00f1ana lo daremos todo en la carrera\u00bb.<\/p>\n<p><a href=\"https:\/\/twitter.com\/hashtag\/SB6?src=hashtag_click\">#SB6<\/a><\/p>\n<p>\u00abEstoy contento con mi actuaci\u00f3n de hoy, ya que hemos sido capaces de seguir mejorando nuestro ritmo, pero sigue siendo dif\u00edcil. Cada fin de semana se baten los r\u00e9cords de vuelta de casi todos los circuitos y yo estoy rodando lo m\u00e1s r\u00e1pido que he rodado nunca, aunque la posici\u00f3n final no sea impresionante. Es importante seguir centr\u00e1ndonos en nuestro rendimiento y en alcanzar nuestros objetivos cada vez que salimos a rodar. Creo que hemos dado un buen paso adelante con la puesta a punto y vamos a ver qu\u00e9 es posible ma\u00f1ana, realmente quiero hacer una buena carrera para los aficionados de casa\u00bb.<\/p>\n","protected":false},"excerpt":{"rendered":"<p>El piloto del equipo Repsol Honda, a\u00fan con fuertes dolores debido a la segunda ca\u00edda de ayer, saldr\u00e1 ma\u00f1ana desde la decimotercera posici\u00f3n. Stefan Bradl lo har\u00e1 decimoctavo.<\/p>\n","protected":false},"author":43146,"featured_media":46411,"comment_status":"open","ping_status":"open","sticky":false,"template":"","format":"standard","meta":{"footnotes":""},"categories":[4],"tags":[120,152,128],"class_list":["post-95400","post","type-post","status-publish","format-standard","hentry","category-motogp","tag-120","tag-motogp-alemania","tag-pol-espargaro"],"yoast_head":"<!-- This site is optimized with the Yoast SEO plugin v27.3 - https:\/\/yoast.com\/product\/yoast-seo-wordpress\/ -->\n<title>Quinta l\u00ednea de la parrilla de salida para Pol Espargar\u00f3 - Box Repsol<\/title>\n<meta name=\"description\" content=\"Quinta l\u00ednea de la parrilla de salida para Pol Espargaro. Conoce la posici\u00f3n de partida del piloto espa\u00f1ol y sus objetivos para la carrera.\" \/>\n<link rel=\"canonical\" href=\"https:\/\/www.boxrepsol.com\/es\/motogp\/quinta-linea-de-la-parrilla-de-salida-para-pol-espargaro\/\" \/>\n<meta property=\"og:locale\" content=\"es_ES\" \/>\n<meta property=\"og:type\" content=\"article\" \/>\n<meta property=\"og:title\" content=\"Quinta l\u00ednea de la parrilla de salida para Pol Espargar\u00f3 - Box Repsol\" \/>\n<meta property=\"og:description\" content=\"Quinta l\u00ednea de la parrilla de salida para Pol Espargaro. Conoce la posici\u00f3n de partida del piloto espa\u00f1ol y sus objetivos para la carrera.\" \/>\n<meta property=\"og:url\" content=\"https:\/\/www.boxrepsol.com\/es\/motogp\/quinta-linea-de-la-parrilla-de-salida-para-pol-espargaro\/\" \/>\n<meta property=\"og:site_name\" content=\"Box Repsol\" \/>\n<meta property=\"article:publisher\" content=\"https:\/\/www.facebook.com\/BoxRepsol\" \/>\n<meta property=\"article:author\" content=\"https:\/\/www.facebook.com\/BoxRepsol\/\" \/>\n<meta property=\"article:published_time\" content=\"2022-06-18T02:00:00+00:00\" \/>\n<meta property=\"article:modified_time\" content=\"2024-04-09T08:47:57+00:00\" \/>\n<meta property=\"og:image\" content=\"https:\/\/bxrepsol.s3.eu-west-1.amazonaws.com\/static\/2022\/08\/10043253\/http___repsolmedia.com_repsolmedia_wp-content_uploads_2022_06_A1X6802-scaled-1.jpg\" \/>\n\t<meta property=\"og:image:width\" content=\"1280\" \/>\n\t<meta property=\"og:image:height\" content=\"600\" \/>\n\t<meta property=\"og:image:type\" content=\"image\/jpeg\" \/>\n<meta name=\"author\" content=\"Redacci\u00f3n Box Repsol\" \/>\n<meta name=\"twitter:card\" content=\"summary_large_image\" \/>\n<meta name=\"twitter:creator\" content=\"@https:\/\/twitter.com\/box_repsol\" \/>\n<meta name=\"twitter:site\" content=\"@box_repsol\" \/>\n<meta name=\"twitter:label1\" content=\"Written by\" \/>\n\t<meta name=\"twitter:data1\" content=\"Redacci\u00f3n Box Repsol\" \/>\n\t<meta name=\"twitter:label2\" content=\"Est. reading time\" \/>\n\t<meta name=\"twitter:data2\" content=\"2 minutos\" \/>\n<script type=\"application\/ld+json\" class=\"yoast-schema-graph\">{\"@context\":\"https:\\\/\\\/schema.org\",\"@graph\":[{\"@type\":\"Article\",\"@id\":\"https:\\\/\\\/www.boxrepsol.com\\\/es\\\/motogp\\\/quinta-linea-de-la-parrilla-de-salida-para-pol-espargaro\\\/#article\",\"isPartOf\":{\"@id\":\"https:\\\/\\\/www.boxrepsol.com\\\/es\\\/motogp\\\/quinta-linea-de-la-parrilla-de-salida-para-pol-espargaro\\\/\"},\"author\":{\"name\":\"Redacci\u00f3n Box Repsol\",\"@id\":\"https:\\\/\\\/www.boxrepsol.com\\\/es\\\/#\\\/schema\\\/person\\\/c5c2138f2cca251b0ad92b7086bb60b7\"},\"headline\":\"Quinta l\u00ednea de la parrilla de salida para Pol Espargar\u00f3\",\"datePublished\":\"2022-06-18T02:00:00+00:00\",\"dateModified\":\"2024-04-09T08:47:57+00:00\",\"mainEntityOfPage\":{\"@id\":\"https:\\\/\\\/www.boxrepsol.com\\\/es\\\/motogp\\\/quinta-linea-de-la-parrilla-de-salida-para-pol-espargaro\\\/\"},\"wordCount\":420,\"commentCount\":0,\"publisher\":{\"@id\":\"https:\\\/\\\/www.boxrepsol.com\\\/es\\\/#organization\"},\"image\":{\"@id\":\"https:\\\/\\\/www.boxrepsol.com\\\/es\\\/motogp\\\/quinta-linea-de-la-parrilla-de-salida-para-pol-espargaro\\\/#primaryimage\"},\"thumbnailUrl\":\"https:\\\/\\\/bxrepsol.s3.eu-west-1.amazonaws.com\\\/static\\\/2022\\\/08\\\/10043253\\\/http___repsolmedia.com_repsolmedia_wp-content_uploads_2022_06_A1X6802-scaled-1.jpg\",\"keywords\":[\"2022\",\"MotoGP Alemania\",\"Pol Espargar\u00f3\"],\"articleSection\":[\"MotoGP\"],\"inLanguage\":\"es\",\"potentialAction\":[{\"@type\":\"CommentAction\",\"name\":\"Comment\",\"target\":[\"https:\\\/\\\/www.boxrepsol.com\\\/es\\\/motogp\\\/quinta-linea-de-la-parrilla-de-salida-para-pol-espargaro\\\/#respond\"]}]},{\"@type\":\"WebPage\",\"@id\":\"https:\\\/\\\/www.boxrepsol.com\\\/es\\\/motogp\\\/quinta-linea-de-la-parrilla-de-salida-para-pol-espargaro\\\/\",\"url\":\"https:\\\/\\\/www.boxrepsol.com\\\/es\\\/motogp\\\/quinta-linea-de-la-parrilla-de-salida-para-pol-espargaro\\\/\",\"name\":\"Quinta l\u00ednea de la parrilla de salida para Pol Espargar\u00f3 - Box Repsol\",\"isPartOf\":{\"@id\":\"https:\\\/\\\/www.boxrepsol.com\\\/es\\\/#website\"},\"primaryImageOfPage\":{\"@id\":\"https:\\\/\\\/www.boxrepsol.com\\\/es\\\/motogp\\\/quinta-linea-de-la-parrilla-de-salida-para-pol-espargaro\\\/#primaryimage\"},\"image\":{\"@id\":\"https:\\\/\\\/www.boxrepsol.com\\\/es\\\/motogp\\\/quinta-linea-de-la-parrilla-de-salida-para-pol-espargaro\\\/#primaryimage\"},\"thumbnailUrl\":\"https:\\\/\\\/bxrepsol.s3.eu-west-1.amazonaws.com\\\/static\\\/2022\\\/08\\\/10043253\\\/http___repsolmedia.com_repsolmedia_wp-content_uploads_2022_06_A1X6802-scaled-1.jpg\",\"datePublished\":\"2022-06-18T02:00:00+00:00\",\"dateModified\":\"2024-04-09T08:47:57+00:00\",\"description\":\"Quinta l\u00ednea de la parrilla de salida para Pol Espargaro. Conoce la posici\u00f3n de partida del piloto espa\u00f1ol y sus objetivos para la carrera.\",\"breadcrumb\":{\"@id\":\"https:\\\/\\\/www.boxrepsol.com\\\/es\\\/motogp\\\/quinta-linea-de-la-parrilla-de-salida-para-pol-espargaro\\\/#breadcrumb\"},\"inLanguage\":\"es\",\"potentialAction\":[{\"@type\":\"ReadAction\",\"target\":[\"https:\\\/\\\/www.boxrepsol.com\\\/es\\\/motogp\\\/quinta-linea-de-la-parrilla-de-salida-para-pol-espargaro\\\/\"]}]},{\"@type\":\"ImageObject\",\"inLanguage\":\"es\",\"@id\":\"https:\\\/\\\/www.boxrepsol.com\\\/es\\\/motogp\\\/quinta-linea-de-la-parrilla-de-salida-para-pol-espargaro\\\/#primaryimage\",\"url\":\"https:\\\/\\\/bxrepsol.s3.eu-west-1.amazonaws.com\\\/static\\\/2022\\\/08\\\/10043253\\\/http___repsolmedia.com_repsolmedia_wp-content_uploads_2022_06_A1X6802-scaled-1.jpg\",\"contentUrl\":\"https:\\\/\\\/bxrepsol.s3.eu-west-1.amazonaws.com\\\/static\\\/2022\\\/08\\\/10043253\\\/http___repsolmedia.com_repsolmedia_wp-content_uploads_2022_06_A1X6802-scaled-1.jpg\",\"width\":1280,\"height\":600},{\"@type\":\"BreadcrumbList\",\"@id\":\"https:\\\/\\\/www.boxrepsol.com\\\/es\\\/motogp\\\/quinta-linea-de-la-parrilla-de-salida-para-pol-espargaro\\\/#breadcrumb\",\"itemListElement\":[{\"@type\":\"ListItem\",\"position\":1,\"name\":\"Home\",\"item\":\"https:\\\/\\\/www.boxrepsol.com\\\/es\\\/\"},{\"@type\":\"ListItem\",\"position\":2,\"name\":\"Quinta l\u00ednea de la parrilla de salida para Pol Espargar\u00f3\"}]},{\"@type\":\"WebSite\",\"@id\":\"https:\\\/\\\/www.boxrepsol.com\\\/es\\\/#website\",\"url\":\"https:\\\/\\\/www.boxrepsol.com\\\/es\\\/\",\"name\":\"Box Repsol\",\"description\":\"Box Repsol Site\",\"publisher\":{\"@id\":\"https:\\\/\\\/www.boxrepsol.com\\\/es\\\/#organization\"},\"potentialAction\":[{\"@type\":\"SearchAction\",\"target\":{\"@type\":\"EntryPoint\",\"urlTemplate\":\"https:\\\/\\\/www.boxrepsol.com\\\/es\\\/?s={search_term_string}\"},\"query-input\":{\"@type\":\"PropertyValueSpecification\",\"valueRequired\":true,\"valueName\":\"search_term_string\"}}],\"inLanguage\":\"es\"},{\"@type\":\"Organization\",\"@id\":\"https:\\\/\\\/www.boxrepsol.com\\\/es\\\/#organization\",\"name\":\"Box Repsol\",\"url\":\"https:\\\/\\\/www.boxrepsol.com\\\/es\\\/\",\"logo\":{\"@type\":\"ImageObject\",\"inLanguage\":\"es\",\"@id\":\"https:\\\/\\\/www.boxrepsol.com\\\/es\\\/#\\\/schema\\\/logo\\\/image\\\/\",\"url\":\"https:\\\/\\\/bxrepsol.s3.eu-west-1.amazonaws.com\\\/static\\\/2025\\\/07\\\/30083337\\\/favicon-96x96-1.png\",\"contentUrl\":\"https:\\\/\\\/bxrepsol.s3.eu-west-1.amazonaws.com\\\/static\\\/2025\\\/07\\\/30083337\\\/favicon-96x96-1.png\",\"width\":96,\"height\":96,\"caption\":\"Box Repsol\"},\"image\":{\"@id\":\"https:\\\/\\\/www.boxrepsol.com\\\/es\\\/#\\\/schema\\\/logo\\\/image\\\/\"},\"sameAs\":[\"https:\\\/\\\/www.facebook.com\\\/BoxRepsol\",\"https:\\\/\\\/x.com\\\/box_repsol\",\"http:\\\/\\\/instagram.com\\\/box_repsol\",\"https:\\\/\\\/www.youtube.com\\\/user\\\/RepsolCompeticion\",\"https:\\\/\\\/www.flickr.com\\\/photos\\\/box_repsol\\\/\"]},{\"@type\":\"Person\",\"@id\":\"https:\\\/\\\/www.boxrepsol.com\\\/es\\\/#\\\/schema\\\/person\\\/c5c2138f2cca251b0ad92b7086bb60b7\",\"name\":\"Redacci\u00f3n Box Repsol\",\"image\":{\"@type\":\"ImageObject\",\"inLanguage\":\"es\",\"@id\":\"https:\\\/\\\/secure.gravatar.com\\\/avatar\\\/adf7b77e38b4419baf32c7e9c21dde01f4e40df611f0978e3006fc4ba0aaab7e?s=96&d=mm&r=g\",\"url\":\"https:\\\/\\\/secure.gravatar.com\\\/avatar\\\/adf7b77e38b4419baf32c7e9c21dde01f4e40df611f0978e3006fc4ba0aaab7e?s=96&d=mm&r=g\",\"contentUrl\":\"https:\\\/\\\/secure.gravatar.com\\\/avatar\\\/adf7b77e38b4419baf32c7e9c21dde01f4e40df611f0978e3006fc4ba0aaab7e?s=96&d=mm&r=g\",\"caption\":\"Redacci\u00f3n Box Repsol\"},\"description\":\"Box Repsol lo forma un equipo de periodistas, community managers, dise\u00f1adores y fot\u00f3grafos con m\u00e1s de 20 a\u00f1os de experiencia en el mundo del motorsport. Hemos vivido el primer mundial de un espa\u00f1ol en la categor\u00eda reina de motociclismo con \u00c1lex Crivill\u00e9, estuvimos en las victorias de Pedrosa y los t\u00edtulos de M\u00e1rquez, acompa\u00f1amos en \u00c1frica a Nani Roma y Marc Coma en sus conquistas del Dakar y hemos vibrado con los t\u00edtulos de Toni Bou en Trial. Adem\u00e1s, en nuestro equipo contamos con expertos en el mundo de las dos y cuatro ruedas tanto de la calle y las carreteras, como de los circuitos. Periodistas que han trabajado en revistas y publicaciones para hacerte llegar desde rutas y consejos de mantenimiento, a curiosidades y trucos de pilotaje.\",\"sameAs\":[\"https:\\\/\\\/www.facebook.com\\\/BoxRepsol\\\/\",\"https:\\\/\\\/www.instagram.com\\\/box_repsol\\\/\",\"https:\\\/\\\/x.com\\\/https:\\\/\\\/twitter.com\\\/box_repsol\",\"https:\\\/\\\/www.youtube.com\\\/@Boxrepsol\"],\"url\":\"https:\\\/\\\/www.boxrepsol.com\\\/es\\\/author\\\/redaccion-box-repsol\\\/\"}]}<\/script>\n<!-- \/ Yoast SEO plugin. -->","yoast_head_json":{"title":"Quinta l\u00ednea de la parrilla de salida para Pol Espargar\u00f3 - Box Repsol","description":"Quinta l\u00ednea de la parrilla de salida para Pol Espargaro. Conoce la posici\u00f3n de partida del piloto espa\u00f1ol y sus objetivos para la carrera.","canonical":"https:\/\/www.boxrepsol.com\/es\/motogp\/quinta-linea-de-la-parrilla-de-salida-para-pol-espargaro\/","og_locale":"es_ES","og_type":"article","og_title":"Quinta l\u00ednea de la parrilla de salida para Pol Espargar\u00f3 - Box Repsol","og_description":"Quinta l\u00ednea de la parrilla de salida para Pol Espargaro. Conoce la posici\u00f3n de partida del piloto espa\u00f1ol y sus objetivos para la carrera.","og_url":"https:\/\/www.boxrepsol.com\/es\/motogp\/quinta-linea-de-la-parrilla-de-salida-para-pol-espargaro\/","og_site_name":"Box Repsol","article_publisher":"https:\/\/www.facebook.com\/BoxRepsol","article_author":"https:\/\/www.facebook.com\/BoxRepsol\/","article_published_time":"2022-06-18T02:00:00+00:00","article_modified_time":"2024-04-09T08:47:57+00:00","og_image":[{"width":1280,"height":600,"url":"https:\/\/bxrepsol.s3.eu-west-1.amazonaws.com\/static\/2022\/08\/10043253\/http___repsolmedia.com_repsolmedia_wp-content_uploads_2022_06_A1X6802-scaled-1.jpg","type":"image\/jpeg"}],"author":"Redacci\u00f3n Box Repsol","twitter_card":"summary_large_image","twitter_creator":"@https:\/\/twitter.com\/box_repsol","twitter_site":"@box_repsol","twitter_misc":{"Written by":"Redacci\u00f3n Box Repsol","Est. reading time":"2 minutos"},"schema":{"@context":"https:\/\/schema.org","@graph":[{"@type":"Article","@id":"https:\/\/www.boxrepsol.com\/es\/motogp\/quinta-linea-de-la-parrilla-de-salida-para-pol-espargaro\/#article","isPartOf":{"@id":"https:\/\/www.boxrepsol.com\/es\/motogp\/quinta-linea-de-la-parrilla-de-salida-para-pol-espargaro\/"},"author":{"name":"Redacci\u00f3n Box Repsol","@id":"https:\/\/www.boxrepsol.com\/es\/#\/schema\/person\/c5c2138f2cca251b0ad92b7086bb60b7"},"headline":"Quinta l\u00ednea de la parrilla de salida para Pol Espargar\u00f3","datePublished":"2022-06-18T02:00:00+00:00","dateModified":"2024-04-09T08:47:57+00:00","mainEntityOfPage":{"@id":"https:\/\/www.boxrepsol.com\/es\/motogp\/quinta-linea-de-la-parrilla-de-salida-para-pol-espargaro\/"},"wordCount":420,"commentCount":0,"publisher":{"@id":"https:\/\/www.boxrepsol.com\/es\/#organization"},"image":{"@id":"https:\/\/www.boxrepsol.com\/es\/motogp\/quinta-linea-de-la-parrilla-de-salida-para-pol-espargaro\/#primaryimage"},"thumbnailUrl":"https:\/\/bxrepsol.s3.eu-west-1.amazonaws.com\/static\/2022\/08\/10043253\/http___repsolmedia.com_repsolmedia_wp-content_uploads_2022_06_A1X6802-scaled-1.jpg","keywords":["2022","MotoGP Alemania","Pol Espargar\u00f3"],"articleSection":["MotoGP"],"inLanguage":"es","potentialAction":[{"@type":"CommentAction","name":"Comment","target":["https:\/\/www.boxrepsol.com\/es\/motogp\/quinta-linea-de-la-parrilla-de-salida-para-pol-espargaro\/#respond"]}]},{"@type":"WebPage","@id":"https:\/\/www.boxrepsol.com\/es\/motogp\/quinta-linea-de-la-parrilla-de-salida-para-pol-espargaro\/","url":"https:\/\/www.boxrepsol.com\/es\/motogp\/quinta-linea-de-la-parrilla-de-salida-para-pol-espargaro\/","name":"Quinta l\u00ednea de la parrilla de salida para Pol Espargar\u00f3 - Box Repsol","isPartOf":{"@id":"https:\/\/www.boxrepsol.com\/es\/#website"},"primaryImageOfPage":{"@id":"https:\/\/www.boxrepsol.com\/es\/motogp\/quinta-linea-de-la-parrilla-de-salida-para-pol-espargaro\/#primaryimage"},"image":{"@id":"https:\/\/www.boxrepsol.com\/es\/motogp\/quinta-linea-de-la-parrilla-de-salida-para-pol-espargaro\/#primaryimage"},"thumbnailUrl":"https:\/\/bxrepsol.s3.eu-west-1.amazonaws.com\/static\/2022\/08\/10043253\/http___repsolmedia.com_repsolmedia_wp-content_uploads_2022_06_A1X6802-scaled-1.jpg","datePublished":"2022-06-18T02:00:00+00:00","dateModified":"2024-04-09T08:47:57+00:00","description":"Quinta l\u00ednea de la parrilla de salida para Pol Espargaro. Conoce la posici\u00f3n de partida del piloto espa\u00f1ol y sus objetivos para la carrera.","breadcrumb":{"@id":"https:\/\/www.boxrepsol.com\/es\/motogp\/quinta-linea-de-la-parrilla-de-salida-para-pol-espargaro\/#breadcrumb"},"inLanguage":"es","potentialAction":[{"@type":"ReadAction","target":["https:\/\/www.boxrepsol.com\/es\/motogp\/quinta-linea-de-la-parrilla-de-salida-para-pol-espargaro\/"]}]},{"@type":"ImageObject","inLanguage":"es","@id":"https:\/\/www.boxrepsol.com\/es\/motogp\/quinta-linea-de-la-parrilla-de-salida-para-pol-espargaro\/#primaryimage","url":"https:\/\/bxrepsol.s3.eu-west-1.amazonaws.com\/static\/2022\/08\/10043253\/http___repsolmedia.com_repsolmedia_wp-content_uploads_2022_06_A1X6802-scaled-1.jpg","contentUrl":"https:\/\/bxrepsol.s3.eu-west-1.amazonaws.com\/static\/2022\/08\/10043253\/http___repsolmedia.com_repsolmedia_wp-content_uploads_2022_06_A1X6802-scaled-1.jpg","width":1280,"height":600},{"@type":"BreadcrumbList","@id":"https:\/\/www.boxrepsol.com\/es\/motogp\/quinta-linea-de-la-parrilla-de-salida-para-pol-espargaro\/#breadcrumb","itemListElement":[{"@type":"ListItem","position":1,"name":"Home","item":"https:\/\/www.boxrepsol.com\/es\/"},{"@type":"ListItem","position":2,"name":"Quinta l\u00ednea de la parrilla de salida para Pol Espargar\u00f3"}]},{"@type":"WebSite","@id":"https:\/\/www.boxrepsol.com\/es\/#website","url":"https:\/\/www.boxrepsol.com\/es\/","name":"Box Repsol","description":"Box Repsol Site","publisher":{"@id":"https:\/\/www.boxrepsol.com\/es\/#organization"},"potentialAction":[{"@type":"SearchAction","target":{"@type":"EntryPoint","urlTemplate":"https:\/\/www.boxrepsol.com\/es\/?s={search_term_string}"},"query-input":{"@type":"PropertyValueSpecification","valueRequired":true,"valueName":"search_term_string"}}],"inLanguage":"es"},{"@type":"Organization","@id":"https:\/\/www.boxrepsol.com\/es\/#organization","name":"Box Repsol","url":"https:\/\/www.boxrepsol.com\/es\/","logo":{"@type":"ImageObject","inLanguage":"es","@id":"https:\/\/www.boxrepsol.com\/es\/#\/schema\/logo\/image\/","url":"https:\/\/bxrepsol.s3.eu-west-1.amazonaws.com\/static\/2025\/07\/30083337\/favicon-96x96-1.png","contentUrl":"https:\/\/bxrepsol.s3.eu-west-1.amazonaws.com\/static\/2025\/07\/30083337\/favicon-96x96-1.png","width":96,"height":96,"caption":"Box Repsol"},"image":{"@id":"https:\/\/www.boxrepsol.com\/es\/#\/schema\/logo\/image\/"},"sameAs":["https:\/\/www.facebook.com\/BoxRepsol","https:\/\/x.com\/box_repsol","http:\/\/instagram.com\/box_repsol","https:\/\/www.youtube.com\/user\/RepsolCompeticion","https:\/\/www.flickr.com\/photos\/box_repsol\/"]},{"@type":"Person","@id":"https:\/\/www.boxrepsol.com\/es\/#\/schema\/person\/c5c2138f2cca251b0ad92b7086bb60b7","name":"Redacci\u00f3n Box Repsol","image":{"@type":"ImageObject","inLanguage":"es","@id":"https:\/\/secure.gravatar.com\/avatar\/adf7b77e38b4419baf32c7e9c21dde01f4e40df611f0978e3006fc4ba0aaab7e?s=96&d=mm&r=g","url":"https:\/\/secure.gravatar.com\/avatar\/adf7b77e38b4419baf32c7e9c21dde01f4e40df611f0978e3006fc4ba0aaab7e?s=96&d=mm&r=g","contentUrl":"https:\/\/secure.gravatar.com\/avatar\/adf7b77e38b4419baf32c7e9c21dde01f4e40df611f0978e3006fc4ba0aaab7e?s=96&d=mm&r=g","caption":"Redacci\u00f3n Box Repsol"},"description":"Box Repsol lo forma un equipo de periodistas, community managers, dise\u00f1adores y fot\u00f3grafos con m\u00e1s de 20 a\u00f1os de experiencia en el mundo del motorsport. Hemos vivido el primer mundial de un espa\u00f1ol en la categor\u00eda reina de motociclismo con \u00c1lex Crivill\u00e9, estuvimos en las victorias de Pedrosa y los t\u00edtulos de M\u00e1rquez, acompa\u00f1amos en \u00c1frica a Nani Roma y Marc Coma en sus conquistas del Dakar y hemos vibrado con los t\u00edtulos de Toni Bou en Trial. Adem\u00e1s, en nuestro equipo contamos con expertos en el mundo de las dos y cuatro ruedas tanto de la calle y las carreteras, como de los circuitos. Periodistas que han trabajado en revistas y publicaciones para hacerte llegar desde rutas y consejos de mantenimiento, a curiosidades y trucos de pilotaje.","sameAs":["https:\/\/www.facebook.com\/BoxRepsol\/","https:\/\/www.instagram.com\/box_repsol\/","https:\/\/x.com\/https:\/\/twitter.com\/box_repsol","https:\/\/www.youtube.com\/@Boxrepsol"],"url":"https:\/\/www.boxrepsol.com\/es\/author\/redaccion-box-repsol\/"}]}},"_links":{"self":[{"href":"https:\/\/www.boxrepsol.com\/es\/wp-json\/wp\/v2\/posts\/95400","targetHints":{"allow":["GET"]}}],"collection":[{"href":"https:\/\/www.boxrepsol.com\/es\/wp-json\/wp\/v2\/posts"}],"about":[{"href":"https:\/\/www.boxrepsol.com\/es\/wp-json\/wp\/v2\/types\/post"}],"author":[{"embeddable":true,"href":"https:\/\/www.boxrepsol.com\/es\/wp-json\/wp\/v2\/users\/43146"}],"replies":[{"embeddable":true,"href":"https:\/\/www.boxrepsol.com\/es\/wp-json\/wp\/v2\/comments?post=95400"}],"version-history":[{"count":2,"href":"https:\/\/www.boxrepsol.com\/es\/wp-json\/wp\/v2\/posts\/95400\/revisions"}],"predecessor-version":[{"id":109488,"href":"https:\/\/www.boxrepsol.com\/es\/wp-json\/wp\/v2\/posts\/95400\/revisions\/109488"}],"wp:featuredmedia":[{"embeddable":true,"href":"https:\/\/www.boxrepsol.com\/es\/wp-json\/wp\/v2\/media\/46411"}],"wp:attachment":[{"href":"https:\/\/www.boxrepsol.com\/es\/wp-json\/wp\/v2\/media?parent=95400"}],"wp:term":[{"taxonomy":"category","embeddable":true,"href":"https:\/\/www.boxrepsol.com\/es\/wp-json\/wp\/v2\/categories?post=95400"},{"taxonomy":"post_tag","embeddable":true,"href":"https:\/\/www.boxrepsol.com\/es\/wp-json\/wp\/v2\/tags?post=95400"}],"curies":[{"name":"wp","href":"https:\/\/api.w.org\/{rel}","templated":true}]}}