{"id":95398,"date":"2022-06-17T00:00:00","date_gmt":"2022-06-17T02:00:00","guid":{"rendered":"http:\/\/pre.boxrepsol.com\/sin-categorizar\/primera-toma-de-contacto-del-equipo-repsol-honda-en-sachsenring\/"},"modified":"2024-04-09T06:48:49","modified_gmt":"2024-04-09T08:48:49","slug":"primera-toma-de-contacto-del-equipo-repsol-honda-en-sachsenring","status":"publish","type":"post","link":"https:\/\/www.boxrepsol.com\/es\/motogp\/primera-toma-de-contacto-del-equipo-repsol-honda-en-sachsenring\/","title":{"rendered":"Primera toma de contacto del equipo Repsol Honda en Sachsenring"},"content":{"rendered":"<p>Bajo un cielo soleado y con temperaturas suaves, ha arrancado la d\u00e9cima cita de la temporada de MotoGP en el trazado alem\u00e1n de <strong>Sachsenring.<\/strong><\/p>\n<p><strong>Pol Espargar\u00f3<\/strong> ha empezado la jornada sufriendo dos ca\u00eddas en la curva 1 durante la primera sesi\u00f3n de entrenamientos libres. En la segunda ca\u00edda, el piloto del <strong>equipo Repsol Honda<\/strong> ha recibido un fuerte golpe sin graves consecuencias pero que le ha obligado a pasar por el centro m\u00e9dico para que le realizaran las comprobaciones pertinentes.<\/p>\n<p>Por la tarde, en la FP2 y a\u00fan con bastante dolor, <strong>Espargar\u00f3<\/strong> no ha podido situarse entre los diez mejores tiempos del d\u00eda y con un mejor registro de 1 minuto, 20 segundos y 816 mil\u00e9simas ha sido el decimocuarto piloto m\u00e1s r\u00e1pido. En la FP3 de ma\u00f1ana tendr\u00e1 que mejorar su tiempo para lograr el pase directo a la Q2.<\/p>\n<p><strong>Stefan Bradl<\/strong> ha ido de menos a m\u00e1s en cuanto a sensaciones sobre la <strong>Honda RC213V.<\/strong> El piloto del equipo <strong>Repsol Honda<\/strong> ha empezado el d\u00eda con algunos problemas, pero despu\u00e9s, en la segunda sesi\u00f3n del d\u00eda, Bradl ha llegado a rodar entre los diez pilotos m\u00e1s r\u00e1pidos.<\/p>\n<p>Al final, el piloto alem\u00e1n ha registrado un mejor tiempo de 1 minuto, 21 segundos y 117 mil\u00e9simas que lo ha situado en la vig\u00e9sima posici\u00f3n de la clasificaci\u00f3n combinada. Al igual que su compa\u00f1ero de equipo, Bradl tendr\u00e1 que mejorar su marca en la FP3 de ma\u00f1ana si no quiere tener que pasar por la Q1.<\/p>\n<p><a href=\"https:\/\/bxrepsol.s3.eu-west-1.amazonaws.com\/static\/2022\/08\/05100543\/http___repsolmedia.com_repsolmedia_wp-content_uploads_2022_06_JRB5487-scaled-1.jpg\" data-index=\"0\"><br \/>\n<img decoding=\"async\" src=\"https:\/\/bxrepsol.s3.eu-west-1.amazonaws.com\/static\/2022\/08\/05100543\/http___repsolmedia.com_repsolmedia_wp-content_uploads_2022_06_JRB5487-scaled-1.jpg\" srcset=\"https:\/\/bxrepsol.s3.eu-west-1.amazonaws.com\/static\/2022\/08\/05100543\/http___repsolmedia.com_repsolmedia_wp-content_uploads_2022_06_JRB5487-scaled-1.jpg 2560w, https:\/\/bxrepsol.s3.eu-west-1.amazonaws.com\/static\/2022\/08\/05100543\/http___repsolmedia.com_repsolmedia_wp-content_uploads_2022_06_JRB5487-scaled-1.jpg 1280w, https:\/\/bxrepsol.s3.eu-west-1.amazonaws.com\/static\/2022\/08\/05100543\/http___repsolmedia.com_repsolmedia_wp-content_uploads_2022_06_JRB5487-scaled-1.jpg 900w, https:\/\/bxrepsol.s3.eu-west-1.amazonaws.com\/static\/2022\/08\/05100543\/http___repsolmedia.com_repsolmedia_wp-content_uploads_2022_06_JRB5487-scaled-1.jpg 600w, https:\/\/bxrepsol.s3.eu-west-1.amazonaws.com\/static\/2022\/08\/05100543\/http___repsolmedia.com_repsolmedia_wp-content_uploads_2022_06_JRB5487-scaled-1.jpg 480w, https:\/\/bxrepsol.s3.eu-west-1.amazonaws.com\/static\/2022\/08\/05100543\/http___repsolmedia.com_repsolmedia_wp-content_uploads_2022_06_JRB5487-scaled-1.jpg 32w\" title=\"http___repsolmedia.com_repsolmedia_wp-content_uploads_2022_06_JRB5487-scaled\" alt=\"\" data-title=\"\"><br \/>\n<\/a><br \/>\n<a href=\"https:\/\/bxrepsol.s3.eu-west-1.amazonaws.com\/static\/2022\/08\/05100547\/http___repsolmedia.com_repsolmedia_wp-content_uploads_2022_06_JRB3824-scaled-1.jpg\" data-index=\"1\"><br \/>\n<img decoding=\"async\" src=\"https:\/\/bxrepsol.s3.eu-west-1.amazonaws.com\/static\/2022\/08\/05100547\/http___repsolmedia.com_repsolmedia_wp-content_uploads_2022_06_JRB3824-scaled-1.jpg\" srcset=\"https:\/\/bxrepsol.s3.eu-west-1.amazonaws.com\/static\/2022\/08\/05100547\/http___repsolmedia.com_repsolmedia_wp-content_uploads_2022_06_JRB3824-scaled-1.jpg 2560w, https:\/\/bxrepsol.s3.eu-west-1.amazonaws.com\/static\/2022\/08\/05100547\/http___repsolmedia.com_repsolmedia_wp-content_uploads_2022_06_JRB3824-scaled-1.jpg 1280w, https:\/\/bxrepsol.s3.eu-west-1.amazonaws.com\/static\/2022\/08\/05100547\/http___repsolmedia.com_repsolmedia_wp-content_uploads_2022_06_JRB3824-scaled-1.jpg 900w, https:\/\/bxrepsol.s3.eu-west-1.amazonaws.com\/static\/2022\/08\/05100547\/http___repsolmedia.com_repsolmedia_wp-content_uploads_2022_06_JRB3824-scaled-1.jpg 600w, https:\/\/bxrepsol.s3.eu-west-1.amazonaws.com\/static\/2022\/08\/05100547\/http___repsolmedia.com_repsolmedia_wp-content_uploads_2022_06_JRB3824-scaled-1.jpg 480w, https:\/\/bxrepsol.s3.eu-west-1.amazonaws.com\/static\/2022\/08\/05100547\/http___repsolmedia.com_repsolmedia_wp-content_uploads_2022_06_JRB3824-scaled-1.jpg 32w\" title=\"http___repsolmedia.com_repsolmedia_wp-content_uploads_2022_06_JRB3824-scaled\" alt=\"\" data-title=\"\"><br \/>\n<\/a><br \/>\n<a href=\"https:\/\/bxrepsol.s3.eu-west-1.amazonaws.com\/static\/2022\/08\/05100550\/http___repsolmedia.com_repsolmedia_wp-content_uploads_2022_06_JRB7559-scaled-1.jpg\" data-index=\"2\"><br \/>\n<img decoding=\"async\" src=\"https:\/\/bxrepsol.s3.eu-west-1.amazonaws.com\/static\/2022\/08\/05100550\/http___repsolmedia.com_repsolmedia_wp-content_uploads_2022_06_JRB7559-scaled-1.jpg\" srcset=\"https:\/\/bxrepsol.s3.eu-west-1.amazonaws.com\/static\/2022\/08\/05100550\/http___repsolmedia.com_repsolmedia_wp-content_uploads_2022_06_JRB7559-scaled-1.jpg 2560w, https:\/\/bxrepsol.s3.eu-west-1.amazonaws.com\/static\/2022\/08\/05100550\/http___repsolmedia.com_repsolmedia_wp-content_uploads_2022_06_JRB7559-scaled-1.jpg 1280w, https:\/\/bxrepsol.s3.eu-west-1.amazonaws.com\/static\/2022\/08\/05100550\/http___repsolmedia.com_repsolmedia_wp-content_uploads_2022_06_JRB7559-scaled-1.jpg 900w, https:\/\/bxrepsol.s3.eu-west-1.amazonaws.com\/static\/2022\/08\/05100550\/http___repsolmedia.com_repsolmedia_wp-content_uploads_2022_06_JRB7559-scaled-1.jpg 600w, https:\/\/bxrepsol.s3.eu-west-1.amazonaws.com\/static\/2022\/08\/05100550\/http___repsolmedia.com_repsolmedia_wp-content_uploads_2022_06_JRB7559-scaled-1.jpg 480w, https:\/\/bxrepsol.s3.eu-west-1.amazonaws.com\/static\/2022\/08\/05100550\/http___repsolmedia.com_repsolmedia_wp-content_uploads_2022_06_JRB7559-scaled-1.jpg 32w\" title=\"http___repsolmedia.com_repsolmedia_wp-content_uploads_2022_06_JRB7559-scaled\" alt=\"\" data-title=\"\"><br \/>\n<\/a><br \/>\n<a href=\"https:\/\/bxrepsol.s3.eu-west-1.amazonaws.com\/static\/2022\/08\/05100553\/http___repsolmedia.com_repsolmedia_wp-content_uploads_2022_06_JRB2035-scaled-1.jpg\" data-index=\"3\"><br \/>\n<img decoding=\"async\" src=\"https:\/\/bxrepsol.s3.eu-west-1.amazonaws.com\/static\/2022\/08\/05100553\/http___repsolmedia.com_repsolmedia_wp-content_uploads_2022_06_JRB2035-scaled-1.jpg\" srcset=\"https:\/\/bxrepsol.s3.eu-west-1.amazonaws.com\/static\/2022\/08\/05100553\/http___repsolmedia.com_repsolmedia_wp-content_uploads_2022_06_JRB2035-scaled-1.jpg 2560w, https:\/\/bxrepsol.s3.eu-west-1.amazonaws.com\/static\/2022\/08\/05100553\/http___repsolmedia.com_repsolmedia_wp-content_uploads_2022_06_JRB2035-scaled-1.jpg 1280w, https:\/\/bxrepsol.s3.eu-west-1.amazonaws.com\/static\/2022\/08\/05100553\/http___repsolmedia.com_repsolmedia_wp-content_uploads_2022_06_JRB2035-scaled-1.jpg 900w, https:\/\/bxrepsol.s3.eu-west-1.amazonaws.com\/static\/2022\/08\/05100553\/http___repsolmedia.com_repsolmedia_wp-content_uploads_2022_06_JRB2035-scaled-1.jpg 600w, https:\/\/bxrepsol.s3.eu-west-1.amazonaws.com\/static\/2022\/08\/05100553\/http___repsolmedia.com_repsolmedia_wp-content_uploads_2022_06_JRB2035-scaled-1.jpg 480w, https:\/\/bxrepsol.s3.eu-west-1.amazonaws.com\/static\/2022\/08\/05100553\/http___repsolmedia.com_repsolmedia_wp-content_uploads_2022_06_JRB2035-scaled-1.jpg 32w\" title=\"http___repsolmedia.com_repsolmedia_wp-content_uploads_2022_06_JRB2035-scaled\" alt=\"\" data-title=\"\"><br \/>\n<\/a><br \/>\n<a href=\"https:\/\/bxrepsol.s3.eu-west-1.amazonaws.com\/static\/2022\/08\/05100555\/http___repsolmedia.com_repsolmedia_wp-content_uploads_2022_06_JRB1987-scaled-1.jpg\" data-index=\"4\"><br \/>\n<img decoding=\"async\" src=\"https:\/\/bxrepsol.s3.eu-west-1.amazonaws.com\/static\/2022\/08\/05100555\/http___repsolmedia.com_repsolmedia_wp-content_uploads_2022_06_JRB1987-scaled-1.jpg\" srcset=\"https:\/\/bxrepsol.s3.eu-west-1.amazonaws.com\/static\/2022\/08\/05100555\/http___repsolmedia.com_repsolmedia_wp-content_uploads_2022_06_JRB1987-scaled-1.jpg 2560w, https:\/\/bxrepsol.s3.eu-west-1.amazonaws.com\/static\/2022\/08\/05100555\/http___repsolmedia.com_repsolmedia_wp-content_uploads_2022_06_JRB1987-scaled-1.jpg 1280w, https:\/\/bxrepsol.s3.eu-west-1.amazonaws.com\/static\/2022\/08\/05100555\/http___repsolmedia.com_repsolmedia_wp-content_uploads_2022_06_JRB1987-scaled-1.jpg 900w, https:\/\/bxrepsol.s3.eu-west-1.amazonaws.com\/static\/2022\/08\/05100555\/http___repsolmedia.com_repsolmedia_wp-content_uploads_2022_06_JRB1987-scaled-1.jpg 600w, https:\/\/bxrepsol.s3.eu-west-1.amazonaws.com\/static\/2022\/08\/05100555\/http___repsolmedia.com_repsolmedia_wp-content_uploads_2022_06_JRB1987-scaled-1.jpg 480w, https:\/\/bxrepsol.s3.eu-west-1.amazonaws.com\/static\/2022\/08\/05100555\/http___repsolmedia.com_repsolmedia_wp-content_uploads_2022_06_JRB1987-scaled-1.jpg 32w\" title=\"http___repsolmedia.com_repsolmedia_wp-content_uploads_2022_06_JRB1987-scaled\" alt=\"\" data-title=\"\"><br \/>\n<\/a><br \/>\n<button data-glide-dir=\"<\"><br \/>\n<svg role=\"img\" viewBox=\"0 0 256 512\">\n                <path fill=\"currentColor\" d=\"M238.475 475.535l7.071-7.07c4.686-4.686 4.686-12.284 0-16.971L50.053 256 245.546 60.506c4.686-4.686 4.686-12.284 0-16.971l-7.071-7.07c-4.686-4.686-12.284-4.686-16.97 0L10.454 247.515c-4.686 4.686-4.686 12.284 0 16.971l211.051 211.05c4.686 4.686 12.284 4.686 16.97-.001z\"><\/path>\n            <\/svg><br \/>\n<\/button><br \/>\n<button data-glide-dir=\">\u00ab><br \/>\n<svg role=\"img\" viewBox=\"0 0 256 512\">\n                <path fill=\"currentColor\" d=\"M17.525 36.465l-7.071 7.07c-4.686 4.686-4.686 12.284 0 16.971L205.947 256 10.454 451.494c-4.686 4.686-4.686 12.284 0 16.971l7.071 7.07c4.686 4.686 12.284 4.686 16.97 0l211.051-211.05c4.686-4.686 4.686-12.284 0-16.971L34.495 36.465c-4.686-4.687-12.284-4.687-16.97 0z\"><\/path>\n            <\/svg><br \/>\n<\/button><\/p>\n<p><strong>Declaraciones de los pilotos<\/strong><\/p>\n<p><a href=\"https:\/\/twitter.com\/hashtag\/POL44?src=hashtag_click\">#POL44<\/a><\/p>\n<p>\u00abHoy ha sido un d\u00eda dif\u00edcil. La primera ca\u00edda no ha sido grave, pero la segunda me ha pillado por sorpresa y he ca\u00eddo con fuerza. Me duele un poco la mu\u00f1eca y el codo, pero lo que m\u00e1s me duele son las costillas izquierdas. Es dif\u00edcil respirar profundamente y, sobre todo, con todas las curvas de izquierda que hay aqu\u00ed, es bastante doloroso. Tenemos que descansar esta noche y tomar algunos antiinflamatorios. Incluso as\u00ed hemos sido capaces de ser m\u00e1s r\u00e1pidos que el a\u00f1o pasado, pero el ritmo es realmente alto este fin de semana y tendremos que trabajar ma\u00f1ana para la Q2. Hoy he estado al l\u00edmite, todav\u00eda hay margen\u00bb.<\/p>\n<p><a href=\"https:\/\/twitter.com\/hashtag\/SB6?src=hashtag_click\">#SB6<\/a><\/p>\n<p>\u00abEstoy contento porque hemos sido capaces de dar un buen paso adelante. En los entrenamientos libres 1 nos ha costado un poco pero por la tarde hemos mejorado. Estoy contento con el rendimiento porque no s\u00f3lo la moto ha dado un paso, sino tambi\u00e9n mi pilotaje. Todav\u00eda hay algunas partes que mejorar, sobre todo en lo que se refiere a los tiempos en las tandas y a mi confianza a la hora de hacer una vuelta r\u00e1pida. Esto vendr\u00e1 con el tiempo y aqu\u00ed es donde encontraremos esas \u00faltimas d\u00e9cimas que nos faltan. El objetivo para ma\u00f1ana es volver a mejorar con el neum\u00e1tico trasero blando, quiero rodar en 1&#8217;20\u00bb.<\/p>\n","protected":false},"excerpt":{"rendered":"<p>Pol Espargar\u00f3 y Stefan Bradl han completado hoy la primera jornada de entrenamientos libres del Gran Premio de Alemania. En un primer d\u00eda complicado, los dos pilotos han finalizado en decimocuarta y vig\u00e9sima posici\u00f3n, respectivamente.<\/p>\n","protected":false},"author":43146,"featured_media":46395,"comment_status":"open","ping_status":"open","sticky":false,"template":"","format":"standard","meta":{"footnotes":""},"categories":[4],"tags":[120,152,128],"class_list":["post-95398","post","type-post","status-publish","format-standard","hentry","category-motogp","tag-120","tag-motogp-alemania","tag-pol-espargaro"],"yoast_head":"<!-- This site is optimized with the Yoast SEO plugin v27.3 - https:\/\/yoast.com\/product\/yoast-seo-wordpress\/ -->\n<title>Primera toma de contacto del equipo Repsol Honda en Sachsenring - Box Repsol<\/title>\n<meta name=\"description\" content=\"Primera toma de contacto del equipo Repsol Honda en Sachsenring. Descubre c\u00f3mo los pilotos se adaptan al desafiante trazado alem\u00e1n.\" \/>\n<link rel=\"canonical\" href=\"https:\/\/www.boxrepsol.com\/es\/motogp\/primera-toma-de-contacto-del-equipo-repsol-honda-en-sachsenring\/\" \/>\n<meta property=\"og:locale\" content=\"es_ES\" \/>\n<meta property=\"og:type\" content=\"article\" \/>\n<meta property=\"og:title\" content=\"Primera toma de contacto del equipo Repsol Honda en Sachsenring - Box Repsol\" \/>\n<meta property=\"og:description\" content=\"Primera toma de contacto del equipo Repsol Honda en Sachsenring. Descubre c\u00f3mo los pilotos se adaptan al desafiante trazado alem\u00e1n.\" \/>\n<meta property=\"og:url\" content=\"https:\/\/www.boxrepsol.com\/es\/motogp\/primera-toma-de-contacto-del-equipo-repsol-honda-en-sachsenring\/\" \/>\n<meta property=\"og:site_name\" content=\"Box Repsol\" \/>\n<meta property=\"article:publisher\" content=\"https:\/\/www.facebook.com\/BoxRepsol\" \/>\n<meta property=\"article:author\" content=\"https:\/\/www.facebook.com\/BoxRepsol\/\" \/>\n<meta property=\"article:published_time\" content=\"2022-06-17T02:00:00+00:00\" \/>\n<meta property=\"article:modified_time\" content=\"2024-04-09T08:48:49+00:00\" \/>\n<meta property=\"og:image\" content=\"https:\/\/bxrepsol.s3.eu-west-1.amazonaws.com\/static\/2022\/08\/10043231\/http___repsolmedia.com_repsolmedia_wp-content_uploads_2022_06_JRB6485-scaled-1.jpg\" \/>\n\t<meta property=\"og:image:width\" content=\"1280\" \/>\n\t<meta property=\"og:image:height\" content=\"600\" \/>\n\t<meta property=\"og:image:type\" content=\"image\/jpeg\" \/>\n<meta name=\"author\" content=\"Redacci\u00f3n Box Repsol\" \/>\n<meta name=\"twitter:card\" content=\"summary_large_image\" \/>\n<meta name=\"twitter:creator\" content=\"@https:\/\/twitter.com\/box_repsol\" \/>\n<meta name=\"twitter:site\" content=\"@box_repsol\" \/>\n<meta name=\"twitter:label1\" content=\"Written by\" \/>\n\t<meta name=\"twitter:data1\" content=\"Redacci\u00f3n Box Repsol\" \/>\n\t<meta name=\"twitter:label2\" content=\"Est. reading time\" \/>\n\t<meta name=\"twitter:data2\" content=\"3 minutos\" \/>\n<script type=\"application\/ld+json\" class=\"yoast-schema-graph\">{\"@context\":\"https:\\\/\\\/schema.org\",\"@graph\":[{\"@type\":\"Article\",\"@id\":\"https:\\\/\\\/www.boxrepsol.com\\\/es\\\/motogp\\\/primera-toma-de-contacto-del-equipo-repsol-honda-en-sachsenring\\\/#article\",\"isPartOf\":{\"@id\":\"https:\\\/\\\/www.boxrepsol.com\\\/es\\\/motogp\\\/primera-toma-de-contacto-del-equipo-repsol-honda-en-sachsenring\\\/\"},\"author\":{\"name\":\"Redacci\u00f3n Box Repsol\",\"@id\":\"https:\\\/\\\/www.boxrepsol.com\\\/es\\\/#\\\/schema\\\/person\\\/c5c2138f2cca251b0ad92b7086bb60b7\"},\"headline\":\"Primera toma de contacto del equipo Repsol Honda en Sachsenring\",\"datePublished\":\"2022-06-17T02:00:00+00:00\",\"dateModified\":\"2024-04-09T08:48:49+00:00\",\"mainEntityOfPage\":{\"@id\":\"https:\\\/\\\/www.boxrepsol.com\\\/es\\\/motogp\\\/primera-toma-de-contacto-del-equipo-repsol-honda-en-sachsenring\\\/\"},\"wordCount\":522,\"commentCount\":0,\"publisher\":{\"@id\":\"https:\\\/\\\/www.boxrepsol.com\\\/es\\\/#organization\"},\"image\":{\"@id\":\"https:\\\/\\\/www.boxrepsol.com\\\/es\\\/motogp\\\/primera-toma-de-contacto-del-equipo-repsol-honda-en-sachsenring\\\/#primaryimage\"},\"thumbnailUrl\":\"https:\\\/\\\/bxrepsol.s3.eu-west-1.amazonaws.com\\\/static\\\/2022\\\/08\\\/10043231\\\/http___repsolmedia.com_repsolmedia_wp-content_uploads_2022_06_JRB6485-scaled-1.jpg\",\"keywords\":[\"2022\",\"MotoGP Alemania\",\"Pol Espargar\u00f3\"],\"articleSection\":[\"MotoGP\"],\"inLanguage\":\"es\",\"potentialAction\":[{\"@type\":\"CommentAction\",\"name\":\"Comment\",\"target\":[\"https:\\\/\\\/www.boxrepsol.com\\\/es\\\/motogp\\\/primera-toma-de-contacto-del-equipo-repsol-honda-en-sachsenring\\\/#respond\"]}]},{\"@type\":\"WebPage\",\"@id\":\"https:\\\/\\\/www.boxrepsol.com\\\/es\\\/motogp\\\/primera-toma-de-contacto-del-equipo-repsol-honda-en-sachsenring\\\/\",\"url\":\"https:\\\/\\\/www.boxrepsol.com\\\/es\\\/motogp\\\/primera-toma-de-contacto-del-equipo-repsol-honda-en-sachsenring\\\/\",\"name\":\"Primera toma de contacto del equipo Repsol Honda en Sachsenring - Box Repsol\",\"isPartOf\":{\"@id\":\"https:\\\/\\\/www.boxrepsol.com\\\/es\\\/#website\"},\"primaryImageOfPage\":{\"@id\":\"https:\\\/\\\/www.boxrepsol.com\\\/es\\\/motogp\\\/primera-toma-de-contacto-del-equipo-repsol-honda-en-sachsenring\\\/#primaryimage\"},\"image\":{\"@id\":\"https:\\\/\\\/www.boxrepsol.com\\\/es\\\/motogp\\\/primera-toma-de-contacto-del-equipo-repsol-honda-en-sachsenring\\\/#primaryimage\"},\"thumbnailUrl\":\"https:\\\/\\\/bxrepsol.s3.eu-west-1.amazonaws.com\\\/static\\\/2022\\\/08\\\/10043231\\\/http___repsolmedia.com_repsolmedia_wp-content_uploads_2022_06_JRB6485-scaled-1.jpg\",\"datePublished\":\"2022-06-17T02:00:00+00:00\",\"dateModified\":\"2024-04-09T08:48:49+00:00\",\"description\":\"Primera toma de contacto del equipo Repsol Honda en Sachsenring. Descubre c\u00f3mo los pilotos se adaptan al desafiante trazado alem\u00e1n.\",\"breadcrumb\":{\"@id\":\"https:\\\/\\\/www.boxrepsol.com\\\/es\\\/motogp\\\/primera-toma-de-contacto-del-equipo-repsol-honda-en-sachsenring\\\/#breadcrumb\"},\"inLanguage\":\"es\",\"potentialAction\":[{\"@type\":\"ReadAction\",\"target\":[\"https:\\\/\\\/www.boxrepsol.com\\\/es\\\/motogp\\\/primera-toma-de-contacto-del-equipo-repsol-honda-en-sachsenring\\\/\"]}]},{\"@type\":\"ImageObject\",\"inLanguage\":\"es\",\"@id\":\"https:\\\/\\\/www.boxrepsol.com\\\/es\\\/motogp\\\/primera-toma-de-contacto-del-equipo-repsol-honda-en-sachsenring\\\/#primaryimage\",\"url\":\"https:\\\/\\\/bxrepsol.s3.eu-west-1.amazonaws.com\\\/static\\\/2022\\\/08\\\/10043231\\\/http___repsolmedia.com_repsolmedia_wp-content_uploads_2022_06_JRB6485-scaled-1.jpg\",\"contentUrl\":\"https:\\\/\\\/bxrepsol.s3.eu-west-1.amazonaws.com\\\/static\\\/2022\\\/08\\\/10043231\\\/http___repsolmedia.com_repsolmedia_wp-content_uploads_2022_06_JRB6485-scaled-1.jpg\",\"width\":1280,\"height\":600},{\"@type\":\"BreadcrumbList\",\"@id\":\"https:\\\/\\\/www.boxrepsol.com\\\/es\\\/motogp\\\/primera-toma-de-contacto-del-equipo-repsol-honda-en-sachsenring\\\/#breadcrumb\",\"itemListElement\":[{\"@type\":\"ListItem\",\"position\":1,\"name\":\"Home\",\"item\":\"https:\\\/\\\/www.boxrepsol.com\\\/es\\\/\"},{\"@type\":\"ListItem\",\"position\":2,\"name\":\"Primera toma de contacto del equipo Repsol Honda en Sachsenring\"}]},{\"@type\":\"WebSite\",\"@id\":\"https:\\\/\\\/www.boxrepsol.com\\\/es\\\/#website\",\"url\":\"https:\\\/\\\/www.boxrepsol.com\\\/es\\\/\",\"name\":\"Box Repsol\",\"description\":\"Box Repsol Site\",\"publisher\":{\"@id\":\"https:\\\/\\\/www.boxrepsol.com\\\/es\\\/#organization\"},\"potentialAction\":[{\"@type\":\"SearchAction\",\"target\":{\"@type\":\"EntryPoint\",\"urlTemplate\":\"https:\\\/\\\/www.boxrepsol.com\\\/es\\\/?s={search_term_string}\"},\"query-input\":{\"@type\":\"PropertyValueSpecification\",\"valueRequired\":true,\"valueName\":\"search_term_string\"}}],\"inLanguage\":\"es\"},{\"@type\":\"Organization\",\"@id\":\"https:\\\/\\\/www.boxrepsol.com\\\/es\\\/#organization\",\"name\":\"Box Repsol\",\"url\":\"https:\\\/\\\/www.boxrepsol.com\\\/es\\\/\",\"logo\":{\"@type\":\"ImageObject\",\"inLanguage\":\"es\",\"@id\":\"https:\\\/\\\/www.boxrepsol.com\\\/es\\\/#\\\/schema\\\/logo\\\/image\\\/\",\"url\":\"https:\\\/\\\/bxrepsol.s3.eu-west-1.amazonaws.com\\\/static\\\/2025\\\/07\\\/30083337\\\/favicon-96x96-1.png\",\"contentUrl\":\"https:\\\/\\\/bxrepsol.s3.eu-west-1.amazonaws.com\\\/static\\\/2025\\\/07\\\/30083337\\\/favicon-96x96-1.png\",\"width\":96,\"height\":96,\"caption\":\"Box Repsol\"},\"image\":{\"@id\":\"https:\\\/\\\/www.boxrepsol.com\\\/es\\\/#\\\/schema\\\/logo\\\/image\\\/\"},\"sameAs\":[\"https:\\\/\\\/www.facebook.com\\\/BoxRepsol\",\"https:\\\/\\\/x.com\\\/box_repsol\",\"http:\\\/\\\/instagram.com\\\/box_repsol\",\"https:\\\/\\\/www.youtube.com\\\/user\\\/RepsolCompeticion\",\"https:\\\/\\\/www.flickr.com\\\/photos\\\/box_repsol\\\/\"]},{\"@type\":\"Person\",\"@id\":\"https:\\\/\\\/www.boxrepsol.com\\\/es\\\/#\\\/schema\\\/person\\\/c5c2138f2cca251b0ad92b7086bb60b7\",\"name\":\"Redacci\u00f3n Box Repsol\",\"image\":{\"@type\":\"ImageObject\",\"inLanguage\":\"es\",\"@id\":\"https:\\\/\\\/secure.gravatar.com\\\/avatar\\\/adf7b77e38b4419baf32c7e9c21dde01f4e40df611f0978e3006fc4ba0aaab7e?s=96&d=mm&r=g\",\"url\":\"https:\\\/\\\/secure.gravatar.com\\\/avatar\\\/adf7b77e38b4419baf32c7e9c21dde01f4e40df611f0978e3006fc4ba0aaab7e?s=96&d=mm&r=g\",\"contentUrl\":\"https:\\\/\\\/secure.gravatar.com\\\/avatar\\\/adf7b77e38b4419baf32c7e9c21dde01f4e40df611f0978e3006fc4ba0aaab7e?s=96&d=mm&r=g\",\"caption\":\"Redacci\u00f3n Box Repsol\"},\"description\":\"Box Repsol lo forma un equipo de periodistas, community managers, dise\u00f1adores y fot\u00f3grafos con m\u00e1s de 20 a\u00f1os de experiencia en el mundo del motorsport. Hemos vivido el primer mundial de un espa\u00f1ol en la categor\u00eda reina de motociclismo con \u00c1lex Crivill\u00e9, estuvimos en las victorias de Pedrosa y los t\u00edtulos de M\u00e1rquez, acompa\u00f1amos en \u00c1frica a Nani Roma y Marc Coma en sus conquistas del Dakar y hemos vibrado con los t\u00edtulos de Toni Bou en Trial. Adem\u00e1s, en nuestro equipo contamos con expertos en el mundo de las dos y cuatro ruedas tanto de la calle y las carreteras, como de los circuitos. Periodistas que han trabajado en revistas y publicaciones para hacerte llegar desde rutas y consejos de mantenimiento, a curiosidades y trucos de pilotaje.\",\"sameAs\":[\"https:\\\/\\\/www.facebook.com\\\/BoxRepsol\\\/\",\"https:\\\/\\\/www.instagram.com\\\/box_repsol\\\/\",\"https:\\\/\\\/x.com\\\/https:\\\/\\\/twitter.com\\\/box_repsol\",\"https:\\\/\\\/www.youtube.com\\\/@Boxrepsol\"],\"url\":\"https:\\\/\\\/www.boxrepsol.com\\\/es\\\/author\\\/redaccion-box-repsol\\\/\"}]}<\/script>\n<!-- \/ Yoast SEO plugin. -->","yoast_head_json":{"title":"Primera toma de contacto del equipo Repsol Honda en Sachsenring - Box Repsol","description":"Primera toma de contacto del equipo Repsol Honda en Sachsenring. Descubre c\u00f3mo los pilotos se adaptan al desafiante trazado alem\u00e1n.","canonical":"https:\/\/www.boxrepsol.com\/es\/motogp\/primera-toma-de-contacto-del-equipo-repsol-honda-en-sachsenring\/","og_locale":"es_ES","og_type":"article","og_title":"Primera toma de contacto del equipo Repsol Honda en Sachsenring - Box Repsol","og_description":"Primera toma de contacto del equipo Repsol Honda en Sachsenring. Descubre c\u00f3mo los pilotos se adaptan al desafiante trazado alem\u00e1n.","og_url":"https:\/\/www.boxrepsol.com\/es\/motogp\/primera-toma-de-contacto-del-equipo-repsol-honda-en-sachsenring\/","og_site_name":"Box Repsol","article_publisher":"https:\/\/www.facebook.com\/BoxRepsol","article_author":"https:\/\/www.facebook.com\/BoxRepsol\/","article_published_time":"2022-06-17T02:00:00+00:00","article_modified_time":"2024-04-09T08:48:49+00:00","og_image":[{"width":1280,"height":600,"url":"https:\/\/bxrepsol.s3.eu-west-1.amazonaws.com\/static\/2022\/08\/10043231\/http___repsolmedia.com_repsolmedia_wp-content_uploads_2022_06_JRB6485-scaled-1.jpg","type":"image\/jpeg"}],"author":"Redacci\u00f3n Box Repsol","twitter_card":"summary_large_image","twitter_creator":"@https:\/\/twitter.com\/box_repsol","twitter_site":"@box_repsol","twitter_misc":{"Written by":"Redacci\u00f3n Box Repsol","Est. reading time":"3 minutos"},"schema":{"@context":"https:\/\/schema.org","@graph":[{"@type":"Article","@id":"https:\/\/www.boxrepsol.com\/es\/motogp\/primera-toma-de-contacto-del-equipo-repsol-honda-en-sachsenring\/#article","isPartOf":{"@id":"https:\/\/www.boxrepsol.com\/es\/motogp\/primera-toma-de-contacto-del-equipo-repsol-honda-en-sachsenring\/"},"author":{"name":"Redacci\u00f3n Box Repsol","@id":"https:\/\/www.boxrepsol.com\/es\/#\/schema\/person\/c5c2138f2cca251b0ad92b7086bb60b7"},"headline":"Primera toma de contacto del equipo Repsol Honda en Sachsenring","datePublished":"2022-06-17T02:00:00+00:00","dateModified":"2024-04-09T08:48:49+00:00","mainEntityOfPage":{"@id":"https:\/\/www.boxrepsol.com\/es\/motogp\/primera-toma-de-contacto-del-equipo-repsol-honda-en-sachsenring\/"},"wordCount":522,"commentCount":0,"publisher":{"@id":"https:\/\/www.boxrepsol.com\/es\/#organization"},"image":{"@id":"https:\/\/www.boxrepsol.com\/es\/motogp\/primera-toma-de-contacto-del-equipo-repsol-honda-en-sachsenring\/#primaryimage"},"thumbnailUrl":"https:\/\/bxrepsol.s3.eu-west-1.amazonaws.com\/static\/2022\/08\/10043231\/http___repsolmedia.com_repsolmedia_wp-content_uploads_2022_06_JRB6485-scaled-1.jpg","keywords":["2022","MotoGP Alemania","Pol Espargar\u00f3"],"articleSection":["MotoGP"],"inLanguage":"es","potentialAction":[{"@type":"CommentAction","name":"Comment","target":["https:\/\/www.boxrepsol.com\/es\/motogp\/primera-toma-de-contacto-del-equipo-repsol-honda-en-sachsenring\/#respond"]}]},{"@type":"WebPage","@id":"https:\/\/www.boxrepsol.com\/es\/motogp\/primera-toma-de-contacto-del-equipo-repsol-honda-en-sachsenring\/","url":"https:\/\/www.boxrepsol.com\/es\/motogp\/primera-toma-de-contacto-del-equipo-repsol-honda-en-sachsenring\/","name":"Primera toma de contacto del equipo Repsol Honda en Sachsenring - Box Repsol","isPartOf":{"@id":"https:\/\/www.boxrepsol.com\/es\/#website"},"primaryImageOfPage":{"@id":"https:\/\/www.boxrepsol.com\/es\/motogp\/primera-toma-de-contacto-del-equipo-repsol-honda-en-sachsenring\/#primaryimage"},"image":{"@id":"https:\/\/www.boxrepsol.com\/es\/motogp\/primera-toma-de-contacto-del-equipo-repsol-honda-en-sachsenring\/#primaryimage"},"thumbnailUrl":"https:\/\/bxrepsol.s3.eu-west-1.amazonaws.com\/static\/2022\/08\/10043231\/http___repsolmedia.com_repsolmedia_wp-content_uploads_2022_06_JRB6485-scaled-1.jpg","datePublished":"2022-06-17T02:00:00+00:00","dateModified":"2024-04-09T08:48:49+00:00","description":"Primera toma de contacto del equipo Repsol Honda en Sachsenring. Descubre c\u00f3mo los pilotos se adaptan al desafiante trazado alem\u00e1n.","breadcrumb":{"@id":"https:\/\/www.boxrepsol.com\/es\/motogp\/primera-toma-de-contacto-del-equipo-repsol-honda-en-sachsenring\/#breadcrumb"},"inLanguage":"es","potentialAction":[{"@type":"ReadAction","target":["https:\/\/www.boxrepsol.com\/es\/motogp\/primera-toma-de-contacto-del-equipo-repsol-honda-en-sachsenring\/"]}]},{"@type":"ImageObject","inLanguage":"es","@id":"https:\/\/www.boxrepsol.com\/es\/motogp\/primera-toma-de-contacto-del-equipo-repsol-honda-en-sachsenring\/#primaryimage","url":"https:\/\/bxrepsol.s3.eu-west-1.amazonaws.com\/static\/2022\/08\/10043231\/http___repsolmedia.com_repsolmedia_wp-content_uploads_2022_06_JRB6485-scaled-1.jpg","contentUrl":"https:\/\/bxrepsol.s3.eu-west-1.amazonaws.com\/static\/2022\/08\/10043231\/http___repsolmedia.com_repsolmedia_wp-content_uploads_2022_06_JRB6485-scaled-1.jpg","width":1280,"height":600},{"@type":"BreadcrumbList","@id":"https:\/\/www.boxrepsol.com\/es\/motogp\/primera-toma-de-contacto-del-equipo-repsol-honda-en-sachsenring\/#breadcrumb","itemListElement":[{"@type":"ListItem","position":1,"name":"Home","item":"https:\/\/www.boxrepsol.com\/es\/"},{"@type":"ListItem","position":2,"name":"Primera toma de contacto del equipo Repsol Honda en Sachsenring"}]},{"@type":"WebSite","@id":"https:\/\/www.boxrepsol.com\/es\/#website","url":"https:\/\/www.boxrepsol.com\/es\/","name":"Box Repsol","description":"Box Repsol Site","publisher":{"@id":"https:\/\/www.boxrepsol.com\/es\/#organization"},"potentialAction":[{"@type":"SearchAction","target":{"@type":"EntryPoint","urlTemplate":"https:\/\/www.boxrepsol.com\/es\/?s={search_term_string}"},"query-input":{"@type":"PropertyValueSpecification","valueRequired":true,"valueName":"search_term_string"}}],"inLanguage":"es"},{"@type":"Organization","@id":"https:\/\/www.boxrepsol.com\/es\/#organization","name":"Box Repsol","url":"https:\/\/www.boxrepsol.com\/es\/","logo":{"@type":"ImageObject","inLanguage":"es","@id":"https:\/\/www.boxrepsol.com\/es\/#\/schema\/logo\/image\/","url":"https:\/\/bxrepsol.s3.eu-west-1.amazonaws.com\/static\/2025\/07\/30083337\/favicon-96x96-1.png","contentUrl":"https:\/\/bxrepsol.s3.eu-west-1.amazonaws.com\/static\/2025\/07\/30083337\/favicon-96x96-1.png","width":96,"height":96,"caption":"Box Repsol"},"image":{"@id":"https:\/\/www.boxrepsol.com\/es\/#\/schema\/logo\/image\/"},"sameAs":["https:\/\/www.facebook.com\/BoxRepsol","https:\/\/x.com\/box_repsol","http:\/\/instagram.com\/box_repsol","https:\/\/www.youtube.com\/user\/RepsolCompeticion","https:\/\/www.flickr.com\/photos\/box_repsol\/"]},{"@type":"Person","@id":"https:\/\/www.boxrepsol.com\/es\/#\/schema\/person\/c5c2138f2cca251b0ad92b7086bb60b7","name":"Redacci\u00f3n Box Repsol","image":{"@type":"ImageObject","inLanguage":"es","@id":"https:\/\/secure.gravatar.com\/avatar\/adf7b77e38b4419baf32c7e9c21dde01f4e40df611f0978e3006fc4ba0aaab7e?s=96&d=mm&r=g","url":"https:\/\/secure.gravatar.com\/avatar\/adf7b77e38b4419baf32c7e9c21dde01f4e40df611f0978e3006fc4ba0aaab7e?s=96&d=mm&r=g","contentUrl":"https:\/\/secure.gravatar.com\/avatar\/adf7b77e38b4419baf32c7e9c21dde01f4e40df611f0978e3006fc4ba0aaab7e?s=96&d=mm&r=g","caption":"Redacci\u00f3n Box Repsol"},"description":"Box Repsol lo forma un equipo de periodistas, community managers, dise\u00f1adores y fot\u00f3grafos con m\u00e1s de 20 a\u00f1os de experiencia en el mundo del motorsport. Hemos vivido el primer mundial de un espa\u00f1ol en la categor\u00eda reina de motociclismo con \u00c1lex Crivill\u00e9, estuvimos en las victorias de Pedrosa y los t\u00edtulos de M\u00e1rquez, acompa\u00f1amos en \u00c1frica a Nani Roma y Marc Coma en sus conquistas del Dakar y hemos vibrado con los t\u00edtulos de Toni Bou en Trial. Adem\u00e1s, en nuestro equipo contamos con expertos en el mundo de las dos y cuatro ruedas tanto de la calle y las carreteras, como de los circuitos. Periodistas que han trabajado en revistas y publicaciones para hacerte llegar desde rutas y consejos de mantenimiento, a curiosidades y trucos de pilotaje.","sameAs":["https:\/\/www.facebook.com\/BoxRepsol\/","https:\/\/www.instagram.com\/box_repsol\/","https:\/\/x.com\/https:\/\/twitter.com\/box_repsol","https:\/\/www.youtube.com\/@Boxrepsol"],"url":"https:\/\/www.boxrepsol.com\/es\/author\/redaccion-box-repsol\/"}]}},"_links":{"self":[{"href":"https:\/\/www.boxrepsol.com\/es\/wp-json\/wp\/v2\/posts\/95398","targetHints":{"allow":["GET"]}}],"collection":[{"href":"https:\/\/www.boxrepsol.com\/es\/wp-json\/wp\/v2\/posts"}],"about":[{"href":"https:\/\/www.boxrepsol.com\/es\/wp-json\/wp\/v2\/types\/post"}],"author":[{"embeddable":true,"href":"https:\/\/www.boxrepsol.com\/es\/wp-json\/wp\/v2\/users\/43146"}],"replies":[{"embeddable":true,"href":"https:\/\/www.boxrepsol.com\/es\/wp-json\/wp\/v2\/comments?post=95398"}],"version-history":[{"count":2,"href":"https:\/\/www.boxrepsol.com\/es\/wp-json\/wp\/v2\/posts\/95398\/revisions"}],"predecessor-version":[{"id":109487,"href":"https:\/\/www.boxrepsol.com\/es\/wp-json\/wp\/v2\/posts\/95398\/revisions\/109487"}],"wp:featuredmedia":[{"embeddable":true,"href":"https:\/\/www.boxrepsol.com\/es\/wp-json\/wp\/v2\/media\/46395"}],"wp:attachment":[{"href":"https:\/\/www.boxrepsol.com\/es\/wp-json\/wp\/v2\/media?parent=95398"}],"wp:term":[{"taxonomy":"category","embeddable":true,"href":"https:\/\/www.boxrepsol.com\/es\/wp-json\/wp\/v2\/categories?post=95398"},{"taxonomy":"post_tag","embeddable":true,"href":"https:\/\/www.boxrepsol.com\/es\/wp-json\/wp\/v2\/tags?post=95398"}],"curies":[{"name":"wp","href":"https:\/\/api.w.org\/{rel}","templated":true}]}}