{"id":95395,"date":"2022-06-15T00:00:00","date_gmt":"2022-06-15T02:00:00","guid":{"rendered":"http:\/\/pre.boxrepsol.com\/sin-categorizar\/el-repsol-honda-team-llega-a-los-pirineos-para-consolidar-el-liderato-del-mundial\/"},"modified":"2024-04-09T06:49:15","modified_gmt":"2024-04-09T08:49:15","slug":"el-repsol-honda-team-llega-a-los-pirineos-para-consolidar-el-liderato-del-mundial","status":"publish","type":"post","link":"https:\/\/www.boxrepsol.com\/es\/trial\/el-repsol-honda-team-llega-a-los-pirineos-para-consolidar-el-liderato-del-mundial\/","title":{"rendered":"El Repsol Honda Team llega a los Pirineos para consolidar el liderato del Mundial"},"content":{"rendered":"<p>Tras el inicio del Mundial de TrialGP este pasado fin de semana en Espa\u00f1a, los pr\u00f3ximos s\u00e1bado y domingo tendr\u00e1 lugar una nueva <strong>doble sesi\u00f3n de carreras en Andorra<\/strong>. El peque\u00f1o pa\u00eds de los Pirineos albergar\u00e1, por vig\u00e9simo cuarto a\u00f1o, el m\u00e1ximo evento de Trial. El centro de <strong>Sant Juli\u00e0 de L\u00f2ria<\/strong> acoger\u00e1 el paddock, salida, llegada y podio de la carrera que Toni Bou ha ganado hasta en nueve ocasiones. En la pasada edici\u00f3n, Toni Bou se impuso el s\u00e1bado mientras que el domingo fue tercero. Gabriel Marcelli acab\u00f3 en sexto lugar los dos d\u00edas.<\/p>\n<p>En L\u2019Hospitalet de L\u2019Infant, el <strong>Repsol Honda Team<\/strong> consiguieron un buen resultado coral, pero tanto Toni Bou como Gabriel Marcelli buscar\u00e1n este fin de semana en Andorra mejorar a\u00fan si cabe los resultados conseguidos en Espa\u00f1a.<\/p>\n<p>El viernes d\u00eda 17 de junio se dedicar\u00e1 a las verificaciones administrativas y t\u00e9cnicas, los entrenamientos y la inspecci\u00f3n de las doce zonas del recorrido que tendr\u00e1 lugar por la zona de Nagol y el r\u00edo Aubiny\u00e0. La carrera arrancar\u00e1 el s\u00e1bado a partir de las 9 de la ma\u00f1ana y se espera que sobre las 15:30 se celebre la ceremonia del podio. Los horarios para el domingo se mantienen igual que los de la jornada precedente.<\/p>\n<p><a href=\"https:\/\/bxrepsol.s3.eu-west-1.amazonaws.com\/static\/2022\/08\/05100530\/62a836b1f3dd53.16762704.jpg\" data-index=\"0\"><br \/>\n<img decoding=\"async\" src=\"https:\/\/bxrepsol.s3.eu-west-1.amazonaws.com\/static\/2022\/08\/05100530\/62a836b1f3dd53.16762704.jpg\" srcset=\"https:\/\/bxrepsol.s3.eu-west-1.amazonaws.com\/static\/2022\/08\/05100530\/62a836b1f3dd53.16762704.jpg 800w, https:\/\/bxrepsol.s3.eu-west-1.amazonaws.com\/static\/2022\/08\/05100530\/62a836b1f3dd53.16762704.jpg 600w, https:\/\/bxrepsol.s3.eu-west-1.amazonaws.com\/static\/2022\/08\/05100530\/62a836b1f3dd53.16762704.jpg 480w, https:\/\/bxrepsol.s3.eu-west-1.amazonaws.com\/static\/2022\/08\/05100530\/62a836b1f3dd53.16762704.jpg 32w\" title=\"62a836b1f3dd53.16762704\" alt=\"\" data-title=\"\"><br \/>\n<\/a><br \/>\n<a href=\"https:\/\/bxrepsol.s3.eu-west-1.amazonaws.com\/static\/2022\/08\/05100531\/62a84884142c58.65355076.jpg\" data-index=\"1\"><br \/>\n<img decoding=\"async\" src=\"https:\/\/bxrepsol.s3.eu-west-1.amazonaws.com\/static\/2022\/08\/05100531\/62a84884142c58.65355076.jpg\" srcset=\"https:\/\/bxrepsol.s3.eu-west-1.amazonaws.com\/static\/2022\/08\/05100531\/62a84884142c58.65355076.jpg 800w, https:\/\/bxrepsol.s3.eu-west-1.amazonaws.com\/static\/2022\/08\/05100531\/62a84884142c58.65355076.jpg 600w, https:\/\/bxrepsol.s3.eu-west-1.amazonaws.com\/static\/2022\/08\/05100531\/62a84884142c58.65355076.jpg 480w, https:\/\/bxrepsol.s3.eu-west-1.amazonaws.com\/static\/2022\/08\/05100531\/62a84884142c58.65355076.jpg 32w\" title=\"62a84884142c58.65355076\" alt=\"\" data-title=\"\"><br \/>\n<\/a><br \/>\n<a href=\"https:\/\/bxrepsol.s3.eu-west-1.amazonaws.com\/static\/2022\/08\/05100532\/62a836d5d68a90.51040773.jpg\" data-index=\"2\"><br \/>\n<img decoding=\"async\" src=\"https:\/\/bxrepsol.s3.eu-west-1.amazonaws.com\/static\/2022\/08\/05100532\/62a836d5d68a90.51040773.jpg\" srcset=\"https:\/\/bxrepsol.s3.eu-west-1.amazonaws.com\/static\/2022\/08\/05100532\/62a836d5d68a90.51040773.jpg 800w, https:\/\/bxrepsol.s3.eu-west-1.amazonaws.com\/static\/2022\/08\/05100532\/62a836d5d68a90.51040773.jpg 600w, https:\/\/bxrepsol.s3.eu-west-1.amazonaws.com\/static\/2022\/08\/05100532\/62a836d5d68a90.51040773.jpg 480w, https:\/\/bxrepsol.s3.eu-west-1.amazonaws.com\/static\/2022\/08\/05100532\/62a836d5d68a90.51040773.jpg 32w\" title=\"62a836d5d68a90.51040773\" alt=\"\" data-title=\"\"><br \/>\n<\/a><br \/>\n<a href=\"https:\/\/bxrepsol.s3.eu-west-1.amazonaws.com\/static\/2022\/08\/05100533\/62a836c11dbe86.35211638.jpg\" data-index=\"3\"><br \/>\n<img decoding=\"async\" src=\"https:\/\/bxrepsol.s3.eu-west-1.amazonaws.com\/static\/2022\/08\/05100533\/62a836c11dbe86.35211638.jpg\" srcset=\"https:\/\/bxrepsol.s3.eu-west-1.amazonaws.com\/static\/2022\/08\/05100533\/62a836c11dbe86.35211638.jpg 800w, https:\/\/bxrepsol.s3.eu-west-1.amazonaws.com\/static\/2022\/08\/05100533\/62a836c11dbe86.35211638.jpg 600w, https:\/\/bxrepsol.s3.eu-west-1.amazonaws.com\/static\/2022\/08\/05100533\/62a836c11dbe86.35211638.jpg 480w, https:\/\/bxrepsol.s3.eu-west-1.amazonaws.com\/static\/2022\/08\/05100533\/62a836c11dbe86.35211638.jpg 32w\" title=\"62a836c11dbe86.35211638\" alt=\"\" data-title=\"\"><br \/>\n<\/a><br \/>\n<a href=\"https:\/\/bxrepsol.s3.eu-west-1.amazonaws.com\/static\/2022\/08\/05100533\/62a836bc3784f1.15317494.jpg\" data-index=\"4\"><br \/>\n<img decoding=\"async\" src=\"https:\/\/bxrepsol.s3.eu-west-1.amazonaws.com\/static\/2022\/08\/05100533\/62a836bc3784f1.15317494.jpg\" srcset=\"https:\/\/bxrepsol.s3.eu-west-1.amazonaws.com\/static\/2022\/08\/05100533\/62a836bc3784f1.15317494.jpg 800w, https:\/\/bxrepsol.s3.eu-west-1.amazonaws.com\/static\/2022\/08\/05100533\/62a836bc3784f1.15317494.jpg 600w, https:\/\/bxrepsol.s3.eu-west-1.amazonaws.com\/static\/2022\/08\/05100533\/62a836bc3784f1.15317494.jpg 480w, https:\/\/bxrepsol.s3.eu-west-1.amazonaws.com\/static\/2022\/08\/05100533\/62a836bc3784f1.15317494.jpg 32w\" title=\"62a836bc3784f1.15317494\" alt=\"\" data-title=\"\"><br \/>\n<\/a><br \/>\n<button data-glide-dir=\"<\"><br \/>\n<svg role=\"img\" viewBox=\"0 0 256 512\">\n                <path fill=\"currentColor\" d=\"M238.475 475.535l7.071-7.07c4.686-4.686 4.686-12.284 0-16.971L50.053 256 245.546 60.506c4.686-4.686 4.686-12.284 0-16.971l-7.071-7.07c-4.686-4.686-12.284-4.686-16.97 0L10.454 247.515c-4.686 4.686-4.686 12.284 0 16.971l211.051 211.05c4.686 4.686 12.284 4.686 16.97-.001z\"><\/path>\n            <\/svg><br \/>\n<\/button><br \/>\n<button data-glide-dir=\">\u00ab><br \/>\n<svg role=\"img\" viewBox=\"0 0 256 512\">\n                <path fill=\"currentColor\" d=\"M17.525 36.465l-7.071 7.07c-4.686 4.686-4.686 12.284 0 16.971L205.947 256 10.454 451.494c-4.686 4.686-4.686 12.284 0 16.971l7.071 7.07c4.686 4.686 12.284 4.686 16.97 0l211.051-211.05c4.686-4.686 4.686-12.284 0-16.971L34.495 36.465c-4.686-4.687-12.284-4.687-16.97 0z\"><\/path>\n            <\/svg><br \/>\n<\/button><\/p>\n<p><b>Declaraciones de los pilotos<\/b><\/p>\n<h4>Toni Bou<\/h4>\n<p>\u00abHemos empezado el a\u00f1o bien, pero sabemos que ser\u00e1 una temporada muy apretada. Espero que las zonas de la carrera de Andorra tengan un buen nivel, que sean un poco m\u00e1s complicadas. Es un lugar donde siempre cuesta marcar diferencias, pero bueno, veremos con qu\u00e9 nos encontramos, pero afrontamos la carrera de casa con muchas ganas y esperanza de lograr un buen resultado, como el pasado fin de semana\u00bb.<\/p>\n<h4>Gabriel Marcelli<\/h4>\n<p>\u00abNo tenemos descanso y el pr\u00f3ximo fin de semana nos toca otra carrera del Campeonato del Mundo. Intentaremos recargar las pilas durante estos d\u00edas para intentar conseguir el objetivo, que sigue siendo el mismo: meterse en las posiciones de podio y coger buenos puntos para la general. Competir en altura no es f\u00e1cil, pero esperamos conseguir unos buenos ajustes para estar por delante del resto\u00bb.<\/p>\n","protected":false},"excerpt":{"rendered":"<p>Las carreras 3 y 4 del Campeonato del Mundo de TrialGP se disputar\u00e1n este pr\u00f3ximo fin de semana en la localidad andorrana de Sant Juli\u00e0 de L\u00f2ria. Los pilotos del Repsol Honda Trial Team Toni Bou y Gabriel Marcelli luchar\u00e1n para consolidar y mejorar sus posiciones en la general.<\/p>\n","protected":false},"author":43146,"featured_media":46378,"comment_status":"open","ping_status":"open","sticky":false,"template":"","format":"standard","meta":{"footnotes":""},"categories":[23],"tags":[120,203,21],"class_list":["post-95395","post","type-post","status-publish","format-standard","hentry","category-trial","tag-120","tag-gabri-marcelli","tag-toni-bou"],"yoast_head":"<!-- This site is optimized with the Yoast SEO plugin v27.3 - https:\/\/yoast.com\/product\/yoast-seo-wordpress\/ -->\n<title>El Repsol Honda Team llega a los Pirineos para consolidar el liderato del Mundial - Box Repsol<\/title>\n<meta name=\"description\" content=\"Acompa\u00f1a al Repsol Honda Team en su traves\u00eda por los Pirineos mientras buscan fortalecer su posici\u00f3n en la cima del Campeonato Mundial.\" \/>\n<link rel=\"canonical\" href=\"https:\/\/www.boxrepsol.com\/es\/trial\/el-repsol-honda-team-llega-a-los-pirineos-para-consolidar-el-liderato-del-mundial\/\" \/>\n<meta property=\"og:locale\" content=\"es_ES\" \/>\n<meta property=\"og:type\" content=\"article\" \/>\n<meta property=\"og:title\" content=\"El Repsol Honda Team llega a los Pirineos para consolidar el liderato del Mundial - Box Repsol\" \/>\n<meta property=\"og:description\" content=\"Acompa\u00f1a al Repsol Honda Team en su traves\u00eda por los Pirineos mientras buscan fortalecer su posici\u00f3n en la cima del Campeonato Mundial.\" \/>\n<meta property=\"og:url\" content=\"https:\/\/www.boxrepsol.com\/es\/trial\/el-repsol-honda-team-llega-a-los-pirineos-para-consolidar-el-liderato-del-mundial\/\" \/>\n<meta property=\"og:site_name\" content=\"Box Repsol\" \/>\n<meta property=\"article:publisher\" content=\"https:\/\/www.facebook.com\/BoxRepsol\" \/>\n<meta property=\"article:author\" content=\"https:\/\/www.facebook.com\/BoxRepsol\/\" \/>\n<meta property=\"article:published_time\" content=\"2022-06-15T02:00:00+00:00\" \/>\n<meta property=\"article:modified_time\" content=\"2024-04-09T08:49:15+00:00\" \/>\n<meta property=\"og:image\" content=\"https:\/\/bxrepsol.s3.eu-west-1.amazonaws.com\/static\/2022\/08\/10043221\/62a8476790c710.24620022.jpg\" \/>\n\t<meta property=\"og:image:width\" content=\"800\" \/>\n\t<meta property=\"og:image:height\" content=\"406\" \/>\n\t<meta property=\"og:image:type\" content=\"image\/jpeg\" \/>\n<meta name=\"author\" content=\"Redacci\u00f3n Box Repsol\" \/>\n<meta name=\"twitter:card\" content=\"summary_large_image\" \/>\n<meta name=\"twitter:creator\" content=\"@https:\/\/twitter.com\/box_repsol\" \/>\n<meta name=\"twitter:site\" content=\"@box_repsol\" \/>\n<meta name=\"twitter:label1\" content=\"Written by\" \/>\n\t<meta name=\"twitter:data1\" content=\"Redacci\u00f3n Box Repsol\" \/>\n\t<meta name=\"twitter:label2\" content=\"Est. reading time\" \/>\n\t<meta name=\"twitter:data2\" content=\"2 minutos\" \/>\n<script type=\"application\/ld+json\" class=\"yoast-schema-graph\">{\"@context\":\"https:\\\/\\\/schema.org\",\"@graph\":[{\"@type\":\"Article\",\"@id\":\"https:\\\/\\\/www.boxrepsol.com\\\/es\\\/trial\\\/el-repsol-honda-team-llega-a-los-pirineos-para-consolidar-el-liderato-del-mundial\\\/#article\",\"isPartOf\":{\"@id\":\"https:\\\/\\\/www.boxrepsol.com\\\/es\\\/trial\\\/el-repsol-honda-team-llega-a-los-pirineos-para-consolidar-el-liderato-del-mundial\\\/\"},\"author\":{\"name\":\"Redacci\u00f3n Box Repsol\",\"@id\":\"https:\\\/\\\/www.boxrepsol.com\\\/es\\\/#\\\/schema\\\/person\\\/c5c2138f2cca251b0ad92b7086bb60b7\"},\"headline\":\"El Repsol Honda Team llega a los Pirineos para consolidar el liderato del Mundial\",\"datePublished\":\"2022-06-15T02:00:00+00:00\",\"dateModified\":\"2024-04-09T08:49:15+00:00\",\"mainEntityOfPage\":{\"@id\":\"https:\\\/\\\/www.boxrepsol.com\\\/es\\\/trial\\\/el-repsol-honda-team-llega-a-los-pirineos-para-consolidar-el-liderato-del-mundial\\\/\"},\"wordCount\":391,\"commentCount\":0,\"publisher\":{\"@id\":\"https:\\\/\\\/www.boxrepsol.com\\\/es\\\/#organization\"},\"image\":{\"@id\":\"https:\\\/\\\/www.boxrepsol.com\\\/es\\\/trial\\\/el-repsol-honda-team-llega-a-los-pirineos-para-consolidar-el-liderato-del-mundial\\\/#primaryimage\"},\"thumbnailUrl\":\"https:\\\/\\\/bxrepsol.s3.eu-west-1.amazonaws.com\\\/static\\\/2022\\\/08\\\/10043221\\\/62a8476790c710.24620022.jpg\",\"keywords\":[\"2022\",\"Gabri Marcelli\",\"Toni Bou\"],\"articleSection\":[\"Trial\"],\"inLanguage\":\"es\",\"potentialAction\":[{\"@type\":\"CommentAction\",\"name\":\"Comment\",\"target\":[\"https:\\\/\\\/www.boxrepsol.com\\\/es\\\/trial\\\/el-repsol-honda-team-llega-a-los-pirineos-para-consolidar-el-liderato-del-mundial\\\/#respond\"]}]},{\"@type\":\"WebPage\",\"@id\":\"https:\\\/\\\/www.boxrepsol.com\\\/es\\\/trial\\\/el-repsol-honda-team-llega-a-los-pirineos-para-consolidar-el-liderato-del-mundial\\\/\",\"url\":\"https:\\\/\\\/www.boxrepsol.com\\\/es\\\/trial\\\/el-repsol-honda-team-llega-a-los-pirineos-para-consolidar-el-liderato-del-mundial\\\/\",\"name\":\"El Repsol Honda Team llega a los Pirineos para consolidar el liderato del Mundial - Box Repsol\",\"isPartOf\":{\"@id\":\"https:\\\/\\\/www.boxrepsol.com\\\/es\\\/#website\"},\"primaryImageOfPage\":{\"@id\":\"https:\\\/\\\/www.boxrepsol.com\\\/es\\\/trial\\\/el-repsol-honda-team-llega-a-los-pirineos-para-consolidar-el-liderato-del-mundial\\\/#primaryimage\"},\"image\":{\"@id\":\"https:\\\/\\\/www.boxrepsol.com\\\/es\\\/trial\\\/el-repsol-honda-team-llega-a-los-pirineos-para-consolidar-el-liderato-del-mundial\\\/#primaryimage\"},\"thumbnailUrl\":\"https:\\\/\\\/bxrepsol.s3.eu-west-1.amazonaws.com\\\/static\\\/2022\\\/08\\\/10043221\\\/62a8476790c710.24620022.jpg\",\"datePublished\":\"2022-06-15T02:00:00+00:00\",\"dateModified\":\"2024-04-09T08:49:15+00:00\",\"description\":\"Acompa\u00f1a al Repsol Honda Team en su traves\u00eda por los Pirineos mientras buscan fortalecer su posici\u00f3n en la cima del Campeonato Mundial.\",\"breadcrumb\":{\"@id\":\"https:\\\/\\\/www.boxrepsol.com\\\/es\\\/trial\\\/el-repsol-honda-team-llega-a-los-pirineos-para-consolidar-el-liderato-del-mundial\\\/#breadcrumb\"},\"inLanguage\":\"es\",\"potentialAction\":[{\"@type\":\"ReadAction\",\"target\":[\"https:\\\/\\\/www.boxrepsol.com\\\/es\\\/trial\\\/el-repsol-honda-team-llega-a-los-pirineos-para-consolidar-el-liderato-del-mundial\\\/\"]}]},{\"@type\":\"ImageObject\",\"inLanguage\":\"es\",\"@id\":\"https:\\\/\\\/www.boxrepsol.com\\\/es\\\/trial\\\/el-repsol-honda-team-llega-a-los-pirineos-para-consolidar-el-liderato-del-mundial\\\/#primaryimage\",\"url\":\"https:\\\/\\\/bxrepsol.s3.eu-west-1.amazonaws.com\\\/static\\\/2022\\\/08\\\/10043221\\\/62a8476790c710.24620022.jpg\",\"contentUrl\":\"https:\\\/\\\/bxrepsol.s3.eu-west-1.amazonaws.com\\\/static\\\/2022\\\/08\\\/10043221\\\/62a8476790c710.24620022.jpg\",\"width\":800,\"height\":406},{\"@type\":\"BreadcrumbList\",\"@id\":\"https:\\\/\\\/www.boxrepsol.com\\\/es\\\/trial\\\/el-repsol-honda-team-llega-a-los-pirineos-para-consolidar-el-liderato-del-mundial\\\/#breadcrumb\",\"itemListElement\":[{\"@type\":\"ListItem\",\"position\":1,\"name\":\"Home\",\"item\":\"https:\\\/\\\/www.boxrepsol.com\\\/es\\\/\"},{\"@type\":\"ListItem\",\"position\":2,\"name\":\"El Repsol Honda Team llega a los Pirineos para consolidar el liderato del Mundial\"}]},{\"@type\":\"WebSite\",\"@id\":\"https:\\\/\\\/www.boxrepsol.com\\\/es\\\/#website\",\"url\":\"https:\\\/\\\/www.boxrepsol.com\\\/es\\\/\",\"name\":\"Box Repsol\",\"description\":\"Box Repsol Site\",\"publisher\":{\"@id\":\"https:\\\/\\\/www.boxrepsol.com\\\/es\\\/#organization\"},\"potentialAction\":[{\"@type\":\"SearchAction\",\"target\":{\"@type\":\"EntryPoint\",\"urlTemplate\":\"https:\\\/\\\/www.boxrepsol.com\\\/es\\\/?s={search_term_string}\"},\"query-input\":{\"@type\":\"PropertyValueSpecification\",\"valueRequired\":true,\"valueName\":\"search_term_string\"}}],\"inLanguage\":\"es\"},{\"@type\":\"Organization\",\"@id\":\"https:\\\/\\\/www.boxrepsol.com\\\/es\\\/#organization\",\"name\":\"Box Repsol\",\"url\":\"https:\\\/\\\/www.boxrepsol.com\\\/es\\\/\",\"logo\":{\"@type\":\"ImageObject\",\"inLanguage\":\"es\",\"@id\":\"https:\\\/\\\/www.boxrepsol.com\\\/es\\\/#\\\/schema\\\/logo\\\/image\\\/\",\"url\":\"https:\\\/\\\/bxrepsol.s3.eu-west-1.amazonaws.com\\\/static\\\/2025\\\/07\\\/30083337\\\/favicon-96x96-1.png\",\"contentUrl\":\"https:\\\/\\\/bxrepsol.s3.eu-west-1.amazonaws.com\\\/static\\\/2025\\\/07\\\/30083337\\\/favicon-96x96-1.png\",\"width\":96,\"height\":96,\"caption\":\"Box Repsol\"},\"image\":{\"@id\":\"https:\\\/\\\/www.boxrepsol.com\\\/es\\\/#\\\/schema\\\/logo\\\/image\\\/\"},\"sameAs\":[\"https:\\\/\\\/www.facebook.com\\\/BoxRepsol\",\"https:\\\/\\\/x.com\\\/box_repsol\",\"http:\\\/\\\/instagram.com\\\/box_repsol\",\"https:\\\/\\\/www.youtube.com\\\/user\\\/RepsolCompeticion\",\"https:\\\/\\\/www.flickr.com\\\/photos\\\/box_repsol\\\/\"]},{\"@type\":\"Person\",\"@id\":\"https:\\\/\\\/www.boxrepsol.com\\\/es\\\/#\\\/schema\\\/person\\\/c5c2138f2cca251b0ad92b7086bb60b7\",\"name\":\"Redacci\u00f3n Box Repsol\",\"image\":{\"@type\":\"ImageObject\",\"inLanguage\":\"es\",\"@id\":\"https:\\\/\\\/secure.gravatar.com\\\/avatar\\\/adf7b77e38b4419baf32c7e9c21dde01f4e40df611f0978e3006fc4ba0aaab7e?s=96&d=mm&r=g\",\"url\":\"https:\\\/\\\/secure.gravatar.com\\\/avatar\\\/adf7b77e38b4419baf32c7e9c21dde01f4e40df611f0978e3006fc4ba0aaab7e?s=96&d=mm&r=g\",\"contentUrl\":\"https:\\\/\\\/secure.gravatar.com\\\/avatar\\\/adf7b77e38b4419baf32c7e9c21dde01f4e40df611f0978e3006fc4ba0aaab7e?s=96&d=mm&r=g\",\"caption\":\"Redacci\u00f3n Box Repsol\"},\"description\":\"Box Repsol lo forma un equipo de periodistas, community managers, dise\u00f1adores y fot\u00f3grafos con m\u00e1s de 20 a\u00f1os de experiencia en el mundo del motorsport. Hemos vivido el primer mundial de un espa\u00f1ol en la categor\u00eda reina de motociclismo con \u00c1lex Crivill\u00e9, estuvimos en las victorias de Pedrosa y los t\u00edtulos de M\u00e1rquez, acompa\u00f1amos en \u00c1frica a Nani Roma y Marc Coma en sus conquistas del Dakar y hemos vibrado con los t\u00edtulos de Toni Bou en Trial. Adem\u00e1s, en nuestro equipo contamos con expertos en el mundo de las dos y cuatro ruedas tanto de la calle y las carreteras, como de los circuitos. Periodistas que han trabajado en revistas y publicaciones para hacerte llegar desde rutas y consejos de mantenimiento, a curiosidades y trucos de pilotaje.\",\"sameAs\":[\"https:\\\/\\\/www.facebook.com\\\/BoxRepsol\\\/\",\"https:\\\/\\\/www.instagram.com\\\/box_repsol\\\/\",\"https:\\\/\\\/x.com\\\/https:\\\/\\\/twitter.com\\\/box_repsol\",\"https:\\\/\\\/www.youtube.com\\\/@Boxrepsol\"],\"url\":\"https:\\\/\\\/www.boxrepsol.com\\\/es\\\/author\\\/redaccion-box-repsol\\\/\"}]}<\/script>\n<!-- \/ Yoast SEO plugin. -->","yoast_head_json":{"title":"El Repsol Honda Team llega a los Pirineos para consolidar el liderato del Mundial - Box Repsol","description":"Acompa\u00f1a al Repsol Honda Team en su traves\u00eda por los Pirineos mientras buscan fortalecer su posici\u00f3n en la cima del Campeonato Mundial.","canonical":"https:\/\/www.boxrepsol.com\/es\/trial\/el-repsol-honda-team-llega-a-los-pirineos-para-consolidar-el-liderato-del-mundial\/","og_locale":"es_ES","og_type":"article","og_title":"El Repsol Honda Team llega a los Pirineos para consolidar el liderato del Mundial - Box Repsol","og_description":"Acompa\u00f1a al Repsol Honda Team en su traves\u00eda por los Pirineos mientras buscan fortalecer su posici\u00f3n en la cima del Campeonato Mundial.","og_url":"https:\/\/www.boxrepsol.com\/es\/trial\/el-repsol-honda-team-llega-a-los-pirineos-para-consolidar-el-liderato-del-mundial\/","og_site_name":"Box Repsol","article_publisher":"https:\/\/www.facebook.com\/BoxRepsol","article_author":"https:\/\/www.facebook.com\/BoxRepsol\/","article_published_time":"2022-06-15T02:00:00+00:00","article_modified_time":"2024-04-09T08:49:15+00:00","og_image":[{"width":800,"height":406,"url":"https:\/\/bxrepsol.s3.eu-west-1.amazonaws.com\/static\/2022\/08\/10043221\/62a8476790c710.24620022.jpg","type":"image\/jpeg"}],"author":"Redacci\u00f3n Box Repsol","twitter_card":"summary_large_image","twitter_creator":"@https:\/\/twitter.com\/box_repsol","twitter_site":"@box_repsol","twitter_misc":{"Written by":"Redacci\u00f3n Box Repsol","Est. reading time":"2 minutos"},"schema":{"@context":"https:\/\/schema.org","@graph":[{"@type":"Article","@id":"https:\/\/www.boxrepsol.com\/es\/trial\/el-repsol-honda-team-llega-a-los-pirineos-para-consolidar-el-liderato-del-mundial\/#article","isPartOf":{"@id":"https:\/\/www.boxrepsol.com\/es\/trial\/el-repsol-honda-team-llega-a-los-pirineos-para-consolidar-el-liderato-del-mundial\/"},"author":{"name":"Redacci\u00f3n Box Repsol","@id":"https:\/\/www.boxrepsol.com\/es\/#\/schema\/person\/c5c2138f2cca251b0ad92b7086bb60b7"},"headline":"El Repsol Honda Team llega a los Pirineos para consolidar el liderato del Mundial","datePublished":"2022-06-15T02:00:00+00:00","dateModified":"2024-04-09T08:49:15+00:00","mainEntityOfPage":{"@id":"https:\/\/www.boxrepsol.com\/es\/trial\/el-repsol-honda-team-llega-a-los-pirineos-para-consolidar-el-liderato-del-mundial\/"},"wordCount":391,"commentCount":0,"publisher":{"@id":"https:\/\/www.boxrepsol.com\/es\/#organization"},"image":{"@id":"https:\/\/www.boxrepsol.com\/es\/trial\/el-repsol-honda-team-llega-a-los-pirineos-para-consolidar-el-liderato-del-mundial\/#primaryimage"},"thumbnailUrl":"https:\/\/bxrepsol.s3.eu-west-1.amazonaws.com\/static\/2022\/08\/10043221\/62a8476790c710.24620022.jpg","keywords":["2022","Gabri Marcelli","Toni Bou"],"articleSection":["Trial"],"inLanguage":"es","potentialAction":[{"@type":"CommentAction","name":"Comment","target":["https:\/\/www.boxrepsol.com\/es\/trial\/el-repsol-honda-team-llega-a-los-pirineos-para-consolidar-el-liderato-del-mundial\/#respond"]}]},{"@type":"WebPage","@id":"https:\/\/www.boxrepsol.com\/es\/trial\/el-repsol-honda-team-llega-a-los-pirineos-para-consolidar-el-liderato-del-mundial\/","url":"https:\/\/www.boxrepsol.com\/es\/trial\/el-repsol-honda-team-llega-a-los-pirineos-para-consolidar-el-liderato-del-mundial\/","name":"El Repsol Honda Team llega a los Pirineos para consolidar el liderato del Mundial - Box Repsol","isPartOf":{"@id":"https:\/\/www.boxrepsol.com\/es\/#website"},"primaryImageOfPage":{"@id":"https:\/\/www.boxrepsol.com\/es\/trial\/el-repsol-honda-team-llega-a-los-pirineos-para-consolidar-el-liderato-del-mundial\/#primaryimage"},"image":{"@id":"https:\/\/www.boxrepsol.com\/es\/trial\/el-repsol-honda-team-llega-a-los-pirineos-para-consolidar-el-liderato-del-mundial\/#primaryimage"},"thumbnailUrl":"https:\/\/bxrepsol.s3.eu-west-1.amazonaws.com\/static\/2022\/08\/10043221\/62a8476790c710.24620022.jpg","datePublished":"2022-06-15T02:00:00+00:00","dateModified":"2024-04-09T08:49:15+00:00","description":"Acompa\u00f1a al Repsol Honda Team en su traves\u00eda por los Pirineos mientras buscan fortalecer su posici\u00f3n en la cima del Campeonato Mundial.","breadcrumb":{"@id":"https:\/\/www.boxrepsol.com\/es\/trial\/el-repsol-honda-team-llega-a-los-pirineos-para-consolidar-el-liderato-del-mundial\/#breadcrumb"},"inLanguage":"es","potentialAction":[{"@type":"ReadAction","target":["https:\/\/www.boxrepsol.com\/es\/trial\/el-repsol-honda-team-llega-a-los-pirineos-para-consolidar-el-liderato-del-mundial\/"]}]},{"@type":"ImageObject","inLanguage":"es","@id":"https:\/\/www.boxrepsol.com\/es\/trial\/el-repsol-honda-team-llega-a-los-pirineos-para-consolidar-el-liderato-del-mundial\/#primaryimage","url":"https:\/\/bxrepsol.s3.eu-west-1.amazonaws.com\/static\/2022\/08\/10043221\/62a8476790c710.24620022.jpg","contentUrl":"https:\/\/bxrepsol.s3.eu-west-1.amazonaws.com\/static\/2022\/08\/10043221\/62a8476790c710.24620022.jpg","width":800,"height":406},{"@type":"BreadcrumbList","@id":"https:\/\/www.boxrepsol.com\/es\/trial\/el-repsol-honda-team-llega-a-los-pirineos-para-consolidar-el-liderato-del-mundial\/#breadcrumb","itemListElement":[{"@type":"ListItem","position":1,"name":"Home","item":"https:\/\/www.boxrepsol.com\/es\/"},{"@type":"ListItem","position":2,"name":"El Repsol Honda Team llega a los Pirineos para consolidar el liderato del Mundial"}]},{"@type":"WebSite","@id":"https:\/\/www.boxrepsol.com\/es\/#website","url":"https:\/\/www.boxrepsol.com\/es\/","name":"Box Repsol","description":"Box Repsol Site","publisher":{"@id":"https:\/\/www.boxrepsol.com\/es\/#organization"},"potentialAction":[{"@type":"SearchAction","target":{"@type":"EntryPoint","urlTemplate":"https:\/\/www.boxrepsol.com\/es\/?s={search_term_string}"},"query-input":{"@type":"PropertyValueSpecification","valueRequired":true,"valueName":"search_term_string"}}],"inLanguage":"es"},{"@type":"Organization","@id":"https:\/\/www.boxrepsol.com\/es\/#organization","name":"Box Repsol","url":"https:\/\/www.boxrepsol.com\/es\/","logo":{"@type":"ImageObject","inLanguage":"es","@id":"https:\/\/www.boxrepsol.com\/es\/#\/schema\/logo\/image\/","url":"https:\/\/bxrepsol.s3.eu-west-1.amazonaws.com\/static\/2025\/07\/30083337\/favicon-96x96-1.png","contentUrl":"https:\/\/bxrepsol.s3.eu-west-1.amazonaws.com\/static\/2025\/07\/30083337\/favicon-96x96-1.png","width":96,"height":96,"caption":"Box Repsol"},"image":{"@id":"https:\/\/www.boxrepsol.com\/es\/#\/schema\/logo\/image\/"},"sameAs":["https:\/\/www.facebook.com\/BoxRepsol","https:\/\/x.com\/box_repsol","http:\/\/instagram.com\/box_repsol","https:\/\/www.youtube.com\/user\/RepsolCompeticion","https:\/\/www.flickr.com\/photos\/box_repsol\/"]},{"@type":"Person","@id":"https:\/\/www.boxrepsol.com\/es\/#\/schema\/person\/c5c2138f2cca251b0ad92b7086bb60b7","name":"Redacci\u00f3n Box Repsol","image":{"@type":"ImageObject","inLanguage":"es","@id":"https:\/\/secure.gravatar.com\/avatar\/adf7b77e38b4419baf32c7e9c21dde01f4e40df611f0978e3006fc4ba0aaab7e?s=96&d=mm&r=g","url":"https:\/\/secure.gravatar.com\/avatar\/adf7b77e38b4419baf32c7e9c21dde01f4e40df611f0978e3006fc4ba0aaab7e?s=96&d=mm&r=g","contentUrl":"https:\/\/secure.gravatar.com\/avatar\/adf7b77e38b4419baf32c7e9c21dde01f4e40df611f0978e3006fc4ba0aaab7e?s=96&d=mm&r=g","caption":"Redacci\u00f3n Box Repsol"},"description":"Box Repsol lo forma un equipo de periodistas, community managers, dise\u00f1adores y fot\u00f3grafos con m\u00e1s de 20 a\u00f1os de experiencia en el mundo del motorsport. Hemos vivido el primer mundial de un espa\u00f1ol en la categor\u00eda reina de motociclismo con \u00c1lex Crivill\u00e9, estuvimos en las victorias de Pedrosa y los t\u00edtulos de M\u00e1rquez, acompa\u00f1amos en \u00c1frica a Nani Roma y Marc Coma en sus conquistas del Dakar y hemos vibrado con los t\u00edtulos de Toni Bou en Trial. Adem\u00e1s, en nuestro equipo contamos con expertos en el mundo de las dos y cuatro ruedas tanto de la calle y las carreteras, como de los circuitos. Periodistas que han trabajado en revistas y publicaciones para hacerte llegar desde rutas y consejos de mantenimiento, a curiosidades y trucos de pilotaje.","sameAs":["https:\/\/www.facebook.com\/BoxRepsol\/","https:\/\/www.instagram.com\/box_repsol\/","https:\/\/x.com\/https:\/\/twitter.com\/box_repsol","https:\/\/www.youtube.com\/@Boxrepsol"],"url":"https:\/\/www.boxrepsol.com\/es\/author\/redaccion-box-repsol\/"}]}},"_links":{"self":[{"href":"https:\/\/www.boxrepsol.com\/es\/wp-json\/wp\/v2\/posts\/95395","targetHints":{"allow":["GET"]}}],"collection":[{"href":"https:\/\/www.boxrepsol.com\/es\/wp-json\/wp\/v2\/posts"}],"about":[{"href":"https:\/\/www.boxrepsol.com\/es\/wp-json\/wp\/v2\/types\/post"}],"author":[{"embeddable":true,"href":"https:\/\/www.boxrepsol.com\/es\/wp-json\/wp\/v2\/users\/43146"}],"replies":[{"embeddable":true,"href":"https:\/\/www.boxrepsol.com\/es\/wp-json\/wp\/v2\/comments?post=95395"}],"version-history":[{"count":2,"href":"https:\/\/www.boxrepsol.com\/es\/wp-json\/wp\/v2\/posts\/95395\/revisions"}],"predecessor-version":[{"id":109209,"href":"https:\/\/www.boxrepsol.com\/es\/wp-json\/wp\/v2\/posts\/95395\/revisions\/109209"}],"wp:featuredmedia":[{"embeddable":true,"href":"https:\/\/www.boxrepsol.com\/es\/wp-json\/wp\/v2\/media\/46378"}],"wp:attachment":[{"href":"https:\/\/www.boxrepsol.com\/es\/wp-json\/wp\/v2\/media?parent=95395"}],"wp:term":[{"taxonomy":"category","embeddable":true,"href":"https:\/\/www.boxrepsol.com\/es\/wp-json\/wp\/v2\/categories?post=95395"},{"taxonomy":"post_tag","embeddable":true,"href":"https:\/\/www.boxrepsol.com\/es\/wp-json\/wp\/v2\/tags?post=95395"}],"curies":[{"name":"wp","href":"https:\/\/api.w.org\/{rel}","templated":true}]}}