{"id":95393,"date":"2022-06-14T00:00:00","date_gmt":"2022-06-14T02:00:00","guid":{"rendered":"http:\/\/pre.boxrepsol.com\/sin-categorizar\/equipo-repsol-honda-aterriza-sachsenring\/"},"modified":"2024-04-09T06:49:34","modified_gmt":"2024-04-09T08:49:34","slug":"equipo-repsol-honda-aterriza-sachsenring","status":"publish","type":"post","link":"https:\/\/www.boxrepsol.com\/es\/motogp\/equipo-repsol-honda-aterriza-sachsenring\/","title":{"rendered":"El equipo Repsol Honda aterriza en Sachsenring"},"content":{"rendered":"<p>El trazado de Sachsenring, circuito m\u00e1s corto del calendario con una carrera a 30 vueltas, acoger\u00e1 este fin de semana una nueva cita del Campeonato del Mundo de MotoGP.<\/p>\n<p>Pol Espargar\u00f3 fue uno de los pilotos m\u00e1s r\u00e1pidos del test de Barcelona el pasado lunes 6 de junio y llega a Alemania con el objetivo de seguir mejorando sus resultados. El piloto del equipo Repsol Honda logr\u00f3 subir al tercer escal\u00f3n del trazado alem\u00e1n durante su paso por Moto2 en el a\u00f1o 2013.<\/p>\n<p>Su compa\u00f1ero de equipo, el piloto alem\u00e1n Stefan Bradl, corre en casa y delante de su afici\u00f3n. En Sachsenring, el piloto del equipo Repsol Honda ha logrado subir al podio en dos ocasiones \u2013 2\u00ba en 125cc en el a\u00f1o 2008 y en 2011 en Moto2 -.<\/p>\n<p>En un trazado en el que 10 de las 13 curvas que tiene son de izquierdas, la meteorolog\u00eda de la zona ofrece habitualmente temperaturas m\u00e1s bajas de lo normal en esta \u00e9poca del a\u00f1o y la aparici\u00f3n de la lluvia.<\/p>\n<p><a href=\"https:\/\/bxrepsol.s3.eu-west-1.amazonaws.com\/static\/2022\/08\/05100452\/http___repsolmedia.com_repsolmedia_wp-content_uploads_2022_06_JRB9530-scaled-1.jpg\" data-index=\"0\"><br \/>\n<img decoding=\"async\" src=\"https:\/\/bxrepsol.s3.eu-west-1.amazonaws.com\/static\/2022\/08\/05100452\/http___repsolmedia.com_repsolmedia_wp-content_uploads_2022_06_JRB9530-scaled-1.jpg\" srcset=\"https:\/\/bxrepsol.s3.eu-west-1.amazonaws.com\/static\/2022\/08\/05100452\/http___repsolmedia.com_repsolmedia_wp-content_uploads_2022_06_JRB9530-scaled-1.jpg 2560w, https:\/\/bxrepsol.s3.eu-west-1.amazonaws.com\/static\/2022\/08\/05100452\/http___repsolmedia.com_repsolmedia_wp-content_uploads_2022_06_JRB9530-scaled-1.jpg 1280w, https:\/\/bxrepsol.s3.eu-west-1.amazonaws.com\/static\/2022\/08\/05100452\/http___repsolmedia.com_repsolmedia_wp-content_uploads_2022_06_JRB9530-scaled-1.jpg 900w, https:\/\/bxrepsol.s3.eu-west-1.amazonaws.com\/static\/2022\/08\/05100452\/http___repsolmedia.com_repsolmedia_wp-content_uploads_2022_06_JRB9530-scaled-1.jpg 600w, https:\/\/bxrepsol.s3.eu-west-1.amazonaws.com\/static\/2022\/08\/05100452\/http___repsolmedia.com_repsolmedia_wp-content_uploads_2022_06_JRB9530-scaled-1.jpg 480w, https:\/\/bxrepsol.s3.eu-west-1.amazonaws.com\/static\/2022\/08\/05100452\/http___repsolmedia.com_repsolmedia_wp-content_uploads_2022_06_JRB9530-scaled-1.jpg 32w\" title=\"http___repsolmedia.com_repsolmedia_wp-content_uploads_2022_06_JRB9530-scaled-1\" alt=\"\" data-title=\"\"><br \/>\n<\/a><br \/>\n<a href=\"https:\/\/bxrepsol.s3.eu-west-1.amazonaws.com\/static\/2022\/08\/05100455\/http___repsolmedia.com_repsolmedia_wp-content_uploads_2022_06_JRB4968-scaled-1.jpg\" data-index=\"1\"><br \/>\n<img decoding=\"async\" src=\"https:\/\/bxrepsol.s3.eu-west-1.amazonaws.com\/static\/2022\/08\/05100455\/http___repsolmedia.com_repsolmedia_wp-content_uploads_2022_06_JRB4968-scaled-1.jpg\" srcset=\"https:\/\/bxrepsol.s3.eu-west-1.amazonaws.com\/static\/2022\/08\/05100455\/http___repsolmedia.com_repsolmedia_wp-content_uploads_2022_06_JRB4968-scaled-1.jpg 2560w, https:\/\/bxrepsol.s3.eu-west-1.amazonaws.com\/static\/2022\/08\/05100455\/http___repsolmedia.com_repsolmedia_wp-content_uploads_2022_06_JRB4968-scaled-1.jpg 1280w, https:\/\/bxrepsol.s3.eu-west-1.amazonaws.com\/static\/2022\/08\/05100455\/http___repsolmedia.com_repsolmedia_wp-content_uploads_2022_06_JRB4968-scaled-1.jpg 900w, https:\/\/bxrepsol.s3.eu-west-1.amazonaws.com\/static\/2022\/08\/05100455\/http___repsolmedia.com_repsolmedia_wp-content_uploads_2022_06_JRB4968-scaled-1.jpg 600w, https:\/\/bxrepsol.s3.eu-west-1.amazonaws.com\/static\/2022\/08\/05100455\/http___repsolmedia.com_repsolmedia_wp-content_uploads_2022_06_JRB4968-scaled-1.jpg 480w, https:\/\/bxrepsol.s3.eu-west-1.amazonaws.com\/static\/2022\/08\/05100455\/http___repsolmedia.com_repsolmedia_wp-content_uploads_2022_06_JRB4968-scaled-1.jpg 32w\" title=\"http___repsolmedia.com_repsolmedia_wp-content_uploads_2022_06_JRB4968-scaled-1\" alt=\"\" data-title=\"\"><br \/>\n<\/a><br \/>\n<a href=\"https:\/\/bxrepsol.s3.eu-west-1.amazonaws.com\/static\/2022\/08\/05100458\/http___repsolmedia.com_repsolmedia_wp-content_uploads_2022_06_JRB3411-scaled-1.jpg\" data-index=\"2\"><br \/>\n<img decoding=\"async\" src=\"https:\/\/bxrepsol.s3.eu-west-1.amazonaws.com\/static\/2022\/08\/05100458\/http___repsolmedia.com_repsolmedia_wp-content_uploads_2022_06_JRB3411-scaled-1.jpg\" srcset=\"https:\/\/bxrepsol.s3.eu-west-1.amazonaws.com\/static\/2022\/08\/05100458\/http___repsolmedia.com_repsolmedia_wp-content_uploads_2022_06_JRB3411-scaled-1.jpg 2560w, https:\/\/bxrepsol.s3.eu-west-1.amazonaws.com\/static\/2022\/08\/05100458\/http___repsolmedia.com_repsolmedia_wp-content_uploads_2022_06_JRB3411-scaled-1.jpg 1280w, https:\/\/bxrepsol.s3.eu-west-1.amazonaws.com\/static\/2022\/08\/05100458\/http___repsolmedia.com_repsolmedia_wp-content_uploads_2022_06_JRB3411-scaled-1.jpg 900w, https:\/\/bxrepsol.s3.eu-west-1.amazonaws.com\/static\/2022\/08\/05100458\/http___repsolmedia.com_repsolmedia_wp-content_uploads_2022_06_JRB3411-scaled-1.jpg 600w, https:\/\/bxrepsol.s3.eu-west-1.amazonaws.com\/static\/2022\/08\/05100458\/http___repsolmedia.com_repsolmedia_wp-content_uploads_2022_06_JRB3411-scaled-1.jpg 480w, https:\/\/bxrepsol.s3.eu-west-1.amazonaws.com\/static\/2022\/08\/05100458\/http___repsolmedia.com_repsolmedia_wp-content_uploads_2022_06_JRB3411-scaled-1.jpg 32w\" title=\"http___repsolmedia.com_repsolmedia_wp-content_uploads_2022_06_JRB3411-scaled-1\" alt=\"\" data-title=\"\"><br \/>\n<\/a><br \/>\n<a href=\"https:\/\/bxrepsol.s3.eu-west-1.amazonaws.com\/static\/2022\/08\/05100501\/http___repsolmedia.com_repsolmedia_wp-content_uploads_2022_06_JRB2483-scaled-1.jpg\" data-index=\"3\"><br \/>\n<img decoding=\"async\" src=\"https:\/\/bxrepsol.s3.eu-west-1.amazonaws.com\/static\/2022\/08\/05100501\/http___repsolmedia.com_repsolmedia_wp-content_uploads_2022_06_JRB2483-scaled-1.jpg\" srcset=\"https:\/\/bxrepsol.s3.eu-west-1.amazonaws.com\/static\/2022\/08\/05100501\/http___repsolmedia.com_repsolmedia_wp-content_uploads_2022_06_JRB2483-scaled-1.jpg 2560w, https:\/\/bxrepsol.s3.eu-west-1.amazonaws.com\/static\/2022\/08\/05100501\/http___repsolmedia.com_repsolmedia_wp-content_uploads_2022_06_JRB2483-scaled-1.jpg 1280w, https:\/\/bxrepsol.s3.eu-west-1.amazonaws.com\/static\/2022\/08\/05100501\/http___repsolmedia.com_repsolmedia_wp-content_uploads_2022_06_JRB2483-scaled-1.jpg 900w, https:\/\/bxrepsol.s3.eu-west-1.amazonaws.com\/static\/2022\/08\/05100501\/http___repsolmedia.com_repsolmedia_wp-content_uploads_2022_06_JRB2483-scaled-1.jpg 600w, https:\/\/bxrepsol.s3.eu-west-1.amazonaws.com\/static\/2022\/08\/05100501\/http___repsolmedia.com_repsolmedia_wp-content_uploads_2022_06_JRB2483-scaled-1.jpg 480w, https:\/\/bxrepsol.s3.eu-west-1.amazonaws.com\/static\/2022\/08\/05100501\/http___repsolmedia.com_repsolmedia_wp-content_uploads_2022_06_JRB2483-scaled-1.jpg 32w\" title=\"http___repsolmedia.com_repsolmedia_wp-content_uploads_2022_06_JRB2483-scaled-1\" alt=\"\" data-title=\"\"><br \/>\n<\/a><br \/>\n<a href=\"https:\/\/bxrepsol.s3.eu-west-1.amazonaws.com\/static\/2022\/08\/05100506\/http___repsolmedia.com_repsolmedia_wp-content_uploads_2022_06_JRB1505-scaled-2.jpg\" data-index=\"4\"><br \/>\n<img decoding=\"async\" src=\"https:\/\/bxrepsol.s3.eu-west-1.amazonaws.com\/static\/2022\/08\/05100506\/http___repsolmedia.com_repsolmedia_wp-content_uploads_2022_06_JRB1505-scaled-2.jpg\" srcset=\"https:\/\/bxrepsol.s3.eu-west-1.amazonaws.com\/static\/2022\/08\/05100506\/http___repsolmedia.com_repsolmedia_wp-content_uploads_2022_06_JRB1505-scaled-2.jpg 2560w, https:\/\/bxrepsol.s3.eu-west-1.amazonaws.com\/static\/2022\/08\/05100506\/http___repsolmedia.com_repsolmedia_wp-content_uploads_2022_06_JRB1505-scaled-2.jpg 1280w, https:\/\/bxrepsol.s3.eu-west-1.amazonaws.com\/static\/2022\/08\/05100506\/http___repsolmedia.com_repsolmedia_wp-content_uploads_2022_06_JRB1505-scaled-2.jpg 900w, https:\/\/bxrepsol.s3.eu-west-1.amazonaws.com\/static\/2022\/08\/05100506\/http___repsolmedia.com_repsolmedia_wp-content_uploads_2022_06_JRB1505-scaled-2.jpg 600w, https:\/\/bxrepsol.s3.eu-west-1.amazonaws.com\/static\/2022\/08\/05100506\/http___repsolmedia.com_repsolmedia_wp-content_uploads_2022_06_JRB1505-scaled-2.jpg 480w, https:\/\/bxrepsol.s3.eu-west-1.amazonaws.com\/static\/2022\/08\/05100506\/http___repsolmedia.com_repsolmedia_wp-content_uploads_2022_06_JRB1505-scaled-2.jpg 32w\" title=\"http___repsolmedia.com_repsolmedia_wp-content_uploads_2022_06_JRB1505-scaled-2\" alt=\"\" data-title=\"\"><br \/>\n<\/a><br \/>\n<button data-glide-dir=\"<\"><br \/>\n<svg role=\"img\" viewBox=\"0 0 256 512\">\n                <path fill=\"currentColor\" d=\"M238.475 475.535l7.071-7.07c4.686-4.686 4.686-12.284 0-16.971L50.053 256 245.546 60.506c4.686-4.686 4.686-12.284 0-16.971l-7.071-7.07c-4.686-4.686-12.284-4.686-16.97 0L10.454 247.515c-4.686 4.686-4.686 12.284 0 16.971l211.051 211.05c4.686 4.686 12.284 4.686 16.97-.001z\"><\/path>\n            <\/svg><br \/>\n<\/button><br \/>\n<button data-glide-dir=\">\u00ab><br \/>\n<svg role=\"img\" viewBox=\"0 0 256 512\">\n                <path fill=\"currentColor\" d=\"M17.525 36.465l-7.071 7.07c-4.686 4.686-4.686 12.284 0 16.971L205.947 256 10.454 451.494c-4.686 4.686-4.686 12.284 0 16.971l7.071 7.07c4.686 4.686 12.284 4.686 16.97 0l211.051-211.05c4.686-4.686 4.686-12.284 0-16.971L34.495 36.465c-4.686-4.687-12.284-4.687-16.97 0z\"><\/path>\n            <\/svg><br \/>\n<\/button><\/p>\n<p><strong>Declaraciones de los pilotos<\/strong><\/p>\n<p><a href=\"https:\/\/twitter.com\/hashtag\/POL44?src=hashtag_click\">#POL44<\/a><\/p>\n<p>\u00abDespu\u00e9s de un test muy ajetreado el lunes, ha sido bueno tener una semana alejada de las carreras para centrarme en mi entrenamiento f\u00edsico. Ahora llegamos a Alemania para la d\u00e9cima carrera del a\u00f1o, un circuito en el que Honda ha tenido mucho \u00e9xito en el pasado. Nuestra situaci\u00f3n este a\u00f1o es un poco distinta, pero estoy aqu\u00ed para seguir dando el m\u00e1ximo cada vez que salgamos a pista. Vamos a ver qu\u00e9 pasa este fin de semana, el tiempo parece que va a ser bastante bueno y las gradas estar\u00e1n llenas, lo que, por supuesto, siempre es estupendo\u00bb.<\/p>\n<p><a href=\"https:\/\/twitter.com\/search?q=%23SB6&amp;src=typed_query\">#SB6<\/a><\/p>\n<p>\u00abEstoy deseando volver a correr en Sachsenring, siempre es un placer correr delante de los aficionados alemanes. Han pasado algunos a\u00f1os desde la \u00faltima vez que corr\u00ed all\u00ed pero los recuerdos que tengo de 2019 son muy buenos, hicimos una carrera muy buena. Ahora todo est\u00e1 mucho m\u00e1s apretado en MotoGP y tenemos otros planes en los que centrarnos. Pase lo que pase, quiero dar un buen espect\u00e1culo a todos los aficionados que vengan a vernos. Los gehts!\u00bb<\/p>\n","protected":false},"excerpt":{"rendered":"<p>Despu\u00e9s de completar un positivo test en Barcelona, Pol Espargar\u00f3 y Stefan Bradl disputar\u00e1n este fin de semana el Gran Premio de Alemania, d\u00e9cima cita de la temporada.<\/p>\n","protected":false},"author":43146,"featured_media":46364,"comment_status":"open","ping_status":"open","sticky":false,"template":"","format":"standard","meta":{"footnotes":""},"categories":[4],"tags":[120,152,128],"class_list":["post-95393","post","type-post","status-publish","format-standard","hentry","category-motogp","tag-120","tag-motogp-alemania","tag-pol-espargaro"],"yoast_head":"<!-- This site is optimized with the Yoast SEO plugin v27.3 - https:\/\/yoast.com\/product\/yoast-seo-wordpress\/ -->\n<title>El equipo Repsol Honda aterriza en Sachsenring - Box Repsol<\/title>\n<meta name=\"description\" content=\"El equipo Repsol Honda aterriza en Sachsenring. Mantente al tanto de la preparaci\u00f3n y expectativas del equipo para el Gran Premio de Alemania.\" \/>\n<link rel=\"canonical\" href=\"https:\/\/www.boxrepsol.com\/es\/motogp\/equipo-repsol-honda-aterriza-sachsenring\/\" \/>\n<meta property=\"og:locale\" content=\"es_ES\" \/>\n<meta property=\"og:type\" content=\"article\" \/>\n<meta property=\"og:title\" content=\"El equipo Repsol Honda aterriza en Sachsenring - Box Repsol\" \/>\n<meta property=\"og:description\" content=\"El equipo Repsol Honda aterriza en Sachsenring. Mantente al tanto de la preparaci\u00f3n y expectativas del equipo para el Gran Premio de Alemania.\" \/>\n<meta property=\"og:url\" content=\"https:\/\/www.boxrepsol.com\/es\/motogp\/equipo-repsol-honda-aterriza-sachsenring\/\" \/>\n<meta property=\"og:site_name\" content=\"Box Repsol\" \/>\n<meta property=\"article:publisher\" content=\"https:\/\/www.facebook.com\/BoxRepsol\" \/>\n<meta property=\"article:author\" content=\"https:\/\/www.facebook.com\/BoxRepsol\/\" \/>\n<meta property=\"article:published_time\" content=\"2022-06-14T02:00:00+00:00\" \/>\n<meta property=\"article:modified_time\" content=\"2024-04-09T08:49:34+00:00\" \/>\n<meta property=\"og:image\" content=\"https:\/\/bxrepsol.s3.eu-west-1.amazonaws.com\/static\/2022\/08\/10043201\/http___repsolmedia.com_repsolmedia_wp-content_uploads_2022_06_A1X2553-scaled-1.jpg\" \/>\n\t<meta property=\"og:image:width\" content=\"2560\" \/>\n\t<meta property=\"og:image:height\" content=\"1707\" \/>\n\t<meta property=\"og:image:type\" content=\"image\/jpeg\" \/>\n<meta name=\"author\" content=\"Redacci\u00f3n Box Repsol\" \/>\n<meta name=\"twitter:card\" content=\"summary_large_image\" \/>\n<meta name=\"twitter:creator\" content=\"@https:\/\/twitter.com\/box_repsol\" \/>\n<meta name=\"twitter:site\" content=\"@box_repsol\" \/>\n<meta name=\"twitter:label1\" content=\"Written by\" \/>\n\t<meta name=\"twitter:data1\" content=\"Redacci\u00f3n Box Repsol\" \/>\n\t<meta name=\"twitter:label2\" content=\"Est. reading time\" \/>\n\t<meta name=\"twitter:data2\" content=\"2 minutos\" \/>\n<script type=\"application\/ld+json\" class=\"yoast-schema-graph\">{\"@context\":\"https:\\\/\\\/schema.org\",\"@graph\":[{\"@type\":\"Article\",\"@id\":\"https:\\\/\\\/www.boxrepsol.com\\\/es\\\/motogp\\\/equipo-repsol-honda-aterriza-sachsenring\\\/#article\",\"isPartOf\":{\"@id\":\"https:\\\/\\\/www.boxrepsol.com\\\/es\\\/motogp\\\/equipo-repsol-honda-aterriza-sachsenring\\\/\"},\"author\":{\"name\":\"Redacci\u00f3n Box Repsol\",\"@id\":\"https:\\\/\\\/www.boxrepsol.com\\\/es\\\/#\\\/schema\\\/person\\\/c5c2138f2cca251b0ad92b7086bb60b7\"},\"headline\":\"El equipo Repsol Honda aterriza en Sachsenring\",\"datePublished\":\"2022-06-14T02:00:00+00:00\",\"dateModified\":\"2024-04-09T08:49:34+00:00\",\"mainEntityOfPage\":{\"@id\":\"https:\\\/\\\/www.boxrepsol.com\\\/es\\\/motogp\\\/equipo-repsol-honda-aterriza-sachsenring\\\/\"},\"wordCount\":375,\"commentCount\":0,\"publisher\":{\"@id\":\"https:\\\/\\\/www.boxrepsol.com\\\/es\\\/#organization\"},\"image\":{\"@id\":\"https:\\\/\\\/www.boxrepsol.com\\\/es\\\/motogp\\\/equipo-repsol-honda-aterriza-sachsenring\\\/#primaryimage\"},\"thumbnailUrl\":\"https:\\\/\\\/bxrepsol.s3.eu-west-1.amazonaws.com\\\/static\\\/2022\\\/08\\\/10043201\\\/http___repsolmedia.com_repsolmedia_wp-content_uploads_2022_06_A1X2553-scaled-1.jpg\",\"keywords\":[\"2022\",\"MotoGP Alemania\",\"Pol Espargar\u00f3\"],\"articleSection\":[\"MotoGP\"],\"inLanguage\":\"es\",\"potentialAction\":[{\"@type\":\"CommentAction\",\"name\":\"Comment\",\"target\":[\"https:\\\/\\\/www.boxrepsol.com\\\/es\\\/motogp\\\/equipo-repsol-honda-aterriza-sachsenring\\\/#respond\"]}]},{\"@type\":\"WebPage\",\"@id\":\"https:\\\/\\\/www.boxrepsol.com\\\/es\\\/motogp\\\/equipo-repsol-honda-aterriza-sachsenring\\\/\",\"url\":\"https:\\\/\\\/www.boxrepsol.com\\\/es\\\/motogp\\\/equipo-repsol-honda-aterriza-sachsenring\\\/\",\"name\":\"El equipo Repsol Honda aterriza en Sachsenring - Box Repsol\",\"isPartOf\":{\"@id\":\"https:\\\/\\\/www.boxrepsol.com\\\/es\\\/#website\"},\"primaryImageOfPage\":{\"@id\":\"https:\\\/\\\/www.boxrepsol.com\\\/es\\\/motogp\\\/equipo-repsol-honda-aterriza-sachsenring\\\/#primaryimage\"},\"image\":{\"@id\":\"https:\\\/\\\/www.boxrepsol.com\\\/es\\\/motogp\\\/equipo-repsol-honda-aterriza-sachsenring\\\/#primaryimage\"},\"thumbnailUrl\":\"https:\\\/\\\/bxrepsol.s3.eu-west-1.amazonaws.com\\\/static\\\/2022\\\/08\\\/10043201\\\/http___repsolmedia.com_repsolmedia_wp-content_uploads_2022_06_A1X2553-scaled-1.jpg\",\"datePublished\":\"2022-06-14T02:00:00+00:00\",\"dateModified\":\"2024-04-09T08:49:34+00:00\",\"description\":\"El equipo Repsol Honda aterriza en Sachsenring. Mantente al tanto de la preparaci\u00f3n y expectativas del equipo para el Gran Premio de Alemania.\",\"breadcrumb\":{\"@id\":\"https:\\\/\\\/www.boxrepsol.com\\\/es\\\/motogp\\\/equipo-repsol-honda-aterriza-sachsenring\\\/#breadcrumb\"},\"inLanguage\":\"es\",\"potentialAction\":[{\"@type\":\"ReadAction\",\"target\":[\"https:\\\/\\\/www.boxrepsol.com\\\/es\\\/motogp\\\/equipo-repsol-honda-aterriza-sachsenring\\\/\"]}]},{\"@type\":\"ImageObject\",\"inLanguage\":\"es\",\"@id\":\"https:\\\/\\\/www.boxrepsol.com\\\/es\\\/motogp\\\/equipo-repsol-honda-aterriza-sachsenring\\\/#primaryimage\",\"url\":\"https:\\\/\\\/bxrepsol.s3.eu-west-1.amazonaws.com\\\/static\\\/2022\\\/08\\\/10043201\\\/http___repsolmedia.com_repsolmedia_wp-content_uploads_2022_06_A1X2553-scaled-1.jpg\",\"contentUrl\":\"https:\\\/\\\/bxrepsol.s3.eu-west-1.amazonaws.com\\\/static\\\/2022\\\/08\\\/10043201\\\/http___repsolmedia.com_repsolmedia_wp-content_uploads_2022_06_A1X2553-scaled-1.jpg\",\"width\":2560,\"height\":1707},{\"@type\":\"BreadcrumbList\",\"@id\":\"https:\\\/\\\/www.boxrepsol.com\\\/es\\\/motogp\\\/equipo-repsol-honda-aterriza-sachsenring\\\/#breadcrumb\",\"itemListElement\":[{\"@type\":\"ListItem\",\"position\":1,\"name\":\"Home\",\"item\":\"https:\\\/\\\/www.boxrepsol.com\\\/es\\\/\"},{\"@type\":\"ListItem\",\"position\":2,\"name\":\"El equipo Repsol Honda aterriza en Sachsenring\"}]},{\"@type\":\"WebSite\",\"@id\":\"https:\\\/\\\/www.boxrepsol.com\\\/es\\\/#website\",\"url\":\"https:\\\/\\\/www.boxrepsol.com\\\/es\\\/\",\"name\":\"Box Repsol\",\"description\":\"Box Repsol Site\",\"publisher\":{\"@id\":\"https:\\\/\\\/www.boxrepsol.com\\\/es\\\/#organization\"},\"potentialAction\":[{\"@type\":\"SearchAction\",\"target\":{\"@type\":\"EntryPoint\",\"urlTemplate\":\"https:\\\/\\\/www.boxrepsol.com\\\/es\\\/?s={search_term_string}\"},\"query-input\":{\"@type\":\"PropertyValueSpecification\",\"valueRequired\":true,\"valueName\":\"search_term_string\"}}],\"inLanguage\":\"es\"},{\"@type\":\"Organization\",\"@id\":\"https:\\\/\\\/www.boxrepsol.com\\\/es\\\/#organization\",\"name\":\"Box Repsol\",\"url\":\"https:\\\/\\\/www.boxrepsol.com\\\/es\\\/\",\"logo\":{\"@type\":\"ImageObject\",\"inLanguage\":\"es\",\"@id\":\"https:\\\/\\\/www.boxrepsol.com\\\/es\\\/#\\\/schema\\\/logo\\\/image\\\/\",\"url\":\"https:\\\/\\\/bxrepsol.s3.eu-west-1.amazonaws.com\\\/static\\\/2025\\\/07\\\/30083337\\\/favicon-96x96-1.png\",\"contentUrl\":\"https:\\\/\\\/bxrepsol.s3.eu-west-1.amazonaws.com\\\/static\\\/2025\\\/07\\\/30083337\\\/favicon-96x96-1.png\",\"width\":96,\"height\":96,\"caption\":\"Box Repsol\"},\"image\":{\"@id\":\"https:\\\/\\\/www.boxrepsol.com\\\/es\\\/#\\\/schema\\\/logo\\\/image\\\/\"},\"sameAs\":[\"https:\\\/\\\/www.facebook.com\\\/BoxRepsol\",\"https:\\\/\\\/x.com\\\/box_repsol\",\"http:\\\/\\\/instagram.com\\\/box_repsol\",\"https:\\\/\\\/www.youtube.com\\\/user\\\/RepsolCompeticion\",\"https:\\\/\\\/www.flickr.com\\\/photos\\\/box_repsol\\\/\"]},{\"@type\":\"Person\",\"@id\":\"https:\\\/\\\/www.boxrepsol.com\\\/es\\\/#\\\/schema\\\/person\\\/c5c2138f2cca251b0ad92b7086bb60b7\",\"name\":\"Redacci\u00f3n Box Repsol\",\"image\":{\"@type\":\"ImageObject\",\"inLanguage\":\"es\",\"@id\":\"https:\\\/\\\/secure.gravatar.com\\\/avatar\\\/adf7b77e38b4419baf32c7e9c21dde01f4e40df611f0978e3006fc4ba0aaab7e?s=96&d=mm&r=g\",\"url\":\"https:\\\/\\\/secure.gravatar.com\\\/avatar\\\/adf7b77e38b4419baf32c7e9c21dde01f4e40df611f0978e3006fc4ba0aaab7e?s=96&d=mm&r=g\",\"contentUrl\":\"https:\\\/\\\/secure.gravatar.com\\\/avatar\\\/adf7b77e38b4419baf32c7e9c21dde01f4e40df611f0978e3006fc4ba0aaab7e?s=96&d=mm&r=g\",\"caption\":\"Redacci\u00f3n Box Repsol\"},\"description\":\"Box Repsol lo forma un equipo de periodistas, community managers, dise\u00f1adores y fot\u00f3grafos con m\u00e1s de 20 a\u00f1os de experiencia en el mundo del motorsport. Hemos vivido el primer mundial de un espa\u00f1ol en la categor\u00eda reina de motociclismo con \u00c1lex Crivill\u00e9, estuvimos en las victorias de Pedrosa y los t\u00edtulos de M\u00e1rquez, acompa\u00f1amos en \u00c1frica a Nani Roma y Marc Coma en sus conquistas del Dakar y hemos vibrado con los t\u00edtulos de Toni Bou en Trial. Adem\u00e1s, en nuestro equipo contamos con expertos en el mundo de las dos y cuatro ruedas tanto de la calle y las carreteras, como de los circuitos. Periodistas que han trabajado en revistas y publicaciones para hacerte llegar desde rutas y consejos de mantenimiento, a curiosidades y trucos de pilotaje.\",\"sameAs\":[\"https:\\\/\\\/www.facebook.com\\\/BoxRepsol\\\/\",\"https:\\\/\\\/www.instagram.com\\\/box_repsol\\\/\",\"https:\\\/\\\/x.com\\\/https:\\\/\\\/twitter.com\\\/box_repsol\",\"https:\\\/\\\/www.youtube.com\\\/@Boxrepsol\"],\"url\":\"https:\\\/\\\/www.boxrepsol.com\\\/es\\\/author\\\/redaccion-box-repsol\\\/\"}]}<\/script>\n<!-- \/ Yoast SEO plugin. -->","yoast_head_json":{"title":"El equipo Repsol Honda aterriza en Sachsenring - Box Repsol","description":"El equipo Repsol Honda aterriza en Sachsenring. Mantente al tanto de la preparaci\u00f3n y expectativas del equipo para el Gran Premio de Alemania.","canonical":"https:\/\/www.boxrepsol.com\/es\/motogp\/equipo-repsol-honda-aterriza-sachsenring\/","og_locale":"es_ES","og_type":"article","og_title":"El equipo Repsol Honda aterriza en Sachsenring - Box Repsol","og_description":"El equipo Repsol Honda aterriza en Sachsenring. Mantente al tanto de la preparaci\u00f3n y expectativas del equipo para el Gran Premio de Alemania.","og_url":"https:\/\/www.boxrepsol.com\/es\/motogp\/equipo-repsol-honda-aterriza-sachsenring\/","og_site_name":"Box Repsol","article_publisher":"https:\/\/www.facebook.com\/BoxRepsol","article_author":"https:\/\/www.facebook.com\/BoxRepsol\/","article_published_time":"2022-06-14T02:00:00+00:00","article_modified_time":"2024-04-09T08:49:34+00:00","og_image":[{"width":2560,"height":1707,"url":"https:\/\/bxrepsol.s3.eu-west-1.amazonaws.com\/static\/2022\/08\/10043201\/http___repsolmedia.com_repsolmedia_wp-content_uploads_2022_06_A1X2553-scaled-1.jpg","type":"image\/jpeg"}],"author":"Redacci\u00f3n Box Repsol","twitter_card":"summary_large_image","twitter_creator":"@https:\/\/twitter.com\/box_repsol","twitter_site":"@box_repsol","twitter_misc":{"Written by":"Redacci\u00f3n Box Repsol","Est. reading time":"2 minutos"},"schema":{"@context":"https:\/\/schema.org","@graph":[{"@type":"Article","@id":"https:\/\/www.boxrepsol.com\/es\/motogp\/equipo-repsol-honda-aterriza-sachsenring\/#article","isPartOf":{"@id":"https:\/\/www.boxrepsol.com\/es\/motogp\/equipo-repsol-honda-aterriza-sachsenring\/"},"author":{"name":"Redacci\u00f3n Box Repsol","@id":"https:\/\/www.boxrepsol.com\/es\/#\/schema\/person\/c5c2138f2cca251b0ad92b7086bb60b7"},"headline":"El equipo Repsol Honda aterriza en Sachsenring","datePublished":"2022-06-14T02:00:00+00:00","dateModified":"2024-04-09T08:49:34+00:00","mainEntityOfPage":{"@id":"https:\/\/www.boxrepsol.com\/es\/motogp\/equipo-repsol-honda-aterriza-sachsenring\/"},"wordCount":375,"commentCount":0,"publisher":{"@id":"https:\/\/www.boxrepsol.com\/es\/#organization"},"image":{"@id":"https:\/\/www.boxrepsol.com\/es\/motogp\/equipo-repsol-honda-aterriza-sachsenring\/#primaryimage"},"thumbnailUrl":"https:\/\/bxrepsol.s3.eu-west-1.amazonaws.com\/static\/2022\/08\/10043201\/http___repsolmedia.com_repsolmedia_wp-content_uploads_2022_06_A1X2553-scaled-1.jpg","keywords":["2022","MotoGP Alemania","Pol Espargar\u00f3"],"articleSection":["MotoGP"],"inLanguage":"es","potentialAction":[{"@type":"CommentAction","name":"Comment","target":["https:\/\/www.boxrepsol.com\/es\/motogp\/equipo-repsol-honda-aterriza-sachsenring\/#respond"]}]},{"@type":"WebPage","@id":"https:\/\/www.boxrepsol.com\/es\/motogp\/equipo-repsol-honda-aterriza-sachsenring\/","url":"https:\/\/www.boxrepsol.com\/es\/motogp\/equipo-repsol-honda-aterriza-sachsenring\/","name":"El equipo Repsol Honda aterriza en Sachsenring - Box Repsol","isPartOf":{"@id":"https:\/\/www.boxrepsol.com\/es\/#website"},"primaryImageOfPage":{"@id":"https:\/\/www.boxrepsol.com\/es\/motogp\/equipo-repsol-honda-aterriza-sachsenring\/#primaryimage"},"image":{"@id":"https:\/\/www.boxrepsol.com\/es\/motogp\/equipo-repsol-honda-aterriza-sachsenring\/#primaryimage"},"thumbnailUrl":"https:\/\/bxrepsol.s3.eu-west-1.amazonaws.com\/static\/2022\/08\/10043201\/http___repsolmedia.com_repsolmedia_wp-content_uploads_2022_06_A1X2553-scaled-1.jpg","datePublished":"2022-06-14T02:00:00+00:00","dateModified":"2024-04-09T08:49:34+00:00","description":"El equipo Repsol Honda aterriza en Sachsenring. Mantente al tanto de la preparaci\u00f3n y expectativas del equipo para el Gran Premio de Alemania.","breadcrumb":{"@id":"https:\/\/www.boxrepsol.com\/es\/motogp\/equipo-repsol-honda-aterriza-sachsenring\/#breadcrumb"},"inLanguage":"es","potentialAction":[{"@type":"ReadAction","target":["https:\/\/www.boxrepsol.com\/es\/motogp\/equipo-repsol-honda-aterriza-sachsenring\/"]}]},{"@type":"ImageObject","inLanguage":"es","@id":"https:\/\/www.boxrepsol.com\/es\/motogp\/equipo-repsol-honda-aterriza-sachsenring\/#primaryimage","url":"https:\/\/bxrepsol.s3.eu-west-1.amazonaws.com\/static\/2022\/08\/10043201\/http___repsolmedia.com_repsolmedia_wp-content_uploads_2022_06_A1X2553-scaled-1.jpg","contentUrl":"https:\/\/bxrepsol.s3.eu-west-1.amazonaws.com\/static\/2022\/08\/10043201\/http___repsolmedia.com_repsolmedia_wp-content_uploads_2022_06_A1X2553-scaled-1.jpg","width":2560,"height":1707},{"@type":"BreadcrumbList","@id":"https:\/\/www.boxrepsol.com\/es\/motogp\/equipo-repsol-honda-aterriza-sachsenring\/#breadcrumb","itemListElement":[{"@type":"ListItem","position":1,"name":"Home","item":"https:\/\/www.boxrepsol.com\/es\/"},{"@type":"ListItem","position":2,"name":"El equipo Repsol Honda aterriza en Sachsenring"}]},{"@type":"WebSite","@id":"https:\/\/www.boxrepsol.com\/es\/#website","url":"https:\/\/www.boxrepsol.com\/es\/","name":"Box Repsol","description":"Box Repsol Site","publisher":{"@id":"https:\/\/www.boxrepsol.com\/es\/#organization"},"potentialAction":[{"@type":"SearchAction","target":{"@type":"EntryPoint","urlTemplate":"https:\/\/www.boxrepsol.com\/es\/?s={search_term_string}"},"query-input":{"@type":"PropertyValueSpecification","valueRequired":true,"valueName":"search_term_string"}}],"inLanguage":"es"},{"@type":"Organization","@id":"https:\/\/www.boxrepsol.com\/es\/#organization","name":"Box Repsol","url":"https:\/\/www.boxrepsol.com\/es\/","logo":{"@type":"ImageObject","inLanguage":"es","@id":"https:\/\/www.boxrepsol.com\/es\/#\/schema\/logo\/image\/","url":"https:\/\/bxrepsol.s3.eu-west-1.amazonaws.com\/static\/2025\/07\/30083337\/favicon-96x96-1.png","contentUrl":"https:\/\/bxrepsol.s3.eu-west-1.amazonaws.com\/static\/2025\/07\/30083337\/favicon-96x96-1.png","width":96,"height":96,"caption":"Box Repsol"},"image":{"@id":"https:\/\/www.boxrepsol.com\/es\/#\/schema\/logo\/image\/"},"sameAs":["https:\/\/www.facebook.com\/BoxRepsol","https:\/\/x.com\/box_repsol","http:\/\/instagram.com\/box_repsol","https:\/\/www.youtube.com\/user\/RepsolCompeticion","https:\/\/www.flickr.com\/photos\/box_repsol\/"]},{"@type":"Person","@id":"https:\/\/www.boxrepsol.com\/es\/#\/schema\/person\/c5c2138f2cca251b0ad92b7086bb60b7","name":"Redacci\u00f3n Box Repsol","image":{"@type":"ImageObject","inLanguage":"es","@id":"https:\/\/secure.gravatar.com\/avatar\/adf7b77e38b4419baf32c7e9c21dde01f4e40df611f0978e3006fc4ba0aaab7e?s=96&d=mm&r=g","url":"https:\/\/secure.gravatar.com\/avatar\/adf7b77e38b4419baf32c7e9c21dde01f4e40df611f0978e3006fc4ba0aaab7e?s=96&d=mm&r=g","contentUrl":"https:\/\/secure.gravatar.com\/avatar\/adf7b77e38b4419baf32c7e9c21dde01f4e40df611f0978e3006fc4ba0aaab7e?s=96&d=mm&r=g","caption":"Redacci\u00f3n Box Repsol"},"description":"Box Repsol lo forma un equipo de periodistas, community managers, dise\u00f1adores y fot\u00f3grafos con m\u00e1s de 20 a\u00f1os de experiencia en el mundo del motorsport. Hemos vivido el primer mundial de un espa\u00f1ol en la categor\u00eda reina de motociclismo con \u00c1lex Crivill\u00e9, estuvimos en las victorias de Pedrosa y los t\u00edtulos de M\u00e1rquez, acompa\u00f1amos en \u00c1frica a Nani Roma y Marc Coma en sus conquistas del Dakar y hemos vibrado con los t\u00edtulos de Toni Bou en Trial. Adem\u00e1s, en nuestro equipo contamos con expertos en el mundo de las dos y cuatro ruedas tanto de la calle y las carreteras, como de los circuitos. Periodistas que han trabajado en revistas y publicaciones para hacerte llegar desde rutas y consejos de mantenimiento, a curiosidades y trucos de pilotaje.","sameAs":["https:\/\/www.facebook.com\/BoxRepsol\/","https:\/\/www.instagram.com\/box_repsol\/","https:\/\/x.com\/https:\/\/twitter.com\/box_repsol","https:\/\/www.youtube.com\/@Boxrepsol"],"url":"https:\/\/www.boxrepsol.com\/es\/author\/redaccion-box-repsol\/"}]}},"_links":{"self":[{"href":"https:\/\/www.boxrepsol.com\/es\/wp-json\/wp\/v2\/posts\/95393","targetHints":{"allow":["GET"]}}],"collection":[{"href":"https:\/\/www.boxrepsol.com\/es\/wp-json\/wp\/v2\/posts"}],"about":[{"href":"https:\/\/www.boxrepsol.com\/es\/wp-json\/wp\/v2\/types\/post"}],"author":[{"embeddable":true,"href":"https:\/\/www.boxrepsol.com\/es\/wp-json\/wp\/v2\/users\/43146"}],"replies":[{"embeddable":true,"href":"https:\/\/www.boxrepsol.com\/es\/wp-json\/wp\/v2\/comments?post=95393"}],"version-history":[{"count":2,"href":"https:\/\/www.boxrepsol.com\/es\/wp-json\/wp\/v2\/posts\/95393\/revisions"}],"predecessor-version":[{"id":109486,"href":"https:\/\/www.boxrepsol.com\/es\/wp-json\/wp\/v2\/posts\/95393\/revisions\/109486"}],"wp:featuredmedia":[{"embeddable":true,"href":"https:\/\/www.boxrepsol.com\/es\/wp-json\/wp\/v2\/media\/46364"}],"wp:attachment":[{"href":"https:\/\/www.boxrepsol.com\/es\/wp-json\/wp\/v2\/media?parent=95393"}],"wp:term":[{"taxonomy":"category","embeddable":true,"href":"https:\/\/www.boxrepsol.com\/es\/wp-json\/wp\/v2\/categories?post=95393"},{"taxonomy":"post_tag","embeddable":true,"href":"https:\/\/www.boxrepsol.com\/es\/wp-json\/wp\/v2\/tags?post=95393"}],"curies":[{"name":"wp","href":"https:\/\/api.w.org\/{rel}","templated":true}]}}