{"id":95389,"date":"2022-06-12T00:00:00","date_gmt":"2022-06-12T02:00:00","guid":{"rendered":"http:\/\/pre.boxrepsol.com\/sin-categorizar\/toni-bou-inaugura-la-temporada-del-trialgp-con-un-podio-y-una-victoria\/"},"modified":"2024-04-09T06:49:58","modified_gmt":"2024-04-09T08:49:58","slug":"toni-bou-inaugura-la-temporada-del-trialgp-con-un-podio-y-una-victoria","status":"publish","type":"post","link":"https:\/\/www.boxrepsol.com\/es\/trial\/toni-bou-inaugura-la-temporada-del-trialgp-con-un-podio-y-una-victoria\/","title":{"rendered":"Toni Bou inaugura la temporada del TrialGP con un podio y una victoria"},"content":{"rendered":"\n<p>Un caluroso fin de semana en l&#8217;Hospitalet de l&#8217;Infant ha sido el encargado de abrir la temporada 2022 del Mundial de Trial al aire libre con una doble cita. Mientras que en la jornada de ayer<strong> Toni Bou<\/strong> se quedaba a las puertas de la victoria, hoy ha logrado subirse a lo m\u00e1s alto del podio. <strong>Gabriel Marcelli<\/strong>, por su parte, ha cerrado las dos primeras citas del <strong>TrialGP<\/strong> con una sexta y quinta posici\u00f3n, respectivamente.<\/p>\n\n\n\n<p>La dureza de las zonas y las altas temperaturas afectaron al rendimiento de Toni Bou en la primera ronda del campeonato. Tras una primera vuelta con varios errores acumulados, el piloto del equipo Repsol Honda logr\u00f3 recortar distancias durante la segunda salida, aunque no fue suficiente para hacerse con la victoria. Ya en la segunda jornada del TrialGP de Espa\u00f1a, el vigente campe\u00f3n se ha impuesto desde el primer momento para cerrar el d\u00eda con un nuevo triunfo en su palmar\u00e9s.<\/p>\n\n\n\n<p>Gabriel Marcelli se ha estrenado con los colores del equipo Repsol Honda en la modalidad al aire libre con una sexta y quinta posici\u00f3n. En el caso del piloto gallego, hasta 7 puntos de penalizaci\u00f3n por exceder el tiempo permitido marcaron su primer encuentro en l\u2019Hospitalet de l\u2019Infant. Hoy, a pesar de acumular varios errores en la sesi\u00f3n de la ma\u00f1ana, ha logrado mejorar su resultado de ayer. Finalmente, una segunda vuelta m\u00e1s limpia le ha permitido hacerse con la quinta posici\u00f3n final.<\/p>\n\n\n\n<p>Con el TrialGP de Espa\u00f1a finalizado, Toni Bou es l\u00edder\u00a0con 37\u00a0puntos y Gabriel Marcelli es 7\u00ba\u00a0con 21 en la clasificaci\u00f3n general. El pr\u00f3ximo encuentro ser\u00e1 otra doble cita en Sant Juli\u00e0 de L\u00f2ria (Andorra) los pr\u00f3ximos 18 y 19 de junio.<\/p>\n\n\n\n<div id=\"d119f27b-477b-4830-aa90-5735ec161f77\" class=\"br-slider-box\"><div class=\"wp-block-create-block-repsol-carousel br-slider\"><a target=\"_blank\" href=\"https:\/\/bxrepsol.s3.eu-west-1.amazonaws.com\/static\/2022\/06\/20101233\/toooni.jpeg\" data-index=\"0\" rel=\"noopener\"><img decoding=\"async\" src=\"https:\/\/bxrepsol.s3.eu-west-1.amazonaws.com\/static\/2022\/06\/20101233\/toooni.jpeg\"\/><\/a><a target=\"_blank\" href=\"https:\/\/bxrepsol.s3.eu-west-1.amazonaws.com\/static\/2022\/06\/20101255\/gabri-.jpeg\" data-index=\"1\" rel=\"noopener\"><img decoding=\"async\" src=\"https:\/\/bxrepsol.s3.eu-west-1.amazonaws.com\/static\/2022\/06\/20101255\/gabri-.jpeg\"\/><\/a><a target=\"_blank\" href=\"https:\/\/bxrepsol.s3.eu-west-1.amazonaws.com\/static\/2022\/06\/20101313\/foto-toni.jpeg\" data-index=\"2\" rel=\"noopener\"><img decoding=\"async\" src=\"https:\/\/bxrepsol.s3.eu-west-1.amazonaws.com\/static\/2022\/06\/20101313\/foto-toni.jpeg\"\/><\/a><\/div><div class=\"br-slider-buttons\"><button class=\"arrow rds-icon arrow--left rds-icon-Arrow_left\"><\/button><button class=\"arrow rds-icon arrow--right rds-icon-Arrow_right\"><\/button><\/div><\/div>\n\n\n\n<h2 class=\"wp-block-heading\"><strong>Declaraciones de los pilotos<\/strong><\/h2>\n\n\n\n<p><\/p>\n\n\n\n<h4 class=\"wp-block-heading\">Toni Bou<\/h4>\n\n\n\n<p>\u00abEstoy muy feliz porque hoy me he sentido mucho mejor que ayer, me sent\u00eda m\u00e1s c\u00f3modo, pero Jaime hoy ha vuelto a hacer una carrera incre\u00edble. Hemos estado muy bien los dos, hemos cometido pocos errores y he podido marcar la diferencia en la zona 4. Si no hubiese sido por el fiasco que he recibido en la zona 2 en la segunda vuelta, creo que era una carrera muy completa. Aun as\u00ed, est\u00e1bamos m\u00e1s fuertes que ayer y hemos podido aguantar la presi\u00f3n. Si quer\u00eda ganar, era clave hacerlo bien en la zona 4 y, pese a la presi\u00f3n, he podido hacerlo. Jaime nos ha puesto las cosas muy dif\u00edciles, ser\u00e1 un grand\u00edsimo rival y Adam, pese a que no ha sido su fin de semana, estoy convencido de que volver\u00e1 y ser\u00e1 un campeonato muy duro\u00bb.<\/p>\n\n\n\n<h4 class=\"wp-block-heading\">Gabriel Marcelli<\/h4>\n\n\n\n<p>\u00abHoy el d\u00eda ha sido un poco m\u00e1s positivo que el d\u00eda de ayer, he podido pilotar mejor, especialmente en la segunda vuelta, donde he podido recortar distancias. Finalmente, una quinta posici\u00f3n no es mala, aunque busc\u00e1bamos meternos en el podio pero, al final, todos los rivales est\u00e1n muy fuertes y todo el mundo quiere estar delante. He tenido algunas zonas cr\u00edticas, como las zonas 3 y 4, en las que en ambas vueltas he hecho dos 5, perdiendo bastantes puntos en esas dos zonas. En general, creo que el balance del fin de semana es positivo, no es un mal comienzo de temporada, aunque quer\u00edamos un poco m\u00e1s\u00bb.<\/p>\n","protected":false},"excerpt":{"rendered":"<p>El piloto del equipo Repsol Honda deja en casa un triunfo y un segundo puesto. Gabriel Marcelli termina el TrialGP de Espa\u00f1a con una 6\u00aa y 5\u00aa posici\u00f3n.<\/p>\n","protected":false},"author":43146,"featured_media":46310,"comment_status":"open","ping_status":"open","sticky":false,"template":"","format":"standard","meta":{"footnotes":""},"categories":[23],"tags":[120],"class_list":["post-95389","post","type-post","status-publish","format-standard","hentry","category-trial","tag-120"],"yoast_head":"<!-- This site is optimized with the Yoast SEO plugin v27.3 - https:\/\/yoast.com\/product\/yoast-seo-wordpress\/ -->\n<title>Toni Bou inaugura la temporada del TrialGP con un podio y una victoria - Box Repsol<\/title>\n<link rel=\"canonical\" href=\"https:\/\/www.boxrepsol.com\/es\/trial\/toni-bou-inaugura-la-temporada-del-trialgp-con-un-podio-y-una-victoria\/\" \/>\n<meta property=\"og:locale\" content=\"es_ES\" \/>\n<meta property=\"og:type\" content=\"article\" \/>\n<meta property=\"og:title\" content=\"Toni Bou inaugura la temporada del TrialGP con un podio y una victoria - Box Repsol\" \/>\n<meta property=\"og:description\" content=\"El piloto del equipo Repsol Honda deja en casa un triunfo y un segundo puesto. Gabriel Marcelli termina el TrialGP de Espa\u00f1a con una 6\u00aa y 5\u00aa posici\u00f3n.\" \/>\n<meta property=\"og:url\" content=\"https:\/\/www.boxrepsol.com\/es\/trial\/toni-bou-inaugura-la-temporada-del-trialgp-con-un-podio-y-una-victoria\/\" \/>\n<meta property=\"og:site_name\" content=\"Box Repsol\" \/>\n<meta property=\"article:publisher\" content=\"https:\/\/www.facebook.com\/BoxRepsol\" \/>\n<meta property=\"article:author\" content=\"https:\/\/www.facebook.com\/BoxRepsol\/\" \/>\n<meta property=\"article:published_time\" content=\"2022-06-12T02:00:00+00:00\" \/>\n<meta property=\"article:modified_time\" content=\"2024-04-09T08:49:58+00:00\" \/>\n<meta property=\"og:image\" content=\"https:\/\/bxrepsol.s3.eu-west-1.amazonaws.com\/static\/2022\/08\/10043119\/portada18.jpg\" \/>\n\t<meta property=\"og:image:width\" content=\"1136\" \/>\n\t<meta property=\"og:image:height\" content=\"532\" \/>\n\t<meta property=\"og:image:type\" content=\"image\/jpeg\" \/>\n<meta name=\"author\" content=\"Redacci\u00f3n Box Repsol\" \/>\n<meta name=\"twitter:card\" content=\"summary_large_image\" \/>\n<meta name=\"twitter:creator\" content=\"@https:\/\/twitter.com\/box_repsol\" \/>\n<meta name=\"twitter:site\" content=\"@box_repsol\" \/>\n<meta name=\"twitter:label1\" content=\"Written by\" \/>\n\t<meta name=\"twitter:data1\" content=\"Redacci\u00f3n Box Repsol\" \/>\n\t<meta name=\"twitter:label2\" content=\"Est. reading time\" \/>\n\t<meta name=\"twitter:data2\" content=\"3 minutos\" \/>\n<script type=\"application\/ld+json\" class=\"yoast-schema-graph\">{\"@context\":\"https:\\\/\\\/schema.org\",\"@graph\":[{\"@type\":\"Article\",\"@id\":\"https:\\\/\\\/www.boxrepsol.com\\\/es\\\/trial\\\/toni-bou-inaugura-la-temporada-del-trialgp-con-un-podio-y-una-victoria\\\/#article\",\"isPartOf\":{\"@id\":\"https:\\\/\\\/www.boxrepsol.com\\\/es\\\/trial\\\/toni-bou-inaugura-la-temporada-del-trialgp-con-un-podio-y-una-victoria\\\/\"},\"author\":{\"name\":\"Redacci\u00f3n Box Repsol\",\"@id\":\"https:\\\/\\\/www.boxrepsol.com\\\/es\\\/#\\\/schema\\\/person\\\/c5c2138f2cca251b0ad92b7086bb60b7\"},\"headline\":\"Toni Bou inaugura la temporada del TrialGP con un podio y una victoria\",\"datePublished\":\"2022-06-12T02:00:00+00:00\",\"dateModified\":\"2024-04-09T08:49:58+00:00\",\"mainEntityOfPage\":{\"@id\":\"https:\\\/\\\/www.boxrepsol.com\\\/es\\\/trial\\\/toni-bou-inaugura-la-temporada-del-trialgp-con-un-podio-y-una-victoria\\\/\"},\"wordCount\":581,\"commentCount\":0,\"publisher\":{\"@id\":\"https:\\\/\\\/www.boxrepsol.com\\\/es\\\/#organization\"},\"image\":{\"@id\":\"https:\\\/\\\/www.boxrepsol.com\\\/es\\\/trial\\\/toni-bou-inaugura-la-temporada-del-trialgp-con-un-podio-y-una-victoria\\\/#primaryimage\"},\"thumbnailUrl\":\"https:\\\/\\\/bxrepsol.s3.eu-west-1.amazonaws.com\\\/static\\\/2022\\\/08\\\/10043119\\\/portada18.jpg\",\"keywords\":[\"2022\"],\"articleSection\":[\"Trial\"],\"inLanguage\":\"es\",\"potentialAction\":[{\"@type\":\"CommentAction\",\"name\":\"Comment\",\"target\":[\"https:\\\/\\\/www.boxrepsol.com\\\/es\\\/trial\\\/toni-bou-inaugura-la-temporada-del-trialgp-con-un-podio-y-una-victoria\\\/#respond\"]}]},{\"@type\":\"WebPage\",\"@id\":\"https:\\\/\\\/www.boxrepsol.com\\\/es\\\/trial\\\/toni-bou-inaugura-la-temporada-del-trialgp-con-un-podio-y-una-victoria\\\/\",\"url\":\"https:\\\/\\\/www.boxrepsol.com\\\/es\\\/trial\\\/toni-bou-inaugura-la-temporada-del-trialgp-con-un-podio-y-una-victoria\\\/\",\"name\":\"Toni Bou inaugura la temporada del TrialGP con un podio y una victoria - Box Repsol\",\"isPartOf\":{\"@id\":\"https:\\\/\\\/www.boxrepsol.com\\\/es\\\/#website\"},\"primaryImageOfPage\":{\"@id\":\"https:\\\/\\\/www.boxrepsol.com\\\/es\\\/trial\\\/toni-bou-inaugura-la-temporada-del-trialgp-con-un-podio-y-una-victoria\\\/#primaryimage\"},\"image\":{\"@id\":\"https:\\\/\\\/www.boxrepsol.com\\\/es\\\/trial\\\/toni-bou-inaugura-la-temporada-del-trialgp-con-un-podio-y-una-victoria\\\/#primaryimage\"},\"thumbnailUrl\":\"https:\\\/\\\/bxrepsol.s3.eu-west-1.amazonaws.com\\\/static\\\/2022\\\/08\\\/10043119\\\/portada18.jpg\",\"datePublished\":\"2022-06-12T02:00:00+00:00\",\"dateModified\":\"2024-04-09T08:49:58+00:00\",\"breadcrumb\":{\"@id\":\"https:\\\/\\\/www.boxrepsol.com\\\/es\\\/trial\\\/toni-bou-inaugura-la-temporada-del-trialgp-con-un-podio-y-una-victoria\\\/#breadcrumb\"},\"inLanguage\":\"es\",\"potentialAction\":[{\"@type\":\"ReadAction\",\"target\":[\"https:\\\/\\\/www.boxrepsol.com\\\/es\\\/trial\\\/toni-bou-inaugura-la-temporada-del-trialgp-con-un-podio-y-una-victoria\\\/\"]}]},{\"@type\":\"ImageObject\",\"inLanguage\":\"es\",\"@id\":\"https:\\\/\\\/www.boxrepsol.com\\\/es\\\/trial\\\/toni-bou-inaugura-la-temporada-del-trialgp-con-un-podio-y-una-victoria\\\/#primaryimage\",\"url\":\"https:\\\/\\\/bxrepsol.s3.eu-west-1.amazonaws.com\\\/static\\\/2022\\\/08\\\/10043119\\\/portada18.jpg\",\"contentUrl\":\"https:\\\/\\\/bxrepsol.s3.eu-west-1.amazonaws.com\\\/static\\\/2022\\\/08\\\/10043119\\\/portada18.jpg\",\"width\":1136,\"height\":532},{\"@type\":\"BreadcrumbList\",\"@id\":\"https:\\\/\\\/www.boxrepsol.com\\\/es\\\/trial\\\/toni-bou-inaugura-la-temporada-del-trialgp-con-un-podio-y-una-victoria\\\/#breadcrumb\",\"itemListElement\":[{\"@type\":\"ListItem\",\"position\":1,\"name\":\"Home\",\"item\":\"https:\\\/\\\/www.boxrepsol.com\\\/es\\\/\"},{\"@type\":\"ListItem\",\"position\":2,\"name\":\"Toni Bou inaugura la temporada del TrialGP con un podio y una victoria\"}]},{\"@type\":\"WebSite\",\"@id\":\"https:\\\/\\\/www.boxrepsol.com\\\/es\\\/#website\",\"url\":\"https:\\\/\\\/www.boxrepsol.com\\\/es\\\/\",\"name\":\"Box Repsol\",\"description\":\"Box Repsol Site\",\"publisher\":{\"@id\":\"https:\\\/\\\/www.boxrepsol.com\\\/es\\\/#organization\"},\"potentialAction\":[{\"@type\":\"SearchAction\",\"target\":{\"@type\":\"EntryPoint\",\"urlTemplate\":\"https:\\\/\\\/www.boxrepsol.com\\\/es\\\/?s={search_term_string}\"},\"query-input\":{\"@type\":\"PropertyValueSpecification\",\"valueRequired\":true,\"valueName\":\"search_term_string\"}}],\"inLanguage\":\"es\"},{\"@type\":\"Organization\",\"@id\":\"https:\\\/\\\/www.boxrepsol.com\\\/es\\\/#organization\",\"name\":\"Box Repsol\",\"url\":\"https:\\\/\\\/www.boxrepsol.com\\\/es\\\/\",\"logo\":{\"@type\":\"ImageObject\",\"inLanguage\":\"es\",\"@id\":\"https:\\\/\\\/www.boxrepsol.com\\\/es\\\/#\\\/schema\\\/logo\\\/image\\\/\",\"url\":\"https:\\\/\\\/bxrepsol.s3.eu-west-1.amazonaws.com\\\/static\\\/2025\\\/07\\\/30083337\\\/favicon-96x96-1.png\",\"contentUrl\":\"https:\\\/\\\/bxrepsol.s3.eu-west-1.amazonaws.com\\\/static\\\/2025\\\/07\\\/30083337\\\/favicon-96x96-1.png\",\"width\":96,\"height\":96,\"caption\":\"Box Repsol\"},\"image\":{\"@id\":\"https:\\\/\\\/www.boxrepsol.com\\\/es\\\/#\\\/schema\\\/logo\\\/image\\\/\"},\"sameAs\":[\"https:\\\/\\\/www.facebook.com\\\/BoxRepsol\",\"https:\\\/\\\/x.com\\\/box_repsol\",\"http:\\\/\\\/instagram.com\\\/box_repsol\",\"https:\\\/\\\/www.youtube.com\\\/user\\\/RepsolCompeticion\",\"https:\\\/\\\/www.flickr.com\\\/photos\\\/box_repsol\\\/\"]},{\"@type\":\"Person\",\"@id\":\"https:\\\/\\\/www.boxrepsol.com\\\/es\\\/#\\\/schema\\\/person\\\/c5c2138f2cca251b0ad92b7086bb60b7\",\"name\":\"Redacci\u00f3n Box Repsol\",\"image\":{\"@type\":\"ImageObject\",\"inLanguage\":\"es\",\"@id\":\"https:\\\/\\\/secure.gravatar.com\\\/avatar\\\/adf7b77e38b4419baf32c7e9c21dde01f4e40df611f0978e3006fc4ba0aaab7e?s=96&d=mm&r=g\",\"url\":\"https:\\\/\\\/secure.gravatar.com\\\/avatar\\\/adf7b77e38b4419baf32c7e9c21dde01f4e40df611f0978e3006fc4ba0aaab7e?s=96&d=mm&r=g\",\"contentUrl\":\"https:\\\/\\\/secure.gravatar.com\\\/avatar\\\/adf7b77e38b4419baf32c7e9c21dde01f4e40df611f0978e3006fc4ba0aaab7e?s=96&d=mm&r=g\",\"caption\":\"Redacci\u00f3n Box Repsol\"},\"description\":\"Box Repsol lo forma un equipo de periodistas, community managers, dise\u00f1adores y fot\u00f3grafos con m\u00e1s de 20 a\u00f1os de experiencia en el mundo del motorsport. Hemos vivido el primer mundial de un espa\u00f1ol en la categor\u00eda reina de motociclismo con \u00c1lex Crivill\u00e9, estuvimos en las victorias de Pedrosa y los t\u00edtulos de M\u00e1rquez, acompa\u00f1amos en \u00c1frica a Nani Roma y Marc Coma en sus conquistas del Dakar y hemos vibrado con los t\u00edtulos de Toni Bou en Trial. Adem\u00e1s, en nuestro equipo contamos con expertos en el mundo de las dos y cuatro ruedas tanto de la calle y las carreteras, como de los circuitos. Periodistas que han trabajado en revistas y publicaciones para hacerte llegar desde rutas y consejos de mantenimiento, a curiosidades y trucos de pilotaje.\",\"sameAs\":[\"https:\\\/\\\/www.facebook.com\\\/BoxRepsol\\\/\",\"https:\\\/\\\/www.instagram.com\\\/box_repsol\\\/\",\"https:\\\/\\\/x.com\\\/https:\\\/\\\/twitter.com\\\/box_repsol\",\"https:\\\/\\\/www.youtube.com\\\/@Boxrepsol\"],\"url\":\"https:\\\/\\\/www.boxrepsol.com\\\/es\\\/author\\\/redaccion-box-repsol\\\/\"}]}<\/script>\n<!-- \/ Yoast SEO plugin. -->","yoast_head_json":{"title":"Toni Bou inaugura la temporada del TrialGP con un podio y una victoria - Box Repsol","canonical":"https:\/\/www.boxrepsol.com\/es\/trial\/toni-bou-inaugura-la-temporada-del-trialgp-con-un-podio-y-una-victoria\/","og_locale":"es_ES","og_type":"article","og_title":"Toni Bou inaugura la temporada del TrialGP con un podio y una victoria - Box Repsol","og_description":"El piloto del equipo Repsol Honda deja en casa un triunfo y un segundo puesto. Gabriel Marcelli termina el TrialGP de Espa\u00f1a con una 6\u00aa y 5\u00aa posici\u00f3n.","og_url":"https:\/\/www.boxrepsol.com\/es\/trial\/toni-bou-inaugura-la-temporada-del-trialgp-con-un-podio-y-una-victoria\/","og_site_name":"Box Repsol","article_publisher":"https:\/\/www.facebook.com\/BoxRepsol","article_author":"https:\/\/www.facebook.com\/BoxRepsol\/","article_published_time":"2022-06-12T02:00:00+00:00","article_modified_time":"2024-04-09T08:49:58+00:00","og_image":[{"width":1136,"height":532,"url":"https:\/\/bxrepsol.s3.eu-west-1.amazonaws.com\/static\/2022\/08\/10043119\/portada18.jpg","type":"image\/jpeg"}],"author":"Redacci\u00f3n Box Repsol","twitter_card":"summary_large_image","twitter_creator":"@https:\/\/twitter.com\/box_repsol","twitter_site":"@box_repsol","twitter_misc":{"Written by":"Redacci\u00f3n Box Repsol","Est. reading time":"3 minutos"},"schema":{"@context":"https:\/\/schema.org","@graph":[{"@type":"Article","@id":"https:\/\/www.boxrepsol.com\/es\/trial\/toni-bou-inaugura-la-temporada-del-trialgp-con-un-podio-y-una-victoria\/#article","isPartOf":{"@id":"https:\/\/www.boxrepsol.com\/es\/trial\/toni-bou-inaugura-la-temporada-del-trialgp-con-un-podio-y-una-victoria\/"},"author":{"name":"Redacci\u00f3n Box Repsol","@id":"https:\/\/www.boxrepsol.com\/es\/#\/schema\/person\/c5c2138f2cca251b0ad92b7086bb60b7"},"headline":"Toni Bou inaugura la temporada del TrialGP con un podio y una victoria","datePublished":"2022-06-12T02:00:00+00:00","dateModified":"2024-04-09T08:49:58+00:00","mainEntityOfPage":{"@id":"https:\/\/www.boxrepsol.com\/es\/trial\/toni-bou-inaugura-la-temporada-del-trialgp-con-un-podio-y-una-victoria\/"},"wordCount":581,"commentCount":0,"publisher":{"@id":"https:\/\/www.boxrepsol.com\/es\/#organization"},"image":{"@id":"https:\/\/www.boxrepsol.com\/es\/trial\/toni-bou-inaugura-la-temporada-del-trialgp-con-un-podio-y-una-victoria\/#primaryimage"},"thumbnailUrl":"https:\/\/bxrepsol.s3.eu-west-1.amazonaws.com\/static\/2022\/08\/10043119\/portada18.jpg","keywords":["2022"],"articleSection":["Trial"],"inLanguage":"es","potentialAction":[{"@type":"CommentAction","name":"Comment","target":["https:\/\/www.boxrepsol.com\/es\/trial\/toni-bou-inaugura-la-temporada-del-trialgp-con-un-podio-y-una-victoria\/#respond"]}]},{"@type":"WebPage","@id":"https:\/\/www.boxrepsol.com\/es\/trial\/toni-bou-inaugura-la-temporada-del-trialgp-con-un-podio-y-una-victoria\/","url":"https:\/\/www.boxrepsol.com\/es\/trial\/toni-bou-inaugura-la-temporada-del-trialgp-con-un-podio-y-una-victoria\/","name":"Toni Bou inaugura la temporada del TrialGP con un podio y una victoria - Box Repsol","isPartOf":{"@id":"https:\/\/www.boxrepsol.com\/es\/#website"},"primaryImageOfPage":{"@id":"https:\/\/www.boxrepsol.com\/es\/trial\/toni-bou-inaugura-la-temporada-del-trialgp-con-un-podio-y-una-victoria\/#primaryimage"},"image":{"@id":"https:\/\/www.boxrepsol.com\/es\/trial\/toni-bou-inaugura-la-temporada-del-trialgp-con-un-podio-y-una-victoria\/#primaryimage"},"thumbnailUrl":"https:\/\/bxrepsol.s3.eu-west-1.amazonaws.com\/static\/2022\/08\/10043119\/portada18.jpg","datePublished":"2022-06-12T02:00:00+00:00","dateModified":"2024-04-09T08:49:58+00:00","breadcrumb":{"@id":"https:\/\/www.boxrepsol.com\/es\/trial\/toni-bou-inaugura-la-temporada-del-trialgp-con-un-podio-y-una-victoria\/#breadcrumb"},"inLanguage":"es","potentialAction":[{"@type":"ReadAction","target":["https:\/\/www.boxrepsol.com\/es\/trial\/toni-bou-inaugura-la-temporada-del-trialgp-con-un-podio-y-una-victoria\/"]}]},{"@type":"ImageObject","inLanguage":"es","@id":"https:\/\/www.boxrepsol.com\/es\/trial\/toni-bou-inaugura-la-temporada-del-trialgp-con-un-podio-y-una-victoria\/#primaryimage","url":"https:\/\/bxrepsol.s3.eu-west-1.amazonaws.com\/static\/2022\/08\/10043119\/portada18.jpg","contentUrl":"https:\/\/bxrepsol.s3.eu-west-1.amazonaws.com\/static\/2022\/08\/10043119\/portada18.jpg","width":1136,"height":532},{"@type":"BreadcrumbList","@id":"https:\/\/www.boxrepsol.com\/es\/trial\/toni-bou-inaugura-la-temporada-del-trialgp-con-un-podio-y-una-victoria\/#breadcrumb","itemListElement":[{"@type":"ListItem","position":1,"name":"Home","item":"https:\/\/www.boxrepsol.com\/es\/"},{"@type":"ListItem","position":2,"name":"Toni Bou inaugura la temporada del TrialGP con un podio y una victoria"}]},{"@type":"WebSite","@id":"https:\/\/www.boxrepsol.com\/es\/#website","url":"https:\/\/www.boxrepsol.com\/es\/","name":"Box Repsol","description":"Box Repsol Site","publisher":{"@id":"https:\/\/www.boxrepsol.com\/es\/#organization"},"potentialAction":[{"@type":"SearchAction","target":{"@type":"EntryPoint","urlTemplate":"https:\/\/www.boxrepsol.com\/es\/?s={search_term_string}"},"query-input":{"@type":"PropertyValueSpecification","valueRequired":true,"valueName":"search_term_string"}}],"inLanguage":"es"},{"@type":"Organization","@id":"https:\/\/www.boxrepsol.com\/es\/#organization","name":"Box Repsol","url":"https:\/\/www.boxrepsol.com\/es\/","logo":{"@type":"ImageObject","inLanguage":"es","@id":"https:\/\/www.boxrepsol.com\/es\/#\/schema\/logo\/image\/","url":"https:\/\/bxrepsol.s3.eu-west-1.amazonaws.com\/static\/2025\/07\/30083337\/favicon-96x96-1.png","contentUrl":"https:\/\/bxrepsol.s3.eu-west-1.amazonaws.com\/static\/2025\/07\/30083337\/favicon-96x96-1.png","width":96,"height":96,"caption":"Box Repsol"},"image":{"@id":"https:\/\/www.boxrepsol.com\/es\/#\/schema\/logo\/image\/"},"sameAs":["https:\/\/www.facebook.com\/BoxRepsol","https:\/\/x.com\/box_repsol","http:\/\/instagram.com\/box_repsol","https:\/\/www.youtube.com\/user\/RepsolCompeticion","https:\/\/www.flickr.com\/photos\/box_repsol\/"]},{"@type":"Person","@id":"https:\/\/www.boxrepsol.com\/es\/#\/schema\/person\/c5c2138f2cca251b0ad92b7086bb60b7","name":"Redacci\u00f3n Box Repsol","image":{"@type":"ImageObject","inLanguage":"es","@id":"https:\/\/secure.gravatar.com\/avatar\/adf7b77e38b4419baf32c7e9c21dde01f4e40df611f0978e3006fc4ba0aaab7e?s=96&d=mm&r=g","url":"https:\/\/secure.gravatar.com\/avatar\/adf7b77e38b4419baf32c7e9c21dde01f4e40df611f0978e3006fc4ba0aaab7e?s=96&d=mm&r=g","contentUrl":"https:\/\/secure.gravatar.com\/avatar\/adf7b77e38b4419baf32c7e9c21dde01f4e40df611f0978e3006fc4ba0aaab7e?s=96&d=mm&r=g","caption":"Redacci\u00f3n Box Repsol"},"description":"Box Repsol lo forma un equipo de periodistas, community managers, dise\u00f1adores y fot\u00f3grafos con m\u00e1s de 20 a\u00f1os de experiencia en el mundo del motorsport. Hemos vivido el primer mundial de un espa\u00f1ol en la categor\u00eda reina de motociclismo con \u00c1lex Crivill\u00e9, estuvimos en las victorias de Pedrosa y los t\u00edtulos de M\u00e1rquez, acompa\u00f1amos en \u00c1frica a Nani Roma y Marc Coma en sus conquistas del Dakar y hemos vibrado con los t\u00edtulos de Toni Bou en Trial. Adem\u00e1s, en nuestro equipo contamos con expertos en el mundo de las dos y cuatro ruedas tanto de la calle y las carreteras, como de los circuitos. Periodistas que han trabajado en revistas y publicaciones para hacerte llegar desde rutas y consejos de mantenimiento, a curiosidades y trucos de pilotaje.","sameAs":["https:\/\/www.facebook.com\/BoxRepsol\/","https:\/\/www.instagram.com\/box_repsol\/","https:\/\/x.com\/https:\/\/twitter.com\/box_repsol","https:\/\/www.youtube.com\/@Boxrepsol"],"url":"https:\/\/www.boxrepsol.com\/es\/author\/redaccion-box-repsol\/"}]}},"_links":{"self":[{"href":"https:\/\/www.boxrepsol.com\/es\/wp-json\/wp\/v2\/posts\/95389","targetHints":{"allow":["GET"]}}],"collection":[{"href":"https:\/\/www.boxrepsol.com\/es\/wp-json\/wp\/v2\/posts"}],"about":[{"href":"https:\/\/www.boxrepsol.com\/es\/wp-json\/wp\/v2\/types\/post"}],"author":[{"embeddable":true,"href":"https:\/\/www.boxrepsol.com\/es\/wp-json\/wp\/v2\/users\/43146"}],"replies":[{"embeddable":true,"href":"https:\/\/www.boxrepsol.com\/es\/wp-json\/wp\/v2\/comments?post=95389"}],"version-history":[{"count":3,"href":"https:\/\/www.boxrepsol.com\/es\/wp-json\/wp\/v2\/posts\/95389\/revisions"}],"predecessor-version":[{"id":113870,"href":"https:\/\/www.boxrepsol.com\/es\/wp-json\/wp\/v2\/posts\/95389\/revisions\/113870"}],"wp:featuredmedia":[{"embeddable":true,"href":"https:\/\/www.boxrepsol.com\/es\/wp-json\/wp\/v2\/media\/46310"}],"wp:attachment":[{"href":"https:\/\/www.boxrepsol.com\/es\/wp-json\/wp\/v2\/media?parent=95389"}],"wp:term":[{"taxonomy":"category","embeddable":true,"href":"https:\/\/www.boxrepsol.com\/es\/wp-json\/wp\/v2\/categories?post=95389"},{"taxonomy":"post_tag","embeddable":true,"href":"https:\/\/www.boxrepsol.com\/es\/wp-json\/wp\/v2\/tags?post=95389"}],"curies":[{"name":"wp","href":"https:\/\/api.w.org\/{rel}","templated":true}]}}