{"id":95385,"date":"2022-06-07T00:00:00","date_gmt":"2022-06-07T02:00:00","guid":{"rendered":"http:\/\/pre.boxrepsol.com\/sin-categorizar\/el-repsol-honda-team-de-trial-debuta-en-el-mundial-outdoor-este-proximo-fin-de-semana\/"},"modified":"2024-04-09T06:50:19","modified_gmt":"2024-04-09T08:50:19","slug":"el-repsol-honda-team-de-trial-debuta-en-el-mundial-outdoor-este-proximo-fin-de-semana","status":"publish","type":"post","link":"https:\/\/www.boxrepsol.com\/es\/trial\/el-repsol-honda-team-de-trial-debuta-en-el-mundial-outdoor-este-proximo-fin-de-semana\/","title":{"rendered":"El Repsol Honda Team de Trial debuta en el Mundial Outdoor este pr\u00f3ximo fin de semana"},"content":{"rendered":"<p>El <strong>Campeonato del Mundo de TrialGP 2022<\/strong> se inicia este pr\u00f3ximo fin de semana en Espa\u00f1a. La localidad de Hospitalet de L\u2019Infant, al sur de Tarragona, albergar\u00e1 la puesta de largo de este nuevo Mundial Outdoor en el que el equipo Repsol Honda volver\u00e1 a luchar por conseguir un nuevo t\u00edtulo para sus pilotos. La manga espa\u00f1ola del Mundial de TrialGP es una cita ineludible en el campeonato desde que se origin\u00f3 el m\u00e1ximo certamen, en 1975.<\/p>\n<p>El actual campe\u00f3n del Mundo, <strong>Toni Bou<\/strong>, que ha vencido en un total de 19 carreras del TrialGP de Espa\u00f1a, es el gran favorito para adjudicarse su 16\u00ba t\u00edtulo al aire libre al final de la temporada. Bou llega a esta primera cita mundialista tras conseguir su victoria n\u00famero 125 en la \u00faltima carrera de 2021. Este 2022, el piloto catal\u00e1n se ha impuesto en las cuatro pruebas de X-Trial disputadas hasta el momento.<\/p>\n<p>El compa\u00f1ero de Bou en el Repsol Honda, el joven gallego <strong>Gabriel Marcelli<\/strong>, se ha estrenado en la formaci\u00f3n este 2022 despu\u00e9s de demostrar su gran potencial en las temporadas pasadas. Marcelli ha realizado una buena temporada indoor, logrando subir a la segunda posici\u00f3n del podio en la carrera de Madrid. Su objetivo para el campeonato al aire libre es intentar acabar en el podio en varias de las carreras del calendario.<\/p>\n<p>El TrialGP de Espa\u00f1a ha organizado un desfile de participantes por L\u2019Hospitalet de L\u2019Infant el viernes por la tarde, una vez realizadas las preceptivas verificaciones, los entrenamientos y la inspecci\u00f3n de zonas. La competici\u00f3n tendr\u00e1 <strong>doble jornada de carreras<\/strong>: el s\u00e1bado y el domingo los pilotos deber\u00e1n superar las doce zonas del recorrido, ubicadas en el r\u00edo seco de Llastres, hasta en dos ocasiones. Se dar\u00e1 un total de doce kil\u00f3metros por vuelta.<\/p>\n<p>El calendario del Campeonato del Mundo de TrialGP continuar\u00e1 con paradas en Andorra, Alemania, B\u00e9lgica y Francia antes de terminar el m\u00e1ximo certamen de este deporte en la localidad italiana de Ponte di Legno en la provincia italiana de Brescia a mediados de septiembre.<\/p>\n<p><a href=\"https:\/\/bxrepsol.s3.eu-west-1.amazonaws.com\/static\/2022\/08\/05100052\/629cde9506b087.37280752.jpg\" data-index=\"0\"><br \/>\n<img decoding=\"async\" src=\"https:\/\/bxrepsol.s3.eu-west-1.amazonaws.com\/static\/2022\/08\/05100052\/629cde9506b087.37280752.jpg\" srcset=\"https:\/\/bxrepsol.s3.eu-west-1.amazonaws.com\/static\/2022\/08\/05100052\/629cde9506b087.37280752.jpg 1280w, https:\/\/bxrepsol.s3.eu-west-1.amazonaws.com\/static\/2022\/08\/05100052\/629cde9506b087.37280752.jpg 900w, https:\/\/bxrepsol.s3.eu-west-1.amazonaws.com\/static\/2022\/08\/05100052\/629cde9506b087.37280752.jpg 600w, https:\/\/bxrepsol.s3.eu-west-1.amazonaws.com\/static\/2022\/08\/05100052\/629cde9506b087.37280752.jpg 480w, https:\/\/bxrepsol.s3.eu-west-1.amazonaws.com\/static\/2022\/08\/05100052\/629cde9506b087.37280752.jpg 32w\" title=\"629cde9506b087.37280752\" alt=\"\" data-title=\"\"><br \/>\n<\/a><br \/>\n<a href=\"https:\/\/bxrepsol.s3.eu-west-1.amazonaws.com\/static\/2022\/08\/05100053\/629cdea88dbca7.95670714.jpg\" data-index=\"1\"><br \/>\n<img decoding=\"async\" src=\"https:\/\/bxrepsol.s3.eu-west-1.amazonaws.com\/static\/2022\/08\/05100053\/629cdea88dbca7.95670714.jpg\" srcset=\"https:\/\/bxrepsol.s3.eu-west-1.amazonaws.com\/static\/2022\/08\/05100053\/629cdea88dbca7.95670714.jpg 1280w, https:\/\/bxrepsol.s3.eu-west-1.amazonaws.com\/static\/2022\/08\/05100053\/629cdea88dbca7.95670714.jpg 900w, https:\/\/bxrepsol.s3.eu-west-1.amazonaws.com\/static\/2022\/08\/05100053\/629cdea88dbca7.95670714.jpg 600w, https:\/\/bxrepsol.s3.eu-west-1.amazonaws.com\/static\/2022\/08\/05100053\/629cdea88dbca7.95670714.jpg 480w, https:\/\/bxrepsol.s3.eu-west-1.amazonaws.com\/static\/2022\/08\/05100053\/629cdea88dbca7.95670714.jpg 32w\" title=\"629cdea88dbca7.95670714\" alt=\"\" data-title=\"\"><br \/>\n<\/a><br \/>\n<a href=\"https:\/\/bxrepsol.s3.eu-west-1.amazonaws.com\/static\/2022\/08\/05100054\/629cde867a0ce6.96387315.jpg\" data-index=\"2\"><br \/>\n<img decoding=\"async\" src=\"https:\/\/bxrepsol.s3.eu-west-1.amazonaws.com\/static\/2022\/08\/05100054\/629cde867a0ce6.96387315.jpg\" srcset=\"https:\/\/bxrepsol.s3.eu-west-1.amazonaws.com\/static\/2022\/08\/05100054\/629cde867a0ce6.96387315.jpg 1280w, https:\/\/bxrepsol.s3.eu-west-1.amazonaws.com\/static\/2022\/08\/05100054\/629cde867a0ce6.96387315.jpg 900w, https:\/\/bxrepsol.s3.eu-west-1.amazonaws.com\/static\/2022\/08\/05100054\/629cde867a0ce6.96387315.jpg 600w, https:\/\/bxrepsol.s3.eu-west-1.amazonaws.com\/static\/2022\/08\/05100054\/629cde867a0ce6.96387315.jpg 480w, https:\/\/bxrepsol.s3.eu-west-1.amazonaws.com\/static\/2022\/08\/05100054\/629cde867a0ce6.96387315.jpg 32w\" title=\"629cde867a0ce6.96387315\" alt=\"\" data-title=\"\"><br \/>\n<\/a><br \/>\n<a href=\"https:\/\/bxrepsol.s3.eu-west-1.amazonaws.com\/static\/2022\/08\/05100056\/629cdebd40f554.36565259.jpg\" data-index=\"3\"><br \/>\n<img decoding=\"async\" src=\"https:\/\/bxrepsol.s3.eu-west-1.amazonaws.com\/static\/2022\/08\/05100056\/629cdebd40f554.36565259.jpg\" srcset=\"https:\/\/bxrepsol.s3.eu-west-1.amazonaws.com\/static\/2022\/08\/05100056\/629cdebd40f554.36565259.jpg 1280w, https:\/\/bxrepsol.s3.eu-west-1.amazonaws.com\/static\/2022\/08\/05100056\/629cdebd40f554.36565259.jpg 900w, https:\/\/bxrepsol.s3.eu-west-1.amazonaws.com\/static\/2022\/08\/05100056\/629cdebd40f554.36565259.jpg 600w, https:\/\/bxrepsol.s3.eu-west-1.amazonaws.com\/static\/2022\/08\/05100056\/629cdebd40f554.36565259.jpg 480w, https:\/\/bxrepsol.s3.eu-west-1.amazonaws.com\/static\/2022\/08\/05100056\/629cdebd40f554.36565259.jpg 32w\" title=\"629cdebd40f554.36565259\" alt=\"\" data-title=\"\"><br \/>\n<\/a><br \/>\n<a href=\"https:\/\/bxrepsol.s3.eu-west-1.amazonaws.com\/static\/2022\/08\/05100057\/629cdec230dc72.96415816.jpg\" data-index=\"4\"><br \/>\n<img decoding=\"async\" src=\"https:\/\/bxrepsol.s3.eu-west-1.amazonaws.com\/static\/2022\/08\/05100057\/629cdec230dc72.96415816.jpg\" srcset=\"https:\/\/bxrepsol.s3.eu-west-1.amazonaws.com\/static\/2022\/08\/05100057\/629cdec230dc72.96415816.jpg 1280w, https:\/\/bxrepsol.s3.eu-west-1.amazonaws.com\/static\/2022\/08\/05100057\/629cdec230dc72.96415816.jpg 900w, https:\/\/bxrepsol.s3.eu-west-1.amazonaws.com\/static\/2022\/08\/05100057\/629cdec230dc72.96415816.jpg 600w, https:\/\/bxrepsol.s3.eu-west-1.amazonaws.com\/static\/2022\/08\/05100057\/629cdec230dc72.96415816.jpg 480w, https:\/\/bxrepsol.s3.eu-west-1.amazonaws.com\/static\/2022\/08\/05100057\/629cdec230dc72.96415816.jpg 32w\" title=\"629cdec230dc72.96415816\" alt=\"\" data-title=\"\"><br \/>\n<\/a><br \/>\n<a href=\"https:\/\/bxrepsol.s3.eu-west-1.amazonaws.com\/static\/2022\/08\/05100058\/629cdecbc9c8a1.45183227.jpg\" data-index=\"5\"><br \/>\n<img decoding=\"async\" src=\"https:\/\/bxrepsol.s3.eu-west-1.amazonaws.com\/static\/2022\/08\/05100058\/629cdecbc9c8a1.45183227.jpg\" srcset=\"https:\/\/bxrepsol.s3.eu-west-1.amazonaws.com\/static\/2022\/08\/05100058\/629cdecbc9c8a1.45183227.jpg 1280w, https:\/\/bxrepsol.s3.eu-west-1.amazonaws.com\/static\/2022\/08\/05100058\/629cdecbc9c8a1.45183227.jpg 900w, https:\/\/bxrepsol.s3.eu-west-1.amazonaws.com\/static\/2022\/08\/05100058\/629cdecbc9c8a1.45183227.jpg 600w, https:\/\/bxrepsol.s3.eu-west-1.amazonaws.com\/static\/2022\/08\/05100058\/629cdecbc9c8a1.45183227.jpg 480w, https:\/\/bxrepsol.s3.eu-west-1.amazonaws.com\/static\/2022\/08\/05100058\/629cdecbc9c8a1.45183227.jpg 32w\" title=\"629cdecbc9c8a1.45183227\" alt=\"\" data-title=\"\"><br \/>\n<\/a><br \/>\n<button data-glide-dir=\"<\"><br \/>\n<svg role=\"img\" viewBox=\"0 0 256 512\">\n                <path fill=\"currentColor\" d=\"M238.475 475.535l7.071-7.07c4.686-4.686 4.686-12.284 0-16.971L50.053 256 245.546 60.506c4.686-4.686 4.686-12.284 0-16.971l-7.071-7.07c-4.686-4.686-12.284-4.686-16.97 0L10.454 247.515c-4.686 4.686-4.686 12.284 0 16.971l211.051 211.05c4.686 4.686 12.284 4.686 16.97-.001z\"><\/path>\n            <\/svg><br \/>\n<\/button><br \/>\n<button data-glide-dir=\">\u00ab><br \/>\n<svg role=\"img\" viewBox=\"0 0 256 512\">\n                <path fill=\"currentColor\" d=\"M17.525 36.465l-7.071 7.07c-4.686 4.686-4.686 12.284 0 16.971L205.947 256 10.454 451.494c-4.686 4.686-4.686 12.284 0 16.971l7.071 7.07c4.686 4.686 12.284 4.686 16.97 0l211.051-211.05c4.686-4.686 4.686-12.284 0-16.971L34.495 36.465c-4.686-4.687-12.284-4.687-16.97 0z\"><\/path>\n            <\/svg><br \/>\n<\/button><\/p>\n<p><strong>Declaraciones de los pilotos<\/strong><\/p>\n<p><strong>Toni Bou<\/strong><\/p>\n<p>\u00abEste a\u00f1o es la vez que f\u00edsicamente llego mejor al inicio del Mundial. As\u00ed fue cuando empezamos la temporada indoor y ahora estamos muy bien. Nos hemos preparado muy bien. De todas formas, una vez empiece, hay que trabajar fuerte. Llegamos con muchas ganas despu\u00e9s de trabajar mucho durante esta pre-temporada. Hay expectaci\u00f3n de ver c\u00f3mo nos ir\u00e1 en competici\u00f3n. Empezamos la temporada outdoor en casa, tanto en L\u2019Hospitalet de L\u2019infant como en Sant Juli\u00e0 de L\u00f2ria. Ser\u00e1 un campeonato corto, con temperaturas altas durante los meses de junio a septiembre. Por otra parte, tanto el rival de siempre, Adam Raga, como el resto de pilotos, han mejorado su nivel y son m\u00e1s peligrosos en outdoor que en indoor. Para m\u00ed es una motivaci\u00f3n m\u00e1s para seguir luchando por los \u00e9xitos que pueden llegar\u00bb.<\/p>\n<p><b>Gabriel Marcelli<\/b><\/p>\n<p>\u00abCreo que llego muy motivado al Campeonato del Mundo de TrialGP. Hace unas semanas que no tenemos carreras, con lo que hemos podido cargar las pilas, reparar algunas lesiones y preparar las carreras que vienen. Estamos listos para luchar por las posiciones de delante. Habr\u00e1 que darlo todo desde la primera carrera. Esto lo aprend\u00ed la temporada pasada, donde las primeras carreras no fueron como me hubiera gustado. Creo que hemos hecho los deberes y estamos preparados para dar el 100% desde el inicio. El objetivo es intentar estar en el podio en cada carrera, aunque todos los pilotos buscan lo mismo. Hay que luchar por el podio del campeonato, aunque un \u2018top5\u2019 no estar\u00eda mal. Las dos primeras carreras no ser\u00e1n f\u00e1ciles y espero que le beneficie mi pilotaje\u00bb.<\/p>\n","protected":false},"excerpt":{"rendered":"<p>Los pilotos del Repsol Honda Team Toni Bou y Gabriel Marcelli empiezan este fin de semana en L\u2019Hospitalet de L\u2019Infant la carrera hacia un nuevo t\u00edtulo mundial en TrialGP.<\/p>\n","protected":false},"author":43146,"featured_media":46272,"comment_status":"open","ping_status":"open","sticky":false,"template":"","format":"standard","meta":{"footnotes":""},"categories":[23],"tags":[120,203,21],"class_list":["post-95385","post","type-post","status-publish","format-standard","hentry","category-trial","tag-120","tag-gabri-marcelli","tag-toni-bou"],"yoast_head":"<!-- This site is optimized with the Yoast SEO plugin v27.3 - https:\/\/yoast.com\/product\/yoast-seo-wordpress\/ -->\n<title>El Repsol Honda Team de Trial debuta en el Mundial Outdoor este pr\u00f3ximo fin de semana - Box Repsol<\/title>\n<meta name=\"description\" content=\"El Repsol Honda Team de Trial debuta en el Mundial Outdoor este pr\u00f3ximo fin de semana. Sigue de cerca el inicio de esta temporada.\" \/>\n<link rel=\"canonical\" href=\"https:\/\/www.boxrepsol.com\/es\/trial\/el-repsol-honda-team-de-trial-debuta-en-el-mundial-outdoor-este-proximo-fin-de-semana\/\" \/>\n<meta property=\"og:locale\" content=\"es_ES\" \/>\n<meta property=\"og:type\" content=\"article\" \/>\n<meta property=\"og:title\" content=\"El Repsol Honda Team de Trial debuta en el Mundial Outdoor este pr\u00f3ximo fin de semana - Box Repsol\" \/>\n<meta property=\"og:description\" content=\"El Repsol Honda Team de Trial debuta en el Mundial Outdoor este pr\u00f3ximo fin de semana. Sigue de cerca el inicio de esta temporada.\" \/>\n<meta property=\"og:url\" content=\"https:\/\/www.boxrepsol.com\/es\/trial\/el-repsol-honda-team-de-trial-debuta-en-el-mundial-outdoor-este-proximo-fin-de-semana\/\" \/>\n<meta property=\"og:site_name\" content=\"Box Repsol\" \/>\n<meta property=\"article:publisher\" content=\"https:\/\/www.facebook.com\/BoxRepsol\" \/>\n<meta property=\"article:author\" content=\"https:\/\/www.facebook.com\/BoxRepsol\/\" \/>\n<meta property=\"article:published_time\" content=\"2022-06-07T02:00:00+00:00\" \/>\n<meta property=\"article:modified_time\" content=\"2024-04-09T08:50:19+00:00\" \/>\n<meta property=\"og:image\" content=\"https:\/\/bxrepsol.s3.eu-west-1.amazonaws.com\/static\/2022\/08\/10042956\/629ce0270d9404.69671732.jpg\" \/>\n\t<meta property=\"og:image:width\" content=\"1280\" \/>\n\t<meta property=\"og:image:height\" content=\"653\" \/>\n\t<meta property=\"og:image:type\" content=\"image\/jpeg\" \/>\n<meta name=\"author\" content=\"Redacci\u00f3n Box Repsol\" \/>\n<meta name=\"twitter:card\" content=\"summary_large_image\" \/>\n<meta name=\"twitter:creator\" content=\"@https:\/\/twitter.com\/box_repsol\" \/>\n<meta name=\"twitter:site\" content=\"@box_repsol\" \/>\n<meta name=\"twitter:label1\" content=\"Written by\" \/>\n\t<meta name=\"twitter:data1\" content=\"Redacci\u00f3n Box Repsol\" \/>\n\t<meta name=\"twitter:label2\" content=\"Est. reading time\" \/>\n\t<meta name=\"twitter:data2\" content=\"3 minutos\" \/>\n<script type=\"application\/ld+json\" class=\"yoast-schema-graph\">{\"@context\":\"https:\\\/\\\/schema.org\",\"@graph\":[{\"@type\":\"Article\",\"@id\":\"https:\\\/\\\/www.boxrepsol.com\\\/es\\\/trial\\\/el-repsol-honda-team-de-trial-debuta-en-el-mundial-outdoor-este-proximo-fin-de-semana\\\/#article\",\"isPartOf\":{\"@id\":\"https:\\\/\\\/www.boxrepsol.com\\\/es\\\/trial\\\/el-repsol-honda-team-de-trial-debuta-en-el-mundial-outdoor-este-proximo-fin-de-semana\\\/\"},\"author\":{\"name\":\"Redacci\u00f3n Box Repsol\",\"@id\":\"https:\\\/\\\/www.boxrepsol.com\\\/es\\\/#\\\/schema\\\/person\\\/c5c2138f2cca251b0ad92b7086bb60b7\"},\"headline\":\"El Repsol Honda Team de Trial debuta en el Mundial Outdoor este pr\u00f3ximo fin de semana\",\"datePublished\":\"2022-06-07T02:00:00+00:00\",\"dateModified\":\"2024-04-09T08:50:19+00:00\",\"mainEntityOfPage\":{\"@id\":\"https:\\\/\\\/www.boxrepsol.com\\\/es\\\/trial\\\/el-repsol-honda-team-de-trial-debuta-en-el-mundial-outdoor-este-proximo-fin-de-semana\\\/\"},\"wordCount\":661,\"commentCount\":0,\"publisher\":{\"@id\":\"https:\\\/\\\/www.boxrepsol.com\\\/es\\\/#organization\"},\"image\":{\"@id\":\"https:\\\/\\\/www.boxrepsol.com\\\/es\\\/trial\\\/el-repsol-honda-team-de-trial-debuta-en-el-mundial-outdoor-este-proximo-fin-de-semana\\\/#primaryimage\"},\"thumbnailUrl\":\"https:\\\/\\\/bxrepsol.s3.eu-west-1.amazonaws.com\\\/static\\\/2022\\\/08\\\/10042956\\\/629ce0270d9404.69671732.jpg\",\"keywords\":[\"2022\",\"Gabri Marcelli\",\"Toni Bou\"],\"articleSection\":[\"Trial\"],\"inLanguage\":\"es\",\"potentialAction\":[{\"@type\":\"CommentAction\",\"name\":\"Comment\",\"target\":[\"https:\\\/\\\/www.boxrepsol.com\\\/es\\\/trial\\\/el-repsol-honda-team-de-trial-debuta-en-el-mundial-outdoor-este-proximo-fin-de-semana\\\/#respond\"]}]},{\"@type\":\"WebPage\",\"@id\":\"https:\\\/\\\/www.boxrepsol.com\\\/es\\\/trial\\\/el-repsol-honda-team-de-trial-debuta-en-el-mundial-outdoor-este-proximo-fin-de-semana\\\/\",\"url\":\"https:\\\/\\\/www.boxrepsol.com\\\/es\\\/trial\\\/el-repsol-honda-team-de-trial-debuta-en-el-mundial-outdoor-este-proximo-fin-de-semana\\\/\",\"name\":\"El Repsol Honda Team de Trial debuta en el Mundial Outdoor este pr\u00f3ximo fin de semana - Box Repsol\",\"isPartOf\":{\"@id\":\"https:\\\/\\\/www.boxrepsol.com\\\/es\\\/#website\"},\"primaryImageOfPage\":{\"@id\":\"https:\\\/\\\/www.boxrepsol.com\\\/es\\\/trial\\\/el-repsol-honda-team-de-trial-debuta-en-el-mundial-outdoor-este-proximo-fin-de-semana\\\/#primaryimage\"},\"image\":{\"@id\":\"https:\\\/\\\/www.boxrepsol.com\\\/es\\\/trial\\\/el-repsol-honda-team-de-trial-debuta-en-el-mundial-outdoor-este-proximo-fin-de-semana\\\/#primaryimage\"},\"thumbnailUrl\":\"https:\\\/\\\/bxrepsol.s3.eu-west-1.amazonaws.com\\\/static\\\/2022\\\/08\\\/10042956\\\/629ce0270d9404.69671732.jpg\",\"datePublished\":\"2022-06-07T02:00:00+00:00\",\"dateModified\":\"2024-04-09T08:50:19+00:00\",\"description\":\"El Repsol Honda Team de Trial debuta en el Mundial Outdoor este pr\u00f3ximo fin de semana. Sigue de cerca el inicio de esta temporada.\",\"breadcrumb\":{\"@id\":\"https:\\\/\\\/www.boxrepsol.com\\\/es\\\/trial\\\/el-repsol-honda-team-de-trial-debuta-en-el-mundial-outdoor-este-proximo-fin-de-semana\\\/#breadcrumb\"},\"inLanguage\":\"es\",\"potentialAction\":[{\"@type\":\"ReadAction\",\"target\":[\"https:\\\/\\\/www.boxrepsol.com\\\/es\\\/trial\\\/el-repsol-honda-team-de-trial-debuta-en-el-mundial-outdoor-este-proximo-fin-de-semana\\\/\"]}]},{\"@type\":\"ImageObject\",\"inLanguage\":\"es\",\"@id\":\"https:\\\/\\\/www.boxrepsol.com\\\/es\\\/trial\\\/el-repsol-honda-team-de-trial-debuta-en-el-mundial-outdoor-este-proximo-fin-de-semana\\\/#primaryimage\",\"url\":\"https:\\\/\\\/bxrepsol.s3.eu-west-1.amazonaws.com\\\/static\\\/2022\\\/08\\\/10042956\\\/629ce0270d9404.69671732.jpg\",\"contentUrl\":\"https:\\\/\\\/bxrepsol.s3.eu-west-1.amazonaws.com\\\/static\\\/2022\\\/08\\\/10042956\\\/629ce0270d9404.69671732.jpg\",\"width\":1280,\"height\":653},{\"@type\":\"BreadcrumbList\",\"@id\":\"https:\\\/\\\/www.boxrepsol.com\\\/es\\\/trial\\\/el-repsol-honda-team-de-trial-debuta-en-el-mundial-outdoor-este-proximo-fin-de-semana\\\/#breadcrumb\",\"itemListElement\":[{\"@type\":\"ListItem\",\"position\":1,\"name\":\"Home\",\"item\":\"https:\\\/\\\/www.boxrepsol.com\\\/es\\\/\"},{\"@type\":\"ListItem\",\"position\":2,\"name\":\"El Repsol Honda Team de Trial debuta en el Mundial Outdoor este pr\u00f3ximo fin de semana\"}]},{\"@type\":\"WebSite\",\"@id\":\"https:\\\/\\\/www.boxrepsol.com\\\/es\\\/#website\",\"url\":\"https:\\\/\\\/www.boxrepsol.com\\\/es\\\/\",\"name\":\"Box Repsol\",\"description\":\"Box Repsol Site\",\"publisher\":{\"@id\":\"https:\\\/\\\/www.boxrepsol.com\\\/es\\\/#organization\"},\"potentialAction\":[{\"@type\":\"SearchAction\",\"target\":{\"@type\":\"EntryPoint\",\"urlTemplate\":\"https:\\\/\\\/www.boxrepsol.com\\\/es\\\/?s={search_term_string}\"},\"query-input\":{\"@type\":\"PropertyValueSpecification\",\"valueRequired\":true,\"valueName\":\"search_term_string\"}}],\"inLanguage\":\"es\"},{\"@type\":\"Organization\",\"@id\":\"https:\\\/\\\/www.boxrepsol.com\\\/es\\\/#organization\",\"name\":\"Box Repsol\",\"url\":\"https:\\\/\\\/www.boxrepsol.com\\\/es\\\/\",\"logo\":{\"@type\":\"ImageObject\",\"inLanguage\":\"es\",\"@id\":\"https:\\\/\\\/www.boxrepsol.com\\\/es\\\/#\\\/schema\\\/logo\\\/image\\\/\",\"url\":\"https:\\\/\\\/bxrepsol.s3.eu-west-1.amazonaws.com\\\/static\\\/2025\\\/07\\\/30083337\\\/favicon-96x96-1.png\",\"contentUrl\":\"https:\\\/\\\/bxrepsol.s3.eu-west-1.amazonaws.com\\\/static\\\/2025\\\/07\\\/30083337\\\/favicon-96x96-1.png\",\"width\":96,\"height\":96,\"caption\":\"Box Repsol\"},\"image\":{\"@id\":\"https:\\\/\\\/www.boxrepsol.com\\\/es\\\/#\\\/schema\\\/logo\\\/image\\\/\"},\"sameAs\":[\"https:\\\/\\\/www.facebook.com\\\/BoxRepsol\",\"https:\\\/\\\/x.com\\\/box_repsol\",\"http:\\\/\\\/instagram.com\\\/box_repsol\",\"https:\\\/\\\/www.youtube.com\\\/user\\\/RepsolCompeticion\",\"https:\\\/\\\/www.flickr.com\\\/photos\\\/box_repsol\\\/\"]},{\"@type\":\"Person\",\"@id\":\"https:\\\/\\\/www.boxrepsol.com\\\/es\\\/#\\\/schema\\\/person\\\/c5c2138f2cca251b0ad92b7086bb60b7\",\"name\":\"Redacci\u00f3n Box Repsol\",\"image\":{\"@type\":\"ImageObject\",\"inLanguage\":\"es\",\"@id\":\"https:\\\/\\\/secure.gravatar.com\\\/avatar\\\/adf7b77e38b4419baf32c7e9c21dde01f4e40df611f0978e3006fc4ba0aaab7e?s=96&d=mm&r=g\",\"url\":\"https:\\\/\\\/secure.gravatar.com\\\/avatar\\\/adf7b77e38b4419baf32c7e9c21dde01f4e40df611f0978e3006fc4ba0aaab7e?s=96&d=mm&r=g\",\"contentUrl\":\"https:\\\/\\\/secure.gravatar.com\\\/avatar\\\/adf7b77e38b4419baf32c7e9c21dde01f4e40df611f0978e3006fc4ba0aaab7e?s=96&d=mm&r=g\",\"caption\":\"Redacci\u00f3n Box Repsol\"},\"description\":\"Box Repsol lo forma un equipo de periodistas, community managers, dise\u00f1adores y fot\u00f3grafos con m\u00e1s de 20 a\u00f1os de experiencia en el mundo del motorsport. Hemos vivido el primer mundial de un espa\u00f1ol en la categor\u00eda reina de motociclismo con \u00c1lex Crivill\u00e9, estuvimos en las victorias de Pedrosa y los t\u00edtulos de M\u00e1rquez, acompa\u00f1amos en \u00c1frica a Nani Roma y Marc Coma en sus conquistas del Dakar y hemos vibrado con los t\u00edtulos de Toni Bou en Trial. Adem\u00e1s, en nuestro equipo contamos con expertos en el mundo de las dos y cuatro ruedas tanto de la calle y las carreteras, como de los circuitos. Periodistas que han trabajado en revistas y publicaciones para hacerte llegar desde rutas y consejos de mantenimiento, a curiosidades y trucos de pilotaje.\",\"sameAs\":[\"https:\\\/\\\/www.facebook.com\\\/BoxRepsol\\\/\",\"https:\\\/\\\/www.instagram.com\\\/box_repsol\\\/\",\"https:\\\/\\\/x.com\\\/https:\\\/\\\/twitter.com\\\/box_repsol\",\"https:\\\/\\\/www.youtube.com\\\/@Boxrepsol\"],\"url\":\"https:\\\/\\\/www.boxrepsol.com\\\/es\\\/author\\\/redaccion-box-repsol\\\/\"}]}<\/script>\n<!-- \/ Yoast SEO plugin. -->","yoast_head_json":{"title":"El Repsol Honda Team de Trial debuta en el Mundial Outdoor este pr\u00f3ximo fin de semana - Box Repsol","description":"El Repsol Honda Team de Trial debuta en el Mundial Outdoor este pr\u00f3ximo fin de semana. Sigue de cerca el inicio de esta temporada.","canonical":"https:\/\/www.boxrepsol.com\/es\/trial\/el-repsol-honda-team-de-trial-debuta-en-el-mundial-outdoor-este-proximo-fin-de-semana\/","og_locale":"es_ES","og_type":"article","og_title":"El Repsol Honda Team de Trial debuta en el Mundial Outdoor este pr\u00f3ximo fin de semana - Box Repsol","og_description":"El Repsol Honda Team de Trial debuta en el Mundial Outdoor este pr\u00f3ximo fin de semana. Sigue de cerca el inicio de esta temporada.","og_url":"https:\/\/www.boxrepsol.com\/es\/trial\/el-repsol-honda-team-de-trial-debuta-en-el-mundial-outdoor-este-proximo-fin-de-semana\/","og_site_name":"Box Repsol","article_publisher":"https:\/\/www.facebook.com\/BoxRepsol","article_author":"https:\/\/www.facebook.com\/BoxRepsol\/","article_published_time":"2022-06-07T02:00:00+00:00","article_modified_time":"2024-04-09T08:50:19+00:00","og_image":[{"width":1280,"height":653,"url":"https:\/\/bxrepsol.s3.eu-west-1.amazonaws.com\/static\/2022\/08\/10042956\/629ce0270d9404.69671732.jpg","type":"image\/jpeg"}],"author":"Redacci\u00f3n Box Repsol","twitter_card":"summary_large_image","twitter_creator":"@https:\/\/twitter.com\/box_repsol","twitter_site":"@box_repsol","twitter_misc":{"Written by":"Redacci\u00f3n Box Repsol","Est. reading time":"3 minutos"},"schema":{"@context":"https:\/\/schema.org","@graph":[{"@type":"Article","@id":"https:\/\/www.boxrepsol.com\/es\/trial\/el-repsol-honda-team-de-trial-debuta-en-el-mundial-outdoor-este-proximo-fin-de-semana\/#article","isPartOf":{"@id":"https:\/\/www.boxrepsol.com\/es\/trial\/el-repsol-honda-team-de-trial-debuta-en-el-mundial-outdoor-este-proximo-fin-de-semana\/"},"author":{"name":"Redacci\u00f3n Box Repsol","@id":"https:\/\/www.boxrepsol.com\/es\/#\/schema\/person\/c5c2138f2cca251b0ad92b7086bb60b7"},"headline":"El Repsol Honda Team de Trial debuta en el Mundial Outdoor este pr\u00f3ximo fin de semana","datePublished":"2022-06-07T02:00:00+00:00","dateModified":"2024-04-09T08:50:19+00:00","mainEntityOfPage":{"@id":"https:\/\/www.boxrepsol.com\/es\/trial\/el-repsol-honda-team-de-trial-debuta-en-el-mundial-outdoor-este-proximo-fin-de-semana\/"},"wordCount":661,"commentCount":0,"publisher":{"@id":"https:\/\/www.boxrepsol.com\/es\/#organization"},"image":{"@id":"https:\/\/www.boxrepsol.com\/es\/trial\/el-repsol-honda-team-de-trial-debuta-en-el-mundial-outdoor-este-proximo-fin-de-semana\/#primaryimage"},"thumbnailUrl":"https:\/\/bxrepsol.s3.eu-west-1.amazonaws.com\/static\/2022\/08\/10042956\/629ce0270d9404.69671732.jpg","keywords":["2022","Gabri Marcelli","Toni Bou"],"articleSection":["Trial"],"inLanguage":"es","potentialAction":[{"@type":"CommentAction","name":"Comment","target":["https:\/\/www.boxrepsol.com\/es\/trial\/el-repsol-honda-team-de-trial-debuta-en-el-mundial-outdoor-este-proximo-fin-de-semana\/#respond"]}]},{"@type":"WebPage","@id":"https:\/\/www.boxrepsol.com\/es\/trial\/el-repsol-honda-team-de-trial-debuta-en-el-mundial-outdoor-este-proximo-fin-de-semana\/","url":"https:\/\/www.boxrepsol.com\/es\/trial\/el-repsol-honda-team-de-trial-debuta-en-el-mundial-outdoor-este-proximo-fin-de-semana\/","name":"El Repsol Honda Team de Trial debuta en el Mundial Outdoor este pr\u00f3ximo fin de semana - Box Repsol","isPartOf":{"@id":"https:\/\/www.boxrepsol.com\/es\/#website"},"primaryImageOfPage":{"@id":"https:\/\/www.boxrepsol.com\/es\/trial\/el-repsol-honda-team-de-trial-debuta-en-el-mundial-outdoor-este-proximo-fin-de-semana\/#primaryimage"},"image":{"@id":"https:\/\/www.boxrepsol.com\/es\/trial\/el-repsol-honda-team-de-trial-debuta-en-el-mundial-outdoor-este-proximo-fin-de-semana\/#primaryimage"},"thumbnailUrl":"https:\/\/bxrepsol.s3.eu-west-1.amazonaws.com\/static\/2022\/08\/10042956\/629ce0270d9404.69671732.jpg","datePublished":"2022-06-07T02:00:00+00:00","dateModified":"2024-04-09T08:50:19+00:00","description":"El Repsol Honda Team de Trial debuta en el Mundial Outdoor este pr\u00f3ximo fin de semana. Sigue de cerca el inicio de esta temporada.","breadcrumb":{"@id":"https:\/\/www.boxrepsol.com\/es\/trial\/el-repsol-honda-team-de-trial-debuta-en-el-mundial-outdoor-este-proximo-fin-de-semana\/#breadcrumb"},"inLanguage":"es","potentialAction":[{"@type":"ReadAction","target":["https:\/\/www.boxrepsol.com\/es\/trial\/el-repsol-honda-team-de-trial-debuta-en-el-mundial-outdoor-este-proximo-fin-de-semana\/"]}]},{"@type":"ImageObject","inLanguage":"es","@id":"https:\/\/www.boxrepsol.com\/es\/trial\/el-repsol-honda-team-de-trial-debuta-en-el-mundial-outdoor-este-proximo-fin-de-semana\/#primaryimage","url":"https:\/\/bxrepsol.s3.eu-west-1.amazonaws.com\/static\/2022\/08\/10042956\/629ce0270d9404.69671732.jpg","contentUrl":"https:\/\/bxrepsol.s3.eu-west-1.amazonaws.com\/static\/2022\/08\/10042956\/629ce0270d9404.69671732.jpg","width":1280,"height":653},{"@type":"BreadcrumbList","@id":"https:\/\/www.boxrepsol.com\/es\/trial\/el-repsol-honda-team-de-trial-debuta-en-el-mundial-outdoor-este-proximo-fin-de-semana\/#breadcrumb","itemListElement":[{"@type":"ListItem","position":1,"name":"Home","item":"https:\/\/www.boxrepsol.com\/es\/"},{"@type":"ListItem","position":2,"name":"El Repsol Honda Team de Trial debuta en el Mundial Outdoor este pr\u00f3ximo fin de semana"}]},{"@type":"WebSite","@id":"https:\/\/www.boxrepsol.com\/es\/#website","url":"https:\/\/www.boxrepsol.com\/es\/","name":"Box Repsol","description":"Box Repsol Site","publisher":{"@id":"https:\/\/www.boxrepsol.com\/es\/#organization"},"potentialAction":[{"@type":"SearchAction","target":{"@type":"EntryPoint","urlTemplate":"https:\/\/www.boxrepsol.com\/es\/?s={search_term_string}"},"query-input":{"@type":"PropertyValueSpecification","valueRequired":true,"valueName":"search_term_string"}}],"inLanguage":"es"},{"@type":"Organization","@id":"https:\/\/www.boxrepsol.com\/es\/#organization","name":"Box Repsol","url":"https:\/\/www.boxrepsol.com\/es\/","logo":{"@type":"ImageObject","inLanguage":"es","@id":"https:\/\/www.boxrepsol.com\/es\/#\/schema\/logo\/image\/","url":"https:\/\/bxrepsol.s3.eu-west-1.amazonaws.com\/static\/2025\/07\/30083337\/favicon-96x96-1.png","contentUrl":"https:\/\/bxrepsol.s3.eu-west-1.amazonaws.com\/static\/2025\/07\/30083337\/favicon-96x96-1.png","width":96,"height":96,"caption":"Box Repsol"},"image":{"@id":"https:\/\/www.boxrepsol.com\/es\/#\/schema\/logo\/image\/"},"sameAs":["https:\/\/www.facebook.com\/BoxRepsol","https:\/\/x.com\/box_repsol","http:\/\/instagram.com\/box_repsol","https:\/\/www.youtube.com\/user\/RepsolCompeticion","https:\/\/www.flickr.com\/photos\/box_repsol\/"]},{"@type":"Person","@id":"https:\/\/www.boxrepsol.com\/es\/#\/schema\/person\/c5c2138f2cca251b0ad92b7086bb60b7","name":"Redacci\u00f3n Box Repsol","image":{"@type":"ImageObject","inLanguage":"es","@id":"https:\/\/secure.gravatar.com\/avatar\/adf7b77e38b4419baf32c7e9c21dde01f4e40df611f0978e3006fc4ba0aaab7e?s=96&d=mm&r=g","url":"https:\/\/secure.gravatar.com\/avatar\/adf7b77e38b4419baf32c7e9c21dde01f4e40df611f0978e3006fc4ba0aaab7e?s=96&d=mm&r=g","contentUrl":"https:\/\/secure.gravatar.com\/avatar\/adf7b77e38b4419baf32c7e9c21dde01f4e40df611f0978e3006fc4ba0aaab7e?s=96&d=mm&r=g","caption":"Redacci\u00f3n Box Repsol"},"description":"Box Repsol lo forma un equipo de periodistas, community managers, dise\u00f1adores y fot\u00f3grafos con m\u00e1s de 20 a\u00f1os de experiencia en el mundo del motorsport. Hemos vivido el primer mundial de un espa\u00f1ol en la categor\u00eda reina de motociclismo con \u00c1lex Crivill\u00e9, estuvimos en las victorias de Pedrosa y los t\u00edtulos de M\u00e1rquez, acompa\u00f1amos en \u00c1frica a Nani Roma y Marc Coma en sus conquistas del Dakar y hemos vibrado con los t\u00edtulos de Toni Bou en Trial. Adem\u00e1s, en nuestro equipo contamos con expertos en el mundo de las dos y cuatro ruedas tanto de la calle y las carreteras, como de los circuitos. Periodistas que han trabajado en revistas y publicaciones para hacerte llegar desde rutas y consejos de mantenimiento, a curiosidades y trucos de pilotaje.","sameAs":["https:\/\/www.facebook.com\/BoxRepsol\/","https:\/\/www.instagram.com\/box_repsol\/","https:\/\/x.com\/https:\/\/twitter.com\/box_repsol","https:\/\/www.youtube.com\/@Boxrepsol"],"url":"https:\/\/www.boxrepsol.com\/es\/author\/redaccion-box-repsol\/"}]}},"_links":{"self":[{"href":"https:\/\/www.boxrepsol.com\/es\/wp-json\/wp\/v2\/posts\/95385","targetHints":{"allow":["GET"]}}],"collection":[{"href":"https:\/\/www.boxrepsol.com\/es\/wp-json\/wp\/v2\/posts"}],"about":[{"href":"https:\/\/www.boxrepsol.com\/es\/wp-json\/wp\/v2\/types\/post"}],"author":[{"embeddable":true,"href":"https:\/\/www.boxrepsol.com\/es\/wp-json\/wp\/v2\/users\/43146"}],"replies":[{"embeddable":true,"href":"https:\/\/www.boxrepsol.com\/es\/wp-json\/wp\/v2\/comments?post=95385"}],"version-history":[{"count":2,"href":"https:\/\/www.boxrepsol.com\/es\/wp-json\/wp\/v2\/posts\/95385\/revisions"}],"predecessor-version":[{"id":109482,"href":"https:\/\/www.boxrepsol.com\/es\/wp-json\/wp\/v2\/posts\/95385\/revisions\/109482"}],"wp:featuredmedia":[{"embeddable":true,"href":"https:\/\/www.boxrepsol.com\/es\/wp-json\/wp\/v2\/media\/46272"}],"wp:attachment":[{"href":"https:\/\/www.boxrepsol.com\/es\/wp-json\/wp\/v2\/media?parent=95385"}],"wp:term":[{"taxonomy":"category","embeddable":true,"href":"https:\/\/www.boxrepsol.com\/es\/wp-json\/wp\/v2\/categories?post=95385"},{"taxonomy":"post_tag","embeddable":true,"href":"https:\/\/www.boxrepsol.com\/es\/wp-json\/wp\/v2\/tags?post=95385"}],"curies":[{"name":"wp","href":"https:\/\/api.w.org\/{rel}","templated":true}]}}