{"id":95383,"date":"2022-06-06T00:00:00","date_gmt":"2022-06-06T02:00:00","guid":{"rendered":"http:\/\/pre.boxrepsol.com\/sin-categorizar\/espargaro-y-bradl-realizan-un-productivo-test-en-barcelona\/"},"modified":"2024-04-09T06:50:42","modified_gmt":"2024-04-09T08:50:42","slug":"espargaro-y-bradl-realizan-un-productivo-test-en-barcelona","status":"publish","type":"post","link":"https:\/\/www.boxrepsol.com\/es\/motogp\/espargaro-y-bradl-realizan-un-productivo-test-en-barcelona\/","title":{"rendered":"Espargar\u00f3 y Bradl realizan un productivo test en Barcelona"},"content":{"rendered":"<p>Despu\u00e9s del complicado fin de semana, <strong>Pol Espargar\u00f3<\/strong> ha realizado hoy un impresionante trabajo con Honda HRC para entender mejor la RC213V de 2022. Completando un total de 88 vueltas -413 kil\u00f3metros-, el dorsal 44 de MotoGP ha obtenido junto al equipo e ingenieros una gran cantidad de datos. Este test tambi\u00e9n ha &nbsp;permitido a <strong>Espargar\u00f3<\/strong> trabajar con una serie de componentes, incluyendo varias opciones aerodin\u00e1micas y un nuevo chasis. Espargar\u00f3 ha sido capaz de encontrar el ritmo que hab\u00eda mostrado al principio del fin de semana, terminando el d\u00eda como el quinto piloto m\u00e1s r\u00e1pido con un mejor tiempo de 1 minuto, 39 segundos y 688 mil\u00e9simas.<\/p>\n<p>En el otro lado del box del equipo Repsol Honda, <strong>Stefan Bradl<\/strong> ha completado satisfactoriamente el plan de pruebas del d\u00eda. Un total de 53 vueltas han permitido al piloto de HRC realizar todas las pruebas que su equipo ten\u00eda programadas, finalizando su trabajo en la pista alrededor de las 15:00 horas. Tras su ca\u00edda del domingo, Bradl ha experimentado algunas molestias durante el test. Un mejor tiempo de 1 minuto, 40 segundos y 474 mil\u00e9simas han situado a Bradl al final del d\u00eda en la decimos\u00e9ptima posici\u00f3n.<\/p>\n<p>Ahora, tanto Espargar\u00f3 como Bradl podr\u00e1n seguir con su trabajo de preparaci\u00f3n f\u00edsica &nbsp;tras el accidentado GP de Catalu\u00f1a, con la vista puesta en el GP de Alemania, que se disputar\u00e1 el 19 de junio.<\/p>\n<p><a href=\"https:\/\/bxrepsol.s3.eu-west-1.amazonaws.com\/static\/2022\/08\/05100019\/http___repsolmedia.com_repsolmedia_wp-content_uploads_2022_06_JRB7689-scaled-1.jpg\" data-index=\"0\"><br \/>\n<img decoding=\"async\" src=\"https:\/\/bxrepsol.s3.eu-west-1.amazonaws.com\/static\/2022\/08\/05100019\/http___repsolmedia.com_repsolmedia_wp-content_uploads_2022_06_JRB7689-scaled-1.jpg\" srcset=\"https:\/\/bxrepsol.s3.eu-west-1.amazonaws.com\/static\/2022\/08\/05100019\/http___repsolmedia.com_repsolmedia_wp-content_uploads_2022_06_JRB7689-scaled-1.jpg 2560w, https:\/\/bxrepsol.s3.eu-west-1.amazonaws.com\/static\/2022\/08\/05100019\/http___repsolmedia.com_repsolmedia_wp-content_uploads_2022_06_JRB7689-scaled-1.jpg 1280w, https:\/\/bxrepsol.s3.eu-west-1.amazonaws.com\/static\/2022\/08\/05100019\/http___repsolmedia.com_repsolmedia_wp-content_uploads_2022_06_JRB7689-scaled-1.jpg 900w, https:\/\/bxrepsol.s3.eu-west-1.amazonaws.com\/static\/2022\/08\/05100019\/http___repsolmedia.com_repsolmedia_wp-content_uploads_2022_06_JRB7689-scaled-1.jpg 600w, https:\/\/bxrepsol.s3.eu-west-1.amazonaws.com\/static\/2022\/08\/05100019\/http___repsolmedia.com_repsolmedia_wp-content_uploads_2022_06_JRB7689-scaled-1.jpg 480w, https:\/\/bxrepsol.s3.eu-west-1.amazonaws.com\/static\/2022\/08\/05100019\/http___repsolmedia.com_repsolmedia_wp-content_uploads_2022_06_JRB7689-scaled-1.jpg 32w\" title=\"http___repsolmedia.com_repsolmedia_wp-content_uploads_2022_06_JRB7689-scaled\" alt=\"\" data-title=\"\"><br \/>\n<\/a><br \/>\n<a href=\"https:\/\/bxrepsol.s3.eu-west-1.amazonaws.com\/static\/2022\/08\/05100022\/http___repsolmedia.com_repsolmedia_wp-content_uploads_2022_06_JRB4633-scaled-1.jpg\" data-index=\"1\"><br \/>\n<img decoding=\"async\" src=\"https:\/\/bxrepsol.s3.eu-west-1.amazonaws.com\/static\/2022\/08\/05100022\/http___repsolmedia.com_repsolmedia_wp-content_uploads_2022_06_JRB4633-scaled-1.jpg\" srcset=\"https:\/\/bxrepsol.s3.eu-west-1.amazonaws.com\/static\/2022\/08\/05100022\/http___repsolmedia.com_repsolmedia_wp-content_uploads_2022_06_JRB4633-scaled-1.jpg 2560w, https:\/\/bxrepsol.s3.eu-west-1.amazonaws.com\/static\/2022\/08\/05100022\/http___repsolmedia.com_repsolmedia_wp-content_uploads_2022_06_JRB4633-scaled-1.jpg 1280w, https:\/\/bxrepsol.s3.eu-west-1.amazonaws.com\/static\/2022\/08\/05100022\/http___repsolmedia.com_repsolmedia_wp-content_uploads_2022_06_JRB4633-scaled-1.jpg 900w, https:\/\/bxrepsol.s3.eu-west-1.amazonaws.com\/static\/2022\/08\/05100022\/http___repsolmedia.com_repsolmedia_wp-content_uploads_2022_06_JRB4633-scaled-1.jpg 600w, https:\/\/bxrepsol.s3.eu-west-1.amazonaws.com\/static\/2022\/08\/05100022\/http___repsolmedia.com_repsolmedia_wp-content_uploads_2022_06_JRB4633-scaled-1.jpg 480w, https:\/\/bxrepsol.s3.eu-west-1.amazonaws.com\/static\/2022\/08\/05100022\/http___repsolmedia.com_repsolmedia_wp-content_uploads_2022_06_JRB4633-scaled-1.jpg 32w\" title=\"http___repsolmedia.com_repsolmedia_wp-content_uploads_2022_06_JRB4633-scaled\" alt=\"\" data-title=\"\"><br \/>\n<\/a><br \/>\n<a href=\"https:\/\/bxrepsol.s3.eu-west-1.amazonaws.com\/static\/2022\/08\/05100025\/http___repsolmedia.com_repsolmedia_wp-content_uploads_2022_06_JRB1259-scaled-1.jpg\" data-index=\"2\"><br \/>\n<img decoding=\"async\" src=\"https:\/\/bxrepsol.s3.eu-west-1.amazonaws.com\/static\/2022\/08\/05100025\/http___repsolmedia.com_repsolmedia_wp-content_uploads_2022_06_JRB1259-scaled-1.jpg\" srcset=\"https:\/\/bxrepsol.s3.eu-west-1.amazonaws.com\/static\/2022\/08\/05100025\/http___repsolmedia.com_repsolmedia_wp-content_uploads_2022_06_JRB1259-scaled-1.jpg 2560w, https:\/\/bxrepsol.s3.eu-west-1.amazonaws.com\/static\/2022\/08\/05100025\/http___repsolmedia.com_repsolmedia_wp-content_uploads_2022_06_JRB1259-scaled-1.jpg 1280w, https:\/\/bxrepsol.s3.eu-west-1.amazonaws.com\/static\/2022\/08\/05100025\/http___repsolmedia.com_repsolmedia_wp-content_uploads_2022_06_JRB1259-scaled-1.jpg 900w, https:\/\/bxrepsol.s3.eu-west-1.amazonaws.com\/static\/2022\/08\/05100025\/http___repsolmedia.com_repsolmedia_wp-content_uploads_2022_06_JRB1259-scaled-1.jpg 600w, https:\/\/bxrepsol.s3.eu-west-1.amazonaws.com\/static\/2022\/08\/05100025\/http___repsolmedia.com_repsolmedia_wp-content_uploads_2022_06_JRB1259-scaled-1.jpg 480w, https:\/\/bxrepsol.s3.eu-west-1.amazonaws.com\/static\/2022\/08\/05100025\/http___repsolmedia.com_repsolmedia_wp-content_uploads_2022_06_JRB1259-scaled-1.jpg 32w\" title=\"http___repsolmedia.com_repsolmedia_wp-content_uploads_2022_06_JRB1259-scaled\" alt=\"\" data-title=\"\"><br \/>\n<\/a><br \/>\n<a href=\"https:\/\/bxrepsol.s3.eu-west-1.amazonaws.com\/static\/2022\/08\/05100027\/http___repsolmedia.com_repsolmedia_wp-content_uploads_2022_06_JRB0807-scaled-1.jpg\" data-index=\"3\"><br \/>\n<img decoding=\"async\" src=\"https:\/\/bxrepsol.s3.eu-west-1.amazonaws.com\/static\/2022\/08\/05100027\/http___repsolmedia.com_repsolmedia_wp-content_uploads_2022_06_JRB0807-scaled-1.jpg\" srcset=\"https:\/\/bxrepsol.s3.eu-west-1.amazonaws.com\/static\/2022\/08\/05100027\/http___repsolmedia.com_repsolmedia_wp-content_uploads_2022_06_JRB0807-scaled-1.jpg 2560w, https:\/\/bxrepsol.s3.eu-west-1.amazonaws.com\/static\/2022\/08\/05100027\/http___repsolmedia.com_repsolmedia_wp-content_uploads_2022_06_JRB0807-scaled-1.jpg 1280w, https:\/\/bxrepsol.s3.eu-west-1.amazonaws.com\/static\/2022\/08\/05100027\/http___repsolmedia.com_repsolmedia_wp-content_uploads_2022_06_JRB0807-scaled-1.jpg 900w, https:\/\/bxrepsol.s3.eu-west-1.amazonaws.com\/static\/2022\/08\/05100027\/http___repsolmedia.com_repsolmedia_wp-content_uploads_2022_06_JRB0807-scaled-1.jpg 600w, https:\/\/bxrepsol.s3.eu-west-1.amazonaws.com\/static\/2022\/08\/05100027\/http___repsolmedia.com_repsolmedia_wp-content_uploads_2022_06_JRB0807-scaled-1.jpg 480w, https:\/\/bxrepsol.s3.eu-west-1.amazonaws.com\/static\/2022\/08\/05100027\/http___repsolmedia.com_repsolmedia_wp-content_uploads_2022_06_JRB0807-scaled-1.jpg 32w\" title=\"http___repsolmedia.com_repsolmedia_wp-content_uploads_2022_06_JRB0807-scaled\" alt=\"\" data-title=\"\"><br \/>\n<\/a><br \/>\n<a href=\"https:\/\/bxrepsol.s3.eu-west-1.amazonaws.com\/static\/2022\/08\/05100030\/http___repsolmedia.com_repsolmedia_wp-content_uploads_2022_06_JRB7706-scaled-1.jpg\" data-index=\"4\"><br \/>\n<img decoding=\"async\" src=\"https:\/\/bxrepsol.s3.eu-west-1.amazonaws.com\/static\/2022\/08\/05100030\/http___repsolmedia.com_repsolmedia_wp-content_uploads_2022_06_JRB7706-scaled-1.jpg\" srcset=\"https:\/\/bxrepsol.s3.eu-west-1.amazonaws.com\/static\/2022\/08\/05100030\/http___repsolmedia.com_repsolmedia_wp-content_uploads_2022_06_JRB7706-scaled-1.jpg 2560w, https:\/\/bxrepsol.s3.eu-west-1.amazonaws.com\/static\/2022\/08\/05100030\/http___repsolmedia.com_repsolmedia_wp-content_uploads_2022_06_JRB7706-scaled-1.jpg 1280w, https:\/\/bxrepsol.s3.eu-west-1.amazonaws.com\/static\/2022\/08\/05100030\/http___repsolmedia.com_repsolmedia_wp-content_uploads_2022_06_JRB7706-scaled-1.jpg 900w, https:\/\/bxrepsol.s3.eu-west-1.amazonaws.com\/static\/2022\/08\/05100030\/http___repsolmedia.com_repsolmedia_wp-content_uploads_2022_06_JRB7706-scaled-1.jpg 600w, https:\/\/bxrepsol.s3.eu-west-1.amazonaws.com\/static\/2022\/08\/05100030\/http___repsolmedia.com_repsolmedia_wp-content_uploads_2022_06_JRB7706-scaled-1.jpg 480w, https:\/\/bxrepsol.s3.eu-west-1.amazonaws.com\/static\/2022\/08\/05100030\/http___repsolmedia.com_repsolmedia_wp-content_uploads_2022_06_JRB7706-scaled-1.jpg 32w\" title=\"http___repsolmedia.com_repsolmedia_wp-content_uploads_2022_06_JRB7706-scaled\" alt=\"\" data-title=\"\"><br \/>\n<\/a><br \/>\n<button data-glide-dir=\"<\"><br \/>\n<svg role=\"img\" viewBox=\"0 0 256 512\">\n                <path fill=\"currentColor\" d=\"M238.475 475.535l7.071-7.07c4.686-4.686 4.686-12.284 0-16.971L50.053 256 245.546 60.506c4.686-4.686 4.686-12.284 0-16.971l-7.071-7.07c-4.686-4.686-12.284-4.686-16.97 0L10.454 247.515c-4.686 4.686-4.686 12.284 0 16.971l211.051 211.05c4.686 4.686 12.284 4.686 16.97-.001z\"><\/path>\n            <\/svg><br \/>\n<\/button><br \/>\n<button data-glide-dir=\">\u00ab><br \/>\n<svg role=\"img\" viewBox=\"0 0 256 512\">\n                <path fill=\"currentColor\" d=\"M17.525 36.465l-7.071 7.07c-4.686 4.686-4.686 12.284 0 16.971L205.947 256 10.454 451.494c-4.686 4.686-4.686 12.284 0 16.971l7.071 7.07c4.686 4.686 12.284 4.686 16.97 0l211.051-211.05c4.686-4.686 4.686-12.284 0-16.971L34.495 36.465c-4.686-4.687-12.284-4.687-16.97 0z\"><\/path>\n            <\/svg><br \/>\n<\/button><\/p>\n<p><strong>Declaraciones<\/strong><\/p>\n<p><a href=\"https:\/\/twitter.com\/hashtag\/POL44?src=hashtag_click\">#POL44<\/a><\/p>\n<p>\u00abHoy ha sido un d\u00eda muy ajetreado en el que hemos dado casi 90 vueltas y he probado muchas cosas. Las pruebas incluyen un chasis, basculante, algo de aerodin\u00e1mica y otras piezas para confirmar algunos puntos. Un d\u00eda de pruebas no es suficiente porque siempre queremos m\u00e1s, pero por ahora es bueno y aceptamos lo que hemos hecho. Esperemos que lo de hoy nos ayude en las pr\u00f3ximas carreras con peque\u00f1os y consistentes pasos adelante\u00bb.<\/p>\n<p><a href=\"https:\/\/twitter.com\/hashtag\/SB6?src=hashtag_click\">#SB6<\/a><\/p>\n<p>\u00abMi condici\u00f3n f\u00edsica hoy no ha sido muy buena; el hombro todav\u00eda me dol\u00eda un poco. En general, ha sido un buen test y hemos podido hacer todo lo que necesit\u00e1bamos. Hoy hemos hecho algunas pruebas para dar a los ingenieros m\u00e1s informaci\u00f3n para el futuro. Tambi\u00e9n hemos realizado algunas pruebas con neum\u00e1ticos para Michelin. Ha sido un verdadero d\u00eda de trabajo\u00bb.<\/p>\n","protected":false},"excerpt":{"rendered":"<p>Los pilotos del equipo Repsol Honda han salido a pista a primera hora de la ma\u00f1ana con el objetivo de completar m\u00e1s kil\u00f3metros y obtener datos valiosos. La pareja ha hecho una larga, pero importante, jornada de test tras el GP de Catalu\u00f1a.<\/p>\n","protected":false},"author":43146,"featured_media":46258,"comment_status":"open","ping_status":"open","sticky":false,"template":"","format":"standard","meta":{"footnotes":""},"categories":[4],"tags":[120,132,128],"class_list":["post-95383","post","type-post","status-publish","format-standard","hentry","category-motogp","tag-120","tag-motogp-catalunya","tag-pol-espargaro"],"yoast_head":"<!-- This site is optimized with the Yoast SEO plugin v27.3 - https:\/\/yoast.com\/product\/yoast-seo-wordpress\/ -->\n<title>Espargar\u00f3 y Bradl realizan un productivo test en Barcelona - Box Repsol<\/title>\n<meta name=\"description\" content=\"Espargaro y Bradl realizan un productivo test en Barcelona. Descubre c\u00f3mo los pilotos del equipo Repsol Honda se preparan en Box Repsol.\" \/>\n<link rel=\"canonical\" href=\"https:\/\/www.boxrepsol.com\/es\/motogp\/espargaro-y-bradl-realizan-un-productivo-test-en-barcelona\/\" \/>\n<meta property=\"og:locale\" content=\"es_ES\" \/>\n<meta property=\"og:type\" content=\"article\" \/>\n<meta property=\"og:title\" content=\"Espargar\u00f3 y Bradl realizan un productivo test en Barcelona - Box Repsol\" \/>\n<meta property=\"og:description\" content=\"Espargaro y Bradl realizan un productivo test en Barcelona. Descubre c\u00f3mo los pilotos del equipo Repsol Honda se preparan en Box Repsol.\" \/>\n<meta property=\"og:url\" content=\"https:\/\/www.boxrepsol.com\/es\/motogp\/espargaro-y-bradl-realizan-un-productivo-test-en-barcelona\/\" \/>\n<meta property=\"og:site_name\" content=\"Box Repsol\" \/>\n<meta property=\"article:publisher\" content=\"https:\/\/www.facebook.com\/BoxRepsol\" \/>\n<meta property=\"article:author\" content=\"https:\/\/www.facebook.com\/BoxRepsol\/\" \/>\n<meta property=\"article:published_time\" content=\"2022-06-06T02:00:00+00:00\" \/>\n<meta property=\"article:modified_time\" content=\"2024-04-09T08:50:42+00:00\" \/>\n<meta property=\"og:image\" content=\"https:\/\/bxrepsol.s3.eu-west-1.amazonaws.com\/static\/2022\/08\/10042938\/http___repsolmedia.com_repsolmedia_wp-content_uploads_2022_06_JRB6543-scaled-1.jpg\" \/>\n\t<meta property=\"og:image:width\" content=\"1280\" \/>\n\t<meta property=\"og:image:height\" content=\"600\" \/>\n\t<meta property=\"og:image:type\" content=\"image\/jpeg\" \/>\n<meta name=\"author\" content=\"Redacci\u00f3n Box Repsol\" \/>\n<meta name=\"twitter:card\" content=\"summary_large_image\" \/>\n<meta name=\"twitter:creator\" content=\"@https:\/\/twitter.com\/box_repsol\" \/>\n<meta name=\"twitter:site\" content=\"@box_repsol\" \/>\n<meta name=\"twitter:label1\" content=\"Written by\" \/>\n\t<meta name=\"twitter:data1\" content=\"Redacci\u00f3n Box Repsol\" \/>\n\t<meta name=\"twitter:label2\" content=\"Est. reading time\" \/>\n\t<meta name=\"twitter:data2\" content=\"2 minutos\" \/>\n<script type=\"application\/ld+json\" class=\"yoast-schema-graph\">{\"@context\":\"https:\\\/\\\/schema.org\",\"@graph\":[{\"@type\":\"Article\",\"@id\":\"https:\\\/\\\/www.boxrepsol.com\\\/es\\\/motogp\\\/espargaro-y-bradl-realizan-un-productivo-test-en-barcelona\\\/#article\",\"isPartOf\":{\"@id\":\"https:\\\/\\\/www.boxrepsol.com\\\/es\\\/motogp\\\/espargaro-y-bradl-realizan-un-productivo-test-en-barcelona\\\/\"},\"author\":{\"name\":\"Redacci\u00f3n Box Repsol\",\"@id\":\"https:\\\/\\\/www.boxrepsol.com\\\/es\\\/#\\\/schema\\\/person\\\/c5c2138f2cca251b0ad92b7086bb60b7\"},\"headline\":\"Espargar\u00f3 y Bradl realizan un productivo test en Barcelona\",\"datePublished\":\"2022-06-06T02:00:00+00:00\",\"dateModified\":\"2024-04-09T08:50:42+00:00\",\"mainEntityOfPage\":{\"@id\":\"https:\\\/\\\/www.boxrepsol.com\\\/es\\\/motogp\\\/espargaro-y-bradl-realizan-un-productivo-test-en-barcelona\\\/\"},\"wordCount\":406,\"commentCount\":0,\"publisher\":{\"@id\":\"https:\\\/\\\/www.boxrepsol.com\\\/es\\\/#organization\"},\"image\":{\"@id\":\"https:\\\/\\\/www.boxrepsol.com\\\/es\\\/motogp\\\/espargaro-y-bradl-realizan-un-productivo-test-en-barcelona\\\/#primaryimage\"},\"thumbnailUrl\":\"https:\\\/\\\/bxrepsol.s3.eu-west-1.amazonaws.com\\\/static\\\/2022\\\/08\\\/10042938\\\/http___repsolmedia.com_repsolmedia_wp-content_uploads_2022_06_JRB6543-scaled-1.jpg\",\"keywords\":[\"2022\",\"MotoGP Catalunya\",\"Pol Espargar\u00f3\"],\"articleSection\":[\"MotoGP\"],\"inLanguage\":\"es\",\"potentialAction\":[{\"@type\":\"CommentAction\",\"name\":\"Comment\",\"target\":[\"https:\\\/\\\/www.boxrepsol.com\\\/es\\\/motogp\\\/espargaro-y-bradl-realizan-un-productivo-test-en-barcelona\\\/#respond\"]}]},{\"@type\":\"WebPage\",\"@id\":\"https:\\\/\\\/www.boxrepsol.com\\\/es\\\/motogp\\\/espargaro-y-bradl-realizan-un-productivo-test-en-barcelona\\\/\",\"url\":\"https:\\\/\\\/www.boxrepsol.com\\\/es\\\/motogp\\\/espargaro-y-bradl-realizan-un-productivo-test-en-barcelona\\\/\",\"name\":\"Espargar\u00f3 y Bradl realizan un productivo test en Barcelona - Box Repsol\",\"isPartOf\":{\"@id\":\"https:\\\/\\\/www.boxrepsol.com\\\/es\\\/#website\"},\"primaryImageOfPage\":{\"@id\":\"https:\\\/\\\/www.boxrepsol.com\\\/es\\\/motogp\\\/espargaro-y-bradl-realizan-un-productivo-test-en-barcelona\\\/#primaryimage\"},\"image\":{\"@id\":\"https:\\\/\\\/www.boxrepsol.com\\\/es\\\/motogp\\\/espargaro-y-bradl-realizan-un-productivo-test-en-barcelona\\\/#primaryimage\"},\"thumbnailUrl\":\"https:\\\/\\\/bxrepsol.s3.eu-west-1.amazonaws.com\\\/static\\\/2022\\\/08\\\/10042938\\\/http___repsolmedia.com_repsolmedia_wp-content_uploads_2022_06_JRB6543-scaled-1.jpg\",\"datePublished\":\"2022-06-06T02:00:00+00:00\",\"dateModified\":\"2024-04-09T08:50:42+00:00\",\"description\":\"Espargaro y Bradl realizan un productivo test en Barcelona. Descubre c\u00f3mo los pilotos del equipo Repsol Honda se preparan en Box Repsol.\",\"breadcrumb\":{\"@id\":\"https:\\\/\\\/www.boxrepsol.com\\\/es\\\/motogp\\\/espargaro-y-bradl-realizan-un-productivo-test-en-barcelona\\\/#breadcrumb\"},\"inLanguage\":\"es\",\"potentialAction\":[{\"@type\":\"ReadAction\",\"target\":[\"https:\\\/\\\/www.boxrepsol.com\\\/es\\\/motogp\\\/espargaro-y-bradl-realizan-un-productivo-test-en-barcelona\\\/\"]}]},{\"@type\":\"ImageObject\",\"inLanguage\":\"es\",\"@id\":\"https:\\\/\\\/www.boxrepsol.com\\\/es\\\/motogp\\\/espargaro-y-bradl-realizan-un-productivo-test-en-barcelona\\\/#primaryimage\",\"url\":\"https:\\\/\\\/bxrepsol.s3.eu-west-1.amazonaws.com\\\/static\\\/2022\\\/08\\\/10042938\\\/http___repsolmedia.com_repsolmedia_wp-content_uploads_2022_06_JRB6543-scaled-1.jpg\",\"contentUrl\":\"https:\\\/\\\/bxrepsol.s3.eu-west-1.amazonaws.com\\\/static\\\/2022\\\/08\\\/10042938\\\/http___repsolmedia.com_repsolmedia_wp-content_uploads_2022_06_JRB6543-scaled-1.jpg\",\"width\":1280,\"height\":600},{\"@type\":\"BreadcrumbList\",\"@id\":\"https:\\\/\\\/www.boxrepsol.com\\\/es\\\/motogp\\\/espargaro-y-bradl-realizan-un-productivo-test-en-barcelona\\\/#breadcrumb\",\"itemListElement\":[{\"@type\":\"ListItem\",\"position\":1,\"name\":\"Home\",\"item\":\"https:\\\/\\\/www.boxrepsol.com\\\/es\\\/\"},{\"@type\":\"ListItem\",\"position\":2,\"name\":\"Espargar\u00f3 y Bradl realizan un productivo test en Barcelona\"}]},{\"@type\":\"WebSite\",\"@id\":\"https:\\\/\\\/www.boxrepsol.com\\\/es\\\/#website\",\"url\":\"https:\\\/\\\/www.boxrepsol.com\\\/es\\\/\",\"name\":\"Box Repsol\",\"description\":\"Box Repsol Site\",\"publisher\":{\"@id\":\"https:\\\/\\\/www.boxrepsol.com\\\/es\\\/#organization\"},\"potentialAction\":[{\"@type\":\"SearchAction\",\"target\":{\"@type\":\"EntryPoint\",\"urlTemplate\":\"https:\\\/\\\/www.boxrepsol.com\\\/es\\\/?s={search_term_string}\"},\"query-input\":{\"@type\":\"PropertyValueSpecification\",\"valueRequired\":true,\"valueName\":\"search_term_string\"}}],\"inLanguage\":\"es\"},{\"@type\":\"Organization\",\"@id\":\"https:\\\/\\\/www.boxrepsol.com\\\/es\\\/#organization\",\"name\":\"Box Repsol\",\"url\":\"https:\\\/\\\/www.boxrepsol.com\\\/es\\\/\",\"logo\":{\"@type\":\"ImageObject\",\"inLanguage\":\"es\",\"@id\":\"https:\\\/\\\/www.boxrepsol.com\\\/es\\\/#\\\/schema\\\/logo\\\/image\\\/\",\"url\":\"https:\\\/\\\/bxrepsol.s3.eu-west-1.amazonaws.com\\\/static\\\/2025\\\/07\\\/30083337\\\/favicon-96x96-1.png\",\"contentUrl\":\"https:\\\/\\\/bxrepsol.s3.eu-west-1.amazonaws.com\\\/static\\\/2025\\\/07\\\/30083337\\\/favicon-96x96-1.png\",\"width\":96,\"height\":96,\"caption\":\"Box Repsol\"},\"image\":{\"@id\":\"https:\\\/\\\/www.boxrepsol.com\\\/es\\\/#\\\/schema\\\/logo\\\/image\\\/\"},\"sameAs\":[\"https:\\\/\\\/www.facebook.com\\\/BoxRepsol\",\"https:\\\/\\\/x.com\\\/box_repsol\",\"http:\\\/\\\/instagram.com\\\/box_repsol\",\"https:\\\/\\\/www.youtube.com\\\/user\\\/RepsolCompeticion\",\"https:\\\/\\\/www.flickr.com\\\/photos\\\/box_repsol\\\/\"]},{\"@type\":\"Person\",\"@id\":\"https:\\\/\\\/www.boxrepsol.com\\\/es\\\/#\\\/schema\\\/person\\\/c5c2138f2cca251b0ad92b7086bb60b7\",\"name\":\"Redacci\u00f3n Box Repsol\",\"image\":{\"@type\":\"ImageObject\",\"inLanguage\":\"es\",\"@id\":\"https:\\\/\\\/secure.gravatar.com\\\/avatar\\\/adf7b77e38b4419baf32c7e9c21dde01f4e40df611f0978e3006fc4ba0aaab7e?s=96&d=mm&r=g\",\"url\":\"https:\\\/\\\/secure.gravatar.com\\\/avatar\\\/adf7b77e38b4419baf32c7e9c21dde01f4e40df611f0978e3006fc4ba0aaab7e?s=96&d=mm&r=g\",\"contentUrl\":\"https:\\\/\\\/secure.gravatar.com\\\/avatar\\\/adf7b77e38b4419baf32c7e9c21dde01f4e40df611f0978e3006fc4ba0aaab7e?s=96&d=mm&r=g\",\"caption\":\"Redacci\u00f3n Box Repsol\"},\"description\":\"Box Repsol lo forma un equipo de periodistas, community managers, dise\u00f1adores y fot\u00f3grafos con m\u00e1s de 20 a\u00f1os de experiencia en el mundo del motorsport. Hemos vivido el primer mundial de un espa\u00f1ol en la categor\u00eda reina de motociclismo con \u00c1lex Crivill\u00e9, estuvimos en las victorias de Pedrosa y los t\u00edtulos de M\u00e1rquez, acompa\u00f1amos en \u00c1frica a Nani Roma y Marc Coma en sus conquistas del Dakar y hemos vibrado con los t\u00edtulos de Toni Bou en Trial. Adem\u00e1s, en nuestro equipo contamos con expertos en el mundo de las dos y cuatro ruedas tanto de la calle y las carreteras, como de los circuitos. Periodistas que han trabajado en revistas y publicaciones para hacerte llegar desde rutas y consejos de mantenimiento, a curiosidades y trucos de pilotaje.\",\"sameAs\":[\"https:\\\/\\\/www.facebook.com\\\/BoxRepsol\\\/\",\"https:\\\/\\\/www.instagram.com\\\/box_repsol\\\/\",\"https:\\\/\\\/x.com\\\/https:\\\/\\\/twitter.com\\\/box_repsol\",\"https:\\\/\\\/www.youtube.com\\\/@Boxrepsol\"],\"url\":\"https:\\\/\\\/www.boxrepsol.com\\\/es\\\/author\\\/redaccion-box-repsol\\\/\"}]}<\/script>\n<!-- \/ Yoast SEO plugin. -->","yoast_head_json":{"title":"Espargar\u00f3 y Bradl realizan un productivo test en Barcelona - Box Repsol","description":"Espargaro y Bradl realizan un productivo test en Barcelona. Descubre c\u00f3mo los pilotos del equipo Repsol Honda se preparan en Box Repsol.","canonical":"https:\/\/www.boxrepsol.com\/es\/motogp\/espargaro-y-bradl-realizan-un-productivo-test-en-barcelona\/","og_locale":"es_ES","og_type":"article","og_title":"Espargar\u00f3 y Bradl realizan un productivo test en Barcelona - Box Repsol","og_description":"Espargaro y Bradl realizan un productivo test en Barcelona. Descubre c\u00f3mo los pilotos del equipo Repsol Honda se preparan en Box Repsol.","og_url":"https:\/\/www.boxrepsol.com\/es\/motogp\/espargaro-y-bradl-realizan-un-productivo-test-en-barcelona\/","og_site_name":"Box Repsol","article_publisher":"https:\/\/www.facebook.com\/BoxRepsol","article_author":"https:\/\/www.facebook.com\/BoxRepsol\/","article_published_time":"2022-06-06T02:00:00+00:00","article_modified_time":"2024-04-09T08:50:42+00:00","og_image":[{"width":1280,"height":600,"url":"https:\/\/bxrepsol.s3.eu-west-1.amazonaws.com\/static\/2022\/08\/10042938\/http___repsolmedia.com_repsolmedia_wp-content_uploads_2022_06_JRB6543-scaled-1.jpg","type":"image\/jpeg"}],"author":"Redacci\u00f3n Box Repsol","twitter_card":"summary_large_image","twitter_creator":"@https:\/\/twitter.com\/box_repsol","twitter_site":"@box_repsol","twitter_misc":{"Written by":"Redacci\u00f3n Box Repsol","Est. reading time":"2 minutos"},"schema":{"@context":"https:\/\/schema.org","@graph":[{"@type":"Article","@id":"https:\/\/www.boxrepsol.com\/es\/motogp\/espargaro-y-bradl-realizan-un-productivo-test-en-barcelona\/#article","isPartOf":{"@id":"https:\/\/www.boxrepsol.com\/es\/motogp\/espargaro-y-bradl-realizan-un-productivo-test-en-barcelona\/"},"author":{"name":"Redacci\u00f3n Box Repsol","@id":"https:\/\/www.boxrepsol.com\/es\/#\/schema\/person\/c5c2138f2cca251b0ad92b7086bb60b7"},"headline":"Espargar\u00f3 y Bradl realizan un productivo test en Barcelona","datePublished":"2022-06-06T02:00:00+00:00","dateModified":"2024-04-09T08:50:42+00:00","mainEntityOfPage":{"@id":"https:\/\/www.boxrepsol.com\/es\/motogp\/espargaro-y-bradl-realizan-un-productivo-test-en-barcelona\/"},"wordCount":406,"commentCount":0,"publisher":{"@id":"https:\/\/www.boxrepsol.com\/es\/#organization"},"image":{"@id":"https:\/\/www.boxrepsol.com\/es\/motogp\/espargaro-y-bradl-realizan-un-productivo-test-en-barcelona\/#primaryimage"},"thumbnailUrl":"https:\/\/bxrepsol.s3.eu-west-1.amazonaws.com\/static\/2022\/08\/10042938\/http___repsolmedia.com_repsolmedia_wp-content_uploads_2022_06_JRB6543-scaled-1.jpg","keywords":["2022","MotoGP Catalunya","Pol Espargar\u00f3"],"articleSection":["MotoGP"],"inLanguage":"es","potentialAction":[{"@type":"CommentAction","name":"Comment","target":["https:\/\/www.boxrepsol.com\/es\/motogp\/espargaro-y-bradl-realizan-un-productivo-test-en-barcelona\/#respond"]}]},{"@type":"WebPage","@id":"https:\/\/www.boxrepsol.com\/es\/motogp\/espargaro-y-bradl-realizan-un-productivo-test-en-barcelona\/","url":"https:\/\/www.boxrepsol.com\/es\/motogp\/espargaro-y-bradl-realizan-un-productivo-test-en-barcelona\/","name":"Espargar\u00f3 y Bradl realizan un productivo test en Barcelona - Box Repsol","isPartOf":{"@id":"https:\/\/www.boxrepsol.com\/es\/#website"},"primaryImageOfPage":{"@id":"https:\/\/www.boxrepsol.com\/es\/motogp\/espargaro-y-bradl-realizan-un-productivo-test-en-barcelona\/#primaryimage"},"image":{"@id":"https:\/\/www.boxrepsol.com\/es\/motogp\/espargaro-y-bradl-realizan-un-productivo-test-en-barcelona\/#primaryimage"},"thumbnailUrl":"https:\/\/bxrepsol.s3.eu-west-1.amazonaws.com\/static\/2022\/08\/10042938\/http___repsolmedia.com_repsolmedia_wp-content_uploads_2022_06_JRB6543-scaled-1.jpg","datePublished":"2022-06-06T02:00:00+00:00","dateModified":"2024-04-09T08:50:42+00:00","description":"Espargaro y Bradl realizan un productivo test en Barcelona. Descubre c\u00f3mo los pilotos del equipo Repsol Honda se preparan en Box Repsol.","breadcrumb":{"@id":"https:\/\/www.boxrepsol.com\/es\/motogp\/espargaro-y-bradl-realizan-un-productivo-test-en-barcelona\/#breadcrumb"},"inLanguage":"es","potentialAction":[{"@type":"ReadAction","target":["https:\/\/www.boxrepsol.com\/es\/motogp\/espargaro-y-bradl-realizan-un-productivo-test-en-barcelona\/"]}]},{"@type":"ImageObject","inLanguage":"es","@id":"https:\/\/www.boxrepsol.com\/es\/motogp\/espargaro-y-bradl-realizan-un-productivo-test-en-barcelona\/#primaryimage","url":"https:\/\/bxrepsol.s3.eu-west-1.amazonaws.com\/static\/2022\/08\/10042938\/http___repsolmedia.com_repsolmedia_wp-content_uploads_2022_06_JRB6543-scaled-1.jpg","contentUrl":"https:\/\/bxrepsol.s3.eu-west-1.amazonaws.com\/static\/2022\/08\/10042938\/http___repsolmedia.com_repsolmedia_wp-content_uploads_2022_06_JRB6543-scaled-1.jpg","width":1280,"height":600},{"@type":"BreadcrumbList","@id":"https:\/\/www.boxrepsol.com\/es\/motogp\/espargaro-y-bradl-realizan-un-productivo-test-en-barcelona\/#breadcrumb","itemListElement":[{"@type":"ListItem","position":1,"name":"Home","item":"https:\/\/www.boxrepsol.com\/es\/"},{"@type":"ListItem","position":2,"name":"Espargar\u00f3 y Bradl realizan un productivo test en Barcelona"}]},{"@type":"WebSite","@id":"https:\/\/www.boxrepsol.com\/es\/#website","url":"https:\/\/www.boxrepsol.com\/es\/","name":"Box Repsol","description":"Box Repsol Site","publisher":{"@id":"https:\/\/www.boxrepsol.com\/es\/#organization"},"potentialAction":[{"@type":"SearchAction","target":{"@type":"EntryPoint","urlTemplate":"https:\/\/www.boxrepsol.com\/es\/?s={search_term_string}"},"query-input":{"@type":"PropertyValueSpecification","valueRequired":true,"valueName":"search_term_string"}}],"inLanguage":"es"},{"@type":"Organization","@id":"https:\/\/www.boxrepsol.com\/es\/#organization","name":"Box Repsol","url":"https:\/\/www.boxrepsol.com\/es\/","logo":{"@type":"ImageObject","inLanguage":"es","@id":"https:\/\/www.boxrepsol.com\/es\/#\/schema\/logo\/image\/","url":"https:\/\/bxrepsol.s3.eu-west-1.amazonaws.com\/static\/2025\/07\/30083337\/favicon-96x96-1.png","contentUrl":"https:\/\/bxrepsol.s3.eu-west-1.amazonaws.com\/static\/2025\/07\/30083337\/favicon-96x96-1.png","width":96,"height":96,"caption":"Box Repsol"},"image":{"@id":"https:\/\/www.boxrepsol.com\/es\/#\/schema\/logo\/image\/"},"sameAs":["https:\/\/www.facebook.com\/BoxRepsol","https:\/\/x.com\/box_repsol","http:\/\/instagram.com\/box_repsol","https:\/\/www.youtube.com\/user\/RepsolCompeticion","https:\/\/www.flickr.com\/photos\/box_repsol\/"]},{"@type":"Person","@id":"https:\/\/www.boxrepsol.com\/es\/#\/schema\/person\/c5c2138f2cca251b0ad92b7086bb60b7","name":"Redacci\u00f3n Box Repsol","image":{"@type":"ImageObject","inLanguage":"es","@id":"https:\/\/secure.gravatar.com\/avatar\/adf7b77e38b4419baf32c7e9c21dde01f4e40df611f0978e3006fc4ba0aaab7e?s=96&d=mm&r=g","url":"https:\/\/secure.gravatar.com\/avatar\/adf7b77e38b4419baf32c7e9c21dde01f4e40df611f0978e3006fc4ba0aaab7e?s=96&d=mm&r=g","contentUrl":"https:\/\/secure.gravatar.com\/avatar\/adf7b77e38b4419baf32c7e9c21dde01f4e40df611f0978e3006fc4ba0aaab7e?s=96&d=mm&r=g","caption":"Redacci\u00f3n Box Repsol"},"description":"Box Repsol lo forma un equipo de periodistas, community managers, dise\u00f1adores y fot\u00f3grafos con m\u00e1s de 20 a\u00f1os de experiencia en el mundo del motorsport. Hemos vivido el primer mundial de un espa\u00f1ol en la categor\u00eda reina de motociclismo con \u00c1lex Crivill\u00e9, estuvimos en las victorias de Pedrosa y los t\u00edtulos de M\u00e1rquez, acompa\u00f1amos en \u00c1frica a Nani Roma y Marc Coma en sus conquistas del Dakar y hemos vibrado con los t\u00edtulos de Toni Bou en Trial. Adem\u00e1s, en nuestro equipo contamos con expertos en el mundo de las dos y cuatro ruedas tanto de la calle y las carreteras, como de los circuitos. Periodistas que han trabajado en revistas y publicaciones para hacerte llegar desde rutas y consejos de mantenimiento, a curiosidades y trucos de pilotaje.","sameAs":["https:\/\/www.facebook.com\/BoxRepsol\/","https:\/\/www.instagram.com\/box_repsol\/","https:\/\/x.com\/https:\/\/twitter.com\/box_repsol","https:\/\/www.youtube.com\/@Boxrepsol"],"url":"https:\/\/www.boxrepsol.com\/es\/author\/redaccion-box-repsol\/"}]}},"_links":{"self":[{"href":"https:\/\/www.boxrepsol.com\/es\/wp-json\/wp\/v2\/posts\/95383","targetHints":{"allow":["GET"]}}],"collection":[{"href":"https:\/\/www.boxrepsol.com\/es\/wp-json\/wp\/v2\/posts"}],"about":[{"href":"https:\/\/www.boxrepsol.com\/es\/wp-json\/wp\/v2\/types\/post"}],"author":[{"embeddable":true,"href":"https:\/\/www.boxrepsol.com\/es\/wp-json\/wp\/v2\/users\/43146"}],"replies":[{"embeddable":true,"href":"https:\/\/www.boxrepsol.com\/es\/wp-json\/wp\/v2\/comments?post=95383"}],"version-history":[{"count":2,"href":"https:\/\/www.boxrepsol.com\/es\/wp-json\/wp\/v2\/posts\/95383\/revisions"}],"predecessor-version":[{"id":109477,"href":"https:\/\/www.boxrepsol.com\/es\/wp-json\/wp\/v2\/posts\/95383\/revisions\/109477"}],"wp:featuredmedia":[{"embeddable":true,"href":"https:\/\/www.boxrepsol.com\/es\/wp-json\/wp\/v2\/media\/46258"}],"wp:attachment":[{"href":"https:\/\/www.boxrepsol.com\/es\/wp-json\/wp\/v2\/media?parent=95383"}],"wp:term":[{"taxonomy":"category","embeddable":true,"href":"https:\/\/www.boxrepsol.com\/es\/wp-json\/wp\/v2\/categories?post=95383"},{"taxonomy":"post_tag","embeddable":true,"href":"https:\/\/www.boxrepsol.com\/es\/wp-json\/wp\/v2\/tags?post=95383"}],"curies":[{"name":"wp","href":"https:\/\/api.w.org\/{rel}","templated":true}]}}