{"id":95370,"date":"2022-05-30T00:00:00","date_gmt":"2022-05-30T02:00:00","guid":{"rendered":"http:\/\/pre.boxrepsol.com\/sin-categorizar\/luces-antiniebla-para-motos-como-y-cuando-utilizarlas\/"},"modified":"2024-03-25T09:48:03","modified_gmt":"2024-03-25T11:48:03","slug":"luces-antiniebla-para-motos-como-y-cuando-utilizarlas","status":"publish","type":"post","link":"https:\/\/www.boxrepsol.com\/es\/vive-tu-moto\/luces-antiniebla-para-motos-como-y-cuando-utilizarlas\/","title":{"rendered":"Luces antiniebla para motos: \u00bfc\u00f3mo y cu\u00e1ndo utilizarlas?"},"content":{"rendered":"<p><span style=\"font-weight: 400;\">Antes de entrar en materia queremos aclararte que <\/span><b>las luces antiniebla de moto no son obligatorias en Espa\u00f1a<\/b><span style=\"font-weight: 400;\">. Pero que no sean obligatorias como equipamiento de serie no implica que no puedas usarlas para mejorar tu visibilidad.<\/span><\/p>\n<p><b><div id=\"ez-toc-container\" class=\"ez-toc-v2_0_82_2 counter-hierarchy ez-toc-counter ez-toc-grey ez-toc-container-direction\">\n<div class=\"ez-toc-title-container\">\n<p class=\"ez-toc-title\" style=\"cursor:inherit\">\u00cdndice<\/p>\n<span class=\"ez-toc-title-toggle\"><a href=\"#\" class=\"ez-toc-pull-right ez-toc-btn ez-toc-btn-xs ez-toc-btn-default ez-toc-toggle\" aria-label=\"Toggle Table of Content\"><span class=\"ez-toc-js-icon-con\"><span class=\"\"><span class=\"eztoc-hide\" style=\"display:none;\">Toggle<\/span><span class=\"ez-toc-icon-toggle-span\"><svg style=\"fill: #999;color:#999\" xmlns=\"http:\/\/www.w3.org\/2000\/svg\" class=\"list-377408\" width=\"20px\" height=\"20px\" viewBox=\"0 0 24 24\" fill=\"none\"><path d=\"M6 6H4v2h2V6zm14 0H8v2h12V6zM4 11h2v2H4v-2zm16 0H8v2h12v-2zM4 16h2v2H4v-2zm16 0H8v2h12v-2z\" fill=\"currentColor\"><\/path><\/svg><svg style=\"fill: #999;color:#999\" class=\"arrow-unsorted-368013\" xmlns=\"http:\/\/www.w3.org\/2000\/svg\" width=\"10px\" height=\"10px\" viewBox=\"0 0 24 24\" version=\"1.2\" baseProfile=\"tiny\"><path d=\"M18.2 9.3l-6.2-6.3-6.2 6.3c-.2.2-.3.4-.3.7s.1.5.3.7c.2.2.4.3.7.3h11c.3 0 .5-.1.7-.3.2-.2.3-.5.3-.7s-.1-.5-.3-.7zM5.8 14.7l6.2 6.3 6.2-6.3c.2-.2.3-.5.3-.7s-.1-.5-.3-.7c-.2-.2-.4-.3-.7-.3h-11c-.3 0-.5.1-.7.3-.2.2-.3.5-.3.7s.1.5.3.7z\"\/><\/svg><\/span><\/span><\/span><\/a><\/span><\/div>\n<nav><ul class='ez-toc-list ez-toc-list-level-1 ' ><li class='ez-toc-page-1 ez-toc-heading-level-2'><a class=\"ez-toc-link ez-toc-heading-1\" href=\"https:\/\/www.boxrepsol.com\/es\/vive-tu-moto\/luces-antiniebla-para-motos-como-y-cuando-utilizarlas\/#%C2%BFUna_motocicleta_puede_llevar_instaladas_luces_antiniebla\" >\u00bfUna motocicleta puede llevar instaladas luces antiniebla?<\/a><ul class='ez-toc-list-level-3' ><li class='ez-toc-heading-level-3'><a class=\"ez-toc-link ez-toc-heading-2\" href=\"https:\/\/www.boxrepsol.com\/es\/vive-tu-moto\/luces-antiniebla-para-motos-como-y-cuando-utilizarlas\/#%C2%BFDe_que_color_son_las_luces_antiniebla_de_una_moto\" >\u00bfDe qu\u00e9 color son las luces antiniebla de una moto?<\/a><\/li><li class='ez-toc-page-1 ez-toc-heading-level-3'><a class=\"ez-toc-link ez-toc-heading-3\" href=\"https:\/\/www.boxrepsol.com\/es\/vive-tu-moto\/luces-antiniebla-para-motos-como-y-cuando-utilizarlas\/#%C2%BFComo_se_homologan_las_luces_antiniebla_de_una_motocicleta\" >\u00bfC\u00f3mo se homologan las luces antiniebla de una motocicleta?<\/a><\/li><\/ul><\/li><li class='ez-toc-page-1 ez-toc-heading-level-2'><a class=\"ez-toc-link ez-toc-heading-4\" href=\"https:\/\/www.boxrepsol.com\/es\/vive-tu-moto\/luces-antiniebla-para-motos-como-y-cuando-utilizarlas\/#Como_circular_en_moto_con_niebla\" >C\u00f3mo circular en moto con niebla<\/a><\/li><li class='ez-toc-page-1 ez-toc-heading-level-2'><a class=\"ez-toc-link ez-toc-heading-5\" href=\"https:\/\/www.boxrepsol.com\/es\/vive-tu-moto\/luces-antiniebla-para-motos-como-y-cuando-utilizarlas\/#%C2%BFCuando_esta_permitido_circular_en_moto_con_las_luces_antiniebla_encendidas\" >\u00bfCu\u00e1ndo est\u00e1 permitido circular en moto con las luces antiniebla encendidas?<\/a><\/li><li class='ez-toc-page-1 ez-toc-heading-level-2'><a class=\"ez-toc-link ez-toc-heading-6\" href=\"https:\/\/www.boxrepsol.com\/es\/vive-tu-moto\/luces-antiniebla-para-motos-como-y-cuando-utilizarlas\/#Instalacion_de_las_luces_antiniebla_delanteras_en_una_moto\" >Instalaci\u00f3n de las luces antiniebla delanteras en una moto<\/a><ul class='ez-toc-list-level-3' ><li class='ez-toc-heading-level-3'><a class=\"ez-toc-link ez-toc-heading-7\" href=\"https:\/\/www.boxrepsol.com\/es\/vive-tu-moto\/luces-antiniebla-para-motos-como-y-cuando-utilizarlas\/#%C2%BFComo_hay_que_instalar_las_luces_antiniebla_delanteras_en_una_moto\" >\u00bfC\u00f3mo hay que instalar las luces antiniebla delanteras en una moto?<\/a><\/li><\/ul><\/li><\/ul><\/nav><\/div>\n<\/b><\/p>\n<p><span style=\"font-weight: 400;\">M\u00e1s que nada porque este tipo de iluminaci\u00f3n se considera un aporte importante a la seguridad cuando se <\/span><a href=\"https:\/\/www.boxrepsol.com\/es\/vive-tu-moto\/pilotar-tu-moto-con-viento-lluvia-nieve\/\"><span style=\"font-weight: 400;\">circula en moto con condiciones climatol\u00f3gicas adversas<\/span><\/a><span style=\"font-weight: 400;\">,\u00a0<\/span><\/p>\n<p><span style=\"font-weight: 400;\">Por lo tanto, estamos ante una ayuda que nunca est\u00e1 de m\u00e1s.<\/span><\/p>\n<p><span style=\"font-weight: 400;\">De hecho, cada vez hay m\u00e1s motos que ofrecen la posibilidad de montar luces antiniebla como equipamiento opcional. El problema es que estos opcionales suelen estar catalogados como elementos <\/span><i><span style=\"font-weight: 400;\">premium<\/span><\/i><span style=\"font-weight: 400;\">. Y en las listas de precios se encuentran siempre entre las opciones m\u00e1s caras.<\/span><\/p>\n<p><img loading=\"lazy\" decoding=\"async\" src=\"https:\/\/bxrepsol.s3.eu-west-1.amazonaws.com\/static\/2022\/06\/02104554\/Foto-11-2.jpg\" alt=\"\" width=\"2400\" height=\"1600\" \/><\/p>\n<h2><span class=\"ez-toc-section\" id=\"%C2%BFUna_motocicleta_puede_llevar_instaladas_luces_antiniebla\"><\/span><b>\u00bfUna motocicleta puede llevar instaladas luces antiniebla?<\/b><span class=\"ez-toc-section-end\"><\/span><\/h2>\n<p><span style=\"font-weight: 400;\">La primera pregunta que se hacen muchos moteros es: \u00ab\u00bfuna motocicleta puede llevar instaladas luces antiniebla?\u00bb.<\/span><\/p>\n<p><span style=\"font-weight: 400;\">Pues para responder a esta cuesti\u00f3n conviene leer el art\u00edculo 17.2 del Real Decreto 2822\/1998, en el que se se\u00f1ala que una motocicleta \u00abpuede llevar\u00bb luz antiniebla delantera y luz antiniebla trasera.\u00a0<\/span><\/p>\n<p><span style=\"font-weight: 400;\">Esto quiere decir que <\/span><b>la legislaci\u00f3n espa\u00f1ola s\u00ed que permite las luces antiniebla en una moto<\/b><span style=\"font-weight: 400;\">.\u00a0<\/span><\/p>\n<p><span style=\"font-weight: 400;\">Ya has visto que pueden llevar las motocicletas la luz antiniebla delantera y trasera, aunque esto no quiere decir que sea obligatorio.\u00a0<\/span><\/p>\n<p><span style=\"font-weight: 400;\">Por esa raz\u00f3n, los fabricantes incluyen este equipamiento de seguridad como una opci\u00f3n y no como un elemento de serie.\u00a0<\/span><\/p>\n<h3><span class=\"ez-toc-section\" id=\"%C2%BFDe_que_color_son_las_luces_antiniebla_de_una_moto\"><\/span><b>\u00bfDe qu\u00e9 color son las luces antiniebla de una moto?<\/b><span class=\"ez-toc-section-end\"><\/span><\/h3>\n<p><span style=\"font-weight: 400;\">De acuerdo a la normativa actual, todas las motos debidamente autorizadas pueden llevar luz antiniebla en la parte delantera y trasera.\u00a0<\/span><\/p>\n<p><span style=\"font-weight: 400;\">En el caso de <\/span><b>la parte delantera est\u00e1 permitida la instalaci\u00f3n de uno o dos faros antinieblas que emitan luz de color blanco o amarillo<\/b><span style=\"font-weight: 400;\">, a excepci\u00f3n de los sidecares, en los que solo puede ser blanco.\u00a0<\/span><\/p>\n<p><span style=\"font-weight: 400;\">Las luces de color blanco tambi\u00e9n son llamadas auxiliares, de corto alcance o adicionales.\u00a0<\/span><\/p>\n<p><span style=\"font-weight: 400;\">En la parte trasera las motos tambi\u00e9n pueden montar uno o dos elementos luminosos, pero en su caso la luz que emitan debe de ser roja.\u00a0<\/span><\/p>\n<p><span style=\"font-weight: 400;\">Al respecto hay que se\u00f1alar que muy pocas motos incorporan luz antiniebla trasera.\u00a0<\/span><\/p>\n<p><span style=\"font-weight: 400;\">Por supuesto, hoy en d\u00eda todos los faros antiniebla ya incluyen tecnolog\u00eda LED.<\/span><\/p>\n<h3><span class=\"ez-toc-section\" id=\"%C2%BFComo_se_homologan_las_luces_antiniebla_de_una_motocicleta\"><\/span><b>\u00bfC\u00f3mo se homologan las luces antiniebla de una motocicleta?<\/b><span class=\"ez-toc-section-end\"><\/span><\/h3>\n<p><span style=\"font-weight: 400;\">Todos los elementos que montes en una moto deben llevar la correspondiente marca de la homologaci\u00f3n europea.\u00a0<\/span><\/p>\n<p><span style=\"font-weight: 400;\">Adem\u00e1s, <\/span><b>las luces antiniebla siempre tienen que disponer de un bot\u00f3n de activaci\u00f3n independiente<\/b><span style=\"font-weight: 400;\"> del resto de interruptores de la moto.<\/span><\/p>\n<p><span style=\"font-weight: 400;\">Para homologar las luces antiniebla de tu moto hay que realizar un proceso administrativo similar al de otras reformas.\u00a0<\/span><\/p>\n<p><span style=\"font-weight: 400;\">Estos son los cuatro requisitos indispensables:<\/span><\/p>\n<ul>\n<li style=\"font-weight: 400;\" aria-level=\"1\"><span style=\"font-weight: 400;\">Copia del certificado de homologaci\u00f3n.<\/span><\/li>\n<li style=\"font-weight: 400;\" aria-level=\"1\"><span style=\"font-weight: 400;\">Informe de conformidad para verificar que la reforma efectuada cumple con las disposiciones legales del momento.<\/span><\/li>\n<li style=\"font-weight: 400;\" aria-level=\"1\"><span style=\"font-weight: 400;\">Informe del taller autorizado que ha efectuado la reforma, indicando en qu\u00e9 consiste la misma y certificando que cumple con la normativa vigente.<\/span><\/li>\n<li style=\"font-weight: 400;\" aria-level=\"1\"><span style=\"font-weight: 400;\">Anotar la normalizaci\u00f3n de la reforma en la tarjeta ITV o, lo que es lo mismo, <a href=\"https:\/\/www.boxrepsol.com\/es\/vive-tu-moto\/cuando-debe-pasar-una-moto-la-primera-itv\/\">\u201cpasar\u201d la ITV<\/a>.<\/span><\/li>\n<\/ul>\n<p><span style=\"font-weight: 400;\">Sin embargo, respecto a este tema, recuerda que en muchos casos, <\/span><b>cuando las luces antiniebla son consideradas por el fabricante como equipamientos opcionales, no es necesario pasar por todos estos tr\u00e1mites burocr\u00e1ticos<\/b><span style=\"font-weight: 400;\">.\u00a0<\/span><\/p>\n<p><span style=\"font-weight: 400;\">Esto es as\u00ed porque lo normal es que la marca de la moto ya haya homologado con anterioridad ese equipamiento opcional. En ese caso, es suficiente con instalarlas en un taller autorizado para poder utilizarlas legalmente y pasar la ITV sin problemas.\u00a0<\/span><\/p>\n<p><span style=\"font-weight: 400;\">Solo en el caso de que la marca no haya llevado a cabo la correspondiente homologaci\u00f3n previa, ser\u00e1 necesario realizar el correspondiente proceso administrativo para su homologaci\u00f3n, una vez instaladas las luces antiniebla de la motocicleta.\u00a0<\/span><\/p>\n<p><span style=\"font-weight: 400;\">De todos modos, si quieres salir de dudas, lo m\u00e1s adecuado es buscar asesoramiento por parte del fabricante, ya que cada marca tiene sus propias reglas al respecto. Incluso estas normas pueden variar en funci\u00f3n del modelo concreto de moto.<\/span><\/p>\n<h2><span class=\"ez-toc-section\" id=\"Como_circular_en_moto_con_niebla\"><\/span><b>C\u00f3mo circular en moto con niebla<\/b><span class=\"ez-toc-section-end\"><\/span><\/h2>\n<p><span style=\"font-weight: 400;\">El problema de la niebla no solo es que te impida ver bien la carretera, sino que adem\u00e1s hace que seas menos visible para el resto de usuarios de la v\u00eda.\u00a0<\/span><\/p>\n<p><span style=\"font-weight: 400;\">Por ese motivo, en situaciones de niebla muy espesa, lo m\u00e1s razonable es detener la marcha y apartarte fuera de la carretera para esperar a que la niebla se vaya disipando.\u00a0<\/span><\/p>\n<p><span style=\"font-weight: 400;\">Si tienes visibilidad suficiente como para continuar la marcha, lo que debes hacer es <\/span><b>reducir la velocidad y aumentar la distancia de seguridad<\/b><span style=\"font-weight: 400;\"> con el veh\u00edculo <\/span><span style=\"font-weight: 400;\">que te precede. De esta forma, tendr\u00e1s m\u00e1s capacidad de reacci\u00f3n en caso de que de pronto aparezca un obst\u00e1culo imprevisto.<\/span><\/p>\n<p><span style=\"font-weight: 400;\">Si no llevas en tu motocicleta luces antiniebla delanteras, puedes encender las luces de cruce. Pero nunca actives las luces largas porque con la niebla este tipo de faros producen deslumbramientos.<\/span><\/p>\n<p><span style=\"font-weight: 400;\">Si tampoco tienes faros antiniebla traseros, para ser m\u00e1s visible puedes activar las luces de emergencia y tocar ligeramente los frenos de vez en cuando para que los veh\u00edculos que te siguen vean tu luz de freno.<\/span><\/p>\n<h2><span class=\"ez-toc-section\" id=\"%C2%BFCuando_esta_permitido_circular_en_moto_con_las_luces_antiniebla_encendidas\"><\/span><strong>\u00bfCu\u00e1ndo est\u00e1 permitido circular en moto con las luces antiniebla encendidas?<\/strong><span class=\"ez-toc-section-end\"><\/span><\/h2>\n<p><span style=\"font-weight: 400;\">La normativa indica que las luces antiniebla delanteras pueden encenderse en casos diferentes a los de niebla.\u00a0<\/span><\/p>\n<p><span style=\"font-weight: 400;\">Estar\u00edamos hablando entonces de <\/span><b>utilizarlas en situaciones atmosf\u00e9ricas de poca visibilidad como nevadas, fuertes lluvias e incluso al atravesar nubes de polvo o de humo<\/b><span style=\"font-weight: 400;\">.<\/span><\/p>\n<p><span style=\"font-weight: 400;\">Por otro lado, y con independencia de las condiciones meteorol\u00f3gicas, las luces antiniebla delanteras pueden encenderse de noche en <\/span><a href=\"https:\/\/www.boxrepsol.com\/es\/vive-tu-moto\/las-mejores-carreteras-para-ir-en-moto-por-espana\/\"><span style=\"font-weight: 400;\">carreteras solitarias de monta\u00f1a en moto<\/span><\/a><span style=\"font-weight: 400;\">. Siempre que la calzada tenga una anchura inferior a 6,50 metros y que adem\u00e1s sea una zona con muchas curvas consecutivas.<\/span><\/p>\n<p><img loading=\"lazy\" decoding=\"async\" src=\"https:\/\/bxrepsol.s3.eu-west-1.amazonaws.com\/static\/2022\/06\/02104557\/Foto-42-2.jpg\" alt=\"\" width=\"1027\" height=\"840\" \/><\/p>\n<p><span style=\"font-weight: 400;\">En el caso de llevar luces antiniebla traseras, estas solo se podr\u00e1n encender cuando la niebla sea muy densa. As\u00ed podremos advertir de nuestra presencia a los veh\u00edculos que nos siguen. Y tambi\u00e9n les ayudaremos a que adivinen mejor el trazado de la carretera.<\/span><\/p>\n<p><span style=\"font-weight: 400;\">Las luces antiniebla delanteras y traseras deben apagarse en el momento en el que se recupere la correcta visibilidad, con el fin de no deslumbrar a los conductores de los veh\u00edculos que circulan en sentido contrario o a los que vienen detr\u00e1s de nosotros.<\/span><\/p>\n<p><span style=\"font-weight: 400;\">Utilizar de manera incorrecta las luces antiniebla, as\u00ed como la luz de cruce o de carretera, puede suponer una <strong>multa de 200 euros<\/strong>, aunque no conlleva p\u00e9rdida de puntos del permiso de conducir.<\/span><\/p>\n<h2><span class=\"ez-toc-section\" id=\"Instalacion_de_las_luces_antiniebla_delanteras_en_una_moto\"><\/span><b>Instalaci\u00f3n de las luces antiniebla delanteras en una moto<\/b><span class=\"ez-toc-section-end\"><\/span><\/h2>\n<h3><span class=\"ez-toc-section\" id=\"%C2%BFComo_hay_que_instalar_las_luces_antiniebla_delanteras_en_una_moto\"><\/span><strong>\u00bfC\u00f3mo hay que instalar las luces antiniebla delanteras en una moto?<\/strong><span class=\"ez-toc-section-end\"><\/span><\/h3>\n<p><span style=\"font-weight: 400;\">Las luces antiniebla delanteras deben instalarse siempre como un dispositivo de alumbrado adicional.\u00a0<\/span><\/p>\n<p><span style=\"font-weight: 400;\">En todas las ocasiones y circunstancias <\/span><b>se colocar\u00e1n debajo del grupo \u00f3ptico principal<\/b><span style=\"font-weight: 400;\">. <\/span><\/p>\n<p><span style=\"font-weight: 400;\">Si es un solo faro deber\u00e1 colocarse en el plano longitudinal medio de la moto; y si son dos, se deber\u00e1n instalar a ambos lados y de manera sim\u00e9trica al mencionado plano longitudinal medio.<\/span><\/p>\n<p><img loading=\"lazy\" decoding=\"async\" src=\"https:\/\/bxrepsol.s3.eu-west-1.amazonaws.com\/static\/2022\/06\/02104558\/Foto-52-2.jpg\" alt=\"\" width=\"1200\" height=\"800\" \/><\/p>\n<p><span style=\"font-weight: 400;\">Ya hemos comentado que si tu moto no ha sido homologada por el fabricante para montar luces antiniebla, hay que tener en cuenta que cualquier elemento, dispositivo o sistema independiente de alumbrado y se\u00f1alizaci\u00f3n est\u00e1 sujeto a las directrices marcadas en el <\/span><a href=\"https:\/\/www.aeca-itv.com\/wp-content\/uploads\/2021\/01\/ManualReformasVehiculosRev6Corr1.pdf\"><span style=\"font-weight: 400;\">Manual de Reformas de Veh\u00edculos<\/span><\/a><span style=\"font-weight: 400;\">.<\/span><\/p>\n<p><span style=\"font-weight: 400;\">Esto quiere decir que una vez colocadas las luces antiniebla en tu motocicleta, deber\u00e1s pasar una homologaci\u00f3n en la Inspecci\u00f3n T\u00e9cnica de Veh\u00edculos. El objetivo es certificar que las reformas realizadas cumplen con la normativa vigente y son seguras.\u00a0<\/span><\/p>\n<p><span style=\"font-weight: 400;\">Respecto a este tema, hay que tener en cuenta que por reforma se entiende \u00abtoda modificaci\u00f3n, sustituci\u00f3n, actuaci\u00f3n, incorporaci\u00f3n o supresi\u00f3n efectuada en un veh\u00edculo despu\u00e9s de su matriculaci\u00f3n, que o bien cambia alguna de las caracter\u00edsticas del mismo, o es susceptible de alterar los requisitos reglamentariamente aplicables contenidos en el Real Decreto 2028\/1986, de 6 de junio. Este t\u00e9rmino incluye cualquier actuaci\u00f3n que implique alguna modificaci\u00f3n de los datos que figuran en la tarjeta de ITV del veh\u00edculo\u00bb.<\/span><\/p>\n","protected":false},"excerpt":{"rendered":"<p>Las luces antiniebla son un accesorio opcional para tu moto, pero tambi\u00e9n permiten mejorar la seguridad cuando vayas por carretera. Descubre aqu\u00ed todo lo que necesitas saber sobre estas luces.<\/p>\n","protected":false},"author":41267,"featured_media":46161,"comment_status":"open","ping_status":"open","sticky":false,"template":"","format":"standard","meta":{"footnotes":""},"categories":[122],"tags":[131],"class_list":["post-95370","post","type-post","status-publish","format-standard","hentry","category-vive-tu-moto","tag-equipacion-y-accesorios-moto"],"yoast_head":"<!-- This site is optimized with the Yoast SEO plugin v27.3 - https:\/\/yoast.com\/product\/yoast-seo-wordpress\/ -->\n<title>Luces antiniebla para motos: \u00bfc\u00f3mo y cu\u00e1ndo utilizarlas? - Box Repsol<\/title>\n<meta name=\"description\" content=\"Te contamos todo sobre las luces antiniebla de tu moto. Un elemento de seguridad extra para cuando vayas por carretera.\" \/>\n<link rel=\"canonical\" href=\"https:\/\/www.boxrepsol.com\/es\/vive-tu-moto\/luces-antiniebla-para-motos-como-y-cuando-utilizarlas\/\" \/>\n<meta property=\"og:locale\" content=\"es_ES\" \/>\n<meta property=\"og:type\" content=\"article\" \/>\n<meta property=\"og:title\" content=\"Luces antiniebla para motos: \u00bfc\u00f3mo y cu\u00e1ndo utilizarlas? - Box Repsol\" \/>\n<meta property=\"og:description\" content=\"Te contamos todo sobre las luces antiniebla de tu moto. Un elemento de seguridad extra para cuando vayas por carretera.\" \/>\n<meta property=\"og:url\" content=\"https:\/\/www.boxrepsol.com\/es\/vive-tu-moto\/luces-antiniebla-para-motos-como-y-cuando-utilizarlas\/\" \/>\n<meta property=\"og:site_name\" content=\"Box Repsol\" \/>\n<meta property=\"article:publisher\" content=\"https:\/\/www.facebook.com\/BoxRepsol\" \/>\n<meta property=\"article:published_time\" content=\"2022-05-30T02:00:00+00:00\" \/>\n<meta property=\"article:modified_time\" content=\"2024-03-25T11:48:03+00:00\" \/>\n<meta property=\"og:image\" content=\"https:\/\/bxrepsol.s3.eu-west-1.amazonaws.com\/static\/2022\/08\/10042701\/Foto-apertura-1-1.jpg\" \/>\n\t<meta property=\"og:image:width\" content=\"1280\" \/>\n\t<meta property=\"og:image:height\" content=\"600\" \/>\n\t<meta property=\"og:image:type\" content=\"image\/jpeg\" \/>\n<meta name=\"author\" content=\"V\u00edctor Gancedo\" \/>\n<meta name=\"twitter:card\" content=\"summary_large_image\" \/>\n<meta name=\"twitter:creator\" content=\"@box_repsol\" \/>\n<meta name=\"twitter:site\" content=\"@box_repsol\" \/>\n<meta name=\"twitter:label1\" content=\"Written by\" \/>\n\t<meta name=\"twitter:data1\" content=\"V\u00edctor Gancedo\" \/>\n\t<meta name=\"twitter:label2\" content=\"Est. reading time\" \/>\n\t<meta name=\"twitter:data2\" content=\"7 minutos\" \/>\n<script type=\"application\/ld+json\" class=\"yoast-schema-graph\">{\"@context\":\"https:\\\/\\\/schema.org\",\"@graph\":[{\"@type\":\"Article\",\"@id\":\"https:\\\/\\\/www.boxrepsol.com\\\/es\\\/vive-tu-moto\\\/luces-antiniebla-para-motos-como-y-cuando-utilizarlas\\\/#article\",\"isPartOf\":{\"@id\":\"https:\\\/\\\/www.boxrepsol.com\\\/es\\\/vive-tu-moto\\\/luces-antiniebla-para-motos-como-y-cuando-utilizarlas\\\/\"},\"author\":{\"name\":\"V\u00edctor Gancedo\",\"@id\":\"https:\\\/\\\/www.boxrepsol.com\\\/es\\\/#\\\/schema\\\/person\\\/40c28bf318bbbe8fe3848b194b7385ca\"},\"headline\":\"Luces antiniebla para motos: \u00bfc\u00f3mo y cu\u00e1ndo utilizarlas?\",\"datePublished\":\"2022-05-30T02:00:00+00:00\",\"dateModified\":\"2024-03-25T11:48:03+00:00\",\"mainEntityOfPage\":{\"@id\":\"https:\\\/\\\/www.boxrepsol.com\\\/es\\\/vive-tu-moto\\\/luces-antiniebla-para-motos-como-y-cuando-utilizarlas\\\/\"},\"wordCount\":1386,\"commentCount\":0,\"publisher\":{\"@id\":\"https:\\\/\\\/www.boxrepsol.com\\\/es\\\/#organization\"},\"image\":{\"@id\":\"https:\\\/\\\/www.boxrepsol.com\\\/es\\\/vive-tu-moto\\\/luces-antiniebla-para-motos-como-y-cuando-utilizarlas\\\/#primaryimage\"},\"thumbnailUrl\":\"https:\\\/\\\/bxrepsol.s3.eu-west-1.amazonaws.com\\\/static\\\/2022\\\/08\\\/10042701\\\/Foto-apertura-1-1.jpg\",\"keywords\":[\"equipaci\u00f3n y accesorios moto\"],\"articleSection\":[\"Vive tu moto\"],\"inLanguage\":\"es\",\"potentialAction\":[{\"@type\":\"CommentAction\",\"name\":\"Comment\",\"target\":[\"https:\\\/\\\/www.boxrepsol.com\\\/es\\\/vive-tu-moto\\\/luces-antiniebla-para-motos-como-y-cuando-utilizarlas\\\/#respond\"]}]},{\"@type\":\"WebPage\",\"@id\":\"https:\\\/\\\/www.boxrepsol.com\\\/es\\\/vive-tu-moto\\\/luces-antiniebla-para-motos-como-y-cuando-utilizarlas\\\/\",\"url\":\"https:\\\/\\\/www.boxrepsol.com\\\/es\\\/vive-tu-moto\\\/luces-antiniebla-para-motos-como-y-cuando-utilizarlas\\\/\",\"name\":\"Luces antiniebla para motos: \u00bfc\u00f3mo y cu\u00e1ndo utilizarlas? - Box Repsol\",\"isPartOf\":{\"@id\":\"https:\\\/\\\/www.boxrepsol.com\\\/es\\\/#website\"},\"primaryImageOfPage\":{\"@id\":\"https:\\\/\\\/www.boxrepsol.com\\\/es\\\/vive-tu-moto\\\/luces-antiniebla-para-motos-como-y-cuando-utilizarlas\\\/#primaryimage\"},\"image\":{\"@id\":\"https:\\\/\\\/www.boxrepsol.com\\\/es\\\/vive-tu-moto\\\/luces-antiniebla-para-motos-como-y-cuando-utilizarlas\\\/#primaryimage\"},\"thumbnailUrl\":\"https:\\\/\\\/bxrepsol.s3.eu-west-1.amazonaws.com\\\/static\\\/2022\\\/08\\\/10042701\\\/Foto-apertura-1-1.jpg\",\"datePublished\":\"2022-05-30T02:00:00+00:00\",\"dateModified\":\"2024-03-25T11:48:03+00:00\",\"description\":\"Te contamos todo sobre las luces antiniebla de tu moto. Un elemento de seguridad extra para cuando vayas por carretera.\",\"breadcrumb\":{\"@id\":\"https:\\\/\\\/www.boxrepsol.com\\\/es\\\/vive-tu-moto\\\/luces-antiniebla-para-motos-como-y-cuando-utilizarlas\\\/#breadcrumb\"},\"inLanguage\":\"es\",\"potentialAction\":[{\"@type\":\"ReadAction\",\"target\":[\"https:\\\/\\\/www.boxrepsol.com\\\/es\\\/vive-tu-moto\\\/luces-antiniebla-para-motos-como-y-cuando-utilizarlas\\\/\"]}]},{\"@type\":\"ImageObject\",\"inLanguage\":\"es\",\"@id\":\"https:\\\/\\\/www.boxrepsol.com\\\/es\\\/vive-tu-moto\\\/luces-antiniebla-para-motos-como-y-cuando-utilizarlas\\\/#primaryimage\",\"url\":\"https:\\\/\\\/bxrepsol.s3.eu-west-1.amazonaws.com\\\/static\\\/2022\\\/08\\\/10042701\\\/Foto-apertura-1-1.jpg\",\"contentUrl\":\"https:\\\/\\\/bxrepsol.s3.eu-west-1.amazonaws.com\\\/static\\\/2022\\\/08\\\/10042701\\\/Foto-apertura-1-1.jpg\",\"width\":1280,\"height\":600,\"caption\":\"2018 NC750X\"},{\"@type\":\"BreadcrumbList\",\"@id\":\"https:\\\/\\\/www.boxrepsol.com\\\/es\\\/vive-tu-moto\\\/luces-antiniebla-para-motos-como-y-cuando-utilizarlas\\\/#breadcrumb\",\"itemListElement\":[{\"@type\":\"ListItem\",\"position\":1,\"name\":\"Home\",\"item\":\"https:\\\/\\\/www.boxrepsol.com\\\/es\\\/\"},{\"@type\":\"ListItem\",\"position\":2,\"name\":\"Luces antiniebla para motos: \u00bfc\u00f3mo y cu\u00e1ndo utilizarlas?\"}]},{\"@type\":\"WebSite\",\"@id\":\"https:\\\/\\\/www.boxrepsol.com\\\/es\\\/#website\",\"url\":\"https:\\\/\\\/www.boxrepsol.com\\\/es\\\/\",\"name\":\"Box Repsol\",\"description\":\"Box Repsol Site\",\"publisher\":{\"@id\":\"https:\\\/\\\/www.boxrepsol.com\\\/es\\\/#organization\"},\"potentialAction\":[{\"@type\":\"SearchAction\",\"target\":{\"@type\":\"EntryPoint\",\"urlTemplate\":\"https:\\\/\\\/www.boxrepsol.com\\\/es\\\/?s={search_term_string}\"},\"query-input\":{\"@type\":\"PropertyValueSpecification\",\"valueRequired\":true,\"valueName\":\"search_term_string\"}}],\"inLanguage\":\"es\"},{\"@type\":\"Organization\",\"@id\":\"https:\\\/\\\/www.boxrepsol.com\\\/es\\\/#organization\",\"name\":\"Box Repsol\",\"url\":\"https:\\\/\\\/www.boxrepsol.com\\\/es\\\/\",\"logo\":{\"@type\":\"ImageObject\",\"inLanguage\":\"es\",\"@id\":\"https:\\\/\\\/www.boxrepsol.com\\\/es\\\/#\\\/schema\\\/logo\\\/image\\\/\",\"url\":\"https:\\\/\\\/bxrepsol.s3.eu-west-1.amazonaws.com\\\/static\\\/2025\\\/07\\\/30083337\\\/favicon-96x96-1.png\",\"contentUrl\":\"https:\\\/\\\/bxrepsol.s3.eu-west-1.amazonaws.com\\\/static\\\/2025\\\/07\\\/30083337\\\/favicon-96x96-1.png\",\"width\":96,\"height\":96,\"caption\":\"Box Repsol\"},\"image\":{\"@id\":\"https:\\\/\\\/www.boxrepsol.com\\\/es\\\/#\\\/schema\\\/logo\\\/image\\\/\"},\"sameAs\":[\"https:\\\/\\\/www.facebook.com\\\/BoxRepsol\",\"https:\\\/\\\/x.com\\\/box_repsol\",\"http:\\\/\\\/instagram.com\\\/box_repsol\",\"https:\\\/\\\/www.youtube.com\\\/user\\\/RepsolCompeticion\",\"https:\\\/\\\/www.flickr.com\\\/photos\\\/box_repsol\\\/\"]},{\"@type\":\"Person\",\"@id\":\"https:\\\/\\\/www.boxrepsol.com\\\/es\\\/#\\\/schema\\\/person\\\/40c28bf318bbbe8fe3848b194b7385ca\",\"name\":\"V\u00edctor Gancedo\",\"image\":{\"@type\":\"ImageObject\",\"inLanguage\":\"es\",\"@id\":\"https:\\\/\\\/secure.gravatar.com\\\/avatar\\\/cd1439a66fca5d3425cd2a7b13f32cd43e25022a0436c1235ef2a28e14fa660a?s=96&d=mm&r=g\",\"url\":\"https:\\\/\\\/secure.gravatar.com\\\/avatar\\\/cd1439a66fca5d3425cd2a7b13f32cd43e25022a0436c1235ef2a28e14fa660a?s=96&d=mm&r=g\",\"contentUrl\":\"https:\\\/\\\/secure.gravatar.com\\\/avatar\\\/cd1439a66fca5d3425cd2a7b13f32cd43e25022a0436c1235ef2a28e14fa660a?s=96&d=mm&r=g\",\"caption\":\"V\u00edctor Gancedo\"},\"description\":\"Periodista especializado en el mundo de las motos, V\u00edctor ha probado pr\u00e1cticamente todas las que han salido al mercado desde 1990. En su larga trayectoria, ha desempe\u00f1ado cargos como los de Jefe de Pruebas de la revista Motociclismo o Responsable de Pruebas del \u00c1rea de Motos del Grupo Motorpress-Ib\u00e9rica, hoy llamado Sport Life Ib\u00e9rica, al cual sigue vinculado.\",\"sameAs\":[\"https:\\\/\\\/www.instagram.com\\\/vfgancedo\"],\"url\":\"https:\\\/\\\/www.boxrepsol.com\\\/es\\\/author\\\/victor_gancedo\\\/\"}]}<\/script>\n<!-- \/ Yoast SEO plugin. -->","yoast_head_json":{"title":"Luces antiniebla para motos: \u00bfc\u00f3mo y cu\u00e1ndo utilizarlas? - Box Repsol","description":"Te contamos todo sobre las luces antiniebla de tu moto. Un elemento de seguridad extra para cuando vayas por carretera.","canonical":"https:\/\/www.boxrepsol.com\/es\/vive-tu-moto\/luces-antiniebla-para-motos-como-y-cuando-utilizarlas\/","og_locale":"es_ES","og_type":"article","og_title":"Luces antiniebla para motos: \u00bfc\u00f3mo y cu\u00e1ndo utilizarlas? - Box Repsol","og_description":"Te contamos todo sobre las luces antiniebla de tu moto. Un elemento de seguridad extra para cuando vayas por carretera.","og_url":"https:\/\/www.boxrepsol.com\/es\/vive-tu-moto\/luces-antiniebla-para-motos-como-y-cuando-utilizarlas\/","og_site_name":"Box Repsol","article_publisher":"https:\/\/www.facebook.com\/BoxRepsol","article_published_time":"2022-05-30T02:00:00+00:00","article_modified_time":"2024-03-25T11:48:03+00:00","og_image":[{"width":1280,"height":600,"url":"https:\/\/bxrepsol.s3.eu-west-1.amazonaws.com\/static\/2022\/08\/10042701\/Foto-apertura-1-1.jpg","type":"image\/jpeg"}],"author":"V\u00edctor Gancedo","twitter_card":"summary_large_image","twitter_creator":"@box_repsol","twitter_site":"@box_repsol","twitter_misc":{"Written by":"V\u00edctor Gancedo","Est. reading time":"7 minutos"},"schema":{"@context":"https:\/\/schema.org","@graph":[{"@type":"Article","@id":"https:\/\/www.boxrepsol.com\/es\/vive-tu-moto\/luces-antiniebla-para-motos-como-y-cuando-utilizarlas\/#article","isPartOf":{"@id":"https:\/\/www.boxrepsol.com\/es\/vive-tu-moto\/luces-antiniebla-para-motos-como-y-cuando-utilizarlas\/"},"author":{"name":"V\u00edctor Gancedo","@id":"https:\/\/www.boxrepsol.com\/es\/#\/schema\/person\/40c28bf318bbbe8fe3848b194b7385ca"},"headline":"Luces antiniebla para motos: \u00bfc\u00f3mo y cu\u00e1ndo utilizarlas?","datePublished":"2022-05-30T02:00:00+00:00","dateModified":"2024-03-25T11:48:03+00:00","mainEntityOfPage":{"@id":"https:\/\/www.boxrepsol.com\/es\/vive-tu-moto\/luces-antiniebla-para-motos-como-y-cuando-utilizarlas\/"},"wordCount":1386,"commentCount":0,"publisher":{"@id":"https:\/\/www.boxrepsol.com\/es\/#organization"},"image":{"@id":"https:\/\/www.boxrepsol.com\/es\/vive-tu-moto\/luces-antiniebla-para-motos-como-y-cuando-utilizarlas\/#primaryimage"},"thumbnailUrl":"https:\/\/bxrepsol.s3.eu-west-1.amazonaws.com\/static\/2022\/08\/10042701\/Foto-apertura-1-1.jpg","keywords":["equipaci\u00f3n y accesorios moto"],"articleSection":["Vive tu moto"],"inLanguage":"es","potentialAction":[{"@type":"CommentAction","name":"Comment","target":["https:\/\/www.boxrepsol.com\/es\/vive-tu-moto\/luces-antiniebla-para-motos-como-y-cuando-utilizarlas\/#respond"]}]},{"@type":"WebPage","@id":"https:\/\/www.boxrepsol.com\/es\/vive-tu-moto\/luces-antiniebla-para-motos-como-y-cuando-utilizarlas\/","url":"https:\/\/www.boxrepsol.com\/es\/vive-tu-moto\/luces-antiniebla-para-motos-como-y-cuando-utilizarlas\/","name":"Luces antiniebla para motos: \u00bfc\u00f3mo y cu\u00e1ndo utilizarlas? - Box Repsol","isPartOf":{"@id":"https:\/\/www.boxrepsol.com\/es\/#website"},"primaryImageOfPage":{"@id":"https:\/\/www.boxrepsol.com\/es\/vive-tu-moto\/luces-antiniebla-para-motos-como-y-cuando-utilizarlas\/#primaryimage"},"image":{"@id":"https:\/\/www.boxrepsol.com\/es\/vive-tu-moto\/luces-antiniebla-para-motos-como-y-cuando-utilizarlas\/#primaryimage"},"thumbnailUrl":"https:\/\/bxrepsol.s3.eu-west-1.amazonaws.com\/static\/2022\/08\/10042701\/Foto-apertura-1-1.jpg","datePublished":"2022-05-30T02:00:00+00:00","dateModified":"2024-03-25T11:48:03+00:00","description":"Te contamos todo sobre las luces antiniebla de tu moto. Un elemento de seguridad extra para cuando vayas por carretera.","breadcrumb":{"@id":"https:\/\/www.boxrepsol.com\/es\/vive-tu-moto\/luces-antiniebla-para-motos-como-y-cuando-utilizarlas\/#breadcrumb"},"inLanguage":"es","potentialAction":[{"@type":"ReadAction","target":["https:\/\/www.boxrepsol.com\/es\/vive-tu-moto\/luces-antiniebla-para-motos-como-y-cuando-utilizarlas\/"]}]},{"@type":"ImageObject","inLanguage":"es","@id":"https:\/\/www.boxrepsol.com\/es\/vive-tu-moto\/luces-antiniebla-para-motos-como-y-cuando-utilizarlas\/#primaryimage","url":"https:\/\/bxrepsol.s3.eu-west-1.amazonaws.com\/static\/2022\/08\/10042701\/Foto-apertura-1-1.jpg","contentUrl":"https:\/\/bxrepsol.s3.eu-west-1.amazonaws.com\/static\/2022\/08\/10042701\/Foto-apertura-1-1.jpg","width":1280,"height":600,"caption":"2018 NC750X"},{"@type":"BreadcrumbList","@id":"https:\/\/www.boxrepsol.com\/es\/vive-tu-moto\/luces-antiniebla-para-motos-como-y-cuando-utilizarlas\/#breadcrumb","itemListElement":[{"@type":"ListItem","position":1,"name":"Home","item":"https:\/\/www.boxrepsol.com\/es\/"},{"@type":"ListItem","position":2,"name":"Luces antiniebla para motos: \u00bfc\u00f3mo y cu\u00e1ndo utilizarlas?"}]},{"@type":"WebSite","@id":"https:\/\/www.boxrepsol.com\/es\/#website","url":"https:\/\/www.boxrepsol.com\/es\/","name":"Box Repsol","description":"Box Repsol Site","publisher":{"@id":"https:\/\/www.boxrepsol.com\/es\/#organization"},"potentialAction":[{"@type":"SearchAction","target":{"@type":"EntryPoint","urlTemplate":"https:\/\/www.boxrepsol.com\/es\/?s={search_term_string}"},"query-input":{"@type":"PropertyValueSpecification","valueRequired":true,"valueName":"search_term_string"}}],"inLanguage":"es"},{"@type":"Organization","@id":"https:\/\/www.boxrepsol.com\/es\/#organization","name":"Box Repsol","url":"https:\/\/www.boxrepsol.com\/es\/","logo":{"@type":"ImageObject","inLanguage":"es","@id":"https:\/\/www.boxrepsol.com\/es\/#\/schema\/logo\/image\/","url":"https:\/\/bxrepsol.s3.eu-west-1.amazonaws.com\/static\/2025\/07\/30083337\/favicon-96x96-1.png","contentUrl":"https:\/\/bxrepsol.s3.eu-west-1.amazonaws.com\/static\/2025\/07\/30083337\/favicon-96x96-1.png","width":96,"height":96,"caption":"Box Repsol"},"image":{"@id":"https:\/\/www.boxrepsol.com\/es\/#\/schema\/logo\/image\/"},"sameAs":["https:\/\/www.facebook.com\/BoxRepsol","https:\/\/x.com\/box_repsol","http:\/\/instagram.com\/box_repsol","https:\/\/www.youtube.com\/user\/RepsolCompeticion","https:\/\/www.flickr.com\/photos\/box_repsol\/"]},{"@type":"Person","@id":"https:\/\/www.boxrepsol.com\/es\/#\/schema\/person\/40c28bf318bbbe8fe3848b194b7385ca","name":"V\u00edctor Gancedo","image":{"@type":"ImageObject","inLanguage":"es","@id":"https:\/\/secure.gravatar.com\/avatar\/cd1439a66fca5d3425cd2a7b13f32cd43e25022a0436c1235ef2a28e14fa660a?s=96&d=mm&r=g","url":"https:\/\/secure.gravatar.com\/avatar\/cd1439a66fca5d3425cd2a7b13f32cd43e25022a0436c1235ef2a28e14fa660a?s=96&d=mm&r=g","contentUrl":"https:\/\/secure.gravatar.com\/avatar\/cd1439a66fca5d3425cd2a7b13f32cd43e25022a0436c1235ef2a28e14fa660a?s=96&d=mm&r=g","caption":"V\u00edctor Gancedo"},"description":"Periodista especializado en el mundo de las motos, V\u00edctor ha probado pr\u00e1cticamente todas las que han salido al mercado desde 1990. En su larga trayectoria, ha desempe\u00f1ado cargos como los de Jefe de Pruebas de la revista Motociclismo o Responsable de Pruebas del \u00c1rea de Motos del Grupo Motorpress-Ib\u00e9rica, hoy llamado Sport Life Ib\u00e9rica, al cual sigue vinculado.","sameAs":["https:\/\/www.instagram.com\/vfgancedo"],"url":"https:\/\/www.boxrepsol.com\/es\/author\/victor_gancedo\/"}]}},"_links":{"self":[{"href":"https:\/\/www.boxrepsol.com\/es\/wp-json\/wp\/v2\/posts\/95370","targetHints":{"allow":["GET"]}}],"collection":[{"href":"https:\/\/www.boxrepsol.com\/es\/wp-json\/wp\/v2\/posts"}],"about":[{"href":"https:\/\/www.boxrepsol.com\/es\/wp-json\/wp\/v2\/types\/post"}],"author":[{"embeddable":true,"href":"https:\/\/www.boxrepsol.com\/es\/wp-json\/wp\/v2\/users\/41267"}],"replies":[{"embeddable":true,"href":"https:\/\/www.boxrepsol.com\/es\/wp-json\/wp\/v2\/comments?post=95370"}],"version-history":[{"count":5,"href":"https:\/\/www.boxrepsol.com\/es\/wp-json\/wp\/v2\/posts\/95370\/revisions"}],"predecessor-version":[{"id":114349,"href":"https:\/\/www.boxrepsol.com\/es\/wp-json\/wp\/v2\/posts\/95370\/revisions\/114349"}],"wp:featuredmedia":[{"embeddable":true,"href":"https:\/\/www.boxrepsol.com\/es\/wp-json\/wp\/v2\/media\/46161"}],"wp:attachment":[{"href":"https:\/\/www.boxrepsol.com\/es\/wp-json\/wp\/v2\/media?parent=95370"}],"wp:term":[{"taxonomy":"category","embeddable":true,"href":"https:\/\/www.boxrepsol.com\/es\/wp-json\/wp\/v2\/categories?post=95370"},{"taxonomy":"post_tag","embeddable":true,"href":"https:\/\/www.boxrepsol.com\/es\/wp-json\/wp\/v2\/tags?post=95370"}],"curies":[{"name":"wp","href":"https:\/\/api.w.org\/{rel}","templated":true}]}}