{"id":95367,"date":"2022-05-29T00:00:00","date_gmt":"2022-05-29T02:00:00","guid":{"rendered":"http:\/\/pre.boxrepsol.com\/sin-categorizar\/marc-marquez-finaliza-el-gran-premio-de-italia-en-el-top10\/"},"modified":"2024-04-09T06:53:27","modified_gmt":"2024-04-09T08:53:27","slug":"marc-marquez-finaliza-el-gran-premio-de-italia-en-el-top10","status":"publish","type":"post","link":"https:\/\/www.boxrepsol.com\/es\/motogp\/marc-marquez-finaliza-el-gran-premio-de-italia-en-el-top10\/","title":{"rendered":"Marc M\u00e1rquez finaliza el Gran Premio de Italia en el Top10"},"content":{"rendered":"<p>Concluye la s\u00e9ptima cita de la temporada que, finalmente, se ha desarrollado bajo un cielo parcialmente despejado y en condiciones de seco.<\/p>\n<p><strong>Marc M\u00e1rquez,<\/strong> que ayer anunci\u00f3 que debe volver a someterse a una operaci\u00f3n en el h\u00famero de su brazo derecho, ha realizado una positiva carrera en <strong>Mugello.<\/strong> El piloto del equipo <strong>Repsol Honda<\/strong> part\u00eda duod\u00e9cimo en la parrilla y, desde un principio, ha impuesto un ritmo constante, sin cometer errores y posicionado en el segundo grupo de carrera.<\/p>\n<p>Despu\u00e9s de librar una bonita disputa con Miguel Oliveira y Fabio Di Giannantonio, <strong>M\u00e1rquez<\/strong> ha cruzado la l\u00ednea de meta del <strong>Autodromo Internazionale del Mugello<\/strong> d\u00e9cimo, sumando as\u00ed seis puntos.<\/p>\n<p><strong>Pol Espargar\u00f3<\/strong> empezaba el Gran Premio de Italia desde la novena posici\u00f3n. Despu\u00e9s de realizar una mala salida, el piloto del equipo <strong>Repsol Honda<\/strong> se ha visto retrasado hasta la decimosexta posici\u00f3n. Cuando estaba completando la cuarta vuelta, ha sufrido una ca\u00edda sin consecuencias que le ha obligado a retirarse.<\/p>\n<p>Despu\u00e9s del Gran Premio de Italia, Marc M\u00e1rquez ocupa la novena posici\u00f3n en la clasificaci\u00f3n general con 60 puntos y Pol Espargar\u00f3 es duod\u00e9cimo con 40.<\/p>\n<p><a href=\"https:\/\/bxrepsol.s3.eu-west-1.amazonaws.com\/static\/2022\/08\/05095436\/http___repsolmedia.com_repsolmedia_wp-content_uploads_2022_05_JRB9003-scaled-1.jpg\" data-index=\"0\"><br \/>\n<img decoding=\"async\" src=\"https:\/\/bxrepsol.s3.eu-west-1.amazonaws.com\/static\/2022\/08\/05095436\/http___repsolmedia.com_repsolmedia_wp-content_uploads_2022_05_JRB9003-scaled-1.jpg\" srcset=\"https:\/\/bxrepsol.s3.eu-west-1.amazonaws.com\/static\/2022\/08\/05095436\/http___repsolmedia.com_repsolmedia_wp-content_uploads_2022_05_JRB9003-scaled-1.jpg 2560w, https:\/\/bxrepsol.s3.eu-west-1.amazonaws.com\/static\/2022\/08\/05095436\/http___repsolmedia.com_repsolmedia_wp-content_uploads_2022_05_JRB9003-scaled-1.jpg 1280w, https:\/\/bxrepsol.s3.eu-west-1.amazonaws.com\/static\/2022\/08\/05095436\/http___repsolmedia.com_repsolmedia_wp-content_uploads_2022_05_JRB9003-scaled-1.jpg 900w, https:\/\/bxrepsol.s3.eu-west-1.amazonaws.com\/static\/2022\/08\/05095436\/http___repsolmedia.com_repsolmedia_wp-content_uploads_2022_05_JRB9003-scaled-1.jpg 600w, https:\/\/bxrepsol.s3.eu-west-1.amazonaws.com\/static\/2022\/08\/05095436\/http___repsolmedia.com_repsolmedia_wp-content_uploads_2022_05_JRB9003-scaled-1.jpg 480w, https:\/\/bxrepsol.s3.eu-west-1.amazonaws.com\/static\/2022\/08\/05095436\/http___repsolmedia.com_repsolmedia_wp-content_uploads_2022_05_JRB9003-scaled-1.jpg 32w\" title=\"http___repsolmedia.com_repsolmedia_wp-content_uploads_2022_05_JRB9003-scaled\" alt=\"\" data-title=\"\"><br \/>\n<\/a><br \/>\n<a href=\"https:\/\/bxrepsol.s3.eu-west-1.amazonaws.com\/static\/2022\/08\/05095439\/http___repsolmedia.com_repsolmedia_wp-content_uploads_2022_05_JRB4485-scaled-1.jpg\" data-index=\"1\"><br \/>\n<img decoding=\"async\" src=\"https:\/\/bxrepsol.s3.eu-west-1.amazonaws.com\/static\/2022\/08\/05095439\/http___repsolmedia.com_repsolmedia_wp-content_uploads_2022_05_JRB4485-scaled-1.jpg\" srcset=\"https:\/\/bxrepsol.s3.eu-west-1.amazonaws.com\/static\/2022\/08\/05095439\/http___repsolmedia.com_repsolmedia_wp-content_uploads_2022_05_JRB4485-scaled-1.jpg 2560w, https:\/\/bxrepsol.s3.eu-west-1.amazonaws.com\/static\/2022\/08\/05095439\/http___repsolmedia.com_repsolmedia_wp-content_uploads_2022_05_JRB4485-scaled-1.jpg 1280w, https:\/\/bxrepsol.s3.eu-west-1.amazonaws.com\/static\/2022\/08\/05095439\/http___repsolmedia.com_repsolmedia_wp-content_uploads_2022_05_JRB4485-scaled-1.jpg 900w, https:\/\/bxrepsol.s3.eu-west-1.amazonaws.com\/static\/2022\/08\/05095439\/http___repsolmedia.com_repsolmedia_wp-content_uploads_2022_05_JRB4485-scaled-1.jpg 600w, https:\/\/bxrepsol.s3.eu-west-1.amazonaws.com\/static\/2022\/08\/05095439\/http___repsolmedia.com_repsolmedia_wp-content_uploads_2022_05_JRB4485-scaled-1.jpg 480w, https:\/\/bxrepsol.s3.eu-west-1.amazonaws.com\/static\/2022\/08\/05095439\/http___repsolmedia.com_repsolmedia_wp-content_uploads_2022_05_JRB4485-scaled-1.jpg 32w\" title=\"http___repsolmedia.com_repsolmedia_wp-content_uploads_2022_05_JRB4485-scaled\" alt=\"\" data-title=\"\"><br \/>\n<\/a><br \/>\n<a href=\"https:\/\/bxrepsol.s3.eu-west-1.amazonaws.com\/static\/2022\/08\/05095442\/http___repsolmedia.com_repsolmedia_wp-content_uploads_2022_05_JRB9159-1-scaled-1.jpg\" data-index=\"2\"><br \/>\n<img decoding=\"async\" src=\"https:\/\/bxrepsol.s3.eu-west-1.amazonaws.com\/static\/2022\/08\/05095442\/http___repsolmedia.com_repsolmedia_wp-content_uploads_2022_05_JRB9159-1-scaled-1.jpg\" srcset=\"https:\/\/bxrepsol.s3.eu-west-1.amazonaws.com\/static\/2022\/08\/05095442\/http___repsolmedia.com_repsolmedia_wp-content_uploads_2022_05_JRB9159-1-scaled-1.jpg 2560w, https:\/\/bxrepsol.s3.eu-west-1.amazonaws.com\/static\/2022\/08\/05095442\/http___repsolmedia.com_repsolmedia_wp-content_uploads_2022_05_JRB9159-1-scaled-1.jpg 1280w, https:\/\/bxrepsol.s3.eu-west-1.amazonaws.com\/static\/2022\/08\/05095442\/http___repsolmedia.com_repsolmedia_wp-content_uploads_2022_05_JRB9159-1-scaled-1.jpg 900w, https:\/\/bxrepsol.s3.eu-west-1.amazonaws.com\/static\/2022\/08\/05095442\/http___repsolmedia.com_repsolmedia_wp-content_uploads_2022_05_JRB9159-1-scaled-1.jpg 600w, https:\/\/bxrepsol.s3.eu-west-1.amazonaws.com\/static\/2022\/08\/05095442\/http___repsolmedia.com_repsolmedia_wp-content_uploads_2022_05_JRB9159-1-scaled-1.jpg 480w, https:\/\/bxrepsol.s3.eu-west-1.amazonaws.com\/static\/2022\/08\/05095442\/http___repsolmedia.com_repsolmedia_wp-content_uploads_2022_05_JRB9159-1-scaled-1.jpg 32w\" title=\"http___repsolmedia.com_repsolmedia_wp-content_uploads_2022_05_JRB9159-1-scaled\" alt=\"\" data-title=\"\"><br \/>\n<\/a><br \/>\n<a href=\"https:\/\/bxrepsol.s3.eu-west-1.amazonaws.com\/static\/2022\/08\/05095445\/http___repsolmedia.com_repsolmedia_wp-content_uploads_2022_05_JRB4469-scaled-1.jpg\" data-index=\"3\"><br \/>\n<img decoding=\"async\" src=\"https:\/\/bxrepsol.s3.eu-west-1.amazonaws.com\/static\/2022\/08\/05095445\/http___repsolmedia.com_repsolmedia_wp-content_uploads_2022_05_JRB4469-scaled-1.jpg\" srcset=\"https:\/\/bxrepsol.s3.eu-west-1.amazonaws.com\/static\/2022\/08\/05095445\/http___repsolmedia.com_repsolmedia_wp-content_uploads_2022_05_JRB4469-scaled-1.jpg 2560w, https:\/\/bxrepsol.s3.eu-west-1.amazonaws.com\/static\/2022\/08\/05095445\/http___repsolmedia.com_repsolmedia_wp-content_uploads_2022_05_JRB4469-scaled-1.jpg 1280w, https:\/\/bxrepsol.s3.eu-west-1.amazonaws.com\/static\/2022\/08\/05095445\/http___repsolmedia.com_repsolmedia_wp-content_uploads_2022_05_JRB4469-scaled-1.jpg 900w, https:\/\/bxrepsol.s3.eu-west-1.amazonaws.com\/static\/2022\/08\/05095445\/http___repsolmedia.com_repsolmedia_wp-content_uploads_2022_05_JRB4469-scaled-1.jpg 600w, https:\/\/bxrepsol.s3.eu-west-1.amazonaws.com\/static\/2022\/08\/05095445\/http___repsolmedia.com_repsolmedia_wp-content_uploads_2022_05_JRB4469-scaled-1.jpg 480w, https:\/\/bxrepsol.s3.eu-west-1.amazonaws.com\/static\/2022\/08\/05095445\/http___repsolmedia.com_repsolmedia_wp-content_uploads_2022_05_JRB4469-scaled-1.jpg 32w\" title=\"http___repsolmedia.com_repsolmedia_wp-content_uploads_2022_05_JRB4469-scaled\" alt=\"\" data-title=\"\"><br \/>\n<\/a><br \/>\n<a href=\"https:\/\/bxrepsol.s3.eu-west-1.amazonaws.com\/static\/2022\/08\/05095448\/http___repsolmedia.com_repsolmedia_wp-content_uploads_2022_05_JRB6953-scaled-1.jpg\" data-index=\"4\"><br \/>\n<img decoding=\"async\" src=\"https:\/\/bxrepsol.s3.eu-west-1.amazonaws.com\/static\/2022\/08\/05095448\/http___repsolmedia.com_repsolmedia_wp-content_uploads_2022_05_JRB6953-scaled-1.jpg\" srcset=\"https:\/\/bxrepsol.s3.eu-west-1.amazonaws.com\/static\/2022\/08\/05095448\/http___repsolmedia.com_repsolmedia_wp-content_uploads_2022_05_JRB6953-scaled-1.jpg 2560w, https:\/\/bxrepsol.s3.eu-west-1.amazonaws.com\/static\/2022\/08\/05095448\/http___repsolmedia.com_repsolmedia_wp-content_uploads_2022_05_JRB6953-scaled-1.jpg 1280w, https:\/\/bxrepsol.s3.eu-west-1.amazonaws.com\/static\/2022\/08\/05095448\/http___repsolmedia.com_repsolmedia_wp-content_uploads_2022_05_JRB6953-scaled-1.jpg 900w, https:\/\/bxrepsol.s3.eu-west-1.amazonaws.com\/static\/2022\/08\/05095448\/http___repsolmedia.com_repsolmedia_wp-content_uploads_2022_05_JRB6953-scaled-1.jpg 600w, https:\/\/bxrepsol.s3.eu-west-1.amazonaws.com\/static\/2022\/08\/05095448\/http___repsolmedia.com_repsolmedia_wp-content_uploads_2022_05_JRB6953-scaled-1.jpg 480w, https:\/\/bxrepsol.s3.eu-west-1.amazonaws.com\/static\/2022\/08\/05095448\/http___repsolmedia.com_repsolmedia_wp-content_uploads_2022_05_JRB6953-scaled-1.jpg 32w\" title=\"http___repsolmedia.com_repsolmedia_wp-content_uploads_2022_05_JRB6953-scaled\" alt=\"\" data-title=\"\"><br \/>\n<\/a><br \/>\n<button data-glide-dir=\"<\"><br \/>\n<svg role=\"img\" viewBox=\"0 0 256 512\">\n                <path fill=\"currentColor\" d=\"M238.475 475.535l7.071-7.07c4.686-4.686 4.686-12.284 0-16.971L50.053 256 245.546 60.506c4.686-4.686 4.686-12.284 0-16.971l-7.071-7.07c-4.686-4.686-12.284-4.686-16.97 0L10.454 247.515c-4.686 4.686-4.686 12.284 0 16.971l211.051 211.05c4.686 4.686 12.284 4.686 16.97-.001z\"><\/path>\n            <\/svg><br \/>\n<\/button><br \/>\n<button data-glide-dir=\">\u00ab><br \/>\n<svg role=\"img\" viewBox=\"0 0 256 512\">\n                <path fill=\"currentColor\" d=\"M17.525 36.465l-7.071 7.07c-4.686 4.686-4.686 12.284 0 16.971L205.947 256 10.454 451.494c-4.686 4.686-4.686 12.284 0 16.971l7.071 7.07c4.686 4.686 12.284 4.686 16.97 0l211.051-211.05c4.686-4.686 4.686-12.284 0-16.971L34.495 36.465c-4.686-4.687-12.284-4.687-16.97 0z\"><\/path>\n            <\/svg><br \/>\n<\/button><\/p>\n<p><strong>Declaraciones de los pilotos<\/strong><\/p>\n<p><a href=\"https:\/\/twitter.com\/hashtag\/MM93?src=hashtag_click\">#MM93<\/a><\/p>\n<p>\u00abHa sido una carrera dura, como esper\u00e1bamos. Lo he dado todo en las primeras siete vueltas para ver si ten\u00eda la velocidad de los pilotos de delante y nuestro ritmo no era malo, pero luego he empezado a tener problemas f\u00edsicos. He mantenido la calma, he rodado con un ritmo c\u00f3modo y he trabajado para entender d\u00f3nde perd\u00edamos en comparaci\u00f3n con otras motos. El objetivo era hacer comentarios constructivos al equipo, y lo hemos conseguido. Ahora tenemos la \u00abcarrera\u00bb m\u00e1s importante de la temporada la pr\u00f3xima semana. Ha sido dif\u00edcil concentrarse porque s\u00e9 que la pr\u00f3xima semana es muy importante para m\u00ed, pero estoy orgulloso de haber hecho esta carrera. Estoy deseando volver a ver a todo el mundo pronto\u00bb.<\/p>\n<p><a href=\"https:\/\/twitter.com\/hashtag\/POL44?src=hashtag_click\">#POL44<\/a><\/p>\n<p>\u00abDespu\u00e9s de la ca\u00edda estoy bien, ha sido un error est\u00fapido. He perdido muchas posiciones en la salida y luego he estado luchando mucho con todo el mundo en las primeras vueltas, as\u00ed que he perdido m\u00e1s tiempo. He adelantado a pilotos, ellos me han adelantado a m\u00ed, me ha costado coger el ritmo aunque sab\u00eda que pod\u00eda ser m\u00e1s r\u00e1pido. Cuando realmente lo estaba intentando, he perdido la parte delantera y me he ca\u00eddo, eso es todo. Caer al principio de una carrera es lo m\u00e1s decepcionante. Ahora vamos a Barcelona, nos levantamos y volvemos a correr, eso es lo que debemos hacer. Quiero desearle a Marc todo lo mejor con lo que le toca afrontar ahora, es siempre un gran referente y un gran rival\u00bb.<\/p>\n","protected":false},"excerpt":{"rendered":"<p>El piloto del equipo Repsol Honda ha cruzado la l\u00ednea de meta d\u00e9cimo y Pol Espargar\u00f3 ha abandonado despu\u00e9s de sufrir una temprana ca\u00edda sin consecuencias<\/p>\n","protected":false},"author":43146,"featured_media":46142,"comment_status":"open","ping_status":"open","sticky":false,"template":"","format":"standard","meta":{"footnotes":""},"categories":[4],"tags":[120,6,127,128],"class_list":["post-95367","post","type-post","status-publish","format-standard","hentry","category-motogp","tag-120","tag-marc-marquez","tag-motogp-italia","tag-pol-espargaro"],"yoast_head":"<!-- This site is optimized with the Yoast SEO plugin v27.3 - https:\/\/yoast.com\/product\/yoast-seo-wordpress\/ -->\n<title>Marc M\u00e1rquez finaliza el Gran Premio de Italia en el Top10 - Box Repsol<\/title>\n<meta name=\"description\" content=\"Sigue la actuaci\u00f3n del piloto del equipo Repsol Honda en esta emocionante Gran Premio de Italia de MotoGP.\" \/>\n<link rel=\"canonical\" href=\"https:\/\/www.boxrepsol.com\/es\/motogp\/marc-marquez-finaliza-el-gran-premio-de-italia-en-el-top10\/\" \/>\n<meta property=\"og:locale\" content=\"es_ES\" \/>\n<meta property=\"og:type\" content=\"article\" \/>\n<meta property=\"og:title\" content=\"Marc M\u00e1rquez finaliza el Gran Premio de Italia en el Top10 - Box Repsol\" \/>\n<meta property=\"og:description\" content=\"Sigue la actuaci\u00f3n del piloto del equipo Repsol Honda en esta emocionante Gran Premio de Italia de MotoGP.\" \/>\n<meta property=\"og:url\" content=\"https:\/\/www.boxrepsol.com\/es\/motogp\/marc-marquez-finaliza-el-gran-premio-de-italia-en-el-top10\/\" \/>\n<meta property=\"og:site_name\" content=\"Box Repsol\" \/>\n<meta property=\"article:publisher\" content=\"https:\/\/www.facebook.com\/BoxRepsol\" \/>\n<meta property=\"article:author\" content=\"https:\/\/www.facebook.com\/BoxRepsol\/\" \/>\n<meta property=\"article:published_time\" content=\"2022-05-29T02:00:00+00:00\" \/>\n<meta property=\"article:modified_time\" content=\"2024-04-09T08:53:27+00:00\" \/>\n<meta property=\"og:image\" content=\"https:\/\/bxrepsol.s3.eu-west-1.amazonaws.com\/static\/2022\/08\/10042640\/http___repsolmedia.com_repsolmedia_wp-content_uploads_2022_05_JRB5610-scaled-1.jpg\" \/>\n\t<meta property=\"og:image:width\" content=\"1280\" \/>\n\t<meta property=\"og:image:height\" content=\"600\" \/>\n\t<meta property=\"og:image:type\" content=\"image\/jpeg\" \/>\n<meta name=\"author\" content=\"Redacci\u00f3n Box Repsol\" \/>\n<meta name=\"twitter:card\" content=\"summary_large_image\" \/>\n<meta name=\"twitter:creator\" content=\"@https:\/\/twitter.com\/box_repsol\" \/>\n<meta name=\"twitter:site\" content=\"@box_repsol\" \/>\n<meta name=\"twitter:label1\" content=\"Written by\" \/>\n\t<meta name=\"twitter:data1\" content=\"Redacci\u00f3n Box Repsol\" \/>\n\t<meta name=\"twitter:label2\" content=\"Est. reading time\" \/>\n\t<meta name=\"twitter:data2\" content=\"2 minutos\" \/>\n<script type=\"application\/ld+json\" class=\"yoast-schema-graph\">{\"@context\":\"https:\\\/\\\/schema.org\",\"@graph\":[{\"@type\":\"Article\",\"@id\":\"https:\\\/\\\/www.boxrepsol.com\\\/es\\\/motogp\\\/marc-marquez-finaliza-el-gran-premio-de-italia-en-el-top10\\\/#article\",\"isPartOf\":{\"@id\":\"https:\\\/\\\/www.boxrepsol.com\\\/es\\\/motogp\\\/marc-marquez-finaliza-el-gran-premio-de-italia-en-el-top10\\\/\"},\"author\":{\"name\":\"Redacci\u00f3n Box Repsol\",\"@id\":\"https:\\\/\\\/www.boxrepsol.com\\\/es\\\/#\\\/schema\\\/person\\\/c5c2138f2cca251b0ad92b7086bb60b7\"},\"headline\":\"Marc M\u00e1rquez finaliza el Gran Premio de Italia en el Top10\",\"datePublished\":\"2022-05-29T02:00:00+00:00\",\"dateModified\":\"2024-04-09T08:53:27+00:00\",\"mainEntityOfPage\":{\"@id\":\"https:\\\/\\\/www.boxrepsol.com\\\/es\\\/motogp\\\/marc-marquez-finaliza-el-gran-premio-de-italia-en-el-top10\\\/\"},\"wordCount\":489,\"commentCount\":0,\"publisher\":{\"@id\":\"https:\\\/\\\/www.boxrepsol.com\\\/es\\\/#organization\"},\"image\":{\"@id\":\"https:\\\/\\\/www.boxrepsol.com\\\/es\\\/motogp\\\/marc-marquez-finaliza-el-gran-premio-de-italia-en-el-top10\\\/#primaryimage\"},\"thumbnailUrl\":\"https:\\\/\\\/bxrepsol.s3.eu-west-1.amazonaws.com\\\/static\\\/2022\\\/08\\\/10042640\\\/http___repsolmedia.com_repsolmedia_wp-content_uploads_2022_05_JRB5610-scaled-1.jpg\",\"keywords\":[\"2022\",\"Marc M\u00e1rquez\",\"MotoGP Italia\",\"Pol Espargar\u00f3\"],\"articleSection\":[\"MotoGP\"],\"inLanguage\":\"es\",\"potentialAction\":[{\"@type\":\"CommentAction\",\"name\":\"Comment\",\"target\":[\"https:\\\/\\\/www.boxrepsol.com\\\/es\\\/motogp\\\/marc-marquez-finaliza-el-gran-premio-de-italia-en-el-top10\\\/#respond\"]}]},{\"@type\":\"WebPage\",\"@id\":\"https:\\\/\\\/www.boxrepsol.com\\\/es\\\/motogp\\\/marc-marquez-finaliza-el-gran-premio-de-italia-en-el-top10\\\/\",\"url\":\"https:\\\/\\\/www.boxrepsol.com\\\/es\\\/motogp\\\/marc-marquez-finaliza-el-gran-premio-de-italia-en-el-top10\\\/\",\"name\":\"Marc M\u00e1rquez finaliza el Gran Premio de Italia en el Top10 - Box Repsol\",\"isPartOf\":{\"@id\":\"https:\\\/\\\/www.boxrepsol.com\\\/es\\\/#website\"},\"primaryImageOfPage\":{\"@id\":\"https:\\\/\\\/www.boxrepsol.com\\\/es\\\/motogp\\\/marc-marquez-finaliza-el-gran-premio-de-italia-en-el-top10\\\/#primaryimage\"},\"image\":{\"@id\":\"https:\\\/\\\/www.boxrepsol.com\\\/es\\\/motogp\\\/marc-marquez-finaliza-el-gran-premio-de-italia-en-el-top10\\\/#primaryimage\"},\"thumbnailUrl\":\"https:\\\/\\\/bxrepsol.s3.eu-west-1.amazonaws.com\\\/static\\\/2022\\\/08\\\/10042640\\\/http___repsolmedia.com_repsolmedia_wp-content_uploads_2022_05_JRB5610-scaled-1.jpg\",\"datePublished\":\"2022-05-29T02:00:00+00:00\",\"dateModified\":\"2024-04-09T08:53:27+00:00\",\"description\":\"Sigue la actuaci\u00f3n del piloto del equipo Repsol Honda en esta emocionante Gran Premio de Italia de MotoGP.\",\"breadcrumb\":{\"@id\":\"https:\\\/\\\/www.boxrepsol.com\\\/es\\\/motogp\\\/marc-marquez-finaliza-el-gran-premio-de-italia-en-el-top10\\\/#breadcrumb\"},\"inLanguage\":\"es\",\"potentialAction\":[{\"@type\":\"ReadAction\",\"target\":[\"https:\\\/\\\/www.boxrepsol.com\\\/es\\\/motogp\\\/marc-marquez-finaliza-el-gran-premio-de-italia-en-el-top10\\\/\"]}]},{\"@type\":\"ImageObject\",\"inLanguage\":\"es\",\"@id\":\"https:\\\/\\\/www.boxrepsol.com\\\/es\\\/motogp\\\/marc-marquez-finaliza-el-gran-premio-de-italia-en-el-top10\\\/#primaryimage\",\"url\":\"https:\\\/\\\/bxrepsol.s3.eu-west-1.amazonaws.com\\\/static\\\/2022\\\/08\\\/10042640\\\/http___repsolmedia.com_repsolmedia_wp-content_uploads_2022_05_JRB5610-scaled-1.jpg\",\"contentUrl\":\"https:\\\/\\\/bxrepsol.s3.eu-west-1.amazonaws.com\\\/static\\\/2022\\\/08\\\/10042640\\\/http___repsolmedia.com_repsolmedia_wp-content_uploads_2022_05_JRB5610-scaled-1.jpg\",\"width\":1280,\"height\":600},{\"@type\":\"BreadcrumbList\",\"@id\":\"https:\\\/\\\/www.boxrepsol.com\\\/es\\\/motogp\\\/marc-marquez-finaliza-el-gran-premio-de-italia-en-el-top10\\\/#breadcrumb\",\"itemListElement\":[{\"@type\":\"ListItem\",\"position\":1,\"name\":\"Home\",\"item\":\"https:\\\/\\\/www.boxrepsol.com\\\/es\\\/\"},{\"@type\":\"ListItem\",\"position\":2,\"name\":\"Marc M\u00e1rquez finaliza el Gran Premio de Italia en el Top10\"}]},{\"@type\":\"WebSite\",\"@id\":\"https:\\\/\\\/www.boxrepsol.com\\\/es\\\/#website\",\"url\":\"https:\\\/\\\/www.boxrepsol.com\\\/es\\\/\",\"name\":\"Box Repsol\",\"description\":\"Box Repsol Site\",\"publisher\":{\"@id\":\"https:\\\/\\\/www.boxrepsol.com\\\/es\\\/#organization\"},\"potentialAction\":[{\"@type\":\"SearchAction\",\"target\":{\"@type\":\"EntryPoint\",\"urlTemplate\":\"https:\\\/\\\/www.boxrepsol.com\\\/es\\\/?s={search_term_string}\"},\"query-input\":{\"@type\":\"PropertyValueSpecification\",\"valueRequired\":true,\"valueName\":\"search_term_string\"}}],\"inLanguage\":\"es\"},{\"@type\":\"Organization\",\"@id\":\"https:\\\/\\\/www.boxrepsol.com\\\/es\\\/#organization\",\"name\":\"Box Repsol\",\"url\":\"https:\\\/\\\/www.boxrepsol.com\\\/es\\\/\",\"logo\":{\"@type\":\"ImageObject\",\"inLanguage\":\"es\",\"@id\":\"https:\\\/\\\/www.boxrepsol.com\\\/es\\\/#\\\/schema\\\/logo\\\/image\\\/\",\"url\":\"https:\\\/\\\/bxrepsol.s3.eu-west-1.amazonaws.com\\\/static\\\/2025\\\/07\\\/30083337\\\/favicon-96x96-1.png\",\"contentUrl\":\"https:\\\/\\\/bxrepsol.s3.eu-west-1.amazonaws.com\\\/static\\\/2025\\\/07\\\/30083337\\\/favicon-96x96-1.png\",\"width\":96,\"height\":96,\"caption\":\"Box Repsol\"},\"image\":{\"@id\":\"https:\\\/\\\/www.boxrepsol.com\\\/es\\\/#\\\/schema\\\/logo\\\/image\\\/\"},\"sameAs\":[\"https:\\\/\\\/www.facebook.com\\\/BoxRepsol\",\"https:\\\/\\\/x.com\\\/box_repsol\",\"http:\\\/\\\/instagram.com\\\/box_repsol\",\"https:\\\/\\\/www.youtube.com\\\/user\\\/RepsolCompeticion\",\"https:\\\/\\\/www.flickr.com\\\/photos\\\/box_repsol\\\/\"]},{\"@type\":\"Person\",\"@id\":\"https:\\\/\\\/www.boxrepsol.com\\\/es\\\/#\\\/schema\\\/person\\\/c5c2138f2cca251b0ad92b7086bb60b7\",\"name\":\"Redacci\u00f3n Box Repsol\",\"image\":{\"@type\":\"ImageObject\",\"inLanguage\":\"es\",\"@id\":\"https:\\\/\\\/secure.gravatar.com\\\/avatar\\\/adf7b77e38b4419baf32c7e9c21dde01f4e40df611f0978e3006fc4ba0aaab7e?s=96&d=mm&r=g\",\"url\":\"https:\\\/\\\/secure.gravatar.com\\\/avatar\\\/adf7b77e38b4419baf32c7e9c21dde01f4e40df611f0978e3006fc4ba0aaab7e?s=96&d=mm&r=g\",\"contentUrl\":\"https:\\\/\\\/secure.gravatar.com\\\/avatar\\\/adf7b77e38b4419baf32c7e9c21dde01f4e40df611f0978e3006fc4ba0aaab7e?s=96&d=mm&r=g\",\"caption\":\"Redacci\u00f3n Box Repsol\"},\"description\":\"Box Repsol lo forma un equipo de periodistas, community managers, dise\u00f1adores y fot\u00f3grafos con m\u00e1s de 20 a\u00f1os de experiencia en el mundo del motorsport. Hemos vivido el primer mundial de un espa\u00f1ol en la categor\u00eda reina de motociclismo con \u00c1lex Crivill\u00e9, estuvimos en las victorias de Pedrosa y los t\u00edtulos de M\u00e1rquez, acompa\u00f1amos en \u00c1frica a Nani Roma y Marc Coma en sus conquistas del Dakar y hemos vibrado con los t\u00edtulos de Toni Bou en Trial. Adem\u00e1s, en nuestro equipo contamos con expertos en el mundo de las dos y cuatro ruedas tanto de la calle y las carreteras, como de los circuitos. Periodistas que han trabajado en revistas y publicaciones para hacerte llegar desde rutas y consejos de mantenimiento, a curiosidades y trucos de pilotaje.\",\"sameAs\":[\"https:\\\/\\\/www.facebook.com\\\/BoxRepsol\\\/\",\"https:\\\/\\\/www.instagram.com\\\/box_repsol\\\/\",\"https:\\\/\\\/x.com\\\/https:\\\/\\\/twitter.com\\\/box_repsol\",\"https:\\\/\\\/www.youtube.com\\\/@Boxrepsol\"],\"url\":\"https:\\\/\\\/www.boxrepsol.com\\\/es\\\/author\\\/redaccion-box-repsol\\\/\"}]}<\/script>\n<!-- \/ Yoast SEO plugin. -->","yoast_head_json":{"title":"Marc M\u00e1rquez finaliza el Gran Premio de Italia en el Top10 - Box Repsol","description":"Sigue la actuaci\u00f3n del piloto del equipo Repsol Honda en esta emocionante Gran Premio de Italia de MotoGP.","canonical":"https:\/\/www.boxrepsol.com\/es\/motogp\/marc-marquez-finaliza-el-gran-premio-de-italia-en-el-top10\/","og_locale":"es_ES","og_type":"article","og_title":"Marc M\u00e1rquez finaliza el Gran Premio de Italia en el Top10 - Box Repsol","og_description":"Sigue la actuaci\u00f3n del piloto del equipo Repsol Honda en esta emocionante Gran Premio de Italia de MotoGP.","og_url":"https:\/\/www.boxrepsol.com\/es\/motogp\/marc-marquez-finaliza-el-gran-premio-de-italia-en-el-top10\/","og_site_name":"Box Repsol","article_publisher":"https:\/\/www.facebook.com\/BoxRepsol","article_author":"https:\/\/www.facebook.com\/BoxRepsol\/","article_published_time":"2022-05-29T02:00:00+00:00","article_modified_time":"2024-04-09T08:53:27+00:00","og_image":[{"width":1280,"height":600,"url":"https:\/\/bxrepsol.s3.eu-west-1.amazonaws.com\/static\/2022\/08\/10042640\/http___repsolmedia.com_repsolmedia_wp-content_uploads_2022_05_JRB5610-scaled-1.jpg","type":"image\/jpeg"}],"author":"Redacci\u00f3n Box Repsol","twitter_card":"summary_large_image","twitter_creator":"@https:\/\/twitter.com\/box_repsol","twitter_site":"@box_repsol","twitter_misc":{"Written by":"Redacci\u00f3n Box Repsol","Est. reading time":"2 minutos"},"schema":{"@context":"https:\/\/schema.org","@graph":[{"@type":"Article","@id":"https:\/\/www.boxrepsol.com\/es\/motogp\/marc-marquez-finaliza-el-gran-premio-de-italia-en-el-top10\/#article","isPartOf":{"@id":"https:\/\/www.boxrepsol.com\/es\/motogp\/marc-marquez-finaliza-el-gran-premio-de-italia-en-el-top10\/"},"author":{"name":"Redacci\u00f3n Box Repsol","@id":"https:\/\/www.boxrepsol.com\/es\/#\/schema\/person\/c5c2138f2cca251b0ad92b7086bb60b7"},"headline":"Marc M\u00e1rquez finaliza el Gran Premio de Italia en el Top10","datePublished":"2022-05-29T02:00:00+00:00","dateModified":"2024-04-09T08:53:27+00:00","mainEntityOfPage":{"@id":"https:\/\/www.boxrepsol.com\/es\/motogp\/marc-marquez-finaliza-el-gran-premio-de-italia-en-el-top10\/"},"wordCount":489,"commentCount":0,"publisher":{"@id":"https:\/\/www.boxrepsol.com\/es\/#organization"},"image":{"@id":"https:\/\/www.boxrepsol.com\/es\/motogp\/marc-marquez-finaliza-el-gran-premio-de-italia-en-el-top10\/#primaryimage"},"thumbnailUrl":"https:\/\/bxrepsol.s3.eu-west-1.amazonaws.com\/static\/2022\/08\/10042640\/http___repsolmedia.com_repsolmedia_wp-content_uploads_2022_05_JRB5610-scaled-1.jpg","keywords":["2022","Marc M\u00e1rquez","MotoGP Italia","Pol Espargar\u00f3"],"articleSection":["MotoGP"],"inLanguage":"es","potentialAction":[{"@type":"CommentAction","name":"Comment","target":["https:\/\/www.boxrepsol.com\/es\/motogp\/marc-marquez-finaliza-el-gran-premio-de-italia-en-el-top10\/#respond"]}]},{"@type":"WebPage","@id":"https:\/\/www.boxrepsol.com\/es\/motogp\/marc-marquez-finaliza-el-gran-premio-de-italia-en-el-top10\/","url":"https:\/\/www.boxrepsol.com\/es\/motogp\/marc-marquez-finaliza-el-gran-premio-de-italia-en-el-top10\/","name":"Marc M\u00e1rquez finaliza el Gran Premio de Italia en el Top10 - Box Repsol","isPartOf":{"@id":"https:\/\/www.boxrepsol.com\/es\/#website"},"primaryImageOfPage":{"@id":"https:\/\/www.boxrepsol.com\/es\/motogp\/marc-marquez-finaliza-el-gran-premio-de-italia-en-el-top10\/#primaryimage"},"image":{"@id":"https:\/\/www.boxrepsol.com\/es\/motogp\/marc-marquez-finaliza-el-gran-premio-de-italia-en-el-top10\/#primaryimage"},"thumbnailUrl":"https:\/\/bxrepsol.s3.eu-west-1.amazonaws.com\/static\/2022\/08\/10042640\/http___repsolmedia.com_repsolmedia_wp-content_uploads_2022_05_JRB5610-scaled-1.jpg","datePublished":"2022-05-29T02:00:00+00:00","dateModified":"2024-04-09T08:53:27+00:00","description":"Sigue la actuaci\u00f3n del piloto del equipo Repsol Honda en esta emocionante Gran Premio de Italia de MotoGP.","breadcrumb":{"@id":"https:\/\/www.boxrepsol.com\/es\/motogp\/marc-marquez-finaliza-el-gran-premio-de-italia-en-el-top10\/#breadcrumb"},"inLanguage":"es","potentialAction":[{"@type":"ReadAction","target":["https:\/\/www.boxrepsol.com\/es\/motogp\/marc-marquez-finaliza-el-gran-premio-de-italia-en-el-top10\/"]}]},{"@type":"ImageObject","inLanguage":"es","@id":"https:\/\/www.boxrepsol.com\/es\/motogp\/marc-marquez-finaliza-el-gran-premio-de-italia-en-el-top10\/#primaryimage","url":"https:\/\/bxrepsol.s3.eu-west-1.amazonaws.com\/static\/2022\/08\/10042640\/http___repsolmedia.com_repsolmedia_wp-content_uploads_2022_05_JRB5610-scaled-1.jpg","contentUrl":"https:\/\/bxrepsol.s3.eu-west-1.amazonaws.com\/static\/2022\/08\/10042640\/http___repsolmedia.com_repsolmedia_wp-content_uploads_2022_05_JRB5610-scaled-1.jpg","width":1280,"height":600},{"@type":"BreadcrumbList","@id":"https:\/\/www.boxrepsol.com\/es\/motogp\/marc-marquez-finaliza-el-gran-premio-de-italia-en-el-top10\/#breadcrumb","itemListElement":[{"@type":"ListItem","position":1,"name":"Home","item":"https:\/\/www.boxrepsol.com\/es\/"},{"@type":"ListItem","position":2,"name":"Marc M\u00e1rquez finaliza el Gran Premio de Italia en el Top10"}]},{"@type":"WebSite","@id":"https:\/\/www.boxrepsol.com\/es\/#website","url":"https:\/\/www.boxrepsol.com\/es\/","name":"Box Repsol","description":"Box Repsol Site","publisher":{"@id":"https:\/\/www.boxrepsol.com\/es\/#organization"},"potentialAction":[{"@type":"SearchAction","target":{"@type":"EntryPoint","urlTemplate":"https:\/\/www.boxrepsol.com\/es\/?s={search_term_string}"},"query-input":{"@type":"PropertyValueSpecification","valueRequired":true,"valueName":"search_term_string"}}],"inLanguage":"es"},{"@type":"Organization","@id":"https:\/\/www.boxrepsol.com\/es\/#organization","name":"Box Repsol","url":"https:\/\/www.boxrepsol.com\/es\/","logo":{"@type":"ImageObject","inLanguage":"es","@id":"https:\/\/www.boxrepsol.com\/es\/#\/schema\/logo\/image\/","url":"https:\/\/bxrepsol.s3.eu-west-1.amazonaws.com\/static\/2025\/07\/30083337\/favicon-96x96-1.png","contentUrl":"https:\/\/bxrepsol.s3.eu-west-1.amazonaws.com\/static\/2025\/07\/30083337\/favicon-96x96-1.png","width":96,"height":96,"caption":"Box Repsol"},"image":{"@id":"https:\/\/www.boxrepsol.com\/es\/#\/schema\/logo\/image\/"},"sameAs":["https:\/\/www.facebook.com\/BoxRepsol","https:\/\/x.com\/box_repsol","http:\/\/instagram.com\/box_repsol","https:\/\/www.youtube.com\/user\/RepsolCompeticion","https:\/\/www.flickr.com\/photos\/box_repsol\/"]},{"@type":"Person","@id":"https:\/\/www.boxrepsol.com\/es\/#\/schema\/person\/c5c2138f2cca251b0ad92b7086bb60b7","name":"Redacci\u00f3n Box Repsol","image":{"@type":"ImageObject","inLanguage":"es","@id":"https:\/\/secure.gravatar.com\/avatar\/adf7b77e38b4419baf32c7e9c21dde01f4e40df611f0978e3006fc4ba0aaab7e?s=96&d=mm&r=g","url":"https:\/\/secure.gravatar.com\/avatar\/adf7b77e38b4419baf32c7e9c21dde01f4e40df611f0978e3006fc4ba0aaab7e?s=96&d=mm&r=g","contentUrl":"https:\/\/secure.gravatar.com\/avatar\/adf7b77e38b4419baf32c7e9c21dde01f4e40df611f0978e3006fc4ba0aaab7e?s=96&d=mm&r=g","caption":"Redacci\u00f3n Box Repsol"},"description":"Box Repsol lo forma un equipo de periodistas, community managers, dise\u00f1adores y fot\u00f3grafos con m\u00e1s de 20 a\u00f1os de experiencia en el mundo del motorsport. Hemos vivido el primer mundial de un espa\u00f1ol en la categor\u00eda reina de motociclismo con \u00c1lex Crivill\u00e9, estuvimos en las victorias de Pedrosa y los t\u00edtulos de M\u00e1rquez, acompa\u00f1amos en \u00c1frica a Nani Roma y Marc Coma en sus conquistas del Dakar y hemos vibrado con los t\u00edtulos de Toni Bou en Trial. Adem\u00e1s, en nuestro equipo contamos con expertos en el mundo de las dos y cuatro ruedas tanto de la calle y las carreteras, como de los circuitos. Periodistas que han trabajado en revistas y publicaciones para hacerte llegar desde rutas y consejos de mantenimiento, a curiosidades y trucos de pilotaje.","sameAs":["https:\/\/www.facebook.com\/BoxRepsol\/","https:\/\/www.instagram.com\/box_repsol\/","https:\/\/x.com\/https:\/\/twitter.com\/box_repsol","https:\/\/www.youtube.com\/@Boxrepsol"],"url":"https:\/\/www.boxrepsol.com\/es\/author\/redaccion-box-repsol\/"}]}},"_links":{"self":[{"href":"https:\/\/www.boxrepsol.com\/es\/wp-json\/wp\/v2\/posts\/95367","targetHints":{"allow":["GET"]}}],"collection":[{"href":"https:\/\/www.boxrepsol.com\/es\/wp-json\/wp\/v2\/posts"}],"about":[{"href":"https:\/\/www.boxrepsol.com\/es\/wp-json\/wp\/v2\/types\/post"}],"author":[{"embeddable":true,"href":"https:\/\/www.boxrepsol.com\/es\/wp-json\/wp\/v2\/users\/43146"}],"replies":[{"embeddable":true,"href":"https:\/\/www.boxrepsol.com\/es\/wp-json\/wp\/v2\/comments?post=95367"}],"version-history":[{"count":2,"href":"https:\/\/www.boxrepsol.com\/es\/wp-json\/wp\/v2\/posts\/95367\/revisions"}],"predecessor-version":[{"id":107375,"href":"https:\/\/www.boxrepsol.com\/es\/wp-json\/wp\/v2\/posts\/95367\/revisions\/107375"}],"wp:featuredmedia":[{"embeddable":true,"href":"https:\/\/www.boxrepsol.com\/es\/wp-json\/wp\/v2\/media\/46142"}],"wp:attachment":[{"href":"https:\/\/www.boxrepsol.com\/es\/wp-json\/wp\/v2\/media?parent=95367"}],"wp:term":[{"taxonomy":"category","embeddable":true,"href":"https:\/\/www.boxrepsol.com\/es\/wp-json\/wp\/v2\/categories?post=95367"},{"taxonomy":"post_tag","embeddable":true,"href":"https:\/\/www.boxrepsol.com\/es\/wp-json\/wp\/v2\/tags?post=95367"}],"curies":[{"name":"wp","href":"https:\/\/api.w.org\/{rel}","templated":true}]}}