{"id":95365,"date":"2022-05-28T00:00:00","date_gmt":"2022-05-28T02:00:00","guid":{"rendered":"http:\/\/pre.boxrepsol.com\/sin-categorizar\/tercera-y-cuarta-linea-de-parrilla-para-los-pilotos-del-equipo-repsol-honda-en-mugello\/"},"modified":"2024-04-09T06:54:04","modified_gmt":"2024-04-09T08:54:04","slug":"tercera-y-cuarta-linea-de-parrilla-para-los-pilotos-del-equipo-repsol-honda-en-mugello","status":"publish","type":"post","link":"https:\/\/www.boxrepsol.com\/es\/motogp\/tercera-y-cuarta-linea-de-parrilla-para-los-pilotos-del-equipo-repsol-honda-en-mugello\/","title":{"rendered":"Tercera y cuarta l\u00ednea de parrilla para los pilotos del equipo Repsol Honda en Mugello"},"content":{"rendered":"<p>La jornada de entrenamientos clasificatorios en el <strong>Autodromo Internazionale del Mugello<\/strong> ha tenido lugar bajo unas condiciones meteorol\u00f3gicas mixtas.<\/p>\n<p><strong>Pol Espargar\u00f3<\/strong> ha empezado el d\u00eda disputando una buena FP3, logrando el octavo mejor tiempo con el que aseguraba el pase directo a la Q2. Bajo un cielo que amenazaba lluvia, el piloto del equipo <strong>Repsol Honda<\/strong> ha realizado una sesi\u00f3n clasificatoria constante, marcando un buen ritmo y con un mejor registro de 1 minuto, 46 segundos y 667 mil\u00e9simas ha finalizado noveno.<\/p>\n<p>Despu\u00e9s de quedarse a poco m\u00e1s de tres mil\u00e9simas de las primeras tres posiciones delanteras, <strong>Espargar\u00f3<\/strong> empezar\u00e1 la carrera de ma\u00f1ana desde la tercera l\u00ednea de la parrilla.<\/p>\n<p>El inicio de jornada en Mugello no ha sido el m\u00e1s \u00f3ptimo para Marc <strong>M\u00e1rquez,<\/strong> que no ha podido clasificarse directamente para la Q2. A\u00fan as\u00ed, en la Q1, el piloto del <strong>equipo Repsol Honda<\/strong> ha podido realizar una buena sesi\u00f3n y ha registrado el segundo mejor tiempo, asegurando de esta manera su pase a la Q2.<\/p>\n<p><strong>M\u00e1rquez<\/strong> ha empezado el segundo entrenamiento clasificatorio con confianza, pero las condiciones del asfalto &#8211; con algunos charcos- ha provocado una ca\u00edda de M\u00e1rquez sin graves consecuencias. Al final y con un mejor tiempo de 1 minuto, 47 segundos y 468, Marc empezar\u00e1 la carrera de ma\u00f1ana en <strong>Mugello<\/strong> desde la duod\u00e9cima posici\u00f3n de la parrilla.<\/p>\n<p>                    <a\n                        href=\"https:\/\/bxrepsol.s3.eu-west-1.amazonaws.com\/static\/2022\/08\/05095403\/http___repsolmedia.com_repsolmedia_wp-content_uploads_2022_05_JRB0627-scaled-1.jpg\"\n                        data-index=\"0\"\n                    ><br \/>\n                        <img decoding=\"async\"\n                            src=\"https:\/\/bxrepsol.s3.eu-west-1.amazonaws.com\/static\/2022\/08\/05095403\/http___repsolmedia.com_repsolmedia_wp-content_uploads_2022_05_JRB0627-scaled-1.jpg\"\n                            srcset=\"https:\/\/bxrepsol.s3.eu-west-1.amazonaws.com\/static\/2022\/08\/05095403\/http___repsolmedia.com_repsolmedia_wp-content_uploads_2022_05_JRB0627-scaled-1.jpg 2560w, https:\/\/bxrepsol.s3.eu-west-1.amazonaws.com\/static\/2022\/08\/05095403\/http___repsolmedia.com_repsolmedia_wp-content_uploads_2022_05_JRB0627-scaled-1.jpg 1280w, https:\/\/bxrepsol.s3.eu-west-1.amazonaws.com\/static\/2022\/08\/05095403\/http___repsolmedia.com_repsolmedia_wp-content_uploads_2022_05_JRB0627-scaled-1.jpg 900w, https:\/\/bxrepsol.s3.eu-west-1.amazonaws.com\/static\/2022\/08\/05095403\/http___repsolmedia.com_repsolmedia_wp-content_uploads_2022_05_JRB0627-scaled-1.jpg 600w, https:\/\/bxrepsol.s3.eu-west-1.amazonaws.com\/static\/2022\/08\/05095403\/http___repsolmedia.com_repsolmedia_wp-content_uploads_2022_05_JRB0627-scaled-1.jpg 480w, https:\/\/bxrepsol.s3.eu-west-1.amazonaws.com\/static\/2022\/08\/05095403\/http___repsolmedia.com_repsolmedia_wp-content_uploads_2022_05_JRB0627-scaled-1.jpg 32w\"\n                            title=\"http___repsolmedia.com_repsolmedia_wp-content_uploads_2022_05_JRB0627-scaled\"\n                            alt=\"\"\n                            data-title=\"\"><br \/>\n                    <\/a><br \/>\n                    <a\n                        href=\"https:\/\/bxrepsol.s3.eu-west-1.amazonaws.com\/static\/2022\/08\/05095406\/http___repsolmedia.com_repsolmedia_wp-content_uploads_2022_05_JRB0732-scaled-1.jpg\"\n                        data-index=\"1\"\n                    ><br \/>\n                        <img decoding=\"async\"\n                            src=\"https:\/\/bxrepsol.s3.eu-west-1.amazonaws.com\/static\/2022\/08\/05095406\/http___repsolmedia.com_repsolmedia_wp-content_uploads_2022_05_JRB0732-scaled-1.jpg\"\n                            srcset=\"https:\/\/bxrepsol.s3.eu-west-1.amazonaws.com\/static\/2022\/08\/05095406\/http___repsolmedia.com_repsolmedia_wp-content_uploads_2022_05_JRB0732-scaled-1.jpg 2560w, https:\/\/bxrepsol.s3.eu-west-1.amazonaws.com\/static\/2022\/08\/05095406\/http___repsolmedia.com_repsolmedia_wp-content_uploads_2022_05_JRB0732-scaled-1.jpg 1280w, https:\/\/bxrepsol.s3.eu-west-1.amazonaws.com\/static\/2022\/08\/05095406\/http___repsolmedia.com_repsolmedia_wp-content_uploads_2022_05_JRB0732-scaled-1.jpg 900w, https:\/\/bxrepsol.s3.eu-west-1.amazonaws.com\/static\/2022\/08\/05095406\/http___repsolmedia.com_repsolmedia_wp-content_uploads_2022_05_JRB0732-scaled-1.jpg 600w, https:\/\/bxrepsol.s3.eu-west-1.amazonaws.com\/static\/2022\/08\/05095406\/http___repsolmedia.com_repsolmedia_wp-content_uploads_2022_05_JRB0732-scaled-1.jpg 480w, https:\/\/bxrepsol.s3.eu-west-1.amazonaws.com\/static\/2022\/08\/05095406\/http___repsolmedia.com_repsolmedia_wp-content_uploads_2022_05_JRB0732-scaled-1.jpg 32w\"\n                            title=\"http___repsolmedia.com_repsolmedia_wp-content_uploads_2022_05_JRB0732-scaled\"\n                            alt=\"\"\n                            data-title=\"\"><br \/>\n                    <\/a><br \/>\n                    <a\n                        href=\"https:\/\/bxrepsol.s3.eu-west-1.amazonaws.com\/static\/2022\/08\/05095409\/http___repsolmedia.com_repsolmedia_wp-content_uploads_2022_05_JRB3362-scaled-1.jpg\"\n                        data-index=\"2\"\n                    ><br \/>\n                        <img decoding=\"async\"\n                            src=\"https:\/\/bxrepsol.s3.eu-west-1.amazonaws.com\/static\/2022\/08\/05095409\/http___repsolmedia.com_repsolmedia_wp-content_uploads_2022_05_JRB3362-scaled-1.jpg\"\n                            srcset=\"https:\/\/bxrepsol.s3.eu-west-1.amazonaws.com\/static\/2022\/08\/05095409\/http___repsolmedia.com_repsolmedia_wp-content_uploads_2022_05_JRB3362-scaled-1.jpg 2560w, https:\/\/bxrepsol.s3.eu-west-1.amazonaws.com\/static\/2022\/08\/05095409\/http___repsolmedia.com_repsolmedia_wp-content_uploads_2022_05_JRB3362-scaled-1.jpg 1280w, https:\/\/bxrepsol.s3.eu-west-1.amazonaws.com\/static\/2022\/08\/05095409\/http___repsolmedia.com_repsolmedia_wp-content_uploads_2022_05_JRB3362-scaled-1.jpg 900w, https:\/\/bxrepsol.s3.eu-west-1.amazonaws.com\/static\/2022\/08\/05095409\/http___repsolmedia.com_repsolmedia_wp-content_uploads_2022_05_JRB3362-scaled-1.jpg 600w, https:\/\/bxrepsol.s3.eu-west-1.amazonaws.com\/static\/2022\/08\/05095409\/http___repsolmedia.com_repsolmedia_wp-content_uploads_2022_05_JRB3362-scaled-1.jpg 480w, https:\/\/bxrepsol.s3.eu-west-1.amazonaws.com\/static\/2022\/08\/05095409\/http___repsolmedia.com_repsolmedia_wp-content_uploads_2022_05_JRB3362-scaled-1.jpg 32w\"\n                            title=\"http___repsolmedia.com_repsolmedia_wp-content_uploads_2022_05_JRB3362-scaled\"\n                            alt=\"\"\n                            data-title=\"\"><br \/>\n                    <\/a><br \/>\n                    <a\n                        href=\"https:\/\/bxrepsol.s3.eu-west-1.amazonaws.com\/static\/2022\/08\/05095412\/http___repsolmedia.com_repsolmedia_wp-content_uploads_2022_05_JRB3809-scaled-1.jpg\"\n                        data-index=\"3\"\n                    ><br \/>\n                        <img decoding=\"async\"\n                            src=\"https:\/\/bxrepsol.s3.eu-west-1.amazonaws.com\/static\/2022\/08\/05095412\/http___repsolmedia.com_repsolmedia_wp-content_uploads_2022_05_JRB3809-scaled-1.jpg\"\n                            srcset=\"https:\/\/bxrepsol.s3.eu-west-1.amazonaws.com\/static\/2022\/08\/05095412\/http___repsolmedia.com_repsolmedia_wp-content_uploads_2022_05_JRB3809-scaled-1.jpg 2560w, https:\/\/bxrepsol.s3.eu-west-1.amazonaws.com\/static\/2022\/08\/05095412\/http___repsolmedia.com_repsolmedia_wp-content_uploads_2022_05_JRB3809-scaled-1.jpg 1280w, https:\/\/bxrepsol.s3.eu-west-1.amazonaws.com\/static\/2022\/08\/05095412\/http___repsolmedia.com_repsolmedia_wp-content_uploads_2022_05_JRB3809-scaled-1.jpg 900w, https:\/\/bxrepsol.s3.eu-west-1.amazonaws.com\/static\/2022\/08\/05095412\/http___repsolmedia.com_repsolmedia_wp-content_uploads_2022_05_JRB3809-scaled-1.jpg 600w, https:\/\/bxrepsol.s3.eu-west-1.amazonaws.com\/static\/2022\/08\/05095412\/http___repsolmedia.com_repsolmedia_wp-content_uploads_2022_05_JRB3809-scaled-1.jpg 480w, https:\/\/bxrepsol.s3.eu-west-1.amazonaws.com\/static\/2022\/08\/05095412\/http___repsolmedia.com_repsolmedia_wp-content_uploads_2022_05_JRB3809-scaled-1.jpg 32w\"\n                            title=\"http___repsolmedia.com_repsolmedia_wp-content_uploads_2022_05_JRB3809-scaled\"\n                            alt=\"\"\n                            data-title=\"\"><br \/>\n                    <\/a><br \/>\n                    <a\n                        href=\"https:\/\/bxrepsol.s3.eu-west-1.amazonaws.com\/static\/2022\/08\/05095415\/http___repsolmedia.com_repsolmedia_wp-content_uploads_2022_05_JRB1315-scaled-1.jpg\"\n                        data-index=\"4\"\n                    ><br \/>\n                        <img decoding=\"async\"\n                            src=\"https:\/\/bxrepsol.s3.eu-west-1.amazonaws.com\/static\/2022\/08\/05095415\/http___repsolmedia.com_repsolmedia_wp-content_uploads_2022_05_JRB1315-scaled-1.jpg\"\n                            srcset=\"https:\/\/bxrepsol.s3.eu-west-1.amazonaws.com\/static\/2022\/08\/05095415\/http___repsolmedia.com_repsolmedia_wp-content_uploads_2022_05_JRB1315-scaled-1.jpg 2560w, https:\/\/bxrepsol.s3.eu-west-1.amazonaws.com\/static\/2022\/08\/05095415\/http___repsolmedia.com_repsolmedia_wp-content_uploads_2022_05_JRB1315-scaled-1.jpg 1280w, https:\/\/bxrepsol.s3.eu-west-1.amazonaws.com\/static\/2022\/08\/05095415\/http___repsolmedia.com_repsolmedia_wp-content_uploads_2022_05_JRB1315-scaled-1.jpg 900w, https:\/\/bxrepsol.s3.eu-west-1.amazonaws.com\/static\/2022\/08\/05095415\/http___repsolmedia.com_repsolmedia_wp-content_uploads_2022_05_JRB1315-scaled-1.jpg 600w, https:\/\/bxrepsol.s3.eu-west-1.amazonaws.com\/static\/2022\/08\/05095415\/http___repsolmedia.com_repsolmedia_wp-content_uploads_2022_05_JRB1315-scaled-1.jpg 480w, https:\/\/bxrepsol.s3.eu-west-1.amazonaws.com\/static\/2022\/08\/05095415\/http___repsolmedia.com_repsolmedia_wp-content_uploads_2022_05_JRB1315-scaled-1.jpg 32w\"\n                            title=\"http___repsolmedia.com_repsolmedia_wp-content_uploads_2022_05_JRB1315-scaled\"\n                            alt=\"\"\n                            data-title=\"\"><br \/>\n                    <\/a><br \/>\n        <button data-glide-dir=\"<\"><br \/>\n            <svg role=\"img\"  viewBox=\"0 0 256 512\">\n                <path fill=\"currentColor\" d=\"M238.475 475.535l7.071-7.07c4.686-4.686 4.686-12.284 0-16.971L50.053 256 245.546 60.506c4.686-4.686 4.686-12.284 0-16.971l-7.071-7.07c-4.686-4.686-12.284-4.686-16.97 0L10.454 247.515c-4.686 4.686-4.686 12.284 0 16.971l211.051 211.05c4.686 4.686 12.284 4.686 16.97-.001z\"><\/path>\n            <\/svg><br \/>\n        <\/button><br \/>\n        <button data-glide-dir=\">\u00ab><br \/>\n            <svg role=\"img\"  viewBox=\"0 0 256 512\">\n                <path fill=\"currentColor\" d=\"M17.525 36.465l-7.071 7.07c-4.686 4.686-4.686 12.284 0 16.971L205.947 256 10.454 451.494c-4.686 4.686-4.686 12.284 0 16.971l7.071 7.07c4.686 4.686 12.284 4.686 16.97 0l211.051-211.05c4.686-4.686 4.686-12.284 0-16.971L34.495 36.465c-4.686-4.687-12.284-4.687-16.97 0z\"><\/path>\n            <\/svg><br \/>\n        <\/button><\/p>\n<p><strong>Declaraciones de los pilotos<\/strong><\/p>\n<p><a href=\"https:\/\/twitter.com\/hashtag\/MM93?src=hashtag_click\">#MM93<\/a><\/p>\n<p>\u00abHoy ha sido otro d\u00eda dif\u00edcil. En los libres 4 hemos cambiado algo en la moto que ha mejorado mis sensaciones. Despu\u00e9s, la Q1 y la Q2 han sido una aut\u00e9ntica locura. Especialmente en la Q1 he arriesgado mucho con los slicks porque ya llov\u00eda. En la Q2 tambi\u00e9n he arriesgado un poco pero el resultado no ha llegado y en la primera vuelta he cometido un error y me he ca\u00eddo, esperaba que estuviera seco pero estaba completamente mojado. Finalmente, s\u00f3lo he podido hacer mi time attack con la moto de lluvia y con algunos peque\u00f1os cambios en la puesta a punto. A ver qu\u00e9 pasa ma\u00f1ana en la carrera, seguir\u00e9 dando mi 100% para ayudar a Honda\u00bb.<\/p>\n<p><a href=\"https:\/\/twitter.com\/hashtag\/POL44?src=hashtag_click\">#POL44<\/a><\/p>\n<p>\u00abNo ha sido un mal d\u00eda si tenemos en cuenta las condiciones, hoy era muy f\u00e1cil caerse y era dif\u00edcil hacer una vuelta r\u00e1pida. Tenemos una sensaci\u00f3n mixta, no podemos estar decepcionados o disgustados con lo que hemos conseguido, pero tampoco podemos alegrarnos de ello. Ma\u00f1ana es la carrera y espero que las condiciones se mantengan fr\u00edas como hoy, porque creo que existe la posibilidad de hacer una buena carrera. Aqu\u00ed somos fuertes en la frenada, as\u00ed que tendremos que utilizarlo todo para luchar contra nuestros rivales\u00bb.<\/p>\n","protected":false},"excerpt":{"rendered":"<p>Pol Espargar\u00f3 ha sido el noveno piloto m\u00e1s r\u00e1pido de la Q2 del Gran Premio de Italia, con Marc M\u00e1rquez, terminando duod\u00e9cimo<\/p>\n","protected":false},"author":43146,"featured_media":46128,"comment_status":"open","ping_status":"open","sticky":false,"template":"","format":"standard","meta":{"footnotes":""},"categories":[4],"tags":[120,6,127,128],"class_list":["post-95365","post","type-post","status-publish","format-standard","hentry","category-motogp","tag-120","tag-marc-marquez","tag-motogp-italia","tag-pol-espargaro"],"yoast_head":"<!-- This site is optimized with the Yoast SEO plugin v27.3 - https:\/\/yoast.com\/product\/yoast-seo-wordpress\/ -->\n<title>Tercera y cuarta l\u00ednea de parrilla para los pilotos del equipo Repsol Honda en Mugello - Box Repsol<\/title>\n<link rel=\"canonical\" href=\"https:\/\/www.boxrepsol.com\/es\/motogp\/tercera-y-cuarta-linea-de-parrilla-para-los-pilotos-del-equipo-repsol-honda-en-mugello\/\" \/>\n<meta property=\"og:locale\" content=\"es_ES\" \/>\n<meta property=\"og:type\" content=\"article\" \/>\n<meta property=\"og:title\" content=\"Tercera y cuarta l\u00ednea de parrilla para los pilotos del equipo Repsol Honda en Mugello - Box Repsol\" \/>\n<meta property=\"og:description\" content=\"Pol Espargar\u00f3 ha sido el noveno piloto m\u00e1s r\u00e1pido de la Q2 del Gran Premio de Italia, con Marc M\u00e1rquez, terminando duod\u00e9cimo\" \/>\n<meta property=\"og:url\" content=\"https:\/\/www.boxrepsol.com\/es\/motogp\/tercera-y-cuarta-linea-de-parrilla-para-los-pilotos-del-equipo-repsol-honda-en-mugello\/\" \/>\n<meta property=\"og:site_name\" content=\"Box Repsol\" \/>\n<meta property=\"article:publisher\" content=\"https:\/\/www.facebook.com\/BoxRepsol\" \/>\n<meta property=\"article:author\" content=\"https:\/\/www.facebook.com\/BoxRepsol\/\" \/>\n<meta property=\"article:published_time\" content=\"2022-05-28T02:00:00+00:00\" \/>\n<meta property=\"article:modified_time\" content=\"2024-04-09T08:54:04+00:00\" \/>\n<meta property=\"og:image\" content=\"https:\/\/bxrepsol.s3.eu-west-1.amazonaws.com\/static\/2022\/08\/10042623\/http___repsolmedia.com_repsolmedia_wp-content_uploads_2022_05_JRB1531-scaled-1.jpg\" \/>\n\t<meta property=\"og:image:width\" content=\"1280\" \/>\n\t<meta property=\"og:image:height\" content=\"600\" \/>\n\t<meta property=\"og:image:type\" content=\"image\/jpeg\" \/>\n<meta name=\"author\" content=\"Redacci\u00f3n Box Repsol\" \/>\n<meta name=\"twitter:card\" content=\"summary_large_image\" \/>\n<meta name=\"twitter:creator\" content=\"@https:\/\/twitter.com\/box_repsol\" \/>\n<meta name=\"twitter:site\" content=\"@box_repsol\" \/>\n<meta name=\"twitter:label1\" content=\"Written by\" \/>\n\t<meta name=\"twitter:data1\" content=\"Redacci\u00f3n Box Repsol\" \/>\n\t<meta name=\"twitter:label2\" content=\"Est. reading time\" \/>\n\t<meta name=\"twitter:data2\" content=\"2 minutos\" \/>\n<script type=\"application\/ld+json\" class=\"yoast-schema-graph\">{\"@context\":\"https:\\\/\\\/schema.org\",\"@graph\":[{\"@type\":\"Article\",\"@id\":\"https:\\\/\\\/www.boxrepsol.com\\\/es\\\/motogp\\\/tercera-y-cuarta-linea-de-parrilla-para-los-pilotos-del-equipo-repsol-honda-en-mugello\\\/#article\",\"isPartOf\":{\"@id\":\"https:\\\/\\\/www.boxrepsol.com\\\/es\\\/motogp\\\/tercera-y-cuarta-linea-de-parrilla-para-los-pilotos-del-equipo-repsol-honda-en-mugello\\\/\"},\"author\":{\"name\":\"Redacci\u00f3n Box Repsol\",\"@id\":\"https:\\\/\\\/www.boxrepsol.com\\\/es\\\/#\\\/schema\\\/person\\\/c5c2138f2cca251b0ad92b7086bb60b7\"},\"headline\":\"Tercera y cuarta l\u00ednea de parrilla para los pilotos del equipo Repsol Honda en Mugello\",\"datePublished\":\"2022-05-28T02:00:00+00:00\",\"dateModified\":\"2024-04-09T08:54:04+00:00\",\"mainEntityOfPage\":{\"@id\":\"https:\\\/\\\/www.boxrepsol.com\\\/es\\\/motogp\\\/tercera-y-cuarta-linea-de-parrilla-para-los-pilotos-del-equipo-repsol-honda-en-mugello\\\/\"},\"wordCount\":479,\"commentCount\":0,\"publisher\":{\"@id\":\"https:\\\/\\\/www.boxrepsol.com\\\/es\\\/#organization\"},\"image\":{\"@id\":\"https:\\\/\\\/www.boxrepsol.com\\\/es\\\/motogp\\\/tercera-y-cuarta-linea-de-parrilla-para-los-pilotos-del-equipo-repsol-honda-en-mugello\\\/#primaryimage\"},\"thumbnailUrl\":\"https:\\\/\\\/bxrepsol.s3.eu-west-1.amazonaws.com\\\/static\\\/2022\\\/08\\\/10042623\\\/http___repsolmedia.com_repsolmedia_wp-content_uploads_2022_05_JRB1531-scaled-1.jpg\",\"keywords\":[\"2022\",\"Marc M\u00e1rquez\",\"MotoGP Italia\",\"Pol Espargar\u00f3\"],\"articleSection\":[\"MotoGP\"],\"inLanguage\":\"es\",\"potentialAction\":[{\"@type\":\"CommentAction\",\"name\":\"Comment\",\"target\":[\"https:\\\/\\\/www.boxrepsol.com\\\/es\\\/motogp\\\/tercera-y-cuarta-linea-de-parrilla-para-los-pilotos-del-equipo-repsol-honda-en-mugello\\\/#respond\"]}]},{\"@type\":\"WebPage\",\"@id\":\"https:\\\/\\\/www.boxrepsol.com\\\/es\\\/motogp\\\/tercera-y-cuarta-linea-de-parrilla-para-los-pilotos-del-equipo-repsol-honda-en-mugello\\\/\",\"url\":\"https:\\\/\\\/www.boxrepsol.com\\\/es\\\/motogp\\\/tercera-y-cuarta-linea-de-parrilla-para-los-pilotos-del-equipo-repsol-honda-en-mugello\\\/\",\"name\":\"Tercera y cuarta l\u00ednea de parrilla para los pilotos del equipo Repsol Honda en Mugello - Box Repsol\",\"isPartOf\":{\"@id\":\"https:\\\/\\\/www.boxrepsol.com\\\/es\\\/#website\"},\"primaryImageOfPage\":{\"@id\":\"https:\\\/\\\/www.boxrepsol.com\\\/es\\\/motogp\\\/tercera-y-cuarta-linea-de-parrilla-para-los-pilotos-del-equipo-repsol-honda-en-mugello\\\/#primaryimage\"},\"image\":{\"@id\":\"https:\\\/\\\/www.boxrepsol.com\\\/es\\\/motogp\\\/tercera-y-cuarta-linea-de-parrilla-para-los-pilotos-del-equipo-repsol-honda-en-mugello\\\/#primaryimage\"},\"thumbnailUrl\":\"https:\\\/\\\/bxrepsol.s3.eu-west-1.amazonaws.com\\\/static\\\/2022\\\/08\\\/10042623\\\/http___repsolmedia.com_repsolmedia_wp-content_uploads_2022_05_JRB1531-scaled-1.jpg\",\"datePublished\":\"2022-05-28T02:00:00+00:00\",\"dateModified\":\"2024-04-09T08:54:04+00:00\",\"breadcrumb\":{\"@id\":\"https:\\\/\\\/www.boxrepsol.com\\\/es\\\/motogp\\\/tercera-y-cuarta-linea-de-parrilla-para-los-pilotos-del-equipo-repsol-honda-en-mugello\\\/#breadcrumb\"},\"inLanguage\":\"es\",\"potentialAction\":[{\"@type\":\"ReadAction\",\"target\":[\"https:\\\/\\\/www.boxrepsol.com\\\/es\\\/motogp\\\/tercera-y-cuarta-linea-de-parrilla-para-los-pilotos-del-equipo-repsol-honda-en-mugello\\\/\"]}]},{\"@type\":\"ImageObject\",\"inLanguage\":\"es\",\"@id\":\"https:\\\/\\\/www.boxrepsol.com\\\/es\\\/motogp\\\/tercera-y-cuarta-linea-de-parrilla-para-los-pilotos-del-equipo-repsol-honda-en-mugello\\\/#primaryimage\",\"url\":\"https:\\\/\\\/bxrepsol.s3.eu-west-1.amazonaws.com\\\/static\\\/2022\\\/08\\\/10042623\\\/http___repsolmedia.com_repsolmedia_wp-content_uploads_2022_05_JRB1531-scaled-1.jpg\",\"contentUrl\":\"https:\\\/\\\/bxrepsol.s3.eu-west-1.amazonaws.com\\\/static\\\/2022\\\/08\\\/10042623\\\/http___repsolmedia.com_repsolmedia_wp-content_uploads_2022_05_JRB1531-scaled-1.jpg\",\"width\":1280,\"height\":600},{\"@type\":\"BreadcrumbList\",\"@id\":\"https:\\\/\\\/www.boxrepsol.com\\\/es\\\/motogp\\\/tercera-y-cuarta-linea-de-parrilla-para-los-pilotos-del-equipo-repsol-honda-en-mugello\\\/#breadcrumb\",\"itemListElement\":[{\"@type\":\"ListItem\",\"position\":1,\"name\":\"Home\",\"item\":\"https:\\\/\\\/www.boxrepsol.com\\\/es\\\/\"},{\"@type\":\"ListItem\",\"position\":2,\"name\":\"Tercera y cuarta l\u00ednea de parrilla para los pilotos del equipo Repsol Honda en Mugello\"}]},{\"@type\":\"WebSite\",\"@id\":\"https:\\\/\\\/www.boxrepsol.com\\\/es\\\/#website\",\"url\":\"https:\\\/\\\/www.boxrepsol.com\\\/es\\\/\",\"name\":\"Box Repsol\",\"description\":\"Box Repsol Site\",\"publisher\":{\"@id\":\"https:\\\/\\\/www.boxrepsol.com\\\/es\\\/#organization\"},\"potentialAction\":[{\"@type\":\"SearchAction\",\"target\":{\"@type\":\"EntryPoint\",\"urlTemplate\":\"https:\\\/\\\/www.boxrepsol.com\\\/es\\\/?s={search_term_string}\"},\"query-input\":{\"@type\":\"PropertyValueSpecification\",\"valueRequired\":true,\"valueName\":\"search_term_string\"}}],\"inLanguage\":\"es\"},{\"@type\":\"Organization\",\"@id\":\"https:\\\/\\\/www.boxrepsol.com\\\/es\\\/#organization\",\"name\":\"Box Repsol\",\"url\":\"https:\\\/\\\/www.boxrepsol.com\\\/es\\\/\",\"logo\":{\"@type\":\"ImageObject\",\"inLanguage\":\"es\",\"@id\":\"https:\\\/\\\/www.boxrepsol.com\\\/es\\\/#\\\/schema\\\/logo\\\/image\\\/\",\"url\":\"https:\\\/\\\/bxrepsol.s3.eu-west-1.amazonaws.com\\\/static\\\/2025\\\/07\\\/30083337\\\/favicon-96x96-1.png\",\"contentUrl\":\"https:\\\/\\\/bxrepsol.s3.eu-west-1.amazonaws.com\\\/static\\\/2025\\\/07\\\/30083337\\\/favicon-96x96-1.png\",\"width\":96,\"height\":96,\"caption\":\"Box Repsol\"},\"image\":{\"@id\":\"https:\\\/\\\/www.boxrepsol.com\\\/es\\\/#\\\/schema\\\/logo\\\/image\\\/\"},\"sameAs\":[\"https:\\\/\\\/www.facebook.com\\\/BoxRepsol\",\"https:\\\/\\\/x.com\\\/box_repsol\",\"http:\\\/\\\/instagram.com\\\/box_repsol\",\"https:\\\/\\\/www.youtube.com\\\/user\\\/RepsolCompeticion\",\"https:\\\/\\\/www.flickr.com\\\/photos\\\/box_repsol\\\/\"]},{\"@type\":\"Person\",\"@id\":\"https:\\\/\\\/www.boxrepsol.com\\\/es\\\/#\\\/schema\\\/person\\\/c5c2138f2cca251b0ad92b7086bb60b7\",\"name\":\"Redacci\u00f3n Box Repsol\",\"image\":{\"@type\":\"ImageObject\",\"inLanguage\":\"es\",\"@id\":\"https:\\\/\\\/secure.gravatar.com\\\/avatar\\\/adf7b77e38b4419baf32c7e9c21dde01f4e40df611f0978e3006fc4ba0aaab7e?s=96&d=mm&r=g\",\"url\":\"https:\\\/\\\/secure.gravatar.com\\\/avatar\\\/adf7b77e38b4419baf32c7e9c21dde01f4e40df611f0978e3006fc4ba0aaab7e?s=96&d=mm&r=g\",\"contentUrl\":\"https:\\\/\\\/secure.gravatar.com\\\/avatar\\\/adf7b77e38b4419baf32c7e9c21dde01f4e40df611f0978e3006fc4ba0aaab7e?s=96&d=mm&r=g\",\"caption\":\"Redacci\u00f3n Box Repsol\"},\"description\":\"Box Repsol lo forma un equipo de periodistas, community managers, dise\u00f1adores y fot\u00f3grafos con m\u00e1s de 20 a\u00f1os de experiencia en el mundo del motorsport. Hemos vivido el primer mundial de un espa\u00f1ol en la categor\u00eda reina de motociclismo con \u00c1lex Crivill\u00e9, estuvimos en las victorias de Pedrosa y los t\u00edtulos de M\u00e1rquez, acompa\u00f1amos en \u00c1frica a Nani Roma y Marc Coma en sus conquistas del Dakar y hemos vibrado con los t\u00edtulos de Toni Bou en Trial. Adem\u00e1s, en nuestro equipo contamos con expertos en el mundo de las dos y cuatro ruedas tanto de la calle y las carreteras, como de los circuitos. Periodistas que han trabajado en revistas y publicaciones para hacerte llegar desde rutas y consejos de mantenimiento, a curiosidades y trucos de pilotaje.\",\"sameAs\":[\"https:\\\/\\\/www.facebook.com\\\/BoxRepsol\\\/\",\"https:\\\/\\\/www.instagram.com\\\/box_repsol\\\/\",\"https:\\\/\\\/x.com\\\/https:\\\/\\\/twitter.com\\\/box_repsol\",\"https:\\\/\\\/www.youtube.com\\\/@Boxrepsol\"],\"url\":\"https:\\\/\\\/www.boxrepsol.com\\\/es\\\/author\\\/redaccion-box-repsol\\\/\"}]}<\/script>\n<!-- \/ Yoast SEO plugin. -->","yoast_head_json":{"title":"Tercera y cuarta l\u00ednea de parrilla para los pilotos del equipo Repsol Honda en Mugello - Box Repsol","canonical":"https:\/\/www.boxrepsol.com\/es\/motogp\/tercera-y-cuarta-linea-de-parrilla-para-los-pilotos-del-equipo-repsol-honda-en-mugello\/","og_locale":"es_ES","og_type":"article","og_title":"Tercera y cuarta l\u00ednea de parrilla para los pilotos del equipo Repsol Honda en Mugello - Box Repsol","og_description":"Pol Espargar\u00f3 ha sido el noveno piloto m\u00e1s r\u00e1pido de la Q2 del Gran Premio de Italia, con Marc M\u00e1rquez, terminando duod\u00e9cimo","og_url":"https:\/\/www.boxrepsol.com\/es\/motogp\/tercera-y-cuarta-linea-de-parrilla-para-los-pilotos-del-equipo-repsol-honda-en-mugello\/","og_site_name":"Box Repsol","article_publisher":"https:\/\/www.facebook.com\/BoxRepsol","article_author":"https:\/\/www.facebook.com\/BoxRepsol\/","article_published_time":"2022-05-28T02:00:00+00:00","article_modified_time":"2024-04-09T08:54:04+00:00","og_image":[{"width":1280,"height":600,"url":"https:\/\/bxrepsol.s3.eu-west-1.amazonaws.com\/static\/2022\/08\/10042623\/http___repsolmedia.com_repsolmedia_wp-content_uploads_2022_05_JRB1531-scaled-1.jpg","type":"image\/jpeg"}],"author":"Redacci\u00f3n Box Repsol","twitter_card":"summary_large_image","twitter_creator":"@https:\/\/twitter.com\/box_repsol","twitter_site":"@box_repsol","twitter_misc":{"Written by":"Redacci\u00f3n Box Repsol","Est. reading time":"2 minutos"},"schema":{"@context":"https:\/\/schema.org","@graph":[{"@type":"Article","@id":"https:\/\/www.boxrepsol.com\/es\/motogp\/tercera-y-cuarta-linea-de-parrilla-para-los-pilotos-del-equipo-repsol-honda-en-mugello\/#article","isPartOf":{"@id":"https:\/\/www.boxrepsol.com\/es\/motogp\/tercera-y-cuarta-linea-de-parrilla-para-los-pilotos-del-equipo-repsol-honda-en-mugello\/"},"author":{"name":"Redacci\u00f3n Box Repsol","@id":"https:\/\/www.boxrepsol.com\/es\/#\/schema\/person\/c5c2138f2cca251b0ad92b7086bb60b7"},"headline":"Tercera y cuarta l\u00ednea de parrilla para los pilotos del equipo Repsol Honda en Mugello","datePublished":"2022-05-28T02:00:00+00:00","dateModified":"2024-04-09T08:54:04+00:00","mainEntityOfPage":{"@id":"https:\/\/www.boxrepsol.com\/es\/motogp\/tercera-y-cuarta-linea-de-parrilla-para-los-pilotos-del-equipo-repsol-honda-en-mugello\/"},"wordCount":479,"commentCount":0,"publisher":{"@id":"https:\/\/www.boxrepsol.com\/es\/#organization"},"image":{"@id":"https:\/\/www.boxrepsol.com\/es\/motogp\/tercera-y-cuarta-linea-de-parrilla-para-los-pilotos-del-equipo-repsol-honda-en-mugello\/#primaryimage"},"thumbnailUrl":"https:\/\/bxrepsol.s3.eu-west-1.amazonaws.com\/static\/2022\/08\/10042623\/http___repsolmedia.com_repsolmedia_wp-content_uploads_2022_05_JRB1531-scaled-1.jpg","keywords":["2022","Marc M\u00e1rquez","MotoGP Italia","Pol Espargar\u00f3"],"articleSection":["MotoGP"],"inLanguage":"es","potentialAction":[{"@type":"CommentAction","name":"Comment","target":["https:\/\/www.boxrepsol.com\/es\/motogp\/tercera-y-cuarta-linea-de-parrilla-para-los-pilotos-del-equipo-repsol-honda-en-mugello\/#respond"]}]},{"@type":"WebPage","@id":"https:\/\/www.boxrepsol.com\/es\/motogp\/tercera-y-cuarta-linea-de-parrilla-para-los-pilotos-del-equipo-repsol-honda-en-mugello\/","url":"https:\/\/www.boxrepsol.com\/es\/motogp\/tercera-y-cuarta-linea-de-parrilla-para-los-pilotos-del-equipo-repsol-honda-en-mugello\/","name":"Tercera y cuarta l\u00ednea de parrilla para los pilotos del equipo Repsol Honda en Mugello - Box Repsol","isPartOf":{"@id":"https:\/\/www.boxrepsol.com\/es\/#website"},"primaryImageOfPage":{"@id":"https:\/\/www.boxrepsol.com\/es\/motogp\/tercera-y-cuarta-linea-de-parrilla-para-los-pilotos-del-equipo-repsol-honda-en-mugello\/#primaryimage"},"image":{"@id":"https:\/\/www.boxrepsol.com\/es\/motogp\/tercera-y-cuarta-linea-de-parrilla-para-los-pilotos-del-equipo-repsol-honda-en-mugello\/#primaryimage"},"thumbnailUrl":"https:\/\/bxrepsol.s3.eu-west-1.amazonaws.com\/static\/2022\/08\/10042623\/http___repsolmedia.com_repsolmedia_wp-content_uploads_2022_05_JRB1531-scaled-1.jpg","datePublished":"2022-05-28T02:00:00+00:00","dateModified":"2024-04-09T08:54:04+00:00","breadcrumb":{"@id":"https:\/\/www.boxrepsol.com\/es\/motogp\/tercera-y-cuarta-linea-de-parrilla-para-los-pilotos-del-equipo-repsol-honda-en-mugello\/#breadcrumb"},"inLanguage":"es","potentialAction":[{"@type":"ReadAction","target":["https:\/\/www.boxrepsol.com\/es\/motogp\/tercera-y-cuarta-linea-de-parrilla-para-los-pilotos-del-equipo-repsol-honda-en-mugello\/"]}]},{"@type":"ImageObject","inLanguage":"es","@id":"https:\/\/www.boxrepsol.com\/es\/motogp\/tercera-y-cuarta-linea-de-parrilla-para-los-pilotos-del-equipo-repsol-honda-en-mugello\/#primaryimage","url":"https:\/\/bxrepsol.s3.eu-west-1.amazonaws.com\/static\/2022\/08\/10042623\/http___repsolmedia.com_repsolmedia_wp-content_uploads_2022_05_JRB1531-scaled-1.jpg","contentUrl":"https:\/\/bxrepsol.s3.eu-west-1.amazonaws.com\/static\/2022\/08\/10042623\/http___repsolmedia.com_repsolmedia_wp-content_uploads_2022_05_JRB1531-scaled-1.jpg","width":1280,"height":600},{"@type":"BreadcrumbList","@id":"https:\/\/www.boxrepsol.com\/es\/motogp\/tercera-y-cuarta-linea-de-parrilla-para-los-pilotos-del-equipo-repsol-honda-en-mugello\/#breadcrumb","itemListElement":[{"@type":"ListItem","position":1,"name":"Home","item":"https:\/\/www.boxrepsol.com\/es\/"},{"@type":"ListItem","position":2,"name":"Tercera y cuarta l\u00ednea de parrilla para los pilotos del equipo Repsol Honda en Mugello"}]},{"@type":"WebSite","@id":"https:\/\/www.boxrepsol.com\/es\/#website","url":"https:\/\/www.boxrepsol.com\/es\/","name":"Box Repsol","description":"Box Repsol Site","publisher":{"@id":"https:\/\/www.boxrepsol.com\/es\/#organization"},"potentialAction":[{"@type":"SearchAction","target":{"@type":"EntryPoint","urlTemplate":"https:\/\/www.boxrepsol.com\/es\/?s={search_term_string}"},"query-input":{"@type":"PropertyValueSpecification","valueRequired":true,"valueName":"search_term_string"}}],"inLanguage":"es"},{"@type":"Organization","@id":"https:\/\/www.boxrepsol.com\/es\/#organization","name":"Box Repsol","url":"https:\/\/www.boxrepsol.com\/es\/","logo":{"@type":"ImageObject","inLanguage":"es","@id":"https:\/\/www.boxrepsol.com\/es\/#\/schema\/logo\/image\/","url":"https:\/\/bxrepsol.s3.eu-west-1.amazonaws.com\/static\/2025\/07\/30083337\/favicon-96x96-1.png","contentUrl":"https:\/\/bxrepsol.s3.eu-west-1.amazonaws.com\/static\/2025\/07\/30083337\/favicon-96x96-1.png","width":96,"height":96,"caption":"Box Repsol"},"image":{"@id":"https:\/\/www.boxrepsol.com\/es\/#\/schema\/logo\/image\/"},"sameAs":["https:\/\/www.facebook.com\/BoxRepsol","https:\/\/x.com\/box_repsol","http:\/\/instagram.com\/box_repsol","https:\/\/www.youtube.com\/user\/RepsolCompeticion","https:\/\/www.flickr.com\/photos\/box_repsol\/"]},{"@type":"Person","@id":"https:\/\/www.boxrepsol.com\/es\/#\/schema\/person\/c5c2138f2cca251b0ad92b7086bb60b7","name":"Redacci\u00f3n Box Repsol","image":{"@type":"ImageObject","inLanguage":"es","@id":"https:\/\/secure.gravatar.com\/avatar\/adf7b77e38b4419baf32c7e9c21dde01f4e40df611f0978e3006fc4ba0aaab7e?s=96&d=mm&r=g","url":"https:\/\/secure.gravatar.com\/avatar\/adf7b77e38b4419baf32c7e9c21dde01f4e40df611f0978e3006fc4ba0aaab7e?s=96&d=mm&r=g","contentUrl":"https:\/\/secure.gravatar.com\/avatar\/adf7b77e38b4419baf32c7e9c21dde01f4e40df611f0978e3006fc4ba0aaab7e?s=96&d=mm&r=g","caption":"Redacci\u00f3n Box Repsol"},"description":"Box Repsol lo forma un equipo de periodistas, community managers, dise\u00f1adores y fot\u00f3grafos con m\u00e1s de 20 a\u00f1os de experiencia en el mundo del motorsport. Hemos vivido el primer mundial de un espa\u00f1ol en la categor\u00eda reina de motociclismo con \u00c1lex Crivill\u00e9, estuvimos en las victorias de Pedrosa y los t\u00edtulos de M\u00e1rquez, acompa\u00f1amos en \u00c1frica a Nani Roma y Marc Coma en sus conquistas del Dakar y hemos vibrado con los t\u00edtulos de Toni Bou en Trial. Adem\u00e1s, en nuestro equipo contamos con expertos en el mundo de las dos y cuatro ruedas tanto de la calle y las carreteras, como de los circuitos. Periodistas que han trabajado en revistas y publicaciones para hacerte llegar desde rutas y consejos de mantenimiento, a curiosidades y trucos de pilotaje.","sameAs":["https:\/\/www.facebook.com\/BoxRepsol\/","https:\/\/www.instagram.com\/box_repsol\/","https:\/\/x.com\/https:\/\/twitter.com\/box_repsol","https:\/\/www.youtube.com\/@Boxrepsol"],"url":"https:\/\/www.boxrepsol.com\/es\/author\/redaccion-box-repsol\/"}]}},"_links":{"self":[{"href":"https:\/\/www.boxrepsol.com\/es\/wp-json\/wp\/v2\/posts\/95365","targetHints":{"allow":["GET"]}}],"collection":[{"href":"https:\/\/www.boxrepsol.com\/es\/wp-json\/wp\/v2\/posts"}],"about":[{"href":"https:\/\/www.boxrepsol.com\/es\/wp-json\/wp\/v2\/types\/post"}],"author":[{"embeddable":true,"href":"https:\/\/www.boxrepsol.com\/es\/wp-json\/wp\/v2\/users\/43146"}],"replies":[{"embeddable":true,"href":"https:\/\/www.boxrepsol.com\/es\/wp-json\/wp\/v2\/comments?post=95365"}],"version-history":[{"count":1,"href":"https:\/\/www.boxrepsol.com\/es\/wp-json\/wp\/v2\/posts\/95365\/revisions"}],"predecessor-version":[{"id":95366,"href":"https:\/\/www.boxrepsol.com\/es\/wp-json\/wp\/v2\/posts\/95365\/revisions\/95366"}],"wp:featuredmedia":[{"embeddable":true,"href":"https:\/\/www.boxrepsol.com\/es\/wp-json\/wp\/v2\/media\/46128"}],"wp:attachment":[{"href":"https:\/\/www.boxrepsol.com\/es\/wp-json\/wp\/v2\/media?parent=95365"}],"wp:term":[{"taxonomy":"category","embeddable":true,"href":"https:\/\/www.boxrepsol.com\/es\/wp-json\/wp\/v2\/categories?post=95365"},{"taxonomy":"post_tag","embeddable":true,"href":"https:\/\/www.boxrepsol.com\/es\/wp-json\/wp\/v2\/tags?post=95365"}],"curies":[{"name":"wp","href":"https:\/\/api.w.org\/{rel}","templated":true}]}}