{"id":95361,"date":"2022-05-27T00:00:00","date_gmt":"2022-05-27T02:00:00","guid":{"rendered":"http:\/\/pre.boxrepsol.com\/sin-categorizar\/los-pilotos-del-equipo-repsol-honda-completan-la-primera-toma-de-contacto-con-mugello\/"},"modified":"2024-04-09T06:54:23","modified_gmt":"2024-04-09T08:54:23","slug":"los-pilotos-del-equipo-repsol-honda-completan-la-primera-toma-de-contacto-con-mugello","status":"publish","type":"post","link":"https:\/\/www.boxrepsol.com\/es\/motogp\/los-pilotos-del-equipo-repsol-honda-completan-la-primera-toma-de-contacto-con-mugello\/","title":{"rendered":"Los pilotos del equipo Repsol Honda completan la primera toma de contacto con Mugello"},"content":{"rendered":"<p>Los dos primeros entrenamientos libres del <strong>Gran Premio de Italia<\/strong> han concluido sin incidencias y bajo un cielo despejado.<\/p>\n<p><strong>Pol Espargar\u00f3<\/strong> ha finalizado la primera sesi\u00f3n del d\u00eda como el octavo piloto m\u00e1s r\u00e1pido. Por la tarde y en su decimoquinta vuelta, el piloto del <strong>equipo Repsol Honda<\/strong> ha mejorado su tiempo y con un registro de 1 minuto, 46 segundos y 618 mil\u00e9simas ha sido el d\u00e9cimo piloto m\u00e1s r\u00e1pido de la clasificaci\u00f3n combinada de tiempos.<\/p>\n<p>Con esta marca, Espargar\u00f3 se clasifica de manera provisional para la Q2 de ma\u00f1ana.<\/p>\n<p>Al otro lado del box, <strong>Marc M\u00e1rquez<\/strong> ha ido de menos a m\u00e1s en el <strong>Autodromo Internazionale del Mugello.<\/strong> El piloto del <strong>equipo Repsol Honda<\/strong> ha finalizado la FP1 decimonoveno, sin usar neum\u00e1ticos nuevos durante toda la sesi\u00f3n y aprovechando para valorar las primeras sensaciones. En la segunda sesi\u00f3n del d\u00eda, M\u00e1rquez ha mejorado su registro y con un tiempo de 1 minuto, 46 segundos y 658 mil\u00e9simas, registro que le ha situado duod\u00e9cimo.<\/p>\n<p>Aunque se ha quedado a s\u00f3lo 40 mil\u00e9simas de su compa\u00f1ero de equipo, Marc tendr\u00e1 que mejorar su tiempo en la FP3 de ma\u00f1ana si quiere lograr el pase directo a la Q2.<\/p>\n<p>                    <a\n                        href=\"https:\/\/bxrepsol.s3.eu-west-1.amazonaws.com\/static\/2022\/08\/05095318\/http___repsolmedia.com_repsolmedia_wp-content_uploads_2022_05_JRB6950-scaled-1.jpg\"\n                        data-index=\"0\"\n                    ><br \/>\n                        <img decoding=\"async\"\n                            src=\"https:\/\/bxrepsol.s3.eu-west-1.amazonaws.com\/static\/2022\/08\/05095318\/http___repsolmedia.com_repsolmedia_wp-content_uploads_2022_05_JRB6950-scaled-1.jpg\"\n                            srcset=\"https:\/\/bxrepsol.s3.eu-west-1.amazonaws.com\/static\/2022\/08\/05095318\/http___repsolmedia.com_repsolmedia_wp-content_uploads_2022_05_JRB6950-scaled-1.jpg 2560w, https:\/\/bxrepsol.s3.eu-west-1.amazonaws.com\/static\/2022\/08\/05095318\/http___repsolmedia.com_repsolmedia_wp-content_uploads_2022_05_JRB6950-scaled-1.jpg 1280w, https:\/\/bxrepsol.s3.eu-west-1.amazonaws.com\/static\/2022\/08\/05095318\/http___repsolmedia.com_repsolmedia_wp-content_uploads_2022_05_JRB6950-scaled-1.jpg 900w, https:\/\/bxrepsol.s3.eu-west-1.amazonaws.com\/static\/2022\/08\/05095318\/http___repsolmedia.com_repsolmedia_wp-content_uploads_2022_05_JRB6950-scaled-1.jpg 600w, https:\/\/bxrepsol.s3.eu-west-1.amazonaws.com\/static\/2022\/08\/05095318\/http___repsolmedia.com_repsolmedia_wp-content_uploads_2022_05_JRB6950-scaled-1.jpg 480w, https:\/\/bxrepsol.s3.eu-west-1.amazonaws.com\/static\/2022\/08\/05095318\/http___repsolmedia.com_repsolmedia_wp-content_uploads_2022_05_JRB6950-scaled-1.jpg 32w\"\n                            title=\"http___repsolmedia.com_repsolmedia_wp-content_uploads_2022_05_JRB6950-scaled\"\n                            alt=\"\"\n                            data-title=\"\"><br \/>\n                    <\/a><br \/>\n                    <a\n                        href=\"https:\/\/bxrepsol.s3.eu-west-1.amazonaws.com\/static\/2022\/08\/05095321\/http___repsolmedia.com_repsolmedia_wp-content_uploads_2022_05_JRB1672-scaled-1.jpg\"\n                        data-index=\"1\"\n                    ><br \/>\n                        <img decoding=\"async\"\n                            src=\"https:\/\/bxrepsol.s3.eu-west-1.amazonaws.com\/static\/2022\/08\/05095321\/http___repsolmedia.com_repsolmedia_wp-content_uploads_2022_05_JRB1672-scaled-1.jpg\"\n                            srcset=\"https:\/\/bxrepsol.s3.eu-west-1.amazonaws.com\/static\/2022\/08\/05095321\/http___repsolmedia.com_repsolmedia_wp-content_uploads_2022_05_JRB1672-scaled-1.jpg 2560w, https:\/\/bxrepsol.s3.eu-west-1.amazonaws.com\/static\/2022\/08\/05095321\/http___repsolmedia.com_repsolmedia_wp-content_uploads_2022_05_JRB1672-scaled-1.jpg 1280w, https:\/\/bxrepsol.s3.eu-west-1.amazonaws.com\/static\/2022\/08\/05095321\/http___repsolmedia.com_repsolmedia_wp-content_uploads_2022_05_JRB1672-scaled-1.jpg 900w, https:\/\/bxrepsol.s3.eu-west-1.amazonaws.com\/static\/2022\/08\/05095321\/http___repsolmedia.com_repsolmedia_wp-content_uploads_2022_05_JRB1672-scaled-1.jpg 600w, https:\/\/bxrepsol.s3.eu-west-1.amazonaws.com\/static\/2022\/08\/05095321\/http___repsolmedia.com_repsolmedia_wp-content_uploads_2022_05_JRB1672-scaled-1.jpg 480w, https:\/\/bxrepsol.s3.eu-west-1.amazonaws.com\/static\/2022\/08\/05095321\/http___repsolmedia.com_repsolmedia_wp-content_uploads_2022_05_JRB1672-scaled-1.jpg 32w\"\n                            title=\"http___repsolmedia.com_repsolmedia_wp-content_uploads_2022_05_JRB1672-scaled\"\n                            alt=\"\"\n                            data-title=\"\"><br \/>\n                    <\/a><br \/>\n                    <a\n                        href=\"https:\/\/bxrepsol.s3.eu-west-1.amazonaws.com\/static\/2022\/08\/05095324\/http___repsolmedia.com_repsolmedia_wp-content_uploads_2022_05_JRB1608-scaled-1.jpg\"\n                        data-index=\"2\"\n                    ><br \/>\n                        <img decoding=\"async\"\n                            src=\"https:\/\/bxrepsol.s3.eu-west-1.amazonaws.com\/static\/2022\/08\/05095324\/http___repsolmedia.com_repsolmedia_wp-content_uploads_2022_05_JRB1608-scaled-1.jpg\"\n                            srcset=\"https:\/\/bxrepsol.s3.eu-west-1.amazonaws.com\/static\/2022\/08\/05095324\/http___repsolmedia.com_repsolmedia_wp-content_uploads_2022_05_JRB1608-scaled-1.jpg 2560w, https:\/\/bxrepsol.s3.eu-west-1.amazonaws.com\/static\/2022\/08\/05095324\/http___repsolmedia.com_repsolmedia_wp-content_uploads_2022_05_JRB1608-scaled-1.jpg 1280w, https:\/\/bxrepsol.s3.eu-west-1.amazonaws.com\/static\/2022\/08\/05095324\/http___repsolmedia.com_repsolmedia_wp-content_uploads_2022_05_JRB1608-scaled-1.jpg 900w, https:\/\/bxrepsol.s3.eu-west-1.amazonaws.com\/static\/2022\/08\/05095324\/http___repsolmedia.com_repsolmedia_wp-content_uploads_2022_05_JRB1608-scaled-1.jpg 600w, https:\/\/bxrepsol.s3.eu-west-1.amazonaws.com\/static\/2022\/08\/05095324\/http___repsolmedia.com_repsolmedia_wp-content_uploads_2022_05_JRB1608-scaled-1.jpg 480w, https:\/\/bxrepsol.s3.eu-west-1.amazonaws.com\/static\/2022\/08\/05095324\/http___repsolmedia.com_repsolmedia_wp-content_uploads_2022_05_JRB1608-scaled-1.jpg 32w\"\n                            title=\"http___repsolmedia.com_repsolmedia_wp-content_uploads_2022_05_JRB1608-scaled\"\n                            alt=\"\"\n                            data-title=\"\"><br \/>\n                    <\/a><br \/>\n                    <a\n                        href=\"https:\/\/bxrepsol.s3.eu-west-1.amazonaws.com\/static\/2022\/08\/05095327\/http___repsolmedia.com_repsolmedia_wp-content_uploads_2022_05_JRB7951-scaled-1.jpg\"\n                        data-index=\"3\"\n                    ><br \/>\n                        <img decoding=\"async\"\n                            src=\"https:\/\/bxrepsol.s3.eu-west-1.amazonaws.com\/static\/2022\/08\/05095327\/http___repsolmedia.com_repsolmedia_wp-content_uploads_2022_05_JRB7951-scaled-1.jpg\"\n                            srcset=\"https:\/\/bxrepsol.s3.eu-west-1.amazonaws.com\/static\/2022\/08\/05095327\/http___repsolmedia.com_repsolmedia_wp-content_uploads_2022_05_JRB7951-scaled-1.jpg 2560w, https:\/\/bxrepsol.s3.eu-west-1.amazonaws.com\/static\/2022\/08\/05095327\/http___repsolmedia.com_repsolmedia_wp-content_uploads_2022_05_JRB7951-scaled-1.jpg 1280w, https:\/\/bxrepsol.s3.eu-west-1.amazonaws.com\/static\/2022\/08\/05095327\/http___repsolmedia.com_repsolmedia_wp-content_uploads_2022_05_JRB7951-scaled-1.jpg 900w, https:\/\/bxrepsol.s3.eu-west-1.amazonaws.com\/static\/2022\/08\/05095327\/http___repsolmedia.com_repsolmedia_wp-content_uploads_2022_05_JRB7951-scaled-1.jpg 600w, https:\/\/bxrepsol.s3.eu-west-1.amazonaws.com\/static\/2022\/08\/05095327\/http___repsolmedia.com_repsolmedia_wp-content_uploads_2022_05_JRB7951-scaled-1.jpg 480w, https:\/\/bxrepsol.s3.eu-west-1.amazonaws.com\/static\/2022\/08\/05095327\/http___repsolmedia.com_repsolmedia_wp-content_uploads_2022_05_JRB7951-scaled-1.jpg 32w\"\n                            title=\"http___repsolmedia.com_repsolmedia_wp-content_uploads_2022_05_JRB7951-scaled\"\n                            alt=\"\"\n                            data-title=\"\"><br \/>\n                    <\/a><br \/>\n                    <a\n                        href=\"https:\/\/bxrepsol.s3.eu-west-1.amazonaws.com\/static\/2022\/08\/05095329\/http___repsolmedia.com_repsolmedia_wp-content_uploads_2022_05_JRB5569-scaled-1.jpg\"\n                        data-index=\"4\"\n                    ><br \/>\n                        <img decoding=\"async\"\n                            src=\"https:\/\/bxrepsol.s3.eu-west-1.amazonaws.com\/static\/2022\/08\/05095329\/http___repsolmedia.com_repsolmedia_wp-content_uploads_2022_05_JRB5569-scaled-1.jpg\"\n                            srcset=\"https:\/\/bxrepsol.s3.eu-west-1.amazonaws.com\/static\/2022\/08\/05095329\/http___repsolmedia.com_repsolmedia_wp-content_uploads_2022_05_JRB5569-scaled-1.jpg 2560w, https:\/\/bxrepsol.s3.eu-west-1.amazonaws.com\/static\/2022\/08\/05095329\/http___repsolmedia.com_repsolmedia_wp-content_uploads_2022_05_JRB5569-scaled-1.jpg 1280w, https:\/\/bxrepsol.s3.eu-west-1.amazonaws.com\/static\/2022\/08\/05095329\/http___repsolmedia.com_repsolmedia_wp-content_uploads_2022_05_JRB5569-scaled-1.jpg 900w, https:\/\/bxrepsol.s3.eu-west-1.amazonaws.com\/static\/2022\/08\/05095329\/http___repsolmedia.com_repsolmedia_wp-content_uploads_2022_05_JRB5569-scaled-1.jpg 600w, https:\/\/bxrepsol.s3.eu-west-1.amazonaws.com\/static\/2022\/08\/05095329\/http___repsolmedia.com_repsolmedia_wp-content_uploads_2022_05_JRB5569-scaled-1.jpg 480w, https:\/\/bxrepsol.s3.eu-west-1.amazonaws.com\/static\/2022\/08\/05095329\/http___repsolmedia.com_repsolmedia_wp-content_uploads_2022_05_JRB5569-scaled-1.jpg 32w\"\n                            title=\"http___repsolmedia.com_repsolmedia_wp-content_uploads_2022_05_JRB5569-scaled\"\n                            alt=\"\"\n                            data-title=\"\"><br \/>\n                    <\/a><br \/>\n        <button data-glide-dir=\"<\"><br \/>\n            <svg role=\"img\"  viewBox=\"0 0 256 512\">\n                <path fill=\"currentColor\" d=\"M238.475 475.535l7.071-7.07c4.686-4.686 4.686-12.284 0-16.971L50.053 256 245.546 60.506c4.686-4.686 4.686-12.284 0-16.971l-7.071-7.07c-4.686-4.686-12.284-4.686-16.97 0L10.454 247.515c-4.686 4.686-4.686 12.284 0 16.971l211.051 211.05c4.686 4.686 12.284 4.686 16.97-.001z\"><\/path>\n            <\/svg><br \/>\n        <\/button><br \/>\n        <button data-glide-dir=\">\u00ab><br \/>\n            <svg role=\"img\"  viewBox=\"0 0 256 512\">\n                <path fill=\"currentColor\" d=\"M17.525 36.465l-7.071 7.07c-4.686 4.686-4.686 12.284 0 16.971L205.947 256 10.454 451.494c-4.686 4.686-4.686 12.284 0 16.971l7.071 7.07c4.686 4.686 12.284 4.686 16.97 0l211.051-211.05c4.686-4.686 4.686-12.284 0-16.971L34.495 36.465c-4.686-4.687-12.284-4.687-16.97 0z\"><\/path>\n            <\/svg><br \/>\n        <\/button><\/p>\n<p><strong>Declaraciones de los pilotos<\/strong><\/p>\n<p><a href=\"https:\/\/twitter.com\/hashtag\/MM93?src=hashtag_click\">#MM93<\/a><\/p>\n<p>\u00abEn los primeros libres he visto que me costaba mucho, as\u00ed que me he centrado m\u00e1s en encontrar la l\u00ednea correcta y entender nuestros l\u00edmites. Luego, por la tarde, durante la FP2, hemos podido mejorar y empujar m\u00e1s fuerte. Veremos qu\u00e9 pasa ma\u00f1ana, tenemos que dar otro paso, pero de momento estamos bastante lejos de la cabeza. Nos cuesta girar y tambi\u00e9n pilotar aqu\u00ed, pero vamos a ver. Las condiciones pueden cambiar y todav\u00eda pueden pasar muchas cosas. Tenemos que entender el equilibrio de la moto para ma\u00f1ana e intentar trabajar en algunas cosas diferentes\u00bb.<\/p>\n<p><a href=\"https:\/\/twitter.com\/hashtag\/POL44?src=hashtag_click\">#POL44<\/a><\/p>\n<p>\u00abNo ha sido un gran d\u00eda, somos las Honda m\u00e1s r\u00e1pidas pero estamos bastante lejos de la cabeza y necesitamos encontrar algo m\u00e1s. Por la tarde hemos trabajado duro para ir m\u00e1s r\u00e1pido aunque las condiciones lo han hecho bastante dif\u00edcil; a\u00fan as\u00ed, hemos hecho algunos progresos. Todos en el equipo est\u00e1n trabajando muy duro para solucionar los problemas y las condiciones de ma\u00f1ana podr\u00edan cambiar mucho la situaci\u00f3n. De momento estamos entre el neum\u00e1tico medio y el duro, cada uno presenta una prestaciones diferentes y tenemos que entender qu\u00e9 es lo mejor\u00bb.<\/p>\n","protected":false},"excerpt":{"rendered":"<p>Pol Espargar\u00f3 finaliza entre los diez primeros la primera jornada del Gran Premio de Italia y Marc M\u00e1rquez es duod\u00e9cimo<\/p>\n","protected":false},"author":43146,"featured_media":46100,"comment_status":"open","ping_status":"open","sticky":false,"template":"","format":"standard","meta":{"footnotes":""},"categories":[4],"tags":[120,6,127,128],"class_list":["post-95361","post","type-post","status-publish","format-standard","hentry","category-motogp","tag-120","tag-marc-marquez","tag-motogp-italia","tag-pol-espargaro"],"yoast_head":"<!-- This site is optimized with the Yoast SEO plugin v27.3 - https:\/\/yoast.com\/product\/yoast-seo-wordpress\/ -->\n<title>Los pilotos del equipo Repsol Honda completan la primera toma de contacto con Mugello - Box Repsol<\/title>\n<link rel=\"canonical\" href=\"https:\/\/www.boxrepsol.com\/es\/motogp\/los-pilotos-del-equipo-repsol-honda-completan-la-primera-toma-de-contacto-con-mugello\/\" \/>\n<meta property=\"og:locale\" content=\"es_ES\" \/>\n<meta property=\"og:type\" content=\"article\" \/>\n<meta property=\"og:title\" content=\"Los pilotos del equipo Repsol Honda completan la primera toma de contacto con Mugello - Box Repsol\" \/>\n<meta property=\"og:description\" content=\"Pol Espargar\u00f3 finaliza entre los diez primeros la primera jornada del Gran Premio de Italia y Marc M\u00e1rquez es duod\u00e9cimo\" \/>\n<meta property=\"og:url\" content=\"https:\/\/www.boxrepsol.com\/es\/motogp\/los-pilotos-del-equipo-repsol-honda-completan-la-primera-toma-de-contacto-con-mugello\/\" \/>\n<meta property=\"og:site_name\" content=\"Box Repsol\" \/>\n<meta property=\"article:publisher\" content=\"https:\/\/www.facebook.com\/BoxRepsol\" \/>\n<meta property=\"article:author\" content=\"https:\/\/www.facebook.com\/BoxRepsol\/\" \/>\n<meta property=\"article:published_time\" content=\"2022-05-27T02:00:00+00:00\" \/>\n<meta property=\"article:modified_time\" content=\"2024-04-09T08:54:23+00:00\" \/>\n<meta property=\"og:image\" content=\"https:\/\/bxrepsol.s3.eu-west-1.amazonaws.com\/static\/2022\/08\/10042550\/http___repsolmedia.com_repsolmedia_wp-content_uploads_2022_05_JRB9030-scaled-1.jpg\" \/>\n\t<meta property=\"og:image:width\" content=\"2560\" \/>\n\t<meta property=\"og:image:height\" content=\"1707\" \/>\n\t<meta property=\"og:image:type\" content=\"image\/jpeg\" \/>\n<meta name=\"author\" content=\"Redacci\u00f3n Box Repsol\" \/>\n<meta name=\"twitter:card\" content=\"summary_large_image\" \/>\n<meta name=\"twitter:creator\" content=\"@https:\/\/twitter.com\/box_repsol\" \/>\n<meta name=\"twitter:site\" content=\"@box_repsol\" \/>\n<meta name=\"twitter:label1\" content=\"Written by\" \/>\n\t<meta name=\"twitter:data1\" content=\"Redacci\u00f3n Box Repsol\" \/>\n\t<meta name=\"twitter:label2\" content=\"Est. reading time\" \/>\n\t<meta name=\"twitter:data2\" content=\"2 minutos\" \/>\n<script type=\"application\/ld+json\" class=\"yoast-schema-graph\">{\"@context\":\"https:\\\/\\\/schema.org\",\"@graph\":[{\"@type\":\"Article\",\"@id\":\"https:\\\/\\\/www.boxrepsol.com\\\/es\\\/motogp\\\/los-pilotos-del-equipo-repsol-honda-completan-la-primera-toma-de-contacto-con-mugello\\\/#article\",\"isPartOf\":{\"@id\":\"https:\\\/\\\/www.boxrepsol.com\\\/es\\\/motogp\\\/los-pilotos-del-equipo-repsol-honda-completan-la-primera-toma-de-contacto-con-mugello\\\/\"},\"author\":{\"name\":\"Redacci\u00f3n Box Repsol\",\"@id\":\"https:\\\/\\\/www.boxrepsol.com\\\/es\\\/#\\\/schema\\\/person\\\/c5c2138f2cca251b0ad92b7086bb60b7\"},\"headline\":\"Los pilotos del equipo Repsol Honda completan la primera toma de contacto con Mugello\",\"datePublished\":\"2022-05-27T02:00:00+00:00\",\"dateModified\":\"2024-04-09T08:54:23+00:00\",\"mainEntityOfPage\":{\"@id\":\"https:\\\/\\\/www.boxrepsol.com\\\/es\\\/motogp\\\/los-pilotos-del-equipo-repsol-honda-completan-la-primera-toma-de-contacto-con-mugello\\\/\"},\"wordCount\":443,\"commentCount\":0,\"publisher\":{\"@id\":\"https:\\\/\\\/www.boxrepsol.com\\\/es\\\/#organization\"},\"image\":{\"@id\":\"https:\\\/\\\/www.boxrepsol.com\\\/es\\\/motogp\\\/los-pilotos-del-equipo-repsol-honda-completan-la-primera-toma-de-contacto-con-mugello\\\/#primaryimage\"},\"thumbnailUrl\":\"https:\\\/\\\/bxrepsol.s3.eu-west-1.amazonaws.com\\\/static\\\/2022\\\/08\\\/10042550\\\/http___repsolmedia.com_repsolmedia_wp-content_uploads_2022_05_JRB9030-scaled-1.jpg\",\"keywords\":[\"2022\",\"Marc M\u00e1rquez\",\"MotoGP Italia\",\"Pol Espargar\u00f3\"],\"articleSection\":[\"MotoGP\"],\"inLanguage\":\"es\",\"potentialAction\":[{\"@type\":\"CommentAction\",\"name\":\"Comment\",\"target\":[\"https:\\\/\\\/www.boxrepsol.com\\\/es\\\/motogp\\\/los-pilotos-del-equipo-repsol-honda-completan-la-primera-toma-de-contacto-con-mugello\\\/#respond\"]}]},{\"@type\":\"WebPage\",\"@id\":\"https:\\\/\\\/www.boxrepsol.com\\\/es\\\/motogp\\\/los-pilotos-del-equipo-repsol-honda-completan-la-primera-toma-de-contacto-con-mugello\\\/\",\"url\":\"https:\\\/\\\/www.boxrepsol.com\\\/es\\\/motogp\\\/los-pilotos-del-equipo-repsol-honda-completan-la-primera-toma-de-contacto-con-mugello\\\/\",\"name\":\"Los pilotos del equipo Repsol Honda completan la primera toma de contacto con Mugello - Box Repsol\",\"isPartOf\":{\"@id\":\"https:\\\/\\\/www.boxrepsol.com\\\/es\\\/#website\"},\"primaryImageOfPage\":{\"@id\":\"https:\\\/\\\/www.boxrepsol.com\\\/es\\\/motogp\\\/los-pilotos-del-equipo-repsol-honda-completan-la-primera-toma-de-contacto-con-mugello\\\/#primaryimage\"},\"image\":{\"@id\":\"https:\\\/\\\/www.boxrepsol.com\\\/es\\\/motogp\\\/los-pilotos-del-equipo-repsol-honda-completan-la-primera-toma-de-contacto-con-mugello\\\/#primaryimage\"},\"thumbnailUrl\":\"https:\\\/\\\/bxrepsol.s3.eu-west-1.amazonaws.com\\\/static\\\/2022\\\/08\\\/10042550\\\/http___repsolmedia.com_repsolmedia_wp-content_uploads_2022_05_JRB9030-scaled-1.jpg\",\"datePublished\":\"2022-05-27T02:00:00+00:00\",\"dateModified\":\"2024-04-09T08:54:23+00:00\",\"breadcrumb\":{\"@id\":\"https:\\\/\\\/www.boxrepsol.com\\\/es\\\/motogp\\\/los-pilotos-del-equipo-repsol-honda-completan-la-primera-toma-de-contacto-con-mugello\\\/#breadcrumb\"},\"inLanguage\":\"es\",\"potentialAction\":[{\"@type\":\"ReadAction\",\"target\":[\"https:\\\/\\\/www.boxrepsol.com\\\/es\\\/motogp\\\/los-pilotos-del-equipo-repsol-honda-completan-la-primera-toma-de-contacto-con-mugello\\\/\"]}]},{\"@type\":\"ImageObject\",\"inLanguage\":\"es\",\"@id\":\"https:\\\/\\\/www.boxrepsol.com\\\/es\\\/motogp\\\/los-pilotos-del-equipo-repsol-honda-completan-la-primera-toma-de-contacto-con-mugello\\\/#primaryimage\",\"url\":\"https:\\\/\\\/bxrepsol.s3.eu-west-1.amazonaws.com\\\/static\\\/2022\\\/08\\\/10042550\\\/http___repsolmedia.com_repsolmedia_wp-content_uploads_2022_05_JRB9030-scaled-1.jpg\",\"contentUrl\":\"https:\\\/\\\/bxrepsol.s3.eu-west-1.amazonaws.com\\\/static\\\/2022\\\/08\\\/10042550\\\/http___repsolmedia.com_repsolmedia_wp-content_uploads_2022_05_JRB9030-scaled-1.jpg\",\"width\":2560,\"height\":1707},{\"@type\":\"BreadcrumbList\",\"@id\":\"https:\\\/\\\/www.boxrepsol.com\\\/es\\\/motogp\\\/los-pilotos-del-equipo-repsol-honda-completan-la-primera-toma-de-contacto-con-mugello\\\/#breadcrumb\",\"itemListElement\":[{\"@type\":\"ListItem\",\"position\":1,\"name\":\"Home\",\"item\":\"https:\\\/\\\/www.boxrepsol.com\\\/es\\\/\"},{\"@type\":\"ListItem\",\"position\":2,\"name\":\"Los pilotos del equipo Repsol Honda completan la primera toma de contacto con Mugello\"}]},{\"@type\":\"WebSite\",\"@id\":\"https:\\\/\\\/www.boxrepsol.com\\\/es\\\/#website\",\"url\":\"https:\\\/\\\/www.boxrepsol.com\\\/es\\\/\",\"name\":\"Box Repsol\",\"description\":\"Box Repsol Site\",\"publisher\":{\"@id\":\"https:\\\/\\\/www.boxrepsol.com\\\/es\\\/#organization\"},\"potentialAction\":[{\"@type\":\"SearchAction\",\"target\":{\"@type\":\"EntryPoint\",\"urlTemplate\":\"https:\\\/\\\/www.boxrepsol.com\\\/es\\\/?s={search_term_string}\"},\"query-input\":{\"@type\":\"PropertyValueSpecification\",\"valueRequired\":true,\"valueName\":\"search_term_string\"}}],\"inLanguage\":\"es\"},{\"@type\":\"Organization\",\"@id\":\"https:\\\/\\\/www.boxrepsol.com\\\/es\\\/#organization\",\"name\":\"Box Repsol\",\"url\":\"https:\\\/\\\/www.boxrepsol.com\\\/es\\\/\",\"logo\":{\"@type\":\"ImageObject\",\"inLanguage\":\"es\",\"@id\":\"https:\\\/\\\/www.boxrepsol.com\\\/es\\\/#\\\/schema\\\/logo\\\/image\\\/\",\"url\":\"https:\\\/\\\/bxrepsol.s3.eu-west-1.amazonaws.com\\\/static\\\/2025\\\/07\\\/30083337\\\/favicon-96x96-1.png\",\"contentUrl\":\"https:\\\/\\\/bxrepsol.s3.eu-west-1.amazonaws.com\\\/static\\\/2025\\\/07\\\/30083337\\\/favicon-96x96-1.png\",\"width\":96,\"height\":96,\"caption\":\"Box Repsol\"},\"image\":{\"@id\":\"https:\\\/\\\/www.boxrepsol.com\\\/es\\\/#\\\/schema\\\/logo\\\/image\\\/\"},\"sameAs\":[\"https:\\\/\\\/www.facebook.com\\\/BoxRepsol\",\"https:\\\/\\\/x.com\\\/box_repsol\",\"http:\\\/\\\/instagram.com\\\/box_repsol\",\"https:\\\/\\\/www.youtube.com\\\/user\\\/RepsolCompeticion\",\"https:\\\/\\\/www.flickr.com\\\/photos\\\/box_repsol\\\/\"]},{\"@type\":\"Person\",\"@id\":\"https:\\\/\\\/www.boxrepsol.com\\\/es\\\/#\\\/schema\\\/person\\\/c5c2138f2cca251b0ad92b7086bb60b7\",\"name\":\"Redacci\u00f3n Box Repsol\",\"image\":{\"@type\":\"ImageObject\",\"inLanguage\":\"es\",\"@id\":\"https:\\\/\\\/secure.gravatar.com\\\/avatar\\\/adf7b77e38b4419baf32c7e9c21dde01f4e40df611f0978e3006fc4ba0aaab7e?s=96&d=mm&r=g\",\"url\":\"https:\\\/\\\/secure.gravatar.com\\\/avatar\\\/adf7b77e38b4419baf32c7e9c21dde01f4e40df611f0978e3006fc4ba0aaab7e?s=96&d=mm&r=g\",\"contentUrl\":\"https:\\\/\\\/secure.gravatar.com\\\/avatar\\\/adf7b77e38b4419baf32c7e9c21dde01f4e40df611f0978e3006fc4ba0aaab7e?s=96&d=mm&r=g\",\"caption\":\"Redacci\u00f3n Box Repsol\"},\"description\":\"Box Repsol lo forma un equipo de periodistas, community managers, dise\u00f1adores y fot\u00f3grafos con m\u00e1s de 20 a\u00f1os de experiencia en el mundo del motorsport. Hemos vivido el primer mundial de un espa\u00f1ol en la categor\u00eda reina de motociclismo con \u00c1lex Crivill\u00e9, estuvimos en las victorias de Pedrosa y los t\u00edtulos de M\u00e1rquez, acompa\u00f1amos en \u00c1frica a Nani Roma y Marc Coma en sus conquistas del Dakar y hemos vibrado con los t\u00edtulos de Toni Bou en Trial. Adem\u00e1s, en nuestro equipo contamos con expertos en el mundo de las dos y cuatro ruedas tanto de la calle y las carreteras, como de los circuitos. Periodistas que han trabajado en revistas y publicaciones para hacerte llegar desde rutas y consejos de mantenimiento, a curiosidades y trucos de pilotaje.\",\"sameAs\":[\"https:\\\/\\\/www.facebook.com\\\/BoxRepsol\\\/\",\"https:\\\/\\\/www.instagram.com\\\/box_repsol\\\/\",\"https:\\\/\\\/x.com\\\/https:\\\/\\\/twitter.com\\\/box_repsol\",\"https:\\\/\\\/www.youtube.com\\\/@Boxrepsol\"],\"url\":\"https:\\\/\\\/www.boxrepsol.com\\\/es\\\/author\\\/redaccion-box-repsol\\\/\"}]}<\/script>\n<!-- \/ Yoast SEO plugin. -->","yoast_head_json":{"title":"Los pilotos del equipo Repsol Honda completan la primera toma de contacto con Mugello - Box Repsol","canonical":"https:\/\/www.boxrepsol.com\/es\/motogp\/los-pilotos-del-equipo-repsol-honda-completan-la-primera-toma-de-contacto-con-mugello\/","og_locale":"es_ES","og_type":"article","og_title":"Los pilotos del equipo Repsol Honda completan la primera toma de contacto con Mugello - Box Repsol","og_description":"Pol Espargar\u00f3 finaliza entre los diez primeros la primera jornada del Gran Premio de Italia y Marc M\u00e1rquez es duod\u00e9cimo","og_url":"https:\/\/www.boxrepsol.com\/es\/motogp\/los-pilotos-del-equipo-repsol-honda-completan-la-primera-toma-de-contacto-con-mugello\/","og_site_name":"Box Repsol","article_publisher":"https:\/\/www.facebook.com\/BoxRepsol","article_author":"https:\/\/www.facebook.com\/BoxRepsol\/","article_published_time":"2022-05-27T02:00:00+00:00","article_modified_time":"2024-04-09T08:54:23+00:00","og_image":[{"width":2560,"height":1707,"url":"https:\/\/bxrepsol.s3.eu-west-1.amazonaws.com\/static\/2022\/08\/10042550\/http___repsolmedia.com_repsolmedia_wp-content_uploads_2022_05_JRB9030-scaled-1.jpg","type":"image\/jpeg"}],"author":"Redacci\u00f3n Box Repsol","twitter_card":"summary_large_image","twitter_creator":"@https:\/\/twitter.com\/box_repsol","twitter_site":"@box_repsol","twitter_misc":{"Written by":"Redacci\u00f3n Box Repsol","Est. reading time":"2 minutos"},"schema":{"@context":"https:\/\/schema.org","@graph":[{"@type":"Article","@id":"https:\/\/www.boxrepsol.com\/es\/motogp\/los-pilotos-del-equipo-repsol-honda-completan-la-primera-toma-de-contacto-con-mugello\/#article","isPartOf":{"@id":"https:\/\/www.boxrepsol.com\/es\/motogp\/los-pilotos-del-equipo-repsol-honda-completan-la-primera-toma-de-contacto-con-mugello\/"},"author":{"name":"Redacci\u00f3n Box Repsol","@id":"https:\/\/www.boxrepsol.com\/es\/#\/schema\/person\/c5c2138f2cca251b0ad92b7086bb60b7"},"headline":"Los pilotos del equipo Repsol Honda completan la primera toma de contacto con Mugello","datePublished":"2022-05-27T02:00:00+00:00","dateModified":"2024-04-09T08:54:23+00:00","mainEntityOfPage":{"@id":"https:\/\/www.boxrepsol.com\/es\/motogp\/los-pilotos-del-equipo-repsol-honda-completan-la-primera-toma-de-contacto-con-mugello\/"},"wordCount":443,"commentCount":0,"publisher":{"@id":"https:\/\/www.boxrepsol.com\/es\/#organization"},"image":{"@id":"https:\/\/www.boxrepsol.com\/es\/motogp\/los-pilotos-del-equipo-repsol-honda-completan-la-primera-toma-de-contacto-con-mugello\/#primaryimage"},"thumbnailUrl":"https:\/\/bxrepsol.s3.eu-west-1.amazonaws.com\/static\/2022\/08\/10042550\/http___repsolmedia.com_repsolmedia_wp-content_uploads_2022_05_JRB9030-scaled-1.jpg","keywords":["2022","Marc M\u00e1rquez","MotoGP Italia","Pol Espargar\u00f3"],"articleSection":["MotoGP"],"inLanguage":"es","potentialAction":[{"@type":"CommentAction","name":"Comment","target":["https:\/\/www.boxrepsol.com\/es\/motogp\/los-pilotos-del-equipo-repsol-honda-completan-la-primera-toma-de-contacto-con-mugello\/#respond"]}]},{"@type":"WebPage","@id":"https:\/\/www.boxrepsol.com\/es\/motogp\/los-pilotos-del-equipo-repsol-honda-completan-la-primera-toma-de-contacto-con-mugello\/","url":"https:\/\/www.boxrepsol.com\/es\/motogp\/los-pilotos-del-equipo-repsol-honda-completan-la-primera-toma-de-contacto-con-mugello\/","name":"Los pilotos del equipo Repsol Honda completan la primera toma de contacto con Mugello - Box Repsol","isPartOf":{"@id":"https:\/\/www.boxrepsol.com\/es\/#website"},"primaryImageOfPage":{"@id":"https:\/\/www.boxrepsol.com\/es\/motogp\/los-pilotos-del-equipo-repsol-honda-completan-la-primera-toma-de-contacto-con-mugello\/#primaryimage"},"image":{"@id":"https:\/\/www.boxrepsol.com\/es\/motogp\/los-pilotos-del-equipo-repsol-honda-completan-la-primera-toma-de-contacto-con-mugello\/#primaryimage"},"thumbnailUrl":"https:\/\/bxrepsol.s3.eu-west-1.amazonaws.com\/static\/2022\/08\/10042550\/http___repsolmedia.com_repsolmedia_wp-content_uploads_2022_05_JRB9030-scaled-1.jpg","datePublished":"2022-05-27T02:00:00+00:00","dateModified":"2024-04-09T08:54:23+00:00","breadcrumb":{"@id":"https:\/\/www.boxrepsol.com\/es\/motogp\/los-pilotos-del-equipo-repsol-honda-completan-la-primera-toma-de-contacto-con-mugello\/#breadcrumb"},"inLanguage":"es","potentialAction":[{"@type":"ReadAction","target":["https:\/\/www.boxrepsol.com\/es\/motogp\/los-pilotos-del-equipo-repsol-honda-completan-la-primera-toma-de-contacto-con-mugello\/"]}]},{"@type":"ImageObject","inLanguage":"es","@id":"https:\/\/www.boxrepsol.com\/es\/motogp\/los-pilotos-del-equipo-repsol-honda-completan-la-primera-toma-de-contacto-con-mugello\/#primaryimage","url":"https:\/\/bxrepsol.s3.eu-west-1.amazonaws.com\/static\/2022\/08\/10042550\/http___repsolmedia.com_repsolmedia_wp-content_uploads_2022_05_JRB9030-scaled-1.jpg","contentUrl":"https:\/\/bxrepsol.s3.eu-west-1.amazonaws.com\/static\/2022\/08\/10042550\/http___repsolmedia.com_repsolmedia_wp-content_uploads_2022_05_JRB9030-scaled-1.jpg","width":2560,"height":1707},{"@type":"BreadcrumbList","@id":"https:\/\/www.boxrepsol.com\/es\/motogp\/los-pilotos-del-equipo-repsol-honda-completan-la-primera-toma-de-contacto-con-mugello\/#breadcrumb","itemListElement":[{"@type":"ListItem","position":1,"name":"Home","item":"https:\/\/www.boxrepsol.com\/es\/"},{"@type":"ListItem","position":2,"name":"Los pilotos del equipo Repsol Honda completan la primera toma de contacto con Mugello"}]},{"@type":"WebSite","@id":"https:\/\/www.boxrepsol.com\/es\/#website","url":"https:\/\/www.boxrepsol.com\/es\/","name":"Box Repsol","description":"Box Repsol Site","publisher":{"@id":"https:\/\/www.boxrepsol.com\/es\/#organization"},"potentialAction":[{"@type":"SearchAction","target":{"@type":"EntryPoint","urlTemplate":"https:\/\/www.boxrepsol.com\/es\/?s={search_term_string}"},"query-input":{"@type":"PropertyValueSpecification","valueRequired":true,"valueName":"search_term_string"}}],"inLanguage":"es"},{"@type":"Organization","@id":"https:\/\/www.boxrepsol.com\/es\/#organization","name":"Box Repsol","url":"https:\/\/www.boxrepsol.com\/es\/","logo":{"@type":"ImageObject","inLanguage":"es","@id":"https:\/\/www.boxrepsol.com\/es\/#\/schema\/logo\/image\/","url":"https:\/\/bxrepsol.s3.eu-west-1.amazonaws.com\/static\/2025\/07\/30083337\/favicon-96x96-1.png","contentUrl":"https:\/\/bxrepsol.s3.eu-west-1.amazonaws.com\/static\/2025\/07\/30083337\/favicon-96x96-1.png","width":96,"height":96,"caption":"Box Repsol"},"image":{"@id":"https:\/\/www.boxrepsol.com\/es\/#\/schema\/logo\/image\/"},"sameAs":["https:\/\/www.facebook.com\/BoxRepsol","https:\/\/x.com\/box_repsol","http:\/\/instagram.com\/box_repsol","https:\/\/www.youtube.com\/user\/RepsolCompeticion","https:\/\/www.flickr.com\/photos\/box_repsol\/"]},{"@type":"Person","@id":"https:\/\/www.boxrepsol.com\/es\/#\/schema\/person\/c5c2138f2cca251b0ad92b7086bb60b7","name":"Redacci\u00f3n Box Repsol","image":{"@type":"ImageObject","inLanguage":"es","@id":"https:\/\/secure.gravatar.com\/avatar\/adf7b77e38b4419baf32c7e9c21dde01f4e40df611f0978e3006fc4ba0aaab7e?s=96&d=mm&r=g","url":"https:\/\/secure.gravatar.com\/avatar\/adf7b77e38b4419baf32c7e9c21dde01f4e40df611f0978e3006fc4ba0aaab7e?s=96&d=mm&r=g","contentUrl":"https:\/\/secure.gravatar.com\/avatar\/adf7b77e38b4419baf32c7e9c21dde01f4e40df611f0978e3006fc4ba0aaab7e?s=96&d=mm&r=g","caption":"Redacci\u00f3n Box Repsol"},"description":"Box Repsol lo forma un equipo de periodistas, community managers, dise\u00f1adores y fot\u00f3grafos con m\u00e1s de 20 a\u00f1os de experiencia en el mundo del motorsport. Hemos vivido el primer mundial de un espa\u00f1ol en la categor\u00eda reina de motociclismo con \u00c1lex Crivill\u00e9, estuvimos en las victorias de Pedrosa y los t\u00edtulos de M\u00e1rquez, acompa\u00f1amos en \u00c1frica a Nani Roma y Marc Coma en sus conquistas del Dakar y hemos vibrado con los t\u00edtulos de Toni Bou en Trial. Adem\u00e1s, en nuestro equipo contamos con expertos en el mundo de las dos y cuatro ruedas tanto de la calle y las carreteras, como de los circuitos. Periodistas que han trabajado en revistas y publicaciones para hacerte llegar desde rutas y consejos de mantenimiento, a curiosidades y trucos de pilotaje.","sameAs":["https:\/\/www.facebook.com\/BoxRepsol\/","https:\/\/www.instagram.com\/box_repsol\/","https:\/\/x.com\/https:\/\/twitter.com\/box_repsol","https:\/\/www.youtube.com\/@Boxrepsol"],"url":"https:\/\/www.boxrepsol.com\/es\/author\/redaccion-box-repsol\/"}]}},"_links":{"self":[{"href":"https:\/\/www.boxrepsol.com\/es\/wp-json\/wp\/v2\/posts\/95361","targetHints":{"allow":["GET"]}}],"collection":[{"href":"https:\/\/www.boxrepsol.com\/es\/wp-json\/wp\/v2\/posts"}],"about":[{"href":"https:\/\/www.boxrepsol.com\/es\/wp-json\/wp\/v2\/types\/post"}],"author":[{"embeddable":true,"href":"https:\/\/www.boxrepsol.com\/es\/wp-json\/wp\/v2\/users\/43146"}],"replies":[{"embeddable":true,"href":"https:\/\/www.boxrepsol.com\/es\/wp-json\/wp\/v2\/comments?post=95361"}],"version-history":[{"count":1,"href":"https:\/\/www.boxrepsol.com\/es\/wp-json\/wp\/v2\/posts\/95361\/revisions"}],"predecessor-version":[{"id":95362,"href":"https:\/\/www.boxrepsol.com\/es\/wp-json\/wp\/v2\/posts\/95361\/revisions\/95362"}],"wp:featuredmedia":[{"embeddable":true,"href":"https:\/\/www.boxrepsol.com\/es\/wp-json\/wp\/v2\/media\/46100"}],"wp:attachment":[{"href":"https:\/\/www.boxrepsol.com\/es\/wp-json\/wp\/v2\/media?parent=95361"}],"wp:term":[{"taxonomy":"category","embeddable":true,"href":"https:\/\/www.boxrepsol.com\/es\/wp-json\/wp\/v2\/categories?post=95361"},{"taxonomy":"post_tag","embeddable":true,"href":"https:\/\/www.boxrepsol.com\/es\/wp-json\/wp\/v2\/tags?post=95361"}],"curies":[{"name":"wp","href":"https:\/\/api.w.org\/{rel}","templated":true}]}}