{"id":95356,"date":"2022-05-24T00:00:00","date_gmt":"2022-05-24T02:00:00","guid":{"rendered":"http:\/\/pre.boxrepsol.com\/sin-categorizar\/marc-marquez-y-pol-espargaro-inician-en-mugello-el-segundo-tercio-de-la-temporada\/"},"modified":"2024-04-09T06:55:47","modified_gmt":"2024-04-09T08:55:47","slug":"marc-marquez-y-pol-espargaro-inician-en-mugello-el-segundo-tercio-de-la-temporada","status":"publish","type":"post","link":"https:\/\/www.boxrepsol.com\/es\/motogp\/marc-marquez-y-pol-espargaro-inician-en-mugello-el-segundo-tercio-de-la-temporada\/","title":{"rendered":"Marc M\u00e1rquez y Pol Espargar\u00f3 inician en Mugello el segundo tercio de la temporada"},"content":{"rendered":"<p>El <strong>Autodromo Internazionale del Mugello<\/strong> acoger\u00e1 su 28\u00ba <strong>Gran Premio de Italia<\/strong> de motociclismo. En un trazado que cuenta con la segunda recta m\u00e1s larga del mundial \u2013 1.141 metros -, los pilotos de <strong>MotoGP<\/strong> volver\u00e1n a disfrutar, despu\u00e9s de dos temporadas, del m\u00edtico trazado italiano y del ambiente \u00fanico que ofrecen los tifosi.<\/p>\n<p><strong>Marc M\u00e1rquez<\/strong> llega a Italia situado dentro del top10 de la clasificaci\u00f3n general y con el objetivo de seguir sumando puntos. El piloto del <strong>equipo Repsol Honda<\/strong> ya sabe lo que es subir al podio de Mugello; lo ha hecho en cinco ocasiones, logrando 3 victorias \u2013 en 125cc, en Moto2 y en MotoGP \u2013 y 2 segundos puestos \u2013 en MotoGP.<\/p>\n<p><strong>Pol Espargar\u00f3<\/strong> sigue trabajando en solucionar algunos problemas con su Honda RC213V y volver a competir con los pilotos delanteros. El piloto del equipo Repsol Honda tambi\u00e9n sabe lo que es subir al podio italiano, logrando dos terceros puestos en su paso por 125cc y un segundo lugar en el a\u00f1o 2012 en Moto2.<\/p>\n<p>                    <a\n                        href=\"https:\/\/bxrepsol.s3.eu-west-1.amazonaws.com\/static\/2022\/08\/05095237\/http___repsolmedia.com_repsolmedia_wp-content_uploads_2022_05_http___repsolmedia.com_repsolmedia_wp-content_uploads_2022_05_JRB1724-scaled-2.jpg\"\n                        data-index=\"0\"\n                    ><br \/>\n                        <img decoding=\"async\"\n                            src=\"https:\/\/bxrepsol.s3.eu-west-1.amazonaws.com\/static\/2022\/08\/05095237\/http___repsolmedia.com_repsolmedia_wp-content_uploads_2022_05_http___repsolmedia.com_repsolmedia_wp-content_uploads_2022_05_JRB1724-scaled-2.jpg\"\n                            srcset=\"https:\/\/bxrepsol.s3.eu-west-1.amazonaws.com\/static\/2022\/08\/05095237\/http___repsolmedia.com_repsolmedia_wp-content_uploads_2022_05_http___repsolmedia.com_repsolmedia_wp-content_uploads_2022_05_JRB1724-scaled-2.jpg 2560w, https:\/\/bxrepsol.s3.eu-west-1.amazonaws.com\/static\/2022\/08\/05095237\/http___repsolmedia.com_repsolmedia_wp-content_uploads_2022_05_http___repsolmedia.com_repsolmedia_wp-content_uploads_2022_05_JRB1724-scaled-2.jpg 1280w, https:\/\/bxrepsol.s3.eu-west-1.amazonaws.com\/static\/2022\/08\/05095237\/http___repsolmedia.com_repsolmedia_wp-content_uploads_2022_05_http___repsolmedia.com_repsolmedia_wp-content_uploads_2022_05_JRB1724-scaled-2.jpg 900w, https:\/\/bxrepsol.s3.eu-west-1.amazonaws.com\/static\/2022\/08\/05095237\/http___repsolmedia.com_repsolmedia_wp-content_uploads_2022_05_http___repsolmedia.com_repsolmedia_wp-content_uploads_2022_05_JRB1724-scaled-2.jpg 600w, https:\/\/bxrepsol.s3.eu-west-1.amazonaws.com\/static\/2022\/08\/05095237\/http___repsolmedia.com_repsolmedia_wp-content_uploads_2022_05_http___repsolmedia.com_repsolmedia_wp-content_uploads_2022_05_JRB1724-scaled-2.jpg 480w, https:\/\/bxrepsol.s3.eu-west-1.amazonaws.com\/static\/2022\/08\/05095237\/http___repsolmedia.com_repsolmedia_wp-content_uploads_2022_05_http___repsolmedia.com_repsolmedia_wp-content_uploads_2022_05_JRB1724-scaled-2.jpg 32w\"\n                            title=\"http___repsolmedia.com_repsolmedia_wp-content_uploads_2022_05_http___repsolmedia.com_repsolmedia_wp-content_uploads_2022_05_JRB1724-scaled-2\"\n                            alt=\"\"\n                            data-title=\"\"><br \/>\n                    <\/a><br \/>\n                    <a\n                        href=\"https:\/\/bxrepsol.s3.eu-west-1.amazonaws.com\/static\/2022\/08\/05095240\/http___repsolmedia.com_repsolmedia_wp-content_uploads_2022_05_http___repsolmedia.com_repsolmedia_wp-content_uploads_2022_05_JRB4426-scaled-1.jpg\"\n                        data-index=\"1\"\n                    ><br \/>\n                        <img decoding=\"async\"\n                            src=\"https:\/\/bxrepsol.s3.eu-west-1.amazonaws.com\/static\/2022\/08\/05095240\/http___repsolmedia.com_repsolmedia_wp-content_uploads_2022_05_http___repsolmedia.com_repsolmedia_wp-content_uploads_2022_05_JRB4426-scaled-1.jpg\"\n                            srcset=\"https:\/\/bxrepsol.s3.eu-west-1.amazonaws.com\/static\/2022\/08\/05095240\/http___repsolmedia.com_repsolmedia_wp-content_uploads_2022_05_http___repsolmedia.com_repsolmedia_wp-content_uploads_2022_05_JRB4426-scaled-1.jpg 2560w, https:\/\/bxrepsol.s3.eu-west-1.amazonaws.com\/static\/2022\/08\/05095240\/http___repsolmedia.com_repsolmedia_wp-content_uploads_2022_05_http___repsolmedia.com_repsolmedia_wp-content_uploads_2022_05_JRB4426-scaled-1.jpg 1280w, https:\/\/bxrepsol.s3.eu-west-1.amazonaws.com\/static\/2022\/08\/05095240\/http___repsolmedia.com_repsolmedia_wp-content_uploads_2022_05_http___repsolmedia.com_repsolmedia_wp-content_uploads_2022_05_JRB4426-scaled-1.jpg 900w, https:\/\/bxrepsol.s3.eu-west-1.amazonaws.com\/static\/2022\/08\/05095240\/http___repsolmedia.com_repsolmedia_wp-content_uploads_2022_05_http___repsolmedia.com_repsolmedia_wp-content_uploads_2022_05_JRB4426-scaled-1.jpg 600w, https:\/\/bxrepsol.s3.eu-west-1.amazonaws.com\/static\/2022\/08\/05095240\/http___repsolmedia.com_repsolmedia_wp-content_uploads_2022_05_http___repsolmedia.com_repsolmedia_wp-content_uploads_2022_05_JRB4426-scaled-1.jpg 480w, https:\/\/bxrepsol.s3.eu-west-1.amazonaws.com\/static\/2022\/08\/05095240\/http___repsolmedia.com_repsolmedia_wp-content_uploads_2022_05_http___repsolmedia.com_repsolmedia_wp-content_uploads_2022_05_JRB4426-scaled-1.jpg 32w\"\n                            title=\"http___repsolmedia.com_repsolmedia_wp-content_uploads_2022_05_http___repsolmedia.com_repsolmedia_wp-content_uploads_2022_05_JRB4426-scaled-1\"\n                            alt=\"\"\n                            data-title=\"\"><br \/>\n                    <\/a><br \/>\n                    <a\n                        href=\"https:\/\/bxrepsol.s3.eu-west-1.amazonaws.com\/static\/2022\/08\/05095243\/http___repsolmedia.com_repsolmedia_wp-content_uploads_2022_05_http___repsolmedia.com_repsolmedia_wp-content_uploads_2022_05_JRB5295-scaled-1.jpg\"\n                        data-index=\"2\"\n                    ><br \/>\n                        <img decoding=\"async\"\n                            src=\"https:\/\/bxrepsol.s3.eu-west-1.amazonaws.com\/static\/2022\/08\/05095243\/http___repsolmedia.com_repsolmedia_wp-content_uploads_2022_05_http___repsolmedia.com_repsolmedia_wp-content_uploads_2022_05_JRB5295-scaled-1.jpg\"\n                            srcset=\"https:\/\/bxrepsol.s3.eu-west-1.amazonaws.com\/static\/2022\/08\/05095243\/http___repsolmedia.com_repsolmedia_wp-content_uploads_2022_05_http___repsolmedia.com_repsolmedia_wp-content_uploads_2022_05_JRB5295-scaled-1.jpg 2560w, https:\/\/bxrepsol.s3.eu-west-1.amazonaws.com\/static\/2022\/08\/05095243\/http___repsolmedia.com_repsolmedia_wp-content_uploads_2022_05_http___repsolmedia.com_repsolmedia_wp-content_uploads_2022_05_JRB5295-scaled-1.jpg 1280w, https:\/\/bxrepsol.s3.eu-west-1.amazonaws.com\/static\/2022\/08\/05095243\/http___repsolmedia.com_repsolmedia_wp-content_uploads_2022_05_http___repsolmedia.com_repsolmedia_wp-content_uploads_2022_05_JRB5295-scaled-1.jpg 900w, https:\/\/bxrepsol.s3.eu-west-1.amazonaws.com\/static\/2022\/08\/05095243\/http___repsolmedia.com_repsolmedia_wp-content_uploads_2022_05_http___repsolmedia.com_repsolmedia_wp-content_uploads_2022_05_JRB5295-scaled-1.jpg 600w, https:\/\/bxrepsol.s3.eu-west-1.amazonaws.com\/static\/2022\/08\/05095243\/http___repsolmedia.com_repsolmedia_wp-content_uploads_2022_05_http___repsolmedia.com_repsolmedia_wp-content_uploads_2022_05_JRB5295-scaled-1.jpg 480w, https:\/\/bxrepsol.s3.eu-west-1.amazonaws.com\/static\/2022\/08\/05095243\/http___repsolmedia.com_repsolmedia_wp-content_uploads_2022_05_http___repsolmedia.com_repsolmedia_wp-content_uploads_2022_05_JRB5295-scaled-1.jpg 32w\"\n                            title=\"http___repsolmedia.com_repsolmedia_wp-content_uploads_2022_05_http___repsolmedia.com_repsolmedia_wp-content_uploads_2022_05_JRB5295-scaled-1\"\n                            alt=\"\"\n                            data-title=\"\"><br \/>\n                    <\/a><br \/>\n                    <a\n                        href=\"https:\/\/bxrepsol.s3.eu-west-1.amazonaws.com\/static\/2022\/08\/05095245\/http___repsolmedia.com_repsolmedia_wp-content_uploads_2022_05_http___repsolmedia.com_repsolmedia_wp-content_uploads_2022_05_JRB6649-scaled-1.jpg\"\n                        data-index=\"3\"\n                    ><br \/>\n                        <img decoding=\"async\"\n                            src=\"https:\/\/bxrepsol.s3.eu-west-1.amazonaws.com\/static\/2022\/08\/05095245\/http___repsolmedia.com_repsolmedia_wp-content_uploads_2022_05_http___repsolmedia.com_repsolmedia_wp-content_uploads_2022_05_JRB6649-scaled-1.jpg\"\n                            srcset=\"https:\/\/bxrepsol.s3.eu-west-1.amazonaws.com\/static\/2022\/08\/05095245\/http___repsolmedia.com_repsolmedia_wp-content_uploads_2022_05_http___repsolmedia.com_repsolmedia_wp-content_uploads_2022_05_JRB6649-scaled-1.jpg 2560w, https:\/\/bxrepsol.s3.eu-west-1.amazonaws.com\/static\/2022\/08\/05095245\/http___repsolmedia.com_repsolmedia_wp-content_uploads_2022_05_http___repsolmedia.com_repsolmedia_wp-content_uploads_2022_05_JRB6649-scaled-1.jpg 1280w, https:\/\/bxrepsol.s3.eu-west-1.amazonaws.com\/static\/2022\/08\/05095245\/http___repsolmedia.com_repsolmedia_wp-content_uploads_2022_05_http___repsolmedia.com_repsolmedia_wp-content_uploads_2022_05_JRB6649-scaled-1.jpg 900w, https:\/\/bxrepsol.s3.eu-west-1.amazonaws.com\/static\/2022\/08\/05095245\/http___repsolmedia.com_repsolmedia_wp-content_uploads_2022_05_http___repsolmedia.com_repsolmedia_wp-content_uploads_2022_05_JRB6649-scaled-1.jpg 600w, https:\/\/bxrepsol.s3.eu-west-1.amazonaws.com\/static\/2022\/08\/05095245\/http___repsolmedia.com_repsolmedia_wp-content_uploads_2022_05_http___repsolmedia.com_repsolmedia_wp-content_uploads_2022_05_JRB6649-scaled-1.jpg 480w, https:\/\/bxrepsol.s3.eu-west-1.amazonaws.com\/static\/2022\/08\/05095245\/http___repsolmedia.com_repsolmedia_wp-content_uploads_2022_05_http___repsolmedia.com_repsolmedia_wp-content_uploads_2022_05_JRB6649-scaled-1.jpg 32w\"\n                            title=\"http___repsolmedia.com_repsolmedia_wp-content_uploads_2022_05_http___repsolmedia.com_repsolmedia_wp-content_uploads_2022_05_JRB6649-scaled-1\"\n                            alt=\"\"\n                            data-title=\"\"><br \/>\n                    <\/a><br \/>\n                    <a\n                        href=\"https:\/\/bxrepsol.s3.eu-west-1.amazonaws.com\/static\/2022\/08\/05095248\/http___repsolmedia.com_repsolmedia_wp-content_uploads_2022_05_http___repsolmedia.com_repsolmedia_wp-content_uploads_2022_05_JRB9326-scaled-1.jpg\"\n                        data-index=\"4\"\n                    ><br \/>\n                        <img decoding=\"async\"\n                            src=\"https:\/\/bxrepsol.s3.eu-west-1.amazonaws.com\/static\/2022\/08\/05095248\/http___repsolmedia.com_repsolmedia_wp-content_uploads_2022_05_http___repsolmedia.com_repsolmedia_wp-content_uploads_2022_05_JRB9326-scaled-1.jpg\"\n                            srcset=\"https:\/\/bxrepsol.s3.eu-west-1.amazonaws.com\/static\/2022\/08\/05095248\/http___repsolmedia.com_repsolmedia_wp-content_uploads_2022_05_http___repsolmedia.com_repsolmedia_wp-content_uploads_2022_05_JRB9326-scaled-1.jpg 2560w, https:\/\/bxrepsol.s3.eu-west-1.amazonaws.com\/static\/2022\/08\/05095248\/http___repsolmedia.com_repsolmedia_wp-content_uploads_2022_05_http___repsolmedia.com_repsolmedia_wp-content_uploads_2022_05_JRB9326-scaled-1.jpg 1280w, https:\/\/bxrepsol.s3.eu-west-1.amazonaws.com\/static\/2022\/08\/05095248\/http___repsolmedia.com_repsolmedia_wp-content_uploads_2022_05_http___repsolmedia.com_repsolmedia_wp-content_uploads_2022_05_JRB9326-scaled-1.jpg 900w, https:\/\/bxrepsol.s3.eu-west-1.amazonaws.com\/static\/2022\/08\/05095248\/http___repsolmedia.com_repsolmedia_wp-content_uploads_2022_05_http___repsolmedia.com_repsolmedia_wp-content_uploads_2022_05_JRB9326-scaled-1.jpg 600w, https:\/\/bxrepsol.s3.eu-west-1.amazonaws.com\/static\/2022\/08\/05095248\/http___repsolmedia.com_repsolmedia_wp-content_uploads_2022_05_http___repsolmedia.com_repsolmedia_wp-content_uploads_2022_05_JRB9326-scaled-1.jpg 480w, https:\/\/bxrepsol.s3.eu-west-1.amazonaws.com\/static\/2022\/08\/05095248\/http___repsolmedia.com_repsolmedia_wp-content_uploads_2022_05_http___repsolmedia.com_repsolmedia_wp-content_uploads_2022_05_JRB9326-scaled-1.jpg 32w\"\n                            title=\"http___repsolmedia.com_repsolmedia_wp-content_uploads_2022_05_http___repsolmedia.com_repsolmedia_wp-content_uploads_2022_05_JRB9326-scaled-1\"\n                            alt=\"\"\n                            data-title=\"\"><br \/>\n                    <\/a><br \/>\n        <button data-glide-dir=\"<\"><br \/>\n            <svg role=\"img\"  viewBox=\"0 0 256 512\">\n                <path fill=\"currentColor\" d=\"M238.475 475.535l7.071-7.07c4.686-4.686 4.686-12.284 0-16.971L50.053 256 245.546 60.506c4.686-4.686 4.686-12.284 0-16.971l-7.071-7.07c-4.686-4.686-12.284-4.686-16.97 0L10.454 247.515c-4.686 4.686-4.686 12.284 0 16.971l211.051 211.05c4.686 4.686 12.284 4.686 16.97-.001z\"><\/path>\n            <\/svg><br \/>\n        <\/button><br \/>\n        <button data-glide-dir=\">\u00ab><br \/>\n            <svg role=\"img\"  viewBox=\"0 0 256 512\">\n                <path fill=\"currentColor\" d=\"M17.525 36.465l-7.071 7.07c-4.686 4.686-4.686 12.284 0 16.971L205.947 256 10.454 451.494c-4.686 4.686-4.686 12.284 0 16.971l7.071 7.07c4.686 4.686 12.284 4.686 16.97 0l211.051-211.05c4.686-4.686 4.686-12.284 0-16.971L34.495 36.465c-4.686-4.687-12.284-4.687-16.97 0z\"><\/path>\n            <\/svg><br \/>\n        <\/button><\/p>\n<p><strong>Declaraciones de los pilotos<\/strong><\/p>\n<p><a href=\"https:\/\/twitter.com\/hashtag\/MM93?src=hashtag_click\">#MM93<\/a><\/p>\n<p>\u00abMugello es siempre un gran circuito para pilotar, es muy r\u00e1pido y cuando est\u00e1s a m\u00e1xima velocidad en la recta principal con una MotoGP, es una gran sensaci\u00f3n. Veremos qu\u00e9 es posible este fin de semana, tenemos que llegar y ver cu\u00e1l es la situaci\u00f3n y d\u00f3nde estamos. S\u00e9 que si seguimos trabajando con mi equipo, podemos volver a saber d\u00f3nde est\u00e1 nuestro potencial\u00bb.<\/p>\n<p><a href=\"https:\/\/twitter.com\/hashtag\/POL44?src=hashtag_click\">#POL44<\/a><\/p>\n<p>\u00abEl a\u00f1o pasado en Mugello tuvimos una carrera un poco dif\u00edcil, as\u00ed que este a\u00f1o espero que podamos tener un GP de Italia m\u00e1s tranquilo. He seguido entrenando al m\u00e1ximo en casa para estar preparado. No pudimos conseguir lo que quer\u00edamos en Francia, as\u00ed que el objetivo es, por supuesto, volver m\u00e1s fuertes aqu\u00ed en Italia. Tenemos dos carreras y un test en dos semanas, habr\u00e1 mucho tiempo de moto para nosotros, lo cual es bueno. Vamos a trabajar\u00bb.<\/p>\n","protected":false},"excerpt":{"rendered":"<p>Los pilotos del equipo Repsol Honda disputar\u00e1n este fin de semana el Gran Premio de Italia, octava cita de la temporada<\/p>\n","protected":false},"author":43146,"featured_media":46077,"comment_status":"open","ping_status":"open","sticky":false,"template":"","format":"standard","meta":{"footnotes":""},"categories":[4],"tags":[120,6,127,128],"class_list":["post-95356","post","type-post","status-publish","format-standard","hentry","category-motogp","tag-120","tag-marc-marquez","tag-motogp-italia","tag-pol-espargaro"],"yoast_head":"<!-- This site is optimized with the Yoast SEO plugin v27.3 - https:\/\/yoast.com\/product\/yoast-seo-wordpress\/ -->\n<title>Marc M\u00e1rquez y Pol Espargar\u00f3 inician en Mugello el segundo tercio de la temporada - Box Repsol<\/title>\n<link rel=\"canonical\" href=\"https:\/\/www.boxrepsol.com\/es\/motogp\/marc-marquez-y-pol-espargaro-inician-en-mugello-el-segundo-tercio-de-la-temporada\/\" \/>\n<meta property=\"og:locale\" content=\"es_ES\" \/>\n<meta property=\"og:type\" content=\"article\" \/>\n<meta property=\"og:title\" content=\"Marc M\u00e1rquez y Pol Espargar\u00f3 inician en Mugello el segundo tercio de la temporada - Box Repsol\" \/>\n<meta property=\"og:description\" content=\"Los pilotos del equipo Repsol Honda disputar\u00e1n este fin de semana el Gran Premio de Italia, octava cita de la temporada\" \/>\n<meta property=\"og:url\" content=\"https:\/\/www.boxrepsol.com\/es\/motogp\/marc-marquez-y-pol-espargaro-inician-en-mugello-el-segundo-tercio-de-la-temporada\/\" \/>\n<meta property=\"og:site_name\" content=\"Box Repsol\" \/>\n<meta property=\"article:publisher\" content=\"https:\/\/www.facebook.com\/BoxRepsol\" \/>\n<meta property=\"article:author\" content=\"https:\/\/www.facebook.com\/BoxRepsol\/\" \/>\n<meta property=\"article:published_time\" content=\"2022-05-24T02:00:00+00:00\" \/>\n<meta property=\"article:modified_time\" content=\"2024-04-09T08:55:47+00:00\" \/>\n<meta property=\"og:image\" content=\"https:\/\/bxrepsol.s3.eu-west-1.amazonaws.com\/static\/2022\/08\/10042525\/http___repsolmedia.com_repsolmedia_wp-content_uploads_2022_05_http___repsolmedia.com_repsolmedia_wp-content_uploads_2022_04_JRB4055-scaled-1.jpg\" \/>\n\t<meta property=\"og:image:width\" content=\"1280\" \/>\n\t<meta property=\"og:image:height\" content=\"600\" \/>\n\t<meta property=\"og:image:type\" content=\"image\/jpeg\" \/>\n<meta name=\"author\" content=\"Redacci\u00f3n Box Repsol\" \/>\n<meta name=\"twitter:card\" content=\"summary_large_image\" \/>\n<meta name=\"twitter:creator\" content=\"@https:\/\/twitter.com\/box_repsol\" \/>\n<meta name=\"twitter:site\" content=\"@box_repsol\" \/>\n<meta name=\"twitter:label1\" content=\"Written by\" \/>\n\t<meta name=\"twitter:data1\" content=\"Redacci\u00f3n Box Repsol\" \/>\n\t<meta name=\"twitter:label2\" content=\"Est. reading time\" \/>\n\t<meta name=\"twitter:data2\" content=\"2 minutos\" \/>\n<script type=\"application\/ld+json\" class=\"yoast-schema-graph\">{\"@context\":\"https:\\\/\\\/schema.org\",\"@graph\":[{\"@type\":\"Article\",\"@id\":\"https:\\\/\\\/www.boxrepsol.com\\\/es\\\/motogp\\\/marc-marquez-y-pol-espargaro-inician-en-mugello-el-segundo-tercio-de-la-temporada\\\/#article\",\"isPartOf\":{\"@id\":\"https:\\\/\\\/www.boxrepsol.com\\\/es\\\/motogp\\\/marc-marquez-y-pol-espargaro-inician-en-mugello-el-segundo-tercio-de-la-temporada\\\/\"},\"author\":{\"name\":\"Redacci\u00f3n Box Repsol\",\"@id\":\"https:\\\/\\\/www.boxrepsol.com\\\/es\\\/#\\\/schema\\\/person\\\/c5c2138f2cca251b0ad92b7086bb60b7\"},\"headline\":\"Marc M\u00e1rquez y Pol Espargar\u00f3 inician en Mugello el segundo tercio de la temporada\",\"datePublished\":\"2022-05-24T02:00:00+00:00\",\"dateModified\":\"2024-04-09T08:55:47+00:00\",\"mainEntityOfPage\":{\"@id\":\"https:\\\/\\\/www.boxrepsol.com\\\/es\\\/motogp\\\/marc-marquez-y-pol-espargaro-inician-en-mugello-el-segundo-tercio-de-la-temporada\\\/\"},\"wordCount\":349,\"commentCount\":0,\"publisher\":{\"@id\":\"https:\\\/\\\/www.boxrepsol.com\\\/es\\\/#organization\"},\"image\":{\"@id\":\"https:\\\/\\\/www.boxrepsol.com\\\/es\\\/motogp\\\/marc-marquez-y-pol-espargaro-inician-en-mugello-el-segundo-tercio-de-la-temporada\\\/#primaryimage\"},\"thumbnailUrl\":\"https:\\\/\\\/bxrepsol.s3.eu-west-1.amazonaws.com\\\/static\\\/2022\\\/08\\\/10042525\\\/http___repsolmedia.com_repsolmedia_wp-content_uploads_2022_05_http___repsolmedia.com_repsolmedia_wp-content_uploads_2022_04_JRB4055-scaled-1.jpg\",\"keywords\":[\"2022\",\"Marc M\u00e1rquez\",\"MotoGP Italia\",\"Pol Espargar\u00f3\"],\"articleSection\":[\"MotoGP\"],\"inLanguage\":\"es\",\"potentialAction\":[{\"@type\":\"CommentAction\",\"name\":\"Comment\",\"target\":[\"https:\\\/\\\/www.boxrepsol.com\\\/es\\\/motogp\\\/marc-marquez-y-pol-espargaro-inician-en-mugello-el-segundo-tercio-de-la-temporada\\\/#respond\"]}]},{\"@type\":\"WebPage\",\"@id\":\"https:\\\/\\\/www.boxrepsol.com\\\/es\\\/motogp\\\/marc-marquez-y-pol-espargaro-inician-en-mugello-el-segundo-tercio-de-la-temporada\\\/\",\"url\":\"https:\\\/\\\/www.boxrepsol.com\\\/es\\\/motogp\\\/marc-marquez-y-pol-espargaro-inician-en-mugello-el-segundo-tercio-de-la-temporada\\\/\",\"name\":\"Marc M\u00e1rquez y Pol Espargar\u00f3 inician en Mugello el segundo tercio de la temporada - Box Repsol\",\"isPartOf\":{\"@id\":\"https:\\\/\\\/www.boxrepsol.com\\\/es\\\/#website\"},\"primaryImageOfPage\":{\"@id\":\"https:\\\/\\\/www.boxrepsol.com\\\/es\\\/motogp\\\/marc-marquez-y-pol-espargaro-inician-en-mugello-el-segundo-tercio-de-la-temporada\\\/#primaryimage\"},\"image\":{\"@id\":\"https:\\\/\\\/www.boxrepsol.com\\\/es\\\/motogp\\\/marc-marquez-y-pol-espargaro-inician-en-mugello-el-segundo-tercio-de-la-temporada\\\/#primaryimage\"},\"thumbnailUrl\":\"https:\\\/\\\/bxrepsol.s3.eu-west-1.amazonaws.com\\\/static\\\/2022\\\/08\\\/10042525\\\/http___repsolmedia.com_repsolmedia_wp-content_uploads_2022_05_http___repsolmedia.com_repsolmedia_wp-content_uploads_2022_04_JRB4055-scaled-1.jpg\",\"datePublished\":\"2022-05-24T02:00:00+00:00\",\"dateModified\":\"2024-04-09T08:55:47+00:00\",\"breadcrumb\":{\"@id\":\"https:\\\/\\\/www.boxrepsol.com\\\/es\\\/motogp\\\/marc-marquez-y-pol-espargaro-inician-en-mugello-el-segundo-tercio-de-la-temporada\\\/#breadcrumb\"},\"inLanguage\":\"es\",\"potentialAction\":[{\"@type\":\"ReadAction\",\"target\":[\"https:\\\/\\\/www.boxrepsol.com\\\/es\\\/motogp\\\/marc-marquez-y-pol-espargaro-inician-en-mugello-el-segundo-tercio-de-la-temporada\\\/\"]}]},{\"@type\":\"ImageObject\",\"inLanguage\":\"es\",\"@id\":\"https:\\\/\\\/www.boxrepsol.com\\\/es\\\/motogp\\\/marc-marquez-y-pol-espargaro-inician-en-mugello-el-segundo-tercio-de-la-temporada\\\/#primaryimage\",\"url\":\"https:\\\/\\\/bxrepsol.s3.eu-west-1.amazonaws.com\\\/static\\\/2022\\\/08\\\/10042525\\\/http___repsolmedia.com_repsolmedia_wp-content_uploads_2022_05_http___repsolmedia.com_repsolmedia_wp-content_uploads_2022_04_JRB4055-scaled-1.jpg\",\"contentUrl\":\"https:\\\/\\\/bxrepsol.s3.eu-west-1.amazonaws.com\\\/static\\\/2022\\\/08\\\/10042525\\\/http___repsolmedia.com_repsolmedia_wp-content_uploads_2022_05_http___repsolmedia.com_repsolmedia_wp-content_uploads_2022_04_JRB4055-scaled-1.jpg\",\"width\":1280,\"height\":600},{\"@type\":\"BreadcrumbList\",\"@id\":\"https:\\\/\\\/www.boxrepsol.com\\\/es\\\/motogp\\\/marc-marquez-y-pol-espargaro-inician-en-mugello-el-segundo-tercio-de-la-temporada\\\/#breadcrumb\",\"itemListElement\":[{\"@type\":\"ListItem\",\"position\":1,\"name\":\"Home\",\"item\":\"https:\\\/\\\/www.boxrepsol.com\\\/es\\\/\"},{\"@type\":\"ListItem\",\"position\":2,\"name\":\"Marc M\u00e1rquez y Pol Espargar\u00f3 inician en Mugello el segundo tercio de la temporada\"}]},{\"@type\":\"WebSite\",\"@id\":\"https:\\\/\\\/www.boxrepsol.com\\\/es\\\/#website\",\"url\":\"https:\\\/\\\/www.boxrepsol.com\\\/es\\\/\",\"name\":\"Box Repsol\",\"description\":\"Box Repsol Site\",\"publisher\":{\"@id\":\"https:\\\/\\\/www.boxrepsol.com\\\/es\\\/#organization\"},\"potentialAction\":[{\"@type\":\"SearchAction\",\"target\":{\"@type\":\"EntryPoint\",\"urlTemplate\":\"https:\\\/\\\/www.boxrepsol.com\\\/es\\\/?s={search_term_string}\"},\"query-input\":{\"@type\":\"PropertyValueSpecification\",\"valueRequired\":true,\"valueName\":\"search_term_string\"}}],\"inLanguage\":\"es\"},{\"@type\":\"Organization\",\"@id\":\"https:\\\/\\\/www.boxrepsol.com\\\/es\\\/#organization\",\"name\":\"Box Repsol\",\"url\":\"https:\\\/\\\/www.boxrepsol.com\\\/es\\\/\",\"logo\":{\"@type\":\"ImageObject\",\"inLanguage\":\"es\",\"@id\":\"https:\\\/\\\/www.boxrepsol.com\\\/es\\\/#\\\/schema\\\/logo\\\/image\\\/\",\"url\":\"https:\\\/\\\/bxrepsol.s3.eu-west-1.amazonaws.com\\\/static\\\/2025\\\/07\\\/30083337\\\/favicon-96x96-1.png\",\"contentUrl\":\"https:\\\/\\\/bxrepsol.s3.eu-west-1.amazonaws.com\\\/static\\\/2025\\\/07\\\/30083337\\\/favicon-96x96-1.png\",\"width\":96,\"height\":96,\"caption\":\"Box Repsol\"},\"image\":{\"@id\":\"https:\\\/\\\/www.boxrepsol.com\\\/es\\\/#\\\/schema\\\/logo\\\/image\\\/\"},\"sameAs\":[\"https:\\\/\\\/www.facebook.com\\\/BoxRepsol\",\"https:\\\/\\\/x.com\\\/box_repsol\",\"http:\\\/\\\/instagram.com\\\/box_repsol\",\"https:\\\/\\\/www.youtube.com\\\/user\\\/RepsolCompeticion\",\"https:\\\/\\\/www.flickr.com\\\/photos\\\/box_repsol\\\/\"]},{\"@type\":\"Person\",\"@id\":\"https:\\\/\\\/www.boxrepsol.com\\\/es\\\/#\\\/schema\\\/person\\\/c5c2138f2cca251b0ad92b7086bb60b7\",\"name\":\"Redacci\u00f3n Box Repsol\",\"image\":{\"@type\":\"ImageObject\",\"inLanguage\":\"es\",\"@id\":\"https:\\\/\\\/secure.gravatar.com\\\/avatar\\\/adf7b77e38b4419baf32c7e9c21dde01f4e40df611f0978e3006fc4ba0aaab7e?s=96&d=mm&r=g\",\"url\":\"https:\\\/\\\/secure.gravatar.com\\\/avatar\\\/adf7b77e38b4419baf32c7e9c21dde01f4e40df611f0978e3006fc4ba0aaab7e?s=96&d=mm&r=g\",\"contentUrl\":\"https:\\\/\\\/secure.gravatar.com\\\/avatar\\\/adf7b77e38b4419baf32c7e9c21dde01f4e40df611f0978e3006fc4ba0aaab7e?s=96&d=mm&r=g\",\"caption\":\"Redacci\u00f3n Box Repsol\"},\"description\":\"Box Repsol lo forma un equipo de periodistas, community managers, dise\u00f1adores y fot\u00f3grafos con m\u00e1s de 20 a\u00f1os de experiencia en el mundo del motorsport. Hemos vivido el primer mundial de un espa\u00f1ol en la categor\u00eda reina de motociclismo con \u00c1lex Crivill\u00e9, estuvimos en las victorias de Pedrosa y los t\u00edtulos de M\u00e1rquez, acompa\u00f1amos en \u00c1frica a Nani Roma y Marc Coma en sus conquistas del Dakar y hemos vibrado con los t\u00edtulos de Toni Bou en Trial. Adem\u00e1s, en nuestro equipo contamos con expertos en el mundo de las dos y cuatro ruedas tanto de la calle y las carreteras, como de los circuitos. Periodistas que han trabajado en revistas y publicaciones para hacerte llegar desde rutas y consejos de mantenimiento, a curiosidades y trucos de pilotaje.\",\"sameAs\":[\"https:\\\/\\\/www.facebook.com\\\/BoxRepsol\\\/\",\"https:\\\/\\\/www.instagram.com\\\/box_repsol\\\/\",\"https:\\\/\\\/x.com\\\/https:\\\/\\\/twitter.com\\\/box_repsol\",\"https:\\\/\\\/www.youtube.com\\\/@Boxrepsol\"],\"url\":\"https:\\\/\\\/www.boxrepsol.com\\\/es\\\/author\\\/redaccion-box-repsol\\\/\"}]}<\/script>\n<!-- \/ Yoast SEO plugin. -->","yoast_head_json":{"title":"Marc M\u00e1rquez y Pol Espargar\u00f3 inician en Mugello el segundo tercio de la temporada - Box Repsol","canonical":"https:\/\/www.boxrepsol.com\/es\/motogp\/marc-marquez-y-pol-espargaro-inician-en-mugello-el-segundo-tercio-de-la-temporada\/","og_locale":"es_ES","og_type":"article","og_title":"Marc M\u00e1rquez y Pol Espargar\u00f3 inician en Mugello el segundo tercio de la temporada - Box Repsol","og_description":"Los pilotos del equipo Repsol Honda disputar\u00e1n este fin de semana el Gran Premio de Italia, octava cita de la temporada","og_url":"https:\/\/www.boxrepsol.com\/es\/motogp\/marc-marquez-y-pol-espargaro-inician-en-mugello-el-segundo-tercio-de-la-temporada\/","og_site_name":"Box Repsol","article_publisher":"https:\/\/www.facebook.com\/BoxRepsol","article_author":"https:\/\/www.facebook.com\/BoxRepsol\/","article_published_time":"2022-05-24T02:00:00+00:00","article_modified_time":"2024-04-09T08:55:47+00:00","og_image":[{"width":1280,"height":600,"url":"https:\/\/bxrepsol.s3.eu-west-1.amazonaws.com\/static\/2022\/08\/10042525\/http___repsolmedia.com_repsolmedia_wp-content_uploads_2022_05_http___repsolmedia.com_repsolmedia_wp-content_uploads_2022_04_JRB4055-scaled-1.jpg","type":"image\/jpeg"}],"author":"Redacci\u00f3n Box Repsol","twitter_card":"summary_large_image","twitter_creator":"@https:\/\/twitter.com\/box_repsol","twitter_site":"@box_repsol","twitter_misc":{"Written by":"Redacci\u00f3n Box Repsol","Est. reading time":"2 minutos"},"schema":{"@context":"https:\/\/schema.org","@graph":[{"@type":"Article","@id":"https:\/\/www.boxrepsol.com\/es\/motogp\/marc-marquez-y-pol-espargaro-inician-en-mugello-el-segundo-tercio-de-la-temporada\/#article","isPartOf":{"@id":"https:\/\/www.boxrepsol.com\/es\/motogp\/marc-marquez-y-pol-espargaro-inician-en-mugello-el-segundo-tercio-de-la-temporada\/"},"author":{"name":"Redacci\u00f3n Box Repsol","@id":"https:\/\/www.boxrepsol.com\/es\/#\/schema\/person\/c5c2138f2cca251b0ad92b7086bb60b7"},"headline":"Marc M\u00e1rquez y Pol Espargar\u00f3 inician en Mugello el segundo tercio de la temporada","datePublished":"2022-05-24T02:00:00+00:00","dateModified":"2024-04-09T08:55:47+00:00","mainEntityOfPage":{"@id":"https:\/\/www.boxrepsol.com\/es\/motogp\/marc-marquez-y-pol-espargaro-inician-en-mugello-el-segundo-tercio-de-la-temporada\/"},"wordCount":349,"commentCount":0,"publisher":{"@id":"https:\/\/www.boxrepsol.com\/es\/#organization"},"image":{"@id":"https:\/\/www.boxrepsol.com\/es\/motogp\/marc-marquez-y-pol-espargaro-inician-en-mugello-el-segundo-tercio-de-la-temporada\/#primaryimage"},"thumbnailUrl":"https:\/\/bxrepsol.s3.eu-west-1.amazonaws.com\/static\/2022\/08\/10042525\/http___repsolmedia.com_repsolmedia_wp-content_uploads_2022_05_http___repsolmedia.com_repsolmedia_wp-content_uploads_2022_04_JRB4055-scaled-1.jpg","keywords":["2022","Marc M\u00e1rquez","MotoGP Italia","Pol Espargar\u00f3"],"articleSection":["MotoGP"],"inLanguage":"es","potentialAction":[{"@type":"CommentAction","name":"Comment","target":["https:\/\/www.boxrepsol.com\/es\/motogp\/marc-marquez-y-pol-espargaro-inician-en-mugello-el-segundo-tercio-de-la-temporada\/#respond"]}]},{"@type":"WebPage","@id":"https:\/\/www.boxrepsol.com\/es\/motogp\/marc-marquez-y-pol-espargaro-inician-en-mugello-el-segundo-tercio-de-la-temporada\/","url":"https:\/\/www.boxrepsol.com\/es\/motogp\/marc-marquez-y-pol-espargaro-inician-en-mugello-el-segundo-tercio-de-la-temporada\/","name":"Marc M\u00e1rquez y Pol Espargar\u00f3 inician en Mugello el segundo tercio de la temporada - Box Repsol","isPartOf":{"@id":"https:\/\/www.boxrepsol.com\/es\/#website"},"primaryImageOfPage":{"@id":"https:\/\/www.boxrepsol.com\/es\/motogp\/marc-marquez-y-pol-espargaro-inician-en-mugello-el-segundo-tercio-de-la-temporada\/#primaryimage"},"image":{"@id":"https:\/\/www.boxrepsol.com\/es\/motogp\/marc-marquez-y-pol-espargaro-inician-en-mugello-el-segundo-tercio-de-la-temporada\/#primaryimage"},"thumbnailUrl":"https:\/\/bxrepsol.s3.eu-west-1.amazonaws.com\/static\/2022\/08\/10042525\/http___repsolmedia.com_repsolmedia_wp-content_uploads_2022_05_http___repsolmedia.com_repsolmedia_wp-content_uploads_2022_04_JRB4055-scaled-1.jpg","datePublished":"2022-05-24T02:00:00+00:00","dateModified":"2024-04-09T08:55:47+00:00","breadcrumb":{"@id":"https:\/\/www.boxrepsol.com\/es\/motogp\/marc-marquez-y-pol-espargaro-inician-en-mugello-el-segundo-tercio-de-la-temporada\/#breadcrumb"},"inLanguage":"es","potentialAction":[{"@type":"ReadAction","target":["https:\/\/www.boxrepsol.com\/es\/motogp\/marc-marquez-y-pol-espargaro-inician-en-mugello-el-segundo-tercio-de-la-temporada\/"]}]},{"@type":"ImageObject","inLanguage":"es","@id":"https:\/\/www.boxrepsol.com\/es\/motogp\/marc-marquez-y-pol-espargaro-inician-en-mugello-el-segundo-tercio-de-la-temporada\/#primaryimage","url":"https:\/\/bxrepsol.s3.eu-west-1.amazonaws.com\/static\/2022\/08\/10042525\/http___repsolmedia.com_repsolmedia_wp-content_uploads_2022_05_http___repsolmedia.com_repsolmedia_wp-content_uploads_2022_04_JRB4055-scaled-1.jpg","contentUrl":"https:\/\/bxrepsol.s3.eu-west-1.amazonaws.com\/static\/2022\/08\/10042525\/http___repsolmedia.com_repsolmedia_wp-content_uploads_2022_05_http___repsolmedia.com_repsolmedia_wp-content_uploads_2022_04_JRB4055-scaled-1.jpg","width":1280,"height":600},{"@type":"BreadcrumbList","@id":"https:\/\/www.boxrepsol.com\/es\/motogp\/marc-marquez-y-pol-espargaro-inician-en-mugello-el-segundo-tercio-de-la-temporada\/#breadcrumb","itemListElement":[{"@type":"ListItem","position":1,"name":"Home","item":"https:\/\/www.boxrepsol.com\/es\/"},{"@type":"ListItem","position":2,"name":"Marc M\u00e1rquez y Pol Espargar\u00f3 inician en Mugello el segundo tercio de la temporada"}]},{"@type":"WebSite","@id":"https:\/\/www.boxrepsol.com\/es\/#website","url":"https:\/\/www.boxrepsol.com\/es\/","name":"Box Repsol","description":"Box Repsol Site","publisher":{"@id":"https:\/\/www.boxrepsol.com\/es\/#organization"},"potentialAction":[{"@type":"SearchAction","target":{"@type":"EntryPoint","urlTemplate":"https:\/\/www.boxrepsol.com\/es\/?s={search_term_string}"},"query-input":{"@type":"PropertyValueSpecification","valueRequired":true,"valueName":"search_term_string"}}],"inLanguage":"es"},{"@type":"Organization","@id":"https:\/\/www.boxrepsol.com\/es\/#organization","name":"Box Repsol","url":"https:\/\/www.boxrepsol.com\/es\/","logo":{"@type":"ImageObject","inLanguage":"es","@id":"https:\/\/www.boxrepsol.com\/es\/#\/schema\/logo\/image\/","url":"https:\/\/bxrepsol.s3.eu-west-1.amazonaws.com\/static\/2025\/07\/30083337\/favicon-96x96-1.png","contentUrl":"https:\/\/bxrepsol.s3.eu-west-1.amazonaws.com\/static\/2025\/07\/30083337\/favicon-96x96-1.png","width":96,"height":96,"caption":"Box Repsol"},"image":{"@id":"https:\/\/www.boxrepsol.com\/es\/#\/schema\/logo\/image\/"},"sameAs":["https:\/\/www.facebook.com\/BoxRepsol","https:\/\/x.com\/box_repsol","http:\/\/instagram.com\/box_repsol","https:\/\/www.youtube.com\/user\/RepsolCompeticion","https:\/\/www.flickr.com\/photos\/box_repsol\/"]},{"@type":"Person","@id":"https:\/\/www.boxrepsol.com\/es\/#\/schema\/person\/c5c2138f2cca251b0ad92b7086bb60b7","name":"Redacci\u00f3n Box Repsol","image":{"@type":"ImageObject","inLanguage":"es","@id":"https:\/\/secure.gravatar.com\/avatar\/adf7b77e38b4419baf32c7e9c21dde01f4e40df611f0978e3006fc4ba0aaab7e?s=96&d=mm&r=g","url":"https:\/\/secure.gravatar.com\/avatar\/adf7b77e38b4419baf32c7e9c21dde01f4e40df611f0978e3006fc4ba0aaab7e?s=96&d=mm&r=g","contentUrl":"https:\/\/secure.gravatar.com\/avatar\/adf7b77e38b4419baf32c7e9c21dde01f4e40df611f0978e3006fc4ba0aaab7e?s=96&d=mm&r=g","caption":"Redacci\u00f3n Box Repsol"},"description":"Box Repsol lo forma un equipo de periodistas, community managers, dise\u00f1adores y fot\u00f3grafos con m\u00e1s de 20 a\u00f1os de experiencia en el mundo del motorsport. Hemos vivido el primer mundial de un espa\u00f1ol en la categor\u00eda reina de motociclismo con \u00c1lex Crivill\u00e9, estuvimos en las victorias de Pedrosa y los t\u00edtulos de M\u00e1rquez, acompa\u00f1amos en \u00c1frica a Nani Roma y Marc Coma en sus conquistas del Dakar y hemos vibrado con los t\u00edtulos de Toni Bou en Trial. Adem\u00e1s, en nuestro equipo contamos con expertos en el mundo de las dos y cuatro ruedas tanto de la calle y las carreteras, como de los circuitos. Periodistas que han trabajado en revistas y publicaciones para hacerte llegar desde rutas y consejos de mantenimiento, a curiosidades y trucos de pilotaje.","sameAs":["https:\/\/www.facebook.com\/BoxRepsol\/","https:\/\/www.instagram.com\/box_repsol\/","https:\/\/x.com\/https:\/\/twitter.com\/box_repsol","https:\/\/www.youtube.com\/@Boxrepsol"],"url":"https:\/\/www.boxrepsol.com\/es\/author\/redaccion-box-repsol\/"}]}},"_links":{"self":[{"href":"https:\/\/www.boxrepsol.com\/es\/wp-json\/wp\/v2\/posts\/95356","targetHints":{"allow":["GET"]}}],"collection":[{"href":"https:\/\/www.boxrepsol.com\/es\/wp-json\/wp\/v2\/posts"}],"about":[{"href":"https:\/\/www.boxrepsol.com\/es\/wp-json\/wp\/v2\/types\/post"}],"author":[{"embeddable":true,"href":"https:\/\/www.boxrepsol.com\/es\/wp-json\/wp\/v2\/users\/43146"}],"replies":[{"embeddable":true,"href":"https:\/\/www.boxrepsol.com\/es\/wp-json\/wp\/v2\/comments?post=95356"}],"version-history":[{"count":1,"href":"https:\/\/www.boxrepsol.com\/es\/wp-json\/wp\/v2\/posts\/95356\/revisions"}],"predecessor-version":[{"id":95357,"href":"https:\/\/www.boxrepsol.com\/es\/wp-json\/wp\/v2\/posts\/95356\/revisions\/95357"}],"wp:featuredmedia":[{"embeddable":true,"href":"https:\/\/www.boxrepsol.com\/es\/wp-json\/wp\/v2\/media\/46077"}],"wp:attachment":[{"href":"https:\/\/www.boxrepsol.com\/es\/wp-json\/wp\/v2\/media?parent=95356"}],"wp:term":[{"taxonomy":"category","embeddable":true,"href":"https:\/\/www.boxrepsol.com\/es\/wp-json\/wp\/v2\/categories?post=95356"},{"taxonomy":"post_tag","embeddable":true,"href":"https:\/\/www.boxrepsol.com\/es\/wp-json\/wp\/v2\/tags?post=95356"}],"curies":[{"name":"wp","href":"https:\/\/api.w.org\/{rel}","templated":true}]}}