{"id":95352,"date":"2022-05-17T00:00:00","date_gmt":"2022-05-17T02:00:00","guid":{"rendered":"http:\/\/pre.boxrepsol.com\/sin-categorizar\/motocicletas-por-el-carril-vao-pueden-circular-por-el\/"},"modified":"2024-02-06T07:29:38","modified_gmt":"2024-02-06T09:29:38","slug":"motocicletas-por-el-carril-vao-pueden-circular-por-el","status":"publish","type":"post","link":"https:\/\/www.boxrepsol.com\/es\/vive-tu-moto\/motocicletas-por-el-carril-vao-pueden-circular-por-el\/","title":{"rendered":"Motocicletas por el carril VAO: \u00bfpueden circular por \u00e9l?"},"content":{"rendered":"<h2>\u00bfEst\u00e1 permitido que las motocicletas circulen por un carril VAO?<\/h2>\n<p>Los <strong>carriles VAO<\/strong> se crearon para reducir el n\u00famero de veh\u00edculos en las ciudades y fomentar el uso del transporte p\u00fablico. El primer Bus-VAO en inaugurarse fue el de la <strong>A-6 de Madrid<\/strong> en 1991 y en un principio solo permit\u00eda ser utilizado por autobuses de transporte p\u00fablico y veh\u00edculos con dos o m\u00e1s ocupantes, por lo que las motos no pod\u00edan transitar por \u00e9l cuando circulaban solo con el conductor.<\/p>\n<div id=\"attachment_71274\" style=\"width: 630px\" class=\"wp-caption alignnone\"><img loading=\"lazy\" decoding=\"async\" aria-describedby=\"caption-attachment-71274\" src=\"https:\/\/bxrepsol.s3.eu-west-1.amazonaws.com\/static\/2022\/08\/10042341\/16253-620-282-2.jpg\" alt=\"\" width=\"620\" height=\"282\"><p id=\"caption-attachment-71274\" class=\"wp-caption-text\">Imagen: DGT<\/p><\/div>\n<p>Sin embargo, tras la insistencia de la plataforma \u201cS\u00ed a la moto, defensa del motorista\u201d, fundada en el a\u00f1o 2000 con el fin de luchar por los intereses de los motoristas como colectivo,&nbsp; la orden ministerial reguladora incluy\u00f3 una modificaci\u00f3n, permitiendo que <strong>motos y triciclos pudiesen circular por el Bus-VAO<\/strong> aunque no llevasen pasajero. Para lograrlo, entonces se aleg\u00f3 que las motos y los <a href=\"https:\/\/www.boxrepsol.com\/es\/tecnologia\/moto-tres-ruedas\/\">triciclos<\/a> siempre circulan al 50% de su ocupaci\u00f3n como m\u00ednimo, y este fue un argumento suficiente para que las autoridades competentes del momento dieran su brazo a torcer.<\/p>\n<h2><strong>\u00bfQu\u00e9 veh\u00edculos pueden circular por un carril Bus-VAO?<\/strong><\/h2>\n<p>Ya sabemos que, en la actualidad, los triciclos y las motocicletas pueden circular por un carril Bus-VAO, pero no son los \u00fanicos veh\u00edculos. Tambi\u00e9n pueden hacerlo turismos y furgonetas con un m\u00ednimo de dos ocupantes en su interior. Tambi\u00e9n lo pueden hacer autobuses con masa m\u00e1xima autorizada superior a 3.500 kilogramos y autobuses articulados. La orden ministerial reguladora hace algunas excepciones y contempla que, aunque vaya un solo ocupante en su interior, pueden circular por el Bus-VAO veh\u00edculos conducidos por personas con alguna minusval\u00eda que luzcan la se\u00f1al V-15 (que hace referencia a conductores con discapacidad f\u00edsica).<\/p>\n<p><img loading=\"lazy\" decoding=\"async\" src=\"https:\/\/bxrepsol.s3.eu-west-1.amazonaws.com\/static\/2022\/08\/10042342\/dgt-carril-bus-vao-2-2.jpg\" alt=\"\" width=\"1440\" height=\"864\"><\/p>\n<p>Del mismo modo, pueden transitar por estos carriles veh\u00edculos con un solo ocupante con etiquetas ambientales <strong>CERO<\/strong> y <a href=\"https:\/\/www.boxrepsol.com\/es\/tecnologia\/distintivo-ambiental-motos\/\">ECO de la DGT<\/a>, con una autonom\u00eda m\u00ednima de 40 kil\u00f3metros, adem\u00e1s de veh\u00edculos de polic\u00eda, extinci\u00f3n de incendios, protecci\u00f3n civil y salvamento, y asistencia sanitaria en servicio de urgencia, al igual que los equipos de mantenimiento de las instalaciones y de la infraestructura de la v\u00eda. Taxis y coches de car-sharing con un solo ocupante tambi\u00e9n los pueden utilizar.<\/p>\n<p>Adem\u00e1s es interesante se\u00f1alar que por los carriles Bus-VAO no est\u00e1 permitida la circulaci\u00f3n a veh\u00edculos con remolque. De este modo, los que transportan motos utilizando este m\u00e9todo no podr\u00e1n utilizar los carriles para \u201cVeh\u00edculos de Alta Ocupaci\u00f3n\u201d a pesar de que en el interior del veh\u00edculo vayan dos personas o m\u00e1s.<\/p>\n<p>Otra caracter\u00edstica muy interesante de los carriles Bus-VAO es que est\u00e1n dise\u00f1ados para que el sentido de la circulaci\u00f3n sea reversible y, dependiendo de las horas del d\u00eda y de los d\u00edas de la semana, los veh\u00edculos que circulan por ellos lo hacen en un sentido o en otro.<\/p>\n<p><img loading=\"lazy\" decoding=\"async\" src=\"https:\/\/bxrepsol.s3.eu-west-1.amazonaws.com\/static\/2022\/08\/10042345\/DpsOne3WsAA7yNv-2-scaled.jpg\" alt=\"\" width=\"4096\" height=\"2730\"><\/p>\n<p>Hasta ahora no hay muchos carriles Bus-VAO en Espa\u00f1a, pero con su funcionamiento se ha logrado agilizar el tr\u00e1fico en las carreteras en las que han sido establecidos. Un estudio realizado en el de la A-6 dio como resultado que en los 10 primeros a\u00f1os se redujeron en un 47% los coches con un solo ocupante que circulaban por esta v\u00eda, lo que tambi\u00e9n supon\u00eda una importante <strong>disminuci\u00f3n en las emisiones contaminantes<\/strong> y en la entrada de veh\u00edculos a la ciudad.<\/p>\n<h2><strong>\u00bfCu\u00e1les son los carriles Bus-VAO que funcionan en Espa\u00f1a? <\/strong><\/h2>\n<p>&#8211;<strong>Madrid:<\/strong> calzada central de la carretera A-6 entre los kil\u00f3metros 6 y 20. Los horarios de lunes a viernes son de 6:00 a 11:30 horas en sentido entrada a Madrid capital, y de 13:30 a 22:00 horas en sentido salida. Fines de semana y festivos los horarios no son fijos, y hay que hacer caso a las indicaciones de los paneles luminosos. Adem\u00e1s, viernes por la tarde, fines de semana y festivos, se permite el acceso libre a todo tipo de veh\u00edculos en determinadas horas y sentidos. La velocidad m\u00e1xima en la mayor parte del recorrido es de 120 km\/h. Desde 2006 tambi\u00e9n est\u00e1 permitido que las <strong>motos<\/strong> circulen entre los puntos <strong>kilom\u00e9tricos 7,300 y 3,200<\/strong>&nbsp; (solo en el sentido decreciente), un tramo que hasta entonces estaba reservado a autobuses y que une el final de la Cuesta de las Perdices con el intercambiador de autobuses de Moncloa.<\/p>\n<p><img loading=\"lazy\" decoding=\"async\" src=\"https:\/\/bxrepsol.s3.eu-west-1.amazonaws.com\/static\/2022\/08\/10042349\/article-carril-bus-vao-vehiculos-pueden-circular-573b24f5116f0-2.jpeg\" alt=\"\" width=\"980\" height=\"551\"><\/p>\n<p>&#8211; <strong>Barcelona:<\/strong> dos carriles en la <strong>C-58<\/strong> entre la localidad de Ripollet y la Avenida Meridiana de Barcelona capital con una longitud de 6,82 km. La velocidad m\u00e1xima es de <strong>80 km\/h<\/strong> y hay un radar de tramo que cubre todo el recorrido. Tambi\u00e9n existe un carril en la <strong>C-31<\/strong>&nbsp;a la altura de Badalona, para canalizar el tr\u00e1fico en direcci\u00f3n Barcelona. Son 4 kil\u00f3metros que desembocan en el acceso a la capital y que se han se\u00f1alizado en la calzada ya existente.<\/p>\n<div id=\"attachment_71284\" style=\"width: 1010px\" class=\"wp-caption alignnone\"><img loading=\"lazy\" decoding=\"async\" aria-describedby=\"caption-attachment-71284\" src=\"https:\/\/bxrepsol.s3.eu-west-1.amazonaws.com\/static\/2022\/08\/10042349\/carril-bus-vao-2.jpg\" alt=\"\" width=\"1000\" height=\"562\"><p id=\"caption-attachment-71284\" class=\"wp-caption-text\">Imagen: DGT<\/p><\/div>\n<p>&#8211; <strong>Granada:<\/strong> carriles derechos en ambos sentidos de la carretera <strong>GR-3211<\/strong> que une la localidad de La Zubia con las rotondas de entrada y de salida de la Ronda Sur de la capital granadina.<\/p>\n<p>&#8211; <strong>Sevilla<\/strong>: en la A49 entre el Aljarafe y Sevilla, un carril BUS VAO permite desde 2021 realizar un camino con menos atascos&nbsp;para el transporte p\u00fablico, motos, furgonetas, mixtos adaptables que no superen los 3.500 kilos y veh\u00edculos privados, todos ellos con m\u00e1s de un ocupante.<\/p>\n<p>Por otro lado, el Ayuntamiento de Madrid ya ha aprobado la construcci\u00f3n de dos carriles Bus-VAO en la A-2, entre la capital y Torrej\u00f3n de Ardoz, y el barrio de Las Rejas en San Blas-Canillejas. Se est\u00e1 estudiando la posibilidad de realizar otros carriles Bus-VAO en distintos puntos de Espa\u00f1a. Uno es entre Sevilla capital y la comarca de Aljarafe, otro en la A-5 en Madrid y el tercero en la TF-5 en Tenerife.<\/p>\n<h2><strong>\u00bfCu\u00e1l es la multa por no respetar las normas de los carriles Bus-VAO?<\/strong><\/h2>\n<p>En un principio, los conductores infractores de las normas se exponen a una multa de <strong>200 euros <\/strong>sin p\u00e9rdida de puntos. Como ha sucedido en alg\u00fan caso, no sirve argumentar que van acompa\u00f1ados de \u201cun maniqu\u00ed\u201d o \u201cdel mejor amigo del hombre\u201d. Sin embargo, existen agravantes como detenerse en lugares prohibidos, acceder en sentido contrario o conducir de manera temeraria, que pueden hacer que la multa ascienda hasta <strong>500 euros<\/strong> y que suponga la retirada de <strong>hasta 6 puntos<\/strong>.<\/p>\n<p><img loading=\"lazy\" decoding=\"async\" src=\"https:\/\/bxrepsol.s3.eu-west-1.amazonaws.com\/static\/2022\/08\/10042350\/Sorprenden-conductor-carril-Bus-VAO-maniqui_635046767_107419262_1200x675-2.jpg\" alt=\"\" width=\"1200\" height=\"675\"><\/p>\n<p>Por supuesto, se conservan el resto de las sanciones aplicadas en v\u00edas urbanas como no hacer <a href=\"https:\/\/www.boxrepsol.com\/es\/vive-tu-moto\/cual-es-la-multa-por-no-llevar-casco\/\">uso del casco<\/a> o el <a href=\"https:\/\/www.boxrepsol.com\/es\/cultura-motera\/limites-velocidad-espana\/\">exceso de velocidad<\/a>.<\/p>\n<p>Imagen de portada: Direcci\u00f3n General de Tr\u00e1fico.<\/p>\n","protected":false},"excerpt":{"rendered":"<p>Los carriles para \u00abVeh\u00edculos de Alta Ocupaci\u00f3n\u00bb surgieron con la idea de descongestionar algunas v\u00edas con una densidad de tr\u00e1fico muy alta y de promover el uso compartido de los veh\u00edculos que circulan por ellas.<\/p>\n","protected":false},"author":41267,"featured_media":46045,"comment_status":"open","ping_status":"open","sticky":false,"template":"","format":"standard","meta":{"footnotes":""},"categories":[122],"tags":[123,124,125],"class_list":["post-95352","post","type-post","status-publish","format-standard","hentry","category-vive-tu-moto","tag-consejos-moteros","tag-moteros","tag-vida-motera"],"yoast_head":"<!-- This site is optimized with the Yoast SEO plugin v27.3 - https:\/\/yoast.com\/product\/yoast-seo-wordpress\/ -->\n<title>Motocicletas por el carril VAO: \u00bfpueden circular por \u00e9l? - Box Repsol<\/title>\n<meta name=\"description\" content=\"Actualmente, las motocicletas pueden circular por el carril VAO, ya que siempre transitan al 50% de su ocupaci\u00f3n como m\u00ednimo.\" \/>\n<link rel=\"canonical\" href=\"https:\/\/www.boxrepsol.com\/es\/vive-tu-moto\/motocicletas-por-el-carril-vao-pueden-circular-por-el\/\" \/>\n<meta property=\"og:locale\" content=\"es_ES\" \/>\n<meta property=\"og:type\" content=\"article\" \/>\n<meta property=\"og:title\" content=\"Motocicletas por el carril VAO: \u00bfpueden circular por \u00e9l? - Box Repsol\" \/>\n<meta property=\"og:description\" content=\"Actualmente, las motocicletas pueden circular por el carril VAO, ya que siempre transitan al 50% de su ocupaci\u00f3n como m\u00ednimo.\" \/>\n<meta property=\"og:url\" content=\"https:\/\/www.boxrepsol.com\/es\/vive-tu-moto\/motocicletas-por-el-carril-vao-pueden-circular-por-el\/\" \/>\n<meta property=\"og:site_name\" content=\"Box Repsol\" \/>\n<meta property=\"article:publisher\" content=\"https:\/\/www.facebook.com\/BoxRepsol\" \/>\n<meta property=\"article:published_time\" content=\"2022-05-17T02:00:00+00:00\" \/>\n<meta property=\"article:modified_time\" content=\"2024-02-06T09:29:38+00:00\" \/>\n<meta property=\"og:image\" content=\"https:\/\/bxrepsol.s3.eu-west-1.amazonaws.com\/static\/2022\/08\/10042351\/portada13-1.jpg\" \/>\n\t<meta property=\"og:image:width\" content=\"1280\" \/>\n\t<meta property=\"og:image:height\" content=\"600\" \/>\n\t<meta property=\"og:image:type\" content=\"image\/jpeg\" \/>\n<meta name=\"author\" content=\"V\u00edctor Gancedo\" \/>\n<meta name=\"twitter:card\" content=\"summary_large_image\" \/>\n<meta name=\"twitter:creator\" content=\"@box_repsol\" \/>\n<meta name=\"twitter:site\" content=\"@box_repsol\" \/>\n<meta name=\"twitter:label1\" content=\"Written by\" \/>\n\t<meta name=\"twitter:data1\" content=\"V\u00edctor Gancedo\" \/>\n\t<meta name=\"twitter:label2\" content=\"Est. reading time\" \/>\n\t<meta name=\"twitter:data2\" content=\"6 minutos\" \/>\n<script type=\"application\/ld+json\" class=\"yoast-schema-graph\">{\"@context\":\"https:\\\/\\\/schema.org\",\"@graph\":[{\"@type\":\"Article\",\"@id\":\"https:\\\/\\\/www.boxrepsol.com\\\/es\\\/vive-tu-moto\\\/motocicletas-por-el-carril-vao-pueden-circular-por-el\\\/#article\",\"isPartOf\":{\"@id\":\"https:\\\/\\\/www.boxrepsol.com\\\/es\\\/vive-tu-moto\\\/motocicletas-por-el-carril-vao-pueden-circular-por-el\\\/\"},\"author\":{\"name\":\"V\u00edctor Gancedo\",\"@id\":\"https:\\\/\\\/www.boxrepsol.com\\\/es\\\/#\\\/schema\\\/person\\\/40c28bf318bbbe8fe3848b194b7385ca\"},\"headline\":\"Motocicletas por el carril VAO: \u00bfpueden circular por \u00e9l?\",\"datePublished\":\"2022-05-17T02:00:00+00:00\",\"dateModified\":\"2024-02-06T09:29:38+00:00\",\"mainEntityOfPage\":{\"@id\":\"https:\\\/\\\/www.boxrepsol.com\\\/es\\\/vive-tu-moto\\\/motocicletas-por-el-carril-vao-pueden-circular-por-el\\\/\"},\"wordCount\":1149,\"commentCount\":0,\"publisher\":{\"@id\":\"https:\\\/\\\/www.boxrepsol.com\\\/es\\\/#organization\"},\"image\":{\"@id\":\"https:\\\/\\\/www.boxrepsol.com\\\/es\\\/vive-tu-moto\\\/motocicletas-por-el-carril-vao-pueden-circular-por-el\\\/#primaryimage\"},\"thumbnailUrl\":\"https:\\\/\\\/bxrepsol.s3.eu-west-1.amazonaws.com\\\/static\\\/2022\\\/08\\\/10042351\\\/portada13-1.jpg\",\"keywords\":[\"consejos moteros\",\"moteros\",\"vida motera\"],\"articleSection\":[\"Vive tu moto\"],\"inLanguage\":\"es\",\"potentialAction\":[{\"@type\":\"CommentAction\",\"name\":\"Comment\",\"target\":[\"https:\\\/\\\/www.boxrepsol.com\\\/es\\\/vive-tu-moto\\\/motocicletas-por-el-carril-vao-pueden-circular-por-el\\\/#respond\"]}]},{\"@type\":\"WebPage\",\"@id\":\"https:\\\/\\\/www.boxrepsol.com\\\/es\\\/vive-tu-moto\\\/motocicletas-por-el-carril-vao-pueden-circular-por-el\\\/\",\"url\":\"https:\\\/\\\/www.boxrepsol.com\\\/es\\\/vive-tu-moto\\\/motocicletas-por-el-carril-vao-pueden-circular-por-el\\\/\",\"name\":\"Motocicletas por el carril VAO: \u00bfpueden circular por \u00e9l? - Box Repsol\",\"isPartOf\":{\"@id\":\"https:\\\/\\\/www.boxrepsol.com\\\/es\\\/#website\"},\"primaryImageOfPage\":{\"@id\":\"https:\\\/\\\/www.boxrepsol.com\\\/es\\\/vive-tu-moto\\\/motocicletas-por-el-carril-vao-pueden-circular-por-el\\\/#primaryimage\"},\"image\":{\"@id\":\"https:\\\/\\\/www.boxrepsol.com\\\/es\\\/vive-tu-moto\\\/motocicletas-por-el-carril-vao-pueden-circular-por-el\\\/#primaryimage\"},\"thumbnailUrl\":\"https:\\\/\\\/bxrepsol.s3.eu-west-1.amazonaws.com\\\/static\\\/2022\\\/08\\\/10042351\\\/portada13-1.jpg\",\"datePublished\":\"2022-05-17T02:00:00+00:00\",\"dateModified\":\"2024-02-06T09:29:38+00:00\",\"description\":\"Actualmente, las motocicletas pueden circular por el carril VAO, ya que siempre transitan al 50% de su ocupaci\u00f3n como m\u00ednimo.\",\"breadcrumb\":{\"@id\":\"https:\\\/\\\/www.boxrepsol.com\\\/es\\\/vive-tu-moto\\\/motocicletas-por-el-carril-vao-pueden-circular-por-el\\\/#breadcrumb\"},\"inLanguage\":\"es\",\"potentialAction\":[{\"@type\":\"ReadAction\",\"target\":[\"https:\\\/\\\/www.boxrepsol.com\\\/es\\\/vive-tu-moto\\\/motocicletas-por-el-carril-vao-pueden-circular-por-el\\\/\"]}]},{\"@type\":\"ImageObject\",\"inLanguage\":\"es\",\"@id\":\"https:\\\/\\\/www.boxrepsol.com\\\/es\\\/vive-tu-moto\\\/motocicletas-por-el-carril-vao-pueden-circular-por-el\\\/#primaryimage\",\"url\":\"https:\\\/\\\/bxrepsol.s3.eu-west-1.amazonaws.com\\\/static\\\/2022\\\/08\\\/10042351\\\/portada13-1.jpg\",\"contentUrl\":\"https:\\\/\\\/bxrepsol.s3.eu-west-1.amazonaws.com\\\/static\\\/2022\\\/08\\\/10042351\\\/portada13-1.jpg\",\"width\":1280,\"height\":600},{\"@type\":\"BreadcrumbList\",\"@id\":\"https:\\\/\\\/www.boxrepsol.com\\\/es\\\/vive-tu-moto\\\/motocicletas-por-el-carril-vao-pueden-circular-por-el\\\/#breadcrumb\",\"itemListElement\":[{\"@type\":\"ListItem\",\"position\":1,\"name\":\"Home\",\"item\":\"https:\\\/\\\/www.boxrepsol.com\\\/es\\\/\"},{\"@type\":\"ListItem\",\"position\":2,\"name\":\"Motocicletas por el carril VAO: \u00bfpueden circular por \u00e9l?\"}]},{\"@type\":\"WebSite\",\"@id\":\"https:\\\/\\\/www.boxrepsol.com\\\/es\\\/#website\",\"url\":\"https:\\\/\\\/www.boxrepsol.com\\\/es\\\/\",\"name\":\"Box Repsol\",\"description\":\"Box Repsol Site\",\"publisher\":{\"@id\":\"https:\\\/\\\/www.boxrepsol.com\\\/es\\\/#organization\"},\"potentialAction\":[{\"@type\":\"SearchAction\",\"target\":{\"@type\":\"EntryPoint\",\"urlTemplate\":\"https:\\\/\\\/www.boxrepsol.com\\\/es\\\/?s={search_term_string}\"},\"query-input\":{\"@type\":\"PropertyValueSpecification\",\"valueRequired\":true,\"valueName\":\"search_term_string\"}}],\"inLanguage\":\"es\"},{\"@type\":\"Organization\",\"@id\":\"https:\\\/\\\/www.boxrepsol.com\\\/es\\\/#organization\",\"name\":\"Box Repsol\",\"url\":\"https:\\\/\\\/www.boxrepsol.com\\\/es\\\/\",\"logo\":{\"@type\":\"ImageObject\",\"inLanguage\":\"es\",\"@id\":\"https:\\\/\\\/www.boxrepsol.com\\\/es\\\/#\\\/schema\\\/logo\\\/image\\\/\",\"url\":\"https:\\\/\\\/bxrepsol.s3.eu-west-1.amazonaws.com\\\/static\\\/2025\\\/07\\\/30083337\\\/favicon-96x96-1.png\",\"contentUrl\":\"https:\\\/\\\/bxrepsol.s3.eu-west-1.amazonaws.com\\\/static\\\/2025\\\/07\\\/30083337\\\/favicon-96x96-1.png\",\"width\":96,\"height\":96,\"caption\":\"Box Repsol\"},\"image\":{\"@id\":\"https:\\\/\\\/www.boxrepsol.com\\\/es\\\/#\\\/schema\\\/logo\\\/image\\\/\"},\"sameAs\":[\"https:\\\/\\\/www.facebook.com\\\/BoxRepsol\",\"https:\\\/\\\/x.com\\\/box_repsol\",\"http:\\\/\\\/instagram.com\\\/box_repsol\",\"https:\\\/\\\/www.youtube.com\\\/user\\\/RepsolCompeticion\",\"https:\\\/\\\/www.flickr.com\\\/photos\\\/box_repsol\\\/\"]},{\"@type\":\"Person\",\"@id\":\"https:\\\/\\\/www.boxrepsol.com\\\/es\\\/#\\\/schema\\\/person\\\/40c28bf318bbbe8fe3848b194b7385ca\",\"name\":\"V\u00edctor Gancedo\",\"image\":{\"@type\":\"ImageObject\",\"inLanguage\":\"es\",\"@id\":\"https:\\\/\\\/secure.gravatar.com\\\/avatar\\\/cd1439a66fca5d3425cd2a7b13f32cd43e25022a0436c1235ef2a28e14fa660a?s=96&d=mm&r=g\",\"url\":\"https:\\\/\\\/secure.gravatar.com\\\/avatar\\\/cd1439a66fca5d3425cd2a7b13f32cd43e25022a0436c1235ef2a28e14fa660a?s=96&d=mm&r=g\",\"contentUrl\":\"https:\\\/\\\/secure.gravatar.com\\\/avatar\\\/cd1439a66fca5d3425cd2a7b13f32cd43e25022a0436c1235ef2a28e14fa660a?s=96&d=mm&r=g\",\"caption\":\"V\u00edctor Gancedo\"},\"description\":\"Periodista especializado en el mundo de las motos, V\u00edctor ha probado pr\u00e1cticamente todas las que han salido al mercado desde 1990. En su larga trayectoria, ha desempe\u00f1ado cargos como los de Jefe de Pruebas de la revista Motociclismo o Responsable de Pruebas del \u00c1rea de Motos del Grupo Motorpress-Ib\u00e9rica, hoy llamado Sport Life Ib\u00e9rica, al cual sigue vinculado.\",\"sameAs\":[\"https:\\\/\\\/www.instagram.com\\\/vfgancedo\"],\"url\":\"https:\\\/\\\/www.boxrepsol.com\\\/es\\\/author\\\/victor_gancedo\\\/\"}]}<\/script>\n<!-- \/ Yoast SEO plugin. -->","yoast_head_json":{"title":"Motocicletas por el carril VAO: \u00bfpueden circular por \u00e9l? - Box Repsol","description":"Actualmente, las motocicletas pueden circular por el carril VAO, ya que siempre transitan al 50% de su ocupaci\u00f3n como m\u00ednimo.","canonical":"https:\/\/www.boxrepsol.com\/es\/vive-tu-moto\/motocicletas-por-el-carril-vao-pueden-circular-por-el\/","og_locale":"es_ES","og_type":"article","og_title":"Motocicletas por el carril VAO: \u00bfpueden circular por \u00e9l? - Box Repsol","og_description":"Actualmente, las motocicletas pueden circular por el carril VAO, ya que siempre transitan al 50% de su ocupaci\u00f3n como m\u00ednimo.","og_url":"https:\/\/www.boxrepsol.com\/es\/vive-tu-moto\/motocicletas-por-el-carril-vao-pueden-circular-por-el\/","og_site_name":"Box Repsol","article_publisher":"https:\/\/www.facebook.com\/BoxRepsol","article_published_time":"2022-05-17T02:00:00+00:00","article_modified_time":"2024-02-06T09:29:38+00:00","og_image":[{"width":1280,"height":600,"url":"https:\/\/bxrepsol.s3.eu-west-1.amazonaws.com\/static\/2022\/08\/10042351\/portada13-1.jpg","type":"image\/jpeg"}],"author":"V\u00edctor Gancedo","twitter_card":"summary_large_image","twitter_creator":"@box_repsol","twitter_site":"@box_repsol","twitter_misc":{"Written by":"V\u00edctor Gancedo","Est. reading time":"6 minutos"},"schema":{"@context":"https:\/\/schema.org","@graph":[{"@type":"Article","@id":"https:\/\/www.boxrepsol.com\/es\/vive-tu-moto\/motocicletas-por-el-carril-vao-pueden-circular-por-el\/#article","isPartOf":{"@id":"https:\/\/www.boxrepsol.com\/es\/vive-tu-moto\/motocicletas-por-el-carril-vao-pueden-circular-por-el\/"},"author":{"name":"V\u00edctor Gancedo","@id":"https:\/\/www.boxrepsol.com\/es\/#\/schema\/person\/40c28bf318bbbe8fe3848b194b7385ca"},"headline":"Motocicletas por el carril VAO: \u00bfpueden circular por \u00e9l?","datePublished":"2022-05-17T02:00:00+00:00","dateModified":"2024-02-06T09:29:38+00:00","mainEntityOfPage":{"@id":"https:\/\/www.boxrepsol.com\/es\/vive-tu-moto\/motocicletas-por-el-carril-vao-pueden-circular-por-el\/"},"wordCount":1149,"commentCount":0,"publisher":{"@id":"https:\/\/www.boxrepsol.com\/es\/#organization"},"image":{"@id":"https:\/\/www.boxrepsol.com\/es\/vive-tu-moto\/motocicletas-por-el-carril-vao-pueden-circular-por-el\/#primaryimage"},"thumbnailUrl":"https:\/\/bxrepsol.s3.eu-west-1.amazonaws.com\/static\/2022\/08\/10042351\/portada13-1.jpg","keywords":["consejos moteros","moteros","vida motera"],"articleSection":["Vive tu moto"],"inLanguage":"es","potentialAction":[{"@type":"CommentAction","name":"Comment","target":["https:\/\/www.boxrepsol.com\/es\/vive-tu-moto\/motocicletas-por-el-carril-vao-pueden-circular-por-el\/#respond"]}]},{"@type":"WebPage","@id":"https:\/\/www.boxrepsol.com\/es\/vive-tu-moto\/motocicletas-por-el-carril-vao-pueden-circular-por-el\/","url":"https:\/\/www.boxrepsol.com\/es\/vive-tu-moto\/motocicletas-por-el-carril-vao-pueden-circular-por-el\/","name":"Motocicletas por el carril VAO: \u00bfpueden circular por \u00e9l? - Box Repsol","isPartOf":{"@id":"https:\/\/www.boxrepsol.com\/es\/#website"},"primaryImageOfPage":{"@id":"https:\/\/www.boxrepsol.com\/es\/vive-tu-moto\/motocicletas-por-el-carril-vao-pueden-circular-por-el\/#primaryimage"},"image":{"@id":"https:\/\/www.boxrepsol.com\/es\/vive-tu-moto\/motocicletas-por-el-carril-vao-pueden-circular-por-el\/#primaryimage"},"thumbnailUrl":"https:\/\/bxrepsol.s3.eu-west-1.amazonaws.com\/static\/2022\/08\/10042351\/portada13-1.jpg","datePublished":"2022-05-17T02:00:00+00:00","dateModified":"2024-02-06T09:29:38+00:00","description":"Actualmente, las motocicletas pueden circular por el carril VAO, ya que siempre transitan al 50% de su ocupaci\u00f3n como m\u00ednimo.","breadcrumb":{"@id":"https:\/\/www.boxrepsol.com\/es\/vive-tu-moto\/motocicletas-por-el-carril-vao-pueden-circular-por-el\/#breadcrumb"},"inLanguage":"es","potentialAction":[{"@type":"ReadAction","target":["https:\/\/www.boxrepsol.com\/es\/vive-tu-moto\/motocicletas-por-el-carril-vao-pueden-circular-por-el\/"]}]},{"@type":"ImageObject","inLanguage":"es","@id":"https:\/\/www.boxrepsol.com\/es\/vive-tu-moto\/motocicletas-por-el-carril-vao-pueden-circular-por-el\/#primaryimage","url":"https:\/\/bxrepsol.s3.eu-west-1.amazonaws.com\/static\/2022\/08\/10042351\/portada13-1.jpg","contentUrl":"https:\/\/bxrepsol.s3.eu-west-1.amazonaws.com\/static\/2022\/08\/10042351\/portada13-1.jpg","width":1280,"height":600},{"@type":"BreadcrumbList","@id":"https:\/\/www.boxrepsol.com\/es\/vive-tu-moto\/motocicletas-por-el-carril-vao-pueden-circular-por-el\/#breadcrumb","itemListElement":[{"@type":"ListItem","position":1,"name":"Home","item":"https:\/\/www.boxrepsol.com\/es\/"},{"@type":"ListItem","position":2,"name":"Motocicletas por el carril VAO: \u00bfpueden circular por \u00e9l?"}]},{"@type":"WebSite","@id":"https:\/\/www.boxrepsol.com\/es\/#website","url":"https:\/\/www.boxrepsol.com\/es\/","name":"Box Repsol","description":"Box Repsol Site","publisher":{"@id":"https:\/\/www.boxrepsol.com\/es\/#organization"},"potentialAction":[{"@type":"SearchAction","target":{"@type":"EntryPoint","urlTemplate":"https:\/\/www.boxrepsol.com\/es\/?s={search_term_string}"},"query-input":{"@type":"PropertyValueSpecification","valueRequired":true,"valueName":"search_term_string"}}],"inLanguage":"es"},{"@type":"Organization","@id":"https:\/\/www.boxrepsol.com\/es\/#organization","name":"Box Repsol","url":"https:\/\/www.boxrepsol.com\/es\/","logo":{"@type":"ImageObject","inLanguage":"es","@id":"https:\/\/www.boxrepsol.com\/es\/#\/schema\/logo\/image\/","url":"https:\/\/bxrepsol.s3.eu-west-1.amazonaws.com\/static\/2025\/07\/30083337\/favicon-96x96-1.png","contentUrl":"https:\/\/bxrepsol.s3.eu-west-1.amazonaws.com\/static\/2025\/07\/30083337\/favicon-96x96-1.png","width":96,"height":96,"caption":"Box Repsol"},"image":{"@id":"https:\/\/www.boxrepsol.com\/es\/#\/schema\/logo\/image\/"},"sameAs":["https:\/\/www.facebook.com\/BoxRepsol","https:\/\/x.com\/box_repsol","http:\/\/instagram.com\/box_repsol","https:\/\/www.youtube.com\/user\/RepsolCompeticion","https:\/\/www.flickr.com\/photos\/box_repsol\/"]},{"@type":"Person","@id":"https:\/\/www.boxrepsol.com\/es\/#\/schema\/person\/40c28bf318bbbe8fe3848b194b7385ca","name":"V\u00edctor Gancedo","image":{"@type":"ImageObject","inLanguage":"es","@id":"https:\/\/secure.gravatar.com\/avatar\/cd1439a66fca5d3425cd2a7b13f32cd43e25022a0436c1235ef2a28e14fa660a?s=96&d=mm&r=g","url":"https:\/\/secure.gravatar.com\/avatar\/cd1439a66fca5d3425cd2a7b13f32cd43e25022a0436c1235ef2a28e14fa660a?s=96&d=mm&r=g","contentUrl":"https:\/\/secure.gravatar.com\/avatar\/cd1439a66fca5d3425cd2a7b13f32cd43e25022a0436c1235ef2a28e14fa660a?s=96&d=mm&r=g","caption":"V\u00edctor Gancedo"},"description":"Periodista especializado en el mundo de las motos, V\u00edctor ha probado pr\u00e1cticamente todas las que han salido al mercado desde 1990. En su larga trayectoria, ha desempe\u00f1ado cargos como los de Jefe de Pruebas de la revista Motociclismo o Responsable de Pruebas del \u00c1rea de Motos del Grupo Motorpress-Ib\u00e9rica, hoy llamado Sport Life Ib\u00e9rica, al cual sigue vinculado.","sameAs":["https:\/\/www.instagram.com\/vfgancedo"],"url":"https:\/\/www.boxrepsol.com\/es\/author\/victor_gancedo\/"}]}},"_links":{"self":[{"href":"https:\/\/www.boxrepsol.com\/es\/wp-json\/wp\/v2\/posts\/95352","targetHints":{"allow":["GET"]}}],"collection":[{"href":"https:\/\/www.boxrepsol.com\/es\/wp-json\/wp\/v2\/posts"}],"about":[{"href":"https:\/\/www.boxrepsol.com\/es\/wp-json\/wp\/v2\/types\/post"}],"author":[{"embeddable":true,"href":"https:\/\/www.boxrepsol.com\/es\/wp-json\/wp\/v2\/users\/41267"}],"replies":[{"embeddable":true,"href":"https:\/\/www.boxrepsol.com\/es\/wp-json\/wp\/v2\/comments?post=95352"}],"version-history":[{"count":5,"href":"https:\/\/www.boxrepsol.com\/es\/wp-json\/wp\/v2\/posts\/95352\/revisions"}],"predecessor-version":[{"id":111439,"href":"https:\/\/www.boxrepsol.com\/es\/wp-json\/wp\/v2\/posts\/95352\/revisions\/111439"}],"wp:featuredmedia":[{"embeddable":true,"href":"https:\/\/www.boxrepsol.com\/es\/wp-json\/wp\/v2\/media\/46045"}],"wp:attachment":[{"href":"https:\/\/www.boxrepsol.com\/es\/wp-json\/wp\/v2\/media?parent=95352"}],"wp:term":[{"taxonomy":"category","embeddable":true,"href":"https:\/\/www.boxrepsol.com\/es\/wp-json\/wp\/v2\/categories?post=95352"},{"taxonomy":"post_tag","embeddable":true,"href":"https:\/\/www.boxrepsol.com\/es\/wp-json\/wp\/v2\/tags?post=95352"}],"curies":[{"name":"wp","href":"https:\/\/api.w.org\/{rel}","templated":true}]}}