{"id":95349,"date":"2022-05-15T00:00:00","date_gmt":"2022-05-15T02:00:00","guid":{"rendered":"http:\/\/pre.boxrepsol.com\/sin-categorizar\/marquez-y-espargaro-suman-nuevos-puntos-en-le-mans\/"},"modified":"2024-04-09T06:56:48","modified_gmt":"2024-04-09T08:56:48","slug":"marquez-y-espargaro-suman-nuevos-puntos-en-le-mans","status":"publish","type":"post","link":"https:\/\/www.boxrepsol.com\/es\/motogp\/marquez-y-espargaro-suman-nuevos-puntos-en-le-mans\/","title":{"rendered":"M\u00e1rquez y Espargar\u00f3 suman nuevos puntos en Le Mans"},"content":{"rendered":"<p>El trazado de <strong>Le Mans<\/strong> ha acogido, en una jornada totalmente soleada, la s\u00e9ptima cita del Campeonato del Mundo de MotoGP, completando de esta forma el primer tercio de la temporada 2022.<\/p>\n<p><strong>Marc M\u00e1rquez,<\/strong> que part\u00eda d\u00e9cimo en parrilla, ha cruzado la l\u00ednea de meta en sexto lugar. Despu\u00e9s de realizar una buena salida, el piloto del equipo <strong>Repsol Honda<\/strong> ha sido capaz de mantener un ritmo constante y reduciendo, en varias ocasiones, su distancia con los cinco primeros.<\/p>\n<p>Con este resultado <strong>Marc<\/strong> suma 10 puntos en la clasificaci\u00f3n general y finaliza en Le Mans la cuarta carrera consecutiva puntuando.<\/p>\n<p><strong>Pol Espargar\u00f3<\/strong> tambi\u00e9n ha logrado finalizar dentro de los puntos despu\u00e9s de cruzar la l\u00ednea de meta en und\u00e9cima posici\u00f3n.<\/p>\n<p>El piloto del equipo <strong>Repsol Honda,<\/strong> que empezaba la carrera en Le Mans desde la misma posici\u00f3n, ha tenido que gestionar algunos problemas y ca\u00eddas de otros pilotos.<\/p>\n<p>Despu\u00e9s del Gran Premio de Francia, <strong>Marc M\u00e1rquez<\/strong> ocupa la 10\u00aa posici\u00f3n en la clasificaci\u00f3n general con 54 puntos y <strong>Pol Espargar\u00f3<\/strong> es 12\u00ba con 40.<\/p>\n<p><a href=\"https:\/\/bxrepsol.s3.eu-west-1.amazonaws.com\/static\/2022\/08\/05095057\/http___repsolmedia.com_repsolmedia_wp-content_uploads_2022_05_JRB4426-scaled-1.jpg\" data-index=\"0\"><br \/>\n<img decoding=\"async\" src=\"https:\/\/bxrepsol.s3.eu-west-1.amazonaws.com\/static\/2022\/08\/05095057\/http___repsolmedia.com_repsolmedia_wp-content_uploads_2022_05_JRB4426-scaled-1.jpg\" srcset=\"https:\/\/bxrepsol.s3.eu-west-1.amazonaws.com\/static\/2022\/08\/05095057\/http___repsolmedia.com_repsolmedia_wp-content_uploads_2022_05_JRB4426-scaled-1.jpg 2560w, https:\/\/bxrepsol.s3.eu-west-1.amazonaws.com\/static\/2022\/08\/05095057\/http___repsolmedia.com_repsolmedia_wp-content_uploads_2022_05_JRB4426-scaled-1.jpg 1280w, https:\/\/bxrepsol.s3.eu-west-1.amazonaws.com\/static\/2022\/08\/05095057\/http___repsolmedia.com_repsolmedia_wp-content_uploads_2022_05_JRB4426-scaled-1.jpg 900w, https:\/\/bxrepsol.s3.eu-west-1.amazonaws.com\/static\/2022\/08\/05095057\/http___repsolmedia.com_repsolmedia_wp-content_uploads_2022_05_JRB4426-scaled-1.jpg 600w, https:\/\/bxrepsol.s3.eu-west-1.amazonaws.com\/static\/2022\/08\/05095057\/http___repsolmedia.com_repsolmedia_wp-content_uploads_2022_05_JRB4426-scaled-1.jpg 480w, https:\/\/bxrepsol.s3.eu-west-1.amazonaws.com\/static\/2022\/08\/05095057\/http___repsolmedia.com_repsolmedia_wp-content_uploads_2022_05_JRB4426-scaled-1.jpg 32w\" title=\"http___repsolmedia.com_repsolmedia_wp-content_uploads_2022_05_JRB4426-scaled\" alt=\"\" data-title=\"\"><br \/>\n<\/a><br \/>\n<a href=\"https:\/\/bxrepsol.s3.eu-west-1.amazonaws.com\/static\/2022\/08\/05095059\/http___repsolmedia.com_repsolmedia_wp-content_uploads_2022_05_JRB4218-scaled-1.jpg\" data-index=\"1\"><br \/>\n<img decoding=\"async\" src=\"https:\/\/bxrepsol.s3.eu-west-1.amazonaws.com\/static\/2022\/08\/05095059\/http___repsolmedia.com_repsolmedia_wp-content_uploads_2022_05_JRB4218-scaled-1.jpg\" srcset=\"https:\/\/bxrepsol.s3.eu-west-1.amazonaws.com\/static\/2022\/08\/05095059\/http___repsolmedia.com_repsolmedia_wp-content_uploads_2022_05_JRB4218-scaled-1.jpg 2560w, https:\/\/bxrepsol.s3.eu-west-1.amazonaws.com\/static\/2022\/08\/05095059\/http___repsolmedia.com_repsolmedia_wp-content_uploads_2022_05_JRB4218-scaled-1.jpg 1280w, https:\/\/bxrepsol.s3.eu-west-1.amazonaws.com\/static\/2022\/08\/05095059\/http___repsolmedia.com_repsolmedia_wp-content_uploads_2022_05_JRB4218-scaled-1.jpg 900w, https:\/\/bxrepsol.s3.eu-west-1.amazonaws.com\/static\/2022\/08\/05095059\/http___repsolmedia.com_repsolmedia_wp-content_uploads_2022_05_JRB4218-scaled-1.jpg 600w, https:\/\/bxrepsol.s3.eu-west-1.amazonaws.com\/static\/2022\/08\/05095059\/http___repsolmedia.com_repsolmedia_wp-content_uploads_2022_05_JRB4218-scaled-1.jpg 480w, https:\/\/bxrepsol.s3.eu-west-1.amazonaws.com\/static\/2022\/08\/05095059\/http___repsolmedia.com_repsolmedia_wp-content_uploads_2022_05_JRB4218-scaled-1.jpg 32w\" title=\"http___repsolmedia.com_repsolmedia_wp-content_uploads_2022_05_JRB4218-scaled\" alt=\"\" data-title=\"\"><br \/>\n<\/a><br \/>\n<a href=\"https:\/\/bxrepsol.s3.eu-west-1.amazonaws.com\/static\/2022\/08\/05095104\/http___repsolmedia.com_repsolmedia_wp-content_uploads_2022_05_JRB6959-scaled-1.jpg\" data-index=\"2\"><br \/>\n<img decoding=\"async\" src=\"https:\/\/bxrepsol.s3.eu-west-1.amazonaws.com\/static\/2022\/08\/05095104\/http___repsolmedia.com_repsolmedia_wp-content_uploads_2022_05_JRB6959-scaled-1.jpg\" srcset=\"https:\/\/bxrepsol.s3.eu-west-1.amazonaws.com\/static\/2022\/08\/05095104\/http___repsolmedia.com_repsolmedia_wp-content_uploads_2022_05_JRB6959-scaled-1.jpg 2560w, https:\/\/bxrepsol.s3.eu-west-1.amazonaws.com\/static\/2022\/08\/05095104\/http___repsolmedia.com_repsolmedia_wp-content_uploads_2022_05_JRB6959-scaled-1.jpg 1280w, https:\/\/bxrepsol.s3.eu-west-1.amazonaws.com\/static\/2022\/08\/05095104\/http___repsolmedia.com_repsolmedia_wp-content_uploads_2022_05_JRB6959-scaled-1.jpg 900w, https:\/\/bxrepsol.s3.eu-west-1.amazonaws.com\/static\/2022\/08\/05095104\/http___repsolmedia.com_repsolmedia_wp-content_uploads_2022_05_JRB6959-scaled-1.jpg 600w, https:\/\/bxrepsol.s3.eu-west-1.amazonaws.com\/static\/2022\/08\/05095104\/http___repsolmedia.com_repsolmedia_wp-content_uploads_2022_05_JRB6959-scaled-1.jpg 480w, https:\/\/bxrepsol.s3.eu-west-1.amazonaws.com\/static\/2022\/08\/05095104\/http___repsolmedia.com_repsolmedia_wp-content_uploads_2022_05_JRB6959-scaled-1.jpg 32w\" title=\"http___repsolmedia.com_repsolmedia_wp-content_uploads_2022_05_JRB6959-scaled\" alt=\"\" data-title=\"\"><br \/>\n<\/a><br \/>\n<a href=\"https:\/\/bxrepsol.s3.eu-west-1.amazonaws.com\/static\/2022\/08\/05095107\/http___repsolmedia.com_repsolmedia_wp-content_uploads_2022_05_JRB6249-scaled-1.jpg\" data-index=\"3\"><br \/>\n<img decoding=\"async\" src=\"https:\/\/bxrepsol.s3.eu-west-1.amazonaws.com\/static\/2022\/08\/05095107\/http___repsolmedia.com_repsolmedia_wp-content_uploads_2022_05_JRB6249-scaled-1.jpg\" srcset=\"https:\/\/bxrepsol.s3.eu-west-1.amazonaws.com\/static\/2022\/08\/05095107\/http___repsolmedia.com_repsolmedia_wp-content_uploads_2022_05_JRB6249-scaled-1.jpg 2560w, https:\/\/bxrepsol.s3.eu-west-1.amazonaws.com\/static\/2022\/08\/05095107\/http___repsolmedia.com_repsolmedia_wp-content_uploads_2022_05_JRB6249-scaled-1.jpg 1280w, https:\/\/bxrepsol.s3.eu-west-1.amazonaws.com\/static\/2022\/08\/05095107\/http___repsolmedia.com_repsolmedia_wp-content_uploads_2022_05_JRB6249-scaled-1.jpg 900w, https:\/\/bxrepsol.s3.eu-west-1.amazonaws.com\/static\/2022\/08\/05095107\/http___repsolmedia.com_repsolmedia_wp-content_uploads_2022_05_JRB6249-scaled-1.jpg 600w, https:\/\/bxrepsol.s3.eu-west-1.amazonaws.com\/static\/2022\/08\/05095107\/http___repsolmedia.com_repsolmedia_wp-content_uploads_2022_05_JRB6249-scaled-1.jpg 480w, https:\/\/bxrepsol.s3.eu-west-1.amazonaws.com\/static\/2022\/08\/05095107\/http___repsolmedia.com_repsolmedia_wp-content_uploads_2022_05_JRB6249-scaled-1.jpg 32w\" title=\"http___repsolmedia.com_repsolmedia_wp-content_uploads_2022_05_JRB6249-scaled\" alt=\"\" data-title=\"\"><br \/>\n<\/a><br \/>\n<a href=\"https:\/\/bxrepsol.s3.eu-west-1.amazonaws.com\/static\/2022\/08\/05095110\/http___repsolmedia.com_repsolmedia_wp-content_uploads_2022_05_JRB6835-scaled-1.jpg\" data-index=\"4\"><br \/>\n<img decoding=\"async\" src=\"https:\/\/bxrepsol.s3.eu-west-1.amazonaws.com\/static\/2022\/08\/05095110\/http___repsolmedia.com_repsolmedia_wp-content_uploads_2022_05_JRB6835-scaled-1.jpg\" srcset=\"https:\/\/bxrepsol.s3.eu-west-1.amazonaws.com\/static\/2022\/08\/05095110\/http___repsolmedia.com_repsolmedia_wp-content_uploads_2022_05_JRB6835-scaled-1.jpg 2560w, https:\/\/bxrepsol.s3.eu-west-1.amazonaws.com\/static\/2022\/08\/05095110\/http___repsolmedia.com_repsolmedia_wp-content_uploads_2022_05_JRB6835-scaled-1.jpg 1280w, https:\/\/bxrepsol.s3.eu-west-1.amazonaws.com\/static\/2022\/08\/05095110\/http___repsolmedia.com_repsolmedia_wp-content_uploads_2022_05_JRB6835-scaled-1.jpg 900w, https:\/\/bxrepsol.s3.eu-west-1.amazonaws.com\/static\/2022\/08\/05095110\/http___repsolmedia.com_repsolmedia_wp-content_uploads_2022_05_JRB6835-scaled-1.jpg 600w, https:\/\/bxrepsol.s3.eu-west-1.amazonaws.com\/static\/2022\/08\/05095110\/http___repsolmedia.com_repsolmedia_wp-content_uploads_2022_05_JRB6835-scaled-1.jpg 480w, https:\/\/bxrepsol.s3.eu-west-1.amazonaws.com\/static\/2022\/08\/05095110\/http___repsolmedia.com_repsolmedia_wp-content_uploads_2022_05_JRB6835-scaled-1.jpg 32w\" title=\"http___repsolmedia.com_repsolmedia_wp-content_uploads_2022_05_JRB6835-scaled\" alt=\"\" data-title=\"\"><br \/>\n<\/a><br \/>\n<button data-glide-dir=\"<\"><br \/>\n<svg role=\"img\" viewBox=\"0 0 256 512\">\n                <path fill=\"currentColor\" d=\"M238.475 475.535l7.071-7.07c4.686-4.686 4.686-12.284 0-16.971L50.053 256 245.546 60.506c4.686-4.686 4.686-12.284 0-16.971l-7.071-7.07c-4.686-4.686-12.284-4.686-16.97 0L10.454 247.515c-4.686 4.686-4.686 12.284 0 16.971l211.051 211.05c4.686 4.686 12.284 4.686 16.97-.001z\"><\/path>\n            <\/svg><br \/>\n<\/button><br \/>\n<button data-glide-dir=\">\u00ab><br \/>\n<svg role=\"img\" viewBox=\"0 0 256 512\">\n                <path fill=\"currentColor\" d=\"M17.525 36.465l-7.071 7.07c-4.686 4.686-4.686 12.284 0 16.971L205.947 256 10.454 451.494c-4.686 4.686-4.686 12.284 0 16.971l7.071 7.07c4.686 4.686 12.284 4.686 16.97 0l211.051-211.05c4.686-4.686 4.686-12.284 0-16.971L34.495 36.465c-4.686-4.687-12.284-4.687-16.97 0z\"><\/path>\n            <\/svg><br \/>\n<\/button><\/p>\n<p><strong>Declaraciones de los pilotos:<\/strong><\/p>\n<p><a href=\"https:\/\/twitter.com\/hashtag\/MM93?src=hashtag_click\" target=\"_blank\" rel=\"noopener\">#MM93<\/a><\/p>\n<p>\u00abAyer dije que con una buena carrera nuestra posici\u00f3n ser\u00eda la quinta, sexta o s\u00e9ptima y hemos terminado sextos, aunque nuestra posici\u00f3n real era la novena porque ha habido algunas ca\u00eddas. Ha sido una carrera s\u00f3lida, a nuestro ritmo, pero ha sido muy larga y no he podido empujar hacia el final. Lo \u00fanico que podemos hacer es seguir trabajando, es la mejor manera de mejorar para el futuro. Mi objetivo no es s\u00f3lo acabar como primera Honda, sino terminar en el podio, pero a\u00fan no lo hemos conseguido. Todav\u00eda hay que entender m\u00e1s la moto en las pr\u00f3ximas carreras para cerrar la distancia con los de delante\u00bb.<\/p>\n<p><a href=\"https:\/\/twitter.com\/hashtag\/POL44?src=hashtag_click\" target=\"_blank\" rel=\"noopener\">#POL44<\/a><\/p>\n<p>\u00abHa sido una carrera muy, muy dura. Creo que este fin de semana ha confirmado d\u00f3nde est\u00e1n nuestros problemas y en qu\u00e9 tenemos que trabajar. Nuestro ritmo no ha sido asombroso, estaba bien, pero no hemos sido capaces de adelantar porque perd\u00edamos algo de tiempo en la aceleraci\u00f3n y luego, cuando intentaba adelantar en la frenada, los dem\u00e1s estaban demasiado lejos. Es un momento dif\u00edcil pero seguimos intent\u00e1ndolo. Tanto yo como Honda estamos trabajando mucho para resolver esta situaci\u00f3n. En la pretemporada pudimos solucionar estos problemas, as\u00ed que sabemos que se puede mejorar\u00bb.<\/p>\n","protected":false},"excerpt":{"rendered":"<p>El piloto del equipo Repsol Honda finaliza sexto el Gran Premio de Francia y Pol Espargar\u00f3 es und\u00e9cimo<\/p>\n","protected":false},"author":43146,"featured_media":46014,"comment_status":"open","ping_status":"open","sticky":false,"template":"","format":"standard","meta":{"footnotes":""},"categories":[4],"tags":[120,50,6,121,128],"class_list":["post-95349","post","type-post","status-publish","format-standard","hentry","category-motogp","tag-120","tag-equipo-repsol-honda","tag-marc-marquez","tag-motogp-francia","tag-pol-espargaro"],"yoast_head":"<!-- This site is optimized with the Yoast SEO plugin v27.3 - https:\/\/yoast.com\/product\/yoast-seo-wordpress\/ -->\n<title>M\u00e1rquez y Espargar\u00f3 suman nuevos puntos en Le Mans - Box Repsol<\/title>\n<meta name=\"description\" content=\"M\u00e1rquez y Espargaro suman nuevos puntos en Le Mans: Conoce c\u00f3mo los pilotos del equipo Repsol Honda se desempe\u00f1aron en esta carrera.\" \/>\n<link rel=\"canonical\" href=\"https:\/\/www.boxrepsol.com\/es\/motogp\/marquez-y-espargaro-suman-nuevos-puntos-en-le-mans\/\" \/>\n<meta property=\"og:locale\" content=\"es_ES\" \/>\n<meta property=\"og:type\" content=\"article\" \/>\n<meta property=\"og:title\" content=\"M\u00e1rquez y Espargar\u00f3 suman nuevos puntos en Le Mans - Box Repsol\" \/>\n<meta property=\"og:description\" content=\"M\u00e1rquez y Espargaro suman nuevos puntos en Le Mans: Conoce c\u00f3mo los pilotos del equipo Repsol Honda se desempe\u00f1aron en esta carrera.\" \/>\n<meta property=\"og:url\" content=\"https:\/\/www.boxrepsol.com\/es\/motogp\/marquez-y-espargaro-suman-nuevos-puntos-en-le-mans\/\" \/>\n<meta property=\"og:site_name\" content=\"Box Repsol\" \/>\n<meta property=\"article:publisher\" content=\"https:\/\/www.facebook.com\/BoxRepsol\" \/>\n<meta property=\"article:author\" content=\"https:\/\/www.facebook.com\/BoxRepsol\/\" \/>\n<meta property=\"article:published_time\" content=\"2022-05-15T02:00:00+00:00\" \/>\n<meta property=\"article:modified_time\" content=\"2024-04-09T08:56:48+00:00\" \/>\n<meta property=\"og:image\" content=\"https:\/\/bxrepsol.s3.eu-west-1.amazonaws.com\/static\/2022\/08\/10042320\/JRB5062-scaled-1.jpg\" \/>\n\t<meta property=\"og:image:width\" content=\"2560\" \/>\n\t<meta property=\"og:image:height\" content=\"1707\" \/>\n\t<meta property=\"og:image:type\" content=\"image\/jpeg\" \/>\n<meta name=\"author\" content=\"Redacci\u00f3n Box Repsol\" \/>\n<meta name=\"twitter:card\" content=\"summary_large_image\" \/>\n<meta name=\"twitter:creator\" content=\"@https:\/\/twitter.com\/box_repsol\" \/>\n<meta name=\"twitter:site\" content=\"@box_repsol\" \/>\n<meta name=\"twitter:label1\" content=\"Written by\" \/>\n\t<meta name=\"twitter:data1\" content=\"Redacci\u00f3n Box Repsol\" \/>\n\t<meta name=\"twitter:label2\" content=\"Est. reading time\" \/>\n\t<meta name=\"twitter:data2\" content=\"2 minutos\" \/>\n<script type=\"application\/ld+json\" class=\"yoast-schema-graph\">{\"@context\":\"https:\\\/\\\/schema.org\",\"@graph\":[{\"@type\":\"Article\",\"@id\":\"https:\\\/\\\/www.boxrepsol.com\\\/es\\\/motogp\\\/marquez-y-espargaro-suman-nuevos-puntos-en-le-mans\\\/#article\",\"isPartOf\":{\"@id\":\"https:\\\/\\\/www.boxrepsol.com\\\/es\\\/motogp\\\/marquez-y-espargaro-suman-nuevos-puntos-en-le-mans\\\/\"},\"author\":{\"name\":\"Redacci\u00f3n Box Repsol\",\"@id\":\"https:\\\/\\\/www.boxrepsol.com\\\/es\\\/#\\\/schema\\\/person\\\/c5c2138f2cca251b0ad92b7086bb60b7\"},\"headline\":\"M\u00e1rquez y Espargar\u00f3 suman nuevos puntos en Le Mans\",\"datePublished\":\"2022-05-15T02:00:00+00:00\",\"dateModified\":\"2024-04-09T08:56:48+00:00\",\"mainEntityOfPage\":{\"@id\":\"https:\\\/\\\/www.boxrepsol.com\\\/es\\\/motogp\\\/marquez-y-espargaro-suman-nuevos-puntos-en-le-mans\\\/\"},\"wordCount\":422,\"commentCount\":0,\"publisher\":{\"@id\":\"https:\\\/\\\/www.boxrepsol.com\\\/es\\\/#organization\"},\"image\":{\"@id\":\"https:\\\/\\\/www.boxrepsol.com\\\/es\\\/motogp\\\/marquez-y-espargaro-suman-nuevos-puntos-en-le-mans\\\/#primaryimage\"},\"thumbnailUrl\":\"https:\\\/\\\/bxrepsol.s3.eu-west-1.amazonaws.com\\\/static\\\/2022\\\/08\\\/10042320\\\/JRB5062-scaled-1.jpg\",\"keywords\":[\"2022\",\"Equipo Repsol Honda\",\"Marc M\u00e1rquez\",\"MotoGP Francia\",\"Pol Espargar\u00f3\"],\"articleSection\":[\"MotoGP\"],\"inLanguage\":\"es\",\"potentialAction\":[{\"@type\":\"CommentAction\",\"name\":\"Comment\",\"target\":[\"https:\\\/\\\/www.boxrepsol.com\\\/es\\\/motogp\\\/marquez-y-espargaro-suman-nuevos-puntos-en-le-mans\\\/#respond\"]}]},{\"@type\":\"WebPage\",\"@id\":\"https:\\\/\\\/www.boxrepsol.com\\\/es\\\/motogp\\\/marquez-y-espargaro-suman-nuevos-puntos-en-le-mans\\\/\",\"url\":\"https:\\\/\\\/www.boxrepsol.com\\\/es\\\/motogp\\\/marquez-y-espargaro-suman-nuevos-puntos-en-le-mans\\\/\",\"name\":\"M\u00e1rquez y Espargar\u00f3 suman nuevos puntos en Le Mans - Box Repsol\",\"isPartOf\":{\"@id\":\"https:\\\/\\\/www.boxrepsol.com\\\/es\\\/#website\"},\"primaryImageOfPage\":{\"@id\":\"https:\\\/\\\/www.boxrepsol.com\\\/es\\\/motogp\\\/marquez-y-espargaro-suman-nuevos-puntos-en-le-mans\\\/#primaryimage\"},\"image\":{\"@id\":\"https:\\\/\\\/www.boxrepsol.com\\\/es\\\/motogp\\\/marquez-y-espargaro-suman-nuevos-puntos-en-le-mans\\\/#primaryimage\"},\"thumbnailUrl\":\"https:\\\/\\\/bxrepsol.s3.eu-west-1.amazonaws.com\\\/static\\\/2022\\\/08\\\/10042320\\\/JRB5062-scaled-1.jpg\",\"datePublished\":\"2022-05-15T02:00:00+00:00\",\"dateModified\":\"2024-04-09T08:56:48+00:00\",\"description\":\"M\u00e1rquez y Espargaro suman nuevos puntos en Le Mans: Conoce c\u00f3mo los pilotos del equipo Repsol Honda se desempe\u00f1aron en esta carrera.\",\"breadcrumb\":{\"@id\":\"https:\\\/\\\/www.boxrepsol.com\\\/es\\\/motogp\\\/marquez-y-espargaro-suman-nuevos-puntos-en-le-mans\\\/#breadcrumb\"},\"inLanguage\":\"es\",\"potentialAction\":[{\"@type\":\"ReadAction\",\"target\":[\"https:\\\/\\\/www.boxrepsol.com\\\/es\\\/motogp\\\/marquez-y-espargaro-suman-nuevos-puntos-en-le-mans\\\/\"]}]},{\"@type\":\"ImageObject\",\"inLanguage\":\"es\",\"@id\":\"https:\\\/\\\/www.boxrepsol.com\\\/es\\\/motogp\\\/marquez-y-espargaro-suman-nuevos-puntos-en-le-mans\\\/#primaryimage\",\"url\":\"https:\\\/\\\/bxrepsol.s3.eu-west-1.amazonaws.com\\\/static\\\/2022\\\/08\\\/10042320\\\/JRB5062-scaled-1.jpg\",\"contentUrl\":\"https:\\\/\\\/bxrepsol.s3.eu-west-1.amazonaws.com\\\/static\\\/2022\\\/08\\\/10042320\\\/JRB5062-scaled-1.jpg\",\"width\":2560,\"height\":1707},{\"@type\":\"BreadcrumbList\",\"@id\":\"https:\\\/\\\/www.boxrepsol.com\\\/es\\\/motogp\\\/marquez-y-espargaro-suman-nuevos-puntos-en-le-mans\\\/#breadcrumb\",\"itemListElement\":[{\"@type\":\"ListItem\",\"position\":1,\"name\":\"Home\",\"item\":\"https:\\\/\\\/www.boxrepsol.com\\\/es\\\/\"},{\"@type\":\"ListItem\",\"position\":2,\"name\":\"M\u00e1rquez y Espargar\u00f3 suman nuevos puntos en Le Mans\"}]},{\"@type\":\"WebSite\",\"@id\":\"https:\\\/\\\/www.boxrepsol.com\\\/es\\\/#website\",\"url\":\"https:\\\/\\\/www.boxrepsol.com\\\/es\\\/\",\"name\":\"Box Repsol\",\"description\":\"Box Repsol Site\",\"publisher\":{\"@id\":\"https:\\\/\\\/www.boxrepsol.com\\\/es\\\/#organization\"},\"potentialAction\":[{\"@type\":\"SearchAction\",\"target\":{\"@type\":\"EntryPoint\",\"urlTemplate\":\"https:\\\/\\\/www.boxrepsol.com\\\/es\\\/?s={search_term_string}\"},\"query-input\":{\"@type\":\"PropertyValueSpecification\",\"valueRequired\":true,\"valueName\":\"search_term_string\"}}],\"inLanguage\":\"es\"},{\"@type\":\"Organization\",\"@id\":\"https:\\\/\\\/www.boxrepsol.com\\\/es\\\/#organization\",\"name\":\"Box Repsol\",\"url\":\"https:\\\/\\\/www.boxrepsol.com\\\/es\\\/\",\"logo\":{\"@type\":\"ImageObject\",\"inLanguage\":\"es\",\"@id\":\"https:\\\/\\\/www.boxrepsol.com\\\/es\\\/#\\\/schema\\\/logo\\\/image\\\/\",\"url\":\"https:\\\/\\\/bxrepsol.s3.eu-west-1.amazonaws.com\\\/static\\\/2025\\\/07\\\/30083337\\\/favicon-96x96-1.png\",\"contentUrl\":\"https:\\\/\\\/bxrepsol.s3.eu-west-1.amazonaws.com\\\/static\\\/2025\\\/07\\\/30083337\\\/favicon-96x96-1.png\",\"width\":96,\"height\":96,\"caption\":\"Box Repsol\"},\"image\":{\"@id\":\"https:\\\/\\\/www.boxrepsol.com\\\/es\\\/#\\\/schema\\\/logo\\\/image\\\/\"},\"sameAs\":[\"https:\\\/\\\/www.facebook.com\\\/BoxRepsol\",\"https:\\\/\\\/x.com\\\/box_repsol\",\"http:\\\/\\\/instagram.com\\\/box_repsol\",\"https:\\\/\\\/www.youtube.com\\\/user\\\/RepsolCompeticion\",\"https:\\\/\\\/www.flickr.com\\\/photos\\\/box_repsol\\\/\"]},{\"@type\":\"Person\",\"@id\":\"https:\\\/\\\/www.boxrepsol.com\\\/es\\\/#\\\/schema\\\/person\\\/c5c2138f2cca251b0ad92b7086bb60b7\",\"name\":\"Redacci\u00f3n Box Repsol\",\"image\":{\"@type\":\"ImageObject\",\"inLanguage\":\"es\",\"@id\":\"https:\\\/\\\/secure.gravatar.com\\\/avatar\\\/adf7b77e38b4419baf32c7e9c21dde01f4e40df611f0978e3006fc4ba0aaab7e?s=96&d=mm&r=g\",\"url\":\"https:\\\/\\\/secure.gravatar.com\\\/avatar\\\/adf7b77e38b4419baf32c7e9c21dde01f4e40df611f0978e3006fc4ba0aaab7e?s=96&d=mm&r=g\",\"contentUrl\":\"https:\\\/\\\/secure.gravatar.com\\\/avatar\\\/adf7b77e38b4419baf32c7e9c21dde01f4e40df611f0978e3006fc4ba0aaab7e?s=96&d=mm&r=g\",\"caption\":\"Redacci\u00f3n Box Repsol\"},\"description\":\"Box Repsol lo forma un equipo de periodistas, community managers, dise\u00f1adores y fot\u00f3grafos con m\u00e1s de 20 a\u00f1os de experiencia en el mundo del motorsport. Hemos vivido el primer mundial de un espa\u00f1ol en la categor\u00eda reina de motociclismo con \u00c1lex Crivill\u00e9, estuvimos en las victorias de Pedrosa y los t\u00edtulos de M\u00e1rquez, acompa\u00f1amos en \u00c1frica a Nani Roma y Marc Coma en sus conquistas del Dakar y hemos vibrado con los t\u00edtulos de Toni Bou en Trial. Adem\u00e1s, en nuestro equipo contamos con expertos en el mundo de las dos y cuatro ruedas tanto de la calle y las carreteras, como de los circuitos. Periodistas que han trabajado en revistas y publicaciones para hacerte llegar desde rutas y consejos de mantenimiento, a curiosidades y trucos de pilotaje.\",\"sameAs\":[\"https:\\\/\\\/www.facebook.com\\\/BoxRepsol\\\/\",\"https:\\\/\\\/www.instagram.com\\\/box_repsol\\\/\",\"https:\\\/\\\/x.com\\\/https:\\\/\\\/twitter.com\\\/box_repsol\",\"https:\\\/\\\/www.youtube.com\\\/@Boxrepsol\"],\"url\":\"https:\\\/\\\/www.boxrepsol.com\\\/es\\\/author\\\/redaccion-box-repsol\\\/\"}]}<\/script>\n<!-- \/ Yoast SEO plugin. -->","yoast_head_json":{"title":"M\u00e1rquez y Espargar\u00f3 suman nuevos puntos en Le Mans - Box Repsol","description":"M\u00e1rquez y Espargaro suman nuevos puntos en Le Mans: Conoce c\u00f3mo los pilotos del equipo Repsol Honda se desempe\u00f1aron en esta carrera.","canonical":"https:\/\/www.boxrepsol.com\/es\/motogp\/marquez-y-espargaro-suman-nuevos-puntos-en-le-mans\/","og_locale":"es_ES","og_type":"article","og_title":"M\u00e1rquez y Espargar\u00f3 suman nuevos puntos en Le Mans - Box Repsol","og_description":"M\u00e1rquez y Espargaro suman nuevos puntos en Le Mans: Conoce c\u00f3mo los pilotos del equipo Repsol Honda se desempe\u00f1aron en esta carrera.","og_url":"https:\/\/www.boxrepsol.com\/es\/motogp\/marquez-y-espargaro-suman-nuevos-puntos-en-le-mans\/","og_site_name":"Box Repsol","article_publisher":"https:\/\/www.facebook.com\/BoxRepsol","article_author":"https:\/\/www.facebook.com\/BoxRepsol\/","article_published_time":"2022-05-15T02:00:00+00:00","article_modified_time":"2024-04-09T08:56:48+00:00","og_image":[{"width":2560,"height":1707,"url":"https:\/\/bxrepsol.s3.eu-west-1.amazonaws.com\/static\/2022\/08\/10042320\/JRB5062-scaled-1.jpg","type":"image\/jpeg"}],"author":"Redacci\u00f3n Box Repsol","twitter_card":"summary_large_image","twitter_creator":"@https:\/\/twitter.com\/box_repsol","twitter_site":"@box_repsol","twitter_misc":{"Written by":"Redacci\u00f3n Box Repsol","Est. reading time":"2 minutos"},"schema":{"@context":"https:\/\/schema.org","@graph":[{"@type":"Article","@id":"https:\/\/www.boxrepsol.com\/es\/motogp\/marquez-y-espargaro-suman-nuevos-puntos-en-le-mans\/#article","isPartOf":{"@id":"https:\/\/www.boxrepsol.com\/es\/motogp\/marquez-y-espargaro-suman-nuevos-puntos-en-le-mans\/"},"author":{"name":"Redacci\u00f3n Box Repsol","@id":"https:\/\/www.boxrepsol.com\/es\/#\/schema\/person\/c5c2138f2cca251b0ad92b7086bb60b7"},"headline":"M\u00e1rquez y Espargar\u00f3 suman nuevos puntos en Le Mans","datePublished":"2022-05-15T02:00:00+00:00","dateModified":"2024-04-09T08:56:48+00:00","mainEntityOfPage":{"@id":"https:\/\/www.boxrepsol.com\/es\/motogp\/marquez-y-espargaro-suman-nuevos-puntos-en-le-mans\/"},"wordCount":422,"commentCount":0,"publisher":{"@id":"https:\/\/www.boxrepsol.com\/es\/#organization"},"image":{"@id":"https:\/\/www.boxrepsol.com\/es\/motogp\/marquez-y-espargaro-suman-nuevos-puntos-en-le-mans\/#primaryimage"},"thumbnailUrl":"https:\/\/bxrepsol.s3.eu-west-1.amazonaws.com\/static\/2022\/08\/10042320\/JRB5062-scaled-1.jpg","keywords":["2022","Equipo Repsol Honda","Marc M\u00e1rquez","MotoGP Francia","Pol Espargar\u00f3"],"articleSection":["MotoGP"],"inLanguage":"es","potentialAction":[{"@type":"CommentAction","name":"Comment","target":["https:\/\/www.boxrepsol.com\/es\/motogp\/marquez-y-espargaro-suman-nuevos-puntos-en-le-mans\/#respond"]}]},{"@type":"WebPage","@id":"https:\/\/www.boxrepsol.com\/es\/motogp\/marquez-y-espargaro-suman-nuevos-puntos-en-le-mans\/","url":"https:\/\/www.boxrepsol.com\/es\/motogp\/marquez-y-espargaro-suman-nuevos-puntos-en-le-mans\/","name":"M\u00e1rquez y Espargar\u00f3 suman nuevos puntos en Le Mans - Box Repsol","isPartOf":{"@id":"https:\/\/www.boxrepsol.com\/es\/#website"},"primaryImageOfPage":{"@id":"https:\/\/www.boxrepsol.com\/es\/motogp\/marquez-y-espargaro-suman-nuevos-puntos-en-le-mans\/#primaryimage"},"image":{"@id":"https:\/\/www.boxrepsol.com\/es\/motogp\/marquez-y-espargaro-suman-nuevos-puntos-en-le-mans\/#primaryimage"},"thumbnailUrl":"https:\/\/bxrepsol.s3.eu-west-1.amazonaws.com\/static\/2022\/08\/10042320\/JRB5062-scaled-1.jpg","datePublished":"2022-05-15T02:00:00+00:00","dateModified":"2024-04-09T08:56:48+00:00","description":"M\u00e1rquez y Espargaro suman nuevos puntos en Le Mans: Conoce c\u00f3mo los pilotos del equipo Repsol Honda se desempe\u00f1aron en esta carrera.","breadcrumb":{"@id":"https:\/\/www.boxrepsol.com\/es\/motogp\/marquez-y-espargaro-suman-nuevos-puntos-en-le-mans\/#breadcrumb"},"inLanguage":"es","potentialAction":[{"@type":"ReadAction","target":["https:\/\/www.boxrepsol.com\/es\/motogp\/marquez-y-espargaro-suman-nuevos-puntos-en-le-mans\/"]}]},{"@type":"ImageObject","inLanguage":"es","@id":"https:\/\/www.boxrepsol.com\/es\/motogp\/marquez-y-espargaro-suman-nuevos-puntos-en-le-mans\/#primaryimage","url":"https:\/\/bxrepsol.s3.eu-west-1.amazonaws.com\/static\/2022\/08\/10042320\/JRB5062-scaled-1.jpg","contentUrl":"https:\/\/bxrepsol.s3.eu-west-1.amazonaws.com\/static\/2022\/08\/10042320\/JRB5062-scaled-1.jpg","width":2560,"height":1707},{"@type":"BreadcrumbList","@id":"https:\/\/www.boxrepsol.com\/es\/motogp\/marquez-y-espargaro-suman-nuevos-puntos-en-le-mans\/#breadcrumb","itemListElement":[{"@type":"ListItem","position":1,"name":"Home","item":"https:\/\/www.boxrepsol.com\/es\/"},{"@type":"ListItem","position":2,"name":"M\u00e1rquez y Espargar\u00f3 suman nuevos puntos en Le Mans"}]},{"@type":"WebSite","@id":"https:\/\/www.boxrepsol.com\/es\/#website","url":"https:\/\/www.boxrepsol.com\/es\/","name":"Box Repsol","description":"Box Repsol Site","publisher":{"@id":"https:\/\/www.boxrepsol.com\/es\/#organization"},"potentialAction":[{"@type":"SearchAction","target":{"@type":"EntryPoint","urlTemplate":"https:\/\/www.boxrepsol.com\/es\/?s={search_term_string}"},"query-input":{"@type":"PropertyValueSpecification","valueRequired":true,"valueName":"search_term_string"}}],"inLanguage":"es"},{"@type":"Organization","@id":"https:\/\/www.boxrepsol.com\/es\/#organization","name":"Box Repsol","url":"https:\/\/www.boxrepsol.com\/es\/","logo":{"@type":"ImageObject","inLanguage":"es","@id":"https:\/\/www.boxrepsol.com\/es\/#\/schema\/logo\/image\/","url":"https:\/\/bxrepsol.s3.eu-west-1.amazonaws.com\/static\/2025\/07\/30083337\/favicon-96x96-1.png","contentUrl":"https:\/\/bxrepsol.s3.eu-west-1.amazonaws.com\/static\/2025\/07\/30083337\/favicon-96x96-1.png","width":96,"height":96,"caption":"Box Repsol"},"image":{"@id":"https:\/\/www.boxrepsol.com\/es\/#\/schema\/logo\/image\/"},"sameAs":["https:\/\/www.facebook.com\/BoxRepsol","https:\/\/x.com\/box_repsol","http:\/\/instagram.com\/box_repsol","https:\/\/www.youtube.com\/user\/RepsolCompeticion","https:\/\/www.flickr.com\/photos\/box_repsol\/"]},{"@type":"Person","@id":"https:\/\/www.boxrepsol.com\/es\/#\/schema\/person\/c5c2138f2cca251b0ad92b7086bb60b7","name":"Redacci\u00f3n Box Repsol","image":{"@type":"ImageObject","inLanguage":"es","@id":"https:\/\/secure.gravatar.com\/avatar\/adf7b77e38b4419baf32c7e9c21dde01f4e40df611f0978e3006fc4ba0aaab7e?s=96&d=mm&r=g","url":"https:\/\/secure.gravatar.com\/avatar\/adf7b77e38b4419baf32c7e9c21dde01f4e40df611f0978e3006fc4ba0aaab7e?s=96&d=mm&r=g","contentUrl":"https:\/\/secure.gravatar.com\/avatar\/adf7b77e38b4419baf32c7e9c21dde01f4e40df611f0978e3006fc4ba0aaab7e?s=96&d=mm&r=g","caption":"Redacci\u00f3n Box Repsol"},"description":"Box Repsol lo forma un equipo de periodistas, community managers, dise\u00f1adores y fot\u00f3grafos con m\u00e1s de 20 a\u00f1os de experiencia en el mundo del motorsport. Hemos vivido el primer mundial de un espa\u00f1ol en la categor\u00eda reina de motociclismo con \u00c1lex Crivill\u00e9, estuvimos en las victorias de Pedrosa y los t\u00edtulos de M\u00e1rquez, acompa\u00f1amos en \u00c1frica a Nani Roma y Marc Coma en sus conquistas del Dakar y hemos vibrado con los t\u00edtulos de Toni Bou en Trial. Adem\u00e1s, en nuestro equipo contamos con expertos en el mundo de las dos y cuatro ruedas tanto de la calle y las carreteras, como de los circuitos. Periodistas que han trabajado en revistas y publicaciones para hacerte llegar desde rutas y consejos de mantenimiento, a curiosidades y trucos de pilotaje.","sameAs":["https:\/\/www.facebook.com\/BoxRepsol\/","https:\/\/www.instagram.com\/box_repsol\/","https:\/\/x.com\/https:\/\/twitter.com\/box_repsol","https:\/\/www.youtube.com\/@Boxrepsol"],"url":"https:\/\/www.boxrepsol.com\/es\/author\/redaccion-box-repsol\/"}]}},"_links":{"self":[{"href":"https:\/\/www.boxrepsol.com\/es\/wp-json\/wp\/v2\/posts\/95349","targetHints":{"allow":["GET"]}}],"collection":[{"href":"https:\/\/www.boxrepsol.com\/es\/wp-json\/wp\/v2\/posts"}],"about":[{"href":"https:\/\/www.boxrepsol.com\/es\/wp-json\/wp\/v2\/types\/post"}],"author":[{"embeddable":true,"href":"https:\/\/www.boxrepsol.com\/es\/wp-json\/wp\/v2\/users\/43146"}],"replies":[{"embeddable":true,"href":"https:\/\/www.boxrepsol.com\/es\/wp-json\/wp\/v2\/comments?post=95349"}],"version-history":[{"count":2,"href":"https:\/\/www.boxrepsol.com\/es\/wp-json\/wp\/v2\/posts\/95349\/revisions"}],"predecessor-version":[{"id":107373,"href":"https:\/\/www.boxrepsol.com\/es\/wp-json\/wp\/v2\/posts\/95349\/revisions\/107373"}],"wp:featuredmedia":[{"embeddable":true,"href":"https:\/\/www.boxrepsol.com\/es\/wp-json\/wp\/v2\/media\/46014"}],"wp:attachment":[{"href":"https:\/\/www.boxrepsol.com\/es\/wp-json\/wp\/v2\/media?parent=95349"}],"wp:term":[{"taxonomy":"category","embeddable":true,"href":"https:\/\/www.boxrepsol.com\/es\/wp-json\/wp\/v2\/categories?post=95349"},{"taxonomy":"post_tag","embeddable":true,"href":"https:\/\/www.boxrepsol.com\/es\/wp-json\/wp\/v2\/tags?post=95349"}],"curies":[{"name":"wp","href":"https:\/\/api.w.org\/{rel}","templated":true}]}}