{"id":95340,"date":"2022-05-10T00:00:00","date_gmt":"2022-05-10T02:00:00","guid":{"rendered":"http:\/\/pre.boxrepsol.com\/sin-categorizar\/francia-proximo-reto-de-marc-marquez-y-pol-espargaro\/"},"modified":"2024-04-09T06:58:37","modified_gmt":"2024-04-09T08:58:37","slug":"francia-proximo-reto-de-marc-marquez-y-pol-espargaro","status":"publish","type":"post","link":"https:\/\/www.boxrepsol.com\/es\/motogp\/francia-proximo-reto-de-marc-marquez-y-pol-espargaro\/","title":{"rendered":"Francia, pr\u00f3ximo reto de Marc M\u00e1rquez y Pol Espargar\u00f3"},"content":{"rendered":"<p>Este fin de semana el <strong>Mundial de MotoGP<\/strong> recala en la m\u00edtica pista francesa de <strong>Le Mans,<\/strong> escenario marcado habitualmente por la inestabilidad meteorol\u00f3gica que pone a prueba a t\u00e9cnicos y pilotos de la categor\u00eda reina.<\/p>\n<p>En el trazado franc\u00e9s, una pista estrecha de <em>stop and go<\/em> y siendo una de las m\u00e1s lentas del campeonato, <strong>Marc M\u00e1rquez<\/strong> ha corrido en ocho ocasiones en la categor\u00eda reina, logrando tres victorias \u2013 2014, 2018 y 2019 &#8211; y un tercer puesto \u2013 2013 &#8211; . El piloto del equipo <strong>Repsol Honda<\/strong> llega a Le Mans noveno en la clasificaci\u00f3n general -con 44 puntos-, a 25 del top3.<\/p>\n<p>En MotoGP, <strong>Pol Espargar\u00f3<\/strong> ha disputado el Gran Premio de Francia en ocho ocasiones, logrando un tercer puesto en la temporada 2020 y finalizando dos veces entre los cinco mejores pilotos \u2013 2014 y 2016 -. Este es uno de los trazados favoritos del piloto del equipo <strong>Repsol Honda,<\/strong> en el que acostumbra a ir r\u00e1pido durante las sesiones clasificatorias. Pol llega a Le Mans duod\u00e9cimo en la clasificaci\u00f3n general con 35 puntos.<\/p>\n<p><a href=\"https:\/\/bxrepsol.s3.eu-west-1.amazonaws.com\/static\/2022\/08\/05094722\/http___repsolmedia.com_repsolmedia_wp-content_uploads_2022_05_http___repsolmedia.com_repsolmedia_wp-content_uploads_2022_04_JRB0581-scaled-1.jpg\" data-index=\"0\"><br \/>\n<img decoding=\"async\" src=\"https:\/\/bxrepsol.s3.eu-west-1.amazonaws.com\/static\/2022\/08\/05094722\/http___repsolmedia.com_repsolmedia_wp-content_uploads_2022_05_http___repsolmedia.com_repsolmedia_wp-content_uploads_2022_04_JRB0581-scaled-1.jpg\" srcset=\"https:\/\/bxrepsol.s3.eu-west-1.amazonaws.com\/static\/2022\/08\/05094722\/http___repsolmedia.com_repsolmedia_wp-content_uploads_2022_05_http___repsolmedia.com_repsolmedia_wp-content_uploads_2022_04_JRB0581-scaled-1.jpg 2560w, https:\/\/bxrepsol.s3.eu-west-1.amazonaws.com\/static\/2022\/08\/05094722\/http___repsolmedia.com_repsolmedia_wp-content_uploads_2022_05_http___repsolmedia.com_repsolmedia_wp-content_uploads_2022_04_JRB0581-scaled-1.jpg 1280w, https:\/\/bxrepsol.s3.eu-west-1.amazonaws.com\/static\/2022\/08\/05094722\/http___repsolmedia.com_repsolmedia_wp-content_uploads_2022_05_http___repsolmedia.com_repsolmedia_wp-content_uploads_2022_04_JRB0581-scaled-1.jpg 900w, https:\/\/bxrepsol.s3.eu-west-1.amazonaws.com\/static\/2022\/08\/05094722\/http___repsolmedia.com_repsolmedia_wp-content_uploads_2022_05_http___repsolmedia.com_repsolmedia_wp-content_uploads_2022_04_JRB0581-scaled-1.jpg 600w, https:\/\/bxrepsol.s3.eu-west-1.amazonaws.com\/static\/2022\/08\/05094722\/http___repsolmedia.com_repsolmedia_wp-content_uploads_2022_05_http___repsolmedia.com_repsolmedia_wp-content_uploads_2022_04_JRB0581-scaled-1.jpg 480w, https:\/\/bxrepsol.s3.eu-west-1.amazonaws.com\/static\/2022\/08\/05094722\/http___repsolmedia.com_repsolmedia_wp-content_uploads_2022_05_http___repsolmedia.com_repsolmedia_wp-content_uploads_2022_04_JRB0581-scaled-1.jpg 32w\" title=\"http___repsolmedia.com_repsolmedia_wp-content_uploads_2022_05_http___repsolmedia.com_repsolmedia_wp-content_uploads_2022_04_JRB0581-scaled-1\" alt=\"\" data-title=\"\"><br \/>\n<\/a><br \/>\n<a href=\"https:\/\/bxrepsol.s3.eu-west-1.amazonaws.com\/static\/2022\/08\/05094725\/http___repsolmedia.com_repsolmedia_wp-content_uploads_2022_05_http___repsolmedia.com_repsolmedia_wp-content_uploads_2022_04_JRB0955-scaled-1.jpg\" data-index=\"1\"><br \/>\n<img decoding=\"async\" src=\"https:\/\/bxrepsol.s3.eu-west-1.amazonaws.com\/static\/2022\/08\/05094725\/http___repsolmedia.com_repsolmedia_wp-content_uploads_2022_05_http___repsolmedia.com_repsolmedia_wp-content_uploads_2022_04_JRB0955-scaled-1.jpg\" srcset=\"https:\/\/bxrepsol.s3.eu-west-1.amazonaws.com\/static\/2022\/08\/05094725\/http___repsolmedia.com_repsolmedia_wp-content_uploads_2022_05_http___repsolmedia.com_repsolmedia_wp-content_uploads_2022_04_JRB0955-scaled-1.jpg 2560w, https:\/\/bxrepsol.s3.eu-west-1.amazonaws.com\/static\/2022\/08\/05094725\/http___repsolmedia.com_repsolmedia_wp-content_uploads_2022_05_http___repsolmedia.com_repsolmedia_wp-content_uploads_2022_04_JRB0955-scaled-1.jpg 1280w, https:\/\/bxrepsol.s3.eu-west-1.amazonaws.com\/static\/2022\/08\/05094725\/http___repsolmedia.com_repsolmedia_wp-content_uploads_2022_05_http___repsolmedia.com_repsolmedia_wp-content_uploads_2022_04_JRB0955-scaled-1.jpg 900w, https:\/\/bxrepsol.s3.eu-west-1.amazonaws.com\/static\/2022\/08\/05094725\/http___repsolmedia.com_repsolmedia_wp-content_uploads_2022_05_http___repsolmedia.com_repsolmedia_wp-content_uploads_2022_04_JRB0955-scaled-1.jpg 600w, https:\/\/bxrepsol.s3.eu-west-1.amazonaws.com\/static\/2022\/08\/05094725\/http___repsolmedia.com_repsolmedia_wp-content_uploads_2022_05_http___repsolmedia.com_repsolmedia_wp-content_uploads_2022_04_JRB0955-scaled-1.jpg 480w, https:\/\/bxrepsol.s3.eu-west-1.amazonaws.com\/static\/2022\/08\/05094725\/http___repsolmedia.com_repsolmedia_wp-content_uploads_2022_05_http___repsolmedia.com_repsolmedia_wp-content_uploads_2022_04_JRB0955-scaled-1.jpg 32w\" title=\"http___repsolmedia.com_repsolmedia_wp-content_uploads_2022_05_http___repsolmedia.com_repsolmedia_wp-content_uploads_2022_04_JRB0955-scaled-1\" alt=\"\" data-title=\"\"><br \/>\n<\/a><br \/>\n<a href=\"https:\/\/bxrepsol.s3.eu-west-1.amazonaws.com\/static\/2022\/08\/05094727\/http___repsolmedia.com_repsolmedia_wp-content_uploads_2022_05_http___repsolmedia.com_repsolmedia_wp-content_uploads_2022_04_JRB4143-scaled-1.jpg\" data-index=\"2\"><br \/>\n<img decoding=\"async\" src=\"https:\/\/bxrepsol.s3.eu-west-1.amazonaws.com\/static\/2022\/08\/05094727\/http___repsolmedia.com_repsolmedia_wp-content_uploads_2022_05_http___repsolmedia.com_repsolmedia_wp-content_uploads_2022_04_JRB4143-scaled-1.jpg\" srcset=\"https:\/\/bxrepsol.s3.eu-west-1.amazonaws.com\/static\/2022\/08\/05094727\/http___repsolmedia.com_repsolmedia_wp-content_uploads_2022_05_http___repsolmedia.com_repsolmedia_wp-content_uploads_2022_04_JRB4143-scaled-1.jpg 2560w, https:\/\/bxrepsol.s3.eu-west-1.amazonaws.com\/static\/2022\/08\/05094727\/http___repsolmedia.com_repsolmedia_wp-content_uploads_2022_05_http___repsolmedia.com_repsolmedia_wp-content_uploads_2022_04_JRB4143-scaled-1.jpg 1280w, https:\/\/bxrepsol.s3.eu-west-1.amazonaws.com\/static\/2022\/08\/05094727\/http___repsolmedia.com_repsolmedia_wp-content_uploads_2022_05_http___repsolmedia.com_repsolmedia_wp-content_uploads_2022_04_JRB4143-scaled-1.jpg 900w, https:\/\/bxrepsol.s3.eu-west-1.amazonaws.com\/static\/2022\/08\/05094727\/http___repsolmedia.com_repsolmedia_wp-content_uploads_2022_05_http___repsolmedia.com_repsolmedia_wp-content_uploads_2022_04_JRB4143-scaled-1.jpg 600w, https:\/\/bxrepsol.s3.eu-west-1.amazonaws.com\/static\/2022\/08\/05094727\/http___repsolmedia.com_repsolmedia_wp-content_uploads_2022_05_http___repsolmedia.com_repsolmedia_wp-content_uploads_2022_04_JRB4143-scaled-1.jpg 480w, https:\/\/bxrepsol.s3.eu-west-1.amazonaws.com\/static\/2022\/08\/05094727\/http___repsolmedia.com_repsolmedia_wp-content_uploads_2022_05_http___repsolmedia.com_repsolmedia_wp-content_uploads_2022_04_JRB4143-scaled-1.jpg 32w\" title=\"http___repsolmedia.com_repsolmedia_wp-content_uploads_2022_05_http___repsolmedia.com_repsolmedia_wp-content_uploads_2022_04_JRB4143-scaled-1\" alt=\"\" data-title=\"\"><br \/>\n<\/a><br \/>\n<a href=\"https:\/\/bxrepsol.s3.eu-west-1.amazonaws.com\/static\/2022\/08\/05094730\/http___repsolmedia.com_repsolmedia_wp-content_uploads_2022_05_http___repsolmedia.com_repsolmedia_wp-content_uploads_2022_04_JRB4546-scaled-1.jpg\" data-index=\"3\"><br \/>\n<img decoding=\"async\" src=\"https:\/\/bxrepsol.s3.eu-west-1.amazonaws.com\/static\/2022\/08\/05094730\/http___repsolmedia.com_repsolmedia_wp-content_uploads_2022_05_http___repsolmedia.com_repsolmedia_wp-content_uploads_2022_04_JRB4546-scaled-1.jpg\" srcset=\"https:\/\/bxrepsol.s3.eu-west-1.amazonaws.com\/static\/2022\/08\/05094730\/http___repsolmedia.com_repsolmedia_wp-content_uploads_2022_05_http___repsolmedia.com_repsolmedia_wp-content_uploads_2022_04_JRB4546-scaled-1.jpg 2560w, https:\/\/bxrepsol.s3.eu-west-1.amazonaws.com\/static\/2022\/08\/05094730\/http___repsolmedia.com_repsolmedia_wp-content_uploads_2022_05_http___repsolmedia.com_repsolmedia_wp-content_uploads_2022_04_JRB4546-scaled-1.jpg 1280w, https:\/\/bxrepsol.s3.eu-west-1.amazonaws.com\/static\/2022\/08\/05094730\/http___repsolmedia.com_repsolmedia_wp-content_uploads_2022_05_http___repsolmedia.com_repsolmedia_wp-content_uploads_2022_04_JRB4546-scaled-1.jpg 900w, https:\/\/bxrepsol.s3.eu-west-1.amazonaws.com\/static\/2022\/08\/05094730\/http___repsolmedia.com_repsolmedia_wp-content_uploads_2022_05_http___repsolmedia.com_repsolmedia_wp-content_uploads_2022_04_JRB4546-scaled-1.jpg 600w, https:\/\/bxrepsol.s3.eu-west-1.amazonaws.com\/static\/2022\/08\/05094730\/http___repsolmedia.com_repsolmedia_wp-content_uploads_2022_05_http___repsolmedia.com_repsolmedia_wp-content_uploads_2022_04_JRB4546-scaled-1.jpg 480w, https:\/\/bxrepsol.s3.eu-west-1.amazonaws.com\/static\/2022\/08\/05094730\/http___repsolmedia.com_repsolmedia_wp-content_uploads_2022_05_http___repsolmedia.com_repsolmedia_wp-content_uploads_2022_04_JRB4546-scaled-1.jpg 32w\" title=\"http___repsolmedia.com_repsolmedia_wp-content_uploads_2022_05_http___repsolmedia.com_repsolmedia_wp-content_uploads_2022_04_JRB4546-scaled-1\" alt=\"\" data-title=\"\"><br \/>\n<\/a><br \/>\n<a href=\"https:\/\/bxrepsol.s3.eu-west-1.amazonaws.com\/static\/2022\/08\/05094733\/http___repsolmedia.com_repsolmedia_wp-content_uploads_2022_05_http___repsolmedia.com_repsolmedia_wp-content_uploads_2022_04_JRB8188-scaled-1.jpg\" data-index=\"4\"><br \/>\n<img decoding=\"async\" src=\"https:\/\/bxrepsol.s3.eu-west-1.amazonaws.com\/static\/2022\/08\/05094733\/http___repsolmedia.com_repsolmedia_wp-content_uploads_2022_05_http___repsolmedia.com_repsolmedia_wp-content_uploads_2022_04_JRB8188-scaled-1.jpg\" srcset=\"https:\/\/bxrepsol.s3.eu-west-1.amazonaws.com\/static\/2022\/08\/05094733\/http___repsolmedia.com_repsolmedia_wp-content_uploads_2022_05_http___repsolmedia.com_repsolmedia_wp-content_uploads_2022_04_JRB8188-scaled-1.jpg 2560w, https:\/\/bxrepsol.s3.eu-west-1.amazonaws.com\/static\/2022\/08\/05094733\/http___repsolmedia.com_repsolmedia_wp-content_uploads_2022_05_http___repsolmedia.com_repsolmedia_wp-content_uploads_2022_04_JRB8188-scaled-1.jpg 1280w, https:\/\/bxrepsol.s3.eu-west-1.amazonaws.com\/static\/2022\/08\/05094733\/http___repsolmedia.com_repsolmedia_wp-content_uploads_2022_05_http___repsolmedia.com_repsolmedia_wp-content_uploads_2022_04_JRB8188-scaled-1.jpg 900w, https:\/\/bxrepsol.s3.eu-west-1.amazonaws.com\/static\/2022\/08\/05094733\/http___repsolmedia.com_repsolmedia_wp-content_uploads_2022_05_http___repsolmedia.com_repsolmedia_wp-content_uploads_2022_04_JRB8188-scaled-1.jpg 600w, https:\/\/bxrepsol.s3.eu-west-1.amazonaws.com\/static\/2022\/08\/05094733\/http___repsolmedia.com_repsolmedia_wp-content_uploads_2022_05_http___repsolmedia.com_repsolmedia_wp-content_uploads_2022_04_JRB8188-scaled-1.jpg 480w, https:\/\/bxrepsol.s3.eu-west-1.amazonaws.com\/static\/2022\/08\/05094733\/http___repsolmedia.com_repsolmedia_wp-content_uploads_2022_05_http___repsolmedia.com_repsolmedia_wp-content_uploads_2022_04_JRB8188-scaled-1.jpg 32w\" title=\"http___repsolmedia.com_repsolmedia_wp-content_uploads_2022_05_http___repsolmedia.com_repsolmedia_wp-content_uploads_2022_04_JRB8188-scaled-1\" alt=\"\" data-title=\"\"><br \/>\n<\/a><br \/>\n<button data-glide-dir=\"<\"><br \/>\n<svg role=\"img\" viewBox=\"0 0 256 512\">\n                <path fill=\"currentColor\" d=\"M238.475 475.535l7.071-7.07c4.686-4.686 4.686-12.284 0-16.971L50.053 256 245.546 60.506c4.686-4.686 4.686-12.284 0-16.971l-7.071-7.07c-4.686-4.686-12.284-4.686-16.97 0L10.454 247.515c-4.686 4.686-4.686 12.284 0 16.971l211.051 211.05c4.686 4.686 12.284 4.686 16.97-.001z\"><\/path>\n            <\/svg><br \/>\n<\/button><br \/>\n<button data-glide-dir=\">\u00ab><br \/>\n<svg role=\"img\" viewBox=\"0 0 256 512\">\n                <path fill=\"currentColor\" d=\"M17.525 36.465l-7.071 7.07c-4.686 4.686-4.686 12.284 0 16.971L205.947 256 10.454 451.494c-4.686 4.686-4.686 12.284 0 16.971l7.071 7.07c4.686 4.686 12.284 4.686 16.97 0l211.051-211.05c4.686-4.686 4.686-12.284 0-16.971L34.495 36.465c-4.686-4.687-12.284-4.687-16.97 0z\"><\/path>\n            <\/svg><br \/>\n<\/button><\/p>\n<h3>Declaraciones de los pilotos<\/h3>\n<p><a href=\"https:\/\/twitter.com\/hashtag\/MM93?src=hashtag_click\">#MM93<\/a><\/p>\n<p>\u00abEn general, el fin de semana de Jerez fue bueno al incluir el test porque pudimos aprender mucho. Ahora llegamos a Francia para ver qu\u00e9 es posible. Lo importante es seguir construyendo, seguir mejorando y seguir recortando la distancia con los de delante. En Jerez hicimos progresos y ahora hay que seguir adelante, sobre todo despu\u00e9s del test es importante ver c\u00f3mo est\u00e1 todo. He tenido algunas buenas carreras en Le Mans y otras m\u00e1s complicadas, puede depender mucho de las condiciones meteorol\u00f3gicas, pero pintan bien para este fin de semana\u00bb.<\/p>\n<p><a href=\"https:\/\/twitter.com\/hashtag\/POL44?src=hashtag_click\">#POL44<\/a><\/p>\n<p>\u00abEl a\u00f1o pasado creo que Le Mans fue uno de los primeros fines de semana en los que realmente pudimos empezar a mostrar nuestro potencial. S\u00e9 que tanto yo como la moto hemos mejorado desde entonces, as\u00ed que estoy deseando volver y poner en pr\u00e1ctica lo que hemos descubierto durante el test. He tenido algunas buenas carreras en Le Mans, las condiciones de fr\u00edo y los altos niveles de agarre se adaptan mucho a mi estilo de conducci\u00f3n. MotoGP est\u00e1 muy re\u00f1ido en estos momentos, as\u00ed que no podemos confiar en el pasado, independientemente de que tengamos que trabajar bien desde el principio del fin de semana; tendremos que clasificarnos bien y luchar duro durante la carrera\u00bb.<\/p>\n","protected":false},"excerpt":{"rendered":"<p>Los pilotos del equipo Repsol Honda afrontan la carrera de Le Mans con el objetivo de mejorar sus \u00faltimos resultados en carrera.<\/p>\n","protected":false},"author":43146,"featured_media":45949,"comment_status":"open","ping_status":"open","sticky":false,"template":"","format":"standard","meta":{"footnotes":""},"categories":[4],"tags":[120,6,121,128],"class_list":["post-95340","post","type-post","status-publish","format-standard","hentry","category-motogp","tag-120","tag-marc-marquez","tag-motogp-francia","tag-pol-espargaro"],"yoast_head":"<!-- This site is optimized with the Yoast SEO plugin v27.3 - https:\/\/yoast.com\/product\/yoast-seo-wordpress\/ -->\n<title>Francia, pr\u00f3ximo reto de Marc M\u00e1rquez y Pol Espargar\u00f3 - Box Repsol<\/title>\n<meta name=\"description\" content=\"Acompa\u00f1a a los pilotos del equipo Repsol Honda, Marc M\u00e1rquez y Pol Espargar\u00f3, mientras se preparan para enfrentar el circuito de Francia.\" \/>\n<link rel=\"canonical\" href=\"https:\/\/www.boxrepsol.com\/es\/motogp\/francia-proximo-reto-de-marc-marquez-y-pol-espargaro\/\" \/>\n<meta property=\"og:locale\" content=\"es_ES\" \/>\n<meta property=\"og:type\" content=\"article\" \/>\n<meta property=\"og:title\" content=\"Francia, pr\u00f3ximo reto de Marc M\u00e1rquez y Pol Espargar\u00f3 - Box Repsol\" \/>\n<meta property=\"og:description\" content=\"Acompa\u00f1a a los pilotos del equipo Repsol Honda, Marc M\u00e1rquez y Pol Espargar\u00f3, mientras se preparan para enfrentar el circuito de Francia.\" \/>\n<meta property=\"og:url\" content=\"https:\/\/www.boxrepsol.com\/es\/motogp\/francia-proximo-reto-de-marc-marquez-y-pol-espargaro\/\" \/>\n<meta property=\"og:site_name\" content=\"Box Repsol\" \/>\n<meta property=\"article:publisher\" content=\"https:\/\/www.facebook.com\/BoxRepsol\" \/>\n<meta property=\"article:author\" content=\"https:\/\/www.facebook.com\/BoxRepsol\/\" \/>\n<meta property=\"article:published_time\" content=\"2022-05-10T02:00:00+00:00\" \/>\n<meta property=\"article:modified_time\" content=\"2024-04-09T08:58:37+00:00\" \/>\n<meta property=\"og:image\" content=\"https:\/\/bxrepsol.s3.eu-west-1.amazonaws.com\/static\/2022\/08\/10042126\/http___repsolmedia.com_repsolmedia_wp-content_uploads_2022_05_http___repsolmedia.com_repsolmedia_wp-content_uploads_2022_04_JRB6424-scaled-21.jpg\" \/>\n\t<meta property=\"og:image:width\" content=\"1200\" \/>\n\t<meta property=\"og:image:height\" content=\"675\" \/>\n\t<meta property=\"og:image:type\" content=\"image\/jpeg\" \/>\n<meta name=\"author\" content=\"Redacci\u00f3n Box Repsol\" \/>\n<meta name=\"twitter:card\" content=\"summary_large_image\" \/>\n<meta name=\"twitter:creator\" content=\"@https:\/\/twitter.com\/box_repsol\" \/>\n<meta name=\"twitter:site\" content=\"@box_repsol\" \/>\n<meta name=\"twitter:label1\" content=\"Written by\" \/>\n\t<meta name=\"twitter:data1\" content=\"Redacci\u00f3n Box Repsol\" \/>\n\t<meta name=\"twitter:label2\" content=\"Est. reading time\" \/>\n\t<meta name=\"twitter:data2\" content=\"2 minutos\" \/>\n<script type=\"application\/ld+json\" class=\"yoast-schema-graph\">{\"@context\":\"https:\\\/\\\/schema.org\",\"@graph\":[{\"@type\":\"Article\",\"@id\":\"https:\\\/\\\/www.boxrepsol.com\\\/es\\\/motogp\\\/francia-proximo-reto-de-marc-marquez-y-pol-espargaro\\\/#article\",\"isPartOf\":{\"@id\":\"https:\\\/\\\/www.boxrepsol.com\\\/es\\\/motogp\\\/francia-proximo-reto-de-marc-marquez-y-pol-espargaro\\\/\"},\"author\":{\"name\":\"Redacci\u00f3n Box Repsol\",\"@id\":\"https:\\\/\\\/www.boxrepsol.com\\\/es\\\/#\\\/schema\\\/person\\\/c5c2138f2cca251b0ad92b7086bb60b7\"},\"headline\":\"Francia, pr\u00f3ximo reto de Marc M\u00e1rquez y Pol Espargar\u00f3\",\"datePublished\":\"2022-05-10T02:00:00+00:00\",\"dateModified\":\"2024-04-09T08:58:37+00:00\",\"mainEntityOfPage\":{\"@id\":\"https:\\\/\\\/www.boxrepsol.com\\\/es\\\/motogp\\\/francia-proximo-reto-de-marc-marquez-y-pol-espargaro\\\/\"},\"wordCount\":411,\"commentCount\":0,\"publisher\":{\"@id\":\"https:\\\/\\\/www.boxrepsol.com\\\/es\\\/#organization\"},\"image\":{\"@id\":\"https:\\\/\\\/www.boxrepsol.com\\\/es\\\/motogp\\\/francia-proximo-reto-de-marc-marquez-y-pol-espargaro\\\/#primaryimage\"},\"thumbnailUrl\":\"https:\\\/\\\/bxrepsol.s3.eu-west-1.amazonaws.com\\\/static\\\/2022\\\/08\\\/10042126\\\/http___repsolmedia.com_repsolmedia_wp-content_uploads_2022_05_http___repsolmedia.com_repsolmedia_wp-content_uploads_2022_04_JRB6424-scaled-21.jpg\",\"keywords\":[\"2022\",\"Marc M\u00e1rquez\",\"MotoGP Francia\",\"Pol Espargar\u00f3\"],\"articleSection\":[\"MotoGP\"],\"inLanguage\":\"es\",\"potentialAction\":[{\"@type\":\"CommentAction\",\"name\":\"Comment\",\"target\":[\"https:\\\/\\\/www.boxrepsol.com\\\/es\\\/motogp\\\/francia-proximo-reto-de-marc-marquez-y-pol-espargaro\\\/#respond\"]}]},{\"@type\":\"WebPage\",\"@id\":\"https:\\\/\\\/www.boxrepsol.com\\\/es\\\/motogp\\\/francia-proximo-reto-de-marc-marquez-y-pol-espargaro\\\/\",\"url\":\"https:\\\/\\\/www.boxrepsol.com\\\/es\\\/motogp\\\/francia-proximo-reto-de-marc-marquez-y-pol-espargaro\\\/\",\"name\":\"Francia, pr\u00f3ximo reto de Marc M\u00e1rquez y Pol Espargar\u00f3 - Box Repsol\",\"isPartOf\":{\"@id\":\"https:\\\/\\\/www.boxrepsol.com\\\/es\\\/#website\"},\"primaryImageOfPage\":{\"@id\":\"https:\\\/\\\/www.boxrepsol.com\\\/es\\\/motogp\\\/francia-proximo-reto-de-marc-marquez-y-pol-espargaro\\\/#primaryimage\"},\"image\":{\"@id\":\"https:\\\/\\\/www.boxrepsol.com\\\/es\\\/motogp\\\/francia-proximo-reto-de-marc-marquez-y-pol-espargaro\\\/#primaryimage\"},\"thumbnailUrl\":\"https:\\\/\\\/bxrepsol.s3.eu-west-1.amazonaws.com\\\/static\\\/2022\\\/08\\\/10042126\\\/http___repsolmedia.com_repsolmedia_wp-content_uploads_2022_05_http___repsolmedia.com_repsolmedia_wp-content_uploads_2022_04_JRB6424-scaled-21.jpg\",\"datePublished\":\"2022-05-10T02:00:00+00:00\",\"dateModified\":\"2024-04-09T08:58:37+00:00\",\"description\":\"Acompa\u00f1a a los pilotos del equipo Repsol Honda, Marc M\u00e1rquez y Pol Espargar\u00f3, mientras se preparan para enfrentar el circuito de Francia.\",\"breadcrumb\":{\"@id\":\"https:\\\/\\\/www.boxrepsol.com\\\/es\\\/motogp\\\/francia-proximo-reto-de-marc-marquez-y-pol-espargaro\\\/#breadcrumb\"},\"inLanguage\":\"es\",\"potentialAction\":[{\"@type\":\"ReadAction\",\"target\":[\"https:\\\/\\\/www.boxrepsol.com\\\/es\\\/motogp\\\/francia-proximo-reto-de-marc-marquez-y-pol-espargaro\\\/\"]}]},{\"@type\":\"ImageObject\",\"inLanguage\":\"es\",\"@id\":\"https:\\\/\\\/www.boxrepsol.com\\\/es\\\/motogp\\\/francia-proximo-reto-de-marc-marquez-y-pol-espargaro\\\/#primaryimage\",\"url\":\"https:\\\/\\\/bxrepsol.s3.eu-west-1.amazonaws.com\\\/static\\\/2022\\\/08\\\/10042126\\\/http___repsolmedia.com_repsolmedia_wp-content_uploads_2022_05_http___repsolmedia.com_repsolmedia_wp-content_uploads_2022_04_JRB6424-scaled-21.jpg\",\"contentUrl\":\"https:\\\/\\\/bxrepsol.s3.eu-west-1.amazonaws.com\\\/static\\\/2022\\\/08\\\/10042126\\\/http___repsolmedia.com_repsolmedia_wp-content_uploads_2022_05_http___repsolmedia.com_repsolmedia_wp-content_uploads_2022_04_JRB6424-scaled-21.jpg\",\"width\":1200,\"height\":675},{\"@type\":\"BreadcrumbList\",\"@id\":\"https:\\\/\\\/www.boxrepsol.com\\\/es\\\/motogp\\\/francia-proximo-reto-de-marc-marquez-y-pol-espargaro\\\/#breadcrumb\",\"itemListElement\":[{\"@type\":\"ListItem\",\"position\":1,\"name\":\"Home\",\"item\":\"https:\\\/\\\/www.boxrepsol.com\\\/es\\\/\"},{\"@type\":\"ListItem\",\"position\":2,\"name\":\"Francia, pr\u00f3ximo reto de Marc M\u00e1rquez y Pol Espargar\u00f3\"}]},{\"@type\":\"WebSite\",\"@id\":\"https:\\\/\\\/www.boxrepsol.com\\\/es\\\/#website\",\"url\":\"https:\\\/\\\/www.boxrepsol.com\\\/es\\\/\",\"name\":\"Box Repsol\",\"description\":\"Box Repsol Site\",\"publisher\":{\"@id\":\"https:\\\/\\\/www.boxrepsol.com\\\/es\\\/#organization\"},\"potentialAction\":[{\"@type\":\"SearchAction\",\"target\":{\"@type\":\"EntryPoint\",\"urlTemplate\":\"https:\\\/\\\/www.boxrepsol.com\\\/es\\\/?s={search_term_string}\"},\"query-input\":{\"@type\":\"PropertyValueSpecification\",\"valueRequired\":true,\"valueName\":\"search_term_string\"}}],\"inLanguage\":\"es\"},{\"@type\":\"Organization\",\"@id\":\"https:\\\/\\\/www.boxrepsol.com\\\/es\\\/#organization\",\"name\":\"Box Repsol\",\"url\":\"https:\\\/\\\/www.boxrepsol.com\\\/es\\\/\",\"logo\":{\"@type\":\"ImageObject\",\"inLanguage\":\"es\",\"@id\":\"https:\\\/\\\/www.boxrepsol.com\\\/es\\\/#\\\/schema\\\/logo\\\/image\\\/\",\"url\":\"https:\\\/\\\/bxrepsol.s3.eu-west-1.amazonaws.com\\\/static\\\/2025\\\/07\\\/30083337\\\/favicon-96x96-1.png\",\"contentUrl\":\"https:\\\/\\\/bxrepsol.s3.eu-west-1.amazonaws.com\\\/static\\\/2025\\\/07\\\/30083337\\\/favicon-96x96-1.png\",\"width\":96,\"height\":96,\"caption\":\"Box Repsol\"},\"image\":{\"@id\":\"https:\\\/\\\/www.boxrepsol.com\\\/es\\\/#\\\/schema\\\/logo\\\/image\\\/\"},\"sameAs\":[\"https:\\\/\\\/www.facebook.com\\\/BoxRepsol\",\"https:\\\/\\\/x.com\\\/box_repsol\",\"http:\\\/\\\/instagram.com\\\/box_repsol\",\"https:\\\/\\\/www.youtube.com\\\/user\\\/RepsolCompeticion\",\"https:\\\/\\\/www.flickr.com\\\/photos\\\/box_repsol\\\/\"]},{\"@type\":\"Person\",\"@id\":\"https:\\\/\\\/www.boxrepsol.com\\\/es\\\/#\\\/schema\\\/person\\\/c5c2138f2cca251b0ad92b7086bb60b7\",\"name\":\"Redacci\u00f3n Box Repsol\",\"image\":{\"@type\":\"ImageObject\",\"inLanguage\":\"es\",\"@id\":\"https:\\\/\\\/secure.gravatar.com\\\/avatar\\\/adf7b77e38b4419baf32c7e9c21dde01f4e40df611f0978e3006fc4ba0aaab7e?s=96&d=mm&r=g\",\"url\":\"https:\\\/\\\/secure.gravatar.com\\\/avatar\\\/adf7b77e38b4419baf32c7e9c21dde01f4e40df611f0978e3006fc4ba0aaab7e?s=96&d=mm&r=g\",\"contentUrl\":\"https:\\\/\\\/secure.gravatar.com\\\/avatar\\\/adf7b77e38b4419baf32c7e9c21dde01f4e40df611f0978e3006fc4ba0aaab7e?s=96&d=mm&r=g\",\"caption\":\"Redacci\u00f3n Box Repsol\"},\"description\":\"Box Repsol lo forma un equipo de periodistas, community managers, dise\u00f1adores y fot\u00f3grafos con m\u00e1s de 20 a\u00f1os de experiencia en el mundo del motorsport. Hemos vivido el primer mundial de un espa\u00f1ol en la categor\u00eda reina de motociclismo con \u00c1lex Crivill\u00e9, estuvimos en las victorias de Pedrosa y los t\u00edtulos de M\u00e1rquez, acompa\u00f1amos en \u00c1frica a Nani Roma y Marc Coma en sus conquistas del Dakar y hemos vibrado con los t\u00edtulos de Toni Bou en Trial. Adem\u00e1s, en nuestro equipo contamos con expertos en el mundo de las dos y cuatro ruedas tanto de la calle y las carreteras, como de los circuitos. Periodistas que han trabajado en revistas y publicaciones para hacerte llegar desde rutas y consejos de mantenimiento, a curiosidades y trucos de pilotaje.\",\"sameAs\":[\"https:\\\/\\\/www.facebook.com\\\/BoxRepsol\\\/\",\"https:\\\/\\\/www.instagram.com\\\/box_repsol\\\/\",\"https:\\\/\\\/x.com\\\/https:\\\/\\\/twitter.com\\\/box_repsol\",\"https:\\\/\\\/www.youtube.com\\\/@Boxrepsol\"],\"url\":\"https:\\\/\\\/www.boxrepsol.com\\\/es\\\/author\\\/redaccion-box-repsol\\\/\"}]}<\/script>\n<!-- \/ Yoast SEO plugin. -->","yoast_head_json":{"title":"Francia, pr\u00f3ximo reto de Marc M\u00e1rquez y Pol Espargar\u00f3 - Box Repsol","description":"Acompa\u00f1a a los pilotos del equipo Repsol Honda, Marc M\u00e1rquez y Pol Espargar\u00f3, mientras se preparan para enfrentar el circuito de Francia.","canonical":"https:\/\/www.boxrepsol.com\/es\/motogp\/francia-proximo-reto-de-marc-marquez-y-pol-espargaro\/","og_locale":"es_ES","og_type":"article","og_title":"Francia, pr\u00f3ximo reto de Marc M\u00e1rquez y Pol Espargar\u00f3 - Box Repsol","og_description":"Acompa\u00f1a a los pilotos del equipo Repsol Honda, Marc M\u00e1rquez y Pol Espargar\u00f3, mientras se preparan para enfrentar el circuito de Francia.","og_url":"https:\/\/www.boxrepsol.com\/es\/motogp\/francia-proximo-reto-de-marc-marquez-y-pol-espargaro\/","og_site_name":"Box Repsol","article_publisher":"https:\/\/www.facebook.com\/BoxRepsol","article_author":"https:\/\/www.facebook.com\/BoxRepsol\/","article_published_time":"2022-05-10T02:00:00+00:00","article_modified_time":"2024-04-09T08:58:37+00:00","og_image":[{"width":1200,"height":675,"url":"https:\/\/bxrepsol.s3.eu-west-1.amazonaws.com\/static\/2022\/08\/10042126\/http___repsolmedia.com_repsolmedia_wp-content_uploads_2022_05_http___repsolmedia.com_repsolmedia_wp-content_uploads_2022_04_JRB6424-scaled-21.jpg","type":"image\/jpeg"}],"author":"Redacci\u00f3n Box Repsol","twitter_card":"summary_large_image","twitter_creator":"@https:\/\/twitter.com\/box_repsol","twitter_site":"@box_repsol","twitter_misc":{"Written by":"Redacci\u00f3n Box Repsol","Est. reading time":"2 minutos"},"schema":{"@context":"https:\/\/schema.org","@graph":[{"@type":"Article","@id":"https:\/\/www.boxrepsol.com\/es\/motogp\/francia-proximo-reto-de-marc-marquez-y-pol-espargaro\/#article","isPartOf":{"@id":"https:\/\/www.boxrepsol.com\/es\/motogp\/francia-proximo-reto-de-marc-marquez-y-pol-espargaro\/"},"author":{"name":"Redacci\u00f3n Box Repsol","@id":"https:\/\/www.boxrepsol.com\/es\/#\/schema\/person\/c5c2138f2cca251b0ad92b7086bb60b7"},"headline":"Francia, pr\u00f3ximo reto de Marc M\u00e1rquez y Pol Espargar\u00f3","datePublished":"2022-05-10T02:00:00+00:00","dateModified":"2024-04-09T08:58:37+00:00","mainEntityOfPage":{"@id":"https:\/\/www.boxrepsol.com\/es\/motogp\/francia-proximo-reto-de-marc-marquez-y-pol-espargaro\/"},"wordCount":411,"commentCount":0,"publisher":{"@id":"https:\/\/www.boxrepsol.com\/es\/#organization"},"image":{"@id":"https:\/\/www.boxrepsol.com\/es\/motogp\/francia-proximo-reto-de-marc-marquez-y-pol-espargaro\/#primaryimage"},"thumbnailUrl":"https:\/\/bxrepsol.s3.eu-west-1.amazonaws.com\/static\/2022\/08\/10042126\/http___repsolmedia.com_repsolmedia_wp-content_uploads_2022_05_http___repsolmedia.com_repsolmedia_wp-content_uploads_2022_04_JRB6424-scaled-21.jpg","keywords":["2022","Marc M\u00e1rquez","MotoGP Francia","Pol Espargar\u00f3"],"articleSection":["MotoGP"],"inLanguage":"es","potentialAction":[{"@type":"CommentAction","name":"Comment","target":["https:\/\/www.boxrepsol.com\/es\/motogp\/francia-proximo-reto-de-marc-marquez-y-pol-espargaro\/#respond"]}]},{"@type":"WebPage","@id":"https:\/\/www.boxrepsol.com\/es\/motogp\/francia-proximo-reto-de-marc-marquez-y-pol-espargaro\/","url":"https:\/\/www.boxrepsol.com\/es\/motogp\/francia-proximo-reto-de-marc-marquez-y-pol-espargaro\/","name":"Francia, pr\u00f3ximo reto de Marc M\u00e1rquez y Pol Espargar\u00f3 - Box Repsol","isPartOf":{"@id":"https:\/\/www.boxrepsol.com\/es\/#website"},"primaryImageOfPage":{"@id":"https:\/\/www.boxrepsol.com\/es\/motogp\/francia-proximo-reto-de-marc-marquez-y-pol-espargaro\/#primaryimage"},"image":{"@id":"https:\/\/www.boxrepsol.com\/es\/motogp\/francia-proximo-reto-de-marc-marquez-y-pol-espargaro\/#primaryimage"},"thumbnailUrl":"https:\/\/bxrepsol.s3.eu-west-1.amazonaws.com\/static\/2022\/08\/10042126\/http___repsolmedia.com_repsolmedia_wp-content_uploads_2022_05_http___repsolmedia.com_repsolmedia_wp-content_uploads_2022_04_JRB6424-scaled-21.jpg","datePublished":"2022-05-10T02:00:00+00:00","dateModified":"2024-04-09T08:58:37+00:00","description":"Acompa\u00f1a a los pilotos del equipo Repsol Honda, Marc M\u00e1rquez y Pol Espargar\u00f3, mientras se preparan para enfrentar el circuito de Francia.","breadcrumb":{"@id":"https:\/\/www.boxrepsol.com\/es\/motogp\/francia-proximo-reto-de-marc-marquez-y-pol-espargaro\/#breadcrumb"},"inLanguage":"es","potentialAction":[{"@type":"ReadAction","target":["https:\/\/www.boxrepsol.com\/es\/motogp\/francia-proximo-reto-de-marc-marquez-y-pol-espargaro\/"]}]},{"@type":"ImageObject","inLanguage":"es","@id":"https:\/\/www.boxrepsol.com\/es\/motogp\/francia-proximo-reto-de-marc-marquez-y-pol-espargaro\/#primaryimage","url":"https:\/\/bxrepsol.s3.eu-west-1.amazonaws.com\/static\/2022\/08\/10042126\/http___repsolmedia.com_repsolmedia_wp-content_uploads_2022_05_http___repsolmedia.com_repsolmedia_wp-content_uploads_2022_04_JRB6424-scaled-21.jpg","contentUrl":"https:\/\/bxrepsol.s3.eu-west-1.amazonaws.com\/static\/2022\/08\/10042126\/http___repsolmedia.com_repsolmedia_wp-content_uploads_2022_05_http___repsolmedia.com_repsolmedia_wp-content_uploads_2022_04_JRB6424-scaled-21.jpg","width":1200,"height":675},{"@type":"BreadcrumbList","@id":"https:\/\/www.boxrepsol.com\/es\/motogp\/francia-proximo-reto-de-marc-marquez-y-pol-espargaro\/#breadcrumb","itemListElement":[{"@type":"ListItem","position":1,"name":"Home","item":"https:\/\/www.boxrepsol.com\/es\/"},{"@type":"ListItem","position":2,"name":"Francia, pr\u00f3ximo reto de Marc M\u00e1rquez y Pol Espargar\u00f3"}]},{"@type":"WebSite","@id":"https:\/\/www.boxrepsol.com\/es\/#website","url":"https:\/\/www.boxrepsol.com\/es\/","name":"Box Repsol","description":"Box Repsol Site","publisher":{"@id":"https:\/\/www.boxrepsol.com\/es\/#organization"},"potentialAction":[{"@type":"SearchAction","target":{"@type":"EntryPoint","urlTemplate":"https:\/\/www.boxrepsol.com\/es\/?s={search_term_string}"},"query-input":{"@type":"PropertyValueSpecification","valueRequired":true,"valueName":"search_term_string"}}],"inLanguage":"es"},{"@type":"Organization","@id":"https:\/\/www.boxrepsol.com\/es\/#organization","name":"Box Repsol","url":"https:\/\/www.boxrepsol.com\/es\/","logo":{"@type":"ImageObject","inLanguage":"es","@id":"https:\/\/www.boxrepsol.com\/es\/#\/schema\/logo\/image\/","url":"https:\/\/bxrepsol.s3.eu-west-1.amazonaws.com\/static\/2025\/07\/30083337\/favicon-96x96-1.png","contentUrl":"https:\/\/bxrepsol.s3.eu-west-1.amazonaws.com\/static\/2025\/07\/30083337\/favicon-96x96-1.png","width":96,"height":96,"caption":"Box Repsol"},"image":{"@id":"https:\/\/www.boxrepsol.com\/es\/#\/schema\/logo\/image\/"},"sameAs":["https:\/\/www.facebook.com\/BoxRepsol","https:\/\/x.com\/box_repsol","http:\/\/instagram.com\/box_repsol","https:\/\/www.youtube.com\/user\/RepsolCompeticion","https:\/\/www.flickr.com\/photos\/box_repsol\/"]},{"@type":"Person","@id":"https:\/\/www.boxrepsol.com\/es\/#\/schema\/person\/c5c2138f2cca251b0ad92b7086bb60b7","name":"Redacci\u00f3n Box Repsol","image":{"@type":"ImageObject","inLanguage":"es","@id":"https:\/\/secure.gravatar.com\/avatar\/adf7b77e38b4419baf32c7e9c21dde01f4e40df611f0978e3006fc4ba0aaab7e?s=96&d=mm&r=g","url":"https:\/\/secure.gravatar.com\/avatar\/adf7b77e38b4419baf32c7e9c21dde01f4e40df611f0978e3006fc4ba0aaab7e?s=96&d=mm&r=g","contentUrl":"https:\/\/secure.gravatar.com\/avatar\/adf7b77e38b4419baf32c7e9c21dde01f4e40df611f0978e3006fc4ba0aaab7e?s=96&d=mm&r=g","caption":"Redacci\u00f3n Box Repsol"},"description":"Box Repsol lo forma un equipo de periodistas, community managers, dise\u00f1adores y fot\u00f3grafos con m\u00e1s de 20 a\u00f1os de experiencia en el mundo del motorsport. Hemos vivido el primer mundial de un espa\u00f1ol en la categor\u00eda reina de motociclismo con \u00c1lex Crivill\u00e9, estuvimos en las victorias de Pedrosa y los t\u00edtulos de M\u00e1rquez, acompa\u00f1amos en \u00c1frica a Nani Roma y Marc Coma en sus conquistas del Dakar y hemos vibrado con los t\u00edtulos de Toni Bou en Trial. Adem\u00e1s, en nuestro equipo contamos con expertos en el mundo de las dos y cuatro ruedas tanto de la calle y las carreteras, como de los circuitos. Periodistas que han trabajado en revistas y publicaciones para hacerte llegar desde rutas y consejos de mantenimiento, a curiosidades y trucos de pilotaje.","sameAs":["https:\/\/www.facebook.com\/BoxRepsol\/","https:\/\/www.instagram.com\/box_repsol\/","https:\/\/x.com\/https:\/\/twitter.com\/box_repsol","https:\/\/www.youtube.com\/@Boxrepsol"],"url":"https:\/\/www.boxrepsol.com\/es\/author\/redaccion-box-repsol\/"}]}},"_links":{"self":[{"href":"https:\/\/www.boxrepsol.com\/es\/wp-json\/wp\/v2\/posts\/95340","targetHints":{"allow":["GET"]}}],"collection":[{"href":"https:\/\/www.boxrepsol.com\/es\/wp-json\/wp\/v2\/posts"}],"about":[{"href":"https:\/\/www.boxrepsol.com\/es\/wp-json\/wp\/v2\/types\/post"}],"author":[{"embeddable":true,"href":"https:\/\/www.boxrepsol.com\/es\/wp-json\/wp\/v2\/users\/43146"}],"replies":[{"embeddable":true,"href":"https:\/\/www.boxrepsol.com\/es\/wp-json\/wp\/v2\/comments?post=95340"}],"version-history":[{"count":2,"href":"https:\/\/www.boxrepsol.com\/es\/wp-json\/wp\/v2\/posts\/95340\/revisions"}],"predecessor-version":[{"id":109215,"href":"https:\/\/www.boxrepsol.com\/es\/wp-json\/wp\/v2\/posts\/95340\/revisions\/109215"}],"wp:featuredmedia":[{"embeddable":true,"href":"https:\/\/www.boxrepsol.com\/es\/wp-json\/wp\/v2\/media\/45949"}],"wp:attachment":[{"href":"https:\/\/www.boxrepsol.com\/es\/wp-json\/wp\/v2\/media?parent=95340"}],"wp:term":[{"taxonomy":"category","embeddable":true,"href":"https:\/\/www.boxrepsol.com\/es\/wp-json\/wp\/v2\/categories?post=95340"},{"taxonomy":"post_tag","embeddable":true,"href":"https:\/\/www.boxrepsol.com\/es\/wp-json\/wp\/v2\/tags?post=95340"}],"curies":[{"name":"wp","href":"https:\/\/api.w.org\/{rel}","templated":true}]}}