{"id":95321,"date":"2022-04-24T00:00:00","date_gmt":"2022-04-24T02:00:00","guid":{"rendered":"http:\/\/pre.boxrepsol.com\/sin-categorizar\/marc-marquez-pol-espargaro-finalizan-los-diez-primeros-gran-premio-portugal\/"},"modified":"2024-04-09T07:02:12","modified_gmt":"2024-04-09T09:02:12","slug":"marc-marquez-pol-espargaro-finalizan-los-diez-primeros-gran-premio-portugal","status":"publish","type":"post","link":"https:\/\/www.boxrepsol.com\/es\/motogp\/marc-marquez-pol-espargaro-finalizan-los-diez-primeros-gran-premio-portugal\/","title":{"rendered":"Marc M\u00e1rquez y Pol Espargar\u00f3 finalizan entre los diez primeros en el Gran Premio de Portugal"},"content":{"rendered":"<p>En una carrera con el asfalto seco &#8211; por primera vez en todo el fin de semana &#8211; y bajo unas nubes amenazantes, <strong>Marc M\u00e1rquez<\/strong> y <strong>Pol Espargar\u00f3<\/strong> han terminado un complicado fin de semana en el top 10.<\/p>\n<p><strong>M\u00e1rquez,<\/strong> que ha cedido dos posiciones en la salida, ha finalizado sexto tras salir victorioso de la lucha con su compa\u00f1ero de equipo primero, y con su hermano \u00c1lex, m\u00e1s tarde, con el que han protagonizado varios adelantamientos hasta la \u00faltima vuelta.<\/p>\n<p><strong>Espargar\u00f3<\/strong> ha protagonizado una buena salida, superando un rival y coloc\u00e1ndose tambi\u00e9n por delante de Marc. Tras una bonita pugna con su compa\u00f1ero de equipo, Pol no ha logrado seguir su estela y un toque final con Bagnaia le he hecho perder una posici\u00f3n y cruzar la l\u00ednea de meta en novena plaza.<\/p>\n<p>Despu\u00e9s de las cinco primeras carreras de la temporada, Marc M\u00e1rquez es und\u00e9cimo y Pol Espargar\u00f3, duod\u00e9cimo en la clasificaci\u00f3n general del Mundial, que aterrizar\u00e1 esta pr\u00f3xima semana en el Circuito de Jerez &#8211; \u00c1ngel Nieto para la celebraci\u00f3n del <strong>Gran Premio de Espa\u00f1a.<\/strong><\/p>\n<h3>Declaraciones de los pilotos<\/h3>\n<p><a href=\"https:\/\/twitter.com\/hashtag\/MM93?src=hashtag_click\">#MM93<\/a><\/p>\n<p>\u00abNo es el resultado por el que queremos luchar, pero hoy no ten\u00edamos buenas sensaciones. Ya en el warm up no me sent\u00eda como quer\u00eda y hemos hecho un peque\u00f1o cambio que nos ha ayudado un poco, pero la velocidad de nuestros rivales era superior a la nuestra. He luchado con Pol al inicio de la carrera y luego con \u00c1lex en la segunda mitad, as\u00ed que ha sido una batalla entre pilotos de Honda. Hemos logrado salir victoriosos de esta batalla, pero es cierto que no es donde queremos estar. Tenemos que ser m\u00e1s r\u00e1pidos en Jerez y terminar m\u00e1s cerca de los l\u00edderes\u00bb.<\/p>\n<p><a href=\"https:\/\/twitter.com\/hashtag\/POL44?src=hashtag_click\">#POL44<\/a><\/p>\n<p>\u00abNo estamos satisfechos de c\u00f3mo ha ido la carrera; hoy no ten\u00edamos ritmo. Ahora toca entender por qu\u00e9 esta situaci\u00f3n sigue ocurriendo, ya que durante la pretemporada \u00e9ramos fuertes. Jerez es un buen sitio para cambiar esta din\u00e1mica y me gusta poder ir ah\u00ed directamente para seguir trabajando. Ya tenemos algunas ideas para cambiar esta situaci\u00f3n ah\u00ed, as\u00ed que espero que las condiciones meteorol\u00f3gicas sean buenas. Debemos seguir trabajando m\u00e1s duro que nuestros rivales para superar estos problemas. Afortunadamente contamos con ingenieros incre\u00edbles en Jap\u00f3n y un gran equipo aqu\u00ed en los circuitos para trabajar juntos\u00bb.<\/p>\n","protected":false},"excerpt":{"rendered":"<p>M\u00e1rquez ha cruzado la l\u00ednea de meta sexto y Espargar\u00f3 lo ha hecho en la novena posici\u00f3n<\/p>\n","protected":false},"author":43146,"featured_media":45803,"comment_status":"open","ping_status":"open","sticky":false,"template":"","format":"standard","meta":{"footnotes":""},"categories":[4],"tags":[120,6,208,128],"class_list":["post-95321","post","type-post","status-publish","format-standard","hentry","category-motogp","tag-120","tag-marc-marquez","tag-motogp-portugal","tag-pol-espargaro"],"yoast_head":"<!-- This site is optimized with the Yoast SEO plugin v27.3 - https:\/\/yoast.com\/product\/yoast-seo-wordpress\/ -->\n<title>Marc M\u00e1rquez y Pol Espargar\u00f3 finalizan entre los diez primeros en el Gran Premio de Portugal - Box Repsol<\/title>\n<meta name=\"description\" content=\"Marc M\u00e1rquez y Pol Espargar\u00f3 finalizan entre los diez primeros en el GP de Portugal: Sigue la actuaci\u00f3n del equipo Repsol Honda.\" \/>\n<link rel=\"canonical\" href=\"https:\/\/www.boxrepsol.com\/es\/motogp\/marc-marquez-pol-espargaro-finalizan-los-diez-primeros-gran-premio-portugal\/\" \/>\n<meta property=\"og:locale\" content=\"es_ES\" \/>\n<meta property=\"og:type\" content=\"article\" \/>\n<meta property=\"og:title\" content=\"Marc M\u00e1rquez y Pol Espargar\u00f3 finalizan entre los diez primeros en el Gran Premio de Portugal - Box Repsol\" \/>\n<meta property=\"og:description\" content=\"Marc M\u00e1rquez y Pol Espargar\u00f3 finalizan entre los diez primeros en el GP de Portugal: Sigue la actuaci\u00f3n del equipo Repsol Honda.\" \/>\n<meta property=\"og:url\" content=\"https:\/\/www.boxrepsol.com\/es\/motogp\/marc-marquez-pol-espargaro-finalizan-los-diez-primeros-gran-premio-portugal\/\" \/>\n<meta property=\"og:site_name\" content=\"Box Repsol\" \/>\n<meta property=\"article:publisher\" content=\"https:\/\/www.facebook.com\/BoxRepsol\" \/>\n<meta property=\"article:author\" content=\"https:\/\/www.facebook.com\/BoxRepsol\/\" \/>\n<meta property=\"article:published_time\" content=\"2022-04-24T02:00:00+00:00\" \/>\n<meta property=\"article:modified_time\" content=\"2024-04-09T09:02:12+00:00\" \/>\n<meta property=\"og:image\" content=\"https:\/\/bxrepsol.s3.eu-west-1.amazonaws.com\/static\/2022\/08\/10041729\/http___repsolmedia.com_repsolmedia_wp-content_uploads_2022_04_JRB4546-scaled-1.jpg\" \/>\n\t<meta property=\"og:image:width\" content=\"1280\" \/>\n\t<meta property=\"og:image:height\" content=\"600\" \/>\n\t<meta property=\"og:image:type\" content=\"image\/jpeg\" \/>\n<meta name=\"author\" content=\"Redacci\u00f3n Box Repsol\" \/>\n<meta name=\"twitter:card\" content=\"summary_large_image\" \/>\n<meta name=\"twitter:creator\" content=\"@https:\/\/twitter.com\/box_repsol\" \/>\n<meta name=\"twitter:site\" content=\"@box_repsol\" \/>\n<meta name=\"twitter:label1\" content=\"Written by\" \/>\n\t<meta name=\"twitter:data1\" content=\"Redacci\u00f3n Box Repsol\" \/>\n\t<meta name=\"twitter:label2\" content=\"Est. reading time\" \/>\n\t<meta name=\"twitter:data2\" content=\"2 minutos\" \/>\n<script type=\"application\/ld+json\" class=\"yoast-schema-graph\">{\"@context\":\"https:\\\/\\\/schema.org\",\"@graph\":[{\"@type\":\"Article\",\"@id\":\"https:\\\/\\\/www.boxrepsol.com\\\/es\\\/motogp\\\/marc-marquez-pol-espargaro-finalizan-los-diez-primeros-gran-premio-portugal\\\/#article\",\"isPartOf\":{\"@id\":\"https:\\\/\\\/www.boxrepsol.com\\\/es\\\/motogp\\\/marc-marquez-pol-espargaro-finalizan-los-diez-primeros-gran-premio-portugal\\\/\"},\"author\":{\"name\":\"Redacci\u00f3n Box Repsol\",\"@id\":\"https:\\\/\\\/www.boxrepsol.com\\\/es\\\/#\\\/schema\\\/person\\\/c5c2138f2cca251b0ad92b7086bb60b7\"},\"headline\":\"Marc M\u00e1rquez y Pol Espargar\u00f3 finalizan entre los diez primeros en el Gran Premio de Portugal\",\"datePublished\":\"2022-04-24T02:00:00+00:00\",\"dateModified\":\"2024-04-09T09:02:12+00:00\",\"mainEntityOfPage\":{\"@id\":\"https:\\\/\\\/www.boxrepsol.com\\\/es\\\/motogp\\\/marc-marquez-pol-espargaro-finalizan-los-diez-primeros-gran-premio-portugal\\\/\"},\"wordCount\":435,\"commentCount\":0,\"publisher\":{\"@id\":\"https:\\\/\\\/www.boxrepsol.com\\\/es\\\/#organization\"},\"image\":{\"@id\":\"https:\\\/\\\/www.boxrepsol.com\\\/es\\\/motogp\\\/marc-marquez-pol-espargaro-finalizan-los-diez-primeros-gran-premio-portugal\\\/#primaryimage\"},\"thumbnailUrl\":\"https:\\\/\\\/bxrepsol.s3.eu-west-1.amazonaws.com\\\/static\\\/2022\\\/08\\\/10041729\\\/http___repsolmedia.com_repsolmedia_wp-content_uploads_2022_04_JRB4546-scaled-1.jpg\",\"keywords\":[\"2022\",\"Marc M\u00e1rquez\",\"MotoGP Portugal\",\"Pol Espargar\u00f3\"],\"articleSection\":[\"MotoGP\"],\"inLanguage\":\"es\",\"potentialAction\":[{\"@type\":\"CommentAction\",\"name\":\"Comment\",\"target\":[\"https:\\\/\\\/www.boxrepsol.com\\\/es\\\/motogp\\\/marc-marquez-pol-espargaro-finalizan-los-diez-primeros-gran-premio-portugal\\\/#respond\"]}]},{\"@type\":\"WebPage\",\"@id\":\"https:\\\/\\\/www.boxrepsol.com\\\/es\\\/motogp\\\/marc-marquez-pol-espargaro-finalizan-los-diez-primeros-gran-premio-portugal\\\/\",\"url\":\"https:\\\/\\\/www.boxrepsol.com\\\/es\\\/motogp\\\/marc-marquez-pol-espargaro-finalizan-los-diez-primeros-gran-premio-portugal\\\/\",\"name\":\"Marc M\u00e1rquez y Pol Espargar\u00f3 finalizan entre los diez primeros en el Gran Premio de Portugal - Box Repsol\",\"isPartOf\":{\"@id\":\"https:\\\/\\\/www.boxrepsol.com\\\/es\\\/#website\"},\"primaryImageOfPage\":{\"@id\":\"https:\\\/\\\/www.boxrepsol.com\\\/es\\\/motogp\\\/marc-marquez-pol-espargaro-finalizan-los-diez-primeros-gran-premio-portugal\\\/#primaryimage\"},\"image\":{\"@id\":\"https:\\\/\\\/www.boxrepsol.com\\\/es\\\/motogp\\\/marc-marquez-pol-espargaro-finalizan-los-diez-primeros-gran-premio-portugal\\\/#primaryimage\"},\"thumbnailUrl\":\"https:\\\/\\\/bxrepsol.s3.eu-west-1.amazonaws.com\\\/static\\\/2022\\\/08\\\/10041729\\\/http___repsolmedia.com_repsolmedia_wp-content_uploads_2022_04_JRB4546-scaled-1.jpg\",\"datePublished\":\"2022-04-24T02:00:00+00:00\",\"dateModified\":\"2024-04-09T09:02:12+00:00\",\"description\":\"Marc M\u00e1rquez y Pol Espargar\u00f3 finalizan entre los diez primeros en el GP de Portugal: Sigue la actuaci\u00f3n del equipo Repsol Honda.\",\"breadcrumb\":{\"@id\":\"https:\\\/\\\/www.boxrepsol.com\\\/es\\\/motogp\\\/marc-marquez-pol-espargaro-finalizan-los-diez-primeros-gran-premio-portugal\\\/#breadcrumb\"},\"inLanguage\":\"es\",\"potentialAction\":[{\"@type\":\"ReadAction\",\"target\":[\"https:\\\/\\\/www.boxrepsol.com\\\/es\\\/motogp\\\/marc-marquez-pol-espargaro-finalizan-los-diez-primeros-gran-premio-portugal\\\/\"]}]},{\"@type\":\"ImageObject\",\"inLanguage\":\"es\",\"@id\":\"https:\\\/\\\/www.boxrepsol.com\\\/es\\\/motogp\\\/marc-marquez-pol-espargaro-finalizan-los-diez-primeros-gran-premio-portugal\\\/#primaryimage\",\"url\":\"https:\\\/\\\/bxrepsol.s3.eu-west-1.amazonaws.com\\\/static\\\/2022\\\/08\\\/10041729\\\/http___repsolmedia.com_repsolmedia_wp-content_uploads_2022_04_JRB4546-scaled-1.jpg\",\"contentUrl\":\"https:\\\/\\\/bxrepsol.s3.eu-west-1.amazonaws.com\\\/static\\\/2022\\\/08\\\/10041729\\\/http___repsolmedia.com_repsolmedia_wp-content_uploads_2022_04_JRB4546-scaled-1.jpg\",\"width\":1280,\"height\":600},{\"@type\":\"BreadcrumbList\",\"@id\":\"https:\\\/\\\/www.boxrepsol.com\\\/es\\\/motogp\\\/marc-marquez-pol-espargaro-finalizan-los-diez-primeros-gran-premio-portugal\\\/#breadcrumb\",\"itemListElement\":[{\"@type\":\"ListItem\",\"position\":1,\"name\":\"Home\",\"item\":\"https:\\\/\\\/www.boxrepsol.com\\\/es\\\/\"},{\"@type\":\"ListItem\",\"position\":2,\"name\":\"Marc M\u00e1rquez y Pol Espargar\u00f3 finalizan entre los diez primeros en el Gran Premio de Portugal\"}]},{\"@type\":\"WebSite\",\"@id\":\"https:\\\/\\\/www.boxrepsol.com\\\/es\\\/#website\",\"url\":\"https:\\\/\\\/www.boxrepsol.com\\\/es\\\/\",\"name\":\"Box Repsol\",\"description\":\"Box Repsol Site\",\"publisher\":{\"@id\":\"https:\\\/\\\/www.boxrepsol.com\\\/es\\\/#organization\"},\"potentialAction\":[{\"@type\":\"SearchAction\",\"target\":{\"@type\":\"EntryPoint\",\"urlTemplate\":\"https:\\\/\\\/www.boxrepsol.com\\\/es\\\/?s={search_term_string}\"},\"query-input\":{\"@type\":\"PropertyValueSpecification\",\"valueRequired\":true,\"valueName\":\"search_term_string\"}}],\"inLanguage\":\"es\"},{\"@type\":\"Organization\",\"@id\":\"https:\\\/\\\/www.boxrepsol.com\\\/es\\\/#organization\",\"name\":\"Box Repsol\",\"url\":\"https:\\\/\\\/www.boxrepsol.com\\\/es\\\/\",\"logo\":{\"@type\":\"ImageObject\",\"inLanguage\":\"es\",\"@id\":\"https:\\\/\\\/www.boxrepsol.com\\\/es\\\/#\\\/schema\\\/logo\\\/image\\\/\",\"url\":\"https:\\\/\\\/bxrepsol.s3.eu-west-1.amazonaws.com\\\/static\\\/2025\\\/07\\\/30083337\\\/favicon-96x96-1.png\",\"contentUrl\":\"https:\\\/\\\/bxrepsol.s3.eu-west-1.amazonaws.com\\\/static\\\/2025\\\/07\\\/30083337\\\/favicon-96x96-1.png\",\"width\":96,\"height\":96,\"caption\":\"Box Repsol\"},\"image\":{\"@id\":\"https:\\\/\\\/www.boxrepsol.com\\\/es\\\/#\\\/schema\\\/logo\\\/image\\\/\"},\"sameAs\":[\"https:\\\/\\\/www.facebook.com\\\/BoxRepsol\",\"https:\\\/\\\/x.com\\\/box_repsol\",\"http:\\\/\\\/instagram.com\\\/box_repsol\",\"https:\\\/\\\/www.youtube.com\\\/user\\\/RepsolCompeticion\",\"https:\\\/\\\/www.flickr.com\\\/photos\\\/box_repsol\\\/\"]},{\"@type\":\"Person\",\"@id\":\"https:\\\/\\\/www.boxrepsol.com\\\/es\\\/#\\\/schema\\\/person\\\/c5c2138f2cca251b0ad92b7086bb60b7\",\"name\":\"Redacci\u00f3n Box Repsol\",\"image\":{\"@type\":\"ImageObject\",\"inLanguage\":\"es\",\"@id\":\"https:\\\/\\\/secure.gravatar.com\\\/avatar\\\/adf7b77e38b4419baf32c7e9c21dde01f4e40df611f0978e3006fc4ba0aaab7e?s=96&d=mm&r=g\",\"url\":\"https:\\\/\\\/secure.gravatar.com\\\/avatar\\\/adf7b77e38b4419baf32c7e9c21dde01f4e40df611f0978e3006fc4ba0aaab7e?s=96&d=mm&r=g\",\"contentUrl\":\"https:\\\/\\\/secure.gravatar.com\\\/avatar\\\/adf7b77e38b4419baf32c7e9c21dde01f4e40df611f0978e3006fc4ba0aaab7e?s=96&d=mm&r=g\",\"caption\":\"Redacci\u00f3n Box Repsol\"},\"description\":\"Box Repsol lo forma un equipo de periodistas, community managers, dise\u00f1adores y fot\u00f3grafos con m\u00e1s de 20 a\u00f1os de experiencia en el mundo del motorsport. Hemos vivido el primer mundial de un espa\u00f1ol en la categor\u00eda reina de motociclismo con \u00c1lex Crivill\u00e9, estuvimos en las victorias de Pedrosa y los t\u00edtulos de M\u00e1rquez, acompa\u00f1amos en \u00c1frica a Nani Roma y Marc Coma en sus conquistas del Dakar y hemos vibrado con los t\u00edtulos de Toni Bou en Trial. Adem\u00e1s, en nuestro equipo contamos con expertos en el mundo de las dos y cuatro ruedas tanto de la calle y las carreteras, como de los circuitos. Periodistas que han trabajado en revistas y publicaciones para hacerte llegar desde rutas y consejos de mantenimiento, a curiosidades y trucos de pilotaje.\",\"sameAs\":[\"https:\\\/\\\/www.facebook.com\\\/BoxRepsol\\\/\",\"https:\\\/\\\/www.instagram.com\\\/box_repsol\\\/\",\"https:\\\/\\\/x.com\\\/https:\\\/\\\/twitter.com\\\/box_repsol\",\"https:\\\/\\\/www.youtube.com\\\/@Boxrepsol\"],\"url\":\"https:\\\/\\\/www.boxrepsol.com\\\/es\\\/author\\\/redaccion-box-repsol\\\/\"}]}<\/script>\n<!-- \/ Yoast SEO plugin. -->","yoast_head_json":{"title":"Marc M\u00e1rquez y Pol Espargar\u00f3 finalizan entre los diez primeros en el Gran Premio de Portugal - Box Repsol","description":"Marc M\u00e1rquez y Pol Espargar\u00f3 finalizan entre los diez primeros en el GP de Portugal: Sigue la actuaci\u00f3n del equipo Repsol Honda.","canonical":"https:\/\/www.boxrepsol.com\/es\/motogp\/marc-marquez-pol-espargaro-finalizan-los-diez-primeros-gran-premio-portugal\/","og_locale":"es_ES","og_type":"article","og_title":"Marc M\u00e1rquez y Pol Espargar\u00f3 finalizan entre los diez primeros en el Gran Premio de Portugal - Box Repsol","og_description":"Marc M\u00e1rquez y Pol Espargar\u00f3 finalizan entre los diez primeros en el GP de Portugal: Sigue la actuaci\u00f3n del equipo Repsol Honda.","og_url":"https:\/\/www.boxrepsol.com\/es\/motogp\/marc-marquez-pol-espargaro-finalizan-los-diez-primeros-gran-premio-portugal\/","og_site_name":"Box Repsol","article_publisher":"https:\/\/www.facebook.com\/BoxRepsol","article_author":"https:\/\/www.facebook.com\/BoxRepsol\/","article_published_time":"2022-04-24T02:00:00+00:00","article_modified_time":"2024-04-09T09:02:12+00:00","og_image":[{"width":1280,"height":600,"url":"https:\/\/bxrepsol.s3.eu-west-1.amazonaws.com\/static\/2022\/08\/10041729\/http___repsolmedia.com_repsolmedia_wp-content_uploads_2022_04_JRB4546-scaled-1.jpg","type":"image\/jpeg"}],"author":"Redacci\u00f3n Box Repsol","twitter_card":"summary_large_image","twitter_creator":"@https:\/\/twitter.com\/box_repsol","twitter_site":"@box_repsol","twitter_misc":{"Written by":"Redacci\u00f3n Box Repsol","Est. reading time":"2 minutos"},"schema":{"@context":"https:\/\/schema.org","@graph":[{"@type":"Article","@id":"https:\/\/www.boxrepsol.com\/es\/motogp\/marc-marquez-pol-espargaro-finalizan-los-diez-primeros-gran-premio-portugal\/#article","isPartOf":{"@id":"https:\/\/www.boxrepsol.com\/es\/motogp\/marc-marquez-pol-espargaro-finalizan-los-diez-primeros-gran-premio-portugal\/"},"author":{"name":"Redacci\u00f3n Box Repsol","@id":"https:\/\/www.boxrepsol.com\/es\/#\/schema\/person\/c5c2138f2cca251b0ad92b7086bb60b7"},"headline":"Marc M\u00e1rquez y Pol Espargar\u00f3 finalizan entre los diez primeros en el Gran Premio de Portugal","datePublished":"2022-04-24T02:00:00+00:00","dateModified":"2024-04-09T09:02:12+00:00","mainEntityOfPage":{"@id":"https:\/\/www.boxrepsol.com\/es\/motogp\/marc-marquez-pol-espargaro-finalizan-los-diez-primeros-gran-premio-portugal\/"},"wordCount":435,"commentCount":0,"publisher":{"@id":"https:\/\/www.boxrepsol.com\/es\/#organization"},"image":{"@id":"https:\/\/www.boxrepsol.com\/es\/motogp\/marc-marquez-pol-espargaro-finalizan-los-diez-primeros-gran-premio-portugal\/#primaryimage"},"thumbnailUrl":"https:\/\/bxrepsol.s3.eu-west-1.amazonaws.com\/static\/2022\/08\/10041729\/http___repsolmedia.com_repsolmedia_wp-content_uploads_2022_04_JRB4546-scaled-1.jpg","keywords":["2022","Marc M\u00e1rquez","MotoGP Portugal","Pol Espargar\u00f3"],"articleSection":["MotoGP"],"inLanguage":"es","potentialAction":[{"@type":"CommentAction","name":"Comment","target":["https:\/\/www.boxrepsol.com\/es\/motogp\/marc-marquez-pol-espargaro-finalizan-los-diez-primeros-gran-premio-portugal\/#respond"]}]},{"@type":"WebPage","@id":"https:\/\/www.boxrepsol.com\/es\/motogp\/marc-marquez-pol-espargaro-finalizan-los-diez-primeros-gran-premio-portugal\/","url":"https:\/\/www.boxrepsol.com\/es\/motogp\/marc-marquez-pol-espargaro-finalizan-los-diez-primeros-gran-premio-portugal\/","name":"Marc M\u00e1rquez y Pol Espargar\u00f3 finalizan entre los diez primeros en el Gran Premio de Portugal - Box Repsol","isPartOf":{"@id":"https:\/\/www.boxrepsol.com\/es\/#website"},"primaryImageOfPage":{"@id":"https:\/\/www.boxrepsol.com\/es\/motogp\/marc-marquez-pol-espargaro-finalizan-los-diez-primeros-gran-premio-portugal\/#primaryimage"},"image":{"@id":"https:\/\/www.boxrepsol.com\/es\/motogp\/marc-marquez-pol-espargaro-finalizan-los-diez-primeros-gran-premio-portugal\/#primaryimage"},"thumbnailUrl":"https:\/\/bxrepsol.s3.eu-west-1.amazonaws.com\/static\/2022\/08\/10041729\/http___repsolmedia.com_repsolmedia_wp-content_uploads_2022_04_JRB4546-scaled-1.jpg","datePublished":"2022-04-24T02:00:00+00:00","dateModified":"2024-04-09T09:02:12+00:00","description":"Marc M\u00e1rquez y Pol Espargar\u00f3 finalizan entre los diez primeros en el GP de Portugal: Sigue la actuaci\u00f3n del equipo Repsol Honda.","breadcrumb":{"@id":"https:\/\/www.boxrepsol.com\/es\/motogp\/marc-marquez-pol-espargaro-finalizan-los-diez-primeros-gran-premio-portugal\/#breadcrumb"},"inLanguage":"es","potentialAction":[{"@type":"ReadAction","target":["https:\/\/www.boxrepsol.com\/es\/motogp\/marc-marquez-pol-espargaro-finalizan-los-diez-primeros-gran-premio-portugal\/"]}]},{"@type":"ImageObject","inLanguage":"es","@id":"https:\/\/www.boxrepsol.com\/es\/motogp\/marc-marquez-pol-espargaro-finalizan-los-diez-primeros-gran-premio-portugal\/#primaryimage","url":"https:\/\/bxrepsol.s3.eu-west-1.amazonaws.com\/static\/2022\/08\/10041729\/http___repsolmedia.com_repsolmedia_wp-content_uploads_2022_04_JRB4546-scaled-1.jpg","contentUrl":"https:\/\/bxrepsol.s3.eu-west-1.amazonaws.com\/static\/2022\/08\/10041729\/http___repsolmedia.com_repsolmedia_wp-content_uploads_2022_04_JRB4546-scaled-1.jpg","width":1280,"height":600},{"@type":"BreadcrumbList","@id":"https:\/\/www.boxrepsol.com\/es\/motogp\/marc-marquez-pol-espargaro-finalizan-los-diez-primeros-gran-premio-portugal\/#breadcrumb","itemListElement":[{"@type":"ListItem","position":1,"name":"Home","item":"https:\/\/www.boxrepsol.com\/es\/"},{"@type":"ListItem","position":2,"name":"Marc M\u00e1rquez y Pol Espargar\u00f3 finalizan entre los diez primeros en el Gran Premio de Portugal"}]},{"@type":"WebSite","@id":"https:\/\/www.boxrepsol.com\/es\/#website","url":"https:\/\/www.boxrepsol.com\/es\/","name":"Box Repsol","description":"Box Repsol Site","publisher":{"@id":"https:\/\/www.boxrepsol.com\/es\/#organization"},"potentialAction":[{"@type":"SearchAction","target":{"@type":"EntryPoint","urlTemplate":"https:\/\/www.boxrepsol.com\/es\/?s={search_term_string}"},"query-input":{"@type":"PropertyValueSpecification","valueRequired":true,"valueName":"search_term_string"}}],"inLanguage":"es"},{"@type":"Organization","@id":"https:\/\/www.boxrepsol.com\/es\/#organization","name":"Box Repsol","url":"https:\/\/www.boxrepsol.com\/es\/","logo":{"@type":"ImageObject","inLanguage":"es","@id":"https:\/\/www.boxrepsol.com\/es\/#\/schema\/logo\/image\/","url":"https:\/\/bxrepsol.s3.eu-west-1.amazonaws.com\/static\/2025\/07\/30083337\/favicon-96x96-1.png","contentUrl":"https:\/\/bxrepsol.s3.eu-west-1.amazonaws.com\/static\/2025\/07\/30083337\/favicon-96x96-1.png","width":96,"height":96,"caption":"Box Repsol"},"image":{"@id":"https:\/\/www.boxrepsol.com\/es\/#\/schema\/logo\/image\/"},"sameAs":["https:\/\/www.facebook.com\/BoxRepsol","https:\/\/x.com\/box_repsol","http:\/\/instagram.com\/box_repsol","https:\/\/www.youtube.com\/user\/RepsolCompeticion","https:\/\/www.flickr.com\/photos\/box_repsol\/"]},{"@type":"Person","@id":"https:\/\/www.boxrepsol.com\/es\/#\/schema\/person\/c5c2138f2cca251b0ad92b7086bb60b7","name":"Redacci\u00f3n Box Repsol","image":{"@type":"ImageObject","inLanguage":"es","@id":"https:\/\/secure.gravatar.com\/avatar\/adf7b77e38b4419baf32c7e9c21dde01f4e40df611f0978e3006fc4ba0aaab7e?s=96&d=mm&r=g","url":"https:\/\/secure.gravatar.com\/avatar\/adf7b77e38b4419baf32c7e9c21dde01f4e40df611f0978e3006fc4ba0aaab7e?s=96&d=mm&r=g","contentUrl":"https:\/\/secure.gravatar.com\/avatar\/adf7b77e38b4419baf32c7e9c21dde01f4e40df611f0978e3006fc4ba0aaab7e?s=96&d=mm&r=g","caption":"Redacci\u00f3n Box Repsol"},"description":"Box Repsol lo forma un equipo de periodistas, community managers, dise\u00f1adores y fot\u00f3grafos con m\u00e1s de 20 a\u00f1os de experiencia en el mundo del motorsport. Hemos vivido el primer mundial de un espa\u00f1ol en la categor\u00eda reina de motociclismo con \u00c1lex Crivill\u00e9, estuvimos en las victorias de Pedrosa y los t\u00edtulos de M\u00e1rquez, acompa\u00f1amos en \u00c1frica a Nani Roma y Marc Coma en sus conquistas del Dakar y hemos vibrado con los t\u00edtulos de Toni Bou en Trial. Adem\u00e1s, en nuestro equipo contamos con expertos en el mundo de las dos y cuatro ruedas tanto de la calle y las carreteras, como de los circuitos. Periodistas que han trabajado en revistas y publicaciones para hacerte llegar desde rutas y consejos de mantenimiento, a curiosidades y trucos de pilotaje.","sameAs":["https:\/\/www.facebook.com\/BoxRepsol\/","https:\/\/www.instagram.com\/box_repsol\/","https:\/\/x.com\/https:\/\/twitter.com\/box_repsol","https:\/\/www.youtube.com\/@Boxrepsol"],"url":"https:\/\/www.boxrepsol.com\/es\/author\/redaccion-box-repsol\/"}]}},"_links":{"self":[{"href":"https:\/\/www.boxrepsol.com\/es\/wp-json\/wp\/v2\/posts\/95321","targetHints":{"allow":["GET"]}}],"collection":[{"href":"https:\/\/www.boxrepsol.com\/es\/wp-json\/wp\/v2\/posts"}],"about":[{"href":"https:\/\/www.boxrepsol.com\/es\/wp-json\/wp\/v2\/types\/post"}],"author":[{"embeddable":true,"href":"https:\/\/www.boxrepsol.com\/es\/wp-json\/wp\/v2\/users\/43146"}],"replies":[{"embeddable":true,"href":"https:\/\/www.boxrepsol.com\/es\/wp-json\/wp\/v2\/comments?post=95321"}],"version-history":[{"count":1,"href":"https:\/\/www.boxrepsol.com\/es\/wp-json\/wp\/v2\/posts\/95321\/revisions"}],"predecessor-version":[{"id":107372,"href":"https:\/\/www.boxrepsol.com\/es\/wp-json\/wp\/v2\/posts\/95321\/revisions\/107372"}],"wp:featuredmedia":[{"embeddable":true,"href":"https:\/\/www.boxrepsol.com\/es\/wp-json\/wp\/v2\/media\/45803"}],"wp:attachment":[{"href":"https:\/\/www.boxrepsol.com\/es\/wp-json\/wp\/v2\/media?parent=95321"}],"wp:term":[{"taxonomy":"category","embeddable":true,"href":"https:\/\/www.boxrepsol.com\/es\/wp-json\/wp\/v2\/categories?post=95321"},{"taxonomy":"post_tag","embeddable":true,"href":"https:\/\/www.boxrepsol.com\/es\/wp-json\/wp\/v2\/tags?post=95321"}],"curies":[{"name":"wp","href":"https:\/\/api.w.org\/{rel}","templated":true}]}}