{"id":95320,"date":"2022-04-23T00:00:00","date_gmt":"2022-04-23T02:00:00","guid":{"rendered":"http:\/\/pre.boxrepsol.com\/sin-categorizar\/marquez-acaricia-la-pole-pero-termina-noveno\/"},"modified":"2024-04-09T07:02:34","modified_gmt":"2024-04-09T09:02:34","slug":"marquez-acaricia-la-pole-pero-termina-noveno","status":"publish","type":"post","link":"https:\/\/www.boxrepsol.com\/es\/motogp\/marquez-acaricia-la-pole-pero-termina-noveno\/","title":{"rendered":"M\u00e1rquez acaricia la pole pero termina noveno"},"content":{"rendered":"<p>Jornada complicada para los pilotos de MotoGP en el <strong>Aut\u00f3dromo Internacional do Algarve.<\/strong> La lluvia ha provocado que la pista estuviese mojada durante la FP3 y la FP4. Pero por la tarde, durante los entrenamientos clasificatorios, ha salido el sol y ha empezado a secar el trazado portugu\u00e9s.<u><\/u><u><\/u><\/p>\n<p>Despu\u00e9s de asegurar su pase directo a la Q2 esta ma\u00f1ana, <strong>Marc M\u00e1rquez<\/strong> ha mostrado un buen pilotaje en unas condiciones mixtas muy complicadas. Una bandera amarilla provocada por la ca\u00edda de su compa\u00f1ero de equipo en el \u00faltimo sector ha provocado que se anulase el tiempo que le otorgaba la pole provisional al piloto del equipo <strong>Repsol Honda,<\/strong> justo cuando quedaban ya unos segundos para el final de la sesi\u00f3n.<u><\/u><u><\/u><\/p>\n<p>Finalmente, <strong>M\u00e1rquez<\/strong> ha registrado un mejor tiempo de 1 minuto 43 segundos y 575 mil\u00e9simas que le permitir\u00e1 salir noveno ma\u00f1ana en el Gran Premio de Portugal.<u><\/u><u><\/u><\/p>\n<p><strong>Pol Espargar\u00f3<\/strong> tambi\u00e9n ha certificado el pase directo a la Q2 durante la primera sesi\u00f3n del d\u00eda. Una vez iniciado el entrenamiento que definir\u00eda la parrilla de salida de ma\u00f1ana, el piloto del equipo <strong>Repsol Honda<\/strong> ha sufrido una ca\u00edda sin consecuencias cuando completaba una de sus vueltas lanzadas.<u><\/u><u><\/u><\/p>\n<p>Esta ca\u00edda ha provocado que Pol no pudiese mejorar su tiempo y con un mejor registro de 1 minuto, 43 segundos y 832 mil\u00e9simas saldr\u00e1 ma\u00f1ana desde la d\u00e9cima posici\u00f3n, cuarta l\u00ednea de la parrilla.<\/p>\n<h3>&nbsp;Declaraciones de los pilotos<\/h3>\n<p><a href=\"https:\/\/twitter.com\/hashtag\/MM93?src=hashtag_click\">#MM93<\/a><\/p>\n<p>\u00abHoy hemos tenido mala suerte con la bandera amarilla, estaba esperando hasta los \u00faltimos momentos para empujar y hacer mi vuelta r\u00e1pida, porque sab\u00eda que la pista seguir\u00eda mejorando. Pero estas cosas pueden pasar, hoy ha afectado a mi tiempo por vuelta pero ma\u00f1ana podr\u00eda afectar a otro piloto. Lo m\u00e1s importante es que la velocidad est\u00e1 ah\u00ed, aunque el resultado no haya sido el mejor y salgamos novenos. No es lo que nos gusta, pero podr\u00eda ser peor. Ma\u00f1ana en el warm up tenemos que ver el nivel y tratar de entender la elecci\u00f3n de los neum\u00e1ticos, la configuraci\u00f3n y algunas otras cosas. Nadie sabe realmente qui\u00e9n es el m\u00e1s r\u00e1pido o qu\u00e9 pasar\u00e1 en seco\u00bb.<\/p>\n<p><a href=\"https:\/\/twitter.com\/hashtag\/POL44?src=hashtag_click\">#POL44<\/a><\/p>\n<p>\u00abHa sido una situaci\u00f3n dif\u00edcil para todos, pero creo que hoy hemos tenido un buen ritmo y que nuestra posici\u00f3n estaba en la segunda fila, quiz\u00e1 la cuarta o la quinta posici\u00f3n. He cometido un error en la \u00faltima curva, he pasado por encima de un parche mojado y he perdido la parte delantera justo al final. Es una pena porque \u00edbamos m\u00e1s r\u00e1pido y las condiciones estaban mejorando, pero entonces he perdido la \u00faltima oportunidad en la que todos los dem\u00e1s pilotos han mejorado. Podr\u00edamos haber estado en la segunda fila ma\u00f1ana. Tengo buenas sensaciones con la moto y ma\u00f1ana por la ma\u00f1ana tenemos la oportunidad de seguir trabajando en ella antes de la carrera\u00bb.<\/p>\n","protected":false},"excerpt":{"rendered":"<p>En una pista complicada con condiciones mixtas, el piloto del equipo Repsol Honda ha logrado el noveno mejor tiempo tras ver cancelada su mejor vuelta por la aparici\u00f3n de banderas amarillas. Una ca\u00edda retrasa a Pol Espargar\u00f3 hasta la d\u00e9cima posici\u00f3n.<\/p>\n","protected":false},"author":43146,"featured_media":45790,"comment_status":"open","ping_status":"open","sticky":false,"template":"","format":"standard","meta":{"footnotes":""},"categories":[4],"tags":[120,6,208,128],"class_list":["post-95320","post","type-post","status-publish","format-standard","hentry","category-motogp","tag-120","tag-marc-marquez","tag-motogp-portugal","tag-pol-espargaro"],"yoast_head":"<!-- This site is optimized with the Yoast SEO plugin v27.3 - https:\/\/yoast.com\/product\/yoast-seo-wordpress\/ -->\n<title>M\u00e1rquez acaricia la pole pero termina noveno - Box Repsol<\/title>\n<meta name=\"description\" content=\"Marquez acaricia la pole, pero termina noveno. Revive la emocionante sesi\u00f3n de clasificaci\u00f3n y el desempe\u00f1o del piloto espa\u00f1ol en Box Repsol.\" \/>\n<link rel=\"canonical\" href=\"https:\/\/www.boxrepsol.com\/es\/motogp\/marquez-acaricia-la-pole-pero-termina-noveno\/\" \/>\n<meta property=\"og:locale\" content=\"es_ES\" \/>\n<meta property=\"og:type\" content=\"article\" \/>\n<meta property=\"og:title\" content=\"M\u00e1rquez acaricia la pole pero termina noveno - Box Repsol\" \/>\n<meta property=\"og:description\" content=\"Marquez acaricia la pole, pero termina noveno. Revive la emocionante sesi\u00f3n de clasificaci\u00f3n y el desempe\u00f1o del piloto espa\u00f1ol en Box Repsol.\" \/>\n<meta property=\"og:url\" content=\"https:\/\/www.boxrepsol.com\/es\/motogp\/marquez-acaricia-la-pole-pero-termina-noveno\/\" \/>\n<meta property=\"og:site_name\" content=\"Box Repsol\" \/>\n<meta property=\"article:publisher\" content=\"https:\/\/www.facebook.com\/BoxRepsol\" \/>\n<meta property=\"article:author\" content=\"https:\/\/www.facebook.com\/BoxRepsol\/\" \/>\n<meta property=\"article:published_time\" content=\"2022-04-23T02:00:00+00:00\" \/>\n<meta property=\"article:modified_time\" content=\"2024-04-09T09:02:34+00:00\" \/>\n<meta property=\"og:image\" content=\"https:\/\/bxrepsol.s3.eu-west-1.amazonaws.com\/static\/2022\/08\/10041712\/http___repsolmedia.com_repsolmedia_wp-content_uploads_2022_04_JRB9557-scaled-1.jpg\" \/>\n\t<meta property=\"og:image:width\" content=\"1280\" \/>\n\t<meta property=\"og:image:height\" content=\"600\" \/>\n\t<meta property=\"og:image:type\" content=\"image\/jpeg\" \/>\n<meta name=\"author\" content=\"Redacci\u00f3n Box Repsol\" \/>\n<meta name=\"twitter:card\" content=\"summary_large_image\" \/>\n<meta name=\"twitter:creator\" content=\"@https:\/\/twitter.com\/box_repsol\" \/>\n<meta name=\"twitter:site\" content=\"@box_repsol\" \/>\n<meta name=\"twitter:label1\" content=\"Written by\" \/>\n\t<meta name=\"twitter:data1\" content=\"Redacci\u00f3n Box Repsol\" \/>\n\t<meta name=\"twitter:label2\" content=\"Est. reading time\" \/>\n\t<meta name=\"twitter:data2\" content=\"3 minutos\" \/>\n<script type=\"application\/ld+json\" class=\"yoast-schema-graph\">{\"@context\":\"https:\\\/\\\/schema.org\",\"@graph\":[{\"@type\":\"Article\",\"@id\":\"https:\\\/\\\/www.boxrepsol.com\\\/es\\\/motogp\\\/marquez-acaricia-la-pole-pero-termina-noveno\\\/#article\",\"isPartOf\":{\"@id\":\"https:\\\/\\\/www.boxrepsol.com\\\/es\\\/motogp\\\/marquez-acaricia-la-pole-pero-termina-noveno\\\/\"},\"author\":{\"name\":\"Redacci\u00f3n Box Repsol\",\"@id\":\"https:\\\/\\\/www.boxrepsol.com\\\/es\\\/#\\\/schema\\\/person\\\/c5c2138f2cca251b0ad92b7086bb60b7\"},\"headline\":\"M\u00e1rquez acaricia la pole pero termina noveno\",\"datePublished\":\"2022-04-23T02:00:00+00:00\",\"dateModified\":\"2024-04-09T09:02:34+00:00\",\"mainEntityOfPage\":{\"@id\":\"https:\\\/\\\/www.boxrepsol.com\\\/es\\\/motogp\\\/marquez-acaricia-la-pole-pero-termina-noveno\\\/\"},\"wordCount\":520,\"commentCount\":0,\"publisher\":{\"@id\":\"https:\\\/\\\/www.boxrepsol.com\\\/es\\\/#organization\"},\"image\":{\"@id\":\"https:\\\/\\\/www.boxrepsol.com\\\/es\\\/motogp\\\/marquez-acaricia-la-pole-pero-termina-noveno\\\/#primaryimage\"},\"thumbnailUrl\":\"https:\\\/\\\/bxrepsol.s3.eu-west-1.amazonaws.com\\\/static\\\/2022\\\/08\\\/10041712\\\/http___repsolmedia.com_repsolmedia_wp-content_uploads_2022_04_JRB9557-scaled-1.jpg\",\"keywords\":[\"2022\",\"Marc M\u00e1rquez\",\"MotoGP Portugal\",\"Pol Espargar\u00f3\"],\"articleSection\":[\"MotoGP\"],\"inLanguage\":\"es\",\"potentialAction\":[{\"@type\":\"CommentAction\",\"name\":\"Comment\",\"target\":[\"https:\\\/\\\/www.boxrepsol.com\\\/es\\\/motogp\\\/marquez-acaricia-la-pole-pero-termina-noveno\\\/#respond\"]}]},{\"@type\":\"WebPage\",\"@id\":\"https:\\\/\\\/www.boxrepsol.com\\\/es\\\/motogp\\\/marquez-acaricia-la-pole-pero-termina-noveno\\\/\",\"url\":\"https:\\\/\\\/www.boxrepsol.com\\\/es\\\/motogp\\\/marquez-acaricia-la-pole-pero-termina-noveno\\\/\",\"name\":\"M\u00e1rquez acaricia la pole pero termina noveno - Box Repsol\",\"isPartOf\":{\"@id\":\"https:\\\/\\\/www.boxrepsol.com\\\/es\\\/#website\"},\"primaryImageOfPage\":{\"@id\":\"https:\\\/\\\/www.boxrepsol.com\\\/es\\\/motogp\\\/marquez-acaricia-la-pole-pero-termina-noveno\\\/#primaryimage\"},\"image\":{\"@id\":\"https:\\\/\\\/www.boxrepsol.com\\\/es\\\/motogp\\\/marquez-acaricia-la-pole-pero-termina-noveno\\\/#primaryimage\"},\"thumbnailUrl\":\"https:\\\/\\\/bxrepsol.s3.eu-west-1.amazonaws.com\\\/static\\\/2022\\\/08\\\/10041712\\\/http___repsolmedia.com_repsolmedia_wp-content_uploads_2022_04_JRB9557-scaled-1.jpg\",\"datePublished\":\"2022-04-23T02:00:00+00:00\",\"dateModified\":\"2024-04-09T09:02:34+00:00\",\"description\":\"Marquez acaricia la pole, pero termina noveno. Revive la emocionante sesi\u00f3n de clasificaci\u00f3n y el desempe\u00f1o del piloto espa\u00f1ol en Box Repsol.\",\"breadcrumb\":{\"@id\":\"https:\\\/\\\/www.boxrepsol.com\\\/es\\\/motogp\\\/marquez-acaricia-la-pole-pero-termina-noveno\\\/#breadcrumb\"},\"inLanguage\":\"es\",\"potentialAction\":[{\"@type\":\"ReadAction\",\"target\":[\"https:\\\/\\\/www.boxrepsol.com\\\/es\\\/motogp\\\/marquez-acaricia-la-pole-pero-termina-noveno\\\/\"]}]},{\"@type\":\"ImageObject\",\"inLanguage\":\"es\",\"@id\":\"https:\\\/\\\/www.boxrepsol.com\\\/es\\\/motogp\\\/marquez-acaricia-la-pole-pero-termina-noveno\\\/#primaryimage\",\"url\":\"https:\\\/\\\/bxrepsol.s3.eu-west-1.amazonaws.com\\\/static\\\/2022\\\/08\\\/10041712\\\/http___repsolmedia.com_repsolmedia_wp-content_uploads_2022_04_JRB9557-scaled-1.jpg\",\"contentUrl\":\"https:\\\/\\\/bxrepsol.s3.eu-west-1.amazonaws.com\\\/static\\\/2022\\\/08\\\/10041712\\\/http___repsolmedia.com_repsolmedia_wp-content_uploads_2022_04_JRB9557-scaled-1.jpg\",\"width\":1280,\"height\":600},{\"@type\":\"BreadcrumbList\",\"@id\":\"https:\\\/\\\/www.boxrepsol.com\\\/es\\\/motogp\\\/marquez-acaricia-la-pole-pero-termina-noveno\\\/#breadcrumb\",\"itemListElement\":[{\"@type\":\"ListItem\",\"position\":1,\"name\":\"Home\",\"item\":\"https:\\\/\\\/www.boxrepsol.com\\\/es\\\/\"},{\"@type\":\"ListItem\",\"position\":2,\"name\":\"M\u00e1rquez acaricia la pole pero termina noveno\"}]},{\"@type\":\"WebSite\",\"@id\":\"https:\\\/\\\/www.boxrepsol.com\\\/es\\\/#website\",\"url\":\"https:\\\/\\\/www.boxrepsol.com\\\/es\\\/\",\"name\":\"Box Repsol\",\"description\":\"Box Repsol Site\",\"publisher\":{\"@id\":\"https:\\\/\\\/www.boxrepsol.com\\\/es\\\/#organization\"},\"potentialAction\":[{\"@type\":\"SearchAction\",\"target\":{\"@type\":\"EntryPoint\",\"urlTemplate\":\"https:\\\/\\\/www.boxrepsol.com\\\/es\\\/?s={search_term_string}\"},\"query-input\":{\"@type\":\"PropertyValueSpecification\",\"valueRequired\":true,\"valueName\":\"search_term_string\"}}],\"inLanguage\":\"es\"},{\"@type\":\"Organization\",\"@id\":\"https:\\\/\\\/www.boxrepsol.com\\\/es\\\/#organization\",\"name\":\"Box Repsol\",\"url\":\"https:\\\/\\\/www.boxrepsol.com\\\/es\\\/\",\"logo\":{\"@type\":\"ImageObject\",\"inLanguage\":\"es\",\"@id\":\"https:\\\/\\\/www.boxrepsol.com\\\/es\\\/#\\\/schema\\\/logo\\\/image\\\/\",\"url\":\"https:\\\/\\\/bxrepsol.s3.eu-west-1.amazonaws.com\\\/static\\\/2025\\\/07\\\/30083337\\\/favicon-96x96-1.png\",\"contentUrl\":\"https:\\\/\\\/bxrepsol.s3.eu-west-1.amazonaws.com\\\/static\\\/2025\\\/07\\\/30083337\\\/favicon-96x96-1.png\",\"width\":96,\"height\":96,\"caption\":\"Box Repsol\"},\"image\":{\"@id\":\"https:\\\/\\\/www.boxrepsol.com\\\/es\\\/#\\\/schema\\\/logo\\\/image\\\/\"},\"sameAs\":[\"https:\\\/\\\/www.facebook.com\\\/BoxRepsol\",\"https:\\\/\\\/x.com\\\/box_repsol\",\"http:\\\/\\\/instagram.com\\\/box_repsol\",\"https:\\\/\\\/www.youtube.com\\\/user\\\/RepsolCompeticion\",\"https:\\\/\\\/www.flickr.com\\\/photos\\\/box_repsol\\\/\"]},{\"@type\":\"Person\",\"@id\":\"https:\\\/\\\/www.boxrepsol.com\\\/es\\\/#\\\/schema\\\/person\\\/c5c2138f2cca251b0ad92b7086bb60b7\",\"name\":\"Redacci\u00f3n Box Repsol\",\"image\":{\"@type\":\"ImageObject\",\"inLanguage\":\"es\",\"@id\":\"https:\\\/\\\/secure.gravatar.com\\\/avatar\\\/adf7b77e38b4419baf32c7e9c21dde01f4e40df611f0978e3006fc4ba0aaab7e?s=96&d=mm&r=g\",\"url\":\"https:\\\/\\\/secure.gravatar.com\\\/avatar\\\/adf7b77e38b4419baf32c7e9c21dde01f4e40df611f0978e3006fc4ba0aaab7e?s=96&d=mm&r=g\",\"contentUrl\":\"https:\\\/\\\/secure.gravatar.com\\\/avatar\\\/adf7b77e38b4419baf32c7e9c21dde01f4e40df611f0978e3006fc4ba0aaab7e?s=96&d=mm&r=g\",\"caption\":\"Redacci\u00f3n Box Repsol\"},\"description\":\"Box Repsol lo forma un equipo de periodistas, community managers, dise\u00f1adores y fot\u00f3grafos con m\u00e1s de 20 a\u00f1os de experiencia en el mundo del motorsport. Hemos vivido el primer mundial de un espa\u00f1ol en la categor\u00eda reina de motociclismo con \u00c1lex Crivill\u00e9, estuvimos en las victorias de Pedrosa y los t\u00edtulos de M\u00e1rquez, acompa\u00f1amos en \u00c1frica a Nani Roma y Marc Coma en sus conquistas del Dakar y hemos vibrado con los t\u00edtulos de Toni Bou en Trial. Adem\u00e1s, en nuestro equipo contamos con expertos en el mundo de las dos y cuatro ruedas tanto de la calle y las carreteras, como de los circuitos. Periodistas que han trabajado en revistas y publicaciones para hacerte llegar desde rutas y consejos de mantenimiento, a curiosidades y trucos de pilotaje.\",\"sameAs\":[\"https:\\\/\\\/www.facebook.com\\\/BoxRepsol\\\/\",\"https:\\\/\\\/www.instagram.com\\\/box_repsol\\\/\",\"https:\\\/\\\/x.com\\\/https:\\\/\\\/twitter.com\\\/box_repsol\",\"https:\\\/\\\/www.youtube.com\\\/@Boxrepsol\"],\"url\":\"https:\\\/\\\/www.boxrepsol.com\\\/es\\\/author\\\/redaccion-box-repsol\\\/\"}]}<\/script>\n<!-- \/ Yoast SEO plugin. -->","yoast_head_json":{"title":"M\u00e1rquez acaricia la pole pero termina noveno - Box Repsol","description":"Marquez acaricia la pole, pero termina noveno. Revive la emocionante sesi\u00f3n de clasificaci\u00f3n y el desempe\u00f1o del piloto espa\u00f1ol en Box Repsol.","canonical":"https:\/\/www.boxrepsol.com\/es\/motogp\/marquez-acaricia-la-pole-pero-termina-noveno\/","og_locale":"es_ES","og_type":"article","og_title":"M\u00e1rquez acaricia la pole pero termina noveno - Box Repsol","og_description":"Marquez acaricia la pole, pero termina noveno. Revive la emocionante sesi\u00f3n de clasificaci\u00f3n y el desempe\u00f1o del piloto espa\u00f1ol en Box Repsol.","og_url":"https:\/\/www.boxrepsol.com\/es\/motogp\/marquez-acaricia-la-pole-pero-termina-noveno\/","og_site_name":"Box Repsol","article_publisher":"https:\/\/www.facebook.com\/BoxRepsol","article_author":"https:\/\/www.facebook.com\/BoxRepsol\/","article_published_time":"2022-04-23T02:00:00+00:00","article_modified_time":"2024-04-09T09:02:34+00:00","og_image":[{"width":1280,"height":600,"url":"https:\/\/bxrepsol.s3.eu-west-1.amazonaws.com\/static\/2022\/08\/10041712\/http___repsolmedia.com_repsolmedia_wp-content_uploads_2022_04_JRB9557-scaled-1.jpg","type":"image\/jpeg"}],"author":"Redacci\u00f3n Box Repsol","twitter_card":"summary_large_image","twitter_creator":"@https:\/\/twitter.com\/box_repsol","twitter_site":"@box_repsol","twitter_misc":{"Written by":"Redacci\u00f3n Box Repsol","Est. reading time":"3 minutos"},"schema":{"@context":"https:\/\/schema.org","@graph":[{"@type":"Article","@id":"https:\/\/www.boxrepsol.com\/es\/motogp\/marquez-acaricia-la-pole-pero-termina-noveno\/#article","isPartOf":{"@id":"https:\/\/www.boxrepsol.com\/es\/motogp\/marquez-acaricia-la-pole-pero-termina-noveno\/"},"author":{"name":"Redacci\u00f3n Box Repsol","@id":"https:\/\/www.boxrepsol.com\/es\/#\/schema\/person\/c5c2138f2cca251b0ad92b7086bb60b7"},"headline":"M\u00e1rquez acaricia la pole pero termina noveno","datePublished":"2022-04-23T02:00:00+00:00","dateModified":"2024-04-09T09:02:34+00:00","mainEntityOfPage":{"@id":"https:\/\/www.boxrepsol.com\/es\/motogp\/marquez-acaricia-la-pole-pero-termina-noveno\/"},"wordCount":520,"commentCount":0,"publisher":{"@id":"https:\/\/www.boxrepsol.com\/es\/#organization"},"image":{"@id":"https:\/\/www.boxrepsol.com\/es\/motogp\/marquez-acaricia-la-pole-pero-termina-noveno\/#primaryimage"},"thumbnailUrl":"https:\/\/bxrepsol.s3.eu-west-1.amazonaws.com\/static\/2022\/08\/10041712\/http___repsolmedia.com_repsolmedia_wp-content_uploads_2022_04_JRB9557-scaled-1.jpg","keywords":["2022","Marc M\u00e1rquez","MotoGP Portugal","Pol Espargar\u00f3"],"articleSection":["MotoGP"],"inLanguage":"es","potentialAction":[{"@type":"CommentAction","name":"Comment","target":["https:\/\/www.boxrepsol.com\/es\/motogp\/marquez-acaricia-la-pole-pero-termina-noveno\/#respond"]}]},{"@type":"WebPage","@id":"https:\/\/www.boxrepsol.com\/es\/motogp\/marquez-acaricia-la-pole-pero-termina-noveno\/","url":"https:\/\/www.boxrepsol.com\/es\/motogp\/marquez-acaricia-la-pole-pero-termina-noveno\/","name":"M\u00e1rquez acaricia la pole pero termina noveno - Box Repsol","isPartOf":{"@id":"https:\/\/www.boxrepsol.com\/es\/#website"},"primaryImageOfPage":{"@id":"https:\/\/www.boxrepsol.com\/es\/motogp\/marquez-acaricia-la-pole-pero-termina-noveno\/#primaryimage"},"image":{"@id":"https:\/\/www.boxrepsol.com\/es\/motogp\/marquez-acaricia-la-pole-pero-termina-noveno\/#primaryimage"},"thumbnailUrl":"https:\/\/bxrepsol.s3.eu-west-1.amazonaws.com\/static\/2022\/08\/10041712\/http___repsolmedia.com_repsolmedia_wp-content_uploads_2022_04_JRB9557-scaled-1.jpg","datePublished":"2022-04-23T02:00:00+00:00","dateModified":"2024-04-09T09:02:34+00:00","description":"Marquez acaricia la pole, pero termina noveno. Revive la emocionante sesi\u00f3n de clasificaci\u00f3n y el desempe\u00f1o del piloto espa\u00f1ol en Box Repsol.","breadcrumb":{"@id":"https:\/\/www.boxrepsol.com\/es\/motogp\/marquez-acaricia-la-pole-pero-termina-noveno\/#breadcrumb"},"inLanguage":"es","potentialAction":[{"@type":"ReadAction","target":["https:\/\/www.boxrepsol.com\/es\/motogp\/marquez-acaricia-la-pole-pero-termina-noveno\/"]}]},{"@type":"ImageObject","inLanguage":"es","@id":"https:\/\/www.boxrepsol.com\/es\/motogp\/marquez-acaricia-la-pole-pero-termina-noveno\/#primaryimage","url":"https:\/\/bxrepsol.s3.eu-west-1.amazonaws.com\/static\/2022\/08\/10041712\/http___repsolmedia.com_repsolmedia_wp-content_uploads_2022_04_JRB9557-scaled-1.jpg","contentUrl":"https:\/\/bxrepsol.s3.eu-west-1.amazonaws.com\/static\/2022\/08\/10041712\/http___repsolmedia.com_repsolmedia_wp-content_uploads_2022_04_JRB9557-scaled-1.jpg","width":1280,"height":600},{"@type":"BreadcrumbList","@id":"https:\/\/www.boxrepsol.com\/es\/motogp\/marquez-acaricia-la-pole-pero-termina-noveno\/#breadcrumb","itemListElement":[{"@type":"ListItem","position":1,"name":"Home","item":"https:\/\/www.boxrepsol.com\/es\/"},{"@type":"ListItem","position":2,"name":"M\u00e1rquez acaricia la pole pero termina noveno"}]},{"@type":"WebSite","@id":"https:\/\/www.boxrepsol.com\/es\/#website","url":"https:\/\/www.boxrepsol.com\/es\/","name":"Box Repsol","description":"Box Repsol Site","publisher":{"@id":"https:\/\/www.boxrepsol.com\/es\/#organization"},"potentialAction":[{"@type":"SearchAction","target":{"@type":"EntryPoint","urlTemplate":"https:\/\/www.boxrepsol.com\/es\/?s={search_term_string}"},"query-input":{"@type":"PropertyValueSpecification","valueRequired":true,"valueName":"search_term_string"}}],"inLanguage":"es"},{"@type":"Organization","@id":"https:\/\/www.boxrepsol.com\/es\/#organization","name":"Box Repsol","url":"https:\/\/www.boxrepsol.com\/es\/","logo":{"@type":"ImageObject","inLanguage":"es","@id":"https:\/\/www.boxrepsol.com\/es\/#\/schema\/logo\/image\/","url":"https:\/\/bxrepsol.s3.eu-west-1.amazonaws.com\/static\/2025\/07\/30083337\/favicon-96x96-1.png","contentUrl":"https:\/\/bxrepsol.s3.eu-west-1.amazonaws.com\/static\/2025\/07\/30083337\/favicon-96x96-1.png","width":96,"height":96,"caption":"Box Repsol"},"image":{"@id":"https:\/\/www.boxrepsol.com\/es\/#\/schema\/logo\/image\/"},"sameAs":["https:\/\/www.facebook.com\/BoxRepsol","https:\/\/x.com\/box_repsol","http:\/\/instagram.com\/box_repsol","https:\/\/www.youtube.com\/user\/RepsolCompeticion","https:\/\/www.flickr.com\/photos\/box_repsol\/"]},{"@type":"Person","@id":"https:\/\/www.boxrepsol.com\/es\/#\/schema\/person\/c5c2138f2cca251b0ad92b7086bb60b7","name":"Redacci\u00f3n Box Repsol","image":{"@type":"ImageObject","inLanguage":"es","@id":"https:\/\/secure.gravatar.com\/avatar\/adf7b77e38b4419baf32c7e9c21dde01f4e40df611f0978e3006fc4ba0aaab7e?s=96&d=mm&r=g","url":"https:\/\/secure.gravatar.com\/avatar\/adf7b77e38b4419baf32c7e9c21dde01f4e40df611f0978e3006fc4ba0aaab7e?s=96&d=mm&r=g","contentUrl":"https:\/\/secure.gravatar.com\/avatar\/adf7b77e38b4419baf32c7e9c21dde01f4e40df611f0978e3006fc4ba0aaab7e?s=96&d=mm&r=g","caption":"Redacci\u00f3n Box Repsol"},"description":"Box Repsol lo forma un equipo de periodistas, community managers, dise\u00f1adores y fot\u00f3grafos con m\u00e1s de 20 a\u00f1os de experiencia en el mundo del motorsport. Hemos vivido el primer mundial de un espa\u00f1ol en la categor\u00eda reina de motociclismo con \u00c1lex Crivill\u00e9, estuvimos en las victorias de Pedrosa y los t\u00edtulos de M\u00e1rquez, acompa\u00f1amos en \u00c1frica a Nani Roma y Marc Coma en sus conquistas del Dakar y hemos vibrado con los t\u00edtulos de Toni Bou en Trial. Adem\u00e1s, en nuestro equipo contamos con expertos en el mundo de las dos y cuatro ruedas tanto de la calle y las carreteras, como de los circuitos. Periodistas que han trabajado en revistas y publicaciones para hacerte llegar desde rutas y consejos de mantenimiento, a curiosidades y trucos de pilotaje.","sameAs":["https:\/\/www.facebook.com\/BoxRepsol\/","https:\/\/www.instagram.com\/box_repsol\/","https:\/\/x.com\/https:\/\/twitter.com\/box_repsol","https:\/\/www.youtube.com\/@Boxrepsol"],"url":"https:\/\/www.boxrepsol.com\/es\/author\/redaccion-box-repsol\/"}]}},"_links":{"self":[{"href":"https:\/\/www.boxrepsol.com\/es\/wp-json\/wp\/v2\/posts\/95320","targetHints":{"allow":["GET"]}}],"collection":[{"href":"https:\/\/www.boxrepsol.com\/es\/wp-json\/wp\/v2\/posts"}],"about":[{"href":"https:\/\/www.boxrepsol.com\/es\/wp-json\/wp\/v2\/types\/post"}],"author":[{"embeddable":true,"href":"https:\/\/www.boxrepsol.com\/es\/wp-json\/wp\/v2\/users\/43146"}],"replies":[{"embeddable":true,"href":"https:\/\/www.boxrepsol.com\/es\/wp-json\/wp\/v2\/comments?post=95320"}],"version-history":[{"count":1,"href":"https:\/\/www.boxrepsol.com\/es\/wp-json\/wp\/v2\/posts\/95320\/revisions"}],"predecessor-version":[{"id":109467,"href":"https:\/\/www.boxrepsol.com\/es\/wp-json\/wp\/v2\/posts\/95320\/revisions\/109467"}],"wp:featuredmedia":[{"embeddable":true,"href":"https:\/\/www.boxrepsol.com\/es\/wp-json\/wp\/v2\/media\/45790"}],"wp:attachment":[{"href":"https:\/\/www.boxrepsol.com\/es\/wp-json\/wp\/v2\/media?parent=95320"}],"wp:term":[{"taxonomy":"category","embeddable":true,"href":"https:\/\/www.boxrepsol.com\/es\/wp-json\/wp\/v2\/categories?post=95320"},{"taxonomy":"post_tag","embeddable":true,"href":"https:\/\/www.boxrepsol.com\/es\/wp-json\/wp\/v2\/tags?post=95320"}],"curies":[{"name":"wp","href":"https:\/\/api.w.org\/{rel}","templated":true}]}}