{"id":95310,"date":"2022-04-13T00:00:00","date_gmt":"2022-04-13T02:00:00","guid":{"rendered":"http:\/\/pre.boxrepsol.com\/sin-categorizar\/gabriel-marcelli-se-recupera-de-una-fractura-en-el-pie-derecho\/"},"modified":"2024-04-09T07:04:11","modified_gmt":"2024-04-09T09:04:11","slug":"gabriel-marcelli-se-recupera-de-una-fractura-en-el-pie-derecho","status":"publish","type":"post","link":"https:\/\/www.boxrepsol.com\/es\/trial\/gabriel-marcelli-se-recupera-de-una-fractura-en-el-pie-derecho\/","title":{"rendered":"Gabriel Marcelli se recupera de una fractura en el pie derecho"},"content":{"rendered":"<p><strong>Gabriel Marcelli<\/strong> tuvo una ca\u00edda durante la segunda vuelta al <strong>X-Trial<\/strong> de Madrid, lesion\u00e1ndose el pie derecho. A pesar del dolor, el piloto pudo terminar la carrera consiguiendo la segunda posici\u00f3n final. En las pruebas realizadas la pasada semana en Barcelona por el m\u00e9dico del equipo, el doctor Joaquim Terricabras, se observ\u00f3 una fractura marginal no desplazada de la base del primer metatarsiano del pie derecho, iniciando un tratamiento conservador que le permiti\u00f3 su participaci\u00f3n en el X-Trial de Barcelona.<\/p>\n<p>La evoluci\u00f3n de la lesi\u00f3n marcar\u00e1 el regreso de Gabriel Marcelli a los entrenamientos, aunque se espera la participaci\u00f3n del piloto del equipo <strong>Repsol Honda<\/strong> en la prueba inaugural del Campeonato de Espa\u00f1a de Trial que tendr\u00e1 lugar en la localidad gallega de Arteixo los d\u00edas 23 y 24 de este mes de abril.<\/p>\n","protected":false},"excerpt":{"rendered":"<p>El piloto del equipo Repsol Honda de Trial sufri\u00f3 una fractura en el pie derecho en una ca\u00edda durante el X-Trial de Madrid, previo a la cita de Barcelona.<\/p>\n","protected":false},"author":43146,"featured_media":45702,"comment_status":"open","ping_status":"open","sticky":false,"template":"","format":"standard","meta":{"footnotes":""},"categories":[23],"tags":[120,203,130],"class_list":["post-95310","post","type-post","status-publish","format-standard","hentry","category-trial","tag-120","tag-gabri-marcelli","tag-otros-eventos-y-competiciones"],"yoast_head":"<!-- This site is optimized with the Yoast SEO plugin v27.3 - https:\/\/yoast.com\/product\/yoast-seo-wordpress\/ -->\n<title>Gabriel Marcelli se recupera de una fractura en el pie derecho - Box Repsol<\/title>\n<meta name=\"description\" content=\"Gabriel Marcelli se recupera de una fractura en el pie derecho. Conoce los avances y el esp\u00edritu de superaci\u00f3n de nuestro piloto de trial.\" \/>\n<link rel=\"canonical\" href=\"https:\/\/www.boxrepsol.com\/es\/trial\/gabriel-marcelli-se-recupera-de-una-fractura-en-el-pie-derecho\/\" \/>\n<meta property=\"og:locale\" content=\"es_ES\" \/>\n<meta property=\"og:type\" content=\"article\" \/>\n<meta property=\"og:title\" content=\"Gabriel Marcelli se recupera de una fractura en el pie derecho - Box Repsol\" \/>\n<meta property=\"og:description\" content=\"Gabriel Marcelli se recupera de una fractura en el pie derecho. Conoce los avances y el esp\u00edritu de superaci\u00f3n de nuestro piloto de trial.\" \/>\n<meta property=\"og:url\" content=\"https:\/\/www.boxrepsol.com\/es\/trial\/gabriel-marcelli-se-recupera-de-una-fractura-en-el-pie-derecho\/\" \/>\n<meta property=\"og:site_name\" content=\"Box Repsol\" \/>\n<meta property=\"article:publisher\" content=\"https:\/\/www.facebook.com\/BoxRepsol\" \/>\n<meta property=\"article:author\" content=\"https:\/\/www.facebook.com\/BoxRepsol\/\" \/>\n<meta property=\"article:published_time\" content=\"2022-04-13T02:00:00+00:00\" \/>\n<meta property=\"article:modified_time\" content=\"2024-04-09T09:04:11+00:00\" \/>\n<meta property=\"og:image\" content=\"https:\/\/bxrepsol.s3.eu-west-1.amazonaws.com\/static\/2022\/08\/10041539\/http___repsolmedia.com_repsolmedia_wp-content_uploads_2022_03_X-Trial22_r2_MARCELLI_3229_ps-scaled-1.jpg\" \/>\n\t<meta property=\"og:image:width\" content=\"1280\" \/>\n\t<meta property=\"og:image:height\" content=\"600\" \/>\n\t<meta property=\"og:image:type\" content=\"image\/jpeg\" \/>\n<meta name=\"author\" content=\"Redacci\u00f3n Box Repsol\" \/>\n<meta name=\"twitter:card\" content=\"summary_large_image\" \/>\n<meta name=\"twitter:creator\" content=\"@https:\/\/twitter.com\/box_repsol\" \/>\n<meta name=\"twitter:site\" content=\"@box_repsol\" \/>\n<meta name=\"twitter:label1\" content=\"Written by\" \/>\n\t<meta name=\"twitter:data1\" content=\"Redacci\u00f3n Box Repsol\" \/>\n\t<meta name=\"twitter:label2\" content=\"Est. reading time\" \/>\n\t<meta name=\"twitter:data2\" content=\"1 minuto\" \/>\n<script type=\"application\/ld+json\" class=\"yoast-schema-graph\">{\"@context\":\"https:\\\/\\\/schema.org\",\"@graph\":[{\"@type\":\"Article\",\"@id\":\"https:\\\/\\\/www.boxrepsol.com\\\/es\\\/trial\\\/gabriel-marcelli-se-recupera-de-una-fractura-en-el-pie-derecho\\\/#article\",\"isPartOf\":{\"@id\":\"https:\\\/\\\/www.boxrepsol.com\\\/es\\\/trial\\\/gabriel-marcelli-se-recupera-de-una-fractura-en-el-pie-derecho\\\/\"},\"author\":{\"name\":\"Redacci\u00f3n Box Repsol\",\"@id\":\"https:\\\/\\\/www.boxrepsol.com\\\/es\\\/#\\\/schema\\\/person\\\/c5c2138f2cca251b0ad92b7086bb60b7\"},\"headline\":\"Gabriel Marcelli se recupera de una fractura en el pie derecho\",\"datePublished\":\"2022-04-13T02:00:00+00:00\",\"dateModified\":\"2024-04-09T09:04:11+00:00\",\"mainEntityOfPage\":{\"@id\":\"https:\\\/\\\/www.boxrepsol.com\\\/es\\\/trial\\\/gabriel-marcelli-se-recupera-de-una-fractura-en-el-pie-derecho\\\/\"},\"wordCount\":153,\"commentCount\":0,\"publisher\":{\"@id\":\"https:\\\/\\\/www.boxrepsol.com\\\/es\\\/#organization\"},\"image\":{\"@id\":\"https:\\\/\\\/www.boxrepsol.com\\\/es\\\/trial\\\/gabriel-marcelli-se-recupera-de-una-fractura-en-el-pie-derecho\\\/#primaryimage\"},\"thumbnailUrl\":\"https:\\\/\\\/bxrepsol.s3.eu-west-1.amazonaws.com\\\/static\\\/2022\\\/08\\\/10041539\\\/http___repsolmedia.com_repsolmedia_wp-content_uploads_2022_03_X-Trial22_r2_MARCELLI_3229_ps-scaled-1.jpg\",\"keywords\":[\"2022\",\"Gabri Marcelli\",\"otros eventos y competiciones\"],\"articleSection\":[\"Trial\"],\"inLanguage\":\"es\",\"potentialAction\":[{\"@type\":\"CommentAction\",\"name\":\"Comment\",\"target\":[\"https:\\\/\\\/www.boxrepsol.com\\\/es\\\/trial\\\/gabriel-marcelli-se-recupera-de-una-fractura-en-el-pie-derecho\\\/#respond\"]}]},{\"@type\":\"WebPage\",\"@id\":\"https:\\\/\\\/www.boxrepsol.com\\\/es\\\/trial\\\/gabriel-marcelli-se-recupera-de-una-fractura-en-el-pie-derecho\\\/\",\"url\":\"https:\\\/\\\/www.boxrepsol.com\\\/es\\\/trial\\\/gabriel-marcelli-se-recupera-de-una-fractura-en-el-pie-derecho\\\/\",\"name\":\"Gabriel Marcelli se recupera de una fractura en el pie derecho - Box Repsol\",\"isPartOf\":{\"@id\":\"https:\\\/\\\/www.boxrepsol.com\\\/es\\\/#website\"},\"primaryImageOfPage\":{\"@id\":\"https:\\\/\\\/www.boxrepsol.com\\\/es\\\/trial\\\/gabriel-marcelli-se-recupera-de-una-fractura-en-el-pie-derecho\\\/#primaryimage\"},\"image\":{\"@id\":\"https:\\\/\\\/www.boxrepsol.com\\\/es\\\/trial\\\/gabriel-marcelli-se-recupera-de-una-fractura-en-el-pie-derecho\\\/#primaryimage\"},\"thumbnailUrl\":\"https:\\\/\\\/bxrepsol.s3.eu-west-1.amazonaws.com\\\/static\\\/2022\\\/08\\\/10041539\\\/http___repsolmedia.com_repsolmedia_wp-content_uploads_2022_03_X-Trial22_r2_MARCELLI_3229_ps-scaled-1.jpg\",\"datePublished\":\"2022-04-13T02:00:00+00:00\",\"dateModified\":\"2024-04-09T09:04:11+00:00\",\"description\":\"Gabriel Marcelli se recupera de una fractura en el pie derecho. Conoce los avances y el esp\u00edritu de superaci\u00f3n de nuestro piloto de trial.\",\"breadcrumb\":{\"@id\":\"https:\\\/\\\/www.boxrepsol.com\\\/es\\\/trial\\\/gabriel-marcelli-se-recupera-de-una-fractura-en-el-pie-derecho\\\/#breadcrumb\"},\"inLanguage\":\"es\",\"potentialAction\":[{\"@type\":\"ReadAction\",\"target\":[\"https:\\\/\\\/www.boxrepsol.com\\\/es\\\/trial\\\/gabriel-marcelli-se-recupera-de-una-fractura-en-el-pie-derecho\\\/\"]}]},{\"@type\":\"ImageObject\",\"inLanguage\":\"es\",\"@id\":\"https:\\\/\\\/www.boxrepsol.com\\\/es\\\/trial\\\/gabriel-marcelli-se-recupera-de-una-fractura-en-el-pie-derecho\\\/#primaryimage\",\"url\":\"https:\\\/\\\/bxrepsol.s3.eu-west-1.amazonaws.com\\\/static\\\/2022\\\/08\\\/10041539\\\/http___repsolmedia.com_repsolmedia_wp-content_uploads_2022_03_X-Trial22_r2_MARCELLI_3229_ps-scaled-1.jpg\",\"contentUrl\":\"https:\\\/\\\/bxrepsol.s3.eu-west-1.amazonaws.com\\\/static\\\/2022\\\/08\\\/10041539\\\/http___repsolmedia.com_repsolmedia_wp-content_uploads_2022_03_X-Trial22_r2_MARCELLI_3229_ps-scaled-1.jpg\",\"width\":1280,\"height\":600},{\"@type\":\"BreadcrumbList\",\"@id\":\"https:\\\/\\\/www.boxrepsol.com\\\/es\\\/trial\\\/gabriel-marcelli-se-recupera-de-una-fractura-en-el-pie-derecho\\\/#breadcrumb\",\"itemListElement\":[{\"@type\":\"ListItem\",\"position\":1,\"name\":\"Home\",\"item\":\"https:\\\/\\\/www.boxrepsol.com\\\/es\\\/\"},{\"@type\":\"ListItem\",\"position\":2,\"name\":\"Gabriel Marcelli se recupera de una fractura en el pie derecho\"}]},{\"@type\":\"WebSite\",\"@id\":\"https:\\\/\\\/www.boxrepsol.com\\\/es\\\/#website\",\"url\":\"https:\\\/\\\/www.boxrepsol.com\\\/es\\\/\",\"name\":\"Box Repsol\",\"description\":\"Box Repsol Site\",\"publisher\":{\"@id\":\"https:\\\/\\\/www.boxrepsol.com\\\/es\\\/#organization\"},\"potentialAction\":[{\"@type\":\"SearchAction\",\"target\":{\"@type\":\"EntryPoint\",\"urlTemplate\":\"https:\\\/\\\/www.boxrepsol.com\\\/es\\\/?s={search_term_string}\"},\"query-input\":{\"@type\":\"PropertyValueSpecification\",\"valueRequired\":true,\"valueName\":\"search_term_string\"}}],\"inLanguage\":\"es\"},{\"@type\":\"Organization\",\"@id\":\"https:\\\/\\\/www.boxrepsol.com\\\/es\\\/#organization\",\"name\":\"Box Repsol\",\"url\":\"https:\\\/\\\/www.boxrepsol.com\\\/es\\\/\",\"logo\":{\"@type\":\"ImageObject\",\"inLanguage\":\"es\",\"@id\":\"https:\\\/\\\/www.boxrepsol.com\\\/es\\\/#\\\/schema\\\/logo\\\/image\\\/\",\"url\":\"https:\\\/\\\/bxrepsol.s3.eu-west-1.amazonaws.com\\\/static\\\/2025\\\/07\\\/30083337\\\/favicon-96x96-1.png\",\"contentUrl\":\"https:\\\/\\\/bxrepsol.s3.eu-west-1.amazonaws.com\\\/static\\\/2025\\\/07\\\/30083337\\\/favicon-96x96-1.png\",\"width\":96,\"height\":96,\"caption\":\"Box Repsol\"},\"image\":{\"@id\":\"https:\\\/\\\/www.boxrepsol.com\\\/es\\\/#\\\/schema\\\/logo\\\/image\\\/\"},\"sameAs\":[\"https:\\\/\\\/www.facebook.com\\\/BoxRepsol\",\"https:\\\/\\\/x.com\\\/box_repsol\",\"http:\\\/\\\/instagram.com\\\/box_repsol\",\"https:\\\/\\\/www.youtube.com\\\/user\\\/RepsolCompeticion\",\"https:\\\/\\\/www.flickr.com\\\/photos\\\/box_repsol\\\/\"]},{\"@type\":\"Person\",\"@id\":\"https:\\\/\\\/www.boxrepsol.com\\\/es\\\/#\\\/schema\\\/person\\\/c5c2138f2cca251b0ad92b7086bb60b7\",\"name\":\"Redacci\u00f3n Box Repsol\",\"image\":{\"@type\":\"ImageObject\",\"inLanguage\":\"es\",\"@id\":\"https:\\\/\\\/secure.gravatar.com\\\/avatar\\\/adf7b77e38b4419baf32c7e9c21dde01f4e40df611f0978e3006fc4ba0aaab7e?s=96&d=mm&r=g\",\"url\":\"https:\\\/\\\/secure.gravatar.com\\\/avatar\\\/adf7b77e38b4419baf32c7e9c21dde01f4e40df611f0978e3006fc4ba0aaab7e?s=96&d=mm&r=g\",\"contentUrl\":\"https:\\\/\\\/secure.gravatar.com\\\/avatar\\\/adf7b77e38b4419baf32c7e9c21dde01f4e40df611f0978e3006fc4ba0aaab7e?s=96&d=mm&r=g\",\"caption\":\"Redacci\u00f3n Box Repsol\"},\"description\":\"Box Repsol lo forma un equipo de periodistas, community managers, dise\u00f1adores y fot\u00f3grafos con m\u00e1s de 20 a\u00f1os de experiencia en el mundo del motorsport. Hemos vivido el primer mundial de un espa\u00f1ol en la categor\u00eda reina de motociclismo con \u00c1lex Crivill\u00e9, estuvimos en las victorias de Pedrosa y los t\u00edtulos de M\u00e1rquez, acompa\u00f1amos en \u00c1frica a Nani Roma y Marc Coma en sus conquistas del Dakar y hemos vibrado con los t\u00edtulos de Toni Bou en Trial. Adem\u00e1s, en nuestro equipo contamos con expertos en el mundo de las dos y cuatro ruedas tanto de la calle y las carreteras, como de los circuitos. Periodistas que han trabajado en revistas y publicaciones para hacerte llegar desde rutas y consejos de mantenimiento, a curiosidades y trucos de pilotaje.\",\"sameAs\":[\"https:\\\/\\\/www.facebook.com\\\/BoxRepsol\\\/\",\"https:\\\/\\\/www.instagram.com\\\/box_repsol\\\/\",\"https:\\\/\\\/x.com\\\/https:\\\/\\\/twitter.com\\\/box_repsol\",\"https:\\\/\\\/www.youtube.com\\\/@Boxrepsol\"],\"url\":\"https:\\\/\\\/www.boxrepsol.com\\\/es\\\/author\\\/redaccion-box-repsol\\\/\"}]}<\/script>\n<!-- \/ Yoast SEO plugin. -->","yoast_head_json":{"title":"Gabriel Marcelli se recupera de una fractura en el pie derecho - Box Repsol","description":"Gabriel Marcelli se recupera de una fractura en el pie derecho. Conoce los avances y el esp\u00edritu de superaci\u00f3n de nuestro piloto de trial.","canonical":"https:\/\/www.boxrepsol.com\/es\/trial\/gabriel-marcelli-se-recupera-de-una-fractura-en-el-pie-derecho\/","og_locale":"es_ES","og_type":"article","og_title":"Gabriel Marcelli se recupera de una fractura en el pie derecho - Box Repsol","og_description":"Gabriel Marcelli se recupera de una fractura en el pie derecho. Conoce los avances y el esp\u00edritu de superaci\u00f3n de nuestro piloto de trial.","og_url":"https:\/\/www.boxrepsol.com\/es\/trial\/gabriel-marcelli-se-recupera-de-una-fractura-en-el-pie-derecho\/","og_site_name":"Box Repsol","article_publisher":"https:\/\/www.facebook.com\/BoxRepsol","article_author":"https:\/\/www.facebook.com\/BoxRepsol\/","article_published_time":"2022-04-13T02:00:00+00:00","article_modified_time":"2024-04-09T09:04:11+00:00","og_image":[{"width":1280,"height":600,"url":"https:\/\/bxrepsol.s3.eu-west-1.amazonaws.com\/static\/2022\/08\/10041539\/http___repsolmedia.com_repsolmedia_wp-content_uploads_2022_03_X-Trial22_r2_MARCELLI_3229_ps-scaled-1.jpg","type":"image\/jpeg"}],"author":"Redacci\u00f3n Box Repsol","twitter_card":"summary_large_image","twitter_creator":"@https:\/\/twitter.com\/box_repsol","twitter_site":"@box_repsol","twitter_misc":{"Written by":"Redacci\u00f3n Box Repsol","Est. reading time":"1 minuto"},"schema":{"@context":"https:\/\/schema.org","@graph":[{"@type":"Article","@id":"https:\/\/www.boxrepsol.com\/es\/trial\/gabriel-marcelli-se-recupera-de-una-fractura-en-el-pie-derecho\/#article","isPartOf":{"@id":"https:\/\/www.boxrepsol.com\/es\/trial\/gabriel-marcelli-se-recupera-de-una-fractura-en-el-pie-derecho\/"},"author":{"name":"Redacci\u00f3n Box Repsol","@id":"https:\/\/www.boxrepsol.com\/es\/#\/schema\/person\/c5c2138f2cca251b0ad92b7086bb60b7"},"headline":"Gabriel Marcelli se recupera de una fractura en el pie derecho","datePublished":"2022-04-13T02:00:00+00:00","dateModified":"2024-04-09T09:04:11+00:00","mainEntityOfPage":{"@id":"https:\/\/www.boxrepsol.com\/es\/trial\/gabriel-marcelli-se-recupera-de-una-fractura-en-el-pie-derecho\/"},"wordCount":153,"commentCount":0,"publisher":{"@id":"https:\/\/www.boxrepsol.com\/es\/#organization"},"image":{"@id":"https:\/\/www.boxrepsol.com\/es\/trial\/gabriel-marcelli-se-recupera-de-una-fractura-en-el-pie-derecho\/#primaryimage"},"thumbnailUrl":"https:\/\/bxrepsol.s3.eu-west-1.amazonaws.com\/static\/2022\/08\/10041539\/http___repsolmedia.com_repsolmedia_wp-content_uploads_2022_03_X-Trial22_r2_MARCELLI_3229_ps-scaled-1.jpg","keywords":["2022","Gabri Marcelli","otros eventos y competiciones"],"articleSection":["Trial"],"inLanguage":"es","potentialAction":[{"@type":"CommentAction","name":"Comment","target":["https:\/\/www.boxrepsol.com\/es\/trial\/gabriel-marcelli-se-recupera-de-una-fractura-en-el-pie-derecho\/#respond"]}]},{"@type":"WebPage","@id":"https:\/\/www.boxrepsol.com\/es\/trial\/gabriel-marcelli-se-recupera-de-una-fractura-en-el-pie-derecho\/","url":"https:\/\/www.boxrepsol.com\/es\/trial\/gabriel-marcelli-se-recupera-de-una-fractura-en-el-pie-derecho\/","name":"Gabriel Marcelli se recupera de una fractura en el pie derecho - Box Repsol","isPartOf":{"@id":"https:\/\/www.boxrepsol.com\/es\/#website"},"primaryImageOfPage":{"@id":"https:\/\/www.boxrepsol.com\/es\/trial\/gabriel-marcelli-se-recupera-de-una-fractura-en-el-pie-derecho\/#primaryimage"},"image":{"@id":"https:\/\/www.boxrepsol.com\/es\/trial\/gabriel-marcelli-se-recupera-de-una-fractura-en-el-pie-derecho\/#primaryimage"},"thumbnailUrl":"https:\/\/bxrepsol.s3.eu-west-1.amazonaws.com\/static\/2022\/08\/10041539\/http___repsolmedia.com_repsolmedia_wp-content_uploads_2022_03_X-Trial22_r2_MARCELLI_3229_ps-scaled-1.jpg","datePublished":"2022-04-13T02:00:00+00:00","dateModified":"2024-04-09T09:04:11+00:00","description":"Gabriel Marcelli se recupera de una fractura en el pie derecho. Conoce los avances y el esp\u00edritu de superaci\u00f3n de nuestro piloto de trial.","breadcrumb":{"@id":"https:\/\/www.boxrepsol.com\/es\/trial\/gabriel-marcelli-se-recupera-de-una-fractura-en-el-pie-derecho\/#breadcrumb"},"inLanguage":"es","potentialAction":[{"@type":"ReadAction","target":["https:\/\/www.boxrepsol.com\/es\/trial\/gabriel-marcelli-se-recupera-de-una-fractura-en-el-pie-derecho\/"]}]},{"@type":"ImageObject","inLanguage":"es","@id":"https:\/\/www.boxrepsol.com\/es\/trial\/gabriel-marcelli-se-recupera-de-una-fractura-en-el-pie-derecho\/#primaryimage","url":"https:\/\/bxrepsol.s3.eu-west-1.amazonaws.com\/static\/2022\/08\/10041539\/http___repsolmedia.com_repsolmedia_wp-content_uploads_2022_03_X-Trial22_r2_MARCELLI_3229_ps-scaled-1.jpg","contentUrl":"https:\/\/bxrepsol.s3.eu-west-1.amazonaws.com\/static\/2022\/08\/10041539\/http___repsolmedia.com_repsolmedia_wp-content_uploads_2022_03_X-Trial22_r2_MARCELLI_3229_ps-scaled-1.jpg","width":1280,"height":600},{"@type":"BreadcrumbList","@id":"https:\/\/www.boxrepsol.com\/es\/trial\/gabriel-marcelli-se-recupera-de-una-fractura-en-el-pie-derecho\/#breadcrumb","itemListElement":[{"@type":"ListItem","position":1,"name":"Home","item":"https:\/\/www.boxrepsol.com\/es\/"},{"@type":"ListItem","position":2,"name":"Gabriel Marcelli se recupera de una fractura en el pie derecho"}]},{"@type":"WebSite","@id":"https:\/\/www.boxrepsol.com\/es\/#website","url":"https:\/\/www.boxrepsol.com\/es\/","name":"Box Repsol","description":"Box Repsol Site","publisher":{"@id":"https:\/\/www.boxrepsol.com\/es\/#organization"},"potentialAction":[{"@type":"SearchAction","target":{"@type":"EntryPoint","urlTemplate":"https:\/\/www.boxrepsol.com\/es\/?s={search_term_string}"},"query-input":{"@type":"PropertyValueSpecification","valueRequired":true,"valueName":"search_term_string"}}],"inLanguage":"es"},{"@type":"Organization","@id":"https:\/\/www.boxrepsol.com\/es\/#organization","name":"Box Repsol","url":"https:\/\/www.boxrepsol.com\/es\/","logo":{"@type":"ImageObject","inLanguage":"es","@id":"https:\/\/www.boxrepsol.com\/es\/#\/schema\/logo\/image\/","url":"https:\/\/bxrepsol.s3.eu-west-1.amazonaws.com\/static\/2025\/07\/30083337\/favicon-96x96-1.png","contentUrl":"https:\/\/bxrepsol.s3.eu-west-1.amazonaws.com\/static\/2025\/07\/30083337\/favicon-96x96-1.png","width":96,"height":96,"caption":"Box Repsol"},"image":{"@id":"https:\/\/www.boxrepsol.com\/es\/#\/schema\/logo\/image\/"},"sameAs":["https:\/\/www.facebook.com\/BoxRepsol","https:\/\/x.com\/box_repsol","http:\/\/instagram.com\/box_repsol","https:\/\/www.youtube.com\/user\/RepsolCompeticion","https:\/\/www.flickr.com\/photos\/box_repsol\/"]},{"@type":"Person","@id":"https:\/\/www.boxrepsol.com\/es\/#\/schema\/person\/c5c2138f2cca251b0ad92b7086bb60b7","name":"Redacci\u00f3n Box Repsol","image":{"@type":"ImageObject","inLanguage":"es","@id":"https:\/\/secure.gravatar.com\/avatar\/adf7b77e38b4419baf32c7e9c21dde01f4e40df611f0978e3006fc4ba0aaab7e?s=96&d=mm&r=g","url":"https:\/\/secure.gravatar.com\/avatar\/adf7b77e38b4419baf32c7e9c21dde01f4e40df611f0978e3006fc4ba0aaab7e?s=96&d=mm&r=g","contentUrl":"https:\/\/secure.gravatar.com\/avatar\/adf7b77e38b4419baf32c7e9c21dde01f4e40df611f0978e3006fc4ba0aaab7e?s=96&d=mm&r=g","caption":"Redacci\u00f3n Box Repsol"},"description":"Box Repsol lo forma un equipo de periodistas, community managers, dise\u00f1adores y fot\u00f3grafos con m\u00e1s de 20 a\u00f1os de experiencia en el mundo del motorsport. Hemos vivido el primer mundial de un espa\u00f1ol en la categor\u00eda reina de motociclismo con \u00c1lex Crivill\u00e9, estuvimos en las victorias de Pedrosa y los t\u00edtulos de M\u00e1rquez, acompa\u00f1amos en \u00c1frica a Nani Roma y Marc Coma en sus conquistas del Dakar y hemos vibrado con los t\u00edtulos de Toni Bou en Trial. Adem\u00e1s, en nuestro equipo contamos con expertos en el mundo de las dos y cuatro ruedas tanto de la calle y las carreteras, como de los circuitos. Periodistas que han trabajado en revistas y publicaciones para hacerte llegar desde rutas y consejos de mantenimiento, a curiosidades y trucos de pilotaje.","sameAs":["https:\/\/www.facebook.com\/BoxRepsol\/","https:\/\/www.instagram.com\/box_repsol\/","https:\/\/x.com\/https:\/\/twitter.com\/box_repsol","https:\/\/www.youtube.com\/@Boxrepsol"],"url":"https:\/\/www.boxrepsol.com\/es\/author\/redaccion-box-repsol\/"}]}},"_links":{"self":[{"href":"https:\/\/www.boxrepsol.com\/es\/wp-json\/wp\/v2\/posts\/95310","targetHints":{"allow":["GET"]}}],"collection":[{"href":"https:\/\/www.boxrepsol.com\/es\/wp-json\/wp\/v2\/posts"}],"about":[{"href":"https:\/\/www.boxrepsol.com\/es\/wp-json\/wp\/v2\/types\/post"}],"author":[{"embeddable":true,"href":"https:\/\/www.boxrepsol.com\/es\/wp-json\/wp\/v2\/users\/43146"}],"replies":[{"embeddable":true,"href":"https:\/\/www.boxrepsol.com\/es\/wp-json\/wp\/v2\/comments?post=95310"}],"version-history":[{"count":1,"href":"https:\/\/www.boxrepsol.com\/es\/wp-json\/wp\/v2\/posts\/95310\/revisions"}],"predecessor-version":[{"id":109483,"href":"https:\/\/www.boxrepsol.com\/es\/wp-json\/wp\/v2\/posts\/95310\/revisions\/109483"}],"wp:featuredmedia":[{"embeddable":true,"href":"https:\/\/www.boxrepsol.com\/es\/wp-json\/wp\/v2\/media\/45702"}],"wp:attachment":[{"href":"https:\/\/www.boxrepsol.com\/es\/wp-json\/wp\/v2\/media?parent=95310"}],"wp:term":[{"taxonomy":"category","embeddable":true,"href":"https:\/\/www.boxrepsol.com\/es\/wp-json\/wp\/v2\/categories?post=95310"},{"taxonomy":"post_tag","embeddable":true,"href":"https:\/\/www.boxrepsol.com\/es\/wp-json\/wp\/v2\/tags?post=95310"}],"curies":[{"name":"wp","href":"https:\/\/api.w.org\/{rel}","templated":true}]}}