{"id":95308,"date":"2022-04-11T00:00:00","date_gmt":"2022-04-11T02:00:00","guid":{"rendered":"http:\/\/pre.boxrepsol.com\/sin-categorizar\/es-un-piloto-que-esta-un-paso-por-encima-de-los-demas\/"},"modified":"2024-04-09T07:04:47","modified_gmt":"2024-04-09T09:04:47","slug":"es-un-piloto-que-esta-un-paso-por-encima-de-los-demas","status":"publish","type":"post","link":"https:\/\/www.boxrepsol.com\/es\/motogp\/es-un-piloto-que-esta-un-paso-por-encima-de-los-demas\/","title":{"rendered":"\u00abEs un piloto que est\u00e1 un paso por encima de los dem\u00e1s\u00bb"},"content":{"rendered":"<p>Alberto Puig, Team Manager del equipo Repsol Honda, ha hecho balance del fin de semana en Austin de Marc M\u00e1rquez, que volv\u00eda tras su lesi\u00f3n y protagoniz\u00f3 una vibrante remontada, y de Pol Espargar\u00f3, que tuvo un GP muy dif\u00edcil debido a problemas estomacales.<\/p>\n<p><strong>Marc M\u00e1rquez complet\u00f3&nbsp;una exhibici\u00f3n incre\u00edble en Austin, otra vez\u2026<\/strong><\/p>\n<p>\u00abMarc hizo una carrera realmente impresionante, sinceramente. Tuvo un problema t\u00e9cnico en la salida que fue una pena. Honda HRC est\u00e1 investigando qu\u00e9 pas\u00f3, qu\u00e9 problema hubo y qu\u00e9 soluci\u00f3n hay. Incluso en esta situaci\u00f3n, Marc logr\u00f3 sobreponerse y en la curva 1 la moto funcionaba bien y pudo demostrar su ritmo real. Desde la \u00faltima posici\u00f3n debido a su problema y tras quedarse muy lejos del grupo tras la primera curva, m\u00e1s de seis segundos, demostr\u00f3 que era el piloto m\u00e1s r\u00e1pido en COTA el domingo. Todo el mundo lo vio y realiz\u00f3 una actuaci\u00f3n incre\u00edble\u00bb.<\/p>\n<p><strong>Se va del circuito con 10 puntos&nbsp;despu\u00e9s de lo sucedido en Indonesia, \u00bfes un balance positivo?<\/strong><\/p>\n<p>\u00abMarc no pudo pilotar en Indonesia y tampoco estuvo en Argentina, as\u00ed que estamos muy contentos de que pudiera estar en Texas despu\u00e9s de la ca\u00edda en el Warm up de Mandalika. Pudo mostrar su&nbsp;nivel, que es el mismo de siempre. Es un piloto que est\u00e1 un paso por encima de los dem\u00e1s\u00bb.<\/p>\n<p><strong>\u00bfHay una sensaci\u00f3n positiva para las carreras europeas?<\/strong><\/p>\n<p>\u00abVamos a Europa y empezaremos con dos circuitos que a Marc le gustan, disfruta tanto en Portimao como en Jerez. El Mundial est\u00e1 muy abierto, porque Marc est\u00e1 solo a 40 puntos del l\u00edder, pese a perderse dos carreras, y es la temporada m\u00e1s larga que hemos tenido nunca. Todav\u00eda quedan m\u00e1s de 300 puntos en juego y ya hemos visto que pueden pasar muchas cosas en 2022. Lucharemos como los dem\u00e1s equipos y pilotos, y mantendremos la misma mentalidad que tenemos siempre, que es intentar ganar\u00bb.<\/p>\n<p><strong>Pol Espargar\u00f3 tuvo uno de los fines de semana m\u00e1s duros de su carrera como piloto\u2026<\/strong><\/p>\n<p>\u00abDesgraciadamente Pol sufri\u00f3 desde que lleg\u00f3 a los Estados Unidos. Tuvo una intoxicaci\u00f3n alimentaria al principio de la semana y ha estado destruido durante todo el fin de semana. Cuando tienes problemas en el est\u00f3mago, pierdes toda la fuerza y en un circuito como COTA, que es superf\u00edsico, es un problema aun mayor. Dio el m\u00e1ximo y sum\u00f3 algunos puntos, que es lo que m\u00e1s valoramos. Ha estado sufriendo mucho y ha sido una mala experiencia para \u00e9l\u00bb.<\/p>\n<p><strong>Ahora empiezan las carreras en Europa. \u00bfC\u00f3mo resumir\u00edas el inicio de la temporada?<\/strong><\/p>\n<p>\u00abEn general, hemos tenido bastantes problemas al inicio del Mundial, aunque Pol est\u00e1 a 38 puntos de Bastianini y Marc solo a 40. As\u00ed que pensamos de forma positiva, intentaremos luchar y recuperar esta diferencia. Nuestra mentalidad es intentar ganar y ese es nuestro objetivo. En Austin todo el mundo pudo ver c\u00f3mo estaba pilotando Marc, y puedes entender el potencial de un piloto cuando sale \u00faltimo y tiene que recuperar muchos segundos, casi seis despu\u00e9s de la primera vuelta, y termin\u00f3 \u00fanicamente a seis segundos del primero. A buen entendedor pocas palabras bastan\u00bb.<\/p>\n","protected":false},"excerpt":{"rendered":"<p>El Team Manager del equipo Repsol Honda analiza el Gran Premio de las Am\u00e9ricas tras la remontada de Marc M\u00e1rquez y el fin de semana complicado de Pol Espargar\u00f3.<\/p>\n","protected":false},"author":43146,"featured_media":45688,"comment_status":"open","ping_status":"open","sticky":false,"template":"","format":"standard","meta":{"footnotes":""},"categories":[4],"tags":[120,50,155],"class_list":["post-95308","post","type-post","status-publish","format-standard","hentry","category-motogp","tag-120","tag-equipo-repsol-honda","tag-motogp-americas"],"yoast_head":"<!-- This site is optimized with the Yoast SEO plugin v27.3 - https:\/\/yoast.com\/product\/yoast-seo-wordpress\/ -->\n<title>&quot;Es un piloto que est\u00e1 un paso por encima de los dem\u00e1s&quot; - Box Repsol<\/title>\n<meta name=\"description\" content=\"Conoce el balance que hace Alberto Puig, Team Manager sobre los pilotos del equipo Repsol Honda tras finalizar el GP de Austin.\" \/>\n<link rel=\"canonical\" href=\"https:\/\/www.boxrepsol.com\/es\/motogp\/es-un-piloto-que-esta-un-paso-por-encima-de-los-demas\/\" \/>\n<meta property=\"og:locale\" content=\"es_ES\" \/>\n<meta property=\"og:type\" content=\"article\" \/>\n<meta property=\"og:title\" content=\"&quot;Es un piloto que est\u00e1 un paso por encima de los dem\u00e1s&quot; - Box Repsol\" \/>\n<meta property=\"og:description\" content=\"Conoce el balance que hace Alberto Puig, Team Manager sobre los pilotos del equipo Repsol Honda tras finalizar el GP de Austin.\" \/>\n<meta property=\"og:url\" content=\"https:\/\/www.boxrepsol.com\/es\/motogp\/es-un-piloto-que-esta-un-paso-por-encima-de-los-demas\/\" \/>\n<meta property=\"og:site_name\" content=\"Box Repsol\" \/>\n<meta property=\"article:publisher\" content=\"https:\/\/www.facebook.com\/BoxRepsol\" \/>\n<meta property=\"article:author\" content=\"https:\/\/www.facebook.com\/BoxRepsol\/\" \/>\n<meta property=\"article:published_time\" content=\"2022-04-11T02:00:00+00:00\" \/>\n<meta property=\"article:modified_time\" content=\"2024-04-09T09:04:47+00:00\" \/>\n<meta property=\"og:image\" content=\"https:\/\/bxrepsol.s3.eu-west-1.amazonaws.com\/static\/2022\/08\/10041530\/TR_Austin3.jpg\" \/>\n\t<meta property=\"og:image:width\" content=\"1200\" \/>\n\t<meta property=\"og:image:height\" content=\"675\" \/>\n\t<meta property=\"og:image:type\" content=\"image\/jpeg\" \/>\n<meta name=\"author\" content=\"Redacci\u00f3n Box Repsol\" \/>\n<meta name=\"twitter:card\" content=\"summary_large_image\" \/>\n<meta name=\"twitter:creator\" content=\"@https:\/\/twitter.com\/box_repsol\" \/>\n<meta name=\"twitter:site\" content=\"@box_repsol\" \/>\n<meta name=\"twitter:label1\" content=\"Written by\" \/>\n\t<meta name=\"twitter:data1\" content=\"Redacci\u00f3n Box Repsol\" \/>\n\t<meta name=\"twitter:label2\" content=\"Est. reading time\" \/>\n\t<meta name=\"twitter:data2\" content=\"3 minutos\" \/>\n<script type=\"application\/ld+json\" class=\"yoast-schema-graph\">{\"@context\":\"https:\\\/\\\/schema.org\",\"@graph\":[{\"@type\":\"Article\",\"@id\":\"https:\\\/\\\/www.boxrepsol.com\\\/es\\\/motogp\\\/es-un-piloto-que-esta-un-paso-por-encima-de-los-demas\\\/#article\",\"isPartOf\":{\"@id\":\"https:\\\/\\\/www.boxrepsol.com\\\/es\\\/motogp\\\/es-un-piloto-que-esta-un-paso-por-encima-de-los-demas\\\/\"},\"author\":{\"name\":\"Redacci\u00f3n Box Repsol\",\"@id\":\"https:\\\/\\\/www.boxrepsol.com\\\/es\\\/#\\\/schema\\\/person\\\/c5c2138f2cca251b0ad92b7086bb60b7\"},\"headline\":\"\u00abEs un piloto que est\u00e1 un paso por encima de los dem\u00e1s\u00bb\",\"datePublished\":\"2022-04-11T02:00:00+00:00\",\"dateModified\":\"2024-04-09T09:04:47+00:00\",\"mainEntityOfPage\":{\"@id\":\"https:\\\/\\\/www.boxrepsol.com\\\/es\\\/motogp\\\/es-un-piloto-que-esta-un-paso-por-encima-de-los-demas\\\/\"},\"wordCount\":563,\"commentCount\":0,\"publisher\":{\"@id\":\"https:\\\/\\\/www.boxrepsol.com\\\/es\\\/#organization\"},\"image\":{\"@id\":\"https:\\\/\\\/www.boxrepsol.com\\\/es\\\/motogp\\\/es-un-piloto-que-esta-un-paso-por-encima-de-los-demas\\\/#primaryimage\"},\"thumbnailUrl\":\"https:\\\/\\\/bxrepsol.s3.eu-west-1.amazonaws.com\\\/static\\\/2022\\\/08\\\/10041530\\\/TR_Austin3.jpg\",\"keywords\":[\"2022\",\"Equipo Repsol Honda\",\"MotoGP Americas\"],\"articleSection\":[\"MotoGP\"],\"inLanguage\":\"es\",\"potentialAction\":[{\"@type\":\"CommentAction\",\"name\":\"Comment\",\"target\":[\"https:\\\/\\\/www.boxrepsol.com\\\/es\\\/motogp\\\/es-un-piloto-que-esta-un-paso-por-encima-de-los-demas\\\/#respond\"]}]},{\"@type\":\"WebPage\",\"@id\":\"https:\\\/\\\/www.boxrepsol.com\\\/es\\\/motogp\\\/es-un-piloto-que-esta-un-paso-por-encima-de-los-demas\\\/\",\"url\":\"https:\\\/\\\/www.boxrepsol.com\\\/es\\\/motogp\\\/es-un-piloto-que-esta-un-paso-por-encima-de-los-demas\\\/\",\"name\":\"\\\"Es un piloto que est\u00e1 un paso por encima de los dem\u00e1s\\\" - Box Repsol\",\"isPartOf\":{\"@id\":\"https:\\\/\\\/www.boxrepsol.com\\\/es\\\/#website\"},\"primaryImageOfPage\":{\"@id\":\"https:\\\/\\\/www.boxrepsol.com\\\/es\\\/motogp\\\/es-un-piloto-que-esta-un-paso-por-encima-de-los-demas\\\/#primaryimage\"},\"image\":{\"@id\":\"https:\\\/\\\/www.boxrepsol.com\\\/es\\\/motogp\\\/es-un-piloto-que-esta-un-paso-por-encima-de-los-demas\\\/#primaryimage\"},\"thumbnailUrl\":\"https:\\\/\\\/bxrepsol.s3.eu-west-1.amazonaws.com\\\/static\\\/2022\\\/08\\\/10041530\\\/TR_Austin3.jpg\",\"datePublished\":\"2022-04-11T02:00:00+00:00\",\"dateModified\":\"2024-04-09T09:04:47+00:00\",\"description\":\"Conoce el balance que hace Alberto Puig, Team Manager sobre los pilotos del equipo Repsol Honda tras finalizar el GP de Austin.\",\"breadcrumb\":{\"@id\":\"https:\\\/\\\/www.boxrepsol.com\\\/es\\\/motogp\\\/es-un-piloto-que-esta-un-paso-por-encima-de-los-demas\\\/#breadcrumb\"},\"inLanguage\":\"es\",\"potentialAction\":[{\"@type\":\"ReadAction\",\"target\":[\"https:\\\/\\\/www.boxrepsol.com\\\/es\\\/motogp\\\/es-un-piloto-que-esta-un-paso-por-encima-de-los-demas\\\/\"]}]},{\"@type\":\"ImageObject\",\"inLanguage\":\"es\",\"@id\":\"https:\\\/\\\/www.boxrepsol.com\\\/es\\\/motogp\\\/es-un-piloto-que-esta-un-paso-por-encima-de-los-demas\\\/#primaryimage\",\"url\":\"https:\\\/\\\/bxrepsol.s3.eu-west-1.amazonaws.com\\\/static\\\/2022\\\/08\\\/10041530\\\/TR_Austin3.jpg\",\"contentUrl\":\"https:\\\/\\\/bxrepsol.s3.eu-west-1.amazonaws.com\\\/static\\\/2022\\\/08\\\/10041530\\\/TR_Austin3.jpg\",\"width\":1200,\"height\":675},{\"@type\":\"BreadcrumbList\",\"@id\":\"https:\\\/\\\/www.boxrepsol.com\\\/es\\\/motogp\\\/es-un-piloto-que-esta-un-paso-por-encima-de-los-demas\\\/#breadcrumb\",\"itemListElement\":[{\"@type\":\"ListItem\",\"position\":1,\"name\":\"Home\",\"item\":\"https:\\\/\\\/www.boxrepsol.com\\\/es\\\/\"},{\"@type\":\"ListItem\",\"position\":2,\"name\":\"\u00abEs un piloto que est\u00e1 un paso por encima de los dem\u00e1s\u00bb\"}]},{\"@type\":\"WebSite\",\"@id\":\"https:\\\/\\\/www.boxrepsol.com\\\/es\\\/#website\",\"url\":\"https:\\\/\\\/www.boxrepsol.com\\\/es\\\/\",\"name\":\"Box Repsol\",\"description\":\"Box Repsol Site\",\"publisher\":{\"@id\":\"https:\\\/\\\/www.boxrepsol.com\\\/es\\\/#organization\"},\"potentialAction\":[{\"@type\":\"SearchAction\",\"target\":{\"@type\":\"EntryPoint\",\"urlTemplate\":\"https:\\\/\\\/www.boxrepsol.com\\\/es\\\/?s={search_term_string}\"},\"query-input\":{\"@type\":\"PropertyValueSpecification\",\"valueRequired\":true,\"valueName\":\"search_term_string\"}}],\"inLanguage\":\"es\"},{\"@type\":\"Organization\",\"@id\":\"https:\\\/\\\/www.boxrepsol.com\\\/es\\\/#organization\",\"name\":\"Box Repsol\",\"url\":\"https:\\\/\\\/www.boxrepsol.com\\\/es\\\/\",\"logo\":{\"@type\":\"ImageObject\",\"inLanguage\":\"es\",\"@id\":\"https:\\\/\\\/www.boxrepsol.com\\\/es\\\/#\\\/schema\\\/logo\\\/image\\\/\",\"url\":\"https:\\\/\\\/bxrepsol.s3.eu-west-1.amazonaws.com\\\/static\\\/2025\\\/07\\\/30083337\\\/favicon-96x96-1.png\",\"contentUrl\":\"https:\\\/\\\/bxrepsol.s3.eu-west-1.amazonaws.com\\\/static\\\/2025\\\/07\\\/30083337\\\/favicon-96x96-1.png\",\"width\":96,\"height\":96,\"caption\":\"Box Repsol\"},\"image\":{\"@id\":\"https:\\\/\\\/www.boxrepsol.com\\\/es\\\/#\\\/schema\\\/logo\\\/image\\\/\"},\"sameAs\":[\"https:\\\/\\\/www.facebook.com\\\/BoxRepsol\",\"https:\\\/\\\/x.com\\\/box_repsol\",\"http:\\\/\\\/instagram.com\\\/box_repsol\",\"https:\\\/\\\/www.youtube.com\\\/user\\\/RepsolCompeticion\",\"https:\\\/\\\/www.flickr.com\\\/photos\\\/box_repsol\\\/\"]},{\"@type\":\"Person\",\"@id\":\"https:\\\/\\\/www.boxrepsol.com\\\/es\\\/#\\\/schema\\\/person\\\/c5c2138f2cca251b0ad92b7086bb60b7\",\"name\":\"Redacci\u00f3n Box Repsol\",\"image\":{\"@type\":\"ImageObject\",\"inLanguage\":\"es\",\"@id\":\"https:\\\/\\\/secure.gravatar.com\\\/avatar\\\/adf7b77e38b4419baf32c7e9c21dde01f4e40df611f0978e3006fc4ba0aaab7e?s=96&d=mm&r=g\",\"url\":\"https:\\\/\\\/secure.gravatar.com\\\/avatar\\\/adf7b77e38b4419baf32c7e9c21dde01f4e40df611f0978e3006fc4ba0aaab7e?s=96&d=mm&r=g\",\"contentUrl\":\"https:\\\/\\\/secure.gravatar.com\\\/avatar\\\/adf7b77e38b4419baf32c7e9c21dde01f4e40df611f0978e3006fc4ba0aaab7e?s=96&d=mm&r=g\",\"caption\":\"Redacci\u00f3n Box Repsol\"},\"description\":\"Box Repsol lo forma un equipo de periodistas, community managers, dise\u00f1adores y fot\u00f3grafos con m\u00e1s de 20 a\u00f1os de experiencia en el mundo del motorsport. Hemos vivido el primer mundial de un espa\u00f1ol en la categor\u00eda reina de motociclismo con \u00c1lex Crivill\u00e9, estuvimos en las victorias de Pedrosa y los t\u00edtulos de M\u00e1rquez, acompa\u00f1amos en \u00c1frica a Nani Roma y Marc Coma en sus conquistas del Dakar y hemos vibrado con los t\u00edtulos de Toni Bou en Trial. Adem\u00e1s, en nuestro equipo contamos con expertos en el mundo de las dos y cuatro ruedas tanto de la calle y las carreteras, como de los circuitos. Periodistas que han trabajado en revistas y publicaciones para hacerte llegar desde rutas y consejos de mantenimiento, a curiosidades y trucos de pilotaje.\",\"sameAs\":[\"https:\\\/\\\/www.facebook.com\\\/BoxRepsol\\\/\",\"https:\\\/\\\/www.instagram.com\\\/box_repsol\\\/\",\"https:\\\/\\\/x.com\\\/https:\\\/\\\/twitter.com\\\/box_repsol\",\"https:\\\/\\\/www.youtube.com\\\/@Boxrepsol\"],\"url\":\"https:\\\/\\\/www.boxrepsol.com\\\/es\\\/author\\\/redaccion-box-repsol\\\/\"}]}<\/script>\n<!-- \/ Yoast SEO plugin. -->","yoast_head_json":{"title":"\"Es un piloto que est\u00e1 un paso por encima de los dem\u00e1s\" - Box Repsol","description":"Conoce el balance que hace Alberto Puig, Team Manager sobre los pilotos del equipo Repsol Honda tras finalizar el GP de Austin.","canonical":"https:\/\/www.boxrepsol.com\/es\/motogp\/es-un-piloto-que-esta-un-paso-por-encima-de-los-demas\/","og_locale":"es_ES","og_type":"article","og_title":"\"Es un piloto que est\u00e1 un paso por encima de los dem\u00e1s\" - Box Repsol","og_description":"Conoce el balance que hace Alberto Puig, Team Manager sobre los pilotos del equipo Repsol Honda tras finalizar el GP de Austin.","og_url":"https:\/\/www.boxrepsol.com\/es\/motogp\/es-un-piloto-que-esta-un-paso-por-encima-de-los-demas\/","og_site_name":"Box Repsol","article_publisher":"https:\/\/www.facebook.com\/BoxRepsol","article_author":"https:\/\/www.facebook.com\/BoxRepsol\/","article_published_time":"2022-04-11T02:00:00+00:00","article_modified_time":"2024-04-09T09:04:47+00:00","og_image":[{"width":1200,"height":675,"url":"https:\/\/bxrepsol.s3.eu-west-1.amazonaws.com\/static\/2022\/08\/10041530\/TR_Austin3.jpg","type":"image\/jpeg"}],"author":"Redacci\u00f3n Box Repsol","twitter_card":"summary_large_image","twitter_creator":"@https:\/\/twitter.com\/box_repsol","twitter_site":"@box_repsol","twitter_misc":{"Written by":"Redacci\u00f3n Box Repsol","Est. reading time":"3 minutos"},"schema":{"@context":"https:\/\/schema.org","@graph":[{"@type":"Article","@id":"https:\/\/www.boxrepsol.com\/es\/motogp\/es-un-piloto-que-esta-un-paso-por-encima-de-los-demas\/#article","isPartOf":{"@id":"https:\/\/www.boxrepsol.com\/es\/motogp\/es-un-piloto-que-esta-un-paso-por-encima-de-los-demas\/"},"author":{"name":"Redacci\u00f3n Box Repsol","@id":"https:\/\/www.boxrepsol.com\/es\/#\/schema\/person\/c5c2138f2cca251b0ad92b7086bb60b7"},"headline":"\u00abEs un piloto que est\u00e1 un paso por encima de los dem\u00e1s\u00bb","datePublished":"2022-04-11T02:00:00+00:00","dateModified":"2024-04-09T09:04:47+00:00","mainEntityOfPage":{"@id":"https:\/\/www.boxrepsol.com\/es\/motogp\/es-un-piloto-que-esta-un-paso-por-encima-de-los-demas\/"},"wordCount":563,"commentCount":0,"publisher":{"@id":"https:\/\/www.boxrepsol.com\/es\/#organization"},"image":{"@id":"https:\/\/www.boxrepsol.com\/es\/motogp\/es-un-piloto-que-esta-un-paso-por-encima-de-los-demas\/#primaryimage"},"thumbnailUrl":"https:\/\/bxrepsol.s3.eu-west-1.amazonaws.com\/static\/2022\/08\/10041530\/TR_Austin3.jpg","keywords":["2022","Equipo Repsol Honda","MotoGP Americas"],"articleSection":["MotoGP"],"inLanguage":"es","potentialAction":[{"@type":"CommentAction","name":"Comment","target":["https:\/\/www.boxrepsol.com\/es\/motogp\/es-un-piloto-que-esta-un-paso-por-encima-de-los-demas\/#respond"]}]},{"@type":"WebPage","@id":"https:\/\/www.boxrepsol.com\/es\/motogp\/es-un-piloto-que-esta-un-paso-por-encima-de-los-demas\/","url":"https:\/\/www.boxrepsol.com\/es\/motogp\/es-un-piloto-que-esta-un-paso-por-encima-de-los-demas\/","name":"\"Es un piloto que est\u00e1 un paso por encima de los dem\u00e1s\" - Box Repsol","isPartOf":{"@id":"https:\/\/www.boxrepsol.com\/es\/#website"},"primaryImageOfPage":{"@id":"https:\/\/www.boxrepsol.com\/es\/motogp\/es-un-piloto-que-esta-un-paso-por-encima-de-los-demas\/#primaryimage"},"image":{"@id":"https:\/\/www.boxrepsol.com\/es\/motogp\/es-un-piloto-que-esta-un-paso-por-encima-de-los-demas\/#primaryimage"},"thumbnailUrl":"https:\/\/bxrepsol.s3.eu-west-1.amazonaws.com\/static\/2022\/08\/10041530\/TR_Austin3.jpg","datePublished":"2022-04-11T02:00:00+00:00","dateModified":"2024-04-09T09:04:47+00:00","description":"Conoce el balance que hace Alberto Puig, Team Manager sobre los pilotos del equipo Repsol Honda tras finalizar el GP de Austin.","breadcrumb":{"@id":"https:\/\/www.boxrepsol.com\/es\/motogp\/es-un-piloto-que-esta-un-paso-por-encima-de-los-demas\/#breadcrumb"},"inLanguage":"es","potentialAction":[{"@type":"ReadAction","target":["https:\/\/www.boxrepsol.com\/es\/motogp\/es-un-piloto-que-esta-un-paso-por-encima-de-los-demas\/"]}]},{"@type":"ImageObject","inLanguage":"es","@id":"https:\/\/www.boxrepsol.com\/es\/motogp\/es-un-piloto-que-esta-un-paso-por-encima-de-los-demas\/#primaryimage","url":"https:\/\/bxrepsol.s3.eu-west-1.amazonaws.com\/static\/2022\/08\/10041530\/TR_Austin3.jpg","contentUrl":"https:\/\/bxrepsol.s3.eu-west-1.amazonaws.com\/static\/2022\/08\/10041530\/TR_Austin3.jpg","width":1200,"height":675},{"@type":"BreadcrumbList","@id":"https:\/\/www.boxrepsol.com\/es\/motogp\/es-un-piloto-que-esta-un-paso-por-encima-de-los-demas\/#breadcrumb","itemListElement":[{"@type":"ListItem","position":1,"name":"Home","item":"https:\/\/www.boxrepsol.com\/es\/"},{"@type":"ListItem","position":2,"name":"\u00abEs un piloto que est\u00e1 un paso por encima de los dem\u00e1s\u00bb"}]},{"@type":"WebSite","@id":"https:\/\/www.boxrepsol.com\/es\/#website","url":"https:\/\/www.boxrepsol.com\/es\/","name":"Box Repsol","description":"Box Repsol Site","publisher":{"@id":"https:\/\/www.boxrepsol.com\/es\/#organization"},"potentialAction":[{"@type":"SearchAction","target":{"@type":"EntryPoint","urlTemplate":"https:\/\/www.boxrepsol.com\/es\/?s={search_term_string}"},"query-input":{"@type":"PropertyValueSpecification","valueRequired":true,"valueName":"search_term_string"}}],"inLanguage":"es"},{"@type":"Organization","@id":"https:\/\/www.boxrepsol.com\/es\/#organization","name":"Box Repsol","url":"https:\/\/www.boxrepsol.com\/es\/","logo":{"@type":"ImageObject","inLanguage":"es","@id":"https:\/\/www.boxrepsol.com\/es\/#\/schema\/logo\/image\/","url":"https:\/\/bxrepsol.s3.eu-west-1.amazonaws.com\/static\/2025\/07\/30083337\/favicon-96x96-1.png","contentUrl":"https:\/\/bxrepsol.s3.eu-west-1.amazonaws.com\/static\/2025\/07\/30083337\/favicon-96x96-1.png","width":96,"height":96,"caption":"Box Repsol"},"image":{"@id":"https:\/\/www.boxrepsol.com\/es\/#\/schema\/logo\/image\/"},"sameAs":["https:\/\/www.facebook.com\/BoxRepsol","https:\/\/x.com\/box_repsol","http:\/\/instagram.com\/box_repsol","https:\/\/www.youtube.com\/user\/RepsolCompeticion","https:\/\/www.flickr.com\/photos\/box_repsol\/"]},{"@type":"Person","@id":"https:\/\/www.boxrepsol.com\/es\/#\/schema\/person\/c5c2138f2cca251b0ad92b7086bb60b7","name":"Redacci\u00f3n Box Repsol","image":{"@type":"ImageObject","inLanguage":"es","@id":"https:\/\/secure.gravatar.com\/avatar\/adf7b77e38b4419baf32c7e9c21dde01f4e40df611f0978e3006fc4ba0aaab7e?s=96&d=mm&r=g","url":"https:\/\/secure.gravatar.com\/avatar\/adf7b77e38b4419baf32c7e9c21dde01f4e40df611f0978e3006fc4ba0aaab7e?s=96&d=mm&r=g","contentUrl":"https:\/\/secure.gravatar.com\/avatar\/adf7b77e38b4419baf32c7e9c21dde01f4e40df611f0978e3006fc4ba0aaab7e?s=96&d=mm&r=g","caption":"Redacci\u00f3n Box Repsol"},"description":"Box Repsol lo forma un equipo de periodistas, community managers, dise\u00f1adores y fot\u00f3grafos con m\u00e1s de 20 a\u00f1os de experiencia en el mundo del motorsport. Hemos vivido el primer mundial de un espa\u00f1ol en la categor\u00eda reina de motociclismo con \u00c1lex Crivill\u00e9, estuvimos en las victorias de Pedrosa y los t\u00edtulos de M\u00e1rquez, acompa\u00f1amos en \u00c1frica a Nani Roma y Marc Coma en sus conquistas del Dakar y hemos vibrado con los t\u00edtulos de Toni Bou en Trial. Adem\u00e1s, en nuestro equipo contamos con expertos en el mundo de las dos y cuatro ruedas tanto de la calle y las carreteras, como de los circuitos. Periodistas que han trabajado en revistas y publicaciones para hacerte llegar desde rutas y consejos de mantenimiento, a curiosidades y trucos de pilotaje.","sameAs":["https:\/\/www.facebook.com\/BoxRepsol\/","https:\/\/www.instagram.com\/box_repsol\/","https:\/\/x.com\/https:\/\/twitter.com\/box_repsol","https:\/\/www.youtube.com\/@Boxrepsol"],"url":"https:\/\/www.boxrepsol.com\/es\/author\/redaccion-box-repsol\/"}]}},"_links":{"self":[{"href":"https:\/\/www.boxrepsol.com\/es\/wp-json\/wp\/v2\/posts\/95308","targetHints":{"allow":["GET"]}}],"collection":[{"href":"https:\/\/www.boxrepsol.com\/es\/wp-json\/wp\/v2\/posts"}],"about":[{"href":"https:\/\/www.boxrepsol.com\/es\/wp-json\/wp\/v2\/types\/post"}],"author":[{"embeddable":true,"href":"https:\/\/www.boxrepsol.com\/es\/wp-json\/wp\/v2\/users\/43146"}],"replies":[{"embeddable":true,"href":"https:\/\/www.boxrepsol.com\/es\/wp-json\/wp\/v2\/comments?post=95308"}],"version-history":[{"count":1,"href":"https:\/\/www.boxrepsol.com\/es\/wp-json\/wp\/v2\/posts\/95308\/revisions"}],"predecessor-version":[{"id":109456,"href":"https:\/\/www.boxrepsol.com\/es\/wp-json\/wp\/v2\/posts\/95308\/revisions\/109456"}],"wp:featuredmedia":[{"embeddable":true,"href":"https:\/\/www.boxrepsol.com\/es\/wp-json\/wp\/v2\/media\/45688"}],"wp:attachment":[{"href":"https:\/\/www.boxrepsol.com\/es\/wp-json\/wp\/v2\/media?parent=95308"}],"wp:term":[{"taxonomy":"category","embeddable":true,"href":"https:\/\/www.boxrepsol.com\/es\/wp-json\/wp\/v2\/categories?post=95308"},{"taxonomy":"post_tag","embeddable":true,"href":"https:\/\/www.boxrepsol.com\/es\/wp-json\/wp\/v2\/tags?post=95308"}],"curies":[{"name":"wp","href":"https:\/\/api.w.org\/{rel}","templated":true}]}}