{"id":95307,"date":"2022-04-10T00:00:00","date_gmt":"2022-04-10T02:00:00","guid":{"rendered":"http:\/\/pre.boxrepsol.com\/sin-categorizar\/toni-bou-suma-en-el-palau-sant-jordi-su-cuarta-victoria-de-la-temporada\/"},"modified":"2024-04-09T07:05:31","modified_gmt":"2024-04-09T09:05:31","slug":"toni-bou-suma-en-el-palau-sant-jordi-su-cuarta-victoria-de-la-temporada","status":"publish","type":"post","link":"https:\/\/www.boxrepsol.com\/es\/trial\/toni-bou-suma-en-el-palau-sant-jordi-su-cuarta-victoria-de-la-temporada\/","title":{"rendered":"Toni Bou suma en el Palau Sant Jordi su cuarta victoria de la temporada"},"content":{"rendered":"<p>El Mundial de <strong>X-Trial<\/strong> ha vuelto esta tarde a <strong>Barcelona<\/strong> cinco meses despu\u00e9s de coronar por trig\u00e9sima vez a <strong>Toni Bou<\/strong> como Campe\u00f3n del Mundo. El piloto espa\u00f1ol ha alcanzado la decimoquinta victoria en &#8216;su casa&#8217; y la cuarta de la temporada. Por su parte, <strong>Gabriel Marcelli<\/strong> se ha visto perjudicado por la ca\u00edda de la semana pasada en Madrid y no ha conseguido superar la primera ronda.<\/p>\n<p><strong>Bou<\/strong> ha liderado el primer paso por las zonas del Sant Jordi, empatado a puntos con Adam Raga &#8211; 8 -, aunque siendo el del equipo <strong>Repsol Honda<\/strong> el m\u00e1s r\u00e1pido. En esa misma vuelta, su compa\u00f1ero perd\u00eda la oportunidad de pasar de ronda al acumular 23 puntos de penalizaci\u00f3n.<\/p>\n<p>En la semifinal, el treinta veces Campe\u00f3n del Mundo ha vuelto a dominar con 9 puntos. Ya en la final, el de Piera ha disputado una apretada ronda con Raga y Grattarola saliendo victorioso con 4 puntos de ventaja.<\/p>\n<p>Con este primer puesto, <strong>Toni Bou<\/strong> es m\u00e1s l\u00edder con 87 puntos en la general, 30 m\u00e1s que el segundo clasificado. <strong>Marcelli<\/strong> es quinto, con 18 puntos. La pr\u00f3xima cita ser\u00e1 dentro de seis meses en Andorra, el 8 de octubre.<\/p>\n<h3>Declaraciones de los pilotos<\/h3>\n<p><strong>Toni Bou<\/strong><\/p>\n<p>\u00ab<em>Estoy muy contento por c\u00f3mo ha ido la noche. He hecho cosas incre\u00edbles, pero tambi\u00e9n he hecho un error muy grande en la final. Posiblemente, he entrado un poco nervioso, me he quedado un poco corto en el primer paso y ha sido sorprendente quedarme all\u00ed. Afortunadamente, hemos reaccionado r\u00e1pido porque sab\u00eda que la siguiente zona era muy importante y complicada y sab\u00eda que ah\u00ed estaba la carrera. Y as\u00ed ha sido. Hoy he podido sumar 22 puntos m\u00e1s en el campeonato. Es incre\u00edble c\u00f3mo hemos arrancado este Mundial de X-Trial, con cuatro victorias de cuatro posibles y s\u00f3lo se nos ha escapado un punto extra de todas las rondas. Estoy muy contento por c\u00f3mo est\u00e1n yendo las cosas, a pesar de que Adam est\u00e1 muy en forma y me lo est\u00e1 poniendo dif\u00edcil. Ahora toca desconectar del indoor pero tengo muchas ganas de ir a Andorra<\/em>\u00ab.<\/p>\n<p><strong>Gabriel Marcelli<\/strong><\/p>\n<p>\u00ab<em>La verdad es que la ca\u00edda de Madrid me ha condicionado un poco. Adem\u00e1s, he cometido un par de errores bastante grandes, ha sido culpa m\u00eda, no hay duda. Igual he vuelto a empezar un poco m\u00e1s nervioso de lo normal, tendr\u00e9 que empezar a controlar un poco m\u00e1s los nervios y seguro que en las pr\u00f3ximas carreras ir\u00e1 todo mucho mejor. Nos hemos quedado muy cerca de entrar en la semifinal y, a pesar de no estar al 100% creo que he hecho una vuelta para estar en la semifinal, pero as\u00ed son las carreras<\/em>\u00ab.<\/p>\n","protected":false},"excerpt":{"rendered":"<p>El piloto del Equipo Repsol Honda logra un nuevo triunfo en Barcelona, a un paso del 16\u00ba t\u00edtulo de X-Trial. Gabriel Marcelli se ha quedado a las puertas de la semifinal.<\/p>\n","protected":false},"author":43146,"featured_media":45675,"comment_status":"open","ping_status":"open","sticky":false,"template":"","format":"standard","meta":{"footnotes":""},"categories":[23],"tags":[120,203,130,21],"class_list":["post-95307","post","type-post","status-publish","format-standard","hentry","category-trial","tag-120","tag-gabri-marcelli","tag-otros-eventos-y-competiciones","tag-toni-bou"],"yoast_head":"<!-- This site is optimized with the Yoast SEO plugin v27.3 - https:\/\/yoast.com\/product\/yoast-seo-wordpress\/ -->\n<title>Toni Bou suma en el Palau Sant Jordi su cuarta victoria de la temporada - Box Repsol<\/title>\n<link rel=\"canonical\" href=\"https:\/\/www.boxrepsol.com\/es\/trial\/toni-bou-suma-en-el-palau-sant-jordi-su-cuarta-victoria-de-la-temporada\/\" \/>\n<meta property=\"og:locale\" content=\"es_ES\" \/>\n<meta property=\"og:type\" content=\"article\" \/>\n<meta property=\"og:title\" content=\"Toni Bou suma en el Palau Sant Jordi su cuarta victoria de la temporada - Box Repsol\" \/>\n<meta property=\"og:description\" content=\"El piloto del Equipo Repsol Honda logra un nuevo triunfo en Barcelona, a un paso del 16\u00ba t\u00edtulo de X-Trial. Gabriel Marcelli se ha quedado a las puertas de la semifinal.\" \/>\n<meta property=\"og:url\" content=\"https:\/\/www.boxrepsol.com\/es\/trial\/toni-bou-suma-en-el-palau-sant-jordi-su-cuarta-victoria-de-la-temporada\/\" \/>\n<meta property=\"og:site_name\" content=\"Box Repsol\" \/>\n<meta property=\"article:publisher\" content=\"https:\/\/www.facebook.com\/BoxRepsol\" \/>\n<meta property=\"article:author\" content=\"https:\/\/www.facebook.com\/BoxRepsol\/\" \/>\n<meta property=\"article:published_time\" content=\"2022-04-10T02:00:00+00:00\" \/>\n<meta property=\"article:modified_time\" content=\"2024-04-09T09:05:31+00:00\" \/>\n<meta property=\"og:image\" content=\"https:\/\/bxrepsol.s3.eu-west-1.amazonaws.com\/static\/2022\/08\/10041512\/http___repsolmedia.com_repsolmedia_wp-content_uploads_2022_04_X-Trial22_r4_BOU_8972_ps-scaled-1.jpg\" \/>\n\t<meta property=\"og:image:width\" content=\"1280\" \/>\n\t<meta property=\"og:image:height\" content=\"600\" \/>\n\t<meta property=\"og:image:type\" content=\"image\/jpeg\" \/>\n<meta name=\"author\" content=\"Redacci\u00f3n Box Repsol\" \/>\n<meta name=\"twitter:card\" content=\"summary_large_image\" \/>\n<meta name=\"twitter:creator\" content=\"@https:\/\/twitter.com\/box_repsol\" \/>\n<meta name=\"twitter:site\" content=\"@box_repsol\" \/>\n<meta name=\"twitter:label1\" content=\"Written by\" \/>\n\t<meta name=\"twitter:data1\" content=\"Redacci\u00f3n Box Repsol\" \/>\n\t<meta name=\"twitter:label2\" content=\"Est. reading time\" \/>\n\t<meta name=\"twitter:data2\" content=\"2 minutos\" \/>\n<script type=\"application\/ld+json\" class=\"yoast-schema-graph\">{\"@context\":\"https:\\\/\\\/schema.org\",\"@graph\":[{\"@type\":\"Article\",\"@id\":\"https:\\\/\\\/www.boxrepsol.com\\\/es\\\/trial\\\/toni-bou-suma-en-el-palau-sant-jordi-su-cuarta-victoria-de-la-temporada\\\/#article\",\"isPartOf\":{\"@id\":\"https:\\\/\\\/www.boxrepsol.com\\\/es\\\/trial\\\/toni-bou-suma-en-el-palau-sant-jordi-su-cuarta-victoria-de-la-temporada\\\/\"},\"author\":{\"name\":\"Redacci\u00f3n Box Repsol\",\"@id\":\"https:\\\/\\\/www.boxrepsol.com\\\/es\\\/#\\\/schema\\\/person\\\/c5c2138f2cca251b0ad92b7086bb60b7\"},\"headline\":\"Toni Bou suma en el Palau Sant Jordi su cuarta victoria de la temporada\",\"datePublished\":\"2022-04-10T02:00:00+00:00\",\"dateModified\":\"2024-04-09T09:05:31+00:00\",\"mainEntityOfPage\":{\"@id\":\"https:\\\/\\\/www.boxrepsol.com\\\/es\\\/trial\\\/toni-bou-suma-en-el-palau-sant-jordi-su-cuarta-victoria-de-la-temporada\\\/\"},\"wordCount\":487,\"commentCount\":0,\"publisher\":{\"@id\":\"https:\\\/\\\/www.boxrepsol.com\\\/es\\\/#organization\"},\"image\":{\"@id\":\"https:\\\/\\\/www.boxrepsol.com\\\/es\\\/trial\\\/toni-bou-suma-en-el-palau-sant-jordi-su-cuarta-victoria-de-la-temporada\\\/#primaryimage\"},\"thumbnailUrl\":\"https:\\\/\\\/bxrepsol.s3.eu-west-1.amazonaws.com\\\/static\\\/2022\\\/08\\\/10041512\\\/http___repsolmedia.com_repsolmedia_wp-content_uploads_2022_04_X-Trial22_r4_BOU_8972_ps-scaled-1.jpg\",\"keywords\":[\"2022\",\"Gabri Marcelli\",\"otros eventos y competiciones\",\"Toni Bou\"],\"articleSection\":[\"Trial\"],\"inLanguage\":\"es\",\"potentialAction\":[{\"@type\":\"CommentAction\",\"name\":\"Comment\",\"target\":[\"https:\\\/\\\/www.boxrepsol.com\\\/es\\\/trial\\\/toni-bou-suma-en-el-palau-sant-jordi-su-cuarta-victoria-de-la-temporada\\\/#respond\"]}]},{\"@type\":\"WebPage\",\"@id\":\"https:\\\/\\\/www.boxrepsol.com\\\/es\\\/trial\\\/toni-bou-suma-en-el-palau-sant-jordi-su-cuarta-victoria-de-la-temporada\\\/\",\"url\":\"https:\\\/\\\/www.boxrepsol.com\\\/es\\\/trial\\\/toni-bou-suma-en-el-palau-sant-jordi-su-cuarta-victoria-de-la-temporada\\\/\",\"name\":\"Toni Bou suma en el Palau Sant Jordi su cuarta victoria de la temporada - Box Repsol\",\"isPartOf\":{\"@id\":\"https:\\\/\\\/www.boxrepsol.com\\\/es\\\/#website\"},\"primaryImageOfPage\":{\"@id\":\"https:\\\/\\\/www.boxrepsol.com\\\/es\\\/trial\\\/toni-bou-suma-en-el-palau-sant-jordi-su-cuarta-victoria-de-la-temporada\\\/#primaryimage\"},\"image\":{\"@id\":\"https:\\\/\\\/www.boxrepsol.com\\\/es\\\/trial\\\/toni-bou-suma-en-el-palau-sant-jordi-su-cuarta-victoria-de-la-temporada\\\/#primaryimage\"},\"thumbnailUrl\":\"https:\\\/\\\/bxrepsol.s3.eu-west-1.amazonaws.com\\\/static\\\/2022\\\/08\\\/10041512\\\/http___repsolmedia.com_repsolmedia_wp-content_uploads_2022_04_X-Trial22_r4_BOU_8972_ps-scaled-1.jpg\",\"datePublished\":\"2022-04-10T02:00:00+00:00\",\"dateModified\":\"2024-04-09T09:05:31+00:00\",\"breadcrumb\":{\"@id\":\"https:\\\/\\\/www.boxrepsol.com\\\/es\\\/trial\\\/toni-bou-suma-en-el-palau-sant-jordi-su-cuarta-victoria-de-la-temporada\\\/#breadcrumb\"},\"inLanguage\":\"es\",\"potentialAction\":[{\"@type\":\"ReadAction\",\"target\":[\"https:\\\/\\\/www.boxrepsol.com\\\/es\\\/trial\\\/toni-bou-suma-en-el-palau-sant-jordi-su-cuarta-victoria-de-la-temporada\\\/\"]}]},{\"@type\":\"ImageObject\",\"inLanguage\":\"es\",\"@id\":\"https:\\\/\\\/www.boxrepsol.com\\\/es\\\/trial\\\/toni-bou-suma-en-el-palau-sant-jordi-su-cuarta-victoria-de-la-temporada\\\/#primaryimage\",\"url\":\"https:\\\/\\\/bxrepsol.s3.eu-west-1.amazonaws.com\\\/static\\\/2022\\\/08\\\/10041512\\\/http___repsolmedia.com_repsolmedia_wp-content_uploads_2022_04_X-Trial22_r4_BOU_8972_ps-scaled-1.jpg\",\"contentUrl\":\"https:\\\/\\\/bxrepsol.s3.eu-west-1.amazonaws.com\\\/static\\\/2022\\\/08\\\/10041512\\\/http___repsolmedia.com_repsolmedia_wp-content_uploads_2022_04_X-Trial22_r4_BOU_8972_ps-scaled-1.jpg\",\"width\":1280,\"height\":600},{\"@type\":\"BreadcrumbList\",\"@id\":\"https:\\\/\\\/www.boxrepsol.com\\\/es\\\/trial\\\/toni-bou-suma-en-el-palau-sant-jordi-su-cuarta-victoria-de-la-temporada\\\/#breadcrumb\",\"itemListElement\":[{\"@type\":\"ListItem\",\"position\":1,\"name\":\"Home\",\"item\":\"https:\\\/\\\/www.boxrepsol.com\\\/es\\\/\"},{\"@type\":\"ListItem\",\"position\":2,\"name\":\"Toni Bou suma en el Palau Sant Jordi su cuarta victoria de la temporada\"}]},{\"@type\":\"WebSite\",\"@id\":\"https:\\\/\\\/www.boxrepsol.com\\\/es\\\/#website\",\"url\":\"https:\\\/\\\/www.boxrepsol.com\\\/es\\\/\",\"name\":\"Box Repsol\",\"description\":\"Box Repsol Site\",\"publisher\":{\"@id\":\"https:\\\/\\\/www.boxrepsol.com\\\/es\\\/#organization\"},\"potentialAction\":[{\"@type\":\"SearchAction\",\"target\":{\"@type\":\"EntryPoint\",\"urlTemplate\":\"https:\\\/\\\/www.boxrepsol.com\\\/es\\\/?s={search_term_string}\"},\"query-input\":{\"@type\":\"PropertyValueSpecification\",\"valueRequired\":true,\"valueName\":\"search_term_string\"}}],\"inLanguage\":\"es\"},{\"@type\":\"Organization\",\"@id\":\"https:\\\/\\\/www.boxrepsol.com\\\/es\\\/#organization\",\"name\":\"Box Repsol\",\"url\":\"https:\\\/\\\/www.boxrepsol.com\\\/es\\\/\",\"logo\":{\"@type\":\"ImageObject\",\"inLanguage\":\"es\",\"@id\":\"https:\\\/\\\/www.boxrepsol.com\\\/es\\\/#\\\/schema\\\/logo\\\/image\\\/\",\"url\":\"https:\\\/\\\/bxrepsol.s3.eu-west-1.amazonaws.com\\\/static\\\/2025\\\/07\\\/30083337\\\/favicon-96x96-1.png\",\"contentUrl\":\"https:\\\/\\\/bxrepsol.s3.eu-west-1.amazonaws.com\\\/static\\\/2025\\\/07\\\/30083337\\\/favicon-96x96-1.png\",\"width\":96,\"height\":96,\"caption\":\"Box Repsol\"},\"image\":{\"@id\":\"https:\\\/\\\/www.boxrepsol.com\\\/es\\\/#\\\/schema\\\/logo\\\/image\\\/\"},\"sameAs\":[\"https:\\\/\\\/www.facebook.com\\\/BoxRepsol\",\"https:\\\/\\\/x.com\\\/box_repsol\",\"http:\\\/\\\/instagram.com\\\/box_repsol\",\"https:\\\/\\\/www.youtube.com\\\/user\\\/RepsolCompeticion\",\"https:\\\/\\\/www.flickr.com\\\/photos\\\/box_repsol\\\/\"]},{\"@type\":\"Person\",\"@id\":\"https:\\\/\\\/www.boxrepsol.com\\\/es\\\/#\\\/schema\\\/person\\\/c5c2138f2cca251b0ad92b7086bb60b7\",\"name\":\"Redacci\u00f3n Box Repsol\",\"image\":{\"@type\":\"ImageObject\",\"inLanguage\":\"es\",\"@id\":\"https:\\\/\\\/secure.gravatar.com\\\/avatar\\\/adf7b77e38b4419baf32c7e9c21dde01f4e40df611f0978e3006fc4ba0aaab7e?s=96&d=mm&r=g\",\"url\":\"https:\\\/\\\/secure.gravatar.com\\\/avatar\\\/adf7b77e38b4419baf32c7e9c21dde01f4e40df611f0978e3006fc4ba0aaab7e?s=96&d=mm&r=g\",\"contentUrl\":\"https:\\\/\\\/secure.gravatar.com\\\/avatar\\\/adf7b77e38b4419baf32c7e9c21dde01f4e40df611f0978e3006fc4ba0aaab7e?s=96&d=mm&r=g\",\"caption\":\"Redacci\u00f3n Box Repsol\"},\"description\":\"Box Repsol lo forma un equipo de periodistas, community managers, dise\u00f1adores y fot\u00f3grafos con m\u00e1s de 20 a\u00f1os de experiencia en el mundo del motorsport. Hemos vivido el primer mundial de un espa\u00f1ol en la categor\u00eda reina de motociclismo con \u00c1lex Crivill\u00e9, estuvimos en las victorias de Pedrosa y los t\u00edtulos de M\u00e1rquez, acompa\u00f1amos en \u00c1frica a Nani Roma y Marc Coma en sus conquistas del Dakar y hemos vibrado con los t\u00edtulos de Toni Bou en Trial. Adem\u00e1s, en nuestro equipo contamos con expertos en el mundo de las dos y cuatro ruedas tanto de la calle y las carreteras, como de los circuitos. Periodistas que han trabajado en revistas y publicaciones para hacerte llegar desde rutas y consejos de mantenimiento, a curiosidades y trucos de pilotaje.\",\"sameAs\":[\"https:\\\/\\\/www.facebook.com\\\/BoxRepsol\\\/\",\"https:\\\/\\\/www.instagram.com\\\/box_repsol\\\/\",\"https:\\\/\\\/x.com\\\/https:\\\/\\\/twitter.com\\\/box_repsol\",\"https:\\\/\\\/www.youtube.com\\\/@Boxrepsol\"],\"url\":\"https:\\\/\\\/www.boxrepsol.com\\\/es\\\/author\\\/redaccion-box-repsol\\\/\"}]}<\/script>\n<!-- \/ Yoast SEO plugin. -->","yoast_head_json":{"title":"Toni Bou suma en el Palau Sant Jordi su cuarta victoria de la temporada - Box Repsol","canonical":"https:\/\/www.boxrepsol.com\/es\/trial\/toni-bou-suma-en-el-palau-sant-jordi-su-cuarta-victoria-de-la-temporada\/","og_locale":"es_ES","og_type":"article","og_title":"Toni Bou suma en el Palau Sant Jordi su cuarta victoria de la temporada - Box Repsol","og_description":"El piloto del Equipo Repsol Honda logra un nuevo triunfo en Barcelona, a un paso del 16\u00ba t\u00edtulo de X-Trial. Gabriel Marcelli se ha quedado a las puertas de la semifinal.","og_url":"https:\/\/www.boxrepsol.com\/es\/trial\/toni-bou-suma-en-el-palau-sant-jordi-su-cuarta-victoria-de-la-temporada\/","og_site_name":"Box Repsol","article_publisher":"https:\/\/www.facebook.com\/BoxRepsol","article_author":"https:\/\/www.facebook.com\/BoxRepsol\/","article_published_time":"2022-04-10T02:00:00+00:00","article_modified_time":"2024-04-09T09:05:31+00:00","og_image":[{"width":1280,"height":600,"url":"https:\/\/bxrepsol.s3.eu-west-1.amazonaws.com\/static\/2022\/08\/10041512\/http___repsolmedia.com_repsolmedia_wp-content_uploads_2022_04_X-Trial22_r4_BOU_8972_ps-scaled-1.jpg","type":"image\/jpeg"}],"author":"Redacci\u00f3n Box Repsol","twitter_card":"summary_large_image","twitter_creator":"@https:\/\/twitter.com\/box_repsol","twitter_site":"@box_repsol","twitter_misc":{"Written by":"Redacci\u00f3n Box Repsol","Est. reading time":"2 minutos"},"schema":{"@context":"https:\/\/schema.org","@graph":[{"@type":"Article","@id":"https:\/\/www.boxrepsol.com\/es\/trial\/toni-bou-suma-en-el-palau-sant-jordi-su-cuarta-victoria-de-la-temporada\/#article","isPartOf":{"@id":"https:\/\/www.boxrepsol.com\/es\/trial\/toni-bou-suma-en-el-palau-sant-jordi-su-cuarta-victoria-de-la-temporada\/"},"author":{"name":"Redacci\u00f3n Box Repsol","@id":"https:\/\/www.boxrepsol.com\/es\/#\/schema\/person\/c5c2138f2cca251b0ad92b7086bb60b7"},"headline":"Toni Bou suma en el Palau Sant Jordi su cuarta victoria de la temporada","datePublished":"2022-04-10T02:00:00+00:00","dateModified":"2024-04-09T09:05:31+00:00","mainEntityOfPage":{"@id":"https:\/\/www.boxrepsol.com\/es\/trial\/toni-bou-suma-en-el-palau-sant-jordi-su-cuarta-victoria-de-la-temporada\/"},"wordCount":487,"commentCount":0,"publisher":{"@id":"https:\/\/www.boxrepsol.com\/es\/#organization"},"image":{"@id":"https:\/\/www.boxrepsol.com\/es\/trial\/toni-bou-suma-en-el-palau-sant-jordi-su-cuarta-victoria-de-la-temporada\/#primaryimage"},"thumbnailUrl":"https:\/\/bxrepsol.s3.eu-west-1.amazonaws.com\/static\/2022\/08\/10041512\/http___repsolmedia.com_repsolmedia_wp-content_uploads_2022_04_X-Trial22_r4_BOU_8972_ps-scaled-1.jpg","keywords":["2022","Gabri Marcelli","otros eventos y competiciones","Toni Bou"],"articleSection":["Trial"],"inLanguage":"es","potentialAction":[{"@type":"CommentAction","name":"Comment","target":["https:\/\/www.boxrepsol.com\/es\/trial\/toni-bou-suma-en-el-palau-sant-jordi-su-cuarta-victoria-de-la-temporada\/#respond"]}]},{"@type":"WebPage","@id":"https:\/\/www.boxrepsol.com\/es\/trial\/toni-bou-suma-en-el-palau-sant-jordi-su-cuarta-victoria-de-la-temporada\/","url":"https:\/\/www.boxrepsol.com\/es\/trial\/toni-bou-suma-en-el-palau-sant-jordi-su-cuarta-victoria-de-la-temporada\/","name":"Toni Bou suma en el Palau Sant Jordi su cuarta victoria de la temporada - Box Repsol","isPartOf":{"@id":"https:\/\/www.boxrepsol.com\/es\/#website"},"primaryImageOfPage":{"@id":"https:\/\/www.boxrepsol.com\/es\/trial\/toni-bou-suma-en-el-palau-sant-jordi-su-cuarta-victoria-de-la-temporada\/#primaryimage"},"image":{"@id":"https:\/\/www.boxrepsol.com\/es\/trial\/toni-bou-suma-en-el-palau-sant-jordi-su-cuarta-victoria-de-la-temporada\/#primaryimage"},"thumbnailUrl":"https:\/\/bxrepsol.s3.eu-west-1.amazonaws.com\/static\/2022\/08\/10041512\/http___repsolmedia.com_repsolmedia_wp-content_uploads_2022_04_X-Trial22_r4_BOU_8972_ps-scaled-1.jpg","datePublished":"2022-04-10T02:00:00+00:00","dateModified":"2024-04-09T09:05:31+00:00","breadcrumb":{"@id":"https:\/\/www.boxrepsol.com\/es\/trial\/toni-bou-suma-en-el-palau-sant-jordi-su-cuarta-victoria-de-la-temporada\/#breadcrumb"},"inLanguage":"es","potentialAction":[{"@type":"ReadAction","target":["https:\/\/www.boxrepsol.com\/es\/trial\/toni-bou-suma-en-el-palau-sant-jordi-su-cuarta-victoria-de-la-temporada\/"]}]},{"@type":"ImageObject","inLanguage":"es","@id":"https:\/\/www.boxrepsol.com\/es\/trial\/toni-bou-suma-en-el-palau-sant-jordi-su-cuarta-victoria-de-la-temporada\/#primaryimage","url":"https:\/\/bxrepsol.s3.eu-west-1.amazonaws.com\/static\/2022\/08\/10041512\/http___repsolmedia.com_repsolmedia_wp-content_uploads_2022_04_X-Trial22_r4_BOU_8972_ps-scaled-1.jpg","contentUrl":"https:\/\/bxrepsol.s3.eu-west-1.amazonaws.com\/static\/2022\/08\/10041512\/http___repsolmedia.com_repsolmedia_wp-content_uploads_2022_04_X-Trial22_r4_BOU_8972_ps-scaled-1.jpg","width":1280,"height":600},{"@type":"BreadcrumbList","@id":"https:\/\/www.boxrepsol.com\/es\/trial\/toni-bou-suma-en-el-palau-sant-jordi-su-cuarta-victoria-de-la-temporada\/#breadcrumb","itemListElement":[{"@type":"ListItem","position":1,"name":"Home","item":"https:\/\/www.boxrepsol.com\/es\/"},{"@type":"ListItem","position":2,"name":"Toni Bou suma en el Palau Sant Jordi su cuarta victoria de la temporada"}]},{"@type":"WebSite","@id":"https:\/\/www.boxrepsol.com\/es\/#website","url":"https:\/\/www.boxrepsol.com\/es\/","name":"Box Repsol","description":"Box Repsol Site","publisher":{"@id":"https:\/\/www.boxrepsol.com\/es\/#organization"},"potentialAction":[{"@type":"SearchAction","target":{"@type":"EntryPoint","urlTemplate":"https:\/\/www.boxrepsol.com\/es\/?s={search_term_string}"},"query-input":{"@type":"PropertyValueSpecification","valueRequired":true,"valueName":"search_term_string"}}],"inLanguage":"es"},{"@type":"Organization","@id":"https:\/\/www.boxrepsol.com\/es\/#organization","name":"Box Repsol","url":"https:\/\/www.boxrepsol.com\/es\/","logo":{"@type":"ImageObject","inLanguage":"es","@id":"https:\/\/www.boxrepsol.com\/es\/#\/schema\/logo\/image\/","url":"https:\/\/bxrepsol.s3.eu-west-1.amazonaws.com\/static\/2025\/07\/30083337\/favicon-96x96-1.png","contentUrl":"https:\/\/bxrepsol.s3.eu-west-1.amazonaws.com\/static\/2025\/07\/30083337\/favicon-96x96-1.png","width":96,"height":96,"caption":"Box Repsol"},"image":{"@id":"https:\/\/www.boxrepsol.com\/es\/#\/schema\/logo\/image\/"},"sameAs":["https:\/\/www.facebook.com\/BoxRepsol","https:\/\/x.com\/box_repsol","http:\/\/instagram.com\/box_repsol","https:\/\/www.youtube.com\/user\/RepsolCompeticion","https:\/\/www.flickr.com\/photos\/box_repsol\/"]},{"@type":"Person","@id":"https:\/\/www.boxrepsol.com\/es\/#\/schema\/person\/c5c2138f2cca251b0ad92b7086bb60b7","name":"Redacci\u00f3n Box Repsol","image":{"@type":"ImageObject","inLanguage":"es","@id":"https:\/\/secure.gravatar.com\/avatar\/adf7b77e38b4419baf32c7e9c21dde01f4e40df611f0978e3006fc4ba0aaab7e?s=96&d=mm&r=g","url":"https:\/\/secure.gravatar.com\/avatar\/adf7b77e38b4419baf32c7e9c21dde01f4e40df611f0978e3006fc4ba0aaab7e?s=96&d=mm&r=g","contentUrl":"https:\/\/secure.gravatar.com\/avatar\/adf7b77e38b4419baf32c7e9c21dde01f4e40df611f0978e3006fc4ba0aaab7e?s=96&d=mm&r=g","caption":"Redacci\u00f3n Box Repsol"},"description":"Box Repsol lo forma un equipo de periodistas, community managers, dise\u00f1adores y fot\u00f3grafos con m\u00e1s de 20 a\u00f1os de experiencia en el mundo del motorsport. Hemos vivido el primer mundial de un espa\u00f1ol en la categor\u00eda reina de motociclismo con \u00c1lex Crivill\u00e9, estuvimos en las victorias de Pedrosa y los t\u00edtulos de M\u00e1rquez, acompa\u00f1amos en \u00c1frica a Nani Roma y Marc Coma en sus conquistas del Dakar y hemos vibrado con los t\u00edtulos de Toni Bou en Trial. Adem\u00e1s, en nuestro equipo contamos con expertos en el mundo de las dos y cuatro ruedas tanto de la calle y las carreteras, como de los circuitos. Periodistas que han trabajado en revistas y publicaciones para hacerte llegar desde rutas y consejos de mantenimiento, a curiosidades y trucos de pilotaje.","sameAs":["https:\/\/www.facebook.com\/BoxRepsol\/","https:\/\/www.instagram.com\/box_repsol\/","https:\/\/x.com\/https:\/\/twitter.com\/box_repsol","https:\/\/www.youtube.com\/@Boxrepsol"],"url":"https:\/\/www.boxrepsol.com\/es\/author\/redaccion-box-repsol\/"}]}},"_links":{"self":[{"href":"https:\/\/www.boxrepsol.com\/es\/wp-json\/wp\/v2\/posts\/95307","targetHints":{"allow":["GET"]}}],"collection":[{"href":"https:\/\/www.boxrepsol.com\/es\/wp-json\/wp\/v2\/posts"}],"about":[{"href":"https:\/\/www.boxrepsol.com\/es\/wp-json\/wp\/v2\/types\/post"}],"author":[{"embeddable":true,"href":"https:\/\/www.boxrepsol.com\/es\/wp-json\/wp\/v2\/users\/43146"}],"replies":[{"embeddable":true,"href":"https:\/\/www.boxrepsol.com\/es\/wp-json\/wp\/v2\/comments?post=95307"}],"version-history":[{"count":1,"href":"https:\/\/www.boxrepsol.com\/es\/wp-json\/wp\/v2\/posts\/95307\/revisions"}],"predecessor-version":[{"id":114665,"href":"https:\/\/www.boxrepsol.com\/es\/wp-json\/wp\/v2\/posts\/95307\/revisions\/114665"}],"wp:featuredmedia":[{"embeddable":true,"href":"https:\/\/www.boxrepsol.com\/es\/wp-json\/wp\/v2\/media\/45675"}],"wp:attachment":[{"href":"https:\/\/www.boxrepsol.com\/es\/wp-json\/wp\/v2\/media?parent=95307"}],"wp:term":[{"taxonomy":"category","embeddable":true,"href":"https:\/\/www.boxrepsol.com\/es\/wp-json\/wp\/v2\/categories?post=95307"},{"taxonomy":"post_tag","embeddable":true,"href":"https:\/\/www.boxrepsol.com\/es\/wp-json\/wp\/v2\/tags?post=95307"}],"curies":[{"name":"wp","href":"https:\/\/api.w.org\/{rel}","templated":true}]}}