{"id":95299,"date":"2022-04-05T00:00:00","date_gmt":"2022-04-05T02:00:00","guid":{"rendered":"http:\/\/pre.boxrepsol.com\/sin-categorizar\/bou-y-marcelli-vuelven-al-sant-jordi-en-la-mejor-forma\/"},"modified":"2024-04-09T07:07:39","modified_gmt":"2024-04-09T09:07:39","slug":"bou-y-marcelli-vuelven-al-sant-jordi-en-la-mejor-forma","status":"publish","type":"post","link":"https:\/\/www.boxrepsol.com\/es\/trial\/bou-y-marcelli-vuelven-al-sant-jordi-en-la-mejor-forma\/","title":{"rendered":"Bou y Marcelli vuelven al Sant Jordi en la mejor forma"},"content":{"rendered":"<p>Casi sin tiempo para celebraciones y despu\u00e9s de Chalon-sur-Sa\u00f4ne y Madrid, Toni Bou y Gabriel Marcelli disputar\u00e1n la tercera carrera consecutiva del Mundial 2022, aunque esta vez en casa. El Palau Sant Jordi de Barcelona acoger\u00e1, cinco meses despu\u00e9s de ser el escenario de la consecuci\u00f3n del 30\u00ba t\u00edtulo mundial de Toni Bou, la edici\u00f3n n\u00famero 45 de la competici\u00f3n decana del Trial Indoor, cuarta cita del calendario del Campeonato del Mundo FIM X-Trial 2022. Una carrera que llega en el mejor momento de forma de los dos pilotos del Repsol Honda Team despu\u00e9s de haber logrado el doblete en el Madrid Arena.<\/p>\n<p>Toni Bou ha encarrilado su carrera hacia un nuevo t\u00edtulo mundial tras su tercera victoria consecutiva. Con 23 puntos de ventaja sobre su m\u00e1s inmediato perseguidor acudir\u00e1 este domingo a la cita de Barcelona sin ning\u00fan tipo de presi\u00f3n, todo lo contrario que la \u00faltima ocasi\u00f3n que visit\u00f3 la magn\u00edfica instalaci\u00f3n barcelonesa. Ha ganado en 14 ocasiones en el Palau Sant Jordi y al piloto barcelon\u00e9s le encantar\u00eda redondear la cifra este a\u00f1o. En el total de su carrera en el Campeonato del Mundo FIM de X-Trial, Bou ha conseguido otro r\u00e9cord: de sus 95 participaciones en indoor, el 75% son victorias. Dicho de otra manera: el piloto del Repsol Honda Team ha ganado tres de cada cuatro pruebas que ha disputado bajo techo.<\/p>\n<p>Por su parte, su compa\u00f1ero de equipo Gabriel Marcelli, celebr\u00f3 su duod\u00e9cima carrera en X-Trial con una gran segunda posici\u00f3n en Madrid. Ahora, el piloto gallego vuelve al escenario donde sell\u00f3 la mejor actuaci\u00f3n hasta 2021 con la motivaci\u00f3n por las nubes. Marcelli es sexto en la provisional del certamen y pretende seguir subiendo posiciones en el resto de carreras del a\u00f1o.<\/p>\n<p>Como es habitual, el Trial Indoor de Barcelona, que se celebra ininterrumpidamente en la instalaci\u00f3n ol\u00edmpica del Palau Sant Jordi desde 1991 (anteriormente tuvo lugar en el antiguo Palacio de Deportes), dar\u00e1 comienzo a las 17:00 horas de este pr\u00f3ximo domingo d\u00eda 10 de abril.<\/p>\n<h3>Declaraciones de los pilotos<\/h3>\n<p><strong>Toni Bou<\/strong><\/p>\n<p><em>\u00abLa carrera de Barcelona es siempre dif\u00edcil, por todo lo que representa, no s\u00f3lo el nivel de las zonas, el escenario, el p\u00fablico\u2026 tambi\u00e9n por toda la historia que hay detr\u00e1s. Tiene mucho m\u00e9rito que se llegue a los 45 a\u00f1os de Trial Indoor y esperemos que los aficionados respondan un a\u00f1o m\u00e1s. Llegamos bien al Sant Jordi, sin presi\u00f3n y en forma, aunque como vemos en cada carrera, todos los pilotos tienen un gran nivel. Por nuestra parte, intentaremos concentrarnos en hacer otro buen trial y dar el m\u00e1ximo para que el p\u00fablico lo disfrute\u00bb.<\/em><\/p>\n<p><strong>Gabriel Marcelli<\/strong><\/p>\n<p><em>\u00abEstoy muy contento de c\u00f3mo fue la carrera de Madrid y eso me da muchos \u00e1nimos para continuar y afrontar la cita de Barcelona. Me he sacado todo tipo de presi\u00f3n por estar donde estoy, en el mejor equipo del mundo y creo que en tanto en el Palau Sant Jordi como en el Madrid Arena demostr\u00e9 que tengo nivel para luchar por todo y estar delante en cualquier carrera. Vamos a ver c\u00f3mo se nos da despu\u00e9s del esguince en el tobillo que me hice el s\u00e1bado pasado en la segunda vuelta, pero yo sigo estando muy motivado para ir a por todas en Barcelona\u00bb.<\/em><\/p>\n","protected":false},"excerpt":{"rendered":"<p>Tras el doblete del pasado fin de semana en Madrid, Bou y Marcelli regresan, casi cinco meses despu\u00e9s, al Palau Sant Jordi de Barcelona del que los pilotos del Repsol Honda Team tan buenos recuerdos guardan. El \u00faltimo evento celebrado en la capital catalana fue donde ambos pilotos conquistaron las dos primeras plazas del podio y que, adem\u00e1s, sirvi\u00f3 para que Toni Bou conquistara su trig\u00e9sima corona mundial.<\/p>\n","protected":false},"author":43146,"featured_media":45567,"comment_status":"open","ping_status":"open","sticky":false,"template":"","format":"standard","meta":{"footnotes":""},"categories":[23],"tags":[120,203,130,21],"class_list":["post-95299","post","type-post","status-publish","format-standard","hentry","category-trial","tag-120","tag-gabri-marcelli","tag-otros-eventos-y-competiciones","tag-toni-bou"],"yoast_head":"<!-- This site is optimized with the Yoast SEO plugin v27.3 - https:\/\/yoast.com\/product\/yoast-seo-wordpress\/ -->\n<title>Bou y Marcelli vuelven al Sant Jordi en la mejor forma - Box Repsol<\/title>\n<meta name=\"description\" content=\"Bou y Marcelli vuelven al Sant Jordi en la mejor forma. Descubre la preparaci\u00f3n de estos pilotos de trial de \u00e9lite en Box Repsol\" \/>\n<link rel=\"canonical\" href=\"https:\/\/www.boxrepsol.com\/es\/trial\/bou-y-marcelli-vuelven-al-sant-jordi-en-la-mejor-forma\/\" \/>\n<meta property=\"og:locale\" content=\"es_ES\" \/>\n<meta property=\"og:type\" content=\"article\" \/>\n<meta property=\"og:title\" content=\"Bou y Marcelli vuelven al Sant Jordi en la mejor forma - Box Repsol\" \/>\n<meta property=\"og:description\" content=\"Bou y Marcelli vuelven al Sant Jordi en la mejor forma. Descubre la preparaci\u00f3n de estos pilotos de trial de \u00e9lite en Box Repsol\" \/>\n<meta property=\"og:url\" content=\"https:\/\/www.boxrepsol.com\/es\/trial\/bou-y-marcelli-vuelven-al-sant-jordi-en-la-mejor-forma\/\" \/>\n<meta property=\"og:site_name\" content=\"Box Repsol\" \/>\n<meta property=\"article:publisher\" content=\"https:\/\/www.facebook.com\/BoxRepsol\" \/>\n<meta property=\"article:author\" content=\"https:\/\/www.facebook.com\/BoxRepsol\/\" \/>\n<meta property=\"article:published_time\" content=\"2022-04-05T02:00:00+00:00\" \/>\n<meta property=\"article:modified_time\" content=\"2024-04-09T09:07:39+00:00\" \/>\n<meta property=\"og:image\" content=\"https:\/\/bxrepsol.s3.eu-west-1.amazonaws.com\/static\/2022\/08\/10041322\/web7.jpg\" \/>\n\t<meta property=\"og:image:width\" content=\"1280\" \/>\n\t<meta property=\"og:image:height\" content=\"600\" \/>\n\t<meta property=\"og:image:type\" content=\"image\/jpeg\" \/>\n<meta name=\"author\" content=\"Redacci\u00f3n Box Repsol\" \/>\n<meta name=\"twitter:card\" content=\"summary_large_image\" \/>\n<meta name=\"twitter:creator\" content=\"@https:\/\/twitter.com\/box_repsol\" \/>\n<meta name=\"twitter:site\" content=\"@box_repsol\" \/>\n<meta name=\"twitter:label1\" content=\"Written by\" \/>\n\t<meta name=\"twitter:data1\" content=\"Redacci\u00f3n Box Repsol\" \/>\n\t<meta name=\"twitter:label2\" content=\"Est. reading time\" \/>\n\t<meta name=\"twitter:data2\" content=\"3 minutos\" \/>\n<script type=\"application\/ld+json\" class=\"yoast-schema-graph\">{\"@context\":\"https:\\\/\\\/schema.org\",\"@graph\":[{\"@type\":\"Article\",\"@id\":\"https:\\\/\\\/www.boxrepsol.com\\\/es\\\/trial\\\/bou-y-marcelli-vuelven-al-sant-jordi-en-la-mejor-forma\\\/#article\",\"isPartOf\":{\"@id\":\"https:\\\/\\\/www.boxrepsol.com\\\/es\\\/trial\\\/bou-y-marcelli-vuelven-al-sant-jordi-en-la-mejor-forma\\\/\"},\"author\":{\"name\":\"Redacci\u00f3n Box Repsol\",\"@id\":\"https:\\\/\\\/www.boxrepsol.com\\\/es\\\/#\\\/schema\\\/person\\\/c5c2138f2cca251b0ad92b7086bb60b7\"},\"headline\":\"Bou y Marcelli vuelven al Sant Jordi en la mejor forma\",\"datePublished\":\"2022-04-05T02:00:00+00:00\",\"dateModified\":\"2024-04-09T09:07:39+00:00\",\"mainEntityOfPage\":{\"@id\":\"https:\\\/\\\/www.boxrepsol.com\\\/es\\\/trial\\\/bou-y-marcelli-vuelven-al-sant-jordi-en-la-mejor-forma\\\/\"},\"wordCount\":590,\"commentCount\":0,\"publisher\":{\"@id\":\"https:\\\/\\\/www.boxrepsol.com\\\/es\\\/#organization\"},\"image\":{\"@id\":\"https:\\\/\\\/www.boxrepsol.com\\\/es\\\/trial\\\/bou-y-marcelli-vuelven-al-sant-jordi-en-la-mejor-forma\\\/#primaryimage\"},\"thumbnailUrl\":\"https:\\\/\\\/bxrepsol.s3.eu-west-1.amazonaws.com\\\/static\\\/2022\\\/08\\\/10041322\\\/web7.jpg\",\"keywords\":[\"2022\",\"Gabri Marcelli\",\"otros eventos y competiciones\",\"Toni Bou\"],\"articleSection\":[\"Trial\"],\"inLanguage\":\"es\",\"potentialAction\":[{\"@type\":\"CommentAction\",\"name\":\"Comment\",\"target\":[\"https:\\\/\\\/www.boxrepsol.com\\\/es\\\/trial\\\/bou-y-marcelli-vuelven-al-sant-jordi-en-la-mejor-forma\\\/#respond\"]}]},{\"@type\":\"WebPage\",\"@id\":\"https:\\\/\\\/www.boxrepsol.com\\\/es\\\/trial\\\/bou-y-marcelli-vuelven-al-sant-jordi-en-la-mejor-forma\\\/\",\"url\":\"https:\\\/\\\/www.boxrepsol.com\\\/es\\\/trial\\\/bou-y-marcelli-vuelven-al-sant-jordi-en-la-mejor-forma\\\/\",\"name\":\"Bou y Marcelli vuelven al Sant Jordi en la mejor forma - Box Repsol\",\"isPartOf\":{\"@id\":\"https:\\\/\\\/www.boxrepsol.com\\\/es\\\/#website\"},\"primaryImageOfPage\":{\"@id\":\"https:\\\/\\\/www.boxrepsol.com\\\/es\\\/trial\\\/bou-y-marcelli-vuelven-al-sant-jordi-en-la-mejor-forma\\\/#primaryimage\"},\"image\":{\"@id\":\"https:\\\/\\\/www.boxrepsol.com\\\/es\\\/trial\\\/bou-y-marcelli-vuelven-al-sant-jordi-en-la-mejor-forma\\\/#primaryimage\"},\"thumbnailUrl\":\"https:\\\/\\\/bxrepsol.s3.eu-west-1.amazonaws.com\\\/static\\\/2022\\\/08\\\/10041322\\\/web7.jpg\",\"datePublished\":\"2022-04-05T02:00:00+00:00\",\"dateModified\":\"2024-04-09T09:07:39+00:00\",\"description\":\"Bou y Marcelli vuelven al Sant Jordi en la mejor forma. Descubre la preparaci\u00f3n de estos pilotos de trial de \u00e9lite en Box Repsol\",\"breadcrumb\":{\"@id\":\"https:\\\/\\\/www.boxrepsol.com\\\/es\\\/trial\\\/bou-y-marcelli-vuelven-al-sant-jordi-en-la-mejor-forma\\\/#breadcrumb\"},\"inLanguage\":\"es\",\"potentialAction\":[{\"@type\":\"ReadAction\",\"target\":[\"https:\\\/\\\/www.boxrepsol.com\\\/es\\\/trial\\\/bou-y-marcelli-vuelven-al-sant-jordi-en-la-mejor-forma\\\/\"]}]},{\"@type\":\"ImageObject\",\"inLanguage\":\"es\",\"@id\":\"https:\\\/\\\/www.boxrepsol.com\\\/es\\\/trial\\\/bou-y-marcelli-vuelven-al-sant-jordi-en-la-mejor-forma\\\/#primaryimage\",\"url\":\"https:\\\/\\\/bxrepsol.s3.eu-west-1.amazonaws.com\\\/static\\\/2022\\\/08\\\/10041322\\\/web7.jpg\",\"contentUrl\":\"https:\\\/\\\/bxrepsol.s3.eu-west-1.amazonaws.com\\\/static\\\/2022\\\/08\\\/10041322\\\/web7.jpg\",\"width\":1280,\"height\":600},{\"@type\":\"BreadcrumbList\",\"@id\":\"https:\\\/\\\/www.boxrepsol.com\\\/es\\\/trial\\\/bou-y-marcelli-vuelven-al-sant-jordi-en-la-mejor-forma\\\/#breadcrumb\",\"itemListElement\":[{\"@type\":\"ListItem\",\"position\":1,\"name\":\"Home\",\"item\":\"https:\\\/\\\/www.boxrepsol.com\\\/es\\\/\"},{\"@type\":\"ListItem\",\"position\":2,\"name\":\"Bou y Marcelli vuelven al Sant Jordi en la mejor forma\"}]},{\"@type\":\"WebSite\",\"@id\":\"https:\\\/\\\/www.boxrepsol.com\\\/es\\\/#website\",\"url\":\"https:\\\/\\\/www.boxrepsol.com\\\/es\\\/\",\"name\":\"Box Repsol\",\"description\":\"Box Repsol Site\",\"publisher\":{\"@id\":\"https:\\\/\\\/www.boxrepsol.com\\\/es\\\/#organization\"},\"potentialAction\":[{\"@type\":\"SearchAction\",\"target\":{\"@type\":\"EntryPoint\",\"urlTemplate\":\"https:\\\/\\\/www.boxrepsol.com\\\/es\\\/?s={search_term_string}\"},\"query-input\":{\"@type\":\"PropertyValueSpecification\",\"valueRequired\":true,\"valueName\":\"search_term_string\"}}],\"inLanguage\":\"es\"},{\"@type\":\"Organization\",\"@id\":\"https:\\\/\\\/www.boxrepsol.com\\\/es\\\/#organization\",\"name\":\"Box Repsol\",\"url\":\"https:\\\/\\\/www.boxrepsol.com\\\/es\\\/\",\"logo\":{\"@type\":\"ImageObject\",\"inLanguage\":\"es\",\"@id\":\"https:\\\/\\\/www.boxrepsol.com\\\/es\\\/#\\\/schema\\\/logo\\\/image\\\/\",\"url\":\"https:\\\/\\\/bxrepsol.s3.eu-west-1.amazonaws.com\\\/static\\\/2025\\\/07\\\/30083337\\\/favicon-96x96-1.png\",\"contentUrl\":\"https:\\\/\\\/bxrepsol.s3.eu-west-1.amazonaws.com\\\/static\\\/2025\\\/07\\\/30083337\\\/favicon-96x96-1.png\",\"width\":96,\"height\":96,\"caption\":\"Box Repsol\"},\"image\":{\"@id\":\"https:\\\/\\\/www.boxrepsol.com\\\/es\\\/#\\\/schema\\\/logo\\\/image\\\/\"},\"sameAs\":[\"https:\\\/\\\/www.facebook.com\\\/BoxRepsol\",\"https:\\\/\\\/x.com\\\/box_repsol\",\"http:\\\/\\\/instagram.com\\\/box_repsol\",\"https:\\\/\\\/www.youtube.com\\\/user\\\/RepsolCompeticion\",\"https:\\\/\\\/www.flickr.com\\\/photos\\\/box_repsol\\\/\"]},{\"@type\":\"Person\",\"@id\":\"https:\\\/\\\/www.boxrepsol.com\\\/es\\\/#\\\/schema\\\/person\\\/c5c2138f2cca251b0ad92b7086bb60b7\",\"name\":\"Redacci\u00f3n Box Repsol\",\"image\":{\"@type\":\"ImageObject\",\"inLanguage\":\"es\",\"@id\":\"https:\\\/\\\/secure.gravatar.com\\\/avatar\\\/adf7b77e38b4419baf32c7e9c21dde01f4e40df611f0978e3006fc4ba0aaab7e?s=96&d=mm&r=g\",\"url\":\"https:\\\/\\\/secure.gravatar.com\\\/avatar\\\/adf7b77e38b4419baf32c7e9c21dde01f4e40df611f0978e3006fc4ba0aaab7e?s=96&d=mm&r=g\",\"contentUrl\":\"https:\\\/\\\/secure.gravatar.com\\\/avatar\\\/adf7b77e38b4419baf32c7e9c21dde01f4e40df611f0978e3006fc4ba0aaab7e?s=96&d=mm&r=g\",\"caption\":\"Redacci\u00f3n Box Repsol\"},\"description\":\"Box Repsol lo forma un equipo de periodistas, community managers, dise\u00f1adores y fot\u00f3grafos con m\u00e1s de 20 a\u00f1os de experiencia en el mundo del motorsport. Hemos vivido el primer mundial de un espa\u00f1ol en la categor\u00eda reina de motociclismo con \u00c1lex Crivill\u00e9, estuvimos en las victorias de Pedrosa y los t\u00edtulos de M\u00e1rquez, acompa\u00f1amos en \u00c1frica a Nani Roma y Marc Coma en sus conquistas del Dakar y hemos vibrado con los t\u00edtulos de Toni Bou en Trial. Adem\u00e1s, en nuestro equipo contamos con expertos en el mundo de las dos y cuatro ruedas tanto de la calle y las carreteras, como de los circuitos. Periodistas que han trabajado en revistas y publicaciones para hacerte llegar desde rutas y consejos de mantenimiento, a curiosidades y trucos de pilotaje.\",\"sameAs\":[\"https:\\\/\\\/www.facebook.com\\\/BoxRepsol\\\/\",\"https:\\\/\\\/www.instagram.com\\\/box_repsol\\\/\",\"https:\\\/\\\/x.com\\\/https:\\\/\\\/twitter.com\\\/box_repsol\",\"https:\\\/\\\/www.youtube.com\\\/@Boxrepsol\"],\"url\":\"https:\\\/\\\/www.boxrepsol.com\\\/es\\\/author\\\/redaccion-box-repsol\\\/\"}]}<\/script>\n<!-- \/ Yoast SEO plugin. -->","yoast_head_json":{"title":"Bou y Marcelli vuelven al Sant Jordi en la mejor forma - Box Repsol","description":"Bou y Marcelli vuelven al Sant Jordi en la mejor forma. Descubre la preparaci\u00f3n de estos pilotos de trial de \u00e9lite en Box Repsol","canonical":"https:\/\/www.boxrepsol.com\/es\/trial\/bou-y-marcelli-vuelven-al-sant-jordi-en-la-mejor-forma\/","og_locale":"es_ES","og_type":"article","og_title":"Bou y Marcelli vuelven al Sant Jordi en la mejor forma - Box Repsol","og_description":"Bou y Marcelli vuelven al Sant Jordi en la mejor forma. Descubre la preparaci\u00f3n de estos pilotos de trial de \u00e9lite en Box Repsol","og_url":"https:\/\/www.boxrepsol.com\/es\/trial\/bou-y-marcelli-vuelven-al-sant-jordi-en-la-mejor-forma\/","og_site_name":"Box Repsol","article_publisher":"https:\/\/www.facebook.com\/BoxRepsol","article_author":"https:\/\/www.facebook.com\/BoxRepsol\/","article_published_time":"2022-04-05T02:00:00+00:00","article_modified_time":"2024-04-09T09:07:39+00:00","og_image":[{"width":1280,"height":600,"url":"https:\/\/bxrepsol.s3.eu-west-1.amazonaws.com\/static\/2022\/08\/10041322\/web7.jpg","type":"image\/jpeg"}],"author":"Redacci\u00f3n Box Repsol","twitter_card":"summary_large_image","twitter_creator":"@https:\/\/twitter.com\/box_repsol","twitter_site":"@box_repsol","twitter_misc":{"Written by":"Redacci\u00f3n Box Repsol","Est. reading time":"3 minutos"},"schema":{"@context":"https:\/\/schema.org","@graph":[{"@type":"Article","@id":"https:\/\/www.boxrepsol.com\/es\/trial\/bou-y-marcelli-vuelven-al-sant-jordi-en-la-mejor-forma\/#article","isPartOf":{"@id":"https:\/\/www.boxrepsol.com\/es\/trial\/bou-y-marcelli-vuelven-al-sant-jordi-en-la-mejor-forma\/"},"author":{"name":"Redacci\u00f3n Box Repsol","@id":"https:\/\/www.boxrepsol.com\/es\/#\/schema\/person\/c5c2138f2cca251b0ad92b7086bb60b7"},"headline":"Bou y Marcelli vuelven al Sant Jordi en la mejor forma","datePublished":"2022-04-05T02:00:00+00:00","dateModified":"2024-04-09T09:07:39+00:00","mainEntityOfPage":{"@id":"https:\/\/www.boxrepsol.com\/es\/trial\/bou-y-marcelli-vuelven-al-sant-jordi-en-la-mejor-forma\/"},"wordCount":590,"commentCount":0,"publisher":{"@id":"https:\/\/www.boxrepsol.com\/es\/#organization"},"image":{"@id":"https:\/\/www.boxrepsol.com\/es\/trial\/bou-y-marcelli-vuelven-al-sant-jordi-en-la-mejor-forma\/#primaryimage"},"thumbnailUrl":"https:\/\/bxrepsol.s3.eu-west-1.amazonaws.com\/static\/2022\/08\/10041322\/web7.jpg","keywords":["2022","Gabri Marcelli","otros eventos y competiciones","Toni Bou"],"articleSection":["Trial"],"inLanguage":"es","potentialAction":[{"@type":"CommentAction","name":"Comment","target":["https:\/\/www.boxrepsol.com\/es\/trial\/bou-y-marcelli-vuelven-al-sant-jordi-en-la-mejor-forma\/#respond"]}]},{"@type":"WebPage","@id":"https:\/\/www.boxrepsol.com\/es\/trial\/bou-y-marcelli-vuelven-al-sant-jordi-en-la-mejor-forma\/","url":"https:\/\/www.boxrepsol.com\/es\/trial\/bou-y-marcelli-vuelven-al-sant-jordi-en-la-mejor-forma\/","name":"Bou y Marcelli vuelven al Sant Jordi en la mejor forma - Box Repsol","isPartOf":{"@id":"https:\/\/www.boxrepsol.com\/es\/#website"},"primaryImageOfPage":{"@id":"https:\/\/www.boxrepsol.com\/es\/trial\/bou-y-marcelli-vuelven-al-sant-jordi-en-la-mejor-forma\/#primaryimage"},"image":{"@id":"https:\/\/www.boxrepsol.com\/es\/trial\/bou-y-marcelli-vuelven-al-sant-jordi-en-la-mejor-forma\/#primaryimage"},"thumbnailUrl":"https:\/\/bxrepsol.s3.eu-west-1.amazonaws.com\/static\/2022\/08\/10041322\/web7.jpg","datePublished":"2022-04-05T02:00:00+00:00","dateModified":"2024-04-09T09:07:39+00:00","description":"Bou y Marcelli vuelven al Sant Jordi en la mejor forma. Descubre la preparaci\u00f3n de estos pilotos de trial de \u00e9lite en Box Repsol","breadcrumb":{"@id":"https:\/\/www.boxrepsol.com\/es\/trial\/bou-y-marcelli-vuelven-al-sant-jordi-en-la-mejor-forma\/#breadcrumb"},"inLanguage":"es","potentialAction":[{"@type":"ReadAction","target":["https:\/\/www.boxrepsol.com\/es\/trial\/bou-y-marcelli-vuelven-al-sant-jordi-en-la-mejor-forma\/"]}]},{"@type":"ImageObject","inLanguage":"es","@id":"https:\/\/www.boxrepsol.com\/es\/trial\/bou-y-marcelli-vuelven-al-sant-jordi-en-la-mejor-forma\/#primaryimage","url":"https:\/\/bxrepsol.s3.eu-west-1.amazonaws.com\/static\/2022\/08\/10041322\/web7.jpg","contentUrl":"https:\/\/bxrepsol.s3.eu-west-1.amazonaws.com\/static\/2022\/08\/10041322\/web7.jpg","width":1280,"height":600},{"@type":"BreadcrumbList","@id":"https:\/\/www.boxrepsol.com\/es\/trial\/bou-y-marcelli-vuelven-al-sant-jordi-en-la-mejor-forma\/#breadcrumb","itemListElement":[{"@type":"ListItem","position":1,"name":"Home","item":"https:\/\/www.boxrepsol.com\/es\/"},{"@type":"ListItem","position":2,"name":"Bou y Marcelli vuelven al Sant Jordi en la mejor forma"}]},{"@type":"WebSite","@id":"https:\/\/www.boxrepsol.com\/es\/#website","url":"https:\/\/www.boxrepsol.com\/es\/","name":"Box Repsol","description":"Box Repsol Site","publisher":{"@id":"https:\/\/www.boxrepsol.com\/es\/#organization"},"potentialAction":[{"@type":"SearchAction","target":{"@type":"EntryPoint","urlTemplate":"https:\/\/www.boxrepsol.com\/es\/?s={search_term_string}"},"query-input":{"@type":"PropertyValueSpecification","valueRequired":true,"valueName":"search_term_string"}}],"inLanguage":"es"},{"@type":"Organization","@id":"https:\/\/www.boxrepsol.com\/es\/#organization","name":"Box Repsol","url":"https:\/\/www.boxrepsol.com\/es\/","logo":{"@type":"ImageObject","inLanguage":"es","@id":"https:\/\/www.boxrepsol.com\/es\/#\/schema\/logo\/image\/","url":"https:\/\/bxrepsol.s3.eu-west-1.amazonaws.com\/static\/2025\/07\/30083337\/favicon-96x96-1.png","contentUrl":"https:\/\/bxrepsol.s3.eu-west-1.amazonaws.com\/static\/2025\/07\/30083337\/favicon-96x96-1.png","width":96,"height":96,"caption":"Box Repsol"},"image":{"@id":"https:\/\/www.boxrepsol.com\/es\/#\/schema\/logo\/image\/"},"sameAs":["https:\/\/www.facebook.com\/BoxRepsol","https:\/\/x.com\/box_repsol","http:\/\/instagram.com\/box_repsol","https:\/\/www.youtube.com\/user\/RepsolCompeticion","https:\/\/www.flickr.com\/photos\/box_repsol\/"]},{"@type":"Person","@id":"https:\/\/www.boxrepsol.com\/es\/#\/schema\/person\/c5c2138f2cca251b0ad92b7086bb60b7","name":"Redacci\u00f3n Box Repsol","image":{"@type":"ImageObject","inLanguage":"es","@id":"https:\/\/secure.gravatar.com\/avatar\/adf7b77e38b4419baf32c7e9c21dde01f4e40df611f0978e3006fc4ba0aaab7e?s=96&d=mm&r=g","url":"https:\/\/secure.gravatar.com\/avatar\/adf7b77e38b4419baf32c7e9c21dde01f4e40df611f0978e3006fc4ba0aaab7e?s=96&d=mm&r=g","contentUrl":"https:\/\/secure.gravatar.com\/avatar\/adf7b77e38b4419baf32c7e9c21dde01f4e40df611f0978e3006fc4ba0aaab7e?s=96&d=mm&r=g","caption":"Redacci\u00f3n Box Repsol"},"description":"Box Repsol lo forma un equipo de periodistas, community managers, dise\u00f1adores y fot\u00f3grafos con m\u00e1s de 20 a\u00f1os de experiencia en el mundo del motorsport. Hemos vivido el primer mundial de un espa\u00f1ol en la categor\u00eda reina de motociclismo con \u00c1lex Crivill\u00e9, estuvimos en las victorias de Pedrosa y los t\u00edtulos de M\u00e1rquez, acompa\u00f1amos en \u00c1frica a Nani Roma y Marc Coma en sus conquistas del Dakar y hemos vibrado con los t\u00edtulos de Toni Bou en Trial. Adem\u00e1s, en nuestro equipo contamos con expertos en el mundo de las dos y cuatro ruedas tanto de la calle y las carreteras, como de los circuitos. Periodistas que han trabajado en revistas y publicaciones para hacerte llegar desde rutas y consejos de mantenimiento, a curiosidades y trucos de pilotaje.","sameAs":["https:\/\/www.facebook.com\/BoxRepsol\/","https:\/\/www.instagram.com\/box_repsol\/","https:\/\/x.com\/https:\/\/twitter.com\/box_repsol","https:\/\/www.youtube.com\/@Boxrepsol"],"url":"https:\/\/www.boxrepsol.com\/es\/author\/redaccion-box-repsol\/"}]}},"_links":{"self":[{"href":"https:\/\/www.boxrepsol.com\/es\/wp-json\/wp\/v2\/posts\/95299","targetHints":{"allow":["GET"]}}],"collection":[{"href":"https:\/\/www.boxrepsol.com\/es\/wp-json\/wp\/v2\/posts"}],"about":[{"href":"https:\/\/www.boxrepsol.com\/es\/wp-json\/wp\/v2\/types\/post"}],"author":[{"embeddable":true,"href":"https:\/\/www.boxrepsol.com\/es\/wp-json\/wp\/v2\/users\/43146"}],"replies":[{"embeddable":true,"href":"https:\/\/www.boxrepsol.com\/es\/wp-json\/wp\/v2\/comments?post=95299"}],"version-history":[{"count":1,"href":"https:\/\/www.boxrepsol.com\/es\/wp-json\/wp\/v2\/posts\/95299\/revisions"}],"predecessor-version":[{"id":109480,"href":"https:\/\/www.boxrepsol.com\/es\/wp-json\/wp\/v2\/posts\/95299\/revisions\/109480"}],"wp:featuredmedia":[{"embeddable":true,"href":"https:\/\/www.boxrepsol.com\/es\/wp-json\/wp\/v2\/media\/45567"}],"wp:attachment":[{"href":"https:\/\/www.boxrepsol.com\/es\/wp-json\/wp\/v2\/media?parent=95299"}],"wp:term":[{"taxonomy":"category","embeddable":true,"href":"https:\/\/www.boxrepsol.com\/es\/wp-json\/wp\/v2\/categories?post=95299"},{"taxonomy":"post_tag","embeddable":true,"href":"https:\/\/www.boxrepsol.com\/es\/wp-json\/wp\/v2\/tags?post=95299"}],"curies":[{"name":"wp","href":"https:\/\/api.w.org\/{rel}","templated":true}]}}