{"id":95297,"date":"2022-04-02T00:00:00","date_gmt":"2022-04-02T02:00:00","guid":{"rendered":"http:\/\/pre.boxrepsol.com\/sin-categorizar\/doblete-del-equipo-repsol-honda-en-el-x-trial-de-madrid\/"},"modified":"2024-04-09T07:08:34","modified_gmt":"2024-04-09T09:08:34","slug":"doblete-del-equipo-repsol-honda-en-el-x-trial-de-madrid","status":"publish","type":"post","link":"https:\/\/www.boxrepsol.com\/es\/trial\/doblete-del-equipo-repsol-honda-en-el-x-trial-de-madrid\/","title":{"rendered":"Doblete del equipo Repsol Honda en el X-Trial de Madrid"},"content":{"rendered":"<p>El regreso del Mundial de X-Trial a Madrid despu\u00e9s diez a\u00f1os no pudo tener anoche mejor final para el equipo Repsol Honda. Toni Bou logr\u00f3 su tres de tres particular en 2022, anot\u00e1ndose su tercer triunfo consecutivo de la temporada, sexto en la prueba madrile\u00f1a. El Pluricampe\u00f3n del Mundo no pod\u00eda estar mejor secundado: su nuevo compa\u00f1ero de equipo, Gabriel Marcelli, subi\u00f3 al segundo escal\u00f3n de las plazas de honor, igualando su mejor resultado de la especialidad, logrado el a\u00f1o pasado en Barcelona.<\/p>\n<p>La cita comenz\u00f3 con Bou liderando la primera fase, empatado a puntos con Raga \u201311\u2013 y al que super\u00f3 por tiempo; con Marcelli a sus talones, con dos puntos m\u00e1s. Bou se volvi\u00f3 a imponer en la segunda fase, en la que una ca\u00edda de su compa\u00f1ero en el equipo Repsol Honda, Gabriel Marcelli, en la zona 4, le releg\u00f3 hasta la cuarta posici\u00f3n en esa ronda, aunque manteni\u00e9ndose tercero en la clasificaci\u00f3n combinada y accediendo as\u00ed a la final. En la ronda decisiva, Bou apenas marc\u00f3 dos puntos, con un espl\u00e9ndido Marcelli que se qued\u00f3 en siete, para rubricar su segundo podio mundialista, el primero vistiendo los colores del equipo Repsol Honda.<\/p>\n<p>Con este resultado, Bou amplia a 65 sus puntos en la clasificaci\u00f3n general, 23 m\u00e1s que el segundo clasificado y Marcelli es sexto, con 16 puntos. De aqu\u00ed una semana, el domingo 10 de abril, Barcelona acoger\u00e1 en el Sant Jordi la cuarta cita del Mundial de X-Trial.<\/p>\n<h2><a href=\"https:\/\/bxrepsol.s3.eu-west-1.amazonaws.com\/static\/2022\/08\/05093041\/54.jpg\" data-index=\"0\"><br \/>\n<img decoding=\"async\" title=\"54\" src=\"https:\/\/bxrepsol.s3.eu-west-1.amazonaws.com\/static\/2022\/08\/05093041\/54.jpg\" srcset=\"https:\/\/bxrepsol.s3.eu-west-1.amazonaws.com\/static\/2022\/08\/05093041\/54.jpg 2000w, https:\/\/bxrepsol.s3.eu-west-1.amazonaws.com\/static\/2022\/08\/05093041\/54.jpg 1280w, https:\/\/bxrepsol.s3.eu-west-1.amazonaws.com\/static\/2022\/08\/05093041\/54.jpg 900w, https:\/\/bxrepsol.s3.eu-west-1.amazonaws.com\/static\/2022\/08\/05093041\/54.jpg 600w, https:\/\/bxrepsol.s3.eu-west-1.amazonaws.com\/static\/2022\/08\/05093041\/54.jpg 480w, https:\/\/bxrepsol.s3.eu-west-1.amazonaws.com\/static\/2022\/08\/05093041\/54.jpg 32w\" alt=\"\" data-title=\"\" \/><br \/>\n<\/a><br \/>\n<a href=\"https:\/\/bxrepsol.s3.eu-west-1.amazonaws.com\/static\/2022\/08\/05093043\/412.jpg\" data-index=\"1\"><br \/>\n<img decoding=\"async\" title=\"412\" src=\"https:\/\/bxrepsol.s3.eu-west-1.amazonaws.com\/static\/2022\/08\/05093043\/412.jpg\" srcset=\"https:\/\/bxrepsol.s3.eu-west-1.amazonaws.com\/static\/2022\/08\/05093043\/412.jpg 2000w, https:\/\/bxrepsol.s3.eu-west-1.amazonaws.com\/static\/2022\/08\/05093043\/412.jpg 1280w, https:\/\/bxrepsol.s3.eu-west-1.amazonaws.com\/static\/2022\/08\/05093043\/412.jpg 900w, https:\/\/bxrepsol.s3.eu-west-1.amazonaws.com\/static\/2022\/08\/05093043\/412.jpg 600w, https:\/\/bxrepsol.s3.eu-west-1.amazonaws.com\/static\/2022\/08\/05093043\/412.jpg 480w, https:\/\/bxrepsol.s3.eu-west-1.amazonaws.com\/static\/2022\/08\/05093043\/412.jpg 32w\" alt=\"\" data-title=\"\" \/><br \/>\n<\/a><br \/>\n<a href=\"https:\/\/bxrepsol.s3.eu-west-1.amazonaws.com\/static\/2022\/08\/05093045\/314.jpg\" data-index=\"2\"><br \/>\n<img decoding=\"async\" title=\"314\" src=\"https:\/\/bxrepsol.s3.eu-west-1.amazonaws.com\/static\/2022\/08\/05093045\/314.jpg\" srcset=\"https:\/\/bxrepsol.s3.eu-west-1.amazonaws.com\/static\/2022\/08\/05093045\/314.jpg 2000w, https:\/\/bxrepsol.s3.eu-west-1.amazonaws.com\/static\/2022\/08\/05093045\/314.jpg 1280w, https:\/\/bxrepsol.s3.eu-west-1.amazonaws.com\/static\/2022\/08\/05093045\/314.jpg 900w, https:\/\/bxrepsol.s3.eu-west-1.amazonaws.com\/static\/2022\/08\/05093045\/314.jpg 600w, https:\/\/bxrepsol.s3.eu-west-1.amazonaws.com\/static\/2022\/08\/05093045\/314.jpg 480w, https:\/\/bxrepsol.s3.eu-west-1.amazonaws.com\/static\/2022\/08\/05093045\/314.jpg 32w\" alt=\"\" data-title=\"\" \/><br \/>\n<\/a><br \/>\n<a href=\"https:\/\/bxrepsol.s3.eu-west-1.amazonaws.com\/static\/2022\/08\/05093047\/214.jpg\" data-index=\"3\"><br \/>\n<img decoding=\"async\" title=\"214\" src=\"https:\/\/bxrepsol.s3.eu-west-1.amazonaws.com\/static\/2022\/08\/05093047\/214.jpg\" srcset=\"https:\/\/bxrepsol.s3.eu-west-1.amazonaws.com\/static\/2022\/08\/05093047\/214.jpg 2000w, https:\/\/bxrepsol.s3.eu-west-1.amazonaws.com\/static\/2022\/08\/05093047\/214.jpg 1280w, https:\/\/bxrepsol.s3.eu-west-1.amazonaws.com\/static\/2022\/08\/05093047\/214.jpg 900w, https:\/\/bxrepsol.s3.eu-west-1.amazonaws.com\/static\/2022\/08\/05093047\/214.jpg 600w, https:\/\/bxrepsol.s3.eu-west-1.amazonaws.com\/static\/2022\/08\/05093047\/214.jpg 480w, https:\/\/bxrepsol.s3.eu-west-1.amazonaws.com\/static\/2022\/08\/05093047\/214.jpg 32w\" alt=\"\" data-title=\"\" \/><br \/>\n<\/a><br \/>\nDeclaraciones de los pilotos<\/h2>\n<p><strong>Toni Bou<\/strong><\/p>\n<p>\u00abSiempre llego a Barcelona con nervios, pero evidentemente, con este resultado llegar\u00e9 mucho m\u00e1s tranquilo. Lograr en Madrid mi tercera victoria consecutiva de la temporada, con Gabriel Marcelli segundo y en territorio Repsol, es una victoria y una noche so\u00f1ada. Ha ido todo muy bien. Es cierto que en la primera y en la segunda vuelta hemos sufrido un poco m\u00e1s, pero en la final me he sentido muy c\u00f3modo y he podido marcar la diferencia en la zona 2\u201d.<\/p>\n<p><strong>Gabriel Marcelli<\/strong><\/p>\n<p>\u00abEstoy supercontento, porque hemos repetido el resultado del pasado a\u00f1o en Barcelona. Hoy he logrado soltar toda la presi\u00f3n que ten\u00eda en Francia y creo que esa ha sido la gran diferencia, ya que me he metido en la segunda ronda con una visi\u00f3n de la carrera totalmente distinta. El resultado es casi inmejorable. Este podio es muy positivo para seguir la temporada con buen pie. Me he sentido muy arropado por el p\u00fablico de Madrid\u201d.<\/p>\n","protected":false},"excerpt":{"rendered":"<p>Tercer triunfo de la temporada para Toni Bou, acompa\u00f1ado en el podio de Madrid por su nuevo compa\u00f1ero de equipo, Gabriel Marcelli.<\/p>\n","protected":false},"author":43146,"featured_media":45554,"comment_status":"open","ping_status":"open","sticky":false,"template":"","format":"standard","meta":{"footnotes":""},"categories":[23],"tags":[120,203,21],"class_list":["post-95297","post","type-post","status-publish","format-standard","hentry","category-trial","tag-120","tag-gabri-marcelli","tag-toni-bou"],"yoast_head":"<!-- This site is optimized with the Yoast SEO plugin v27.3 - https:\/\/yoast.com\/product\/yoast-seo-wordpress\/ -->\n<title>Doblete del equipo Repsol Honda en el X-Trial de Madrid - Box Repsol<\/title>\n<meta name=\"description\" content=\"Celebra con nosotros la impresionante actuaci\u00f3n del equipo Repsol Honda, que logra un destacado doblete en el X-Trial de Madrid.\" \/>\n<link rel=\"canonical\" href=\"https:\/\/www.boxrepsol.com\/es\/trial\/doblete-del-equipo-repsol-honda-en-el-x-trial-de-madrid\/\" \/>\n<meta property=\"og:locale\" content=\"es_ES\" \/>\n<meta property=\"og:type\" content=\"article\" \/>\n<meta property=\"og:title\" content=\"Doblete del equipo Repsol Honda en el X-Trial de Madrid - Box Repsol\" \/>\n<meta property=\"og:description\" content=\"Celebra con nosotros la impresionante actuaci\u00f3n del equipo Repsol Honda, que logra un destacado doblete en el X-Trial de Madrid.\" \/>\n<meta property=\"og:url\" content=\"https:\/\/www.boxrepsol.com\/es\/trial\/doblete-del-equipo-repsol-honda-en-el-x-trial-de-madrid\/\" \/>\n<meta property=\"og:site_name\" content=\"Box Repsol\" \/>\n<meta property=\"article:publisher\" content=\"https:\/\/www.facebook.com\/BoxRepsol\" \/>\n<meta property=\"article:author\" content=\"https:\/\/www.facebook.com\/BoxRepsol\/\" \/>\n<meta property=\"article:published_time\" content=\"2022-04-02T02:00:00+00:00\" \/>\n<meta property=\"article:modified_time\" content=\"2024-04-09T09:08:34+00:00\" \/>\n<meta property=\"og:image\" content=\"https:\/\/bxrepsol.s3.eu-west-1.amazonaws.com\/static\/2022\/08\/10041308\/X-Trial22_r3_PODIUM_7877_ps-scaled.jpg\" \/>\n\t<meta property=\"og:image:width\" content=\"2560\" \/>\n\t<meta property=\"og:image:height\" content=\"1200\" \/>\n\t<meta property=\"og:image:type\" content=\"image\/jpeg\" \/>\n<meta name=\"author\" content=\"Redacci\u00f3n Box Repsol\" \/>\n<meta name=\"twitter:card\" content=\"summary_large_image\" \/>\n<meta name=\"twitter:creator\" content=\"@https:\/\/twitter.com\/box_repsol\" \/>\n<meta name=\"twitter:site\" content=\"@box_repsol\" \/>\n<meta name=\"twitter:label1\" content=\"Written by\" \/>\n\t<meta name=\"twitter:data1\" content=\"Redacci\u00f3n Box Repsol\" \/>\n\t<meta name=\"twitter:label2\" content=\"Est. reading time\" \/>\n\t<meta name=\"twitter:data2\" content=\"2 minutos\" \/>\n<script type=\"application\/ld+json\" class=\"yoast-schema-graph\">{\"@context\":\"https:\\\/\\\/schema.org\",\"@graph\":[{\"@type\":\"Article\",\"@id\":\"https:\\\/\\\/www.boxrepsol.com\\\/es\\\/trial\\\/doblete-del-equipo-repsol-honda-en-el-x-trial-de-madrid\\\/#article\",\"isPartOf\":{\"@id\":\"https:\\\/\\\/www.boxrepsol.com\\\/es\\\/trial\\\/doblete-del-equipo-repsol-honda-en-el-x-trial-de-madrid\\\/\"},\"author\":{\"name\":\"Redacci\u00f3n Box Repsol\",\"@id\":\"https:\\\/\\\/www.boxrepsol.com\\\/es\\\/#\\\/schema\\\/person\\\/c5c2138f2cca251b0ad92b7086bb60b7\"},\"headline\":\"Doblete del equipo Repsol Honda en el X-Trial de Madrid\",\"datePublished\":\"2022-04-02T02:00:00+00:00\",\"dateModified\":\"2024-04-09T09:08:34+00:00\",\"mainEntityOfPage\":{\"@id\":\"https:\\\/\\\/www.boxrepsol.com\\\/es\\\/trial\\\/doblete-del-equipo-repsol-honda-en-el-x-trial-de-madrid\\\/\"},\"wordCount\":437,\"commentCount\":0,\"publisher\":{\"@id\":\"https:\\\/\\\/www.boxrepsol.com\\\/es\\\/#organization\"},\"image\":{\"@id\":\"https:\\\/\\\/www.boxrepsol.com\\\/es\\\/trial\\\/doblete-del-equipo-repsol-honda-en-el-x-trial-de-madrid\\\/#primaryimage\"},\"thumbnailUrl\":\"https:\\\/\\\/bxrepsol.s3.eu-west-1.amazonaws.com\\\/static\\\/2022\\\/08\\\/10041308\\\/X-Trial22_r3_PODIUM_7877_ps-scaled.jpg\",\"keywords\":[\"2022\",\"Gabri Marcelli\",\"Toni Bou\"],\"articleSection\":[\"Trial\"],\"inLanguage\":\"es\",\"potentialAction\":[{\"@type\":\"CommentAction\",\"name\":\"Comment\",\"target\":[\"https:\\\/\\\/www.boxrepsol.com\\\/es\\\/trial\\\/doblete-del-equipo-repsol-honda-en-el-x-trial-de-madrid\\\/#respond\"]}]},{\"@type\":\"WebPage\",\"@id\":\"https:\\\/\\\/www.boxrepsol.com\\\/es\\\/trial\\\/doblete-del-equipo-repsol-honda-en-el-x-trial-de-madrid\\\/\",\"url\":\"https:\\\/\\\/www.boxrepsol.com\\\/es\\\/trial\\\/doblete-del-equipo-repsol-honda-en-el-x-trial-de-madrid\\\/\",\"name\":\"Doblete del equipo Repsol Honda en el X-Trial de Madrid - Box Repsol\",\"isPartOf\":{\"@id\":\"https:\\\/\\\/www.boxrepsol.com\\\/es\\\/#website\"},\"primaryImageOfPage\":{\"@id\":\"https:\\\/\\\/www.boxrepsol.com\\\/es\\\/trial\\\/doblete-del-equipo-repsol-honda-en-el-x-trial-de-madrid\\\/#primaryimage\"},\"image\":{\"@id\":\"https:\\\/\\\/www.boxrepsol.com\\\/es\\\/trial\\\/doblete-del-equipo-repsol-honda-en-el-x-trial-de-madrid\\\/#primaryimage\"},\"thumbnailUrl\":\"https:\\\/\\\/bxrepsol.s3.eu-west-1.amazonaws.com\\\/static\\\/2022\\\/08\\\/10041308\\\/X-Trial22_r3_PODIUM_7877_ps-scaled.jpg\",\"datePublished\":\"2022-04-02T02:00:00+00:00\",\"dateModified\":\"2024-04-09T09:08:34+00:00\",\"description\":\"Celebra con nosotros la impresionante actuaci\u00f3n del equipo Repsol Honda, que logra un destacado doblete en el X-Trial de Madrid.\",\"breadcrumb\":{\"@id\":\"https:\\\/\\\/www.boxrepsol.com\\\/es\\\/trial\\\/doblete-del-equipo-repsol-honda-en-el-x-trial-de-madrid\\\/#breadcrumb\"},\"inLanguage\":\"es\",\"potentialAction\":[{\"@type\":\"ReadAction\",\"target\":[\"https:\\\/\\\/www.boxrepsol.com\\\/es\\\/trial\\\/doblete-del-equipo-repsol-honda-en-el-x-trial-de-madrid\\\/\"]}]},{\"@type\":\"ImageObject\",\"inLanguage\":\"es\",\"@id\":\"https:\\\/\\\/www.boxrepsol.com\\\/es\\\/trial\\\/doblete-del-equipo-repsol-honda-en-el-x-trial-de-madrid\\\/#primaryimage\",\"url\":\"https:\\\/\\\/bxrepsol.s3.eu-west-1.amazonaws.com\\\/static\\\/2022\\\/08\\\/10041308\\\/X-Trial22_r3_PODIUM_7877_ps-scaled.jpg\",\"contentUrl\":\"https:\\\/\\\/bxrepsol.s3.eu-west-1.amazonaws.com\\\/static\\\/2022\\\/08\\\/10041308\\\/X-Trial22_r3_PODIUM_7877_ps-scaled.jpg\",\"width\":2560,\"height\":1200},{\"@type\":\"BreadcrumbList\",\"@id\":\"https:\\\/\\\/www.boxrepsol.com\\\/es\\\/trial\\\/doblete-del-equipo-repsol-honda-en-el-x-trial-de-madrid\\\/#breadcrumb\",\"itemListElement\":[{\"@type\":\"ListItem\",\"position\":1,\"name\":\"Home\",\"item\":\"https:\\\/\\\/www.boxrepsol.com\\\/es\\\/\"},{\"@type\":\"ListItem\",\"position\":2,\"name\":\"Doblete del equipo Repsol Honda en el X-Trial de Madrid\"}]},{\"@type\":\"WebSite\",\"@id\":\"https:\\\/\\\/www.boxrepsol.com\\\/es\\\/#website\",\"url\":\"https:\\\/\\\/www.boxrepsol.com\\\/es\\\/\",\"name\":\"Box Repsol\",\"description\":\"Box Repsol Site\",\"publisher\":{\"@id\":\"https:\\\/\\\/www.boxrepsol.com\\\/es\\\/#organization\"},\"potentialAction\":[{\"@type\":\"SearchAction\",\"target\":{\"@type\":\"EntryPoint\",\"urlTemplate\":\"https:\\\/\\\/www.boxrepsol.com\\\/es\\\/?s={search_term_string}\"},\"query-input\":{\"@type\":\"PropertyValueSpecification\",\"valueRequired\":true,\"valueName\":\"search_term_string\"}}],\"inLanguage\":\"es\"},{\"@type\":\"Organization\",\"@id\":\"https:\\\/\\\/www.boxrepsol.com\\\/es\\\/#organization\",\"name\":\"Box Repsol\",\"url\":\"https:\\\/\\\/www.boxrepsol.com\\\/es\\\/\",\"logo\":{\"@type\":\"ImageObject\",\"inLanguage\":\"es\",\"@id\":\"https:\\\/\\\/www.boxrepsol.com\\\/es\\\/#\\\/schema\\\/logo\\\/image\\\/\",\"url\":\"https:\\\/\\\/bxrepsol.s3.eu-west-1.amazonaws.com\\\/static\\\/2025\\\/07\\\/30083337\\\/favicon-96x96-1.png\",\"contentUrl\":\"https:\\\/\\\/bxrepsol.s3.eu-west-1.amazonaws.com\\\/static\\\/2025\\\/07\\\/30083337\\\/favicon-96x96-1.png\",\"width\":96,\"height\":96,\"caption\":\"Box Repsol\"},\"image\":{\"@id\":\"https:\\\/\\\/www.boxrepsol.com\\\/es\\\/#\\\/schema\\\/logo\\\/image\\\/\"},\"sameAs\":[\"https:\\\/\\\/www.facebook.com\\\/BoxRepsol\",\"https:\\\/\\\/x.com\\\/box_repsol\",\"http:\\\/\\\/instagram.com\\\/box_repsol\",\"https:\\\/\\\/www.youtube.com\\\/user\\\/RepsolCompeticion\",\"https:\\\/\\\/www.flickr.com\\\/photos\\\/box_repsol\\\/\"]},{\"@type\":\"Person\",\"@id\":\"https:\\\/\\\/www.boxrepsol.com\\\/es\\\/#\\\/schema\\\/person\\\/c5c2138f2cca251b0ad92b7086bb60b7\",\"name\":\"Redacci\u00f3n Box Repsol\",\"image\":{\"@type\":\"ImageObject\",\"inLanguage\":\"es\",\"@id\":\"https:\\\/\\\/secure.gravatar.com\\\/avatar\\\/adf7b77e38b4419baf32c7e9c21dde01f4e40df611f0978e3006fc4ba0aaab7e?s=96&d=mm&r=g\",\"url\":\"https:\\\/\\\/secure.gravatar.com\\\/avatar\\\/adf7b77e38b4419baf32c7e9c21dde01f4e40df611f0978e3006fc4ba0aaab7e?s=96&d=mm&r=g\",\"contentUrl\":\"https:\\\/\\\/secure.gravatar.com\\\/avatar\\\/adf7b77e38b4419baf32c7e9c21dde01f4e40df611f0978e3006fc4ba0aaab7e?s=96&d=mm&r=g\",\"caption\":\"Redacci\u00f3n Box Repsol\"},\"description\":\"Box Repsol lo forma un equipo de periodistas, community managers, dise\u00f1adores y fot\u00f3grafos con m\u00e1s de 20 a\u00f1os de experiencia en el mundo del motorsport. Hemos vivido el primer mundial de un espa\u00f1ol en la categor\u00eda reina de motociclismo con \u00c1lex Crivill\u00e9, estuvimos en las victorias de Pedrosa y los t\u00edtulos de M\u00e1rquez, acompa\u00f1amos en \u00c1frica a Nani Roma y Marc Coma en sus conquistas del Dakar y hemos vibrado con los t\u00edtulos de Toni Bou en Trial. Adem\u00e1s, en nuestro equipo contamos con expertos en el mundo de las dos y cuatro ruedas tanto de la calle y las carreteras, como de los circuitos. Periodistas que han trabajado en revistas y publicaciones para hacerte llegar desde rutas y consejos de mantenimiento, a curiosidades y trucos de pilotaje.\",\"sameAs\":[\"https:\\\/\\\/www.facebook.com\\\/BoxRepsol\\\/\",\"https:\\\/\\\/www.instagram.com\\\/box_repsol\\\/\",\"https:\\\/\\\/x.com\\\/https:\\\/\\\/twitter.com\\\/box_repsol\",\"https:\\\/\\\/www.youtube.com\\\/@Boxrepsol\"],\"url\":\"https:\\\/\\\/www.boxrepsol.com\\\/es\\\/author\\\/redaccion-box-repsol\\\/\"}]}<\/script>\n<!-- \/ Yoast SEO plugin. -->","yoast_head_json":{"title":"Doblete del equipo Repsol Honda en el X-Trial de Madrid - Box Repsol","description":"Celebra con nosotros la impresionante actuaci\u00f3n del equipo Repsol Honda, que logra un destacado doblete en el X-Trial de Madrid.","canonical":"https:\/\/www.boxrepsol.com\/es\/trial\/doblete-del-equipo-repsol-honda-en-el-x-trial-de-madrid\/","og_locale":"es_ES","og_type":"article","og_title":"Doblete del equipo Repsol Honda en el X-Trial de Madrid - Box Repsol","og_description":"Celebra con nosotros la impresionante actuaci\u00f3n del equipo Repsol Honda, que logra un destacado doblete en el X-Trial de Madrid.","og_url":"https:\/\/www.boxrepsol.com\/es\/trial\/doblete-del-equipo-repsol-honda-en-el-x-trial-de-madrid\/","og_site_name":"Box Repsol","article_publisher":"https:\/\/www.facebook.com\/BoxRepsol","article_author":"https:\/\/www.facebook.com\/BoxRepsol\/","article_published_time":"2022-04-02T02:00:00+00:00","article_modified_time":"2024-04-09T09:08:34+00:00","og_image":[{"width":2560,"height":1200,"url":"https:\/\/bxrepsol.s3.eu-west-1.amazonaws.com\/static\/2022\/08\/10041308\/X-Trial22_r3_PODIUM_7877_ps-scaled.jpg","type":"image\/jpeg"}],"author":"Redacci\u00f3n Box Repsol","twitter_card":"summary_large_image","twitter_creator":"@https:\/\/twitter.com\/box_repsol","twitter_site":"@box_repsol","twitter_misc":{"Written by":"Redacci\u00f3n Box Repsol","Est. reading time":"2 minutos"},"schema":{"@context":"https:\/\/schema.org","@graph":[{"@type":"Article","@id":"https:\/\/www.boxrepsol.com\/es\/trial\/doblete-del-equipo-repsol-honda-en-el-x-trial-de-madrid\/#article","isPartOf":{"@id":"https:\/\/www.boxrepsol.com\/es\/trial\/doblete-del-equipo-repsol-honda-en-el-x-trial-de-madrid\/"},"author":{"name":"Redacci\u00f3n Box Repsol","@id":"https:\/\/www.boxrepsol.com\/es\/#\/schema\/person\/c5c2138f2cca251b0ad92b7086bb60b7"},"headline":"Doblete del equipo Repsol Honda en el X-Trial de Madrid","datePublished":"2022-04-02T02:00:00+00:00","dateModified":"2024-04-09T09:08:34+00:00","mainEntityOfPage":{"@id":"https:\/\/www.boxrepsol.com\/es\/trial\/doblete-del-equipo-repsol-honda-en-el-x-trial-de-madrid\/"},"wordCount":437,"commentCount":0,"publisher":{"@id":"https:\/\/www.boxrepsol.com\/es\/#organization"},"image":{"@id":"https:\/\/www.boxrepsol.com\/es\/trial\/doblete-del-equipo-repsol-honda-en-el-x-trial-de-madrid\/#primaryimage"},"thumbnailUrl":"https:\/\/bxrepsol.s3.eu-west-1.amazonaws.com\/static\/2022\/08\/10041308\/X-Trial22_r3_PODIUM_7877_ps-scaled.jpg","keywords":["2022","Gabri Marcelli","Toni Bou"],"articleSection":["Trial"],"inLanguage":"es","potentialAction":[{"@type":"CommentAction","name":"Comment","target":["https:\/\/www.boxrepsol.com\/es\/trial\/doblete-del-equipo-repsol-honda-en-el-x-trial-de-madrid\/#respond"]}]},{"@type":"WebPage","@id":"https:\/\/www.boxrepsol.com\/es\/trial\/doblete-del-equipo-repsol-honda-en-el-x-trial-de-madrid\/","url":"https:\/\/www.boxrepsol.com\/es\/trial\/doblete-del-equipo-repsol-honda-en-el-x-trial-de-madrid\/","name":"Doblete del equipo Repsol Honda en el X-Trial de Madrid - Box Repsol","isPartOf":{"@id":"https:\/\/www.boxrepsol.com\/es\/#website"},"primaryImageOfPage":{"@id":"https:\/\/www.boxrepsol.com\/es\/trial\/doblete-del-equipo-repsol-honda-en-el-x-trial-de-madrid\/#primaryimage"},"image":{"@id":"https:\/\/www.boxrepsol.com\/es\/trial\/doblete-del-equipo-repsol-honda-en-el-x-trial-de-madrid\/#primaryimage"},"thumbnailUrl":"https:\/\/bxrepsol.s3.eu-west-1.amazonaws.com\/static\/2022\/08\/10041308\/X-Trial22_r3_PODIUM_7877_ps-scaled.jpg","datePublished":"2022-04-02T02:00:00+00:00","dateModified":"2024-04-09T09:08:34+00:00","description":"Celebra con nosotros la impresionante actuaci\u00f3n del equipo Repsol Honda, que logra un destacado doblete en el X-Trial de Madrid.","breadcrumb":{"@id":"https:\/\/www.boxrepsol.com\/es\/trial\/doblete-del-equipo-repsol-honda-en-el-x-trial-de-madrid\/#breadcrumb"},"inLanguage":"es","potentialAction":[{"@type":"ReadAction","target":["https:\/\/www.boxrepsol.com\/es\/trial\/doblete-del-equipo-repsol-honda-en-el-x-trial-de-madrid\/"]}]},{"@type":"ImageObject","inLanguage":"es","@id":"https:\/\/www.boxrepsol.com\/es\/trial\/doblete-del-equipo-repsol-honda-en-el-x-trial-de-madrid\/#primaryimage","url":"https:\/\/bxrepsol.s3.eu-west-1.amazonaws.com\/static\/2022\/08\/10041308\/X-Trial22_r3_PODIUM_7877_ps-scaled.jpg","contentUrl":"https:\/\/bxrepsol.s3.eu-west-1.amazonaws.com\/static\/2022\/08\/10041308\/X-Trial22_r3_PODIUM_7877_ps-scaled.jpg","width":2560,"height":1200},{"@type":"BreadcrumbList","@id":"https:\/\/www.boxrepsol.com\/es\/trial\/doblete-del-equipo-repsol-honda-en-el-x-trial-de-madrid\/#breadcrumb","itemListElement":[{"@type":"ListItem","position":1,"name":"Home","item":"https:\/\/www.boxrepsol.com\/es\/"},{"@type":"ListItem","position":2,"name":"Doblete del equipo Repsol Honda en el X-Trial de Madrid"}]},{"@type":"WebSite","@id":"https:\/\/www.boxrepsol.com\/es\/#website","url":"https:\/\/www.boxrepsol.com\/es\/","name":"Box Repsol","description":"Box Repsol Site","publisher":{"@id":"https:\/\/www.boxrepsol.com\/es\/#organization"},"potentialAction":[{"@type":"SearchAction","target":{"@type":"EntryPoint","urlTemplate":"https:\/\/www.boxrepsol.com\/es\/?s={search_term_string}"},"query-input":{"@type":"PropertyValueSpecification","valueRequired":true,"valueName":"search_term_string"}}],"inLanguage":"es"},{"@type":"Organization","@id":"https:\/\/www.boxrepsol.com\/es\/#organization","name":"Box Repsol","url":"https:\/\/www.boxrepsol.com\/es\/","logo":{"@type":"ImageObject","inLanguage":"es","@id":"https:\/\/www.boxrepsol.com\/es\/#\/schema\/logo\/image\/","url":"https:\/\/bxrepsol.s3.eu-west-1.amazonaws.com\/static\/2025\/07\/30083337\/favicon-96x96-1.png","contentUrl":"https:\/\/bxrepsol.s3.eu-west-1.amazonaws.com\/static\/2025\/07\/30083337\/favicon-96x96-1.png","width":96,"height":96,"caption":"Box Repsol"},"image":{"@id":"https:\/\/www.boxrepsol.com\/es\/#\/schema\/logo\/image\/"},"sameAs":["https:\/\/www.facebook.com\/BoxRepsol","https:\/\/x.com\/box_repsol","http:\/\/instagram.com\/box_repsol","https:\/\/www.youtube.com\/user\/RepsolCompeticion","https:\/\/www.flickr.com\/photos\/box_repsol\/"]},{"@type":"Person","@id":"https:\/\/www.boxrepsol.com\/es\/#\/schema\/person\/c5c2138f2cca251b0ad92b7086bb60b7","name":"Redacci\u00f3n Box Repsol","image":{"@type":"ImageObject","inLanguage":"es","@id":"https:\/\/secure.gravatar.com\/avatar\/adf7b77e38b4419baf32c7e9c21dde01f4e40df611f0978e3006fc4ba0aaab7e?s=96&d=mm&r=g","url":"https:\/\/secure.gravatar.com\/avatar\/adf7b77e38b4419baf32c7e9c21dde01f4e40df611f0978e3006fc4ba0aaab7e?s=96&d=mm&r=g","contentUrl":"https:\/\/secure.gravatar.com\/avatar\/adf7b77e38b4419baf32c7e9c21dde01f4e40df611f0978e3006fc4ba0aaab7e?s=96&d=mm&r=g","caption":"Redacci\u00f3n Box Repsol"},"description":"Box Repsol lo forma un equipo de periodistas, community managers, dise\u00f1adores y fot\u00f3grafos con m\u00e1s de 20 a\u00f1os de experiencia en el mundo del motorsport. Hemos vivido el primer mundial de un espa\u00f1ol en la categor\u00eda reina de motociclismo con \u00c1lex Crivill\u00e9, estuvimos en las victorias de Pedrosa y los t\u00edtulos de M\u00e1rquez, acompa\u00f1amos en \u00c1frica a Nani Roma y Marc Coma en sus conquistas del Dakar y hemos vibrado con los t\u00edtulos de Toni Bou en Trial. Adem\u00e1s, en nuestro equipo contamos con expertos en el mundo de las dos y cuatro ruedas tanto de la calle y las carreteras, como de los circuitos. Periodistas que han trabajado en revistas y publicaciones para hacerte llegar desde rutas y consejos de mantenimiento, a curiosidades y trucos de pilotaje.","sameAs":["https:\/\/www.facebook.com\/BoxRepsol\/","https:\/\/www.instagram.com\/box_repsol\/","https:\/\/x.com\/https:\/\/twitter.com\/box_repsol","https:\/\/www.youtube.com\/@Boxrepsol"],"url":"https:\/\/www.boxrepsol.com\/es\/author\/redaccion-box-repsol\/"}]}},"_links":{"self":[{"href":"https:\/\/www.boxrepsol.com\/es\/wp-json\/wp\/v2\/posts\/95297","targetHints":{"allow":["GET"]}}],"collection":[{"href":"https:\/\/www.boxrepsol.com\/es\/wp-json\/wp\/v2\/posts"}],"about":[{"href":"https:\/\/www.boxrepsol.com\/es\/wp-json\/wp\/v2\/types\/post"}],"author":[{"embeddable":true,"href":"https:\/\/www.boxrepsol.com\/es\/wp-json\/wp\/v2\/users\/43146"}],"replies":[{"embeddable":true,"href":"https:\/\/www.boxrepsol.com\/es\/wp-json\/wp\/v2\/comments?post=95297"}],"version-history":[{"count":3,"href":"https:\/\/www.boxrepsol.com\/es\/wp-json\/wp\/v2\/posts\/95297\/revisions"}],"predecessor-version":[{"id":113792,"href":"https:\/\/www.boxrepsol.com\/es\/wp-json\/wp\/v2\/posts\/95297\/revisions\/113792"}],"wp:featuredmedia":[{"embeddable":true,"href":"https:\/\/www.boxrepsol.com\/es\/wp-json\/wp\/v2\/media\/45554"}],"wp:attachment":[{"href":"https:\/\/www.boxrepsol.com\/es\/wp-json\/wp\/v2\/media?parent=95297"}],"wp:term":[{"taxonomy":"category","embeddable":true,"href":"https:\/\/www.boxrepsol.com\/es\/wp-json\/wp\/v2\/categories?post=95297"},{"taxonomy":"post_tag","embeddable":true,"href":"https:\/\/www.boxrepsol.com\/es\/wp-json\/wp\/v2\/tags?post=95297"}],"curies":[{"name":"wp","href":"https:\/\/api.w.org\/{rel}","templated":true}]}}