{"id":95289,"date":"2022-03-29T00:00:00","date_gmt":"2022-03-29T02:00:00","guid":{"rendered":"http:\/\/pre.boxrepsol.com\/sin-categorizar\/el-repsol-honda-trial-team-preparado-para-el-x-trial-de-madrid\/"},"modified":"2024-04-09T07:09:41","modified_gmt":"2024-04-09T09:09:41","slug":"el-repsol-honda-trial-team-preparado-para-el-x-trial-de-madrid","status":"publish","type":"post","link":"https:\/\/www.boxrepsol.com\/es\/trial\/el-repsol-honda-trial-team-preparado-para-el-x-trial-de-madrid\/","title":{"rendered":"El Repsol Honda Trial Team, preparado para el X-Trial de Madrid"},"content":{"rendered":"<p>El Campeonato del Mundo FIM de X-Trial viaja a Madrid tras diez a\u00f1os de ausencia y lo hace con un Toni Bou intratable, donde ha conseguido la victoria en las dos primeras carreras de la temporada, Niza y Chalon-sur-Sa\u00f4ne. Bou es l\u00edder del Mundial con 13 puntos de ventaja sobre el segundo clasificado.<\/p>\n<p>El Repsol Honda participar\u00e1 nuevamente al completo, ya que Gabriel Marcelli tambi\u00e9n estar\u00e1 en el Madrid Arena para, principalmente, intentar mejorar las sensaciones que tuvo en su estreno en el Mundial el pasado fin de semana.<\/p>\n<p>Desde 2008, Toni Bou ha ganado las cinco \u00faltimas ediciones (de forma consecutiva) del X-Trial de Madrid. Para Gabriel Marcelli ser\u00e1 su debut ante el p\u00fablico de la capital de Espa\u00f1a, despu\u00e9s de pasar por Bilbao, Granada y Barcelona en 2019 y 2020.<\/p>\n<p>El Madrid Arena albergar\u00e1 por primera vez una prueba de X-Trial, ya que anteriormente se corr\u00eda en el antiguo Palacio de Deportes. El evento dar\u00e1 inicio a las 20:00 horas.<\/p>\n<h3>Declaraciones de los pilotos<\/h3>\n<p><strong>Toni Bou<\/strong><\/p>\n<p>\u00ab<em>Llegamos a Madrid este fin de semana, despu\u00e9s de una buena victoria en Francia donde vimos que siempre hay que estar alerta y no podemos permitirnos ni el m\u00ednimo error porque hay mucha igualdad y cualquiera puede dar la sorpresa. Estoy seguro que el p\u00fablico de Madrid nos apoyar\u00e1 como ha hecho siempre, y m\u00e1s despu\u00e9s de tanto tiempo sin ver una carrera de X-Trial. Esperamos dar un buen espect\u00e1culo<\/em>\u00ab.<\/p>\n<p><strong>Gabriel Marcelli<\/strong><\/p>\n<p>\u00ab<em>En mi debut en Francia el pasado fin de semana creo que comet\u00ed varios errores que, evidentemente, no puedo volver a repetir en la carrera de Madrid. Estoy muy contento de poder correr otra vez en Espa\u00f1a, y por primera vez en Madrid, y conf\u00edo en que pueda hacerlo bien a pesar de mi falta de experiencia en este tipo de competici\u00f3n. Vamos a darle con todo y esperemos que salga una buena carrera y que el p\u00fablico disfrute<\/em>\u00ab.<\/p>\n","protected":false},"excerpt":{"rendered":"<p>La tercera carrera del Campeonato del Mundo FIM de X-Trial tendr\u00e1 lugar este pr\u00f3ximo s\u00e1bado d\u00eda 2 de abril en Madrid. La capital de Espa\u00f1a vuelve a acoger una prueba del Mundial despu\u00e9s de diez a\u00f1os de ausencia y con la presencia de los dos pilotos del Repsol Honda Team de Trial: Toni Bou y Gabriel Marcelli<\/p>\n","protected":false},"author":43146,"featured_media":45499,"comment_status":"open","ping_status":"open","sticky":false,"template":"","format":"standard","meta":{"footnotes":""},"categories":[23],"tags":[120,203,130,21],"class_list":["post-95289","post","type-post","status-publish","format-standard","hentry","category-trial","tag-120","tag-gabri-marcelli","tag-otros-eventos-y-competiciones","tag-toni-bou"],"yoast_head":"<!-- This site is optimized with the Yoast SEO plugin v27.3 - https:\/\/yoast.com\/product\/yoast-seo-wordpress\/ -->\n<title>El Repsol Honda Trial Team, preparado para el X-Trial de Madrid - Box Repsol<\/title>\n<link rel=\"canonical\" href=\"https:\/\/www.boxrepsol.com\/es\/trial\/el-repsol-honda-trial-team-preparado-para-el-x-trial-de-madrid\/\" \/>\n<meta property=\"og:locale\" content=\"es_ES\" \/>\n<meta property=\"og:type\" content=\"article\" \/>\n<meta property=\"og:title\" content=\"El Repsol Honda Trial Team, preparado para el X-Trial de Madrid - Box Repsol\" \/>\n<meta property=\"og:description\" content=\"La tercera carrera del Campeonato del Mundo FIM de X-Trial tendr\u00e1 lugar este pr\u00f3ximo s\u00e1bado d\u00eda 2 de abril en Madrid. La capital de Espa\u00f1a vuelve a acoger una prueba del Mundial despu\u00e9s de diez a\u00f1os de ausencia y con la presencia de los dos pilotos del Repsol Honda Team de Trial: Toni Bou y Gabriel Marcelli\" \/>\n<meta property=\"og:url\" content=\"https:\/\/www.boxrepsol.com\/es\/trial\/el-repsol-honda-trial-team-preparado-para-el-x-trial-de-madrid\/\" \/>\n<meta property=\"og:site_name\" content=\"Box Repsol\" \/>\n<meta property=\"article:publisher\" content=\"https:\/\/www.facebook.com\/BoxRepsol\" \/>\n<meta property=\"article:author\" content=\"https:\/\/www.facebook.com\/BoxRepsol\/\" \/>\n<meta property=\"article:published_time\" content=\"2022-03-29T02:00:00+00:00\" \/>\n<meta property=\"article:modified_time\" content=\"2024-04-09T09:09:41+00:00\" \/>\n<meta property=\"og:image\" content=\"https:\/\/bxrepsol.s3.eu-west-1.amazonaws.com\/static\/2022\/08\/10041101\/1221.jpg\" \/>\n\t<meta property=\"og:image:width\" content=\"1280\" \/>\n\t<meta property=\"og:image:height\" content=\"675\" \/>\n\t<meta property=\"og:image:type\" content=\"image\/jpeg\" \/>\n<meta name=\"author\" content=\"Redacci\u00f3n Box Repsol\" \/>\n<meta name=\"twitter:card\" content=\"summary_large_image\" \/>\n<meta name=\"twitter:creator\" content=\"@https:\/\/twitter.com\/box_repsol\" \/>\n<meta name=\"twitter:site\" content=\"@box_repsol\" \/>\n<meta name=\"twitter:label1\" content=\"Written by\" \/>\n\t<meta name=\"twitter:data1\" content=\"Redacci\u00f3n Box Repsol\" \/>\n\t<meta name=\"twitter:label2\" content=\"Est. reading time\" \/>\n\t<meta name=\"twitter:data2\" content=\"2 minutos\" \/>\n<script type=\"application\/ld+json\" class=\"yoast-schema-graph\">{\"@context\":\"https:\\\/\\\/schema.org\",\"@graph\":[{\"@type\":\"Article\",\"@id\":\"https:\\\/\\\/www.boxrepsol.com\\\/es\\\/trial\\\/el-repsol-honda-trial-team-preparado-para-el-x-trial-de-madrid\\\/#article\",\"isPartOf\":{\"@id\":\"https:\\\/\\\/www.boxrepsol.com\\\/es\\\/trial\\\/el-repsol-honda-trial-team-preparado-para-el-x-trial-de-madrid\\\/\"},\"author\":{\"name\":\"Redacci\u00f3n Box Repsol\",\"@id\":\"https:\\\/\\\/www.boxrepsol.com\\\/es\\\/#\\\/schema\\\/person\\\/c5c2138f2cca251b0ad92b7086bb60b7\"},\"headline\":\"El Repsol Honda Trial Team, preparado para el X-Trial de Madrid\",\"datePublished\":\"2022-03-29T02:00:00+00:00\",\"dateModified\":\"2024-04-09T09:09:41+00:00\",\"mainEntityOfPage\":{\"@id\":\"https:\\\/\\\/www.boxrepsol.com\\\/es\\\/trial\\\/el-repsol-honda-trial-team-preparado-para-el-x-trial-de-madrid\\\/\"},\"wordCount\":343,\"commentCount\":0,\"publisher\":{\"@id\":\"https:\\\/\\\/www.boxrepsol.com\\\/es\\\/#organization\"},\"image\":{\"@id\":\"https:\\\/\\\/www.boxrepsol.com\\\/es\\\/trial\\\/el-repsol-honda-trial-team-preparado-para-el-x-trial-de-madrid\\\/#primaryimage\"},\"thumbnailUrl\":\"https:\\\/\\\/bxrepsol.s3.eu-west-1.amazonaws.com\\\/static\\\/2022\\\/08\\\/10041101\\\/1221.jpg\",\"keywords\":[\"2022\",\"Gabri Marcelli\",\"otros eventos y competiciones\",\"Toni Bou\"],\"articleSection\":[\"Trial\"],\"inLanguage\":\"es\",\"potentialAction\":[{\"@type\":\"CommentAction\",\"name\":\"Comment\",\"target\":[\"https:\\\/\\\/www.boxrepsol.com\\\/es\\\/trial\\\/el-repsol-honda-trial-team-preparado-para-el-x-trial-de-madrid\\\/#respond\"]}]},{\"@type\":\"WebPage\",\"@id\":\"https:\\\/\\\/www.boxrepsol.com\\\/es\\\/trial\\\/el-repsol-honda-trial-team-preparado-para-el-x-trial-de-madrid\\\/\",\"url\":\"https:\\\/\\\/www.boxrepsol.com\\\/es\\\/trial\\\/el-repsol-honda-trial-team-preparado-para-el-x-trial-de-madrid\\\/\",\"name\":\"El Repsol Honda Trial Team, preparado para el X-Trial de Madrid - Box Repsol\",\"isPartOf\":{\"@id\":\"https:\\\/\\\/www.boxrepsol.com\\\/es\\\/#website\"},\"primaryImageOfPage\":{\"@id\":\"https:\\\/\\\/www.boxrepsol.com\\\/es\\\/trial\\\/el-repsol-honda-trial-team-preparado-para-el-x-trial-de-madrid\\\/#primaryimage\"},\"image\":{\"@id\":\"https:\\\/\\\/www.boxrepsol.com\\\/es\\\/trial\\\/el-repsol-honda-trial-team-preparado-para-el-x-trial-de-madrid\\\/#primaryimage\"},\"thumbnailUrl\":\"https:\\\/\\\/bxrepsol.s3.eu-west-1.amazonaws.com\\\/static\\\/2022\\\/08\\\/10041101\\\/1221.jpg\",\"datePublished\":\"2022-03-29T02:00:00+00:00\",\"dateModified\":\"2024-04-09T09:09:41+00:00\",\"breadcrumb\":{\"@id\":\"https:\\\/\\\/www.boxrepsol.com\\\/es\\\/trial\\\/el-repsol-honda-trial-team-preparado-para-el-x-trial-de-madrid\\\/#breadcrumb\"},\"inLanguage\":\"es\",\"potentialAction\":[{\"@type\":\"ReadAction\",\"target\":[\"https:\\\/\\\/www.boxrepsol.com\\\/es\\\/trial\\\/el-repsol-honda-trial-team-preparado-para-el-x-trial-de-madrid\\\/\"]}]},{\"@type\":\"ImageObject\",\"inLanguage\":\"es\",\"@id\":\"https:\\\/\\\/www.boxrepsol.com\\\/es\\\/trial\\\/el-repsol-honda-trial-team-preparado-para-el-x-trial-de-madrid\\\/#primaryimage\",\"url\":\"https:\\\/\\\/bxrepsol.s3.eu-west-1.amazonaws.com\\\/static\\\/2022\\\/08\\\/10041101\\\/1221.jpg\",\"contentUrl\":\"https:\\\/\\\/bxrepsol.s3.eu-west-1.amazonaws.com\\\/static\\\/2022\\\/08\\\/10041101\\\/1221.jpg\",\"width\":1280,\"height\":675},{\"@type\":\"BreadcrumbList\",\"@id\":\"https:\\\/\\\/www.boxrepsol.com\\\/es\\\/trial\\\/el-repsol-honda-trial-team-preparado-para-el-x-trial-de-madrid\\\/#breadcrumb\",\"itemListElement\":[{\"@type\":\"ListItem\",\"position\":1,\"name\":\"Home\",\"item\":\"https:\\\/\\\/www.boxrepsol.com\\\/es\\\/\"},{\"@type\":\"ListItem\",\"position\":2,\"name\":\"El Repsol Honda Trial Team, preparado para el X-Trial de Madrid\"}]},{\"@type\":\"WebSite\",\"@id\":\"https:\\\/\\\/www.boxrepsol.com\\\/es\\\/#website\",\"url\":\"https:\\\/\\\/www.boxrepsol.com\\\/es\\\/\",\"name\":\"Box Repsol\",\"description\":\"Box Repsol Site\",\"publisher\":{\"@id\":\"https:\\\/\\\/www.boxrepsol.com\\\/es\\\/#organization\"},\"potentialAction\":[{\"@type\":\"SearchAction\",\"target\":{\"@type\":\"EntryPoint\",\"urlTemplate\":\"https:\\\/\\\/www.boxrepsol.com\\\/es\\\/?s={search_term_string}\"},\"query-input\":{\"@type\":\"PropertyValueSpecification\",\"valueRequired\":true,\"valueName\":\"search_term_string\"}}],\"inLanguage\":\"es\"},{\"@type\":\"Organization\",\"@id\":\"https:\\\/\\\/www.boxrepsol.com\\\/es\\\/#organization\",\"name\":\"Box Repsol\",\"url\":\"https:\\\/\\\/www.boxrepsol.com\\\/es\\\/\",\"logo\":{\"@type\":\"ImageObject\",\"inLanguage\":\"es\",\"@id\":\"https:\\\/\\\/www.boxrepsol.com\\\/es\\\/#\\\/schema\\\/logo\\\/image\\\/\",\"url\":\"https:\\\/\\\/bxrepsol.s3.eu-west-1.amazonaws.com\\\/static\\\/2025\\\/07\\\/30083337\\\/favicon-96x96-1.png\",\"contentUrl\":\"https:\\\/\\\/bxrepsol.s3.eu-west-1.amazonaws.com\\\/static\\\/2025\\\/07\\\/30083337\\\/favicon-96x96-1.png\",\"width\":96,\"height\":96,\"caption\":\"Box Repsol\"},\"image\":{\"@id\":\"https:\\\/\\\/www.boxrepsol.com\\\/es\\\/#\\\/schema\\\/logo\\\/image\\\/\"},\"sameAs\":[\"https:\\\/\\\/www.facebook.com\\\/BoxRepsol\",\"https:\\\/\\\/x.com\\\/box_repsol\",\"http:\\\/\\\/instagram.com\\\/box_repsol\",\"https:\\\/\\\/www.youtube.com\\\/user\\\/RepsolCompeticion\",\"https:\\\/\\\/www.flickr.com\\\/photos\\\/box_repsol\\\/\"]},{\"@type\":\"Person\",\"@id\":\"https:\\\/\\\/www.boxrepsol.com\\\/es\\\/#\\\/schema\\\/person\\\/c5c2138f2cca251b0ad92b7086bb60b7\",\"name\":\"Redacci\u00f3n Box Repsol\",\"image\":{\"@type\":\"ImageObject\",\"inLanguage\":\"es\",\"@id\":\"https:\\\/\\\/secure.gravatar.com\\\/avatar\\\/adf7b77e38b4419baf32c7e9c21dde01f4e40df611f0978e3006fc4ba0aaab7e?s=96&d=mm&r=g\",\"url\":\"https:\\\/\\\/secure.gravatar.com\\\/avatar\\\/adf7b77e38b4419baf32c7e9c21dde01f4e40df611f0978e3006fc4ba0aaab7e?s=96&d=mm&r=g\",\"contentUrl\":\"https:\\\/\\\/secure.gravatar.com\\\/avatar\\\/adf7b77e38b4419baf32c7e9c21dde01f4e40df611f0978e3006fc4ba0aaab7e?s=96&d=mm&r=g\",\"caption\":\"Redacci\u00f3n Box Repsol\"},\"description\":\"Box Repsol lo forma un equipo de periodistas, community managers, dise\u00f1adores y fot\u00f3grafos con m\u00e1s de 20 a\u00f1os de experiencia en el mundo del motorsport. Hemos vivido el primer mundial de un espa\u00f1ol en la categor\u00eda reina de motociclismo con \u00c1lex Crivill\u00e9, estuvimos en las victorias de Pedrosa y los t\u00edtulos de M\u00e1rquez, acompa\u00f1amos en \u00c1frica a Nani Roma y Marc Coma en sus conquistas del Dakar y hemos vibrado con los t\u00edtulos de Toni Bou en Trial. Adem\u00e1s, en nuestro equipo contamos con expertos en el mundo de las dos y cuatro ruedas tanto de la calle y las carreteras, como de los circuitos. Periodistas que han trabajado en revistas y publicaciones para hacerte llegar desde rutas y consejos de mantenimiento, a curiosidades y trucos de pilotaje.\",\"sameAs\":[\"https:\\\/\\\/www.facebook.com\\\/BoxRepsol\\\/\",\"https:\\\/\\\/www.instagram.com\\\/box_repsol\\\/\",\"https:\\\/\\\/x.com\\\/https:\\\/\\\/twitter.com\\\/box_repsol\",\"https:\\\/\\\/www.youtube.com\\\/@Boxrepsol\"],\"url\":\"https:\\\/\\\/www.boxrepsol.com\\\/es\\\/author\\\/redaccion-box-repsol\\\/\"}]}<\/script>\n<!-- \/ Yoast SEO plugin. -->","yoast_head_json":{"title":"El Repsol Honda Trial Team, preparado para el X-Trial de Madrid - Box Repsol","canonical":"https:\/\/www.boxrepsol.com\/es\/trial\/el-repsol-honda-trial-team-preparado-para-el-x-trial-de-madrid\/","og_locale":"es_ES","og_type":"article","og_title":"El Repsol Honda Trial Team, preparado para el X-Trial de Madrid - Box Repsol","og_description":"La tercera carrera del Campeonato del Mundo FIM de X-Trial tendr\u00e1 lugar este pr\u00f3ximo s\u00e1bado d\u00eda 2 de abril en Madrid. La capital de Espa\u00f1a vuelve a acoger una prueba del Mundial despu\u00e9s de diez a\u00f1os de ausencia y con la presencia de los dos pilotos del Repsol Honda Team de Trial: Toni Bou y Gabriel Marcelli","og_url":"https:\/\/www.boxrepsol.com\/es\/trial\/el-repsol-honda-trial-team-preparado-para-el-x-trial-de-madrid\/","og_site_name":"Box Repsol","article_publisher":"https:\/\/www.facebook.com\/BoxRepsol","article_author":"https:\/\/www.facebook.com\/BoxRepsol\/","article_published_time":"2022-03-29T02:00:00+00:00","article_modified_time":"2024-04-09T09:09:41+00:00","og_image":[{"width":1280,"height":675,"url":"https:\/\/bxrepsol.s3.eu-west-1.amazonaws.com\/static\/2022\/08\/10041101\/1221.jpg","type":"image\/jpeg"}],"author":"Redacci\u00f3n Box Repsol","twitter_card":"summary_large_image","twitter_creator":"@https:\/\/twitter.com\/box_repsol","twitter_site":"@box_repsol","twitter_misc":{"Written by":"Redacci\u00f3n Box Repsol","Est. reading time":"2 minutos"},"schema":{"@context":"https:\/\/schema.org","@graph":[{"@type":"Article","@id":"https:\/\/www.boxrepsol.com\/es\/trial\/el-repsol-honda-trial-team-preparado-para-el-x-trial-de-madrid\/#article","isPartOf":{"@id":"https:\/\/www.boxrepsol.com\/es\/trial\/el-repsol-honda-trial-team-preparado-para-el-x-trial-de-madrid\/"},"author":{"name":"Redacci\u00f3n Box Repsol","@id":"https:\/\/www.boxrepsol.com\/es\/#\/schema\/person\/c5c2138f2cca251b0ad92b7086bb60b7"},"headline":"El Repsol Honda Trial Team, preparado para el X-Trial de Madrid","datePublished":"2022-03-29T02:00:00+00:00","dateModified":"2024-04-09T09:09:41+00:00","mainEntityOfPage":{"@id":"https:\/\/www.boxrepsol.com\/es\/trial\/el-repsol-honda-trial-team-preparado-para-el-x-trial-de-madrid\/"},"wordCount":343,"commentCount":0,"publisher":{"@id":"https:\/\/www.boxrepsol.com\/es\/#organization"},"image":{"@id":"https:\/\/www.boxrepsol.com\/es\/trial\/el-repsol-honda-trial-team-preparado-para-el-x-trial-de-madrid\/#primaryimage"},"thumbnailUrl":"https:\/\/bxrepsol.s3.eu-west-1.amazonaws.com\/static\/2022\/08\/10041101\/1221.jpg","keywords":["2022","Gabri Marcelli","otros eventos y competiciones","Toni Bou"],"articleSection":["Trial"],"inLanguage":"es","potentialAction":[{"@type":"CommentAction","name":"Comment","target":["https:\/\/www.boxrepsol.com\/es\/trial\/el-repsol-honda-trial-team-preparado-para-el-x-trial-de-madrid\/#respond"]}]},{"@type":"WebPage","@id":"https:\/\/www.boxrepsol.com\/es\/trial\/el-repsol-honda-trial-team-preparado-para-el-x-trial-de-madrid\/","url":"https:\/\/www.boxrepsol.com\/es\/trial\/el-repsol-honda-trial-team-preparado-para-el-x-trial-de-madrid\/","name":"El Repsol Honda Trial Team, preparado para el X-Trial de Madrid - Box Repsol","isPartOf":{"@id":"https:\/\/www.boxrepsol.com\/es\/#website"},"primaryImageOfPage":{"@id":"https:\/\/www.boxrepsol.com\/es\/trial\/el-repsol-honda-trial-team-preparado-para-el-x-trial-de-madrid\/#primaryimage"},"image":{"@id":"https:\/\/www.boxrepsol.com\/es\/trial\/el-repsol-honda-trial-team-preparado-para-el-x-trial-de-madrid\/#primaryimage"},"thumbnailUrl":"https:\/\/bxrepsol.s3.eu-west-1.amazonaws.com\/static\/2022\/08\/10041101\/1221.jpg","datePublished":"2022-03-29T02:00:00+00:00","dateModified":"2024-04-09T09:09:41+00:00","breadcrumb":{"@id":"https:\/\/www.boxrepsol.com\/es\/trial\/el-repsol-honda-trial-team-preparado-para-el-x-trial-de-madrid\/#breadcrumb"},"inLanguage":"es","potentialAction":[{"@type":"ReadAction","target":["https:\/\/www.boxrepsol.com\/es\/trial\/el-repsol-honda-trial-team-preparado-para-el-x-trial-de-madrid\/"]}]},{"@type":"ImageObject","inLanguage":"es","@id":"https:\/\/www.boxrepsol.com\/es\/trial\/el-repsol-honda-trial-team-preparado-para-el-x-trial-de-madrid\/#primaryimage","url":"https:\/\/bxrepsol.s3.eu-west-1.amazonaws.com\/static\/2022\/08\/10041101\/1221.jpg","contentUrl":"https:\/\/bxrepsol.s3.eu-west-1.amazonaws.com\/static\/2022\/08\/10041101\/1221.jpg","width":1280,"height":675},{"@type":"BreadcrumbList","@id":"https:\/\/www.boxrepsol.com\/es\/trial\/el-repsol-honda-trial-team-preparado-para-el-x-trial-de-madrid\/#breadcrumb","itemListElement":[{"@type":"ListItem","position":1,"name":"Home","item":"https:\/\/www.boxrepsol.com\/es\/"},{"@type":"ListItem","position":2,"name":"El Repsol Honda Trial Team, preparado para el X-Trial de Madrid"}]},{"@type":"WebSite","@id":"https:\/\/www.boxrepsol.com\/es\/#website","url":"https:\/\/www.boxrepsol.com\/es\/","name":"Box Repsol","description":"Box Repsol Site","publisher":{"@id":"https:\/\/www.boxrepsol.com\/es\/#organization"},"potentialAction":[{"@type":"SearchAction","target":{"@type":"EntryPoint","urlTemplate":"https:\/\/www.boxrepsol.com\/es\/?s={search_term_string}"},"query-input":{"@type":"PropertyValueSpecification","valueRequired":true,"valueName":"search_term_string"}}],"inLanguage":"es"},{"@type":"Organization","@id":"https:\/\/www.boxrepsol.com\/es\/#organization","name":"Box Repsol","url":"https:\/\/www.boxrepsol.com\/es\/","logo":{"@type":"ImageObject","inLanguage":"es","@id":"https:\/\/www.boxrepsol.com\/es\/#\/schema\/logo\/image\/","url":"https:\/\/bxrepsol.s3.eu-west-1.amazonaws.com\/static\/2025\/07\/30083337\/favicon-96x96-1.png","contentUrl":"https:\/\/bxrepsol.s3.eu-west-1.amazonaws.com\/static\/2025\/07\/30083337\/favicon-96x96-1.png","width":96,"height":96,"caption":"Box Repsol"},"image":{"@id":"https:\/\/www.boxrepsol.com\/es\/#\/schema\/logo\/image\/"},"sameAs":["https:\/\/www.facebook.com\/BoxRepsol","https:\/\/x.com\/box_repsol","http:\/\/instagram.com\/box_repsol","https:\/\/www.youtube.com\/user\/RepsolCompeticion","https:\/\/www.flickr.com\/photos\/box_repsol\/"]},{"@type":"Person","@id":"https:\/\/www.boxrepsol.com\/es\/#\/schema\/person\/c5c2138f2cca251b0ad92b7086bb60b7","name":"Redacci\u00f3n Box Repsol","image":{"@type":"ImageObject","inLanguage":"es","@id":"https:\/\/secure.gravatar.com\/avatar\/adf7b77e38b4419baf32c7e9c21dde01f4e40df611f0978e3006fc4ba0aaab7e?s=96&d=mm&r=g","url":"https:\/\/secure.gravatar.com\/avatar\/adf7b77e38b4419baf32c7e9c21dde01f4e40df611f0978e3006fc4ba0aaab7e?s=96&d=mm&r=g","contentUrl":"https:\/\/secure.gravatar.com\/avatar\/adf7b77e38b4419baf32c7e9c21dde01f4e40df611f0978e3006fc4ba0aaab7e?s=96&d=mm&r=g","caption":"Redacci\u00f3n Box Repsol"},"description":"Box Repsol lo forma un equipo de periodistas, community managers, dise\u00f1adores y fot\u00f3grafos con m\u00e1s de 20 a\u00f1os de experiencia en el mundo del motorsport. Hemos vivido el primer mundial de un espa\u00f1ol en la categor\u00eda reina de motociclismo con \u00c1lex Crivill\u00e9, estuvimos en las victorias de Pedrosa y los t\u00edtulos de M\u00e1rquez, acompa\u00f1amos en \u00c1frica a Nani Roma y Marc Coma en sus conquistas del Dakar y hemos vibrado con los t\u00edtulos de Toni Bou en Trial. Adem\u00e1s, en nuestro equipo contamos con expertos en el mundo de las dos y cuatro ruedas tanto de la calle y las carreteras, como de los circuitos. Periodistas que han trabajado en revistas y publicaciones para hacerte llegar desde rutas y consejos de mantenimiento, a curiosidades y trucos de pilotaje.","sameAs":["https:\/\/www.facebook.com\/BoxRepsol\/","https:\/\/www.instagram.com\/box_repsol\/","https:\/\/x.com\/https:\/\/twitter.com\/box_repsol","https:\/\/www.youtube.com\/@Boxrepsol"],"url":"https:\/\/www.boxrepsol.com\/es\/author\/redaccion-box-repsol\/"}]}},"_links":{"self":[{"href":"https:\/\/www.boxrepsol.com\/es\/wp-json\/wp\/v2\/posts\/95289","targetHints":{"allow":["GET"]}}],"collection":[{"href":"https:\/\/www.boxrepsol.com\/es\/wp-json\/wp\/v2\/posts"}],"about":[{"href":"https:\/\/www.boxrepsol.com\/es\/wp-json\/wp\/v2\/types\/post"}],"author":[{"embeddable":true,"href":"https:\/\/www.boxrepsol.com\/es\/wp-json\/wp\/v2\/users\/43146"}],"replies":[{"embeddable":true,"href":"https:\/\/www.boxrepsol.com\/es\/wp-json\/wp\/v2\/comments?post=95289"}],"version-history":[{"count":1,"href":"https:\/\/www.boxrepsol.com\/es\/wp-json\/wp\/v2\/posts\/95289\/revisions"}],"predecessor-version":[{"id":114668,"href":"https:\/\/www.boxrepsol.com\/es\/wp-json\/wp\/v2\/posts\/95289\/revisions\/114668"}],"wp:featuredmedia":[{"embeddable":true,"href":"https:\/\/www.boxrepsol.com\/es\/wp-json\/wp\/v2\/media\/45499"}],"wp:attachment":[{"href":"https:\/\/www.boxrepsol.com\/es\/wp-json\/wp\/v2\/media?parent=95289"}],"wp:term":[{"taxonomy":"category","embeddable":true,"href":"https:\/\/www.boxrepsol.com\/es\/wp-json\/wp\/v2\/categories?post=95289"},{"taxonomy":"post_tag","embeddable":true,"href":"https:\/\/www.boxrepsol.com\/es\/wp-json\/wp\/v2\/tags?post=95289"}],"curies":[{"name":"wp","href":"https:\/\/api.w.org\/{rel}","templated":true}]}}