{"id":95285,"date":"2022-03-22T00:00:00","date_gmt":"2022-03-22T02:00:00","guid":{"rendered":"http:\/\/pre.boxrepsol.com\/sin-categorizar\/la-segunda-cita-del-mundial-x-trial-este-viernes-con-el-repsol-honda-team-al-completo\/"},"modified":"2024-04-09T07:10:30","modified_gmt":"2024-04-09T09:10:30","slug":"la-segunda-cita-del-mundial-x-trial-este-viernes-con-el-repsol-honda-team-al-completo","status":"publish","type":"post","link":"https:\/\/www.boxrepsol.com\/es\/trial\/la-segunda-cita-del-mundial-x-trial-este-viernes-con-el-repsol-honda-team-al-completo\/","title":{"rendered":"La segunda cita del Mundial X-Trial, este viernes, con el Repsol Honda Team al completo"},"content":{"rendered":"<p>El Colis\u00e9e, el pabell\u00f3n polideportivo de Chalon-sur-Sa\u00f4ne, acoger\u00e1 por primera vez una prueba del Campeonato del Mundo de X-Trial, y ser\u00e1 en la segunda carrera del Mundial 2022. Segunda cita nuevamente en Francia, y a la que se llega con el liderato de <strong>Toni Bou<\/strong> tras su indiscutible triunfo en Niza hace casi dos semanas. El piloto del <strong>Repsol Honda Trial Team<\/strong> llega con 22 puntos en la clasificaci\u00f3n provisional, siete puntos de ventaja sobre el segundo clasificado, Adam Raga (15p.). El tercero en la tabla es Matteo Grattarola (12p.)<\/p>\n<p>Por primera vez en esta temporada, el <strong>Repsol Honda Team<\/strong> estar\u00e1 al completo en la competici\u00f3n. Ser\u00e1 la primera vez que el joven Gabriel Marcelli se una a la lista de participantes del campeonato este 2022, ya que estuvo ausente de la primera cita por decisi\u00f3n del promotor del certamen. Marcelli, que termin\u00f3 en segunda posici\u00f3n en su \u00faltima carrera X-Trial (Barcelona, 2021), conf\u00eda en poder mostrar su nivel y lograr una buena clasificaci\u00f3n que le coloque como uno de los pilotos indiscutibles para las siguientes citas del campeonato.<\/p>\n<p>Los <strong>horarios<\/strong> de esta carrera ser\u00e1n id\u00e9nticos a las de la primera carrera, en Niza. La presentaci\u00f3n de pilotos se har\u00e1 a las 20:30 y la primera ronda de la competici\u00f3n (5 zonas) se iniciar\u00e1 a las 20:45 horas. La segunda ronda arrancar\u00e1, aproximadamente sobre las 22:00 (5 zonas) y la gran final (6 zonas) sobre las 22:40. Se espera que el evento finalice sobre las 23:15 horas.<\/p>\n<h3>Declaraciones de los pilotos<\/h3>\n<p><strong>Toni Bou<\/strong><\/p>\n<p><em>\u00abEvidentemente, la victoria en la primera carrera del a\u00f1o ha sido muy positiva para m\u00ed y para el objetivo que tenemos planteado. Estos d\u00edas hemos seguido trabajando para poder seguir manteniendo un buen nivel, tambi\u00e9n en Chalon. Seguramente, ser\u00e1 complicado destacar en la primera vuelta, pero esperamos que podamos acabar con una buena puntuaci\u00f3n y seguir ronda. Estoy muy contento que en esta carrera est\u00e9 Gabriel Marcelli. Se merec\u00eda hacer todo el campeonato al completo y espero que pueda conseguir una buena clasificaci\u00f3n aqu\u00ed\u00bb<\/em><\/p>\n<p><strong>Gabriel Marcelli<\/strong><\/p>\n<p><em>\u00abEstoy muy contento de estar en la pr\u00f3xima carrera del Mundial X-Trial 2022. A pesar de llevar una carrera de retraso, creo que podremos hacerlo bastante bien en la general del campeonato. Tendremos que luchar para estar lo m\u00e1s adelante posible y no tengo que ir como invitado. Espero llegar bien a Madrid y a Barcelona para poder brindar un buen espect\u00e1culo a los fans espa\u00f1oles que nos apoyan\u00bb.<\/em><\/p>\n","protected":false},"excerpt":{"rendered":"<p>El equipo Repsol Honda de Trial al completo, con Toni Bou y Gabriel Marcelli, competir\u00e1 este pr\u00f3ximo viernes en la segunda cita puntuable del campeonato del Mundo de X-Trial 2022 que se celebrar\u00e1 en Chalon-sur-Sa\u00f4ne, en Francia.<\/p>\n","protected":false},"author":43146,"featured_media":45469,"comment_status":"open","ping_status":"open","sticky":false,"template":"","format":"standard","meta":{"footnotes":""},"categories":[23],"tags":[120,203,130,21],"class_list":["post-95285","post","type-post","status-publish","format-standard","hentry","category-trial","tag-120","tag-gabri-marcelli","tag-otros-eventos-y-competiciones","tag-toni-bou"],"yoast_head":"<!-- This site is optimized with the Yoast SEO plugin v27.3 - https:\/\/yoast.com\/product\/yoast-seo-wordpress\/ -->\n<title>La segunda cita del Mundial X-Trial, este viernes, con el Repsol Honda Team al completo - Box Repsol<\/title>\n<link rel=\"canonical\" href=\"https:\/\/www.boxrepsol.com\/es\/trial\/la-segunda-cita-del-mundial-x-trial-este-viernes-con-el-repsol-honda-team-al-completo\/\" \/>\n<meta property=\"og:locale\" content=\"es_ES\" \/>\n<meta property=\"og:type\" content=\"article\" \/>\n<meta property=\"og:title\" content=\"La segunda cita del Mundial X-Trial, este viernes, con el Repsol Honda Team al completo - Box Repsol\" \/>\n<meta property=\"og:description\" content=\"El equipo Repsol Honda de Trial al completo, con Toni Bou y Gabriel Marcelli, competir\u00e1 este pr\u00f3ximo viernes en la segunda cita puntuable del campeonato del Mundo de X-Trial 2022 que se celebrar\u00e1 en Chalon-sur-Sa\u00f4ne, en Francia.\" \/>\n<meta property=\"og:url\" content=\"https:\/\/www.boxrepsol.com\/es\/trial\/la-segunda-cita-del-mundial-x-trial-este-viernes-con-el-repsol-honda-team-al-completo\/\" \/>\n<meta property=\"og:site_name\" content=\"Box Repsol\" \/>\n<meta property=\"article:publisher\" content=\"https:\/\/www.facebook.com\/BoxRepsol\" \/>\n<meta property=\"article:author\" content=\"https:\/\/www.facebook.com\/BoxRepsol\/\" \/>\n<meta property=\"article:published_time\" content=\"2022-03-22T02:00:00+00:00\" \/>\n<meta property=\"article:modified_time\" content=\"2024-04-09T09:10:30+00:00\" \/>\n<meta property=\"og:image\" content=\"https:\/\/bxrepsol.s3.eu-west-1.amazonaws.com\/static\/2022\/08\/10041031\/124.jpg\" \/>\n\t<meta property=\"og:image:width\" content=\"1280\" \/>\n\t<meta property=\"og:image:height\" content=\"600\" \/>\n\t<meta property=\"og:image:type\" content=\"image\/jpeg\" \/>\n<meta name=\"author\" content=\"Redacci\u00f3n Box Repsol\" \/>\n<meta name=\"twitter:card\" content=\"summary_large_image\" \/>\n<meta name=\"twitter:creator\" content=\"@https:\/\/twitter.com\/box_repsol\" \/>\n<meta name=\"twitter:site\" content=\"@box_repsol\" \/>\n<meta name=\"twitter:label1\" content=\"Written by\" \/>\n\t<meta name=\"twitter:data1\" content=\"Redacci\u00f3n Box Repsol\" \/>\n\t<meta name=\"twitter:label2\" content=\"Est. reading time\" \/>\n\t<meta name=\"twitter:data2\" content=\"2 minutos\" \/>\n<script type=\"application\/ld+json\" class=\"yoast-schema-graph\">{\"@context\":\"https:\\\/\\\/schema.org\",\"@graph\":[{\"@type\":\"Article\",\"@id\":\"https:\\\/\\\/www.boxrepsol.com\\\/es\\\/trial\\\/la-segunda-cita-del-mundial-x-trial-este-viernes-con-el-repsol-honda-team-al-completo\\\/#article\",\"isPartOf\":{\"@id\":\"https:\\\/\\\/www.boxrepsol.com\\\/es\\\/trial\\\/la-segunda-cita-del-mundial-x-trial-este-viernes-con-el-repsol-honda-team-al-completo\\\/\"},\"author\":{\"name\":\"Redacci\u00f3n Box Repsol\",\"@id\":\"https:\\\/\\\/www.boxrepsol.com\\\/es\\\/#\\\/schema\\\/person\\\/c5c2138f2cca251b0ad92b7086bb60b7\"},\"headline\":\"La segunda cita del Mundial X-Trial, este viernes, con el Repsol Honda Team al completo\",\"datePublished\":\"2022-03-22T02:00:00+00:00\",\"dateModified\":\"2024-04-09T09:10:30+00:00\",\"mainEntityOfPage\":{\"@id\":\"https:\\\/\\\/www.boxrepsol.com\\\/es\\\/trial\\\/la-segunda-cita-del-mundial-x-trial-este-viernes-con-el-repsol-honda-team-al-completo\\\/\"},\"wordCount\":433,\"commentCount\":0,\"publisher\":{\"@id\":\"https:\\\/\\\/www.boxrepsol.com\\\/es\\\/#organization\"},\"image\":{\"@id\":\"https:\\\/\\\/www.boxrepsol.com\\\/es\\\/trial\\\/la-segunda-cita-del-mundial-x-trial-este-viernes-con-el-repsol-honda-team-al-completo\\\/#primaryimage\"},\"thumbnailUrl\":\"https:\\\/\\\/bxrepsol.s3.eu-west-1.amazonaws.com\\\/static\\\/2022\\\/08\\\/10041031\\\/124.jpg\",\"keywords\":[\"2022\",\"Gabri Marcelli\",\"otros eventos y competiciones\",\"Toni Bou\"],\"articleSection\":[\"Trial\"],\"inLanguage\":\"es\",\"potentialAction\":[{\"@type\":\"CommentAction\",\"name\":\"Comment\",\"target\":[\"https:\\\/\\\/www.boxrepsol.com\\\/es\\\/trial\\\/la-segunda-cita-del-mundial-x-trial-este-viernes-con-el-repsol-honda-team-al-completo\\\/#respond\"]}]},{\"@type\":\"WebPage\",\"@id\":\"https:\\\/\\\/www.boxrepsol.com\\\/es\\\/trial\\\/la-segunda-cita-del-mundial-x-trial-este-viernes-con-el-repsol-honda-team-al-completo\\\/\",\"url\":\"https:\\\/\\\/www.boxrepsol.com\\\/es\\\/trial\\\/la-segunda-cita-del-mundial-x-trial-este-viernes-con-el-repsol-honda-team-al-completo\\\/\",\"name\":\"La segunda cita del Mundial X-Trial, este viernes, con el Repsol Honda Team al completo - Box Repsol\",\"isPartOf\":{\"@id\":\"https:\\\/\\\/www.boxrepsol.com\\\/es\\\/#website\"},\"primaryImageOfPage\":{\"@id\":\"https:\\\/\\\/www.boxrepsol.com\\\/es\\\/trial\\\/la-segunda-cita-del-mundial-x-trial-este-viernes-con-el-repsol-honda-team-al-completo\\\/#primaryimage\"},\"image\":{\"@id\":\"https:\\\/\\\/www.boxrepsol.com\\\/es\\\/trial\\\/la-segunda-cita-del-mundial-x-trial-este-viernes-con-el-repsol-honda-team-al-completo\\\/#primaryimage\"},\"thumbnailUrl\":\"https:\\\/\\\/bxrepsol.s3.eu-west-1.amazonaws.com\\\/static\\\/2022\\\/08\\\/10041031\\\/124.jpg\",\"datePublished\":\"2022-03-22T02:00:00+00:00\",\"dateModified\":\"2024-04-09T09:10:30+00:00\",\"breadcrumb\":{\"@id\":\"https:\\\/\\\/www.boxrepsol.com\\\/es\\\/trial\\\/la-segunda-cita-del-mundial-x-trial-este-viernes-con-el-repsol-honda-team-al-completo\\\/#breadcrumb\"},\"inLanguage\":\"es\",\"potentialAction\":[{\"@type\":\"ReadAction\",\"target\":[\"https:\\\/\\\/www.boxrepsol.com\\\/es\\\/trial\\\/la-segunda-cita-del-mundial-x-trial-este-viernes-con-el-repsol-honda-team-al-completo\\\/\"]}]},{\"@type\":\"ImageObject\",\"inLanguage\":\"es\",\"@id\":\"https:\\\/\\\/www.boxrepsol.com\\\/es\\\/trial\\\/la-segunda-cita-del-mundial-x-trial-este-viernes-con-el-repsol-honda-team-al-completo\\\/#primaryimage\",\"url\":\"https:\\\/\\\/bxrepsol.s3.eu-west-1.amazonaws.com\\\/static\\\/2022\\\/08\\\/10041031\\\/124.jpg\",\"contentUrl\":\"https:\\\/\\\/bxrepsol.s3.eu-west-1.amazonaws.com\\\/static\\\/2022\\\/08\\\/10041031\\\/124.jpg\",\"width\":1280,\"height\":600},{\"@type\":\"BreadcrumbList\",\"@id\":\"https:\\\/\\\/www.boxrepsol.com\\\/es\\\/trial\\\/la-segunda-cita-del-mundial-x-trial-este-viernes-con-el-repsol-honda-team-al-completo\\\/#breadcrumb\",\"itemListElement\":[{\"@type\":\"ListItem\",\"position\":1,\"name\":\"Home\",\"item\":\"https:\\\/\\\/www.boxrepsol.com\\\/es\\\/\"},{\"@type\":\"ListItem\",\"position\":2,\"name\":\"La segunda cita del Mundial X-Trial, este viernes, con el Repsol Honda Team al completo\"}]},{\"@type\":\"WebSite\",\"@id\":\"https:\\\/\\\/www.boxrepsol.com\\\/es\\\/#website\",\"url\":\"https:\\\/\\\/www.boxrepsol.com\\\/es\\\/\",\"name\":\"Box Repsol\",\"description\":\"Box Repsol Site\",\"publisher\":{\"@id\":\"https:\\\/\\\/www.boxrepsol.com\\\/es\\\/#organization\"},\"potentialAction\":[{\"@type\":\"SearchAction\",\"target\":{\"@type\":\"EntryPoint\",\"urlTemplate\":\"https:\\\/\\\/www.boxrepsol.com\\\/es\\\/?s={search_term_string}\"},\"query-input\":{\"@type\":\"PropertyValueSpecification\",\"valueRequired\":true,\"valueName\":\"search_term_string\"}}],\"inLanguage\":\"es\"},{\"@type\":\"Organization\",\"@id\":\"https:\\\/\\\/www.boxrepsol.com\\\/es\\\/#organization\",\"name\":\"Box Repsol\",\"url\":\"https:\\\/\\\/www.boxrepsol.com\\\/es\\\/\",\"logo\":{\"@type\":\"ImageObject\",\"inLanguage\":\"es\",\"@id\":\"https:\\\/\\\/www.boxrepsol.com\\\/es\\\/#\\\/schema\\\/logo\\\/image\\\/\",\"url\":\"https:\\\/\\\/bxrepsol.s3.eu-west-1.amazonaws.com\\\/static\\\/2025\\\/07\\\/30083337\\\/favicon-96x96-1.png\",\"contentUrl\":\"https:\\\/\\\/bxrepsol.s3.eu-west-1.amazonaws.com\\\/static\\\/2025\\\/07\\\/30083337\\\/favicon-96x96-1.png\",\"width\":96,\"height\":96,\"caption\":\"Box Repsol\"},\"image\":{\"@id\":\"https:\\\/\\\/www.boxrepsol.com\\\/es\\\/#\\\/schema\\\/logo\\\/image\\\/\"},\"sameAs\":[\"https:\\\/\\\/www.facebook.com\\\/BoxRepsol\",\"https:\\\/\\\/x.com\\\/box_repsol\",\"http:\\\/\\\/instagram.com\\\/box_repsol\",\"https:\\\/\\\/www.youtube.com\\\/user\\\/RepsolCompeticion\",\"https:\\\/\\\/www.flickr.com\\\/photos\\\/box_repsol\\\/\"]},{\"@type\":\"Person\",\"@id\":\"https:\\\/\\\/www.boxrepsol.com\\\/es\\\/#\\\/schema\\\/person\\\/c5c2138f2cca251b0ad92b7086bb60b7\",\"name\":\"Redacci\u00f3n Box Repsol\",\"image\":{\"@type\":\"ImageObject\",\"inLanguage\":\"es\",\"@id\":\"https:\\\/\\\/secure.gravatar.com\\\/avatar\\\/adf7b77e38b4419baf32c7e9c21dde01f4e40df611f0978e3006fc4ba0aaab7e?s=96&d=mm&r=g\",\"url\":\"https:\\\/\\\/secure.gravatar.com\\\/avatar\\\/adf7b77e38b4419baf32c7e9c21dde01f4e40df611f0978e3006fc4ba0aaab7e?s=96&d=mm&r=g\",\"contentUrl\":\"https:\\\/\\\/secure.gravatar.com\\\/avatar\\\/adf7b77e38b4419baf32c7e9c21dde01f4e40df611f0978e3006fc4ba0aaab7e?s=96&d=mm&r=g\",\"caption\":\"Redacci\u00f3n Box Repsol\"},\"description\":\"Box Repsol lo forma un equipo de periodistas, community managers, dise\u00f1adores y fot\u00f3grafos con m\u00e1s de 20 a\u00f1os de experiencia en el mundo del motorsport. Hemos vivido el primer mundial de un espa\u00f1ol en la categor\u00eda reina de motociclismo con \u00c1lex Crivill\u00e9, estuvimos en las victorias de Pedrosa y los t\u00edtulos de M\u00e1rquez, acompa\u00f1amos en \u00c1frica a Nani Roma y Marc Coma en sus conquistas del Dakar y hemos vibrado con los t\u00edtulos de Toni Bou en Trial. Adem\u00e1s, en nuestro equipo contamos con expertos en el mundo de las dos y cuatro ruedas tanto de la calle y las carreteras, como de los circuitos. Periodistas que han trabajado en revistas y publicaciones para hacerte llegar desde rutas y consejos de mantenimiento, a curiosidades y trucos de pilotaje.\",\"sameAs\":[\"https:\\\/\\\/www.facebook.com\\\/BoxRepsol\\\/\",\"https:\\\/\\\/www.instagram.com\\\/box_repsol\\\/\",\"https:\\\/\\\/x.com\\\/https:\\\/\\\/twitter.com\\\/box_repsol\",\"https:\\\/\\\/www.youtube.com\\\/@Boxrepsol\"],\"url\":\"https:\\\/\\\/www.boxrepsol.com\\\/es\\\/author\\\/redaccion-box-repsol\\\/\"}]}<\/script>\n<!-- \/ Yoast SEO plugin. -->","yoast_head_json":{"title":"La segunda cita del Mundial X-Trial, este viernes, con el Repsol Honda Team al completo - Box Repsol","canonical":"https:\/\/www.boxrepsol.com\/es\/trial\/la-segunda-cita-del-mundial-x-trial-este-viernes-con-el-repsol-honda-team-al-completo\/","og_locale":"es_ES","og_type":"article","og_title":"La segunda cita del Mundial X-Trial, este viernes, con el Repsol Honda Team al completo - Box Repsol","og_description":"El equipo Repsol Honda de Trial al completo, con Toni Bou y Gabriel Marcelli, competir\u00e1 este pr\u00f3ximo viernes en la segunda cita puntuable del campeonato del Mundo de X-Trial 2022 que se celebrar\u00e1 en Chalon-sur-Sa\u00f4ne, en Francia.","og_url":"https:\/\/www.boxrepsol.com\/es\/trial\/la-segunda-cita-del-mundial-x-trial-este-viernes-con-el-repsol-honda-team-al-completo\/","og_site_name":"Box Repsol","article_publisher":"https:\/\/www.facebook.com\/BoxRepsol","article_author":"https:\/\/www.facebook.com\/BoxRepsol\/","article_published_time":"2022-03-22T02:00:00+00:00","article_modified_time":"2024-04-09T09:10:30+00:00","og_image":[{"width":1280,"height":600,"url":"https:\/\/bxrepsol.s3.eu-west-1.amazonaws.com\/static\/2022\/08\/10041031\/124.jpg","type":"image\/jpeg"}],"author":"Redacci\u00f3n Box Repsol","twitter_card":"summary_large_image","twitter_creator":"@https:\/\/twitter.com\/box_repsol","twitter_site":"@box_repsol","twitter_misc":{"Written by":"Redacci\u00f3n Box Repsol","Est. reading time":"2 minutos"},"schema":{"@context":"https:\/\/schema.org","@graph":[{"@type":"Article","@id":"https:\/\/www.boxrepsol.com\/es\/trial\/la-segunda-cita-del-mundial-x-trial-este-viernes-con-el-repsol-honda-team-al-completo\/#article","isPartOf":{"@id":"https:\/\/www.boxrepsol.com\/es\/trial\/la-segunda-cita-del-mundial-x-trial-este-viernes-con-el-repsol-honda-team-al-completo\/"},"author":{"name":"Redacci\u00f3n Box Repsol","@id":"https:\/\/www.boxrepsol.com\/es\/#\/schema\/person\/c5c2138f2cca251b0ad92b7086bb60b7"},"headline":"La segunda cita del Mundial X-Trial, este viernes, con el Repsol Honda Team al completo","datePublished":"2022-03-22T02:00:00+00:00","dateModified":"2024-04-09T09:10:30+00:00","mainEntityOfPage":{"@id":"https:\/\/www.boxrepsol.com\/es\/trial\/la-segunda-cita-del-mundial-x-trial-este-viernes-con-el-repsol-honda-team-al-completo\/"},"wordCount":433,"commentCount":0,"publisher":{"@id":"https:\/\/www.boxrepsol.com\/es\/#organization"},"image":{"@id":"https:\/\/www.boxrepsol.com\/es\/trial\/la-segunda-cita-del-mundial-x-trial-este-viernes-con-el-repsol-honda-team-al-completo\/#primaryimage"},"thumbnailUrl":"https:\/\/bxrepsol.s3.eu-west-1.amazonaws.com\/static\/2022\/08\/10041031\/124.jpg","keywords":["2022","Gabri Marcelli","otros eventos y competiciones","Toni Bou"],"articleSection":["Trial"],"inLanguage":"es","potentialAction":[{"@type":"CommentAction","name":"Comment","target":["https:\/\/www.boxrepsol.com\/es\/trial\/la-segunda-cita-del-mundial-x-trial-este-viernes-con-el-repsol-honda-team-al-completo\/#respond"]}]},{"@type":"WebPage","@id":"https:\/\/www.boxrepsol.com\/es\/trial\/la-segunda-cita-del-mundial-x-trial-este-viernes-con-el-repsol-honda-team-al-completo\/","url":"https:\/\/www.boxrepsol.com\/es\/trial\/la-segunda-cita-del-mundial-x-trial-este-viernes-con-el-repsol-honda-team-al-completo\/","name":"La segunda cita del Mundial X-Trial, este viernes, con el Repsol Honda Team al completo - Box Repsol","isPartOf":{"@id":"https:\/\/www.boxrepsol.com\/es\/#website"},"primaryImageOfPage":{"@id":"https:\/\/www.boxrepsol.com\/es\/trial\/la-segunda-cita-del-mundial-x-trial-este-viernes-con-el-repsol-honda-team-al-completo\/#primaryimage"},"image":{"@id":"https:\/\/www.boxrepsol.com\/es\/trial\/la-segunda-cita-del-mundial-x-trial-este-viernes-con-el-repsol-honda-team-al-completo\/#primaryimage"},"thumbnailUrl":"https:\/\/bxrepsol.s3.eu-west-1.amazonaws.com\/static\/2022\/08\/10041031\/124.jpg","datePublished":"2022-03-22T02:00:00+00:00","dateModified":"2024-04-09T09:10:30+00:00","breadcrumb":{"@id":"https:\/\/www.boxrepsol.com\/es\/trial\/la-segunda-cita-del-mundial-x-trial-este-viernes-con-el-repsol-honda-team-al-completo\/#breadcrumb"},"inLanguage":"es","potentialAction":[{"@type":"ReadAction","target":["https:\/\/www.boxrepsol.com\/es\/trial\/la-segunda-cita-del-mundial-x-trial-este-viernes-con-el-repsol-honda-team-al-completo\/"]}]},{"@type":"ImageObject","inLanguage":"es","@id":"https:\/\/www.boxrepsol.com\/es\/trial\/la-segunda-cita-del-mundial-x-trial-este-viernes-con-el-repsol-honda-team-al-completo\/#primaryimage","url":"https:\/\/bxrepsol.s3.eu-west-1.amazonaws.com\/static\/2022\/08\/10041031\/124.jpg","contentUrl":"https:\/\/bxrepsol.s3.eu-west-1.amazonaws.com\/static\/2022\/08\/10041031\/124.jpg","width":1280,"height":600},{"@type":"BreadcrumbList","@id":"https:\/\/www.boxrepsol.com\/es\/trial\/la-segunda-cita-del-mundial-x-trial-este-viernes-con-el-repsol-honda-team-al-completo\/#breadcrumb","itemListElement":[{"@type":"ListItem","position":1,"name":"Home","item":"https:\/\/www.boxrepsol.com\/es\/"},{"@type":"ListItem","position":2,"name":"La segunda cita del Mundial X-Trial, este viernes, con el Repsol Honda Team al completo"}]},{"@type":"WebSite","@id":"https:\/\/www.boxrepsol.com\/es\/#website","url":"https:\/\/www.boxrepsol.com\/es\/","name":"Box Repsol","description":"Box Repsol Site","publisher":{"@id":"https:\/\/www.boxrepsol.com\/es\/#organization"},"potentialAction":[{"@type":"SearchAction","target":{"@type":"EntryPoint","urlTemplate":"https:\/\/www.boxrepsol.com\/es\/?s={search_term_string}"},"query-input":{"@type":"PropertyValueSpecification","valueRequired":true,"valueName":"search_term_string"}}],"inLanguage":"es"},{"@type":"Organization","@id":"https:\/\/www.boxrepsol.com\/es\/#organization","name":"Box Repsol","url":"https:\/\/www.boxrepsol.com\/es\/","logo":{"@type":"ImageObject","inLanguage":"es","@id":"https:\/\/www.boxrepsol.com\/es\/#\/schema\/logo\/image\/","url":"https:\/\/bxrepsol.s3.eu-west-1.amazonaws.com\/static\/2025\/07\/30083337\/favicon-96x96-1.png","contentUrl":"https:\/\/bxrepsol.s3.eu-west-1.amazonaws.com\/static\/2025\/07\/30083337\/favicon-96x96-1.png","width":96,"height":96,"caption":"Box Repsol"},"image":{"@id":"https:\/\/www.boxrepsol.com\/es\/#\/schema\/logo\/image\/"},"sameAs":["https:\/\/www.facebook.com\/BoxRepsol","https:\/\/x.com\/box_repsol","http:\/\/instagram.com\/box_repsol","https:\/\/www.youtube.com\/user\/RepsolCompeticion","https:\/\/www.flickr.com\/photos\/box_repsol\/"]},{"@type":"Person","@id":"https:\/\/www.boxrepsol.com\/es\/#\/schema\/person\/c5c2138f2cca251b0ad92b7086bb60b7","name":"Redacci\u00f3n Box Repsol","image":{"@type":"ImageObject","inLanguage":"es","@id":"https:\/\/secure.gravatar.com\/avatar\/adf7b77e38b4419baf32c7e9c21dde01f4e40df611f0978e3006fc4ba0aaab7e?s=96&d=mm&r=g","url":"https:\/\/secure.gravatar.com\/avatar\/adf7b77e38b4419baf32c7e9c21dde01f4e40df611f0978e3006fc4ba0aaab7e?s=96&d=mm&r=g","contentUrl":"https:\/\/secure.gravatar.com\/avatar\/adf7b77e38b4419baf32c7e9c21dde01f4e40df611f0978e3006fc4ba0aaab7e?s=96&d=mm&r=g","caption":"Redacci\u00f3n Box Repsol"},"description":"Box Repsol lo forma un equipo de periodistas, community managers, dise\u00f1adores y fot\u00f3grafos con m\u00e1s de 20 a\u00f1os de experiencia en el mundo del motorsport. Hemos vivido el primer mundial de un espa\u00f1ol en la categor\u00eda reina de motociclismo con \u00c1lex Crivill\u00e9, estuvimos en las victorias de Pedrosa y los t\u00edtulos de M\u00e1rquez, acompa\u00f1amos en \u00c1frica a Nani Roma y Marc Coma en sus conquistas del Dakar y hemos vibrado con los t\u00edtulos de Toni Bou en Trial. Adem\u00e1s, en nuestro equipo contamos con expertos en el mundo de las dos y cuatro ruedas tanto de la calle y las carreteras, como de los circuitos. Periodistas que han trabajado en revistas y publicaciones para hacerte llegar desde rutas y consejos de mantenimiento, a curiosidades y trucos de pilotaje.","sameAs":["https:\/\/www.facebook.com\/BoxRepsol\/","https:\/\/www.instagram.com\/box_repsol\/","https:\/\/x.com\/https:\/\/twitter.com\/box_repsol","https:\/\/www.youtube.com\/@Boxrepsol"],"url":"https:\/\/www.boxrepsol.com\/es\/author\/redaccion-box-repsol\/"}]}},"_links":{"self":[{"href":"https:\/\/www.boxrepsol.com\/es\/wp-json\/wp\/v2\/posts\/95285","targetHints":{"allow":["GET"]}}],"collection":[{"href":"https:\/\/www.boxrepsol.com\/es\/wp-json\/wp\/v2\/posts"}],"about":[{"href":"https:\/\/www.boxrepsol.com\/es\/wp-json\/wp\/v2\/types\/post"}],"author":[{"embeddable":true,"href":"https:\/\/www.boxrepsol.com\/es\/wp-json\/wp\/v2\/users\/43146"}],"replies":[{"embeddable":true,"href":"https:\/\/www.boxrepsol.com\/es\/wp-json\/wp\/v2\/comments?post=95285"}],"version-history":[{"count":1,"href":"https:\/\/www.boxrepsol.com\/es\/wp-json\/wp\/v2\/posts\/95285\/revisions"}],"predecessor-version":[{"id":114671,"href":"https:\/\/www.boxrepsol.com\/es\/wp-json\/wp\/v2\/posts\/95285\/revisions\/114671"}],"wp:featuredmedia":[{"embeddable":true,"href":"https:\/\/www.boxrepsol.com\/es\/wp-json\/wp\/v2\/media\/45469"}],"wp:attachment":[{"href":"https:\/\/www.boxrepsol.com\/es\/wp-json\/wp\/v2\/media?parent=95285"}],"wp:term":[{"taxonomy":"category","embeddable":true,"href":"https:\/\/www.boxrepsol.com\/es\/wp-json\/wp\/v2\/categories?post=95285"},{"taxonomy":"post_tag","embeddable":true,"href":"https:\/\/www.boxrepsol.com\/es\/wp-json\/wp\/v2\/tags?post=95285"}],"curies":[{"name":"wp","href":"https:\/\/api.w.org\/{rel}","templated":true}]}}