{"id":95284,"date":"2022-03-22T00:00:00","date_gmt":"2022-03-22T02:00:00","guid":{"rendered":"http:\/\/pre.boxrepsol.com\/sin-categorizar\/marc-marquez-diagnosticado-de-un-nuevo-episodio-de-diplopia-a-su-llegada-a-espana\/"},"modified":"2024-04-09T07:10:14","modified_gmt":"2024-04-09T09:10:14","slug":"marc-marquez-diagnosticado-de-un-nuevo-episodio-de-diplopia-a-su-llegada-a-espana","status":"publish","type":"post","link":"https:\/\/www.boxrepsol.com\/es\/motogp\/marc-marquez-diagnosticado-de-un-nuevo-episodio-de-diplopia-a-su-llegada-a-espana\/","title":{"rendered":"Marc M\u00e1rquez, diagnosticado de un nuevo episodio de diplop\u00eda a su llegada a Espa\u00f1a"},"content":{"rendered":"<p><strong>Marc M\u00e1rquez<\/strong> fue declarado no apto para tomar parte en el Gran Premio de <strong>Indonesia<\/strong> de MotoGP disputado en el circuito de Mandalika, despu\u00e9s de sufrir una dura ca\u00edda en la curva 7 durante la sesi\u00f3n de Warm Up previa a la carrera.<\/p>\n<p>El equipo m\u00e9dico de MotoGP confirm\u00f3 que M\u00e1rquez sufri\u00f3 una conmoci\u00f3n cerebral y varios politraumatismos antes de ser trasladado al hospital de Mataram, la capital de la isla de <strong>Lombok,<\/strong> donde se le realiz\u00f3 un examen m\u00e9dico m\u00e1s exhaustivo y un TAC en el que se descartaron lesiones graves. Por precauci\u00f3n, el equipo m\u00e9dico de MotoGP junto con el equipo <strong>Repsol Honda,<\/strong> decidieron conjuntamente que Marc M\u00e1rquez no tomara parte en la carrera de Indonesia.<\/p>\n<p>Durante el trayecto de vuelta a Espa\u00f1a, Marc M\u00e1rquez empez\u00f3 a presentar molestias en su visi\u00f3n, con lo que a su llegada a Barcelona el pasado lunes, visit\u00f3 de urgencia en el Hospital Cl\u00ednic a su oftalm\u00f3logo de confianza, el <strong>Dr. S\u00e1nchez Dalmau,<\/strong> quien tras su exploraci\u00f3n confirm\u00f3 una <strong>reca\u00edda<\/strong> en la <strong>diplop\u00eda<\/strong> que el piloto sufri\u00f3 el pasado mes de noviembre.<\/p>\n<p>Esta ma\u00f1ana, el piloto espa\u00f1ol ha visitado a su equipo m\u00e9dico liderado por el Dr. Samuel Antu\u00f1a en el Hospital Ruber Internacional de Madrid, donde le han realizado una revisi\u00f3n m\u00e9dica general para evaluar todas las contusiones provocadas por la ca\u00edda y una resonancia magn\u00e9tica cerebral que han reconfirmado que no sufre ninguna otra lesi\u00f3n.<\/p>\n<h3>Declaraciones del\u00a0<strong>Doctor Bernat S\u00e1nchez Dalmau &#8211;\u00a0Oft\u00e1lmologo del Hospital Cl\u00ednic de Barcelona<\/strong><\/h3>\n<p>\u00ab<em>La evaluaci\u00f3n neuro-oftalmol\u00f3gica realizada al paciente Marc M\u00e1rquez el pasado lunes tras el traumatismo craneoencef\u00e1lico que se produjo en el Gran Premio de Indonesia, muestra un nuevo episodio de diplop\u00eda causada por una recurrencia de la par\u00e1lisis del cuarto nervio derecho, con una afectaci\u00f3n menor que la que se produjo en la lesi\u00f3n del mes de noviembre de 2021. Tras esta exploraci\u00f3n, se ha decidido inicialmente seguir un tratamiento conservador con realizaci\u00f3n de pruebas m\u00e9dicas peri\u00f3dicas. La pr\u00f3xima semana, Marc M\u00e1rquez se someter\u00e1 a una nueva revisi\u00f3n para evaluar la evoluci\u00f3n de la lesi\u00f3n y poder pronosticar el periodo estimado de recuperaci\u00f3n para volver a la competici\u00f3n<\/em>\u00ab.<\/p>\n","protected":false},"excerpt":{"rendered":"<p>El piloto del equipo Repsol Honda ha sido diagnosticado con otro episodio de diplop\u00eda como consecuencia de la fuerte ca\u00edda que sufri\u00f3 el pasado domingo durante el Warm Up del Gran Premio de Indonesia<\/p>\n","protected":false},"author":43146,"featured_media":45466,"comment_status":"open","ping_status":"open","sticky":false,"template":"","format":"standard","meta":{"footnotes":""},"categories":[4],"tags":[120,6],"class_list":["post-95284","post","type-post","status-publish","format-standard","hentry","category-motogp","tag-120","tag-marc-marquez"],"yoast_head":"<!-- This site is optimized with the Yoast SEO plugin v27.3 - https:\/\/yoast.com\/product\/yoast-seo-wordpress\/ -->\n<title>Marc M\u00e1rquez, diagnosticado de un nuevo episodio de diplop\u00eda a su llegada a Espa\u00f1a - Box Repsol<\/title>\n<link rel=\"canonical\" href=\"https:\/\/www.boxrepsol.com\/es\/motogp\/marc-marquez-diagnosticado-de-un-nuevo-episodio-de-diplopia-a-su-llegada-a-espana\/\" \/>\n<meta property=\"og:locale\" content=\"es_ES\" \/>\n<meta property=\"og:type\" content=\"article\" \/>\n<meta property=\"og:title\" content=\"Marc M\u00e1rquez, diagnosticado de un nuevo episodio de diplop\u00eda a su llegada a Espa\u00f1a - Box Repsol\" \/>\n<meta property=\"og:description\" content=\"El piloto del equipo Repsol Honda ha sido diagnosticado con otro episodio de diplop\u00eda como consecuencia de la fuerte ca\u00edda que sufri\u00f3 el pasado domingo durante el Warm Up del Gran Premio de Indonesia\" \/>\n<meta property=\"og:url\" content=\"https:\/\/www.boxrepsol.com\/es\/motogp\/marc-marquez-diagnosticado-de-un-nuevo-episodio-de-diplopia-a-su-llegada-a-espana\/\" \/>\n<meta property=\"og:site_name\" content=\"Box Repsol\" \/>\n<meta property=\"article:publisher\" content=\"https:\/\/www.facebook.com\/BoxRepsol\" \/>\n<meta property=\"article:author\" content=\"https:\/\/www.facebook.com\/BoxRepsol\/\" \/>\n<meta property=\"article:published_time\" content=\"2022-03-22T02:00:00+00:00\" \/>\n<meta property=\"article:modified_time\" content=\"2024-04-09T09:10:14+00:00\" \/>\n<meta property=\"og:image\" content=\"https:\/\/bxrepsol.s3.eu-west-1.amazonaws.com\/static\/2022\/08\/10041028\/http___repsolmedia.com_repsolmedia_wp-content_uploads_2022_03_Copy-of-RD2_Mandalika_Marc_2022-01399-scaled1.jpg\" \/>\n\t<meta property=\"og:image:width\" content=\"1280\" \/>\n\t<meta property=\"og:image:height\" content=\"600\" \/>\n\t<meta property=\"og:image:type\" content=\"image\/jpeg\" \/>\n<meta name=\"author\" content=\"Redacci\u00f3n Box Repsol\" \/>\n<meta name=\"twitter:card\" content=\"summary_large_image\" \/>\n<meta name=\"twitter:creator\" content=\"@https:\/\/twitter.com\/box_repsol\" \/>\n<meta name=\"twitter:site\" content=\"@box_repsol\" \/>\n<meta name=\"twitter:label1\" content=\"Written by\" \/>\n\t<meta name=\"twitter:data1\" content=\"Redacci\u00f3n Box Repsol\" \/>\n\t<meta name=\"twitter:label2\" content=\"Est. reading time\" \/>\n\t<meta name=\"twitter:data2\" content=\"2 minutos\" \/>\n<script type=\"application\/ld+json\" class=\"yoast-schema-graph\">{\"@context\":\"https:\\\/\\\/schema.org\",\"@graph\":[{\"@type\":\"Article\",\"@id\":\"https:\\\/\\\/www.boxrepsol.com\\\/es\\\/motogp\\\/marc-marquez-diagnosticado-de-un-nuevo-episodio-de-diplopia-a-su-llegada-a-espana\\\/#article\",\"isPartOf\":{\"@id\":\"https:\\\/\\\/www.boxrepsol.com\\\/es\\\/motogp\\\/marc-marquez-diagnosticado-de-un-nuevo-episodio-de-diplopia-a-su-llegada-a-espana\\\/\"},\"author\":{\"name\":\"Redacci\u00f3n Box Repsol\",\"@id\":\"https:\\\/\\\/www.boxrepsol.com\\\/es\\\/#\\\/schema\\\/person\\\/c5c2138f2cca251b0ad92b7086bb60b7\"},\"headline\":\"Marc M\u00e1rquez, diagnosticado de un nuevo episodio de diplop\u00eda a su llegada a Espa\u00f1a\",\"datePublished\":\"2022-03-22T02:00:00+00:00\",\"dateModified\":\"2024-04-09T09:10:14+00:00\",\"mainEntityOfPage\":{\"@id\":\"https:\\\/\\\/www.boxrepsol.com\\\/es\\\/motogp\\\/marc-marquez-diagnosticado-de-un-nuevo-episodio-de-diplopia-a-su-llegada-a-espana\\\/\"},\"wordCount\":422,\"commentCount\":0,\"publisher\":{\"@id\":\"https:\\\/\\\/www.boxrepsol.com\\\/es\\\/#organization\"},\"image\":{\"@id\":\"https:\\\/\\\/www.boxrepsol.com\\\/es\\\/motogp\\\/marc-marquez-diagnosticado-de-un-nuevo-episodio-de-diplopia-a-su-llegada-a-espana\\\/#primaryimage\"},\"thumbnailUrl\":\"https:\\\/\\\/bxrepsol.s3.eu-west-1.amazonaws.com\\\/static\\\/2022\\\/08\\\/10041028\\\/http___repsolmedia.com_repsolmedia_wp-content_uploads_2022_03_Copy-of-RD2_Mandalika_Marc_2022-01399-scaled1.jpg\",\"keywords\":[\"2022\",\"Marc M\u00e1rquez\"],\"articleSection\":[\"MotoGP\"],\"inLanguage\":\"es\",\"potentialAction\":[{\"@type\":\"CommentAction\",\"name\":\"Comment\",\"target\":[\"https:\\\/\\\/www.boxrepsol.com\\\/es\\\/motogp\\\/marc-marquez-diagnosticado-de-un-nuevo-episodio-de-diplopia-a-su-llegada-a-espana\\\/#respond\"]}]},{\"@type\":\"WebPage\",\"@id\":\"https:\\\/\\\/www.boxrepsol.com\\\/es\\\/motogp\\\/marc-marquez-diagnosticado-de-un-nuevo-episodio-de-diplopia-a-su-llegada-a-espana\\\/\",\"url\":\"https:\\\/\\\/www.boxrepsol.com\\\/es\\\/motogp\\\/marc-marquez-diagnosticado-de-un-nuevo-episodio-de-diplopia-a-su-llegada-a-espana\\\/\",\"name\":\"Marc M\u00e1rquez, diagnosticado de un nuevo episodio de diplop\u00eda a su llegada a Espa\u00f1a - Box Repsol\",\"isPartOf\":{\"@id\":\"https:\\\/\\\/www.boxrepsol.com\\\/es\\\/#website\"},\"primaryImageOfPage\":{\"@id\":\"https:\\\/\\\/www.boxrepsol.com\\\/es\\\/motogp\\\/marc-marquez-diagnosticado-de-un-nuevo-episodio-de-diplopia-a-su-llegada-a-espana\\\/#primaryimage\"},\"image\":{\"@id\":\"https:\\\/\\\/www.boxrepsol.com\\\/es\\\/motogp\\\/marc-marquez-diagnosticado-de-un-nuevo-episodio-de-diplopia-a-su-llegada-a-espana\\\/#primaryimage\"},\"thumbnailUrl\":\"https:\\\/\\\/bxrepsol.s3.eu-west-1.amazonaws.com\\\/static\\\/2022\\\/08\\\/10041028\\\/http___repsolmedia.com_repsolmedia_wp-content_uploads_2022_03_Copy-of-RD2_Mandalika_Marc_2022-01399-scaled1.jpg\",\"datePublished\":\"2022-03-22T02:00:00+00:00\",\"dateModified\":\"2024-04-09T09:10:14+00:00\",\"breadcrumb\":{\"@id\":\"https:\\\/\\\/www.boxrepsol.com\\\/es\\\/motogp\\\/marc-marquez-diagnosticado-de-un-nuevo-episodio-de-diplopia-a-su-llegada-a-espana\\\/#breadcrumb\"},\"inLanguage\":\"es\",\"potentialAction\":[{\"@type\":\"ReadAction\",\"target\":[\"https:\\\/\\\/www.boxrepsol.com\\\/es\\\/motogp\\\/marc-marquez-diagnosticado-de-un-nuevo-episodio-de-diplopia-a-su-llegada-a-espana\\\/\"]}]},{\"@type\":\"ImageObject\",\"inLanguage\":\"es\",\"@id\":\"https:\\\/\\\/www.boxrepsol.com\\\/es\\\/motogp\\\/marc-marquez-diagnosticado-de-un-nuevo-episodio-de-diplopia-a-su-llegada-a-espana\\\/#primaryimage\",\"url\":\"https:\\\/\\\/bxrepsol.s3.eu-west-1.amazonaws.com\\\/static\\\/2022\\\/08\\\/10041028\\\/http___repsolmedia.com_repsolmedia_wp-content_uploads_2022_03_Copy-of-RD2_Mandalika_Marc_2022-01399-scaled1.jpg\",\"contentUrl\":\"https:\\\/\\\/bxrepsol.s3.eu-west-1.amazonaws.com\\\/static\\\/2022\\\/08\\\/10041028\\\/http___repsolmedia.com_repsolmedia_wp-content_uploads_2022_03_Copy-of-RD2_Mandalika_Marc_2022-01399-scaled1.jpg\",\"width\":1280,\"height\":600},{\"@type\":\"BreadcrumbList\",\"@id\":\"https:\\\/\\\/www.boxrepsol.com\\\/es\\\/motogp\\\/marc-marquez-diagnosticado-de-un-nuevo-episodio-de-diplopia-a-su-llegada-a-espana\\\/#breadcrumb\",\"itemListElement\":[{\"@type\":\"ListItem\",\"position\":1,\"name\":\"Home\",\"item\":\"https:\\\/\\\/www.boxrepsol.com\\\/es\\\/\"},{\"@type\":\"ListItem\",\"position\":2,\"name\":\"Marc M\u00e1rquez, diagnosticado de un nuevo episodio de diplop\u00eda a su llegada a Espa\u00f1a\"}]},{\"@type\":\"WebSite\",\"@id\":\"https:\\\/\\\/www.boxrepsol.com\\\/es\\\/#website\",\"url\":\"https:\\\/\\\/www.boxrepsol.com\\\/es\\\/\",\"name\":\"Box Repsol\",\"description\":\"Box Repsol Site\",\"publisher\":{\"@id\":\"https:\\\/\\\/www.boxrepsol.com\\\/es\\\/#organization\"},\"potentialAction\":[{\"@type\":\"SearchAction\",\"target\":{\"@type\":\"EntryPoint\",\"urlTemplate\":\"https:\\\/\\\/www.boxrepsol.com\\\/es\\\/?s={search_term_string}\"},\"query-input\":{\"@type\":\"PropertyValueSpecification\",\"valueRequired\":true,\"valueName\":\"search_term_string\"}}],\"inLanguage\":\"es\"},{\"@type\":\"Organization\",\"@id\":\"https:\\\/\\\/www.boxrepsol.com\\\/es\\\/#organization\",\"name\":\"Box Repsol\",\"url\":\"https:\\\/\\\/www.boxrepsol.com\\\/es\\\/\",\"logo\":{\"@type\":\"ImageObject\",\"inLanguage\":\"es\",\"@id\":\"https:\\\/\\\/www.boxrepsol.com\\\/es\\\/#\\\/schema\\\/logo\\\/image\\\/\",\"url\":\"https:\\\/\\\/bxrepsol.s3.eu-west-1.amazonaws.com\\\/static\\\/2025\\\/07\\\/30083337\\\/favicon-96x96-1.png\",\"contentUrl\":\"https:\\\/\\\/bxrepsol.s3.eu-west-1.amazonaws.com\\\/static\\\/2025\\\/07\\\/30083337\\\/favicon-96x96-1.png\",\"width\":96,\"height\":96,\"caption\":\"Box Repsol\"},\"image\":{\"@id\":\"https:\\\/\\\/www.boxrepsol.com\\\/es\\\/#\\\/schema\\\/logo\\\/image\\\/\"},\"sameAs\":[\"https:\\\/\\\/www.facebook.com\\\/BoxRepsol\",\"https:\\\/\\\/x.com\\\/box_repsol\",\"http:\\\/\\\/instagram.com\\\/box_repsol\",\"https:\\\/\\\/www.youtube.com\\\/user\\\/RepsolCompeticion\",\"https:\\\/\\\/www.flickr.com\\\/photos\\\/box_repsol\\\/\"]},{\"@type\":\"Person\",\"@id\":\"https:\\\/\\\/www.boxrepsol.com\\\/es\\\/#\\\/schema\\\/person\\\/c5c2138f2cca251b0ad92b7086bb60b7\",\"name\":\"Redacci\u00f3n Box Repsol\",\"image\":{\"@type\":\"ImageObject\",\"inLanguage\":\"es\",\"@id\":\"https:\\\/\\\/secure.gravatar.com\\\/avatar\\\/adf7b77e38b4419baf32c7e9c21dde01f4e40df611f0978e3006fc4ba0aaab7e?s=96&d=mm&r=g\",\"url\":\"https:\\\/\\\/secure.gravatar.com\\\/avatar\\\/adf7b77e38b4419baf32c7e9c21dde01f4e40df611f0978e3006fc4ba0aaab7e?s=96&d=mm&r=g\",\"contentUrl\":\"https:\\\/\\\/secure.gravatar.com\\\/avatar\\\/adf7b77e38b4419baf32c7e9c21dde01f4e40df611f0978e3006fc4ba0aaab7e?s=96&d=mm&r=g\",\"caption\":\"Redacci\u00f3n Box Repsol\"},\"description\":\"Box Repsol lo forma un equipo de periodistas, community managers, dise\u00f1adores y fot\u00f3grafos con m\u00e1s de 20 a\u00f1os de experiencia en el mundo del motorsport. Hemos vivido el primer mundial de un espa\u00f1ol en la categor\u00eda reina de motociclismo con \u00c1lex Crivill\u00e9, estuvimos en las victorias de Pedrosa y los t\u00edtulos de M\u00e1rquez, acompa\u00f1amos en \u00c1frica a Nani Roma y Marc Coma en sus conquistas del Dakar y hemos vibrado con los t\u00edtulos de Toni Bou en Trial. Adem\u00e1s, en nuestro equipo contamos con expertos en el mundo de las dos y cuatro ruedas tanto de la calle y las carreteras, como de los circuitos. Periodistas que han trabajado en revistas y publicaciones para hacerte llegar desde rutas y consejos de mantenimiento, a curiosidades y trucos de pilotaje.\",\"sameAs\":[\"https:\\\/\\\/www.facebook.com\\\/BoxRepsol\\\/\",\"https:\\\/\\\/www.instagram.com\\\/box_repsol\\\/\",\"https:\\\/\\\/x.com\\\/https:\\\/\\\/twitter.com\\\/box_repsol\",\"https:\\\/\\\/www.youtube.com\\\/@Boxrepsol\"],\"url\":\"https:\\\/\\\/www.boxrepsol.com\\\/es\\\/author\\\/redaccion-box-repsol\\\/\"}]}<\/script>\n<!-- \/ Yoast SEO plugin. -->","yoast_head_json":{"title":"Marc M\u00e1rquez, diagnosticado de un nuevo episodio de diplop\u00eda a su llegada a Espa\u00f1a - Box Repsol","canonical":"https:\/\/www.boxrepsol.com\/es\/motogp\/marc-marquez-diagnosticado-de-un-nuevo-episodio-de-diplopia-a-su-llegada-a-espana\/","og_locale":"es_ES","og_type":"article","og_title":"Marc M\u00e1rquez, diagnosticado de un nuevo episodio de diplop\u00eda a su llegada a Espa\u00f1a - Box Repsol","og_description":"El piloto del equipo Repsol Honda ha sido diagnosticado con otro episodio de diplop\u00eda como consecuencia de la fuerte ca\u00edda que sufri\u00f3 el pasado domingo durante el Warm Up del Gran Premio de Indonesia","og_url":"https:\/\/www.boxrepsol.com\/es\/motogp\/marc-marquez-diagnosticado-de-un-nuevo-episodio-de-diplopia-a-su-llegada-a-espana\/","og_site_name":"Box Repsol","article_publisher":"https:\/\/www.facebook.com\/BoxRepsol","article_author":"https:\/\/www.facebook.com\/BoxRepsol\/","article_published_time":"2022-03-22T02:00:00+00:00","article_modified_time":"2024-04-09T09:10:14+00:00","og_image":[{"width":1280,"height":600,"url":"https:\/\/bxrepsol.s3.eu-west-1.amazonaws.com\/static\/2022\/08\/10041028\/http___repsolmedia.com_repsolmedia_wp-content_uploads_2022_03_Copy-of-RD2_Mandalika_Marc_2022-01399-scaled1.jpg","type":"image\/jpeg"}],"author":"Redacci\u00f3n Box Repsol","twitter_card":"summary_large_image","twitter_creator":"@https:\/\/twitter.com\/box_repsol","twitter_site":"@box_repsol","twitter_misc":{"Written by":"Redacci\u00f3n Box Repsol","Est. reading time":"2 minutos"},"schema":{"@context":"https:\/\/schema.org","@graph":[{"@type":"Article","@id":"https:\/\/www.boxrepsol.com\/es\/motogp\/marc-marquez-diagnosticado-de-un-nuevo-episodio-de-diplopia-a-su-llegada-a-espana\/#article","isPartOf":{"@id":"https:\/\/www.boxrepsol.com\/es\/motogp\/marc-marquez-diagnosticado-de-un-nuevo-episodio-de-diplopia-a-su-llegada-a-espana\/"},"author":{"name":"Redacci\u00f3n Box Repsol","@id":"https:\/\/www.boxrepsol.com\/es\/#\/schema\/person\/c5c2138f2cca251b0ad92b7086bb60b7"},"headline":"Marc M\u00e1rquez, diagnosticado de un nuevo episodio de diplop\u00eda a su llegada a Espa\u00f1a","datePublished":"2022-03-22T02:00:00+00:00","dateModified":"2024-04-09T09:10:14+00:00","mainEntityOfPage":{"@id":"https:\/\/www.boxrepsol.com\/es\/motogp\/marc-marquez-diagnosticado-de-un-nuevo-episodio-de-diplopia-a-su-llegada-a-espana\/"},"wordCount":422,"commentCount":0,"publisher":{"@id":"https:\/\/www.boxrepsol.com\/es\/#organization"},"image":{"@id":"https:\/\/www.boxrepsol.com\/es\/motogp\/marc-marquez-diagnosticado-de-un-nuevo-episodio-de-diplopia-a-su-llegada-a-espana\/#primaryimage"},"thumbnailUrl":"https:\/\/bxrepsol.s3.eu-west-1.amazonaws.com\/static\/2022\/08\/10041028\/http___repsolmedia.com_repsolmedia_wp-content_uploads_2022_03_Copy-of-RD2_Mandalika_Marc_2022-01399-scaled1.jpg","keywords":["2022","Marc M\u00e1rquez"],"articleSection":["MotoGP"],"inLanguage":"es","potentialAction":[{"@type":"CommentAction","name":"Comment","target":["https:\/\/www.boxrepsol.com\/es\/motogp\/marc-marquez-diagnosticado-de-un-nuevo-episodio-de-diplopia-a-su-llegada-a-espana\/#respond"]}]},{"@type":"WebPage","@id":"https:\/\/www.boxrepsol.com\/es\/motogp\/marc-marquez-diagnosticado-de-un-nuevo-episodio-de-diplopia-a-su-llegada-a-espana\/","url":"https:\/\/www.boxrepsol.com\/es\/motogp\/marc-marquez-diagnosticado-de-un-nuevo-episodio-de-diplopia-a-su-llegada-a-espana\/","name":"Marc M\u00e1rquez, diagnosticado de un nuevo episodio de diplop\u00eda a su llegada a Espa\u00f1a - Box Repsol","isPartOf":{"@id":"https:\/\/www.boxrepsol.com\/es\/#website"},"primaryImageOfPage":{"@id":"https:\/\/www.boxrepsol.com\/es\/motogp\/marc-marquez-diagnosticado-de-un-nuevo-episodio-de-diplopia-a-su-llegada-a-espana\/#primaryimage"},"image":{"@id":"https:\/\/www.boxrepsol.com\/es\/motogp\/marc-marquez-diagnosticado-de-un-nuevo-episodio-de-diplopia-a-su-llegada-a-espana\/#primaryimage"},"thumbnailUrl":"https:\/\/bxrepsol.s3.eu-west-1.amazonaws.com\/static\/2022\/08\/10041028\/http___repsolmedia.com_repsolmedia_wp-content_uploads_2022_03_Copy-of-RD2_Mandalika_Marc_2022-01399-scaled1.jpg","datePublished":"2022-03-22T02:00:00+00:00","dateModified":"2024-04-09T09:10:14+00:00","breadcrumb":{"@id":"https:\/\/www.boxrepsol.com\/es\/motogp\/marc-marquez-diagnosticado-de-un-nuevo-episodio-de-diplopia-a-su-llegada-a-espana\/#breadcrumb"},"inLanguage":"es","potentialAction":[{"@type":"ReadAction","target":["https:\/\/www.boxrepsol.com\/es\/motogp\/marc-marquez-diagnosticado-de-un-nuevo-episodio-de-diplopia-a-su-llegada-a-espana\/"]}]},{"@type":"ImageObject","inLanguage":"es","@id":"https:\/\/www.boxrepsol.com\/es\/motogp\/marc-marquez-diagnosticado-de-un-nuevo-episodio-de-diplopia-a-su-llegada-a-espana\/#primaryimage","url":"https:\/\/bxrepsol.s3.eu-west-1.amazonaws.com\/static\/2022\/08\/10041028\/http___repsolmedia.com_repsolmedia_wp-content_uploads_2022_03_Copy-of-RD2_Mandalika_Marc_2022-01399-scaled1.jpg","contentUrl":"https:\/\/bxrepsol.s3.eu-west-1.amazonaws.com\/static\/2022\/08\/10041028\/http___repsolmedia.com_repsolmedia_wp-content_uploads_2022_03_Copy-of-RD2_Mandalika_Marc_2022-01399-scaled1.jpg","width":1280,"height":600},{"@type":"BreadcrumbList","@id":"https:\/\/www.boxrepsol.com\/es\/motogp\/marc-marquez-diagnosticado-de-un-nuevo-episodio-de-diplopia-a-su-llegada-a-espana\/#breadcrumb","itemListElement":[{"@type":"ListItem","position":1,"name":"Home","item":"https:\/\/www.boxrepsol.com\/es\/"},{"@type":"ListItem","position":2,"name":"Marc M\u00e1rquez, diagnosticado de un nuevo episodio de diplop\u00eda a su llegada a Espa\u00f1a"}]},{"@type":"WebSite","@id":"https:\/\/www.boxrepsol.com\/es\/#website","url":"https:\/\/www.boxrepsol.com\/es\/","name":"Box Repsol","description":"Box Repsol Site","publisher":{"@id":"https:\/\/www.boxrepsol.com\/es\/#organization"},"potentialAction":[{"@type":"SearchAction","target":{"@type":"EntryPoint","urlTemplate":"https:\/\/www.boxrepsol.com\/es\/?s={search_term_string}"},"query-input":{"@type":"PropertyValueSpecification","valueRequired":true,"valueName":"search_term_string"}}],"inLanguage":"es"},{"@type":"Organization","@id":"https:\/\/www.boxrepsol.com\/es\/#organization","name":"Box Repsol","url":"https:\/\/www.boxrepsol.com\/es\/","logo":{"@type":"ImageObject","inLanguage":"es","@id":"https:\/\/www.boxrepsol.com\/es\/#\/schema\/logo\/image\/","url":"https:\/\/bxrepsol.s3.eu-west-1.amazonaws.com\/static\/2025\/07\/30083337\/favicon-96x96-1.png","contentUrl":"https:\/\/bxrepsol.s3.eu-west-1.amazonaws.com\/static\/2025\/07\/30083337\/favicon-96x96-1.png","width":96,"height":96,"caption":"Box Repsol"},"image":{"@id":"https:\/\/www.boxrepsol.com\/es\/#\/schema\/logo\/image\/"},"sameAs":["https:\/\/www.facebook.com\/BoxRepsol","https:\/\/x.com\/box_repsol","http:\/\/instagram.com\/box_repsol","https:\/\/www.youtube.com\/user\/RepsolCompeticion","https:\/\/www.flickr.com\/photos\/box_repsol\/"]},{"@type":"Person","@id":"https:\/\/www.boxrepsol.com\/es\/#\/schema\/person\/c5c2138f2cca251b0ad92b7086bb60b7","name":"Redacci\u00f3n Box Repsol","image":{"@type":"ImageObject","inLanguage":"es","@id":"https:\/\/secure.gravatar.com\/avatar\/adf7b77e38b4419baf32c7e9c21dde01f4e40df611f0978e3006fc4ba0aaab7e?s=96&d=mm&r=g","url":"https:\/\/secure.gravatar.com\/avatar\/adf7b77e38b4419baf32c7e9c21dde01f4e40df611f0978e3006fc4ba0aaab7e?s=96&d=mm&r=g","contentUrl":"https:\/\/secure.gravatar.com\/avatar\/adf7b77e38b4419baf32c7e9c21dde01f4e40df611f0978e3006fc4ba0aaab7e?s=96&d=mm&r=g","caption":"Redacci\u00f3n Box Repsol"},"description":"Box Repsol lo forma un equipo de periodistas, community managers, dise\u00f1adores y fot\u00f3grafos con m\u00e1s de 20 a\u00f1os de experiencia en el mundo del motorsport. Hemos vivido el primer mundial de un espa\u00f1ol en la categor\u00eda reina de motociclismo con \u00c1lex Crivill\u00e9, estuvimos en las victorias de Pedrosa y los t\u00edtulos de M\u00e1rquez, acompa\u00f1amos en \u00c1frica a Nani Roma y Marc Coma en sus conquistas del Dakar y hemos vibrado con los t\u00edtulos de Toni Bou en Trial. Adem\u00e1s, en nuestro equipo contamos con expertos en el mundo de las dos y cuatro ruedas tanto de la calle y las carreteras, como de los circuitos. Periodistas que han trabajado en revistas y publicaciones para hacerte llegar desde rutas y consejos de mantenimiento, a curiosidades y trucos de pilotaje.","sameAs":["https:\/\/www.facebook.com\/BoxRepsol\/","https:\/\/www.instagram.com\/box_repsol\/","https:\/\/x.com\/https:\/\/twitter.com\/box_repsol","https:\/\/www.youtube.com\/@Boxrepsol"],"url":"https:\/\/www.boxrepsol.com\/es\/author\/redaccion-box-repsol\/"}]}},"_links":{"self":[{"href":"https:\/\/www.boxrepsol.com\/es\/wp-json\/wp\/v2\/posts\/95284","targetHints":{"allow":["GET"]}}],"collection":[{"href":"https:\/\/www.boxrepsol.com\/es\/wp-json\/wp\/v2\/posts"}],"about":[{"href":"https:\/\/www.boxrepsol.com\/es\/wp-json\/wp\/v2\/types\/post"}],"author":[{"embeddable":true,"href":"https:\/\/www.boxrepsol.com\/es\/wp-json\/wp\/v2\/users\/43146"}],"replies":[{"embeddable":true,"href":"https:\/\/www.boxrepsol.com\/es\/wp-json\/wp\/v2\/comments?post=95284"}],"version-history":[{"count":1,"href":"https:\/\/www.boxrepsol.com\/es\/wp-json\/wp\/v2\/posts\/95284\/revisions"}],"predecessor-version":[{"id":114670,"href":"https:\/\/www.boxrepsol.com\/es\/wp-json\/wp\/v2\/posts\/95284\/revisions\/114670"}],"wp:featuredmedia":[{"embeddable":true,"href":"https:\/\/www.boxrepsol.com\/es\/wp-json\/wp\/v2\/media\/45466"}],"wp:attachment":[{"href":"https:\/\/www.boxrepsol.com\/es\/wp-json\/wp\/v2\/media?parent=95284"}],"wp:term":[{"taxonomy":"category","embeddable":true,"href":"https:\/\/www.boxrepsol.com\/es\/wp-json\/wp\/v2\/categories?post=95284"},{"taxonomy":"post_tag","embeddable":true,"href":"https:\/\/www.boxrepsol.com\/es\/wp-json\/wp\/v2\/tags?post=95284"}],"curies":[{"name":"wp","href":"https:\/\/api.w.org\/{rel}","templated":true}]}}