{"id":95280,"date":"2022-03-20T00:00:00","date_gmt":"2022-03-20T02:00:00","guid":{"rendered":"http:\/\/pre.boxrepsol.com\/sin-categorizar\/pol-espargaro-suma-cuatro-puntos-en-mandalika\/"},"modified":"2024-04-09T07:11:07","modified_gmt":"2024-04-09T09:11:07","slug":"pol-espargaro-suma-cuatro-puntos-en-mandalika","status":"publish","type":"post","link":"https:\/\/www.boxrepsol.com\/es\/motogp\/pol-espargaro-suma-cuatro-puntos-en-mandalika\/","title":{"rendered":"Pol Espargar\u00f3 suma cuatro puntos en Mandalika"},"content":{"rendered":"<p>El domingo en <strong>Mandalika<\/strong> ha empezado con un fuerte susto para el equipo <strong>Repsol Honda,<\/strong> que ha visto como su piloto <strong>Marc M\u00e1rquez<\/strong> ha sufrido una aparatosa ca\u00edda durante el <strong>Warm Up.<\/strong> Despu\u00e9s de un \u201chighside\u201d en la curva 7, el ocho veces Campe\u00f3n del Mundo ha sido declarado no apto para disputar el GP de Indonesia. El piloto del equipo Repsol Honda ha sufrido una conmoci\u00f3n cerebral durante la ca\u00edda y regresar\u00e1 a Espa\u00f1a para ser revisado.<\/p>\n<p>La lluvia ha sido la otra gran protagonista del d\u00eda. La aparici\u00f3n de la misma ha obligado a que la carrera de MotoGP del <strong>Gran Premio de Indonesia<\/strong> se haya retrasado 1 hora y 15 minutos. Finalmente a las 9.15h -hora peninsular- ha arrancado la segunda cita de la temporada sobre un asfalto totalmente mojado.<\/p>\n<p><strong>Pol Espargar\u00f3,<\/strong> que part\u00eda decimoquinto en la parrilla despu\u00e9s de que su compa\u00f1ero de equipo fuese declarado no apto para correr, ha empezado la carrera situ\u00e1ndose r\u00e1pidamente entre los diez primeros. A\u00fan as\u00ed y pilotando en unas condiciones no favorables, el piloto del equipo Repsol Honda ha cruzado la l\u00ednea de meta en duod\u00e9cima posici\u00f3n y ha sumado 4 puntos.<\/p>\n<p>Despu\u00e9s del Gran Premio de Indonesia, Pol Espargar\u00f3 ocupa la 6\u00aa posici\u00f3n en la clasificaci\u00f3n general con un total de 20 puntos y Marc M\u00e1rquez es 12\u00ba con 11 puntos.<\/p>\n<h3>Declaraciones de los pilotos<\/h3>\n<p><a href=\"https:\/\/twitter.com\/hashtag\/MM93?src=hashtag_click\">#MM93&nbsp;<\/a><\/p>\n<p>\u00ab\u00bfQu\u00e9 puedo decir? No ha sido nuestro fin de semana, hemos luchado y tenido problemas desde el principio. Ha sido una ca\u00edda bastante fuerte en el Warm Up de esta ma\u00f1ana, quiz\u00e1s una de las m\u00e1s grandes que he tenido. He ido al hospital local y, aunque no hay problemas graves, se ha decidido que no deb\u00eda correr. Por supuesto que es una pena, pero es la mejor decisi\u00f3n\u00bb.<\/p>\n<p><a href=\"https:\/\/twitter.com\/hashtag\/POL44?src=hashtag_click\">#POL44&nbsp;<\/a><\/p>\n<p>\u00abEsta ha sido una carrera de supervivencia, todo este fin de semana ha ido de sobrevivir. Vinimos aqu\u00ed y tuvimos tests s\u00faper productivos y luego cosas fuera de nuestro control han cambiado la situaci\u00f3n. Durante el inicio de la carrera mi visera se ha ensuciado mucho con todo el polvo de la pista detr\u00e1s de los otros pilotos. Cuando estaba detr\u00e1s de Pecco he podido ver su luz roja, pero cuando lo he pasado estaba solo y me resultaba muy dif\u00edcil pilotar bien. He tocado el l\u00edmite de la pista porque no pod\u00eda verla correctamente y he hecho una gran salvada. Finalmente estamos sextos de la general -a s\u00f3lo diez puntos del l\u00edder- y eso es muy bueno. Tenemos que concentrarnos en esto y prepararnos para un nuevo fin de semana con neum\u00e1ticos normales. A\u00fan as\u00ed, quiero pedir disculpas al equipo porque creo que la moto iba bien y podr\u00eda haber conseguido algo m\u00e1s\u00bb.<\/p>\n","protected":false},"excerpt":{"rendered":"<p>En una carrera pasada por agua, el piloto del equipo Repsol Honda ha logrado finalizar el Gran Premio de Indonesia en duod\u00e9cima posici\u00f3n. Marc M\u00e1rquez no ha disputado la carrera despu\u00e9s de ser declarado no apto para correr debido a una fuerte ca\u00edda durante el Warm Up.<\/p>\n","protected":false},"author":43146,"featured_media":45422,"comment_status":"open","ping_status":"open","sticky":false,"template":"","format":"standard","meta":{"footnotes":""},"categories":[4],"tags":[120,6,204,128],"class_list":["post-95280","post","type-post","status-publish","format-standard","hentry","category-motogp","tag-120","tag-marc-marquez","tag-motogp-indonesia","tag-pol-espargaro"],"yoast_head":"<!-- This site is optimized with the Yoast SEO plugin v27.3 - https:\/\/yoast.com\/product\/yoast-seo-wordpress\/ -->\n<title>Pol Espargar\u00f3 suma cuatro puntos en Mandalika - Box Repsol<\/title>\n<meta name=\"description\" content=\"Pol Espargar\u00f3 suma cuatro puntos en Mandalika: todos los datos sobre como se desempe\u00f1\u00f3 en esta emocionante carrera de MotoGP aqu\u00ed.\" \/>\n<link rel=\"canonical\" href=\"https:\/\/www.boxrepsol.com\/es\/motogp\/pol-espargaro-suma-cuatro-puntos-en-mandalika\/\" \/>\n<meta property=\"og:locale\" content=\"es_ES\" \/>\n<meta property=\"og:type\" content=\"article\" \/>\n<meta property=\"og:title\" content=\"Pol Espargar\u00f3 suma cuatro puntos en Mandalika - Box Repsol\" \/>\n<meta property=\"og:description\" content=\"Pol Espargar\u00f3 suma cuatro puntos en Mandalika: todos los datos sobre como se desempe\u00f1\u00f3 en esta emocionante carrera de MotoGP aqu\u00ed.\" \/>\n<meta property=\"og:url\" content=\"https:\/\/www.boxrepsol.com\/es\/motogp\/pol-espargaro-suma-cuatro-puntos-en-mandalika\/\" \/>\n<meta property=\"og:site_name\" content=\"Box Repsol\" \/>\n<meta property=\"article:publisher\" content=\"https:\/\/www.facebook.com\/BoxRepsol\" \/>\n<meta property=\"article:author\" content=\"https:\/\/www.facebook.com\/BoxRepsol\/\" \/>\n<meta property=\"article:published_time\" content=\"2022-03-20T02:00:00+00:00\" \/>\n<meta property=\"article:modified_time\" content=\"2024-04-09T09:11:07+00:00\" \/>\n<meta property=\"og:image\" content=\"https:\/\/bxrepsol.s3.eu-west-1.amazonaws.com\/static\/2022\/08\/10040941\/http___repsolmedia.com_repsolmedia_wp-content_uploads_2022_03_Copy-of-RD2_Mandalika_Espargaro_2022-09835-scaled-1.jpg\" \/>\n\t<meta property=\"og:image:width\" content=\"2560\" \/>\n\t<meta property=\"og:image:height\" content=\"1707\" \/>\n\t<meta property=\"og:image:type\" content=\"image\/jpeg\" \/>\n<meta name=\"author\" content=\"Redacci\u00f3n Box Repsol\" \/>\n<meta name=\"twitter:card\" content=\"summary_large_image\" \/>\n<meta name=\"twitter:creator\" content=\"@https:\/\/twitter.com\/box_repsol\" \/>\n<meta name=\"twitter:site\" content=\"@box_repsol\" \/>\n<meta name=\"twitter:label1\" content=\"Written by\" \/>\n\t<meta name=\"twitter:data1\" content=\"Redacci\u00f3n Box Repsol\" \/>\n\t<meta name=\"twitter:label2\" content=\"Est. reading time\" \/>\n\t<meta name=\"twitter:data2\" content=\"2 minutos\" \/>\n<script type=\"application\/ld+json\" class=\"yoast-schema-graph\">{\"@context\":\"https:\\\/\\\/schema.org\",\"@graph\":[{\"@type\":\"Article\",\"@id\":\"https:\\\/\\\/www.boxrepsol.com\\\/es\\\/motogp\\\/pol-espargaro-suma-cuatro-puntos-en-mandalika\\\/#article\",\"isPartOf\":{\"@id\":\"https:\\\/\\\/www.boxrepsol.com\\\/es\\\/motogp\\\/pol-espargaro-suma-cuatro-puntos-en-mandalika\\\/\"},\"author\":{\"name\":\"Redacci\u00f3n Box Repsol\",\"@id\":\"https:\\\/\\\/www.boxrepsol.com\\\/es\\\/#\\\/schema\\\/person\\\/c5c2138f2cca251b0ad92b7086bb60b7\"},\"headline\":\"Pol Espargar\u00f3 suma cuatro puntos en Mandalika\",\"datePublished\":\"2022-03-20T02:00:00+00:00\",\"dateModified\":\"2024-04-09T09:11:07+00:00\",\"mainEntityOfPage\":{\"@id\":\"https:\\\/\\\/www.boxrepsol.com\\\/es\\\/motogp\\\/pol-espargaro-suma-cuatro-puntos-en-mandalika\\\/\"},\"wordCount\":494,\"commentCount\":0,\"publisher\":{\"@id\":\"https:\\\/\\\/www.boxrepsol.com\\\/es\\\/#organization\"},\"image\":{\"@id\":\"https:\\\/\\\/www.boxrepsol.com\\\/es\\\/motogp\\\/pol-espargaro-suma-cuatro-puntos-en-mandalika\\\/#primaryimage\"},\"thumbnailUrl\":\"https:\\\/\\\/bxrepsol.s3.eu-west-1.amazonaws.com\\\/static\\\/2022\\\/08\\\/10040941\\\/http___repsolmedia.com_repsolmedia_wp-content_uploads_2022_03_Copy-of-RD2_Mandalika_Espargaro_2022-09835-scaled-1.jpg\",\"keywords\":[\"2022\",\"Marc M\u00e1rquez\",\"MotoGP Indonesia\",\"Pol Espargar\u00f3\"],\"articleSection\":[\"MotoGP\"],\"inLanguage\":\"es\",\"potentialAction\":[{\"@type\":\"CommentAction\",\"name\":\"Comment\",\"target\":[\"https:\\\/\\\/www.boxrepsol.com\\\/es\\\/motogp\\\/pol-espargaro-suma-cuatro-puntos-en-mandalika\\\/#respond\"]}]},{\"@type\":\"WebPage\",\"@id\":\"https:\\\/\\\/www.boxrepsol.com\\\/es\\\/motogp\\\/pol-espargaro-suma-cuatro-puntos-en-mandalika\\\/\",\"url\":\"https:\\\/\\\/www.boxrepsol.com\\\/es\\\/motogp\\\/pol-espargaro-suma-cuatro-puntos-en-mandalika\\\/\",\"name\":\"Pol Espargar\u00f3 suma cuatro puntos en Mandalika - Box Repsol\",\"isPartOf\":{\"@id\":\"https:\\\/\\\/www.boxrepsol.com\\\/es\\\/#website\"},\"primaryImageOfPage\":{\"@id\":\"https:\\\/\\\/www.boxrepsol.com\\\/es\\\/motogp\\\/pol-espargaro-suma-cuatro-puntos-en-mandalika\\\/#primaryimage\"},\"image\":{\"@id\":\"https:\\\/\\\/www.boxrepsol.com\\\/es\\\/motogp\\\/pol-espargaro-suma-cuatro-puntos-en-mandalika\\\/#primaryimage\"},\"thumbnailUrl\":\"https:\\\/\\\/bxrepsol.s3.eu-west-1.amazonaws.com\\\/static\\\/2022\\\/08\\\/10040941\\\/http___repsolmedia.com_repsolmedia_wp-content_uploads_2022_03_Copy-of-RD2_Mandalika_Espargaro_2022-09835-scaled-1.jpg\",\"datePublished\":\"2022-03-20T02:00:00+00:00\",\"dateModified\":\"2024-04-09T09:11:07+00:00\",\"description\":\"Pol Espargar\u00f3 suma cuatro puntos en Mandalika: todos los datos sobre como se desempe\u00f1\u00f3 en esta emocionante carrera de MotoGP aqu\u00ed.\",\"breadcrumb\":{\"@id\":\"https:\\\/\\\/www.boxrepsol.com\\\/es\\\/motogp\\\/pol-espargaro-suma-cuatro-puntos-en-mandalika\\\/#breadcrumb\"},\"inLanguage\":\"es\",\"potentialAction\":[{\"@type\":\"ReadAction\",\"target\":[\"https:\\\/\\\/www.boxrepsol.com\\\/es\\\/motogp\\\/pol-espargaro-suma-cuatro-puntos-en-mandalika\\\/\"]}]},{\"@type\":\"ImageObject\",\"inLanguage\":\"es\",\"@id\":\"https:\\\/\\\/www.boxrepsol.com\\\/es\\\/motogp\\\/pol-espargaro-suma-cuatro-puntos-en-mandalika\\\/#primaryimage\",\"url\":\"https:\\\/\\\/bxrepsol.s3.eu-west-1.amazonaws.com\\\/static\\\/2022\\\/08\\\/10040941\\\/http___repsolmedia.com_repsolmedia_wp-content_uploads_2022_03_Copy-of-RD2_Mandalika_Espargaro_2022-09835-scaled-1.jpg\",\"contentUrl\":\"https:\\\/\\\/bxrepsol.s3.eu-west-1.amazonaws.com\\\/static\\\/2022\\\/08\\\/10040941\\\/http___repsolmedia.com_repsolmedia_wp-content_uploads_2022_03_Copy-of-RD2_Mandalika_Espargaro_2022-09835-scaled-1.jpg\",\"width\":2560,\"height\":1707},{\"@type\":\"BreadcrumbList\",\"@id\":\"https:\\\/\\\/www.boxrepsol.com\\\/es\\\/motogp\\\/pol-espargaro-suma-cuatro-puntos-en-mandalika\\\/#breadcrumb\",\"itemListElement\":[{\"@type\":\"ListItem\",\"position\":1,\"name\":\"Home\",\"item\":\"https:\\\/\\\/www.boxrepsol.com\\\/es\\\/\"},{\"@type\":\"ListItem\",\"position\":2,\"name\":\"Pol Espargar\u00f3 suma cuatro puntos en Mandalika\"}]},{\"@type\":\"WebSite\",\"@id\":\"https:\\\/\\\/www.boxrepsol.com\\\/es\\\/#website\",\"url\":\"https:\\\/\\\/www.boxrepsol.com\\\/es\\\/\",\"name\":\"Box Repsol\",\"description\":\"Box Repsol Site\",\"publisher\":{\"@id\":\"https:\\\/\\\/www.boxrepsol.com\\\/es\\\/#organization\"},\"potentialAction\":[{\"@type\":\"SearchAction\",\"target\":{\"@type\":\"EntryPoint\",\"urlTemplate\":\"https:\\\/\\\/www.boxrepsol.com\\\/es\\\/?s={search_term_string}\"},\"query-input\":{\"@type\":\"PropertyValueSpecification\",\"valueRequired\":true,\"valueName\":\"search_term_string\"}}],\"inLanguage\":\"es\"},{\"@type\":\"Organization\",\"@id\":\"https:\\\/\\\/www.boxrepsol.com\\\/es\\\/#organization\",\"name\":\"Box Repsol\",\"url\":\"https:\\\/\\\/www.boxrepsol.com\\\/es\\\/\",\"logo\":{\"@type\":\"ImageObject\",\"inLanguage\":\"es\",\"@id\":\"https:\\\/\\\/www.boxrepsol.com\\\/es\\\/#\\\/schema\\\/logo\\\/image\\\/\",\"url\":\"https:\\\/\\\/bxrepsol.s3.eu-west-1.amazonaws.com\\\/static\\\/2025\\\/07\\\/30083337\\\/favicon-96x96-1.png\",\"contentUrl\":\"https:\\\/\\\/bxrepsol.s3.eu-west-1.amazonaws.com\\\/static\\\/2025\\\/07\\\/30083337\\\/favicon-96x96-1.png\",\"width\":96,\"height\":96,\"caption\":\"Box Repsol\"},\"image\":{\"@id\":\"https:\\\/\\\/www.boxrepsol.com\\\/es\\\/#\\\/schema\\\/logo\\\/image\\\/\"},\"sameAs\":[\"https:\\\/\\\/www.facebook.com\\\/BoxRepsol\",\"https:\\\/\\\/x.com\\\/box_repsol\",\"http:\\\/\\\/instagram.com\\\/box_repsol\",\"https:\\\/\\\/www.youtube.com\\\/user\\\/RepsolCompeticion\",\"https:\\\/\\\/www.flickr.com\\\/photos\\\/box_repsol\\\/\"]},{\"@type\":\"Person\",\"@id\":\"https:\\\/\\\/www.boxrepsol.com\\\/es\\\/#\\\/schema\\\/person\\\/c5c2138f2cca251b0ad92b7086bb60b7\",\"name\":\"Redacci\u00f3n Box Repsol\",\"image\":{\"@type\":\"ImageObject\",\"inLanguage\":\"es\",\"@id\":\"https:\\\/\\\/secure.gravatar.com\\\/avatar\\\/adf7b77e38b4419baf32c7e9c21dde01f4e40df611f0978e3006fc4ba0aaab7e?s=96&d=mm&r=g\",\"url\":\"https:\\\/\\\/secure.gravatar.com\\\/avatar\\\/adf7b77e38b4419baf32c7e9c21dde01f4e40df611f0978e3006fc4ba0aaab7e?s=96&d=mm&r=g\",\"contentUrl\":\"https:\\\/\\\/secure.gravatar.com\\\/avatar\\\/adf7b77e38b4419baf32c7e9c21dde01f4e40df611f0978e3006fc4ba0aaab7e?s=96&d=mm&r=g\",\"caption\":\"Redacci\u00f3n Box Repsol\"},\"description\":\"Box Repsol lo forma un equipo de periodistas, community managers, dise\u00f1adores y fot\u00f3grafos con m\u00e1s de 20 a\u00f1os de experiencia en el mundo del motorsport. Hemos vivido el primer mundial de un espa\u00f1ol en la categor\u00eda reina de motociclismo con \u00c1lex Crivill\u00e9, estuvimos en las victorias de Pedrosa y los t\u00edtulos de M\u00e1rquez, acompa\u00f1amos en \u00c1frica a Nani Roma y Marc Coma en sus conquistas del Dakar y hemos vibrado con los t\u00edtulos de Toni Bou en Trial. Adem\u00e1s, en nuestro equipo contamos con expertos en el mundo de las dos y cuatro ruedas tanto de la calle y las carreteras, como de los circuitos. Periodistas que han trabajado en revistas y publicaciones para hacerte llegar desde rutas y consejos de mantenimiento, a curiosidades y trucos de pilotaje.\",\"sameAs\":[\"https:\\\/\\\/www.facebook.com\\\/BoxRepsol\\\/\",\"https:\\\/\\\/www.instagram.com\\\/box_repsol\\\/\",\"https:\\\/\\\/x.com\\\/https:\\\/\\\/twitter.com\\\/box_repsol\",\"https:\\\/\\\/www.youtube.com\\\/@Boxrepsol\"],\"url\":\"https:\\\/\\\/www.boxrepsol.com\\\/es\\\/author\\\/redaccion-box-repsol\\\/\"}]}<\/script>\n<!-- \/ Yoast SEO plugin. -->","yoast_head_json":{"title":"Pol Espargar\u00f3 suma cuatro puntos en Mandalika - Box Repsol","description":"Pol Espargar\u00f3 suma cuatro puntos en Mandalika: todos los datos sobre como se desempe\u00f1\u00f3 en esta emocionante carrera de MotoGP aqu\u00ed.","canonical":"https:\/\/www.boxrepsol.com\/es\/motogp\/pol-espargaro-suma-cuatro-puntos-en-mandalika\/","og_locale":"es_ES","og_type":"article","og_title":"Pol Espargar\u00f3 suma cuatro puntos en Mandalika - Box Repsol","og_description":"Pol Espargar\u00f3 suma cuatro puntos en Mandalika: todos los datos sobre como se desempe\u00f1\u00f3 en esta emocionante carrera de MotoGP aqu\u00ed.","og_url":"https:\/\/www.boxrepsol.com\/es\/motogp\/pol-espargaro-suma-cuatro-puntos-en-mandalika\/","og_site_name":"Box Repsol","article_publisher":"https:\/\/www.facebook.com\/BoxRepsol","article_author":"https:\/\/www.facebook.com\/BoxRepsol\/","article_published_time":"2022-03-20T02:00:00+00:00","article_modified_time":"2024-04-09T09:11:07+00:00","og_image":[{"width":2560,"height":1707,"url":"https:\/\/bxrepsol.s3.eu-west-1.amazonaws.com\/static\/2022\/08\/10040941\/http___repsolmedia.com_repsolmedia_wp-content_uploads_2022_03_Copy-of-RD2_Mandalika_Espargaro_2022-09835-scaled-1.jpg","type":"image\/jpeg"}],"author":"Redacci\u00f3n Box Repsol","twitter_card":"summary_large_image","twitter_creator":"@https:\/\/twitter.com\/box_repsol","twitter_site":"@box_repsol","twitter_misc":{"Written by":"Redacci\u00f3n Box Repsol","Est. reading time":"2 minutos"},"schema":{"@context":"https:\/\/schema.org","@graph":[{"@type":"Article","@id":"https:\/\/www.boxrepsol.com\/es\/motogp\/pol-espargaro-suma-cuatro-puntos-en-mandalika\/#article","isPartOf":{"@id":"https:\/\/www.boxrepsol.com\/es\/motogp\/pol-espargaro-suma-cuatro-puntos-en-mandalika\/"},"author":{"name":"Redacci\u00f3n Box Repsol","@id":"https:\/\/www.boxrepsol.com\/es\/#\/schema\/person\/c5c2138f2cca251b0ad92b7086bb60b7"},"headline":"Pol Espargar\u00f3 suma cuatro puntos en Mandalika","datePublished":"2022-03-20T02:00:00+00:00","dateModified":"2024-04-09T09:11:07+00:00","mainEntityOfPage":{"@id":"https:\/\/www.boxrepsol.com\/es\/motogp\/pol-espargaro-suma-cuatro-puntos-en-mandalika\/"},"wordCount":494,"commentCount":0,"publisher":{"@id":"https:\/\/www.boxrepsol.com\/es\/#organization"},"image":{"@id":"https:\/\/www.boxrepsol.com\/es\/motogp\/pol-espargaro-suma-cuatro-puntos-en-mandalika\/#primaryimage"},"thumbnailUrl":"https:\/\/bxrepsol.s3.eu-west-1.amazonaws.com\/static\/2022\/08\/10040941\/http___repsolmedia.com_repsolmedia_wp-content_uploads_2022_03_Copy-of-RD2_Mandalika_Espargaro_2022-09835-scaled-1.jpg","keywords":["2022","Marc M\u00e1rquez","MotoGP Indonesia","Pol Espargar\u00f3"],"articleSection":["MotoGP"],"inLanguage":"es","potentialAction":[{"@type":"CommentAction","name":"Comment","target":["https:\/\/www.boxrepsol.com\/es\/motogp\/pol-espargaro-suma-cuatro-puntos-en-mandalika\/#respond"]}]},{"@type":"WebPage","@id":"https:\/\/www.boxrepsol.com\/es\/motogp\/pol-espargaro-suma-cuatro-puntos-en-mandalika\/","url":"https:\/\/www.boxrepsol.com\/es\/motogp\/pol-espargaro-suma-cuatro-puntos-en-mandalika\/","name":"Pol Espargar\u00f3 suma cuatro puntos en Mandalika - Box Repsol","isPartOf":{"@id":"https:\/\/www.boxrepsol.com\/es\/#website"},"primaryImageOfPage":{"@id":"https:\/\/www.boxrepsol.com\/es\/motogp\/pol-espargaro-suma-cuatro-puntos-en-mandalika\/#primaryimage"},"image":{"@id":"https:\/\/www.boxrepsol.com\/es\/motogp\/pol-espargaro-suma-cuatro-puntos-en-mandalika\/#primaryimage"},"thumbnailUrl":"https:\/\/bxrepsol.s3.eu-west-1.amazonaws.com\/static\/2022\/08\/10040941\/http___repsolmedia.com_repsolmedia_wp-content_uploads_2022_03_Copy-of-RD2_Mandalika_Espargaro_2022-09835-scaled-1.jpg","datePublished":"2022-03-20T02:00:00+00:00","dateModified":"2024-04-09T09:11:07+00:00","description":"Pol Espargar\u00f3 suma cuatro puntos en Mandalika: todos los datos sobre como se desempe\u00f1\u00f3 en esta emocionante carrera de MotoGP aqu\u00ed.","breadcrumb":{"@id":"https:\/\/www.boxrepsol.com\/es\/motogp\/pol-espargaro-suma-cuatro-puntos-en-mandalika\/#breadcrumb"},"inLanguage":"es","potentialAction":[{"@type":"ReadAction","target":["https:\/\/www.boxrepsol.com\/es\/motogp\/pol-espargaro-suma-cuatro-puntos-en-mandalika\/"]}]},{"@type":"ImageObject","inLanguage":"es","@id":"https:\/\/www.boxrepsol.com\/es\/motogp\/pol-espargaro-suma-cuatro-puntos-en-mandalika\/#primaryimage","url":"https:\/\/bxrepsol.s3.eu-west-1.amazonaws.com\/static\/2022\/08\/10040941\/http___repsolmedia.com_repsolmedia_wp-content_uploads_2022_03_Copy-of-RD2_Mandalika_Espargaro_2022-09835-scaled-1.jpg","contentUrl":"https:\/\/bxrepsol.s3.eu-west-1.amazonaws.com\/static\/2022\/08\/10040941\/http___repsolmedia.com_repsolmedia_wp-content_uploads_2022_03_Copy-of-RD2_Mandalika_Espargaro_2022-09835-scaled-1.jpg","width":2560,"height":1707},{"@type":"BreadcrumbList","@id":"https:\/\/www.boxrepsol.com\/es\/motogp\/pol-espargaro-suma-cuatro-puntos-en-mandalika\/#breadcrumb","itemListElement":[{"@type":"ListItem","position":1,"name":"Home","item":"https:\/\/www.boxrepsol.com\/es\/"},{"@type":"ListItem","position":2,"name":"Pol Espargar\u00f3 suma cuatro puntos en Mandalika"}]},{"@type":"WebSite","@id":"https:\/\/www.boxrepsol.com\/es\/#website","url":"https:\/\/www.boxrepsol.com\/es\/","name":"Box Repsol","description":"Box Repsol Site","publisher":{"@id":"https:\/\/www.boxrepsol.com\/es\/#organization"},"potentialAction":[{"@type":"SearchAction","target":{"@type":"EntryPoint","urlTemplate":"https:\/\/www.boxrepsol.com\/es\/?s={search_term_string}"},"query-input":{"@type":"PropertyValueSpecification","valueRequired":true,"valueName":"search_term_string"}}],"inLanguage":"es"},{"@type":"Organization","@id":"https:\/\/www.boxrepsol.com\/es\/#organization","name":"Box Repsol","url":"https:\/\/www.boxrepsol.com\/es\/","logo":{"@type":"ImageObject","inLanguage":"es","@id":"https:\/\/www.boxrepsol.com\/es\/#\/schema\/logo\/image\/","url":"https:\/\/bxrepsol.s3.eu-west-1.amazonaws.com\/static\/2025\/07\/30083337\/favicon-96x96-1.png","contentUrl":"https:\/\/bxrepsol.s3.eu-west-1.amazonaws.com\/static\/2025\/07\/30083337\/favicon-96x96-1.png","width":96,"height":96,"caption":"Box Repsol"},"image":{"@id":"https:\/\/www.boxrepsol.com\/es\/#\/schema\/logo\/image\/"},"sameAs":["https:\/\/www.facebook.com\/BoxRepsol","https:\/\/x.com\/box_repsol","http:\/\/instagram.com\/box_repsol","https:\/\/www.youtube.com\/user\/RepsolCompeticion","https:\/\/www.flickr.com\/photos\/box_repsol\/"]},{"@type":"Person","@id":"https:\/\/www.boxrepsol.com\/es\/#\/schema\/person\/c5c2138f2cca251b0ad92b7086bb60b7","name":"Redacci\u00f3n Box Repsol","image":{"@type":"ImageObject","inLanguage":"es","@id":"https:\/\/secure.gravatar.com\/avatar\/adf7b77e38b4419baf32c7e9c21dde01f4e40df611f0978e3006fc4ba0aaab7e?s=96&d=mm&r=g","url":"https:\/\/secure.gravatar.com\/avatar\/adf7b77e38b4419baf32c7e9c21dde01f4e40df611f0978e3006fc4ba0aaab7e?s=96&d=mm&r=g","contentUrl":"https:\/\/secure.gravatar.com\/avatar\/adf7b77e38b4419baf32c7e9c21dde01f4e40df611f0978e3006fc4ba0aaab7e?s=96&d=mm&r=g","caption":"Redacci\u00f3n Box Repsol"},"description":"Box Repsol lo forma un equipo de periodistas, community managers, dise\u00f1adores y fot\u00f3grafos con m\u00e1s de 20 a\u00f1os de experiencia en el mundo del motorsport. Hemos vivido el primer mundial de un espa\u00f1ol en la categor\u00eda reina de motociclismo con \u00c1lex Crivill\u00e9, estuvimos en las victorias de Pedrosa y los t\u00edtulos de M\u00e1rquez, acompa\u00f1amos en \u00c1frica a Nani Roma y Marc Coma en sus conquistas del Dakar y hemos vibrado con los t\u00edtulos de Toni Bou en Trial. Adem\u00e1s, en nuestro equipo contamos con expertos en el mundo de las dos y cuatro ruedas tanto de la calle y las carreteras, como de los circuitos. Periodistas que han trabajado en revistas y publicaciones para hacerte llegar desde rutas y consejos de mantenimiento, a curiosidades y trucos de pilotaje.","sameAs":["https:\/\/www.facebook.com\/BoxRepsol\/","https:\/\/www.instagram.com\/box_repsol\/","https:\/\/x.com\/https:\/\/twitter.com\/box_repsol","https:\/\/www.youtube.com\/@Boxrepsol"],"url":"https:\/\/www.boxrepsol.com\/es\/author\/redaccion-box-repsol\/"}]}},"_links":{"self":[{"href":"https:\/\/www.boxrepsol.com\/es\/wp-json\/wp\/v2\/posts\/95280","targetHints":{"allow":["GET"]}}],"collection":[{"href":"https:\/\/www.boxrepsol.com\/es\/wp-json\/wp\/v2\/posts"}],"about":[{"href":"https:\/\/www.boxrepsol.com\/es\/wp-json\/wp\/v2\/types\/post"}],"author":[{"embeddable":true,"href":"https:\/\/www.boxrepsol.com\/es\/wp-json\/wp\/v2\/users\/43146"}],"replies":[{"embeddable":true,"href":"https:\/\/www.boxrepsol.com\/es\/wp-json\/wp\/v2\/comments?post=95280"}],"version-history":[{"count":1,"href":"https:\/\/www.boxrepsol.com\/es\/wp-json\/wp\/v2\/posts\/95280\/revisions"}],"predecessor-version":[{"id":107383,"href":"https:\/\/www.boxrepsol.com\/es\/wp-json\/wp\/v2\/posts\/95280\/revisions\/107383"}],"wp:featuredmedia":[{"embeddable":true,"href":"https:\/\/www.boxrepsol.com\/es\/wp-json\/wp\/v2\/media\/45422"}],"wp:attachment":[{"href":"https:\/\/www.boxrepsol.com\/es\/wp-json\/wp\/v2\/media?parent=95280"}],"wp:term":[{"taxonomy":"category","embeddable":true,"href":"https:\/\/www.boxrepsol.com\/es\/wp-json\/wp\/v2\/categories?post=95280"},{"taxonomy":"post_tag","embeddable":true,"href":"https:\/\/www.boxrepsol.com\/es\/wp-json\/wp\/v2\/tags?post=95280"}],"curies":[{"name":"wp","href":"https:\/\/api.w.org\/{rel}","templated":true}]}}