{"id":95279,"date":"2022-03-19T00:00:00","date_gmt":"2022-03-19T02:00:00","guid":{"rendered":"http:\/\/pre.boxrepsol.com\/sin-categorizar\/variables-condiciones-retrasan-marquez-y-espargaro\/"},"modified":"2024-04-09T07:13:44","modified_gmt":"2024-04-09T09:13:44","slug":"variables-condiciones-retrasan-marquez-y-espargaro","status":"publish","type":"post","link":"https:\/\/www.boxrepsol.com\/es\/motogp\/variables-condiciones-retrasan-marquez-y-espargaro\/","title":{"rendered":"Las variables condiciones de la pista retrasan a M\u00e1rquez y Espargar\u00f3"},"content":{"rendered":"<p>Una intensa lluvia durante las primeras horas de la ma\u00f1ana ha sido la causante de que el asfalto del circuito de <strong>Mandalika<\/strong> no ofreciese suficiente agarre, dejando a los pilotos del equipo <strong>Repsol Honda<\/strong> sin las buenas sensaciones que tuvieron durante los tests de la pretemporada.<\/p>\n<p><strong>Marc M\u00e1rquez<\/strong> ha empezado el d\u00eda liderando la tercera sesi\u00f3n de entrenamientos libres del Gran Premio de Indonesia, con una pista mojada que poco a poco se ha ido secando. Ya por la tarde, despu\u00e9s de concluir un FP4 sin muy buenas sensaciones, el piloto del equipo Repsol Honda ha sufrido dos ca\u00eddas sin consecuencias en la misma curva mientras trataba de lograr un registro que le otorgara el pase a la Q2.<\/p>\n<p>El ocho veces Campe\u00f3n del Mundo no ha conseguido clasificarse para el entrenamiento que definir\u00eda las primeras posiciones de la parrilla de ma\u00f1ana y, con un mejor tiempo de 1 minuto, 31 segundos y 830 mil\u00e9simas, Marc saldr\u00e1 ma\u00f1ana desde la decimoquinta posici\u00f3n.<\/p>\n<p><strong>Pol Espargar\u00f3<\/strong> ha vivido una situaci\u00f3n similar hoy en Mandalika. Al piloto del equipo Repsol Honda le ha costado adaptarse a las condiciones de la pista y tampoco ha podido lograr el pase a la Q2.<\/p>\n<p>Despu\u00e9s de usar el cuarto entrenamiento libre para probar algunos aspectos t\u00e9cnicos, Espargar\u00f3 ha registrado un mejor tiempo de 1 minuto, 31 segundos y 831 mil\u00e9simas, registro que le permitir\u00e1 salir desde la decimosexta posici\u00f3n en la parrilla, justo por detr\u00e1s de su compa\u00f1ero de equipo.<\/p>\n<p>La carrera de ma\u00f1ana, primera vez de la era <strong>MotoGP<\/strong> en este trazado, tendr\u00e1 lugar a las 8.00 horas (CET).<\/p>\n<h3>Declaraciones de los pilotos<\/h3>\n<p><a href=\"https:\/\/twitter.com\/hashtag\/MM93?src=hashtag_click\">#MM93<\/a><\/p>\n<p>\u00abEstoy m\u00e1s o menos bien despu\u00e9s de las dos ca\u00eddas de hoy. Cuando est\u00e1s en la Q1, necesitas tomar riesgos y esto es lo que puede pasar. No puedo estar feliz por hoy, todos los pilotos de Honda hemos sufrido. Lo \u00fanico bueno era que sal\u00edamos 15\u00ba, en la parte limpia de la pista, pero ahora saldremos en la parte sucia tras la sanci\u00f3n de Morbidelli. Es lo que es, ma\u00f1ana hay que atacar. Nuestra realidad es mucho mejor de lo que se ha demostrado hoy, incluso con la parte trasera distinta. El objetivo es intentar terminar la carrera\u00bb.<\/p>\n<p><a href=\"https:\/\/twitter.com\/hashtag\/POL44?src=hashtag_click\">#POL44<\/a><\/p>\n<p>\u00abHoy ha sido un d\u00eda muy duro; no puedo decir que est\u00e9 m\u00e1s que decepcionado. El neum\u00e1tico trasero diferente que tenemos aqu\u00ed no funciona con nuestra nueva moto y nos est\u00e1 causando muchas dificultades y m\u00e1s problemas. Mostramos nuestro potencial aqu\u00ed en el test con el neum\u00e1tico que usaremos todo el a\u00f1o. Se puede ver el impacto que tiene, porque otros pilotos que sufrieron mucho durante los tests, ahora est\u00e1n volando. En la carrera de ma\u00f1ana se tratar\u00e1 de llegar al final, es todo lo que podemos hacer. Volveremos m\u00e1s fuertes\u00bb.<\/p>\n","protected":false},"excerpt":{"rendered":"<p>Los pilotos del equipo Repsol Honda no han podido clasificarse para la Q2 y saldr\u00e1n ma\u00f1ana desde la quinta y sexta fila de la parrilla. En la primera carrera de la era MotoGP en el Circuito Internacional de Mandalika, Marc partir\u00e1 decimoquinto y Pol, decimosexto.<\/p>\n","protected":false},"author":43146,"featured_media":45409,"comment_status":"open","ping_status":"open","sticky":false,"template":"","format":"standard","meta":{"footnotes":""},"categories":[4],"tags":[120,6,204,128],"class_list":["post-95279","post","type-post","status-publish","format-standard","hentry","category-motogp","tag-120","tag-marc-marquez","tag-motogp-indonesia","tag-pol-espargaro"],"yoast_head":"<!-- This site is optimized with the Yoast SEO plugin v27.3 - https:\/\/yoast.com\/product\/yoast-seo-wordpress\/ -->\n<title>Las variables condiciones de la pista retrasan a M\u00e1rquez y Espargar\u00f3 - Box Repsol<\/title>\n<meta name=\"description\" content=\"Condiciones adversas retrasan a M\u00e1rquez y Espargaro. Conoce c\u00f3mo el clima afecta a los pilotos en esta emocionante jornada de MotoGP.\" \/>\n<link rel=\"canonical\" href=\"https:\/\/www.boxrepsol.com\/es\/motogp\/variables-condiciones-retrasan-marquez-y-espargaro\/\" \/>\n<meta property=\"og:locale\" content=\"es_ES\" \/>\n<meta property=\"og:type\" content=\"article\" \/>\n<meta property=\"og:title\" content=\"Las variables condiciones de la pista retrasan a M\u00e1rquez y Espargar\u00f3 - Box Repsol\" \/>\n<meta property=\"og:description\" content=\"Condiciones adversas retrasan a M\u00e1rquez y Espargaro. Conoce c\u00f3mo el clima afecta a los pilotos en esta emocionante jornada de MotoGP.\" \/>\n<meta property=\"og:url\" content=\"https:\/\/www.boxrepsol.com\/es\/motogp\/variables-condiciones-retrasan-marquez-y-espargaro\/\" \/>\n<meta property=\"og:site_name\" content=\"Box Repsol\" \/>\n<meta property=\"article:publisher\" content=\"https:\/\/www.facebook.com\/BoxRepsol\" \/>\n<meta property=\"article:author\" content=\"https:\/\/www.facebook.com\/BoxRepsol\/\" \/>\n<meta property=\"article:published_time\" content=\"2022-03-19T02:00:00+00:00\" \/>\n<meta property=\"article:modified_time\" content=\"2024-04-09T09:13:44+00:00\" \/>\n<meta property=\"og:image\" content=\"https:\/\/bxrepsol.s3.eu-west-1.amazonaws.com\/static\/2022\/08\/10040923\/http___repsolmedia.com_repsolmedia_wp-content_uploads_2022_03_Copy-of-RD2_Mandalika_Marc_2022-07261-scaled-1.jpg\" \/>\n\t<meta property=\"og:image:width\" content=\"1280\" \/>\n\t<meta property=\"og:image:height\" content=\"600\" \/>\n\t<meta property=\"og:image:type\" content=\"image\/jpeg\" \/>\n<meta name=\"author\" content=\"Redacci\u00f3n Box Repsol\" \/>\n<meta name=\"twitter:card\" content=\"summary_large_image\" \/>\n<meta name=\"twitter:creator\" content=\"@https:\/\/twitter.com\/box_repsol\" \/>\n<meta name=\"twitter:site\" content=\"@box_repsol\" \/>\n<meta name=\"twitter:label1\" content=\"Written by\" \/>\n\t<meta name=\"twitter:data1\" content=\"Redacci\u00f3n Box Repsol\" \/>\n\t<meta name=\"twitter:label2\" content=\"Est. reading time\" \/>\n\t<meta name=\"twitter:data2\" content=\"2 minutos\" \/>\n<script type=\"application\/ld+json\" class=\"yoast-schema-graph\">{\"@context\":\"https:\\\/\\\/schema.org\",\"@graph\":[{\"@type\":\"Article\",\"@id\":\"https:\\\/\\\/www.boxrepsol.com\\\/es\\\/motogp\\\/variables-condiciones-retrasan-marquez-y-espargaro\\\/#article\",\"isPartOf\":{\"@id\":\"https:\\\/\\\/www.boxrepsol.com\\\/es\\\/motogp\\\/variables-condiciones-retrasan-marquez-y-espargaro\\\/\"},\"author\":{\"name\":\"Redacci\u00f3n Box Repsol\",\"@id\":\"https:\\\/\\\/www.boxrepsol.com\\\/es\\\/#\\\/schema\\\/person\\\/c5c2138f2cca251b0ad92b7086bb60b7\"},\"headline\":\"Las variables condiciones de la pista retrasan a M\u00e1rquez y Espargar\u00f3\",\"datePublished\":\"2022-03-19T02:00:00+00:00\",\"dateModified\":\"2024-04-09T09:13:44+00:00\",\"mainEntityOfPage\":{\"@id\":\"https:\\\/\\\/www.boxrepsol.com\\\/es\\\/motogp\\\/variables-condiciones-retrasan-marquez-y-espargaro\\\/\"},\"wordCount\":500,\"commentCount\":0,\"publisher\":{\"@id\":\"https:\\\/\\\/www.boxrepsol.com\\\/es\\\/#organization\"},\"image\":{\"@id\":\"https:\\\/\\\/www.boxrepsol.com\\\/es\\\/motogp\\\/variables-condiciones-retrasan-marquez-y-espargaro\\\/#primaryimage\"},\"thumbnailUrl\":\"https:\\\/\\\/bxrepsol.s3.eu-west-1.amazonaws.com\\\/static\\\/2022\\\/08\\\/10040923\\\/http___repsolmedia.com_repsolmedia_wp-content_uploads_2022_03_Copy-of-RD2_Mandalika_Marc_2022-07261-scaled-1.jpg\",\"keywords\":[\"2022\",\"Marc M\u00e1rquez\",\"MotoGP Indonesia\",\"Pol Espargar\u00f3\"],\"articleSection\":[\"MotoGP\"],\"inLanguage\":\"es\",\"potentialAction\":[{\"@type\":\"CommentAction\",\"name\":\"Comment\",\"target\":[\"https:\\\/\\\/www.boxrepsol.com\\\/es\\\/motogp\\\/variables-condiciones-retrasan-marquez-y-espargaro\\\/#respond\"]}]},{\"@type\":\"WebPage\",\"@id\":\"https:\\\/\\\/www.boxrepsol.com\\\/es\\\/motogp\\\/variables-condiciones-retrasan-marquez-y-espargaro\\\/\",\"url\":\"https:\\\/\\\/www.boxrepsol.com\\\/es\\\/motogp\\\/variables-condiciones-retrasan-marquez-y-espargaro\\\/\",\"name\":\"Las variables condiciones de la pista retrasan a M\u00e1rquez y Espargar\u00f3 - Box Repsol\",\"isPartOf\":{\"@id\":\"https:\\\/\\\/www.boxrepsol.com\\\/es\\\/#website\"},\"primaryImageOfPage\":{\"@id\":\"https:\\\/\\\/www.boxrepsol.com\\\/es\\\/motogp\\\/variables-condiciones-retrasan-marquez-y-espargaro\\\/#primaryimage\"},\"image\":{\"@id\":\"https:\\\/\\\/www.boxrepsol.com\\\/es\\\/motogp\\\/variables-condiciones-retrasan-marquez-y-espargaro\\\/#primaryimage\"},\"thumbnailUrl\":\"https:\\\/\\\/bxrepsol.s3.eu-west-1.amazonaws.com\\\/static\\\/2022\\\/08\\\/10040923\\\/http___repsolmedia.com_repsolmedia_wp-content_uploads_2022_03_Copy-of-RD2_Mandalika_Marc_2022-07261-scaled-1.jpg\",\"datePublished\":\"2022-03-19T02:00:00+00:00\",\"dateModified\":\"2024-04-09T09:13:44+00:00\",\"description\":\"Condiciones adversas retrasan a M\u00e1rquez y Espargaro. Conoce c\u00f3mo el clima afecta a los pilotos en esta emocionante jornada de MotoGP.\",\"breadcrumb\":{\"@id\":\"https:\\\/\\\/www.boxrepsol.com\\\/es\\\/motogp\\\/variables-condiciones-retrasan-marquez-y-espargaro\\\/#breadcrumb\"},\"inLanguage\":\"es\",\"potentialAction\":[{\"@type\":\"ReadAction\",\"target\":[\"https:\\\/\\\/www.boxrepsol.com\\\/es\\\/motogp\\\/variables-condiciones-retrasan-marquez-y-espargaro\\\/\"]}]},{\"@type\":\"ImageObject\",\"inLanguage\":\"es\",\"@id\":\"https:\\\/\\\/www.boxrepsol.com\\\/es\\\/motogp\\\/variables-condiciones-retrasan-marquez-y-espargaro\\\/#primaryimage\",\"url\":\"https:\\\/\\\/bxrepsol.s3.eu-west-1.amazonaws.com\\\/static\\\/2022\\\/08\\\/10040923\\\/http___repsolmedia.com_repsolmedia_wp-content_uploads_2022_03_Copy-of-RD2_Mandalika_Marc_2022-07261-scaled-1.jpg\",\"contentUrl\":\"https:\\\/\\\/bxrepsol.s3.eu-west-1.amazonaws.com\\\/static\\\/2022\\\/08\\\/10040923\\\/http___repsolmedia.com_repsolmedia_wp-content_uploads_2022_03_Copy-of-RD2_Mandalika_Marc_2022-07261-scaled-1.jpg\",\"width\":1280,\"height\":600},{\"@type\":\"BreadcrumbList\",\"@id\":\"https:\\\/\\\/www.boxrepsol.com\\\/es\\\/motogp\\\/variables-condiciones-retrasan-marquez-y-espargaro\\\/#breadcrumb\",\"itemListElement\":[{\"@type\":\"ListItem\",\"position\":1,\"name\":\"Home\",\"item\":\"https:\\\/\\\/www.boxrepsol.com\\\/es\\\/\"},{\"@type\":\"ListItem\",\"position\":2,\"name\":\"Las variables condiciones de la pista retrasan a M\u00e1rquez y Espargar\u00f3\"}]},{\"@type\":\"WebSite\",\"@id\":\"https:\\\/\\\/www.boxrepsol.com\\\/es\\\/#website\",\"url\":\"https:\\\/\\\/www.boxrepsol.com\\\/es\\\/\",\"name\":\"Box Repsol\",\"description\":\"Box Repsol Site\",\"publisher\":{\"@id\":\"https:\\\/\\\/www.boxrepsol.com\\\/es\\\/#organization\"},\"potentialAction\":[{\"@type\":\"SearchAction\",\"target\":{\"@type\":\"EntryPoint\",\"urlTemplate\":\"https:\\\/\\\/www.boxrepsol.com\\\/es\\\/?s={search_term_string}\"},\"query-input\":{\"@type\":\"PropertyValueSpecification\",\"valueRequired\":true,\"valueName\":\"search_term_string\"}}],\"inLanguage\":\"es\"},{\"@type\":\"Organization\",\"@id\":\"https:\\\/\\\/www.boxrepsol.com\\\/es\\\/#organization\",\"name\":\"Box Repsol\",\"url\":\"https:\\\/\\\/www.boxrepsol.com\\\/es\\\/\",\"logo\":{\"@type\":\"ImageObject\",\"inLanguage\":\"es\",\"@id\":\"https:\\\/\\\/www.boxrepsol.com\\\/es\\\/#\\\/schema\\\/logo\\\/image\\\/\",\"url\":\"https:\\\/\\\/bxrepsol.s3.eu-west-1.amazonaws.com\\\/static\\\/2025\\\/07\\\/30083337\\\/favicon-96x96-1.png\",\"contentUrl\":\"https:\\\/\\\/bxrepsol.s3.eu-west-1.amazonaws.com\\\/static\\\/2025\\\/07\\\/30083337\\\/favicon-96x96-1.png\",\"width\":96,\"height\":96,\"caption\":\"Box Repsol\"},\"image\":{\"@id\":\"https:\\\/\\\/www.boxrepsol.com\\\/es\\\/#\\\/schema\\\/logo\\\/image\\\/\"},\"sameAs\":[\"https:\\\/\\\/www.facebook.com\\\/BoxRepsol\",\"https:\\\/\\\/x.com\\\/box_repsol\",\"http:\\\/\\\/instagram.com\\\/box_repsol\",\"https:\\\/\\\/www.youtube.com\\\/user\\\/RepsolCompeticion\",\"https:\\\/\\\/www.flickr.com\\\/photos\\\/box_repsol\\\/\"]},{\"@type\":\"Person\",\"@id\":\"https:\\\/\\\/www.boxrepsol.com\\\/es\\\/#\\\/schema\\\/person\\\/c5c2138f2cca251b0ad92b7086bb60b7\",\"name\":\"Redacci\u00f3n Box Repsol\",\"image\":{\"@type\":\"ImageObject\",\"inLanguage\":\"es\",\"@id\":\"https:\\\/\\\/secure.gravatar.com\\\/avatar\\\/adf7b77e38b4419baf32c7e9c21dde01f4e40df611f0978e3006fc4ba0aaab7e?s=96&d=mm&r=g\",\"url\":\"https:\\\/\\\/secure.gravatar.com\\\/avatar\\\/adf7b77e38b4419baf32c7e9c21dde01f4e40df611f0978e3006fc4ba0aaab7e?s=96&d=mm&r=g\",\"contentUrl\":\"https:\\\/\\\/secure.gravatar.com\\\/avatar\\\/adf7b77e38b4419baf32c7e9c21dde01f4e40df611f0978e3006fc4ba0aaab7e?s=96&d=mm&r=g\",\"caption\":\"Redacci\u00f3n Box Repsol\"},\"description\":\"Box Repsol lo forma un equipo de periodistas, community managers, dise\u00f1adores y fot\u00f3grafos con m\u00e1s de 20 a\u00f1os de experiencia en el mundo del motorsport. Hemos vivido el primer mundial de un espa\u00f1ol en la categor\u00eda reina de motociclismo con \u00c1lex Crivill\u00e9, estuvimos en las victorias de Pedrosa y los t\u00edtulos de M\u00e1rquez, acompa\u00f1amos en \u00c1frica a Nani Roma y Marc Coma en sus conquistas del Dakar y hemos vibrado con los t\u00edtulos de Toni Bou en Trial. Adem\u00e1s, en nuestro equipo contamos con expertos en el mundo de las dos y cuatro ruedas tanto de la calle y las carreteras, como de los circuitos. Periodistas que han trabajado en revistas y publicaciones para hacerte llegar desde rutas y consejos de mantenimiento, a curiosidades y trucos de pilotaje.\",\"sameAs\":[\"https:\\\/\\\/www.facebook.com\\\/BoxRepsol\\\/\",\"https:\\\/\\\/www.instagram.com\\\/box_repsol\\\/\",\"https:\\\/\\\/x.com\\\/https:\\\/\\\/twitter.com\\\/box_repsol\",\"https:\\\/\\\/www.youtube.com\\\/@Boxrepsol\"],\"url\":\"https:\\\/\\\/www.boxrepsol.com\\\/es\\\/author\\\/redaccion-box-repsol\\\/\"}]}<\/script>\n<!-- \/ Yoast SEO plugin. -->","yoast_head_json":{"title":"Las variables condiciones de la pista retrasan a M\u00e1rquez y Espargar\u00f3 - Box Repsol","description":"Condiciones adversas retrasan a M\u00e1rquez y Espargaro. Conoce c\u00f3mo el clima afecta a los pilotos en esta emocionante jornada de MotoGP.","canonical":"https:\/\/www.boxrepsol.com\/es\/motogp\/variables-condiciones-retrasan-marquez-y-espargaro\/","og_locale":"es_ES","og_type":"article","og_title":"Las variables condiciones de la pista retrasan a M\u00e1rquez y Espargar\u00f3 - Box Repsol","og_description":"Condiciones adversas retrasan a M\u00e1rquez y Espargaro. Conoce c\u00f3mo el clima afecta a los pilotos en esta emocionante jornada de MotoGP.","og_url":"https:\/\/www.boxrepsol.com\/es\/motogp\/variables-condiciones-retrasan-marquez-y-espargaro\/","og_site_name":"Box Repsol","article_publisher":"https:\/\/www.facebook.com\/BoxRepsol","article_author":"https:\/\/www.facebook.com\/BoxRepsol\/","article_published_time":"2022-03-19T02:00:00+00:00","article_modified_time":"2024-04-09T09:13:44+00:00","og_image":[{"width":1280,"height":600,"url":"https:\/\/bxrepsol.s3.eu-west-1.amazonaws.com\/static\/2022\/08\/10040923\/http___repsolmedia.com_repsolmedia_wp-content_uploads_2022_03_Copy-of-RD2_Mandalika_Marc_2022-07261-scaled-1.jpg","type":"image\/jpeg"}],"author":"Redacci\u00f3n Box Repsol","twitter_card":"summary_large_image","twitter_creator":"@https:\/\/twitter.com\/box_repsol","twitter_site":"@box_repsol","twitter_misc":{"Written by":"Redacci\u00f3n Box Repsol","Est. reading time":"2 minutos"},"schema":{"@context":"https:\/\/schema.org","@graph":[{"@type":"Article","@id":"https:\/\/www.boxrepsol.com\/es\/motogp\/variables-condiciones-retrasan-marquez-y-espargaro\/#article","isPartOf":{"@id":"https:\/\/www.boxrepsol.com\/es\/motogp\/variables-condiciones-retrasan-marquez-y-espargaro\/"},"author":{"name":"Redacci\u00f3n Box Repsol","@id":"https:\/\/www.boxrepsol.com\/es\/#\/schema\/person\/c5c2138f2cca251b0ad92b7086bb60b7"},"headline":"Las variables condiciones de la pista retrasan a M\u00e1rquez y Espargar\u00f3","datePublished":"2022-03-19T02:00:00+00:00","dateModified":"2024-04-09T09:13:44+00:00","mainEntityOfPage":{"@id":"https:\/\/www.boxrepsol.com\/es\/motogp\/variables-condiciones-retrasan-marquez-y-espargaro\/"},"wordCount":500,"commentCount":0,"publisher":{"@id":"https:\/\/www.boxrepsol.com\/es\/#organization"},"image":{"@id":"https:\/\/www.boxrepsol.com\/es\/motogp\/variables-condiciones-retrasan-marquez-y-espargaro\/#primaryimage"},"thumbnailUrl":"https:\/\/bxrepsol.s3.eu-west-1.amazonaws.com\/static\/2022\/08\/10040923\/http___repsolmedia.com_repsolmedia_wp-content_uploads_2022_03_Copy-of-RD2_Mandalika_Marc_2022-07261-scaled-1.jpg","keywords":["2022","Marc M\u00e1rquez","MotoGP Indonesia","Pol Espargar\u00f3"],"articleSection":["MotoGP"],"inLanguage":"es","potentialAction":[{"@type":"CommentAction","name":"Comment","target":["https:\/\/www.boxrepsol.com\/es\/motogp\/variables-condiciones-retrasan-marquez-y-espargaro\/#respond"]}]},{"@type":"WebPage","@id":"https:\/\/www.boxrepsol.com\/es\/motogp\/variables-condiciones-retrasan-marquez-y-espargaro\/","url":"https:\/\/www.boxrepsol.com\/es\/motogp\/variables-condiciones-retrasan-marquez-y-espargaro\/","name":"Las variables condiciones de la pista retrasan a M\u00e1rquez y Espargar\u00f3 - Box Repsol","isPartOf":{"@id":"https:\/\/www.boxrepsol.com\/es\/#website"},"primaryImageOfPage":{"@id":"https:\/\/www.boxrepsol.com\/es\/motogp\/variables-condiciones-retrasan-marquez-y-espargaro\/#primaryimage"},"image":{"@id":"https:\/\/www.boxrepsol.com\/es\/motogp\/variables-condiciones-retrasan-marquez-y-espargaro\/#primaryimage"},"thumbnailUrl":"https:\/\/bxrepsol.s3.eu-west-1.amazonaws.com\/static\/2022\/08\/10040923\/http___repsolmedia.com_repsolmedia_wp-content_uploads_2022_03_Copy-of-RD2_Mandalika_Marc_2022-07261-scaled-1.jpg","datePublished":"2022-03-19T02:00:00+00:00","dateModified":"2024-04-09T09:13:44+00:00","description":"Condiciones adversas retrasan a M\u00e1rquez y Espargaro. Conoce c\u00f3mo el clima afecta a los pilotos en esta emocionante jornada de MotoGP.","breadcrumb":{"@id":"https:\/\/www.boxrepsol.com\/es\/motogp\/variables-condiciones-retrasan-marquez-y-espargaro\/#breadcrumb"},"inLanguage":"es","potentialAction":[{"@type":"ReadAction","target":["https:\/\/www.boxrepsol.com\/es\/motogp\/variables-condiciones-retrasan-marquez-y-espargaro\/"]}]},{"@type":"ImageObject","inLanguage":"es","@id":"https:\/\/www.boxrepsol.com\/es\/motogp\/variables-condiciones-retrasan-marquez-y-espargaro\/#primaryimage","url":"https:\/\/bxrepsol.s3.eu-west-1.amazonaws.com\/static\/2022\/08\/10040923\/http___repsolmedia.com_repsolmedia_wp-content_uploads_2022_03_Copy-of-RD2_Mandalika_Marc_2022-07261-scaled-1.jpg","contentUrl":"https:\/\/bxrepsol.s3.eu-west-1.amazonaws.com\/static\/2022\/08\/10040923\/http___repsolmedia.com_repsolmedia_wp-content_uploads_2022_03_Copy-of-RD2_Mandalika_Marc_2022-07261-scaled-1.jpg","width":1280,"height":600},{"@type":"BreadcrumbList","@id":"https:\/\/www.boxrepsol.com\/es\/motogp\/variables-condiciones-retrasan-marquez-y-espargaro\/#breadcrumb","itemListElement":[{"@type":"ListItem","position":1,"name":"Home","item":"https:\/\/www.boxrepsol.com\/es\/"},{"@type":"ListItem","position":2,"name":"Las variables condiciones de la pista retrasan a M\u00e1rquez y Espargar\u00f3"}]},{"@type":"WebSite","@id":"https:\/\/www.boxrepsol.com\/es\/#website","url":"https:\/\/www.boxrepsol.com\/es\/","name":"Box Repsol","description":"Box Repsol Site","publisher":{"@id":"https:\/\/www.boxrepsol.com\/es\/#organization"},"potentialAction":[{"@type":"SearchAction","target":{"@type":"EntryPoint","urlTemplate":"https:\/\/www.boxrepsol.com\/es\/?s={search_term_string}"},"query-input":{"@type":"PropertyValueSpecification","valueRequired":true,"valueName":"search_term_string"}}],"inLanguage":"es"},{"@type":"Organization","@id":"https:\/\/www.boxrepsol.com\/es\/#organization","name":"Box Repsol","url":"https:\/\/www.boxrepsol.com\/es\/","logo":{"@type":"ImageObject","inLanguage":"es","@id":"https:\/\/www.boxrepsol.com\/es\/#\/schema\/logo\/image\/","url":"https:\/\/bxrepsol.s3.eu-west-1.amazonaws.com\/static\/2025\/07\/30083337\/favicon-96x96-1.png","contentUrl":"https:\/\/bxrepsol.s3.eu-west-1.amazonaws.com\/static\/2025\/07\/30083337\/favicon-96x96-1.png","width":96,"height":96,"caption":"Box Repsol"},"image":{"@id":"https:\/\/www.boxrepsol.com\/es\/#\/schema\/logo\/image\/"},"sameAs":["https:\/\/www.facebook.com\/BoxRepsol","https:\/\/x.com\/box_repsol","http:\/\/instagram.com\/box_repsol","https:\/\/www.youtube.com\/user\/RepsolCompeticion","https:\/\/www.flickr.com\/photos\/box_repsol\/"]},{"@type":"Person","@id":"https:\/\/www.boxrepsol.com\/es\/#\/schema\/person\/c5c2138f2cca251b0ad92b7086bb60b7","name":"Redacci\u00f3n Box Repsol","image":{"@type":"ImageObject","inLanguage":"es","@id":"https:\/\/secure.gravatar.com\/avatar\/adf7b77e38b4419baf32c7e9c21dde01f4e40df611f0978e3006fc4ba0aaab7e?s=96&d=mm&r=g","url":"https:\/\/secure.gravatar.com\/avatar\/adf7b77e38b4419baf32c7e9c21dde01f4e40df611f0978e3006fc4ba0aaab7e?s=96&d=mm&r=g","contentUrl":"https:\/\/secure.gravatar.com\/avatar\/adf7b77e38b4419baf32c7e9c21dde01f4e40df611f0978e3006fc4ba0aaab7e?s=96&d=mm&r=g","caption":"Redacci\u00f3n Box Repsol"},"description":"Box Repsol lo forma un equipo de periodistas, community managers, dise\u00f1adores y fot\u00f3grafos con m\u00e1s de 20 a\u00f1os de experiencia en el mundo del motorsport. Hemos vivido el primer mundial de un espa\u00f1ol en la categor\u00eda reina de motociclismo con \u00c1lex Crivill\u00e9, estuvimos en las victorias de Pedrosa y los t\u00edtulos de M\u00e1rquez, acompa\u00f1amos en \u00c1frica a Nani Roma y Marc Coma en sus conquistas del Dakar y hemos vibrado con los t\u00edtulos de Toni Bou en Trial. Adem\u00e1s, en nuestro equipo contamos con expertos en el mundo de las dos y cuatro ruedas tanto de la calle y las carreteras, como de los circuitos. Periodistas que han trabajado en revistas y publicaciones para hacerte llegar desde rutas y consejos de mantenimiento, a curiosidades y trucos de pilotaje.","sameAs":["https:\/\/www.facebook.com\/BoxRepsol\/","https:\/\/www.instagram.com\/box_repsol\/","https:\/\/x.com\/https:\/\/twitter.com\/box_repsol","https:\/\/www.youtube.com\/@Boxrepsol"],"url":"https:\/\/www.boxrepsol.com\/es\/author\/redaccion-box-repsol\/"}]}},"_links":{"self":[{"href":"https:\/\/www.boxrepsol.com\/es\/wp-json\/wp\/v2\/posts\/95279","targetHints":{"allow":["GET"]}}],"collection":[{"href":"https:\/\/www.boxrepsol.com\/es\/wp-json\/wp\/v2\/posts"}],"about":[{"href":"https:\/\/www.boxrepsol.com\/es\/wp-json\/wp\/v2\/types\/post"}],"author":[{"embeddable":true,"href":"https:\/\/www.boxrepsol.com\/es\/wp-json\/wp\/v2\/users\/43146"}],"replies":[{"embeddable":true,"href":"https:\/\/www.boxrepsol.com\/es\/wp-json\/wp\/v2\/comments?post=95279"}],"version-history":[{"count":1,"href":"https:\/\/www.boxrepsol.com\/es\/wp-json\/wp\/v2\/posts\/95279\/revisions"}],"predecessor-version":[{"id":109473,"href":"https:\/\/www.boxrepsol.com\/es\/wp-json\/wp\/v2\/posts\/95279\/revisions\/109473"}],"wp:featuredmedia":[{"embeddable":true,"href":"https:\/\/www.boxrepsol.com\/es\/wp-json\/wp\/v2\/media\/45409"}],"wp:attachment":[{"href":"https:\/\/www.boxrepsol.com\/es\/wp-json\/wp\/v2\/media?parent=95279"}],"wp:term":[{"taxonomy":"category","embeddable":true,"href":"https:\/\/www.boxrepsol.com\/es\/wp-json\/wp\/v2\/categories?post=95279"},{"taxonomy":"post_tag","embeddable":true,"href":"https:\/\/www.boxrepsol.com\/es\/wp-json\/wp\/v2\/tags?post=95279"}],"curies":[{"name":"wp","href":"https:\/\/api.w.org\/{rel}","templated":true}]}}