{"id":95278,"date":"2022-03-18T00:00:00","date_gmt":"2022-03-18T02:00:00","guid":{"rendered":"http:\/\/pre.boxrepsol.com\/sin-categorizar\/espargaro-y-marquez-prudentes-en-la-primera-toma-de-contacto-con-el-trazado-de-mandalika\/"},"modified":"2024-04-09T07:14:12","modified_gmt":"2024-04-09T09:14:12","slug":"espargaro-y-marquez-prudentes-en-la-primera-toma-de-contacto-con-el-trazado-de-mandalika","status":"publish","type":"post","link":"https:\/\/www.boxrepsol.com\/es\/motogp\/espargaro-y-marquez-prudentes-en-la-primera-toma-de-contacto-con-el-trazado-de-mandalika\/","title":{"rendered":"Espargar\u00f3 y M\u00e1rquez, prudentes en la primera toma de contacto con el trazado de Mandalika"},"content":{"rendered":"<p>La jornada ha empezado de forma positiva para el equipo <strong>Repsol Honda,<\/strong> ya que sus dos pilotos han finalizado el primer entrenamiento libre del Gran Premio entre los tres mejores. Por la tarde, los tiempos han bajado considerablemente, pero una ca\u00edda de Marc junto con los problemas con el freno delantero de Pol ha impedido que ambos pilotos aseguraran, provisionalmente, su paso directo a la Q2 de ma\u00f1ana.<\/p>\n<p><strong>Pol Espargar\u00f3,<\/strong> que ya fue el piloto m\u00e1s r\u00e1pido en este trazado durante los tests de la pretemporada, ha concluido la primera sesi\u00f3n del d\u00eda registrando el mejor tiempo. En el segundo entrenamiento libre de la jornada, el piloto del equipo Repsol Honda ha estado entre los cinco mejores tiempos durante gran parte de la sesi\u00f3n, hasta que a falta de 2 minutos para el final Pol ha tenido un problema con el freno delantero y s\u00f3lo ha podido registrar un mejor tiempo de 1 minuto, 32 segundos y 628 mil\u00e9simas, registro que lo ha retrasado hasta la decimonovena posici\u00f3n.<\/p>\n<p>Al otro lado del box, <strong>Marc M\u00e1rquez<\/strong> ha vivido una situaci\u00f3n similar a la de su compa\u00f1ero de equipo. Por la ma\u00f1ana, el piloto del equipo Repsol Honda ha finalizado la primera sesi\u00f3n registrando el tercer mejor tiempo y con buenas sensaciones. Pero por la tarde, durante la FP2, Marc ha sufrido una ca\u00edda sin consecuencias &#8211; cuando restaba un minuto para el final de la sesi\u00f3n &#8211; que no le ha permitido mejorar su tiempo. El ocho veces Campe\u00f3n del Mundo ha logrado un mejor crono de 1 minuto, 32 segundos y 847 mil\u00e9simas, dej\u00e1ndolo en la vigesimosegunda posici\u00f3n y de momento virtualmente fuera del pase directo a la Q2.<\/p>\n<h3>Declaraciones de los pilotos<\/h3>\n<p><a href=\"https:\/\/twitter.com\/hashtag\/MM93?src=hashtag_click\">#MM93<\/a><\/p>\n<p>\u00abHoy por la ma\u00f1ana hemos podido ir bastante bien, pero por la tarde hemos sufrido una ca\u00edda cuando no era el mejor momento. Esto puede suceder cuando est\u00e1s apretando para lograr una vuelta r\u00e1pida. Todav\u00eda tenemos que trabajar para decidir qu\u00e9 neum\u00e1tico ser\u00e1 el mejor para la carrera, ese ser\u00e1 el objetivo principal para ma\u00f1ana. Antes de la ca\u00edda estaba bien, pero tendremos que ver cu\u00e1l es la situaci\u00f3n ma\u00f1ana\u00bb.<\/p>\n<p><a href=\"https:\/\/twitter.com\/hashtag\/POL44?src=hashtag_click\">#POL44<\/a><\/p>\n<p>\u00abSi miramos el d\u00eda en general, es un buen d\u00eda. Hemos empezado bien con una primera posici\u00f3n por la ma\u00f1ana y luego por la tarde nuestra velocidad no ha sido tan mala. Hemos tenido un problema con el freno delantero durante nuestra sesi\u00f3n con el neum\u00e1tico blando, as\u00ed que no he podido mejorar como quer\u00eda, pero antes pod\u00edamos estar entre los cinco primeros. Hay potencial para estar entre los cinco primeros y, lamentablemente, este tipo de problemas pueden ocurrir, no nos preocupa. Lo importante es que logro un tiempo r\u00e1pido por vuelta cuando quiero; siento que puedo empujar y obtener el tiempo por vuelta que quiero. Ma\u00f1ana ser\u00e1 un nuevo d\u00eda; espero que por la ma\u00f1ana la pista est\u00e9 seca para que podamos pasar a la Q2, porque tengo el ritmo\u00bb.<\/p>\n","protected":false},"excerpt":{"rendered":"<p>Marc M\u00e1rquez y Pol Espargar\u00f3 han concluido hoy las dos primeras sesiones de entrenamientos libres del Gran Premio de Indonesia. En los tiempos combinados, Pol ha sido decimonoveno y Marc vig\u00e9simo segundo.<\/p>\n","protected":false},"author":43146,"featured_media":45394,"comment_status":"open","ping_status":"open","sticky":false,"template":"","format":"standard","meta":{"footnotes":""},"categories":[4],"tags":[120,6,204,128],"class_list":["post-95278","post","type-post","status-publish","format-standard","hentry","category-motogp","tag-120","tag-marc-marquez","tag-motogp-indonesia","tag-pol-espargaro"],"yoast_head":"<!-- This site is optimized with the Yoast SEO plugin v27.3 - https:\/\/yoast.com\/product\/yoast-seo-wordpress\/ -->\n<title>Espargar\u00f3 y M\u00e1rquez, prudentes en la primera toma de contacto con el trazado de Mandalika - Box Repsol<\/title>\n<meta name=\"description\" content=\"Prudencia en la primera toma de contacto con el trazado de Mandalika. Descubre c\u00f3mo los pilotos abordan el nuevo circuito.\" \/>\n<link rel=\"canonical\" href=\"https:\/\/www.boxrepsol.com\/es\/motogp\/espargaro-y-marquez-prudentes-en-la-primera-toma-de-contacto-con-el-trazado-de-mandalika\/\" \/>\n<meta property=\"og:locale\" content=\"es_ES\" \/>\n<meta property=\"og:type\" content=\"article\" \/>\n<meta property=\"og:title\" content=\"Espargar\u00f3 y M\u00e1rquez, prudentes en la primera toma de contacto con el trazado de Mandalika - Box Repsol\" \/>\n<meta property=\"og:description\" content=\"Prudencia en la primera toma de contacto con el trazado de Mandalika. Descubre c\u00f3mo los pilotos abordan el nuevo circuito.\" \/>\n<meta property=\"og:url\" content=\"https:\/\/www.boxrepsol.com\/es\/motogp\/espargaro-y-marquez-prudentes-en-la-primera-toma-de-contacto-con-el-trazado-de-mandalika\/\" \/>\n<meta property=\"og:site_name\" content=\"Box Repsol\" \/>\n<meta property=\"article:publisher\" content=\"https:\/\/www.facebook.com\/BoxRepsol\" \/>\n<meta property=\"article:author\" content=\"https:\/\/www.facebook.com\/BoxRepsol\/\" \/>\n<meta property=\"article:published_time\" content=\"2022-03-18T02:00:00+00:00\" \/>\n<meta property=\"article:modified_time\" content=\"2024-04-09T09:14:12+00:00\" \/>\n<meta property=\"og:image\" content=\"https:\/\/bxrepsol.s3.eu-west-1.amazonaws.com\/static\/2022\/08\/10040902\/http___repsolmedia.com_repsolmedia_wp-content_uploads_2022_03_Copy-of-RD2_Mandalika_Espargaro_2022-02231-scaled1.jpg\" \/>\n\t<meta property=\"og:image:width\" content=\"1280\" \/>\n\t<meta property=\"og:image:height\" content=\"600\" \/>\n\t<meta property=\"og:image:type\" content=\"image\/jpeg\" \/>\n<meta name=\"author\" content=\"Redacci\u00f3n Box Repsol\" \/>\n<meta name=\"twitter:card\" content=\"summary_large_image\" \/>\n<meta name=\"twitter:creator\" content=\"@https:\/\/twitter.com\/box_repsol\" \/>\n<meta name=\"twitter:site\" content=\"@box_repsol\" \/>\n<meta name=\"twitter:label1\" content=\"Written by\" \/>\n\t<meta name=\"twitter:data1\" content=\"Redacci\u00f3n Box Repsol\" \/>\n\t<meta name=\"twitter:label2\" content=\"Est. reading time\" \/>\n\t<meta name=\"twitter:data2\" content=\"3 minutos\" \/>\n<script type=\"application\/ld+json\" class=\"yoast-schema-graph\">{\"@context\":\"https:\\\/\\\/schema.org\",\"@graph\":[{\"@type\":\"Article\",\"@id\":\"https:\\\/\\\/www.boxrepsol.com\\\/es\\\/motogp\\\/espargaro-y-marquez-prudentes-en-la-primera-toma-de-contacto-con-el-trazado-de-mandalika\\\/#article\",\"isPartOf\":{\"@id\":\"https:\\\/\\\/www.boxrepsol.com\\\/es\\\/motogp\\\/espargaro-y-marquez-prudentes-en-la-primera-toma-de-contacto-con-el-trazado-de-mandalika\\\/\"},\"author\":{\"name\":\"Redacci\u00f3n Box Repsol\",\"@id\":\"https:\\\/\\\/www.boxrepsol.com\\\/es\\\/#\\\/schema\\\/person\\\/c5c2138f2cca251b0ad92b7086bb60b7\"},\"headline\":\"Espargar\u00f3 y M\u00e1rquez, prudentes en la primera toma de contacto con el trazado de Mandalika\",\"datePublished\":\"2022-03-18T02:00:00+00:00\",\"dateModified\":\"2024-04-09T09:14:12+00:00\",\"mainEntityOfPage\":{\"@id\":\"https:\\\/\\\/www.boxrepsol.com\\\/es\\\/motogp\\\/espargaro-y-marquez-prudentes-en-la-primera-toma-de-contacto-con-el-trazado-de-mandalika\\\/\"},\"wordCount\":539,\"commentCount\":0,\"publisher\":{\"@id\":\"https:\\\/\\\/www.boxrepsol.com\\\/es\\\/#organization\"},\"image\":{\"@id\":\"https:\\\/\\\/www.boxrepsol.com\\\/es\\\/motogp\\\/espargaro-y-marquez-prudentes-en-la-primera-toma-de-contacto-con-el-trazado-de-mandalika\\\/#primaryimage\"},\"thumbnailUrl\":\"https:\\\/\\\/bxrepsol.s3.eu-west-1.amazonaws.com\\\/static\\\/2022\\\/08\\\/10040902\\\/http___repsolmedia.com_repsolmedia_wp-content_uploads_2022_03_Copy-of-RD2_Mandalika_Espargaro_2022-02231-scaled1.jpg\",\"keywords\":[\"2022\",\"Marc M\u00e1rquez\",\"MotoGP Indonesia\",\"Pol Espargar\u00f3\"],\"articleSection\":[\"MotoGP\"],\"inLanguage\":\"es\",\"potentialAction\":[{\"@type\":\"CommentAction\",\"name\":\"Comment\",\"target\":[\"https:\\\/\\\/www.boxrepsol.com\\\/es\\\/motogp\\\/espargaro-y-marquez-prudentes-en-la-primera-toma-de-contacto-con-el-trazado-de-mandalika\\\/#respond\"]}]},{\"@type\":\"WebPage\",\"@id\":\"https:\\\/\\\/www.boxrepsol.com\\\/es\\\/motogp\\\/espargaro-y-marquez-prudentes-en-la-primera-toma-de-contacto-con-el-trazado-de-mandalika\\\/\",\"url\":\"https:\\\/\\\/www.boxrepsol.com\\\/es\\\/motogp\\\/espargaro-y-marquez-prudentes-en-la-primera-toma-de-contacto-con-el-trazado-de-mandalika\\\/\",\"name\":\"Espargar\u00f3 y M\u00e1rquez, prudentes en la primera toma de contacto con el trazado de Mandalika - Box Repsol\",\"isPartOf\":{\"@id\":\"https:\\\/\\\/www.boxrepsol.com\\\/es\\\/#website\"},\"primaryImageOfPage\":{\"@id\":\"https:\\\/\\\/www.boxrepsol.com\\\/es\\\/motogp\\\/espargaro-y-marquez-prudentes-en-la-primera-toma-de-contacto-con-el-trazado-de-mandalika\\\/#primaryimage\"},\"image\":{\"@id\":\"https:\\\/\\\/www.boxrepsol.com\\\/es\\\/motogp\\\/espargaro-y-marquez-prudentes-en-la-primera-toma-de-contacto-con-el-trazado-de-mandalika\\\/#primaryimage\"},\"thumbnailUrl\":\"https:\\\/\\\/bxrepsol.s3.eu-west-1.amazonaws.com\\\/static\\\/2022\\\/08\\\/10040902\\\/http___repsolmedia.com_repsolmedia_wp-content_uploads_2022_03_Copy-of-RD2_Mandalika_Espargaro_2022-02231-scaled1.jpg\",\"datePublished\":\"2022-03-18T02:00:00+00:00\",\"dateModified\":\"2024-04-09T09:14:12+00:00\",\"description\":\"Prudencia en la primera toma de contacto con el trazado de Mandalika. Descubre c\u00f3mo los pilotos abordan el nuevo circuito.\",\"breadcrumb\":{\"@id\":\"https:\\\/\\\/www.boxrepsol.com\\\/es\\\/motogp\\\/espargaro-y-marquez-prudentes-en-la-primera-toma-de-contacto-con-el-trazado-de-mandalika\\\/#breadcrumb\"},\"inLanguage\":\"es\",\"potentialAction\":[{\"@type\":\"ReadAction\",\"target\":[\"https:\\\/\\\/www.boxrepsol.com\\\/es\\\/motogp\\\/espargaro-y-marquez-prudentes-en-la-primera-toma-de-contacto-con-el-trazado-de-mandalika\\\/\"]}]},{\"@type\":\"ImageObject\",\"inLanguage\":\"es\",\"@id\":\"https:\\\/\\\/www.boxrepsol.com\\\/es\\\/motogp\\\/espargaro-y-marquez-prudentes-en-la-primera-toma-de-contacto-con-el-trazado-de-mandalika\\\/#primaryimage\",\"url\":\"https:\\\/\\\/bxrepsol.s3.eu-west-1.amazonaws.com\\\/static\\\/2022\\\/08\\\/10040902\\\/http___repsolmedia.com_repsolmedia_wp-content_uploads_2022_03_Copy-of-RD2_Mandalika_Espargaro_2022-02231-scaled1.jpg\",\"contentUrl\":\"https:\\\/\\\/bxrepsol.s3.eu-west-1.amazonaws.com\\\/static\\\/2022\\\/08\\\/10040902\\\/http___repsolmedia.com_repsolmedia_wp-content_uploads_2022_03_Copy-of-RD2_Mandalika_Espargaro_2022-02231-scaled1.jpg\",\"width\":1280,\"height\":600},{\"@type\":\"BreadcrumbList\",\"@id\":\"https:\\\/\\\/www.boxrepsol.com\\\/es\\\/motogp\\\/espargaro-y-marquez-prudentes-en-la-primera-toma-de-contacto-con-el-trazado-de-mandalika\\\/#breadcrumb\",\"itemListElement\":[{\"@type\":\"ListItem\",\"position\":1,\"name\":\"Home\",\"item\":\"https:\\\/\\\/www.boxrepsol.com\\\/es\\\/\"},{\"@type\":\"ListItem\",\"position\":2,\"name\":\"Espargar\u00f3 y M\u00e1rquez, prudentes en la primera toma de contacto con el trazado de Mandalika\"}]},{\"@type\":\"WebSite\",\"@id\":\"https:\\\/\\\/www.boxrepsol.com\\\/es\\\/#website\",\"url\":\"https:\\\/\\\/www.boxrepsol.com\\\/es\\\/\",\"name\":\"Box Repsol\",\"description\":\"Box Repsol Site\",\"publisher\":{\"@id\":\"https:\\\/\\\/www.boxrepsol.com\\\/es\\\/#organization\"},\"potentialAction\":[{\"@type\":\"SearchAction\",\"target\":{\"@type\":\"EntryPoint\",\"urlTemplate\":\"https:\\\/\\\/www.boxrepsol.com\\\/es\\\/?s={search_term_string}\"},\"query-input\":{\"@type\":\"PropertyValueSpecification\",\"valueRequired\":true,\"valueName\":\"search_term_string\"}}],\"inLanguage\":\"es\"},{\"@type\":\"Organization\",\"@id\":\"https:\\\/\\\/www.boxrepsol.com\\\/es\\\/#organization\",\"name\":\"Box Repsol\",\"url\":\"https:\\\/\\\/www.boxrepsol.com\\\/es\\\/\",\"logo\":{\"@type\":\"ImageObject\",\"inLanguage\":\"es\",\"@id\":\"https:\\\/\\\/www.boxrepsol.com\\\/es\\\/#\\\/schema\\\/logo\\\/image\\\/\",\"url\":\"https:\\\/\\\/bxrepsol.s3.eu-west-1.amazonaws.com\\\/static\\\/2025\\\/07\\\/30083337\\\/favicon-96x96-1.png\",\"contentUrl\":\"https:\\\/\\\/bxrepsol.s3.eu-west-1.amazonaws.com\\\/static\\\/2025\\\/07\\\/30083337\\\/favicon-96x96-1.png\",\"width\":96,\"height\":96,\"caption\":\"Box Repsol\"},\"image\":{\"@id\":\"https:\\\/\\\/www.boxrepsol.com\\\/es\\\/#\\\/schema\\\/logo\\\/image\\\/\"},\"sameAs\":[\"https:\\\/\\\/www.facebook.com\\\/BoxRepsol\",\"https:\\\/\\\/x.com\\\/box_repsol\",\"http:\\\/\\\/instagram.com\\\/box_repsol\",\"https:\\\/\\\/www.youtube.com\\\/user\\\/RepsolCompeticion\",\"https:\\\/\\\/www.flickr.com\\\/photos\\\/box_repsol\\\/\"]},{\"@type\":\"Person\",\"@id\":\"https:\\\/\\\/www.boxrepsol.com\\\/es\\\/#\\\/schema\\\/person\\\/c5c2138f2cca251b0ad92b7086bb60b7\",\"name\":\"Redacci\u00f3n Box Repsol\",\"image\":{\"@type\":\"ImageObject\",\"inLanguage\":\"es\",\"@id\":\"https:\\\/\\\/secure.gravatar.com\\\/avatar\\\/adf7b77e38b4419baf32c7e9c21dde01f4e40df611f0978e3006fc4ba0aaab7e?s=96&d=mm&r=g\",\"url\":\"https:\\\/\\\/secure.gravatar.com\\\/avatar\\\/adf7b77e38b4419baf32c7e9c21dde01f4e40df611f0978e3006fc4ba0aaab7e?s=96&d=mm&r=g\",\"contentUrl\":\"https:\\\/\\\/secure.gravatar.com\\\/avatar\\\/adf7b77e38b4419baf32c7e9c21dde01f4e40df611f0978e3006fc4ba0aaab7e?s=96&d=mm&r=g\",\"caption\":\"Redacci\u00f3n Box Repsol\"},\"description\":\"Box Repsol lo forma un equipo de periodistas, community managers, dise\u00f1adores y fot\u00f3grafos con m\u00e1s de 20 a\u00f1os de experiencia en el mundo del motorsport. Hemos vivido el primer mundial de un espa\u00f1ol en la categor\u00eda reina de motociclismo con \u00c1lex Crivill\u00e9, estuvimos en las victorias de Pedrosa y los t\u00edtulos de M\u00e1rquez, acompa\u00f1amos en \u00c1frica a Nani Roma y Marc Coma en sus conquistas del Dakar y hemos vibrado con los t\u00edtulos de Toni Bou en Trial. Adem\u00e1s, en nuestro equipo contamos con expertos en el mundo de las dos y cuatro ruedas tanto de la calle y las carreteras, como de los circuitos. Periodistas que han trabajado en revistas y publicaciones para hacerte llegar desde rutas y consejos de mantenimiento, a curiosidades y trucos de pilotaje.\",\"sameAs\":[\"https:\\\/\\\/www.facebook.com\\\/BoxRepsol\\\/\",\"https:\\\/\\\/www.instagram.com\\\/box_repsol\\\/\",\"https:\\\/\\\/x.com\\\/https:\\\/\\\/twitter.com\\\/box_repsol\",\"https:\\\/\\\/www.youtube.com\\\/@Boxrepsol\"],\"url\":\"https:\\\/\\\/www.boxrepsol.com\\\/es\\\/author\\\/redaccion-box-repsol\\\/\"}]}<\/script>\n<!-- \/ Yoast SEO plugin. -->","yoast_head_json":{"title":"Espargar\u00f3 y M\u00e1rquez, prudentes en la primera toma de contacto con el trazado de Mandalika - Box Repsol","description":"Prudencia en la primera toma de contacto con el trazado de Mandalika. Descubre c\u00f3mo los pilotos abordan el nuevo circuito.","canonical":"https:\/\/www.boxrepsol.com\/es\/motogp\/espargaro-y-marquez-prudentes-en-la-primera-toma-de-contacto-con-el-trazado-de-mandalika\/","og_locale":"es_ES","og_type":"article","og_title":"Espargar\u00f3 y M\u00e1rquez, prudentes en la primera toma de contacto con el trazado de Mandalika - Box Repsol","og_description":"Prudencia en la primera toma de contacto con el trazado de Mandalika. Descubre c\u00f3mo los pilotos abordan el nuevo circuito.","og_url":"https:\/\/www.boxrepsol.com\/es\/motogp\/espargaro-y-marquez-prudentes-en-la-primera-toma-de-contacto-con-el-trazado-de-mandalika\/","og_site_name":"Box Repsol","article_publisher":"https:\/\/www.facebook.com\/BoxRepsol","article_author":"https:\/\/www.facebook.com\/BoxRepsol\/","article_published_time":"2022-03-18T02:00:00+00:00","article_modified_time":"2024-04-09T09:14:12+00:00","og_image":[{"width":1280,"height":600,"url":"https:\/\/bxrepsol.s3.eu-west-1.amazonaws.com\/static\/2022\/08\/10040902\/http___repsolmedia.com_repsolmedia_wp-content_uploads_2022_03_Copy-of-RD2_Mandalika_Espargaro_2022-02231-scaled1.jpg","type":"image\/jpeg"}],"author":"Redacci\u00f3n Box Repsol","twitter_card":"summary_large_image","twitter_creator":"@https:\/\/twitter.com\/box_repsol","twitter_site":"@box_repsol","twitter_misc":{"Written by":"Redacci\u00f3n Box Repsol","Est. reading time":"3 minutos"},"schema":{"@context":"https:\/\/schema.org","@graph":[{"@type":"Article","@id":"https:\/\/www.boxrepsol.com\/es\/motogp\/espargaro-y-marquez-prudentes-en-la-primera-toma-de-contacto-con-el-trazado-de-mandalika\/#article","isPartOf":{"@id":"https:\/\/www.boxrepsol.com\/es\/motogp\/espargaro-y-marquez-prudentes-en-la-primera-toma-de-contacto-con-el-trazado-de-mandalika\/"},"author":{"name":"Redacci\u00f3n Box Repsol","@id":"https:\/\/www.boxrepsol.com\/es\/#\/schema\/person\/c5c2138f2cca251b0ad92b7086bb60b7"},"headline":"Espargar\u00f3 y M\u00e1rquez, prudentes en la primera toma de contacto con el trazado de Mandalika","datePublished":"2022-03-18T02:00:00+00:00","dateModified":"2024-04-09T09:14:12+00:00","mainEntityOfPage":{"@id":"https:\/\/www.boxrepsol.com\/es\/motogp\/espargaro-y-marquez-prudentes-en-la-primera-toma-de-contacto-con-el-trazado-de-mandalika\/"},"wordCount":539,"commentCount":0,"publisher":{"@id":"https:\/\/www.boxrepsol.com\/es\/#organization"},"image":{"@id":"https:\/\/www.boxrepsol.com\/es\/motogp\/espargaro-y-marquez-prudentes-en-la-primera-toma-de-contacto-con-el-trazado-de-mandalika\/#primaryimage"},"thumbnailUrl":"https:\/\/bxrepsol.s3.eu-west-1.amazonaws.com\/static\/2022\/08\/10040902\/http___repsolmedia.com_repsolmedia_wp-content_uploads_2022_03_Copy-of-RD2_Mandalika_Espargaro_2022-02231-scaled1.jpg","keywords":["2022","Marc M\u00e1rquez","MotoGP Indonesia","Pol Espargar\u00f3"],"articleSection":["MotoGP"],"inLanguage":"es","potentialAction":[{"@type":"CommentAction","name":"Comment","target":["https:\/\/www.boxrepsol.com\/es\/motogp\/espargaro-y-marquez-prudentes-en-la-primera-toma-de-contacto-con-el-trazado-de-mandalika\/#respond"]}]},{"@type":"WebPage","@id":"https:\/\/www.boxrepsol.com\/es\/motogp\/espargaro-y-marquez-prudentes-en-la-primera-toma-de-contacto-con-el-trazado-de-mandalika\/","url":"https:\/\/www.boxrepsol.com\/es\/motogp\/espargaro-y-marquez-prudentes-en-la-primera-toma-de-contacto-con-el-trazado-de-mandalika\/","name":"Espargar\u00f3 y M\u00e1rquez, prudentes en la primera toma de contacto con el trazado de Mandalika - Box Repsol","isPartOf":{"@id":"https:\/\/www.boxrepsol.com\/es\/#website"},"primaryImageOfPage":{"@id":"https:\/\/www.boxrepsol.com\/es\/motogp\/espargaro-y-marquez-prudentes-en-la-primera-toma-de-contacto-con-el-trazado-de-mandalika\/#primaryimage"},"image":{"@id":"https:\/\/www.boxrepsol.com\/es\/motogp\/espargaro-y-marquez-prudentes-en-la-primera-toma-de-contacto-con-el-trazado-de-mandalika\/#primaryimage"},"thumbnailUrl":"https:\/\/bxrepsol.s3.eu-west-1.amazonaws.com\/static\/2022\/08\/10040902\/http___repsolmedia.com_repsolmedia_wp-content_uploads_2022_03_Copy-of-RD2_Mandalika_Espargaro_2022-02231-scaled1.jpg","datePublished":"2022-03-18T02:00:00+00:00","dateModified":"2024-04-09T09:14:12+00:00","description":"Prudencia en la primera toma de contacto con el trazado de Mandalika. Descubre c\u00f3mo los pilotos abordan el nuevo circuito.","breadcrumb":{"@id":"https:\/\/www.boxrepsol.com\/es\/motogp\/espargaro-y-marquez-prudentes-en-la-primera-toma-de-contacto-con-el-trazado-de-mandalika\/#breadcrumb"},"inLanguage":"es","potentialAction":[{"@type":"ReadAction","target":["https:\/\/www.boxrepsol.com\/es\/motogp\/espargaro-y-marquez-prudentes-en-la-primera-toma-de-contacto-con-el-trazado-de-mandalika\/"]}]},{"@type":"ImageObject","inLanguage":"es","@id":"https:\/\/www.boxrepsol.com\/es\/motogp\/espargaro-y-marquez-prudentes-en-la-primera-toma-de-contacto-con-el-trazado-de-mandalika\/#primaryimage","url":"https:\/\/bxrepsol.s3.eu-west-1.amazonaws.com\/static\/2022\/08\/10040902\/http___repsolmedia.com_repsolmedia_wp-content_uploads_2022_03_Copy-of-RD2_Mandalika_Espargaro_2022-02231-scaled1.jpg","contentUrl":"https:\/\/bxrepsol.s3.eu-west-1.amazonaws.com\/static\/2022\/08\/10040902\/http___repsolmedia.com_repsolmedia_wp-content_uploads_2022_03_Copy-of-RD2_Mandalika_Espargaro_2022-02231-scaled1.jpg","width":1280,"height":600},{"@type":"BreadcrumbList","@id":"https:\/\/www.boxrepsol.com\/es\/motogp\/espargaro-y-marquez-prudentes-en-la-primera-toma-de-contacto-con-el-trazado-de-mandalika\/#breadcrumb","itemListElement":[{"@type":"ListItem","position":1,"name":"Home","item":"https:\/\/www.boxrepsol.com\/es\/"},{"@type":"ListItem","position":2,"name":"Espargar\u00f3 y M\u00e1rquez, prudentes en la primera toma de contacto con el trazado de Mandalika"}]},{"@type":"WebSite","@id":"https:\/\/www.boxrepsol.com\/es\/#website","url":"https:\/\/www.boxrepsol.com\/es\/","name":"Box Repsol","description":"Box Repsol Site","publisher":{"@id":"https:\/\/www.boxrepsol.com\/es\/#organization"},"potentialAction":[{"@type":"SearchAction","target":{"@type":"EntryPoint","urlTemplate":"https:\/\/www.boxrepsol.com\/es\/?s={search_term_string}"},"query-input":{"@type":"PropertyValueSpecification","valueRequired":true,"valueName":"search_term_string"}}],"inLanguage":"es"},{"@type":"Organization","@id":"https:\/\/www.boxrepsol.com\/es\/#organization","name":"Box Repsol","url":"https:\/\/www.boxrepsol.com\/es\/","logo":{"@type":"ImageObject","inLanguage":"es","@id":"https:\/\/www.boxrepsol.com\/es\/#\/schema\/logo\/image\/","url":"https:\/\/bxrepsol.s3.eu-west-1.amazonaws.com\/static\/2025\/07\/30083337\/favicon-96x96-1.png","contentUrl":"https:\/\/bxrepsol.s3.eu-west-1.amazonaws.com\/static\/2025\/07\/30083337\/favicon-96x96-1.png","width":96,"height":96,"caption":"Box Repsol"},"image":{"@id":"https:\/\/www.boxrepsol.com\/es\/#\/schema\/logo\/image\/"},"sameAs":["https:\/\/www.facebook.com\/BoxRepsol","https:\/\/x.com\/box_repsol","http:\/\/instagram.com\/box_repsol","https:\/\/www.youtube.com\/user\/RepsolCompeticion","https:\/\/www.flickr.com\/photos\/box_repsol\/"]},{"@type":"Person","@id":"https:\/\/www.boxrepsol.com\/es\/#\/schema\/person\/c5c2138f2cca251b0ad92b7086bb60b7","name":"Redacci\u00f3n Box Repsol","image":{"@type":"ImageObject","inLanguage":"es","@id":"https:\/\/secure.gravatar.com\/avatar\/adf7b77e38b4419baf32c7e9c21dde01f4e40df611f0978e3006fc4ba0aaab7e?s=96&d=mm&r=g","url":"https:\/\/secure.gravatar.com\/avatar\/adf7b77e38b4419baf32c7e9c21dde01f4e40df611f0978e3006fc4ba0aaab7e?s=96&d=mm&r=g","contentUrl":"https:\/\/secure.gravatar.com\/avatar\/adf7b77e38b4419baf32c7e9c21dde01f4e40df611f0978e3006fc4ba0aaab7e?s=96&d=mm&r=g","caption":"Redacci\u00f3n Box Repsol"},"description":"Box Repsol lo forma un equipo de periodistas, community managers, dise\u00f1adores y fot\u00f3grafos con m\u00e1s de 20 a\u00f1os de experiencia en el mundo del motorsport. Hemos vivido el primer mundial de un espa\u00f1ol en la categor\u00eda reina de motociclismo con \u00c1lex Crivill\u00e9, estuvimos en las victorias de Pedrosa y los t\u00edtulos de M\u00e1rquez, acompa\u00f1amos en \u00c1frica a Nani Roma y Marc Coma en sus conquistas del Dakar y hemos vibrado con los t\u00edtulos de Toni Bou en Trial. Adem\u00e1s, en nuestro equipo contamos con expertos en el mundo de las dos y cuatro ruedas tanto de la calle y las carreteras, como de los circuitos. Periodistas que han trabajado en revistas y publicaciones para hacerte llegar desde rutas y consejos de mantenimiento, a curiosidades y trucos de pilotaje.","sameAs":["https:\/\/www.facebook.com\/BoxRepsol\/","https:\/\/www.instagram.com\/box_repsol\/","https:\/\/x.com\/https:\/\/twitter.com\/box_repsol","https:\/\/www.youtube.com\/@Boxrepsol"],"url":"https:\/\/www.boxrepsol.com\/es\/author\/redaccion-box-repsol\/"}]}},"_links":{"self":[{"href":"https:\/\/www.boxrepsol.com\/es\/wp-json\/wp\/v2\/posts\/95278","targetHints":{"allow":["GET"]}}],"collection":[{"href":"https:\/\/www.boxrepsol.com\/es\/wp-json\/wp\/v2\/posts"}],"about":[{"href":"https:\/\/www.boxrepsol.com\/es\/wp-json\/wp\/v2\/types\/post"}],"author":[{"embeddable":true,"href":"https:\/\/www.boxrepsol.com\/es\/wp-json\/wp\/v2\/users\/43146"}],"replies":[{"embeddable":true,"href":"https:\/\/www.boxrepsol.com\/es\/wp-json\/wp\/v2\/comments?post=95278"}],"version-history":[{"count":1,"href":"https:\/\/www.boxrepsol.com\/es\/wp-json\/wp\/v2\/posts\/95278\/revisions"}],"predecessor-version":[{"id":109474,"href":"https:\/\/www.boxrepsol.com\/es\/wp-json\/wp\/v2\/posts\/95278\/revisions\/109474"}],"wp:featuredmedia":[{"embeddable":true,"href":"https:\/\/www.boxrepsol.com\/es\/wp-json\/wp\/v2\/media\/45394"}],"wp:attachment":[{"href":"https:\/\/www.boxrepsol.com\/es\/wp-json\/wp\/v2\/media?parent=95278"}],"wp:term":[{"taxonomy":"category","embeddable":true,"href":"https:\/\/www.boxrepsol.com\/es\/wp-json\/wp\/v2\/categories?post=95278"},{"taxonomy":"post_tag","embeddable":true,"href":"https:\/\/www.boxrepsol.com\/es\/wp-json\/wp\/v2\/tags?post=95278"}],"curies":[{"name":"wp","href":"https:\/\/api.w.org\/{rel}","templated":true}]}}