{"id":95268,"date":"2022-03-09T00:00:00","date_gmt":"2022-03-09T02:00:00","guid":{"rendered":"http:\/\/pre.boxrepsol.com\/sin-categorizar\/me-encanta-lo-hago-la-clave-la-motivacion\/"},"modified":"2024-04-09T07:15:31","modified_gmt":"2024-04-09T09:15:31","slug":"me-encanta-lo-hago-la-clave-la-motivacion","status":"publish","type":"post","link":"https:\/\/www.boxrepsol.com\/es\/trial\/me-encanta-lo-hago-la-clave-la-motivacion\/","title":{"rendered":"\u00abMe encanta lo que hago y eso es la clave de la motivaci\u00f3n\u00bb"},"content":{"rendered":"<p>Toni Bou se ha colgado las 30 medallas de sus 30 t\u00edtulos de Campe\u00f3n del Mundo para analizar c\u00f3mo encara el inicio de un nuevo Mundial. Ser\u00e1 en Niza, la primera de las seis pruebas puntuables del certamen bajo techo en el que lleva reinando desde 2007. En los \u00faltimos 15 a\u00f1os, el piloto del equipo Repsol Honda no ha dejado de sumar r\u00e9cords y llega a la prueba francesa en plena forma.<\/p>\n<p><strong>Te hemos visto en las redes sociales que has incorporado tanto la bicicleta como motocross a tus entrenamientos. \u00bfAlguna raz\u00f3n especial ya te ha llevado a ello? <\/strong><\/p>\n<p>\u00abLa verdad es que siempre lo he practicado y hoy en d\u00eda sigue siendo as\u00ed. Con las redes sociales he aprovechado para poder ense\u00f1ar un poco m\u00e1s c\u00f3mo son mis entrenamientos, pero toda la vida lo he ido practicando. Dependiendo de la \u00e9poca voy un poco m\u00e1s bici que en moto, o viceversa. La bici el\u00e9ctrica es un complemento muy bueno para para entrenar y el enduro es un poco m\u00e1s peligroso, as\u00ed que intento practicarlo un poco m\u00e1s fuera del calendario del Mundial\u00bb.<\/p>\n<p><strong>\u00bfTienes pensamientos obsesivos con el n\u00famero\u00a031, el 32&#8230;?<\/strong><\/p>\n<p><strong>\u00ab<\/strong>Para nada. Ya hemos conseguido mucho m\u00e1s de lo que nos pens\u00e1bamos. Si que es verdad que al llegar el treinta y poder conseguirlo en un campeonato corto de Andorra y Barcelona, s\u00ed que fue mucha presi\u00f3n. Pero no creo que se pueda repetir otra situaci\u00f3n tan bonita para nosotros como fue conseguir el t\u00edtulo n\u00famero treinta en el Palau Sant Jordi. Vamos cerrando etapas de cosas incre\u00edbles, que es una pasada haberlas vivido, pero por otra parte tambi\u00e9n nos quitan presi\u00f3n de ahora en adelante\u00bb.<\/p>\n<p><strong>Un cambio importante en tu estructura para esta temporada. Fuji ha pasado de ser de tu compa\u00f1ero a tu jefe de equipo. \u00bfC\u00f3mo le ves en su nuevo rol? <\/strong><\/p>\n<p><strong>\u00ab<\/strong>Estoy muy contento. Evidentemente es su primer a\u00f1o y apenas lleva dos meses. Hay que ir poco a poco, pero tiene muchas ganas. Tenemos muy buena relaci\u00f3n y eso va a ayudar, adem\u00e1s creo que es un equipo muy potente. Lo veo como algo muy bueno y creo que ser\u00e1 positivo para el equipo\u00bb.<\/p>\n<p><strong>En un a\u00f1o de cambios estrenas tambi\u00e9n compa\u00f1ero de equipo \u00bfqu\u00e9 nos puede decir de Gabriel Marcelli?<\/strong><\/p>\n<p>\u00abCon Gabri tenemos relaci\u00f3n desde hace a\u00f1os, porque no estaba dentro del equipo oficial, pero s\u00ed en el equipo sat\u00e9lite, con Montesa Honda. Es un piloto con una proyecci\u00f3n muy buena. F\u00edsicamente es muy potente, trabaja mucho. Tiene todas las cosas para llegar y creo que tambi\u00e9n se lo merece. Esta temporada, para \u00e9l ser\u00e1 muy importante\u00bb.<\/p>\n<p><strong>Hablemos de motivaci\u00f3n, que es sin duda uno de tus puntos fuertes durante todos estos a\u00f1os de con tantos \u00e9xitos, \u00bfsigue esta motivaci\u00f3n intacta 15 a\u00f1os despu\u00e9s?<\/strong><\/p>\n<p>\u00abIntacta, es muy dif\u00edcil porque son muchos a\u00f1os y pasan muchas cosas, pero este a\u00f1o empiezo f\u00edsicamente muy bien y eso es lo principal. Vamos a ver si llegamos perfectos a la primera carrera, pero pinta muy bien. Como siempre digo, me encanta lo que hago y eso es la clave de la motivaci\u00f3n, que el d\u00eda a d\u00eda no me cueste y que vaya con ganas a las carreras\u00bb.<\/p>\n<p><strong>\u00bfHay m\u00e1s nervios en la primera carrera de la temporada o en la \u00faltima? <\/strong><\/p>\n<p>\u00abDepende de lo que te juegues. La primera siempre es una carrera con muchos nervios, pero la \u00faltima puede ser clave para la temporada. Al final, todo lo que hemos competido nos ha ense\u00f1ado c\u00f3mo hacerlo. Sabemos que estar\u00a0muy nerviosos no ayuda a conseguir los objetivos, as\u00ed que espero controlar los nervios\u00bb.<\/p>\n<p><strong>Despu\u00e9s de los 15 t\u00edtulos y toda la repercusi\u00f3n en medios de tus \u00e9xitos estos a\u00f1os, \u00bfte reconocen mucho por la calle? <\/strong><\/p>\n<p>\u00abEvidentemente que te conocen mucho m\u00e1s, pero no deja de ser un deporte minoritario. Si hubiera conseguido esto en otra modalidad, pues ser\u00eda otra cosa. En mi caso siempre digo que es a la perfecci\u00f3n, porque la gente te conoce, te reconoce lo que haces, sin llegar a agobiar, que creo que es lo que puede llegar a molestar a algunos deportistas a los que realmente las masas no les dejan vivir\u00bb.<\/p>\n<p>&nbsp;<\/p>\n<h2><em>\u00abSiempre intento disfrutar al cien por cien, tanto encima de la moto, como con la familia, con los amigos, con todo\u00bb.<\/em><\/h2>\n<p>&nbsp;<\/p>\n<p><strong>\u00bfCrees que el trial est\u00e1 en un buen momento, que tiene buena salud? <\/strong><\/p>\n<p>\u00abEs complicado. Los \u00faltimos a\u00f1os, con el COVID, ha sido un golpe fuerte para todos. Es momento de intentar hacer que este deporte crezca. A ver si ahora, con el nuevo promotor, con la FIM, que tiene muchas ganas de seguir mejorando, intentan aprovechar este baj\u00f3n del COVID que ha sido para todos, para todas las disciplinas, para intentar recolocar las cosas que fallan e intentar mejorar\u00bb.<\/p>\n<p><strong>\u00bfViene una buena cantera detr\u00e1s tuyo?<\/strong><\/p>\n<p>\u00abViene una buena cantidad de pilotos j\u00f3venes, fuertes, con muchas ganas\u2026 Es muy dif\u00edcil decir realmente cu\u00e1ntos llegar\u00e1n, pero hay muchos que apuntan muy bien y eso es positivo para nuestro deporte\u00bb.<\/p>\n<p><strong>\u00bfQu\u00e9 sueles hacer al d\u00eda siguiente de una carrera?<\/strong><\/p>\n<p>\u00abEl d\u00eda siguiente a una carrera acostumbra a ser un d\u00eda de descanso, a no ser que tengas un calendario muy apretado y que no tengas tiempo para preparar la siguiente carrera. Normalmente es un d\u00eda para reflexionar de todo lo que ha pasado, sea bueno o sea malo, e intentar mejorar. Y tambi\u00e9n para refrescarte, descansar\u00bb.<\/p>\n<p><strong>\u00bfY un d\u00eda en la vida de Toni Bou fuera de la competici\u00f3n? <\/strong><\/p>\n<p>\u00abFuera de la competici\u00f3n intento estar con mis amigos, pasarlo bien\u2026 Haga lo que haga, estar con los m\u00edos, que con el COVID nos hemos acostumbrado a no vernos mucho. Pero lo normal era estar m\u00e1s fuera de casa y aprovechar estos momentos disfrutando de la pareja y de una vida normal\u00bb.<\/p>\n<p><strong>Si pudieras definir el d\u00eda a d\u00eda de tu vida en tantos por ciento, \u00bfcu\u00e1nto ser\u00eda de trial, personal, disfrute, relax&#8230;?<\/strong><\/p>\n<p><strong>\u00ab<\/strong>Desconecto poco, pero cuando desconecto s\u00e9 desconectar bien. M\u00e1s de un 50% lo ocupa siempre este deporte. Despu\u00e9s, te dir\u00eda un 10 o un 15 lo dedico a la familia, porque es algo muy importante, con los amigos m\u00e1s o menos lo mismo, y ya est\u00e1, el resto relax. Eso s\u00ed, siempre intento disfrutar al cien por cien, tanto encima de la moto, como con la familia, con los amigos, con todo\u00bb.<\/p>\n","protected":false},"excerpt":{"rendered":"<p>El 30 veces Campe\u00f3n del Mundo de Trial empieza este viernes la decimosexta temporada en el equipo Repsol Honda, con la primera cita del Mundial de X-Trial.<\/p>\n","protected":false},"author":43146,"featured_media":45304,"comment_status":"open","ping_status":"open","sticky":false,"template":"","format":"standard","meta":{"footnotes":""},"categories":[23],"tags":[120,130,21],"class_list":["post-95268","post","type-post","status-publish","format-standard","hentry","category-trial","tag-120","tag-otros-eventos-y-competiciones","tag-toni-bou"],"yoast_head":"<!-- This site is optimized with the Yoast SEO plugin v27.3 - https:\/\/yoast.com\/product\/yoast-seo-wordpress\/ -->\n<title>&quot;Me encanta lo que hago y eso es la clave de la motivaci\u00f3n&quot; - Box Repsol<\/title>\n<link rel=\"canonical\" href=\"https:\/\/www.boxrepsol.com\/es\/trial\/me-encanta-lo-hago-la-clave-la-motivacion\/\" \/>\n<meta property=\"og:locale\" content=\"es_ES\" \/>\n<meta property=\"og:type\" content=\"article\" \/>\n<meta property=\"og:title\" content=\"&quot;Me encanta lo que hago y eso es la clave de la motivaci\u00f3n&quot; - Box Repsol\" \/>\n<meta property=\"og:description\" content=\"El 30 veces Campe\u00f3n del Mundo de Trial empieza este viernes la decimosexta temporada en el equipo Repsol Honda, con la primera cita del Mundial de X-Trial.\" \/>\n<meta property=\"og:url\" content=\"https:\/\/www.boxrepsol.com\/es\/trial\/me-encanta-lo-hago-la-clave-la-motivacion\/\" \/>\n<meta property=\"og:site_name\" content=\"Box Repsol\" \/>\n<meta property=\"article:publisher\" content=\"https:\/\/www.facebook.com\/BoxRepsol\" \/>\n<meta property=\"article:author\" content=\"https:\/\/www.facebook.com\/BoxRepsol\/\" \/>\n<meta property=\"article:published_time\" content=\"2022-03-09T02:00:00+00:00\" \/>\n<meta property=\"article:modified_time\" content=\"2024-04-09T09:15:31+00:00\" \/>\n<meta property=\"og:image\" content=\"https:\/\/bxrepsol.s3.eu-west-1.amazonaws.com\/static\/2022\/08\/10040613\/web1.jpg\" \/>\n\t<meta property=\"og:image:width\" content=\"1280\" \/>\n\t<meta property=\"og:image:height\" content=\"600\" \/>\n\t<meta property=\"og:image:type\" content=\"image\/jpeg\" \/>\n<meta name=\"author\" content=\"Redacci\u00f3n Box Repsol\" \/>\n<meta name=\"twitter:card\" content=\"summary_large_image\" \/>\n<meta name=\"twitter:creator\" content=\"@https:\/\/twitter.com\/box_repsol\" \/>\n<meta name=\"twitter:site\" content=\"@box_repsol\" \/>\n<meta name=\"twitter:label1\" content=\"Written by\" \/>\n\t<meta name=\"twitter:data1\" content=\"Redacci\u00f3n Box Repsol\" \/>\n\t<meta name=\"twitter:label2\" content=\"Est. reading time\" \/>\n\t<meta name=\"twitter:data2\" content=\"6 minutos\" \/>\n<script type=\"application\/ld+json\" class=\"yoast-schema-graph\">{\"@context\":\"https:\\\/\\\/schema.org\",\"@graph\":[{\"@type\":\"Article\",\"@id\":\"https:\\\/\\\/www.boxrepsol.com\\\/es\\\/trial\\\/me-encanta-lo-hago-la-clave-la-motivacion\\\/#article\",\"isPartOf\":{\"@id\":\"https:\\\/\\\/www.boxrepsol.com\\\/es\\\/trial\\\/me-encanta-lo-hago-la-clave-la-motivacion\\\/\"},\"author\":{\"name\":\"Redacci\u00f3n Box Repsol\",\"@id\":\"https:\\\/\\\/www.boxrepsol.com\\\/es\\\/#\\\/schema\\\/person\\\/c5c2138f2cca251b0ad92b7086bb60b7\"},\"headline\":\"\u00abMe encanta lo que hago y eso es la clave de la motivaci\u00f3n\u00bb\",\"datePublished\":\"2022-03-09T02:00:00+00:00\",\"dateModified\":\"2024-04-09T09:15:31+00:00\",\"mainEntityOfPage\":{\"@id\":\"https:\\\/\\\/www.boxrepsol.com\\\/es\\\/trial\\\/me-encanta-lo-hago-la-clave-la-motivacion\\\/\"},\"wordCount\":1147,\"commentCount\":0,\"publisher\":{\"@id\":\"https:\\\/\\\/www.boxrepsol.com\\\/es\\\/#organization\"},\"image\":{\"@id\":\"https:\\\/\\\/www.boxrepsol.com\\\/es\\\/trial\\\/me-encanta-lo-hago-la-clave-la-motivacion\\\/#primaryimage\"},\"thumbnailUrl\":\"https:\\\/\\\/bxrepsol.s3.eu-west-1.amazonaws.com\\\/static\\\/2022\\\/08\\\/10040613\\\/web1.jpg\",\"keywords\":[\"2022\",\"otros eventos y competiciones\",\"Toni Bou\"],\"articleSection\":[\"Trial\"],\"inLanguage\":\"es\",\"potentialAction\":[{\"@type\":\"CommentAction\",\"name\":\"Comment\",\"target\":[\"https:\\\/\\\/www.boxrepsol.com\\\/es\\\/trial\\\/me-encanta-lo-hago-la-clave-la-motivacion\\\/#respond\"]}]},{\"@type\":\"WebPage\",\"@id\":\"https:\\\/\\\/www.boxrepsol.com\\\/es\\\/trial\\\/me-encanta-lo-hago-la-clave-la-motivacion\\\/\",\"url\":\"https:\\\/\\\/www.boxrepsol.com\\\/es\\\/trial\\\/me-encanta-lo-hago-la-clave-la-motivacion\\\/\",\"name\":\"\\\"Me encanta lo que hago y eso es la clave de la motivaci\u00f3n\\\" - Box Repsol\",\"isPartOf\":{\"@id\":\"https:\\\/\\\/www.boxrepsol.com\\\/es\\\/#website\"},\"primaryImageOfPage\":{\"@id\":\"https:\\\/\\\/www.boxrepsol.com\\\/es\\\/trial\\\/me-encanta-lo-hago-la-clave-la-motivacion\\\/#primaryimage\"},\"image\":{\"@id\":\"https:\\\/\\\/www.boxrepsol.com\\\/es\\\/trial\\\/me-encanta-lo-hago-la-clave-la-motivacion\\\/#primaryimage\"},\"thumbnailUrl\":\"https:\\\/\\\/bxrepsol.s3.eu-west-1.amazonaws.com\\\/static\\\/2022\\\/08\\\/10040613\\\/web1.jpg\",\"datePublished\":\"2022-03-09T02:00:00+00:00\",\"dateModified\":\"2024-04-09T09:15:31+00:00\",\"breadcrumb\":{\"@id\":\"https:\\\/\\\/www.boxrepsol.com\\\/es\\\/trial\\\/me-encanta-lo-hago-la-clave-la-motivacion\\\/#breadcrumb\"},\"inLanguage\":\"es\",\"potentialAction\":[{\"@type\":\"ReadAction\",\"target\":[\"https:\\\/\\\/www.boxrepsol.com\\\/es\\\/trial\\\/me-encanta-lo-hago-la-clave-la-motivacion\\\/\"]}]},{\"@type\":\"ImageObject\",\"inLanguage\":\"es\",\"@id\":\"https:\\\/\\\/www.boxrepsol.com\\\/es\\\/trial\\\/me-encanta-lo-hago-la-clave-la-motivacion\\\/#primaryimage\",\"url\":\"https:\\\/\\\/bxrepsol.s3.eu-west-1.amazonaws.com\\\/static\\\/2022\\\/08\\\/10040613\\\/web1.jpg\",\"contentUrl\":\"https:\\\/\\\/bxrepsol.s3.eu-west-1.amazonaws.com\\\/static\\\/2022\\\/08\\\/10040613\\\/web1.jpg\",\"width\":1280,\"height\":600},{\"@type\":\"BreadcrumbList\",\"@id\":\"https:\\\/\\\/www.boxrepsol.com\\\/es\\\/trial\\\/me-encanta-lo-hago-la-clave-la-motivacion\\\/#breadcrumb\",\"itemListElement\":[{\"@type\":\"ListItem\",\"position\":1,\"name\":\"Home\",\"item\":\"https:\\\/\\\/www.boxrepsol.com\\\/es\\\/\"},{\"@type\":\"ListItem\",\"position\":2,\"name\":\"\u00abMe encanta lo que hago y eso es la clave de la motivaci\u00f3n\u00bb\"}]},{\"@type\":\"WebSite\",\"@id\":\"https:\\\/\\\/www.boxrepsol.com\\\/es\\\/#website\",\"url\":\"https:\\\/\\\/www.boxrepsol.com\\\/es\\\/\",\"name\":\"Box Repsol\",\"description\":\"Box Repsol Site\",\"publisher\":{\"@id\":\"https:\\\/\\\/www.boxrepsol.com\\\/es\\\/#organization\"},\"potentialAction\":[{\"@type\":\"SearchAction\",\"target\":{\"@type\":\"EntryPoint\",\"urlTemplate\":\"https:\\\/\\\/www.boxrepsol.com\\\/es\\\/?s={search_term_string}\"},\"query-input\":{\"@type\":\"PropertyValueSpecification\",\"valueRequired\":true,\"valueName\":\"search_term_string\"}}],\"inLanguage\":\"es\"},{\"@type\":\"Organization\",\"@id\":\"https:\\\/\\\/www.boxrepsol.com\\\/es\\\/#organization\",\"name\":\"Box Repsol\",\"url\":\"https:\\\/\\\/www.boxrepsol.com\\\/es\\\/\",\"logo\":{\"@type\":\"ImageObject\",\"inLanguage\":\"es\",\"@id\":\"https:\\\/\\\/www.boxrepsol.com\\\/es\\\/#\\\/schema\\\/logo\\\/image\\\/\",\"url\":\"https:\\\/\\\/bxrepsol.s3.eu-west-1.amazonaws.com\\\/static\\\/2025\\\/07\\\/30083337\\\/favicon-96x96-1.png\",\"contentUrl\":\"https:\\\/\\\/bxrepsol.s3.eu-west-1.amazonaws.com\\\/static\\\/2025\\\/07\\\/30083337\\\/favicon-96x96-1.png\",\"width\":96,\"height\":96,\"caption\":\"Box Repsol\"},\"image\":{\"@id\":\"https:\\\/\\\/www.boxrepsol.com\\\/es\\\/#\\\/schema\\\/logo\\\/image\\\/\"},\"sameAs\":[\"https:\\\/\\\/www.facebook.com\\\/BoxRepsol\",\"https:\\\/\\\/x.com\\\/box_repsol\",\"http:\\\/\\\/instagram.com\\\/box_repsol\",\"https:\\\/\\\/www.youtube.com\\\/user\\\/RepsolCompeticion\",\"https:\\\/\\\/www.flickr.com\\\/photos\\\/box_repsol\\\/\"]},{\"@type\":\"Person\",\"@id\":\"https:\\\/\\\/www.boxrepsol.com\\\/es\\\/#\\\/schema\\\/person\\\/c5c2138f2cca251b0ad92b7086bb60b7\",\"name\":\"Redacci\u00f3n Box Repsol\",\"image\":{\"@type\":\"ImageObject\",\"inLanguage\":\"es\",\"@id\":\"https:\\\/\\\/secure.gravatar.com\\\/avatar\\\/adf7b77e38b4419baf32c7e9c21dde01f4e40df611f0978e3006fc4ba0aaab7e?s=96&d=mm&r=g\",\"url\":\"https:\\\/\\\/secure.gravatar.com\\\/avatar\\\/adf7b77e38b4419baf32c7e9c21dde01f4e40df611f0978e3006fc4ba0aaab7e?s=96&d=mm&r=g\",\"contentUrl\":\"https:\\\/\\\/secure.gravatar.com\\\/avatar\\\/adf7b77e38b4419baf32c7e9c21dde01f4e40df611f0978e3006fc4ba0aaab7e?s=96&d=mm&r=g\",\"caption\":\"Redacci\u00f3n Box Repsol\"},\"description\":\"Box Repsol lo forma un equipo de periodistas, community managers, dise\u00f1adores y fot\u00f3grafos con m\u00e1s de 20 a\u00f1os de experiencia en el mundo del motorsport. Hemos vivido el primer mundial de un espa\u00f1ol en la categor\u00eda reina de motociclismo con \u00c1lex Crivill\u00e9, estuvimos en las victorias de Pedrosa y los t\u00edtulos de M\u00e1rquez, acompa\u00f1amos en \u00c1frica a Nani Roma y Marc Coma en sus conquistas del Dakar y hemos vibrado con los t\u00edtulos de Toni Bou en Trial. Adem\u00e1s, en nuestro equipo contamos con expertos en el mundo de las dos y cuatro ruedas tanto de la calle y las carreteras, como de los circuitos. Periodistas que han trabajado en revistas y publicaciones para hacerte llegar desde rutas y consejos de mantenimiento, a curiosidades y trucos de pilotaje.\",\"sameAs\":[\"https:\\\/\\\/www.facebook.com\\\/BoxRepsol\\\/\",\"https:\\\/\\\/www.instagram.com\\\/box_repsol\\\/\",\"https:\\\/\\\/x.com\\\/https:\\\/\\\/twitter.com\\\/box_repsol\",\"https:\\\/\\\/www.youtube.com\\\/@Boxrepsol\"],\"url\":\"https:\\\/\\\/www.boxrepsol.com\\\/es\\\/author\\\/redaccion-box-repsol\\\/\"}]}<\/script>\n<!-- \/ Yoast SEO plugin. -->","yoast_head_json":{"title":"\"Me encanta lo que hago y eso es la clave de la motivaci\u00f3n\" - Box Repsol","canonical":"https:\/\/www.boxrepsol.com\/es\/trial\/me-encanta-lo-hago-la-clave-la-motivacion\/","og_locale":"es_ES","og_type":"article","og_title":"\"Me encanta lo que hago y eso es la clave de la motivaci\u00f3n\" - Box Repsol","og_description":"El 30 veces Campe\u00f3n del Mundo de Trial empieza este viernes la decimosexta temporada en el equipo Repsol Honda, con la primera cita del Mundial de X-Trial.","og_url":"https:\/\/www.boxrepsol.com\/es\/trial\/me-encanta-lo-hago-la-clave-la-motivacion\/","og_site_name":"Box Repsol","article_publisher":"https:\/\/www.facebook.com\/BoxRepsol","article_author":"https:\/\/www.facebook.com\/BoxRepsol\/","article_published_time":"2022-03-09T02:00:00+00:00","article_modified_time":"2024-04-09T09:15:31+00:00","og_image":[{"width":1280,"height":600,"url":"https:\/\/bxrepsol.s3.eu-west-1.amazonaws.com\/static\/2022\/08\/10040613\/web1.jpg","type":"image\/jpeg"}],"author":"Redacci\u00f3n Box Repsol","twitter_card":"summary_large_image","twitter_creator":"@https:\/\/twitter.com\/box_repsol","twitter_site":"@box_repsol","twitter_misc":{"Written by":"Redacci\u00f3n Box Repsol","Est. reading time":"6 minutos"},"schema":{"@context":"https:\/\/schema.org","@graph":[{"@type":"Article","@id":"https:\/\/www.boxrepsol.com\/es\/trial\/me-encanta-lo-hago-la-clave-la-motivacion\/#article","isPartOf":{"@id":"https:\/\/www.boxrepsol.com\/es\/trial\/me-encanta-lo-hago-la-clave-la-motivacion\/"},"author":{"name":"Redacci\u00f3n Box Repsol","@id":"https:\/\/www.boxrepsol.com\/es\/#\/schema\/person\/c5c2138f2cca251b0ad92b7086bb60b7"},"headline":"\u00abMe encanta lo que hago y eso es la clave de la motivaci\u00f3n\u00bb","datePublished":"2022-03-09T02:00:00+00:00","dateModified":"2024-04-09T09:15:31+00:00","mainEntityOfPage":{"@id":"https:\/\/www.boxrepsol.com\/es\/trial\/me-encanta-lo-hago-la-clave-la-motivacion\/"},"wordCount":1147,"commentCount":0,"publisher":{"@id":"https:\/\/www.boxrepsol.com\/es\/#organization"},"image":{"@id":"https:\/\/www.boxrepsol.com\/es\/trial\/me-encanta-lo-hago-la-clave-la-motivacion\/#primaryimage"},"thumbnailUrl":"https:\/\/bxrepsol.s3.eu-west-1.amazonaws.com\/static\/2022\/08\/10040613\/web1.jpg","keywords":["2022","otros eventos y competiciones","Toni Bou"],"articleSection":["Trial"],"inLanguage":"es","potentialAction":[{"@type":"CommentAction","name":"Comment","target":["https:\/\/www.boxrepsol.com\/es\/trial\/me-encanta-lo-hago-la-clave-la-motivacion\/#respond"]}]},{"@type":"WebPage","@id":"https:\/\/www.boxrepsol.com\/es\/trial\/me-encanta-lo-hago-la-clave-la-motivacion\/","url":"https:\/\/www.boxrepsol.com\/es\/trial\/me-encanta-lo-hago-la-clave-la-motivacion\/","name":"\"Me encanta lo que hago y eso es la clave de la motivaci\u00f3n\" - Box Repsol","isPartOf":{"@id":"https:\/\/www.boxrepsol.com\/es\/#website"},"primaryImageOfPage":{"@id":"https:\/\/www.boxrepsol.com\/es\/trial\/me-encanta-lo-hago-la-clave-la-motivacion\/#primaryimage"},"image":{"@id":"https:\/\/www.boxrepsol.com\/es\/trial\/me-encanta-lo-hago-la-clave-la-motivacion\/#primaryimage"},"thumbnailUrl":"https:\/\/bxrepsol.s3.eu-west-1.amazonaws.com\/static\/2022\/08\/10040613\/web1.jpg","datePublished":"2022-03-09T02:00:00+00:00","dateModified":"2024-04-09T09:15:31+00:00","breadcrumb":{"@id":"https:\/\/www.boxrepsol.com\/es\/trial\/me-encanta-lo-hago-la-clave-la-motivacion\/#breadcrumb"},"inLanguage":"es","potentialAction":[{"@type":"ReadAction","target":["https:\/\/www.boxrepsol.com\/es\/trial\/me-encanta-lo-hago-la-clave-la-motivacion\/"]}]},{"@type":"ImageObject","inLanguage":"es","@id":"https:\/\/www.boxrepsol.com\/es\/trial\/me-encanta-lo-hago-la-clave-la-motivacion\/#primaryimage","url":"https:\/\/bxrepsol.s3.eu-west-1.amazonaws.com\/static\/2022\/08\/10040613\/web1.jpg","contentUrl":"https:\/\/bxrepsol.s3.eu-west-1.amazonaws.com\/static\/2022\/08\/10040613\/web1.jpg","width":1280,"height":600},{"@type":"BreadcrumbList","@id":"https:\/\/www.boxrepsol.com\/es\/trial\/me-encanta-lo-hago-la-clave-la-motivacion\/#breadcrumb","itemListElement":[{"@type":"ListItem","position":1,"name":"Home","item":"https:\/\/www.boxrepsol.com\/es\/"},{"@type":"ListItem","position":2,"name":"\u00abMe encanta lo que hago y eso es la clave de la motivaci\u00f3n\u00bb"}]},{"@type":"WebSite","@id":"https:\/\/www.boxrepsol.com\/es\/#website","url":"https:\/\/www.boxrepsol.com\/es\/","name":"Box Repsol","description":"Box Repsol Site","publisher":{"@id":"https:\/\/www.boxrepsol.com\/es\/#organization"},"potentialAction":[{"@type":"SearchAction","target":{"@type":"EntryPoint","urlTemplate":"https:\/\/www.boxrepsol.com\/es\/?s={search_term_string}"},"query-input":{"@type":"PropertyValueSpecification","valueRequired":true,"valueName":"search_term_string"}}],"inLanguage":"es"},{"@type":"Organization","@id":"https:\/\/www.boxrepsol.com\/es\/#organization","name":"Box Repsol","url":"https:\/\/www.boxrepsol.com\/es\/","logo":{"@type":"ImageObject","inLanguage":"es","@id":"https:\/\/www.boxrepsol.com\/es\/#\/schema\/logo\/image\/","url":"https:\/\/bxrepsol.s3.eu-west-1.amazonaws.com\/static\/2025\/07\/30083337\/favicon-96x96-1.png","contentUrl":"https:\/\/bxrepsol.s3.eu-west-1.amazonaws.com\/static\/2025\/07\/30083337\/favicon-96x96-1.png","width":96,"height":96,"caption":"Box Repsol"},"image":{"@id":"https:\/\/www.boxrepsol.com\/es\/#\/schema\/logo\/image\/"},"sameAs":["https:\/\/www.facebook.com\/BoxRepsol","https:\/\/x.com\/box_repsol","http:\/\/instagram.com\/box_repsol","https:\/\/www.youtube.com\/user\/RepsolCompeticion","https:\/\/www.flickr.com\/photos\/box_repsol\/"]},{"@type":"Person","@id":"https:\/\/www.boxrepsol.com\/es\/#\/schema\/person\/c5c2138f2cca251b0ad92b7086bb60b7","name":"Redacci\u00f3n Box Repsol","image":{"@type":"ImageObject","inLanguage":"es","@id":"https:\/\/secure.gravatar.com\/avatar\/adf7b77e38b4419baf32c7e9c21dde01f4e40df611f0978e3006fc4ba0aaab7e?s=96&d=mm&r=g","url":"https:\/\/secure.gravatar.com\/avatar\/adf7b77e38b4419baf32c7e9c21dde01f4e40df611f0978e3006fc4ba0aaab7e?s=96&d=mm&r=g","contentUrl":"https:\/\/secure.gravatar.com\/avatar\/adf7b77e38b4419baf32c7e9c21dde01f4e40df611f0978e3006fc4ba0aaab7e?s=96&d=mm&r=g","caption":"Redacci\u00f3n Box Repsol"},"description":"Box Repsol lo forma un equipo de periodistas, community managers, dise\u00f1adores y fot\u00f3grafos con m\u00e1s de 20 a\u00f1os de experiencia en el mundo del motorsport. Hemos vivido el primer mundial de un espa\u00f1ol en la categor\u00eda reina de motociclismo con \u00c1lex Crivill\u00e9, estuvimos en las victorias de Pedrosa y los t\u00edtulos de M\u00e1rquez, acompa\u00f1amos en \u00c1frica a Nani Roma y Marc Coma en sus conquistas del Dakar y hemos vibrado con los t\u00edtulos de Toni Bou en Trial. Adem\u00e1s, en nuestro equipo contamos con expertos en el mundo de las dos y cuatro ruedas tanto de la calle y las carreteras, como de los circuitos. Periodistas que han trabajado en revistas y publicaciones para hacerte llegar desde rutas y consejos de mantenimiento, a curiosidades y trucos de pilotaje.","sameAs":["https:\/\/www.facebook.com\/BoxRepsol\/","https:\/\/www.instagram.com\/box_repsol\/","https:\/\/x.com\/https:\/\/twitter.com\/box_repsol","https:\/\/www.youtube.com\/@Boxrepsol"],"url":"https:\/\/www.boxrepsol.com\/es\/author\/redaccion-box-repsol\/"}]}},"_links":{"self":[{"href":"https:\/\/www.boxrepsol.com\/es\/wp-json\/wp\/v2\/posts\/95268","targetHints":{"allow":["GET"]}}],"collection":[{"href":"https:\/\/www.boxrepsol.com\/es\/wp-json\/wp\/v2\/posts"}],"about":[{"href":"https:\/\/www.boxrepsol.com\/es\/wp-json\/wp\/v2\/types\/post"}],"author":[{"embeddable":true,"href":"https:\/\/www.boxrepsol.com\/es\/wp-json\/wp\/v2\/users\/43146"}],"replies":[{"embeddable":true,"href":"https:\/\/www.boxrepsol.com\/es\/wp-json\/wp\/v2\/comments?post=95268"}],"version-history":[{"count":1,"href":"https:\/\/www.boxrepsol.com\/es\/wp-json\/wp\/v2\/posts\/95268\/revisions"}],"predecessor-version":[{"id":114675,"href":"https:\/\/www.boxrepsol.com\/es\/wp-json\/wp\/v2\/posts\/95268\/revisions\/114675"}],"wp:featuredmedia":[{"embeddable":true,"href":"https:\/\/www.boxrepsol.com\/es\/wp-json\/wp\/v2\/media\/45304"}],"wp:attachment":[{"href":"https:\/\/www.boxrepsol.com\/es\/wp-json\/wp\/v2\/media?parent=95268"}],"wp:term":[{"taxonomy":"category","embeddable":true,"href":"https:\/\/www.boxrepsol.com\/es\/wp-json\/wp\/v2\/categories?post=95268"},{"taxonomy":"post_tag","embeddable":true,"href":"https:\/\/www.boxrepsol.com\/es\/wp-json\/wp\/v2\/tags?post=95268"}],"curies":[{"name":"wp","href":"https:\/\/api.w.org\/{rel}","templated":true}]}}