{"id":95266,"date":"2022-03-08T00:00:00","date_gmt":"2022-03-08T02:00:00","guid":{"rendered":"http:\/\/pre.boxrepsol.com\/sin-categorizar\/el-equipo-repsol-honda-de-trial-preparado-para-la-temporada-2022\/"},"modified":"2024-04-09T07:15:54","modified_gmt":"2024-04-09T09:15:54","slug":"el-equipo-repsol-honda-de-trial-preparado-para-la-temporada-2022","status":"publish","type":"post","link":"https:\/\/www.boxrepsol.com\/es\/trial\/el-equipo-repsol-honda-de-trial-preparado-para-la-temporada-2022\/","title":{"rendered":"El equipo Repsol Honda de Trial, preparado para la temporada 2022"},"content":{"rendered":"<p>Esta semana empieza el <strong>Campeonato del Mundo X-Trial<\/strong> y lo har\u00e1 en la localidad de Niza. El trabajo del <strong>equipo Repsol Honda<\/strong> en la pretemporada ha sido muy intenso pero fruct\u00edfero, y tanto la moto como el equipo est\u00e1n ya en condiciones de exprimirse a fondo en las diferentes competiciones que les esperan.<\/p>\n<p><strong>Toni Bou<\/strong> llega de nuevo como defensor del t\u00edtulo -15 en su palmar\u00e9s total- y con el objetivo de seguir sumando victorias en la modalidad indoor -69 en total- para aumentar un \u00fanico e hist\u00f3rico palmar\u00e9s.<\/p>\n<p>A su lado competir\u00e1 el reci\u00e9n llegado <strong>Gabriel Marcelli<\/strong>, un joven de 22 a\u00f1os reci\u00e9n cumplidos. El campe\u00f3n del Mundo de Trial2 en 2019 fue el piloto revelaci\u00f3n en la m\u00e1xima categor\u00eda en la temporada 2020 y concluy\u00f3 el a\u00f1o pasado en gran forma, siendo tercero en el campeonato de Espa\u00f1a y cuarto en el Mundial X-Trial, cerrando el campeonato con una segunda plaza en el Palau Sant Jordi de Barcelona.<\/p>\n<p>Al frente de la direcci\u00f3n del equipo se estrenar\u00e1 <strong>Takahisa Fujinami<\/strong>. Tras su dilatada y exitosa carrera como piloto y despu\u00e9s de colgar las botas al finalizar el pasado Mundial 2021, el japon\u00e9s es el nuevo responsable del equipo. Su experiencia ser\u00e1 sin duda un factor a favor en la gesti\u00f3n del Repsol Honda.<\/p>\n<p>La temporada 2022 arranca esta misma semana con la disputa de la primera prueba del Mundial X-Trial en Niza, Francia. El certamen indoor cuenta con un total de seis eventos, tres en Francia (Niza, Chalon-sur-Sa\u00f4ne y una tercera ciudad a\u00fan sin confirmar), dos en Espa\u00f1a: Madrid y Barcelona y otra carrera en Andorra.<\/p>\n<p>El reglamento de X-Trial ha sufrido algunos cambios para este 2022 y uno de los m\u00e1s importantes concierne a la participaci\u00f3n: se prima la globalidad en detrimento de la calidad. As\u00ed, Gabriel Marcelli -cuarto clasificado en la pasada temporada- s\u00f3lo podr\u00e1 participar como invitado en alguna de las carreras.<\/p>\n<p>Cada evento se distribuye en tres fases: Round 1, Round 2 y Final. En la primera participan los 8 pilotos y, tras ella, dos quedan eliminados. La final la disputar\u00e1n los tres mejores de las dos primeras fases. Para la clasificaci\u00f3n del campeonato, adem\u00e1s de los puntos para la posici\u00f3n final, los vencedores de cada Round sumar\u00e1n un punto extra a su casillero.<\/p>\n<p>                    <a\n                        href=\"https:\/\/bxrepsol.s3.eu-west-1.amazonaws.com\/static\/2022\/08\/05084745\/RHT22_ToniBou-GabrielMarcelli_02734_ps-scaled.jpg\"\n                        data-index=\"0\"\n                    ><br \/>\n                        <img decoding=\"async\"\n                            src=\"https:\/\/bxrepsol.s3.eu-west-1.amazonaws.com\/static\/2022\/08\/05084745\/RHT22_ToniBou-GabrielMarcelli_02734_ps-scaled.jpg\"\n                            srcset=\"https:\/\/bxrepsol.s3.eu-west-1.amazonaws.com\/static\/2022\/08\/05084745\/RHT22_ToniBou-GabrielMarcelli_02734_ps-scaled.jpg 3333w, https:\/\/bxrepsol.s3.eu-west-1.amazonaws.com\/static\/2022\/08\/05084745\/RHT22_ToniBou-GabrielMarcelli_02734_ps-scaled.jpg 1280w, https:\/\/bxrepsol.s3.eu-west-1.amazonaws.com\/static\/2022\/08\/05084745\/RHT22_ToniBou-GabrielMarcelli_02734_ps-scaled.jpg 900w, https:\/\/bxrepsol.s3.eu-west-1.amazonaws.com\/static\/2022\/08\/05084745\/RHT22_ToniBou-GabrielMarcelli_02734_ps-scaled.jpg 600w, https:\/\/bxrepsol.s3.eu-west-1.amazonaws.com\/static\/2022\/08\/05084745\/RHT22_ToniBou-GabrielMarcelli_02734_ps-scaled.jpg 480w, https:\/\/bxrepsol.s3.eu-west-1.amazonaws.com\/static\/2022\/08\/05084745\/RHT22_ToniBou-GabrielMarcelli_02734_ps-scaled.jpg 32w\"\n                            title=\"RHT22_ToniBou-GabrielMarcelli_02734_ps\"\n                            alt=\"\"\n                            data-title=\"\"><br \/>\n                    <\/a><br \/>\n                    <a\n                        href=\"https:\/\/bxrepsol.s3.eu-west-1.amazonaws.com\/static\/2022\/08\/05084752\/RHT22_ToniBou-GabrielMarcelli_02434_ps-scaled.jpg\"\n                        data-index=\"1\"\n                    ><br \/>\n                        <img decoding=\"async\"\n                            src=\"https:\/\/bxrepsol.s3.eu-west-1.amazonaws.com\/static\/2022\/08\/05084752\/RHT22_ToniBou-GabrielMarcelli_02434_ps-scaled.jpg\"\n                            srcset=\"https:\/\/bxrepsol.s3.eu-west-1.amazonaws.com\/static\/2022\/08\/05084752\/RHT22_ToniBou-GabrielMarcelli_02434_ps-scaled.jpg 5000w, https:\/\/bxrepsol.s3.eu-west-1.amazonaws.com\/static\/2022\/08\/05084752\/RHT22_ToniBou-GabrielMarcelli_02434_ps-scaled.jpg 1280w, https:\/\/bxrepsol.s3.eu-west-1.amazonaws.com\/static\/2022\/08\/05084752\/RHT22_ToniBou-GabrielMarcelli_02434_ps-scaled.jpg 900w, https:\/\/bxrepsol.s3.eu-west-1.amazonaws.com\/static\/2022\/08\/05084752\/RHT22_ToniBou-GabrielMarcelli_02434_ps-scaled.jpg 600w, https:\/\/bxrepsol.s3.eu-west-1.amazonaws.com\/static\/2022\/08\/05084752\/RHT22_ToniBou-GabrielMarcelli_02434_ps-scaled.jpg 480w, https:\/\/bxrepsol.s3.eu-west-1.amazonaws.com\/static\/2022\/08\/05084752\/RHT22_ToniBou-GabrielMarcelli_02434_ps-scaled.jpg 32w\"\n                            title=\"RHT22_ToniBou-GabrielMarcelli_02434_ps\"\n                            alt=\"\"\n                            data-title=\"\"><br \/>\n                    <\/a><br \/>\n                    <a\n                        href=\"https:\/\/bxrepsol.s3.eu-west-1.amazonaws.com\/static\/2022\/08\/05084758\/RHT22_ToniBou_02771_ps-scaled.jpg\"\n                        data-index=\"2\"\n                    ><br \/>\n                        <img decoding=\"async\"\n                            src=\"https:\/\/bxrepsol.s3.eu-west-1.amazonaws.com\/static\/2022\/08\/05084758\/RHT22_ToniBou_02771_ps-scaled.jpg\"\n                            srcset=\"https:\/\/bxrepsol.s3.eu-west-1.amazonaws.com\/static\/2022\/08\/05084758\/RHT22_ToniBou_02771_ps-scaled.jpg 5000w, https:\/\/bxrepsol.s3.eu-west-1.amazonaws.com\/static\/2022\/08\/05084758\/RHT22_ToniBou_02771_ps-scaled.jpg 1280w, https:\/\/bxrepsol.s3.eu-west-1.amazonaws.com\/static\/2022\/08\/05084758\/RHT22_ToniBou_02771_ps-scaled.jpg 900w, https:\/\/bxrepsol.s3.eu-west-1.amazonaws.com\/static\/2022\/08\/05084758\/RHT22_ToniBou_02771_ps-scaled.jpg 600w, https:\/\/bxrepsol.s3.eu-west-1.amazonaws.com\/static\/2022\/08\/05084758\/RHT22_ToniBou_02771_ps-scaled.jpg 480w, https:\/\/bxrepsol.s3.eu-west-1.amazonaws.com\/static\/2022\/08\/05084758\/RHT22_ToniBou_02771_ps-scaled.jpg 32w\"\n                            title=\"RHT22_ToniBou_02771_ps\"\n                            alt=\"\"\n                            data-title=\"\"><br \/>\n                    <\/a><br \/>\n                    <a\n                        href=\"https:\/\/bxrepsol.s3.eu-west-1.amazonaws.com\/static\/2022\/08\/05084804\/RHT22_ToniBou_02705_ps-scaled.jpg\"\n                        data-index=\"3\"\n                    ><br \/>\n                        <img decoding=\"async\"\n                            src=\"https:\/\/bxrepsol.s3.eu-west-1.amazonaws.com\/static\/2022\/08\/05084804\/RHT22_ToniBou_02705_ps-scaled.jpg\"\n                            srcset=\"https:\/\/bxrepsol.s3.eu-west-1.amazonaws.com\/static\/2022\/08\/05084804\/RHT22_ToniBou_02705_ps-scaled.jpg 3333w, https:\/\/bxrepsol.s3.eu-west-1.amazonaws.com\/static\/2022\/08\/05084804\/RHT22_ToniBou_02705_ps-scaled.jpg 1280w, https:\/\/bxrepsol.s3.eu-west-1.amazonaws.com\/static\/2022\/08\/05084804\/RHT22_ToniBou_02705_ps-scaled.jpg 900w, https:\/\/bxrepsol.s3.eu-west-1.amazonaws.com\/static\/2022\/08\/05084804\/RHT22_ToniBou_02705_ps-scaled.jpg 600w, https:\/\/bxrepsol.s3.eu-west-1.amazonaws.com\/static\/2022\/08\/05084804\/RHT22_ToniBou_02705_ps-scaled.jpg 480w, https:\/\/bxrepsol.s3.eu-west-1.amazonaws.com\/static\/2022\/08\/05084804\/RHT22_ToniBou_02705_ps-scaled.jpg 32w\"\n                            title=\"RHT22_ToniBou_02705_ps\"\n                            alt=\"\"\n                            data-title=\"\"><br \/>\n                    <\/a><br \/>\n                    <a\n                        href=\"https:\/\/bxrepsol.s3.eu-west-1.amazonaws.com\/static\/2022\/08\/05084810\/RHT22_Montesa-Cota-4RT_02384_ps-scaled.jpg\"\n                        data-index=\"4\"\n                    ><br \/>\n                        <img decoding=\"async\"\n                            src=\"https:\/\/bxrepsol.s3.eu-west-1.amazonaws.com\/static\/2022\/08\/05084810\/RHT22_Montesa-Cota-4RT_02384_ps-scaled.jpg\"\n                            srcset=\"https:\/\/bxrepsol.s3.eu-west-1.amazonaws.com\/static\/2022\/08\/05084810\/RHT22_Montesa-Cota-4RT_02384_ps-scaled.jpg 5000w, https:\/\/bxrepsol.s3.eu-west-1.amazonaws.com\/static\/2022\/08\/05084810\/RHT22_Montesa-Cota-4RT_02384_ps-scaled.jpg 1280w, https:\/\/bxrepsol.s3.eu-west-1.amazonaws.com\/static\/2022\/08\/05084810\/RHT22_Montesa-Cota-4RT_02384_ps-scaled.jpg 900w, https:\/\/bxrepsol.s3.eu-west-1.amazonaws.com\/static\/2022\/08\/05084810\/RHT22_Montesa-Cota-4RT_02384_ps-scaled.jpg 600w, https:\/\/bxrepsol.s3.eu-west-1.amazonaws.com\/static\/2022\/08\/05084810\/RHT22_Montesa-Cota-4RT_02384_ps-scaled.jpg 480w, https:\/\/bxrepsol.s3.eu-west-1.amazonaws.com\/static\/2022\/08\/05084810\/RHT22_Montesa-Cota-4RT_02384_ps-scaled.jpg 32w\"\n                            title=\"RHT22_Montesa-Cota-4RT_02384_ps\"\n                            alt=\"\"\n                            data-title=\"\"><br \/>\n                    <\/a><br \/>\n                    <a\n                        href=\"https:\/\/bxrepsol.s3.eu-west-1.amazonaws.com\/static\/2022\/08\/05084816\/RHT22_GabrielMarcelli_02805_ps-scaled.jpg\"\n                        data-index=\"5\"\n                    ><br \/>\n                        <img decoding=\"async\"\n                            src=\"https:\/\/bxrepsol.s3.eu-west-1.amazonaws.com\/static\/2022\/08\/05084816\/RHT22_GabrielMarcelli_02805_ps-scaled.jpg\"\n                            srcset=\"https:\/\/bxrepsol.s3.eu-west-1.amazonaws.com\/static\/2022\/08\/05084816\/RHT22_GabrielMarcelli_02805_ps-scaled.jpg 5000w, https:\/\/bxrepsol.s3.eu-west-1.amazonaws.com\/static\/2022\/08\/05084816\/RHT22_GabrielMarcelli_02805_ps-scaled.jpg 1280w, https:\/\/bxrepsol.s3.eu-west-1.amazonaws.com\/static\/2022\/08\/05084816\/RHT22_GabrielMarcelli_02805_ps-scaled.jpg 900w, https:\/\/bxrepsol.s3.eu-west-1.amazonaws.com\/static\/2022\/08\/05084816\/RHT22_GabrielMarcelli_02805_ps-scaled.jpg 600w, https:\/\/bxrepsol.s3.eu-west-1.amazonaws.com\/static\/2022\/08\/05084816\/RHT22_GabrielMarcelli_02805_ps-scaled.jpg 480w, https:\/\/bxrepsol.s3.eu-west-1.amazonaws.com\/static\/2022\/08\/05084816\/RHT22_GabrielMarcelli_02805_ps-scaled.jpg 32w\"\n                            title=\"RHT22_GabrielMarcelli_02805_ps\"\n                            alt=\"\"\n                            data-title=\"\"><br \/>\n                    <\/a><br \/>\n                    <a\n                        href=\"https:\/\/bxrepsol.s3.eu-west-1.amazonaws.com\/static\/2022\/08\/05084821\/RHT22_GabrielMarcelli_02685_ps-scaled.jpg\"\n                        data-index=\"6\"\n                    ><br \/>\n                        <img decoding=\"async\"\n                            src=\"https:\/\/bxrepsol.s3.eu-west-1.amazonaws.com\/static\/2022\/08\/05084821\/RHT22_GabrielMarcelli_02685_ps-scaled.jpg\"\n                            srcset=\"https:\/\/bxrepsol.s3.eu-west-1.amazonaws.com\/static\/2022\/08\/05084821\/RHT22_GabrielMarcelli_02685_ps-scaled.jpg 3333w, https:\/\/bxrepsol.s3.eu-west-1.amazonaws.com\/static\/2022\/08\/05084821\/RHT22_GabrielMarcelli_02685_ps-scaled.jpg 1280w, https:\/\/bxrepsol.s3.eu-west-1.amazonaws.com\/static\/2022\/08\/05084821\/RHT22_GabrielMarcelli_02685_ps-scaled.jpg 900w, https:\/\/bxrepsol.s3.eu-west-1.amazonaws.com\/static\/2022\/08\/05084821\/RHT22_GabrielMarcelli_02685_ps-scaled.jpg 600w, https:\/\/bxrepsol.s3.eu-west-1.amazonaws.com\/static\/2022\/08\/05084821\/RHT22_GabrielMarcelli_02685_ps-scaled.jpg 480w, https:\/\/bxrepsol.s3.eu-west-1.amazonaws.com\/static\/2022\/08\/05084821\/RHT22_GabrielMarcelli_02685_ps-scaled.jpg 32w\"\n                            title=\"RHT22_GabrielMarcelli_02685_ps\"\n                            alt=\"\"\n                            data-title=\"\"><br \/>\n                    <\/a><br \/>\n        <button data-glide-dir=\"<\"><br \/>\n            <svg role=\"img\"  viewBox=\"0 0 256 512\">\n                <path fill=\"currentColor\" d=\"M238.475 475.535l7.071-7.07c4.686-4.686 4.686-12.284 0-16.971L50.053 256 245.546 60.506c4.686-4.686 4.686-12.284 0-16.971l-7.071-7.07c-4.686-4.686-12.284-4.686-16.97 0L10.454 247.515c-4.686 4.686-4.686 12.284 0 16.971l211.051 211.05c4.686 4.686 12.284 4.686 16.97-.001z\"><\/path>\n            <\/svg><br \/>\n        <\/button><br \/>\n        <button data-glide-dir=\">\u00ab><br \/>\n            <svg role=\"img\"  viewBox=\"0 0 256 512\">\n                <path fill=\"currentColor\" d=\"M17.525 36.465l-7.071 7.07c-4.686 4.686-4.686 12.284 0 16.971L205.947 256 10.454 451.494c-4.686 4.686-4.686 12.284 0 16.971l7.071 7.07c4.686 4.686 12.284 4.686 16.97 0l211.051-211.05c4.686-4.686 4.686-12.284 0-16.971L34.495 36.465c-4.686-4.687-12.284-4.687-16.97 0z\"><\/path>\n            <\/svg><br \/>\n        <\/button><\/p>\n<h3>Declaraciones<\/h3>\n<h3>Toni Bou<\/h3>\n<p>\u00abEmpezamos nueva temporada y, como siempre, hay que ir a por todas. Creo que hemos hecho una buena pretemporada, trabajando mucho, tanto en la moto como en los entrenamientos. Llegamos f\u00edsicamente muy bien a la primera carrera y con muchas ganas. El reglamento de X-Trial ha vuelto al de hace un par de a\u00f1os y creo que ser\u00e1 mejor para todos, porque antes nos lo jug\u00e1bamos bastante a cara o cruz. Este a\u00f1o tendr\u00e9 a Gabriel como compa\u00f1ero de equipo en el equipo Repsol Honda de Trial. \u00c9l es un gran piloto, muy trabajador y con muy buena proyecci\u00f3n. Esperamos hacer una muy buena temporada\u201d.<\/p>\n<h3>Gabriel Marcelli<\/h3>\n<p>\u00abEsta temporada se presenta bien, incluso m\u00e1s positiva que las anteriores. Estoy en el mejor equipo del mundo y es una satisfacci\u00f3n personal que hayan cre\u00eddo en mi. Voy a intentar no defraudarles y buscar dar lo m\u00e1ximo en cada carrera. Es una pena que no pueda asistir a la primera cita del Mundial X-Trial porque me condicionar\u00e1 para luchar por una mejor posici\u00f3n final en el campeonato. El reglamento es un poco injusto, pero es lo que tenemos. Mirar\u00e9 de dar el 100% en las pruebas que pueda asistir para sumar el m\u00e1ximo n\u00famero de puntos posibles. En el campeonato de TrialGP ser\u00e1 mucho m\u00e1s dif\u00edcil, con rivales muy fuertes, pero lucharemos para estar entre los primeros en cada carrera\u201d.<\/p>\n<h3>Takahisa Fujinami<\/h3>\n<p>\u00abPara m\u00ed es un gran cambio respecto al a\u00f1o pasado. Hace m\u00e1s de 15 a\u00f1os que conozco a Toni Bou y, vi\u00e9ndole entrenar estas \u00faltimas semanas, puedo decir que est\u00e1 m\u00e1s fuerte que nunca. En este sentido, estoy bastante confiado en que pueda hacer una gran temporada. Con Gabriel Marcelli, que este a\u00f1o ha entrado en el equipo oficial, ocurre algo parecido: ha mejorado much\u00edsimo. Ha hecho un gran cambio, tanto mental como t\u00e9cnico y, adem\u00e1s, el equipo le ha ayudado mucho. Es una l\u00e1stima que no pueda estar en la primera carrera X-Trial por el nuevo reglamento, pero confiamos en que pueda unirse en las siguientes citas. Ser\u00e1 dif\u00edcil que luche para ganar el campeonato, pero seguro que estar\u00e1 en las primeras posiciones, como hizo el a\u00f1o pasado, por ejemplo, en el X-Trial de Barcelona. Esta pretemporada el equipo ha trabajado m\u00e1s que nunca, no s\u00f3lo los pilotos, sino tambi\u00e9n hemos conseguido mejorar la Montesa Cota 4RT para que puedan brindarnos grandes \u00e9xitos esta pr\u00f3xima temporada\u2026 \u00a1como los \u00faltimos 15 a\u00f1os! \u00a1Tenemos ganas de empezar la temporada 2022!\u201d<\/p>\n<p>&nbsp;<\/p>\n","protected":false},"excerpt":{"rendered":"<p>El Campeonato del Mundo FIM de X-Trial arrancar\u00e1 este pr\u00f3ximo viernes d\u00eda 11 en Niza, Francia, donde Toni Bou defender\u00e1 su condici\u00f3n de campe\u00f3n. Gabriel Marcelli es la nueva incorporaci\u00f3n al equipo y Takahisa Fujinami pasa a ejercer las labores de Team Manager.<\/p>\n","protected":false},"author":43146,"featured_media":45285,"comment_status":"open","ping_status":"open","sticky":false,"template":"","format":"standard","meta":{"footnotes":""},"categories":[23],"tags":[120,203,21],"class_list":["post-95266","post","type-post","status-publish","format-standard","hentry","category-trial","tag-120","tag-gabri-marcelli","tag-toni-bou"],"yoast_head":"<!-- This site is optimized with the Yoast SEO plugin v27.3 - https:\/\/yoast.com\/product\/yoast-seo-wordpress\/ -->\n<title>El equipo Repsol Honda de Trial, preparado para la temporada 2022 - Box Repsol<\/title>\n<link rel=\"canonical\" href=\"https:\/\/www.boxrepsol.com\/es\/trial\/el-equipo-repsol-honda-de-trial-preparado-para-la-temporada-2022\/\" \/>\n<meta property=\"og:locale\" content=\"es_ES\" \/>\n<meta property=\"og:type\" content=\"article\" \/>\n<meta property=\"og:title\" content=\"El equipo Repsol Honda de Trial, preparado para la temporada 2022 - Box Repsol\" \/>\n<meta property=\"og:description\" content=\"El Campeonato del Mundo FIM de X-Trial arrancar\u00e1 este pr\u00f3ximo viernes d\u00eda 11 en Niza, Francia, donde Toni Bou defender\u00e1 su condici\u00f3n de campe\u00f3n. Gabriel Marcelli es la nueva incorporaci\u00f3n al equipo y Takahisa Fujinami pasa a ejercer las labores de Team Manager.\" \/>\n<meta property=\"og:url\" content=\"https:\/\/www.boxrepsol.com\/es\/trial\/el-equipo-repsol-honda-de-trial-preparado-para-la-temporada-2022\/\" \/>\n<meta property=\"og:site_name\" content=\"Box Repsol\" \/>\n<meta property=\"article:publisher\" content=\"https:\/\/www.facebook.com\/BoxRepsol\" \/>\n<meta property=\"article:author\" content=\"https:\/\/www.facebook.com\/BoxRepsol\/\" \/>\n<meta property=\"article:published_time\" content=\"2022-03-08T02:00:00+00:00\" \/>\n<meta property=\"article:modified_time\" content=\"2024-04-09T09:15:54+00:00\" \/>\n<meta property=\"og:image\" content=\"https:\/\/bxrepsol.s3.eu-west-1.amazonaws.com\/static\/2022\/08\/10040522\/RHT22_RepsolHondaTrialTeam_02405_ps-scaled-1.jpg\" \/>\n\t<meta property=\"og:image:width\" content=\"2560\" \/>\n\t<meta property=\"og:image:height\" content=\"1200\" \/>\n\t<meta property=\"og:image:type\" content=\"image\/jpeg\" \/>\n<meta name=\"author\" content=\"Redacci\u00f3n Box Repsol\" \/>\n<meta name=\"twitter:card\" content=\"summary_large_image\" \/>\n<meta name=\"twitter:creator\" content=\"@https:\/\/twitter.com\/box_repsol\" \/>\n<meta name=\"twitter:site\" content=\"@box_repsol\" \/>\n<meta name=\"twitter:label1\" content=\"Written by\" \/>\n\t<meta name=\"twitter:data1\" content=\"Redacci\u00f3n Box Repsol\" \/>\n\t<meta name=\"twitter:label2\" content=\"Est. reading time\" \/>\n\t<meta name=\"twitter:data2\" content=\"4 minutos\" \/>\n<script type=\"application\/ld+json\" class=\"yoast-schema-graph\">{\"@context\":\"https:\\\/\\\/schema.org\",\"@graph\":[{\"@type\":\"Article\",\"@id\":\"https:\\\/\\\/www.boxrepsol.com\\\/es\\\/trial\\\/el-equipo-repsol-honda-de-trial-preparado-para-la-temporada-2022\\\/#article\",\"isPartOf\":{\"@id\":\"https:\\\/\\\/www.boxrepsol.com\\\/es\\\/trial\\\/el-equipo-repsol-honda-de-trial-preparado-para-la-temporada-2022\\\/\"},\"author\":{\"name\":\"Redacci\u00f3n Box Repsol\",\"@id\":\"https:\\\/\\\/www.boxrepsol.com\\\/es\\\/#\\\/schema\\\/person\\\/c5c2138f2cca251b0ad92b7086bb60b7\"},\"headline\":\"El equipo Repsol Honda de Trial, preparado para la temporada 2022\",\"datePublished\":\"2022-03-08T02:00:00+00:00\",\"dateModified\":\"2024-04-09T09:15:54+00:00\",\"mainEntityOfPage\":{\"@id\":\"https:\\\/\\\/www.boxrepsol.com\\\/es\\\/trial\\\/el-equipo-repsol-honda-de-trial-preparado-para-la-temporada-2022\\\/\"},\"wordCount\":851,\"commentCount\":0,\"publisher\":{\"@id\":\"https:\\\/\\\/www.boxrepsol.com\\\/es\\\/#organization\"},\"image\":{\"@id\":\"https:\\\/\\\/www.boxrepsol.com\\\/es\\\/trial\\\/el-equipo-repsol-honda-de-trial-preparado-para-la-temporada-2022\\\/#primaryimage\"},\"thumbnailUrl\":\"https:\\\/\\\/bxrepsol.s3.eu-west-1.amazonaws.com\\\/static\\\/2022\\\/08\\\/10040522\\\/RHT22_RepsolHondaTrialTeam_02405_ps-scaled-1.jpg\",\"keywords\":[\"2022\",\"Gabri Marcelli\",\"Toni Bou\"],\"articleSection\":[\"Trial\"],\"inLanguage\":\"es\",\"potentialAction\":[{\"@type\":\"CommentAction\",\"name\":\"Comment\",\"target\":[\"https:\\\/\\\/www.boxrepsol.com\\\/es\\\/trial\\\/el-equipo-repsol-honda-de-trial-preparado-para-la-temporada-2022\\\/#respond\"]}]},{\"@type\":\"WebPage\",\"@id\":\"https:\\\/\\\/www.boxrepsol.com\\\/es\\\/trial\\\/el-equipo-repsol-honda-de-trial-preparado-para-la-temporada-2022\\\/\",\"url\":\"https:\\\/\\\/www.boxrepsol.com\\\/es\\\/trial\\\/el-equipo-repsol-honda-de-trial-preparado-para-la-temporada-2022\\\/\",\"name\":\"El equipo Repsol Honda de Trial, preparado para la temporada 2022 - Box Repsol\",\"isPartOf\":{\"@id\":\"https:\\\/\\\/www.boxrepsol.com\\\/es\\\/#website\"},\"primaryImageOfPage\":{\"@id\":\"https:\\\/\\\/www.boxrepsol.com\\\/es\\\/trial\\\/el-equipo-repsol-honda-de-trial-preparado-para-la-temporada-2022\\\/#primaryimage\"},\"image\":{\"@id\":\"https:\\\/\\\/www.boxrepsol.com\\\/es\\\/trial\\\/el-equipo-repsol-honda-de-trial-preparado-para-la-temporada-2022\\\/#primaryimage\"},\"thumbnailUrl\":\"https:\\\/\\\/bxrepsol.s3.eu-west-1.amazonaws.com\\\/static\\\/2022\\\/08\\\/10040522\\\/RHT22_RepsolHondaTrialTeam_02405_ps-scaled-1.jpg\",\"datePublished\":\"2022-03-08T02:00:00+00:00\",\"dateModified\":\"2024-04-09T09:15:54+00:00\",\"breadcrumb\":{\"@id\":\"https:\\\/\\\/www.boxrepsol.com\\\/es\\\/trial\\\/el-equipo-repsol-honda-de-trial-preparado-para-la-temporada-2022\\\/#breadcrumb\"},\"inLanguage\":\"es\",\"potentialAction\":[{\"@type\":\"ReadAction\",\"target\":[\"https:\\\/\\\/www.boxrepsol.com\\\/es\\\/trial\\\/el-equipo-repsol-honda-de-trial-preparado-para-la-temporada-2022\\\/\"]}]},{\"@type\":\"ImageObject\",\"inLanguage\":\"es\",\"@id\":\"https:\\\/\\\/www.boxrepsol.com\\\/es\\\/trial\\\/el-equipo-repsol-honda-de-trial-preparado-para-la-temporada-2022\\\/#primaryimage\",\"url\":\"https:\\\/\\\/bxrepsol.s3.eu-west-1.amazonaws.com\\\/static\\\/2022\\\/08\\\/10040522\\\/RHT22_RepsolHondaTrialTeam_02405_ps-scaled-1.jpg\",\"contentUrl\":\"https:\\\/\\\/bxrepsol.s3.eu-west-1.amazonaws.com\\\/static\\\/2022\\\/08\\\/10040522\\\/RHT22_RepsolHondaTrialTeam_02405_ps-scaled-1.jpg\",\"width\":2560,\"height\":1200},{\"@type\":\"BreadcrumbList\",\"@id\":\"https:\\\/\\\/www.boxrepsol.com\\\/es\\\/trial\\\/el-equipo-repsol-honda-de-trial-preparado-para-la-temporada-2022\\\/#breadcrumb\",\"itemListElement\":[{\"@type\":\"ListItem\",\"position\":1,\"name\":\"Home\",\"item\":\"https:\\\/\\\/www.boxrepsol.com\\\/es\\\/\"},{\"@type\":\"ListItem\",\"position\":2,\"name\":\"El equipo Repsol Honda de Trial, preparado para la temporada 2022\"}]},{\"@type\":\"WebSite\",\"@id\":\"https:\\\/\\\/www.boxrepsol.com\\\/es\\\/#website\",\"url\":\"https:\\\/\\\/www.boxrepsol.com\\\/es\\\/\",\"name\":\"Box Repsol\",\"description\":\"Box Repsol Site\",\"publisher\":{\"@id\":\"https:\\\/\\\/www.boxrepsol.com\\\/es\\\/#organization\"},\"potentialAction\":[{\"@type\":\"SearchAction\",\"target\":{\"@type\":\"EntryPoint\",\"urlTemplate\":\"https:\\\/\\\/www.boxrepsol.com\\\/es\\\/?s={search_term_string}\"},\"query-input\":{\"@type\":\"PropertyValueSpecification\",\"valueRequired\":true,\"valueName\":\"search_term_string\"}}],\"inLanguage\":\"es\"},{\"@type\":\"Organization\",\"@id\":\"https:\\\/\\\/www.boxrepsol.com\\\/es\\\/#organization\",\"name\":\"Box Repsol\",\"url\":\"https:\\\/\\\/www.boxrepsol.com\\\/es\\\/\",\"logo\":{\"@type\":\"ImageObject\",\"inLanguage\":\"es\",\"@id\":\"https:\\\/\\\/www.boxrepsol.com\\\/es\\\/#\\\/schema\\\/logo\\\/image\\\/\",\"url\":\"https:\\\/\\\/bxrepsol.s3.eu-west-1.amazonaws.com\\\/static\\\/2025\\\/07\\\/30083337\\\/favicon-96x96-1.png\",\"contentUrl\":\"https:\\\/\\\/bxrepsol.s3.eu-west-1.amazonaws.com\\\/static\\\/2025\\\/07\\\/30083337\\\/favicon-96x96-1.png\",\"width\":96,\"height\":96,\"caption\":\"Box Repsol\"},\"image\":{\"@id\":\"https:\\\/\\\/www.boxrepsol.com\\\/es\\\/#\\\/schema\\\/logo\\\/image\\\/\"},\"sameAs\":[\"https:\\\/\\\/www.facebook.com\\\/BoxRepsol\",\"https:\\\/\\\/x.com\\\/box_repsol\",\"http:\\\/\\\/instagram.com\\\/box_repsol\",\"https:\\\/\\\/www.youtube.com\\\/user\\\/RepsolCompeticion\",\"https:\\\/\\\/www.flickr.com\\\/photos\\\/box_repsol\\\/\"]},{\"@type\":\"Person\",\"@id\":\"https:\\\/\\\/www.boxrepsol.com\\\/es\\\/#\\\/schema\\\/person\\\/c5c2138f2cca251b0ad92b7086bb60b7\",\"name\":\"Redacci\u00f3n Box Repsol\",\"image\":{\"@type\":\"ImageObject\",\"inLanguage\":\"es\",\"@id\":\"https:\\\/\\\/secure.gravatar.com\\\/avatar\\\/adf7b77e38b4419baf32c7e9c21dde01f4e40df611f0978e3006fc4ba0aaab7e?s=96&d=mm&r=g\",\"url\":\"https:\\\/\\\/secure.gravatar.com\\\/avatar\\\/adf7b77e38b4419baf32c7e9c21dde01f4e40df611f0978e3006fc4ba0aaab7e?s=96&d=mm&r=g\",\"contentUrl\":\"https:\\\/\\\/secure.gravatar.com\\\/avatar\\\/adf7b77e38b4419baf32c7e9c21dde01f4e40df611f0978e3006fc4ba0aaab7e?s=96&d=mm&r=g\",\"caption\":\"Redacci\u00f3n Box Repsol\"},\"description\":\"Box Repsol lo forma un equipo de periodistas, community managers, dise\u00f1adores y fot\u00f3grafos con m\u00e1s de 20 a\u00f1os de experiencia en el mundo del motorsport. Hemos vivido el primer mundial de un espa\u00f1ol en la categor\u00eda reina de motociclismo con \u00c1lex Crivill\u00e9, estuvimos en las victorias de Pedrosa y los t\u00edtulos de M\u00e1rquez, acompa\u00f1amos en \u00c1frica a Nani Roma y Marc Coma en sus conquistas del Dakar y hemos vibrado con los t\u00edtulos de Toni Bou en Trial. Adem\u00e1s, en nuestro equipo contamos con expertos en el mundo de las dos y cuatro ruedas tanto de la calle y las carreteras, como de los circuitos. Periodistas que han trabajado en revistas y publicaciones para hacerte llegar desde rutas y consejos de mantenimiento, a curiosidades y trucos de pilotaje.\",\"sameAs\":[\"https:\\\/\\\/www.facebook.com\\\/BoxRepsol\\\/\",\"https:\\\/\\\/www.instagram.com\\\/box_repsol\\\/\",\"https:\\\/\\\/x.com\\\/https:\\\/\\\/twitter.com\\\/box_repsol\",\"https:\\\/\\\/www.youtube.com\\\/@Boxrepsol\"],\"url\":\"https:\\\/\\\/www.boxrepsol.com\\\/es\\\/author\\\/redaccion-box-repsol\\\/\"}]}<\/script>\n<!-- \/ Yoast SEO plugin. -->","yoast_head_json":{"title":"El equipo Repsol Honda de Trial, preparado para la temporada 2022 - Box Repsol","canonical":"https:\/\/www.boxrepsol.com\/es\/trial\/el-equipo-repsol-honda-de-trial-preparado-para-la-temporada-2022\/","og_locale":"es_ES","og_type":"article","og_title":"El equipo Repsol Honda de Trial, preparado para la temporada 2022 - Box Repsol","og_description":"El Campeonato del Mundo FIM de X-Trial arrancar\u00e1 este pr\u00f3ximo viernes d\u00eda 11 en Niza, Francia, donde Toni Bou defender\u00e1 su condici\u00f3n de campe\u00f3n. Gabriel Marcelli es la nueva incorporaci\u00f3n al equipo y Takahisa Fujinami pasa a ejercer las labores de Team Manager.","og_url":"https:\/\/www.boxrepsol.com\/es\/trial\/el-equipo-repsol-honda-de-trial-preparado-para-la-temporada-2022\/","og_site_name":"Box Repsol","article_publisher":"https:\/\/www.facebook.com\/BoxRepsol","article_author":"https:\/\/www.facebook.com\/BoxRepsol\/","article_published_time":"2022-03-08T02:00:00+00:00","article_modified_time":"2024-04-09T09:15:54+00:00","og_image":[{"width":2560,"height":1200,"url":"https:\/\/bxrepsol.s3.eu-west-1.amazonaws.com\/static\/2022\/08\/10040522\/RHT22_RepsolHondaTrialTeam_02405_ps-scaled-1.jpg","type":"image\/jpeg"}],"author":"Redacci\u00f3n Box Repsol","twitter_card":"summary_large_image","twitter_creator":"@https:\/\/twitter.com\/box_repsol","twitter_site":"@box_repsol","twitter_misc":{"Written by":"Redacci\u00f3n Box Repsol","Est. reading time":"4 minutos"},"schema":{"@context":"https:\/\/schema.org","@graph":[{"@type":"Article","@id":"https:\/\/www.boxrepsol.com\/es\/trial\/el-equipo-repsol-honda-de-trial-preparado-para-la-temporada-2022\/#article","isPartOf":{"@id":"https:\/\/www.boxrepsol.com\/es\/trial\/el-equipo-repsol-honda-de-trial-preparado-para-la-temporada-2022\/"},"author":{"name":"Redacci\u00f3n Box Repsol","@id":"https:\/\/www.boxrepsol.com\/es\/#\/schema\/person\/c5c2138f2cca251b0ad92b7086bb60b7"},"headline":"El equipo Repsol Honda de Trial, preparado para la temporada 2022","datePublished":"2022-03-08T02:00:00+00:00","dateModified":"2024-04-09T09:15:54+00:00","mainEntityOfPage":{"@id":"https:\/\/www.boxrepsol.com\/es\/trial\/el-equipo-repsol-honda-de-trial-preparado-para-la-temporada-2022\/"},"wordCount":851,"commentCount":0,"publisher":{"@id":"https:\/\/www.boxrepsol.com\/es\/#organization"},"image":{"@id":"https:\/\/www.boxrepsol.com\/es\/trial\/el-equipo-repsol-honda-de-trial-preparado-para-la-temporada-2022\/#primaryimage"},"thumbnailUrl":"https:\/\/bxrepsol.s3.eu-west-1.amazonaws.com\/static\/2022\/08\/10040522\/RHT22_RepsolHondaTrialTeam_02405_ps-scaled-1.jpg","keywords":["2022","Gabri Marcelli","Toni Bou"],"articleSection":["Trial"],"inLanguage":"es","potentialAction":[{"@type":"CommentAction","name":"Comment","target":["https:\/\/www.boxrepsol.com\/es\/trial\/el-equipo-repsol-honda-de-trial-preparado-para-la-temporada-2022\/#respond"]}]},{"@type":"WebPage","@id":"https:\/\/www.boxrepsol.com\/es\/trial\/el-equipo-repsol-honda-de-trial-preparado-para-la-temporada-2022\/","url":"https:\/\/www.boxrepsol.com\/es\/trial\/el-equipo-repsol-honda-de-trial-preparado-para-la-temporada-2022\/","name":"El equipo Repsol Honda de Trial, preparado para la temporada 2022 - Box Repsol","isPartOf":{"@id":"https:\/\/www.boxrepsol.com\/es\/#website"},"primaryImageOfPage":{"@id":"https:\/\/www.boxrepsol.com\/es\/trial\/el-equipo-repsol-honda-de-trial-preparado-para-la-temporada-2022\/#primaryimage"},"image":{"@id":"https:\/\/www.boxrepsol.com\/es\/trial\/el-equipo-repsol-honda-de-trial-preparado-para-la-temporada-2022\/#primaryimage"},"thumbnailUrl":"https:\/\/bxrepsol.s3.eu-west-1.amazonaws.com\/static\/2022\/08\/10040522\/RHT22_RepsolHondaTrialTeam_02405_ps-scaled-1.jpg","datePublished":"2022-03-08T02:00:00+00:00","dateModified":"2024-04-09T09:15:54+00:00","breadcrumb":{"@id":"https:\/\/www.boxrepsol.com\/es\/trial\/el-equipo-repsol-honda-de-trial-preparado-para-la-temporada-2022\/#breadcrumb"},"inLanguage":"es","potentialAction":[{"@type":"ReadAction","target":["https:\/\/www.boxrepsol.com\/es\/trial\/el-equipo-repsol-honda-de-trial-preparado-para-la-temporada-2022\/"]}]},{"@type":"ImageObject","inLanguage":"es","@id":"https:\/\/www.boxrepsol.com\/es\/trial\/el-equipo-repsol-honda-de-trial-preparado-para-la-temporada-2022\/#primaryimage","url":"https:\/\/bxrepsol.s3.eu-west-1.amazonaws.com\/static\/2022\/08\/10040522\/RHT22_RepsolHondaTrialTeam_02405_ps-scaled-1.jpg","contentUrl":"https:\/\/bxrepsol.s3.eu-west-1.amazonaws.com\/static\/2022\/08\/10040522\/RHT22_RepsolHondaTrialTeam_02405_ps-scaled-1.jpg","width":2560,"height":1200},{"@type":"BreadcrumbList","@id":"https:\/\/www.boxrepsol.com\/es\/trial\/el-equipo-repsol-honda-de-trial-preparado-para-la-temporada-2022\/#breadcrumb","itemListElement":[{"@type":"ListItem","position":1,"name":"Home","item":"https:\/\/www.boxrepsol.com\/es\/"},{"@type":"ListItem","position":2,"name":"El equipo Repsol Honda de Trial, preparado para la temporada 2022"}]},{"@type":"WebSite","@id":"https:\/\/www.boxrepsol.com\/es\/#website","url":"https:\/\/www.boxrepsol.com\/es\/","name":"Box Repsol","description":"Box Repsol Site","publisher":{"@id":"https:\/\/www.boxrepsol.com\/es\/#organization"},"potentialAction":[{"@type":"SearchAction","target":{"@type":"EntryPoint","urlTemplate":"https:\/\/www.boxrepsol.com\/es\/?s={search_term_string}"},"query-input":{"@type":"PropertyValueSpecification","valueRequired":true,"valueName":"search_term_string"}}],"inLanguage":"es"},{"@type":"Organization","@id":"https:\/\/www.boxrepsol.com\/es\/#organization","name":"Box Repsol","url":"https:\/\/www.boxrepsol.com\/es\/","logo":{"@type":"ImageObject","inLanguage":"es","@id":"https:\/\/www.boxrepsol.com\/es\/#\/schema\/logo\/image\/","url":"https:\/\/bxrepsol.s3.eu-west-1.amazonaws.com\/static\/2025\/07\/30083337\/favicon-96x96-1.png","contentUrl":"https:\/\/bxrepsol.s3.eu-west-1.amazonaws.com\/static\/2025\/07\/30083337\/favicon-96x96-1.png","width":96,"height":96,"caption":"Box Repsol"},"image":{"@id":"https:\/\/www.boxrepsol.com\/es\/#\/schema\/logo\/image\/"},"sameAs":["https:\/\/www.facebook.com\/BoxRepsol","https:\/\/x.com\/box_repsol","http:\/\/instagram.com\/box_repsol","https:\/\/www.youtube.com\/user\/RepsolCompeticion","https:\/\/www.flickr.com\/photos\/box_repsol\/"]},{"@type":"Person","@id":"https:\/\/www.boxrepsol.com\/es\/#\/schema\/person\/c5c2138f2cca251b0ad92b7086bb60b7","name":"Redacci\u00f3n Box Repsol","image":{"@type":"ImageObject","inLanguage":"es","@id":"https:\/\/secure.gravatar.com\/avatar\/adf7b77e38b4419baf32c7e9c21dde01f4e40df611f0978e3006fc4ba0aaab7e?s=96&d=mm&r=g","url":"https:\/\/secure.gravatar.com\/avatar\/adf7b77e38b4419baf32c7e9c21dde01f4e40df611f0978e3006fc4ba0aaab7e?s=96&d=mm&r=g","contentUrl":"https:\/\/secure.gravatar.com\/avatar\/adf7b77e38b4419baf32c7e9c21dde01f4e40df611f0978e3006fc4ba0aaab7e?s=96&d=mm&r=g","caption":"Redacci\u00f3n Box Repsol"},"description":"Box Repsol lo forma un equipo de periodistas, community managers, dise\u00f1adores y fot\u00f3grafos con m\u00e1s de 20 a\u00f1os de experiencia en el mundo del motorsport. Hemos vivido el primer mundial de un espa\u00f1ol en la categor\u00eda reina de motociclismo con \u00c1lex Crivill\u00e9, estuvimos en las victorias de Pedrosa y los t\u00edtulos de M\u00e1rquez, acompa\u00f1amos en \u00c1frica a Nani Roma y Marc Coma en sus conquistas del Dakar y hemos vibrado con los t\u00edtulos de Toni Bou en Trial. Adem\u00e1s, en nuestro equipo contamos con expertos en el mundo de las dos y cuatro ruedas tanto de la calle y las carreteras, como de los circuitos. Periodistas que han trabajado en revistas y publicaciones para hacerte llegar desde rutas y consejos de mantenimiento, a curiosidades y trucos de pilotaje.","sameAs":["https:\/\/www.facebook.com\/BoxRepsol\/","https:\/\/www.instagram.com\/box_repsol\/","https:\/\/x.com\/https:\/\/twitter.com\/box_repsol","https:\/\/www.youtube.com\/@Boxrepsol"],"url":"https:\/\/www.boxrepsol.com\/es\/author\/redaccion-box-repsol\/"}]}},"_links":{"self":[{"href":"https:\/\/www.boxrepsol.com\/es\/wp-json\/wp\/v2\/posts\/95266","targetHints":{"allow":["GET"]}}],"collection":[{"href":"https:\/\/www.boxrepsol.com\/es\/wp-json\/wp\/v2\/posts"}],"about":[{"href":"https:\/\/www.boxrepsol.com\/es\/wp-json\/wp\/v2\/types\/post"}],"author":[{"embeddable":true,"href":"https:\/\/www.boxrepsol.com\/es\/wp-json\/wp\/v2\/users\/43146"}],"replies":[{"embeddable":true,"href":"https:\/\/www.boxrepsol.com\/es\/wp-json\/wp\/v2\/comments?post=95266"}],"version-history":[{"count":1,"href":"https:\/\/www.boxrepsol.com\/es\/wp-json\/wp\/v2\/posts\/95266\/revisions"}],"predecessor-version":[{"id":95267,"href":"https:\/\/www.boxrepsol.com\/es\/wp-json\/wp\/v2\/posts\/95266\/revisions\/95267"}],"wp:featuredmedia":[{"embeddable":true,"href":"https:\/\/www.boxrepsol.com\/es\/wp-json\/wp\/v2\/media\/45285"}],"wp:attachment":[{"href":"https:\/\/www.boxrepsol.com\/es\/wp-json\/wp\/v2\/media?parent=95266"}],"wp:term":[{"taxonomy":"category","embeddable":true,"href":"https:\/\/www.boxrepsol.com\/es\/wp-json\/wp\/v2\/categories?post=95266"},{"taxonomy":"post_tag","embeddable":true,"href":"https:\/\/www.boxrepsol.com\/es\/wp-json\/wp\/v2\/tags?post=95266"}],"curies":[{"name":"wp","href":"https:\/\/api.w.org\/{rel}","templated":true}]}}