{"id":95265,"date":"2022-03-07T00:00:00","date_gmt":"2022-03-07T02:00:00","guid":{"rendered":"http:\/\/pre.boxrepsol.com\/sin-categorizar\/estamos-motivados-despues-haber-empezado-asi-bien-la-temporada\/"},"modified":"2024-04-09T07:16:10","modified_gmt":"2024-04-09T09:16:10","slug":"estamos-motivados-despues-haber-empezado-asi-bien-la-temporada","status":"publish","type":"post","link":"https:\/\/www.boxrepsol.com\/es\/motogp\/estamos-motivados-despues-haber-empezado-asi-bien-la-temporada\/","title":{"rendered":"\u00abEstamos muy motivados despu\u00e9s de haber empezado as\u00ed de bien la temporada\u00bb"},"content":{"rendered":"<p><strong>\u00bfC\u00f3mo describir\u00edas el primer Gran Premio de 2022?<\/strong><\/p>\n<p>\u00abHa sido un muy buen inicio desde muchos puntos de vista. En primer lugar, hace unos meses no sab\u00edamos si Marc M\u00e1rquez podr\u00eda estar en Catar. Segundo, hemos logrado un buen podio con Pol Espargar\u00f3 en la primera carrera, lo que muestra que lo que logr\u00f3 en la parte final de la temporada 2021 sigue ah\u00ed. Ha demostrado eso y su capacidad con el rendimiento de la moto. Fue consistente a lo largo de todo el fin de semana y estamos muy contentos con este resultado\u00bb.<\/p>\n<p><strong>No es habitual ver a Marc M\u00e1rquez en quinta posici\u00f3n, pero viene de un invierno muy complicado y Catar hist\u00f3ricamente no ha sido un circuito favorable para Honda\u2026<\/strong><\/p>\n<p>\u00abCreo que la elecci\u00f3n de neum\u00e1tico de Marc fue la correcta, saliendo con el compuesto blando. Pero le falt\u00f3 un poco de agarre en el tren delantero y decidi\u00f3 dejar de forzar y evitar riesgos. Sinceramente, hizo una carrera inteligente; sabe qu\u00e9 necesita y sab\u00eda que en esa situaci\u00f3n, la mejor decisi\u00f3n era sumar los puntos de la quinta posici\u00f3n. Obviamente si hubiera tenido otras sensaciones con la moto habr\u00eda atacado m\u00e1s, es su car\u00e1cter. Lo que ha logrado el domingo en Catar es bueno para nosotros, est\u00e1 con un buen feeling en general y prepar\u00e1ndose para la siguiente carrera. Esta ser\u00e1 la temporada m\u00e1s larga en la historia de MotoGP, con 21 Grandes Premios\u00bb.<\/p>\n<p><strong>Los dos pilotos en el Top-5 en Catar, circuito donde las Honda no suelen destacar, \u00bfes \u00e9sta una muestra de la mejora que se ha llevado a cabo en la moto?<\/strong><\/p>\n<p>\u00abHemos tenido un buen comienzo y nuestros pilotos est\u00e1n contentos, aunque despu\u00e9s de esta primera carrera a\u00fan quedan puntos a mejorar. En comparaci\u00f3n con a\u00f1os anteriores, estamos m\u00e1s satisfechos como grupo y es tambi\u00e9n importante que nuestros pilotos est\u00e9n en forma y que dispongan de una moto nueva. La Honda va a seguir evolucionando, eso est\u00e1 claro; todo el equipo de HRC y del Repsol Honda estamos trabajando en su mejora. Estamos muy motivados despu\u00e9s de haber empezado as\u00ed de bien la temporada\u00bb.<\/p>\n<p><strong>\u00bfCu\u00e1les son los puntos positivos y negativos de este fin de semana?<\/strong><\/p>\n<p>\u00abLos positivos son el regreso de Marc a la competici\u00f3n y la confirmaci\u00f3n de que Pol es un piloto que puede estar delante de forma constante y luchar en la cabeza de carrera. El punto negativo de este fin de semana no lo mencionar\u00e9\u00bb.<\/p>\n<p><strong>La pr\u00f3xima carrera es en Indonesia, donde regresamos despu\u00e9s de no correr en 20 a\u00f1os. \u00bfC\u00f3mo afronta el equipo Repsol Honda este momento especial?<\/strong><\/p>\n<p>\u00abDespu\u00e9s del test que hicimos hace un mes all\u00ed, llegaremos a la carrera con expectativas altas. Estamos muy contentos de volver a Indonesia, porque es un pa\u00eds que apoya mucho a Honda. Tenemos muchos aficionados ah\u00ed que utilizan nuestras motos y esperamos que puedan disfrutar de un gran espect\u00e1culo en Lombok\u00bb.<\/p>\n","protected":false},"excerpt":{"rendered":"<p>El Team Manager del Repsol Honda valora el inicio de su quinta campa\u00f1a al frente del equipo tras la buena actuaci\u00f3n de sus pilotos en Catar<\/p>\n","protected":false},"author":43146,"featured_media":45279,"comment_status":"open","ping_status":"open","sticky":false,"template":"","format":"standard","meta":{"footnotes":""},"categories":[4],"tags":[120,6,157,128],"class_list":["post-95265","post","type-post","status-publish","format-standard","hentry","category-motogp","tag-120","tag-marc-marquez","tag-motogp-catar","tag-pol-espargaro"],"yoast_head":"<!-- This site is optimized with the Yoast SEO plugin v27.3 - https:\/\/yoast.com\/product\/yoast-seo-wordpress\/ -->\n<title>&quot;Estamos muy motivados despu\u00e9s de haber empezado as\u00ed de bien la temporada&quot; - Box Repsol<\/title>\n<link rel=\"canonical\" href=\"https:\/\/www.boxrepsol.com\/es\/motogp\/estamos-motivados-despues-haber-empezado-asi-bien-la-temporada\/\" \/>\n<meta property=\"og:locale\" content=\"es_ES\" \/>\n<meta property=\"og:type\" content=\"article\" \/>\n<meta property=\"og:title\" content=\"&quot;Estamos muy motivados despu\u00e9s de haber empezado as\u00ed de bien la temporada&quot; - Box Repsol\" \/>\n<meta property=\"og:description\" content=\"El Team Manager del Repsol Honda valora el inicio de su quinta campa\u00f1a al frente del equipo tras la buena actuaci\u00f3n de sus pilotos en Catar\" \/>\n<meta property=\"og:url\" content=\"https:\/\/www.boxrepsol.com\/es\/motogp\/estamos-motivados-despues-haber-empezado-asi-bien-la-temporada\/\" \/>\n<meta property=\"og:site_name\" content=\"Box Repsol\" \/>\n<meta property=\"article:publisher\" content=\"https:\/\/www.facebook.com\/BoxRepsol\" \/>\n<meta property=\"article:author\" content=\"https:\/\/www.facebook.com\/BoxRepsol\/\" \/>\n<meta property=\"article:published_time\" content=\"2022-03-07T02:00:00+00:00\" \/>\n<meta property=\"article:modified_time\" content=\"2024-04-09T09:16:10+00:00\" \/>\n<meta property=\"og:image\" content=\"https:\/\/bxrepsol.s3.eu-west-1.amazonaws.com\/static\/2022\/08\/10040514\/RD1_Qatar_Espargaro_2022-2-8-scaled1.jpg\" \/>\n\t<meta property=\"og:image:width\" content=\"1280\" \/>\n\t<meta property=\"og:image:height\" content=\"600\" \/>\n\t<meta property=\"og:image:type\" content=\"image\/jpeg\" \/>\n<meta name=\"author\" content=\"Redacci\u00f3n Box Repsol\" \/>\n<meta name=\"twitter:card\" content=\"summary_large_image\" \/>\n<meta name=\"twitter:creator\" content=\"@https:\/\/twitter.com\/box_repsol\" \/>\n<meta name=\"twitter:site\" content=\"@box_repsol\" \/>\n<meta name=\"twitter:label1\" content=\"Written by\" \/>\n\t<meta name=\"twitter:data1\" content=\"Redacci\u00f3n Box Repsol\" \/>\n\t<meta name=\"twitter:label2\" content=\"Est. reading time\" \/>\n\t<meta name=\"twitter:data2\" content=\"3 minutos\" \/>\n<script type=\"application\/ld+json\" class=\"yoast-schema-graph\">{\"@context\":\"https:\\\/\\\/schema.org\",\"@graph\":[{\"@type\":\"Article\",\"@id\":\"https:\\\/\\\/www.boxrepsol.com\\\/es\\\/motogp\\\/estamos-motivados-despues-haber-empezado-asi-bien-la-temporada\\\/#article\",\"isPartOf\":{\"@id\":\"https:\\\/\\\/www.boxrepsol.com\\\/es\\\/motogp\\\/estamos-motivados-despues-haber-empezado-asi-bien-la-temporada\\\/\"},\"author\":{\"name\":\"Redacci\u00f3n Box Repsol\",\"@id\":\"https:\\\/\\\/www.boxrepsol.com\\\/es\\\/#\\\/schema\\\/person\\\/c5c2138f2cca251b0ad92b7086bb60b7\"},\"headline\":\"\u00abEstamos muy motivados despu\u00e9s de haber empezado as\u00ed de bien la temporada\u00bb\",\"datePublished\":\"2022-03-07T02:00:00+00:00\",\"dateModified\":\"2024-04-09T09:16:10+00:00\",\"mainEntityOfPage\":{\"@id\":\"https:\\\/\\\/www.boxrepsol.com\\\/es\\\/motogp\\\/estamos-motivados-despues-haber-empezado-asi-bien-la-temporada\\\/\"},\"wordCount\":529,\"commentCount\":0,\"publisher\":{\"@id\":\"https:\\\/\\\/www.boxrepsol.com\\\/es\\\/#organization\"},\"image\":{\"@id\":\"https:\\\/\\\/www.boxrepsol.com\\\/es\\\/motogp\\\/estamos-motivados-despues-haber-empezado-asi-bien-la-temporada\\\/#primaryimage\"},\"thumbnailUrl\":\"https:\\\/\\\/bxrepsol.s3.eu-west-1.amazonaws.com\\\/static\\\/2022\\\/08\\\/10040514\\\/RD1_Qatar_Espargaro_2022-2-8-scaled1.jpg\",\"keywords\":[\"2022\",\"Marc M\u00e1rquez\",\"MotoGP Catar\",\"Pol Espargar\u00f3\"],\"articleSection\":[\"MotoGP\"],\"inLanguage\":\"es\",\"potentialAction\":[{\"@type\":\"CommentAction\",\"name\":\"Comment\",\"target\":[\"https:\\\/\\\/www.boxrepsol.com\\\/es\\\/motogp\\\/estamos-motivados-despues-haber-empezado-asi-bien-la-temporada\\\/#respond\"]}]},{\"@type\":\"WebPage\",\"@id\":\"https:\\\/\\\/www.boxrepsol.com\\\/es\\\/motogp\\\/estamos-motivados-despues-haber-empezado-asi-bien-la-temporada\\\/\",\"url\":\"https:\\\/\\\/www.boxrepsol.com\\\/es\\\/motogp\\\/estamos-motivados-despues-haber-empezado-asi-bien-la-temporada\\\/\",\"name\":\"\\\"Estamos muy motivados despu\u00e9s de haber empezado as\u00ed de bien la temporada\\\" - Box Repsol\",\"isPartOf\":{\"@id\":\"https:\\\/\\\/www.boxrepsol.com\\\/es\\\/#website\"},\"primaryImageOfPage\":{\"@id\":\"https:\\\/\\\/www.boxrepsol.com\\\/es\\\/motogp\\\/estamos-motivados-despues-haber-empezado-asi-bien-la-temporada\\\/#primaryimage\"},\"image\":{\"@id\":\"https:\\\/\\\/www.boxrepsol.com\\\/es\\\/motogp\\\/estamos-motivados-despues-haber-empezado-asi-bien-la-temporada\\\/#primaryimage\"},\"thumbnailUrl\":\"https:\\\/\\\/bxrepsol.s3.eu-west-1.amazonaws.com\\\/static\\\/2022\\\/08\\\/10040514\\\/RD1_Qatar_Espargaro_2022-2-8-scaled1.jpg\",\"datePublished\":\"2022-03-07T02:00:00+00:00\",\"dateModified\":\"2024-04-09T09:16:10+00:00\",\"breadcrumb\":{\"@id\":\"https:\\\/\\\/www.boxrepsol.com\\\/es\\\/motogp\\\/estamos-motivados-despues-haber-empezado-asi-bien-la-temporada\\\/#breadcrumb\"},\"inLanguage\":\"es\",\"potentialAction\":[{\"@type\":\"ReadAction\",\"target\":[\"https:\\\/\\\/www.boxrepsol.com\\\/es\\\/motogp\\\/estamos-motivados-despues-haber-empezado-asi-bien-la-temporada\\\/\"]}]},{\"@type\":\"ImageObject\",\"inLanguage\":\"es\",\"@id\":\"https:\\\/\\\/www.boxrepsol.com\\\/es\\\/motogp\\\/estamos-motivados-despues-haber-empezado-asi-bien-la-temporada\\\/#primaryimage\",\"url\":\"https:\\\/\\\/bxrepsol.s3.eu-west-1.amazonaws.com\\\/static\\\/2022\\\/08\\\/10040514\\\/RD1_Qatar_Espargaro_2022-2-8-scaled1.jpg\",\"contentUrl\":\"https:\\\/\\\/bxrepsol.s3.eu-west-1.amazonaws.com\\\/static\\\/2022\\\/08\\\/10040514\\\/RD1_Qatar_Espargaro_2022-2-8-scaled1.jpg\",\"width\":1280,\"height\":600},{\"@type\":\"BreadcrumbList\",\"@id\":\"https:\\\/\\\/www.boxrepsol.com\\\/es\\\/motogp\\\/estamos-motivados-despues-haber-empezado-asi-bien-la-temporada\\\/#breadcrumb\",\"itemListElement\":[{\"@type\":\"ListItem\",\"position\":1,\"name\":\"Home\",\"item\":\"https:\\\/\\\/www.boxrepsol.com\\\/es\\\/\"},{\"@type\":\"ListItem\",\"position\":2,\"name\":\"\u00abEstamos muy motivados despu\u00e9s de haber empezado as\u00ed de bien la temporada\u00bb\"}]},{\"@type\":\"WebSite\",\"@id\":\"https:\\\/\\\/www.boxrepsol.com\\\/es\\\/#website\",\"url\":\"https:\\\/\\\/www.boxrepsol.com\\\/es\\\/\",\"name\":\"Box Repsol\",\"description\":\"Box Repsol Site\",\"publisher\":{\"@id\":\"https:\\\/\\\/www.boxrepsol.com\\\/es\\\/#organization\"},\"potentialAction\":[{\"@type\":\"SearchAction\",\"target\":{\"@type\":\"EntryPoint\",\"urlTemplate\":\"https:\\\/\\\/www.boxrepsol.com\\\/es\\\/?s={search_term_string}\"},\"query-input\":{\"@type\":\"PropertyValueSpecification\",\"valueRequired\":true,\"valueName\":\"search_term_string\"}}],\"inLanguage\":\"es\"},{\"@type\":\"Organization\",\"@id\":\"https:\\\/\\\/www.boxrepsol.com\\\/es\\\/#organization\",\"name\":\"Box Repsol\",\"url\":\"https:\\\/\\\/www.boxrepsol.com\\\/es\\\/\",\"logo\":{\"@type\":\"ImageObject\",\"inLanguage\":\"es\",\"@id\":\"https:\\\/\\\/www.boxrepsol.com\\\/es\\\/#\\\/schema\\\/logo\\\/image\\\/\",\"url\":\"https:\\\/\\\/bxrepsol.s3.eu-west-1.amazonaws.com\\\/static\\\/2025\\\/07\\\/30083337\\\/favicon-96x96-1.png\",\"contentUrl\":\"https:\\\/\\\/bxrepsol.s3.eu-west-1.amazonaws.com\\\/static\\\/2025\\\/07\\\/30083337\\\/favicon-96x96-1.png\",\"width\":96,\"height\":96,\"caption\":\"Box Repsol\"},\"image\":{\"@id\":\"https:\\\/\\\/www.boxrepsol.com\\\/es\\\/#\\\/schema\\\/logo\\\/image\\\/\"},\"sameAs\":[\"https:\\\/\\\/www.facebook.com\\\/BoxRepsol\",\"https:\\\/\\\/x.com\\\/box_repsol\",\"http:\\\/\\\/instagram.com\\\/box_repsol\",\"https:\\\/\\\/www.youtube.com\\\/user\\\/RepsolCompeticion\",\"https:\\\/\\\/www.flickr.com\\\/photos\\\/box_repsol\\\/\"]},{\"@type\":\"Person\",\"@id\":\"https:\\\/\\\/www.boxrepsol.com\\\/es\\\/#\\\/schema\\\/person\\\/c5c2138f2cca251b0ad92b7086bb60b7\",\"name\":\"Redacci\u00f3n Box Repsol\",\"image\":{\"@type\":\"ImageObject\",\"inLanguage\":\"es\",\"@id\":\"https:\\\/\\\/secure.gravatar.com\\\/avatar\\\/adf7b77e38b4419baf32c7e9c21dde01f4e40df611f0978e3006fc4ba0aaab7e?s=96&d=mm&r=g\",\"url\":\"https:\\\/\\\/secure.gravatar.com\\\/avatar\\\/adf7b77e38b4419baf32c7e9c21dde01f4e40df611f0978e3006fc4ba0aaab7e?s=96&d=mm&r=g\",\"contentUrl\":\"https:\\\/\\\/secure.gravatar.com\\\/avatar\\\/adf7b77e38b4419baf32c7e9c21dde01f4e40df611f0978e3006fc4ba0aaab7e?s=96&d=mm&r=g\",\"caption\":\"Redacci\u00f3n Box Repsol\"},\"description\":\"Box Repsol lo forma un equipo de periodistas, community managers, dise\u00f1adores y fot\u00f3grafos con m\u00e1s de 20 a\u00f1os de experiencia en el mundo del motorsport. Hemos vivido el primer mundial de un espa\u00f1ol en la categor\u00eda reina de motociclismo con \u00c1lex Crivill\u00e9, estuvimos en las victorias de Pedrosa y los t\u00edtulos de M\u00e1rquez, acompa\u00f1amos en \u00c1frica a Nani Roma y Marc Coma en sus conquistas del Dakar y hemos vibrado con los t\u00edtulos de Toni Bou en Trial. Adem\u00e1s, en nuestro equipo contamos con expertos en el mundo de las dos y cuatro ruedas tanto de la calle y las carreteras, como de los circuitos. Periodistas que han trabajado en revistas y publicaciones para hacerte llegar desde rutas y consejos de mantenimiento, a curiosidades y trucos de pilotaje.\",\"sameAs\":[\"https:\\\/\\\/www.facebook.com\\\/BoxRepsol\\\/\",\"https:\\\/\\\/www.instagram.com\\\/box_repsol\\\/\",\"https:\\\/\\\/x.com\\\/https:\\\/\\\/twitter.com\\\/box_repsol\",\"https:\\\/\\\/www.youtube.com\\\/@Boxrepsol\"],\"url\":\"https:\\\/\\\/www.boxrepsol.com\\\/es\\\/author\\\/redaccion-box-repsol\\\/\"}]}<\/script>\n<!-- \/ Yoast SEO plugin. -->","yoast_head_json":{"title":"\"Estamos muy motivados despu\u00e9s de haber empezado as\u00ed de bien la temporada\" - Box Repsol","canonical":"https:\/\/www.boxrepsol.com\/es\/motogp\/estamos-motivados-despues-haber-empezado-asi-bien-la-temporada\/","og_locale":"es_ES","og_type":"article","og_title":"\"Estamos muy motivados despu\u00e9s de haber empezado as\u00ed de bien la temporada\" - Box Repsol","og_description":"El Team Manager del Repsol Honda valora el inicio de su quinta campa\u00f1a al frente del equipo tras la buena actuaci\u00f3n de sus pilotos en Catar","og_url":"https:\/\/www.boxrepsol.com\/es\/motogp\/estamos-motivados-despues-haber-empezado-asi-bien-la-temporada\/","og_site_name":"Box Repsol","article_publisher":"https:\/\/www.facebook.com\/BoxRepsol","article_author":"https:\/\/www.facebook.com\/BoxRepsol\/","article_published_time":"2022-03-07T02:00:00+00:00","article_modified_time":"2024-04-09T09:16:10+00:00","og_image":[{"width":1280,"height":600,"url":"https:\/\/bxrepsol.s3.eu-west-1.amazonaws.com\/static\/2022\/08\/10040514\/RD1_Qatar_Espargaro_2022-2-8-scaled1.jpg","type":"image\/jpeg"}],"author":"Redacci\u00f3n Box Repsol","twitter_card":"summary_large_image","twitter_creator":"@https:\/\/twitter.com\/box_repsol","twitter_site":"@box_repsol","twitter_misc":{"Written by":"Redacci\u00f3n Box Repsol","Est. reading time":"3 minutos"},"schema":{"@context":"https:\/\/schema.org","@graph":[{"@type":"Article","@id":"https:\/\/www.boxrepsol.com\/es\/motogp\/estamos-motivados-despues-haber-empezado-asi-bien-la-temporada\/#article","isPartOf":{"@id":"https:\/\/www.boxrepsol.com\/es\/motogp\/estamos-motivados-despues-haber-empezado-asi-bien-la-temporada\/"},"author":{"name":"Redacci\u00f3n Box Repsol","@id":"https:\/\/www.boxrepsol.com\/es\/#\/schema\/person\/c5c2138f2cca251b0ad92b7086bb60b7"},"headline":"\u00abEstamos muy motivados despu\u00e9s de haber empezado as\u00ed de bien la temporada\u00bb","datePublished":"2022-03-07T02:00:00+00:00","dateModified":"2024-04-09T09:16:10+00:00","mainEntityOfPage":{"@id":"https:\/\/www.boxrepsol.com\/es\/motogp\/estamos-motivados-despues-haber-empezado-asi-bien-la-temporada\/"},"wordCount":529,"commentCount":0,"publisher":{"@id":"https:\/\/www.boxrepsol.com\/es\/#organization"},"image":{"@id":"https:\/\/www.boxrepsol.com\/es\/motogp\/estamos-motivados-despues-haber-empezado-asi-bien-la-temporada\/#primaryimage"},"thumbnailUrl":"https:\/\/bxrepsol.s3.eu-west-1.amazonaws.com\/static\/2022\/08\/10040514\/RD1_Qatar_Espargaro_2022-2-8-scaled1.jpg","keywords":["2022","Marc M\u00e1rquez","MotoGP Catar","Pol Espargar\u00f3"],"articleSection":["MotoGP"],"inLanguage":"es","potentialAction":[{"@type":"CommentAction","name":"Comment","target":["https:\/\/www.boxrepsol.com\/es\/motogp\/estamos-motivados-despues-haber-empezado-asi-bien-la-temporada\/#respond"]}]},{"@type":"WebPage","@id":"https:\/\/www.boxrepsol.com\/es\/motogp\/estamos-motivados-despues-haber-empezado-asi-bien-la-temporada\/","url":"https:\/\/www.boxrepsol.com\/es\/motogp\/estamos-motivados-despues-haber-empezado-asi-bien-la-temporada\/","name":"\"Estamos muy motivados despu\u00e9s de haber empezado as\u00ed de bien la temporada\" - Box Repsol","isPartOf":{"@id":"https:\/\/www.boxrepsol.com\/es\/#website"},"primaryImageOfPage":{"@id":"https:\/\/www.boxrepsol.com\/es\/motogp\/estamos-motivados-despues-haber-empezado-asi-bien-la-temporada\/#primaryimage"},"image":{"@id":"https:\/\/www.boxrepsol.com\/es\/motogp\/estamos-motivados-despues-haber-empezado-asi-bien-la-temporada\/#primaryimage"},"thumbnailUrl":"https:\/\/bxrepsol.s3.eu-west-1.amazonaws.com\/static\/2022\/08\/10040514\/RD1_Qatar_Espargaro_2022-2-8-scaled1.jpg","datePublished":"2022-03-07T02:00:00+00:00","dateModified":"2024-04-09T09:16:10+00:00","breadcrumb":{"@id":"https:\/\/www.boxrepsol.com\/es\/motogp\/estamos-motivados-despues-haber-empezado-asi-bien-la-temporada\/#breadcrumb"},"inLanguage":"es","potentialAction":[{"@type":"ReadAction","target":["https:\/\/www.boxrepsol.com\/es\/motogp\/estamos-motivados-despues-haber-empezado-asi-bien-la-temporada\/"]}]},{"@type":"ImageObject","inLanguage":"es","@id":"https:\/\/www.boxrepsol.com\/es\/motogp\/estamos-motivados-despues-haber-empezado-asi-bien-la-temporada\/#primaryimage","url":"https:\/\/bxrepsol.s3.eu-west-1.amazonaws.com\/static\/2022\/08\/10040514\/RD1_Qatar_Espargaro_2022-2-8-scaled1.jpg","contentUrl":"https:\/\/bxrepsol.s3.eu-west-1.amazonaws.com\/static\/2022\/08\/10040514\/RD1_Qatar_Espargaro_2022-2-8-scaled1.jpg","width":1280,"height":600},{"@type":"BreadcrumbList","@id":"https:\/\/www.boxrepsol.com\/es\/motogp\/estamos-motivados-despues-haber-empezado-asi-bien-la-temporada\/#breadcrumb","itemListElement":[{"@type":"ListItem","position":1,"name":"Home","item":"https:\/\/www.boxrepsol.com\/es\/"},{"@type":"ListItem","position":2,"name":"\u00abEstamos muy motivados despu\u00e9s de haber empezado as\u00ed de bien la temporada\u00bb"}]},{"@type":"WebSite","@id":"https:\/\/www.boxrepsol.com\/es\/#website","url":"https:\/\/www.boxrepsol.com\/es\/","name":"Box Repsol","description":"Box Repsol Site","publisher":{"@id":"https:\/\/www.boxrepsol.com\/es\/#organization"},"potentialAction":[{"@type":"SearchAction","target":{"@type":"EntryPoint","urlTemplate":"https:\/\/www.boxrepsol.com\/es\/?s={search_term_string}"},"query-input":{"@type":"PropertyValueSpecification","valueRequired":true,"valueName":"search_term_string"}}],"inLanguage":"es"},{"@type":"Organization","@id":"https:\/\/www.boxrepsol.com\/es\/#organization","name":"Box Repsol","url":"https:\/\/www.boxrepsol.com\/es\/","logo":{"@type":"ImageObject","inLanguage":"es","@id":"https:\/\/www.boxrepsol.com\/es\/#\/schema\/logo\/image\/","url":"https:\/\/bxrepsol.s3.eu-west-1.amazonaws.com\/static\/2025\/07\/30083337\/favicon-96x96-1.png","contentUrl":"https:\/\/bxrepsol.s3.eu-west-1.amazonaws.com\/static\/2025\/07\/30083337\/favicon-96x96-1.png","width":96,"height":96,"caption":"Box Repsol"},"image":{"@id":"https:\/\/www.boxrepsol.com\/es\/#\/schema\/logo\/image\/"},"sameAs":["https:\/\/www.facebook.com\/BoxRepsol","https:\/\/x.com\/box_repsol","http:\/\/instagram.com\/box_repsol","https:\/\/www.youtube.com\/user\/RepsolCompeticion","https:\/\/www.flickr.com\/photos\/box_repsol\/"]},{"@type":"Person","@id":"https:\/\/www.boxrepsol.com\/es\/#\/schema\/person\/c5c2138f2cca251b0ad92b7086bb60b7","name":"Redacci\u00f3n Box Repsol","image":{"@type":"ImageObject","inLanguage":"es","@id":"https:\/\/secure.gravatar.com\/avatar\/adf7b77e38b4419baf32c7e9c21dde01f4e40df611f0978e3006fc4ba0aaab7e?s=96&d=mm&r=g","url":"https:\/\/secure.gravatar.com\/avatar\/adf7b77e38b4419baf32c7e9c21dde01f4e40df611f0978e3006fc4ba0aaab7e?s=96&d=mm&r=g","contentUrl":"https:\/\/secure.gravatar.com\/avatar\/adf7b77e38b4419baf32c7e9c21dde01f4e40df611f0978e3006fc4ba0aaab7e?s=96&d=mm&r=g","caption":"Redacci\u00f3n Box Repsol"},"description":"Box Repsol lo forma un equipo de periodistas, community managers, dise\u00f1adores y fot\u00f3grafos con m\u00e1s de 20 a\u00f1os de experiencia en el mundo del motorsport. Hemos vivido el primer mundial de un espa\u00f1ol en la categor\u00eda reina de motociclismo con \u00c1lex Crivill\u00e9, estuvimos en las victorias de Pedrosa y los t\u00edtulos de M\u00e1rquez, acompa\u00f1amos en \u00c1frica a Nani Roma y Marc Coma en sus conquistas del Dakar y hemos vibrado con los t\u00edtulos de Toni Bou en Trial. Adem\u00e1s, en nuestro equipo contamos con expertos en el mundo de las dos y cuatro ruedas tanto de la calle y las carreteras, como de los circuitos. Periodistas que han trabajado en revistas y publicaciones para hacerte llegar desde rutas y consejos de mantenimiento, a curiosidades y trucos de pilotaje.","sameAs":["https:\/\/www.facebook.com\/BoxRepsol\/","https:\/\/www.instagram.com\/box_repsol\/","https:\/\/x.com\/https:\/\/twitter.com\/box_repsol","https:\/\/www.youtube.com\/@Boxrepsol"],"url":"https:\/\/www.boxrepsol.com\/es\/author\/redaccion-box-repsol\/"}]}},"_links":{"self":[{"href":"https:\/\/www.boxrepsol.com\/es\/wp-json\/wp\/v2\/posts\/95265","targetHints":{"allow":["GET"]}}],"collection":[{"href":"https:\/\/www.boxrepsol.com\/es\/wp-json\/wp\/v2\/posts"}],"about":[{"href":"https:\/\/www.boxrepsol.com\/es\/wp-json\/wp\/v2\/types\/post"}],"author":[{"embeddable":true,"href":"https:\/\/www.boxrepsol.com\/es\/wp-json\/wp\/v2\/users\/43146"}],"replies":[{"embeddable":true,"href":"https:\/\/www.boxrepsol.com\/es\/wp-json\/wp\/v2\/comments?post=95265"}],"version-history":[{"count":1,"href":"https:\/\/www.boxrepsol.com\/es\/wp-json\/wp\/v2\/posts\/95265\/revisions"}],"predecessor-version":[{"id":114676,"href":"https:\/\/www.boxrepsol.com\/es\/wp-json\/wp\/v2\/posts\/95265\/revisions\/114676"}],"wp:featuredmedia":[{"embeddable":true,"href":"https:\/\/www.boxrepsol.com\/es\/wp-json\/wp\/v2\/media\/45279"}],"wp:attachment":[{"href":"https:\/\/www.boxrepsol.com\/es\/wp-json\/wp\/v2\/media?parent=95265"}],"wp:term":[{"taxonomy":"category","embeddable":true,"href":"https:\/\/www.boxrepsol.com\/es\/wp-json\/wp\/v2\/categories?post=95265"},{"taxonomy":"post_tag","embeddable":true,"href":"https:\/\/www.boxrepsol.com\/es\/wp-json\/wp\/v2\/tags?post=95265"}],"curies":[{"name":"wp","href":"https:\/\/api.w.org\/{rel}","templated":true}]}}