{"id":95263,"date":"2022-03-05T00:00:00","date_gmt":"2022-03-05T02:00:00","guid":{"rendered":"http:\/\/pre.boxrepsol.com\/sin-categorizar\/marquez-es-tercero-y-espargaro-sexto-en-la-primera-sesion-cronometrada-del-ano\/"},"modified":"2024-04-09T07:16:41","modified_gmt":"2024-04-09T09:16:41","slug":"marquez-es-tercero-y-espargaro-sexto-en-la-primera-sesion-cronometrada-del-ano","status":"publish","type":"post","link":"https:\/\/www.boxrepsol.com\/es\/motogp\/marquez-es-tercero-y-espargaro-sexto-en-la-primera-sesion-cronometrada-del-ano\/","title":{"rendered":"M\u00e1rquez es tercero y Espargar\u00f3 sexto en la primera sesi\u00f3n cronometrada del a\u00f1o"},"content":{"rendered":"<p><strong>Marc M\u00e1rquez<\/strong> ha vuelto a completar una positiva jornada en Doha, <strong>Catar.<\/strong> El ocho veces Campe\u00f3n del Mundo empezar\u00e1 la primera carrera de la temporada desde la tercera posici\u00f3n -gracias a un mejor tiempo de 1 minuto, 53 segundos y 283 mil\u00e9simas-, qued\u00e1ndose a tan s\u00f3lo 272 mil\u00e9simas de la <em>pole position<\/em>.<\/p>\n<p>El piloto del equipo <strong>Repsol Honda<\/strong> empezar\u00e1 de esta forma la primera cita del Campeonato del Mundo de MotoGP en el <strong>Circuito Internacional de Lusail.<\/strong><\/p>\n<p>Su compa\u00f1ero de equipo, <strong>Pol Espargar\u00f3,<\/strong> empezar\u00e1 el Gran Premio de Catar desde la sexta posici\u00f3n de la parrilla de salida. El piloto del equipo <strong>Repsol Honda<\/strong> ha culminado un positivo s\u00e1bado, posicionado la mayor parte de la jornada entre los cinco mejores tiempos.<\/p>\n<p>En su \u00faltima vuelta lanzada, <strong>Espargar\u00f3<\/strong> ha registrado un mejor tiempo de 1 minuto, 53 segundos y 346 mil\u00e9simas, tiempo que le ha permitido asegurarse un puesto en la segunda fila de la parrilla de salida.<\/p>\n<h3>Declaraciones de los pilotos<\/h3>\n<p><a href=\"https:\/\/twitter.com\/hashtag\/MM93?src=hashtag_click\">#MM93\u00a0<\/a><\/p>\n<p>\u00abEs importante comenzar en las dos primeras filas de la parrilla y \u00e9ste era el objetivo de hoy. Catar no es uno de los mejores circuitos para mi estilo, pero gracias a un paso que hemos dado en la FP4 me he ido sintiendo mejor. Estoy feliz, pero ma\u00f1ana es el d\u00eda m\u00e1s importante y no somos los m\u00e1s r\u00e1pidos en este momento. Por supuesto que todav\u00eda hay tiempo para trabajar e intentaremos gestionarlo todo bien. Nuestro ritmo en la FP4 est\u00e1 cerca y la pista puede cambiar mucho aqu\u00ed con el viento, la arena y la humedad. A ver qu\u00e9 pasa el domingo, \u00a1estoy impaciente!\u00bb.<\/p>\n<p><a href=\"https:\/\/twitter.com\/hashtag\/POL44?src=hashtag_click\">#POL44<\/a><\/p>\n<p>\u00abHablando honestamente, es una pena estar tan cerca de la primera fila y simplemente perderla al final. Pero tenemos que mirar en perspectiva; he cometido un error y todav\u00eda estamos cerca de la primera fila. Esto muestra el progreso que estamos haciendo, ya que comenzar en las dos primeras filas es bueno. Estas seis primeras posiciones son donde debes estar al inicio de la carrera. Aparte de eso, ha sido un muy buen d\u00eda, estaba tranquilo y no me he emocionado demasiado sobre la moto. Hemos dado el primer paso del a\u00f1o y ma\u00f1ana veremos qu\u00e9 sucede en la carrera, porque puede pasar cualquier cosa\u00bb.<\/p>\n<p>&nbsp;<\/p>\n","protected":false},"excerpt":{"rendered":"<p>Los pilotos del equipo Repsol Honda arrancar\u00e1n la carrera inaugural de la temporada desde la primera y segunda fila.<\/p>\n","protected":false},"author":43146,"featured_media":45253,"comment_status":"open","ping_status":"open","sticky":false,"template":"","format":"standard","meta":{"footnotes":""},"categories":[4],"tags":[120,6,157,128],"class_list":["post-95263","post","type-post","status-publish","format-standard","hentry","category-motogp","tag-120","tag-marc-marquez","tag-motogp-catar","tag-pol-espargaro"],"yoast_head":"<!-- This site is optimized with the Yoast SEO plugin v27.3 - https:\/\/yoast.com\/product\/yoast-seo-wordpress\/ -->\n<title>M\u00e1rquez es tercero y Espargar\u00f3 sexto en la primera sesi\u00f3n cronometrada del a\u00f1o - Box Repsol<\/title>\n<link rel=\"canonical\" href=\"https:\/\/www.boxrepsol.com\/es\/motogp\/marquez-es-tercero-y-espargaro-sexto-en-la-primera-sesion-cronometrada-del-ano\/\" \/>\n<meta property=\"og:locale\" content=\"es_ES\" \/>\n<meta property=\"og:type\" content=\"article\" \/>\n<meta property=\"og:title\" content=\"M\u00e1rquez es tercero y Espargar\u00f3 sexto en la primera sesi\u00f3n cronometrada del a\u00f1o - Box Repsol\" \/>\n<meta property=\"og:description\" content=\"Los pilotos del equipo Repsol Honda arrancar\u00e1n la carrera inaugural de la temporada desde la primera y segunda fila.\" \/>\n<meta property=\"og:url\" content=\"https:\/\/www.boxrepsol.com\/es\/motogp\/marquez-es-tercero-y-espargaro-sexto-en-la-primera-sesion-cronometrada-del-ano\/\" \/>\n<meta property=\"og:site_name\" content=\"Box Repsol\" \/>\n<meta property=\"article:publisher\" content=\"https:\/\/www.facebook.com\/BoxRepsol\" \/>\n<meta property=\"article:author\" content=\"https:\/\/www.facebook.com\/BoxRepsol\/\" \/>\n<meta property=\"article:published_time\" content=\"2022-03-05T02:00:00+00:00\" \/>\n<meta property=\"article:modified_time\" content=\"2024-04-09T09:16:41+00:00\" \/>\n<meta property=\"og:image\" content=\"https:\/\/bxrepsol.s3.eu-west-1.amazonaws.com\/static\/2022\/08\/10040437\/http___repsolmedia.com_repsolmedia_wp-content_uploads_2022_03_RD1_Qatar_Marc_2022-07011-scaled-1.jpg\" \/>\n\t<meta property=\"og:image:width\" content=\"2560\" \/>\n\t<meta property=\"og:image:height\" content=\"1706\" \/>\n\t<meta property=\"og:image:type\" content=\"image\/jpeg\" \/>\n<meta name=\"author\" content=\"Redacci\u00f3n Box Repsol\" \/>\n<meta name=\"twitter:card\" content=\"summary_large_image\" \/>\n<meta name=\"twitter:creator\" content=\"@https:\/\/twitter.com\/box_repsol\" \/>\n<meta name=\"twitter:site\" content=\"@box_repsol\" \/>\n<meta name=\"twitter:label1\" content=\"Written by\" \/>\n\t<meta name=\"twitter:data1\" content=\"Redacci\u00f3n Box Repsol\" \/>\n\t<meta name=\"twitter:label2\" content=\"Est. reading time\" \/>\n\t<meta name=\"twitter:data2\" content=\"2 minutos\" \/>\n<script type=\"application\/ld+json\" class=\"yoast-schema-graph\">{\"@context\":\"https:\\\/\\\/schema.org\",\"@graph\":[{\"@type\":\"Article\",\"@id\":\"https:\\\/\\\/www.boxrepsol.com\\\/es\\\/motogp\\\/marquez-es-tercero-y-espargaro-sexto-en-la-primera-sesion-cronometrada-del-ano\\\/#article\",\"isPartOf\":{\"@id\":\"https:\\\/\\\/www.boxrepsol.com\\\/es\\\/motogp\\\/marquez-es-tercero-y-espargaro-sexto-en-la-primera-sesion-cronometrada-del-ano\\\/\"},\"author\":{\"name\":\"Redacci\u00f3n Box Repsol\",\"@id\":\"https:\\\/\\\/www.boxrepsol.com\\\/es\\\/#\\\/schema\\\/person\\\/c5c2138f2cca251b0ad92b7086bb60b7\"},\"headline\":\"M\u00e1rquez es tercero y Espargar\u00f3 sexto en la primera sesi\u00f3n cronometrada del a\u00f1o\",\"datePublished\":\"2022-03-05T02:00:00+00:00\",\"dateModified\":\"2024-04-09T09:16:41+00:00\",\"mainEntityOfPage\":{\"@id\":\"https:\\\/\\\/www.boxrepsol.com\\\/es\\\/motogp\\\/marquez-es-tercero-y-espargaro-sexto-en-la-primera-sesion-cronometrada-del-ano\\\/\"},\"wordCount\":405,\"commentCount\":0,\"publisher\":{\"@id\":\"https:\\\/\\\/www.boxrepsol.com\\\/es\\\/#organization\"},\"image\":{\"@id\":\"https:\\\/\\\/www.boxrepsol.com\\\/es\\\/motogp\\\/marquez-es-tercero-y-espargaro-sexto-en-la-primera-sesion-cronometrada-del-ano\\\/#primaryimage\"},\"thumbnailUrl\":\"https:\\\/\\\/bxrepsol.s3.eu-west-1.amazonaws.com\\\/static\\\/2022\\\/08\\\/10040437\\\/http___repsolmedia.com_repsolmedia_wp-content_uploads_2022_03_RD1_Qatar_Marc_2022-07011-scaled-1.jpg\",\"keywords\":[\"2022\",\"Marc M\u00e1rquez\",\"MotoGP Catar\",\"Pol Espargar\u00f3\"],\"articleSection\":[\"MotoGP\"],\"inLanguage\":\"es\",\"potentialAction\":[{\"@type\":\"CommentAction\",\"name\":\"Comment\",\"target\":[\"https:\\\/\\\/www.boxrepsol.com\\\/es\\\/motogp\\\/marquez-es-tercero-y-espargaro-sexto-en-la-primera-sesion-cronometrada-del-ano\\\/#respond\"]}]},{\"@type\":\"WebPage\",\"@id\":\"https:\\\/\\\/www.boxrepsol.com\\\/es\\\/motogp\\\/marquez-es-tercero-y-espargaro-sexto-en-la-primera-sesion-cronometrada-del-ano\\\/\",\"url\":\"https:\\\/\\\/www.boxrepsol.com\\\/es\\\/motogp\\\/marquez-es-tercero-y-espargaro-sexto-en-la-primera-sesion-cronometrada-del-ano\\\/\",\"name\":\"M\u00e1rquez es tercero y Espargar\u00f3 sexto en la primera sesi\u00f3n cronometrada del a\u00f1o - Box Repsol\",\"isPartOf\":{\"@id\":\"https:\\\/\\\/www.boxrepsol.com\\\/es\\\/#website\"},\"primaryImageOfPage\":{\"@id\":\"https:\\\/\\\/www.boxrepsol.com\\\/es\\\/motogp\\\/marquez-es-tercero-y-espargaro-sexto-en-la-primera-sesion-cronometrada-del-ano\\\/#primaryimage\"},\"image\":{\"@id\":\"https:\\\/\\\/www.boxrepsol.com\\\/es\\\/motogp\\\/marquez-es-tercero-y-espargaro-sexto-en-la-primera-sesion-cronometrada-del-ano\\\/#primaryimage\"},\"thumbnailUrl\":\"https:\\\/\\\/bxrepsol.s3.eu-west-1.amazonaws.com\\\/static\\\/2022\\\/08\\\/10040437\\\/http___repsolmedia.com_repsolmedia_wp-content_uploads_2022_03_RD1_Qatar_Marc_2022-07011-scaled-1.jpg\",\"datePublished\":\"2022-03-05T02:00:00+00:00\",\"dateModified\":\"2024-04-09T09:16:41+00:00\",\"breadcrumb\":{\"@id\":\"https:\\\/\\\/www.boxrepsol.com\\\/es\\\/motogp\\\/marquez-es-tercero-y-espargaro-sexto-en-la-primera-sesion-cronometrada-del-ano\\\/#breadcrumb\"},\"inLanguage\":\"es\",\"potentialAction\":[{\"@type\":\"ReadAction\",\"target\":[\"https:\\\/\\\/www.boxrepsol.com\\\/es\\\/motogp\\\/marquez-es-tercero-y-espargaro-sexto-en-la-primera-sesion-cronometrada-del-ano\\\/\"]}]},{\"@type\":\"ImageObject\",\"inLanguage\":\"es\",\"@id\":\"https:\\\/\\\/www.boxrepsol.com\\\/es\\\/motogp\\\/marquez-es-tercero-y-espargaro-sexto-en-la-primera-sesion-cronometrada-del-ano\\\/#primaryimage\",\"url\":\"https:\\\/\\\/bxrepsol.s3.eu-west-1.amazonaws.com\\\/static\\\/2022\\\/08\\\/10040437\\\/http___repsolmedia.com_repsolmedia_wp-content_uploads_2022_03_RD1_Qatar_Marc_2022-07011-scaled-1.jpg\",\"contentUrl\":\"https:\\\/\\\/bxrepsol.s3.eu-west-1.amazonaws.com\\\/static\\\/2022\\\/08\\\/10040437\\\/http___repsolmedia.com_repsolmedia_wp-content_uploads_2022_03_RD1_Qatar_Marc_2022-07011-scaled-1.jpg\",\"width\":2560,\"height\":1706},{\"@type\":\"BreadcrumbList\",\"@id\":\"https:\\\/\\\/www.boxrepsol.com\\\/es\\\/motogp\\\/marquez-es-tercero-y-espargaro-sexto-en-la-primera-sesion-cronometrada-del-ano\\\/#breadcrumb\",\"itemListElement\":[{\"@type\":\"ListItem\",\"position\":1,\"name\":\"Home\",\"item\":\"https:\\\/\\\/www.boxrepsol.com\\\/es\\\/\"},{\"@type\":\"ListItem\",\"position\":2,\"name\":\"M\u00e1rquez es tercero y Espargar\u00f3 sexto en la primera sesi\u00f3n cronometrada del a\u00f1o\"}]},{\"@type\":\"WebSite\",\"@id\":\"https:\\\/\\\/www.boxrepsol.com\\\/es\\\/#website\",\"url\":\"https:\\\/\\\/www.boxrepsol.com\\\/es\\\/\",\"name\":\"Box Repsol\",\"description\":\"Box Repsol Site\",\"publisher\":{\"@id\":\"https:\\\/\\\/www.boxrepsol.com\\\/es\\\/#organization\"},\"potentialAction\":[{\"@type\":\"SearchAction\",\"target\":{\"@type\":\"EntryPoint\",\"urlTemplate\":\"https:\\\/\\\/www.boxrepsol.com\\\/es\\\/?s={search_term_string}\"},\"query-input\":{\"@type\":\"PropertyValueSpecification\",\"valueRequired\":true,\"valueName\":\"search_term_string\"}}],\"inLanguage\":\"es\"},{\"@type\":\"Organization\",\"@id\":\"https:\\\/\\\/www.boxrepsol.com\\\/es\\\/#organization\",\"name\":\"Box Repsol\",\"url\":\"https:\\\/\\\/www.boxrepsol.com\\\/es\\\/\",\"logo\":{\"@type\":\"ImageObject\",\"inLanguage\":\"es\",\"@id\":\"https:\\\/\\\/www.boxrepsol.com\\\/es\\\/#\\\/schema\\\/logo\\\/image\\\/\",\"url\":\"https:\\\/\\\/bxrepsol.s3.eu-west-1.amazonaws.com\\\/static\\\/2025\\\/07\\\/30083337\\\/favicon-96x96-1.png\",\"contentUrl\":\"https:\\\/\\\/bxrepsol.s3.eu-west-1.amazonaws.com\\\/static\\\/2025\\\/07\\\/30083337\\\/favicon-96x96-1.png\",\"width\":96,\"height\":96,\"caption\":\"Box Repsol\"},\"image\":{\"@id\":\"https:\\\/\\\/www.boxrepsol.com\\\/es\\\/#\\\/schema\\\/logo\\\/image\\\/\"},\"sameAs\":[\"https:\\\/\\\/www.facebook.com\\\/BoxRepsol\",\"https:\\\/\\\/x.com\\\/box_repsol\",\"http:\\\/\\\/instagram.com\\\/box_repsol\",\"https:\\\/\\\/www.youtube.com\\\/user\\\/RepsolCompeticion\",\"https:\\\/\\\/www.flickr.com\\\/photos\\\/box_repsol\\\/\"]},{\"@type\":\"Person\",\"@id\":\"https:\\\/\\\/www.boxrepsol.com\\\/es\\\/#\\\/schema\\\/person\\\/c5c2138f2cca251b0ad92b7086bb60b7\",\"name\":\"Redacci\u00f3n Box Repsol\",\"image\":{\"@type\":\"ImageObject\",\"inLanguage\":\"es\",\"@id\":\"https:\\\/\\\/secure.gravatar.com\\\/avatar\\\/adf7b77e38b4419baf32c7e9c21dde01f4e40df611f0978e3006fc4ba0aaab7e?s=96&d=mm&r=g\",\"url\":\"https:\\\/\\\/secure.gravatar.com\\\/avatar\\\/adf7b77e38b4419baf32c7e9c21dde01f4e40df611f0978e3006fc4ba0aaab7e?s=96&d=mm&r=g\",\"contentUrl\":\"https:\\\/\\\/secure.gravatar.com\\\/avatar\\\/adf7b77e38b4419baf32c7e9c21dde01f4e40df611f0978e3006fc4ba0aaab7e?s=96&d=mm&r=g\",\"caption\":\"Redacci\u00f3n Box Repsol\"},\"description\":\"Box Repsol lo forma un equipo de periodistas, community managers, dise\u00f1adores y fot\u00f3grafos con m\u00e1s de 20 a\u00f1os de experiencia en el mundo del motorsport. Hemos vivido el primer mundial de un espa\u00f1ol en la categor\u00eda reina de motociclismo con \u00c1lex Crivill\u00e9, estuvimos en las victorias de Pedrosa y los t\u00edtulos de M\u00e1rquez, acompa\u00f1amos en \u00c1frica a Nani Roma y Marc Coma en sus conquistas del Dakar y hemos vibrado con los t\u00edtulos de Toni Bou en Trial. Adem\u00e1s, en nuestro equipo contamos con expertos en el mundo de las dos y cuatro ruedas tanto de la calle y las carreteras, como de los circuitos. Periodistas que han trabajado en revistas y publicaciones para hacerte llegar desde rutas y consejos de mantenimiento, a curiosidades y trucos de pilotaje.\",\"sameAs\":[\"https:\\\/\\\/www.facebook.com\\\/BoxRepsol\\\/\",\"https:\\\/\\\/www.instagram.com\\\/box_repsol\\\/\",\"https:\\\/\\\/x.com\\\/https:\\\/\\\/twitter.com\\\/box_repsol\",\"https:\\\/\\\/www.youtube.com\\\/@Boxrepsol\"],\"url\":\"https:\\\/\\\/www.boxrepsol.com\\\/es\\\/author\\\/redaccion-box-repsol\\\/\"}]}<\/script>\n<!-- \/ Yoast SEO plugin. -->","yoast_head_json":{"title":"M\u00e1rquez es tercero y Espargar\u00f3 sexto en la primera sesi\u00f3n cronometrada del a\u00f1o - Box Repsol","canonical":"https:\/\/www.boxrepsol.com\/es\/motogp\/marquez-es-tercero-y-espargaro-sexto-en-la-primera-sesion-cronometrada-del-ano\/","og_locale":"es_ES","og_type":"article","og_title":"M\u00e1rquez es tercero y Espargar\u00f3 sexto en la primera sesi\u00f3n cronometrada del a\u00f1o - Box Repsol","og_description":"Los pilotos del equipo Repsol Honda arrancar\u00e1n la carrera inaugural de la temporada desde la primera y segunda fila.","og_url":"https:\/\/www.boxrepsol.com\/es\/motogp\/marquez-es-tercero-y-espargaro-sexto-en-la-primera-sesion-cronometrada-del-ano\/","og_site_name":"Box Repsol","article_publisher":"https:\/\/www.facebook.com\/BoxRepsol","article_author":"https:\/\/www.facebook.com\/BoxRepsol\/","article_published_time":"2022-03-05T02:00:00+00:00","article_modified_time":"2024-04-09T09:16:41+00:00","og_image":[{"width":2560,"height":1706,"url":"https:\/\/bxrepsol.s3.eu-west-1.amazonaws.com\/static\/2022\/08\/10040437\/http___repsolmedia.com_repsolmedia_wp-content_uploads_2022_03_RD1_Qatar_Marc_2022-07011-scaled-1.jpg","type":"image\/jpeg"}],"author":"Redacci\u00f3n Box Repsol","twitter_card":"summary_large_image","twitter_creator":"@https:\/\/twitter.com\/box_repsol","twitter_site":"@box_repsol","twitter_misc":{"Written by":"Redacci\u00f3n Box Repsol","Est. reading time":"2 minutos"},"schema":{"@context":"https:\/\/schema.org","@graph":[{"@type":"Article","@id":"https:\/\/www.boxrepsol.com\/es\/motogp\/marquez-es-tercero-y-espargaro-sexto-en-la-primera-sesion-cronometrada-del-ano\/#article","isPartOf":{"@id":"https:\/\/www.boxrepsol.com\/es\/motogp\/marquez-es-tercero-y-espargaro-sexto-en-la-primera-sesion-cronometrada-del-ano\/"},"author":{"name":"Redacci\u00f3n Box Repsol","@id":"https:\/\/www.boxrepsol.com\/es\/#\/schema\/person\/c5c2138f2cca251b0ad92b7086bb60b7"},"headline":"M\u00e1rquez es tercero y Espargar\u00f3 sexto en la primera sesi\u00f3n cronometrada del a\u00f1o","datePublished":"2022-03-05T02:00:00+00:00","dateModified":"2024-04-09T09:16:41+00:00","mainEntityOfPage":{"@id":"https:\/\/www.boxrepsol.com\/es\/motogp\/marquez-es-tercero-y-espargaro-sexto-en-la-primera-sesion-cronometrada-del-ano\/"},"wordCount":405,"commentCount":0,"publisher":{"@id":"https:\/\/www.boxrepsol.com\/es\/#organization"},"image":{"@id":"https:\/\/www.boxrepsol.com\/es\/motogp\/marquez-es-tercero-y-espargaro-sexto-en-la-primera-sesion-cronometrada-del-ano\/#primaryimage"},"thumbnailUrl":"https:\/\/bxrepsol.s3.eu-west-1.amazonaws.com\/static\/2022\/08\/10040437\/http___repsolmedia.com_repsolmedia_wp-content_uploads_2022_03_RD1_Qatar_Marc_2022-07011-scaled-1.jpg","keywords":["2022","Marc M\u00e1rquez","MotoGP Catar","Pol Espargar\u00f3"],"articleSection":["MotoGP"],"inLanguage":"es","potentialAction":[{"@type":"CommentAction","name":"Comment","target":["https:\/\/www.boxrepsol.com\/es\/motogp\/marquez-es-tercero-y-espargaro-sexto-en-la-primera-sesion-cronometrada-del-ano\/#respond"]}]},{"@type":"WebPage","@id":"https:\/\/www.boxrepsol.com\/es\/motogp\/marquez-es-tercero-y-espargaro-sexto-en-la-primera-sesion-cronometrada-del-ano\/","url":"https:\/\/www.boxrepsol.com\/es\/motogp\/marquez-es-tercero-y-espargaro-sexto-en-la-primera-sesion-cronometrada-del-ano\/","name":"M\u00e1rquez es tercero y Espargar\u00f3 sexto en la primera sesi\u00f3n cronometrada del a\u00f1o - Box Repsol","isPartOf":{"@id":"https:\/\/www.boxrepsol.com\/es\/#website"},"primaryImageOfPage":{"@id":"https:\/\/www.boxrepsol.com\/es\/motogp\/marquez-es-tercero-y-espargaro-sexto-en-la-primera-sesion-cronometrada-del-ano\/#primaryimage"},"image":{"@id":"https:\/\/www.boxrepsol.com\/es\/motogp\/marquez-es-tercero-y-espargaro-sexto-en-la-primera-sesion-cronometrada-del-ano\/#primaryimage"},"thumbnailUrl":"https:\/\/bxrepsol.s3.eu-west-1.amazonaws.com\/static\/2022\/08\/10040437\/http___repsolmedia.com_repsolmedia_wp-content_uploads_2022_03_RD1_Qatar_Marc_2022-07011-scaled-1.jpg","datePublished":"2022-03-05T02:00:00+00:00","dateModified":"2024-04-09T09:16:41+00:00","breadcrumb":{"@id":"https:\/\/www.boxrepsol.com\/es\/motogp\/marquez-es-tercero-y-espargaro-sexto-en-la-primera-sesion-cronometrada-del-ano\/#breadcrumb"},"inLanguage":"es","potentialAction":[{"@type":"ReadAction","target":["https:\/\/www.boxrepsol.com\/es\/motogp\/marquez-es-tercero-y-espargaro-sexto-en-la-primera-sesion-cronometrada-del-ano\/"]}]},{"@type":"ImageObject","inLanguage":"es","@id":"https:\/\/www.boxrepsol.com\/es\/motogp\/marquez-es-tercero-y-espargaro-sexto-en-la-primera-sesion-cronometrada-del-ano\/#primaryimage","url":"https:\/\/bxrepsol.s3.eu-west-1.amazonaws.com\/static\/2022\/08\/10040437\/http___repsolmedia.com_repsolmedia_wp-content_uploads_2022_03_RD1_Qatar_Marc_2022-07011-scaled-1.jpg","contentUrl":"https:\/\/bxrepsol.s3.eu-west-1.amazonaws.com\/static\/2022\/08\/10040437\/http___repsolmedia.com_repsolmedia_wp-content_uploads_2022_03_RD1_Qatar_Marc_2022-07011-scaled-1.jpg","width":2560,"height":1706},{"@type":"BreadcrumbList","@id":"https:\/\/www.boxrepsol.com\/es\/motogp\/marquez-es-tercero-y-espargaro-sexto-en-la-primera-sesion-cronometrada-del-ano\/#breadcrumb","itemListElement":[{"@type":"ListItem","position":1,"name":"Home","item":"https:\/\/www.boxrepsol.com\/es\/"},{"@type":"ListItem","position":2,"name":"M\u00e1rquez es tercero y Espargar\u00f3 sexto en la primera sesi\u00f3n cronometrada del a\u00f1o"}]},{"@type":"WebSite","@id":"https:\/\/www.boxrepsol.com\/es\/#website","url":"https:\/\/www.boxrepsol.com\/es\/","name":"Box Repsol","description":"Box Repsol Site","publisher":{"@id":"https:\/\/www.boxrepsol.com\/es\/#organization"},"potentialAction":[{"@type":"SearchAction","target":{"@type":"EntryPoint","urlTemplate":"https:\/\/www.boxrepsol.com\/es\/?s={search_term_string}"},"query-input":{"@type":"PropertyValueSpecification","valueRequired":true,"valueName":"search_term_string"}}],"inLanguage":"es"},{"@type":"Organization","@id":"https:\/\/www.boxrepsol.com\/es\/#organization","name":"Box Repsol","url":"https:\/\/www.boxrepsol.com\/es\/","logo":{"@type":"ImageObject","inLanguage":"es","@id":"https:\/\/www.boxrepsol.com\/es\/#\/schema\/logo\/image\/","url":"https:\/\/bxrepsol.s3.eu-west-1.amazonaws.com\/static\/2025\/07\/30083337\/favicon-96x96-1.png","contentUrl":"https:\/\/bxrepsol.s3.eu-west-1.amazonaws.com\/static\/2025\/07\/30083337\/favicon-96x96-1.png","width":96,"height":96,"caption":"Box Repsol"},"image":{"@id":"https:\/\/www.boxrepsol.com\/es\/#\/schema\/logo\/image\/"},"sameAs":["https:\/\/www.facebook.com\/BoxRepsol","https:\/\/x.com\/box_repsol","http:\/\/instagram.com\/box_repsol","https:\/\/www.youtube.com\/user\/RepsolCompeticion","https:\/\/www.flickr.com\/photos\/box_repsol\/"]},{"@type":"Person","@id":"https:\/\/www.boxrepsol.com\/es\/#\/schema\/person\/c5c2138f2cca251b0ad92b7086bb60b7","name":"Redacci\u00f3n Box Repsol","image":{"@type":"ImageObject","inLanguage":"es","@id":"https:\/\/secure.gravatar.com\/avatar\/adf7b77e38b4419baf32c7e9c21dde01f4e40df611f0978e3006fc4ba0aaab7e?s=96&d=mm&r=g","url":"https:\/\/secure.gravatar.com\/avatar\/adf7b77e38b4419baf32c7e9c21dde01f4e40df611f0978e3006fc4ba0aaab7e?s=96&d=mm&r=g","contentUrl":"https:\/\/secure.gravatar.com\/avatar\/adf7b77e38b4419baf32c7e9c21dde01f4e40df611f0978e3006fc4ba0aaab7e?s=96&d=mm&r=g","caption":"Redacci\u00f3n Box Repsol"},"description":"Box Repsol lo forma un equipo de periodistas, community managers, dise\u00f1adores y fot\u00f3grafos con m\u00e1s de 20 a\u00f1os de experiencia en el mundo del motorsport. Hemos vivido el primer mundial de un espa\u00f1ol en la categor\u00eda reina de motociclismo con \u00c1lex Crivill\u00e9, estuvimos en las victorias de Pedrosa y los t\u00edtulos de M\u00e1rquez, acompa\u00f1amos en \u00c1frica a Nani Roma y Marc Coma en sus conquistas del Dakar y hemos vibrado con los t\u00edtulos de Toni Bou en Trial. Adem\u00e1s, en nuestro equipo contamos con expertos en el mundo de las dos y cuatro ruedas tanto de la calle y las carreteras, como de los circuitos. Periodistas que han trabajado en revistas y publicaciones para hacerte llegar desde rutas y consejos de mantenimiento, a curiosidades y trucos de pilotaje.","sameAs":["https:\/\/www.facebook.com\/BoxRepsol\/","https:\/\/www.instagram.com\/box_repsol\/","https:\/\/x.com\/https:\/\/twitter.com\/box_repsol","https:\/\/www.youtube.com\/@Boxrepsol"],"url":"https:\/\/www.boxrepsol.com\/es\/author\/redaccion-box-repsol\/"}]}},"_links":{"self":[{"href":"https:\/\/www.boxrepsol.com\/es\/wp-json\/wp\/v2\/posts\/95263","targetHints":{"allow":["GET"]}}],"collection":[{"href":"https:\/\/www.boxrepsol.com\/es\/wp-json\/wp\/v2\/posts"}],"about":[{"href":"https:\/\/www.boxrepsol.com\/es\/wp-json\/wp\/v2\/types\/post"}],"author":[{"embeddable":true,"href":"https:\/\/www.boxrepsol.com\/es\/wp-json\/wp\/v2\/users\/43146"}],"replies":[{"embeddable":true,"href":"https:\/\/www.boxrepsol.com\/es\/wp-json\/wp\/v2\/comments?post=95263"}],"version-history":[{"count":1,"href":"https:\/\/www.boxrepsol.com\/es\/wp-json\/wp\/v2\/posts\/95263\/revisions"}],"predecessor-version":[{"id":114677,"href":"https:\/\/www.boxrepsol.com\/es\/wp-json\/wp\/v2\/posts\/95263\/revisions\/114677"}],"wp:featuredmedia":[{"embeddable":true,"href":"https:\/\/www.boxrepsol.com\/es\/wp-json\/wp\/v2\/media\/45253"}],"wp:attachment":[{"href":"https:\/\/www.boxrepsol.com\/es\/wp-json\/wp\/v2\/media?parent=95263"}],"wp:term":[{"taxonomy":"category","embeddable":true,"href":"https:\/\/www.boxrepsol.com\/es\/wp-json\/wp\/v2\/categories?post=95263"},{"taxonomy":"post_tag","embeddable":true,"href":"https:\/\/www.boxrepsol.com\/es\/wp-json\/wp\/v2\/tags?post=95263"}],"curies":[{"name":"wp","href":"https:\/\/api.w.org\/{rel}","templated":true}]}}