{"id":95256,"date":"2022-03-01T00:00:00","date_gmt":"2022-03-01T02:00:00","guid":{"rendered":"http:\/\/pre.boxrepsol.com\/sin-categorizar\/marc-marquez-cumple-10-anos-con-el-equipo-repsol-honda\/"},"modified":"2024-04-09T07:18:02","modified_gmt":"2024-04-09T09:18:02","slug":"marc-marquez-cumple-10-anos-con-el-equipo-repsol-honda","status":"publish","type":"post","link":"https:\/\/www.boxrepsol.com\/es\/motogp\/marc-marquez-cumple-10-anos-con-el-equipo-repsol-honda\/","title":{"rendered":"Marc M\u00e1rquez cumple 10 a\u00f1os con el equipo Repsol Honda"},"content":{"rendered":"<p>Desde su llegada a la categor\u00eda reina en 2013, <strong>Marc M\u00e1rquez<\/strong> y el equipo <strong>Repsol Honda<\/strong> han sido los grandes protagonistas de <strong>MotoGP.<\/strong> M\u00e1rquez se uni\u00f3 a la estructura junto a Dani Pedrosa y r\u00e1pidamente levant\u00f3 una gran expectaci\u00f3n, terminando tercero en su debut en MotoGP en Catar. Su primera victoria llegar\u00eda en la segunda carrera de la temporada, convirti\u00e9ndose en el ganador m\u00e1s joven de la categor\u00eda reina, con 20 a\u00f1os y 63 d\u00edas, tras lograr la primera de sus siete victorias en el GP de las Am\u00e9ricas. Con cuatro victorias consecutivas en Alemania, Laguna Seca, Indian\u00e1polis y Brno, el equipo Repsol Honda y M\u00e1rquez pusieron sus miras en el t\u00edtulo y lograron su objetivo en Valencia, donde M\u00e1rquez se convirti\u00f3 en el Campe\u00f3n del Mundo m\u00e1s joven de la historia de MotoGP -con 20 a\u00f1os y 266 d\u00edas-, arrebatando este r\u00e9cord a Freddie Spencer, otra leyenda de Honda.<\/p>\n<p><iframe loading=\"lazy\" title=\"YouTube video player\" src=\"https:\/\/www.youtube.com\/embed\/AooaOsSuDH0\" width=\"560\" height=\"315\" frameborder=\"0\" allowfullscreen=\"allowfullscreen\"><\/iframe><\/p>\n<p>A lo largo de las siguientes temporadas, <strong>M\u00e1rquez<\/strong> continu\u00f3 creciendo y desarroll\u00e1ndose como piloto dentro del equipo <strong>Repsol Honda,<\/strong> disfrutando de una serie de victorias memorables mientras aprend\u00eda importantes lecciones de las carreras y de las temporadas dif\u00edciles. Esta capacidad de adaptaci\u00f3n ha sido clave para que ambas partes se mantuvieran al frente del Campeonato del Mundo de MotoGP durante tanto tiempo.<\/p>\n<p>En 2022, <strong>M\u00e1rquez<\/strong> quiere dejar atr\u00e1s dos a\u00f1os dif\u00edciles interrumpidos por las lesiones y volver a luchar de forma constante en las primeras posiciones. Cruzar el umbral de los 100 podios en la categor\u00eda reina, convirti\u00e9ndose en el cuarto piloto en hacerlo en la historia, es el primer objetivo del nuevo a\u00f1o.<\/p>\n<p>Otros logros conseguidos durante los diez a\u00f1os de M\u00e1rquez en el equipo <strong>Repsol Honda<\/strong> incluyen el haberse convertido en el primer piloto en ganar 13 Grandes Premios de la categor\u00eda reina en una sola temporada (2014), adem\u00e1s de ser el primer piloto desde 1970 en ganar diez carreras seguidas en la categor\u00eda reina. En las temporadas 2013 y 2014, el #93 tambi\u00e9n se convirti\u00f3 en el bicampe\u00f3n mundial de MotoGP m\u00e1s joven de la historia, con 21 a\u00f1os y 327 d\u00edas. M\u00e1s recientemente, M\u00e1rquez rompi\u00f3 el r\u00e9cord de la mayor cantidad de puntos en una sola temporada: 420 durante su dominio en la campa\u00f1a de 2019.<\/p>\n<p>Hasta la fecha, Marc M\u00e1rquez y el equipo Repsol Honda han conseguido juntos 62 poles, 99 podios, 59 victorias y seis Campeonatos del Mundo, siendo el binomio a batir en los \u00faltimos diez a\u00f1os del Campeonato del Mundo de Motociclismo. La motivaci\u00f3n y la ambici\u00f3n siguen siendo tan altas como siempre para esta combinaci\u00f3n de piloto y equipo, que pretende celebrar su d\u00e9cada juntos de la mejor manera posible: con la consecuci\u00f3n de otro campeonato.<\/p>\n<p>M\u00e1rquez tambi\u00e9n se ha consolidado como un piloto emblem\u00e1tico en la historia de Honda y se sit\u00faa como el piloto de la marca japonesa con m\u00e1s victorias en la categor\u00eda reina, m\u00e1s victorias en todas las categor\u00edas y poseedor del r\u00e9cord absoluto de poles en la categor\u00eda reina, cuatro por delante de Mick Doohan. Solamente Dani Pedrosa ha pasado m\u00e1s tiempo dentro del equipo Repsol Honda, habiendo competido con los ic\u00f3nicos colores durante 13 a\u00f1os.<\/p>\n<p>El Campeonato del Mundo de MotoGP de 2022 arranca este pr\u00f3ximo viernes 4 de marzo en Catar, con la primera sesi\u00f3n de entrenamientos libres y el 93 de Marc M\u00e1rquez volver\u00e1 a adornar el carenado delantero de la RC213V del equipo Repsol Honda un a\u00f1o m\u00e1s.<\/p>\n","protected":false},"excerpt":{"rendered":"<p>En 2022, el ic\u00f3nico n\u00famero 93 iniciar\u00e1 su d\u00e9cima temporada en MotoGP con el equipo Repsol Honda, persiguiendo juntos el s\u00e9ptimo t\u00edtulo mundial de Marc M\u00e1rquez.<\/p>\n","protected":false},"author":43146,"featured_media":45196,"comment_status":"open","ping_status":"open","sticky":false,"template":"","format":"standard","meta":{"footnotes":""},"categories":[4],"tags":[50,6],"class_list":["post-95256","post","type-post","status-publish","format-standard","hentry","category-motogp","tag-equipo-repsol-honda","tag-marc-marquez"],"yoast_head":"<!-- This site is optimized with the Yoast SEO plugin v27.3 - https:\/\/yoast.com\/product\/yoast-seo-wordpress\/ -->\n<title>Marc M\u00e1rquez cumple 10 a\u00f1os con el equipo Repsol Honda - Box Repsol<\/title>\n<link rel=\"canonical\" href=\"https:\/\/www.boxrepsol.com\/es\/motogp\/marc-marquez-cumple-10-anos-con-el-equipo-repsol-honda\/\" \/>\n<meta property=\"og:locale\" content=\"es_ES\" \/>\n<meta property=\"og:type\" content=\"article\" \/>\n<meta property=\"og:title\" content=\"Marc M\u00e1rquez cumple 10 a\u00f1os con el equipo Repsol Honda - Box Repsol\" \/>\n<meta property=\"og:description\" content=\"En 2022, el ic\u00f3nico n\u00famero 93 iniciar\u00e1 su d\u00e9cima temporada en MotoGP con el equipo Repsol Honda, persiguiendo juntos el s\u00e9ptimo t\u00edtulo mundial de Marc M\u00e1rquez.\" \/>\n<meta property=\"og:url\" content=\"https:\/\/www.boxrepsol.com\/es\/motogp\/marc-marquez-cumple-10-anos-con-el-equipo-repsol-honda\/\" \/>\n<meta property=\"og:site_name\" content=\"Box Repsol\" \/>\n<meta property=\"article:publisher\" content=\"https:\/\/www.facebook.com\/BoxRepsol\" \/>\n<meta property=\"article:author\" content=\"https:\/\/www.facebook.com\/BoxRepsol\/\" \/>\n<meta property=\"article:published_time\" content=\"2022-03-01T02:00:00+00:00\" \/>\n<meta property=\"article:modified_time\" content=\"2024-04-09T09:18:02+00:00\" \/>\n<meta property=\"og:image\" content=\"https:\/\/bxrepsol.s3.eu-west-1.amazonaws.com\/static\/2022\/08\/10040259\/http___repsolmedia.com_repsolmedia_wp-content_uploads_2022_03_http___repsolmedia.com_repsolmedia_wp-content_uploads_2013_11_018Valencia13_RMgp_XXX_7661-scaled-1.jpg\" \/>\n\t<meta property=\"og:image:width\" content=\"1280\" \/>\n\t<meta property=\"og:image:height\" content=\"600\" \/>\n\t<meta property=\"og:image:type\" content=\"image\/jpeg\" \/>\n<meta name=\"author\" content=\"Redacci\u00f3n Box Repsol\" \/>\n<meta name=\"twitter:card\" content=\"summary_large_image\" \/>\n<meta name=\"twitter:creator\" content=\"@https:\/\/twitter.com\/box_repsol\" \/>\n<meta name=\"twitter:site\" content=\"@box_repsol\" \/>\n<meta name=\"twitter:label1\" content=\"Written by\" \/>\n\t<meta name=\"twitter:data1\" content=\"Redacci\u00f3n Box Repsol\" \/>\n\t<meta name=\"twitter:label2\" content=\"Est. reading time\" \/>\n\t<meta name=\"twitter:data2\" content=\"3 minutos\" \/>\n<script type=\"application\/ld+json\" class=\"yoast-schema-graph\">{\"@context\":\"https:\\\/\\\/schema.org\",\"@graph\":[{\"@type\":\"Article\",\"@id\":\"https:\\\/\\\/www.boxrepsol.com\\\/es\\\/motogp\\\/marc-marquez-cumple-10-anos-con-el-equipo-repsol-honda\\\/#article\",\"isPartOf\":{\"@id\":\"https:\\\/\\\/www.boxrepsol.com\\\/es\\\/motogp\\\/marc-marquez-cumple-10-anos-con-el-equipo-repsol-honda\\\/\"},\"author\":{\"name\":\"Redacci\u00f3n Box Repsol\",\"@id\":\"https:\\\/\\\/www.boxrepsol.com\\\/es\\\/#\\\/schema\\\/person\\\/c5c2138f2cca251b0ad92b7086bb60b7\"},\"headline\":\"Marc M\u00e1rquez cumple 10 a\u00f1os con el equipo Repsol Honda\",\"datePublished\":\"2022-03-01T02:00:00+00:00\",\"dateModified\":\"2024-04-09T09:18:02+00:00\",\"mainEntityOfPage\":{\"@id\":\"https:\\\/\\\/www.boxrepsol.com\\\/es\\\/motogp\\\/marc-marquez-cumple-10-anos-con-el-equipo-repsol-honda\\\/\"},\"wordCount\":626,\"commentCount\":0,\"publisher\":{\"@id\":\"https:\\\/\\\/www.boxrepsol.com\\\/es\\\/#organization\"},\"image\":{\"@id\":\"https:\\\/\\\/www.boxrepsol.com\\\/es\\\/motogp\\\/marc-marquez-cumple-10-anos-con-el-equipo-repsol-honda\\\/#primaryimage\"},\"thumbnailUrl\":\"https:\\\/\\\/bxrepsol.s3.eu-west-1.amazonaws.com\\\/static\\\/2022\\\/08\\\/10040259\\\/http___repsolmedia.com_repsolmedia_wp-content_uploads_2022_03_http___repsolmedia.com_repsolmedia_wp-content_uploads_2013_11_018Valencia13_RMgp_XXX_7661-scaled-1.jpg\",\"keywords\":[\"Equipo Repsol Honda\",\"Marc M\u00e1rquez\"],\"articleSection\":[\"MotoGP\"],\"inLanguage\":\"es\",\"potentialAction\":[{\"@type\":\"CommentAction\",\"name\":\"Comment\",\"target\":[\"https:\\\/\\\/www.boxrepsol.com\\\/es\\\/motogp\\\/marc-marquez-cumple-10-anos-con-el-equipo-repsol-honda\\\/#respond\"]}]},{\"@type\":\"WebPage\",\"@id\":\"https:\\\/\\\/www.boxrepsol.com\\\/es\\\/motogp\\\/marc-marquez-cumple-10-anos-con-el-equipo-repsol-honda\\\/\",\"url\":\"https:\\\/\\\/www.boxrepsol.com\\\/es\\\/motogp\\\/marc-marquez-cumple-10-anos-con-el-equipo-repsol-honda\\\/\",\"name\":\"Marc M\u00e1rquez cumple 10 a\u00f1os con el equipo Repsol Honda - Box Repsol\",\"isPartOf\":{\"@id\":\"https:\\\/\\\/www.boxrepsol.com\\\/es\\\/#website\"},\"primaryImageOfPage\":{\"@id\":\"https:\\\/\\\/www.boxrepsol.com\\\/es\\\/motogp\\\/marc-marquez-cumple-10-anos-con-el-equipo-repsol-honda\\\/#primaryimage\"},\"image\":{\"@id\":\"https:\\\/\\\/www.boxrepsol.com\\\/es\\\/motogp\\\/marc-marquez-cumple-10-anos-con-el-equipo-repsol-honda\\\/#primaryimage\"},\"thumbnailUrl\":\"https:\\\/\\\/bxrepsol.s3.eu-west-1.amazonaws.com\\\/static\\\/2022\\\/08\\\/10040259\\\/http___repsolmedia.com_repsolmedia_wp-content_uploads_2022_03_http___repsolmedia.com_repsolmedia_wp-content_uploads_2013_11_018Valencia13_RMgp_XXX_7661-scaled-1.jpg\",\"datePublished\":\"2022-03-01T02:00:00+00:00\",\"dateModified\":\"2024-04-09T09:18:02+00:00\",\"breadcrumb\":{\"@id\":\"https:\\\/\\\/www.boxrepsol.com\\\/es\\\/motogp\\\/marc-marquez-cumple-10-anos-con-el-equipo-repsol-honda\\\/#breadcrumb\"},\"inLanguage\":\"es\",\"potentialAction\":[{\"@type\":\"ReadAction\",\"target\":[\"https:\\\/\\\/www.boxrepsol.com\\\/es\\\/motogp\\\/marc-marquez-cumple-10-anos-con-el-equipo-repsol-honda\\\/\"]}]},{\"@type\":\"ImageObject\",\"inLanguage\":\"es\",\"@id\":\"https:\\\/\\\/www.boxrepsol.com\\\/es\\\/motogp\\\/marc-marquez-cumple-10-anos-con-el-equipo-repsol-honda\\\/#primaryimage\",\"url\":\"https:\\\/\\\/bxrepsol.s3.eu-west-1.amazonaws.com\\\/static\\\/2022\\\/08\\\/10040259\\\/http___repsolmedia.com_repsolmedia_wp-content_uploads_2022_03_http___repsolmedia.com_repsolmedia_wp-content_uploads_2013_11_018Valencia13_RMgp_XXX_7661-scaled-1.jpg\",\"contentUrl\":\"https:\\\/\\\/bxrepsol.s3.eu-west-1.amazonaws.com\\\/static\\\/2022\\\/08\\\/10040259\\\/http___repsolmedia.com_repsolmedia_wp-content_uploads_2022_03_http___repsolmedia.com_repsolmedia_wp-content_uploads_2013_11_018Valencia13_RMgp_XXX_7661-scaled-1.jpg\",\"width\":1280,\"height\":600,\"caption\":\"18 GP Valencia 7, 8, 9 y 10 de noviembre de 2013\"},{\"@type\":\"BreadcrumbList\",\"@id\":\"https:\\\/\\\/www.boxrepsol.com\\\/es\\\/motogp\\\/marc-marquez-cumple-10-anos-con-el-equipo-repsol-honda\\\/#breadcrumb\",\"itemListElement\":[{\"@type\":\"ListItem\",\"position\":1,\"name\":\"Home\",\"item\":\"https:\\\/\\\/www.boxrepsol.com\\\/es\\\/\"},{\"@type\":\"ListItem\",\"position\":2,\"name\":\"Marc M\u00e1rquez cumple 10 a\u00f1os con el equipo Repsol Honda\"}]},{\"@type\":\"WebSite\",\"@id\":\"https:\\\/\\\/www.boxrepsol.com\\\/es\\\/#website\",\"url\":\"https:\\\/\\\/www.boxrepsol.com\\\/es\\\/\",\"name\":\"Box Repsol\",\"description\":\"Box Repsol Site\",\"publisher\":{\"@id\":\"https:\\\/\\\/www.boxrepsol.com\\\/es\\\/#organization\"},\"potentialAction\":[{\"@type\":\"SearchAction\",\"target\":{\"@type\":\"EntryPoint\",\"urlTemplate\":\"https:\\\/\\\/www.boxrepsol.com\\\/es\\\/?s={search_term_string}\"},\"query-input\":{\"@type\":\"PropertyValueSpecification\",\"valueRequired\":true,\"valueName\":\"search_term_string\"}}],\"inLanguage\":\"es\"},{\"@type\":\"Organization\",\"@id\":\"https:\\\/\\\/www.boxrepsol.com\\\/es\\\/#organization\",\"name\":\"Box Repsol\",\"url\":\"https:\\\/\\\/www.boxrepsol.com\\\/es\\\/\",\"logo\":{\"@type\":\"ImageObject\",\"inLanguage\":\"es\",\"@id\":\"https:\\\/\\\/www.boxrepsol.com\\\/es\\\/#\\\/schema\\\/logo\\\/image\\\/\",\"url\":\"https:\\\/\\\/bxrepsol.s3.eu-west-1.amazonaws.com\\\/static\\\/2025\\\/07\\\/30083337\\\/favicon-96x96-1.png\",\"contentUrl\":\"https:\\\/\\\/bxrepsol.s3.eu-west-1.amazonaws.com\\\/static\\\/2025\\\/07\\\/30083337\\\/favicon-96x96-1.png\",\"width\":96,\"height\":96,\"caption\":\"Box Repsol\"},\"image\":{\"@id\":\"https:\\\/\\\/www.boxrepsol.com\\\/es\\\/#\\\/schema\\\/logo\\\/image\\\/\"},\"sameAs\":[\"https:\\\/\\\/www.facebook.com\\\/BoxRepsol\",\"https:\\\/\\\/x.com\\\/box_repsol\",\"http:\\\/\\\/instagram.com\\\/box_repsol\",\"https:\\\/\\\/www.youtube.com\\\/user\\\/RepsolCompeticion\",\"https:\\\/\\\/www.flickr.com\\\/photos\\\/box_repsol\\\/\"]},{\"@type\":\"Person\",\"@id\":\"https:\\\/\\\/www.boxrepsol.com\\\/es\\\/#\\\/schema\\\/person\\\/c5c2138f2cca251b0ad92b7086bb60b7\",\"name\":\"Redacci\u00f3n Box Repsol\",\"image\":{\"@type\":\"ImageObject\",\"inLanguage\":\"es\",\"@id\":\"https:\\\/\\\/secure.gravatar.com\\\/avatar\\\/adf7b77e38b4419baf32c7e9c21dde01f4e40df611f0978e3006fc4ba0aaab7e?s=96&d=mm&r=g\",\"url\":\"https:\\\/\\\/secure.gravatar.com\\\/avatar\\\/adf7b77e38b4419baf32c7e9c21dde01f4e40df611f0978e3006fc4ba0aaab7e?s=96&d=mm&r=g\",\"contentUrl\":\"https:\\\/\\\/secure.gravatar.com\\\/avatar\\\/adf7b77e38b4419baf32c7e9c21dde01f4e40df611f0978e3006fc4ba0aaab7e?s=96&d=mm&r=g\",\"caption\":\"Redacci\u00f3n Box Repsol\"},\"description\":\"Box Repsol lo forma un equipo de periodistas, community managers, dise\u00f1adores y fot\u00f3grafos con m\u00e1s de 20 a\u00f1os de experiencia en el mundo del motorsport. Hemos vivido el primer mundial de un espa\u00f1ol en la categor\u00eda reina de motociclismo con \u00c1lex Crivill\u00e9, estuvimos en las victorias de Pedrosa y los t\u00edtulos de M\u00e1rquez, acompa\u00f1amos en \u00c1frica a Nani Roma y Marc Coma en sus conquistas del Dakar y hemos vibrado con los t\u00edtulos de Toni Bou en Trial. Adem\u00e1s, en nuestro equipo contamos con expertos en el mundo de las dos y cuatro ruedas tanto de la calle y las carreteras, como de los circuitos. Periodistas que han trabajado en revistas y publicaciones para hacerte llegar desde rutas y consejos de mantenimiento, a curiosidades y trucos de pilotaje.\",\"sameAs\":[\"https:\\\/\\\/www.facebook.com\\\/BoxRepsol\\\/\",\"https:\\\/\\\/www.instagram.com\\\/box_repsol\\\/\",\"https:\\\/\\\/x.com\\\/https:\\\/\\\/twitter.com\\\/box_repsol\",\"https:\\\/\\\/www.youtube.com\\\/@Boxrepsol\"],\"url\":\"https:\\\/\\\/www.boxrepsol.com\\\/es\\\/author\\\/redaccion-box-repsol\\\/\"}]}<\/script>\n<!-- \/ Yoast SEO plugin. -->","yoast_head_json":{"title":"Marc M\u00e1rquez cumple 10 a\u00f1os con el equipo Repsol Honda - Box Repsol","canonical":"https:\/\/www.boxrepsol.com\/es\/motogp\/marc-marquez-cumple-10-anos-con-el-equipo-repsol-honda\/","og_locale":"es_ES","og_type":"article","og_title":"Marc M\u00e1rquez cumple 10 a\u00f1os con el equipo Repsol Honda - Box Repsol","og_description":"En 2022, el ic\u00f3nico n\u00famero 93 iniciar\u00e1 su d\u00e9cima temporada en MotoGP con el equipo Repsol Honda, persiguiendo juntos el s\u00e9ptimo t\u00edtulo mundial de Marc M\u00e1rquez.","og_url":"https:\/\/www.boxrepsol.com\/es\/motogp\/marc-marquez-cumple-10-anos-con-el-equipo-repsol-honda\/","og_site_name":"Box Repsol","article_publisher":"https:\/\/www.facebook.com\/BoxRepsol","article_author":"https:\/\/www.facebook.com\/BoxRepsol\/","article_published_time":"2022-03-01T02:00:00+00:00","article_modified_time":"2024-04-09T09:18:02+00:00","og_image":[{"width":1280,"height":600,"url":"https:\/\/bxrepsol.s3.eu-west-1.amazonaws.com\/static\/2022\/08\/10040259\/http___repsolmedia.com_repsolmedia_wp-content_uploads_2022_03_http___repsolmedia.com_repsolmedia_wp-content_uploads_2013_11_018Valencia13_RMgp_XXX_7661-scaled-1.jpg","type":"image\/jpeg"}],"author":"Redacci\u00f3n Box Repsol","twitter_card":"summary_large_image","twitter_creator":"@https:\/\/twitter.com\/box_repsol","twitter_site":"@box_repsol","twitter_misc":{"Written by":"Redacci\u00f3n Box Repsol","Est. reading time":"3 minutos"},"schema":{"@context":"https:\/\/schema.org","@graph":[{"@type":"Article","@id":"https:\/\/www.boxrepsol.com\/es\/motogp\/marc-marquez-cumple-10-anos-con-el-equipo-repsol-honda\/#article","isPartOf":{"@id":"https:\/\/www.boxrepsol.com\/es\/motogp\/marc-marquez-cumple-10-anos-con-el-equipo-repsol-honda\/"},"author":{"name":"Redacci\u00f3n Box Repsol","@id":"https:\/\/www.boxrepsol.com\/es\/#\/schema\/person\/c5c2138f2cca251b0ad92b7086bb60b7"},"headline":"Marc M\u00e1rquez cumple 10 a\u00f1os con el equipo Repsol Honda","datePublished":"2022-03-01T02:00:00+00:00","dateModified":"2024-04-09T09:18:02+00:00","mainEntityOfPage":{"@id":"https:\/\/www.boxrepsol.com\/es\/motogp\/marc-marquez-cumple-10-anos-con-el-equipo-repsol-honda\/"},"wordCount":626,"commentCount":0,"publisher":{"@id":"https:\/\/www.boxrepsol.com\/es\/#organization"},"image":{"@id":"https:\/\/www.boxrepsol.com\/es\/motogp\/marc-marquez-cumple-10-anos-con-el-equipo-repsol-honda\/#primaryimage"},"thumbnailUrl":"https:\/\/bxrepsol.s3.eu-west-1.amazonaws.com\/static\/2022\/08\/10040259\/http___repsolmedia.com_repsolmedia_wp-content_uploads_2022_03_http___repsolmedia.com_repsolmedia_wp-content_uploads_2013_11_018Valencia13_RMgp_XXX_7661-scaled-1.jpg","keywords":["Equipo Repsol Honda","Marc M\u00e1rquez"],"articleSection":["MotoGP"],"inLanguage":"es","potentialAction":[{"@type":"CommentAction","name":"Comment","target":["https:\/\/www.boxrepsol.com\/es\/motogp\/marc-marquez-cumple-10-anos-con-el-equipo-repsol-honda\/#respond"]}]},{"@type":"WebPage","@id":"https:\/\/www.boxrepsol.com\/es\/motogp\/marc-marquez-cumple-10-anos-con-el-equipo-repsol-honda\/","url":"https:\/\/www.boxrepsol.com\/es\/motogp\/marc-marquez-cumple-10-anos-con-el-equipo-repsol-honda\/","name":"Marc M\u00e1rquez cumple 10 a\u00f1os con el equipo Repsol Honda - Box Repsol","isPartOf":{"@id":"https:\/\/www.boxrepsol.com\/es\/#website"},"primaryImageOfPage":{"@id":"https:\/\/www.boxrepsol.com\/es\/motogp\/marc-marquez-cumple-10-anos-con-el-equipo-repsol-honda\/#primaryimage"},"image":{"@id":"https:\/\/www.boxrepsol.com\/es\/motogp\/marc-marquez-cumple-10-anos-con-el-equipo-repsol-honda\/#primaryimage"},"thumbnailUrl":"https:\/\/bxrepsol.s3.eu-west-1.amazonaws.com\/static\/2022\/08\/10040259\/http___repsolmedia.com_repsolmedia_wp-content_uploads_2022_03_http___repsolmedia.com_repsolmedia_wp-content_uploads_2013_11_018Valencia13_RMgp_XXX_7661-scaled-1.jpg","datePublished":"2022-03-01T02:00:00+00:00","dateModified":"2024-04-09T09:18:02+00:00","breadcrumb":{"@id":"https:\/\/www.boxrepsol.com\/es\/motogp\/marc-marquez-cumple-10-anos-con-el-equipo-repsol-honda\/#breadcrumb"},"inLanguage":"es","potentialAction":[{"@type":"ReadAction","target":["https:\/\/www.boxrepsol.com\/es\/motogp\/marc-marquez-cumple-10-anos-con-el-equipo-repsol-honda\/"]}]},{"@type":"ImageObject","inLanguage":"es","@id":"https:\/\/www.boxrepsol.com\/es\/motogp\/marc-marquez-cumple-10-anos-con-el-equipo-repsol-honda\/#primaryimage","url":"https:\/\/bxrepsol.s3.eu-west-1.amazonaws.com\/static\/2022\/08\/10040259\/http___repsolmedia.com_repsolmedia_wp-content_uploads_2022_03_http___repsolmedia.com_repsolmedia_wp-content_uploads_2013_11_018Valencia13_RMgp_XXX_7661-scaled-1.jpg","contentUrl":"https:\/\/bxrepsol.s3.eu-west-1.amazonaws.com\/static\/2022\/08\/10040259\/http___repsolmedia.com_repsolmedia_wp-content_uploads_2022_03_http___repsolmedia.com_repsolmedia_wp-content_uploads_2013_11_018Valencia13_RMgp_XXX_7661-scaled-1.jpg","width":1280,"height":600,"caption":"18 GP Valencia 7, 8, 9 y 10 de noviembre de 2013"},{"@type":"BreadcrumbList","@id":"https:\/\/www.boxrepsol.com\/es\/motogp\/marc-marquez-cumple-10-anos-con-el-equipo-repsol-honda\/#breadcrumb","itemListElement":[{"@type":"ListItem","position":1,"name":"Home","item":"https:\/\/www.boxrepsol.com\/es\/"},{"@type":"ListItem","position":2,"name":"Marc M\u00e1rquez cumple 10 a\u00f1os con el equipo Repsol Honda"}]},{"@type":"WebSite","@id":"https:\/\/www.boxrepsol.com\/es\/#website","url":"https:\/\/www.boxrepsol.com\/es\/","name":"Box Repsol","description":"Box Repsol Site","publisher":{"@id":"https:\/\/www.boxrepsol.com\/es\/#organization"},"potentialAction":[{"@type":"SearchAction","target":{"@type":"EntryPoint","urlTemplate":"https:\/\/www.boxrepsol.com\/es\/?s={search_term_string}"},"query-input":{"@type":"PropertyValueSpecification","valueRequired":true,"valueName":"search_term_string"}}],"inLanguage":"es"},{"@type":"Organization","@id":"https:\/\/www.boxrepsol.com\/es\/#organization","name":"Box Repsol","url":"https:\/\/www.boxrepsol.com\/es\/","logo":{"@type":"ImageObject","inLanguage":"es","@id":"https:\/\/www.boxrepsol.com\/es\/#\/schema\/logo\/image\/","url":"https:\/\/bxrepsol.s3.eu-west-1.amazonaws.com\/static\/2025\/07\/30083337\/favicon-96x96-1.png","contentUrl":"https:\/\/bxrepsol.s3.eu-west-1.amazonaws.com\/static\/2025\/07\/30083337\/favicon-96x96-1.png","width":96,"height":96,"caption":"Box Repsol"},"image":{"@id":"https:\/\/www.boxrepsol.com\/es\/#\/schema\/logo\/image\/"},"sameAs":["https:\/\/www.facebook.com\/BoxRepsol","https:\/\/x.com\/box_repsol","http:\/\/instagram.com\/box_repsol","https:\/\/www.youtube.com\/user\/RepsolCompeticion","https:\/\/www.flickr.com\/photos\/box_repsol\/"]},{"@type":"Person","@id":"https:\/\/www.boxrepsol.com\/es\/#\/schema\/person\/c5c2138f2cca251b0ad92b7086bb60b7","name":"Redacci\u00f3n Box Repsol","image":{"@type":"ImageObject","inLanguage":"es","@id":"https:\/\/secure.gravatar.com\/avatar\/adf7b77e38b4419baf32c7e9c21dde01f4e40df611f0978e3006fc4ba0aaab7e?s=96&d=mm&r=g","url":"https:\/\/secure.gravatar.com\/avatar\/adf7b77e38b4419baf32c7e9c21dde01f4e40df611f0978e3006fc4ba0aaab7e?s=96&d=mm&r=g","contentUrl":"https:\/\/secure.gravatar.com\/avatar\/adf7b77e38b4419baf32c7e9c21dde01f4e40df611f0978e3006fc4ba0aaab7e?s=96&d=mm&r=g","caption":"Redacci\u00f3n Box Repsol"},"description":"Box Repsol lo forma un equipo de periodistas, community managers, dise\u00f1adores y fot\u00f3grafos con m\u00e1s de 20 a\u00f1os de experiencia en el mundo del motorsport. Hemos vivido el primer mundial de un espa\u00f1ol en la categor\u00eda reina de motociclismo con \u00c1lex Crivill\u00e9, estuvimos en las victorias de Pedrosa y los t\u00edtulos de M\u00e1rquez, acompa\u00f1amos en \u00c1frica a Nani Roma y Marc Coma en sus conquistas del Dakar y hemos vibrado con los t\u00edtulos de Toni Bou en Trial. Adem\u00e1s, en nuestro equipo contamos con expertos en el mundo de las dos y cuatro ruedas tanto de la calle y las carreteras, como de los circuitos. Periodistas que han trabajado en revistas y publicaciones para hacerte llegar desde rutas y consejos de mantenimiento, a curiosidades y trucos de pilotaje.","sameAs":["https:\/\/www.facebook.com\/BoxRepsol\/","https:\/\/www.instagram.com\/box_repsol\/","https:\/\/x.com\/https:\/\/twitter.com\/box_repsol","https:\/\/www.youtube.com\/@Boxrepsol"],"url":"https:\/\/www.boxrepsol.com\/es\/author\/redaccion-box-repsol\/"}]}},"_links":{"self":[{"href":"https:\/\/www.boxrepsol.com\/es\/wp-json\/wp\/v2\/posts\/95256","targetHints":{"allow":["GET"]}}],"collection":[{"href":"https:\/\/www.boxrepsol.com\/es\/wp-json\/wp\/v2\/posts"}],"about":[{"href":"https:\/\/www.boxrepsol.com\/es\/wp-json\/wp\/v2\/types\/post"}],"author":[{"embeddable":true,"href":"https:\/\/www.boxrepsol.com\/es\/wp-json\/wp\/v2\/users\/43146"}],"replies":[{"embeddable":true,"href":"https:\/\/www.boxrepsol.com\/es\/wp-json\/wp\/v2\/comments?post=95256"}],"version-history":[{"count":1,"href":"https:\/\/www.boxrepsol.com\/es\/wp-json\/wp\/v2\/posts\/95256\/revisions"}],"predecessor-version":[{"id":114679,"href":"https:\/\/www.boxrepsol.com\/es\/wp-json\/wp\/v2\/posts\/95256\/revisions\/114679"}],"wp:featuredmedia":[{"embeddable":true,"href":"https:\/\/www.boxrepsol.com\/es\/wp-json\/wp\/v2\/media\/45196"}],"wp:attachment":[{"href":"https:\/\/www.boxrepsol.com\/es\/wp-json\/wp\/v2\/media?parent=95256"}],"wp:term":[{"taxonomy":"category","embeddable":true,"href":"https:\/\/www.boxrepsol.com\/es\/wp-json\/wp\/v2\/categories?post=95256"},{"taxonomy":"post_tag","embeddable":true,"href":"https:\/\/www.boxrepsol.com\/es\/wp-json\/wp\/v2\/tags?post=95256"}],"curies":[{"name":"wp","href":"https:\/\/api.w.org\/{rel}","templated":true}]}}