{"id":95240,"date":"2022-02-08T00:00:00","date_gmt":"2022-02-08T02:00:00","guid":{"rendered":"http:\/\/pre.boxrepsol.com\/sin-categorizar\/sofa-casa-me-dije-iba-competir-sin-arriesgar-no-seria-campeon\/"},"modified":"2024-04-10T05:46:21","modified_gmt":"2024-04-10T07:46:21","slug":"sofa-casa-me-dije-iba-competir-sin-arriesgar-no-seria-campeon","status":"publish","type":"post","link":"https:\/\/www.boxrepsol.com\/es\/motogp\/sofa-casa-me-dije-iba-competir-sin-arriesgar-no-seria-campeon\/","title":{"rendered":"\u00abEn el sof\u00e1 de casa me dije que si iba a competir sin arriesgar, entonces no ser\u00eda campe\u00f3n\u201d"},"content":{"rendered":"<p><b>\u00bfQu\u00e9 significa ser uno de los pilotos con m\u00e1s experiencia en MotoGP?<\/b><\/p>\n<p>\u00abEs cierto que van cambiando los estatus dentro de MotoGP. Hace nada era uno de los pilotos m\u00e1s j\u00f3venes y este a\u00f1o ser\u00e9 uno de los pilotos con m\u00e1s experiencia. Esto es una responsabilidad, pero tambi\u00e9n es una motivaci\u00f3n, porque suben los j\u00f3venes. Yo sub\u00ed muy pronto tambi\u00e9n a MotoGP, pero ahora todo el mundo sube muy pronto y es como un cambio de generaci\u00f3n natural. Nosotros vamos a intentar mantener nuestra generaci\u00f3n todos los a\u00f1os que podamos\u201d.<\/p>\n<p><b>El invierno ha vuelto a ser complicado. \u00bfC\u00f3mo lo describir\u00edas? <\/b><\/p>\n<p>\u00abHa sido un invierno un poco ag\u00f3nico, en el sentido de que no sab\u00eda lo que iba a pasar, no sab\u00eda d\u00f3nde o cu\u00e1ndo me curar\u00eda. Cuando se trata de un hueso, te dicen que m\u00e1s o menos ser\u00e1 entre dos y tres meses o entre uno y dos. Pero s\u00ed que este invierno ha sido un poco ag\u00f3nico en este sentido, porque me lesion\u00e9 de la vista y hab\u00eda tres escenarios encima de la mesa: esperar a que se curara solo, esperar a ver si necesitar\u00e9 operaci\u00f3n y si puedo volver a competir en 2022 o veremos si se cura y si puedo volver a subirme a una moto. Hab\u00eda los tres escenarios y fue un invierno un poquito duro, pero bueno, por suerte los doctores y fisioterapeutas con los que he trabajado han ayudado much\u00edsimo para empezar la pretemporada y que se arreglara la vista en dos meses y medio, algo que no se lo esperaba ni el mismo doctor\u201d.<\/p>\n<p><b>Con tu experiencia, \u00bfhas adaptado tu sistema de entrenamiento en casa?<\/b><\/p>\n<p>\u00abS\u00ed, evidentemente, con la experiencia vas adaptando tu sistema de entrenamiento en todo. En todas las \u00e1reas, sea gimnasio, moto o respetar el descanso. Es cierto que siempre he mantenido un poco el mismo estilo de entrenar con bastante moto, porque la moto necesita moto para poder entrenar y rendir, lo mismo que con otros deportes. Si quieres mejorar, necesitas ir en moto. Hay un riesgo, s\u00ed, pero si quieres ser campe\u00f3n lo tienes que asumir. En el sof\u00e1 de casa me dije que si iba a competir en todas las carreras sin arriesgar, entonces no ser\u00eda campe\u00f3n. Seguir\u00e9 el mismo estilo porque es como disfruto y como me siento preparado de cara a las carreras. En el gimnasio me he tenido que adaptar much\u00edsimo a partir de 2020 y me sigo adaptando ahora porque en el brazo quedaron unas ciertas limitaciones que vamos curando, pero es lento y ah\u00ed s\u00ed que con la experiencia te vas adaptando\u201d. <\/p>\n<p><b>\u00bfC\u00f3mo est\u00e1s f\u00edsicamente del hombro tras las vacaciones? <\/b><\/p>\n<p>\u201cF\u00edsicamente me encuentro cada vez mejor. S\u00ed que he estado dos meses pr\u00e1cticamente parado, casi todo noviembre y diciembre, porque con la doble visi\u00f3n no pod\u00eda entrenar bien, me mareaba y no era capaz. Tambi\u00e9n ha venido bien ese descanso al cuerpo. Luego, al empezar, cuesta un poquito m\u00e1s, pero a\u00fan tenemos tiempo. El objetivo es llegar a la primera carrera en Catar lo m\u00e1s preparados posible. Soy muy consciente de que este 2022 uno de los puntos claves para m\u00ed ser\u00e1 cuidar este hombro y el brazo, que no haya irritaciones, cuidarlo como hasta ahora y mantenerlo fresco. Estoy seguro de que si lo mantengo fresco y sin molestias, esto me va a ayudar much\u00edsimo a la hora de competir\u201d.<\/p>\n<p><b>\u00bfCu\u00e1ndo podremos volver a ver aquellas salvadas que hac\u00edas en 2019?<\/b><\/p>\n<p>\u00abEspero que vuelvan pronto las salvadas y el rodeo encima de la moto. S\u00ed que es cierto que es una combinaci\u00f3n de todo, de f\u00edsico, de sensaciones con la moto&#8230;. Tiene que mejorar todo. En la \u00faltima parte de 2021 ya me empezaba a sentir preparado, pero a ver si en este 2022 podemos empezar con una pretemporada normal, dar vueltas encima de la moto, coger confianza y acercarnos a ese estilo que nos ha caracterizado durante todos estos a\u00f1os\u201d. <\/p>\n<p><b>\u00bfEste test ser\u00e1 suficiente para llegar en una condici\u00f3n \u00f3ptima a la primera carrera?<\/b><\/p>\n<p>\u201cYo creo que s\u00ed. Yo creo que pudiendo empezar la pretemporada normal, con una condici\u00f3n f\u00edsica buena, haciendo todo el test de Malasia y Mandalika, llegas pr\u00e1cticamente igual de preparado que los dem\u00e1s a la primera carrera. Ser\u00e1 una de las primeras pretemporadas medio normales que hago en cuatro a\u00f1os, porque no he podido entrenar f\u00edsicamente bien. Estoy deseando probar la nueva moto, deseando trabajar para mejorar y eso seguramente nos ayudar\u00e1 a empezar con una buena base\u201d. <\/p>\n<p><b>\u00bfVolvemos a pensar en el campeonato en esta temporada?<\/b><\/p>\n<p>\u00abEl a\u00f1o pasado ten\u00eda que ser realista con la situaci\u00f3n y con los objetivos que ten\u00edamos que plantear y desde el primer momento dije que el t\u00edtulo era inalcanzable. Era casi imposible y fue imposible. Pero este a\u00f1o empezamos pretemporada y el objetivo es ganar carreras y luchar por el t\u00edtulo. Est\u00e1s en Honda HRC, tienes que salir con esta mentalidad y este a\u00f1o a ver si podemos hacer una pretemporada normal; entrenar bien y llegar preparados a la primera carrera, para salir y luchar en cada GP por el podio, las victorias y por llegar a final de a\u00f1o con opciones al t\u00edtulo\u201d. <\/p>\n<p><b>\u00bfVuelves m\u00e1s hambriento que antes despu\u00e9s de estos dos a\u00f1os tan complicados?<\/b><\/p>\n<p>\u00abDespu\u00e9s de un mal momento, sales con ganas, pero las ganas no te tienen que poder, tienes que controlar esas ganas y saber gestionarlas. Como deportista y como piloto, a mis 28 a\u00f1os me ha tocado vivir las dos partes del deporte: la mejor parte, que es ganar, los triunfos, las sonrisas, la fiesta y todo lo bonito, y la peor parte del deporte, que son las lesiones, estar en casa, ver las carreras desde la tele, incertidumbre, no saber qu\u00e9 va a pasar con tu futuro&#8230; Esto es dif\u00edcil a nivel mental y personal, porque te afecta en todos los sentidos. Parece que estamos saliendo de este bache tan grande; a ver si este 2022 puede ser un a\u00f1o de inflexi\u00f3n y podemos volver a lo bonito del deporte que son las victorias y la alegr\u00eda\u201d.<\/p>\n<p><b>\u00bfQui\u00e9nes son los que parten como favoritos al t\u00edtulo? <\/b><\/p>\n<p>\u00abEs dif\u00edcil escoger nombres antes de empezar una temporada, incluso antes de empezar una pretemporada. Yo creo que habr\u00e1 dos candidatos seguros al t\u00edtulo, que ser\u00e1n Quartararo y Bagnaia. Pecco acab\u00f3 muy fuerte el campeonato y Fabio fue el campe\u00f3n, el piloto m\u00e1s completo del a\u00f1o. Luego habr\u00e1 much\u00edsimos nombres, ya que ahora hay muchas motos y muchos equipos que pueden ganar un Mundial, ya que todo es muy profesional y ser\u00e1 duro. Estoy convencido de que si trabajamos bien y estamos concentrados en nuestro box, nuestro equipo y nuestra moto, les vamos a intentar poner las cosas dif\u00edciles\u201d. <\/p>\n<p><b>\u00bfC\u00f3mo ves a Pol en su segunda temporada?<\/b><\/p>\n<p>\u00abPol seguramente esta temporada ser\u00e1 otro de los rivales duros y r\u00e1pidos que desde el principio ya estar\u00e1 luchando delante, o al menos, eso se espera de \u00e9l. Ya ser\u00e1 su segundo a\u00f1o en Honda y no ser\u00e1 como la primera temporada, en la que no conoces la moto y las situaciones. Creo que le toca estar luchando delante por victorias, por podios y ser\u00e1 uno de los rivales que tendremos que tener en cuenta e intentar ganar\u201d.<\/p>\n<p>\t<iframe loading=\"lazy\" width=\"500\" height=\"281\" src=\"https:\/\/www.youtube.com\/embed\/u1ySUrKDWkM?feature=oembed\" frameborder=\"0\" allow=\"accelerometer; autoplay; clipboard-write; encrypted-media; gyroscope; picture-in-picture\" allowfullscreen><\/iframe><\/p>\n","protected":false},"excerpt":{"rendered":"<p>Marc M\u00e1rquez afronta su d\u00e9cima temporada con el equipo Repsol Honda y nos cuenta cu\u00e1les son sus sensaciones y objetivos para este a\u00f1o 2022.<\/p>\n","protected":false},"author":43146,"featured_media":45032,"comment_status":"open","ping_status":"open","sticky":false,"template":"","format":"standard","meta":{"footnotes":""},"categories":[4],"tags":[120,50,6,128],"class_list":["post-95240","post","type-post","status-publish","format-standard","hentry","category-motogp","tag-120","tag-equipo-repsol-honda","tag-marc-marquez","tag-pol-espargaro"],"yoast_head":"<!-- This site is optimized with the Yoast SEO plugin v27.3 - https:\/\/yoast.com\/product\/yoast-seo-wordpress\/ -->\n<title>&quot;En el sof\u00e1 de casa me dije que si iba a competir sin arriesgar, entonces no ser\u00eda campe\u00f3n\u201d - Box Repsol<\/title>\n<link rel=\"canonical\" href=\"https:\/\/www.boxrepsol.com\/es\/motogp\/sofa-casa-me-dije-iba-competir-sin-arriesgar-no-seria-campeon\/\" \/>\n<meta property=\"og:locale\" content=\"es_ES\" \/>\n<meta property=\"og:type\" content=\"article\" \/>\n<meta property=\"og:title\" content=\"&quot;En el sof\u00e1 de casa me dije que si iba a competir sin arriesgar, entonces no ser\u00eda campe\u00f3n\u201d - Box Repsol\" \/>\n<meta property=\"og:description\" content=\"Marc M\u00e1rquez afronta su d\u00e9cima temporada con el equipo Repsol Honda y nos cuenta cu\u00e1les son sus sensaciones y objetivos para este a\u00f1o 2022.\" \/>\n<meta property=\"og:url\" content=\"https:\/\/www.boxrepsol.com\/es\/motogp\/sofa-casa-me-dije-iba-competir-sin-arriesgar-no-seria-campeon\/\" \/>\n<meta property=\"og:site_name\" content=\"Box Repsol\" \/>\n<meta property=\"article:publisher\" content=\"https:\/\/www.facebook.com\/BoxRepsol\" \/>\n<meta property=\"article:author\" content=\"https:\/\/www.facebook.com\/BoxRepsol\/\" \/>\n<meta property=\"article:published_time\" content=\"2022-02-08T02:00:00+00:00\" \/>\n<meta property=\"article:modified_time\" content=\"2024-04-10T07:46:21+00:00\" \/>\n<meta property=\"og:image\" content=\"https:\/\/bxrepsol.s3.eu-west-1.amazonaws.com\/static\/2022\/08\/09142504\/HRC_Pics101818_62023ec9efc7f4-scaled.jpg\" \/>\n\t<meta property=\"og:image:width\" content=\"2560\" \/>\n\t<meta property=\"og:image:height\" content=\"1200\" \/>\n\t<meta property=\"og:image:type\" content=\"image\/jpeg\" \/>\n<meta name=\"author\" content=\"Redacci\u00f3n Box Repsol\" \/>\n<meta name=\"twitter:card\" content=\"summary_large_image\" \/>\n<meta name=\"twitter:creator\" content=\"@https:\/\/twitter.com\/box_repsol\" \/>\n<meta name=\"twitter:site\" content=\"@box_repsol\" \/>\n<meta name=\"twitter:label1\" content=\"Written by\" \/>\n\t<meta name=\"twitter:data1\" content=\"Redacci\u00f3n Box Repsol\" \/>\n\t<meta name=\"twitter:label2\" content=\"Est. reading time\" \/>\n\t<meta name=\"twitter:data2\" content=\"6 minutos\" \/>\n<script type=\"application\/ld+json\" class=\"yoast-schema-graph\">{\"@context\":\"https:\\\/\\\/schema.org\",\"@graph\":[{\"@type\":\"Article\",\"@id\":\"https:\\\/\\\/www.boxrepsol.com\\\/es\\\/motogp\\\/sofa-casa-me-dije-iba-competir-sin-arriesgar-no-seria-campeon\\\/#article\",\"isPartOf\":{\"@id\":\"https:\\\/\\\/www.boxrepsol.com\\\/es\\\/motogp\\\/sofa-casa-me-dije-iba-competir-sin-arriesgar-no-seria-campeon\\\/\"},\"author\":{\"name\":\"Redacci\u00f3n Box Repsol\",\"@id\":\"https:\\\/\\\/www.boxrepsol.com\\\/es\\\/#\\\/schema\\\/person\\\/c5c2138f2cca251b0ad92b7086bb60b7\"},\"headline\":\"\u00abEn el sof\u00e1 de casa me dije que si iba a competir sin arriesgar, entonces no ser\u00eda campe\u00f3n\u201d\",\"datePublished\":\"2022-02-08T02:00:00+00:00\",\"dateModified\":\"2024-04-10T07:46:21+00:00\",\"mainEntityOfPage\":{\"@id\":\"https:\\\/\\\/www.boxrepsol.com\\\/es\\\/motogp\\\/sofa-casa-me-dije-iba-competir-sin-arriesgar-no-seria-campeon\\\/\"},\"wordCount\":1298,\"commentCount\":0,\"publisher\":{\"@id\":\"https:\\\/\\\/www.boxrepsol.com\\\/es\\\/#organization\"},\"image\":{\"@id\":\"https:\\\/\\\/www.boxrepsol.com\\\/es\\\/motogp\\\/sofa-casa-me-dije-iba-competir-sin-arriesgar-no-seria-campeon\\\/#primaryimage\"},\"thumbnailUrl\":\"https:\\\/\\\/bxrepsol.s3.eu-west-1.amazonaws.com\\\/static\\\/2022\\\/08\\\/09142504\\\/HRC_Pics101818_62023ec9efc7f4-scaled.jpg\",\"keywords\":[\"2022\",\"Equipo Repsol Honda\",\"Marc M\u00e1rquez\",\"Pol Espargar\u00f3\"],\"articleSection\":[\"MotoGP\"],\"inLanguage\":\"es\",\"potentialAction\":[{\"@type\":\"CommentAction\",\"name\":\"Comment\",\"target\":[\"https:\\\/\\\/www.boxrepsol.com\\\/es\\\/motogp\\\/sofa-casa-me-dije-iba-competir-sin-arriesgar-no-seria-campeon\\\/#respond\"]}]},{\"@type\":\"WebPage\",\"@id\":\"https:\\\/\\\/www.boxrepsol.com\\\/es\\\/motogp\\\/sofa-casa-me-dije-iba-competir-sin-arriesgar-no-seria-campeon\\\/\",\"url\":\"https:\\\/\\\/www.boxrepsol.com\\\/es\\\/motogp\\\/sofa-casa-me-dije-iba-competir-sin-arriesgar-no-seria-campeon\\\/\",\"name\":\"\\\"En el sof\u00e1 de casa me dije que si iba a competir sin arriesgar, entonces no ser\u00eda campe\u00f3n\u201d - Box Repsol\",\"isPartOf\":{\"@id\":\"https:\\\/\\\/www.boxrepsol.com\\\/es\\\/#website\"},\"primaryImageOfPage\":{\"@id\":\"https:\\\/\\\/www.boxrepsol.com\\\/es\\\/motogp\\\/sofa-casa-me-dije-iba-competir-sin-arriesgar-no-seria-campeon\\\/#primaryimage\"},\"image\":{\"@id\":\"https:\\\/\\\/www.boxrepsol.com\\\/es\\\/motogp\\\/sofa-casa-me-dije-iba-competir-sin-arriesgar-no-seria-campeon\\\/#primaryimage\"},\"thumbnailUrl\":\"https:\\\/\\\/bxrepsol.s3.eu-west-1.amazonaws.com\\\/static\\\/2022\\\/08\\\/09142504\\\/HRC_Pics101818_62023ec9efc7f4-scaled.jpg\",\"datePublished\":\"2022-02-08T02:00:00+00:00\",\"dateModified\":\"2024-04-10T07:46:21+00:00\",\"breadcrumb\":{\"@id\":\"https:\\\/\\\/www.boxrepsol.com\\\/es\\\/motogp\\\/sofa-casa-me-dije-iba-competir-sin-arriesgar-no-seria-campeon\\\/#breadcrumb\"},\"inLanguage\":\"es\",\"potentialAction\":[{\"@type\":\"ReadAction\",\"target\":[\"https:\\\/\\\/www.boxrepsol.com\\\/es\\\/motogp\\\/sofa-casa-me-dije-iba-competir-sin-arriesgar-no-seria-campeon\\\/\"]}]},{\"@type\":\"ImageObject\",\"inLanguage\":\"es\",\"@id\":\"https:\\\/\\\/www.boxrepsol.com\\\/es\\\/motogp\\\/sofa-casa-me-dije-iba-competir-sin-arriesgar-no-seria-campeon\\\/#primaryimage\",\"url\":\"https:\\\/\\\/bxrepsol.s3.eu-west-1.amazonaws.com\\\/static\\\/2022\\\/08\\\/09142504\\\/HRC_Pics101818_62023ec9efc7f4-scaled.jpg\",\"contentUrl\":\"https:\\\/\\\/bxrepsol.s3.eu-west-1.amazonaws.com\\\/static\\\/2022\\\/08\\\/09142504\\\/HRC_Pics101818_62023ec9efc7f4-scaled.jpg\",\"width\":2560,\"height\":1200},{\"@type\":\"BreadcrumbList\",\"@id\":\"https:\\\/\\\/www.boxrepsol.com\\\/es\\\/motogp\\\/sofa-casa-me-dije-iba-competir-sin-arriesgar-no-seria-campeon\\\/#breadcrumb\",\"itemListElement\":[{\"@type\":\"ListItem\",\"position\":1,\"name\":\"Home\",\"item\":\"https:\\\/\\\/www.boxrepsol.com\\\/es\\\/\"},{\"@type\":\"ListItem\",\"position\":2,\"name\":\"\u00abEn el sof\u00e1 de casa me dije que si iba a competir sin arriesgar, entonces no ser\u00eda campe\u00f3n\u201d\"}]},{\"@type\":\"WebSite\",\"@id\":\"https:\\\/\\\/www.boxrepsol.com\\\/es\\\/#website\",\"url\":\"https:\\\/\\\/www.boxrepsol.com\\\/es\\\/\",\"name\":\"Box Repsol\",\"description\":\"Box Repsol Site\",\"publisher\":{\"@id\":\"https:\\\/\\\/www.boxrepsol.com\\\/es\\\/#organization\"},\"potentialAction\":[{\"@type\":\"SearchAction\",\"target\":{\"@type\":\"EntryPoint\",\"urlTemplate\":\"https:\\\/\\\/www.boxrepsol.com\\\/es\\\/?s={search_term_string}\"},\"query-input\":{\"@type\":\"PropertyValueSpecification\",\"valueRequired\":true,\"valueName\":\"search_term_string\"}}],\"inLanguage\":\"es\"},{\"@type\":\"Organization\",\"@id\":\"https:\\\/\\\/www.boxrepsol.com\\\/es\\\/#organization\",\"name\":\"Box Repsol\",\"url\":\"https:\\\/\\\/www.boxrepsol.com\\\/es\\\/\",\"logo\":{\"@type\":\"ImageObject\",\"inLanguage\":\"es\",\"@id\":\"https:\\\/\\\/www.boxrepsol.com\\\/es\\\/#\\\/schema\\\/logo\\\/image\\\/\",\"url\":\"https:\\\/\\\/bxrepsol.s3.eu-west-1.amazonaws.com\\\/static\\\/2025\\\/07\\\/30083337\\\/favicon-96x96-1.png\",\"contentUrl\":\"https:\\\/\\\/bxrepsol.s3.eu-west-1.amazonaws.com\\\/static\\\/2025\\\/07\\\/30083337\\\/favicon-96x96-1.png\",\"width\":96,\"height\":96,\"caption\":\"Box Repsol\"},\"image\":{\"@id\":\"https:\\\/\\\/www.boxrepsol.com\\\/es\\\/#\\\/schema\\\/logo\\\/image\\\/\"},\"sameAs\":[\"https:\\\/\\\/www.facebook.com\\\/BoxRepsol\",\"https:\\\/\\\/x.com\\\/box_repsol\",\"http:\\\/\\\/instagram.com\\\/box_repsol\",\"https:\\\/\\\/www.youtube.com\\\/user\\\/RepsolCompeticion\",\"https:\\\/\\\/www.flickr.com\\\/photos\\\/box_repsol\\\/\"]},{\"@type\":\"Person\",\"@id\":\"https:\\\/\\\/www.boxrepsol.com\\\/es\\\/#\\\/schema\\\/person\\\/c5c2138f2cca251b0ad92b7086bb60b7\",\"name\":\"Redacci\u00f3n Box Repsol\",\"image\":{\"@type\":\"ImageObject\",\"inLanguage\":\"es\",\"@id\":\"https:\\\/\\\/secure.gravatar.com\\\/avatar\\\/adf7b77e38b4419baf32c7e9c21dde01f4e40df611f0978e3006fc4ba0aaab7e?s=96&d=mm&r=g\",\"url\":\"https:\\\/\\\/secure.gravatar.com\\\/avatar\\\/adf7b77e38b4419baf32c7e9c21dde01f4e40df611f0978e3006fc4ba0aaab7e?s=96&d=mm&r=g\",\"contentUrl\":\"https:\\\/\\\/secure.gravatar.com\\\/avatar\\\/adf7b77e38b4419baf32c7e9c21dde01f4e40df611f0978e3006fc4ba0aaab7e?s=96&d=mm&r=g\",\"caption\":\"Redacci\u00f3n Box Repsol\"},\"description\":\"Box Repsol lo forma un equipo de periodistas, community managers, dise\u00f1adores y fot\u00f3grafos con m\u00e1s de 20 a\u00f1os de experiencia en el mundo del motorsport. Hemos vivido el primer mundial de un espa\u00f1ol en la categor\u00eda reina de motociclismo con \u00c1lex Crivill\u00e9, estuvimos en las victorias de Pedrosa y los t\u00edtulos de M\u00e1rquez, acompa\u00f1amos en \u00c1frica a Nani Roma y Marc Coma en sus conquistas del Dakar y hemos vibrado con los t\u00edtulos de Toni Bou en Trial. Adem\u00e1s, en nuestro equipo contamos con expertos en el mundo de las dos y cuatro ruedas tanto de la calle y las carreteras, como de los circuitos. Periodistas que han trabajado en revistas y publicaciones para hacerte llegar desde rutas y consejos de mantenimiento, a curiosidades y trucos de pilotaje.\",\"sameAs\":[\"https:\\\/\\\/www.facebook.com\\\/BoxRepsol\\\/\",\"https:\\\/\\\/www.instagram.com\\\/box_repsol\\\/\",\"https:\\\/\\\/x.com\\\/https:\\\/\\\/twitter.com\\\/box_repsol\",\"https:\\\/\\\/www.youtube.com\\\/@Boxrepsol\"],\"url\":\"https:\\\/\\\/www.boxrepsol.com\\\/es\\\/author\\\/redaccion-box-repsol\\\/\"}]}<\/script>\n<!-- \/ Yoast SEO plugin. -->","yoast_head_json":{"title":"\"En el sof\u00e1 de casa me dije que si iba a competir sin arriesgar, entonces no ser\u00eda campe\u00f3n\u201d - Box Repsol","canonical":"https:\/\/www.boxrepsol.com\/es\/motogp\/sofa-casa-me-dije-iba-competir-sin-arriesgar-no-seria-campeon\/","og_locale":"es_ES","og_type":"article","og_title":"\"En el sof\u00e1 de casa me dije que si iba a competir sin arriesgar, entonces no ser\u00eda campe\u00f3n\u201d - Box Repsol","og_description":"Marc M\u00e1rquez afronta su d\u00e9cima temporada con el equipo Repsol Honda y nos cuenta cu\u00e1les son sus sensaciones y objetivos para este a\u00f1o 2022.","og_url":"https:\/\/www.boxrepsol.com\/es\/motogp\/sofa-casa-me-dije-iba-competir-sin-arriesgar-no-seria-campeon\/","og_site_name":"Box Repsol","article_publisher":"https:\/\/www.facebook.com\/BoxRepsol","article_author":"https:\/\/www.facebook.com\/BoxRepsol\/","article_published_time":"2022-02-08T02:00:00+00:00","article_modified_time":"2024-04-10T07:46:21+00:00","og_image":[{"width":2560,"height":1200,"url":"https:\/\/bxrepsol.s3.eu-west-1.amazonaws.com\/static\/2022\/08\/09142504\/HRC_Pics101818_62023ec9efc7f4-scaled.jpg","type":"image\/jpeg"}],"author":"Redacci\u00f3n Box Repsol","twitter_card":"summary_large_image","twitter_creator":"@https:\/\/twitter.com\/box_repsol","twitter_site":"@box_repsol","twitter_misc":{"Written by":"Redacci\u00f3n Box Repsol","Est. reading time":"6 minutos"},"schema":{"@context":"https:\/\/schema.org","@graph":[{"@type":"Article","@id":"https:\/\/www.boxrepsol.com\/es\/motogp\/sofa-casa-me-dije-iba-competir-sin-arriesgar-no-seria-campeon\/#article","isPartOf":{"@id":"https:\/\/www.boxrepsol.com\/es\/motogp\/sofa-casa-me-dije-iba-competir-sin-arriesgar-no-seria-campeon\/"},"author":{"name":"Redacci\u00f3n Box Repsol","@id":"https:\/\/www.boxrepsol.com\/es\/#\/schema\/person\/c5c2138f2cca251b0ad92b7086bb60b7"},"headline":"\u00abEn el sof\u00e1 de casa me dije que si iba a competir sin arriesgar, entonces no ser\u00eda campe\u00f3n\u201d","datePublished":"2022-02-08T02:00:00+00:00","dateModified":"2024-04-10T07:46:21+00:00","mainEntityOfPage":{"@id":"https:\/\/www.boxrepsol.com\/es\/motogp\/sofa-casa-me-dije-iba-competir-sin-arriesgar-no-seria-campeon\/"},"wordCount":1298,"commentCount":0,"publisher":{"@id":"https:\/\/www.boxrepsol.com\/es\/#organization"},"image":{"@id":"https:\/\/www.boxrepsol.com\/es\/motogp\/sofa-casa-me-dije-iba-competir-sin-arriesgar-no-seria-campeon\/#primaryimage"},"thumbnailUrl":"https:\/\/bxrepsol.s3.eu-west-1.amazonaws.com\/static\/2022\/08\/09142504\/HRC_Pics101818_62023ec9efc7f4-scaled.jpg","keywords":["2022","Equipo Repsol Honda","Marc M\u00e1rquez","Pol Espargar\u00f3"],"articleSection":["MotoGP"],"inLanguage":"es","potentialAction":[{"@type":"CommentAction","name":"Comment","target":["https:\/\/www.boxrepsol.com\/es\/motogp\/sofa-casa-me-dije-iba-competir-sin-arriesgar-no-seria-campeon\/#respond"]}]},{"@type":"WebPage","@id":"https:\/\/www.boxrepsol.com\/es\/motogp\/sofa-casa-me-dije-iba-competir-sin-arriesgar-no-seria-campeon\/","url":"https:\/\/www.boxrepsol.com\/es\/motogp\/sofa-casa-me-dije-iba-competir-sin-arriesgar-no-seria-campeon\/","name":"\"En el sof\u00e1 de casa me dije que si iba a competir sin arriesgar, entonces no ser\u00eda campe\u00f3n\u201d - Box Repsol","isPartOf":{"@id":"https:\/\/www.boxrepsol.com\/es\/#website"},"primaryImageOfPage":{"@id":"https:\/\/www.boxrepsol.com\/es\/motogp\/sofa-casa-me-dije-iba-competir-sin-arriesgar-no-seria-campeon\/#primaryimage"},"image":{"@id":"https:\/\/www.boxrepsol.com\/es\/motogp\/sofa-casa-me-dije-iba-competir-sin-arriesgar-no-seria-campeon\/#primaryimage"},"thumbnailUrl":"https:\/\/bxrepsol.s3.eu-west-1.amazonaws.com\/static\/2022\/08\/09142504\/HRC_Pics101818_62023ec9efc7f4-scaled.jpg","datePublished":"2022-02-08T02:00:00+00:00","dateModified":"2024-04-10T07:46:21+00:00","breadcrumb":{"@id":"https:\/\/www.boxrepsol.com\/es\/motogp\/sofa-casa-me-dije-iba-competir-sin-arriesgar-no-seria-campeon\/#breadcrumb"},"inLanguage":"es","potentialAction":[{"@type":"ReadAction","target":["https:\/\/www.boxrepsol.com\/es\/motogp\/sofa-casa-me-dije-iba-competir-sin-arriesgar-no-seria-campeon\/"]}]},{"@type":"ImageObject","inLanguage":"es","@id":"https:\/\/www.boxrepsol.com\/es\/motogp\/sofa-casa-me-dije-iba-competir-sin-arriesgar-no-seria-campeon\/#primaryimage","url":"https:\/\/bxrepsol.s3.eu-west-1.amazonaws.com\/static\/2022\/08\/09142504\/HRC_Pics101818_62023ec9efc7f4-scaled.jpg","contentUrl":"https:\/\/bxrepsol.s3.eu-west-1.amazonaws.com\/static\/2022\/08\/09142504\/HRC_Pics101818_62023ec9efc7f4-scaled.jpg","width":2560,"height":1200},{"@type":"BreadcrumbList","@id":"https:\/\/www.boxrepsol.com\/es\/motogp\/sofa-casa-me-dije-iba-competir-sin-arriesgar-no-seria-campeon\/#breadcrumb","itemListElement":[{"@type":"ListItem","position":1,"name":"Home","item":"https:\/\/www.boxrepsol.com\/es\/"},{"@type":"ListItem","position":2,"name":"\u00abEn el sof\u00e1 de casa me dije que si iba a competir sin arriesgar, entonces no ser\u00eda campe\u00f3n\u201d"}]},{"@type":"WebSite","@id":"https:\/\/www.boxrepsol.com\/es\/#website","url":"https:\/\/www.boxrepsol.com\/es\/","name":"Box Repsol","description":"Box Repsol Site","publisher":{"@id":"https:\/\/www.boxrepsol.com\/es\/#organization"},"potentialAction":[{"@type":"SearchAction","target":{"@type":"EntryPoint","urlTemplate":"https:\/\/www.boxrepsol.com\/es\/?s={search_term_string}"},"query-input":{"@type":"PropertyValueSpecification","valueRequired":true,"valueName":"search_term_string"}}],"inLanguage":"es"},{"@type":"Organization","@id":"https:\/\/www.boxrepsol.com\/es\/#organization","name":"Box Repsol","url":"https:\/\/www.boxrepsol.com\/es\/","logo":{"@type":"ImageObject","inLanguage":"es","@id":"https:\/\/www.boxrepsol.com\/es\/#\/schema\/logo\/image\/","url":"https:\/\/bxrepsol.s3.eu-west-1.amazonaws.com\/static\/2025\/07\/30083337\/favicon-96x96-1.png","contentUrl":"https:\/\/bxrepsol.s3.eu-west-1.amazonaws.com\/static\/2025\/07\/30083337\/favicon-96x96-1.png","width":96,"height":96,"caption":"Box Repsol"},"image":{"@id":"https:\/\/www.boxrepsol.com\/es\/#\/schema\/logo\/image\/"},"sameAs":["https:\/\/www.facebook.com\/BoxRepsol","https:\/\/x.com\/box_repsol","http:\/\/instagram.com\/box_repsol","https:\/\/www.youtube.com\/user\/RepsolCompeticion","https:\/\/www.flickr.com\/photos\/box_repsol\/"]},{"@type":"Person","@id":"https:\/\/www.boxrepsol.com\/es\/#\/schema\/person\/c5c2138f2cca251b0ad92b7086bb60b7","name":"Redacci\u00f3n Box Repsol","image":{"@type":"ImageObject","inLanguage":"es","@id":"https:\/\/secure.gravatar.com\/avatar\/adf7b77e38b4419baf32c7e9c21dde01f4e40df611f0978e3006fc4ba0aaab7e?s=96&d=mm&r=g","url":"https:\/\/secure.gravatar.com\/avatar\/adf7b77e38b4419baf32c7e9c21dde01f4e40df611f0978e3006fc4ba0aaab7e?s=96&d=mm&r=g","contentUrl":"https:\/\/secure.gravatar.com\/avatar\/adf7b77e38b4419baf32c7e9c21dde01f4e40df611f0978e3006fc4ba0aaab7e?s=96&d=mm&r=g","caption":"Redacci\u00f3n Box Repsol"},"description":"Box Repsol lo forma un equipo de periodistas, community managers, dise\u00f1adores y fot\u00f3grafos con m\u00e1s de 20 a\u00f1os de experiencia en el mundo del motorsport. Hemos vivido el primer mundial de un espa\u00f1ol en la categor\u00eda reina de motociclismo con \u00c1lex Crivill\u00e9, estuvimos en las victorias de Pedrosa y los t\u00edtulos de M\u00e1rquez, acompa\u00f1amos en \u00c1frica a Nani Roma y Marc Coma en sus conquistas del Dakar y hemos vibrado con los t\u00edtulos de Toni Bou en Trial. Adem\u00e1s, en nuestro equipo contamos con expertos en el mundo de las dos y cuatro ruedas tanto de la calle y las carreteras, como de los circuitos. Periodistas que han trabajado en revistas y publicaciones para hacerte llegar desde rutas y consejos de mantenimiento, a curiosidades y trucos de pilotaje.","sameAs":["https:\/\/www.facebook.com\/BoxRepsol\/","https:\/\/www.instagram.com\/box_repsol\/","https:\/\/x.com\/https:\/\/twitter.com\/box_repsol","https:\/\/www.youtube.com\/@Boxrepsol"],"url":"https:\/\/www.boxrepsol.com\/es\/author\/redaccion-box-repsol\/"}]}},"_links":{"self":[{"href":"https:\/\/www.boxrepsol.com\/es\/wp-json\/wp\/v2\/posts\/95240","targetHints":{"allow":["GET"]}}],"collection":[{"href":"https:\/\/www.boxrepsol.com\/es\/wp-json\/wp\/v2\/posts"}],"about":[{"href":"https:\/\/www.boxrepsol.com\/es\/wp-json\/wp\/v2\/types\/post"}],"author":[{"embeddable":true,"href":"https:\/\/www.boxrepsol.com\/es\/wp-json\/wp\/v2\/users\/43146"}],"replies":[{"embeddable":true,"href":"https:\/\/www.boxrepsol.com\/es\/wp-json\/wp\/v2\/comments?post=95240"}],"version-history":[{"count":1,"href":"https:\/\/www.boxrepsol.com\/es\/wp-json\/wp\/v2\/posts\/95240\/revisions"}],"predecessor-version":[{"id":114699,"href":"https:\/\/www.boxrepsol.com\/es\/wp-json\/wp\/v2\/posts\/95240\/revisions\/114699"}],"wp:featuredmedia":[{"embeddable":true,"href":"https:\/\/www.boxrepsol.com\/es\/wp-json\/wp\/v2\/media\/45032"}],"wp:attachment":[{"href":"https:\/\/www.boxrepsol.com\/es\/wp-json\/wp\/v2\/media?parent=95240"}],"wp:term":[{"taxonomy":"category","embeddable":true,"href":"https:\/\/www.boxrepsol.com\/es\/wp-json\/wp\/v2\/categories?post=95240"},{"taxonomy":"post_tag","embeddable":true,"href":"https:\/\/www.boxrepsol.com\/es\/wp-json\/wp\/v2\/tags?post=95240"}],"curies":[{"name":"wp","href":"https:\/\/api.w.org\/{rel}","templated":true}]}}