{"id":95234,"date":"2022-02-05T00:00:00","date_gmt":"2022-02-05T02:00:00","guid":{"rendered":"http:\/\/pre.boxrepsol.com\/sin-categorizar\/los-pilotos-del-equipo-repsol-honda-completan-una-buena-primera-jornada-en-el-test-de-sepang\/"},"modified":"2024-04-10T05:47:22","modified_gmt":"2024-04-10T07:47:22","slug":"los-pilotos-del-equipo-repsol-honda-completan-una-buena-primera-jornada-en-el-test-de-sepang","status":"publish","type":"post","link":"https:\/\/www.boxrepsol.com\/es\/motogp\/los-pilotos-del-equipo-repsol-honda-completan-una-buena-primera-jornada-en-el-test-de-sepang\/","title":{"rendered":"Los pilotos del equipo Repsol Honda completan una buena primera jornada en el test de Sepang"},"content":{"rendered":"<p><strong>Marc M\u00e1rquez<\/strong> y <strong>Pol Espargar\u00f3<\/strong> han inaugurado la temporada 2022 en el <strong>test de Sepang<\/strong>. Durante la jornada, el <strong>equipo Repsol Honda<\/strong> ha lucido una llamativa decoraci\u00f3n de pruebas en blanco y negro.<\/p>\n<p>Antes de la presentaci\u00f3n del equipo Repsol Honda del pr\u00f3ximo martes 8 de febrero, tanto Marc como Pol han finalizado un primer d\u00eda muy completo bajo el intenso sol de Sepang, acabando en la <strong>octava y novena posici\u00f3n<\/strong>, respectivamente.<\/p>\n<p>Pol Espargar\u00f3 ha sido uno de los primeros pilotos en salir a pista cuando se ha abierto el acceso a las 10:00h (hora local). Marc M\u00e1rquez lo ha hecho unos minutos despu\u00e9s.<\/p>\n<p>M\u00e1rquez ha sufrido una <strong>ca\u00edda leve<\/strong> en la curva 9 en las primeras horas de test, pero ha podido regresar al box del equipo sin ning\u00fan problema, volviendo a la pista al poco rato. Alrededor de la 13:00h (hora local), el piloto del equipo Repsol Honda se ha situado en la sexta posici\u00f3n.<\/p>\n<p>A falta de media hora, Marc ha sufrido <strong>otra ca\u00edda sin consecuencias<\/strong> en la curva 15, probando al l\u00edmite su nueva RC213V. Con un mejor tiempo de 1 minuto, 59 segundos y 287 mil\u00e9simas, M\u00e1rquez ha finalizado a 0.916 del mejor registro del d\u00eda, habiendo completado 62 vueltas en el trazado de 5,5 kil\u00f3metros.<\/p>\n<p>Pol Espargar\u00f3 tambi\u00e9n ha aprovechado la primera jornada para conocer la nueva Honda RC213V 2022. El piloto se ha situado en el top 5 antes de la primera pausa del d\u00eda, bajando su tiempo por debajo de los 2\u201900. Al final de la jornada y tras haber realizado 64 vueltas, Espargar\u00f3 ha terminado en la novena posici\u00f3n, con una mejor marca de 1 minuto, 59 segundos y 353 mil\u00e9simas, solo a 66 mil\u00e9simas de su compa\u00f1ero de equipo.<\/p>\n<p>Todos los integrantes del equipo Repsol Honda est\u00e1n<strong> satisfechos<\/strong> con el trabajo realizado y concentrados en los preparativos para el segundo y \u00faltimo d\u00eda en Sepang. Espargar\u00f3 es consciente sobre la gran cantidad de trabajo que debe hacerse en solo cinco d\u00edas de pruebas de la pretemporada, pero est\u00e1 concentrado y motivado para lo que est\u00e1 por venir.<\/p>\n<p>La segunda y \u00faltima jornada del test de Sepang continuar\u00e1 ma\u00f1ana domingo en el trazado malayo, donde los pilotos del equipo Repsol Honda continuar\u00e1n trabajando en la puesta a punto de sus motos con la vista puesta en el arranque de la temporada 2022.<\/p>\n<h3>Declaraciones de los pilotos<\/h3>\n<p><a href=\"https:\/\/twitter.com\/search?q=%23MM93&amp;src=hashtag_click\" target=\"_blank\" rel=\"noopener\">#MM93<\/a><\/p>\n<p>\u00abVolver a pista despu\u00e9s de todo lo que hemos vivido ha sido muy gratificante, pero ha sido un d\u00eda largo y duro. Me siento bien con la moto y, sobre todo, ha sido un d\u00eda normal despu\u00e9s de mucho tiempo. Hoy ha habido de todo: he sido r\u00e1pido pero he cometido peque\u00f1os errores. La nueva moto es mejor, pero todav\u00eda tenemos que entender muchas cosas porque es un cambio muy grande. Tengo que entender los l\u00edmites, para eso est\u00e1 la pretemporada. Ma\u00f1ana ser\u00e1 importante hacer una tanda m\u00e1s larga para seguir aprendiendo y entendiendo\u00bb.<\/p>\n<p><a href=\"https:\/\/twitter.com\/search?q=%23POL44&amp;src=hashtag_click\" target=\"_blank\" rel=\"noopener\">#POL44<\/a><\/p>\n<p>\u00abMe siento muy bien al volver a pilotar y especialmente con esta moto. Es incre\u00edble ver el esfuerzo del equipo, no s\u00f3lo trayendo dos motos nuevas para los pilotos de f\u00e1brica sino cuatro motos para todos los pilotos de Honda. Esto nos va a ayudar mucho. Pero tenemos trabajo que hacer, con s\u00f3lo cinco d\u00edas de tests debemos aprovechar todo el tiempo que podamos. Hemos tenido un buen primer d\u00eda con la nueva moto, pero lo mejor est\u00e1 por llegar y espero que ma\u00f1ana podamos seguir mejorando y mostrar nuestro potencial. He pasado el d\u00eda trabajando en detalles y no persiguiendo un tiempo r\u00e1pido, ya que hoy hemos probado muchas cosas. Ma\u00f1ana buscaremos un mejor tiempo a una vuelta\u00bb.<\/p>\n","protected":false},"excerpt":{"rendered":"<p>Marc M\u00e1rquez ha finalizado octavo, justo por delante de su compa\u00f1ero Pol Espargar\u00f3, con una diferencia de 66 mil\u00e9simas entre ambos.<\/p>\n","protected":false},"author":43146,"featured_media":44984,"comment_status":"open","ping_status":"open","sticky":false,"template":"","format":"standard","meta":{"footnotes":""},"categories":[4],"tags":[120,6,128,15],"class_list":["post-95234","post","type-post","status-publish","format-standard","hentry","category-motogp","tag-120","tag-marc-marquez","tag-pol-espargaro","tag-pretemporada"],"yoast_head":"<!-- This site is optimized with the Yoast SEO plugin v27.3 - https:\/\/yoast.com\/product\/yoast-seo-wordpress\/ -->\n<title>Los pilotos del equipo Repsol Honda completan una buena primera jornada en el test de Sepang - Box Repsol<\/title>\n<link rel=\"canonical\" href=\"https:\/\/www.boxrepsol.com\/es\/motogp\/los-pilotos-del-equipo-repsol-honda-completan-una-buena-primera-jornada-en-el-test-de-sepang\/\" \/>\n<meta property=\"og:locale\" content=\"es_ES\" \/>\n<meta property=\"og:type\" content=\"article\" \/>\n<meta property=\"og:title\" content=\"Los pilotos del equipo Repsol Honda completan una buena primera jornada en el test de Sepang - Box Repsol\" \/>\n<meta property=\"og:description\" content=\"Marc M\u00e1rquez ha finalizado octavo, justo por delante de su compa\u00f1ero Pol Espargar\u00f3, con una diferencia de 66 mil\u00e9simas entre ambos.\" \/>\n<meta property=\"og:url\" content=\"https:\/\/www.boxrepsol.com\/es\/motogp\/los-pilotos-del-equipo-repsol-honda-completan-una-buena-primera-jornada-en-el-test-de-sepang\/\" \/>\n<meta property=\"og:site_name\" content=\"Box Repsol\" \/>\n<meta property=\"article:publisher\" content=\"https:\/\/www.facebook.com\/BoxRepsol\" \/>\n<meta property=\"article:author\" content=\"https:\/\/www.facebook.com\/BoxRepsol\/\" \/>\n<meta property=\"article:published_time\" content=\"2022-02-05T02:00:00+00:00\" \/>\n<meta property=\"article:modified_time\" content=\"2024-04-10T07:47:22+00:00\" \/>\n<meta property=\"og:image\" content=\"https:\/\/bxrepsol.s3.eu-west-1.amazonaws.com\/static\/2022\/08\/09142327\/RD0.1_SepangTest_Marc_2022-5-scaled.jpg\" \/>\n\t<meta property=\"og:image:width\" content=\"2560\" \/>\n\t<meta property=\"og:image:height\" content=\"1707\" \/>\n\t<meta property=\"og:image:type\" content=\"image\/jpeg\" \/>\n<meta name=\"author\" content=\"Redacci\u00f3n Box Repsol\" \/>\n<meta name=\"twitter:card\" content=\"summary_large_image\" \/>\n<meta name=\"twitter:creator\" content=\"@https:\/\/twitter.com\/box_repsol\" \/>\n<meta name=\"twitter:site\" content=\"@box_repsol\" \/>\n<meta name=\"twitter:label1\" content=\"Written by\" \/>\n\t<meta name=\"twitter:data1\" content=\"Redacci\u00f3n Box Repsol\" \/>\n\t<meta name=\"twitter:label2\" content=\"Est. reading time\" \/>\n\t<meta name=\"twitter:data2\" content=\"3 minutos\" \/>\n<script type=\"application\/ld+json\" class=\"yoast-schema-graph\">{\"@context\":\"https:\\\/\\\/schema.org\",\"@graph\":[{\"@type\":\"Article\",\"@id\":\"https:\\\/\\\/www.boxrepsol.com\\\/es\\\/motogp\\\/los-pilotos-del-equipo-repsol-honda-completan-una-buena-primera-jornada-en-el-test-de-sepang\\\/#article\",\"isPartOf\":{\"@id\":\"https:\\\/\\\/www.boxrepsol.com\\\/es\\\/motogp\\\/los-pilotos-del-equipo-repsol-honda-completan-una-buena-primera-jornada-en-el-test-de-sepang\\\/\"},\"author\":{\"name\":\"Redacci\u00f3n Box Repsol\",\"@id\":\"https:\\\/\\\/www.boxrepsol.com\\\/es\\\/#\\\/schema\\\/person\\\/c5c2138f2cca251b0ad92b7086bb60b7\"},\"headline\":\"Los pilotos del equipo Repsol Honda completan una buena primera jornada en el test de Sepang\",\"datePublished\":\"2022-02-05T02:00:00+00:00\",\"dateModified\":\"2024-04-10T07:47:22+00:00\",\"mainEntityOfPage\":{\"@id\":\"https:\\\/\\\/www.boxrepsol.com\\\/es\\\/motogp\\\/los-pilotos-del-equipo-repsol-honda-completan-una-buena-primera-jornada-en-el-test-de-sepang\\\/\"},\"wordCount\":658,\"commentCount\":0,\"publisher\":{\"@id\":\"https:\\\/\\\/www.boxrepsol.com\\\/es\\\/#organization\"},\"image\":{\"@id\":\"https:\\\/\\\/www.boxrepsol.com\\\/es\\\/motogp\\\/los-pilotos-del-equipo-repsol-honda-completan-una-buena-primera-jornada-en-el-test-de-sepang\\\/#primaryimage\"},\"thumbnailUrl\":\"https:\\\/\\\/bxrepsol.s3.eu-west-1.amazonaws.com\\\/static\\\/2022\\\/08\\\/09142327\\\/RD0.1_SepangTest_Marc_2022-5-scaled.jpg\",\"keywords\":[\"2022\",\"Marc M\u00e1rquez\",\"Pol Espargar\u00f3\",\"pretemporada\"],\"articleSection\":[\"MotoGP\"],\"inLanguage\":\"es\",\"potentialAction\":[{\"@type\":\"CommentAction\",\"name\":\"Comment\",\"target\":[\"https:\\\/\\\/www.boxrepsol.com\\\/es\\\/motogp\\\/los-pilotos-del-equipo-repsol-honda-completan-una-buena-primera-jornada-en-el-test-de-sepang\\\/#respond\"]}]},{\"@type\":\"WebPage\",\"@id\":\"https:\\\/\\\/www.boxrepsol.com\\\/es\\\/motogp\\\/los-pilotos-del-equipo-repsol-honda-completan-una-buena-primera-jornada-en-el-test-de-sepang\\\/\",\"url\":\"https:\\\/\\\/www.boxrepsol.com\\\/es\\\/motogp\\\/los-pilotos-del-equipo-repsol-honda-completan-una-buena-primera-jornada-en-el-test-de-sepang\\\/\",\"name\":\"Los pilotos del equipo Repsol Honda completan una buena primera jornada en el test de Sepang - Box Repsol\",\"isPartOf\":{\"@id\":\"https:\\\/\\\/www.boxrepsol.com\\\/es\\\/#website\"},\"primaryImageOfPage\":{\"@id\":\"https:\\\/\\\/www.boxrepsol.com\\\/es\\\/motogp\\\/los-pilotos-del-equipo-repsol-honda-completan-una-buena-primera-jornada-en-el-test-de-sepang\\\/#primaryimage\"},\"image\":{\"@id\":\"https:\\\/\\\/www.boxrepsol.com\\\/es\\\/motogp\\\/los-pilotos-del-equipo-repsol-honda-completan-una-buena-primera-jornada-en-el-test-de-sepang\\\/#primaryimage\"},\"thumbnailUrl\":\"https:\\\/\\\/bxrepsol.s3.eu-west-1.amazonaws.com\\\/static\\\/2022\\\/08\\\/09142327\\\/RD0.1_SepangTest_Marc_2022-5-scaled.jpg\",\"datePublished\":\"2022-02-05T02:00:00+00:00\",\"dateModified\":\"2024-04-10T07:47:22+00:00\",\"breadcrumb\":{\"@id\":\"https:\\\/\\\/www.boxrepsol.com\\\/es\\\/motogp\\\/los-pilotos-del-equipo-repsol-honda-completan-una-buena-primera-jornada-en-el-test-de-sepang\\\/#breadcrumb\"},\"inLanguage\":\"es\",\"potentialAction\":[{\"@type\":\"ReadAction\",\"target\":[\"https:\\\/\\\/www.boxrepsol.com\\\/es\\\/motogp\\\/los-pilotos-del-equipo-repsol-honda-completan-una-buena-primera-jornada-en-el-test-de-sepang\\\/\"]}]},{\"@type\":\"ImageObject\",\"inLanguage\":\"es\",\"@id\":\"https:\\\/\\\/www.boxrepsol.com\\\/es\\\/motogp\\\/los-pilotos-del-equipo-repsol-honda-completan-una-buena-primera-jornada-en-el-test-de-sepang\\\/#primaryimage\",\"url\":\"https:\\\/\\\/bxrepsol.s3.eu-west-1.amazonaws.com\\\/static\\\/2022\\\/08\\\/09142327\\\/RD0.1_SepangTest_Marc_2022-5-scaled.jpg\",\"contentUrl\":\"https:\\\/\\\/bxrepsol.s3.eu-west-1.amazonaws.com\\\/static\\\/2022\\\/08\\\/09142327\\\/RD0.1_SepangTest_Marc_2022-5-scaled.jpg\",\"width\":2560,\"height\":1707},{\"@type\":\"BreadcrumbList\",\"@id\":\"https:\\\/\\\/www.boxrepsol.com\\\/es\\\/motogp\\\/los-pilotos-del-equipo-repsol-honda-completan-una-buena-primera-jornada-en-el-test-de-sepang\\\/#breadcrumb\",\"itemListElement\":[{\"@type\":\"ListItem\",\"position\":1,\"name\":\"Home\",\"item\":\"https:\\\/\\\/www.boxrepsol.com\\\/es\\\/\"},{\"@type\":\"ListItem\",\"position\":2,\"name\":\"Los pilotos del equipo Repsol Honda completan una buena primera jornada en el test de Sepang\"}]},{\"@type\":\"WebSite\",\"@id\":\"https:\\\/\\\/www.boxrepsol.com\\\/es\\\/#website\",\"url\":\"https:\\\/\\\/www.boxrepsol.com\\\/es\\\/\",\"name\":\"Box Repsol\",\"description\":\"Box Repsol Site\",\"publisher\":{\"@id\":\"https:\\\/\\\/www.boxrepsol.com\\\/es\\\/#organization\"},\"potentialAction\":[{\"@type\":\"SearchAction\",\"target\":{\"@type\":\"EntryPoint\",\"urlTemplate\":\"https:\\\/\\\/www.boxrepsol.com\\\/es\\\/?s={search_term_string}\"},\"query-input\":{\"@type\":\"PropertyValueSpecification\",\"valueRequired\":true,\"valueName\":\"search_term_string\"}}],\"inLanguage\":\"es\"},{\"@type\":\"Organization\",\"@id\":\"https:\\\/\\\/www.boxrepsol.com\\\/es\\\/#organization\",\"name\":\"Box Repsol\",\"url\":\"https:\\\/\\\/www.boxrepsol.com\\\/es\\\/\",\"logo\":{\"@type\":\"ImageObject\",\"inLanguage\":\"es\",\"@id\":\"https:\\\/\\\/www.boxrepsol.com\\\/es\\\/#\\\/schema\\\/logo\\\/image\\\/\",\"url\":\"https:\\\/\\\/bxrepsol.s3.eu-west-1.amazonaws.com\\\/static\\\/2025\\\/07\\\/30083337\\\/favicon-96x96-1.png\",\"contentUrl\":\"https:\\\/\\\/bxrepsol.s3.eu-west-1.amazonaws.com\\\/static\\\/2025\\\/07\\\/30083337\\\/favicon-96x96-1.png\",\"width\":96,\"height\":96,\"caption\":\"Box Repsol\"},\"image\":{\"@id\":\"https:\\\/\\\/www.boxrepsol.com\\\/es\\\/#\\\/schema\\\/logo\\\/image\\\/\"},\"sameAs\":[\"https:\\\/\\\/www.facebook.com\\\/BoxRepsol\",\"https:\\\/\\\/x.com\\\/box_repsol\",\"http:\\\/\\\/instagram.com\\\/box_repsol\",\"https:\\\/\\\/www.youtube.com\\\/user\\\/RepsolCompeticion\",\"https:\\\/\\\/www.flickr.com\\\/photos\\\/box_repsol\\\/\"]},{\"@type\":\"Person\",\"@id\":\"https:\\\/\\\/www.boxrepsol.com\\\/es\\\/#\\\/schema\\\/person\\\/c5c2138f2cca251b0ad92b7086bb60b7\",\"name\":\"Redacci\u00f3n Box Repsol\",\"image\":{\"@type\":\"ImageObject\",\"inLanguage\":\"es\",\"@id\":\"https:\\\/\\\/secure.gravatar.com\\\/avatar\\\/adf7b77e38b4419baf32c7e9c21dde01f4e40df611f0978e3006fc4ba0aaab7e?s=96&d=mm&r=g\",\"url\":\"https:\\\/\\\/secure.gravatar.com\\\/avatar\\\/adf7b77e38b4419baf32c7e9c21dde01f4e40df611f0978e3006fc4ba0aaab7e?s=96&d=mm&r=g\",\"contentUrl\":\"https:\\\/\\\/secure.gravatar.com\\\/avatar\\\/adf7b77e38b4419baf32c7e9c21dde01f4e40df611f0978e3006fc4ba0aaab7e?s=96&d=mm&r=g\",\"caption\":\"Redacci\u00f3n Box Repsol\"},\"description\":\"Box Repsol lo forma un equipo de periodistas, community managers, dise\u00f1adores y fot\u00f3grafos con m\u00e1s de 20 a\u00f1os de experiencia en el mundo del motorsport. Hemos vivido el primer mundial de un espa\u00f1ol en la categor\u00eda reina de motociclismo con \u00c1lex Crivill\u00e9, estuvimos en las victorias de Pedrosa y los t\u00edtulos de M\u00e1rquez, acompa\u00f1amos en \u00c1frica a Nani Roma y Marc Coma en sus conquistas del Dakar y hemos vibrado con los t\u00edtulos de Toni Bou en Trial. Adem\u00e1s, en nuestro equipo contamos con expertos en el mundo de las dos y cuatro ruedas tanto de la calle y las carreteras, como de los circuitos. Periodistas que han trabajado en revistas y publicaciones para hacerte llegar desde rutas y consejos de mantenimiento, a curiosidades y trucos de pilotaje.\",\"sameAs\":[\"https:\\\/\\\/www.facebook.com\\\/BoxRepsol\\\/\",\"https:\\\/\\\/www.instagram.com\\\/box_repsol\\\/\",\"https:\\\/\\\/x.com\\\/https:\\\/\\\/twitter.com\\\/box_repsol\",\"https:\\\/\\\/www.youtube.com\\\/@Boxrepsol\"],\"url\":\"https:\\\/\\\/www.boxrepsol.com\\\/es\\\/author\\\/redaccion-box-repsol\\\/\"}]}<\/script>\n<!-- \/ Yoast SEO plugin. -->","yoast_head_json":{"title":"Los pilotos del equipo Repsol Honda completan una buena primera jornada en el test de Sepang - Box Repsol","canonical":"https:\/\/www.boxrepsol.com\/es\/motogp\/los-pilotos-del-equipo-repsol-honda-completan-una-buena-primera-jornada-en-el-test-de-sepang\/","og_locale":"es_ES","og_type":"article","og_title":"Los pilotos del equipo Repsol Honda completan una buena primera jornada en el test de Sepang - Box Repsol","og_description":"Marc M\u00e1rquez ha finalizado octavo, justo por delante de su compa\u00f1ero Pol Espargar\u00f3, con una diferencia de 66 mil\u00e9simas entre ambos.","og_url":"https:\/\/www.boxrepsol.com\/es\/motogp\/los-pilotos-del-equipo-repsol-honda-completan-una-buena-primera-jornada-en-el-test-de-sepang\/","og_site_name":"Box Repsol","article_publisher":"https:\/\/www.facebook.com\/BoxRepsol","article_author":"https:\/\/www.facebook.com\/BoxRepsol\/","article_published_time":"2022-02-05T02:00:00+00:00","article_modified_time":"2024-04-10T07:47:22+00:00","og_image":[{"width":2560,"height":1707,"url":"https:\/\/bxrepsol.s3.eu-west-1.amazonaws.com\/static\/2022\/08\/09142327\/RD0.1_SepangTest_Marc_2022-5-scaled.jpg","type":"image\/jpeg"}],"author":"Redacci\u00f3n Box Repsol","twitter_card":"summary_large_image","twitter_creator":"@https:\/\/twitter.com\/box_repsol","twitter_site":"@box_repsol","twitter_misc":{"Written by":"Redacci\u00f3n Box Repsol","Est. reading time":"3 minutos"},"schema":{"@context":"https:\/\/schema.org","@graph":[{"@type":"Article","@id":"https:\/\/www.boxrepsol.com\/es\/motogp\/los-pilotos-del-equipo-repsol-honda-completan-una-buena-primera-jornada-en-el-test-de-sepang\/#article","isPartOf":{"@id":"https:\/\/www.boxrepsol.com\/es\/motogp\/los-pilotos-del-equipo-repsol-honda-completan-una-buena-primera-jornada-en-el-test-de-sepang\/"},"author":{"name":"Redacci\u00f3n Box Repsol","@id":"https:\/\/www.boxrepsol.com\/es\/#\/schema\/person\/c5c2138f2cca251b0ad92b7086bb60b7"},"headline":"Los pilotos del equipo Repsol Honda completan una buena primera jornada en el test de Sepang","datePublished":"2022-02-05T02:00:00+00:00","dateModified":"2024-04-10T07:47:22+00:00","mainEntityOfPage":{"@id":"https:\/\/www.boxrepsol.com\/es\/motogp\/los-pilotos-del-equipo-repsol-honda-completan-una-buena-primera-jornada-en-el-test-de-sepang\/"},"wordCount":658,"commentCount":0,"publisher":{"@id":"https:\/\/www.boxrepsol.com\/es\/#organization"},"image":{"@id":"https:\/\/www.boxrepsol.com\/es\/motogp\/los-pilotos-del-equipo-repsol-honda-completan-una-buena-primera-jornada-en-el-test-de-sepang\/#primaryimage"},"thumbnailUrl":"https:\/\/bxrepsol.s3.eu-west-1.amazonaws.com\/static\/2022\/08\/09142327\/RD0.1_SepangTest_Marc_2022-5-scaled.jpg","keywords":["2022","Marc M\u00e1rquez","Pol Espargar\u00f3","pretemporada"],"articleSection":["MotoGP"],"inLanguage":"es","potentialAction":[{"@type":"CommentAction","name":"Comment","target":["https:\/\/www.boxrepsol.com\/es\/motogp\/los-pilotos-del-equipo-repsol-honda-completan-una-buena-primera-jornada-en-el-test-de-sepang\/#respond"]}]},{"@type":"WebPage","@id":"https:\/\/www.boxrepsol.com\/es\/motogp\/los-pilotos-del-equipo-repsol-honda-completan-una-buena-primera-jornada-en-el-test-de-sepang\/","url":"https:\/\/www.boxrepsol.com\/es\/motogp\/los-pilotos-del-equipo-repsol-honda-completan-una-buena-primera-jornada-en-el-test-de-sepang\/","name":"Los pilotos del equipo Repsol Honda completan una buena primera jornada en el test de Sepang - Box Repsol","isPartOf":{"@id":"https:\/\/www.boxrepsol.com\/es\/#website"},"primaryImageOfPage":{"@id":"https:\/\/www.boxrepsol.com\/es\/motogp\/los-pilotos-del-equipo-repsol-honda-completan-una-buena-primera-jornada-en-el-test-de-sepang\/#primaryimage"},"image":{"@id":"https:\/\/www.boxrepsol.com\/es\/motogp\/los-pilotos-del-equipo-repsol-honda-completan-una-buena-primera-jornada-en-el-test-de-sepang\/#primaryimage"},"thumbnailUrl":"https:\/\/bxrepsol.s3.eu-west-1.amazonaws.com\/static\/2022\/08\/09142327\/RD0.1_SepangTest_Marc_2022-5-scaled.jpg","datePublished":"2022-02-05T02:00:00+00:00","dateModified":"2024-04-10T07:47:22+00:00","breadcrumb":{"@id":"https:\/\/www.boxrepsol.com\/es\/motogp\/los-pilotos-del-equipo-repsol-honda-completan-una-buena-primera-jornada-en-el-test-de-sepang\/#breadcrumb"},"inLanguage":"es","potentialAction":[{"@type":"ReadAction","target":["https:\/\/www.boxrepsol.com\/es\/motogp\/los-pilotos-del-equipo-repsol-honda-completan-una-buena-primera-jornada-en-el-test-de-sepang\/"]}]},{"@type":"ImageObject","inLanguage":"es","@id":"https:\/\/www.boxrepsol.com\/es\/motogp\/los-pilotos-del-equipo-repsol-honda-completan-una-buena-primera-jornada-en-el-test-de-sepang\/#primaryimage","url":"https:\/\/bxrepsol.s3.eu-west-1.amazonaws.com\/static\/2022\/08\/09142327\/RD0.1_SepangTest_Marc_2022-5-scaled.jpg","contentUrl":"https:\/\/bxrepsol.s3.eu-west-1.amazonaws.com\/static\/2022\/08\/09142327\/RD0.1_SepangTest_Marc_2022-5-scaled.jpg","width":2560,"height":1707},{"@type":"BreadcrumbList","@id":"https:\/\/www.boxrepsol.com\/es\/motogp\/los-pilotos-del-equipo-repsol-honda-completan-una-buena-primera-jornada-en-el-test-de-sepang\/#breadcrumb","itemListElement":[{"@type":"ListItem","position":1,"name":"Home","item":"https:\/\/www.boxrepsol.com\/es\/"},{"@type":"ListItem","position":2,"name":"Los pilotos del equipo Repsol Honda completan una buena primera jornada en el test de Sepang"}]},{"@type":"WebSite","@id":"https:\/\/www.boxrepsol.com\/es\/#website","url":"https:\/\/www.boxrepsol.com\/es\/","name":"Box Repsol","description":"Box Repsol Site","publisher":{"@id":"https:\/\/www.boxrepsol.com\/es\/#organization"},"potentialAction":[{"@type":"SearchAction","target":{"@type":"EntryPoint","urlTemplate":"https:\/\/www.boxrepsol.com\/es\/?s={search_term_string}"},"query-input":{"@type":"PropertyValueSpecification","valueRequired":true,"valueName":"search_term_string"}}],"inLanguage":"es"},{"@type":"Organization","@id":"https:\/\/www.boxrepsol.com\/es\/#organization","name":"Box Repsol","url":"https:\/\/www.boxrepsol.com\/es\/","logo":{"@type":"ImageObject","inLanguage":"es","@id":"https:\/\/www.boxrepsol.com\/es\/#\/schema\/logo\/image\/","url":"https:\/\/bxrepsol.s3.eu-west-1.amazonaws.com\/static\/2025\/07\/30083337\/favicon-96x96-1.png","contentUrl":"https:\/\/bxrepsol.s3.eu-west-1.amazonaws.com\/static\/2025\/07\/30083337\/favicon-96x96-1.png","width":96,"height":96,"caption":"Box Repsol"},"image":{"@id":"https:\/\/www.boxrepsol.com\/es\/#\/schema\/logo\/image\/"},"sameAs":["https:\/\/www.facebook.com\/BoxRepsol","https:\/\/x.com\/box_repsol","http:\/\/instagram.com\/box_repsol","https:\/\/www.youtube.com\/user\/RepsolCompeticion","https:\/\/www.flickr.com\/photos\/box_repsol\/"]},{"@type":"Person","@id":"https:\/\/www.boxrepsol.com\/es\/#\/schema\/person\/c5c2138f2cca251b0ad92b7086bb60b7","name":"Redacci\u00f3n Box Repsol","image":{"@type":"ImageObject","inLanguage":"es","@id":"https:\/\/secure.gravatar.com\/avatar\/adf7b77e38b4419baf32c7e9c21dde01f4e40df611f0978e3006fc4ba0aaab7e?s=96&d=mm&r=g","url":"https:\/\/secure.gravatar.com\/avatar\/adf7b77e38b4419baf32c7e9c21dde01f4e40df611f0978e3006fc4ba0aaab7e?s=96&d=mm&r=g","contentUrl":"https:\/\/secure.gravatar.com\/avatar\/adf7b77e38b4419baf32c7e9c21dde01f4e40df611f0978e3006fc4ba0aaab7e?s=96&d=mm&r=g","caption":"Redacci\u00f3n Box Repsol"},"description":"Box Repsol lo forma un equipo de periodistas, community managers, dise\u00f1adores y fot\u00f3grafos con m\u00e1s de 20 a\u00f1os de experiencia en el mundo del motorsport. Hemos vivido el primer mundial de un espa\u00f1ol en la categor\u00eda reina de motociclismo con \u00c1lex Crivill\u00e9, estuvimos en las victorias de Pedrosa y los t\u00edtulos de M\u00e1rquez, acompa\u00f1amos en \u00c1frica a Nani Roma y Marc Coma en sus conquistas del Dakar y hemos vibrado con los t\u00edtulos de Toni Bou en Trial. Adem\u00e1s, en nuestro equipo contamos con expertos en el mundo de las dos y cuatro ruedas tanto de la calle y las carreteras, como de los circuitos. Periodistas que han trabajado en revistas y publicaciones para hacerte llegar desde rutas y consejos de mantenimiento, a curiosidades y trucos de pilotaje.","sameAs":["https:\/\/www.facebook.com\/BoxRepsol\/","https:\/\/www.instagram.com\/box_repsol\/","https:\/\/x.com\/https:\/\/twitter.com\/box_repsol","https:\/\/www.youtube.com\/@Boxrepsol"],"url":"https:\/\/www.boxrepsol.com\/es\/author\/redaccion-box-repsol\/"}]}},"_links":{"self":[{"href":"https:\/\/www.boxrepsol.com\/es\/wp-json\/wp\/v2\/posts\/95234","targetHints":{"allow":["GET"]}}],"collection":[{"href":"https:\/\/www.boxrepsol.com\/es\/wp-json\/wp\/v2\/posts"}],"about":[{"href":"https:\/\/www.boxrepsol.com\/es\/wp-json\/wp\/v2\/types\/post"}],"author":[{"embeddable":true,"href":"https:\/\/www.boxrepsol.com\/es\/wp-json\/wp\/v2\/users\/43146"}],"replies":[{"embeddable":true,"href":"https:\/\/www.boxrepsol.com\/es\/wp-json\/wp\/v2\/comments?post=95234"}],"version-history":[{"count":1,"href":"https:\/\/www.boxrepsol.com\/es\/wp-json\/wp\/v2\/posts\/95234\/revisions"}],"predecessor-version":[{"id":114701,"href":"https:\/\/www.boxrepsol.com\/es\/wp-json\/wp\/v2\/posts\/95234\/revisions\/114701"}],"wp:featuredmedia":[{"embeddable":true,"href":"https:\/\/www.boxrepsol.com\/es\/wp-json\/wp\/v2\/media\/44984"}],"wp:attachment":[{"href":"https:\/\/www.boxrepsol.com\/es\/wp-json\/wp\/v2\/media?parent=95234"}],"wp:term":[{"taxonomy":"category","embeddable":true,"href":"https:\/\/www.boxrepsol.com\/es\/wp-json\/wp\/v2\/categories?post=95234"},{"taxonomy":"post_tag","embeddable":true,"href":"https:\/\/www.boxrepsol.com\/es\/wp-json\/wp\/v2\/tags?post=95234"}],"curies":[{"name":"wp","href":"https:\/\/api.w.org\/{rel}","templated":true}]}}