{"id":95224,"date":"2022-01-14T00:00:00","date_gmt":"2022-01-14T02:00:00","guid":{"rendered":"http:\/\/pre.boxrepsol.com\/sin-categorizar\/isidre-esteve-completa-su-decimoseptimo-dakar-con-nota\/"},"modified":"2024-04-10T05:49:46","modified_gmt":"2024-04-10T07:49:46","slug":"isidre-esteve-completa-su-decimoseptimo-dakar-con-nota","status":"publish","type":"post","link":"https:\/\/www.boxrepsol.com\/es\/rally\/isidre-esteve-completa-su-decimoseptimo-dakar-con-nota\/","title":{"rendered":"Isidre Esteve completa su decimos\u00e9ptimo Dakar con nota"},"content":{"rendered":"<p>Isidre Esteve y Txema Villalobos han cruzado la meta del Rally Dakar 2022 este viernes con una sonrisa de oreja a oreja. La pareja espa\u00f1ola ha logrado acabar su sexta participaci\u00f3n juntos con buena nota, despu\u00e9s de sobreponerse a un orden de salida injusto durante las primeras seis etapas, que les hizo perder much\u00edsimos minutos detr\u00e1s de camiones y veh\u00edculos m\u00e1s lentos.<\/p>\n<p>En un rally donde el top 20 ha estado m\u00e1s luchado que nunca y donde los nuevos prototipos T1+ (rueda m\u00e1s grande, mayor recorrido de suspensi\u00f3n y m\u00e1s anchura) han destacado por encima del resto, el Repsol Rally Team ha conseguido optimizar sus recursos. Gracias al buen hacer de todos los integrantes del equipo \u2013Lidia, David, Carles y Albert\u2013 y al respaldo de sus patrocinadores \u2013Repsol, MGS Seguros, KH-7 y Toyota Espa\u00f1a\u2013, Esteve y Villalobos han logrado acabar 16\u00b0 de entre los T1.1 (coches 4&#215;4 gasolina y di\u00e9sel). En esta clasificaci\u00f3n, han conseguido ser quintos de entre los 25 veh\u00edculos con rueda peque\u00f1a anteriores al nuevo reglamento FIA 2022 que han acabado la carrera.<\/p>\n<p>\u201cYa van 17 Dakares y esto es algo por lo que me sigo emocionando cada vez que llego al final del rally. Ahora me acuerdo de toda la gente que nos ayuda a estar aqu\u00ed y de todo el equipo que ha estado conmigo estos d\u00edas. Txema ha hecho un trabajo extraordinario. Lidia y los mec\u00e1nicos, David, Carles y Albert, cada d\u00eda les hemos estado pidiendo cosas mejores para el coche para que se adapte mejor a m\u00ed y han dado todo lo que ten\u00edan; esto es extraordinario\u201d, ha agradecido el catal\u00e1n nada m\u00e1s cruzar la meta.<\/p>\n<p>\u201cCreo que ha sido un Dakar en el que estamos en la posici\u00f3n que merecemos. A diferencia del a\u00f1o pasado, creo que se ha corrido much\u00edsimo y ha sido un Dakar al sprint cada d\u00eda y no ha permitido ning\u00fan error en ning\u00fan momento. S\u00ed es verdad que la primera semana nos hubiese gustado salir m\u00e1s adelante, creo que eso nos penaliz\u00f3. Pero hay que mirar hacia delante y agradezco que ASO y la FIA rectificaran. Esta segunda semana hemos podido salir en las posiciones que nos tocaba salir, hemos hecho buenas etapas y ahora toca analizar todo lo sucedido con tranquilidad para mejorar y volver aqu\u00ed mejor el a\u00f1o que viene. Seguimos queriendo ser m\u00e1s competitivos cada d\u00eda\u201d.<\/p>\n<p>Isidre Esteve, junto a su copiloto Txema Villalobos y el resto de integrantes del Repsol Rally Team, regresar\u00e1 este s\u00e1bado a Espa\u00f1a, en el vuelo SV 3225 procedente de Yeda (Arabia Saud\u00ed) que aterrizar\u00e1 en Barcelona a las 18h40. El piloto ilerdense atender\u00e1 a los medios de comunicaci\u00f3n en la terminal T1 de llegadas del Aeropuerto de Barcelona.<\/p>\n<p><strong>Clasificaci\u00f3n etapa:<\/strong><\/p>\n<p>1. Lategan \/ Cummings (Toyota) 1h 35\u201919\u201d<br \/>\n2. Peterhansel \/ Boulanger (Audi) +00\u201949\u201d<br \/>\n3. Baragwanath \/ Cremer (Century) +01\u201951\u201d<br \/>\n4. Loeb \/ Lurquin (Prodrive) +02\u201920\u201d<br \/>\n5. Zala \/ Fiuza (MINI) +03\u201925\u201d<br \/>\n&#8230;<br \/>\n<strong>39. Esteve \/ Villalobos (Toyota) +22&#8217;26\u00bb<\/strong><\/p>\n<p><strong>Clasificaci\u00f3n final:<\/strong><\/p>\n<p>1. Al-Attiyah \/ Baumel (Toyota) 38h 33\u201903\u201d<br \/>\n2. Loeb \/ Lurquin (Prodrive) +27\u201946\u201d<br \/>\n3. Al Rajhi \/ Orr (Toyota) +1h 01\u201913\u201d<br \/>\n4. Terranova \/ Oliveras (Prodrive) +1h 27\u201923\u201d<br \/>\n5. De Villiers \/ Murphy (Toyota) +1h 41\u201948\u201d<br \/>\n&#8230;<br \/>\n<strong>27. Esteve \/ Villalobos (Toyota) +7h 21\u201940&#8243;<\/strong><\/p>\n","protected":false},"excerpt":{"rendered":"<p>El Repsol Rally Team acaba la 44\u00aa edici\u00f3n del rally m\u00e1s duro del mundo al borde del top 25 de la general, 16\u00b0 de entre los T1.1 y quinto de los veh\u00edculos anteriores al reglamento 2022.<\/p>\n","protected":false},"author":43146,"featured_media":44946,"comment_status":"open","ping_status":"open","sticky":false,"template":"","format":"standard","meta":{"footnotes":""},"categories":[27],"tags":[120,201,29,183],"class_list":["post-95224","post","type-post","status-publish","format-standard","hentry","category-rally","tag-120","tag-dakar","tag-isidre-esteve","tag-repsol-rally-team"],"yoast_head":"<!-- This site is optimized with the Yoast SEO plugin v27.3 - https:\/\/yoast.com\/product\/yoast-seo-wordpress\/ -->\n<title>Isidre Esteve completa su decimos\u00e9ptimo Dakar con nota - Box Repsol<\/title>\n<meta name=\"description\" content=\"Celebra junto a Isidre Esteve su logro al completar su decimos\u00e9ptimo Dakar con \u00e9xito, demostrando su perseverancia y habilidades.\" \/>\n<link rel=\"canonical\" href=\"https:\/\/www.boxrepsol.com\/es\/rally\/isidre-esteve-completa-su-decimoseptimo-dakar-con-nota\/\" \/>\n<meta property=\"og:locale\" content=\"es_ES\" \/>\n<meta property=\"og:type\" content=\"article\" \/>\n<meta property=\"og:title\" content=\"Isidre Esteve completa su decimos\u00e9ptimo Dakar con nota - Box Repsol\" \/>\n<meta property=\"og:description\" content=\"Celebra junto a Isidre Esteve su logro al completar su decimos\u00e9ptimo Dakar con \u00e9xito, demostrando su perseverancia y habilidades.\" \/>\n<meta property=\"og:url\" content=\"https:\/\/www.boxrepsol.com\/es\/rally\/isidre-esteve-completa-su-decimoseptimo-dakar-con-nota\/\" \/>\n<meta property=\"og:site_name\" content=\"Box Repsol\" \/>\n<meta property=\"article:publisher\" content=\"https:\/\/www.facebook.com\/BoxRepsol\" \/>\n<meta property=\"article:author\" content=\"https:\/\/www.facebook.com\/BoxRepsol\/\" \/>\n<meta property=\"article:published_time\" content=\"2022-01-14T02:00:00+00:00\" \/>\n<meta property=\"article:modified_time\" content=\"2024-04-10T07:49:46+00:00\" \/>\n<meta property=\"og:image\" content=\"https:\/\/bxrepsol.s3.eu-west-1.amazonaws.com\/static\/2022\/08\/09142218\/Dakar22_E12_Isidre_Esteve_2-1-scaled.jpg\" \/>\n\t<meta property=\"og:image:width\" content=\"2560\" \/>\n\t<meta property=\"og:image:height\" content=\"1707\" \/>\n\t<meta property=\"og:image:type\" content=\"image\/jpeg\" \/>\n<meta name=\"author\" content=\"Redacci\u00f3n Box Repsol\" \/>\n<meta name=\"twitter:card\" content=\"summary_large_image\" \/>\n<meta name=\"twitter:creator\" content=\"@https:\/\/twitter.com\/box_repsol\" \/>\n<meta name=\"twitter:site\" content=\"@box_repsol\" \/>\n<meta name=\"twitter:label1\" content=\"Written by\" \/>\n\t<meta name=\"twitter:data1\" content=\"Redacci\u00f3n Box Repsol\" \/>\n\t<meta name=\"twitter:label2\" content=\"Est. reading time\" \/>\n\t<meta name=\"twitter:data2\" content=\"3 minutos\" \/>\n<script type=\"application\/ld+json\" class=\"yoast-schema-graph\">{\"@context\":\"https:\\\/\\\/schema.org\",\"@graph\":[{\"@type\":\"Article\",\"@id\":\"https:\\\/\\\/www.boxrepsol.com\\\/es\\\/rally\\\/isidre-esteve-completa-su-decimoseptimo-dakar-con-nota\\\/#article\",\"isPartOf\":{\"@id\":\"https:\\\/\\\/www.boxrepsol.com\\\/es\\\/rally\\\/isidre-esteve-completa-su-decimoseptimo-dakar-con-nota\\\/\"},\"author\":{\"name\":\"Redacci\u00f3n Box Repsol\",\"@id\":\"https:\\\/\\\/www.boxrepsol.com\\\/es\\\/#\\\/schema\\\/person\\\/c5c2138f2cca251b0ad92b7086bb60b7\"},\"headline\":\"Isidre Esteve completa su decimos\u00e9ptimo Dakar con nota\",\"datePublished\":\"2022-01-14T02:00:00+00:00\",\"dateModified\":\"2024-04-10T07:49:46+00:00\",\"mainEntityOfPage\":{\"@id\":\"https:\\\/\\\/www.boxrepsol.com\\\/es\\\/rally\\\/isidre-esteve-completa-su-decimoseptimo-dakar-con-nota\\\/\"},\"wordCount\":537,\"commentCount\":0,\"publisher\":{\"@id\":\"https:\\\/\\\/www.boxrepsol.com\\\/es\\\/#organization\"},\"image\":{\"@id\":\"https:\\\/\\\/www.boxrepsol.com\\\/es\\\/rally\\\/isidre-esteve-completa-su-decimoseptimo-dakar-con-nota\\\/#primaryimage\"},\"thumbnailUrl\":\"https:\\\/\\\/bxrepsol.s3.eu-west-1.amazonaws.com\\\/static\\\/2022\\\/08\\\/09142218\\\/Dakar22_E12_Isidre_Esteve_2-1-scaled.jpg\",\"keywords\":[\"2022\",\"Dakar\",\"Isidre Esteve\",\"Repsol Rally Team\"],\"articleSection\":[\"Rally\"],\"inLanguage\":\"es\",\"potentialAction\":[{\"@type\":\"CommentAction\",\"name\":\"Comment\",\"target\":[\"https:\\\/\\\/www.boxrepsol.com\\\/es\\\/rally\\\/isidre-esteve-completa-su-decimoseptimo-dakar-con-nota\\\/#respond\"]}]},{\"@type\":\"WebPage\",\"@id\":\"https:\\\/\\\/www.boxrepsol.com\\\/es\\\/rally\\\/isidre-esteve-completa-su-decimoseptimo-dakar-con-nota\\\/\",\"url\":\"https:\\\/\\\/www.boxrepsol.com\\\/es\\\/rally\\\/isidre-esteve-completa-su-decimoseptimo-dakar-con-nota\\\/\",\"name\":\"Isidre Esteve completa su decimos\u00e9ptimo Dakar con nota - Box Repsol\",\"isPartOf\":{\"@id\":\"https:\\\/\\\/www.boxrepsol.com\\\/es\\\/#website\"},\"primaryImageOfPage\":{\"@id\":\"https:\\\/\\\/www.boxrepsol.com\\\/es\\\/rally\\\/isidre-esteve-completa-su-decimoseptimo-dakar-con-nota\\\/#primaryimage\"},\"image\":{\"@id\":\"https:\\\/\\\/www.boxrepsol.com\\\/es\\\/rally\\\/isidre-esteve-completa-su-decimoseptimo-dakar-con-nota\\\/#primaryimage\"},\"thumbnailUrl\":\"https:\\\/\\\/bxrepsol.s3.eu-west-1.amazonaws.com\\\/static\\\/2022\\\/08\\\/09142218\\\/Dakar22_E12_Isidre_Esteve_2-1-scaled.jpg\",\"datePublished\":\"2022-01-14T02:00:00+00:00\",\"dateModified\":\"2024-04-10T07:49:46+00:00\",\"description\":\"Celebra junto a Isidre Esteve su logro al completar su decimos\u00e9ptimo Dakar con \u00e9xito, demostrando su perseverancia y habilidades.\",\"breadcrumb\":{\"@id\":\"https:\\\/\\\/www.boxrepsol.com\\\/es\\\/rally\\\/isidre-esteve-completa-su-decimoseptimo-dakar-con-nota\\\/#breadcrumb\"},\"inLanguage\":\"es\",\"potentialAction\":[{\"@type\":\"ReadAction\",\"target\":[\"https:\\\/\\\/www.boxrepsol.com\\\/es\\\/rally\\\/isidre-esteve-completa-su-decimoseptimo-dakar-con-nota\\\/\"]}]},{\"@type\":\"ImageObject\",\"inLanguage\":\"es\",\"@id\":\"https:\\\/\\\/www.boxrepsol.com\\\/es\\\/rally\\\/isidre-esteve-completa-su-decimoseptimo-dakar-con-nota\\\/#primaryimage\",\"url\":\"https:\\\/\\\/bxrepsol.s3.eu-west-1.amazonaws.com\\\/static\\\/2022\\\/08\\\/09142218\\\/Dakar22_E12_Isidre_Esteve_2-1-scaled.jpg\",\"contentUrl\":\"https:\\\/\\\/bxrepsol.s3.eu-west-1.amazonaws.com\\\/static\\\/2022\\\/08\\\/09142218\\\/Dakar22_E12_Isidre_Esteve_2-1-scaled.jpg\",\"width\":2560,\"height\":1707},{\"@type\":\"BreadcrumbList\",\"@id\":\"https:\\\/\\\/www.boxrepsol.com\\\/es\\\/rally\\\/isidre-esteve-completa-su-decimoseptimo-dakar-con-nota\\\/#breadcrumb\",\"itemListElement\":[{\"@type\":\"ListItem\",\"position\":1,\"name\":\"Home\",\"item\":\"https:\\\/\\\/www.boxrepsol.com\\\/es\\\/\"},{\"@type\":\"ListItem\",\"position\":2,\"name\":\"Isidre Esteve completa su decimos\u00e9ptimo Dakar con nota\"}]},{\"@type\":\"WebSite\",\"@id\":\"https:\\\/\\\/www.boxrepsol.com\\\/es\\\/#website\",\"url\":\"https:\\\/\\\/www.boxrepsol.com\\\/es\\\/\",\"name\":\"Box Repsol\",\"description\":\"Box Repsol Site\",\"publisher\":{\"@id\":\"https:\\\/\\\/www.boxrepsol.com\\\/es\\\/#organization\"},\"potentialAction\":[{\"@type\":\"SearchAction\",\"target\":{\"@type\":\"EntryPoint\",\"urlTemplate\":\"https:\\\/\\\/www.boxrepsol.com\\\/es\\\/?s={search_term_string}\"},\"query-input\":{\"@type\":\"PropertyValueSpecification\",\"valueRequired\":true,\"valueName\":\"search_term_string\"}}],\"inLanguage\":\"es\"},{\"@type\":\"Organization\",\"@id\":\"https:\\\/\\\/www.boxrepsol.com\\\/es\\\/#organization\",\"name\":\"Box Repsol\",\"url\":\"https:\\\/\\\/www.boxrepsol.com\\\/es\\\/\",\"logo\":{\"@type\":\"ImageObject\",\"inLanguage\":\"es\",\"@id\":\"https:\\\/\\\/www.boxrepsol.com\\\/es\\\/#\\\/schema\\\/logo\\\/image\\\/\",\"url\":\"https:\\\/\\\/bxrepsol.s3.eu-west-1.amazonaws.com\\\/static\\\/2025\\\/07\\\/30083337\\\/favicon-96x96-1.png\",\"contentUrl\":\"https:\\\/\\\/bxrepsol.s3.eu-west-1.amazonaws.com\\\/static\\\/2025\\\/07\\\/30083337\\\/favicon-96x96-1.png\",\"width\":96,\"height\":96,\"caption\":\"Box Repsol\"},\"image\":{\"@id\":\"https:\\\/\\\/www.boxrepsol.com\\\/es\\\/#\\\/schema\\\/logo\\\/image\\\/\"},\"sameAs\":[\"https:\\\/\\\/www.facebook.com\\\/BoxRepsol\",\"https:\\\/\\\/x.com\\\/box_repsol\",\"http:\\\/\\\/instagram.com\\\/box_repsol\",\"https:\\\/\\\/www.youtube.com\\\/user\\\/RepsolCompeticion\",\"https:\\\/\\\/www.flickr.com\\\/photos\\\/box_repsol\\\/\"]},{\"@type\":\"Person\",\"@id\":\"https:\\\/\\\/www.boxrepsol.com\\\/es\\\/#\\\/schema\\\/person\\\/c5c2138f2cca251b0ad92b7086bb60b7\",\"name\":\"Redacci\u00f3n Box Repsol\",\"image\":{\"@type\":\"ImageObject\",\"inLanguage\":\"es\",\"@id\":\"https:\\\/\\\/secure.gravatar.com\\\/avatar\\\/adf7b77e38b4419baf32c7e9c21dde01f4e40df611f0978e3006fc4ba0aaab7e?s=96&d=mm&r=g\",\"url\":\"https:\\\/\\\/secure.gravatar.com\\\/avatar\\\/adf7b77e38b4419baf32c7e9c21dde01f4e40df611f0978e3006fc4ba0aaab7e?s=96&d=mm&r=g\",\"contentUrl\":\"https:\\\/\\\/secure.gravatar.com\\\/avatar\\\/adf7b77e38b4419baf32c7e9c21dde01f4e40df611f0978e3006fc4ba0aaab7e?s=96&d=mm&r=g\",\"caption\":\"Redacci\u00f3n Box Repsol\"},\"description\":\"Box Repsol lo forma un equipo de periodistas, community managers, dise\u00f1adores y fot\u00f3grafos con m\u00e1s de 20 a\u00f1os de experiencia en el mundo del motorsport. Hemos vivido el primer mundial de un espa\u00f1ol en la categor\u00eda reina de motociclismo con \u00c1lex Crivill\u00e9, estuvimos en las victorias de Pedrosa y los t\u00edtulos de M\u00e1rquez, acompa\u00f1amos en \u00c1frica a Nani Roma y Marc Coma en sus conquistas del Dakar y hemos vibrado con los t\u00edtulos de Toni Bou en Trial. Adem\u00e1s, en nuestro equipo contamos con expertos en el mundo de las dos y cuatro ruedas tanto de la calle y las carreteras, como de los circuitos. Periodistas que han trabajado en revistas y publicaciones para hacerte llegar desde rutas y consejos de mantenimiento, a curiosidades y trucos de pilotaje.\",\"sameAs\":[\"https:\\\/\\\/www.facebook.com\\\/BoxRepsol\\\/\",\"https:\\\/\\\/www.instagram.com\\\/box_repsol\\\/\",\"https:\\\/\\\/x.com\\\/https:\\\/\\\/twitter.com\\\/box_repsol\",\"https:\\\/\\\/www.youtube.com\\\/@Boxrepsol\"],\"url\":\"https:\\\/\\\/www.boxrepsol.com\\\/es\\\/author\\\/redaccion-box-repsol\\\/\"}]}<\/script>\n<!-- \/ Yoast SEO plugin. -->","yoast_head_json":{"title":"Isidre Esteve completa su decimos\u00e9ptimo Dakar con nota - Box Repsol","description":"Celebra junto a Isidre Esteve su logro al completar su decimos\u00e9ptimo Dakar con \u00e9xito, demostrando su perseverancia y habilidades.","canonical":"https:\/\/www.boxrepsol.com\/es\/rally\/isidre-esteve-completa-su-decimoseptimo-dakar-con-nota\/","og_locale":"es_ES","og_type":"article","og_title":"Isidre Esteve completa su decimos\u00e9ptimo Dakar con nota - Box Repsol","og_description":"Celebra junto a Isidre Esteve su logro al completar su decimos\u00e9ptimo Dakar con \u00e9xito, demostrando su perseverancia y habilidades.","og_url":"https:\/\/www.boxrepsol.com\/es\/rally\/isidre-esteve-completa-su-decimoseptimo-dakar-con-nota\/","og_site_name":"Box Repsol","article_publisher":"https:\/\/www.facebook.com\/BoxRepsol","article_author":"https:\/\/www.facebook.com\/BoxRepsol\/","article_published_time":"2022-01-14T02:00:00+00:00","article_modified_time":"2024-04-10T07:49:46+00:00","og_image":[{"width":2560,"height":1707,"url":"https:\/\/bxrepsol.s3.eu-west-1.amazonaws.com\/static\/2022\/08\/09142218\/Dakar22_E12_Isidre_Esteve_2-1-scaled.jpg","type":"image\/jpeg"}],"author":"Redacci\u00f3n Box Repsol","twitter_card":"summary_large_image","twitter_creator":"@https:\/\/twitter.com\/box_repsol","twitter_site":"@box_repsol","twitter_misc":{"Written by":"Redacci\u00f3n Box Repsol","Est. reading time":"3 minutos"},"schema":{"@context":"https:\/\/schema.org","@graph":[{"@type":"Article","@id":"https:\/\/www.boxrepsol.com\/es\/rally\/isidre-esteve-completa-su-decimoseptimo-dakar-con-nota\/#article","isPartOf":{"@id":"https:\/\/www.boxrepsol.com\/es\/rally\/isidre-esteve-completa-su-decimoseptimo-dakar-con-nota\/"},"author":{"name":"Redacci\u00f3n Box Repsol","@id":"https:\/\/www.boxrepsol.com\/es\/#\/schema\/person\/c5c2138f2cca251b0ad92b7086bb60b7"},"headline":"Isidre Esteve completa su decimos\u00e9ptimo Dakar con nota","datePublished":"2022-01-14T02:00:00+00:00","dateModified":"2024-04-10T07:49:46+00:00","mainEntityOfPage":{"@id":"https:\/\/www.boxrepsol.com\/es\/rally\/isidre-esteve-completa-su-decimoseptimo-dakar-con-nota\/"},"wordCount":537,"commentCount":0,"publisher":{"@id":"https:\/\/www.boxrepsol.com\/es\/#organization"},"image":{"@id":"https:\/\/www.boxrepsol.com\/es\/rally\/isidre-esteve-completa-su-decimoseptimo-dakar-con-nota\/#primaryimage"},"thumbnailUrl":"https:\/\/bxrepsol.s3.eu-west-1.amazonaws.com\/static\/2022\/08\/09142218\/Dakar22_E12_Isidre_Esteve_2-1-scaled.jpg","keywords":["2022","Dakar","Isidre Esteve","Repsol Rally Team"],"articleSection":["Rally"],"inLanguage":"es","potentialAction":[{"@type":"CommentAction","name":"Comment","target":["https:\/\/www.boxrepsol.com\/es\/rally\/isidre-esteve-completa-su-decimoseptimo-dakar-con-nota\/#respond"]}]},{"@type":"WebPage","@id":"https:\/\/www.boxrepsol.com\/es\/rally\/isidre-esteve-completa-su-decimoseptimo-dakar-con-nota\/","url":"https:\/\/www.boxrepsol.com\/es\/rally\/isidre-esteve-completa-su-decimoseptimo-dakar-con-nota\/","name":"Isidre Esteve completa su decimos\u00e9ptimo Dakar con nota - Box Repsol","isPartOf":{"@id":"https:\/\/www.boxrepsol.com\/es\/#website"},"primaryImageOfPage":{"@id":"https:\/\/www.boxrepsol.com\/es\/rally\/isidre-esteve-completa-su-decimoseptimo-dakar-con-nota\/#primaryimage"},"image":{"@id":"https:\/\/www.boxrepsol.com\/es\/rally\/isidre-esteve-completa-su-decimoseptimo-dakar-con-nota\/#primaryimage"},"thumbnailUrl":"https:\/\/bxrepsol.s3.eu-west-1.amazonaws.com\/static\/2022\/08\/09142218\/Dakar22_E12_Isidre_Esteve_2-1-scaled.jpg","datePublished":"2022-01-14T02:00:00+00:00","dateModified":"2024-04-10T07:49:46+00:00","description":"Celebra junto a Isidre Esteve su logro al completar su decimos\u00e9ptimo Dakar con \u00e9xito, demostrando su perseverancia y habilidades.","breadcrumb":{"@id":"https:\/\/www.boxrepsol.com\/es\/rally\/isidre-esteve-completa-su-decimoseptimo-dakar-con-nota\/#breadcrumb"},"inLanguage":"es","potentialAction":[{"@type":"ReadAction","target":["https:\/\/www.boxrepsol.com\/es\/rally\/isidre-esteve-completa-su-decimoseptimo-dakar-con-nota\/"]}]},{"@type":"ImageObject","inLanguage":"es","@id":"https:\/\/www.boxrepsol.com\/es\/rally\/isidre-esteve-completa-su-decimoseptimo-dakar-con-nota\/#primaryimage","url":"https:\/\/bxrepsol.s3.eu-west-1.amazonaws.com\/static\/2022\/08\/09142218\/Dakar22_E12_Isidre_Esteve_2-1-scaled.jpg","contentUrl":"https:\/\/bxrepsol.s3.eu-west-1.amazonaws.com\/static\/2022\/08\/09142218\/Dakar22_E12_Isidre_Esteve_2-1-scaled.jpg","width":2560,"height":1707},{"@type":"BreadcrumbList","@id":"https:\/\/www.boxrepsol.com\/es\/rally\/isidre-esteve-completa-su-decimoseptimo-dakar-con-nota\/#breadcrumb","itemListElement":[{"@type":"ListItem","position":1,"name":"Home","item":"https:\/\/www.boxrepsol.com\/es\/"},{"@type":"ListItem","position":2,"name":"Isidre Esteve completa su decimos\u00e9ptimo Dakar con nota"}]},{"@type":"WebSite","@id":"https:\/\/www.boxrepsol.com\/es\/#website","url":"https:\/\/www.boxrepsol.com\/es\/","name":"Box Repsol","description":"Box Repsol Site","publisher":{"@id":"https:\/\/www.boxrepsol.com\/es\/#organization"},"potentialAction":[{"@type":"SearchAction","target":{"@type":"EntryPoint","urlTemplate":"https:\/\/www.boxrepsol.com\/es\/?s={search_term_string}"},"query-input":{"@type":"PropertyValueSpecification","valueRequired":true,"valueName":"search_term_string"}}],"inLanguage":"es"},{"@type":"Organization","@id":"https:\/\/www.boxrepsol.com\/es\/#organization","name":"Box Repsol","url":"https:\/\/www.boxrepsol.com\/es\/","logo":{"@type":"ImageObject","inLanguage":"es","@id":"https:\/\/www.boxrepsol.com\/es\/#\/schema\/logo\/image\/","url":"https:\/\/bxrepsol.s3.eu-west-1.amazonaws.com\/static\/2025\/07\/30083337\/favicon-96x96-1.png","contentUrl":"https:\/\/bxrepsol.s3.eu-west-1.amazonaws.com\/static\/2025\/07\/30083337\/favicon-96x96-1.png","width":96,"height":96,"caption":"Box Repsol"},"image":{"@id":"https:\/\/www.boxrepsol.com\/es\/#\/schema\/logo\/image\/"},"sameAs":["https:\/\/www.facebook.com\/BoxRepsol","https:\/\/x.com\/box_repsol","http:\/\/instagram.com\/box_repsol","https:\/\/www.youtube.com\/user\/RepsolCompeticion","https:\/\/www.flickr.com\/photos\/box_repsol\/"]},{"@type":"Person","@id":"https:\/\/www.boxrepsol.com\/es\/#\/schema\/person\/c5c2138f2cca251b0ad92b7086bb60b7","name":"Redacci\u00f3n Box Repsol","image":{"@type":"ImageObject","inLanguage":"es","@id":"https:\/\/secure.gravatar.com\/avatar\/adf7b77e38b4419baf32c7e9c21dde01f4e40df611f0978e3006fc4ba0aaab7e?s=96&d=mm&r=g","url":"https:\/\/secure.gravatar.com\/avatar\/adf7b77e38b4419baf32c7e9c21dde01f4e40df611f0978e3006fc4ba0aaab7e?s=96&d=mm&r=g","contentUrl":"https:\/\/secure.gravatar.com\/avatar\/adf7b77e38b4419baf32c7e9c21dde01f4e40df611f0978e3006fc4ba0aaab7e?s=96&d=mm&r=g","caption":"Redacci\u00f3n Box Repsol"},"description":"Box Repsol lo forma un equipo de periodistas, community managers, dise\u00f1adores y fot\u00f3grafos con m\u00e1s de 20 a\u00f1os de experiencia en el mundo del motorsport. Hemos vivido el primer mundial de un espa\u00f1ol en la categor\u00eda reina de motociclismo con \u00c1lex Crivill\u00e9, estuvimos en las victorias de Pedrosa y los t\u00edtulos de M\u00e1rquez, acompa\u00f1amos en \u00c1frica a Nani Roma y Marc Coma en sus conquistas del Dakar y hemos vibrado con los t\u00edtulos de Toni Bou en Trial. Adem\u00e1s, en nuestro equipo contamos con expertos en el mundo de las dos y cuatro ruedas tanto de la calle y las carreteras, como de los circuitos. Periodistas que han trabajado en revistas y publicaciones para hacerte llegar desde rutas y consejos de mantenimiento, a curiosidades y trucos de pilotaje.","sameAs":["https:\/\/www.facebook.com\/BoxRepsol\/","https:\/\/www.instagram.com\/box_repsol\/","https:\/\/x.com\/https:\/\/twitter.com\/box_repsol","https:\/\/www.youtube.com\/@Boxrepsol"],"url":"https:\/\/www.boxrepsol.com\/es\/author\/redaccion-box-repsol\/"}]}},"_links":{"self":[{"href":"https:\/\/www.boxrepsol.com\/es\/wp-json\/wp\/v2\/posts\/95224","targetHints":{"allow":["GET"]}}],"collection":[{"href":"https:\/\/www.boxrepsol.com\/es\/wp-json\/wp\/v2\/posts"}],"about":[{"href":"https:\/\/www.boxrepsol.com\/es\/wp-json\/wp\/v2\/types\/post"}],"author":[{"embeddable":true,"href":"https:\/\/www.boxrepsol.com\/es\/wp-json\/wp\/v2\/users\/43146"}],"replies":[{"embeddable":true,"href":"https:\/\/www.boxrepsol.com\/es\/wp-json\/wp\/v2\/comments?post=95224"}],"version-history":[{"count":1,"href":"https:\/\/www.boxrepsol.com\/es\/wp-json\/wp\/v2\/posts\/95224\/revisions"}],"predecessor-version":[{"id":109279,"href":"https:\/\/www.boxrepsol.com\/es\/wp-json\/wp\/v2\/posts\/95224\/revisions\/109279"}],"wp:featuredmedia":[{"embeddable":true,"href":"https:\/\/www.boxrepsol.com\/es\/wp-json\/wp\/v2\/media\/44946"}],"wp:attachment":[{"href":"https:\/\/www.boxrepsol.com\/es\/wp-json\/wp\/v2\/media?parent=95224"}],"wp:term":[{"taxonomy":"category","embeddable":true,"href":"https:\/\/www.boxrepsol.com\/es\/wp-json\/wp\/v2\/categories?post=95224"},{"taxonomy":"post_tag","embeddable":true,"href":"https:\/\/www.boxrepsol.com\/es\/wp-json\/wp\/v2\/tags?post=95224"}],"curies":[{"name":"wp","href":"https:\/\/api.w.org\/{rel}","templated":true}]}}