{"id":95222,"date":"2022-01-13T00:00:00","date_gmt":"2022-01-13T02:00:00","guid":{"rendered":"http:\/\/pre.boxrepsol.com\/sin-categorizar\/isidre-esteve-salva-con-nota-la-especial-mas-dura-del-dakar-2022\/"},"modified":"2024-04-10T05:50:03","modified_gmt":"2024-04-10T07:50:03","slug":"isidre-esteve-salva-con-nota-la-especial-mas-dura-del-dakar-2022","status":"publish","type":"post","link":"https:\/\/www.boxrepsol.com\/es\/rally\/isidre-esteve-salva-con-nota-la-especial-mas-dura-del-dakar-2022\/","title":{"rendered":"Isidre Esteve salva con nota la especial m\u00e1s dura del Dakar 2022"},"content":{"rendered":"<p>El Repsol Rally Team afrontar\u00e1 el viernes el \u00faltimo d\u00eda de competici\u00f3n con ganas de correr y disfrutar antes de llegar a Yeda.<\/p>\n<p><em>\u00abLa de hoy ha sido una etapa realmente complicada, ya nos lo hab\u00edan avisado. Hemos tenido que buscar pasos alternativos en las dunas en varias ocasiones, pero estamos contentos de llegar sin problemas y con el coche de una pieza\u201d.<\/em><\/p>\n<p>Isidre Esteve y Txema Villalobos completaron la pen\u00faltima especial cronometrada del Rally Dakar 2022 con buena nota, despu\u00e9s de tener que buscar en varias ocasiones pasos alternativos en dunas realmente complicadas y con la arena blanda y removida por el paso de los coches que les preced\u00edan. Los espa\u00f1oles lograron ser 33\u00ba en meta, despu\u00e9s de arrancar 42\u00ba y tener que gestionar el tr\u00e1fico y el polvo en suspensi\u00f3n.<\/p>\n<p>La etapa 11 del Dakar ofreci\u00f3 una buena dosis de dunas, salpimentadas con pasos complicados por ca\u00f1ones arenosos y cauces de r\u00edos secos con navegaci\u00f3n compleja. Esteve y su copiloto fueron capaces de evitar quedarse enganchados en la arena blanda de esta zona de Arabia Saud\u00ed y cuidaron de la mec\u00e1nica de manera magistral, como han venido haciendo a lo largo de estas dos semanas de carrera. En la general, a falta del \u00faltimo d\u00eda de competici\u00f3n, la pareja apoyada por Repsol, MGS Seguros, KH-7 y Toyota marcha 27\u00aa.<\/p>\n<p><em>\u00abHemos tenido una etapa realmente complicada, con much\u00edsimas dunas. Ya nos hab\u00edan avisado que ser\u00eda la m\u00e1s compleja de este Dakar y as\u00ed ha sido. Nos ha costado mucho subir algunas dunas porque el terreno estaba muy blando y hab\u00eda roderas por todas partes. Hemos tenido que buscar pasos alternativos por abajo en cuatro ocasiones y eso ha implicado muchos minutos de p\u00e9rdida. Pero lo importante es que estamos aqu\u00ed, que no hay ning\u00fan problema con el coche y que estamos contentos con el ritmo y por c\u00f3mo ha ido todo\u201d, <\/em>ha comentado el catal\u00e1n en el vivac de Bisha.<\/p>\n<p><em>\u00abCreo que a nivel de dificultad ha sido la jornada m\u00e1s dura de este Dakar, sin duda. Cuantos m\u00e1s coches pasan por estas dunas blandas, m\u00e1s complicado es coronarlas. Adem\u00e1s, a los que llevan rueda grande les cuesta la mitad. En la parte final hemos perdido alrededor de cinco minutos, porque nos han pasado los tres Kamaz y hemos tenido que dejarles espacio por el polvo en suspensi\u00f3n. Ma\u00f1ana la etapa es muy corta, pero hay que estar atentos hasta el final por lo que pueda pasar. Estamos listos y con ganas de correr estos \u00faltimos kil\u00f3metros\u201d. <\/em><\/p>\n<p>El Rally Dakar 2022 pondr\u00e1 su broche de oro con una especial de 163 km cronometrados de Bisha a Yeda, en la que los supervivientes de la 44\u00aa edici\u00f3n tendr\u00e1n que gestionar su ritmo para llegar al deseado podio de llegada en el circuito de F\u00f3rmula 1 de la ciudad costera saud\u00ed.<\/p>\n<p><em>&nbsp;<\/em><\/p>\n<hr>\n<p><strong>Clasificaci\u00f3n etapa:<\/strong><\/p>\n<p>1. Sainz \/ Cruz (Audi) 3h 29\u201932\u201d<\/p>\n<p>2. \u00c1lvarez \/ Monle\u00f3n (Toyota) +03\u201910\u201d<\/p>\n<p>3. Ekstr\u00f6m \/ Bergkvist (Audi) +03\u201953\u201d<\/p>\n<p>4. Roma \/ Haro (Prodrive) +04\u201910\u201d<\/p>\n<p>5. De Villiers \/ Murphy (Toyota) +05\u201911\u201d<\/p>\n<p>&#8230;<\/p>\n<p>33. Esteve \/ Villalobos (Toyota) +47&#8217;28\u00bb<\/p>\n<hr>\n<p><strong>Clasificaci\u00f3n general:<\/strong><\/p>\n<p>1. Al-Attiyah \/ Baumel (Toyota) 36h 49\u201951\u201d<\/p>\n<p>2. Loeb \/ Lurquin (Prodrive) +33\u201919\u201d<\/p>\n<p>3. Al Rajhi \/ Orr (Toyota) +1h 03\u201943\u201d<\/p>\n<p>4. Terranova \/ Oliveras (Prodrive) +1h 31\u201929\u201d<\/p>\n<p>5. De Villiers \/ Murphy (Toyota) +1h 44\u201911\u201d<\/p>\n<p>&#8230;<\/p>\n<p>27. Esteve \/ Villalobos (Toyota) +7h 07\u201907&#8243;<\/p>\n","protected":false},"excerpt":{"rendered":"<p>El piloto espa\u00f1ol logr\u00f3 sortear las trampas de la pen\u00faltima jornada del rally y gestion\u00f3 a la perfecci\u00f3n el ritmo y la mec\u00e1nica de su Toyota Hilux Overdrive.<\/p>\n","protected":false},"author":43146,"featured_media":44938,"comment_status":"open","ping_status":"open","sticky":false,"template":"","format":"standard","meta":{"footnotes":""},"categories":[27],"tags":[120,201,29],"class_list":["post-95222","post","type-post","status-publish","format-standard","hentry","category-rally","tag-120","tag-dakar","tag-isidre-esteve"],"yoast_head":"<!-- This site is optimized with the Yoast SEO plugin v27.3 - https:\/\/yoast.com\/product\/yoast-seo-wordpress\/ -->\n<title>Isidre Esteve salva con nota la especial m\u00e1s dura del Dakar 2022 - Box Repsol<\/title>\n<meta name=\"description\" content=\"Isidre Esteve supera con \u00e9xito la especial m\u00e1s dif\u00edcil del Dakar 2022, demostrando su habilidad y determinaci\u00f3n en esta competici\u00f3n.\" \/>\n<link rel=\"canonical\" href=\"https:\/\/www.boxrepsol.com\/es\/rally\/isidre-esteve-salva-con-nota-la-especial-mas-dura-del-dakar-2022\/\" \/>\n<meta property=\"og:locale\" content=\"es_ES\" \/>\n<meta property=\"og:type\" content=\"article\" \/>\n<meta property=\"og:title\" content=\"Isidre Esteve salva con nota la especial m\u00e1s dura del Dakar 2022 - Box Repsol\" \/>\n<meta property=\"og:description\" content=\"Isidre Esteve supera con \u00e9xito la especial m\u00e1s dif\u00edcil del Dakar 2022, demostrando su habilidad y determinaci\u00f3n en esta competici\u00f3n.\" \/>\n<meta property=\"og:url\" content=\"https:\/\/www.boxrepsol.com\/es\/rally\/isidre-esteve-salva-con-nota-la-especial-mas-dura-del-dakar-2022\/\" \/>\n<meta property=\"og:site_name\" content=\"Box Repsol\" \/>\n<meta property=\"article:publisher\" content=\"https:\/\/www.facebook.com\/BoxRepsol\" \/>\n<meta property=\"article:author\" content=\"https:\/\/www.facebook.com\/BoxRepsol\/\" \/>\n<meta property=\"article:published_time\" content=\"2022-01-13T02:00:00+00:00\" \/>\n<meta property=\"article:modified_time\" content=\"2024-04-10T07:50:03+00:00\" \/>\n<meta property=\"og:image\" content=\"https:\/\/bxrepsol.s3.eu-west-1.amazonaws.com\/static\/2022\/08\/09142201\/3f00a6f8-1900-4d8b-9921-7156364d1818-1.jpg\" \/>\n\t<meta property=\"og:image:width\" content=\"1600\" \/>\n\t<meta property=\"og:image:height\" content=\"750\" \/>\n\t<meta property=\"og:image:type\" content=\"image\/jpeg\" \/>\n<meta name=\"author\" content=\"Redacci\u00f3n Box Repsol\" \/>\n<meta name=\"twitter:card\" content=\"summary_large_image\" \/>\n<meta name=\"twitter:creator\" content=\"@https:\/\/twitter.com\/box_repsol\" \/>\n<meta name=\"twitter:site\" content=\"@box_repsol\" \/>\n<meta name=\"twitter:label1\" content=\"Written by\" \/>\n\t<meta name=\"twitter:data1\" content=\"Redacci\u00f3n Box Repsol\" \/>\n\t<meta name=\"twitter:label2\" content=\"Est. reading time\" \/>\n\t<meta name=\"twitter:data2\" content=\"3 minutos\" \/>\n<script type=\"application\/ld+json\" class=\"yoast-schema-graph\">{\"@context\":\"https:\\\/\\\/schema.org\",\"@graph\":[{\"@type\":\"Article\",\"@id\":\"https:\\\/\\\/www.boxrepsol.com\\\/es\\\/rally\\\/isidre-esteve-salva-con-nota-la-especial-mas-dura-del-dakar-2022\\\/#article\",\"isPartOf\":{\"@id\":\"https:\\\/\\\/www.boxrepsol.com\\\/es\\\/rally\\\/isidre-esteve-salva-con-nota-la-especial-mas-dura-del-dakar-2022\\\/\"},\"author\":{\"name\":\"Redacci\u00f3n Box Repsol\",\"@id\":\"https:\\\/\\\/www.boxrepsol.com\\\/es\\\/#\\\/schema\\\/person\\\/c5c2138f2cca251b0ad92b7086bb60b7\"},\"headline\":\"Isidre Esteve salva con nota la especial m\u00e1s dura del Dakar 2022\",\"datePublished\":\"2022-01-13T02:00:00+00:00\",\"dateModified\":\"2024-04-10T07:50:03+00:00\",\"mainEntityOfPage\":{\"@id\":\"https:\\\/\\\/www.boxrepsol.com\\\/es\\\/rally\\\/isidre-esteve-salva-con-nota-la-especial-mas-dura-del-dakar-2022\\\/\"},\"wordCount\":562,\"commentCount\":0,\"publisher\":{\"@id\":\"https:\\\/\\\/www.boxrepsol.com\\\/es\\\/#organization\"},\"image\":{\"@id\":\"https:\\\/\\\/www.boxrepsol.com\\\/es\\\/rally\\\/isidre-esteve-salva-con-nota-la-especial-mas-dura-del-dakar-2022\\\/#primaryimage\"},\"thumbnailUrl\":\"https:\\\/\\\/bxrepsol.s3.eu-west-1.amazonaws.com\\\/static\\\/2022\\\/08\\\/09142201\\\/3f00a6f8-1900-4d8b-9921-7156364d1818-1.jpg\",\"keywords\":[\"2022\",\"Dakar\",\"Isidre Esteve\"],\"articleSection\":[\"Rally\"],\"inLanguage\":\"es\",\"potentialAction\":[{\"@type\":\"CommentAction\",\"name\":\"Comment\",\"target\":[\"https:\\\/\\\/www.boxrepsol.com\\\/es\\\/rally\\\/isidre-esteve-salva-con-nota-la-especial-mas-dura-del-dakar-2022\\\/#respond\"]}]},{\"@type\":\"WebPage\",\"@id\":\"https:\\\/\\\/www.boxrepsol.com\\\/es\\\/rally\\\/isidre-esteve-salva-con-nota-la-especial-mas-dura-del-dakar-2022\\\/\",\"url\":\"https:\\\/\\\/www.boxrepsol.com\\\/es\\\/rally\\\/isidre-esteve-salva-con-nota-la-especial-mas-dura-del-dakar-2022\\\/\",\"name\":\"Isidre Esteve salva con nota la especial m\u00e1s dura del Dakar 2022 - Box Repsol\",\"isPartOf\":{\"@id\":\"https:\\\/\\\/www.boxrepsol.com\\\/es\\\/#website\"},\"primaryImageOfPage\":{\"@id\":\"https:\\\/\\\/www.boxrepsol.com\\\/es\\\/rally\\\/isidre-esteve-salva-con-nota-la-especial-mas-dura-del-dakar-2022\\\/#primaryimage\"},\"image\":{\"@id\":\"https:\\\/\\\/www.boxrepsol.com\\\/es\\\/rally\\\/isidre-esteve-salva-con-nota-la-especial-mas-dura-del-dakar-2022\\\/#primaryimage\"},\"thumbnailUrl\":\"https:\\\/\\\/bxrepsol.s3.eu-west-1.amazonaws.com\\\/static\\\/2022\\\/08\\\/09142201\\\/3f00a6f8-1900-4d8b-9921-7156364d1818-1.jpg\",\"datePublished\":\"2022-01-13T02:00:00+00:00\",\"dateModified\":\"2024-04-10T07:50:03+00:00\",\"description\":\"Isidre Esteve supera con \u00e9xito la especial m\u00e1s dif\u00edcil del Dakar 2022, demostrando su habilidad y determinaci\u00f3n en esta competici\u00f3n.\",\"breadcrumb\":{\"@id\":\"https:\\\/\\\/www.boxrepsol.com\\\/es\\\/rally\\\/isidre-esteve-salva-con-nota-la-especial-mas-dura-del-dakar-2022\\\/#breadcrumb\"},\"inLanguage\":\"es\",\"potentialAction\":[{\"@type\":\"ReadAction\",\"target\":[\"https:\\\/\\\/www.boxrepsol.com\\\/es\\\/rally\\\/isidre-esteve-salva-con-nota-la-especial-mas-dura-del-dakar-2022\\\/\"]}]},{\"@type\":\"ImageObject\",\"inLanguage\":\"es\",\"@id\":\"https:\\\/\\\/www.boxrepsol.com\\\/es\\\/rally\\\/isidre-esteve-salva-con-nota-la-especial-mas-dura-del-dakar-2022\\\/#primaryimage\",\"url\":\"https:\\\/\\\/bxrepsol.s3.eu-west-1.amazonaws.com\\\/static\\\/2022\\\/08\\\/09142201\\\/3f00a6f8-1900-4d8b-9921-7156364d1818-1.jpg\",\"contentUrl\":\"https:\\\/\\\/bxrepsol.s3.eu-west-1.amazonaws.com\\\/static\\\/2022\\\/08\\\/09142201\\\/3f00a6f8-1900-4d8b-9921-7156364d1818-1.jpg\",\"width\":1600,\"height\":750},{\"@type\":\"BreadcrumbList\",\"@id\":\"https:\\\/\\\/www.boxrepsol.com\\\/es\\\/rally\\\/isidre-esteve-salva-con-nota-la-especial-mas-dura-del-dakar-2022\\\/#breadcrumb\",\"itemListElement\":[{\"@type\":\"ListItem\",\"position\":1,\"name\":\"Home\",\"item\":\"https:\\\/\\\/www.boxrepsol.com\\\/es\\\/\"},{\"@type\":\"ListItem\",\"position\":2,\"name\":\"Isidre Esteve salva con nota la especial m\u00e1s dura del Dakar 2022\"}]},{\"@type\":\"WebSite\",\"@id\":\"https:\\\/\\\/www.boxrepsol.com\\\/es\\\/#website\",\"url\":\"https:\\\/\\\/www.boxrepsol.com\\\/es\\\/\",\"name\":\"Box Repsol\",\"description\":\"Box Repsol Site\",\"publisher\":{\"@id\":\"https:\\\/\\\/www.boxrepsol.com\\\/es\\\/#organization\"},\"potentialAction\":[{\"@type\":\"SearchAction\",\"target\":{\"@type\":\"EntryPoint\",\"urlTemplate\":\"https:\\\/\\\/www.boxrepsol.com\\\/es\\\/?s={search_term_string}\"},\"query-input\":{\"@type\":\"PropertyValueSpecification\",\"valueRequired\":true,\"valueName\":\"search_term_string\"}}],\"inLanguage\":\"es\"},{\"@type\":\"Organization\",\"@id\":\"https:\\\/\\\/www.boxrepsol.com\\\/es\\\/#organization\",\"name\":\"Box Repsol\",\"url\":\"https:\\\/\\\/www.boxrepsol.com\\\/es\\\/\",\"logo\":{\"@type\":\"ImageObject\",\"inLanguage\":\"es\",\"@id\":\"https:\\\/\\\/www.boxrepsol.com\\\/es\\\/#\\\/schema\\\/logo\\\/image\\\/\",\"url\":\"https:\\\/\\\/bxrepsol.s3.eu-west-1.amazonaws.com\\\/static\\\/2025\\\/07\\\/30083337\\\/favicon-96x96-1.png\",\"contentUrl\":\"https:\\\/\\\/bxrepsol.s3.eu-west-1.amazonaws.com\\\/static\\\/2025\\\/07\\\/30083337\\\/favicon-96x96-1.png\",\"width\":96,\"height\":96,\"caption\":\"Box Repsol\"},\"image\":{\"@id\":\"https:\\\/\\\/www.boxrepsol.com\\\/es\\\/#\\\/schema\\\/logo\\\/image\\\/\"},\"sameAs\":[\"https:\\\/\\\/www.facebook.com\\\/BoxRepsol\",\"https:\\\/\\\/x.com\\\/box_repsol\",\"http:\\\/\\\/instagram.com\\\/box_repsol\",\"https:\\\/\\\/www.youtube.com\\\/user\\\/RepsolCompeticion\",\"https:\\\/\\\/www.flickr.com\\\/photos\\\/box_repsol\\\/\"]},{\"@type\":\"Person\",\"@id\":\"https:\\\/\\\/www.boxrepsol.com\\\/es\\\/#\\\/schema\\\/person\\\/c5c2138f2cca251b0ad92b7086bb60b7\",\"name\":\"Redacci\u00f3n Box Repsol\",\"image\":{\"@type\":\"ImageObject\",\"inLanguage\":\"es\",\"@id\":\"https:\\\/\\\/secure.gravatar.com\\\/avatar\\\/adf7b77e38b4419baf32c7e9c21dde01f4e40df611f0978e3006fc4ba0aaab7e?s=96&d=mm&r=g\",\"url\":\"https:\\\/\\\/secure.gravatar.com\\\/avatar\\\/adf7b77e38b4419baf32c7e9c21dde01f4e40df611f0978e3006fc4ba0aaab7e?s=96&d=mm&r=g\",\"contentUrl\":\"https:\\\/\\\/secure.gravatar.com\\\/avatar\\\/adf7b77e38b4419baf32c7e9c21dde01f4e40df611f0978e3006fc4ba0aaab7e?s=96&d=mm&r=g\",\"caption\":\"Redacci\u00f3n Box Repsol\"},\"description\":\"Box Repsol lo forma un equipo de periodistas, community managers, dise\u00f1adores y fot\u00f3grafos con m\u00e1s de 20 a\u00f1os de experiencia en el mundo del motorsport. Hemos vivido el primer mundial de un espa\u00f1ol en la categor\u00eda reina de motociclismo con \u00c1lex Crivill\u00e9, estuvimos en las victorias de Pedrosa y los t\u00edtulos de M\u00e1rquez, acompa\u00f1amos en \u00c1frica a Nani Roma y Marc Coma en sus conquistas del Dakar y hemos vibrado con los t\u00edtulos de Toni Bou en Trial. Adem\u00e1s, en nuestro equipo contamos con expertos en el mundo de las dos y cuatro ruedas tanto de la calle y las carreteras, como de los circuitos. Periodistas que han trabajado en revistas y publicaciones para hacerte llegar desde rutas y consejos de mantenimiento, a curiosidades y trucos de pilotaje.\",\"sameAs\":[\"https:\\\/\\\/www.facebook.com\\\/BoxRepsol\\\/\",\"https:\\\/\\\/www.instagram.com\\\/box_repsol\\\/\",\"https:\\\/\\\/x.com\\\/https:\\\/\\\/twitter.com\\\/box_repsol\",\"https:\\\/\\\/www.youtube.com\\\/@Boxrepsol\"],\"url\":\"https:\\\/\\\/www.boxrepsol.com\\\/es\\\/author\\\/redaccion-box-repsol\\\/\"}]}<\/script>\n<!-- \/ Yoast SEO plugin. -->","yoast_head_json":{"title":"Isidre Esteve salva con nota la especial m\u00e1s dura del Dakar 2022 - Box Repsol","description":"Isidre Esteve supera con \u00e9xito la especial m\u00e1s dif\u00edcil del Dakar 2022, demostrando su habilidad y determinaci\u00f3n en esta competici\u00f3n.","canonical":"https:\/\/www.boxrepsol.com\/es\/rally\/isidre-esteve-salva-con-nota-la-especial-mas-dura-del-dakar-2022\/","og_locale":"es_ES","og_type":"article","og_title":"Isidre Esteve salva con nota la especial m\u00e1s dura del Dakar 2022 - Box Repsol","og_description":"Isidre Esteve supera con \u00e9xito la especial m\u00e1s dif\u00edcil del Dakar 2022, demostrando su habilidad y determinaci\u00f3n en esta competici\u00f3n.","og_url":"https:\/\/www.boxrepsol.com\/es\/rally\/isidre-esteve-salva-con-nota-la-especial-mas-dura-del-dakar-2022\/","og_site_name":"Box Repsol","article_publisher":"https:\/\/www.facebook.com\/BoxRepsol","article_author":"https:\/\/www.facebook.com\/BoxRepsol\/","article_published_time":"2022-01-13T02:00:00+00:00","article_modified_time":"2024-04-10T07:50:03+00:00","og_image":[{"width":1600,"height":750,"url":"https:\/\/bxrepsol.s3.eu-west-1.amazonaws.com\/static\/2022\/08\/09142201\/3f00a6f8-1900-4d8b-9921-7156364d1818-1.jpg","type":"image\/jpeg"}],"author":"Redacci\u00f3n Box Repsol","twitter_card":"summary_large_image","twitter_creator":"@https:\/\/twitter.com\/box_repsol","twitter_site":"@box_repsol","twitter_misc":{"Written by":"Redacci\u00f3n Box Repsol","Est. reading time":"3 minutos"},"schema":{"@context":"https:\/\/schema.org","@graph":[{"@type":"Article","@id":"https:\/\/www.boxrepsol.com\/es\/rally\/isidre-esteve-salva-con-nota-la-especial-mas-dura-del-dakar-2022\/#article","isPartOf":{"@id":"https:\/\/www.boxrepsol.com\/es\/rally\/isidre-esteve-salva-con-nota-la-especial-mas-dura-del-dakar-2022\/"},"author":{"name":"Redacci\u00f3n Box Repsol","@id":"https:\/\/www.boxrepsol.com\/es\/#\/schema\/person\/c5c2138f2cca251b0ad92b7086bb60b7"},"headline":"Isidre Esteve salva con nota la especial m\u00e1s dura del Dakar 2022","datePublished":"2022-01-13T02:00:00+00:00","dateModified":"2024-04-10T07:50:03+00:00","mainEntityOfPage":{"@id":"https:\/\/www.boxrepsol.com\/es\/rally\/isidre-esteve-salva-con-nota-la-especial-mas-dura-del-dakar-2022\/"},"wordCount":562,"commentCount":0,"publisher":{"@id":"https:\/\/www.boxrepsol.com\/es\/#organization"},"image":{"@id":"https:\/\/www.boxrepsol.com\/es\/rally\/isidre-esteve-salva-con-nota-la-especial-mas-dura-del-dakar-2022\/#primaryimage"},"thumbnailUrl":"https:\/\/bxrepsol.s3.eu-west-1.amazonaws.com\/static\/2022\/08\/09142201\/3f00a6f8-1900-4d8b-9921-7156364d1818-1.jpg","keywords":["2022","Dakar","Isidre Esteve"],"articleSection":["Rally"],"inLanguage":"es","potentialAction":[{"@type":"CommentAction","name":"Comment","target":["https:\/\/www.boxrepsol.com\/es\/rally\/isidre-esteve-salva-con-nota-la-especial-mas-dura-del-dakar-2022\/#respond"]}]},{"@type":"WebPage","@id":"https:\/\/www.boxrepsol.com\/es\/rally\/isidre-esteve-salva-con-nota-la-especial-mas-dura-del-dakar-2022\/","url":"https:\/\/www.boxrepsol.com\/es\/rally\/isidre-esteve-salva-con-nota-la-especial-mas-dura-del-dakar-2022\/","name":"Isidre Esteve salva con nota la especial m\u00e1s dura del Dakar 2022 - Box Repsol","isPartOf":{"@id":"https:\/\/www.boxrepsol.com\/es\/#website"},"primaryImageOfPage":{"@id":"https:\/\/www.boxrepsol.com\/es\/rally\/isidre-esteve-salva-con-nota-la-especial-mas-dura-del-dakar-2022\/#primaryimage"},"image":{"@id":"https:\/\/www.boxrepsol.com\/es\/rally\/isidre-esteve-salva-con-nota-la-especial-mas-dura-del-dakar-2022\/#primaryimage"},"thumbnailUrl":"https:\/\/bxrepsol.s3.eu-west-1.amazonaws.com\/static\/2022\/08\/09142201\/3f00a6f8-1900-4d8b-9921-7156364d1818-1.jpg","datePublished":"2022-01-13T02:00:00+00:00","dateModified":"2024-04-10T07:50:03+00:00","description":"Isidre Esteve supera con \u00e9xito la especial m\u00e1s dif\u00edcil del Dakar 2022, demostrando su habilidad y determinaci\u00f3n en esta competici\u00f3n.","breadcrumb":{"@id":"https:\/\/www.boxrepsol.com\/es\/rally\/isidre-esteve-salva-con-nota-la-especial-mas-dura-del-dakar-2022\/#breadcrumb"},"inLanguage":"es","potentialAction":[{"@type":"ReadAction","target":["https:\/\/www.boxrepsol.com\/es\/rally\/isidre-esteve-salva-con-nota-la-especial-mas-dura-del-dakar-2022\/"]}]},{"@type":"ImageObject","inLanguage":"es","@id":"https:\/\/www.boxrepsol.com\/es\/rally\/isidre-esteve-salva-con-nota-la-especial-mas-dura-del-dakar-2022\/#primaryimage","url":"https:\/\/bxrepsol.s3.eu-west-1.amazonaws.com\/static\/2022\/08\/09142201\/3f00a6f8-1900-4d8b-9921-7156364d1818-1.jpg","contentUrl":"https:\/\/bxrepsol.s3.eu-west-1.amazonaws.com\/static\/2022\/08\/09142201\/3f00a6f8-1900-4d8b-9921-7156364d1818-1.jpg","width":1600,"height":750},{"@type":"BreadcrumbList","@id":"https:\/\/www.boxrepsol.com\/es\/rally\/isidre-esteve-salva-con-nota-la-especial-mas-dura-del-dakar-2022\/#breadcrumb","itemListElement":[{"@type":"ListItem","position":1,"name":"Home","item":"https:\/\/www.boxrepsol.com\/es\/"},{"@type":"ListItem","position":2,"name":"Isidre Esteve salva con nota la especial m\u00e1s dura del Dakar 2022"}]},{"@type":"WebSite","@id":"https:\/\/www.boxrepsol.com\/es\/#website","url":"https:\/\/www.boxrepsol.com\/es\/","name":"Box Repsol","description":"Box Repsol Site","publisher":{"@id":"https:\/\/www.boxrepsol.com\/es\/#organization"},"potentialAction":[{"@type":"SearchAction","target":{"@type":"EntryPoint","urlTemplate":"https:\/\/www.boxrepsol.com\/es\/?s={search_term_string}"},"query-input":{"@type":"PropertyValueSpecification","valueRequired":true,"valueName":"search_term_string"}}],"inLanguage":"es"},{"@type":"Organization","@id":"https:\/\/www.boxrepsol.com\/es\/#organization","name":"Box Repsol","url":"https:\/\/www.boxrepsol.com\/es\/","logo":{"@type":"ImageObject","inLanguage":"es","@id":"https:\/\/www.boxrepsol.com\/es\/#\/schema\/logo\/image\/","url":"https:\/\/bxrepsol.s3.eu-west-1.amazonaws.com\/static\/2025\/07\/30083337\/favicon-96x96-1.png","contentUrl":"https:\/\/bxrepsol.s3.eu-west-1.amazonaws.com\/static\/2025\/07\/30083337\/favicon-96x96-1.png","width":96,"height":96,"caption":"Box Repsol"},"image":{"@id":"https:\/\/www.boxrepsol.com\/es\/#\/schema\/logo\/image\/"},"sameAs":["https:\/\/www.facebook.com\/BoxRepsol","https:\/\/x.com\/box_repsol","http:\/\/instagram.com\/box_repsol","https:\/\/www.youtube.com\/user\/RepsolCompeticion","https:\/\/www.flickr.com\/photos\/box_repsol\/"]},{"@type":"Person","@id":"https:\/\/www.boxrepsol.com\/es\/#\/schema\/person\/c5c2138f2cca251b0ad92b7086bb60b7","name":"Redacci\u00f3n Box Repsol","image":{"@type":"ImageObject","inLanguage":"es","@id":"https:\/\/secure.gravatar.com\/avatar\/adf7b77e38b4419baf32c7e9c21dde01f4e40df611f0978e3006fc4ba0aaab7e?s=96&d=mm&r=g","url":"https:\/\/secure.gravatar.com\/avatar\/adf7b77e38b4419baf32c7e9c21dde01f4e40df611f0978e3006fc4ba0aaab7e?s=96&d=mm&r=g","contentUrl":"https:\/\/secure.gravatar.com\/avatar\/adf7b77e38b4419baf32c7e9c21dde01f4e40df611f0978e3006fc4ba0aaab7e?s=96&d=mm&r=g","caption":"Redacci\u00f3n Box Repsol"},"description":"Box Repsol lo forma un equipo de periodistas, community managers, dise\u00f1adores y fot\u00f3grafos con m\u00e1s de 20 a\u00f1os de experiencia en el mundo del motorsport. Hemos vivido el primer mundial de un espa\u00f1ol en la categor\u00eda reina de motociclismo con \u00c1lex Crivill\u00e9, estuvimos en las victorias de Pedrosa y los t\u00edtulos de M\u00e1rquez, acompa\u00f1amos en \u00c1frica a Nani Roma y Marc Coma en sus conquistas del Dakar y hemos vibrado con los t\u00edtulos de Toni Bou en Trial. Adem\u00e1s, en nuestro equipo contamos con expertos en el mundo de las dos y cuatro ruedas tanto de la calle y las carreteras, como de los circuitos. Periodistas que han trabajado en revistas y publicaciones para hacerte llegar desde rutas y consejos de mantenimiento, a curiosidades y trucos de pilotaje.","sameAs":["https:\/\/www.facebook.com\/BoxRepsol\/","https:\/\/www.instagram.com\/box_repsol\/","https:\/\/x.com\/https:\/\/twitter.com\/box_repsol","https:\/\/www.youtube.com\/@Boxrepsol"],"url":"https:\/\/www.boxrepsol.com\/es\/author\/redaccion-box-repsol\/"}]}},"_links":{"self":[{"href":"https:\/\/www.boxrepsol.com\/es\/wp-json\/wp\/v2\/posts\/95222","targetHints":{"allow":["GET"]}}],"collection":[{"href":"https:\/\/www.boxrepsol.com\/es\/wp-json\/wp\/v2\/posts"}],"about":[{"href":"https:\/\/www.boxrepsol.com\/es\/wp-json\/wp\/v2\/types\/post"}],"author":[{"embeddable":true,"href":"https:\/\/www.boxrepsol.com\/es\/wp-json\/wp\/v2\/users\/43146"}],"replies":[{"embeddable":true,"href":"https:\/\/www.boxrepsol.com\/es\/wp-json\/wp\/v2\/comments?post=95222"}],"version-history":[{"count":1,"href":"https:\/\/www.boxrepsol.com\/es\/wp-json\/wp\/v2\/posts\/95222\/revisions"}],"predecessor-version":[{"id":109238,"href":"https:\/\/www.boxrepsol.com\/es\/wp-json\/wp\/v2\/posts\/95222\/revisions\/109238"}],"wp:featuredmedia":[{"embeddable":true,"href":"https:\/\/www.boxrepsol.com\/es\/wp-json\/wp\/v2\/media\/44938"}],"wp:attachment":[{"href":"https:\/\/www.boxrepsol.com\/es\/wp-json\/wp\/v2\/media?parent=95222"}],"wp:term":[{"taxonomy":"category","embeddable":true,"href":"https:\/\/www.boxrepsol.com\/es\/wp-json\/wp\/v2\/categories?post=95222"},{"taxonomy":"post_tag","embeddable":true,"href":"https:\/\/www.boxrepsol.com\/es\/wp-json\/wp\/v2\/tags?post=95222"}],"curies":[{"name":"wp","href":"https:\/\/api.w.org\/{rel}","templated":true}]}}