{"id":95221,"date":"2022-01-12T00:00:00","date_gmt":"2022-01-12T02:00:00","guid":{"rendered":"http:\/\/pre.boxrepsol.com\/sin-categorizar\/isidre-esteve-vela-armas-para-la-jornada-decisiva-del-dakar-2022\/"},"modified":"2024-04-10T05:51:25","modified_gmt":"2024-04-10T07:51:25","slug":"isidre-esteve-vela-armas-para-la-jornada-decisiva-del-dakar-2022","status":"publish","type":"post","link":"https:\/\/www.boxrepsol.com\/es\/rally\/isidre-esteve-vela-armas-para-la-jornada-decisiva-del-dakar-2022\/","title":{"rendered":"Isidre Esteve vela armas para la jornada decisiva del Dakar 2022"},"content":{"rendered":"<p>El Repsol Rally Team est\u00e1 m\u00e1s cerca de alcanzar la l\u00ednea de meta del Rally Dakar 2022, despu\u00e9s de una 10\u00aa especial que ha estado protagonizada por una primera parte muy r\u00e1pida antes de la neutralizaci\u00f3n (km 212), y un segundo tramo de navegaci\u00f3n entre cauces de r\u00edos secos y ca\u00f1ones. All\u00ed, Isidre Esteve y Txema Villalobos han sabido regular su ritmo para llegar de una pieza al vivac de Bisha, \u00faltimo campamento antes del podio final en Yeda.<\/p>\n<p>En una especial donde los veh\u00edculos con ruedas m\u00e1s grandes y mayor recorrido de suspensi\u00f3n han vuelto a demostrar de lo que son capaces, los espa\u00f1oles no han cometido errores y han hecho valer su planteamiento para ascender al 25\u00ba puesto de la general. Aunque el top 20 est\u00e1 a 1 hora y 25 minutos, el piloto de Oliana no tira la toalla, despu\u00e9s de demostrar durante todo el rally que est\u00e1 entre los mejores de los que llevan prototipos con rueda peque\u00f1a (32 vs 37 pulgadas) y menor recorrido de suspensi\u00f3n (280 mm vs 350 mm). No en vano, son quintos entre aquellos participantes que llevan veh\u00edculos que no son de nueva generaci\u00f3n y comparten similares caracter\u00edsticas.<\/p>\n<p><em>\u00abLa etapa de hoy estaba dividida en dos partes. Una primera muy r\u00e1pida en arena, con muy poca visibilidad en las dunas, porque eran como de color rosa, hab\u00eda viento y se levantaba polvo, por lo que no se ve\u00eda su relieve. He decidido levantar un poco el pie porque no me encontraba muy seguro. A partir de la neutralizaci\u00f3n, en la segunda parte, ha sido muy, muy bonita. Era una zona t\u00e9cnica de monta\u00f1a, con unos ca\u00f1ones de r\u00edos de arena que se iba muy r\u00e1pido. Lo m\u00e1s importante es que estamos aqu\u00ed sin ning\u00fan problema y para m\u00ed, la etapa m\u00e1s decisiva es la de ma\u00f1ana. La 11 promete ser una de las m\u00e1s dif\u00edciles de este Dakar 2022, con una parte de dunas muy blandas. Tengo much\u00edsimas ganas de correr y ver qu\u00e9 somos capaces de hacer, porque si hay un cambio en la general, ser\u00e1 ma\u00f1ana\u00bb, <\/em>asegura el piloto espa\u00f1ol.<\/p>\n<p>De cara a la 11\u00aa etapa de la edici\u00f3n 44 del Rally Dakar, el Repsol Rally Team revisar\u00e1 los diferenciales delantero y trasero, y las presiones de los neum\u00e1ticos para tener su Toyota Hilux Overdrive en las mejores condiciones posibles. La pen\u00faltima jornada del evento se celebrar\u00e1 en bucle en torno a Bisha y es una de las dos marcadas en rojo por la organizaci\u00f3n del rally. Los pilotos tendr\u00e1n que completar 346 km cronometrados que se antojan decisivos.<\/p>\n<p>&nbsp;<\/p>\n<hr>\n<p><strong>Clasificaci\u00f3n etapa:<\/strong><\/p>\n<ol>\n<li>Peterhansel \/ Boulanger (Audi) 2h 52\u201943\u201d<\/li>\n<li>Sainz \/ Cruz (Audi) +02\u201906\u201d<\/li>\n<li>Terranova \/ Oliveras (Prodrive) +03\u201959\u201d<\/li>\n<li>Lategan \/ Cummings (Toyota) +04\u201911\u201d<\/li>\n<li>Loeb \/ Lurquin (Prodrive) +04\u201925\u201d<\/li>\n<\/ol>\n<p>&#8230;<\/p>\n<p><strong>41. Esteve \/ Villalobos (Toyota) +33&#8217;23\u00bb<\/strong><\/p>\n<hr>\n<p><strong>Clasificaci\u00f3n general:<\/strong><\/p>\n<ol>\n<li>Al-Attiyah \/ Baumel (Toyota) 33h 13\u201937\u201d<\/li>\n<li>Loeb \/ Lurquin (Prodrive) +32\u201940\u201d<\/li>\n<li>Al Rajhi \/ Orr (Toyota) +55\u201948\u201d<\/li>\n<li>Terranova \/ Oliveras (Prodrive) +1h 29\u201918\u201d<\/li>\n<li>Pryzgonski \/ Gottschalk (MINI) +1h 41\u201902\u201d<\/li>\n<\/ol>\n<p>&#8230;<\/p>\n<p><strong>25. Esteve \/ Villalobos (Toyota) +6h 26\u201921&#8243;<\/strong><\/p>\n","protected":false},"excerpt":{"rendered":"<p>El Repsol Rally Team ha pasado sin sobresaltos la 10\u00aa etapa, de transici\u00f3n, y asciende a la 25\u00aa posici\u00f3n de la general.<\/p>\n","protected":false},"author":43146,"featured_media":44935,"comment_status":"open","ping_status":"open","sticky":false,"template":"","format":"standard","meta":{"footnotes":""},"categories":[27],"tags":[120,201,29,183],"class_list":["post-95221","post","type-post","status-publish","format-standard","hentry","category-rally","tag-120","tag-dakar","tag-isidre-esteve","tag-repsol-rally-team"],"yoast_head":"<!-- This site is optimized with the Yoast SEO plugin v27.3 - https:\/\/yoast.com\/product\/yoast-seo-wordpress\/ -->\n<title>Isidre Esteve vela armas para la jornada decisiva del Dakar 2022 - Box Repsol<\/title>\n<meta name=\"description\" content=\"Isidre Esteve se prepara para la jornada crucial del Dakar 2022, donde se enfrentar\u00e1 a desaf\u00edos determinantes en su emocionante traves\u00eda.\" \/>\n<link rel=\"canonical\" href=\"https:\/\/www.boxrepsol.com\/es\/rally\/isidre-esteve-vela-armas-para-la-jornada-decisiva-del-dakar-2022\/\" \/>\n<meta property=\"og:locale\" content=\"es_ES\" \/>\n<meta property=\"og:type\" content=\"article\" \/>\n<meta property=\"og:title\" content=\"Isidre Esteve vela armas para la jornada decisiva del Dakar 2022 - Box Repsol\" \/>\n<meta property=\"og:description\" content=\"Isidre Esteve se prepara para la jornada crucial del Dakar 2022, donde se enfrentar\u00e1 a desaf\u00edos determinantes en su emocionante traves\u00eda.\" \/>\n<meta property=\"og:url\" content=\"https:\/\/www.boxrepsol.com\/es\/rally\/isidre-esteve-vela-armas-para-la-jornada-decisiva-del-dakar-2022\/\" \/>\n<meta property=\"og:site_name\" content=\"Box Repsol\" \/>\n<meta property=\"article:publisher\" content=\"https:\/\/www.facebook.com\/BoxRepsol\" \/>\n<meta property=\"article:author\" content=\"https:\/\/www.facebook.com\/BoxRepsol\/\" \/>\n<meta property=\"article:published_time\" content=\"2022-01-12T02:00:00+00:00\" \/>\n<meta property=\"article:modified_time\" content=\"2024-04-10T07:51:25+00:00\" \/>\n<meta property=\"og:image\" content=\"https:\/\/bxrepsol.s3.eu-west-1.amazonaws.com\/static\/2022\/08\/09142155\/Dakar22_E10_Isidre_Esteve_1-1-scaled.jpg\" \/>\n\t<meta property=\"og:image:width\" content=\"2560\" \/>\n\t<meta property=\"og:image:height\" content=\"1707\" \/>\n\t<meta property=\"og:image:type\" content=\"image\/jpeg\" \/>\n<meta name=\"author\" content=\"Redacci\u00f3n Box Repsol\" \/>\n<meta name=\"twitter:card\" content=\"summary_large_image\" \/>\n<meta name=\"twitter:creator\" content=\"@https:\/\/twitter.com\/box_repsol\" \/>\n<meta name=\"twitter:site\" content=\"@box_repsol\" \/>\n<meta name=\"twitter:label1\" content=\"Written by\" \/>\n\t<meta name=\"twitter:data1\" content=\"Redacci\u00f3n Box Repsol\" \/>\n\t<meta name=\"twitter:label2\" content=\"Est. reading time\" \/>\n\t<meta name=\"twitter:data2\" content=\"3 minutos\" \/>\n<script type=\"application\/ld+json\" class=\"yoast-schema-graph\">{\"@context\":\"https:\\\/\\\/schema.org\",\"@graph\":[{\"@type\":\"Article\",\"@id\":\"https:\\\/\\\/www.boxrepsol.com\\\/es\\\/rally\\\/isidre-esteve-vela-armas-para-la-jornada-decisiva-del-dakar-2022\\\/#article\",\"isPartOf\":{\"@id\":\"https:\\\/\\\/www.boxrepsol.com\\\/es\\\/rally\\\/isidre-esteve-vela-armas-para-la-jornada-decisiva-del-dakar-2022\\\/\"},\"author\":{\"name\":\"Redacci\u00f3n Box Repsol\",\"@id\":\"https:\\\/\\\/www.boxrepsol.com\\\/es\\\/#\\\/schema\\\/person\\\/c5c2138f2cca251b0ad92b7086bb60b7\"},\"headline\":\"Isidre Esteve vela armas para la jornada decisiva del Dakar 2022\",\"datePublished\":\"2022-01-12T02:00:00+00:00\",\"dateModified\":\"2024-04-10T07:51:25+00:00\",\"mainEntityOfPage\":{\"@id\":\"https:\\\/\\\/www.boxrepsol.com\\\/es\\\/rally\\\/isidre-esteve-vela-armas-para-la-jornada-decisiva-del-dakar-2022\\\/\"},\"wordCount\":514,\"commentCount\":0,\"publisher\":{\"@id\":\"https:\\\/\\\/www.boxrepsol.com\\\/es\\\/#organization\"},\"image\":{\"@id\":\"https:\\\/\\\/www.boxrepsol.com\\\/es\\\/rally\\\/isidre-esteve-vela-armas-para-la-jornada-decisiva-del-dakar-2022\\\/#primaryimage\"},\"thumbnailUrl\":\"https:\\\/\\\/bxrepsol.s3.eu-west-1.amazonaws.com\\\/static\\\/2022\\\/08\\\/09142155\\\/Dakar22_E10_Isidre_Esteve_1-1-scaled.jpg\",\"keywords\":[\"2022\",\"Dakar\",\"Isidre Esteve\",\"Repsol Rally Team\"],\"articleSection\":[\"Rally\"],\"inLanguage\":\"es\",\"potentialAction\":[{\"@type\":\"CommentAction\",\"name\":\"Comment\",\"target\":[\"https:\\\/\\\/www.boxrepsol.com\\\/es\\\/rally\\\/isidre-esteve-vela-armas-para-la-jornada-decisiva-del-dakar-2022\\\/#respond\"]}]},{\"@type\":\"WebPage\",\"@id\":\"https:\\\/\\\/www.boxrepsol.com\\\/es\\\/rally\\\/isidre-esteve-vela-armas-para-la-jornada-decisiva-del-dakar-2022\\\/\",\"url\":\"https:\\\/\\\/www.boxrepsol.com\\\/es\\\/rally\\\/isidre-esteve-vela-armas-para-la-jornada-decisiva-del-dakar-2022\\\/\",\"name\":\"Isidre Esteve vela armas para la jornada decisiva del Dakar 2022 - Box Repsol\",\"isPartOf\":{\"@id\":\"https:\\\/\\\/www.boxrepsol.com\\\/es\\\/#website\"},\"primaryImageOfPage\":{\"@id\":\"https:\\\/\\\/www.boxrepsol.com\\\/es\\\/rally\\\/isidre-esteve-vela-armas-para-la-jornada-decisiva-del-dakar-2022\\\/#primaryimage\"},\"image\":{\"@id\":\"https:\\\/\\\/www.boxrepsol.com\\\/es\\\/rally\\\/isidre-esteve-vela-armas-para-la-jornada-decisiva-del-dakar-2022\\\/#primaryimage\"},\"thumbnailUrl\":\"https:\\\/\\\/bxrepsol.s3.eu-west-1.amazonaws.com\\\/static\\\/2022\\\/08\\\/09142155\\\/Dakar22_E10_Isidre_Esteve_1-1-scaled.jpg\",\"datePublished\":\"2022-01-12T02:00:00+00:00\",\"dateModified\":\"2024-04-10T07:51:25+00:00\",\"description\":\"Isidre Esteve se prepara para la jornada crucial del Dakar 2022, donde se enfrentar\u00e1 a desaf\u00edos determinantes en su emocionante traves\u00eda.\",\"breadcrumb\":{\"@id\":\"https:\\\/\\\/www.boxrepsol.com\\\/es\\\/rally\\\/isidre-esteve-vela-armas-para-la-jornada-decisiva-del-dakar-2022\\\/#breadcrumb\"},\"inLanguage\":\"es\",\"potentialAction\":[{\"@type\":\"ReadAction\",\"target\":[\"https:\\\/\\\/www.boxrepsol.com\\\/es\\\/rally\\\/isidre-esteve-vela-armas-para-la-jornada-decisiva-del-dakar-2022\\\/\"]}]},{\"@type\":\"ImageObject\",\"inLanguage\":\"es\",\"@id\":\"https:\\\/\\\/www.boxrepsol.com\\\/es\\\/rally\\\/isidre-esteve-vela-armas-para-la-jornada-decisiva-del-dakar-2022\\\/#primaryimage\",\"url\":\"https:\\\/\\\/bxrepsol.s3.eu-west-1.amazonaws.com\\\/static\\\/2022\\\/08\\\/09142155\\\/Dakar22_E10_Isidre_Esteve_1-1-scaled.jpg\",\"contentUrl\":\"https:\\\/\\\/bxrepsol.s3.eu-west-1.amazonaws.com\\\/static\\\/2022\\\/08\\\/09142155\\\/Dakar22_E10_Isidre_Esteve_1-1-scaled.jpg\",\"width\":2560,\"height\":1707},{\"@type\":\"BreadcrumbList\",\"@id\":\"https:\\\/\\\/www.boxrepsol.com\\\/es\\\/rally\\\/isidre-esteve-vela-armas-para-la-jornada-decisiva-del-dakar-2022\\\/#breadcrumb\",\"itemListElement\":[{\"@type\":\"ListItem\",\"position\":1,\"name\":\"Home\",\"item\":\"https:\\\/\\\/www.boxrepsol.com\\\/es\\\/\"},{\"@type\":\"ListItem\",\"position\":2,\"name\":\"Isidre Esteve vela armas para la jornada decisiva del Dakar 2022\"}]},{\"@type\":\"WebSite\",\"@id\":\"https:\\\/\\\/www.boxrepsol.com\\\/es\\\/#website\",\"url\":\"https:\\\/\\\/www.boxrepsol.com\\\/es\\\/\",\"name\":\"Box Repsol\",\"description\":\"Box Repsol Site\",\"publisher\":{\"@id\":\"https:\\\/\\\/www.boxrepsol.com\\\/es\\\/#organization\"},\"potentialAction\":[{\"@type\":\"SearchAction\",\"target\":{\"@type\":\"EntryPoint\",\"urlTemplate\":\"https:\\\/\\\/www.boxrepsol.com\\\/es\\\/?s={search_term_string}\"},\"query-input\":{\"@type\":\"PropertyValueSpecification\",\"valueRequired\":true,\"valueName\":\"search_term_string\"}}],\"inLanguage\":\"es\"},{\"@type\":\"Organization\",\"@id\":\"https:\\\/\\\/www.boxrepsol.com\\\/es\\\/#organization\",\"name\":\"Box Repsol\",\"url\":\"https:\\\/\\\/www.boxrepsol.com\\\/es\\\/\",\"logo\":{\"@type\":\"ImageObject\",\"inLanguage\":\"es\",\"@id\":\"https:\\\/\\\/www.boxrepsol.com\\\/es\\\/#\\\/schema\\\/logo\\\/image\\\/\",\"url\":\"https:\\\/\\\/bxrepsol.s3.eu-west-1.amazonaws.com\\\/static\\\/2025\\\/07\\\/30083337\\\/favicon-96x96-1.png\",\"contentUrl\":\"https:\\\/\\\/bxrepsol.s3.eu-west-1.amazonaws.com\\\/static\\\/2025\\\/07\\\/30083337\\\/favicon-96x96-1.png\",\"width\":96,\"height\":96,\"caption\":\"Box Repsol\"},\"image\":{\"@id\":\"https:\\\/\\\/www.boxrepsol.com\\\/es\\\/#\\\/schema\\\/logo\\\/image\\\/\"},\"sameAs\":[\"https:\\\/\\\/www.facebook.com\\\/BoxRepsol\",\"https:\\\/\\\/x.com\\\/box_repsol\",\"http:\\\/\\\/instagram.com\\\/box_repsol\",\"https:\\\/\\\/www.youtube.com\\\/user\\\/RepsolCompeticion\",\"https:\\\/\\\/www.flickr.com\\\/photos\\\/box_repsol\\\/\"]},{\"@type\":\"Person\",\"@id\":\"https:\\\/\\\/www.boxrepsol.com\\\/es\\\/#\\\/schema\\\/person\\\/c5c2138f2cca251b0ad92b7086bb60b7\",\"name\":\"Redacci\u00f3n Box Repsol\",\"image\":{\"@type\":\"ImageObject\",\"inLanguage\":\"es\",\"@id\":\"https:\\\/\\\/secure.gravatar.com\\\/avatar\\\/adf7b77e38b4419baf32c7e9c21dde01f4e40df611f0978e3006fc4ba0aaab7e?s=96&d=mm&r=g\",\"url\":\"https:\\\/\\\/secure.gravatar.com\\\/avatar\\\/adf7b77e38b4419baf32c7e9c21dde01f4e40df611f0978e3006fc4ba0aaab7e?s=96&d=mm&r=g\",\"contentUrl\":\"https:\\\/\\\/secure.gravatar.com\\\/avatar\\\/adf7b77e38b4419baf32c7e9c21dde01f4e40df611f0978e3006fc4ba0aaab7e?s=96&d=mm&r=g\",\"caption\":\"Redacci\u00f3n Box Repsol\"},\"description\":\"Box Repsol lo forma un equipo de periodistas, community managers, dise\u00f1adores y fot\u00f3grafos con m\u00e1s de 20 a\u00f1os de experiencia en el mundo del motorsport. Hemos vivido el primer mundial de un espa\u00f1ol en la categor\u00eda reina de motociclismo con \u00c1lex Crivill\u00e9, estuvimos en las victorias de Pedrosa y los t\u00edtulos de M\u00e1rquez, acompa\u00f1amos en \u00c1frica a Nani Roma y Marc Coma en sus conquistas del Dakar y hemos vibrado con los t\u00edtulos de Toni Bou en Trial. Adem\u00e1s, en nuestro equipo contamos con expertos en el mundo de las dos y cuatro ruedas tanto de la calle y las carreteras, como de los circuitos. Periodistas que han trabajado en revistas y publicaciones para hacerte llegar desde rutas y consejos de mantenimiento, a curiosidades y trucos de pilotaje.\",\"sameAs\":[\"https:\\\/\\\/www.facebook.com\\\/BoxRepsol\\\/\",\"https:\\\/\\\/www.instagram.com\\\/box_repsol\\\/\",\"https:\\\/\\\/x.com\\\/https:\\\/\\\/twitter.com\\\/box_repsol\",\"https:\\\/\\\/www.youtube.com\\\/@Boxrepsol\"],\"url\":\"https:\\\/\\\/www.boxrepsol.com\\\/es\\\/author\\\/redaccion-box-repsol\\\/\"}]}<\/script>\n<!-- \/ Yoast SEO plugin. -->","yoast_head_json":{"title":"Isidre Esteve vela armas para la jornada decisiva del Dakar 2022 - Box Repsol","description":"Isidre Esteve se prepara para la jornada crucial del Dakar 2022, donde se enfrentar\u00e1 a desaf\u00edos determinantes en su emocionante traves\u00eda.","canonical":"https:\/\/www.boxrepsol.com\/es\/rally\/isidre-esteve-vela-armas-para-la-jornada-decisiva-del-dakar-2022\/","og_locale":"es_ES","og_type":"article","og_title":"Isidre Esteve vela armas para la jornada decisiva del Dakar 2022 - Box Repsol","og_description":"Isidre Esteve se prepara para la jornada crucial del Dakar 2022, donde se enfrentar\u00e1 a desaf\u00edos determinantes en su emocionante traves\u00eda.","og_url":"https:\/\/www.boxrepsol.com\/es\/rally\/isidre-esteve-vela-armas-para-la-jornada-decisiva-del-dakar-2022\/","og_site_name":"Box Repsol","article_publisher":"https:\/\/www.facebook.com\/BoxRepsol","article_author":"https:\/\/www.facebook.com\/BoxRepsol\/","article_published_time":"2022-01-12T02:00:00+00:00","article_modified_time":"2024-04-10T07:51:25+00:00","og_image":[{"width":2560,"height":1707,"url":"https:\/\/bxrepsol.s3.eu-west-1.amazonaws.com\/static\/2022\/08\/09142155\/Dakar22_E10_Isidre_Esteve_1-1-scaled.jpg","type":"image\/jpeg"}],"author":"Redacci\u00f3n Box Repsol","twitter_card":"summary_large_image","twitter_creator":"@https:\/\/twitter.com\/box_repsol","twitter_site":"@box_repsol","twitter_misc":{"Written by":"Redacci\u00f3n Box Repsol","Est. reading time":"3 minutos"},"schema":{"@context":"https:\/\/schema.org","@graph":[{"@type":"Article","@id":"https:\/\/www.boxrepsol.com\/es\/rally\/isidre-esteve-vela-armas-para-la-jornada-decisiva-del-dakar-2022\/#article","isPartOf":{"@id":"https:\/\/www.boxrepsol.com\/es\/rally\/isidre-esteve-vela-armas-para-la-jornada-decisiva-del-dakar-2022\/"},"author":{"name":"Redacci\u00f3n Box Repsol","@id":"https:\/\/www.boxrepsol.com\/es\/#\/schema\/person\/c5c2138f2cca251b0ad92b7086bb60b7"},"headline":"Isidre Esteve vela armas para la jornada decisiva del Dakar 2022","datePublished":"2022-01-12T02:00:00+00:00","dateModified":"2024-04-10T07:51:25+00:00","mainEntityOfPage":{"@id":"https:\/\/www.boxrepsol.com\/es\/rally\/isidre-esteve-vela-armas-para-la-jornada-decisiva-del-dakar-2022\/"},"wordCount":514,"commentCount":0,"publisher":{"@id":"https:\/\/www.boxrepsol.com\/es\/#organization"},"image":{"@id":"https:\/\/www.boxrepsol.com\/es\/rally\/isidre-esteve-vela-armas-para-la-jornada-decisiva-del-dakar-2022\/#primaryimage"},"thumbnailUrl":"https:\/\/bxrepsol.s3.eu-west-1.amazonaws.com\/static\/2022\/08\/09142155\/Dakar22_E10_Isidre_Esteve_1-1-scaled.jpg","keywords":["2022","Dakar","Isidre Esteve","Repsol Rally Team"],"articleSection":["Rally"],"inLanguage":"es","potentialAction":[{"@type":"CommentAction","name":"Comment","target":["https:\/\/www.boxrepsol.com\/es\/rally\/isidre-esteve-vela-armas-para-la-jornada-decisiva-del-dakar-2022\/#respond"]}]},{"@type":"WebPage","@id":"https:\/\/www.boxrepsol.com\/es\/rally\/isidre-esteve-vela-armas-para-la-jornada-decisiva-del-dakar-2022\/","url":"https:\/\/www.boxrepsol.com\/es\/rally\/isidre-esteve-vela-armas-para-la-jornada-decisiva-del-dakar-2022\/","name":"Isidre Esteve vela armas para la jornada decisiva del Dakar 2022 - Box Repsol","isPartOf":{"@id":"https:\/\/www.boxrepsol.com\/es\/#website"},"primaryImageOfPage":{"@id":"https:\/\/www.boxrepsol.com\/es\/rally\/isidre-esteve-vela-armas-para-la-jornada-decisiva-del-dakar-2022\/#primaryimage"},"image":{"@id":"https:\/\/www.boxrepsol.com\/es\/rally\/isidre-esteve-vela-armas-para-la-jornada-decisiva-del-dakar-2022\/#primaryimage"},"thumbnailUrl":"https:\/\/bxrepsol.s3.eu-west-1.amazonaws.com\/static\/2022\/08\/09142155\/Dakar22_E10_Isidre_Esteve_1-1-scaled.jpg","datePublished":"2022-01-12T02:00:00+00:00","dateModified":"2024-04-10T07:51:25+00:00","description":"Isidre Esteve se prepara para la jornada crucial del Dakar 2022, donde se enfrentar\u00e1 a desaf\u00edos determinantes en su emocionante traves\u00eda.","breadcrumb":{"@id":"https:\/\/www.boxrepsol.com\/es\/rally\/isidre-esteve-vela-armas-para-la-jornada-decisiva-del-dakar-2022\/#breadcrumb"},"inLanguage":"es","potentialAction":[{"@type":"ReadAction","target":["https:\/\/www.boxrepsol.com\/es\/rally\/isidre-esteve-vela-armas-para-la-jornada-decisiva-del-dakar-2022\/"]}]},{"@type":"ImageObject","inLanguage":"es","@id":"https:\/\/www.boxrepsol.com\/es\/rally\/isidre-esteve-vela-armas-para-la-jornada-decisiva-del-dakar-2022\/#primaryimage","url":"https:\/\/bxrepsol.s3.eu-west-1.amazonaws.com\/static\/2022\/08\/09142155\/Dakar22_E10_Isidre_Esteve_1-1-scaled.jpg","contentUrl":"https:\/\/bxrepsol.s3.eu-west-1.amazonaws.com\/static\/2022\/08\/09142155\/Dakar22_E10_Isidre_Esteve_1-1-scaled.jpg","width":2560,"height":1707},{"@type":"BreadcrumbList","@id":"https:\/\/www.boxrepsol.com\/es\/rally\/isidre-esteve-vela-armas-para-la-jornada-decisiva-del-dakar-2022\/#breadcrumb","itemListElement":[{"@type":"ListItem","position":1,"name":"Home","item":"https:\/\/www.boxrepsol.com\/es\/"},{"@type":"ListItem","position":2,"name":"Isidre Esteve vela armas para la jornada decisiva del Dakar 2022"}]},{"@type":"WebSite","@id":"https:\/\/www.boxrepsol.com\/es\/#website","url":"https:\/\/www.boxrepsol.com\/es\/","name":"Box Repsol","description":"Box Repsol Site","publisher":{"@id":"https:\/\/www.boxrepsol.com\/es\/#organization"},"potentialAction":[{"@type":"SearchAction","target":{"@type":"EntryPoint","urlTemplate":"https:\/\/www.boxrepsol.com\/es\/?s={search_term_string}"},"query-input":{"@type":"PropertyValueSpecification","valueRequired":true,"valueName":"search_term_string"}}],"inLanguage":"es"},{"@type":"Organization","@id":"https:\/\/www.boxrepsol.com\/es\/#organization","name":"Box Repsol","url":"https:\/\/www.boxrepsol.com\/es\/","logo":{"@type":"ImageObject","inLanguage":"es","@id":"https:\/\/www.boxrepsol.com\/es\/#\/schema\/logo\/image\/","url":"https:\/\/bxrepsol.s3.eu-west-1.amazonaws.com\/static\/2025\/07\/30083337\/favicon-96x96-1.png","contentUrl":"https:\/\/bxrepsol.s3.eu-west-1.amazonaws.com\/static\/2025\/07\/30083337\/favicon-96x96-1.png","width":96,"height":96,"caption":"Box Repsol"},"image":{"@id":"https:\/\/www.boxrepsol.com\/es\/#\/schema\/logo\/image\/"},"sameAs":["https:\/\/www.facebook.com\/BoxRepsol","https:\/\/x.com\/box_repsol","http:\/\/instagram.com\/box_repsol","https:\/\/www.youtube.com\/user\/RepsolCompeticion","https:\/\/www.flickr.com\/photos\/box_repsol\/"]},{"@type":"Person","@id":"https:\/\/www.boxrepsol.com\/es\/#\/schema\/person\/c5c2138f2cca251b0ad92b7086bb60b7","name":"Redacci\u00f3n Box Repsol","image":{"@type":"ImageObject","inLanguage":"es","@id":"https:\/\/secure.gravatar.com\/avatar\/adf7b77e38b4419baf32c7e9c21dde01f4e40df611f0978e3006fc4ba0aaab7e?s=96&d=mm&r=g","url":"https:\/\/secure.gravatar.com\/avatar\/adf7b77e38b4419baf32c7e9c21dde01f4e40df611f0978e3006fc4ba0aaab7e?s=96&d=mm&r=g","contentUrl":"https:\/\/secure.gravatar.com\/avatar\/adf7b77e38b4419baf32c7e9c21dde01f4e40df611f0978e3006fc4ba0aaab7e?s=96&d=mm&r=g","caption":"Redacci\u00f3n Box Repsol"},"description":"Box Repsol lo forma un equipo de periodistas, community managers, dise\u00f1adores y fot\u00f3grafos con m\u00e1s de 20 a\u00f1os de experiencia en el mundo del motorsport. Hemos vivido el primer mundial de un espa\u00f1ol en la categor\u00eda reina de motociclismo con \u00c1lex Crivill\u00e9, estuvimos en las victorias de Pedrosa y los t\u00edtulos de M\u00e1rquez, acompa\u00f1amos en \u00c1frica a Nani Roma y Marc Coma en sus conquistas del Dakar y hemos vibrado con los t\u00edtulos de Toni Bou en Trial. Adem\u00e1s, en nuestro equipo contamos con expertos en el mundo de las dos y cuatro ruedas tanto de la calle y las carreteras, como de los circuitos. Periodistas que han trabajado en revistas y publicaciones para hacerte llegar desde rutas y consejos de mantenimiento, a curiosidades y trucos de pilotaje.","sameAs":["https:\/\/www.facebook.com\/BoxRepsol\/","https:\/\/www.instagram.com\/box_repsol\/","https:\/\/x.com\/https:\/\/twitter.com\/box_repsol","https:\/\/www.youtube.com\/@Boxrepsol"],"url":"https:\/\/www.boxrepsol.com\/es\/author\/redaccion-box-repsol\/"}]}},"_links":{"self":[{"href":"https:\/\/www.boxrepsol.com\/es\/wp-json\/wp\/v2\/posts\/95221","targetHints":{"allow":["GET"]}}],"collection":[{"href":"https:\/\/www.boxrepsol.com\/es\/wp-json\/wp\/v2\/posts"}],"about":[{"href":"https:\/\/www.boxrepsol.com\/es\/wp-json\/wp\/v2\/types\/post"}],"author":[{"embeddable":true,"href":"https:\/\/www.boxrepsol.com\/es\/wp-json\/wp\/v2\/users\/43146"}],"replies":[{"embeddable":true,"href":"https:\/\/www.boxrepsol.com\/es\/wp-json\/wp\/v2\/comments?post=95221"}],"version-history":[{"count":1,"href":"https:\/\/www.boxrepsol.com\/es\/wp-json\/wp\/v2\/posts\/95221\/revisions"}],"predecessor-version":[{"id":109278,"href":"https:\/\/www.boxrepsol.com\/es\/wp-json\/wp\/v2\/posts\/95221\/revisions\/109278"}],"wp:featuredmedia":[{"embeddable":true,"href":"https:\/\/www.boxrepsol.com\/es\/wp-json\/wp\/v2\/media\/44935"}],"wp:attachment":[{"href":"https:\/\/www.boxrepsol.com\/es\/wp-json\/wp\/v2\/media?parent=95221"}],"wp:term":[{"taxonomy":"category","embeddable":true,"href":"https:\/\/www.boxrepsol.com\/es\/wp-json\/wp\/v2\/categories?post=95221"},{"taxonomy":"post_tag","embeddable":true,"href":"https:\/\/www.boxrepsol.com\/es\/wp-json\/wp\/v2\/tags?post=95221"}],"curies":[{"name":"wp","href":"https:\/\/api.w.org\/{rel}","templated":true}]}}