{"id":95217,"date":"2022-01-11T00:00:00","date_gmt":"2022-01-11T02:00:00","guid":{"rendered":"http:\/\/pre.boxrepsol.com\/sin-categorizar\/isidre-esteve-pone-el-punto-de-mira-en-las-tres-ultimas-etapas-del-dakar\/"},"modified":"2024-04-10T05:51:58","modified_gmt":"2024-04-10T07:51:58","slug":"isidre-esteve-pone-el-punto-de-mira-en-las-tres-ultimas-etapas-del-dakar","status":"publish","type":"post","link":"https:\/\/www.boxrepsol.com\/es\/rally\/isidre-esteve-pone-el-punto-de-mira-en-las-tres-ultimas-etapas-del-dakar\/","title":{"rendered":"Isidre Esteve pone el punto de mira en las tres \u00faltimas etapas del Dakar"},"content":{"rendered":"<p>El piloto de Oliana asegura que saldr\u00e1 al ataque en las \u00faltimas jornadas de la 44\u00aa edici\u00f3n del evento, donde espera ganar posiciones y hacer valer el gran trabajo de todo el equipo.<\/p>\n<p><em>\u00abNos quedan por delante tres d\u00edas s\u00faper intensos y con mucha dificultad. Estoy contento con el trabajo de todo el equipo y, sobre todo, tengo muchas ganas de correr. Creo que a\u00fan podemos hacer cosas buenas\u201d.<\/em><\/p>\n<p>La novena etapa del Rally Dakar 2022 ha sido una jornada de transici\u00f3n para el equipo Repsol Rally Team, en la que los veh\u00edculos con mejor aceleraci\u00f3n salieron muy beneficiados por el tipo de recorrido preparado por la organizaci\u00f3n (ASO). Isidre Esteve y Txema Villalobos han logrado gestionar perfectamente el ritmo necesario para llegar a meta sin problemas despu\u00e9s de 287 km contra el reloj. Adem\u00e1s, los espa\u00f1oles mantienen su 26\u00aa posici\u00f3n en la general.<\/p>\n<p>El piloto de Oliana ha estado luchando toda la jornada en la distancia, y en algunos momentos con solo metros de diferencia, contra algunos pilotos que cuentan con prototipos T1+ de nueva generaci\u00f3n (ruedas m\u00e1s anchas, mayor recorrido de suspensi\u00f3n y m\u00e1s anchura que el suyo), para acabar finalmente 39\u00ba entre los coches. Aunque este martes ha habido alg\u00fan paso de dunas, Esteve reconoce que la hora de la verdad comenzar\u00e1 el mi\u00e9rcoles con la 10\u00aa especial del rally y no acabar\u00e1 hasta los \u00faltimos kil\u00f3metros de la 12\u00aa del viernes.<\/p>\n<p><em>\u00abHoy no ha sido de las etapas m\u00e1s dif\u00edciles del Dakar en cuanto a complejidad y navegaci\u00f3n, pero s\u00ed era muy bonita. Aun as\u00ed, ha habido varios puntos donde hab\u00eda cambios de ca\u00f1ones y hemos tenido que estar muy atentos. Ha sido una jornada muy r\u00e1pida en general y de apenas 300 km. Lo positivo es que no hemos sufrido ning\u00fan problema, salvo que al principio hemos tenido que pasar a tres SSV y luego hemos debido parar un momento por el polvo de Dennis Krotov, que se ha incorporado a la pista justo delante de nosotros\u201d, <\/em>asegura el piloto espa\u00f1ol.<\/p>\n<p><em>\u00abEl coche funciona s\u00faper bien y creo que nos quedan tres etapas finales por delante que van a ser muy intensas. Hay alguna de ellas que se va a parecer a la de ayer, con dificultad en las dunas. Ahora estamos en un terreno que, cuando hay arena, \u00e9sta es muy blanda por las temperaturas y su dificultad es m\u00e1xima. Pero estoy muy contento, con el ritmo que estamos mostrando, y tambi\u00e9n con el coche. El trabajo que est\u00e1 haciendo todo el equipo est\u00e1 siendo sensacional y, sobre todo, \u00a1tengo ganas de correr! Esto es lo mejor, porque a\u00fan quedan etapas para acabar este Dakar y creo que podemos hacer cosas buenas. Vamos a por ello\u201d.<\/em><\/p>\n<p>Esteve mantiene la motivaci\u00f3n alta en un Dakar en el que se ha visto que los prototipos de nueva generaci\u00f3n est\u00e1n dominando la general gracias, sobre todo, a sus ruedas m\u00e1s anchas, que les permiten coger velocidad mucho antes que las versiones anteriores con neum\u00e1ticos m\u00e1s estrechos (como el Toyota Hilux Overdrive de Isidre).<\/p>\n<p>La d\u00e9cima etapa de la 44\u00aa edici\u00f3n del Dakar llevar\u00e1 a los participantes de Wadi Ad Dawasir, en el sur de Arabia Saud\u00ed, hacia Bisha en direcci\u00f3n noroeste. La antepen\u00faltima especial contar\u00e1 con 374 km cronometrados y la arena volver\u00e1 a ser protagonista.<\/p>\n<p>&nbsp;<\/p>\n<hr>\n<p><strong>Clasificaci\u00f3n etapa:<\/strong><\/p>\n<p>1. De Villiers \/ Murphy (Toyota) 2h 23\u201908\u201d<\/p>\n<p>2. Lategan \/ Cummings (Toyota) +00\u201909\u201d<\/p>\n<p>3. Al-Attiyah \/ Baumel (Toyota) +01\u201904\u201d<\/p>\n<p>4. Ekstr\u00f6m \/ Bergkvist (Audi) 02\u201907\u201d<\/p>\n<p>5. Loeb \/ Lurquin (Prodrive) +02\u201911\u201d<\/p>\n<p>&#8230;<\/p>\n<p><strong>39. Esteve \/ Villalobos (Toyota) +23&#8217;24\u00bb<\/strong><\/p>\n<hr>\n<p><strong>Clasificaci\u00f3n general:<\/strong><\/p>\n<p>1. Al-Attiyah \/ Baumel (Toyota) 30h 10\u201904\u201d<\/p>\n<p>2. Loeb \/ Lurquin (Prodrive) +39\u201905\u201d<\/p>\n<p>3. Al Rajhi \/ Orr (Toyota) +58\u201944\u201d<\/p>\n<p>4. Terranova \/ Oliveras (Prodrive) +1h 36\u201909\u201d<\/p>\n<p>5. De Villiers \/ Murphy (Toyota) +1h 45\u201901\u201d<\/p>\n<p>&#8230;<\/p>\n<p><strong>26. Esteve \/ Villalobos (Toyota) +6h 03\u201948&#8243;<\/strong><\/p>\n","protected":false},"excerpt":{"rendered":"<p>El Repsol Rally Team supera sin percances la novena especial, despu\u00e9s de pelear de t\u00fa a t\u00fa con veh\u00edculos de nueva generaci\u00f3n.<\/p>\n","protected":false},"author":43146,"featured_media":44905,"comment_status":"open","ping_status":"open","sticky":false,"template":"","format":"standard","meta":{"footnotes":""},"categories":[27],"tags":[120,201,29],"class_list":["post-95217","post","type-post","status-publish","format-standard","hentry","category-rally","tag-120","tag-dakar","tag-isidre-esteve"],"yoast_head":"<!-- This site is optimized with the Yoast SEO plugin v27.3 - https:\/\/yoast.com\/product\/yoast-seo-wordpress\/ -->\n<title>Isidre Esteve pone el punto de mira en las tres \u00faltimas etapas del Dakar - Box Repsol<\/title>\n<meta name=\"description\" content=\"Sigue la traves\u00eda de Isidre Esteve mientras enfoca su atenci\u00f3n en las tres \u00faltimas etapas del Dakar buscando alcanzar sus objetivos.\" \/>\n<link rel=\"canonical\" href=\"https:\/\/www.boxrepsol.com\/es\/rally\/isidre-esteve-pone-el-punto-de-mira-en-las-tres-ultimas-etapas-del-dakar\/\" \/>\n<meta property=\"og:locale\" content=\"es_ES\" \/>\n<meta property=\"og:type\" content=\"article\" \/>\n<meta property=\"og:title\" content=\"Isidre Esteve pone el punto de mira en las tres \u00faltimas etapas del Dakar - Box Repsol\" \/>\n<meta property=\"og:description\" content=\"Sigue la traves\u00eda de Isidre Esteve mientras enfoca su atenci\u00f3n en las tres \u00faltimas etapas del Dakar buscando alcanzar sus objetivos.\" \/>\n<meta property=\"og:url\" content=\"https:\/\/www.boxrepsol.com\/es\/rally\/isidre-esteve-pone-el-punto-de-mira-en-las-tres-ultimas-etapas-del-dakar\/\" \/>\n<meta property=\"og:site_name\" content=\"Box Repsol\" \/>\n<meta property=\"article:publisher\" content=\"https:\/\/www.facebook.com\/BoxRepsol\" \/>\n<meta property=\"article:author\" content=\"https:\/\/www.facebook.com\/BoxRepsol\/\" \/>\n<meta property=\"article:published_time\" content=\"2022-01-11T02:00:00+00:00\" \/>\n<meta property=\"article:modified_time\" content=\"2024-04-10T07:51:58+00:00\" \/>\n<meta property=\"og:image\" content=\"https:\/\/bxrepsol.s3.eu-west-1.amazonaws.com\/static\/2022\/08\/09142118\/Dakar22_E9_Isidre_Esteve_1-1-scaled.jpg\" \/>\n\t<meta property=\"og:image:width\" content=\"2560\" \/>\n\t<meta property=\"og:image:height\" content=\"1706\" \/>\n\t<meta property=\"og:image:type\" content=\"image\/jpeg\" \/>\n<meta name=\"author\" content=\"Redacci\u00f3n Box Repsol\" \/>\n<meta name=\"twitter:card\" content=\"summary_large_image\" \/>\n<meta name=\"twitter:creator\" content=\"@https:\/\/twitter.com\/box_repsol\" \/>\n<meta name=\"twitter:site\" content=\"@box_repsol\" \/>\n<meta name=\"twitter:label1\" content=\"Written by\" \/>\n\t<meta name=\"twitter:data1\" content=\"Redacci\u00f3n Box Repsol\" \/>\n\t<meta name=\"twitter:label2\" content=\"Est. reading time\" \/>\n\t<meta name=\"twitter:data2\" content=\"3 minutos\" \/>\n<script type=\"application\/ld+json\" class=\"yoast-schema-graph\">{\"@context\":\"https:\\\/\\\/schema.org\",\"@graph\":[{\"@type\":\"Article\",\"@id\":\"https:\\\/\\\/www.boxrepsol.com\\\/es\\\/rally\\\/isidre-esteve-pone-el-punto-de-mira-en-las-tres-ultimas-etapas-del-dakar\\\/#article\",\"isPartOf\":{\"@id\":\"https:\\\/\\\/www.boxrepsol.com\\\/es\\\/rally\\\/isidre-esteve-pone-el-punto-de-mira-en-las-tres-ultimas-etapas-del-dakar\\\/\"},\"author\":{\"name\":\"Redacci\u00f3n Box Repsol\",\"@id\":\"https:\\\/\\\/www.boxrepsol.com\\\/es\\\/#\\\/schema\\\/person\\\/c5c2138f2cca251b0ad92b7086bb60b7\"},\"headline\":\"Isidre Esteve pone el punto de mira en las tres \u00faltimas etapas del Dakar\",\"datePublished\":\"2022-01-11T02:00:00+00:00\",\"dateModified\":\"2024-04-10T07:51:58+00:00\",\"mainEntityOfPage\":{\"@id\":\"https:\\\/\\\/www.boxrepsol.com\\\/es\\\/rally\\\/isidre-esteve-pone-el-punto-de-mira-en-las-tres-ultimas-etapas-del-dakar\\\/\"},\"wordCount\":646,\"commentCount\":0,\"publisher\":{\"@id\":\"https:\\\/\\\/www.boxrepsol.com\\\/es\\\/#organization\"},\"image\":{\"@id\":\"https:\\\/\\\/www.boxrepsol.com\\\/es\\\/rally\\\/isidre-esteve-pone-el-punto-de-mira-en-las-tres-ultimas-etapas-del-dakar\\\/#primaryimage\"},\"thumbnailUrl\":\"https:\\\/\\\/bxrepsol.s3.eu-west-1.amazonaws.com\\\/static\\\/2022\\\/08\\\/09142118\\\/Dakar22_E9_Isidre_Esteve_1-1-scaled.jpg\",\"keywords\":[\"2022\",\"Dakar\",\"Isidre Esteve\"],\"articleSection\":[\"Rally\"],\"inLanguage\":\"es\",\"potentialAction\":[{\"@type\":\"CommentAction\",\"name\":\"Comment\",\"target\":[\"https:\\\/\\\/www.boxrepsol.com\\\/es\\\/rally\\\/isidre-esteve-pone-el-punto-de-mira-en-las-tres-ultimas-etapas-del-dakar\\\/#respond\"]}]},{\"@type\":\"WebPage\",\"@id\":\"https:\\\/\\\/www.boxrepsol.com\\\/es\\\/rally\\\/isidre-esteve-pone-el-punto-de-mira-en-las-tres-ultimas-etapas-del-dakar\\\/\",\"url\":\"https:\\\/\\\/www.boxrepsol.com\\\/es\\\/rally\\\/isidre-esteve-pone-el-punto-de-mira-en-las-tres-ultimas-etapas-del-dakar\\\/\",\"name\":\"Isidre Esteve pone el punto de mira en las tres \u00faltimas etapas del Dakar - Box Repsol\",\"isPartOf\":{\"@id\":\"https:\\\/\\\/www.boxrepsol.com\\\/es\\\/#website\"},\"primaryImageOfPage\":{\"@id\":\"https:\\\/\\\/www.boxrepsol.com\\\/es\\\/rally\\\/isidre-esteve-pone-el-punto-de-mira-en-las-tres-ultimas-etapas-del-dakar\\\/#primaryimage\"},\"image\":{\"@id\":\"https:\\\/\\\/www.boxrepsol.com\\\/es\\\/rally\\\/isidre-esteve-pone-el-punto-de-mira-en-las-tres-ultimas-etapas-del-dakar\\\/#primaryimage\"},\"thumbnailUrl\":\"https:\\\/\\\/bxrepsol.s3.eu-west-1.amazonaws.com\\\/static\\\/2022\\\/08\\\/09142118\\\/Dakar22_E9_Isidre_Esteve_1-1-scaled.jpg\",\"datePublished\":\"2022-01-11T02:00:00+00:00\",\"dateModified\":\"2024-04-10T07:51:58+00:00\",\"description\":\"Sigue la traves\u00eda de Isidre Esteve mientras enfoca su atenci\u00f3n en las tres \u00faltimas etapas del Dakar buscando alcanzar sus objetivos.\",\"breadcrumb\":{\"@id\":\"https:\\\/\\\/www.boxrepsol.com\\\/es\\\/rally\\\/isidre-esteve-pone-el-punto-de-mira-en-las-tres-ultimas-etapas-del-dakar\\\/#breadcrumb\"},\"inLanguage\":\"es\",\"potentialAction\":[{\"@type\":\"ReadAction\",\"target\":[\"https:\\\/\\\/www.boxrepsol.com\\\/es\\\/rally\\\/isidre-esteve-pone-el-punto-de-mira-en-las-tres-ultimas-etapas-del-dakar\\\/\"]}]},{\"@type\":\"ImageObject\",\"inLanguage\":\"es\",\"@id\":\"https:\\\/\\\/www.boxrepsol.com\\\/es\\\/rally\\\/isidre-esteve-pone-el-punto-de-mira-en-las-tres-ultimas-etapas-del-dakar\\\/#primaryimage\",\"url\":\"https:\\\/\\\/bxrepsol.s3.eu-west-1.amazonaws.com\\\/static\\\/2022\\\/08\\\/09142118\\\/Dakar22_E9_Isidre_Esteve_1-1-scaled.jpg\",\"contentUrl\":\"https:\\\/\\\/bxrepsol.s3.eu-west-1.amazonaws.com\\\/static\\\/2022\\\/08\\\/09142118\\\/Dakar22_E9_Isidre_Esteve_1-1-scaled.jpg\",\"width\":2560,\"height\":1706},{\"@type\":\"BreadcrumbList\",\"@id\":\"https:\\\/\\\/www.boxrepsol.com\\\/es\\\/rally\\\/isidre-esteve-pone-el-punto-de-mira-en-las-tres-ultimas-etapas-del-dakar\\\/#breadcrumb\",\"itemListElement\":[{\"@type\":\"ListItem\",\"position\":1,\"name\":\"Home\",\"item\":\"https:\\\/\\\/www.boxrepsol.com\\\/es\\\/\"},{\"@type\":\"ListItem\",\"position\":2,\"name\":\"Isidre Esteve pone el punto de mira en las tres \u00faltimas etapas del Dakar\"}]},{\"@type\":\"WebSite\",\"@id\":\"https:\\\/\\\/www.boxrepsol.com\\\/es\\\/#website\",\"url\":\"https:\\\/\\\/www.boxrepsol.com\\\/es\\\/\",\"name\":\"Box Repsol\",\"description\":\"Box Repsol Site\",\"publisher\":{\"@id\":\"https:\\\/\\\/www.boxrepsol.com\\\/es\\\/#organization\"},\"potentialAction\":[{\"@type\":\"SearchAction\",\"target\":{\"@type\":\"EntryPoint\",\"urlTemplate\":\"https:\\\/\\\/www.boxrepsol.com\\\/es\\\/?s={search_term_string}\"},\"query-input\":{\"@type\":\"PropertyValueSpecification\",\"valueRequired\":true,\"valueName\":\"search_term_string\"}}],\"inLanguage\":\"es\"},{\"@type\":\"Organization\",\"@id\":\"https:\\\/\\\/www.boxrepsol.com\\\/es\\\/#organization\",\"name\":\"Box Repsol\",\"url\":\"https:\\\/\\\/www.boxrepsol.com\\\/es\\\/\",\"logo\":{\"@type\":\"ImageObject\",\"inLanguage\":\"es\",\"@id\":\"https:\\\/\\\/www.boxrepsol.com\\\/es\\\/#\\\/schema\\\/logo\\\/image\\\/\",\"url\":\"https:\\\/\\\/bxrepsol.s3.eu-west-1.amazonaws.com\\\/static\\\/2025\\\/07\\\/30083337\\\/favicon-96x96-1.png\",\"contentUrl\":\"https:\\\/\\\/bxrepsol.s3.eu-west-1.amazonaws.com\\\/static\\\/2025\\\/07\\\/30083337\\\/favicon-96x96-1.png\",\"width\":96,\"height\":96,\"caption\":\"Box Repsol\"},\"image\":{\"@id\":\"https:\\\/\\\/www.boxrepsol.com\\\/es\\\/#\\\/schema\\\/logo\\\/image\\\/\"},\"sameAs\":[\"https:\\\/\\\/www.facebook.com\\\/BoxRepsol\",\"https:\\\/\\\/x.com\\\/box_repsol\",\"http:\\\/\\\/instagram.com\\\/box_repsol\",\"https:\\\/\\\/www.youtube.com\\\/user\\\/RepsolCompeticion\",\"https:\\\/\\\/www.flickr.com\\\/photos\\\/box_repsol\\\/\"]},{\"@type\":\"Person\",\"@id\":\"https:\\\/\\\/www.boxrepsol.com\\\/es\\\/#\\\/schema\\\/person\\\/c5c2138f2cca251b0ad92b7086bb60b7\",\"name\":\"Redacci\u00f3n Box Repsol\",\"image\":{\"@type\":\"ImageObject\",\"inLanguage\":\"es\",\"@id\":\"https:\\\/\\\/secure.gravatar.com\\\/avatar\\\/adf7b77e38b4419baf32c7e9c21dde01f4e40df611f0978e3006fc4ba0aaab7e?s=96&d=mm&r=g\",\"url\":\"https:\\\/\\\/secure.gravatar.com\\\/avatar\\\/adf7b77e38b4419baf32c7e9c21dde01f4e40df611f0978e3006fc4ba0aaab7e?s=96&d=mm&r=g\",\"contentUrl\":\"https:\\\/\\\/secure.gravatar.com\\\/avatar\\\/adf7b77e38b4419baf32c7e9c21dde01f4e40df611f0978e3006fc4ba0aaab7e?s=96&d=mm&r=g\",\"caption\":\"Redacci\u00f3n Box Repsol\"},\"description\":\"Box Repsol lo forma un equipo de periodistas, community managers, dise\u00f1adores y fot\u00f3grafos con m\u00e1s de 20 a\u00f1os de experiencia en el mundo del motorsport. Hemos vivido el primer mundial de un espa\u00f1ol en la categor\u00eda reina de motociclismo con \u00c1lex Crivill\u00e9, estuvimos en las victorias de Pedrosa y los t\u00edtulos de M\u00e1rquez, acompa\u00f1amos en \u00c1frica a Nani Roma y Marc Coma en sus conquistas del Dakar y hemos vibrado con los t\u00edtulos de Toni Bou en Trial. Adem\u00e1s, en nuestro equipo contamos con expertos en el mundo de las dos y cuatro ruedas tanto de la calle y las carreteras, como de los circuitos. Periodistas que han trabajado en revistas y publicaciones para hacerte llegar desde rutas y consejos de mantenimiento, a curiosidades y trucos de pilotaje.\",\"sameAs\":[\"https:\\\/\\\/www.facebook.com\\\/BoxRepsol\\\/\",\"https:\\\/\\\/www.instagram.com\\\/box_repsol\\\/\",\"https:\\\/\\\/x.com\\\/https:\\\/\\\/twitter.com\\\/box_repsol\",\"https:\\\/\\\/www.youtube.com\\\/@Boxrepsol\"],\"url\":\"https:\\\/\\\/www.boxrepsol.com\\\/es\\\/author\\\/redaccion-box-repsol\\\/\"}]}<\/script>\n<!-- \/ Yoast SEO plugin. -->","yoast_head_json":{"title":"Isidre Esteve pone el punto de mira en las tres \u00faltimas etapas del Dakar - Box Repsol","description":"Sigue la traves\u00eda de Isidre Esteve mientras enfoca su atenci\u00f3n en las tres \u00faltimas etapas del Dakar buscando alcanzar sus objetivos.","canonical":"https:\/\/www.boxrepsol.com\/es\/rally\/isidre-esteve-pone-el-punto-de-mira-en-las-tres-ultimas-etapas-del-dakar\/","og_locale":"es_ES","og_type":"article","og_title":"Isidre Esteve pone el punto de mira en las tres \u00faltimas etapas del Dakar - Box Repsol","og_description":"Sigue la traves\u00eda de Isidre Esteve mientras enfoca su atenci\u00f3n en las tres \u00faltimas etapas del Dakar buscando alcanzar sus objetivos.","og_url":"https:\/\/www.boxrepsol.com\/es\/rally\/isidre-esteve-pone-el-punto-de-mira-en-las-tres-ultimas-etapas-del-dakar\/","og_site_name":"Box Repsol","article_publisher":"https:\/\/www.facebook.com\/BoxRepsol","article_author":"https:\/\/www.facebook.com\/BoxRepsol\/","article_published_time":"2022-01-11T02:00:00+00:00","article_modified_time":"2024-04-10T07:51:58+00:00","og_image":[{"width":2560,"height":1706,"url":"https:\/\/bxrepsol.s3.eu-west-1.amazonaws.com\/static\/2022\/08\/09142118\/Dakar22_E9_Isidre_Esteve_1-1-scaled.jpg","type":"image\/jpeg"}],"author":"Redacci\u00f3n Box Repsol","twitter_card":"summary_large_image","twitter_creator":"@https:\/\/twitter.com\/box_repsol","twitter_site":"@box_repsol","twitter_misc":{"Written by":"Redacci\u00f3n Box Repsol","Est. reading time":"3 minutos"},"schema":{"@context":"https:\/\/schema.org","@graph":[{"@type":"Article","@id":"https:\/\/www.boxrepsol.com\/es\/rally\/isidre-esteve-pone-el-punto-de-mira-en-las-tres-ultimas-etapas-del-dakar\/#article","isPartOf":{"@id":"https:\/\/www.boxrepsol.com\/es\/rally\/isidre-esteve-pone-el-punto-de-mira-en-las-tres-ultimas-etapas-del-dakar\/"},"author":{"name":"Redacci\u00f3n Box Repsol","@id":"https:\/\/www.boxrepsol.com\/es\/#\/schema\/person\/c5c2138f2cca251b0ad92b7086bb60b7"},"headline":"Isidre Esteve pone el punto de mira en las tres \u00faltimas etapas del Dakar","datePublished":"2022-01-11T02:00:00+00:00","dateModified":"2024-04-10T07:51:58+00:00","mainEntityOfPage":{"@id":"https:\/\/www.boxrepsol.com\/es\/rally\/isidre-esteve-pone-el-punto-de-mira-en-las-tres-ultimas-etapas-del-dakar\/"},"wordCount":646,"commentCount":0,"publisher":{"@id":"https:\/\/www.boxrepsol.com\/es\/#organization"},"image":{"@id":"https:\/\/www.boxrepsol.com\/es\/rally\/isidre-esteve-pone-el-punto-de-mira-en-las-tres-ultimas-etapas-del-dakar\/#primaryimage"},"thumbnailUrl":"https:\/\/bxrepsol.s3.eu-west-1.amazonaws.com\/static\/2022\/08\/09142118\/Dakar22_E9_Isidre_Esteve_1-1-scaled.jpg","keywords":["2022","Dakar","Isidre Esteve"],"articleSection":["Rally"],"inLanguage":"es","potentialAction":[{"@type":"CommentAction","name":"Comment","target":["https:\/\/www.boxrepsol.com\/es\/rally\/isidre-esteve-pone-el-punto-de-mira-en-las-tres-ultimas-etapas-del-dakar\/#respond"]}]},{"@type":"WebPage","@id":"https:\/\/www.boxrepsol.com\/es\/rally\/isidre-esteve-pone-el-punto-de-mira-en-las-tres-ultimas-etapas-del-dakar\/","url":"https:\/\/www.boxrepsol.com\/es\/rally\/isidre-esteve-pone-el-punto-de-mira-en-las-tres-ultimas-etapas-del-dakar\/","name":"Isidre Esteve pone el punto de mira en las tres \u00faltimas etapas del Dakar - Box Repsol","isPartOf":{"@id":"https:\/\/www.boxrepsol.com\/es\/#website"},"primaryImageOfPage":{"@id":"https:\/\/www.boxrepsol.com\/es\/rally\/isidre-esteve-pone-el-punto-de-mira-en-las-tres-ultimas-etapas-del-dakar\/#primaryimage"},"image":{"@id":"https:\/\/www.boxrepsol.com\/es\/rally\/isidre-esteve-pone-el-punto-de-mira-en-las-tres-ultimas-etapas-del-dakar\/#primaryimage"},"thumbnailUrl":"https:\/\/bxrepsol.s3.eu-west-1.amazonaws.com\/static\/2022\/08\/09142118\/Dakar22_E9_Isidre_Esteve_1-1-scaled.jpg","datePublished":"2022-01-11T02:00:00+00:00","dateModified":"2024-04-10T07:51:58+00:00","description":"Sigue la traves\u00eda de Isidre Esteve mientras enfoca su atenci\u00f3n en las tres \u00faltimas etapas del Dakar buscando alcanzar sus objetivos.","breadcrumb":{"@id":"https:\/\/www.boxrepsol.com\/es\/rally\/isidre-esteve-pone-el-punto-de-mira-en-las-tres-ultimas-etapas-del-dakar\/#breadcrumb"},"inLanguage":"es","potentialAction":[{"@type":"ReadAction","target":["https:\/\/www.boxrepsol.com\/es\/rally\/isidre-esteve-pone-el-punto-de-mira-en-las-tres-ultimas-etapas-del-dakar\/"]}]},{"@type":"ImageObject","inLanguage":"es","@id":"https:\/\/www.boxrepsol.com\/es\/rally\/isidre-esteve-pone-el-punto-de-mira-en-las-tres-ultimas-etapas-del-dakar\/#primaryimage","url":"https:\/\/bxrepsol.s3.eu-west-1.amazonaws.com\/static\/2022\/08\/09142118\/Dakar22_E9_Isidre_Esteve_1-1-scaled.jpg","contentUrl":"https:\/\/bxrepsol.s3.eu-west-1.amazonaws.com\/static\/2022\/08\/09142118\/Dakar22_E9_Isidre_Esteve_1-1-scaled.jpg","width":2560,"height":1706},{"@type":"BreadcrumbList","@id":"https:\/\/www.boxrepsol.com\/es\/rally\/isidre-esteve-pone-el-punto-de-mira-en-las-tres-ultimas-etapas-del-dakar\/#breadcrumb","itemListElement":[{"@type":"ListItem","position":1,"name":"Home","item":"https:\/\/www.boxrepsol.com\/es\/"},{"@type":"ListItem","position":2,"name":"Isidre Esteve pone el punto de mira en las tres \u00faltimas etapas del Dakar"}]},{"@type":"WebSite","@id":"https:\/\/www.boxrepsol.com\/es\/#website","url":"https:\/\/www.boxrepsol.com\/es\/","name":"Box Repsol","description":"Box Repsol Site","publisher":{"@id":"https:\/\/www.boxrepsol.com\/es\/#organization"},"potentialAction":[{"@type":"SearchAction","target":{"@type":"EntryPoint","urlTemplate":"https:\/\/www.boxrepsol.com\/es\/?s={search_term_string}"},"query-input":{"@type":"PropertyValueSpecification","valueRequired":true,"valueName":"search_term_string"}}],"inLanguage":"es"},{"@type":"Organization","@id":"https:\/\/www.boxrepsol.com\/es\/#organization","name":"Box Repsol","url":"https:\/\/www.boxrepsol.com\/es\/","logo":{"@type":"ImageObject","inLanguage":"es","@id":"https:\/\/www.boxrepsol.com\/es\/#\/schema\/logo\/image\/","url":"https:\/\/bxrepsol.s3.eu-west-1.amazonaws.com\/static\/2025\/07\/30083337\/favicon-96x96-1.png","contentUrl":"https:\/\/bxrepsol.s3.eu-west-1.amazonaws.com\/static\/2025\/07\/30083337\/favicon-96x96-1.png","width":96,"height":96,"caption":"Box Repsol"},"image":{"@id":"https:\/\/www.boxrepsol.com\/es\/#\/schema\/logo\/image\/"},"sameAs":["https:\/\/www.facebook.com\/BoxRepsol","https:\/\/x.com\/box_repsol","http:\/\/instagram.com\/box_repsol","https:\/\/www.youtube.com\/user\/RepsolCompeticion","https:\/\/www.flickr.com\/photos\/box_repsol\/"]},{"@type":"Person","@id":"https:\/\/www.boxrepsol.com\/es\/#\/schema\/person\/c5c2138f2cca251b0ad92b7086bb60b7","name":"Redacci\u00f3n Box Repsol","image":{"@type":"ImageObject","inLanguage":"es","@id":"https:\/\/secure.gravatar.com\/avatar\/adf7b77e38b4419baf32c7e9c21dde01f4e40df611f0978e3006fc4ba0aaab7e?s=96&d=mm&r=g","url":"https:\/\/secure.gravatar.com\/avatar\/adf7b77e38b4419baf32c7e9c21dde01f4e40df611f0978e3006fc4ba0aaab7e?s=96&d=mm&r=g","contentUrl":"https:\/\/secure.gravatar.com\/avatar\/adf7b77e38b4419baf32c7e9c21dde01f4e40df611f0978e3006fc4ba0aaab7e?s=96&d=mm&r=g","caption":"Redacci\u00f3n Box Repsol"},"description":"Box Repsol lo forma un equipo de periodistas, community managers, dise\u00f1adores y fot\u00f3grafos con m\u00e1s de 20 a\u00f1os de experiencia en el mundo del motorsport. Hemos vivido el primer mundial de un espa\u00f1ol en la categor\u00eda reina de motociclismo con \u00c1lex Crivill\u00e9, estuvimos en las victorias de Pedrosa y los t\u00edtulos de M\u00e1rquez, acompa\u00f1amos en \u00c1frica a Nani Roma y Marc Coma en sus conquistas del Dakar y hemos vibrado con los t\u00edtulos de Toni Bou en Trial. Adem\u00e1s, en nuestro equipo contamos con expertos en el mundo de las dos y cuatro ruedas tanto de la calle y las carreteras, como de los circuitos. Periodistas que han trabajado en revistas y publicaciones para hacerte llegar desde rutas y consejos de mantenimiento, a curiosidades y trucos de pilotaje.","sameAs":["https:\/\/www.facebook.com\/BoxRepsol\/","https:\/\/www.instagram.com\/box_repsol\/","https:\/\/x.com\/https:\/\/twitter.com\/box_repsol","https:\/\/www.youtube.com\/@Boxrepsol"],"url":"https:\/\/www.boxrepsol.com\/es\/author\/redaccion-box-repsol\/"}]}},"_links":{"self":[{"href":"https:\/\/www.boxrepsol.com\/es\/wp-json\/wp\/v2\/posts\/95217","targetHints":{"allow":["GET"]}}],"collection":[{"href":"https:\/\/www.boxrepsol.com\/es\/wp-json\/wp\/v2\/posts"}],"about":[{"href":"https:\/\/www.boxrepsol.com\/es\/wp-json\/wp\/v2\/types\/post"}],"author":[{"embeddable":true,"href":"https:\/\/www.boxrepsol.com\/es\/wp-json\/wp\/v2\/users\/43146"}],"replies":[{"embeddable":true,"href":"https:\/\/www.boxrepsol.com\/es\/wp-json\/wp\/v2\/comments?post=95217"}],"version-history":[{"count":1,"href":"https:\/\/www.boxrepsol.com\/es\/wp-json\/wp\/v2\/posts\/95217\/revisions"}],"predecessor-version":[{"id":109258,"href":"https:\/\/www.boxrepsol.com\/es\/wp-json\/wp\/v2\/posts\/95217\/revisions\/109258"}],"wp:featuredmedia":[{"embeddable":true,"href":"https:\/\/www.boxrepsol.com\/es\/wp-json\/wp\/v2\/media\/44905"}],"wp:attachment":[{"href":"https:\/\/www.boxrepsol.com\/es\/wp-json\/wp\/v2\/media?parent=95217"}],"wp:term":[{"taxonomy":"category","embeddable":true,"href":"https:\/\/www.boxrepsol.com\/es\/wp-json\/wp\/v2\/categories?post=95217"},{"taxonomy":"post_tag","embeddable":true,"href":"https:\/\/www.boxrepsol.com\/es\/wp-json\/wp\/v2\/tags?post=95217"}],"curies":[{"name":"wp","href":"https:\/\/api.w.org\/{rel}","templated":true}]}}