{"id":95215,"date":"2022-01-10T00:00:00","date_gmt":"2022-01-10T02:00:00","guid":{"rendered":"http:\/\/pre.boxrepsol.com\/sin-categorizar\/isidre-esteve-encuentra-el-ritmo-y-escala-posiciones-en-la-general\/"},"modified":"2024-04-10T05:53:35","modified_gmt":"2024-04-10T07:53:35","slug":"isidre-esteve-encuentra-el-ritmo-y-escala-posiciones-en-la-general","status":"publish","type":"post","link":"https:\/\/www.boxrepsol.com\/es\/rally\/isidre-esteve-encuentra-el-ritmo-y-escala-posiciones-en-la-general\/","title":{"rendered":"Isidre Esteve encuentra el ritmo y escala posiciones en la general"},"content":{"rendered":"<p>Isidre Esteve y Txema Villalobos han disfrutado de una octava especial del Rally Dakar 2022 donde han sido capaces de gestionar brillantemente los retos de navegaci\u00f3n entre dunas para seguir metidos en la pelea por el top 20 de la general, despu\u00e9s de ganar dos posiciones y quedarse a las puertas del top 25 (26\u00ba). Los del Repsol Rally Team miran con optimismo las cuatro etapas que restan de esta 44\u00aa edici\u00f3n y conf\u00edan en poder demostrar su velocidad.<\/p>\n<p>La especial de Al Dawadimi a Wadi Ad Dawasir era una de las marcadas en rojo por la organizaci\u00f3n del Dakar, debido a sus grandes dunas en los primeros 200 kil\u00f3metros. El piloto de Oliana ha disfrutado desde el principio tras partir el 46\u00ba con el nuevo orden de salida modificado por la FIA y, junto a su copiloto, ha superado con creces las complicaciones de la jornada para acabar 34\u00ba del d\u00eda.<\/p>\n<p>\u00ab<em>Esta ha sido la especial m\u00e1s bonita, m\u00e1s completa y m\u00e1s dif\u00edcil que hemos hecho en este Dakar 2022, porque ten\u00edamos 400 km de especial y los 200 primeros eran realmente complejos entre dunas muy blandas. Hab\u00eda mucha diferencia cuando pasabas por un sitio por donde hab\u00eda pasado alguien, porque el coche se hund\u00eda por completo. Ha habido muchos lugares donde hemos tenido que buscar alternativas para pasar las dunas. Hemos tenido un buen ritmo y luego, en la neutralizaci\u00f3n, hemos visto que hab\u00eda un corte importante en la carrera. Me he divertido much\u00edsimo<\/em>\u00ab, asegura Esteve.<\/p>\n<p>\u00ab<em>Yo creo que vienen d\u00edas de carrera dif\u00edciles, porque hasta ahora las dunas estaban h\u00famedas, compactas y no ten\u00edan mucha dificultad. Hoy hemos visto que cuando hay dunas secas cuesta pasar si no eres de los primeros. Este a\u00f1o hay 45 pilotos que van muy r\u00e1pido, con coches competitivos. Ahora haces una buena etapa y acabas el 28\u00ba o el 35\u00ba y ves que a tu lado quedan pilotos que pueden ganar especiales. Quedan cuatro d\u00edas en los que pueden pasar muchas cosas y van a ser realmente interesantes<\/em>\u00ab.<\/p>\n<p>El piloto catal\u00e1n, respaldado por Repsol, MGS Seguros, KH-7 y Toyota Espa\u00f1a, ha querido agradecer a sus mec\u00e1nicos el esfuerzo realizado en los \u00faltimos d\u00edas para dar con la tecla necesaria a la hora de mejorar sus sensaciones en frenada con el sistema especial de aros en el volante dise\u00f1ado por Guidosimplex.<\/p>\n<p>\u00ab<em>Quisiera dar las gracias a los mec\u00e1nicos porque han trabajado mucho estos dos d\u00edas con los frenos del coche y hoy ha sido la primera vez que realmente han funcionado como dese\u00e1bamos que funcionasen. Ha sido clave a\u00f1adir una bomba de frenos m\u00e1s grande delante. Hoy el coche ha ido s\u00faper bien y estoy s\u00faper contento<\/em>\u00ab, a\u00f1ade.<\/p>\n<hr>\n<p><strong>Clasificaci\u00f3n etapa:<\/strong><\/p>\n<p>1. Ekstr\u00f6m \/ Bergkvist (Audi) 3h 43\u201921\u201d<\/p>\n<p>2. Peterhansel \/ Boulanger (Audi) +00\u201949\u201d<\/p>\n<p>3. Loeb \/ Lurquin (Prodrive) +03\u201908\u201d<\/p>\n<p>4. Sainz \/ Cruz (Audi) +03\u201911\u201d<\/p>\n<p>5. Lategan \/ Cummings (Toyota) +03\u201920\u201d<\/p>\n<p>&#8230;<\/p>\n<p><strong>34. Esteve \/ Villalobos (Toyota) +47&#8217;42\u00bb<\/strong><\/p>\n<hr>\n<p><strong>Clasificaci\u00f3n general:<\/strong><\/p>\n<p>1. Al-Attiyah \/ Baumel (Toyota) 27h 45\u201952\u201d<\/p>\n<p>2. Loeb \/ Lurquin (Prodrive) +37\u201958\u201d<\/p>\n<p>3. Al Rajhi \/ Orr (Toyota) +53\u201913\u201d<\/p>\n<p>4. Pryzongski \/ Gottschalk (MINI) +1h 28\u201906\u201d<\/p>\n<p>5. Terranova \/ Oliveras (Prodrive) +1h 31\u201939\u201d<\/p>\n<p>&#8230;<\/p>\n<p><strong>26. Esteve \/ Villalobos (Toyota) +5h 41\u201918&#8243;<\/strong><\/p>\n","protected":false},"excerpt":{"rendered":"<p>El piloto espa\u00f1ol disfrut\u00f3 de una especial puramente dakariana en la octava jornada, peleando entre las dunas con pilotos de gran nivel.<\/p>\n","protected":false},"author":43146,"featured_media":44899,"comment_status":"open","ping_status":"open","sticky":false,"template":"","format":"standard","meta":{"footnotes":""},"categories":[27],"tags":[120,201,29,183],"class_list":["post-95215","post","type-post","status-publish","format-standard","hentry","category-rally","tag-120","tag-dakar","tag-isidre-esteve","tag-repsol-rally-team"],"yoast_head":"<!-- This site is optimized with the Yoast SEO plugin v27.3 - https:\/\/yoast.com\/product\/yoast-seo-wordpress\/ -->\n<title>Isidre Esteve encuentra el ritmo y escala posiciones en la general - Box Repsol<\/title>\n<meta name=\"description\" content=\"Isidre Esteve recupera su ritmo y asciende posiciones en la clasificaci\u00f3n general, demostrando su habilidad y determinaci\u00f3n.\" \/>\n<link rel=\"canonical\" href=\"https:\/\/www.boxrepsol.com\/es\/rally\/isidre-esteve-encuentra-el-ritmo-y-escala-posiciones-en-la-general\/\" \/>\n<meta property=\"og:locale\" content=\"es_ES\" \/>\n<meta property=\"og:type\" content=\"article\" \/>\n<meta property=\"og:title\" content=\"Isidre Esteve encuentra el ritmo y escala posiciones en la general - Box Repsol\" \/>\n<meta property=\"og:description\" content=\"Isidre Esteve recupera su ritmo y asciende posiciones en la clasificaci\u00f3n general, demostrando su habilidad y determinaci\u00f3n.\" \/>\n<meta property=\"og:url\" content=\"https:\/\/www.boxrepsol.com\/es\/rally\/isidre-esteve-encuentra-el-ritmo-y-escala-posiciones-en-la-general\/\" \/>\n<meta property=\"og:site_name\" content=\"Box Repsol\" \/>\n<meta property=\"article:publisher\" content=\"https:\/\/www.facebook.com\/BoxRepsol\" \/>\n<meta property=\"article:author\" content=\"https:\/\/www.facebook.com\/BoxRepsol\/\" \/>\n<meta property=\"article:published_time\" content=\"2022-01-10T02:00:00+00:00\" \/>\n<meta property=\"article:modified_time\" content=\"2024-04-10T07:53:35+00:00\" \/>\n<meta property=\"og:image\" content=\"https:\/\/bxrepsol.s3.eu-west-1.amazonaws.com\/static\/2022\/08\/09142108\/Dakar22_E8_Isidre_Esteve_1-1-scaled.jpg\" \/>\n\t<meta property=\"og:image:width\" content=\"2560\" \/>\n\t<meta property=\"og:image:height\" content=\"1706\" \/>\n\t<meta property=\"og:image:type\" content=\"image\/jpeg\" \/>\n<meta name=\"author\" content=\"Redacci\u00f3n Box Repsol\" \/>\n<meta name=\"twitter:card\" content=\"summary_large_image\" \/>\n<meta name=\"twitter:creator\" content=\"@https:\/\/twitter.com\/box_repsol\" \/>\n<meta name=\"twitter:site\" content=\"@box_repsol\" \/>\n<meta name=\"twitter:label1\" content=\"Written by\" \/>\n\t<meta name=\"twitter:data1\" content=\"Redacci\u00f3n Box Repsol\" \/>\n\t<meta name=\"twitter:label2\" content=\"Est. reading time\" \/>\n\t<meta name=\"twitter:data2\" content=\"3 minutos\" \/>\n<script type=\"application\/ld+json\" class=\"yoast-schema-graph\">{\"@context\":\"https:\\\/\\\/schema.org\",\"@graph\":[{\"@type\":\"Article\",\"@id\":\"https:\\\/\\\/www.boxrepsol.com\\\/es\\\/rally\\\/isidre-esteve-encuentra-el-ritmo-y-escala-posiciones-en-la-general\\\/#article\",\"isPartOf\":{\"@id\":\"https:\\\/\\\/www.boxrepsol.com\\\/es\\\/rally\\\/isidre-esteve-encuentra-el-ritmo-y-escala-posiciones-en-la-general\\\/\"},\"author\":{\"name\":\"Redacci\u00f3n Box Repsol\",\"@id\":\"https:\\\/\\\/www.boxrepsol.com\\\/es\\\/#\\\/schema\\\/person\\\/c5c2138f2cca251b0ad92b7086bb60b7\"},\"headline\":\"Isidre Esteve encuentra el ritmo y escala posiciones en la general\",\"datePublished\":\"2022-01-10T02:00:00+00:00\",\"dateModified\":\"2024-04-10T07:53:35+00:00\",\"mainEntityOfPage\":{\"@id\":\"https:\\\/\\\/www.boxrepsol.com\\\/es\\\/rally\\\/isidre-esteve-encuentra-el-ritmo-y-escala-posiciones-en-la-general\\\/\"},\"wordCount\":530,\"commentCount\":0,\"publisher\":{\"@id\":\"https:\\\/\\\/www.boxrepsol.com\\\/es\\\/#organization\"},\"image\":{\"@id\":\"https:\\\/\\\/www.boxrepsol.com\\\/es\\\/rally\\\/isidre-esteve-encuentra-el-ritmo-y-escala-posiciones-en-la-general\\\/#primaryimage\"},\"thumbnailUrl\":\"https:\\\/\\\/bxrepsol.s3.eu-west-1.amazonaws.com\\\/static\\\/2022\\\/08\\\/09142108\\\/Dakar22_E8_Isidre_Esteve_1-1-scaled.jpg\",\"keywords\":[\"2022\",\"Dakar\",\"Isidre Esteve\",\"Repsol Rally Team\"],\"articleSection\":[\"Rally\"],\"inLanguage\":\"es\",\"potentialAction\":[{\"@type\":\"CommentAction\",\"name\":\"Comment\",\"target\":[\"https:\\\/\\\/www.boxrepsol.com\\\/es\\\/rally\\\/isidre-esteve-encuentra-el-ritmo-y-escala-posiciones-en-la-general\\\/#respond\"]}]},{\"@type\":\"WebPage\",\"@id\":\"https:\\\/\\\/www.boxrepsol.com\\\/es\\\/rally\\\/isidre-esteve-encuentra-el-ritmo-y-escala-posiciones-en-la-general\\\/\",\"url\":\"https:\\\/\\\/www.boxrepsol.com\\\/es\\\/rally\\\/isidre-esteve-encuentra-el-ritmo-y-escala-posiciones-en-la-general\\\/\",\"name\":\"Isidre Esteve encuentra el ritmo y escala posiciones en la general - Box Repsol\",\"isPartOf\":{\"@id\":\"https:\\\/\\\/www.boxrepsol.com\\\/es\\\/#website\"},\"primaryImageOfPage\":{\"@id\":\"https:\\\/\\\/www.boxrepsol.com\\\/es\\\/rally\\\/isidre-esteve-encuentra-el-ritmo-y-escala-posiciones-en-la-general\\\/#primaryimage\"},\"image\":{\"@id\":\"https:\\\/\\\/www.boxrepsol.com\\\/es\\\/rally\\\/isidre-esteve-encuentra-el-ritmo-y-escala-posiciones-en-la-general\\\/#primaryimage\"},\"thumbnailUrl\":\"https:\\\/\\\/bxrepsol.s3.eu-west-1.amazonaws.com\\\/static\\\/2022\\\/08\\\/09142108\\\/Dakar22_E8_Isidre_Esteve_1-1-scaled.jpg\",\"datePublished\":\"2022-01-10T02:00:00+00:00\",\"dateModified\":\"2024-04-10T07:53:35+00:00\",\"description\":\"Isidre Esteve recupera su ritmo y asciende posiciones en la clasificaci\u00f3n general, demostrando su habilidad y determinaci\u00f3n.\",\"breadcrumb\":{\"@id\":\"https:\\\/\\\/www.boxrepsol.com\\\/es\\\/rally\\\/isidre-esteve-encuentra-el-ritmo-y-escala-posiciones-en-la-general\\\/#breadcrumb\"},\"inLanguage\":\"es\",\"potentialAction\":[{\"@type\":\"ReadAction\",\"target\":[\"https:\\\/\\\/www.boxrepsol.com\\\/es\\\/rally\\\/isidre-esteve-encuentra-el-ritmo-y-escala-posiciones-en-la-general\\\/\"]}]},{\"@type\":\"ImageObject\",\"inLanguage\":\"es\",\"@id\":\"https:\\\/\\\/www.boxrepsol.com\\\/es\\\/rally\\\/isidre-esteve-encuentra-el-ritmo-y-escala-posiciones-en-la-general\\\/#primaryimage\",\"url\":\"https:\\\/\\\/bxrepsol.s3.eu-west-1.amazonaws.com\\\/static\\\/2022\\\/08\\\/09142108\\\/Dakar22_E8_Isidre_Esteve_1-1-scaled.jpg\",\"contentUrl\":\"https:\\\/\\\/bxrepsol.s3.eu-west-1.amazonaws.com\\\/static\\\/2022\\\/08\\\/09142108\\\/Dakar22_E8_Isidre_Esteve_1-1-scaled.jpg\",\"width\":2560,\"height\":1706},{\"@type\":\"BreadcrumbList\",\"@id\":\"https:\\\/\\\/www.boxrepsol.com\\\/es\\\/rally\\\/isidre-esteve-encuentra-el-ritmo-y-escala-posiciones-en-la-general\\\/#breadcrumb\",\"itemListElement\":[{\"@type\":\"ListItem\",\"position\":1,\"name\":\"Home\",\"item\":\"https:\\\/\\\/www.boxrepsol.com\\\/es\\\/\"},{\"@type\":\"ListItem\",\"position\":2,\"name\":\"Isidre Esteve encuentra el ritmo y escala posiciones en la general\"}]},{\"@type\":\"WebSite\",\"@id\":\"https:\\\/\\\/www.boxrepsol.com\\\/es\\\/#website\",\"url\":\"https:\\\/\\\/www.boxrepsol.com\\\/es\\\/\",\"name\":\"Box Repsol\",\"description\":\"Box Repsol Site\",\"publisher\":{\"@id\":\"https:\\\/\\\/www.boxrepsol.com\\\/es\\\/#organization\"},\"potentialAction\":[{\"@type\":\"SearchAction\",\"target\":{\"@type\":\"EntryPoint\",\"urlTemplate\":\"https:\\\/\\\/www.boxrepsol.com\\\/es\\\/?s={search_term_string}\"},\"query-input\":{\"@type\":\"PropertyValueSpecification\",\"valueRequired\":true,\"valueName\":\"search_term_string\"}}],\"inLanguage\":\"es\"},{\"@type\":\"Organization\",\"@id\":\"https:\\\/\\\/www.boxrepsol.com\\\/es\\\/#organization\",\"name\":\"Box Repsol\",\"url\":\"https:\\\/\\\/www.boxrepsol.com\\\/es\\\/\",\"logo\":{\"@type\":\"ImageObject\",\"inLanguage\":\"es\",\"@id\":\"https:\\\/\\\/www.boxrepsol.com\\\/es\\\/#\\\/schema\\\/logo\\\/image\\\/\",\"url\":\"https:\\\/\\\/bxrepsol.s3.eu-west-1.amazonaws.com\\\/static\\\/2025\\\/07\\\/30083337\\\/favicon-96x96-1.png\",\"contentUrl\":\"https:\\\/\\\/bxrepsol.s3.eu-west-1.amazonaws.com\\\/static\\\/2025\\\/07\\\/30083337\\\/favicon-96x96-1.png\",\"width\":96,\"height\":96,\"caption\":\"Box Repsol\"},\"image\":{\"@id\":\"https:\\\/\\\/www.boxrepsol.com\\\/es\\\/#\\\/schema\\\/logo\\\/image\\\/\"},\"sameAs\":[\"https:\\\/\\\/www.facebook.com\\\/BoxRepsol\",\"https:\\\/\\\/x.com\\\/box_repsol\",\"http:\\\/\\\/instagram.com\\\/box_repsol\",\"https:\\\/\\\/www.youtube.com\\\/user\\\/RepsolCompeticion\",\"https:\\\/\\\/www.flickr.com\\\/photos\\\/box_repsol\\\/\"]},{\"@type\":\"Person\",\"@id\":\"https:\\\/\\\/www.boxrepsol.com\\\/es\\\/#\\\/schema\\\/person\\\/c5c2138f2cca251b0ad92b7086bb60b7\",\"name\":\"Redacci\u00f3n Box Repsol\",\"image\":{\"@type\":\"ImageObject\",\"inLanguage\":\"es\",\"@id\":\"https:\\\/\\\/secure.gravatar.com\\\/avatar\\\/adf7b77e38b4419baf32c7e9c21dde01f4e40df611f0978e3006fc4ba0aaab7e?s=96&d=mm&r=g\",\"url\":\"https:\\\/\\\/secure.gravatar.com\\\/avatar\\\/adf7b77e38b4419baf32c7e9c21dde01f4e40df611f0978e3006fc4ba0aaab7e?s=96&d=mm&r=g\",\"contentUrl\":\"https:\\\/\\\/secure.gravatar.com\\\/avatar\\\/adf7b77e38b4419baf32c7e9c21dde01f4e40df611f0978e3006fc4ba0aaab7e?s=96&d=mm&r=g\",\"caption\":\"Redacci\u00f3n Box Repsol\"},\"description\":\"Box Repsol lo forma un equipo de periodistas, community managers, dise\u00f1adores y fot\u00f3grafos con m\u00e1s de 20 a\u00f1os de experiencia en el mundo del motorsport. Hemos vivido el primer mundial de un espa\u00f1ol en la categor\u00eda reina de motociclismo con \u00c1lex Crivill\u00e9, estuvimos en las victorias de Pedrosa y los t\u00edtulos de M\u00e1rquez, acompa\u00f1amos en \u00c1frica a Nani Roma y Marc Coma en sus conquistas del Dakar y hemos vibrado con los t\u00edtulos de Toni Bou en Trial. Adem\u00e1s, en nuestro equipo contamos con expertos en el mundo de las dos y cuatro ruedas tanto de la calle y las carreteras, como de los circuitos. Periodistas que han trabajado en revistas y publicaciones para hacerte llegar desde rutas y consejos de mantenimiento, a curiosidades y trucos de pilotaje.\",\"sameAs\":[\"https:\\\/\\\/www.facebook.com\\\/BoxRepsol\\\/\",\"https:\\\/\\\/www.instagram.com\\\/box_repsol\\\/\",\"https:\\\/\\\/x.com\\\/https:\\\/\\\/twitter.com\\\/box_repsol\",\"https:\\\/\\\/www.youtube.com\\\/@Boxrepsol\"],\"url\":\"https:\\\/\\\/www.boxrepsol.com\\\/es\\\/author\\\/redaccion-box-repsol\\\/\"}]}<\/script>\n<!-- \/ Yoast SEO plugin. -->","yoast_head_json":{"title":"Isidre Esteve encuentra el ritmo y escala posiciones en la general - Box Repsol","description":"Isidre Esteve recupera su ritmo y asciende posiciones en la clasificaci\u00f3n general, demostrando su habilidad y determinaci\u00f3n.","canonical":"https:\/\/www.boxrepsol.com\/es\/rally\/isidre-esteve-encuentra-el-ritmo-y-escala-posiciones-en-la-general\/","og_locale":"es_ES","og_type":"article","og_title":"Isidre Esteve encuentra el ritmo y escala posiciones en la general - Box Repsol","og_description":"Isidre Esteve recupera su ritmo y asciende posiciones en la clasificaci\u00f3n general, demostrando su habilidad y determinaci\u00f3n.","og_url":"https:\/\/www.boxrepsol.com\/es\/rally\/isidre-esteve-encuentra-el-ritmo-y-escala-posiciones-en-la-general\/","og_site_name":"Box Repsol","article_publisher":"https:\/\/www.facebook.com\/BoxRepsol","article_author":"https:\/\/www.facebook.com\/BoxRepsol\/","article_published_time":"2022-01-10T02:00:00+00:00","article_modified_time":"2024-04-10T07:53:35+00:00","og_image":[{"width":2560,"height":1706,"url":"https:\/\/bxrepsol.s3.eu-west-1.amazonaws.com\/static\/2022\/08\/09142108\/Dakar22_E8_Isidre_Esteve_1-1-scaled.jpg","type":"image\/jpeg"}],"author":"Redacci\u00f3n Box Repsol","twitter_card":"summary_large_image","twitter_creator":"@https:\/\/twitter.com\/box_repsol","twitter_site":"@box_repsol","twitter_misc":{"Written by":"Redacci\u00f3n Box Repsol","Est. reading time":"3 minutos"},"schema":{"@context":"https:\/\/schema.org","@graph":[{"@type":"Article","@id":"https:\/\/www.boxrepsol.com\/es\/rally\/isidre-esteve-encuentra-el-ritmo-y-escala-posiciones-en-la-general\/#article","isPartOf":{"@id":"https:\/\/www.boxrepsol.com\/es\/rally\/isidre-esteve-encuentra-el-ritmo-y-escala-posiciones-en-la-general\/"},"author":{"name":"Redacci\u00f3n Box Repsol","@id":"https:\/\/www.boxrepsol.com\/es\/#\/schema\/person\/c5c2138f2cca251b0ad92b7086bb60b7"},"headline":"Isidre Esteve encuentra el ritmo y escala posiciones en la general","datePublished":"2022-01-10T02:00:00+00:00","dateModified":"2024-04-10T07:53:35+00:00","mainEntityOfPage":{"@id":"https:\/\/www.boxrepsol.com\/es\/rally\/isidre-esteve-encuentra-el-ritmo-y-escala-posiciones-en-la-general\/"},"wordCount":530,"commentCount":0,"publisher":{"@id":"https:\/\/www.boxrepsol.com\/es\/#organization"},"image":{"@id":"https:\/\/www.boxrepsol.com\/es\/rally\/isidre-esteve-encuentra-el-ritmo-y-escala-posiciones-en-la-general\/#primaryimage"},"thumbnailUrl":"https:\/\/bxrepsol.s3.eu-west-1.amazonaws.com\/static\/2022\/08\/09142108\/Dakar22_E8_Isidre_Esteve_1-1-scaled.jpg","keywords":["2022","Dakar","Isidre Esteve","Repsol Rally Team"],"articleSection":["Rally"],"inLanguage":"es","potentialAction":[{"@type":"CommentAction","name":"Comment","target":["https:\/\/www.boxrepsol.com\/es\/rally\/isidre-esteve-encuentra-el-ritmo-y-escala-posiciones-en-la-general\/#respond"]}]},{"@type":"WebPage","@id":"https:\/\/www.boxrepsol.com\/es\/rally\/isidre-esteve-encuentra-el-ritmo-y-escala-posiciones-en-la-general\/","url":"https:\/\/www.boxrepsol.com\/es\/rally\/isidre-esteve-encuentra-el-ritmo-y-escala-posiciones-en-la-general\/","name":"Isidre Esteve encuentra el ritmo y escala posiciones en la general - Box Repsol","isPartOf":{"@id":"https:\/\/www.boxrepsol.com\/es\/#website"},"primaryImageOfPage":{"@id":"https:\/\/www.boxrepsol.com\/es\/rally\/isidre-esteve-encuentra-el-ritmo-y-escala-posiciones-en-la-general\/#primaryimage"},"image":{"@id":"https:\/\/www.boxrepsol.com\/es\/rally\/isidre-esteve-encuentra-el-ritmo-y-escala-posiciones-en-la-general\/#primaryimage"},"thumbnailUrl":"https:\/\/bxrepsol.s3.eu-west-1.amazonaws.com\/static\/2022\/08\/09142108\/Dakar22_E8_Isidre_Esteve_1-1-scaled.jpg","datePublished":"2022-01-10T02:00:00+00:00","dateModified":"2024-04-10T07:53:35+00:00","description":"Isidre Esteve recupera su ritmo y asciende posiciones en la clasificaci\u00f3n general, demostrando su habilidad y determinaci\u00f3n.","breadcrumb":{"@id":"https:\/\/www.boxrepsol.com\/es\/rally\/isidre-esteve-encuentra-el-ritmo-y-escala-posiciones-en-la-general\/#breadcrumb"},"inLanguage":"es","potentialAction":[{"@type":"ReadAction","target":["https:\/\/www.boxrepsol.com\/es\/rally\/isidre-esteve-encuentra-el-ritmo-y-escala-posiciones-en-la-general\/"]}]},{"@type":"ImageObject","inLanguage":"es","@id":"https:\/\/www.boxrepsol.com\/es\/rally\/isidre-esteve-encuentra-el-ritmo-y-escala-posiciones-en-la-general\/#primaryimage","url":"https:\/\/bxrepsol.s3.eu-west-1.amazonaws.com\/static\/2022\/08\/09142108\/Dakar22_E8_Isidre_Esteve_1-1-scaled.jpg","contentUrl":"https:\/\/bxrepsol.s3.eu-west-1.amazonaws.com\/static\/2022\/08\/09142108\/Dakar22_E8_Isidre_Esteve_1-1-scaled.jpg","width":2560,"height":1706},{"@type":"BreadcrumbList","@id":"https:\/\/www.boxrepsol.com\/es\/rally\/isidre-esteve-encuentra-el-ritmo-y-escala-posiciones-en-la-general\/#breadcrumb","itemListElement":[{"@type":"ListItem","position":1,"name":"Home","item":"https:\/\/www.boxrepsol.com\/es\/"},{"@type":"ListItem","position":2,"name":"Isidre Esteve encuentra el ritmo y escala posiciones en la general"}]},{"@type":"WebSite","@id":"https:\/\/www.boxrepsol.com\/es\/#website","url":"https:\/\/www.boxrepsol.com\/es\/","name":"Box Repsol","description":"Box Repsol Site","publisher":{"@id":"https:\/\/www.boxrepsol.com\/es\/#organization"},"potentialAction":[{"@type":"SearchAction","target":{"@type":"EntryPoint","urlTemplate":"https:\/\/www.boxrepsol.com\/es\/?s={search_term_string}"},"query-input":{"@type":"PropertyValueSpecification","valueRequired":true,"valueName":"search_term_string"}}],"inLanguage":"es"},{"@type":"Organization","@id":"https:\/\/www.boxrepsol.com\/es\/#organization","name":"Box Repsol","url":"https:\/\/www.boxrepsol.com\/es\/","logo":{"@type":"ImageObject","inLanguage":"es","@id":"https:\/\/www.boxrepsol.com\/es\/#\/schema\/logo\/image\/","url":"https:\/\/bxrepsol.s3.eu-west-1.amazonaws.com\/static\/2025\/07\/30083337\/favicon-96x96-1.png","contentUrl":"https:\/\/bxrepsol.s3.eu-west-1.amazonaws.com\/static\/2025\/07\/30083337\/favicon-96x96-1.png","width":96,"height":96,"caption":"Box Repsol"},"image":{"@id":"https:\/\/www.boxrepsol.com\/es\/#\/schema\/logo\/image\/"},"sameAs":["https:\/\/www.facebook.com\/BoxRepsol","https:\/\/x.com\/box_repsol","http:\/\/instagram.com\/box_repsol","https:\/\/www.youtube.com\/user\/RepsolCompeticion","https:\/\/www.flickr.com\/photos\/box_repsol\/"]},{"@type":"Person","@id":"https:\/\/www.boxrepsol.com\/es\/#\/schema\/person\/c5c2138f2cca251b0ad92b7086bb60b7","name":"Redacci\u00f3n Box Repsol","image":{"@type":"ImageObject","inLanguage":"es","@id":"https:\/\/secure.gravatar.com\/avatar\/adf7b77e38b4419baf32c7e9c21dde01f4e40df611f0978e3006fc4ba0aaab7e?s=96&d=mm&r=g","url":"https:\/\/secure.gravatar.com\/avatar\/adf7b77e38b4419baf32c7e9c21dde01f4e40df611f0978e3006fc4ba0aaab7e?s=96&d=mm&r=g","contentUrl":"https:\/\/secure.gravatar.com\/avatar\/adf7b77e38b4419baf32c7e9c21dde01f4e40df611f0978e3006fc4ba0aaab7e?s=96&d=mm&r=g","caption":"Redacci\u00f3n Box Repsol"},"description":"Box Repsol lo forma un equipo de periodistas, community managers, dise\u00f1adores y fot\u00f3grafos con m\u00e1s de 20 a\u00f1os de experiencia en el mundo del motorsport. Hemos vivido el primer mundial de un espa\u00f1ol en la categor\u00eda reina de motociclismo con \u00c1lex Crivill\u00e9, estuvimos en las victorias de Pedrosa y los t\u00edtulos de M\u00e1rquez, acompa\u00f1amos en \u00c1frica a Nani Roma y Marc Coma en sus conquistas del Dakar y hemos vibrado con los t\u00edtulos de Toni Bou en Trial. Adem\u00e1s, en nuestro equipo contamos con expertos en el mundo de las dos y cuatro ruedas tanto de la calle y las carreteras, como de los circuitos. Periodistas que han trabajado en revistas y publicaciones para hacerte llegar desde rutas y consejos de mantenimiento, a curiosidades y trucos de pilotaje.","sameAs":["https:\/\/www.facebook.com\/BoxRepsol\/","https:\/\/www.instagram.com\/box_repsol\/","https:\/\/x.com\/https:\/\/twitter.com\/box_repsol","https:\/\/www.youtube.com\/@Boxrepsol"],"url":"https:\/\/www.boxrepsol.com\/es\/author\/redaccion-box-repsol\/"}]}},"_links":{"self":[{"href":"https:\/\/www.boxrepsol.com\/es\/wp-json\/wp\/v2\/posts\/95215","targetHints":{"allow":["GET"]}}],"collection":[{"href":"https:\/\/www.boxrepsol.com\/es\/wp-json\/wp\/v2\/posts"}],"about":[{"href":"https:\/\/www.boxrepsol.com\/es\/wp-json\/wp\/v2\/types\/post"}],"author":[{"embeddable":true,"href":"https:\/\/www.boxrepsol.com\/es\/wp-json\/wp\/v2\/users\/43146"}],"replies":[{"embeddable":true,"href":"https:\/\/www.boxrepsol.com\/es\/wp-json\/wp\/v2\/comments?post=95215"}],"version-history":[{"count":1,"href":"https:\/\/www.boxrepsol.com\/es\/wp-json\/wp\/v2\/posts\/95215\/revisions"}],"predecessor-version":[{"id":109287,"href":"https:\/\/www.boxrepsol.com\/es\/wp-json\/wp\/v2\/posts\/95215\/revisions\/109287"}],"wp:featuredmedia":[{"embeddable":true,"href":"https:\/\/www.boxrepsol.com\/es\/wp-json\/wp\/v2\/media\/44899"}],"wp:attachment":[{"href":"https:\/\/www.boxrepsol.com\/es\/wp-json\/wp\/v2\/media?parent=95215"}],"wp:term":[{"taxonomy":"category","embeddable":true,"href":"https:\/\/www.boxrepsol.com\/es\/wp-json\/wp\/v2\/categories?post=95215"},{"taxonomy":"post_tag","embeddable":true,"href":"https:\/\/www.boxrepsol.com\/es\/wp-json\/wp\/v2\/tags?post=95215"}],"curies":[{"name":"wp","href":"https:\/\/api.w.org\/{rel}","templated":true}]}}