{"id":95213,"date":"2022-01-08T00:00:00","date_gmt":"2022-01-08T02:00:00","guid":{"rendered":"http:\/\/pre.boxrepsol.com\/sin-categorizar\/isidre-esteve-llega-a-la-jornada-de-descanso-al-borde-del-top-25\/"},"modified":"2024-04-10T05:55:06","modified_gmt":"2024-04-10T07:55:06","slug":"isidre-esteve-llega-a-la-jornada-de-descanso-al-borde-del-top-25","status":"publish","type":"post","link":"https:\/\/www.boxrepsol.com\/es\/rally\/isidre-esteve-llega-a-la-jornada-de-descanso-al-borde-del-top-25\/","title":{"rendered":"Isidre Esteve llega a la jornada de descanso al borde del top 25"},"content":{"rendered":"<p>En la sexta etapa del Dakar 2022, el Repsol Rally Team ha tenido que sufrir con el polvo en suspensi\u00f3n de varios camiones que sal\u00edan delante de ellos, arriesgando para adelantarles.<\/p>\n<p><em>\u00abLlegamos a la etapa de descanso con una sensaci\u00f3n agridulce. Cada decisi\u00f3n de la FIA ha sido peor para nosotros, pero estamos en una carrera impresionante y con ganas de la segunda semana\u201d.<\/em><\/p>\n<p>El Repsol Rally Team ha logrado superar los peligros de la etapa 6 del Rally Dakar 2022 para llegar a la mitad de la carrera a un paso del top 25 en la general. A pesar de volver a verse relegados por detr\u00e1s del 90\u00ba puesto de salida y tener que adelantar a varios veh\u00edculos mucho m\u00e1s lentos que ellos, han logrado evitar cualquier tipo de incidente y llegar de una pieza al vivac de Riad.<\/p>\n<p>Isidre Esteve y Txema Villalobos han tenido que tirar de paciencia para alcanzar la meta en la 39\u00aa posici\u00f3n de coches y mantenerse en 27\u00aa plaza, cerca del top 25. Los espa\u00f1oles han sufrido detr\u00e1s del polvo de varios camiones, tomando riesgos para adelantar a veh\u00edculos m\u00e1s anchos que no suelen apartarse del camino y teniendo que llegar a pararse en ocasiones en la pista para tener m\u00e1s visibilidad.<\/p>\n<p><em>\u00abLa verdad es que ha sido una etapa bastante r\u00e1pida. Me he divertido conduciendo y no hemos tenido ning\u00fan problema con el coche. Pero en el kil\u00f3metro 60 ya ten\u00edamos que adelantar a tres buggies y dos camiones, y en algunos momentos casi ten\u00eda que parar en la pista de la cantidad de polvo que hab\u00eda. En una zona r\u00e1pida he podido adelantarles. Hemos llegado al km 160, a la neutralizaci\u00f3n y ten\u00edamos pista libre delante. He empezado a coger a Miroslav Zapletal, que sal\u00eda delante de m\u00ed, he bajado el ritmo, y por detr\u00e1s han llegado dos camiones. Se ha desatado el caos en el polvo y hemos tenido que parar dos o tres veces. Sab\u00edamos que salir desde detr\u00e1s ser\u00eda un problema grave el d\u00eda que hubiese polvo y as\u00ed ha sido\u201d, <\/em>describe el de Oliana su sexta etapa del rally.<\/p>\n<p><em>\u00ab<\/em><em>Llegamos a la etapa de descanso del Dakar 2022 y toca hacer un poco de balance de lo que ha sido esta primera semana. Nos queda una sensaci\u00f3n como agridulce. Empezamos el Dakar s\u00faper contentos, con una muy buena etapa al inicio, cogimos todos los Way Points (puntos de paso) en una especial de navegaci\u00f3n muy complicada. Luego, temas deportivos de la FIA hicieron que sali\u00e9semos el 70\u00ba al d\u00eda siguiente y no entendimos nada. Cada decisi\u00f3n que ha tomado la FIA ha sido peor para nosotros, llevamos casi cuatro d\u00edas saliendo el 100\u00ba, peleando con el polvo y las roderas\u201d, <\/em>resume Esteve sus primeros siete d\u00edas de carrera.<\/p>\n<p><em>\u00abPero hay que ser positivo porque estamos aqu\u00ed porque nos gusta. Esta es una carrera impresionante y queda una segunda semana en la que espero que la FIA abra los ojos. Cuando dice que este orden de salida es por seguridad, deben darse cuenta de que es todo lo contrario o, si no, algo se les ha olvidado de lo que significa el concepto seguridad. Estoy con muchas ganas para esta segunda semana porque creo que podemos alcanzar el objetivo de entrar en los 20 primeros, si puede ser m\u00e1s cerca del 15 que del 20, mejor. Vamos a intentarlo\u201d.<\/em><\/p>\n<p>&nbsp;<\/p>\n<hr>\n<p><strong>&nbsp;<\/strong><\/p>\n<p><strong>Clasificaci\u00f3n etapa:<\/strong><\/p>\n<p>1. Terranova \/ Oliveras (Prodrive) 3h 06\u201945\u201d<\/p>\n<p>2. Ekstrom \/ Bergkvist (Audi) +01\u201906\u201d<\/p>\n<p>3. Al Rajhi \/ Orr (Toyota) +01\u201949\u201d<\/p>\n<p>4. Baragwanath \/ Cremer (Century) +03\u201906\u201d<\/p>\n<p>5. Roma \/ Haro (Prodrive) +03\u201934\u201d<\/p>\n<p>\u2026<\/p>\n<p><strong>39. Esteve \/ Villalobos (Toyota) +27\u201959\u201d<\/strong><\/p>\n<hr>\n<p><strong>Clasificaci\u00f3n general:<\/strong><\/p>\n<p>1. Al-Attiyah \/ Baumel (Toyota) 20h 37\u201924\u201d<\/p>\n<p>2. Al Rajhi \/ Orr (Toyota) +48\u201954\u201d<\/p>\n<p>3. Loeb \/ Lurquin (Prodrive) +50\u201925\u201d<\/p>\n<p>4. De Villiers \/ Murphy (Toyota) +51\u201956\u201d<\/p>\n<p>5. \u00c1lvarez \/ Monle\u00f3n (Toyota) +1h 06\u201958\u201d<\/p>\n<p>\u2026<\/p>\n<p><strong>27. Esteve \/ Villalobos (Toyota) +4h 18\u201952\u201d<\/strong><\/p>\n","protected":false},"excerpt":{"rendered":"<p>A pesar de verse perjudicado en las \u00faltimas etapas por el orden de salida, el piloto de Oliana ha logrado superar las dificultades para llegar 27\u00ba de la general a mitad de carrera.<\/p>\n","protected":false},"author":43146,"featured_media":44893,"comment_status":"open","ping_status":"open","sticky":false,"template":"","format":"standard","meta":{"footnotes":""},"categories":[27],"tags":[120,201,29],"class_list":["post-95213","post","type-post","status-publish","format-standard","hentry","category-rally","tag-120","tag-dakar","tag-isidre-esteve"],"yoast_head":"<!-- This site is optimized with the Yoast SEO plugin v27.3 - https:\/\/yoast.com\/product\/yoast-seo-wordpress\/ -->\n<title>Isidre Esteve llega a la jornada de descanso al borde del top 25 - Box Repsol<\/title>\n<meta name=\"description\" content=\"Descubre c\u00f3mo Isidre Esteve se enfrenta a nuevos desaf\u00edos en el mundo del rally, llegando a la jornada de descanso al borde del top 25.\" \/>\n<link rel=\"canonical\" href=\"https:\/\/www.boxrepsol.com\/es\/rally\/isidre-esteve-llega-a-la-jornada-de-descanso-al-borde-del-top-25\/\" \/>\n<meta property=\"og:locale\" content=\"es_ES\" \/>\n<meta property=\"og:type\" content=\"article\" \/>\n<meta property=\"og:title\" content=\"Isidre Esteve llega a la jornada de descanso al borde del top 25 - Box Repsol\" \/>\n<meta property=\"og:description\" content=\"Descubre c\u00f3mo Isidre Esteve se enfrenta a nuevos desaf\u00edos en el mundo del rally, llegando a la jornada de descanso al borde del top 25.\" \/>\n<meta property=\"og:url\" content=\"https:\/\/www.boxrepsol.com\/es\/rally\/isidre-esteve-llega-a-la-jornada-de-descanso-al-borde-del-top-25\/\" \/>\n<meta property=\"og:site_name\" content=\"Box Repsol\" \/>\n<meta property=\"article:publisher\" content=\"https:\/\/www.facebook.com\/BoxRepsol\" \/>\n<meta property=\"article:author\" content=\"https:\/\/www.facebook.com\/BoxRepsol\/\" \/>\n<meta property=\"article:published_time\" content=\"2022-01-08T02:00:00+00:00\" \/>\n<meta property=\"article:modified_time\" content=\"2024-04-10T07:55:06+00:00\" \/>\n<meta property=\"og:image\" content=\"https:\/\/bxrepsol.s3.eu-west-1.amazonaws.com\/static\/2022\/08\/09142059\/Dakar22_E6_Isidre_Esteve_1-1.jpg\" \/>\n\t<meta property=\"og:image:width\" content=\"1920\" \/>\n\t<meta property=\"og:image:height\" content=\"1280\" \/>\n\t<meta property=\"og:image:type\" content=\"image\/jpeg\" \/>\n<meta name=\"author\" content=\"Redacci\u00f3n Box Repsol\" \/>\n<meta name=\"twitter:card\" content=\"summary_large_image\" \/>\n<meta name=\"twitter:creator\" content=\"@https:\/\/twitter.com\/box_repsol\" \/>\n<meta name=\"twitter:site\" content=\"@box_repsol\" \/>\n<meta name=\"twitter:label1\" content=\"Written by\" \/>\n\t<meta name=\"twitter:data1\" content=\"Redacci\u00f3n Box Repsol\" \/>\n\t<meta name=\"twitter:label2\" content=\"Est. reading time\" \/>\n\t<meta name=\"twitter:data2\" content=\"3 minutos\" \/>\n<script type=\"application\/ld+json\" class=\"yoast-schema-graph\">{\"@context\":\"https:\\\/\\\/schema.org\",\"@graph\":[{\"@type\":\"Article\",\"@id\":\"https:\\\/\\\/www.boxrepsol.com\\\/es\\\/rally\\\/isidre-esteve-llega-a-la-jornada-de-descanso-al-borde-del-top-25\\\/#article\",\"isPartOf\":{\"@id\":\"https:\\\/\\\/www.boxrepsol.com\\\/es\\\/rally\\\/isidre-esteve-llega-a-la-jornada-de-descanso-al-borde-del-top-25\\\/\"},\"author\":{\"name\":\"Redacci\u00f3n Box Repsol\",\"@id\":\"https:\\\/\\\/www.boxrepsol.com\\\/es\\\/#\\\/schema\\\/person\\\/c5c2138f2cca251b0ad92b7086bb60b7\"},\"headline\":\"Isidre Esteve llega a la jornada de descanso al borde del top 25\",\"datePublished\":\"2022-01-08T02:00:00+00:00\",\"dateModified\":\"2024-04-10T07:55:06+00:00\",\"mainEntityOfPage\":{\"@id\":\"https:\\\/\\\/www.boxrepsol.com\\\/es\\\/rally\\\/isidre-esteve-llega-a-la-jornada-de-descanso-al-borde-del-top-25\\\/\"},\"wordCount\":646,\"commentCount\":0,\"publisher\":{\"@id\":\"https:\\\/\\\/www.boxrepsol.com\\\/es\\\/#organization\"},\"image\":{\"@id\":\"https:\\\/\\\/www.boxrepsol.com\\\/es\\\/rally\\\/isidre-esteve-llega-a-la-jornada-de-descanso-al-borde-del-top-25\\\/#primaryimage\"},\"thumbnailUrl\":\"https:\\\/\\\/bxrepsol.s3.eu-west-1.amazonaws.com\\\/static\\\/2022\\\/08\\\/09142059\\\/Dakar22_E6_Isidre_Esteve_1-1.jpg\",\"keywords\":[\"2022\",\"Dakar\",\"Isidre Esteve\"],\"articleSection\":[\"Rally\"],\"inLanguage\":\"es\",\"potentialAction\":[{\"@type\":\"CommentAction\",\"name\":\"Comment\",\"target\":[\"https:\\\/\\\/www.boxrepsol.com\\\/es\\\/rally\\\/isidre-esteve-llega-a-la-jornada-de-descanso-al-borde-del-top-25\\\/#respond\"]}]},{\"@type\":\"WebPage\",\"@id\":\"https:\\\/\\\/www.boxrepsol.com\\\/es\\\/rally\\\/isidre-esteve-llega-a-la-jornada-de-descanso-al-borde-del-top-25\\\/\",\"url\":\"https:\\\/\\\/www.boxrepsol.com\\\/es\\\/rally\\\/isidre-esteve-llega-a-la-jornada-de-descanso-al-borde-del-top-25\\\/\",\"name\":\"Isidre Esteve llega a la jornada de descanso al borde del top 25 - Box Repsol\",\"isPartOf\":{\"@id\":\"https:\\\/\\\/www.boxrepsol.com\\\/es\\\/#website\"},\"primaryImageOfPage\":{\"@id\":\"https:\\\/\\\/www.boxrepsol.com\\\/es\\\/rally\\\/isidre-esteve-llega-a-la-jornada-de-descanso-al-borde-del-top-25\\\/#primaryimage\"},\"image\":{\"@id\":\"https:\\\/\\\/www.boxrepsol.com\\\/es\\\/rally\\\/isidre-esteve-llega-a-la-jornada-de-descanso-al-borde-del-top-25\\\/#primaryimage\"},\"thumbnailUrl\":\"https:\\\/\\\/bxrepsol.s3.eu-west-1.amazonaws.com\\\/static\\\/2022\\\/08\\\/09142059\\\/Dakar22_E6_Isidre_Esteve_1-1.jpg\",\"datePublished\":\"2022-01-08T02:00:00+00:00\",\"dateModified\":\"2024-04-10T07:55:06+00:00\",\"description\":\"Descubre c\u00f3mo Isidre Esteve se enfrenta a nuevos desaf\u00edos en el mundo del rally, llegando a la jornada de descanso al borde del top 25.\",\"breadcrumb\":{\"@id\":\"https:\\\/\\\/www.boxrepsol.com\\\/es\\\/rally\\\/isidre-esteve-llega-a-la-jornada-de-descanso-al-borde-del-top-25\\\/#breadcrumb\"},\"inLanguage\":\"es\",\"potentialAction\":[{\"@type\":\"ReadAction\",\"target\":[\"https:\\\/\\\/www.boxrepsol.com\\\/es\\\/rally\\\/isidre-esteve-llega-a-la-jornada-de-descanso-al-borde-del-top-25\\\/\"]}]},{\"@type\":\"ImageObject\",\"inLanguage\":\"es\",\"@id\":\"https:\\\/\\\/www.boxrepsol.com\\\/es\\\/rally\\\/isidre-esteve-llega-a-la-jornada-de-descanso-al-borde-del-top-25\\\/#primaryimage\",\"url\":\"https:\\\/\\\/bxrepsol.s3.eu-west-1.amazonaws.com\\\/static\\\/2022\\\/08\\\/09142059\\\/Dakar22_E6_Isidre_Esteve_1-1.jpg\",\"contentUrl\":\"https:\\\/\\\/bxrepsol.s3.eu-west-1.amazonaws.com\\\/static\\\/2022\\\/08\\\/09142059\\\/Dakar22_E6_Isidre_Esteve_1-1.jpg\",\"width\":1920,\"height\":1280},{\"@type\":\"BreadcrumbList\",\"@id\":\"https:\\\/\\\/www.boxrepsol.com\\\/es\\\/rally\\\/isidre-esteve-llega-a-la-jornada-de-descanso-al-borde-del-top-25\\\/#breadcrumb\",\"itemListElement\":[{\"@type\":\"ListItem\",\"position\":1,\"name\":\"Home\",\"item\":\"https:\\\/\\\/www.boxrepsol.com\\\/es\\\/\"},{\"@type\":\"ListItem\",\"position\":2,\"name\":\"Isidre Esteve llega a la jornada de descanso al borde del top 25\"}]},{\"@type\":\"WebSite\",\"@id\":\"https:\\\/\\\/www.boxrepsol.com\\\/es\\\/#website\",\"url\":\"https:\\\/\\\/www.boxrepsol.com\\\/es\\\/\",\"name\":\"Box Repsol\",\"description\":\"Box Repsol Site\",\"publisher\":{\"@id\":\"https:\\\/\\\/www.boxrepsol.com\\\/es\\\/#organization\"},\"potentialAction\":[{\"@type\":\"SearchAction\",\"target\":{\"@type\":\"EntryPoint\",\"urlTemplate\":\"https:\\\/\\\/www.boxrepsol.com\\\/es\\\/?s={search_term_string}\"},\"query-input\":{\"@type\":\"PropertyValueSpecification\",\"valueRequired\":true,\"valueName\":\"search_term_string\"}}],\"inLanguage\":\"es\"},{\"@type\":\"Organization\",\"@id\":\"https:\\\/\\\/www.boxrepsol.com\\\/es\\\/#organization\",\"name\":\"Box Repsol\",\"url\":\"https:\\\/\\\/www.boxrepsol.com\\\/es\\\/\",\"logo\":{\"@type\":\"ImageObject\",\"inLanguage\":\"es\",\"@id\":\"https:\\\/\\\/www.boxrepsol.com\\\/es\\\/#\\\/schema\\\/logo\\\/image\\\/\",\"url\":\"https:\\\/\\\/bxrepsol.s3.eu-west-1.amazonaws.com\\\/static\\\/2025\\\/07\\\/30083337\\\/favicon-96x96-1.png\",\"contentUrl\":\"https:\\\/\\\/bxrepsol.s3.eu-west-1.amazonaws.com\\\/static\\\/2025\\\/07\\\/30083337\\\/favicon-96x96-1.png\",\"width\":96,\"height\":96,\"caption\":\"Box Repsol\"},\"image\":{\"@id\":\"https:\\\/\\\/www.boxrepsol.com\\\/es\\\/#\\\/schema\\\/logo\\\/image\\\/\"},\"sameAs\":[\"https:\\\/\\\/www.facebook.com\\\/BoxRepsol\",\"https:\\\/\\\/x.com\\\/box_repsol\",\"http:\\\/\\\/instagram.com\\\/box_repsol\",\"https:\\\/\\\/www.youtube.com\\\/user\\\/RepsolCompeticion\",\"https:\\\/\\\/www.flickr.com\\\/photos\\\/box_repsol\\\/\"]},{\"@type\":\"Person\",\"@id\":\"https:\\\/\\\/www.boxrepsol.com\\\/es\\\/#\\\/schema\\\/person\\\/c5c2138f2cca251b0ad92b7086bb60b7\",\"name\":\"Redacci\u00f3n Box Repsol\",\"image\":{\"@type\":\"ImageObject\",\"inLanguage\":\"es\",\"@id\":\"https:\\\/\\\/secure.gravatar.com\\\/avatar\\\/adf7b77e38b4419baf32c7e9c21dde01f4e40df611f0978e3006fc4ba0aaab7e?s=96&d=mm&r=g\",\"url\":\"https:\\\/\\\/secure.gravatar.com\\\/avatar\\\/adf7b77e38b4419baf32c7e9c21dde01f4e40df611f0978e3006fc4ba0aaab7e?s=96&d=mm&r=g\",\"contentUrl\":\"https:\\\/\\\/secure.gravatar.com\\\/avatar\\\/adf7b77e38b4419baf32c7e9c21dde01f4e40df611f0978e3006fc4ba0aaab7e?s=96&d=mm&r=g\",\"caption\":\"Redacci\u00f3n Box Repsol\"},\"description\":\"Box Repsol lo forma un equipo de periodistas, community managers, dise\u00f1adores y fot\u00f3grafos con m\u00e1s de 20 a\u00f1os de experiencia en el mundo del motorsport. Hemos vivido el primer mundial de un espa\u00f1ol en la categor\u00eda reina de motociclismo con \u00c1lex Crivill\u00e9, estuvimos en las victorias de Pedrosa y los t\u00edtulos de M\u00e1rquez, acompa\u00f1amos en \u00c1frica a Nani Roma y Marc Coma en sus conquistas del Dakar y hemos vibrado con los t\u00edtulos de Toni Bou en Trial. Adem\u00e1s, en nuestro equipo contamos con expertos en el mundo de las dos y cuatro ruedas tanto de la calle y las carreteras, como de los circuitos. Periodistas que han trabajado en revistas y publicaciones para hacerte llegar desde rutas y consejos de mantenimiento, a curiosidades y trucos de pilotaje.\",\"sameAs\":[\"https:\\\/\\\/www.facebook.com\\\/BoxRepsol\\\/\",\"https:\\\/\\\/www.instagram.com\\\/box_repsol\\\/\",\"https:\\\/\\\/x.com\\\/https:\\\/\\\/twitter.com\\\/box_repsol\",\"https:\\\/\\\/www.youtube.com\\\/@Boxrepsol\"],\"url\":\"https:\\\/\\\/www.boxrepsol.com\\\/es\\\/author\\\/redaccion-box-repsol\\\/\"}]}<\/script>\n<!-- \/ Yoast SEO plugin. -->","yoast_head_json":{"title":"Isidre Esteve llega a la jornada de descanso al borde del top 25 - Box Repsol","description":"Descubre c\u00f3mo Isidre Esteve se enfrenta a nuevos desaf\u00edos en el mundo del rally, llegando a la jornada de descanso al borde del top 25.","canonical":"https:\/\/www.boxrepsol.com\/es\/rally\/isidre-esteve-llega-a-la-jornada-de-descanso-al-borde-del-top-25\/","og_locale":"es_ES","og_type":"article","og_title":"Isidre Esteve llega a la jornada de descanso al borde del top 25 - Box Repsol","og_description":"Descubre c\u00f3mo Isidre Esteve se enfrenta a nuevos desaf\u00edos en el mundo del rally, llegando a la jornada de descanso al borde del top 25.","og_url":"https:\/\/www.boxrepsol.com\/es\/rally\/isidre-esteve-llega-a-la-jornada-de-descanso-al-borde-del-top-25\/","og_site_name":"Box Repsol","article_publisher":"https:\/\/www.facebook.com\/BoxRepsol","article_author":"https:\/\/www.facebook.com\/BoxRepsol\/","article_published_time":"2022-01-08T02:00:00+00:00","article_modified_time":"2024-04-10T07:55:06+00:00","og_image":[{"width":1920,"height":1280,"url":"https:\/\/bxrepsol.s3.eu-west-1.amazonaws.com\/static\/2022\/08\/09142059\/Dakar22_E6_Isidre_Esteve_1-1.jpg","type":"image\/jpeg"}],"author":"Redacci\u00f3n Box Repsol","twitter_card":"summary_large_image","twitter_creator":"@https:\/\/twitter.com\/box_repsol","twitter_site":"@box_repsol","twitter_misc":{"Written by":"Redacci\u00f3n Box Repsol","Est. reading time":"3 minutos"},"schema":{"@context":"https:\/\/schema.org","@graph":[{"@type":"Article","@id":"https:\/\/www.boxrepsol.com\/es\/rally\/isidre-esteve-llega-a-la-jornada-de-descanso-al-borde-del-top-25\/#article","isPartOf":{"@id":"https:\/\/www.boxrepsol.com\/es\/rally\/isidre-esteve-llega-a-la-jornada-de-descanso-al-borde-del-top-25\/"},"author":{"name":"Redacci\u00f3n Box Repsol","@id":"https:\/\/www.boxrepsol.com\/es\/#\/schema\/person\/c5c2138f2cca251b0ad92b7086bb60b7"},"headline":"Isidre Esteve llega a la jornada de descanso al borde del top 25","datePublished":"2022-01-08T02:00:00+00:00","dateModified":"2024-04-10T07:55:06+00:00","mainEntityOfPage":{"@id":"https:\/\/www.boxrepsol.com\/es\/rally\/isidre-esteve-llega-a-la-jornada-de-descanso-al-borde-del-top-25\/"},"wordCount":646,"commentCount":0,"publisher":{"@id":"https:\/\/www.boxrepsol.com\/es\/#organization"},"image":{"@id":"https:\/\/www.boxrepsol.com\/es\/rally\/isidre-esteve-llega-a-la-jornada-de-descanso-al-borde-del-top-25\/#primaryimage"},"thumbnailUrl":"https:\/\/bxrepsol.s3.eu-west-1.amazonaws.com\/static\/2022\/08\/09142059\/Dakar22_E6_Isidre_Esteve_1-1.jpg","keywords":["2022","Dakar","Isidre Esteve"],"articleSection":["Rally"],"inLanguage":"es","potentialAction":[{"@type":"CommentAction","name":"Comment","target":["https:\/\/www.boxrepsol.com\/es\/rally\/isidre-esteve-llega-a-la-jornada-de-descanso-al-borde-del-top-25\/#respond"]}]},{"@type":"WebPage","@id":"https:\/\/www.boxrepsol.com\/es\/rally\/isidre-esteve-llega-a-la-jornada-de-descanso-al-borde-del-top-25\/","url":"https:\/\/www.boxrepsol.com\/es\/rally\/isidre-esteve-llega-a-la-jornada-de-descanso-al-borde-del-top-25\/","name":"Isidre Esteve llega a la jornada de descanso al borde del top 25 - Box Repsol","isPartOf":{"@id":"https:\/\/www.boxrepsol.com\/es\/#website"},"primaryImageOfPage":{"@id":"https:\/\/www.boxrepsol.com\/es\/rally\/isidre-esteve-llega-a-la-jornada-de-descanso-al-borde-del-top-25\/#primaryimage"},"image":{"@id":"https:\/\/www.boxrepsol.com\/es\/rally\/isidre-esteve-llega-a-la-jornada-de-descanso-al-borde-del-top-25\/#primaryimage"},"thumbnailUrl":"https:\/\/bxrepsol.s3.eu-west-1.amazonaws.com\/static\/2022\/08\/09142059\/Dakar22_E6_Isidre_Esteve_1-1.jpg","datePublished":"2022-01-08T02:00:00+00:00","dateModified":"2024-04-10T07:55:06+00:00","description":"Descubre c\u00f3mo Isidre Esteve se enfrenta a nuevos desaf\u00edos en el mundo del rally, llegando a la jornada de descanso al borde del top 25.","breadcrumb":{"@id":"https:\/\/www.boxrepsol.com\/es\/rally\/isidre-esteve-llega-a-la-jornada-de-descanso-al-borde-del-top-25\/#breadcrumb"},"inLanguage":"es","potentialAction":[{"@type":"ReadAction","target":["https:\/\/www.boxrepsol.com\/es\/rally\/isidre-esteve-llega-a-la-jornada-de-descanso-al-borde-del-top-25\/"]}]},{"@type":"ImageObject","inLanguage":"es","@id":"https:\/\/www.boxrepsol.com\/es\/rally\/isidre-esteve-llega-a-la-jornada-de-descanso-al-borde-del-top-25\/#primaryimage","url":"https:\/\/bxrepsol.s3.eu-west-1.amazonaws.com\/static\/2022\/08\/09142059\/Dakar22_E6_Isidre_Esteve_1-1.jpg","contentUrl":"https:\/\/bxrepsol.s3.eu-west-1.amazonaws.com\/static\/2022\/08\/09142059\/Dakar22_E6_Isidre_Esteve_1-1.jpg","width":1920,"height":1280},{"@type":"BreadcrumbList","@id":"https:\/\/www.boxrepsol.com\/es\/rally\/isidre-esteve-llega-a-la-jornada-de-descanso-al-borde-del-top-25\/#breadcrumb","itemListElement":[{"@type":"ListItem","position":1,"name":"Home","item":"https:\/\/www.boxrepsol.com\/es\/"},{"@type":"ListItem","position":2,"name":"Isidre Esteve llega a la jornada de descanso al borde del top 25"}]},{"@type":"WebSite","@id":"https:\/\/www.boxrepsol.com\/es\/#website","url":"https:\/\/www.boxrepsol.com\/es\/","name":"Box Repsol","description":"Box Repsol Site","publisher":{"@id":"https:\/\/www.boxrepsol.com\/es\/#organization"},"potentialAction":[{"@type":"SearchAction","target":{"@type":"EntryPoint","urlTemplate":"https:\/\/www.boxrepsol.com\/es\/?s={search_term_string}"},"query-input":{"@type":"PropertyValueSpecification","valueRequired":true,"valueName":"search_term_string"}}],"inLanguage":"es"},{"@type":"Organization","@id":"https:\/\/www.boxrepsol.com\/es\/#organization","name":"Box Repsol","url":"https:\/\/www.boxrepsol.com\/es\/","logo":{"@type":"ImageObject","inLanguage":"es","@id":"https:\/\/www.boxrepsol.com\/es\/#\/schema\/logo\/image\/","url":"https:\/\/bxrepsol.s3.eu-west-1.amazonaws.com\/static\/2025\/07\/30083337\/favicon-96x96-1.png","contentUrl":"https:\/\/bxrepsol.s3.eu-west-1.amazonaws.com\/static\/2025\/07\/30083337\/favicon-96x96-1.png","width":96,"height":96,"caption":"Box Repsol"},"image":{"@id":"https:\/\/www.boxrepsol.com\/es\/#\/schema\/logo\/image\/"},"sameAs":["https:\/\/www.facebook.com\/BoxRepsol","https:\/\/x.com\/box_repsol","http:\/\/instagram.com\/box_repsol","https:\/\/www.youtube.com\/user\/RepsolCompeticion","https:\/\/www.flickr.com\/photos\/box_repsol\/"]},{"@type":"Person","@id":"https:\/\/www.boxrepsol.com\/es\/#\/schema\/person\/c5c2138f2cca251b0ad92b7086bb60b7","name":"Redacci\u00f3n Box Repsol","image":{"@type":"ImageObject","inLanguage":"es","@id":"https:\/\/secure.gravatar.com\/avatar\/adf7b77e38b4419baf32c7e9c21dde01f4e40df611f0978e3006fc4ba0aaab7e?s=96&d=mm&r=g","url":"https:\/\/secure.gravatar.com\/avatar\/adf7b77e38b4419baf32c7e9c21dde01f4e40df611f0978e3006fc4ba0aaab7e?s=96&d=mm&r=g","contentUrl":"https:\/\/secure.gravatar.com\/avatar\/adf7b77e38b4419baf32c7e9c21dde01f4e40df611f0978e3006fc4ba0aaab7e?s=96&d=mm&r=g","caption":"Redacci\u00f3n Box Repsol"},"description":"Box Repsol lo forma un equipo de periodistas, community managers, dise\u00f1adores y fot\u00f3grafos con m\u00e1s de 20 a\u00f1os de experiencia en el mundo del motorsport. Hemos vivido el primer mundial de un espa\u00f1ol en la categor\u00eda reina de motociclismo con \u00c1lex Crivill\u00e9, estuvimos en las victorias de Pedrosa y los t\u00edtulos de M\u00e1rquez, acompa\u00f1amos en \u00c1frica a Nani Roma y Marc Coma en sus conquistas del Dakar y hemos vibrado con los t\u00edtulos de Toni Bou en Trial. Adem\u00e1s, en nuestro equipo contamos con expertos en el mundo de las dos y cuatro ruedas tanto de la calle y las carreteras, como de los circuitos. Periodistas que han trabajado en revistas y publicaciones para hacerte llegar desde rutas y consejos de mantenimiento, a curiosidades y trucos de pilotaje.","sameAs":["https:\/\/www.facebook.com\/BoxRepsol\/","https:\/\/www.instagram.com\/box_repsol\/","https:\/\/x.com\/https:\/\/twitter.com\/box_repsol","https:\/\/www.youtube.com\/@Boxrepsol"],"url":"https:\/\/www.boxrepsol.com\/es\/author\/redaccion-box-repsol\/"}]}},"_links":{"self":[{"href":"https:\/\/www.boxrepsol.com\/es\/wp-json\/wp\/v2\/posts\/95213","targetHints":{"allow":["GET"]}}],"collection":[{"href":"https:\/\/www.boxrepsol.com\/es\/wp-json\/wp\/v2\/posts"}],"about":[{"href":"https:\/\/www.boxrepsol.com\/es\/wp-json\/wp\/v2\/types\/post"}],"author":[{"embeddable":true,"href":"https:\/\/www.boxrepsol.com\/es\/wp-json\/wp\/v2\/users\/43146"}],"replies":[{"embeddable":true,"href":"https:\/\/www.boxrepsol.com\/es\/wp-json\/wp\/v2\/comments?post=95213"}],"version-history":[{"count":1,"href":"https:\/\/www.boxrepsol.com\/es\/wp-json\/wp\/v2\/posts\/95213\/revisions"}],"predecessor-version":[{"id":109237,"href":"https:\/\/www.boxrepsol.com\/es\/wp-json\/wp\/v2\/posts\/95213\/revisions\/109237"}],"wp:featuredmedia":[{"embeddable":true,"href":"https:\/\/www.boxrepsol.com\/es\/wp-json\/wp\/v2\/media\/44893"}],"wp:attachment":[{"href":"https:\/\/www.boxrepsol.com\/es\/wp-json\/wp\/v2\/media?parent=95213"}],"wp:term":[{"taxonomy":"category","embeddable":true,"href":"https:\/\/www.boxrepsol.com\/es\/wp-json\/wp\/v2\/categories?post=95213"},{"taxonomy":"post_tag","embeddable":true,"href":"https:\/\/www.boxrepsol.com\/es\/wp-json\/wp\/v2\/tags?post=95213"}],"curies":[{"name":"wp","href":"https:\/\/api.w.org\/{rel}","templated":true}]}}