{"id":95211,"date":"2022-01-05T00:00:00","date_gmt":"2022-01-05T02:00:00","guid":{"rendered":"http:\/\/pre.boxrepsol.com\/sin-categorizar\/isidre-esteve-supera-una-jornada-de-maximo-estres-y-velocidad\/"},"modified":"2024-04-10T05:55:45","modified_gmt":"2024-04-10T07:55:45","slug":"isidre-esteve-supera-una-jornada-de-maximo-estres-y-velocidad","status":"publish","type":"post","link":"https:\/\/www.boxrepsol.com\/es\/rally\/isidre-esteve-supera-una-jornada-de-maximo-estres-y-velocidad\/","title":{"rendered":"Isidre Esteve supera una jornada de \u201cm\u00e1ximo estr\u00e9s\u201d y velocidad"},"content":{"rendered":"<p>Aunque ha sufrido detr\u00e1s de algunos camiones, con los que ha tenido que tomar riesgos para superarles, mantiene su puesto entre los 30 primeros de la general.<\/p>\n<p><em>\u00abHoy ha sido una etapa muy, muy r\u00e1pida y peligrosa. Hemos tenido que adaptar nuestro ritmo. En este primer tercio de Dakar me he sentido c\u00f3modo con el coche, pero no con algunas decisiones deportivas\u201d.<\/em><\/p>\n<p>El equipo Repsol Rally Team ha vivido una cuarta etapa realmente intensa desde los primeros kil\u00f3metros camino de Riad, la capital de Arabia Saud\u00ed. Isidre Esteve y Txema Villalobos han vuelto a empezar realmente retrasados (81\u00ba) debido a la nueva normativa referente al orden de salida, lo que les ha obligado a tener que adelantar a varios camiones en la especial m\u00e1s larga de esta 44\u00aa edici\u00f3n del Rally Dakar. No obstante, han logrado acabar una jornada \u00ab<em>de m\u00e1ximo estr\u00e9s<\/em>\u201d en la 37\u00aa posici\u00f3n de coches y mantienen su lugar dentro del top 30 de la general.<\/p>\n<p>La principal particularidad de la etapa de este mi\u00e9rcoles ha residido en la alta velocidad que los pilotos han tenido que mantener durante los 465 km contra el reloj. De hecho, Isidre Esteve ha completado el d\u00eda a 115 km\/h de media, a pesar de los varios tramos de dunas que han sorteado. El Toyota Hilux Overdrive del catal\u00e1n, no obstante, se ha comportado a la perfecci\u00f3n y ha sido capaz de alcanzar la velocidad punta permitida por reglamento (170 km\/h).<\/p>\n<p>Por primera vez en lo que va de rally, Esteve ha sufrido detr\u00e1s del polvo de veh\u00edculos m\u00e1s lentos y ha tenido que arriesgar para completar adelantamientos fuera de pista. En uno de ellos, a 30 km del final, ha pinchado una rueda, perdiendo unos valiosos minutos para cambiarla.<\/p>\n<p><em>\u00abLa etapa de hoy ha sido muy, muy r\u00e1pida, hemos hecho una media de 115 km\/h. Hemos visto varios accidentes en los primeros kil\u00f3metros y ha sido muy estresante. Luego, hemos tenido una lucha con los camiones para poder adelantarlos, porque cuesta mucho que se aparten. En las dunas s\u00ed hemos podido ir bien, solos, y al final volv\u00eda a haber una zona r\u00e1pida, aunque con algunas pozas de barro incre\u00edbles donde hemos visto a varios camiones atrapados. Aunque hemos pinchado a 30 km de meta al ir a adelantar a un cami\u00f3n, estamos contentos, porque hoy hab\u00eda que mantener la calma y ser cautelosos<\/em>\u201d, asegura Isidre Esteve en el campamento de Riad.<\/p>\n<p>El piloto de Oliana tambi\u00e9n ha querido hacer balance de este primer tercio de carrera, donde los \u00f3rdenes de salida le han perjudicado notablemente y donde ha tenido que sobreponerse a salir por detr\u00e1s de los camiones, con todos los peligros y problemas que eso conlleva.<\/p>\n<p><em>\u00abPara m\u00ed, este primer tercio de carrera ha demostrado que el ritmo de delante es muy alto, porque hay muchos equipos con buen material. Lo que me ha decepcionado es el caos que tiene la carrera a nivel deportivo. Se han tomado decisiones con \u00f3rdenes de salida y aplicaciones de sanciones de una forma poco consistente. Completas una especial en la que acabas el 25\u00ba y al d\u00eda siguientes sales el 70\u00ba. \u00bfC\u00f3mo puede ser? No veo bien que las sanciones no se pongan el mismo d\u00eda, que esto no afecte al orden de salida y que no haya igualdad de criterio a la hora de elegir a qui\u00e9nes se reposiciona y d\u00f3nde. Estas decisiones en nuestro caso nos han perjudicado cada d\u00eda. Pero a pesar de ello, me adapto, corro porque esta carrera me gusta, porque quiero competir y quiero estar aqu\u00ed<\/em>\u201d, ha a\u00f1adido.<\/p>\n<p>En la jornada del jueves, al Repsol Rally Team le esperan 395 km cronometrados y un total de 214 km de enlace, en los que intentar\u00e1n seguir manteni\u00e9ndose en el top 30 de la general de coches sea como sea.<\/p>\n<hr>\n<p><strong>Clasificaci\u00f3n etapa:<\/strong><br \/>\n1. Al-Attiyah \/ Baumel (Toyota) 3h 54\u201940\u201d<br \/>\n2. Loeb \/ Lurquin (Prodrive) +00\u201925\u201d<br \/>\n3. Sainz \/ Cruz (Audi) +00\u201952\u201d<br \/>\n4. Seaidan \/ Kuzmich (MINI) +01\u201934\u201d<br \/>\n5. Al Rajhi \/ Orr (Toyota) +01\u201946\u201d<br \/>\n\u2026<br \/>\n<strong>37. Esteve \/ Villalobos (Toyota) +50\u201944\u201d<\/strong><\/p>\n<hr>\n<p><strong>Clasificaci\u00f3n general:<\/strong><br \/>\n1. Al-Attiyah \/ Baumel (Toyota) 13h 26\u201902\u201d<br \/>\n2. Loeb \/ Lurquin (Prodrive) +38\u201905\u201d<br \/>\n3. Al Rajhi \/ Orr (Toyota) +49\u201915\u201d<br \/>\n4. De Villers \/ Murphy (Toyota) +49\u201917\u201d<br \/>\n5. \u00c1lvarez \/ Monleon (Toyota) +53\u201958\u201d<br \/>\n\u2026<br \/>\n<strong>29.Esteve \/ Villalobos (Toyota) +3h 30\u201951\u201d<\/strong><\/p>\n","protected":false},"excerpt":{"rendered":"<p>El piloto espa\u00f1ol completa una cuarta especial realmente r\u00e1pida, donde ha visto a otros participantes accidentados y ha tenido que regular su ritmo ante las trampas del recorrido.<\/p>\n","protected":false},"author":43146,"featured_media":44887,"comment_status":"open","ping_status":"open","sticky":false,"template":"","format":"standard","meta":{"footnotes":""},"categories":[27],"tags":[120,201,29],"class_list":["post-95211","post","type-post","status-publish","format-standard","hentry","category-rally","tag-120","tag-dakar","tag-isidre-esteve"],"yoast_head":"<!-- This site is optimized with the Yoast SEO plugin v27.3 - https:\/\/yoast.com\/product\/yoast-seo-wordpress\/ -->\n<title>Isidre Esteve supera una jornada de \u201cm\u00e1ximo estr\u00e9s\u201d y velocidad - Box Repsol<\/title>\n<meta name=\"description\" content=\"Isidre Esteve supera una jornada de m\u00e1ximo estr\u00e9s y velocidad. Descubre c\u00f3mo el piloto espa\u00f1ol enfrenta los desaf\u00edos del rally.\" \/>\n<link rel=\"canonical\" href=\"https:\/\/www.boxrepsol.com\/es\/rally\/isidre-esteve-supera-una-jornada-de-maximo-estres-y-velocidad\/\" \/>\n<meta property=\"og:locale\" content=\"es_ES\" \/>\n<meta property=\"og:type\" content=\"article\" \/>\n<meta property=\"og:title\" content=\"Isidre Esteve supera una jornada de \u201cm\u00e1ximo estr\u00e9s\u201d y velocidad - Box Repsol\" \/>\n<meta property=\"og:description\" content=\"Isidre Esteve supera una jornada de m\u00e1ximo estr\u00e9s y velocidad. Descubre c\u00f3mo el piloto espa\u00f1ol enfrenta los desaf\u00edos del rally.\" \/>\n<meta property=\"og:url\" content=\"https:\/\/www.boxrepsol.com\/es\/rally\/isidre-esteve-supera-una-jornada-de-maximo-estres-y-velocidad\/\" \/>\n<meta property=\"og:site_name\" content=\"Box Repsol\" \/>\n<meta property=\"article:publisher\" content=\"https:\/\/www.facebook.com\/BoxRepsol\" \/>\n<meta property=\"article:author\" content=\"https:\/\/www.facebook.com\/BoxRepsol\/\" \/>\n<meta property=\"article:published_time\" content=\"2022-01-05T02:00:00+00:00\" \/>\n<meta property=\"article:modified_time\" content=\"2024-04-10T07:55:45+00:00\" \/>\n<meta property=\"og:image\" content=\"https:\/\/bxrepsol.s3.eu-west-1.amazonaws.com\/static\/2022\/08\/09142050\/Dakar22_E4_Isidre_Esteve_1-1-scaled.jpg\" \/>\n\t<meta property=\"og:image:width\" content=\"2560\" \/>\n\t<meta property=\"og:image:height\" content=\"1707\" \/>\n\t<meta property=\"og:image:type\" content=\"image\/jpeg\" \/>\n<meta name=\"author\" content=\"Redacci\u00f3n Box Repsol\" \/>\n<meta name=\"twitter:card\" content=\"summary_large_image\" \/>\n<meta name=\"twitter:creator\" content=\"@https:\/\/twitter.com\/box_repsol\" \/>\n<meta name=\"twitter:site\" content=\"@box_repsol\" \/>\n<meta name=\"twitter:label1\" content=\"Written by\" \/>\n\t<meta name=\"twitter:data1\" content=\"Redacci\u00f3n Box Repsol\" \/>\n\t<meta name=\"twitter:label2\" content=\"Est. reading time\" \/>\n\t<meta name=\"twitter:data2\" content=\"4 minutos\" \/>\n<script type=\"application\/ld+json\" class=\"yoast-schema-graph\">{\"@context\":\"https:\\\/\\\/schema.org\",\"@graph\":[{\"@type\":\"Article\",\"@id\":\"https:\\\/\\\/www.boxrepsol.com\\\/es\\\/rally\\\/isidre-esteve-supera-una-jornada-de-maximo-estres-y-velocidad\\\/#article\",\"isPartOf\":{\"@id\":\"https:\\\/\\\/www.boxrepsol.com\\\/es\\\/rally\\\/isidre-esteve-supera-una-jornada-de-maximo-estres-y-velocidad\\\/\"},\"author\":{\"name\":\"Redacci\u00f3n Box Repsol\",\"@id\":\"https:\\\/\\\/www.boxrepsol.com\\\/es\\\/#\\\/schema\\\/person\\\/c5c2138f2cca251b0ad92b7086bb60b7\"},\"headline\":\"Isidre Esteve supera una jornada de \u201cm\u00e1ximo estr\u00e9s\u201d y velocidad\",\"datePublished\":\"2022-01-05T02:00:00+00:00\",\"dateModified\":\"2024-04-10T07:55:45+00:00\",\"mainEntityOfPage\":{\"@id\":\"https:\\\/\\\/www.boxrepsol.com\\\/es\\\/rally\\\/isidre-esteve-supera-una-jornada-de-maximo-estres-y-velocidad\\\/\"},\"wordCount\":714,\"commentCount\":0,\"publisher\":{\"@id\":\"https:\\\/\\\/www.boxrepsol.com\\\/es\\\/#organization\"},\"image\":{\"@id\":\"https:\\\/\\\/www.boxrepsol.com\\\/es\\\/rally\\\/isidre-esteve-supera-una-jornada-de-maximo-estres-y-velocidad\\\/#primaryimage\"},\"thumbnailUrl\":\"https:\\\/\\\/bxrepsol.s3.eu-west-1.amazonaws.com\\\/static\\\/2022\\\/08\\\/09142050\\\/Dakar22_E4_Isidre_Esteve_1-1-scaled.jpg\",\"keywords\":[\"2022\",\"Dakar\",\"Isidre Esteve\"],\"articleSection\":[\"Rally\"],\"inLanguage\":\"es\",\"potentialAction\":[{\"@type\":\"CommentAction\",\"name\":\"Comment\",\"target\":[\"https:\\\/\\\/www.boxrepsol.com\\\/es\\\/rally\\\/isidre-esteve-supera-una-jornada-de-maximo-estres-y-velocidad\\\/#respond\"]}]},{\"@type\":\"WebPage\",\"@id\":\"https:\\\/\\\/www.boxrepsol.com\\\/es\\\/rally\\\/isidre-esteve-supera-una-jornada-de-maximo-estres-y-velocidad\\\/\",\"url\":\"https:\\\/\\\/www.boxrepsol.com\\\/es\\\/rally\\\/isidre-esteve-supera-una-jornada-de-maximo-estres-y-velocidad\\\/\",\"name\":\"Isidre Esteve supera una jornada de \u201cm\u00e1ximo estr\u00e9s\u201d y velocidad - Box Repsol\",\"isPartOf\":{\"@id\":\"https:\\\/\\\/www.boxrepsol.com\\\/es\\\/#website\"},\"primaryImageOfPage\":{\"@id\":\"https:\\\/\\\/www.boxrepsol.com\\\/es\\\/rally\\\/isidre-esteve-supera-una-jornada-de-maximo-estres-y-velocidad\\\/#primaryimage\"},\"image\":{\"@id\":\"https:\\\/\\\/www.boxrepsol.com\\\/es\\\/rally\\\/isidre-esteve-supera-una-jornada-de-maximo-estres-y-velocidad\\\/#primaryimage\"},\"thumbnailUrl\":\"https:\\\/\\\/bxrepsol.s3.eu-west-1.amazonaws.com\\\/static\\\/2022\\\/08\\\/09142050\\\/Dakar22_E4_Isidre_Esteve_1-1-scaled.jpg\",\"datePublished\":\"2022-01-05T02:00:00+00:00\",\"dateModified\":\"2024-04-10T07:55:45+00:00\",\"description\":\"Isidre Esteve supera una jornada de m\u00e1ximo estr\u00e9s y velocidad. Descubre c\u00f3mo el piloto espa\u00f1ol enfrenta los desaf\u00edos del rally.\",\"breadcrumb\":{\"@id\":\"https:\\\/\\\/www.boxrepsol.com\\\/es\\\/rally\\\/isidre-esteve-supera-una-jornada-de-maximo-estres-y-velocidad\\\/#breadcrumb\"},\"inLanguage\":\"es\",\"potentialAction\":[{\"@type\":\"ReadAction\",\"target\":[\"https:\\\/\\\/www.boxrepsol.com\\\/es\\\/rally\\\/isidre-esteve-supera-una-jornada-de-maximo-estres-y-velocidad\\\/\"]}]},{\"@type\":\"ImageObject\",\"inLanguage\":\"es\",\"@id\":\"https:\\\/\\\/www.boxrepsol.com\\\/es\\\/rally\\\/isidre-esteve-supera-una-jornada-de-maximo-estres-y-velocidad\\\/#primaryimage\",\"url\":\"https:\\\/\\\/bxrepsol.s3.eu-west-1.amazonaws.com\\\/static\\\/2022\\\/08\\\/09142050\\\/Dakar22_E4_Isidre_Esteve_1-1-scaled.jpg\",\"contentUrl\":\"https:\\\/\\\/bxrepsol.s3.eu-west-1.amazonaws.com\\\/static\\\/2022\\\/08\\\/09142050\\\/Dakar22_E4_Isidre_Esteve_1-1-scaled.jpg\",\"width\":2560,\"height\":1707},{\"@type\":\"BreadcrumbList\",\"@id\":\"https:\\\/\\\/www.boxrepsol.com\\\/es\\\/rally\\\/isidre-esteve-supera-una-jornada-de-maximo-estres-y-velocidad\\\/#breadcrumb\",\"itemListElement\":[{\"@type\":\"ListItem\",\"position\":1,\"name\":\"Home\",\"item\":\"https:\\\/\\\/www.boxrepsol.com\\\/es\\\/\"},{\"@type\":\"ListItem\",\"position\":2,\"name\":\"Isidre Esteve supera una jornada de \u201cm\u00e1ximo estr\u00e9s\u201d y velocidad\"}]},{\"@type\":\"WebSite\",\"@id\":\"https:\\\/\\\/www.boxrepsol.com\\\/es\\\/#website\",\"url\":\"https:\\\/\\\/www.boxrepsol.com\\\/es\\\/\",\"name\":\"Box Repsol\",\"description\":\"Box Repsol Site\",\"publisher\":{\"@id\":\"https:\\\/\\\/www.boxrepsol.com\\\/es\\\/#organization\"},\"potentialAction\":[{\"@type\":\"SearchAction\",\"target\":{\"@type\":\"EntryPoint\",\"urlTemplate\":\"https:\\\/\\\/www.boxrepsol.com\\\/es\\\/?s={search_term_string}\"},\"query-input\":{\"@type\":\"PropertyValueSpecification\",\"valueRequired\":true,\"valueName\":\"search_term_string\"}}],\"inLanguage\":\"es\"},{\"@type\":\"Organization\",\"@id\":\"https:\\\/\\\/www.boxrepsol.com\\\/es\\\/#organization\",\"name\":\"Box Repsol\",\"url\":\"https:\\\/\\\/www.boxrepsol.com\\\/es\\\/\",\"logo\":{\"@type\":\"ImageObject\",\"inLanguage\":\"es\",\"@id\":\"https:\\\/\\\/www.boxrepsol.com\\\/es\\\/#\\\/schema\\\/logo\\\/image\\\/\",\"url\":\"https:\\\/\\\/bxrepsol.s3.eu-west-1.amazonaws.com\\\/static\\\/2025\\\/07\\\/30083337\\\/favicon-96x96-1.png\",\"contentUrl\":\"https:\\\/\\\/bxrepsol.s3.eu-west-1.amazonaws.com\\\/static\\\/2025\\\/07\\\/30083337\\\/favicon-96x96-1.png\",\"width\":96,\"height\":96,\"caption\":\"Box Repsol\"},\"image\":{\"@id\":\"https:\\\/\\\/www.boxrepsol.com\\\/es\\\/#\\\/schema\\\/logo\\\/image\\\/\"},\"sameAs\":[\"https:\\\/\\\/www.facebook.com\\\/BoxRepsol\",\"https:\\\/\\\/x.com\\\/box_repsol\",\"http:\\\/\\\/instagram.com\\\/box_repsol\",\"https:\\\/\\\/www.youtube.com\\\/user\\\/RepsolCompeticion\",\"https:\\\/\\\/www.flickr.com\\\/photos\\\/box_repsol\\\/\"]},{\"@type\":\"Person\",\"@id\":\"https:\\\/\\\/www.boxrepsol.com\\\/es\\\/#\\\/schema\\\/person\\\/c5c2138f2cca251b0ad92b7086bb60b7\",\"name\":\"Redacci\u00f3n Box Repsol\",\"image\":{\"@type\":\"ImageObject\",\"inLanguage\":\"es\",\"@id\":\"https:\\\/\\\/secure.gravatar.com\\\/avatar\\\/adf7b77e38b4419baf32c7e9c21dde01f4e40df611f0978e3006fc4ba0aaab7e?s=96&d=mm&r=g\",\"url\":\"https:\\\/\\\/secure.gravatar.com\\\/avatar\\\/adf7b77e38b4419baf32c7e9c21dde01f4e40df611f0978e3006fc4ba0aaab7e?s=96&d=mm&r=g\",\"contentUrl\":\"https:\\\/\\\/secure.gravatar.com\\\/avatar\\\/adf7b77e38b4419baf32c7e9c21dde01f4e40df611f0978e3006fc4ba0aaab7e?s=96&d=mm&r=g\",\"caption\":\"Redacci\u00f3n Box Repsol\"},\"description\":\"Box Repsol lo forma un equipo de periodistas, community managers, dise\u00f1adores y fot\u00f3grafos con m\u00e1s de 20 a\u00f1os de experiencia en el mundo del motorsport. Hemos vivido el primer mundial de un espa\u00f1ol en la categor\u00eda reina de motociclismo con \u00c1lex Crivill\u00e9, estuvimos en las victorias de Pedrosa y los t\u00edtulos de M\u00e1rquez, acompa\u00f1amos en \u00c1frica a Nani Roma y Marc Coma en sus conquistas del Dakar y hemos vibrado con los t\u00edtulos de Toni Bou en Trial. Adem\u00e1s, en nuestro equipo contamos con expertos en el mundo de las dos y cuatro ruedas tanto de la calle y las carreteras, como de los circuitos. Periodistas que han trabajado en revistas y publicaciones para hacerte llegar desde rutas y consejos de mantenimiento, a curiosidades y trucos de pilotaje.\",\"sameAs\":[\"https:\\\/\\\/www.facebook.com\\\/BoxRepsol\\\/\",\"https:\\\/\\\/www.instagram.com\\\/box_repsol\\\/\",\"https:\\\/\\\/x.com\\\/https:\\\/\\\/twitter.com\\\/box_repsol\",\"https:\\\/\\\/www.youtube.com\\\/@Boxrepsol\"],\"url\":\"https:\\\/\\\/www.boxrepsol.com\\\/es\\\/author\\\/redaccion-box-repsol\\\/\"}]}<\/script>\n<!-- \/ Yoast SEO plugin. -->","yoast_head_json":{"title":"Isidre Esteve supera una jornada de \u201cm\u00e1ximo estr\u00e9s\u201d y velocidad - Box Repsol","description":"Isidre Esteve supera una jornada de m\u00e1ximo estr\u00e9s y velocidad. Descubre c\u00f3mo el piloto espa\u00f1ol enfrenta los desaf\u00edos del rally.","canonical":"https:\/\/www.boxrepsol.com\/es\/rally\/isidre-esteve-supera-una-jornada-de-maximo-estres-y-velocidad\/","og_locale":"es_ES","og_type":"article","og_title":"Isidre Esteve supera una jornada de \u201cm\u00e1ximo estr\u00e9s\u201d y velocidad - Box Repsol","og_description":"Isidre Esteve supera una jornada de m\u00e1ximo estr\u00e9s y velocidad. Descubre c\u00f3mo el piloto espa\u00f1ol enfrenta los desaf\u00edos del rally.","og_url":"https:\/\/www.boxrepsol.com\/es\/rally\/isidre-esteve-supera-una-jornada-de-maximo-estres-y-velocidad\/","og_site_name":"Box Repsol","article_publisher":"https:\/\/www.facebook.com\/BoxRepsol","article_author":"https:\/\/www.facebook.com\/BoxRepsol\/","article_published_time":"2022-01-05T02:00:00+00:00","article_modified_time":"2024-04-10T07:55:45+00:00","og_image":[{"width":2560,"height":1707,"url":"https:\/\/bxrepsol.s3.eu-west-1.amazonaws.com\/static\/2022\/08\/09142050\/Dakar22_E4_Isidre_Esteve_1-1-scaled.jpg","type":"image\/jpeg"}],"author":"Redacci\u00f3n Box Repsol","twitter_card":"summary_large_image","twitter_creator":"@https:\/\/twitter.com\/box_repsol","twitter_site":"@box_repsol","twitter_misc":{"Written by":"Redacci\u00f3n Box Repsol","Est. reading time":"4 minutos"},"schema":{"@context":"https:\/\/schema.org","@graph":[{"@type":"Article","@id":"https:\/\/www.boxrepsol.com\/es\/rally\/isidre-esteve-supera-una-jornada-de-maximo-estres-y-velocidad\/#article","isPartOf":{"@id":"https:\/\/www.boxrepsol.com\/es\/rally\/isidre-esteve-supera-una-jornada-de-maximo-estres-y-velocidad\/"},"author":{"name":"Redacci\u00f3n Box Repsol","@id":"https:\/\/www.boxrepsol.com\/es\/#\/schema\/person\/c5c2138f2cca251b0ad92b7086bb60b7"},"headline":"Isidre Esteve supera una jornada de \u201cm\u00e1ximo estr\u00e9s\u201d y velocidad","datePublished":"2022-01-05T02:00:00+00:00","dateModified":"2024-04-10T07:55:45+00:00","mainEntityOfPage":{"@id":"https:\/\/www.boxrepsol.com\/es\/rally\/isidre-esteve-supera-una-jornada-de-maximo-estres-y-velocidad\/"},"wordCount":714,"commentCount":0,"publisher":{"@id":"https:\/\/www.boxrepsol.com\/es\/#organization"},"image":{"@id":"https:\/\/www.boxrepsol.com\/es\/rally\/isidre-esteve-supera-una-jornada-de-maximo-estres-y-velocidad\/#primaryimage"},"thumbnailUrl":"https:\/\/bxrepsol.s3.eu-west-1.amazonaws.com\/static\/2022\/08\/09142050\/Dakar22_E4_Isidre_Esteve_1-1-scaled.jpg","keywords":["2022","Dakar","Isidre Esteve"],"articleSection":["Rally"],"inLanguage":"es","potentialAction":[{"@type":"CommentAction","name":"Comment","target":["https:\/\/www.boxrepsol.com\/es\/rally\/isidre-esteve-supera-una-jornada-de-maximo-estres-y-velocidad\/#respond"]}]},{"@type":"WebPage","@id":"https:\/\/www.boxrepsol.com\/es\/rally\/isidre-esteve-supera-una-jornada-de-maximo-estres-y-velocidad\/","url":"https:\/\/www.boxrepsol.com\/es\/rally\/isidre-esteve-supera-una-jornada-de-maximo-estres-y-velocidad\/","name":"Isidre Esteve supera una jornada de \u201cm\u00e1ximo estr\u00e9s\u201d y velocidad - Box Repsol","isPartOf":{"@id":"https:\/\/www.boxrepsol.com\/es\/#website"},"primaryImageOfPage":{"@id":"https:\/\/www.boxrepsol.com\/es\/rally\/isidre-esteve-supera-una-jornada-de-maximo-estres-y-velocidad\/#primaryimage"},"image":{"@id":"https:\/\/www.boxrepsol.com\/es\/rally\/isidre-esteve-supera-una-jornada-de-maximo-estres-y-velocidad\/#primaryimage"},"thumbnailUrl":"https:\/\/bxrepsol.s3.eu-west-1.amazonaws.com\/static\/2022\/08\/09142050\/Dakar22_E4_Isidre_Esteve_1-1-scaled.jpg","datePublished":"2022-01-05T02:00:00+00:00","dateModified":"2024-04-10T07:55:45+00:00","description":"Isidre Esteve supera una jornada de m\u00e1ximo estr\u00e9s y velocidad. Descubre c\u00f3mo el piloto espa\u00f1ol enfrenta los desaf\u00edos del rally.","breadcrumb":{"@id":"https:\/\/www.boxrepsol.com\/es\/rally\/isidre-esteve-supera-una-jornada-de-maximo-estres-y-velocidad\/#breadcrumb"},"inLanguage":"es","potentialAction":[{"@type":"ReadAction","target":["https:\/\/www.boxrepsol.com\/es\/rally\/isidre-esteve-supera-una-jornada-de-maximo-estres-y-velocidad\/"]}]},{"@type":"ImageObject","inLanguage":"es","@id":"https:\/\/www.boxrepsol.com\/es\/rally\/isidre-esteve-supera-una-jornada-de-maximo-estres-y-velocidad\/#primaryimage","url":"https:\/\/bxrepsol.s3.eu-west-1.amazonaws.com\/static\/2022\/08\/09142050\/Dakar22_E4_Isidre_Esteve_1-1-scaled.jpg","contentUrl":"https:\/\/bxrepsol.s3.eu-west-1.amazonaws.com\/static\/2022\/08\/09142050\/Dakar22_E4_Isidre_Esteve_1-1-scaled.jpg","width":2560,"height":1707},{"@type":"BreadcrumbList","@id":"https:\/\/www.boxrepsol.com\/es\/rally\/isidre-esteve-supera-una-jornada-de-maximo-estres-y-velocidad\/#breadcrumb","itemListElement":[{"@type":"ListItem","position":1,"name":"Home","item":"https:\/\/www.boxrepsol.com\/es\/"},{"@type":"ListItem","position":2,"name":"Isidre Esteve supera una jornada de \u201cm\u00e1ximo estr\u00e9s\u201d y velocidad"}]},{"@type":"WebSite","@id":"https:\/\/www.boxrepsol.com\/es\/#website","url":"https:\/\/www.boxrepsol.com\/es\/","name":"Box Repsol","description":"Box Repsol Site","publisher":{"@id":"https:\/\/www.boxrepsol.com\/es\/#organization"},"potentialAction":[{"@type":"SearchAction","target":{"@type":"EntryPoint","urlTemplate":"https:\/\/www.boxrepsol.com\/es\/?s={search_term_string}"},"query-input":{"@type":"PropertyValueSpecification","valueRequired":true,"valueName":"search_term_string"}}],"inLanguage":"es"},{"@type":"Organization","@id":"https:\/\/www.boxrepsol.com\/es\/#organization","name":"Box Repsol","url":"https:\/\/www.boxrepsol.com\/es\/","logo":{"@type":"ImageObject","inLanguage":"es","@id":"https:\/\/www.boxrepsol.com\/es\/#\/schema\/logo\/image\/","url":"https:\/\/bxrepsol.s3.eu-west-1.amazonaws.com\/static\/2025\/07\/30083337\/favicon-96x96-1.png","contentUrl":"https:\/\/bxrepsol.s3.eu-west-1.amazonaws.com\/static\/2025\/07\/30083337\/favicon-96x96-1.png","width":96,"height":96,"caption":"Box Repsol"},"image":{"@id":"https:\/\/www.boxrepsol.com\/es\/#\/schema\/logo\/image\/"},"sameAs":["https:\/\/www.facebook.com\/BoxRepsol","https:\/\/x.com\/box_repsol","http:\/\/instagram.com\/box_repsol","https:\/\/www.youtube.com\/user\/RepsolCompeticion","https:\/\/www.flickr.com\/photos\/box_repsol\/"]},{"@type":"Person","@id":"https:\/\/www.boxrepsol.com\/es\/#\/schema\/person\/c5c2138f2cca251b0ad92b7086bb60b7","name":"Redacci\u00f3n Box Repsol","image":{"@type":"ImageObject","inLanguage":"es","@id":"https:\/\/secure.gravatar.com\/avatar\/adf7b77e38b4419baf32c7e9c21dde01f4e40df611f0978e3006fc4ba0aaab7e?s=96&d=mm&r=g","url":"https:\/\/secure.gravatar.com\/avatar\/adf7b77e38b4419baf32c7e9c21dde01f4e40df611f0978e3006fc4ba0aaab7e?s=96&d=mm&r=g","contentUrl":"https:\/\/secure.gravatar.com\/avatar\/adf7b77e38b4419baf32c7e9c21dde01f4e40df611f0978e3006fc4ba0aaab7e?s=96&d=mm&r=g","caption":"Redacci\u00f3n Box Repsol"},"description":"Box Repsol lo forma un equipo de periodistas, community managers, dise\u00f1adores y fot\u00f3grafos con m\u00e1s de 20 a\u00f1os de experiencia en el mundo del motorsport. Hemos vivido el primer mundial de un espa\u00f1ol en la categor\u00eda reina de motociclismo con \u00c1lex Crivill\u00e9, estuvimos en las victorias de Pedrosa y los t\u00edtulos de M\u00e1rquez, acompa\u00f1amos en \u00c1frica a Nani Roma y Marc Coma en sus conquistas del Dakar y hemos vibrado con los t\u00edtulos de Toni Bou en Trial. Adem\u00e1s, en nuestro equipo contamos con expertos en el mundo de las dos y cuatro ruedas tanto de la calle y las carreteras, como de los circuitos. Periodistas que han trabajado en revistas y publicaciones para hacerte llegar desde rutas y consejos de mantenimiento, a curiosidades y trucos de pilotaje.","sameAs":["https:\/\/www.facebook.com\/BoxRepsol\/","https:\/\/www.instagram.com\/box_repsol\/","https:\/\/x.com\/https:\/\/twitter.com\/box_repsol","https:\/\/www.youtube.com\/@Boxrepsol"],"url":"https:\/\/www.boxrepsol.com\/es\/author\/redaccion-box-repsol\/"}]}},"_links":{"self":[{"href":"https:\/\/www.boxrepsol.com\/es\/wp-json\/wp\/v2\/posts\/95211","targetHints":{"allow":["GET"]}}],"collection":[{"href":"https:\/\/www.boxrepsol.com\/es\/wp-json\/wp\/v2\/posts"}],"about":[{"href":"https:\/\/www.boxrepsol.com\/es\/wp-json\/wp\/v2\/types\/post"}],"author":[{"embeddable":true,"href":"https:\/\/www.boxrepsol.com\/es\/wp-json\/wp\/v2\/users\/43146"}],"replies":[{"embeddable":true,"href":"https:\/\/www.boxrepsol.com\/es\/wp-json\/wp\/v2\/comments?post=95211"}],"version-history":[{"count":1,"href":"https:\/\/www.boxrepsol.com\/es\/wp-json\/wp\/v2\/posts\/95211\/revisions"}],"predecessor-version":[{"id":109502,"href":"https:\/\/www.boxrepsol.com\/es\/wp-json\/wp\/v2\/posts\/95211\/revisions\/109502"}],"wp:featuredmedia":[{"embeddable":true,"href":"https:\/\/www.boxrepsol.com\/es\/wp-json\/wp\/v2\/media\/44887"}],"wp:attachment":[{"href":"https:\/\/www.boxrepsol.com\/es\/wp-json\/wp\/v2\/media?parent=95211"}],"wp:term":[{"taxonomy":"category","embeddable":true,"href":"https:\/\/www.boxrepsol.com\/es\/wp-json\/wp\/v2\/categories?post=95211"},{"taxonomy":"post_tag","embeddable":true,"href":"https:\/\/www.boxrepsol.com\/es\/wp-json\/wp\/v2\/tags?post=95211"}],"curies":[{"name":"wp","href":"https:\/\/api.w.org\/{rel}","templated":true}]}}