{"id":95208,"date":"2022-01-04T00:00:00","date_gmt":"2022-01-04T02:00:00","guid":{"rendered":"http:\/\/pre.boxrepsol.com\/sin-categorizar\/isidre-esteve-resiste-en-el-top-30-pese-a-un-inesperado-susto\/"},"modified":"2024-04-10T05:56:00","modified_gmt":"2024-04-10T07:56:00","slug":"isidre-esteve-resiste-en-el-top-30-pese-a-un-inesperado-susto","status":"publish","type":"post","link":"https:\/\/www.boxrepsol.com\/es\/rally\/isidre-esteve-resiste-en-el-top-30-pese-a-un-inesperado-susto\/","title":{"rendered":"Isidre Esteve resiste en el top 30, pese a un inesperado susto"},"content":{"rendered":"<p>El de Oliana mantiene su 30\u00ba puesto en la general de coches y aspira a ir escalando posiciones en los pr\u00f3ximos d\u00edas.<\/p>\n<p><em>\u00abHoy ha sido una etapa muy r\u00e1pida. Un incidente nos ha cortado el ritmo y hemos pinchado al final. Las diferencias actuales creo que no van a ser determinantes al final del rally y hay que encontrar un equilibrio justo\u201d.<\/em><\/p>\n<p><strong>Isidre Esteve<\/strong> ha vivido una<strong> tercera etapa<\/strong> del <strong>Rally Dakar 2022<\/strong> <strong>movida<\/strong>, en la que se ha tenido que sobreponer a un par de <strong>incidentes<\/strong> sin mayores consecuencias, pero que le han cortado el ritmo. El piloto del <strong>Repsol Rally Team<\/strong> mantiene, a pesar de todo, su <strong>top 30 en la general<\/strong> de coches y conf\u00eda en ir de menos a m\u00e1s durante esta 44\u00aa edici\u00f3n del evento.<\/p>\n<p>Del mismo modo que las dos primeras especiales del Dakar hab\u00edan contado con una navegaci\u00f3n elaborada, y a veces incluso controvertida, como en la etapa 1, esta tercera jornada ha sido una de esas en las que ir a fondo marca la diferencia. Isidre Esteve y Txema Villalobos han tenido que volver a batallar con una posici\u00f3n de salida muy retrasada (79\u00ba), por detr\u00e1s de varios camiones y veh\u00edculos ligeros.<\/p>\n<p>Los espa\u00f1oles han vivido un momento de m\u00e1xima tensi\u00f3n hacia el final de la etapa, en un cord\u00f3n de dunas. All\u00ed, se han encontrado con otros participantes y en un momento dado, mientras bajaban una duna cortada, se han topado con un coche completamente parado. El de Oliana ha tirado de velocidad de reacci\u00f3n para evitar embestirle y solo ha da\u00f1ado la aleta delantera derecha.<\/p>\n<p><em>\u00abLa etapa de hoy era bastante r\u00e1pida, con una primera parte hasta la neutralizaci\u00f3n con peque\u00f1as dunas que nos ha ido bien. Luego, la segunda parte ten\u00eda una zona amplia de dunas, pero con la arena muy mojada y compacta, por lo que se iba casi a fondo en todos lados, sin apenas navegaci\u00f3n y no me he encontrado c\u00f3modo. En esta segunda parte, nos hemos juntado en las dunas con varios coches y en un momento, al bajar de una, nos hemos encontrado a uno de ellos completamente parado. Apenas me ha dado tiempo a esquivarlo y hemos da\u00f1ado la aleta delantera derecha. Esto nos ha roto el ritmo\u201d, <\/em>ha comentado el de Oliana.<em> &nbsp;<\/em><\/p>\n<p><em>\u00abAdem\u00e1s, a 30 km del final hemos pinchado una rueda delantera. Lo importante es que el coche no est\u00e1 muy da\u00f1ado y solo ha sido un susto. Pero no hemos podido imponer nuestro ritmo. Aun as\u00ed, las sensaciones con el coche son muy buenas, con el reglaje que hicimos de suspensiones en la pr\u00f3logo toda va mucho mejor. El nuevo ecocombustible nos da tambi\u00e9n muy buenas prestaciones, comparables con la gasolina que solemos llevar. Los datos que extraigamos de aqu\u00ed son muy importantes para el Repsol Technology Lab para terminar de perfeccionar los detalles de este carburante\u201d.<\/em><\/p>\n<p>Isidre Esteve volver\u00e1 a encontrarse con un importante reto en la <strong>cuarta etapa<\/strong> del rally, que tendr\u00e1 <strong>el tramo cronometrado m\u00e1s largo de toda la edici\u00f3n 2022<\/strong> (Al Qaisumah \u2013 Riad, con 464 km de especial y 243 de enlace). Pero el catal\u00e1n conf\u00eda en ir mejorando cada jornada.<\/p>\n<p><em>\u00ab<\/em><em>El ritmo delante es muy alto, como esper\u00e1bamos, y ya est\u00e1n pasando cosas, as\u00ed que el objetivo es que no nos ocurran a nosotros. Las diferencias actuales creo que no van a ser determinantes al final del rally y hay que encontrar un equilibrio justo en esta carrera; en ello estamos\u201d<\/em>, concluye, con ganas de ir hacia delante, el catal\u00e1n.<\/p>\n<hr>\n<p><strong>Clasificaci\u00f3n etapa:<\/strong><\/p>\n<p>Sainz \/ Cruz (Audi) 2h 26\u201951\u201d<\/p>\n<p>Lategan \/ Cummings (Toyota) +00\u201938\u201d<\/p>\n<p>Perterhansel \/ Boulanger (Audi) +01\u201941\u201d<\/p>\n<p>Roma \/ Haro (Prodrive) +02\u201941\u201d<\/p>\n<p>Ekstrom \/ Bergvist (Audi) +02\u201959\u201d<\/p>\n<p>\u2026<\/p>\n<p><strong>Esteve \/ Villalobos (Toyota) +37\u201927\u201d<\/strong><\/p>\n<hr>\n<p><strong>Clasificaci\u00f3n general:<\/strong><\/p>\n<p>Al-Attiyah \/ Baumel (Toyota) 9h 31\u201922\u201d<\/p>\n<p>Loeb \/ Lurquin (Prodrive) +37\u201940\u201d<\/p>\n<p>\u00c1lvarez \/ Monleon (Toyota) +42\u201906\u201d<\/p>\n<p>De Villers \/ Murphy (Toyota) +45\u201922\u201d<\/p>\n<p>Al Rajhi \/ Orr (Toyota) +47\u201929\u201d<\/p>\n<p>\u2026<\/p>\n<p><strong>Esteve \/ Villalobos (Toyota) +2h 40\u201907\u201d<\/strong><\/p>\n","protected":false},"excerpt":{"rendered":"<p>El piloto del Repsol Rally Team ha logrado superar la tercera etapa del Rally Dakar, a pesar de un golpe con otro competidor y un pinchazo en los \u00faltimos kil\u00f3metros.<\/p>\n","protected":false},"author":43146,"featured_media":44862,"comment_status":"open","ping_status":"open","sticky":false,"template":"","format":"standard","meta":{"footnotes":""},"categories":[27],"tags":[120,201,29],"class_list":["post-95208","post","type-post","status-publish","format-standard","hentry","category-rally","tag-120","tag-dakar","tag-isidre-esteve"],"yoast_head":"<!-- This site is optimized with the Yoast SEO plugin v27.3 - https:\/\/yoast.com\/product\/yoast-seo-wordpress\/ -->\n<title>Isidre Esteve resiste en el top 30, pese a un inesperado susto - Box Repsol<\/title>\n<meta name=\"description\" content=\"Isidre Esteve resiste en el top 30 pese a un inesperado susto. Sigue la emocionante actuaci\u00f3n del piloto espa\u00f1ol en esta desafiante etapa.\" \/>\n<link rel=\"canonical\" href=\"https:\/\/www.boxrepsol.com\/es\/rally\/isidre-esteve-resiste-en-el-top-30-pese-a-un-inesperado-susto\/\" \/>\n<meta property=\"og:locale\" content=\"es_ES\" \/>\n<meta property=\"og:type\" content=\"article\" \/>\n<meta property=\"og:title\" content=\"Isidre Esteve resiste en el top 30, pese a un inesperado susto - Box Repsol\" \/>\n<meta property=\"og:description\" content=\"Isidre Esteve resiste en el top 30 pese a un inesperado susto. Sigue la emocionante actuaci\u00f3n del piloto espa\u00f1ol en esta desafiante etapa.\" \/>\n<meta property=\"og:url\" content=\"https:\/\/www.boxrepsol.com\/es\/rally\/isidre-esteve-resiste-en-el-top-30-pese-a-un-inesperado-susto\/\" \/>\n<meta property=\"og:site_name\" content=\"Box Repsol\" \/>\n<meta property=\"article:publisher\" content=\"https:\/\/www.facebook.com\/BoxRepsol\" \/>\n<meta property=\"article:author\" content=\"https:\/\/www.facebook.com\/BoxRepsol\/\" \/>\n<meta property=\"article:published_time\" content=\"2022-01-04T02:00:00+00:00\" \/>\n<meta property=\"article:modified_time\" content=\"2024-04-10T07:56:00+00:00\" \/>\n<meta property=\"og:image\" content=\"https:\/\/bxrepsol.s3.eu-west-1.amazonaws.com\/static\/2022\/08\/09141952\/Dakar22_E3_Isidre_Esteve_1-1-scaled.jpg\" \/>\n\t<meta property=\"og:image:width\" content=\"2560\" \/>\n\t<meta property=\"og:image:height\" content=\"1706\" \/>\n\t<meta property=\"og:image:type\" content=\"image\/jpeg\" \/>\n<meta name=\"author\" content=\"Redacci\u00f3n Box Repsol\" \/>\n<meta name=\"twitter:card\" content=\"summary_large_image\" \/>\n<meta name=\"twitter:creator\" content=\"@https:\/\/twitter.com\/box_repsol\" \/>\n<meta name=\"twitter:site\" content=\"@box_repsol\" \/>\n<meta name=\"twitter:label1\" content=\"Written by\" \/>\n\t<meta name=\"twitter:data1\" content=\"Redacci\u00f3n Box Repsol\" \/>\n\t<meta name=\"twitter:label2\" content=\"Est. reading time\" \/>\n\t<meta name=\"twitter:data2\" content=\"3 minutos\" \/>\n<script type=\"application\/ld+json\" class=\"yoast-schema-graph\">{\"@context\":\"https:\\\/\\\/schema.org\",\"@graph\":[{\"@type\":\"Article\",\"@id\":\"https:\\\/\\\/www.boxrepsol.com\\\/es\\\/rally\\\/isidre-esteve-resiste-en-el-top-30-pese-a-un-inesperado-susto\\\/#article\",\"isPartOf\":{\"@id\":\"https:\\\/\\\/www.boxrepsol.com\\\/es\\\/rally\\\/isidre-esteve-resiste-en-el-top-30-pese-a-un-inesperado-susto\\\/\"},\"author\":{\"name\":\"Redacci\u00f3n Box Repsol\",\"@id\":\"https:\\\/\\\/www.boxrepsol.com\\\/es\\\/#\\\/schema\\\/person\\\/c5c2138f2cca251b0ad92b7086bb60b7\"},\"headline\":\"Isidre Esteve resiste en el top 30, pese a un inesperado susto\",\"datePublished\":\"2022-01-04T02:00:00+00:00\",\"dateModified\":\"2024-04-10T07:56:00+00:00\",\"mainEntityOfPage\":{\"@id\":\"https:\\\/\\\/www.boxrepsol.com\\\/es\\\/rally\\\/isidre-esteve-resiste-en-el-top-30-pese-a-un-inesperado-susto\\\/\"},\"wordCount\":669,\"commentCount\":0,\"publisher\":{\"@id\":\"https:\\\/\\\/www.boxrepsol.com\\\/es\\\/#organization\"},\"image\":{\"@id\":\"https:\\\/\\\/www.boxrepsol.com\\\/es\\\/rally\\\/isidre-esteve-resiste-en-el-top-30-pese-a-un-inesperado-susto\\\/#primaryimage\"},\"thumbnailUrl\":\"https:\\\/\\\/bxrepsol.s3.eu-west-1.amazonaws.com\\\/static\\\/2022\\\/08\\\/09141952\\\/Dakar22_E3_Isidre_Esteve_1-1-scaled.jpg\",\"keywords\":[\"2022\",\"Dakar\",\"Isidre Esteve\"],\"articleSection\":[\"Rally\"],\"inLanguage\":\"es\",\"potentialAction\":[{\"@type\":\"CommentAction\",\"name\":\"Comment\",\"target\":[\"https:\\\/\\\/www.boxrepsol.com\\\/es\\\/rally\\\/isidre-esteve-resiste-en-el-top-30-pese-a-un-inesperado-susto\\\/#respond\"]}]},{\"@type\":\"WebPage\",\"@id\":\"https:\\\/\\\/www.boxrepsol.com\\\/es\\\/rally\\\/isidre-esteve-resiste-en-el-top-30-pese-a-un-inesperado-susto\\\/\",\"url\":\"https:\\\/\\\/www.boxrepsol.com\\\/es\\\/rally\\\/isidre-esteve-resiste-en-el-top-30-pese-a-un-inesperado-susto\\\/\",\"name\":\"Isidre Esteve resiste en el top 30, pese a un inesperado susto - Box Repsol\",\"isPartOf\":{\"@id\":\"https:\\\/\\\/www.boxrepsol.com\\\/es\\\/#website\"},\"primaryImageOfPage\":{\"@id\":\"https:\\\/\\\/www.boxrepsol.com\\\/es\\\/rally\\\/isidre-esteve-resiste-en-el-top-30-pese-a-un-inesperado-susto\\\/#primaryimage\"},\"image\":{\"@id\":\"https:\\\/\\\/www.boxrepsol.com\\\/es\\\/rally\\\/isidre-esteve-resiste-en-el-top-30-pese-a-un-inesperado-susto\\\/#primaryimage\"},\"thumbnailUrl\":\"https:\\\/\\\/bxrepsol.s3.eu-west-1.amazonaws.com\\\/static\\\/2022\\\/08\\\/09141952\\\/Dakar22_E3_Isidre_Esteve_1-1-scaled.jpg\",\"datePublished\":\"2022-01-04T02:00:00+00:00\",\"dateModified\":\"2024-04-10T07:56:00+00:00\",\"description\":\"Isidre Esteve resiste en el top 30 pese a un inesperado susto. Sigue la emocionante actuaci\u00f3n del piloto espa\u00f1ol en esta desafiante etapa.\",\"breadcrumb\":{\"@id\":\"https:\\\/\\\/www.boxrepsol.com\\\/es\\\/rally\\\/isidre-esteve-resiste-en-el-top-30-pese-a-un-inesperado-susto\\\/#breadcrumb\"},\"inLanguage\":\"es\",\"potentialAction\":[{\"@type\":\"ReadAction\",\"target\":[\"https:\\\/\\\/www.boxrepsol.com\\\/es\\\/rally\\\/isidre-esteve-resiste-en-el-top-30-pese-a-un-inesperado-susto\\\/\"]}]},{\"@type\":\"ImageObject\",\"inLanguage\":\"es\",\"@id\":\"https:\\\/\\\/www.boxrepsol.com\\\/es\\\/rally\\\/isidre-esteve-resiste-en-el-top-30-pese-a-un-inesperado-susto\\\/#primaryimage\",\"url\":\"https:\\\/\\\/bxrepsol.s3.eu-west-1.amazonaws.com\\\/static\\\/2022\\\/08\\\/09141952\\\/Dakar22_E3_Isidre_Esteve_1-1-scaled.jpg\",\"contentUrl\":\"https:\\\/\\\/bxrepsol.s3.eu-west-1.amazonaws.com\\\/static\\\/2022\\\/08\\\/09141952\\\/Dakar22_E3_Isidre_Esteve_1-1-scaled.jpg\",\"width\":2560,\"height\":1706},{\"@type\":\"BreadcrumbList\",\"@id\":\"https:\\\/\\\/www.boxrepsol.com\\\/es\\\/rally\\\/isidre-esteve-resiste-en-el-top-30-pese-a-un-inesperado-susto\\\/#breadcrumb\",\"itemListElement\":[{\"@type\":\"ListItem\",\"position\":1,\"name\":\"Home\",\"item\":\"https:\\\/\\\/www.boxrepsol.com\\\/es\\\/\"},{\"@type\":\"ListItem\",\"position\":2,\"name\":\"Isidre Esteve resiste en el top 30, pese a un inesperado susto\"}]},{\"@type\":\"WebSite\",\"@id\":\"https:\\\/\\\/www.boxrepsol.com\\\/es\\\/#website\",\"url\":\"https:\\\/\\\/www.boxrepsol.com\\\/es\\\/\",\"name\":\"Box Repsol\",\"description\":\"Box Repsol Site\",\"publisher\":{\"@id\":\"https:\\\/\\\/www.boxrepsol.com\\\/es\\\/#organization\"},\"potentialAction\":[{\"@type\":\"SearchAction\",\"target\":{\"@type\":\"EntryPoint\",\"urlTemplate\":\"https:\\\/\\\/www.boxrepsol.com\\\/es\\\/?s={search_term_string}\"},\"query-input\":{\"@type\":\"PropertyValueSpecification\",\"valueRequired\":true,\"valueName\":\"search_term_string\"}}],\"inLanguage\":\"es\"},{\"@type\":\"Organization\",\"@id\":\"https:\\\/\\\/www.boxrepsol.com\\\/es\\\/#organization\",\"name\":\"Box Repsol\",\"url\":\"https:\\\/\\\/www.boxrepsol.com\\\/es\\\/\",\"logo\":{\"@type\":\"ImageObject\",\"inLanguage\":\"es\",\"@id\":\"https:\\\/\\\/www.boxrepsol.com\\\/es\\\/#\\\/schema\\\/logo\\\/image\\\/\",\"url\":\"https:\\\/\\\/bxrepsol.s3.eu-west-1.amazonaws.com\\\/static\\\/2025\\\/07\\\/30083337\\\/favicon-96x96-1.png\",\"contentUrl\":\"https:\\\/\\\/bxrepsol.s3.eu-west-1.amazonaws.com\\\/static\\\/2025\\\/07\\\/30083337\\\/favicon-96x96-1.png\",\"width\":96,\"height\":96,\"caption\":\"Box Repsol\"},\"image\":{\"@id\":\"https:\\\/\\\/www.boxrepsol.com\\\/es\\\/#\\\/schema\\\/logo\\\/image\\\/\"},\"sameAs\":[\"https:\\\/\\\/www.facebook.com\\\/BoxRepsol\",\"https:\\\/\\\/x.com\\\/box_repsol\",\"http:\\\/\\\/instagram.com\\\/box_repsol\",\"https:\\\/\\\/www.youtube.com\\\/user\\\/RepsolCompeticion\",\"https:\\\/\\\/www.flickr.com\\\/photos\\\/box_repsol\\\/\"]},{\"@type\":\"Person\",\"@id\":\"https:\\\/\\\/www.boxrepsol.com\\\/es\\\/#\\\/schema\\\/person\\\/c5c2138f2cca251b0ad92b7086bb60b7\",\"name\":\"Redacci\u00f3n Box Repsol\",\"image\":{\"@type\":\"ImageObject\",\"inLanguage\":\"es\",\"@id\":\"https:\\\/\\\/secure.gravatar.com\\\/avatar\\\/adf7b77e38b4419baf32c7e9c21dde01f4e40df611f0978e3006fc4ba0aaab7e?s=96&d=mm&r=g\",\"url\":\"https:\\\/\\\/secure.gravatar.com\\\/avatar\\\/adf7b77e38b4419baf32c7e9c21dde01f4e40df611f0978e3006fc4ba0aaab7e?s=96&d=mm&r=g\",\"contentUrl\":\"https:\\\/\\\/secure.gravatar.com\\\/avatar\\\/adf7b77e38b4419baf32c7e9c21dde01f4e40df611f0978e3006fc4ba0aaab7e?s=96&d=mm&r=g\",\"caption\":\"Redacci\u00f3n Box Repsol\"},\"description\":\"Box Repsol lo forma un equipo de periodistas, community managers, dise\u00f1adores y fot\u00f3grafos con m\u00e1s de 20 a\u00f1os de experiencia en el mundo del motorsport. Hemos vivido el primer mundial de un espa\u00f1ol en la categor\u00eda reina de motociclismo con \u00c1lex Crivill\u00e9, estuvimos en las victorias de Pedrosa y los t\u00edtulos de M\u00e1rquez, acompa\u00f1amos en \u00c1frica a Nani Roma y Marc Coma en sus conquistas del Dakar y hemos vibrado con los t\u00edtulos de Toni Bou en Trial. Adem\u00e1s, en nuestro equipo contamos con expertos en el mundo de las dos y cuatro ruedas tanto de la calle y las carreteras, como de los circuitos. Periodistas que han trabajado en revistas y publicaciones para hacerte llegar desde rutas y consejos de mantenimiento, a curiosidades y trucos de pilotaje.\",\"sameAs\":[\"https:\\\/\\\/www.facebook.com\\\/BoxRepsol\\\/\",\"https:\\\/\\\/www.instagram.com\\\/box_repsol\\\/\",\"https:\\\/\\\/x.com\\\/https:\\\/\\\/twitter.com\\\/box_repsol\",\"https:\\\/\\\/www.youtube.com\\\/@Boxrepsol\"],\"url\":\"https:\\\/\\\/www.boxrepsol.com\\\/es\\\/author\\\/redaccion-box-repsol\\\/\"}]}<\/script>\n<!-- \/ Yoast SEO plugin. -->","yoast_head_json":{"title":"Isidre Esteve resiste en el top 30, pese a un inesperado susto - Box Repsol","description":"Isidre Esteve resiste en el top 30 pese a un inesperado susto. Sigue la emocionante actuaci\u00f3n del piloto espa\u00f1ol en esta desafiante etapa.","canonical":"https:\/\/www.boxrepsol.com\/es\/rally\/isidre-esteve-resiste-en-el-top-30-pese-a-un-inesperado-susto\/","og_locale":"es_ES","og_type":"article","og_title":"Isidre Esteve resiste en el top 30, pese a un inesperado susto - Box Repsol","og_description":"Isidre Esteve resiste en el top 30 pese a un inesperado susto. Sigue la emocionante actuaci\u00f3n del piloto espa\u00f1ol en esta desafiante etapa.","og_url":"https:\/\/www.boxrepsol.com\/es\/rally\/isidre-esteve-resiste-en-el-top-30-pese-a-un-inesperado-susto\/","og_site_name":"Box Repsol","article_publisher":"https:\/\/www.facebook.com\/BoxRepsol","article_author":"https:\/\/www.facebook.com\/BoxRepsol\/","article_published_time":"2022-01-04T02:00:00+00:00","article_modified_time":"2024-04-10T07:56:00+00:00","og_image":[{"width":2560,"height":1706,"url":"https:\/\/bxrepsol.s3.eu-west-1.amazonaws.com\/static\/2022\/08\/09141952\/Dakar22_E3_Isidre_Esteve_1-1-scaled.jpg","type":"image\/jpeg"}],"author":"Redacci\u00f3n Box Repsol","twitter_card":"summary_large_image","twitter_creator":"@https:\/\/twitter.com\/box_repsol","twitter_site":"@box_repsol","twitter_misc":{"Written by":"Redacci\u00f3n Box Repsol","Est. reading time":"3 minutos"},"schema":{"@context":"https:\/\/schema.org","@graph":[{"@type":"Article","@id":"https:\/\/www.boxrepsol.com\/es\/rally\/isidre-esteve-resiste-en-el-top-30-pese-a-un-inesperado-susto\/#article","isPartOf":{"@id":"https:\/\/www.boxrepsol.com\/es\/rally\/isidre-esteve-resiste-en-el-top-30-pese-a-un-inesperado-susto\/"},"author":{"name":"Redacci\u00f3n Box Repsol","@id":"https:\/\/www.boxrepsol.com\/es\/#\/schema\/person\/c5c2138f2cca251b0ad92b7086bb60b7"},"headline":"Isidre Esteve resiste en el top 30, pese a un inesperado susto","datePublished":"2022-01-04T02:00:00+00:00","dateModified":"2024-04-10T07:56:00+00:00","mainEntityOfPage":{"@id":"https:\/\/www.boxrepsol.com\/es\/rally\/isidre-esteve-resiste-en-el-top-30-pese-a-un-inesperado-susto\/"},"wordCount":669,"commentCount":0,"publisher":{"@id":"https:\/\/www.boxrepsol.com\/es\/#organization"},"image":{"@id":"https:\/\/www.boxrepsol.com\/es\/rally\/isidre-esteve-resiste-en-el-top-30-pese-a-un-inesperado-susto\/#primaryimage"},"thumbnailUrl":"https:\/\/bxrepsol.s3.eu-west-1.amazonaws.com\/static\/2022\/08\/09141952\/Dakar22_E3_Isidre_Esteve_1-1-scaled.jpg","keywords":["2022","Dakar","Isidre Esteve"],"articleSection":["Rally"],"inLanguage":"es","potentialAction":[{"@type":"CommentAction","name":"Comment","target":["https:\/\/www.boxrepsol.com\/es\/rally\/isidre-esteve-resiste-en-el-top-30-pese-a-un-inesperado-susto\/#respond"]}]},{"@type":"WebPage","@id":"https:\/\/www.boxrepsol.com\/es\/rally\/isidre-esteve-resiste-en-el-top-30-pese-a-un-inesperado-susto\/","url":"https:\/\/www.boxrepsol.com\/es\/rally\/isidre-esteve-resiste-en-el-top-30-pese-a-un-inesperado-susto\/","name":"Isidre Esteve resiste en el top 30, pese a un inesperado susto - Box Repsol","isPartOf":{"@id":"https:\/\/www.boxrepsol.com\/es\/#website"},"primaryImageOfPage":{"@id":"https:\/\/www.boxrepsol.com\/es\/rally\/isidre-esteve-resiste-en-el-top-30-pese-a-un-inesperado-susto\/#primaryimage"},"image":{"@id":"https:\/\/www.boxrepsol.com\/es\/rally\/isidre-esteve-resiste-en-el-top-30-pese-a-un-inesperado-susto\/#primaryimage"},"thumbnailUrl":"https:\/\/bxrepsol.s3.eu-west-1.amazonaws.com\/static\/2022\/08\/09141952\/Dakar22_E3_Isidre_Esteve_1-1-scaled.jpg","datePublished":"2022-01-04T02:00:00+00:00","dateModified":"2024-04-10T07:56:00+00:00","description":"Isidre Esteve resiste en el top 30 pese a un inesperado susto. Sigue la emocionante actuaci\u00f3n del piloto espa\u00f1ol en esta desafiante etapa.","breadcrumb":{"@id":"https:\/\/www.boxrepsol.com\/es\/rally\/isidre-esteve-resiste-en-el-top-30-pese-a-un-inesperado-susto\/#breadcrumb"},"inLanguage":"es","potentialAction":[{"@type":"ReadAction","target":["https:\/\/www.boxrepsol.com\/es\/rally\/isidre-esteve-resiste-en-el-top-30-pese-a-un-inesperado-susto\/"]}]},{"@type":"ImageObject","inLanguage":"es","@id":"https:\/\/www.boxrepsol.com\/es\/rally\/isidre-esteve-resiste-en-el-top-30-pese-a-un-inesperado-susto\/#primaryimage","url":"https:\/\/bxrepsol.s3.eu-west-1.amazonaws.com\/static\/2022\/08\/09141952\/Dakar22_E3_Isidre_Esteve_1-1-scaled.jpg","contentUrl":"https:\/\/bxrepsol.s3.eu-west-1.amazonaws.com\/static\/2022\/08\/09141952\/Dakar22_E3_Isidre_Esteve_1-1-scaled.jpg","width":2560,"height":1706},{"@type":"BreadcrumbList","@id":"https:\/\/www.boxrepsol.com\/es\/rally\/isidre-esteve-resiste-en-el-top-30-pese-a-un-inesperado-susto\/#breadcrumb","itemListElement":[{"@type":"ListItem","position":1,"name":"Home","item":"https:\/\/www.boxrepsol.com\/es\/"},{"@type":"ListItem","position":2,"name":"Isidre Esteve resiste en el top 30, pese a un inesperado susto"}]},{"@type":"WebSite","@id":"https:\/\/www.boxrepsol.com\/es\/#website","url":"https:\/\/www.boxrepsol.com\/es\/","name":"Box Repsol","description":"Box Repsol Site","publisher":{"@id":"https:\/\/www.boxrepsol.com\/es\/#organization"},"potentialAction":[{"@type":"SearchAction","target":{"@type":"EntryPoint","urlTemplate":"https:\/\/www.boxrepsol.com\/es\/?s={search_term_string}"},"query-input":{"@type":"PropertyValueSpecification","valueRequired":true,"valueName":"search_term_string"}}],"inLanguage":"es"},{"@type":"Organization","@id":"https:\/\/www.boxrepsol.com\/es\/#organization","name":"Box Repsol","url":"https:\/\/www.boxrepsol.com\/es\/","logo":{"@type":"ImageObject","inLanguage":"es","@id":"https:\/\/www.boxrepsol.com\/es\/#\/schema\/logo\/image\/","url":"https:\/\/bxrepsol.s3.eu-west-1.amazonaws.com\/static\/2025\/07\/30083337\/favicon-96x96-1.png","contentUrl":"https:\/\/bxrepsol.s3.eu-west-1.amazonaws.com\/static\/2025\/07\/30083337\/favicon-96x96-1.png","width":96,"height":96,"caption":"Box Repsol"},"image":{"@id":"https:\/\/www.boxrepsol.com\/es\/#\/schema\/logo\/image\/"},"sameAs":["https:\/\/www.facebook.com\/BoxRepsol","https:\/\/x.com\/box_repsol","http:\/\/instagram.com\/box_repsol","https:\/\/www.youtube.com\/user\/RepsolCompeticion","https:\/\/www.flickr.com\/photos\/box_repsol\/"]},{"@type":"Person","@id":"https:\/\/www.boxrepsol.com\/es\/#\/schema\/person\/c5c2138f2cca251b0ad92b7086bb60b7","name":"Redacci\u00f3n Box Repsol","image":{"@type":"ImageObject","inLanguage":"es","@id":"https:\/\/secure.gravatar.com\/avatar\/adf7b77e38b4419baf32c7e9c21dde01f4e40df611f0978e3006fc4ba0aaab7e?s=96&d=mm&r=g","url":"https:\/\/secure.gravatar.com\/avatar\/adf7b77e38b4419baf32c7e9c21dde01f4e40df611f0978e3006fc4ba0aaab7e?s=96&d=mm&r=g","contentUrl":"https:\/\/secure.gravatar.com\/avatar\/adf7b77e38b4419baf32c7e9c21dde01f4e40df611f0978e3006fc4ba0aaab7e?s=96&d=mm&r=g","caption":"Redacci\u00f3n Box Repsol"},"description":"Box Repsol lo forma un equipo de periodistas, community managers, dise\u00f1adores y fot\u00f3grafos con m\u00e1s de 20 a\u00f1os de experiencia en el mundo del motorsport. Hemos vivido el primer mundial de un espa\u00f1ol en la categor\u00eda reina de motociclismo con \u00c1lex Crivill\u00e9, estuvimos en las victorias de Pedrosa y los t\u00edtulos de M\u00e1rquez, acompa\u00f1amos en \u00c1frica a Nani Roma y Marc Coma en sus conquistas del Dakar y hemos vibrado con los t\u00edtulos de Toni Bou en Trial. Adem\u00e1s, en nuestro equipo contamos con expertos en el mundo de las dos y cuatro ruedas tanto de la calle y las carreteras, como de los circuitos. Periodistas que han trabajado en revistas y publicaciones para hacerte llegar desde rutas y consejos de mantenimiento, a curiosidades y trucos de pilotaje.","sameAs":["https:\/\/www.facebook.com\/BoxRepsol\/","https:\/\/www.instagram.com\/box_repsol\/","https:\/\/x.com\/https:\/\/twitter.com\/box_repsol","https:\/\/www.youtube.com\/@Boxrepsol"],"url":"https:\/\/www.boxrepsol.com\/es\/author\/redaccion-box-repsol\/"}]}},"_links":{"self":[{"href":"https:\/\/www.boxrepsol.com\/es\/wp-json\/wp\/v2\/posts\/95208","targetHints":{"allow":["GET"]}}],"collection":[{"href":"https:\/\/www.boxrepsol.com\/es\/wp-json\/wp\/v2\/posts"}],"about":[{"href":"https:\/\/www.boxrepsol.com\/es\/wp-json\/wp\/v2\/types\/post"}],"author":[{"embeddable":true,"href":"https:\/\/www.boxrepsol.com\/es\/wp-json\/wp\/v2\/users\/43146"}],"replies":[{"embeddable":true,"href":"https:\/\/www.boxrepsol.com\/es\/wp-json\/wp\/v2\/comments?post=95208"}],"version-history":[{"count":1,"href":"https:\/\/www.boxrepsol.com\/es\/wp-json\/wp\/v2\/posts\/95208\/revisions"}],"predecessor-version":[{"id":109501,"href":"https:\/\/www.boxrepsol.com\/es\/wp-json\/wp\/v2\/posts\/95208\/revisions\/109501"}],"wp:featuredmedia":[{"embeddable":true,"href":"https:\/\/www.boxrepsol.com\/es\/wp-json\/wp\/v2\/media\/44862"}],"wp:attachment":[{"href":"https:\/\/www.boxrepsol.com\/es\/wp-json\/wp\/v2\/media?parent=95208"}],"wp:term":[{"taxonomy":"category","embeddable":true,"href":"https:\/\/www.boxrepsol.com\/es\/wp-json\/wp\/v2\/categories?post=95208"},{"taxonomy":"post_tag","embeddable":true,"href":"https:\/\/www.boxrepsol.com\/es\/wp-json\/wp\/v2\/tags?post=95208"}],"curies":[{"name":"wp","href":"https:\/\/api.w.org\/{rel}","templated":true}]}}