{"id":95207,"date":"2022-01-03T00:00:00","date_gmt":"2022-01-03T02:00:00","guid":{"rendered":"http:\/\/pre.boxrepsol.com\/sin-categorizar\/isidre-esteve-minimiza-danos-tras-un-reventon-a-160-km-h\/"},"modified":"2024-04-10T05:56:16","modified_gmt":"2024-04-10T07:56:16","slug":"isidre-esteve-minimiza-danos-tras-un-reventon-a-160-km-h","status":"publish","type":"post","link":"https:\/\/www.boxrepsol.com\/es\/rally\/isidre-esteve-minimiza-danos-tras-un-reventon-a-160-km-h\/","title":{"rendered":"Isidre Esteve minimiza da\u00f1os tras un revent\u00f3n a 160 km\/h"},"content":{"rendered":"<p>A pesar de verse obligado a salir nuevamente m\u00e1s all\u00e1 del 65\u00ba puesto, el catal\u00e1n fue de menos a m\u00e1s para acabar satisfecho con las sensaciones y con ganas de seguir en progresi\u00f3n ascendente.<\/p>\n<p><em>\u00abHemos tenido un susto en el km 80 cuando \u00edbamos muy r\u00e1pido y nos ha estallado una rueda, pero hemos logrado controlar el coche. Despu\u00e9s hemos podido disfrutar y hemos ido a buen ritmo en las dunas\u201d.<\/em><\/p>\n<p><strong>I<\/strong><strong>sidre Esteve y Txema Villalobos<\/strong> han protagonizado este lunes su primer gran susto de la 44\u00aa edici\u00f3n del Rally Dakar, del cual han sabido salir con pericia y sin mayores consecuencias, <strong>tras pinchar a m\u00e1s de 160 km\/h<\/strong>. Pese a su gran actuaci\u00f3n de ayer, han tenido que salir muy retrasados y hacer frente a las exigencias de la segunda etapa, si bien han podido mantenerse dentro del top 30 de coches.<\/p>\n<p><strong>El Repsol Rally Team<\/strong> ven\u00eda de hacer un gran 25\u00ba puesto el domingo, en una etapa que estuvo marcada por la controvertida navegaci\u00f3n propuesta por la organizaci\u00f3n. Pero de poco le ha servido tan buen desempe\u00f1o el d\u00eda anterior, ya que <strong>el nuevo reglamento del Mundial FIA de Rally-raid<\/strong> prioriza en el orden de salida a un gran n\u00famero de pilotos por encima de otros independientemente de la clasificaci\u00f3n. Eso ha obligado a Esteve y Villalobos a arrancar en 67\u00ba lugar, detr\u00e1s de los 10 primeros camiones.<\/p>\n<p>Esto ha condicionado los primeros 200 kil\u00f3metros del d\u00eda, entre pistas sinuosas y alg\u00fan <em>plateau<\/em> de arena. As\u00ed, los catalanes se han visto obligados a pasar con cuidado entre las profundas roderas creadas por los veh\u00edculos pesados (en torno a 10 toneladas) en el terreno embarrado por las lluvias de los \u00faltimos d\u00edas. El gran susto ha llegado pasado el kil\u00f3metro 80, en una zona en la que su Toyota Hilux Overdrive marcaba los 160 km\/h. La rueda trasera izquierda ha reventado repentinamente y el de Oliana ha tenido que tirar de manos para controlar el prototipo 4&#215;4.&nbsp;<\/p>\n<p>\u00ab<i>Hemos tenido un susto en el kil\u00f3metro 80, en una zona muy r\u00e1pida, cuando \u00edbamos a 160 km\/h y nos ha explotado la rueda izquierda de atr\u00e1s. Nos ha costado controlar el coche un poco y nos ha destrozado parte de la aleta trasera y los soportes. Txema ha cambiado la rueda r\u00e1pidamente y apenas hemos perdido 4-5 minutos<\/i>\u201d, comenta Esteve.<\/p>\n<p>\u00ab<i>Pero en la siguiente zona r\u00e1pida he ido con un poco de cuidado porque no sab\u00edamos por qu\u00e9 hab\u00eda explotado. Hasta el kil\u00f3metro 200 era un terreno r\u00e1pido, con algunos pasos de dunas cortadas, pero lo que destacar\u00eda es que era una pista con unas roderas muy hondas de los camiones y todo el rato \u00edbamos metidos dentro de ellas, lo que me obligaba a pelear continuamente con el coche<\/i>\u201d.<\/p>\n<p>No obstante, despu\u00e9s de la neutralizaci\u00f3n del kil\u00f3metro 207, los del Repsol Rally Team han aumentado el ritmo entre las primeras dunas importantes del Dakar para lograr acabar la etapa en 42\u00aa posici\u00f3n provisional. Esto les deja dentro del top 30 de la general de coches, a solo 12 minutos de los 25 primeros.<\/p>\n<p>\u00ab<em>A partir de la neutralizaci\u00f3n, he disfrutado bastante, he vuelto a coger confianza y hemos ido r\u00e1pido en las dunas hasta el final. Las sensaciones son buenas y estamos contentos de esta segunda etapa del Dakar. Con el nivel que hay actualmente en este rally, para poder salir dentro de los 30 primeros, hay que hacer una etapa limpia y como m\u00ednimo, hay que entrar el 20\u00ba o el 21\u00ba. Ayer hicimos 25\u00ba y hemos salido muy atr\u00e1s porque hay muchos pilotos prioritarios que si tienen problemas les vuelven a colocar ah\u00ed delante. Por lo tanto, cuando tengamos una etapa sin percances, con ritmo, podremos tener posibilidades de estar delante y evitar condiciones tan complicadas como las grandes roderas de hoy<\/em>\u201d, concluye el piloto espa\u00f1ol.<\/p>\n<hr>\n<p><strong>Clasificaci\u00f3n etapa:<\/strong><br \/>\n1. Sebastien Loeb (Prodrive) 3h 25\u201900\u201d<br \/>\n2. Nasser Al-Attiyah (Toyota) +3\u201928\u201d<br \/>\n3. Carlos Sainz (Audi) +5\u201952\u201d<br \/>\n4. St\u00e9phane Peterhansel (Audi) +7\u201956\u201d<br \/>\n5. Nani Roma (Prodrive) +8\u201902\u201d<br \/>\n\u2026<br \/>\n<strong>43. Isidre Esteve (Toyota) +55\u201903\u201d<\/strong><\/p>\n<p>&nbsp;<\/p>\n<p><strong>Clasificaci\u00f3n general:<\/strong><br \/>\n1. Nasser Al-Attiyah (Toyota) 6h 59\u201921\u201d<br \/>\n2. Sebastien Loeb (Prodrive) +9\u201916\u201d<br \/>\n3. Lucio \u00c1lvarez (Toyota) +40\u201953\u201d<br \/>\n4. Giniel de Villers (Toyota) +41\u201922\u201d<br \/>\n5. Vladimir Vasilyev (BMW) +43\u201939\u201d<br \/>\n\u2026<br \/>\n<strong>30. Isidre Esteve (Toyota) +2h 07\u201950\u201d<\/strong><\/p>\n","protected":false},"excerpt":{"rendered":"<p>El piloto del Repsol Rally Team ha sufrido un pinchazo repentino de una rueda a m\u00e1xima velocidad cuando peleaba por remontar posiciones camino de Al Qaisumah.<\/p>\n","protected":false},"author":43146,"featured_media":44859,"comment_status":"open","ping_status":"open","sticky":false,"template":"","format":"standard","meta":{"footnotes":""},"categories":[27],"tags":[120,201,29],"class_list":["post-95207","post","type-post","status-publish","format-standard","hentry","category-rally","tag-120","tag-dakar","tag-isidre-esteve"],"yoast_head":"<!-- This site is optimized with the Yoast SEO plugin v27.3 - https:\/\/yoast.com\/product\/yoast-seo-wordpress\/ -->\n<title>Isidre Esteve minimiza da\u00f1os tras un revent\u00f3n a 160 km\/h - Box Repsol<\/title>\n<meta name=\"description\" content=\"Isidre Esteve minimiza da\u00f1os tras un revent\u00f3n a 160 km\/h. Descubre la habilidad y determinaci\u00f3n del piloto en esta situaciones de alto riesgo.\" \/>\n<link rel=\"canonical\" href=\"https:\/\/www.boxrepsol.com\/es\/rally\/isidre-esteve-minimiza-danos-tras-un-reventon-a-160-km-h\/\" \/>\n<meta property=\"og:locale\" content=\"es_ES\" \/>\n<meta property=\"og:type\" content=\"article\" \/>\n<meta property=\"og:title\" content=\"Isidre Esteve minimiza da\u00f1os tras un revent\u00f3n a 160 km\/h - Box Repsol\" \/>\n<meta property=\"og:description\" content=\"Isidre Esteve minimiza da\u00f1os tras un revent\u00f3n a 160 km\/h. Descubre la habilidad y determinaci\u00f3n del piloto en esta situaciones de alto riesgo.\" \/>\n<meta property=\"og:url\" content=\"https:\/\/www.boxrepsol.com\/es\/rally\/isidre-esteve-minimiza-danos-tras-un-reventon-a-160-km-h\/\" \/>\n<meta property=\"og:site_name\" content=\"Box Repsol\" \/>\n<meta property=\"article:publisher\" content=\"https:\/\/www.facebook.com\/BoxRepsol\" \/>\n<meta property=\"article:author\" content=\"https:\/\/www.facebook.com\/BoxRepsol\/\" \/>\n<meta property=\"article:published_time\" content=\"2022-01-03T02:00:00+00:00\" \/>\n<meta property=\"article:modified_time\" content=\"2024-04-10T07:56:16+00:00\" \/>\n<meta property=\"og:image\" content=\"https:\/\/bxrepsol.s3.eu-west-1.amazonaws.com\/static\/2022\/08\/09141945\/Dakar22_E2_Isidre_Esteve_1-1-scaled.jpg\" \/>\n\t<meta property=\"og:image:width\" content=\"2560\" \/>\n\t<meta property=\"og:image:height\" content=\"1706\" \/>\n\t<meta property=\"og:image:type\" content=\"image\/jpeg\" \/>\n<meta name=\"author\" content=\"Redacci\u00f3n Box Repsol\" \/>\n<meta name=\"twitter:card\" content=\"summary_large_image\" \/>\n<meta name=\"twitter:creator\" content=\"@https:\/\/twitter.com\/box_repsol\" \/>\n<meta name=\"twitter:site\" content=\"@box_repsol\" \/>\n<meta name=\"twitter:label1\" content=\"Written by\" \/>\n\t<meta name=\"twitter:data1\" content=\"Redacci\u00f3n Box Repsol\" \/>\n\t<meta name=\"twitter:label2\" content=\"Est. reading time\" \/>\n\t<meta name=\"twitter:data2\" content=\"4 minutos\" \/>\n<script type=\"application\/ld+json\" class=\"yoast-schema-graph\">{\"@context\":\"https:\\\/\\\/schema.org\",\"@graph\":[{\"@type\":\"Article\",\"@id\":\"https:\\\/\\\/www.boxrepsol.com\\\/es\\\/rally\\\/isidre-esteve-minimiza-danos-tras-un-reventon-a-160-km-h\\\/#article\",\"isPartOf\":{\"@id\":\"https:\\\/\\\/www.boxrepsol.com\\\/es\\\/rally\\\/isidre-esteve-minimiza-danos-tras-un-reventon-a-160-km-h\\\/\"},\"author\":{\"name\":\"Redacci\u00f3n Box Repsol\",\"@id\":\"https:\\\/\\\/www.boxrepsol.com\\\/es\\\/#\\\/schema\\\/person\\\/c5c2138f2cca251b0ad92b7086bb60b7\"},\"headline\":\"Isidre Esteve minimiza da\u00f1os tras un revent\u00f3n a 160 km\\\/h\",\"datePublished\":\"2022-01-03T02:00:00+00:00\",\"dateModified\":\"2024-04-10T07:56:16+00:00\",\"mainEntityOfPage\":{\"@id\":\"https:\\\/\\\/www.boxrepsol.com\\\/es\\\/rally\\\/isidre-esteve-minimiza-danos-tras-un-reventon-a-160-km-h\\\/\"},\"wordCount\":721,\"commentCount\":0,\"publisher\":{\"@id\":\"https:\\\/\\\/www.boxrepsol.com\\\/es\\\/#organization\"},\"image\":{\"@id\":\"https:\\\/\\\/www.boxrepsol.com\\\/es\\\/rally\\\/isidre-esteve-minimiza-danos-tras-un-reventon-a-160-km-h\\\/#primaryimage\"},\"thumbnailUrl\":\"https:\\\/\\\/bxrepsol.s3.eu-west-1.amazonaws.com\\\/static\\\/2022\\\/08\\\/09141945\\\/Dakar22_E2_Isidre_Esteve_1-1-scaled.jpg\",\"keywords\":[\"2022\",\"Dakar\",\"Isidre Esteve\"],\"articleSection\":[\"Rally\"],\"inLanguage\":\"es\",\"potentialAction\":[{\"@type\":\"CommentAction\",\"name\":\"Comment\",\"target\":[\"https:\\\/\\\/www.boxrepsol.com\\\/es\\\/rally\\\/isidre-esteve-minimiza-danos-tras-un-reventon-a-160-km-h\\\/#respond\"]}]},{\"@type\":\"WebPage\",\"@id\":\"https:\\\/\\\/www.boxrepsol.com\\\/es\\\/rally\\\/isidre-esteve-minimiza-danos-tras-un-reventon-a-160-km-h\\\/\",\"url\":\"https:\\\/\\\/www.boxrepsol.com\\\/es\\\/rally\\\/isidre-esteve-minimiza-danos-tras-un-reventon-a-160-km-h\\\/\",\"name\":\"Isidre Esteve minimiza da\u00f1os tras un revent\u00f3n a 160 km\\\/h - Box Repsol\",\"isPartOf\":{\"@id\":\"https:\\\/\\\/www.boxrepsol.com\\\/es\\\/#website\"},\"primaryImageOfPage\":{\"@id\":\"https:\\\/\\\/www.boxrepsol.com\\\/es\\\/rally\\\/isidre-esteve-minimiza-danos-tras-un-reventon-a-160-km-h\\\/#primaryimage\"},\"image\":{\"@id\":\"https:\\\/\\\/www.boxrepsol.com\\\/es\\\/rally\\\/isidre-esteve-minimiza-danos-tras-un-reventon-a-160-km-h\\\/#primaryimage\"},\"thumbnailUrl\":\"https:\\\/\\\/bxrepsol.s3.eu-west-1.amazonaws.com\\\/static\\\/2022\\\/08\\\/09141945\\\/Dakar22_E2_Isidre_Esteve_1-1-scaled.jpg\",\"datePublished\":\"2022-01-03T02:00:00+00:00\",\"dateModified\":\"2024-04-10T07:56:16+00:00\",\"description\":\"Isidre Esteve minimiza da\u00f1os tras un revent\u00f3n a 160 km\\\/h. Descubre la habilidad y determinaci\u00f3n del piloto en esta situaciones de alto riesgo.\",\"breadcrumb\":{\"@id\":\"https:\\\/\\\/www.boxrepsol.com\\\/es\\\/rally\\\/isidre-esteve-minimiza-danos-tras-un-reventon-a-160-km-h\\\/#breadcrumb\"},\"inLanguage\":\"es\",\"potentialAction\":[{\"@type\":\"ReadAction\",\"target\":[\"https:\\\/\\\/www.boxrepsol.com\\\/es\\\/rally\\\/isidre-esteve-minimiza-danos-tras-un-reventon-a-160-km-h\\\/\"]}]},{\"@type\":\"ImageObject\",\"inLanguage\":\"es\",\"@id\":\"https:\\\/\\\/www.boxrepsol.com\\\/es\\\/rally\\\/isidre-esteve-minimiza-danos-tras-un-reventon-a-160-km-h\\\/#primaryimage\",\"url\":\"https:\\\/\\\/bxrepsol.s3.eu-west-1.amazonaws.com\\\/static\\\/2022\\\/08\\\/09141945\\\/Dakar22_E2_Isidre_Esteve_1-1-scaled.jpg\",\"contentUrl\":\"https:\\\/\\\/bxrepsol.s3.eu-west-1.amazonaws.com\\\/static\\\/2022\\\/08\\\/09141945\\\/Dakar22_E2_Isidre_Esteve_1-1-scaled.jpg\",\"width\":2560,\"height\":1706},{\"@type\":\"BreadcrumbList\",\"@id\":\"https:\\\/\\\/www.boxrepsol.com\\\/es\\\/rally\\\/isidre-esteve-minimiza-danos-tras-un-reventon-a-160-km-h\\\/#breadcrumb\",\"itemListElement\":[{\"@type\":\"ListItem\",\"position\":1,\"name\":\"Home\",\"item\":\"https:\\\/\\\/www.boxrepsol.com\\\/es\\\/\"},{\"@type\":\"ListItem\",\"position\":2,\"name\":\"Isidre Esteve minimiza da\u00f1os tras un revent\u00f3n a 160 km\\\/h\"}]},{\"@type\":\"WebSite\",\"@id\":\"https:\\\/\\\/www.boxrepsol.com\\\/es\\\/#website\",\"url\":\"https:\\\/\\\/www.boxrepsol.com\\\/es\\\/\",\"name\":\"Box Repsol\",\"description\":\"Box Repsol Site\",\"publisher\":{\"@id\":\"https:\\\/\\\/www.boxrepsol.com\\\/es\\\/#organization\"},\"potentialAction\":[{\"@type\":\"SearchAction\",\"target\":{\"@type\":\"EntryPoint\",\"urlTemplate\":\"https:\\\/\\\/www.boxrepsol.com\\\/es\\\/?s={search_term_string}\"},\"query-input\":{\"@type\":\"PropertyValueSpecification\",\"valueRequired\":true,\"valueName\":\"search_term_string\"}}],\"inLanguage\":\"es\"},{\"@type\":\"Organization\",\"@id\":\"https:\\\/\\\/www.boxrepsol.com\\\/es\\\/#organization\",\"name\":\"Box Repsol\",\"url\":\"https:\\\/\\\/www.boxrepsol.com\\\/es\\\/\",\"logo\":{\"@type\":\"ImageObject\",\"inLanguage\":\"es\",\"@id\":\"https:\\\/\\\/www.boxrepsol.com\\\/es\\\/#\\\/schema\\\/logo\\\/image\\\/\",\"url\":\"https:\\\/\\\/bxrepsol.s3.eu-west-1.amazonaws.com\\\/static\\\/2025\\\/07\\\/30083337\\\/favicon-96x96-1.png\",\"contentUrl\":\"https:\\\/\\\/bxrepsol.s3.eu-west-1.amazonaws.com\\\/static\\\/2025\\\/07\\\/30083337\\\/favicon-96x96-1.png\",\"width\":96,\"height\":96,\"caption\":\"Box Repsol\"},\"image\":{\"@id\":\"https:\\\/\\\/www.boxrepsol.com\\\/es\\\/#\\\/schema\\\/logo\\\/image\\\/\"},\"sameAs\":[\"https:\\\/\\\/www.facebook.com\\\/BoxRepsol\",\"https:\\\/\\\/x.com\\\/box_repsol\",\"http:\\\/\\\/instagram.com\\\/box_repsol\",\"https:\\\/\\\/www.youtube.com\\\/user\\\/RepsolCompeticion\",\"https:\\\/\\\/www.flickr.com\\\/photos\\\/box_repsol\\\/\"]},{\"@type\":\"Person\",\"@id\":\"https:\\\/\\\/www.boxrepsol.com\\\/es\\\/#\\\/schema\\\/person\\\/c5c2138f2cca251b0ad92b7086bb60b7\",\"name\":\"Redacci\u00f3n Box Repsol\",\"image\":{\"@type\":\"ImageObject\",\"inLanguage\":\"es\",\"@id\":\"https:\\\/\\\/secure.gravatar.com\\\/avatar\\\/adf7b77e38b4419baf32c7e9c21dde01f4e40df611f0978e3006fc4ba0aaab7e?s=96&d=mm&r=g\",\"url\":\"https:\\\/\\\/secure.gravatar.com\\\/avatar\\\/adf7b77e38b4419baf32c7e9c21dde01f4e40df611f0978e3006fc4ba0aaab7e?s=96&d=mm&r=g\",\"contentUrl\":\"https:\\\/\\\/secure.gravatar.com\\\/avatar\\\/adf7b77e38b4419baf32c7e9c21dde01f4e40df611f0978e3006fc4ba0aaab7e?s=96&d=mm&r=g\",\"caption\":\"Redacci\u00f3n Box Repsol\"},\"description\":\"Box Repsol lo forma un equipo de periodistas, community managers, dise\u00f1adores y fot\u00f3grafos con m\u00e1s de 20 a\u00f1os de experiencia en el mundo del motorsport. Hemos vivido el primer mundial de un espa\u00f1ol en la categor\u00eda reina de motociclismo con \u00c1lex Crivill\u00e9, estuvimos en las victorias de Pedrosa y los t\u00edtulos de M\u00e1rquez, acompa\u00f1amos en \u00c1frica a Nani Roma y Marc Coma en sus conquistas del Dakar y hemos vibrado con los t\u00edtulos de Toni Bou en Trial. Adem\u00e1s, en nuestro equipo contamos con expertos en el mundo de las dos y cuatro ruedas tanto de la calle y las carreteras, como de los circuitos. Periodistas que han trabajado en revistas y publicaciones para hacerte llegar desde rutas y consejos de mantenimiento, a curiosidades y trucos de pilotaje.\",\"sameAs\":[\"https:\\\/\\\/www.facebook.com\\\/BoxRepsol\\\/\",\"https:\\\/\\\/www.instagram.com\\\/box_repsol\\\/\",\"https:\\\/\\\/x.com\\\/https:\\\/\\\/twitter.com\\\/box_repsol\",\"https:\\\/\\\/www.youtube.com\\\/@Boxrepsol\"],\"url\":\"https:\\\/\\\/www.boxrepsol.com\\\/es\\\/author\\\/redaccion-box-repsol\\\/\"}]}<\/script>\n<!-- \/ Yoast SEO plugin. -->","yoast_head_json":{"title":"Isidre Esteve minimiza da\u00f1os tras un revent\u00f3n a 160 km\/h - Box Repsol","description":"Isidre Esteve minimiza da\u00f1os tras un revent\u00f3n a 160 km\/h. Descubre la habilidad y determinaci\u00f3n del piloto en esta situaciones de alto riesgo.","canonical":"https:\/\/www.boxrepsol.com\/es\/rally\/isidre-esteve-minimiza-danos-tras-un-reventon-a-160-km-h\/","og_locale":"es_ES","og_type":"article","og_title":"Isidre Esteve minimiza da\u00f1os tras un revent\u00f3n a 160 km\/h - Box Repsol","og_description":"Isidre Esteve minimiza da\u00f1os tras un revent\u00f3n a 160 km\/h. Descubre la habilidad y determinaci\u00f3n del piloto en esta situaciones de alto riesgo.","og_url":"https:\/\/www.boxrepsol.com\/es\/rally\/isidre-esteve-minimiza-danos-tras-un-reventon-a-160-km-h\/","og_site_name":"Box Repsol","article_publisher":"https:\/\/www.facebook.com\/BoxRepsol","article_author":"https:\/\/www.facebook.com\/BoxRepsol\/","article_published_time":"2022-01-03T02:00:00+00:00","article_modified_time":"2024-04-10T07:56:16+00:00","og_image":[{"width":2560,"height":1706,"url":"https:\/\/bxrepsol.s3.eu-west-1.amazonaws.com\/static\/2022\/08\/09141945\/Dakar22_E2_Isidre_Esteve_1-1-scaled.jpg","type":"image\/jpeg"}],"author":"Redacci\u00f3n Box Repsol","twitter_card":"summary_large_image","twitter_creator":"@https:\/\/twitter.com\/box_repsol","twitter_site":"@box_repsol","twitter_misc":{"Written by":"Redacci\u00f3n Box Repsol","Est. reading time":"4 minutos"},"schema":{"@context":"https:\/\/schema.org","@graph":[{"@type":"Article","@id":"https:\/\/www.boxrepsol.com\/es\/rally\/isidre-esteve-minimiza-danos-tras-un-reventon-a-160-km-h\/#article","isPartOf":{"@id":"https:\/\/www.boxrepsol.com\/es\/rally\/isidre-esteve-minimiza-danos-tras-un-reventon-a-160-km-h\/"},"author":{"name":"Redacci\u00f3n Box Repsol","@id":"https:\/\/www.boxrepsol.com\/es\/#\/schema\/person\/c5c2138f2cca251b0ad92b7086bb60b7"},"headline":"Isidre Esteve minimiza da\u00f1os tras un revent\u00f3n a 160 km\/h","datePublished":"2022-01-03T02:00:00+00:00","dateModified":"2024-04-10T07:56:16+00:00","mainEntityOfPage":{"@id":"https:\/\/www.boxrepsol.com\/es\/rally\/isidre-esteve-minimiza-danos-tras-un-reventon-a-160-km-h\/"},"wordCount":721,"commentCount":0,"publisher":{"@id":"https:\/\/www.boxrepsol.com\/es\/#organization"},"image":{"@id":"https:\/\/www.boxrepsol.com\/es\/rally\/isidre-esteve-minimiza-danos-tras-un-reventon-a-160-km-h\/#primaryimage"},"thumbnailUrl":"https:\/\/bxrepsol.s3.eu-west-1.amazonaws.com\/static\/2022\/08\/09141945\/Dakar22_E2_Isidre_Esteve_1-1-scaled.jpg","keywords":["2022","Dakar","Isidre Esteve"],"articleSection":["Rally"],"inLanguage":"es","potentialAction":[{"@type":"CommentAction","name":"Comment","target":["https:\/\/www.boxrepsol.com\/es\/rally\/isidre-esteve-minimiza-danos-tras-un-reventon-a-160-km-h\/#respond"]}]},{"@type":"WebPage","@id":"https:\/\/www.boxrepsol.com\/es\/rally\/isidre-esteve-minimiza-danos-tras-un-reventon-a-160-km-h\/","url":"https:\/\/www.boxrepsol.com\/es\/rally\/isidre-esteve-minimiza-danos-tras-un-reventon-a-160-km-h\/","name":"Isidre Esteve minimiza da\u00f1os tras un revent\u00f3n a 160 km\/h - Box Repsol","isPartOf":{"@id":"https:\/\/www.boxrepsol.com\/es\/#website"},"primaryImageOfPage":{"@id":"https:\/\/www.boxrepsol.com\/es\/rally\/isidre-esteve-minimiza-danos-tras-un-reventon-a-160-km-h\/#primaryimage"},"image":{"@id":"https:\/\/www.boxrepsol.com\/es\/rally\/isidre-esteve-minimiza-danos-tras-un-reventon-a-160-km-h\/#primaryimage"},"thumbnailUrl":"https:\/\/bxrepsol.s3.eu-west-1.amazonaws.com\/static\/2022\/08\/09141945\/Dakar22_E2_Isidre_Esteve_1-1-scaled.jpg","datePublished":"2022-01-03T02:00:00+00:00","dateModified":"2024-04-10T07:56:16+00:00","description":"Isidre Esteve minimiza da\u00f1os tras un revent\u00f3n a 160 km\/h. Descubre la habilidad y determinaci\u00f3n del piloto en esta situaciones de alto riesgo.","breadcrumb":{"@id":"https:\/\/www.boxrepsol.com\/es\/rally\/isidre-esteve-minimiza-danos-tras-un-reventon-a-160-km-h\/#breadcrumb"},"inLanguage":"es","potentialAction":[{"@type":"ReadAction","target":["https:\/\/www.boxrepsol.com\/es\/rally\/isidre-esteve-minimiza-danos-tras-un-reventon-a-160-km-h\/"]}]},{"@type":"ImageObject","inLanguage":"es","@id":"https:\/\/www.boxrepsol.com\/es\/rally\/isidre-esteve-minimiza-danos-tras-un-reventon-a-160-km-h\/#primaryimage","url":"https:\/\/bxrepsol.s3.eu-west-1.amazonaws.com\/static\/2022\/08\/09141945\/Dakar22_E2_Isidre_Esteve_1-1-scaled.jpg","contentUrl":"https:\/\/bxrepsol.s3.eu-west-1.amazonaws.com\/static\/2022\/08\/09141945\/Dakar22_E2_Isidre_Esteve_1-1-scaled.jpg","width":2560,"height":1706},{"@type":"BreadcrumbList","@id":"https:\/\/www.boxrepsol.com\/es\/rally\/isidre-esteve-minimiza-danos-tras-un-reventon-a-160-km-h\/#breadcrumb","itemListElement":[{"@type":"ListItem","position":1,"name":"Home","item":"https:\/\/www.boxrepsol.com\/es\/"},{"@type":"ListItem","position":2,"name":"Isidre Esteve minimiza da\u00f1os tras un revent\u00f3n a 160 km\/h"}]},{"@type":"WebSite","@id":"https:\/\/www.boxrepsol.com\/es\/#website","url":"https:\/\/www.boxrepsol.com\/es\/","name":"Box Repsol","description":"Box Repsol Site","publisher":{"@id":"https:\/\/www.boxrepsol.com\/es\/#organization"},"potentialAction":[{"@type":"SearchAction","target":{"@type":"EntryPoint","urlTemplate":"https:\/\/www.boxrepsol.com\/es\/?s={search_term_string}"},"query-input":{"@type":"PropertyValueSpecification","valueRequired":true,"valueName":"search_term_string"}}],"inLanguage":"es"},{"@type":"Organization","@id":"https:\/\/www.boxrepsol.com\/es\/#organization","name":"Box Repsol","url":"https:\/\/www.boxrepsol.com\/es\/","logo":{"@type":"ImageObject","inLanguage":"es","@id":"https:\/\/www.boxrepsol.com\/es\/#\/schema\/logo\/image\/","url":"https:\/\/bxrepsol.s3.eu-west-1.amazonaws.com\/static\/2025\/07\/30083337\/favicon-96x96-1.png","contentUrl":"https:\/\/bxrepsol.s3.eu-west-1.amazonaws.com\/static\/2025\/07\/30083337\/favicon-96x96-1.png","width":96,"height":96,"caption":"Box Repsol"},"image":{"@id":"https:\/\/www.boxrepsol.com\/es\/#\/schema\/logo\/image\/"},"sameAs":["https:\/\/www.facebook.com\/BoxRepsol","https:\/\/x.com\/box_repsol","http:\/\/instagram.com\/box_repsol","https:\/\/www.youtube.com\/user\/RepsolCompeticion","https:\/\/www.flickr.com\/photos\/box_repsol\/"]},{"@type":"Person","@id":"https:\/\/www.boxrepsol.com\/es\/#\/schema\/person\/c5c2138f2cca251b0ad92b7086bb60b7","name":"Redacci\u00f3n Box Repsol","image":{"@type":"ImageObject","inLanguage":"es","@id":"https:\/\/secure.gravatar.com\/avatar\/adf7b77e38b4419baf32c7e9c21dde01f4e40df611f0978e3006fc4ba0aaab7e?s=96&d=mm&r=g","url":"https:\/\/secure.gravatar.com\/avatar\/adf7b77e38b4419baf32c7e9c21dde01f4e40df611f0978e3006fc4ba0aaab7e?s=96&d=mm&r=g","contentUrl":"https:\/\/secure.gravatar.com\/avatar\/adf7b77e38b4419baf32c7e9c21dde01f4e40df611f0978e3006fc4ba0aaab7e?s=96&d=mm&r=g","caption":"Redacci\u00f3n Box Repsol"},"description":"Box Repsol lo forma un equipo de periodistas, community managers, dise\u00f1adores y fot\u00f3grafos con m\u00e1s de 20 a\u00f1os de experiencia en el mundo del motorsport. Hemos vivido el primer mundial de un espa\u00f1ol en la categor\u00eda reina de motociclismo con \u00c1lex Crivill\u00e9, estuvimos en las victorias de Pedrosa y los t\u00edtulos de M\u00e1rquez, acompa\u00f1amos en \u00c1frica a Nani Roma y Marc Coma en sus conquistas del Dakar y hemos vibrado con los t\u00edtulos de Toni Bou en Trial. Adem\u00e1s, en nuestro equipo contamos con expertos en el mundo de las dos y cuatro ruedas tanto de la calle y las carreteras, como de los circuitos. Periodistas que han trabajado en revistas y publicaciones para hacerte llegar desde rutas y consejos de mantenimiento, a curiosidades y trucos de pilotaje.","sameAs":["https:\/\/www.facebook.com\/BoxRepsol\/","https:\/\/www.instagram.com\/box_repsol\/","https:\/\/x.com\/https:\/\/twitter.com\/box_repsol","https:\/\/www.youtube.com\/@Boxrepsol"],"url":"https:\/\/www.boxrepsol.com\/es\/author\/redaccion-box-repsol\/"}]}},"_links":{"self":[{"href":"https:\/\/www.boxrepsol.com\/es\/wp-json\/wp\/v2\/posts\/95207","targetHints":{"allow":["GET"]}}],"collection":[{"href":"https:\/\/www.boxrepsol.com\/es\/wp-json\/wp\/v2\/posts"}],"about":[{"href":"https:\/\/www.boxrepsol.com\/es\/wp-json\/wp\/v2\/types\/post"}],"author":[{"embeddable":true,"href":"https:\/\/www.boxrepsol.com\/es\/wp-json\/wp\/v2\/users\/43146"}],"replies":[{"embeddable":true,"href":"https:\/\/www.boxrepsol.com\/es\/wp-json\/wp\/v2\/comments?post=95207"}],"version-history":[{"count":1,"href":"https:\/\/www.boxrepsol.com\/es\/wp-json\/wp\/v2\/posts\/95207\/revisions"}],"predecessor-version":[{"id":109500,"href":"https:\/\/www.boxrepsol.com\/es\/wp-json\/wp\/v2\/posts\/95207\/revisions\/109500"}],"wp:featuredmedia":[{"embeddable":true,"href":"https:\/\/www.boxrepsol.com\/es\/wp-json\/wp\/v2\/media\/44859"}],"wp:attachment":[{"href":"https:\/\/www.boxrepsol.com\/es\/wp-json\/wp\/v2\/media?parent=95207"}],"wp:term":[{"taxonomy":"category","embeddable":true,"href":"https:\/\/www.boxrepsol.com\/es\/wp-json\/wp\/v2\/categories?post=95207"},{"taxonomy":"post_tag","embeddable":true,"href":"https:\/\/www.boxrepsol.com\/es\/wp-json\/wp\/v2\/tags?post=95207"}],"curies":[{"name":"wp","href":"https:\/\/api.w.org\/{rel}","templated":true}]}}