{"id":95206,"date":"2022-01-02T00:00:00","date_gmt":"2022-01-02T02:00:00","guid":{"rendered":"http:\/\/pre.boxrepsol.com\/sin-categorizar\/isidre-esteve-top-25-primera-etapa\/"},"modified":"2024-04-10T05:56:31","modified_gmt":"2024-04-10T07:56:31","slug":"isidre-esteve-top-25-primera-etapa","status":"publish","type":"post","link":"https:\/\/www.boxrepsol.com\/es\/rally\/isidre-esteve-top-25-primera-etapa\/","title":{"rendered":"Isidre Esteve se mete en el top 25 del Dakar en una primera etapa ca\u00f3tica"},"content":{"rendered":"<p>La primera etapa larga del Rally Dakar ha ofrecido una buena dosis de sobresaltos y emociones debido a una navegaci\u00f3n compleja en el bucle Hail-Hail (514 km, de los cuales 333 contra el reloj). Isidre Esteve y Txema Villalobos se sobrepusieron a las trampas del recorrido para lograr un 25\u00ba puesto final m\u00e1s que sobresaliente entre los coches.<\/p>\n<p>El Repsol Rally Team ha superado con nota una jornada que ha causado estragos entre los favoritos a la victoria y que ha contado con un libro de ruta exigente entre pistas sinuosas de arena y algunos pasos complicados entre ca\u00f1ones. Aun as\u00ed, Villalobos ha estado acertado durante la mayor parte del d\u00eda para recuperar un buen pu\u00f1ado de posiciones y escalar tambi\u00e9n a la 25\u00aa posici\u00f3n de la general provisional del rally.<\/p>\n<p>\u00ab<em>Estamos muy contentos con la etapa de hoy, pero lo mejor son las sensaciones. Donde el a\u00f1o pasado sufr\u00edamos mucho en la pista con el coche porque no ten\u00edamos confianza, este a\u00f1o nos divertimos. Con las sensaciones que he tenido hoy, este a\u00f1o en el Dakar nos vamos a divertir much\u00edsimo porque el coche va muy bien, yo me encuentro muy bien y Txema tiene mucha seguridad en la navegaci\u00f3n, as\u00ed que estamos muy contentos<\/em>\u00ab, ha comentado Esteve en el vivac de Hail.<\/p>\n<p>La nota del roadbook que ha causado la controversia se encontraba en el kil\u00f3metro 257, y en medio del caos, la experiencia en moto del piloto de Oliana (10 participaciones en el Dakar) ha jugado un papel clave para vislumbrar entre mil y una trazadas cu\u00e1l era la pista correcta.<\/p>\n<p><em>\u00abEn el fuerapista, muchas veces pasa que, aunque vayas siguiendo el rumbo correcto, puede estar en paralelo, a derecha o a izquierda. Ha habido un momento que, despu\u00e9s de 10 kil\u00f3metros, ten\u00edamos que encontrar un way point y no lo encontr\u00e1bamos. Hemos empezado a dar vueltas, no sab\u00edamos si lo ten\u00edamos m\u00e1s adelante o m\u00e1s atr\u00e1s. Al final, cruzando pistas, hemos encontrado una que estaba rodada y hemos dicho \u2018esta podr\u00eda ser\u2019. Hemos ido hacia atr\u00e1s hasta que lo hemos encontrado. A veces hay un punto de suerte, pero hay que estar muy atento a todo lo que te rodea en cada instante para ver qu\u00e9 referencia te sirve para encontrar el punto<\/em>\u00ab, explica Esteve.<\/p>\n<p>Por su parte, Txema Villalobos respalda este tipo de navegaci\u00f3n complicada y considera que es lo que el Rally Dakar debe ofrecer: \u00ab<em>El problema estaba 10 kil\u00f3metros antes de un waypoint, ya que hab\u00eda una peque\u00f1a pista que hab\u00eda que coger a la izquierda y los pilotos de delante se han ido de frente. Nosotros hemos ido a la izquierda, pero no lo suficiente y la pista se iba separando cada vez m\u00e1s, hasta que nos hemos ido a la derecha. Luego, ha habido que entender c\u00f3mo encontrarla. Era una trampa que pone la organizaci\u00f3n para hacerlo m\u00e1s interesante, pero esta es la navegaci\u00f3n que toca para un Dakar<\/em>\u00ab.<\/p>\n<p><strong>Clasificaci\u00f3n etapa:<\/strong><br \/>\n1. Nasser Al-Attiyah (Toyota) 3h 30\u201953\u201d<br \/>\n2. Sebastien Loeb (Prodrive) +12\u201944\u201d<br \/>\n3. Martin Prokop (Ford) +22\u201939\u201d<br \/>\n4. Lucio \u00c1lvarez (Toyota) +27\u201942\u201d<br \/>\n5. Vladimir Vasilyev (BMW) +28\u201958\u201d<br \/>\n\u2026<br \/>\n25. Isidre Esteve (Toyota) +1h 16\u201915\u201d<\/p>\n<p><strong>Clasificaci\u00f3n general:<\/strong><br \/>\n1. Nasser Al-Attiyah (Toyota) 3h 30\u201953\u201d<br \/>\n2. Sebastien Loeb (Prodrive) +12\u201944\u201d<br \/>\n3. Martin Prokop (Ford) +22\u201939\u201d<br \/>\n4. Lucio \u00c1lvarez (Toyota) +27\u201942\u201d<br \/>\n5. Vladimir Vasilyev (BMW) +28\u201958\u201d<br \/>\n\u2026<br \/>\n25. Isidre Esteve (Toyota) +1h 16\u201915\u201d<\/p>\n","protected":false},"excerpt":{"rendered":"<p>El piloto espa\u00f1ol ha dado un salto importante en la general del rally, a pesar de salir desde la 77\u00aa posici\u00f3n este domingo, detr\u00e1s de varios camiones y veh\u00edculos ligeros<\/p>\n","protected":false},"author":43146,"featured_media":44856,"comment_status":"open","ping_status":"open","sticky":false,"template":"","format":"standard","meta":{"footnotes":""},"categories":[27],"tags":[120,201,29,183],"class_list":["post-95206","post","type-post","status-publish","format-standard","hentry","category-rally","tag-120","tag-dakar","tag-isidre-esteve","tag-repsol-rally-team"],"yoast_head":"<!-- This site is optimized with the Yoast SEO plugin v27.3 - https:\/\/yoast.com\/product\/yoast-seo-wordpress\/ -->\n<title>Isidre Esteve se mete en el top 25 del Dakar en una primera etapa ca\u00f3tica - Box Repsol<\/title>\n<meta name=\"description\" content=\"Celebra junto a Isidre Esteve su desempe\u00f1o al asegurar un lugar en el top 25 en la primera etapa del rally, marcando un comienzo prometedor.\" \/>\n<link rel=\"canonical\" href=\"https:\/\/www.boxrepsol.com\/es\/rally\/isidre-esteve-top-25-primera-etapa\/\" \/>\n<meta property=\"og:locale\" content=\"es_ES\" \/>\n<meta property=\"og:type\" content=\"article\" \/>\n<meta property=\"og:title\" content=\"Isidre Esteve se mete en el top 25 del Dakar en una primera etapa ca\u00f3tica - Box Repsol\" \/>\n<meta property=\"og:description\" content=\"Celebra junto a Isidre Esteve su desempe\u00f1o al asegurar un lugar en el top 25 en la primera etapa del rally, marcando un comienzo prometedor.\" \/>\n<meta property=\"og:url\" content=\"https:\/\/www.boxrepsol.com\/es\/rally\/isidre-esteve-top-25-primera-etapa\/\" \/>\n<meta property=\"og:site_name\" content=\"Box Repsol\" \/>\n<meta property=\"article:publisher\" content=\"https:\/\/www.facebook.com\/BoxRepsol\" \/>\n<meta property=\"article:author\" content=\"https:\/\/www.facebook.com\/BoxRepsol\/\" \/>\n<meta property=\"article:published_time\" content=\"2022-01-02T02:00:00+00:00\" \/>\n<meta property=\"article:modified_time\" content=\"2024-04-10T07:56:31+00:00\" \/>\n<meta property=\"og:image\" content=\"https:\/\/bxrepsol.s3.eu-west-1.amazonaws.com\/static\/2022\/08\/09141938\/Dakar22_E1_Isidre_Esteve_1-1-scaled.jpg\" \/>\n\t<meta property=\"og:image:width\" content=\"2560\" \/>\n\t<meta property=\"og:image:height\" content=\"1706\" \/>\n\t<meta property=\"og:image:type\" content=\"image\/jpeg\" \/>\n<meta name=\"author\" content=\"Redacci\u00f3n Box Repsol\" \/>\n<meta name=\"twitter:card\" content=\"summary_large_image\" \/>\n<meta name=\"twitter:creator\" content=\"@https:\/\/twitter.com\/box_repsol\" \/>\n<meta name=\"twitter:site\" content=\"@box_repsol\" \/>\n<meta name=\"twitter:label1\" content=\"Written by\" \/>\n\t<meta name=\"twitter:data1\" content=\"Redacci\u00f3n Box Repsol\" \/>\n\t<meta name=\"twitter:label2\" content=\"Est. reading time\" \/>\n\t<meta name=\"twitter:data2\" content=\"3 minutos\" \/>\n<script type=\"application\/ld+json\" class=\"yoast-schema-graph\">{\"@context\":\"https:\\\/\\\/schema.org\",\"@graph\":[{\"@type\":\"Article\",\"@id\":\"https:\\\/\\\/www.boxrepsol.com\\\/es\\\/rally\\\/isidre-esteve-top-25-primera-etapa\\\/#article\",\"isPartOf\":{\"@id\":\"https:\\\/\\\/www.boxrepsol.com\\\/es\\\/rally\\\/isidre-esteve-top-25-primera-etapa\\\/\"},\"author\":{\"name\":\"Redacci\u00f3n Box Repsol\",\"@id\":\"https:\\\/\\\/www.boxrepsol.com\\\/es\\\/#\\\/schema\\\/person\\\/c5c2138f2cca251b0ad92b7086bb60b7\"},\"headline\":\"Isidre Esteve se mete en el top 25 del Dakar en una primera etapa ca\u00f3tica\",\"datePublished\":\"2022-01-02T02:00:00+00:00\",\"dateModified\":\"2024-04-10T07:56:31+00:00\",\"mainEntityOfPage\":{\"@id\":\"https:\\\/\\\/www.boxrepsol.com\\\/es\\\/rally\\\/isidre-esteve-top-25-primera-etapa\\\/\"},\"wordCount\":578,\"commentCount\":0,\"publisher\":{\"@id\":\"https:\\\/\\\/www.boxrepsol.com\\\/es\\\/#organization\"},\"image\":{\"@id\":\"https:\\\/\\\/www.boxrepsol.com\\\/es\\\/rally\\\/isidre-esteve-top-25-primera-etapa\\\/#primaryimage\"},\"thumbnailUrl\":\"https:\\\/\\\/bxrepsol.s3.eu-west-1.amazonaws.com\\\/static\\\/2022\\\/08\\\/09141938\\\/Dakar22_E1_Isidre_Esteve_1-1-scaled.jpg\",\"keywords\":[\"2022\",\"Dakar\",\"Isidre Esteve\",\"Repsol Rally Team\"],\"articleSection\":[\"Rally\"],\"inLanguage\":\"es\",\"potentialAction\":[{\"@type\":\"CommentAction\",\"name\":\"Comment\",\"target\":[\"https:\\\/\\\/www.boxrepsol.com\\\/es\\\/rally\\\/isidre-esteve-top-25-primera-etapa\\\/#respond\"]}]},{\"@type\":\"WebPage\",\"@id\":\"https:\\\/\\\/www.boxrepsol.com\\\/es\\\/rally\\\/isidre-esteve-top-25-primera-etapa\\\/\",\"url\":\"https:\\\/\\\/www.boxrepsol.com\\\/es\\\/rally\\\/isidre-esteve-top-25-primera-etapa\\\/\",\"name\":\"Isidre Esteve se mete en el top 25 del Dakar en una primera etapa ca\u00f3tica - Box Repsol\",\"isPartOf\":{\"@id\":\"https:\\\/\\\/www.boxrepsol.com\\\/es\\\/#website\"},\"primaryImageOfPage\":{\"@id\":\"https:\\\/\\\/www.boxrepsol.com\\\/es\\\/rally\\\/isidre-esteve-top-25-primera-etapa\\\/#primaryimage\"},\"image\":{\"@id\":\"https:\\\/\\\/www.boxrepsol.com\\\/es\\\/rally\\\/isidre-esteve-top-25-primera-etapa\\\/#primaryimage\"},\"thumbnailUrl\":\"https:\\\/\\\/bxrepsol.s3.eu-west-1.amazonaws.com\\\/static\\\/2022\\\/08\\\/09141938\\\/Dakar22_E1_Isidre_Esteve_1-1-scaled.jpg\",\"datePublished\":\"2022-01-02T02:00:00+00:00\",\"dateModified\":\"2024-04-10T07:56:31+00:00\",\"description\":\"Celebra junto a Isidre Esteve su desempe\u00f1o al asegurar un lugar en el top 25 en la primera etapa del rally, marcando un comienzo prometedor.\",\"breadcrumb\":{\"@id\":\"https:\\\/\\\/www.boxrepsol.com\\\/es\\\/rally\\\/isidre-esteve-top-25-primera-etapa\\\/#breadcrumb\"},\"inLanguage\":\"es\",\"potentialAction\":[{\"@type\":\"ReadAction\",\"target\":[\"https:\\\/\\\/www.boxrepsol.com\\\/es\\\/rally\\\/isidre-esteve-top-25-primera-etapa\\\/\"]}]},{\"@type\":\"ImageObject\",\"inLanguage\":\"es\",\"@id\":\"https:\\\/\\\/www.boxrepsol.com\\\/es\\\/rally\\\/isidre-esteve-top-25-primera-etapa\\\/#primaryimage\",\"url\":\"https:\\\/\\\/bxrepsol.s3.eu-west-1.amazonaws.com\\\/static\\\/2022\\\/08\\\/09141938\\\/Dakar22_E1_Isidre_Esteve_1-1-scaled.jpg\",\"contentUrl\":\"https:\\\/\\\/bxrepsol.s3.eu-west-1.amazonaws.com\\\/static\\\/2022\\\/08\\\/09141938\\\/Dakar22_E1_Isidre_Esteve_1-1-scaled.jpg\",\"width\":2560,\"height\":1706},{\"@type\":\"BreadcrumbList\",\"@id\":\"https:\\\/\\\/www.boxrepsol.com\\\/es\\\/rally\\\/isidre-esteve-top-25-primera-etapa\\\/#breadcrumb\",\"itemListElement\":[{\"@type\":\"ListItem\",\"position\":1,\"name\":\"Home\",\"item\":\"https:\\\/\\\/www.boxrepsol.com\\\/es\\\/\"},{\"@type\":\"ListItem\",\"position\":2,\"name\":\"Isidre Esteve se mete en el top 25 del Dakar en una primera etapa ca\u00f3tica\"}]},{\"@type\":\"WebSite\",\"@id\":\"https:\\\/\\\/www.boxrepsol.com\\\/es\\\/#website\",\"url\":\"https:\\\/\\\/www.boxrepsol.com\\\/es\\\/\",\"name\":\"Box Repsol\",\"description\":\"Box Repsol Site\",\"publisher\":{\"@id\":\"https:\\\/\\\/www.boxrepsol.com\\\/es\\\/#organization\"},\"potentialAction\":[{\"@type\":\"SearchAction\",\"target\":{\"@type\":\"EntryPoint\",\"urlTemplate\":\"https:\\\/\\\/www.boxrepsol.com\\\/es\\\/?s={search_term_string}\"},\"query-input\":{\"@type\":\"PropertyValueSpecification\",\"valueRequired\":true,\"valueName\":\"search_term_string\"}}],\"inLanguage\":\"es\"},{\"@type\":\"Organization\",\"@id\":\"https:\\\/\\\/www.boxrepsol.com\\\/es\\\/#organization\",\"name\":\"Box Repsol\",\"url\":\"https:\\\/\\\/www.boxrepsol.com\\\/es\\\/\",\"logo\":{\"@type\":\"ImageObject\",\"inLanguage\":\"es\",\"@id\":\"https:\\\/\\\/www.boxrepsol.com\\\/es\\\/#\\\/schema\\\/logo\\\/image\\\/\",\"url\":\"https:\\\/\\\/bxrepsol.s3.eu-west-1.amazonaws.com\\\/static\\\/2025\\\/07\\\/30083337\\\/favicon-96x96-1.png\",\"contentUrl\":\"https:\\\/\\\/bxrepsol.s3.eu-west-1.amazonaws.com\\\/static\\\/2025\\\/07\\\/30083337\\\/favicon-96x96-1.png\",\"width\":96,\"height\":96,\"caption\":\"Box Repsol\"},\"image\":{\"@id\":\"https:\\\/\\\/www.boxrepsol.com\\\/es\\\/#\\\/schema\\\/logo\\\/image\\\/\"},\"sameAs\":[\"https:\\\/\\\/www.facebook.com\\\/BoxRepsol\",\"https:\\\/\\\/x.com\\\/box_repsol\",\"http:\\\/\\\/instagram.com\\\/box_repsol\",\"https:\\\/\\\/www.youtube.com\\\/user\\\/RepsolCompeticion\",\"https:\\\/\\\/www.flickr.com\\\/photos\\\/box_repsol\\\/\"]},{\"@type\":\"Person\",\"@id\":\"https:\\\/\\\/www.boxrepsol.com\\\/es\\\/#\\\/schema\\\/person\\\/c5c2138f2cca251b0ad92b7086bb60b7\",\"name\":\"Redacci\u00f3n Box Repsol\",\"image\":{\"@type\":\"ImageObject\",\"inLanguage\":\"es\",\"@id\":\"https:\\\/\\\/secure.gravatar.com\\\/avatar\\\/adf7b77e38b4419baf32c7e9c21dde01f4e40df611f0978e3006fc4ba0aaab7e?s=96&d=mm&r=g\",\"url\":\"https:\\\/\\\/secure.gravatar.com\\\/avatar\\\/adf7b77e38b4419baf32c7e9c21dde01f4e40df611f0978e3006fc4ba0aaab7e?s=96&d=mm&r=g\",\"contentUrl\":\"https:\\\/\\\/secure.gravatar.com\\\/avatar\\\/adf7b77e38b4419baf32c7e9c21dde01f4e40df611f0978e3006fc4ba0aaab7e?s=96&d=mm&r=g\",\"caption\":\"Redacci\u00f3n Box Repsol\"},\"description\":\"Box Repsol lo forma un equipo de periodistas, community managers, dise\u00f1adores y fot\u00f3grafos con m\u00e1s de 20 a\u00f1os de experiencia en el mundo del motorsport. Hemos vivido el primer mundial de un espa\u00f1ol en la categor\u00eda reina de motociclismo con \u00c1lex Crivill\u00e9, estuvimos en las victorias de Pedrosa y los t\u00edtulos de M\u00e1rquez, acompa\u00f1amos en \u00c1frica a Nani Roma y Marc Coma en sus conquistas del Dakar y hemos vibrado con los t\u00edtulos de Toni Bou en Trial. Adem\u00e1s, en nuestro equipo contamos con expertos en el mundo de las dos y cuatro ruedas tanto de la calle y las carreteras, como de los circuitos. Periodistas que han trabajado en revistas y publicaciones para hacerte llegar desde rutas y consejos de mantenimiento, a curiosidades y trucos de pilotaje.\",\"sameAs\":[\"https:\\\/\\\/www.facebook.com\\\/BoxRepsol\\\/\",\"https:\\\/\\\/www.instagram.com\\\/box_repsol\\\/\",\"https:\\\/\\\/x.com\\\/https:\\\/\\\/twitter.com\\\/box_repsol\",\"https:\\\/\\\/www.youtube.com\\\/@Boxrepsol\"],\"url\":\"https:\\\/\\\/www.boxrepsol.com\\\/es\\\/author\\\/redaccion-box-repsol\\\/\"}]}<\/script>\n<!-- \/ Yoast SEO plugin. -->","yoast_head_json":{"title":"Isidre Esteve se mete en el top 25 del Dakar en una primera etapa ca\u00f3tica - Box Repsol","description":"Celebra junto a Isidre Esteve su desempe\u00f1o al asegurar un lugar en el top 25 en la primera etapa del rally, marcando un comienzo prometedor.","canonical":"https:\/\/www.boxrepsol.com\/es\/rally\/isidre-esteve-top-25-primera-etapa\/","og_locale":"es_ES","og_type":"article","og_title":"Isidre Esteve se mete en el top 25 del Dakar en una primera etapa ca\u00f3tica - Box Repsol","og_description":"Celebra junto a Isidre Esteve su desempe\u00f1o al asegurar un lugar en el top 25 en la primera etapa del rally, marcando un comienzo prometedor.","og_url":"https:\/\/www.boxrepsol.com\/es\/rally\/isidre-esteve-top-25-primera-etapa\/","og_site_name":"Box Repsol","article_publisher":"https:\/\/www.facebook.com\/BoxRepsol","article_author":"https:\/\/www.facebook.com\/BoxRepsol\/","article_published_time":"2022-01-02T02:00:00+00:00","article_modified_time":"2024-04-10T07:56:31+00:00","og_image":[{"width":2560,"height":1706,"url":"https:\/\/bxrepsol.s3.eu-west-1.amazonaws.com\/static\/2022\/08\/09141938\/Dakar22_E1_Isidre_Esteve_1-1-scaled.jpg","type":"image\/jpeg"}],"author":"Redacci\u00f3n Box Repsol","twitter_card":"summary_large_image","twitter_creator":"@https:\/\/twitter.com\/box_repsol","twitter_site":"@box_repsol","twitter_misc":{"Written by":"Redacci\u00f3n Box Repsol","Est. reading time":"3 minutos"},"schema":{"@context":"https:\/\/schema.org","@graph":[{"@type":"Article","@id":"https:\/\/www.boxrepsol.com\/es\/rally\/isidre-esteve-top-25-primera-etapa\/#article","isPartOf":{"@id":"https:\/\/www.boxrepsol.com\/es\/rally\/isidre-esteve-top-25-primera-etapa\/"},"author":{"name":"Redacci\u00f3n Box Repsol","@id":"https:\/\/www.boxrepsol.com\/es\/#\/schema\/person\/c5c2138f2cca251b0ad92b7086bb60b7"},"headline":"Isidre Esteve se mete en el top 25 del Dakar en una primera etapa ca\u00f3tica","datePublished":"2022-01-02T02:00:00+00:00","dateModified":"2024-04-10T07:56:31+00:00","mainEntityOfPage":{"@id":"https:\/\/www.boxrepsol.com\/es\/rally\/isidre-esteve-top-25-primera-etapa\/"},"wordCount":578,"commentCount":0,"publisher":{"@id":"https:\/\/www.boxrepsol.com\/es\/#organization"},"image":{"@id":"https:\/\/www.boxrepsol.com\/es\/rally\/isidre-esteve-top-25-primera-etapa\/#primaryimage"},"thumbnailUrl":"https:\/\/bxrepsol.s3.eu-west-1.amazonaws.com\/static\/2022\/08\/09141938\/Dakar22_E1_Isidre_Esteve_1-1-scaled.jpg","keywords":["2022","Dakar","Isidre Esteve","Repsol Rally Team"],"articleSection":["Rally"],"inLanguage":"es","potentialAction":[{"@type":"CommentAction","name":"Comment","target":["https:\/\/www.boxrepsol.com\/es\/rally\/isidre-esteve-top-25-primera-etapa\/#respond"]}]},{"@type":"WebPage","@id":"https:\/\/www.boxrepsol.com\/es\/rally\/isidre-esteve-top-25-primera-etapa\/","url":"https:\/\/www.boxrepsol.com\/es\/rally\/isidre-esteve-top-25-primera-etapa\/","name":"Isidre Esteve se mete en el top 25 del Dakar en una primera etapa ca\u00f3tica - Box Repsol","isPartOf":{"@id":"https:\/\/www.boxrepsol.com\/es\/#website"},"primaryImageOfPage":{"@id":"https:\/\/www.boxrepsol.com\/es\/rally\/isidre-esteve-top-25-primera-etapa\/#primaryimage"},"image":{"@id":"https:\/\/www.boxrepsol.com\/es\/rally\/isidre-esteve-top-25-primera-etapa\/#primaryimage"},"thumbnailUrl":"https:\/\/bxrepsol.s3.eu-west-1.amazonaws.com\/static\/2022\/08\/09141938\/Dakar22_E1_Isidre_Esteve_1-1-scaled.jpg","datePublished":"2022-01-02T02:00:00+00:00","dateModified":"2024-04-10T07:56:31+00:00","description":"Celebra junto a Isidre Esteve su desempe\u00f1o al asegurar un lugar en el top 25 en la primera etapa del rally, marcando un comienzo prometedor.","breadcrumb":{"@id":"https:\/\/www.boxrepsol.com\/es\/rally\/isidre-esteve-top-25-primera-etapa\/#breadcrumb"},"inLanguage":"es","potentialAction":[{"@type":"ReadAction","target":["https:\/\/www.boxrepsol.com\/es\/rally\/isidre-esteve-top-25-primera-etapa\/"]}]},{"@type":"ImageObject","inLanguage":"es","@id":"https:\/\/www.boxrepsol.com\/es\/rally\/isidre-esteve-top-25-primera-etapa\/#primaryimage","url":"https:\/\/bxrepsol.s3.eu-west-1.amazonaws.com\/static\/2022\/08\/09141938\/Dakar22_E1_Isidre_Esteve_1-1-scaled.jpg","contentUrl":"https:\/\/bxrepsol.s3.eu-west-1.amazonaws.com\/static\/2022\/08\/09141938\/Dakar22_E1_Isidre_Esteve_1-1-scaled.jpg","width":2560,"height":1706},{"@type":"BreadcrumbList","@id":"https:\/\/www.boxrepsol.com\/es\/rally\/isidre-esteve-top-25-primera-etapa\/#breadcrumb","itemListElement":[{"@type":"ListItem","position":1,"name":"Home","item":"https:\/\/www.boxrepsol.com\/es\/"},{"@type":"ListItem","position":2,"name":"Isidre Esteve se mete en el top 25 del Dakar en una primera etapa ca\u00f3tica"}]},{"@type":"WebSite","@id":"https:\/\/www.boxrepsol.com\/es\/#website","url":"https:\/\/www.boxrepsol.com\/es\/","name":"Box Repsol","description":"Box Repsol Site","publisher":{"@id":"https:\/\/www.boxrepsol.com\/es\/#organization"},"potentialAction":[{"@type":"SearchAction","target":{"@type":"EntryPoint","urlTemplate":"https:\/\/www.boxrepsol.com\/es\/?s={search_term_string}"},"query-input":{"@type":"PropertyValueSpecification","valueRequired":true,"valueName":"search_term_string"}}],"inLanguage":"es"},{"@type":"Organization","@id":"https:\/\/www.boxrepsol.com\/es\/#organization","name":"Box Repsol","url":"https:\/\/www.boxrepsol.com\/es\/","logo":{"@type":"ImageObject","inLanguage":"es","@id":"https:\/\/www.boxrepsol.com\/es\/#\/schema\/logo\/image\/","url":"https:\/\/bxrepsol.s3.eu-west-1.amazonaws.com\/static\/2025\/07\/30083337\/favicon-96x96-1.png","contentUrl":"https:\/\/bxrepsol.s3.eu-west-1.amazonaws.com\/static\/2025\/07\/30083337\/favicon-96x96-1.png","width":96,"height":96,"caption":"Box Repsol"},"image":{"@id":"https:\/\/www.boxrepsol.com\/es\/#\/schema\/logo\/image\/"},"sameAs":["https:\/\/www.facebook.com\/BoxRepsol","https:\/\/x.com\/box_repsol","http:\/\/instagram.com\/box_repsol","https:\/\/www.youtube.com\/user\/RepsolCompeticion","https:\/\/www.flickr.com\/photos\/box_repsol\/"]},{"@type":"Person","@id":"https:\/\/www.boxrepsol.com\/es\/#\/schema\/person\/c5c2138f2cca251b0ad92b7086bb60b7","name":"Redacci\u00f3n Box Repsol","image":{"@type":"ImageObject","inLanguage":"es","@id":"https:\/\/secure.gravatar.com\/avatar\/adf7b77e38b4419baf32c7e9c21dde01f4e40df611f0978e3006fc4ba0aaab7e?s=96&d=mm&r=g","url":"https:\/\/secure.gravatar.com\/avatar\/adf7b77e38b4419baf32c7e9c21dde01f4e40df611f0978e3006fc4ba0aaab7e?s=96&d=mm&r=g","contentUrl":"https:\/\/secure.gravatar.com\/avatar\/adf7b77e38b4419baf32c7e9c21dde01f4e40df611f0978e3006fc4ba0aaab7e?s=96&d=mm&r=g","caption":"Redacci\u00f3n Box Repsol"},"description":"Box Repsol lo forma un equipo de periodistas, community managers, dise\u00f1adores y fot\u00f3grafos con m\u00e1s de 20 a\u00f1os de experiencia en el mundo del motorsport. Hemos vivido el primer mundial de un espa\u00f1ol en la categor\u00eda reina de motociclismo con \u00c1lex Crivill\u00e9, estuvimos en las victorias de Pedrosa y los t\u00edtulos de M\u00e1rquez, acompa\u00f1amos en \u00c1frica a Nani Roma y Marc Coma en sus conquistas del Dakar y hemos vibrado con los t\u00edtulos de Toni Bou en Trial. Adem\u00e1s, en nuestro equipo contamos con expertos en el mundo de las dos y cuatro ruedas tanto de la calle y las carreteras, como de los circuitos. Periodistas que han trabajado en revistas y publicaciones para hacerte llegar desde rutas y consejos de mantenimiento, a curiosidades y trucos de pilotaje.","sameAs":["https:\/\/www.facebook.com\/BoxRepsol\/","https:\/\/www.instagram.com\/box_repsol\/","https:\/\/x.com\/https:\/\/twitter.com\/box_repsol","https:\/\/www.youtube.com\/@Boxrepsol"],"url":"https:\/\/www.boxrepsol.com\/es\/author\/redaccion-box-repsol\/"}]}},"_links":{"self":[{"href":"https:\/\/www.boxrepsol.com\/es\/wp-json\/wp\/v2\/posts\/95206","targetHints":{"allow":["GET"]}}],"collection":[{"href":"https:\/\/www.boxrepsol.com\/es\/wp-json\/wp\/v2\/posts"}],"about":[{"href":"https:\/\/www.boxrepsol.com\/es\/wp-json\/wp\/v2\/types\/post"}],"author":[{"embeddable":true,"href":"https:\/\/www.boxrepsol.com\/es\/wp-json\/wp\/v2\/users\/43146"}],"replies":[{"embeddable":true,"href":"https:\/\/www.boxrepsol.com\/es\/wp-json\/wp\/v2\/comments?post=95206"}],"version-history":[{"count":1,"href":"https:\/\/www.boxrepsol.com\/es\/wp-json\/wp\/v2\/posts\/95206\/revisions"}],"predecessor-version":[{"id":109288,"href":"https:\/\/www.boxrepsol.com\/es\/wp-json\/wp\/v2\/posts\/95206\/revisions\/109288"}],"wp:featuredmedia":[{"embeddable":true,"href":"https:\/\/www.boxrepsol.com\/es\/wp-json\/wp\/v2\/media\/44856"}],"wp:attachment":[{"href":"https:\/\/www.boxrepsol.com\/es\/wp-json\/wp\/v2\/media?parent=95206"}],"wp:term":[{"taxonomy":"category","embeddable":true,"href":"https:\/\/www.boxrepsol.com\/es\/wp-json\/wp\/v2\/categories?post=95206"},{"taxonomy":"post_tag","embeddable":true,"href":"https:\/\/www.boxrepsol.com\/es\/wp-json\/wp\/v2\/tags?post=95206"}],"curies":[{"name":"wp","href":"https:\/\/api.w.org\/{rel}","templated":true}]}}