{"id":95205,"date":"2022-01-01T00:00:00","date_gmt":"2022-01-01T02:00:00","guid":{"rendered":"http:\/\/pre.boxrepsol.com\/sin-categorizar\/inicio-positivo-de-isidre-esteve-en-la-prologo-del-dakar-2022\/"},"modified":"2024-04-10T05:56:53","modified_gmt":"2024-04-10T07:56:53","slug":"inicio-positivo-de-isidre-esteve-en-la-prologo-del-dakar-2022","status":"publish","type":"post","link":"https:\/\/www.boxrepsol.com\/es\/rally\/inicio-positivo-de-isidre-esteve-en-la-prologo-del-dakar-2022\/","title":{"rendered":"Inicio positivo de Isidre Esteve en la Pr\u00f3logo del Dakar 2022"},"content":{"rendered":"<p>El Rally Dakar 2022 ha echado a andar este viernes con una etapa Pr\u00f3logo de 19 km cronometrados y m\u00e1s de 800 km de enlace de Yeda, en la costa del Mar Rojo, a Hail, en el norte de la Pen\u00ednsula Ar\u00e1biga. El Repsol Rally Team ha completado con \u00e9xito los primeros kil\u00f3metros competitivos de la 44\u00aa edici\u00f3n de la m\u00edtica prueba e Isidre Esteve ha acabado satisfecho con las sensaciones del Toyota Hilux Overdrive.<\/p>\n<p>Despu\u00e9s de 225 km iniciales de enlace libre desde el parque de asistencia donde se completaron las verificaciones administrativas y t\u00e9cnicas los d\u00edas 30 y 31 de diciembre, el Dakar 2022 arranc\u00f3 con el A\u00f1o Nuevo en los alrededores de la localidad de Badr. La etapa Pr\u00f3logo ofreci\u00f3 una variedad de terrenos similar a la que se encontrar\u00e1n los competidores durante los pr\u00f3ximos 15 d\u00edas y estuvo protagonizada por las primeras dunas y m\u00e1s de un 50% de arena en su recorrido. En estas condiciones, Isidre Esteve y Txema Villalobos no tuvieron problemas y completaron la especial sin sobresaltos.<\/p>\n<p>Una de las particularidades de la jornada de este s\u00e1bado fue que cada una de las vi\u00f1etas del libro de ruta era un punto de paso obligatorio (way point), por lo que los copilotos tuvieron que exprimirse al m\u00e1ximo para no fallar. Y ah\u00ed, Villalobos volvi\u00f3 a demostrar su buen hacer, a pesar de encontrarse con varios puntos complicados. La pareja respaldada por Repsol, MGS Seguros, KH-7 y Toyota Espa\u00f1a logr\u00f3 acabar en la 46\u00aa posici\u00f3n provisional, a menos de tres minutos del ganador, Nasser Al-Attiyah.<\/p>\n<p><em>\u00abLas sensaciones siempre son buenas al empezar una nueva edici\u00f3n del Dakar, y m\u00e1s en una como esta, donde hay tanta competitividad y en la que se ha introducido un cambio tecnol\u00f3gico muy importante para el futuro. Hemos salido con muchas ganas de completar esta primera toma de contacto con el coche y nos hemos sentido muy bien en todo momento despu\u00e9s del cambio de reglaje de la suspensi\u00f3n que completamos ayer con los ingenieros de Overdrive<\/em>\u00ab, ha comentado Isidre Esteve tras completar la Pr\u00f3logo.<\/p>\n<p><em>\u00abHab\u00eda varios puntos de navegaci\u00f3n complicados, pero Txema lo ha bordado y ha acertado en todas y cada una de las decisiones que ha tenido que tomar. Debido a la corta duraci\u00f3n de la etapa, nos ha perjudicado salir demasiado altos de presi\u00f3n en los neum\u00e1ticos, porque hab\u00eda subidas de arena y era un poco m\u00e1s complicado afrontarlas. Pero estamos contentos con esta primera jornada y con muchas ganas de afrontar ma\u00f1ana la primera especial larga de este Dakar, donde esperamos mucha arena<\/em>\u00ab.<\/p>\n<p>El Toyota Hilux del piloto espa\u00f1ol ha utilizado el nuevo ecocombustible de baja huella de carbono que el Repsol Technology Lab ha desarrollado durante el \u00faltimo a\u00f1o, y Esteve asegura estar especialmente emocionado por el estreno del carburante en una cita como el Rally Dakar.<\/p>\n<p><em>\u00abAdem\u00e1s, hoy ha sido un d\u00eda especialmente importante para nosotros porque hemos utilizado el nuevo ecocombustible de Repsol por primera vez en el Rally Dakar. El coche ha funcionado perfectamente con \u00e9l y hemos recogido una buena suma de datos que analizaremos con detalle esta noche en el vivac. Participar en el desarrollo de este proyecto es algo que nos motiva much\u00edsimo<\/em>\u00ab, ha a\u00f1adido el piloto catal\u00e1n.<\/p>\n","protected":false},"excerpt":{"rendered":"<p>El piloto espa\u00f1ol ha acabado satisfecho con su Toyota Hilux y con el nuevo ecocombustible de Repsol en el arranque de la 44\u00aa edici\u00f3n del m\u00edtico rally.<\/p>\n","protected":false},"author":43146,"featured_media":44853,"comment_status":"open","ping_status":"open","sticky":false,"template":"","format":"standard","meta":{"footnotes":""},"categories":[27],"tags":[120,201,29,183],"class_list":["post-95205","post","type-post","status-publish","format-standard","hentry","category-rally","tag-120","tag-dakar","tag-isidre-esteve","tag-repsol-rally-team"],"yoast_head":"<!-- This site is optimized with the Yoast SEO plugin v27.3 - https:\/\/yoast.com\/product\/yoast-seo-wordpress\/ -->\n<title>Inicio positivo de Isidre Esteve en la Pr\u00f3logo del Dakar 2022 - Box Repsol<\/title>\n<meta name=\"description\" content=\"Acompa\u00f1a a Isidre Esteve mientras tiene un comienzo prometedor en la pr\u00f3logo del Dakar 2022, demostrando su destreza y determinaci\u00f3n.\" \/>\n<link rel=\"canonical\" href=\"https:\/\/www.boxrepsol.com\/es\/rally\/inicio-positivo-de-isidre-esteve-en-la-prologo-del-dakar-2022\/\" \/>\n<meta property=\"og:locale\" content=\"es_ES\" \/>\n<meta property=\"og:type\" content=\"article\" \/>\n<meta property=\"og:title\" content=\"Inicio positivo de Isidre Esteve en la Pr\u00f3logo del Dakar 2022 - Box Repsol\" \/>\n<meta property=\"og:description\" content=\"Acompa\u00f1a a Isidre Esteve mientras tiene un comienzo prometedor en la pr\u00f3logo del Dakar 2022, demostrando su destreza y determinaci\u00f3n.\" \/>\n<meta property=\"og:url\" content=\"https:\/\/www.boxrepsol.com\/es\/rally\/inicio-positivo-de-isidre-esteve-en-la-prologo-del-dakar-2022\/\" \/>\n<meta property=\"og:site_name\" content=\"Box Repsol\" \/>\n<meta property=\"article:publisher\" content=\"https:\/\/www.facebook.com\/BoxRepsol\" \/>\n<meta property=\"article:author\" content=\"https:\/\/www.facebook.com\/BoxRepsol\/\" \/>\n<meta property=\"article:published_time\" content=\"2022-01-01T02:00:00+00:00\" \/>\n<meta property=\"article:modified_time\" content=\"2024-04-10T07:56:53+00:00\" \/>\n<meta property=\"og:image\" content=\"https:\/\/bxrepsol.s3.eu-west-1.amazonaws.com\/static\/2022\/08\/09141931\/Dakar22_E0_Isidre_Esteve_1-1-scaled.jpg\" \/>\n\t<meta property=\"og:image:width\" content=\"2560\" \/>\n\t<meta property=\"og:image:height\" content=\"1707\" \/>\n\t<meta property=\"og:image:type\" content=\"image\/jpeg\" \/>\n<meta name=\"author\" content=\"Redacci\u00f3n Box Repsol\" \/>\n<meta name=\"twitter:card\" content=\"summary_large_image\" \/>\n<meta name=\"twitter:creator\" content=\"@https:\/\/twitter.com\/box_repsol\" \/>\n<meta name=\"twitter:site\" content=\"@box_repsol\" \/>\n<meta name=\"twitter:label1\" content=\"Written by\" \/>\n\t<meta name=\"twitter:data1\" content=\"Redacci\u00f3n Box Repsol\" \/>\n\t<meta name=\"twitter:label2\" content=\"Est. reading time\" \/>\n\t<meta name=\"twitter:data2\" content=\"3 minutos\" \/>\n<script type=\"application\/ld+json\" class=\"yoast-schema-graph\">{\"@context\":\"https:\\\/\\\/schema.org\",\"@graph\":[{\"@type\":\"Article\",\"@id\":\"https:\\\/\\\/www.boxrepsol.com\\\/es\\\/rally\\\/inicio-positivo-de-isidre-esteve-en-la-prologo-del-dakar-2022\\\/#article\",\"isPartOf\":{\"@id\":\"https:\\\/\\\/www.boxrepsol.com\\\/es\\\/rally\\\/inicio-positivo-de-isidre-esteve-en-la-prologo-del-dakar-2022\\\/\"},\"author\":{\"name\":\"Redacci\u00f3n Box Repsol\",\"@id\":\"https:\\\/\\\/www.boxrepsol.com\\\/es\\\/#\\\/schema\\\/person\\\/c5c2138f2cca251b0ad92b7086bb60b7\"},\"headline\":\"Inicio positivo de Isidre Esteve en la Pr\u00f3logo del Dakar 2022\",\"datePublished\":\"2022-01-01T02:00:00+00:00\",\"dateModified\":\"2024-04-10T07:56:53+00:00\",\"mainEntityOfPage\":{\"@id\":\"https:\\\/\\\/www.boxrepsol.com\\\/es\\\/rally\\\/inicio-positivo-de-isidre-esteve-en-la-prologo-del-dakar-2022\\\/\"},\"wordCount\":582,\"commentCount\":0,\"publisher\":{\"@id\":\"https:\\\/\\\/www.boxrepsol.com\\\/es\\\/#organization\"},\"image\":{\"@id\":\"https:\\\/\\\/www.boxrepsol.com\\\/es\\\/rally\\\/inicio-positivo-de-isidre-esteve-en-la-prologo-del-dakar-2022\\\/#primaryimage\"},\"thumbnailUrl\":\"https:\\\/\\\/bxrepsol.s3.eu-west-1.amazonaws.com\\\/static\\\/2022\\\/08\\\/09141931\\\/Dakar22_E0_Isidre_Esteve_1-1-scaled.jpg\",\"keywords\":[\"2022\",\"Dakar\",\"Isidre Esteve\",\"Repsol Rally Team\"],\"articleSection\":[\"Rally\"],\"inLanguage\":\"es\",\"potentialAction\":[{\"@type\":\"CommentAction\",\"name\":\"Comment\",\"target\":[\"https:\\\/\\\/www.boxrepsol.com\\\/es\\\/rally\\\/inicio-positivo-de-isidre-esteve-en-la-prologo-del-dakar-2022\\\/#respond\"]}]},{\"@type\":\"WebPage\",\"@id\":\"https:\\\/\\\/www.boxrepsol.com\\\/es\\\/rally\\\/inicio-positivo-de-isidre-esteve-en-la-prologo-del-dakar-2022\\\/\",\"url\":\"https:\\\/\\\/www.boxrepsol.com\\\/es\\\/rally\\\/inicio-positivo-de-isidre-esteve-en-la-prologo-del-dakar-2022\\\/\",\"name\":\"Inicio positivo de Isidre Esteve en la Pr\u00f3logo del Dakar 2022 - Box Repsol\",\"isPartOf\":{\"@id\":\"https:\\\/\\\/www.boxrepsol.com\\\/es\\\/#website\"},\"primaryImageOfPage\":{\"@id\":\"https:\\\/\\\/www.boxrepsol.com\\\/es\\\/rally\\\/inicio-positivo-de-isidre-esteve-en-la-prologo-del-dakar-2022\\\/#primaryimage\"},\"image\":{\"@id\":\"https:\\\/\\\/www.boxrepsol.com\\\/es\\\/rally\\\/inicio-positivo-de-isidre-esteve-en-la-prologo-del-dakar-2022\\\/#primaryimage\"},\"thumbnailUrl\":\"https:\\\/\\\/bxrepsol.s3.eu-west-1.amazonaws.com\\\/static\\\/2022\\\/08\\\/09141931\\\/Dakar22_E0_Isidre_Esteve_1-1-scaled.jpg\",\"datePublished\":\"2022-01-01T02:00:00+00:00\",\"dateModified\":\"2024-04-10T07:56:53+00:00\",\"description\":\"Acompa\u00f1a a Isidre Esteve mientras tiene un comienzo prometedor en la pr\u00f3logo del Dakar 2022, demostrando su destreza y determinaci\u00f3n.\",\"breadcrumb\":{\"@id\":\"https:\\\/\\\/www.boxrepsol.com\\\/es\\\/rally\\\/inicio-positivo-de-isidre-esteve-en-la-prologo-del-dakar-2022\\\/#breadcrumb\"},\"inLanguage\":\"es\",\"potentialAction\":[{\"@type\":\"ReadAction\",\"target\":[\"https:\\\/\\\/www.boxrepsol.com\\\/es\\\/rally\\\/inicio-positivo-de-isidre-esteve-en-la-prologo-del-dakar-2022\\\/\"]}]},{\"@type\":\"ImageObject\",\"inLanguage\":\"es\",\"@id\":\"https:\\\/\\\/www.boxrepsol.com\\\/es\\\/rally\\\/inicio-positivo-de-isidre-esteve-en-la-prologo-del-dakar-2022\\\/#primaryimage\",\"url\":\"https:\\\/\\\/bxrepsol.s3.eu-west-1.amazonaws.com\\\/static\\\/2022\\\/08\\\/09141931\\\/Dakar22_E0_Isidre_Esteve_1-1-scaled.jpg\",\"contentUrl\":\"https:\\\/\\\/bxrepsol.s3.eu-west-1.amazonaws.com\\\/static\\\/2022\\\/08\\\/09141931\\\/Dakar22_E0_Isidre_Esteve_1-1-scaled.jpg\",\"width\":2560,\"height\":1707},{\"@type\":\"BreadcrumbList\",\"@id\":\"https:\\\/\\\/www.boxrepsol.com\\\/es\\\/rally\\\/inicio-positivo-de-isidre-esteve-en-la-prologo-del-dakar-2022\\\/#breadcrumb\",\"itemListElement\":[{\"@type\":\"ListItem\",\"position\":1,\"name\":\"Home\",\"item\":\"https:\\\/\\\/www.boxrepsol.com\\\/es\\\/\"},{\"@type\":\"ListItem\",\"position\":2,\"name\":\"Inicio positivo de Isidre Esteve en la Pr\u00f3logo del Dakar 2022\"}]},{\"@type\":\"WebSite\",\"@id\":\"https:\\\/\\\/www.boxrepsol.com\\\/es\\\/#website\",\"url\":\"https:\\\/\\\/www.boxrepsol.com\\\/es\\\/\",\"name\":\"Box Repsol\",\"description\":\"Box Repsol Site\",\"publisher\":{\"@id\":\"https:\\\/\\\/www.boxrepsol.com\\\/es\\\/#organization\"},\"potentialAction\":[{\"@type\":\"SearchAction\",\"target\":{\"@type\":\"EntryPoint\",\"urlTemplate\":\"https:\\\/\\\/www.boxrepsol.com\\\/es\\\/?s={search_term_string}\"},\"query-input\":{\"@type\":\"PropertyValueSpecification\",\"valueRequired\":true,\"valueName\":\"search_term_string\"}}],\"inLanguage\":\"es\"},{\"@type\":\"Organization\",\"@id\":\"https:\\\/\\\/www.boxrepsol.com\\\/es\\\/#organization\",\"name\":\"Box Repsol\",\"url\":\"https:\\\/\\\/www.boxrepsol.com\\\/es\\\/\",\"logo\":{\"@type\":\"ImageObject\",\"inLanguage\":\"es\",\"@id\":\"https:\\\/\\\/www.boxrepsol.com\\\/es\\\/#\\\/schema\\\/logo\\\/image\\\/\",\"url\":\"https:\\\/\\\/bxrepsol.s3.eu-west-1.amazonaws.com\\\/static\\\/2025\\\/07\\\/30083337\\\/favicon-96x96-1.png\",\"contentUrl\":\"https:\\\/\\\/bxrepsol.s3.eu-west-1.amazonaws.com\\\/static\\\/2025\\\/07\\\/30083337\\\/favicon-96x96-1.png\",\"width\":96,\"height\":96,\"caption\":\"Box Repsol\"},\"image\":{\"@id\":\"https:\\\/\\\/www.boxrepsol.com\\\/es\\\/#\\\/schema\\\/logo\\\/image\\\/\"},\"sameAs\":[\"https:\\\/\\\/www.facebook.com\\\/BoxRepsol\",\"https:\\\/\\\/x.com\\\/box_repsol\",\"http:\\\/\\\/instagram.com\\\/box_repsol\",\"https:\\\/\\\/www.youtube.com\\\/user\\\/RepsolCompeticion\",\"https:\\\/\\\/www.flickr.com\\\/photos\\\/box_repsol\\\/\"]},{\"@type\":\"Person\",\"@id\":\"https:\\\/\\\/www.boxrepsol.com\\\/es\\\/#\\\/schema\\\/person\\\/c5c2138f2cca251b0ad92b7086bb60b7\",\"name\":\"Redacci\u00f3n Box Repsol\",\"image\":{\"@type\":\"ImageObject\",\"inLanguage\":\"es\",\"@id\":\"https:\\\/\\\/secure.gravatar.com\\\/avatar\\\/adf7b77e38b4419baf32c7e9c21dde01f4e40df611f0978e3006fc4ba0aaab7e?s=96&d=mm&r=g\",\"url\":\"https:\\\/\\\/secure.gravatar.com\\\/avatar\\\/adf7b77e38b4419baf32c7e9c21dde01f4e40df611f0978e3006fc4ba0aaab7e?s=96&d=mm&r=g\",\"contentUrl\":\"https:\\\/\\\/secure.gravatar.com\\\/avatar\\\/adf7b77e38b4419baf32c7e9c21dde01f4e40df611f0978e3006fc4ba0aaab7e?s=96&d=mm&r=g\",\"caption\":\"Redacci\u00f3n Box Repsol\"},\"description\":\"Box Repsol lo forma un equipo de periodistas, community managers, dise\u00f1adores y fot\u00f3grafos con m\u00e1s de 20 a\u00f1os de experiencia en el mundo del motorsport. Hemos vivido el primer mundial de un espa\u00f1ol en la categor\u00eda reina de motociclismo con \u00c1lex Crivill\u00e9, estuvimos en las victorias de Pedrosa y los t\u00edtulos de M\u00e1rquez, acompa\u00f1amos en \u00c1frica a Nani Roma y Marc Coma en sus conquistas del Dakar y hemos vibrado con los t\u00edtulos de Toni Bou en Trial. Adem\u00e1s, en nuestro equipo contamos con expertos en el mundo de las dos y cuatro ruedas tanto de la calle y las carreteras, como de los circuitos. Periodistas que han trabajado en revistas y publicaciones para hacerte llegar desde rutas y consejos de mantenimiento, a curiosidades y trucos de pilotaje.\",\"sameAs\":[\"https:\\\/\\\/www.facebook.com\\\/BoxRepsol\\\/\",\"https:\\\/\\\/www.instagram.com\\\/box_repsol\\\/\",\"https:\\\/\\\/x.com\\\/https:\\\/\\\/twitter.com\\\/box_repsol\",\"https:\\\/\\\/www.youtube.com\\\/@Boxrepsol\"],\"url\":\"https:\\\/\\\/www.boxrepsol.com\\\/es\\\/author\\\/redaccion-box-repsol\\\/\"}]}<\/script>\n<!-- \/ Yoast SEO plugin. -->","yoast_head_json":{"title":"Inicio positivo de Isidre Esteve en la Pr\u00f3logo del Dakar 2022 - Box Repsol","description":"Acompa\u00f1a a Isidre Esteve mientras tiene un comienzo prometedor en la pr\u00f3logo del Dakar 2022, demostrando su destreza y determinaci\u00f3n.","canonical":"https:\/\/www.boxrepsol.com\/es\/rally\/inicio-positivo-de-isidre-esteve-en-la-prologo-del-dakar-2022\/","og_locale":"es_ES","og_type":"article","og_title":"Inicio positivo de Isidre Esteve en la Pr\u00f3logo del Dakar 2022 - Box Repsol","og_description":"Acompa\u00f1a a Isidre Esteve mientras tiene un comienzo prometedor en la pr\u00f3logo del Dakar 2022, demostrando su destreza y determinaci\u00f3n.","og_url":"https:\/\/www.boxrepsol.com\/es\/rally\/inicio-positivo-de-isidre-esteve-en-la-prologo-del-dakar-2022\/","og_site_name":"Box Repsol","article_publisher":"https:\/\/www.facebook.com\/BoxRepsol","article_author":"https:\/\/www.facebook.com\/BoxRepsol\/","article_published_time":"2022-01-01T02:00:00+00:00","article_modified_time":"2024-04-10T07:56:53+00:00","og_image":[{"width":2560,"height":1707,"url":"https:\/\/bxrepsol.s3.eu-west-1.amazonaws.com\/static\/2022\/08\/09141931\/Dakar22_E0_Isidre_Esteve_1-1-scaled.jpg","type":"image\/jpeg"}],"author":"Redacci\u00f3n Box Repsol","twitter_card":"summary_large_image","twitter_creator":"@https:\/\/twitter.com\/box_repsol","twitter_site":"@box_repsol","twitter_misc":{"Written by":"Redacci\u00f3n Box Repsol","Est. reading time":"3 minutos"},"schema":{"@context":"https:\/\/schema.org","@graph":[{"@type":"Article","@id":"https:\/\/www.boxrepsol.com\/es\/rally\/inicio-positivo-de-isidre-esteve-en-la-prologo-del-dakar-2022\/#article","isPartOf":{"@id":"https:\/\/www.boxrepsol.com\/es\/rally\/inicio-positivo-de-isidre-esteve-en-la-prologo-del-dakar-2022\/"},"author":{"name":"Redacci\u00f3n Box Repsol","@id":"https:\/\/www.boxrepsol.com\/es\/#\/schema\/person\/c5c2138f2cca251b0ad92b7086bb60b7"},"headline":"Inicio positivo de Isidre Esteve en la Pr\u00f3logo del Dakar 2022","datePublished":"2022-01-01T02:00:00+00:00","dateModified":"2024-04-10T07:56:53+00:00","mainEntityOfPage":{"@id":"https:\/\/www.boxrepsol.com\/es\/rally\/inicio-positivo-de-isidre-esteve-en-la-prologo-del-dakar-2022\/"},"wordCount":582,"commentCount":0,"publisher":{"@id":"https:\/\/www.boxrepsol.com\/es\/#organization"},"image":{"@id":"https:\/\/www.boxrepsol.com\/es\/rally\/inicio-positivo-de-isidre-esteve-en-la-prologo-del-dakar-2022\/#primaryimage"},"thumbnailUrl":"https:\/\/bxrepsol.s3.eu-west-1.amazonaws.com\/static\/2022\/08\/09141931\/Dakar22_E0_Isidre_Esteve_1-1-scaled.jpg","keywords":["2022","Dakar","Isidre Esteve","Repsol Rally Team"],"articleSection":["Rally"],"inLanguage":"es","potentialAction":[{"@type":"CommentAction","name":"Comment","target":["https:\/\/www.boxrepsol.com\/es\/rally\/inicio-positivo-de-isidre-esteve-en-la-prologo-del-dakar-2022\/#respond"]}]},{"@type":"WebPage","@id":"https:\/\/www.boxrepsol.com\/es\/rally\/inicio-positivo-de-isidre-esteve-en-la-prologo-del-dakar-2022\/","url":"https:\/\/www.boxrepsol.com\/es\/rally\/inicio-positivo-de-isidre-esteve-en-la-prologo-del-dakar-2022\/","name":"Inicio positivo de Isidre Esteve en la Pr\u00f3logo del Dakar 2022 - Box Repsol","isPartOf":{"@id":"https:\/\/www.boxrepsol.com\/es\/#website"},"primaryImageOfPage":{"@id":"https:\/\/www.boxrepsol.com\/es\/rally\/inicio-positivo-de-isidre-esteve-en-la-prologo-del-dakar-2022\/#primaryimage"},"image":{"@id":"https:\/\/www.boxrepsol.com\/es\/rally\/inicio-positivo-de-isidre-esteve-en-la-prologo-del-dakar-2022\/#primaryimage"},"thumbnailUrl":"https:\/\/bxrepsol.s3.eu-west-1.amazonaws.com\/static\/2022\/08\/09141931\/Dakar22_E0_Isidre_Esteve_1-1-scaled.jpg","datePublished":"2022-01-01T02:00:00+00:00","dateModified":"2024-04-10T07:56:53+00:00","description":"Acompa\u00f1a a Isidre Esteve mientras tiene un comienzo prometedor en la pr\u00f3logo del Dakar 2022, demostrando su destreza y determinaci\u00f3n.","breadcrumb":{"@id":"https:\/\/www.boxrepsol.com\/es\/rally\/inicio-positivo-de-isidre-esteve-en-la-prologo-del-dakar-2022\/#breadcrumb"},"inLanguage":"es","potentialAction":[{"@type":"ReadAction","target":["https:\/\/www.boxrepsol.com\/es\/rally\/inicio-positivo-de-isidre-esteve-en-la-prologo-del-dakar-2022\/"]}]},{"@type":"ImageObject","inLanguage":"es","@id":"https:\/\/www.boxrepsol.com\/es\/rally\/inicio-positivo-de-isidre-esteve-en-la-prologo-del-dakar-2022\/#primaryimage","url":"https:\/\/bxrepsol.s3.eu-west-1.amazonaws.com\/static\/2022\/08\/09141931\/Dakar22_E0_Isidre_Esteve_1-1-scaled.jpg","contentUrl":"https:\/\/bxrepsol.s3.eu-west-1.amazonaws.com\/static\/2022\/08\/09141931\/Dakar22_E0_Isidre_Esteve_1-1-scaled.jpg","width":2560,"height":1707},{"@type":"BreadcrumbList","@id":"https:\/\/www.boxrepsol.com\/es\/rally\/inicio-positivo-de-isidre-esteve-en-la-prologo-del-dakar-2022\/#breadcrumb","itemListElement":[{"@type":"ListItem","position":1,"name":"Home","item":"https:\/\/www.boxrepsol.com\/es\/"},{"@type":"ListItem","position":2,"name":"Inicio positivo de Isidre Esteve en la Pr\u00f3logo del Dakar 2022"}]},{"@type":"WebSite","@id":"https:\/\/www.boxrepsol.com\/es\/#website","url":"https:\/\/www.boxrepsol.com\/es\/","name":"Box Repsol","description":"Box Repsol Site","publisher":{"@id":"https:\/\/www.boxrepsol.com\/es\/#organization"},"potentialAction":[{"@type":"SearchAction","target":{"@type":"EntryPoint","urlTemplate":"https:\/\/www.boxrepsol.com\/es\/?s={search_term_string}"},"query-input":{"@type":"PropertyValueSpecification","valueRequired":true,"valueName":"search_term_string"}}],"inLanguage":"es"},{"@type":"Organization","@id":"https:\/\/www.boxrepsol.com\/es\/#organization","name":"Box Repsol","url":"https:\/\/www.boxrepsol.com\/es\/","logo":{"@type":"ImageObject","inLanguage":"es","@id":"https:\/\/www.boxrepsol.com\/es\/#\/schema\/logo\/image\/","url":"https:\/\/bxrepsol.s3.eu-west-1.amazonaws.com\/static\/2025\/07\/30083337\/favicon-96x96-1.png","contentUrl":"https:\/\/bxrepsol.s3.eu-west-1.amazonaws.com\/static\/2025\/07\/30083337\/favicon-96x96-1.png","width":96,"height":96,"caption":"Box Repsol"},"image":{"@id":"https:\/\/www.boxrepsol.com\/es\/#\/schema\/logo\/image\/"},"sameAs":["https:\/\/www.facebook.com\/BoxRepsol","https:\/\/x.com\/box_repsol","http:\/\/instagram.com\/box_repsol","https:\/\/www.youtube.com\/user\/RepsolCompeticion","https:\/\/www.flickr.com\/photos\/box_repsol\/"]},{"@type":"Person","@id":"https:\/\/www.boxrepsol.com\/es\/#\/schema\/person\/c5c2138f2cca251b0ad92b7086bb60b7","name":"Redacci\u00f3n Box Repsol","image":{"@type":"ImageObject","inLanguage":"es","@id":"https:\/\/secure.gravatar.com\/avatar\/adf7b77e38b4419baf32c7e9c21dde01f4e40df611f0978e3006fc4ba0aaab7e?s=96&d=mm&r=g","url":"https:\/\/secure.gravatar.com\/avatar\/adf7b77e38b4419baf32c7e9c21dde01f4e40df611f0978e3006fc4ba0aaab7e?s=96&d=mm&r=g","contentUrl":"https:\/\/secure.gravatar.com\/avatar\/adf7b77e38b4419baf32c7e9c21dde01f4e40df611f0978e3006fc4ba0aaab7e?s=96&d=mm&r=g","caption":"Redacci\u00f3n Box Repsol"},"description":"Box Repsol lo forma un equipo de periodistas, community managers, dise\u00f1adores y fot\u00f3grafos con m\u00e1s de 20 a\u00f1os de experiencia en el mundo del motorsport. Hemos vivido el primer mundial de un espa\u00f1ol en la categor\u00eda reina de motociclismo con \u00c1lex Crivill\u00e9, estuvimos en las victorias de Pedrosa y los t\u00edtulos de M\u00e1rquez, acompa\u00f1amos en \u00c1frica a Nani Roma y Marc Coma en sus conquistas del Dakar y hemos vibrado con los t\u00edtulos de Toni Bou en Trial. Adem\u00e1s, en nuestro equipo contamos con expertos en el mundo de las dos y cuatro ruedas tanto de la calle y las carreteras, como de los circuitos. Periodistas que han trabajado en revistas y publicaciones para hacerte llegar desde rutas y consejos de mantenimiento, a curiosidades y trucos de pilotaje.","sameAs":["https:\/\/www.facebook.com\/BoxRepsol\/","https:\/\/www.instagram.com\/box_repsol\/","https:\/\/x.com\/https:\/\/twitter.com\/box_repsol","https:\/\/www.youtube.com\/@Boxrepsol"],"url":"https:\/\/www.boxrepsol.com\/es\/author\/redaccion-box-repsol\/"}]}},"_links":{"self":[{"href":"https:\/\/www.boxrepsol.com\/es\/wp-json\/wp\/v2\/posts\/95205","targetHints":{"allow":["GET"]}}],"collection":[{"href":"https:\/\/www.boxrepsol.com\/es\/wp-json\/wp\/v2\/posts"}],"about":[{"href":"https:\/\/www.boxrepsol.com\/es\/wp-json\/wp\/v2\/types\/post"}],"author":[{"embeddable":true,"href":"https:\/\/www.boxrepsol.com\/es\/wp-json\/wp\/v2\/users\/43146"}],"replies":[{"embeddable":true,"href":"https:\/\/www.boxrepsol.com\/es\/wp-json\/wp\/v2\/comments?post=95205"}],"version-history":[{"count":1,"href":"https:\/\/www.boxrepsol.com\/es\/wp-json\/wp\/v2\/posts\/95205\/revisions"}],"predecessor-version":[{"id":109281,"href":"https:\/\/www.boxrepsol.com\/es\/wp-json\/wp\/v2\/posts\/95205\/revisions\/109281"}],"wp:featuredmedia":[{"embeddable":true,"href":"https:\/\/www.boxrepsol.com\/es\/wp-json\/wp\/v2\/media\/44853"}],"wp:attachment":[{"href":"https:\/\/www.boxrepsol.com\/es\/wp-json\/wp\/v2\/media?parent=95205"}],"wp:term":[{"taxonomy":"category","embeddable":true,"href":"https:\/\/www.boxrepsol.com\/es\/wp-json\/wp\/v2\/categories?post=95205"},{"taxonomy":"post_tag","embeddable":true,"href":"https:\/\/www.boxrepsol.com\/es\/wp-json\/wp\/v2\/tags?post=95205"}],"curies":[{"name":"wp","href":"https:\/\/api.w.org\/{rel}","templated":true}]}}