{"id":95204,"date":"2021-12-27T00:00:00","date_gmt":"2021-12-27T02:00:00","guid":{"rendered":"http:\/\/pre.boxrepsol.com\/sin-categorizar\/isidre-esteve-pone-rumbo-al-dakar-con-ilusion-y-confianza\/"},"modified":"2024-04-10T05:57:12","modified_gmt":"2024-04-10T07:57:12","slug":"isidre-esteve-pone-rumbo-al-dakar-con-ilusion-y-confianza","status":"publish","type":"post","link":"https:\/\/www.boxrepsol.com\/es\/rally\/isidre-esteve-pone-rumbo-al-dakar-con-ilusion-y-confianza\/","title":{"rendered":"Isidre Esteve pone rumbo al Dakar con ilusi\u00f3n y confianza"},"content":{"rendered":"<p><strong>Isidre Esteve<\/strong> y el resto de integrantes del <strong>Repsol Rally Team<\/strong> han puesto rumbo hacia Arabia Saud\u00ed este lunes desde el Aeropuerto de Barcelona para disputar el <strong>Rally Dakar 2022.<\/strong> La 44\u00aa edici\u00f3n del rally m\u00e1s duro del mundo arrancar\u00e1 el d\u00eda 1 de enero con la etapa Pr\u00f3logo (Yeda-Hail), que decidir\u00e1 el orden de salida para la primera especial propiamente dicha del 2 de enero (Hail-Hail).<\/p>\n<p>El grupo ha emprendido el viaje despu\u00e9s de unos \u00faltimos d\u00edas navide\u00f1os marcados por la incertidumbre y en los que han tenido que vigilar al m\u00e1ximo sus movimientos diarios para evitar ser contagiados por la nueva variante de coronavirus. El protocolo para el Dakar 2022 implica una PCR con resultado negativo desde 72 horas antes de aterrizar en Yeda. Adem\u00e1s, los integrantes del Repsol Rally Team tendr\u00e1n que dar negativo por segunda vez 24 horas despu\u00e9s de aterrizar en el pa\u00eds \u00e1rabe para poder entrar en la <em>burbuja<\/em> del rally.<\/p>\n<p>&nbsp;<\/p>\n<p><iframe loading=\"lazy\" width=\"560\" height=\"315\" src=\"https:\/\/www.youtube.com\/embed\/95_A0pAfM9c\" title=\"YouTube video player\" frameborder=\"0\" allow=\"accelerometer; autoplay; clipboard-write; encrypted-media; gyroscope; picture-in-picture\" allowfullscreen=\"\"><\/iframe><\/p>\n<p><em>\u00abNaturalmente, estos d\u00edas han sido de mucha tensi\u00f3n porque sabemos lo que significa para nosotros un positivo en COVID-19 y c\u00f3mo est\u00e1 la situaci\u00f3n actual con la variante \u00f3micron. Pero ya estamos en el aeropuerto, con el primer test negativo, y en 24 horas haremos un segundo test en el Estadio Ol\u00edmpico de Yeda. Si ese es negativo, ya estaremos 100% tranquilos y empezaremos a pensar en la carrera\u00bb<\/em>, ha comentado Isidre Esteve antes de subirse al avi\u00f3n.<\/p>\n<p><em>\u00abNo podemos bajar la guardia a\u00fan, porque hay mucha gente en el aeropuerto, ahora subimos a un avi\u00f3n donde estaremos cuatro horas todos juntos y conozco a personas que se han contagiado sin salir de casa. No sabemos cu\u00e1ndo y c\u00f3mo puede llegar a pasar, as\u00ed que debemos tomar todas las precauciones posibles\u00bb.<\/em><\/p>\n<p>A pesar de lo complicado de la situaci\u00f3n sanitaria actual, los objetivos competitivos del piloto ilerdense siguen intactos y Esteve espera volver de su 17\u00aa participaci\u00f3n en el Dakar (s\u00e9ptima en coche) con un top 20. Para ello, contar\u00e1 con el apoyo de Repsol, MGS Seguros, KH-7 y Toyota Espa\u00f1a, que le han permitido volver a repetir por segundo a\u00f1o consecutivo al volante del Toyota Hilux Overdrive con los mandos adaptados por Guidosimplex.<\/p>\n<p><em>\u00abEstamos en una edici\u00f3n 2022 con muchas novedades, con un cambio reglamentario muy importante, donde habr\u00e1 16-17 coches m\u00e1s r\u00e1pidos que el nuestro, y otros 20 o 30 que, como m\u00ednimo, lo ser\u00e1n tanto como nosotros. Pero estos prototipos nunca han competido y ahora toca ver d\u00f3nde estamos realmente. Para nosotros, llegar al final del rally entre los 20 primeros ser\u00eda un gran resultado. Quiz\u00e1s haya gente que diga que esto implica estar muy lejos del podio, pero llevamos dos 21\u00ba puestos en los \u00faltimos a\u00f1os y tenemos que romper este techo\u00bb,<\/em> ha a\u00f1adido este lunes el espa\u00f1ol.<\/p>\n<p>El <strong>Repsol Rally Team<\/strong> podr\u00e1 recuperar el veh\u00edculo en el puerto de Yeda ma\u00f1ana, d\u00eda 28 de diciembre, antes del <em>shakedown<\/em> de los d\u00edas 29 y 30 (10,70 km), que servir\u00e1 para comprobar que todos los sistemas funcionan perfectamente despu\u00e9s de la traves\u00eda mar\u00edtima de varias semanas desde el puerto de Marsella hasta la costa del Mar Rojo. El rally comenzar\u00e1 el d\u00eda 1 de enero con la etapa Pr\u00f3logo (19 km cronometrados) entre Yeda y Hail y acabar\u00e1 el d\u00eda 14 del mismo mes, despu\u00e9s de otras 12 etapas, una jornada de descanso en Riad y 8.177 km (de los cuales 4.258 ser\u00e1n contra el reloj).<\/p>\n","protected":false},"excerpt":{"rendered":"<p>El ilerdense vuela este lunes hacia Yeda junto a su copiloto, Txema Villalobos, y el resto del Repsol Rally Team<\/p>\n","protected":false},"author":43146,"featured_media":44850,"comment_status":"open","ping_status":"open","sticky":false,"template":"","format":"standard","meta":{"footnotes":""},"categories":[27],"tags":[120,201,29,183],"class_list":["post-95204","post","type-post","status-publish","format-standard","hentry","category-rally","tag-120","tag-dakar","tag-isidre-esteve","tag-repsol-rally-team"],"yoast_head":"<!-- This site is optimized with the Yoast SEO plugin v27.3 - https:\/\/yoast.com\/product\/yoast-seo-wordpress\/ -->\n<title>Isidre Esteve pone rumbo al Dakar con ilusi\u00f3n y confianza - Box Repsol<\/title>\n<meta name=\"description\" content=\"Descubre c\u00f3mo Isidre Esteve se prepara para afrontar el Dakar con una gran dosis de ilusi\u00f3n y confianza, listo para enfrentar los desaf\u00edos.\" \/>\n<link rel=\"canonical\" href=\"https:\/\/www.boxrepsol.com\/es\/rally\/isidre-esteve-pone-rumbo-al-dakar-con-ilusion-y-confianza\/\" \/>\n<meta property=\"og:locale\" content=\"es_ES\" \/>\n<meta property=\"og:type\" content=\"article\" \/>\n<meta property=\"og:title\" content=\"Isidre Esteve pone rumbo al Dakar con ilusi\u00f3n y confianza - Box Repsol\" \/>\n<meta property=\"og:description\" content=\"Descubre c\u00f3mo Isidre Esteve se prepara para afrontar el Dakar con una gran dosis de ilusi\u00f3n y confianza, listo para enfrentar los desaf\u00edos.\" \/>\n<meta property=\"og:url\" content=\"https:\/\/www.boxrepsol.com\/es\/rally\/isidre-esteve-pone-rumbo-al-dakar-con-ilusion-y-confianza\/\" \/>\n<meta property=\"og:site_name\" content=\"Box Repsol\" \/>\n<meta property=\"article:publisher\" content=\"https:\/\/www.facebook.com\/BoxRepsol\" \/>\n<meta property=\"article:author\" content=\"https:\/\/www.facebook.com\/BoxRepsol\/\" \/>\n<meta property=\"article:published_time\" content=\"2021-12-27T02:00:00+00:00\" \/>\n<meta property=\"article:modified_time\" content=\"2024-04-10T07:57:12+00:00\" \/>\n<meta property=\"og:image\" content=\"https:\/\/bxrepsol.s3.eu-west-1.amazonaws.com\/static\/2022\/08\/09141927\/Isidre_Esteve_salida_Dakar22_4-1.jpg\" \/>\n\t<meta property=\"og:image:width\" content=\"1280\" \/>\n\t<meta property=\"og:image:height\" content=\"600\" \/>\n\t<meta property=\"og:image:type\" content=\"image\/jpeg\" \/>\n<meta name=\"author\" content=\"Redacci\u00f3n Box Repsol\" \/>\n<meta name=\"twitter:card\" content=\"summary_large_image\" \/>\n<meta name=\"twitter:creator\" content=\"@https:\/\/twitter.com\/box_repsol\" \/>\n<meta name=\"twitter:site\" content=\"@box_repsol\" \/>\n<meta name=\"twitter:label1\" content=\"Written by\" \/>\n\t<meta name=\"twitter:data1\" content=\"Redacci\u00f3n Box Repsol\" \/>\n\t<meta name=\"twitter:label2\" content=\"Est. reading time\" \/>\n\t<meta name=\"twitter:data2\" content=\"3 minutos\" \/>\n<script type=\"application\/ld+json\" class=\"yoast-schema-graph\">{\"@context\":\"https:\\\/\\\/schema.org\",\"@graph\":[{\"@type\":\"Article\",\"@id\":\"https:\\\/\\\/www.boxrepsol.com\\\/es\\\/rally\\\/isidre-esteve-pone-rumbo-al-dakar-con-ilusion-y-confianza\\\/#article\",\"isPartOf\":{\"@id\":\"https:\\\/\\\/www.boxrepsol.com\\\/es\\\/rally\\\/isidre-esteve-pone-rumbo-al-dakar-con-ilusion-y-confianza\\\/\"},\"author\":{\"name\":\"Redacci\u00f3n Box Repsol\",\"@id\":\"https:\\\/\\\/www.boxrepsol.com\\\/es\\\/#\\\/schema\\\/person\\\/c5c2138f2cca251b0ad92b7086bb60b7\"},\"headline\":\"Isidre Esteve pone rumbo al Dakar con ilusi\u00f3n y confianza\",\"datePublished\":\"2021-12-27T02:00:00+00:00\",\"dateModified\":\"2024-04-10T07:57:12+00:00\",\"mainEntityOfPage\":{\"@id\":\"https:\\\/\\\/www.boxrepsol.com\\\/es\\\/rally\\\/isidre-esteve-pone-rumbo-al-dakar-con-ilusion-y-confianza\\\/\"},\"wordCount\":602,\"commentCount\":0,\"publisher\":{\"@id\":\"https:\\\/\\\/www.boxrepsol.com\\\/es\\\/#organization\"},\"image\":{\"@id\":\"https:\\\/\\\/www.boxrepsol.com\\\/es\\\/rally\\\/isidre-esteve-pone-rumbo-al-dakar-con-ilusion-y-confianza\\\/#primaryimage\"},\"thumbnailUrl\":\"https:\\\/\\\/bxrepsol.s3.eu-west-1.amazonaws.com\\\/static\\\/2022\\\/08\\\/09141927\\\/Isidre_Esteve_salida_Dakar22_4-1.jpg\",\"keywords\":[\"2022\",\"Dakar\",\"Isidre Esteve\",\"Repsol Rally Team\"],\"articleSection\":[\"Rally\"],\"inLanguage\":\"es\",\"potentialAction\":[{\"@type\":\"CommentAction\",\"name\":\"Comment\",\"target\":[\"https:\\\/\\\/www.boxrepsol.com\\\/es\\\/rally\\\/isidre-esteve-pone-rumbo-al-dakar-con-ilusion-y-confianza\\\/#respond\"]}]},{\"@type\":\"WebPage\",\"@id\":\"https:\\\/\\\/www.boxrepsol.com\\\/es\\\/rally\\\/isidre-esteve-pone-rumbo-al-dakar-con-ilusion-y-confianza\\\/\",\"url\":\"https:\\\/\\\/www.boxrepsol.com\\\/es\\\/rally\\\/isidre-esteve-pone-rumbo-al-dakar-con-ilusion-y-confianza\\\/\",\"name\":\"Isidre Esteve pone rumbo al Dakar con ilusi\u00f3n y confianza - Box Repsol\",\"isPartOf\":{\"@id\":\"https:\\\/\\\/www.boxrepsol.com\\\/es\\\/#website\"},\"primaryImageOfPage\":{\"@id\":\"https:\\\/\\\/www.boxrepsol.com\\\/es\\\/rally\\\/isidre-esteve-pone-rumbo-al-dakar-con-ilusion-y-confianza\\\/#primaryimage\"},\"image\":{\"@id\":\"https:\\\/\\\/www.boxrepsol.com\\\/es\\\/rally\\\/isidre-esteve-pone-rumbo-al-dakar-con-ilusion-y-confianza\\\/#primaryimage\"},\"thumbnailUrl\":\"https:\\\/\\\/bxrepsol.s3.eu-west-1.amazonaws.com\\\/static\\\/2022\\\/08\\\/09141927\\\/Isidre_Esteve_salida_Dakar22_4-1.jpg\",\"datePublished\":\"2021-12-27T02:00:00+00:00\",\"dateModified\":\"2024-04-10T07:57:12+00:00\",\"description\":\"Descubre c\u00f3mo Isidre Esteve se prepara para afrontar el Dakar con una gran dosis de ilusi\u00f3n y confianza, listo para enfrentar los desaf\u00edos.\",\"breadcrumb\":{\"@id\":\"https:\\\/\\\/www.boxrepsol.com\\\/es\\\/rally\\\/isidre-esteve-pone-rumbo-al-dakar-con-ilusion-y-confianza\\\/#breadcrumb\"},\"inLanguage\":\"es\",\"potentialAction\":[{\"@type\":\"ReadAction\",\"target\":[\"https:\\\/\\\/www.boxrepsol.com\\\/es\\\/rally\\\/isidre-esteve-pone-rumbo-al-dakar-con-ilusion-y-confianza\\\/\"]}]},{\"@type\":\"ImageObject\",\"inLanguage\":\"es\",\"@id\":\"https:\\\/\\\/www.boxrepsol.com\\\/es\\\/rally\\\/isidre-esteve-pone-rumbo-al-dakar-con-ilusion-y-confianza\\\/#primaryimage\",\"url\":\"https:\\\/\\\/bxrepsol.s3.eu-west-1.amazonaws.com\\\/static\\\/2022\\\/08\\\/09141927\\\/Isidre_Esteve_salida_Dakar22_4-1.jpg\",\"contentUrl\":\"https:\\\/\\\/bxrepsol.s3.eu-west-1.amazonaws.com\\\/static\\\/2022\\\/08\\\/09141927\\\/Isidre_Esteve_salida_Dakar22_4-1.jpg\",\"width\":1280,\"height\":600},{\"@type\":\"BreadcrumbList\",\"@id\":\"https:\\\/\\\/www.boxrepsol.com\\\/es\\\/rally\\\/isidre-esteve-pone-rumbo-al-dakar-con-ilusion-y-confianza\\\/#breadcrumb\",\"itemListElement\":[{\"@type\":\"ListItem\",\"position\":1,\"name\":\"Home\",\"item\":\"https:\\\/\\\/www.boxrepsol.com\\\/es\\\/\"},{\"@type\":\"ListItem\",\"position\":2,\"name\":\"Isidre Esteve pone rumbo al Dakar con ilusi\u00f3n y confianza\"}]},{\"@type\":\"WebSite\",\"@id\":\"https:\\\/\\\/www.boxrepsol.com\\\/es\\\/#website\",\"url\":\"https:\\\/\\\/www.boxrepsol.com\\\/es\\\/\",\"name\":\"Box Repsol\",\"description\":\"Box Repsol Site\",\"publisher\":{\"@id\":\"https:\\\/\\\/www.boxrepsol.com\\\/es\\\/#organization\"},\"potentialAction\":[{\"@type\":\"SearchAction\",\"target\":{\"@type\":\"EntryPoint\",\"urlTemplate\":\"https:\\\/\\\/www.boxrepsol.com\\\/es\\\/?s={search_term_string}\"},\"query-input\":{\"@type\":\"PropertyValueSpecification\",\"valueRequired\":true,\"valueName\":\"search_term_string\"}}],\"inLanguage\":\"es\"},{\"@type\":\"Organization\",\"@id\":\"https:\\\/\\\/www.boxrepsol.com\\\/es\\\/#organization\",\"name\":\"Box Repsol\",\"url\":\"https:\\\/\\\/www.boxrepsol.com\\\/es\\\/\",\"logo\":{\"@type\":\"ImageObject\",\"inLanguage\":\"es\",\"@id\":\"https:\\\/\\\/www.boxrepsol.com\\\/es\\\/#\\\/schema\\\/logo\\\/image\\\/\",\"url\":\"https:\\\/\\\/bxrepsol.s3.eu-west-1.amazonaws.com\\\/static\\\/2025\\\/07\\\/30083337\\\/favicon-96x96-1.png\",\"contentUrl\":\"https:\\\/\\\/bxrepsol.s3.eu-west-1.amazonaws.com\\\/static\\\/2025\\\/07\\\/30083337\\\/favicon-96x96-1.png\",\"width\":96,\"height\":96,\"caption\":\"Box Repsol\"},\"image\":{\"@id\":\"https:\\\/\\\/www.boxrepsol.com\\\/es\\\/#\\\/schema\\\/logo\\\/image\\\/\"},\"sameAs\":[\"https:\\\/\\\/www.facebook.com\\\/BoxRepsol\",\"https:\\\/\\\/x.com\\\/box_repsol\",\"http:\\\/\\\/instagram.com\\\/box_repsol\",\"https:\\\/\\\/www.youtube.com\\\/user\\\/RepsolCompeticion\",\"https:\\\/\\\/www.flickr.com\\\/photos\\\/box_repsol\\\/\"]},{\"@type\":\"Person\",\"@id\":\"https:\\\/\\\/www.boxrepsol.com\\\/es\\\/#\\\/schema\\\/person\\\/c5c2138f2cca251b0ad92b7086bb60b7\",\"name\":\"Redacci\u00f3n Box Repsol\",\"image\":{\"@type\":\"ImageObject\",\"inLanguage\":\"es\",\"@id\":\"https:\\\/\\\/secure.gravatar.com\\\/avatar\\\/adf7b77e38b4419baf32c7e9c21dde01f4e40df611f0978e3006fc4ba0aaab7e?s=96&d=mm&r=g\",\"url\":\"https:\\\/\\\/secure.gravatar.com\\\/avatar\\\/adf7b77e38b4419baf32c7e9c21dde01f4e40df611f0978e3006fc4ba0aaab7e?s=96&d=mm&r=g\",\"contentUrl\":\"https:\\\/\\\/secure.gravatar.com\\\/avatar\\\/adf7b77e38b4419baf32c7e9c21dde01f4e40df611f0978e3006fc4ba0aaab7e?s=96&d=mm&r=g\",\"caption\":\"Redacci\u00f3n Box Repsol\"},\"description\":\"Box Repsol lo forma un equipo de periodistas, community managers, dise\u00f1adores y fot\u00f3grafos con m\u00e1s de 20 a\u00f1os de experiencia en el mundo del motorsport. Hemos vivido el primer mundial de un espa\u00f1ol en la categor\u00eda reina de motociclismo con \u00c1lex Crivill\u00e9, estuvimos en las victorias de Pedrosa y los t\u00edtulos de M\u00e1rquez, acompa\u00f1amos en \u00c1frica a Nani Roma y Marc Coma en sus conquistas del Dakar y hemos vibrado con los t\u00edtulos de Toni Bou en Trial. Adem\u00e1s, en nuestro equipo contamos con expertos en el mundo de las dos y cuatro ruedas tanto de la calle y las carreteras, como de los circuitos. Periodistas que han trabajado en revistas y publicaciones para hacerte llegar desde rutas y consejos de mantenimiento, a curiosidades y trucos de pilotaje.\",\"sameAs\":[\"https:\\\/\\\/www.facebook.com\\\/BoxRepsol\\\/\",\"https:\\\/\\\/www.instagram.com\\\/box_repsol\\\/\",\"https:\\\/\\\/x.com\\\/https:\\\/\\\/twitter.com\\\/box_repsol\",\"https:\\\/\\\/www.youtube.com\\\/@Boxrepsol\"],\"url\":\"https:\\\/\\\/www.boxrepsol.com\\\/es\\\/author\\\/redaccion-box-repsol\\\/\"}]}<\/script>\n<!-- \/ Yoast SEO plugin. -->","yoast_head_json":{"title":"Isidre Esteve pone rumbo al Dakar con ilusi\u00f3n y confianza - Box Repsol","description":"Descubre c\u00f3mo Isidre Esteve se prepara para afrontar el Dakar con una gran dosis de ilusi\u00f3n y confianza, listo para enfrentar los desaf\u00edos.","canonical":"https:\/\/www.boxrepsol.com\/es\/rally\/isidre-esteve-pone-rumbo-al-dakar-con-ilusion-y-confianza\/","og_locale":"es_ES","og_type":"article","og_title":"Isidre Esteve pone rumbo al Dakar con ilusi\u00f3n y confianza - Box Repsol","og_description":"Descubre c\u00f3mo Isidre Esteve se prepara para afrontar el Dakar con una gran dosis de ilusi\u00f3n y confianza, listo para enfrentar los desaf\u00edos.","og_url":"https:\/\/www.boxrepsol.com\/es\/rally\/isidre-esteve-pone-rumbo-al-dakar-con-ilusion-y-confianza\/","og_site_name":"Box Repsol","article_publisher":"https:\/\/www.facebook.com\/BoxRepsol","article_author":"https:\/\/www.facebook.com\/BoxRepsol\/","article_published_time":"2021-12-27T02:00:00+00:00","article_modified_time":"2024-04-10T07:57:12+00:00","og_image":[{"width":1280,"height":600,"url":"https:\/\/bxrepsol.s3.eu-west-1.amazonaws.com\/static\/2022\/08\/09141927\/Isidre_Esteve_salida_Dakar22_4-1.jpg","type":"image\/jpeg"}],"author":"Redacci\u00f3n Box Repsol","twitter_card":"summary_large_image","twitter_creator":"@https:\/\/twitter.com\/box_repsol","twitter_site":"@box_repsol","twitter_misc":{"Written by":"Redacci\u00f3n Box Repsol","Est. reading time":"3 minutos"},"schema":{"@context":"https:\/\/schema.org","@graph":[{"@type":"Article","@id":"https:\/\/www.boxrepsol.com\/es\/rally\/isidre-esteve-pone-rumbo-al-dakar-con-ilusion-y-confianza\/#article","isPartOf":{"@id":"https:\/\/www.boxrepsol.com\/es\/rally\/isidre-esteve-pone-rumbo-al-dakar-con-ilusion-y-confianza\/"},"author":{"name":"Redacci\u00f3n Box Repsol","@id":"https:\/\/www.boxrepsol.com\/es\/#\/schema\/person\/c5c2138f2cca251b0ad92b7086bb60b7"},"headline":"Isidre Esteve pone rumbo al Dakar con ilusi\u00f3n y confianza","datePublished":"2021-12-27T02:00:00+00:00","dateModified":"2024-04-10T07:57:12+00:00","mainEntityOfPage":{"@id":"https:\/\/www.boxrepsol.com\/es\/rally\/isidre-esteve-pone-rumbo-al-dakar-con-ilusion-y-confianza\/"},"wordCount":602,"commentCount":0,"publisher":{"@id":"https:\/\/www.boxrepsol.com\/es\/#organization"},"image":{"@id":"https:\/\/www.boxrepsol.com\/es\/rally\/isidre-esteve-pone-rumbo-al-dakar-con-ilusion-y-confianza\/#primaryimage"},"thumbnailUrl":"https:\/\/bxrepsol.s3.eu-west-1.amazonaws.com\/static\/2022\/08\/09141927\/Isidre_Esteve_salida_Dakar22_4-1.jpg","keywords":["2022","Dakar","Isidre Esteve","Repsol Rally Team"],"articleSection":["Rally"],"inLanguage":"es","potentialAction":[{"@type":"CommentAction","name":"Comment","target":["https:\/\/www.boxrepsol.com\/es\/rally\/isidre-esteve-pone-rumbo-al-dakar-con-ilusion-y-confianza\/#respond"]}]},{"@type":"WebPage","@id":"https:\/\/www.boxrepsol.com\/es\/rally\/isidre-esteve-pone-rumbo-al-dakar-con-ilusion-y-confianza\/","url":"https:\/\/www.boxrepsol.com\/es\/rally\/isidre-esteve-pone-rumbo-al-dakar-con-ilusion-y-confianza\/","name":"Isidre Esteve pone rumbo al Dakar con ilusi\u00f3n y confianza - Box Repsol","isPartOf":{"@id":"https:\/\/www.boxrepsol.com\/es\/#website"},"primaryImageOfPage":{"@id":"https:\/\/www.boxrepsol.com\/es\/rally\/isidre-esteve-pone-rumbo-al-dakar-con-ilusion-y-confianza\/#primaryimage"},"image":{"@id":"https:\/\/www.boxrepsol.com\/es\/rally\/isidre-esteve-pone-rumbo-al-dakar-con-ilusion-y-confianza\/#primaryimage"},"thumbnailUrl":"https:\/\/bxrepsol.s3.eu-west-1.amazonaws.com\/static\/2022\/08\/09141927\/Isidre_Esteve_salida_Dakar22_4-1.jpg","datePublished":"2021-12-27T02:00:00+00:00","dateModified":"2024-04-10T07:57:12+00:00","description":"Descubre c\u00f3mo Isidre Esteve se prepara para afrontar el Dakar con una gran dosis de ilusi\u00f3n y confianza, listo para enfrentar los desaf\u00edos.","breadcrumb":{"@id":"https:\/\/www.boxrepsol.com\/es\/rally\/isidre-esteve-pone-rumbo-al-dakar-con-ilusion-y-confianza\/#breadcrumb"},"inLanguage":"es","potentialAction":[{"@type":"ReadAction","target":["https:\/\/www.boxrepsol.com\/es\/rally\/isidre-esteve-pone-rumbo-al-dakar-con-ilusion-y-confianza\/"]}]},{"@type":"ImageObject","inLanguage":"es","@id":"https:\/\/www.boxrepsol.com\/es\/rally\/isidre-esteve-pone-rumbo-al-dakar-con-ilusion-y-confianza\/#primaryimage","url":"https:\/\/bxrepsol.s3.eu-west-1.amazonaws.com\/static\/2022\/08\/09141927\/Isidre_Esteve_salida_Dakar22_4-1.jpg","contentUrl":"https:\/\/bxrepsol.s3.eu-west-1.amazonaws.com\/static\/2022\/08\/09141927\/Isidre_Esteve_salida_Dakar22_4-1.jpg","width":1280,"height":600},{"@type":"BreadcrumbList","@id":"https:\/\/www.boxrepsol.com\/es\/rally\/isidre-esteve-pone-rumbo-al-dakar-con-ilusion-y-confianza\/#breadcrumb","itemListElement":[{"@type":"ListItem","position":1,"name":"Home","item":"https:\/\/www.boxrepsol.com\/es\/"},{"@type":"ListItem","position":2,"name":"Isidre Esteve pone rumbo al Dakar con ilusi\u00f3n y confianza"}]},{"@type":"WebSite","@id":"https:\/\/www.boxrepsol.com\/es\/#website","url":"https:\/\/www.boxrepsol.com\/es\/","name":"Box Repsol","description":"Box Repsol Site","publisher":{"@id":"https:\/\/www.boxrepsol.com\/es\/#organization"},"potentialAction":[{"@type":"SearchAction","target":{"@type":"EntryPoint","urlTemplate":"https:\/\/www.boxrepsol.com\/es\/?s={search_term_string}"},"query-input":{"@type":"PropertyValueSpecification","valueRequired":true,"valueName":"search_term_string"}}],"inLanguage":"es"},{"@type":"Organization","@id":"https:\/\/www.boxrepsol.com\/es\/#organization","name":"Box Repsol","url":"https:\/\/www.boxrepsol.com\/es\/","logo":{"@type":"ImageObject","inLanguage":"es","@id":"https:\/\/www.boxrepsol.com\/es\/#\/schema\/logo\/image\/","url":"https:\/\/bxrepsol.s3.eu-west-1.amazonaws.com\/static\/2025\/07\/30083337\/favicon-96x96-1.png","contentUrl":"https:\/\/bxrepsol.s3.eu-west-1.amazonaws.com\/static\/2025\/07\/30083337\/favicon-96x96-1.png","width":96,"height":96,"caption":"Box Repsol"},"image":{"@id":"https:\/\/www.boxrepsol.com\/es\/#\/schema\/logo\/image\/"},"sameAs":["https:\/\/www.facebook.com\/BoxRepsol","https:\/\/x.com\/box_repsol","http:\/\/instagram.com\/box_repsol","https:\/\/www.youtube.com\/user\/RepsolCompeticion","https:\/\/www.flickr.com\/photos\/box_repsol\/"]},{"@type":"Person","@id":"https:\/\/www.boxrepsol.com\/es\/#\/schema\/person\/c5c2138f2cca251b0ad92b7086bb60b7","name":"Redacci\u00f3n Box Repsol","image":{"@type":"ImageObject","inLanguage":"es","@id":"https:\/\/secure.gravatar.com\/avatar\/adf7b77e38b4419baf32c7e9c21dde01f4e40df611f0978e3006fc4ba0aaab7e?s=96&d=mm&r=g","url":"https:\/\/secure.gravatar.com\/avatar\/adf7b77e38b4419baf32c7e9c21dde01f4e40df611f0978e3006fc4ba0aaab7e?s=96&d=mm&r=g","contentUrl":"https:\/\/secure.gravatar.com\/avatar\/adf7b77e38b4419baf32c7e9c21dde01f4e40df611f0978e3006fc4ba0aaab7e?s=96&d=mm&r=g","caption":"Redacci\u00f3n Box Repsol"},"description":"Box Repsol lo forma un equipo de periodistas, community managers, dise\u00f1adores y fot\u00f3grafos con m\u00e1s de 20 a\u00f1os de experiencia en el mundo del motorsport. Hemos vivido el primer mundial de un espa\u00f1ol en la categor\u00eda reina de motociclismo con \u00c1lex Crivill\u00e9, estuvimos en las victorias de Pedrosa y los t\u00edtulos de M\u00e1rquez, acompa\u00f1amos en \u00c1frica a Nani Roma y Marc Coma en sus conquistas del Dakar y hemos vibrado con los t\u00edtulos de Toni Bou en Trial. Adem\u00e1s, en nuestro equipo contamos con expertos en el mundo de las dos y cuatro ruedas tanto de la calle y las carreteras, como de los circuitos. Periodistas que han trabajado en revistas y publicaciones para hacerte llegar desde rutas y consejos de mantenimiento, a curiosidades y trucos de pilotaje.","sameAs":["https:\/\/www.facebook.com\/BoxRepsol\/","https:\/\/www.instagram.com\/box_repsol\/","https:\/\/x.com\/https:\/\/twitter.com\/box_repsol","https:\/\/www.youtube.com\/@Boxrepsol"],"url":"https:\/\/www.boxrepsol.com\/es\/author\/redaccion-box-repsol\/"}]}},"_links":{"self":[{"href":"https:\/\/www.boxrepsol.com\/es\/wp-json\/wp\/v2\/posts\/95204","targetHints":{"allow":["GET"]}}],"collection":[{"href":"https:\/\/www.boxrepsol.com\/es\/wp-json\/wp\/v2\/posts"}],"about":[{"href":"https:\/\/www.boxrepsol.com\/es\/wp-json\/wp\/v2\/types\/post"}],"author":[{"embeddable":true,"href":"https:\/\/www.boxrepsol.com\/es\/wp-json\/wp\/v2\/users\/43146"}],"replies":[{"embeddable":true,"href":"https:\/\/www.boxrepsol.com\/es\/wp-json\/wp\/v2\/comments?post=95204"}],"version-history":[{"count":1,"href":"https:\/\/www.boxrepsol.com\/es\/wp-json\/wp\/v2\/posts\/95204\/revisions"}],"predecessor-version":[{"id":109282,"href":"https:\/\/www.boxrepsol.com\/es\/wp-json\/wp\/v2\/posts\/95204\/revisions\/109282"}],"wp:featuredmedia":[{"embeddable":true,"href":"https:\/\/www.boxrepsol.com\/es\/wp-json\/wp\/v2\/media\/44850"}],"wp:attachment":[{"href":"https:\/\/www.boxrepsol.com\/es\/wp-json\/wp\/v2\/media?parent=95204"}],"wp:term":[{"taxonomy":"category","embeddable":true,"href":"https:\/\/www.boxrepsol.com\/es\/wp-json\/wp\/v2\/categories?post=95204"},{"taxonomy":"post_tag","embeddable":true,"href":"https:\/\/www.boxrepsol.com\/es\/wp-json\/wp\/v2\/tags?post=95204"}],"curies":[{"name":"wp","href":"https:\/\/api.w.org\/{rel}","templated":true}]}}