{"id":95196,"date":"2021-12-13T00:00:00","date_gmt":"2021-12-13T02:00:00","guid":{"rendered":"http:\/\/pre.boxrepsol.com\/sin-categorizar\/isidre-esteve-busca-competir-por-el-top-20-en-el-dakar-2022\/"},"modified":"2024-04-10T06:18:04","modified_gmt":"2024-04-10T08:18:04","slug":"isidre-esteve-busca-competir-por-el-top-20-en-el-dakar-2022","status":"publish","type":"post","link":"https:\/\/www.boxrepsol.com\/es\/rally\/isidre-esteve-busca-competir-por-el-top-20-en-el-dakar-2022\/","title":{"rendered":"Isidre Esteve busca competir por el top 20 en el Dakar 2022"},"content":{"rendered":"<p>El ilerdense ha presentado este lunes el proyecto con el que espera dar un importante <strong>paso adelante a nivel competitivo con el apoyo de Repsol, MGS Seguros, KH-7 y Toyota Espa\u00f1a.<\/strong><\/p>\n<p><strong>Isidre Esteve<\/strong> vuelve a la carga para disputar su 17\u00aa edici\u00f3n, la s\u00e9ptima en coche, en el <strong>Rally Dakar 2022<\/strong>. El piloto del <strong>Repsol Rally Team<\/strong> se marca como objetivo mejorar las prestaciones de la pasada edici\u00f3n 2021, donde logr\u00f3 acabar 28\u00ba de la general pese a no tener apenas tiempo para probar con antelaci\u00f3n su nuevo Toyota Hilux Overdrive debido a la pandemia. Para ello, repetir\u00e1 por segundo a\u00f1o consecutivo con el prototipo de primer nivel, y en esta ocasi\u00f3n tambi\u00e9n utilizar\u00e1 un <strong>combustible de bajas emisiones desarrollado por Repsol.<\/strong><\/p>\n<p>El tes\u00f3n y la perseverancia de Isidre Esteve le han llevado a trabajar intensamente durante todo 2021 junto a los integrantes del Repsol Rally Team, su equipo de mec\u00e1nicos y el copiloto,<strong> Txema Villalobos<\/strong>, para tratar de optimizar la configuraci\u00f3n de su montura. As\u00ed, gracias al apoyo de <strong>Repsol<\/strong>, MGS, KH-7 y Toyota, pudo participar en la Baja Arag\u00f3n, donde fue 13\u00ba, y en el Rally de Marruecos, donde acab\u00f3 11\u00ba de la general y 8\u00ba entre los coches T1, para poner a punto el Toyota Hilux.<\/p>\n<p>\u00ab<em>Me siento afortunado de tener un proyecto como el nuestro, en el que <strong>cada a\u00f1o damos un paso hacia delante para ser m\u00e1s competitivos<\/strong>. Soy un privilegiado por tener a mi lado a la gente de Repsol, MGS, KH-7 y Toyota. Tenemos un equipo formidable que nos permite disponer de un calendario deportivo para preparar el Dakar, trabajar cada d\u00eda con el coche y as\u00ed poder ser m\u00e1s r\u00e1pidos y consistentes<\/em>\u201d, comenta Isidre Esteve.<\/p>\n<p>\u00ab<em><strong>El objetivo es ir al Dakar 2022 a competir y estar cada vez m\u00e1s cerca de los mejores<\/strong>. Siendo consciente de que el rally ha cambiado bastante en los dos \u00faltimos a\u00f1os y cada vez cuenta con coches y pilotos m\u00e1s competitivos, ahora me siento mucho m\u00e1s r\u00e1pido y con m\u00e1s confianza que hace 12 meses, despu\u00e9s del gran trabajo que hemos hecho durante el a\u00f1o. Yo creo que si el d\u00eda 14 de enero conseguimos estar entre los 20 primeros, ser\u00eda un buen resultado para nosotros. Obviamente, si podemos estar m\u00e1s cerca del top 15, mejor que mejor; eso ser\u00eda algo extraordinario<\/em>\u201d.<\/p>\n<p>Una de las principales novedades con las que cuenta el proyecto del Repsol Rally Team de cara al Dakar 2022 es la utilizaci\u00f3n de un <strong>combustible de bajas emisiones<\/strong>. La novedosa f\u00f3rmula desarrollada por el <strong>Repsol Technology Lab<\/strong> \u2013un centro de investigaci\u00f3n puntero que cuenta con 240 cient\u00edficos e investigadores\u2013 dispone de un <strong>50% de biocombustible<\/strong>, en cuya fabricaci\u00f3n se atrapa CO<sub>2<\/sub> de la atm\u00f3sfera, lo que hace que las emisiones de carbono sean notablemente inferiores a las de un combustible habitual; todo ello <strong>sin disminuir un \u00e1pice el rendimiento<\/strong> del 4&#215;4 de Isidre Esteve.<\/p>\n<p><em>\u00abNos encontramos en un momento de much\u00edsimos cambios en el mundo de la competici\u00f3n y de la automoci\u00f3n en general, y el Dakar ya ha anunciado su cambio de paradigma de cara al futuro. Nosotros queremos estar tambi\u00e9n en ese cambio. Nuestra apuesta para el futuro inmediato es el nuevo carburante de Repsol, que ya probamos en Marruecos, donde los resultados fueron espectaculares. As\u00ed, durante el Dakar lo volveremos a utilizar para seguir recabando datos. El objetivo final es <strong>utilizarlo de manera continuada durante el resto de 2022<\/strong><\/em>\u201d, apunta Esteve sobre el nuevo combustible de bajas emisiones.<\/p>\n<p>El piloto ilerdense \u2013que contar\u00e1 de nuevo con los mandos adaptados preparados por Guidosimplex y el coj\u00edn inteligente Nubolo como elementos fundamentales de su d\u00eda a d\u00eda\u2013 llega con optimismo a su s\u00e9ptima participaci\u00f3n en coche, despu\u00e9s de haber luchado por el top 20 en el Dakar 2021, antes de que una rotura del diferencial a dos d\u00edas para la conclusi\u00f3n le relegase al 28\u00ba puesto final. Sus buenos resultados en la Baja Arag\u00f3n 2021 y el Rally de Marruecos del pasado octubre le hacen <strong>afrontar de manera positiva su 17\u00aa edici\u00f3n<\/strong>, la segunda al volante del Toyota Hilux Overdrive.<\/p>\n<p><em>\u00abEste a\u00f1o hemos podido trabajar en el coche desde principios de temporada y hemos logrado llegar a un punto donde sabemos todo lo que funciona y lo que no, adem\u00e1s de qu\u00e9 es lo que mejor se adapta a m\u00ed. De este modo, saldremos en el Dakar 2022 con un Hilux que ya conocemos perfectamente, con el que hemos hecho bastantes kil\u00f3metros y del que tenemos claro cu\u00e1l es el <\/em>setting<em> que mejor rinde. Esto nos permitir\u00e1 ser r\u00e1pidos desde el principio, pero debemos tener en cuenta que va a haber un gran n\u00famero de pilotos oficiales y prototipos de m\u00e1ximo nivel. Nuestra mentalidad ser\u00e1 la de <strong>ser competitivos cada d\u00eda,<\/strong> evitar fallos iniciales y ser regulares, porque el Dakar nunca perdona y son dos semanas de carrera<\/em>\u201d.<\/p>\n<p>El Dakar 2022 contar\u00e1 con una Pr\u00f3logo (1 de enero) y 12 etapas, m\u00e1s una jornada de descanso, que se disputar\u00e1n hasta el d\u00eda 14 del mismo mes. Los organizadores han dise\u00f1ado un recorrido notablemente diferente al de las anteriores ediciones en el pa\u00eds que incluir\u00e1 una buena dosis de arena y 8.177 km de carrera (de los cuales 4.258 ser\u00e1n cronometrados).<\/p>\n<p><em>\u00abEsta vez, el 70% del recorrido es nuevo y, aunque es verdad que hab\u00eda mucha expectaci\u00f3n sobre bajar al Empty Quarter [desierto de 650.000 km<sup>2<\/sup> al sur del pa\u00eds], conozco a David Castera y a todo su equipo y no creo que haya menos dificultad por no ir all\u00ed. Va a ser un Dakar exigente a nivel deportivo, con mucha m\u00e1s arena que el a\u00f1o pasado, lo cual a nosotros nos castigar\u00e1 menos a nivel de exigencia de los neum\u00e1ticos, ya que llevamos las ruedas peque\u00f1as frente a las m\u00e1s grandes de los T1+<\/em>\u201d, desgrana Esteve<\/p>\n<blockquote><p><strong>Clara Rey, Directora de Customer Centric, Generaci\u00f3n de Baja Huella y Qu\u00edmica en el Repsol Technology Lab<\/strong><\/p>\n<p><em>\u00abLa colaboraci\u00f3n con Isidre se entiende de muchas maneras y una de ellas son los valores que transmite como persona. El Dakar 2022 es especialmente importante para Repsol porque desde el Tech Lab hemos hecho un trabajo intenso para poder emplear nuestro nuevo combustible de baja huella en carbono. Adem\u00e1s, el lubricante que utilizar\u00e1 Isidre tambi\u00e9n ha sido desarrollado empleando qu\u00edmica computacional e inteligencia artificial para mejorar el rendimiento en carrera\u201d.<\/em><\/p><\/blockquote>\n","protected":false},"excerpt":{"rendered":"<p>El piloto del Repsol Rally Team disputar\u00e1 su 17\u00aa edici\u00f3n en la prueba m\u00e1s dura del mundo al volante del Toyota Hilux Overdrive y usar\u00e1 un novedoso combustible de Repsol bajo en emisiones.<\/p>\n","protected":false},"author":43146,"featured_media":44780,"comment_status":"open","ping_status":"open","sticky":false,"template":"","format":"standard","meta":{"footnotes":""},"categories":[27],"tags":[120,201,29,183],"class_list":["post-95196","post","type-post","status-publish","format-standard","hentry","category-rally","tag-120","tag-dakar","tag-isidre-esteve","tag-repsol-rally-team"],"yoast_head":"<!-- This site is optimized with the Yoast SEO plugin v27.3 - https:\/\/yoast.com\/product\/yoast-seo-wordpress\/ -->\n<title>Isidre Esteve busca competir por el top 20 en el Dakar 2022 - Box Repsol<\/title>\n<meta name=\"description\" content=\"Sigue la emocionante lucha de Isidre Esteve mientras busca competir por un puesto en el top 20 en el desafiante Dakar 2022.\" \/>\n<link rel=\"canonical\" href=\"https:\/\/www.boxrepsol.com\/es\/rally\/isidre-esteve-busca-competir-por-el-top-20-en-el-dakar-2022\/\" \/>\n<meta property=\"og:locale\" content=\"es_ES\" \/>\n<meta property=\"og:type\" content=\"article\" \/>\n<meta property=\"og:title\" content=\"Isidre Esteve busca competir por el top 20 en el Dakar 2022 - Box Repsol\" \/>\n<meta property=\"og:description\" content=\"Sigue la emocionante lucha de Isidre Esteve mientras busca competir por un puesto en el top 20 en el desafiante Dakar 2022.\" \/>\n<meta property=\"og:url\" content=\"https:\/\/www.boxrepsol.com\/es\/rally\/isidre-esteve-busca-competir-por-el-top-20-en-el-dakar-2022\/\" \/>\n<meta property=\"og:site_name\" content=\"Box Repsol\" \/>\n<meta property=\"article:publisher\" content=\"https:\/\/www.facebook.com\/BoxRepsol\" \/>\n<meta property=\"article:author\" content=\"https:\/\/www.facebook.com\/BoxRepsol\/\" \/>\n<meta property=\"article:published_time\" content=\"2021-12-13T02:00:00+00:00\" \/>\n<meta property=\"article:modified_time\" content=\"2024-04-10T08:18:04+00:00\" \/>\n<meta property=\"og:image\" content=\"https:\/\/bxrepsol.s3.eu-west-1.amazonaws.com\/static\/2022\/08\/09141818\/Presentacion_Isidre_Esteve_Dakar22_5-1.jpeg\" \/>\n\t<meta property=\"og:image:width\" content=\"1280\" \/>\n\t<meta property=\"og:image:height\" content=\"600\" \/>\n\t<meta property=\"og:image:type\" content=\"image\/jpeg\" \/>\n<meta name=\"author\" content=\"Redacci\u00f3n Box Repsol\" \/>\n<meta name=\"twitter:card\" content=\"summary_large_image\" \/>\n<meta name=\"twitter:creator\" content=\"@https:\/\/twitter.com\/box_repsol\" \/>\n<meta name=\"twitter:site\" content=\"@box_repsol\" \/>\n<meta name=\"twitter:label1\" content=\"Written by\" \/>\n\t<meta name=\"twitter:data1\" content=\"Redacci\u00f3n Box Repsol\" \/>\n\t<meta name=\"twitter:label2\" content=\"Est. reading time\" \/>\n\t<meta name=\"twitter:data2\" content=\"5 minutos\" \/>\n<script type=\"application\/ld+json\" class=\"yoast-schema-graph\">{\"@context\":\"https:\\\/\\\/schema.org\",\"@graph\":[{\"@type\":\"Article\",\"@id\":\"https:\\\/\\\/www.boxrepsol.com\\\/es\\\/rally\\\/isidre-esteve-busca-competir-por-el-top-20-en-el-dakar-2022\\\/#article\",\"isPartOf\":{\"@id\":\"https:\\\/\\\/www.boxrepsol.com\\\/es\\\/rally\\\/isidre-esteve-busca-competir-por-el-top-20-en-el-dakar-2022\\\/\"},\"author\":{\"name\":\"Redacci\u00f3n Box Repsol\",\"@id\":\"https:\\\/\\\/www.boxrepsol.com\\\/es\\\/#\\\/schema\\\/person\\\/c5c2138f2cca251b0ad92b7086bb60b7\"},\"headline\":\"Isidre Esteve busca competir por el top 20 en el Dakar 2022\",\"datePublished\":\"2021-12-13T02:00:00+00:00\",\"dateModified\":\"2024-04-10T08:18:04+00:00\",\"mainEntityOfPage\":{\"@id\":\"https:\\\/\\\/www.boxrepsol.com\\\/es\\\/rally\\\/isidre-esteve-busca-competir-por-el-top-20-en-el-dakar-2022\\\/\"},\"wordCount\":1108,\"commentCount\":0,\"publisher\":{\"@id\":\"https:\\\/\\\/www.boxrepsol.com\\\/es\\\/#organization\"},\"image\":{\"@id\":\"https:\\\/\\\/www.boxrepsol.com\\\/es\\\/rally\\\/isidre-esteve-busca-competir-por-el-top-20-en-el-dakar-2022\\\/#primaryimage\"},\"thumbnailUrl\":\"https:\\\/\\\/bxrepsol.s3.eu-west-1.amazonaws.com\\\/static\\\/2022\\\/08\\\/09141818\\\/Presentacion_Isidre_Esteve_Dakar22_5-1.jpeg\",\"keywords\":[\"2022\",\"Dakar\",\"Isidre Esteve\",\"Repsol Rally Team\"],\"articleSection\":[\"Rally\"],\"inLanguage\":\"es\",\"potentialAction\":[{\"@type\":\"CommentAction\",\"name\":\"Comment\",\"target\":[\"https:\\\/\\\/www.boxrepsol.com\\\/es\\\/rally\\\/isidre-esteve-busca-competir-por-el-top-20-en-el-dakar-2022\\\/#respond\"]}]},{\"@type\":\"WebPage\",\"@id\":\"https:\\\/\\\/www.boxrepsol.com\\\/es\\\/rally\\\/isidre-esteve-busca-competir-por-el-top-20-en-el-dakar-2022\\\/\",\"url\":\"https:\\\/\\\/www.boxrepsol.com\\\/es\\\/rally\\\/isidre-esteve-busca-competir-por-el-top-20-en-el-dakar-2022\\\/\",\"name\":\"Isidre Esteve busca competir por el top 20 en el Dakar 2022 - Box Repsol\",\"isPartOf\":{\"@id\":\"https:\\\/\\\/www.boxrepsol.com\\\/es\\\/#website\"},\"primaryImageOfPage\":{\"@id\":\"https:\\\/\\\/www.boxrepsol.com\\\/es\\\/rally\\\/isidre-esteve-busca-competir-por-el-top-20-en-el-dakar-2022\\\/#primaryimage\"},\"image\":{\"@id\":\"https:\\\/\\\/www.boxrepsol.com\\\/es\\\/rally\\\/isidre-esteve-busca-competir-por-el-top-20-en-el-dakar-2022\\\/#primaryimage\"},\"thumbnailUrl\":\"https:\\\/\\\/bxrepsol.s3.eu-west-1.amazonaws.com\\\/static\\\/2022\\\/08\\\/09141818\\\/Presentacion_Isidre_Esteve_Dakar22_5-1.jpeg\",\"datePublished\":\"2021-12-13T02:00:00+00:00\",\"dateModified\":\"2024-04-10T08:18:04+00:00\",\"description\":\"Sigue la emocionante lucha de Isidre Esteve mientras busca competir por un puesto en el top 20 en el desafiante Dakar 2022.\",\"breadcrumb\":{\"@id\":\"https:\\\/\\\/www.boxrepsol.com\\\/es\\\/rally\\\/isidre-esteve-busca-competir-por-el-top-20-en-el-dakar-2022\\\/#breadcrumb\"},\"inLanguage\":\"es\",\"potentialAction\":[{\"@type\":\"ReadAction\",\"target\":[\"https:\\\/\\\/www.boxrepsol.com\\\/es\\\/rally\\\/isidre-esteve-busca-competir-por-el-top-20-en-el-dakar-2022\\\/\"]}]},{\"@type\":\"ImageObject\",\"inLanguage\":\"es\",\"@id\":\"https:\\\/\\\/www.boxrepsol.com\\\/es\\\/rally\\\/isidre-esteve-busca-competir-por-el-top-20-en-el-dakar-2022\\\/#primaryimage\",\"url\":\"https:\\\/\\\/bxrepsol.s3.eu-west-1.amazonaws.com\\\/static\\\/2022\\\/08\\\/09141818\\\/Presentacion_Isidre_Esteve_Dakar22_5-1.jpeg\",\"contentUrl\":\"https:\\\/\\\/bxrepsol.s3.eu-west-1.amazonaws.com\\\/static\\\/2022\\\/08\\\/09141818\\\/Presentacion_Isidre_Esteve_Dakar22_5-1.jpeg\",\"width\":1280,\"height\":600},{\"@type\":\"BreadcrumbList\",\"@id\":\"https:\\\/\\\/www.boxrepsol.com\\\/es\\\/rally\\\/isidre-esteve-busca-competir-por-el-top-20-en-el-dakar-2022\\\/#breadcrumb\",\"itemListElement\":[{\"@type\":\"ListItem\",\"position\":1,\"name\":\"Home\",\"item\":\"https:\\\/\\\/www.boxrepsol.com\\\/es\\\/\"},{\"@type\":\"ListItem\",\"position\":2,\"name\":\"Isidre Esteve busca competir por el top 20 en el Dakar 2022\"}]},{\"@type\":\"WebSite\",\"@id\":\"https:\\\/\\\/www.boxrepsol.com\\\/es\\\/#website\",\"url\":\"https:\\\/\\\/www.boxrepsol.com\\\/es\\\/\",\"name\":\"Box Repsol\",\"description\":\"Box Repsol Site\",\"publisher\":{\"@id\":\"https:\\\/\\\/www.boxrepsol.com\\\/es\\\/#organization\"},\"potentialAction\":[{\"@type\":\"SearchAction\",\"target\":{\"@type\":\"EntryPoint\",\"urlTemplate\":\"https:\\\/\\\/www.boxrepsol.com\\\/es\\\/?s={search_term_string}\"},\"query-input\":{\"@type\":\"PropertyValueSpecification\",\"valueRequired\":true,\"valueName\":\"search_term_string\"}}],\"inLanguage\":\"es\"},{\"@type\":\"Organization\",\"@id\":\"https:\\\/\\\/www.boxrepsol.com\\\/es\\\/#organization\",\"name\":\"Box Repsol\",\"url\":\"https:\\\/\\\/www.boxrepsol.com\\\/es\\\/\",\"logo\":{\"@type\":\"ImageObject\",\"inLanguage\":\"es\",\"@id\":\"https:\\\/\\\/www.boxrepsol.com\\\/es\\\/#\\\/schema\\\/logo\\\/image\\\/\",\"url\":\"https:\\\/\\\/bxrepsol.s3.eu-west-1.amazonaws.com\\\/static\\\/2025\\\/07\\\/30083337\\\/favicon-96x96-1.png\",\"contentUrl\":\"https:\\\/\\\/bxrepsol.s3.eu-west-1.amazonaws.com\\\/static\\\/2025\\\/07\\\/30083337\\\/favicon-96x96-1.png\",\"width\":96,\"height\":96,\"caption\":\"Box Repsol\"},\"image\":{\"@id\":\"https:\\\/\\\/www.boxrepsol.com\\\/es\\\/#\\\/schema\\\/logo\\\/image\\\/\"},\"sameAs\":[\"https:\\\/\\\/www.facebook.com\\\/BoxRepsol\",\"https:\\\/\\\/x.com\\\/box_repsol\",\"http:\\\/\\\/instagram.com\\\/box_repsol\",\"https:\\\/\\\/www.youtube.com\\\/user\\\/RepsolCompeticion\",\"https:\\\/\\\/www.flickr.com\\\/photos\\\/box_repsol\\\/\"]},{\"@type\":\"Person\",\"@id\":\"https:\\\/\\\/www.boxrepsol.com\\\/es\\\/#\\\/schema\\\/person\\\/c5c2138f2cca251b0ad92b7086bb60b7\",\"name\":\"Redacci\u00f3n Box Repsol\",\"image\":{\"@type\":\"ImageObject\",\"inLanguage\":\"es\",\"@id\":\"https:\\\/\\\/secure.gravatar.com\\\/avatar\\\/adf7b77e38b4419baf32c7e9c21dde01f4e40df611f0978e3006fc4ba0aaab7e?s=96&d=mm&r=g\",\"url\":\"https:\\\/\\\/secure.gravatar.com\\\/avatar\\\/adf7b77e38b4419baf32c7e9c21dde01f4e40df611f0978e3006fc4ba0aaab7e?s=96&d=mm&r=g\",\"contentUrl\":\"https:\\\/\\\/secure.gravatar.com\\\/avatar\\\/adf7b77e38b4419baf32c7e9c21dde01f4e40df611f0978e3006fc4ba0aaab7e?s=96&d=mm&r=g\",\"caption\":\"Redacci\u00f3n Box Repsol\"},\"description\":\"Box Repsol lo forma un equipo de periodistas, community managers, dise\u00f1adores y fot\u00f3grafos con m\u00e1s de 20 a\u00f1os de experiencia en el mundo del motorsport. Hemos vivido el primer mundial de un espa\u00f1ol en la categor\u00eda reina de motociclismo con \u00c1lex Crivill\u00e9, estuvimos en las victorias de Pedrosa y los t\u00edtulos de M\u00e1rquez, acompa\u00f1amos en \u00c1frica a Nani Roma y Marc Coma en sus conquistas del Dakar y hemos vibrado con los t\u00edtulos de Toni Bou en Trial. Adem\u00e1s, en nuestro equipo contamos con expertos en el mundo de las dos y cuatro ruedas tanto de la calle y las carreteras, como de los circuitos. Periodistas que han trabajado en revistas y publicaciones para hacerte llegar desde rutas y consejos de mantenimiento, a curiosidades y trucos de pilotaje.\",\"sameAs\":[\"https:\\\/\\\/www.facebook.com\\\/BoxRepsol\\\/\",\"https:\\\/\\\/www.instagram.com\\\/box_repsol\\\/\",\"https:\\\/\\\/x.com\\\/https:\\\/\\\/twitter.com\\\/box_repsol\",\"https:\\\/\\\/www.youtube.com\\\/@Boxrepsol\"],\"url\":\"https:\\\/\\\/www.boxrepsol.com\\\/es\\\/author\\\/redaccion-box-repsol\\\/\"}]}<\/script>\n<!-- \/ Yoast SEO plugin. -->","yoast_head_json":{"title":"Isidre Esteve busca competir por el top 20 en el Dakar 2022 - Box Repsol","description":"Sigue la emocionante lucha de Isidre Esteve mientras busca competir por un puesto en el top 20 en el desafiante Dakar 2022.","canonical":"https:\/\/www.boxrepsol.com\/es\/rally\/isidre-esteve-busca-competir-por-el-top-20-en-el-dakar-2022\/","og_locale":"es_ES","og_type":"article","og_title":"Isidre Esteve busca competir por el top 20 en el Dakar 2022 - Box Repsol","og_description":"Sigue la emocionante lucha de Isidre Esteve mientras busca competir por un puesto en el top 20 en el desafiante Dakar 2022.","og_url":"https:\/\/www.boxrepsol.com\/es\/rally\/isidre-esteve-busca-competir-por-el-top-20-en-el-dakar-2022\/","og_site_name":"Box Repsol","article_publisher":"https:\/\/www.facebook.com\/BoxRepsol","article_author":"https:\/\/www.facebook.com\/BoxRepsol\/","article_published_time":"2021-12-13T02:00:00+00:00","article_modified_time":"2024-04-10T08:18:04+00:00","og_image":[{"width":1280,"height":600,"url":"https:\/\/bxrepsol.s3.eu-west-1.amazonaws.com\/static\/2022\/08\/09141818\/Presentacion_Isidre_Esteve_Dakar22_5-1.jpeg","type":"image\/jpeg"}],"author":"Redacci\u00f3n Box Repsol","twitter_card":"summary_large_image","twitter_creator":"@https:\/\/twitter.com\/box_repsol","twitter_site":"@box_repsol","twitter_misc":{"Written by":"Redacci\u00f3n Box Repsol","Est. reading time":"5 minutos"},"schema":{"@context":"https:\/\/schema.org","@graph":[{"@type":"Article","@id":"https:\/\/www.boxrepsol.com\/es\/rally\/isidre-esteve-busca-competir-por-el-top-20-en-el-dakar-2022\/#article","isPartOf":{"@id":"https:\/\/www.boxrepsol.com\/es\/rally\/isidre-esteve-busca-competir-por-el-top-20-en-el-dakar-2022\/"},"author":{"name":"Redacci\u00f3n Box Repsol","@id":"https:\/\/www.boxrepsol.com\/es\/#\/schema\/person\/c5c2138f2cca251b0ad92b7086bb60b7"},"headline":"Isidre Esteve busca competir por el top 20 en el Dakar 2022","datePublished":"2021-12-13T02:00:00+00:00","dateModified":"2024-04-10T08:18:04+00:00","mainEntityOfPage":{"@id":"https:\/\/www.boxrepsol.com\/es\/rally\/isidre-esteve-busca-competir-por-el-top-20-en-el-dakar-2022\/"},"wordCount":1108,"commentCount":0,"publisher":{"@id":"https:\/\/www.boxrepsol.com\/es\/#organization"},"image":{"@id":"https:\/\/www.boxrepsol.com\/es\/rally\/isidre-esteve-busca-competir-por-el-top-20-en-el-dakar-2022\/#primaryimage"},"thumbnailUrl":"https:\/\/bxrepsol.s3.eu-west-1.amazonaws.com\/static\/2022\/08\/09141818\/Presentacion_Isidre_Esteve_Dakar22_5-1.jpeg","keywords":["2022","Dakar","Isidre Esteve","Repsol Rally Team"],"articleSection":["Rally"],"inLanguage":"es","potentialAction":[{"@type":"CommentAction","name":"Comment","target":["https:\/\/www.boxrepsol.com\/es\/rally\/isidre-esteve-busca-competir-por-el-top-20-en-el-dakar-2022\/#respond"]}]},{"@type":"WebPage","@id":"https:\/\/www.boxrepsol.com\/es\/rally\/isidre-esteve-busca-competir-por-el-top-20-en-el-dakar-2022\/","url":"https:\/\/www.boxrepsol.com\/es\/rally\/isidre-esteve-busca-competir-por-el-top-20-en-el-dakar-2022\/","name":"Isidre Esteve busca competir por el top 20 en el Dakar 2022 - Box Repsol","isPartOf":{"@id":"https:\/\/www.boxrepsol.com\/es\/#website"},"primaryImageOfPage":{"@id":"https:\/\/www.boxrepsol.com\/es\/rally\/isidre-esteve-busca-competir-por-el-top-20-en-el-dakar-2022\/#primaryimage"},"image":{"@id":"https:\/\/www.boxrepsol.com\/es\/rally\/isidre-esteve-busca-competir-por-el-top-20-en-el-dakar-2022\/#primaryimage"},"thumbnailUrl":"https:\/\/bxrepsol.s3.eu-west-1.amazonaws.com\/static\/2022\/08\/09141818\/Presentacion_Isidre_Esteve_Dakar22_5-1.jpeg","datePublished":"2021-12-13T02:00:00+00:00","dateModified":"2024-04-10T08:18:04+00:00","description":"Sigue la emocionante lucha de Isidre Esteve mientras busca competir por un puesto en el top 20 en el desafiante Dakar 2022.","breadcrumb":{"@id":"https:\/\/www.boxrepsol.com\/es\/rally\/isidre-esteve-busca-competir-por-el-top-20-en-el-dakar-2022\/#breadcrumb"},"inLanguage":"es","potentialAction":[{"@type":"ReadAction","target":["https:\/\/www.boxrepsol.com\/es\/rally\/isidre-esteve-busca-competir-por-el-top-20-en-el-dakar-2022\/"]}]},{"@type":"ImageObject","inLanguage":"es","@id":"https:\/\/www.boxrepsol.com\/es\/rally\/isidre-esteve-busca-competir-por-el-top-20-en-el-dakar-2022\/#primaryimage","url":"https:\/\/bxrepsol.s3.eu-west-1.amazonaws.com\/static\/2022\/08\/09141818\/Presentacion_Isidre_Esteve_Dakar22_5-1.jpeg","contentUrl":"https:\/\/bxrepsol.s3.eu-west-1.amazonaws.com\/static\/2022\/08\/09141818\/Presentacion_Isidre_Esteve_Dakar22_5-1.jpeg","width":1280,"height":600},{"@type":"BreadcrumbList","@id":"https:\/\/www.boxrepsol.com\/es\/rally\/isidre-esteve-busca-competir-por-el-top-20-en-el-dakar-2022\/#breadcrumb","itemListElement":[{"@type":"ListItem","position":1,"name":"Home","item":"https:\/\/www.boxrepsol.com\/es\/"},{"@type":"ListItem","position":2,"name":"Isidre Esteve busca competir por el top 20 en el Dakar 2022"}]},{"@type":"WebSite","@id":"https:\/\/www.boxrepsol.com\/es\/#website","url":"https:\/\/www.boxrepsol.com\/es\/","name":"Box Repsol","description":"Box Repsol Site","publisher":{"@id":"https:\/\/www.boxrepsol.com\/es\/#organization"},"potentialAction":[{"@type":"SearchAction","target":{"@type":"EntryPoint","urlTemplate":"https:\/\/www.boxrepsol.com\/es\/?s={search_term_string}"},"query-input":{"@type":"PropertyValueSpecification","valueRequired":true,"valueName":"search_term_string"}}],"inLanguage":"es"},{"@type":"Organization","@id":"https:\/\/www.boxrepsol.com\/es\/#organization","name":"Box Repsol","url":"https:\/\/www.boxrepsol.com\/es\/","logo":{"@type":"ImageObject","inLanguage":"es","@id":"https:\/\/www.boxrepsol.com\/es\/#\/schema\/logo\/image\/","url":"https:\/\/bxrepsol.s3.eu-west-1.amazonaws.com\/static\/2025\/07\/30083337\/favicon-96x96-1.png","contentUrl":"https:\/\/bxrepsol.s3.eu-west-1.amazonaws.com\/static\/2025\/07\/30083337\/favicon-96x96-1.png","width":96,"height":96,"caption":"Box Repsol"},"image":{"@id":"https:\/\/www.boxrepsol.com\/es\/#\/schema\/logo\/image\/"},"sameAs":["https:\/\/www.facebook.com\/BoxRepsol","https:\/\/x.com\/box_repsol","http:\/\/instagram.com\/box_repsol","https:\/\/www.youtube.com\/user\/RepsolCompeticion","https:\/\/www.flickr.com\/photos\/box_repsol\/"]},{"@type":"Person","@id":"https:\/\/www.boxrepsol.com\/es\/#\/schema\/person\/c5c2138f2cca251b0ad92b7086bb60b7","name":"Redacci\u00f3n Box Repsol","image":{"@type":"ImageObject","inLanguage":"es","@id":"https:\/\/secure.gravatar.com\/avatar\/adf7b77e38b4419baf32c7e9c21dde01f4e40df611f0978e3006fc4ba0aaab7e?s=96&d=mm&r=g","url":"https:\/\/secure.gravatar.com\/avatar\/adf7b77e38b4419baf32c7e9c21dde01f4e40df611f0978e3006fc4ba0aaab7e?s=96&d=mm&r=g","contentUrl":"https:\/\/secure.gravatar.com\/avatar\/adf7b77e38b4419baf32c7e9c21dde01f4e40df611f0978e3006fc4ba0aaab7e?s=96&d=mm&r=g","caption":"Redacci\u00f3n Box Repsol"},"description":"Box Repsol lo forma un equipo de periodistas, community managers, dise\u00f1adores y fot\u00f3grafos con m\u00e1s de 20 a\u00f1os de experiencia en el mundo del motorsport. Hemos vivido el primer mundial de un espa\u00f1ol en la categor\u00eda reina de motociclismo con \u00c1lex Crivill\u00e9, estuvimos en las victorias de Pedrosa y los t\u00edtulos de M\u00e1rquez, acompa\u00f1amos en \u00c1frica a Nani Roma y Marc Coma en sus conquistas del Dakar y hemos vibrado con los t\u00edtulos de Toni Bou en Trial. Adem\u00e1s, en nuestro equipo contamos con expertos en el mundo de las dos y cuatro ruedas tanto de la calle y las carreteras, como de los circuitos. Periodistas que han trabajado en revistas y publicaciones para hacerte llegar desde rutas y consejos de mantenimiento, a curiosidades y trucos de pilotaje.","sameAs":["https:\/\/www.facebook.com\/BoxRepsol\/","https:\/\/www.instagram.com\/box_repsol\/","https:\/\/x.com\/https:\/\/twitter.com\/box_repsol","https:\/\/www.youtube.com\/@Boxrepsol"],"url":"https:\/\/www.boxrepsol.com\/es\/author\/redaccion-box-repsol\/"}]}},"_links":{"self":[{"href":"https:\/\/www.boxrepsol.com\/es\/wp-json\/wp\/v2\/posts\/95196","targetHints":{"allow":["GET"]}}],"collection":[{"href":"https:\/\/www.boxrepsol.com\/es\/wp-json\/wp\/v2\/posts"}],"about":[{"href":"https:\/\/www.boxrepsol.com\/es\/wp-json\/wp\/v2\/types\/post"}],"author":[{"embeddable":true,"href":"https:\/\/www.boxrepsol.com\/es\/wp-json\/wp\/v2\/users\/43146"}],"replies":[{"embeddable":true,"href":"https:\/\/www.boxrepsol.com\/es\/wp-json\/wp\/v2\/comments?post=95196"}],"version-history":[{"count":1,"href":"https:\/\/www.boxrepsol.com\/es\/wp-json\/wp\/v2\/posts\/95196\/revisions"}],"predecessor-version":[{"id":109280,"href":"https:\/\/www.boxrepsol.com\/es\/wp-json\/wp\/v2\/posts\/95196\/revisions\/109280"}],"wp:featuredmedia":[{"embeddable":true,"href":"https:\/\/www.boxrepsol.com\/es\/wp-json\/wp\/v2\/media\/44780"}],"wp:attachment":[{"href":"https:\/\/www.boxrepsol.com\/es\/wp-json\/wp\/v2\/media?parent=95196"}],"wp:term":[{"taxonomy":"category","embeddable":true,"href":"https:\/\/www.boxrepsol.com\/es\/wp-json\/wp\/v2\/categories?post=95196"},{"taxonomy":"post_tag","embeddable":true,"href":"https:\/\/www.boxrepsol.com\/es\/wp-json\/wp\/v2\/tags?post=95196"}],"curies":[{"name":"wp","href":"https:\/\/api.w.org\/{rel}","templated":true}]}}